{"id":18329,"date":"2011-07-04T00:00:58","date_gmt":"2011-07-03T23:00:58","guid":{"rendered":"https:\/\/www.camperonline.it\/magazine\/?p=18329"},"modified":"2012-12-04T17:54:51","modified_gmt":"2012-12-04T16:54:51","slug":"fendt-in-anteprima-tutte-le-novita-2012","status":"publish","type":"post","link":"https:\/\/www.camperonline.it\/magazine\/2011\/07\/04\/fendt-in-anteprima-tutte-le-novita-2012\/","title":{"rendered":"Fendt: in anteprima, tutte le novit\u00e0 2012"},"content":{"rendered":"<p style=\"text-align: center;\"><strong><img loading=\"lazy\" class=\"size-full wp-image-18334 aligncenter\" title=\"Anteprime 2012 - Fendt\" src=\"https:\/\/www.camperonline.it\/magazine\/wp-content\/uploads\/2011\/06\/Fendt2012.jpg\" alt=\"\" width=\"570\" height=\"450\" srcset=\"https:\/\/www.camperonline.it\/magazine\/wp-content\/uploads\/2011\/06\/Fendt2012.jpg 570w, https:\/\/www.camperonline.it\/magazine\/wp-content\/uploads\/2011\/06\/Fendt2012-300x236.jpg 300w\" sizes=\"(max-width: 570px) 100vw, 570px\" \/><\/strong><\/p>\n<p>E\u2019 uno tra i pi\u00f9 prestigiosi marchi di caravan e uno dei maggiori produttori:<strong> Fendt<\/strong>, nome storico nel mondo dei veicoli ricreazionali, presenta le novit\u00e0 della prossima stagione commerciale introducendo significative novit\u00e0 su un prodotto decisamente maturo e gi\u00e0 abbondantemente premiato dalla clientela sia in termini di vendite, sia tramite appositi riconoscimenti attribuiti, in Germania, dalla stampa specializzata.<!--more--><\/p>\n<p>Il catalogo 2012 si compone di <strong>46 diversi modelli <\/strong>suddivisi nelle consuete gamme <strong>Bianco, Bianco Sportivo, Saphir, Tendenza, Plati, Topas, Diamant e nella recentissima Brillant<\/strong>, presentata lo scorso anno. Prima di analizzare, serie per serie, i nuovi modelli e le novit\u00e0 specifiche, vediamo quali sono le novit\u00e0 generali che interessano l\u2019intera produzione del marchio di Mertingen.<\/p>\n<p>Partendo dalla struttura portante, tutte le Fendt adottano uno speciale telaio AL-KO con lunghezza maggiorata di circa 20 cm per una migliore rigidit\u00e0 torsionale, ruotino con gommatura rinforzata e, sul timone, nuovo stabilizzatore AL-KO AKS 3004. Ogni caravan, in sosta, \u00e8 sostenuta da quattro piedi rinforzati azionabili tramite un apposito girabacchino allungato, mentre sotto al telaio trova inoltre posto la ruota di scorta, facilmente accessibile. La scocca utilizza pavimento, pareti e tetto sandwich, con rivestimento esterno in alluminio liscio traslucido per frontale, tetto e posteriore, alluminio leggermente bugnato per le pareti laterali, irrobustite da appositi inserti di rinforzo esterni che, oltre a coprire la giuntura tra i fogli che rivestono la parete, consentono la comoda applicazione degli oscuranti dedicati alle finestre. L\u2019isolamento, realizzato in polistirene ad alta densit\u00e0, comporta uno spessore totale, per pavimento, pareti e tetto, di 47, 31 e 39 mm, con valori ai vertici della categoria. La parte anteriore di ogni caravan ospita il tradizionale gavone porta bombole: autoportante, ha fondo in lamiera e carter laterali preformati in abs con ampio portello regolabile e apertura basculante servita da una nuova serratura studiata per facilitarne la manipolazione.<\/p>\n<p style=\"text-align: center;\"><img loading=\"lazy\" class=\"size-full wp-image-18527 aligncenter\" title=\"Il nuovo paraurti posteriore con fascia inferiore carbon-look\" src=\"https:\/\/www.camperonline.it\/magazine\/wp-content\/uploads\/2011\/06\/0102.jpg\" alt=\"\" width=\"500\" height=\"332\" srcset=\"https:\/\/www.camperonline.it\/magazine\/wp-content\/uploads\/2011\/06\/0102.jpg 500w, https:\/\/www.camperonline.it\/magazine\/wp-content\/uploads\/2011\/06\/0102-300x199.jpg 300w\" sizes=\"(max-width: 500px) 100vw, 500px\" \/><\/p>\n<p>La parete posteriore, invece, vede l\u2019introduzione di un nuovo paraurti, sempre con fanaleria integrata, ma dotato di una applicazione inferiore carbon-look che ne accentua la sportivit\u00e0, immagine particolarmente presente sulla serie ammiraglia Brillant in cui il comando del girabacchino dei piedi posteriori \u00e8 stato inserito in due \u201ctubi di scarico\u201d cromati per un effetto da vera fuoriserie.<\/p>\n<p style=\"text-align: center;\"><img loading=\"lazy\" class=\"size-full wp-image-18526 aligncenter\" title=\"I finti terminali di scarico che celano il comando dei piedi posteriori della Brillant\" src=\"https:\/\/www.camperonline.it\/magazine\/wp-content\/uploads\/2011\/06\/1353.jpg\" alt=\"\" width=\"500\" height=\"332\" srcset=\"https:\/\/www.camperonline.it\/magazine\/wp-content\/uploads\/2011\/06\/1353.jpg 500w, https:\/\/www.camperonline.it\/magazine\/wp-content\/uploads\/2011\/06\/1353-300x199.jpg 300w\" sizes=\"(max-width: 500px) 100vw, 500px\" \/><\/p>\n<p>Le caravan MY 2012 adottano, inoltre, due ulteriori luci di ingombro nei profili, nuovi cunei e passaruota esterni, mutuati direttamente dalla serie Brillant, nuova porta di ingresso con finestra apribile a compasso assicurata tramite tre punti di ancoraggio e caratterizzata, nella parte centrale, da una nuova e pi\u00f9 ergonomica maniglia.<\/p>\n<p>Passando agli<strong> interni<\/strong>, tutte le gamme presentano un\u2019altezza interna costante di 195 cm: sono stati rinnovati diversi dettagli, tra cui i lavandini e le rubinetterie delle toilette, mentre le versioni con bagno centrale vedono un totale rifacimento dello stesso ambiente, ora pi\u00f9 comodo e sfruttabile. Sempre in toilette \u00e8 introdotto il nuovo wc Thetford C500 che consente un maggiore spazio a disposizione dell\u2019occupante, mentre per quanto riguarda la porta toilette \u00e8 stata sostituita la serratura. Pienamente confermata \u00e8 la costruzione del mobilio con legni compensati nobilitati incollati, meccanica di alta qualit\u00e0 con cerniere in acciaio inox, ampie aerazioni anticondensa e, a seconda delle serie, diverse applicazioni in legno massello. Confermate, inoltre, le gambe telescopiche e collassabili per le dinette a U in modo da offrire il miglior compromesso tra stabilit\u00e0 del piano, facilit\u00e0 di deambulazione e ingombri, e il sistema di rientro assistito per cassetti e cestelli estraibili. Cambiano, invece, i listelli di giuntura del rivestimento interno del tetto, ora in decorazione \u201cSand\u201d, mentre le mensole ad angolo anteriori e posteriori sono dotate di prese a 220V. Le dinette a U, se posizionate in coda, vedono accrescere di qualche centimetro la profondit\u00e0 della seduta posteriore: stessa misura \u00e8 introdotta per i letti a castello, sempre posteriori, ora pi\u00f9 larghi. Confermata e ulteriormente potenziata l\u2019impiantistica, con pompa a immersione di capacit\u00e0 maggiorata, illuminazione anche tramite tubi a led e spot di lettura indipendenti, mentre per ci\u00f2 che concerne il riposo notturno, le gamme ammiraglie Diamant e Brillant adottano reti a doghe con parte finale regolabile in altezza e materasso opportunamente diviso per sfruttare al meglio questa peculiarit\u00e0.<\/p>\n<p>Gamma di ingresso al mondo Fendt, <strong>Saphir<\/strong> offre 14 varianti con lunghezze complessive comprese tra 669 e 764 cm (interne tra 475 e 570 cm), mobilio \u201cWinchester-Cherry\u201d con cucina \u201cdesign Cappuccino\u201d, tessuti \u201cCosta\u201d oppure \u201cLugo\u201d, nuova illuminazione a soffitto, nuove maniglie e componenti meccaniche color champagne, nuova toilette con lavandino e rubinetteria bianca e prolunga cavo antenna fornita di serie.\u00a0 La gamma vede l\u2019introduzione dei modelli 445 TFB, 495 SFB, 495 SKM, 560 SKM, la modifica delle piante 470TF e 560 TFK e la soppressione dei modelli 410QF, 410QK, 450QB, 470TFB, 495 TFB, 495 TFK, 495TFKM, 540TF e 560TFKM.<\/p>\n<p>La gamma 2012, quindi, parte dalla nuova <strong>445 TFB<\/strong>, caratterizzata da letto matrimoniale anteriore longitudinale affiancato dalla toilette, cucina e armadio centrali e dinette a U in coda. La confermata <strong>450 SFH<\/strong> offre sempre matrimoniale anteriore longitudinale con toilette laterale e lavabo esterno ma dinette laterale con blocco cucina posteriore, mentre la <strong>450 SQB<\/strong> opta per un matrimoniale anteriore trasversale, servizi centrali e dinette posteriore laterale affiancata da ingresso e armadio guardaroba. La <strong>470TF<\/strong> prevede dinette anteriore a U, cucina centrale e matrimoniale longitudinale in coda affiancato dalla toilette alla francese, mentre la <strong>490 TF<\/strong> adotta matrimoniale anteriore trasversale, servizi centrali e dinette a U in coda.<\/p>\n<p>La nuova <strong>495 SFB<\/strong> riprende, in dimensioni maggiori, la pianta della 445TFB, mentre la nuova <strong>495SKM<\/strong> \u00e8 dedicata alla famiglia numerosa: offre matrimoniale anteriore trasversale, dinette centrale opposta a cucina e armadio, toilette compatta e, in coda, letti a castello trasversali. Dedicate alla coppia sono, invece le <strong>495TG e 540TG<\/strong>, entrambe con letti gemelli anteriori, servizi centrali e dinette a U posteriore, mentre la <strong>540 TK<\/strong> \u00e8 pensata per offrire una versa stanza dedicata ai bambini: la parte anteriore, infatti, si caratterizza per la presenza di letti a castello longitudinali affiancati da una dinette singola. Centralmente sono posizionati i servizi, mentre in coda ecco la classica dinette a U.<\/p>\n<p>Sempre pensate per la famiglia sono le <strong>550TFK <\/strong>e <strong>550TFKM<\/strong>, entrambe con matrimoniale anteriore longitudinale affiancato dalla toilette, dinette centrale opposta al blocco cucina e, in coda, letti a castello trasversali. Completamente nuova \u00e8 la <strong>560SKM, <\/strong>contraddistinta da matrimoniale anteriore trasversale, dinette centrale a U e letti a castello longitudinali sulla fiancata sinistra, grande toilette ad angolo posteriore con doccia separata e capiente blocco cucina lineare su quella destra. Confermata, infine, la grande <strong>560TFK <\/strong>che declina, in dimensioni maggiori, la pianta della 495SKM.<\/p>\n<p style=\"text-align: center;\"><img loading=\"lazy\" class=\"size-full wp-image-18471 aligncenter\" title=\"Fendt Saphir 445 TFB\" src=\"https:\/\/www.camperonline.it\/magazine\/wp-content\/uploads\/2011\/06\/0301.jpg\" alt=\"\" width=\"500\" height=\"332\" srcset=\"https:\/\/www.camperonline.it\/magazine\/wp-content\/uploads\/2011\/06\/0301.jpg 500w, https:\/\/www.camperonline.it\/magazine\/wp-content\/uploads\/2011\/06\/0301-300x199.jpg 300w\" sizes=\"(max-width: 500px) 100vw, 500px\" \/><\/p>\n<p style=\"text-align: center;\"><img loading=\"lazy\" class=\"size-full wp-image-18472 aligncenter\" title=\"Fendt Saphir 445 TFB\" src=\"https:\/\/www.camperonline.it\/magazine\/wp-content\/uploads\/2011\/06\/0313.jpg\" alt=\"\" width=\"500\" height=\"332\" srcset=\"https:\/\/www.camperonline.it\/magazine\/wp-content\/uploads\/2011\/06\/0313.jpg 500w, https:\/\/www.camperonline.it\/magazine\/wp-content\/uploads\/2011\/06\/0313-300x199.jpg 300w\" sizes=\"(max-width: 500px) 100vw, 500px\" \/><\/p>\n<p style=\"text-align: center;\"><img loading=\"lazy\" class=\"size-full wp-image-18473 aligncenter\" title=\"Fendt Saphir 445 TFB\" src=\"https:\/\/www.camperonline.it\/magazine\/wp-content\/uploads\/2011\/06\/0332.jpg\" alt=\"\" width=\"500\" height=\"332\" srcset=\"https:\/\/www.camperonline.it\/magazine\/wp-content\/uploads\/2011\/06\/0332.jpg 500w, https:\/\/www.camperonline.it\/magazine\/wp-content\/uploads\/2011\/06\/0332-300x199.jpg 300w\" sizes=\"(max-width: 500px) 100vw, 500px\" \/><\/p>\n<p style=\"text-align: center;\"><img loading=\"lazy\" class=\"size-full wp-image-18474 aligncenter\" title=\"Fendt Saphir 445 TFB\" src=\"https:\/\/www.camperonline.it\/magazine\/wp-content\/uploads\/2011\/06\/0352.jpg\" alt=\"\" width=\"500\" height=\"753\" srcset=\"https:\/\/www.camperonline.it\/magazine\/wp-content\/uploads\/2011\/06\/0352.jpg 500w, https:\/\/www.camperonline.it\/magazine\/wp-content\/uploads\/2011\/06\/0352-199x300.jpg 199w\" sizes=\"(max-width: 500px) 100vw, 500px\" \/><\/p>\n<p style=\"text-align: center;\"><img loading=\"lazy\" class=\"size-full wp-image-18475 aligncenter\" title=\"Fendt Saphir 445 TFB\" src=\"https:\/\/www.camperonline.it\/magazine\/wp-content\/uploads\/2011\/06\/0373.jpg\" alt=\"\" width=\"500\" height=\"332\" srcset=\"https:\/\/www.camperonline.it\/magazine\/wp-content\/uploads\/2011\/06\/0373.jpg 500w, https:\/\/www.camperonline.it\/magazine\/wp-content\/uploads\/2011\/06\/0373-300x199.jpg 300w\" sizes=\"(max-width: 500px) 100vw, 500px\" \/><\/p>\n<p>Le gamme<strong> Bianco e Bianco Sportivo<\/strong> offrono, rispettivamente, sei e due modelli, contraddistinti da mobilio \u201cAriolo Pero\u201d con tessuti \u201cCosta\u201d oppure \u201cLugo\u201d, nuova illuminazione a soffitto e impianto audio Soundsystem opzionale. Le versioni \u201cSportivo\u201d, poi, adottano anche scaletta posteriore con portapacchi a tetto e cerchi in lega bianchi di serie. Per questa gamma, in particolare, il rivestimento interno \u00e8 previsto nello specifico tessuto \u201cAltea\u201d.<\/p>\n<p>La gamma <strong>Bianco<\/strong> parte dalla compatta<strong> 390FH <\/strong>(594cm esterni, 401 interni) contraddistinta da matrimoniale anteriore longitudinale affiancato dalla toilette, dinette laterale e cucina posteriore. Pi\u00f9 grande, la <strong>495TF<\/strong> opta per matrimoniale anteriore trasversale, servizi centrali e dinette posteriore a U, mentre la <strong>445TFB<\/strong> prevede matrimoniale anteriore longitudinale affiancato dalla toilette, cucina centrale e dinette a U in coda.\u00a0 Stessa pianta, ma dimensioni maggiori, per la <strong>465SFB<\/strong>, mentre la <strong>465TG <\/strong>sceglie di offrire letti gemelli anteriori, servizi centrali e dinette a U posteriore. Nuova \u00e8 la <strong>540SG,<\/strong> con dinette a U anteriore, cucina opposta alla toilette e, in coda, camera da letto con letti gemelli.<\/p>\n<p style=\"text-align: center;\"><img loading=\"lazy\" class=\"size-full wp-image-18477 aligncenter\" title=\"Fendt Bianco 540 SG\" src=\"https:\/\/www.camperonline.it\/magazine\/wp-content\/uploads\/2011\/06\/0112.jpg\" alt=\"\" width=\"500\" height=\"332\" srcset=\"https:\/\/www.camperonline.it\/magazine\/wp-content\/uploads\/2011\/06\/0112.jpg 500w, https:\/\/www.camperonline.it\/magazine\/wp-content\/uploads\/2011\/06\/0112-300x199.jpg 300w\" sizes=\"(max-width: 500px) 100vw, 500px\" \/><\/p>\n<p style=\"text-align: center;\"><img loading=\"lazy\" class=\"size-full wp-image-18478 aligncenter\" title=\"Fendt Bianco 540 SG\" src=\"https:\/\/www.camperonline.it\/magazine\/wp-content\/uploads\/2011\/06\/0143.jpg\" alt=\"\" width=\"500\" height=\"332\" srcset=\"https:\/\/www.camperonline.it\/magazine\/wp-content\/uploads\/2011\/06\/0143.jpg 500w, https:\/\/www.camperonline.it\/magazine\/wp-content\/uploads\/2011\/06\/0143-300x199.jpg 300w\" sizes=\"(max-width: 500px) 100vw, 500px\" \/><\/p>\n<p style=\"text-align: center;\"><img loading=\"lazy\" class=\"size-full wp-image-18479 aligncenter\" title=\"Fendt Bianco 540 SG\" src=\"https:\/\/www.camperonline.it\/magazine\/wp-content\/uploads\/2011\/06\/0152.jpg\" alt=\"\" width=\"500\" height=\"332\" srcset=\"https:\/\/www.camperonline.it\/magazine\/wp-content\/uploads\/2011\/06\/0152.jpg 500w, https:\/\/www.camperonline.it\/magazine\/wp-content\/uploads\/2011\/06\/0152-300x199.jpg 300w\" sizes=\"(max-width: 500px) 100vw, 500px\" \/><\/p>\n<p style=\"text-align: center;\"><img loading=\"lazy\" class=\"size-full wp-image-18480 aligncenter\" title=\"Fendt Bianco 540 SG\" src=\"https:\/\/www.camperonline.it\/magazine\/wp-content\/uploads\/2011\/06\/0162.jpg\" alt=\"\" width=\"500\" height=\"332\" srcset=\"https:\/\/www.camperonline.it\/magazine\/wp-content\/uploads\/2011\/06\/0162.jpg 500w, https:\/\/www.camperonline.it\/magazine\/wp-content\/uploads\/2011\/06\/0162-300x199.jpg 300w\" sizes=\"(max-width: 500px) 100vw, 500px\" \/><\/p>\n<p style=\"text-align: center;\"><img loading=\"lazy\" class=\"size-full wp-image-18481 aligncenter\" title=\"Fendt Bianco 540 SG\" src=\"https:\/\/www.camperonline.it\/magazine\/wp-content\/uploads\/2011\/06\/0193.jpg\" alt=\"\" width=\"500\" height=\"753\" srcset=\"https:\/\/www.camperonline.it\/magazine\/wp-content\/uploads\/2011\/06\/0193.jpg 500w, https:\/\/www.camperonline.it\/magazine\/wp-content\/uploads\/2011\/06\/0193-199x300.jpg 199w\" sizes=\"(max-width: 500px) 100vw, 500px\" \/><\/p>\n<p>La serie <strong>Bianco Sportivo<\/strong>, come detto, comprende le versioni <strong>390FH e la 450SQB<\/strong>: se la prima, come pianta interna, \u00e8 identica all\u2019analoga versione Bianco, la seconda offre matrimoniale anteriore trasversale, servizi centrali e, in coda, dinette laterale affiancata dall\u2019armadio guardaroba.<\/p>\n<p style=\"text-align: center;\"><img loading=\"lazy\" class=\"size-full wp-image-18482 aligncenter\" title=\"Fendt Bianco Sportivo 390 FH\" src=\"https:\/\/www.camperonline.it\/magazine\/wp-content\/uploads\/2011\/06\/0012.jpg\" alt=\"\" width=\"500\" height=\"332\" srcset=\"https:\/\/www.camperonline.it\/magazine\/wp-content\/uploads\/2011\/06\/0012.jpg 500w, https:\/\/www.camperonline.it\/magazine\/wp-content\/uploads\/2011\/06\/0012-300x199.jpg 300w\" sizes=\"(max-width: 500px) 100vw, 500px\" \/><\/p>\n<p style=\"text-align: center;\"><img loading=\"lazy\" class=\"size-full wp-image-18483 aligncenter\" title=\"Fendt Bianco Sportivo 390 FH\" src=\"https:\/\/www.camperonline.it\/magazine\/wp-content\/uploads\/2011\/06\/0022.jpg\" alt=\"\" width=\"500\" height=\"332\" srcset=\"https:\/\/www.camperonline.it\/magazine\/wp-content\/uploads\/2011\/06\/0022.jpg 500w, https:\/\/www.camperonline.it\/magazine\/wp-content\/uploads\/2011\/06\/0022-300x199.jpg 300w\" sizes=\"(max-width: 500px) 100vw, 500px\" \/><\/p>\n<p style=\"text-align: center;\"><img loading=\"lazy\" class=\"size-full wp-image-18484 aligncenter\" title=\"Fendt Bianco Sportivo 390 FH\" src=\"https:\/\/www.camperonline.it\/magazine\/wp-content\/uploads\/2011\/06\/0042.jpg\" alt=\"\" width=\"500\" height=\"332\" srcset=\"https:\/\/www.camperonline.it\/magazine\/wp-content\/uploads\/2011\/06\/0042.jpg 500w, https:\/\/www.camperonline.it\/magazine\/wp-content\/uploads\/2011\/06\/0042-300x199.jpg 300w\" sizes=\"(max-width: 500px) 100vw, 500px\" \/><\/p>\n<p style=\"text-align: center;\"><img loading=\"lazy\" class=\"size-full wp-image-18485 aligncenter\" title=\"Fendt Bianco Sportivo 390 FH\" src=\"https:\/\/www.camperonline.it\/magazine\/wp-content\/uploads\/2011\/06\/0062.jpg\" alt=\"\" width=\"500\" height=\"753\" srcset=\"https:\/\/www.camperonline.it\/magazine\/wp-content\/uploads\/2011\/06\/0062.jpg 500w, https:\/\/www.camperonline.it\/magazine\/wp-content\/uploads\/2011\/06\/0062-199x300.jpg 199w\" sizes=\"(max-width: 500px) 100vw, 500px\" \/><\/p>\n<p style=\"text-align: center;\"><img loading=\"lazy\" class=\"size-full wp-image-18486 aligncenter\" title=\"Fendt Bianco Sportivo 390 FH\" src=\"https:\/\/www.camperonline.it\/magazine\/wp-content\/uploads\/2011\/06\/0075.jpg\" alt=\"\" width=\"500\" height=\"332\" srcset=\"https:\/\/www.camperonline.it\/magazine\/wp-content\/uploads\/2011\/06\/0075.jpg 500w, https:\/\/www.camperonline.it\/magazine\/wp-content\/uploads\/2011\/06\/0075-300x199.jpg 300w\" sizes=\"(max-width: 500px) 100vw, 500px\" \/><\/p>\n<p>Volutamente differente nel gusto dell\u2019arredamento interno, proposto nella versione \u201cEbano\u201d con sellerie \u201cKleo\u201d o \u201cPalma\u201d, quest\u2019ultima con nuova lavorazione e cuscini maggiorati, la serie <strong>Tendenza <\/strong>offre un totale di quattro piante, di cui tre nuove: a fianco alla <strong>465SFB<\/strong>, contraddistinta da matrimoniale anteriore longitudinale affiancato dalla toilette e dinette a U in coda, infatti, si affiancano la nuova <strong>465TG<\/strong>, cin letti gemelli anteriori, servizi centrali e dinette a U posteriore, la <strong>495SF<\/strong>, che riprende, in dimensioni maggiori, la pianta della 465SFB, e la <strong>540SG<\/strong>, con dinette a U anteriore, servizi centrali e letti gemelli posteriori.<\/p>\n<p style=\"text-align: center;\"><img loading=\"lazy\" class=\"size-full wp-image-18488 aligncenter\" title=\"Fendt Tendenza 465 TG\" src=\"https:\/\/www.camperonline.it\/magazine\/wp-content\/uploads\/2011\/06\/0403.jpg\" alt=\"\" width=\"500\" height=\"332\" srcset=\"https:\/\/www.camperonline.it\/magazine\/wp-content\/uploads\/2011\/06\/0403.jpg 500w, https:\/\/www.camperonline.it\/magazine\/wp-content\/uploads\/2011\/06\/0403-300x199.jpg 300w\" sizes=\"(max-width: 500px) 100vw, 500px\" \/><\/p>\n<p style=\"text-align: center;\"><img loading=\"lazy\" class=\"size-full wp-image-18489 aligncenter\" title=\"Fendt Tendenza 465 TG\" src=\"https:\/\/www.camperonline.it\/magazine\/wp-content\/uploads\/2011\/06\/0481.jpg\" alt=\"\" width=\"500\" height=\"332\" srcset=\"https:\/\/www.camperonline.it\/magazine\/wp-content\/uploads\/2011\/06\/0481.jpg 500w, https:\/\/www.camperonline.it\/magazine\/wp-content\/uploads\/2011\/06\/0481-300x199.jpg 300w\" sizes=\"(max-width: 500px) 100vw, 500px\" \/><\/p>\n<p style=\"text-align: center;\"><img loading=\"lazy\" class=\"size-full wp-image-18490 aligncenter\" title=\"Fendt Tendenza 465 TG\" src=\"https:\/\/www.camperonline.it\/magazine\/wp-content\/uploads\/2011\/06\/0451.jpg\" alt=\"\" width=\"500\" height=\"332\" srcset=\"https:\/\/www.camperonline.it\/magazine\/wp-content\/uploads\/2011\/06\/0451.jpg 500w, https:\/\/www.camperonline.it\/magazine\/wp-content\/uploads\/2011\/06\/0451-300x199.jpg 300w\" sizes=\"(max-width: 500px) 100vw, 500px\" \/><\/p>\n<p style=\"text-align: center;\"><img loading=\"lazy\" class=\"size-full wp-image-18491 aligncenter\" title=\"Fendt Tendenza 465 TG\" src=\"https:\/\/www.camperonline.it\/magazine\/wp-content\/uploads\/2011\/06\/0513.jpg\" alt=\"\" width=\"500\" height=\"332\" srcset=\"https:\/\/www.camperonline.it\/magazine\/wp-content\/uploads\/2011\/06\/0513.jpg 500w, https:\/\/www.camperonline.it\/magazine\/wp-content\/uploads\/2011\/06\/0513-300x199.jpg 300w\" sizes=\"(max-width: 500px) 100vw, 500px\" \/><\/p>\n<p style=\"text-align: center;\"><img loading=\"lazy\" class=\"size-full wp-image-18492 aligncenter\" title=\"Fendt Tendenza 465 TG\" src=\"https:\/\/www.camperonline.it\/magazine\/wp-content\/uploads\/2011\/06\/0492.jpg\" alt=\"\" width=\"500\" height=\"753\" srcset=\"https:\/\/www.camperonline.it\/magazine\/wp-content\/uploads\/2011\/06\/0492.jpg 500w, https:\/\/www.camperonline.it\/magazine\/wp-content\/uploads\/2011\/06\/0492-199x300.jpg 199w\" sizes=\"(max-width: 500px) 100vw, 500px\" \/><\/p>\n<p>Salendo di gamma, <strong>Platin<\/strong> offre sei piante (di cui due nuove, la 495SF e la SCAND) che sostituiscono la 495TF e la 495TFB. Il mobilio, in decorazione \u201cPero Svizzero\u201d, \u00e8 abbinato alle stoffe \u201cKappa\u201d e \u201cPorto\u201d. All\u2019interno sono nuove le cornici delle antine dei mobili, la toilette e il sistema di illuminazione differenziato tra luci a soffitto con lampade a risparmio energetico, spot incassati sotto ai pensili e luci a led in cucina se servono anche l\u2019interno dei pensili. La gamma si compone dei modelli <strong>470TFB<\/strong>, con matrimoniale anteriore longitudinale affiancato dalla toilette, cucina centrale e dinette a U in coda, della nuova <strong>465SF<\/strong>, con dinette anteriore a U, cucina centrale e matrimoniale longitudinale posteriore, della <strong>495TG e 540 TG<\/strong>, entrambe con letti gemelli anteriori e dinette a U in coda, e della grande <strong>650TFD<\/strong> biasse contraddistinta da dinette anteriore a U, cucina centrale, matrimoniale longitudinale e maxi toilette a tutta larghezza in coda con doccia indipendente. La gamma, inoltre, vede l\u2019introduzione della <strong>Platin Scand<\/strong>, destinata al mercato scandinavo e contraddistinta da una pianta con dinette a U anteriore, cucina laterale e, in coda, matrimoniale longitudinale sul lato destro e toilette su quello sinistro.<\/p>\n<p style=\"text-align: center;\"><img loading=\"lazy\" class=\"size-full wp-image-18493 aligncenter\" title=\"Fendt Platin 495 SF\" src=\"https:\/\/www.camperonline.it\/magazine\/wp-content\/uploads\/2011\/06\/0613.jpg\" alt=\"\" width=\"500\" height=\"332\" srcset=\"https:\/\/www.camperonline.it\/magazine\/wp-content\/uploads\/2011\/06\/0613.jpg 500w, https:\/\/www.camperonline.it\/magazine\/wp-content\/uploads\/2011\/06\/0613-300x199.jpg 300w\" sizes=\"(max-width: 500px) 100vw, 500px\" \/><\/p>\n<p style=\"text-align: center;\"><img loading=\"lazy\" class=\"size-full wp-image-18494 aligncenter\" title=\"Fendt Platin 495 SF\" src=\"https:\/\/www.camperonline.it\/magazine\/wp-content\/uploads\/2011\/06\/063.jpg\" alt=\"\" width=\"500\" height=\"332\" srcset=\"https:\/\/www.camperonline.it\/magazine\/wp-content\/uploads\/2011\/06\/063.jpg 500w, https:\/\/www.camperonline.it\/magazine\/wp-content\/uploads\/2011\/06\/063-300x199.jpg 300w\" sizes=\"(max-width: 500px) 100vw, 500px\" \/><\/p>\n<p style=\"text-align: center;\"><img loading=\"lazy\" class=\"size-full wp-image-18495 aligncenter\" title=\"Fendt Platin 495 SF\" src=\"https:\/\/www.camperonline.it\/magazine\/wp-content\/uploads\/2011\/06\/065.jpg\" alt=\"\" width=\"500\" height=\"332\" srcset=\"https:\/\/www.camperonline.it\/magazine\/wp-content\/uploads\/2011\/06\/065.jpg 500w, https:\/\/www.camperonline.it\/magazine\/wp-content\/uploads\/2011\/06\/065-300x199.jpg 300w\" sizes=\"(max-width: 500px) 100vw, 500px\" \/><\/p>\n<p style=\"text-align: center;\"><img loading=\"lazy\" class=\"size-full wp-image-18496 aligncenter\" title=\"Fendt Platin 495 SF\" src=\"https:\/\/www.camperonline.it\/magazine\/wp-content\/uploads\/2011\/06\/0661.jpg\" alt=\"\" width=\"500\" height=\"332\" srcset=\"https:\/\/www.camperonline.it\/magazine\/wp-content\/uploads\/2011\/06\/0661.jpg 500w, https:\/\/www.camperonline.it\/magazine\/wp-content\/uploads\/2011\/06\/0661-300x199.jpg 300w\" sizes=\"(max-width: 500px) 100vw, 500px\" \/><\/p>\n<p style=\"text-align: center;\"><img loading=\"lazy\" class=\"size-full wp-image-18497 aligncenter\" title=\"Fendt Platin 495 SF\" src=\"https:\/\/www.camperonline.it\/magazine\/wp-content\/uploads\/2011\/06\/0672.jpg\" alt=\"\" width=\"500\" height=\"332\" srcset=\"https:\/\/www.camperonline.it\/magazine\/wp-content\/uploads\/2011\/06\/0672.jpg 500w, https:\/\/www.camperonline.it\/magazine\/wp-content\/uploads\/2011\/06\/0672-300x199.jpg 300w\" sizes=\"(max-width: 500px) 100vw, 500px\" \/><\/p>\n<p>Nome storico di casa Fendt, <strong>Topas<\/strong> offre cinque varianti (di cui ben 4 nuove) che sostituiscono le precedenti 495TFB, 520TFB, 550TG,560TG e 620WGD. Il mobilio \u00e8 realizzato in tonalit\u00e0 \u201cAriolo Pero\u201d abbinato alle stoffe \u201cBilbao\u201d o \u201cPorto\u201d: all\u2019interno cambiano l\u2019illuminazione, con elementi a soffitto e spot, i piani dei tavoli, con nuovi laminati, e le toilette, con inediti lavandini e rubinetti.<\/p>\n<p>Alla riconfermata <strong>495TG <\/strong>(dinette anteriore a U e letti gemelli in coda) sono affiancate la nuova <strong>495SFB<\/strong> (matrimoniale anteriore longitudinale affiancato dalla toilette, cucina centrale e dinette a U posteriore), <strong>520SFB<\/strong> (stessa pianta ma dimensioni maggiori della 495SFB), <strong>550SG e 560SG<\/strong>, entrambe con letti gemelli anteriori, servizi centrali, dinette a U posteriore.<\/p>\n<p style=\"text-align: center;\"><img loading=\"lazy\" class=\"size-full wp-image-18498 aligncenter\" title=\"Fendt Topas 560 SG\" src=\"https:\/\/www.camperonline.it\/magazine\/wp-content\/uploads\/2011\/06\/0821.jpg\" alt=\"\" width=\"500\" height=\"332\" srcset=\"https:\/\/www.camperonline.it\/magazine\/wp-content\/uploads\/2011\/06\/0821.jpg 500w, https:\/\/www.camperonline.it\/magazine\/wp-content\/uploads\/2011\/06\/0821-300x199.jpg 300w\" sizes=\"(max-width: 500px) 100vw, 500px\" \/><\/p>\n<p style=\"text-align: center;\"><img loading=\"lazy\" class=\"size-full wp-image-18499 aligncenter\" title=\"Fendt Topas 560 SG\" src=\"https:\/\/www.camperonline.it\/magazine\/wp-content\/uploads\/2011\/06\/0852.jpg\" alt=\"\" width=\"500\" height=\"332\" srcset=\"https:\/\/www.camperonline.it\/magazine\/wp-content\/uploads\/2011\/06\/0852.jpg 500w, https:\/\/www.camperonline.it\/magazine\/wp-content\/uploads\/2011\/06\/0852-300x199.jpg 300w\" sizes=\"(max-width: 500px) 100vw, 500px\" \/><\/p>\n<p style=\"text-align: center;\"><img loading=\"lazy\" class=\"size-full wp-image-18500 aligncenter\" title=\"Fendt Topas 560 SG\" src=\"https:\/\/www.camperonline.it\/magazine\/wp-content\/uploads\/2011\/06\/0874.jpg\" alt=\"\" width=\"500\" height=\"332\" srcset=\"https:\/\/www.camperonline.it\/magazine\/wp-content\/uploads\/2011\/06\/0874.jpg 500w, https:\/\/www.camperonline.it\/magazine\/wp-content\/uploads\/2011\/06\/0874-300x199.jpg 300w\" sizes=\"(max-width: 500px) 100vw, 500px\" \/><\/p>\n<p style=\"text-align: center;\"><img loading=\"lazy\" class=\"size-full wp-image-18501 aligncenter\" title=\"Fendt Topas 560 SG\" src=\"https:\/\/www.camperonline.it\/magazine\/wp-content\/uploads\/2011\/06\/0892.jpg\" alt=\"\" width=\"500\" height=\"332\" srcset=\"https:\/\/www.camperonline.it\/magazine\/wp-content\/uploads\/2011\/06\/0892.jpg 500w, https:\/\/www.camperonline.it\/magazine\/wp-content\/uploads\/2011\/06\/0892-300x199.jpg 300w\" sizes=\"(max-width: 500px) 100vw, 500px\" \/><\/p>\n<p style=\"text-align: center;\"><img loading=\"lazy\" class=\"size-full wp-image-18502 aligncenter\" title=\"Fendt Topas 560 SG\" src=\"https:\/\/www.camperonline.it\/magazine\/wp-content\/uploads\/2011\/06\/0921.jpg\" alt=\"\" width=\"500\" height=\"332\" srcset=\"https:\/\/www.camperonline.it\/magazine\/wp-content\/uploads\/2011\/06\/0921.jpg 500w, https:\/\/www.camperonline.it\/magazine\/wp-content\/uploads\/2011\/06\/0921-300x199.jpg 300w\" sizes=\"(max-width: 500px) 100vw, 500px\" \/><\/p>\n<p style=\"text-align: center;\"><img loading=\"lazy\" class=\"size-full wp-image-18504 aligncenter\" title=\"Fendt Topas 560 SG\" src=\"https:\/\/www.camperonline.it\/magazine\/wp-content\/uploads\/2011\/06\/0963.jpg\" alt=\"\" width=\"500\" height=\"332\" srcset=\"https:\/\/www.camperonline.it\/magazine\/wp-content\/uploads\/2011\/06\/0963.jpg 500w, https:\/\/www.camperonline.it\/magazine\/wp-content\/uploads\/2011\/06\/0963-300x199.jpg 300w\" sizes=\"(max-width: 500px) 100vw, 500px\" \/><\/p>\n<p>Meritatamente nelle posizioni di vertice della produzione Fendt, <strong>Diamant <\/strong>\u00e8 interamente rinnovata con l\u2019introduzione di quattro nuove piante che sostituiscono tutte le precedenti, mobilio in decorazione \u201cHavel-Pero\u201d con stoffe \u201cMaga\u201d o \u201cCalpe\u201d, pacchetto Chrome di serie, nuova illuminazione interna, nuovi piani dei tavoli (come Brillant), nuovo pannello di comando utenze, pavimento interno chiaro (come Brillant), cuscinerie e toilette rinnovate. La gamma 2012 conta sui modelli <strong>495SFB <\/strong>(matrimoniale anteriore longitudinale affiancato alla toilette, cucina centrale, dinette a U in coda), <strong>550SG<\/strong> e <strong>560SG<\/strong> (entrambe con letti gemelli anteriori, servizi centrali e living posteriore a U) e sulla grande <strong>650SGD,<\/strong> contraddistinta da dinette anteriore a circolo, cucina laterale, letti gemelli passanti e, in coda, maxi toilette a tutta larghezza con doccia domestica.<\/p>\n<p style=\"text-align: center;\"><img loading=\"lazy\" class=\"size-full wp-image-18505 aligncenter\" title=\"Fendt Diamant 495 SFB\" src=\"https:\/\/www.camperonline.it\/magazine\/wp-content\/uploads\/2011\/06\/0983.jpg\" alt=\"\" width=\"500\" height=\"332\" srcset=\"https:\/\/www.camperonline.it\/magazine\/wp-content\/uploads\/2011\/06\/0983.jpg 500w, https:\/\/www.camperonline.it\/magazine\/wp-content\/uploads\/2011\/06\/0983-300x199.jpg 300w\" sizes=\"(max-width: 500px) 100vw, 500px\" \/><\/p>\n<p style=\"text-align: center;\"><img loading=\"lazy\" class=\"size-full wp-image-18506 aligncenter\" title=\"Fendt Diamant 495 SFB\" src=\"https:\/\/www.camperonline.it\/magazine\/wp-content\/uploads\/2011\/06\/1022.jpg\" alt=\"\" width=\"500\" height=\"332\" srcset=\"https:\/\/www.camperonline.it\/magazine\/wp-content\/uploads\/2011\/06\/1022.jpg 500w, https:\/\/www.camperonline.it\/magazine\/wp-content\/uploads\/2011\/06\/1022-300x199.jpg 300w\" sizes=\"(max-width: 500px) 100vw, 500px\" \/><\/p>\n<p style=\"text-align: center;\"><img loading=\"lazy\" class=\"size-full wp-image-18507 aligncenter\" title=\"Fendt Diamant 495 SFB\" src=\"https:\/\/www.camperonline.it\/magazine\/wp-content\/uploads\/2011\/06\/1044.jpg\" alt=\"\" width=\"500\" height=\"332\" srcset=\"https:\/\/www.camperonline.it\/magazine\/wp-content\/uploads\/2011\/06\/1044.jpg 500w, https:\/\/www.camperonline.it\/magazine\/wp-content\/uploads\/2011\/06\/1044-300x199.jpg 300w\" sizes=\"(max-width: 500px) 100vw, 500px\" \/><\/p>\n<p style=\"text-align: center;\"><img loading=\"lazy\" class=\"size-full wp-image-18508 aligncenter\" title=\"Fendt Diamant 495 SFB\" src=\"https:\/\/www.camperonline.it\/magazine\/wp-content\/uploads\/2011\/06\/1061.jpg\" alt=\"\" width=\"500\" height=\"332\" srcset=\"https:\/\/www.camperonline.it\/magazine\/wp-content\/uploads\/2011\/06\/1061.jpg 500w, https:\/\/www.camperonline.it\/magazine\/wp-content\/uploads\/2011\/06\/1061-300x199.jpg 300w\" sizes=\"(max-width: 500px) 100vw, 500px\" \/><\/p>\n<p style=\"text-align: center;\"><img loading=\"lazy\" class=\"size-full wp-image-18509 aligncenter\" title=\"Fendt Diamant 495 SFB\" src=\"https:\/\/www.camperonline.it\/magazine\/wp-content\/uploads\/2011\/06\/1083.jpg\" alt=\"\" width=\"500\" height=\"753\" srcset=\"https:\/\/www.camperonline.it\/magazine\/wp-content\/uploads\/2011\/06\/1083.jpg 500w, https:\/\/www.camperonline.it\/magazine\/wp-content\/uploads\/2011\/06\/1083-199x300.jpg 199w\" sizes=\"(max-width: 500px) 100vw, 500px\" \/><\/p>\n<p style=\"text-align: center;\"><img loading=\"lazy\" class=\"size-full wp-image-18510 aligncenter\" title=\"Fendt Diamant 495 SFB\" src=\"https:\/\/www.camperonline.it\/magazine\/wp-content\/uploads\/2011\/06\/1123.jpg\" alt=\"\" width=\"500\" height=\"332\" srcset=\"https:\/\/www.camperonline.it\/magazine\/wp-content\/uploads\/2011\/06\/1123.jpg 500w, https:\/\/www.camperonline.it\/magazine\/wp-content\/uploads\/2011\/06\/1123-300x199.jpg 300w\" sizes=\"(max-width: 500px) 100vw, 500px\" \/><\/p>\n<p>Lanciata con successo lo scorso anno e ammiraglia della produzione Fendt, <strong>Brillant <\/strong>offre un design moderno e automotive affiancandovi dotazioni esclusive e ricercatezza delle ambientazioni. La scocca, che fa ampio uso di parti preformate in LFI per anteriore e posteriore, \u00e8 abbinata a interni \u201cVirginia-Tulip\u201d con tessuti \u201cReno\u201d e coperture profili \u201cMineral\u201d. \u00a0Tra le tante caratteristiche peculiari della serie, si registrano il gradino di ingresso retroilluminato, telaio con portata maggiorata a 200 kg (modelli 560SF e 560 SG), frigorifero Slim-Tower da 190 litri con freezer integrato e illuminazione interna, forno, barre porta tutto sul tetto, lampade a soffitto effetto \u201cCielo stellato\u201d in 3D, pannello di comando per luci, livelli serbatoi, riscaldamento pavimento, temperature, ora e data, possibilit\u00e0 di riscaldare il pianale e mobile per impianto multimediale con radio, tv lcd da 26 pollici e dvd.<\/p>\n<p>Cinque i modelli proposti: la nuova <strong>465SFB<\/strong>, con matrimoniale anteriore longitudinale affiancato dalla toilette, cucina centrale e dinette a U in coda, la <strong>560SF,<\/strong> con dinette a U anteriore, cucina centrale e matrimoniale longitudinale posteriore, <strong>560 SG<\/strong>, con letti gemelli anteriori, servizi centrali e dinette a U posteriore, <strong>650TF<\/strong>, con matrimoniale anteriore centrale nautico, servizi centrali e dinette a U posteriore e la grande <strong>700TFD<\/strong>, con matrimoniale anteriore longitudinale affiancato dalla toilette, servizi centrali con doccia indipendente e dinette a U in coda.<\/p>\n<p style=\"text-align: center;\"><img loading=\"lazy\" class=\"size-full wp-image-18511 aligncenter\" title=\"Fendt Brillant 465 SFB\" src=\"https:\/\/www.camperonline.it\/magazine\/wp-content\/uploads\/2011\/06\/1283.jpg\" alt=\"\" width=\"500\" height=\"332\" srcset=\"https:\/\/www.camperonline.it\/magazine\/wp-content\/uploads\/2011\/06\/1283.jpg 500w, https:\/\/www.camperonline.it\/magazine\/wp-content\/uploads\/2011\/06\/1283-300x199.jpg 300w\" sizes=\"(max-width: 500px) 100vw, 500px\" \/><\/p>\n<p style=\"text-align: center;\"><strong><img loading=\"lazy\" class=\"size-full wp-image-18512 aligncenter\" title=\"Fendt Brillant 465 SFB\" src=\"https:\/\/www.camperonline.it\/magazine\/wp-content\/uploads\/2011\/06\/1382.jpg\" alt=\"\" width=\"500\" height=\"332\" srcset=\"https:\/\/www.camperonline.it\/magazine\/wp-content\/uploads\/2011\/06\/1382.jpg 500w, https:\/\/www.camperonline.it\/magazine\/wp-content\/uploads\/2011\/06\/1382-300x199.jpg 300w\" sizes=\"(max-width: 500px) 100vw, 500px\" \/><\/strong><\/p>\n<p style=\"text-align: center;\"><strong><img loading=\"lazy\" class=\"size-full wp-image-18513 aligncenter\" title=\"Fendt Brillant 465 SFB\" src=\"https:\/\/www.camperonline.it\/magazine\/wp-content\/uploads\/2011\/06\/1401.jpg\" alt=\"\" width=\"500\" height=\"332\" srcset=\"https:\/\/www.camperonline.it\/magazine\/wp-content\/uploads\/2011\/06\/1401.jpg 500w, https:\/\/www.camperonline.it\/magazine\/wp-content\/uploads\/2011\/06\/1401-300x199.jpg 300w\" sizes=\"(max-width: 500px) 100vw, 500px\" \/><\/strong><\/p>\n<p style=\"text-align: center;\"><strong><img loading=\"lazy\" class=\"size-full wp-image-18514 aligncenter\" title=\"Fendt Brillant 465 SFB\" src=\"https:\/\/www.camperonline.it\/magazine\/wp-content\/uploads\/2011\/06\/1421.jpg\" alt=\"\" width=\"500\" height=\"753\" srcset=\"https:\/\/www.camperonline.it\/magazine\/wp-content\/uploads\/2011\/06\/1421.jpg 500w, https:\/\/www.camperonline.it\/magazine\/wp-content\/uploads\/2011\/06\/1421-199x300.jpg 199w\" sizes=\"(max-width: 500px) 100vw, 500px\" \/><\/strong><\/p>\n<p style=\"text-align: center;\"><strong><img loading=\"lazy\" class=\"size-full wp-image-18515 aligncenter\" title=\"Fendt Brillant 465 SFB\" src=\"https:\/\/www.camperonline.it\/magazine\/wp-content\/uploads\/2011\/06\/1451.jpg\" alt=\"\" width=\"500\" height=\"332\" srcset=\"https:\/\/www.camperonline.it\/magazine\/wp-content\/uploads\/2011\/06\/1451.jpg 500w, https:\/\/www.camperonline.it\/magazine\/wp-content\/uploads\/2011\/06\/1451-300x199.jpg 300w\" sizes=\"(max-width: 500px) 100vw, 500px\" \/><\/strong><\/p>\n<p style=\"text-align: center;\"><strong><img loading=\"lazy\" class=\"size-full wp-image-18516 aligncenter\" title=\"Fendt Brillant 465 SFB\" src=\"https:\/\/www.camperonline.it\/magazine\/wp-content\/uploads\/2011\/06\/1502.jpg\" alt=\"\" width=\"500\" height=\"753\" srcset=\"https:\/\/www.camperonline.it\/magazine\/wp-content\/uploads\/2011\/06\/1502.jpg 500w, https:\/\/www.camperonline.it\/magazine\/wp-content\/uploads\/2011\/06\/1502-199x300.jpg 199w\" sizes=\"(max-width: 500px) 100vw, 500px\" \/><\/strong><\/p>\n<p><strong>Fotogallery<\/strong><br \/>\n<!-- default-view.php -->\n<div\n\tclass=\"ngg-galleryoverview default-view  ngg-ajax-pagination-none\"\n\tid=\"ngg-gallery-6280f0f4d12ed3776be7826d70d900d5-1\">\n\n\t\t<!-- Thumbnails -->\n\t\t\t\t<div id=\"ngg-image-0\" class=\"ngg-gallery-thumbnail-box \" >\n\t\t\t\t        <div class=\"ngg-gallery-thumbnail\">\n            <a href=\"https:\/\/www.camperonline.it\/magazine\/wp-content\/gallery\/fendt-2012\/106.JPG\"\n               title=\"Fendt Diamant 495 SFB\"\n               data-src=\"https:\/\/www.camperonline.it\/magazine\/wp-content\/gallery\/fendt-2012\/106.JPG\"\n               data-thumbnail=\"https:\/\/www.camperonline.it\/magazine\/wp-content\/gallery\/fendt-2012\/thumbs\/thumbs_106.JPG\"\n               data-image-id=\"5607\"\n               data-title=\"106\"\n               data-description=\"Fendt Diamant 495 SFB\"\n               data-image-slug=\"106-8\"\n               class=\"ngg-fancybox\" rel=\"6280f0f4d12ed3776be7826d70d900d5\">\n                <img\n                    title=\"106\"\n                    alt=\"106\"\n                    src=\"https:\/\/www.camperonline.it\/magazine\/wp-content\/gallery\/fendt-2012\/thumbs\/thumbs_106.JPG\"\n                    width=\"100\"\n                    height=\"75\"\n                    style=\"max-width:100%;\"\n                \/>\n            <\/a>\n        <\/div>\n\t\t\t\t\t\t\t<\/div> \n\t\t\t\n\t\t\t\t<div id=\"ngg-image-1\" class=\"ngg-gallery-thumbnail-box \" >\n\t\t\t\t        <div class=\"ngg-gallery-thumbnail\">\n            <a href=\"https:\/\/www.camperonline.it\/magazine\/wp-content\/gallery\/fendt-2012\/124.JPG\"\n               title=\"Fendt Diamant 550 SG\"\n               data-src=\"https:\/\/www.camperonline.it\/magazine\/wp-content\/gallery\/fendt-2012\/124.JPG\"\n               data-thumbnail=\"https:\/\/www.camperonline.it\/magazine\/wp-content\/gallery\/fendt-2012\/thumbs\/thumbs_124.JPG\"\n               data-image-id=\"5625\"\n               data-title=\"124\"\n               data-description=\"Fendt Diamant 550 SG\"\n               data-image-slug=\"124-7\"\n               class=\"ngg-fancybox\" rel=\"6280f0f4d12ed3776be7826d70d900d5\">\n                <img\n                    title=\"124\"\n                    alt=\"124\"\n                    src=\"https:\/\/www.camperonline.it\/magazine\/wp-content\/gallery\/fendt-2012\/thumbs\/thumbs_124.JPG\"\n                    width=\"100\"\n                    height=\"75\"\n                    style=\"max-width:100%;\"\n                \/>\n            <\/a>\n        <\/div>\n\t\t\t\t\t\t\t<\/div> \n\t\t\t\n\t\t\t\t<div id=\"ngg-image-2\" class=\"ngg-gallery-thumbnail-box \" >\n\t\t\t\t        <div class=\"ngg-gallery-thumbnail\">\n            <a href=\"https:\/\/www.camperonline.it\/magazine\/wp-content\/gallery\/fendt-2012\/123.JPG\"\n               title=\"Fendt Diamant 550 SG\"\n               data-src=\"https:\/\/www.camperonline.it\/magazine\/wp-content\/gallery\/fendt-2012\/123.JPG\"\n               data-thumbnail=\"https:\/\/www.camperonline.it\/magazine\/wp-content\/gallery\/fendt-2012\/thumbs\/thumbs_123.JPG\"\n               data-image-id=\"5624\"\n               data-title=\"123\"\n               data-description=\"Fendt Diamant 550 SG\"\n               data-image-slug=\"123-7\"\n               class=\"ngg-fancybox\" rel=\"6280f0f4d12ed3776be7826d70d900d5\">\n                <img\n                    title=\"123\"\n                    alt=\"123\"\n                    src=\"https:\/\/www.camperonline.it\/magazine\/wp-content\/gallery\/fendt-2012\/thumbs\/thumbs_123.JPG\"\n                    width=\"100\"\n                    height=\"75\"\n                    style=\"max-width:100%;\"\n                \/>\n            <\/a>\n        <\/div>\n\t\t\t\t\t\t\t<\/div> \n\t\t\t\n\t\t\t\t<div id=\"ngg-image-3\" class=\"ngg-gallery-thumbnail-box \" >\n\t\t\t\t        <div class=\"ngg-gallery-thumbnail\">\n            <a href=\"https:\/\/www.camperonline.it\/magazine\/wp-content\/gallery\/fendt-2012\/122.JPG\"\n               title=\"Fendt Diamant 550 SG\"\n               data-src=\"https:\/\/www.camperonline.it\/magazine\/wp-content\/gallery\/fendt-2012\/122.JPG\"\n               data-thumbnail=\"https:\/\/www.camperonline.it\/magazine\/wp-content\/gallery\/fendt-2012\/thumbs\/thumbs_122.JPG\"\n               data-image-id=\"5623\"\n               data-title=\"122\"\n               data-description=\"Fendt Diamant 550 SG\"\n               data-image-slug=\"122-7\"\n               class=\"ngg-fancybox\" rel=\"6280f0f4d12ed3776be7826d70d900d5\">\n                <img\n                    title=\"122\"\n                    alt=\"122\"\n                    src=\"https:\/\/www.camperonline.it\/magazine\/wp-content\/gallery\/fendt-2012\/thumbs\/thumbs_122.JPG\"\n                    width=\"100\"\n                    height=\"75\"\n                    style=\"max-width:100%;\"\n                \/>\n            <\/a>\n        <\/div>\n\t\t\t\t\t\t\t<\/div> \n\t\t\t\n\t\t\t\t<div id=\"ngg-image-4\" class=\"ngg-gallery-thumbnail-box \" >\n\t\t\t\t        <div class=\"ngg-gallery-thumbnail\">\n            <a href=\"https:\/\/www.camperonline.it\/magazine\/wp-content\/gallery\/fendt-2012\/121.JPG\"\n               title=\"Fendt Diamant 550 SG\"\n               data-src=\"https:\/\/www.camperonline.it\/magazine\/wp-content\/gallery\/fendt-2012\/121.JPG\"\n               data-thumbnail=\"https:\/\/www.camperonline.it\/magazine\/wp-content\/gallery\/fendt-2012\/thumbs\/thumbs_121.JPG\"\n               data-image-id=\"5622\"\n               data-title=\"121\"\n               data-description=\"Fendt Diamant 550 SG\"\n               data-image-slug=\"121-7\"\n               class=\"ngg-fancybox\" rel=\"6280f0f4d12ed3776be7826d70d900d5\">\n                <img\n                    title=\"121\"\n                    alt=\"121\"\n                    src=\"https:\/\/www.camperonline.it\/magazine\/wp-content\/gallery\/fendt-2012\/thumbs\/thumbs_121.JPG\"\n                    width=\"100\"\n                    height=\"75\"\n                    style=\"max-width:100%;\"\n                \/>\n            <\/a>\n        <\/div>\n\t\t\t\t\t\t\t<\/div> \n\t\t\t\n\t\t\t\t<div id=\"ngg-image-5\" class=\"ngg-gallery-thumbnail-box \" >\n\t\t\t\t        <div class=\"ngg-gallery-thumbnail\">\n            <a href=\"https:\/\/www.camperonline.it\/magazine\/wp-content\/gallery\/fendt-2012\/120.JPG\"\n               title=\"Fendt Diamant 550 SG\"\n               data-src=\"https:\/\/www.camperonline.it\/magazine\/wp-content\/gallery\/fendt-2012\/120.JPG\"\n               data-thumbnail=\"https:\/\/www.camperonline.it\/magazine\/wp-content\/gallery\/fendt-2012\/thumbs\/thumbs_120.JPG\"\n               data-image-id=\"5621\"\n               data-title=\"120\"\n               data-description=\"Fendt Diamant 550 SG\"\n               data-image-slug=\"120-7\"\n               class=\"ngg-fancybox\" rel=\"6280f0f4d12ed3776be7826d70d900d5\">\n                <img\n                    title=\"120\"\n                    alt=\"120\"\n                    src=\"https:\/\/www.camperonline.it\/magazine\/wp-content\/gallery\/fendt-2012\/thumbs\/thumbs_120.JPG\"\n                    width=\"100\"\n                    height=\"75\"\n                    style=\"max-width:100%;\"\n                \/>\n            <\/a>\n        <\/div>\n\t\t\t\t\t\t\t<\/div> \n\t\t\t\n\t\t\t\t<div id=\"ngg-image-6\" class=\"ngg-gallery-thumbnail-box \" >\n\t\t\t\t        <div class=\"ngg-gallery-thumbnail\">\n            <a href=\"https:\/\/www.camperonline.it\/magazine\/wp-content\/gallery\/fendt-2012\/119.JPG\"\n               title=\"Fendt Diamant 550 SG\"\n               data-src=\"https:\/\/www.camperonline.it\/magazine\/wp-content\/gallery\/fendt-2012\/119.JPG\"\n               data-thumbnail=\"https:\/\/www.camperonline.it\/magazine\/wp-content\/gallery\/fendt-2012\/thumbs\/thumbs_119.JPG\"\n               data-image-id=\"5620\"\n               data-title=\"119\"\n               data-description=\"Fendt Diamant 550 SG\"\n               data-image-slug=\"119-7\"\n               class=\"ngg-fancybox\" rel=\"6280f0f4d12ed3776be7826d70d900d5\">\n                <img\n                    title=\"119\"\n                    alt=\"119\"\n                    src=\"https:\/\/www.camperonline.it\/magazine\/wp-content\/gallery\/fendt-2012\/thumbs\/thumbs_119.JPG\"\n                    width=\"100\"\n                    height=\"75\"\n                    style=\"max-width:100%;\"\n                \/>\n            <\/a>\n        <\/div>\n\t\t\t\t\t\t\t<\/div> \n\t\t\t\n\t\t\t\t<div id=\"ngg-image-7\" class=\"ngg-gallery-thumbnail-box \" >\n\t\t\t\t        <div class=\"ngg-gallery-thumbnail\">\n            <a href=\"https:\/\/www.camperonline.it\/magazine\/wp-content\/gallery\/fendt-2012\/118.JPG\"\n               title=\"Fendt Diamant 550 SG\"\n               data-src=\"https:\/\/www.camperonline.it\/magazine\/wp-content\/gallery\/fendt-2012\/118.JPG\"\n               data-thumbnail=\"https:\/\/www.camperonline.it\/magazine\/wp-content\/gallery\/fendt-2012\/thumbs\/thumbs_118.JPG\"\n               data-image-id=\"5619\"\n               data-title=\"118\"\n               data-description=\"Fendt Diamant 550 SG\"\n               data-image-slug=\"118-7\"\n               class=\"ngg-fancybox\" rel=\"6280f0f4d12ed3776be7826d70d900d5\">\n                <img\n                    title=\"118\"\n                    alt=\"118\"\n                    src=\"https:\/\/www.camperonline.it\/magazine\/wp-content\/gallery\/fendt-2012\/thumbs\/thumbs_118.JPG\"\n                    width=\"100\"\n                    height=\"75\"\n                    style=\"max-width:100%;\"\n                \/>\n            <\/a>\n        <\/div>\n\t\t\t\t\t\t\t<\/div> \n\t\t\t\n\t\t\t\t<div id=\"ngg-image-8\" class=\"ngg-gallery-thumbnail-box \" >\n\t\t\t\t        <div class=\"ngg-gallery-thumbnail\">\n            <a href=\"https:\/\/www.camperonline.it\/magazine\/wp-content\/gallery\/fendt-2012\/117.JPG\"\n               title=\"Fendt Diamant 550 SG\"\n               data-src=\"https:\/\/www.camperonline.it\/magazine\/wp-content\/gallery\/fendt-2012\/117.JPG\"\n               data-thumbnail=\"https:\/\/www.camperonline.it\/magazine\/wp-content\/gallery\/fendt-2012\/thumbs\/thumbs_117.JPG\"\n               data-image-id=\"5618\"\n               data-title=\"117\"\n               data-description=\"Fendt Diamant 550 SG\"\n               data-image-slug=\"117-7\"\n               class=\"ngg-fancybox\" rel=\"6280f0f4d12ed3776be7826d70d900d5\">\n                <img\n                    title=\"117\"\n                    alt=\"117\"\n                    src=\"https:\/\/www.camperonline.it\/magazine\/wp-content\/gallery\/fendt-2012\/thumbs\/thumbs_117.JPG\"\n                    width=\"100\"\n                    height=\"75\"\n                    style=\"max-width:100%;\"\n                \/>\n            <\/a>\n        <\/div>\n\t\t\t\t\t\t\t<\/div> \n\t\t\t\n\t\t\t\t<div id=\"ngg-image-9\" class=\"ngg-gallery-thumbnail-box \" >\n\t\t\t\t        <div class=\"ngg-gallery-thumbnail\">\n            <a href=\"https:\/\/www.camperonline.it\/magazine\/wp-content\/gallery\/fendt-2012\/116.JPG\"\n               title=\"Fendt Diamant 550 SG\"\n               data-src=\"https:\/\/www.camperonline.it\/magazine\/wp-content\/gallery\/fendt-2012\/116.JPG\"\n               data-thumbnail=\"https:\/\/www.camperonline.it\/magazine\/wp-content\/gallery\/fendt-2012\/thumbs\/thumbs_116.JPG\"\n               data-image-id=\"5617\"\n               data-title=\"116\"\n               data-description=\"Fendt Diamant 550 SG\"\n               data-image-slug=\"116-7\"\n               class=\"ngg-fancybox\" rel=\"6280f0f4d12ed3776be7826d70d900d5\">\n                <img\n                    title=\"116\"\n                    alt=\"116\"\n                    src=\"https:\/\/www.camperonline.it\/magazine\/wp-content\/gallery\/fendt-2012\/thumbs\/thumbs_116.JPG\"\n                    width=\"100\"\n                    height=\"75\"\n                    style=\"max-width:100%;\"\n                \/>\n            <\/a>\n        <\/div>\n\t\t\t\t\t\t\t<\/div> \n\t\t\t\n\t\t\t\t<div id=\"ngg-image-10\" class=\"ngg-gallery-thumbnail-box \" >\n\t\t\t\t        <div class=\"ngg-gallery-thumbnail\">\n            <a href=\"https:\/\/www.camperonline.it\/magazine\/wp-content\/gallery\/fendt-2012\/115.JPG\"\n               title=\"Fendt Diamant 550 SG\"\n               data-src=\"https:\/\/www.camperonline.it\/magazine\/wp-content\/gallery\/fendt-2012\/115.JPG\"\n               data-thumbnail=\"https:\/\/www.camperonline.it\/magazine\/wp-content\/gallery\/fendt-2012\/thumbs\/thumbs_115.JPG\"\n               data-image-id=\"5616\"\n               data-title=\"115\"\n               data-description=\"Fendt Diamant 550 SG\"\n               data-image-slug=\"115-7\"\n               class=\"ngg-fancybox\" rel=\"6280f0f4d12ed3776be7826d70d900d5\">\n                <img\n                    title=\"115\"\n                    alt=\"115\"\n                    src=\"https:\/\/www.camperonline.it\/magazine\/wp-content\/gallery\/fendt-2012\/thumbs\/thumbs_115.JPG\"\n                    width=\"100\"\n                    height=\"75\"\n                    style=\"max-width:100%;\"\n                \/>\n            <\/a>\n        <\/div>\n\t\t\t\t\t\t\t<\/div> \n\t\t\t\n\t\t\t\t<div id=\"ngg-image-11\" class=\"ngg-gallery-thumbnail-box \" >\n\t\t\t\t        <div class=\"ngg-gallery-thumbnail\">\n            <a href=\"https:\/\/www.camperonline.it\/magazine\/wp-content\/gallery\/fendt-2012\/114.JPG\"\n               title=\"Fendt Diamant 550 SG\"\n               data-src=\"https:\/\/www.camperonline.it\/magazine\/wp-content\/gallery\/fendt-2012\/114.JPG\"\n               data-thumbnail=\"https:\/\/www.camperonline.it\/magazine\/wp-content\/gallery\/fendt-2012\/thumbs\/thumbs_114.JPG\"\n               data-image-id=\"5615\"\n               data-title=\"114\"\n               data-description=\"Fendt Diamant 550 SG\"\n               data-image-slug=\"114-7\"\n               class=\"ngg-fancybox\" rel=\"6280f0f4d12ed3776be7826d70d900d5\">\n                <img\n                    title=\"114\"\n                    alt=\"114\"\n                    src=\"https:\/\/www.camperonline.it\/magazine\/wp-content\/gallery\/fendt-2012\/thumbs\/thumbs_114.JPG\"\n                    width=\"100\"\n                    height=\"75\"\n                    style=\"max-width:100%;\"\n                \/>\n            <\/a>\n        <\/div>\n\t\t\t\t\t\t\t<\/div> \n\t\t\t\n\t\t\t\t<div id=\"ngg-image-12\" class=\"ngg-gallery-thumbnail-box \" >\n\t\t\t\t        <div class=\"ngg-gallery-thumbnail\">\n            <a href=\"https:\/\/www.camperonline.it\/magazine\/wp-content\/gallery\/fendt-2012\/113.JPG\"\n               title=\"Fendt Diamant 495 SFB\"\n               data-src=\"https:\/\/www.camperonline.it\/magazine\/wp-content\/gallery\/fendt-2012\/113.JPG\"\n               data-thumbnail=\"https:\/\/www.camperonline.it\/magazine\/wp-content\/gallery\/fendt-2012\/thumbs\/thumbs_113.JPG\"\n               data-image-id=\"5614\"\n               data-title=\"113\"\n               data-description=\"Fendt Diamant 495 SFB\"\n               data-image-slug=\"113-7\"\n               class=\"ngg-fancybox\" rel=\"6280f0f4d12ed3776be7826d70d900d5\">\n                <img\n                    title=\"113\"\n                    alt=\"113\"\n                    src=\"https:\/\/www.camperonline.it\/magazine\/wp-content\/gallery\/fendt-2012\/thumbs\/thumbs_113.JPG\"\n                    width=\"100\"\n                    height=\"75\"\n                    style=\"max-width:100%;\"\n                \/>\n            <\/a>\n        <\/div>\n\t\t\t\t\t\t\t<\/div> \n\t\t\t\n\t\t\t\t<div id=\"ngg-image-13\" class=\"ngg-gallery-thumbnail-box \" >\n\t\t\t\t        <div class=\"ngg-gallery-thumbnail\">\n            <a href=\"https:\/\/www.camperonline.it\/magazine\/wp-content\/gallery\/fendt-2012\/112.JPG\"\n               title=\"Fendt Diamant 495 SFB\"\n               data-src=\"https:\/\/www.camperonline.it\/magazine\/wp-content\/gallery\/fendt-2012\/112.JPG\"\n               data-thumbnail=\"https:\/\/www.camperonline.it\/magazine\/wp-content\/gallery\/fendt-2012\/thumbs\/thumbs_112.JPG\"\n               data-image-id=\"5613\"\n               data-title=\"112\"\n               data-description=\"Fendt Diamant 495 SFB\"\n               data-image-slug=\"112-7\"\n               class=\"ngg-fancybox\" rel=\"6280f0f4d12ed3776be7826d70d900d5\">\n                <img\n                    title=\"112\"\n                    alt=\"112\"\n                    src=\"https:\/\/www.camperonline.it\/magazine\/wp-content\/gallery\/fendt-2012\/thumbs\/thumbs_112.JPG\"\n                    width=\"100\"\n                    height=\"75\"\n                    style=\"max-width:100%;\"\n                \/>\n            <\/a>\n        <\/div>\n\t\t\t\t\t\t\t<\/div> \n\t\t\t\n\t\t\t\t<div id=\"ngg-image-14\" class=\"ngg-gallery-thumbnail-box \" >\n\t\t\t\t        <div class=\"ngg-gallery-thumbnail\">\n            <a href=\"https:\/\/www.camperonline.it\/magazine\/wp-content\/gallery\/fendt-2012\/111.JPG\"\n               title=\"Fendt Diamant 495 SFB\"\n               data-src=\"https:\/\/www.camperonline.it\/magazine\/wp-content\/gallery\/fendt-2012\/111.JPG\"\n               data-thumbnail=\"https:\/\/www.camperonline.it\/magazine\/wp-content\/gallery\/fendt-2012\/thumbs\/thumbs_111.JPG\"\n               data-image-id=\"5612\"\n               data-title=\"111\"\n               data-description=\"Fendt Diamant 495 SFB\"\n               data-image-slug=\"111-7\"\n               class=\"ngg-fancybox\" rel=\"6280f0f4d12ed3776be7826d70d900d5\">\n                <img\n                    title=\"111\"\n                    alt=\"111\"\n                    src=\"https:\/\/www.camperonline.it\/magazine\/wp-content\/gallery\/fendt-2012\/thumbs\/thumbs_111.JPG\"\n                    width=\"100\"\n                    height=\"75\"\n                    style=\"max-width:100%;\"\n                \/>\n            <\/a>\n        <\/div>\n\t\t\t\t\t\t\t<\/div> \n\t\t\t\n\t\t\t\t<div id=\"ngg-image-15\" class=\"ngg-gallery-thumbnail-box \" >\n\t\t\t\t        <div class=\"ngg-gallery-thumbnail\">\n            <a href=\"https:\/\/www.camperonline.it\/magazine\/wp-content\/gallery\/fendt-2012\/110.JPG\"\n               title=\"Fendt Diamant 495 SFB\"\n               data-src=\"https:\/\/www.camperonline.it\/magazine\/wp-content\/gallery\/fendt-2012\/110.JPG\"\n               data-thumbnail=\"https:\/\/www.camperonline.it\/magazine\/wp-content\/gallery\/fendt-2012\/thumbs\/thumbs_110.JPG\"\n               data-image-id=\"5611\"\n               data-title=\"110\"\n               data-description=\"Fendt Diamant 495 SFB\"\n               data-image-slug=\"110-8\"\n               class=\"ngg-fancybox\" rel=\"6280f0f4d12ed3776be7826d70d900d5\">\n                <img\n                    title=\"110\"\n                    alt=\"110\"\n                    src=\"https:\/\/www.camperonline.it\/magazine\/wp-content\/gallery\/fendt-2012\/thumbs\/thumbs_110.JPG\"\n                    width=\"100\"\n                    height=\"75\"\n                    style=\"max-width:100%;\"\n                \/>\n            <\/a>\n        <\/div>\n\t\t\t\t\t\t\t<\/div> \n\t\t\t\n\t\t\t\t<div id=\"ngg-image-16\" class=\"ngg-gallery-thumbnail-box \" >\n\t\t\t\t        <div class=\"ngg-gallery-thumbnail\">\n            <a href=\"https:\/\/www.camperonline.it\/magazine\/wp-content\/gallery\/fendt-2012\/109.JPG\"\n               title=\"Fendt Diamant 495 SFB\"\n               data-src=\"https:\/\/www.camperonline.it\/magazine\/wp-content\/gallery\/fendt-2012\/109.JPG\"\n               data-thumbnail=\"https:\/\/www.camperonline.it\/magazine\/wp-content\/gallery\/fendt-2012\/thumbs\/thumbs_109.JPG\"\n               data-image-id=\"5610\"\n               data-title=\"109\"\n               data-description=\"Fendt Diamant 495 SFB\"\n               data-image-slug=\"109-8\"\n               class=\"ngg-fancybox\" rel=\"6280f0f4d12ed3776be7826d70d900d5\">\n                <img\n                    title=\"109\"\n                    alt=\"109\"\n                    src=\"https:\/\/www.camperonline.it\/magazine\/wp-content\/gallery\/fendt-2012\/thumbs\/thumbs_109.JPG\"\n                    width=\"100\"\n                    height=\"75\"\n                    style=\"max-width:100%;\"\n                \/>\n            <\/a>\n        <\/div>\n\t\t\t\t\t\t\t<\/div> \n\t\t\t\n\t\t\t\t<div id=\"ngg-image-17\" class=\"ngg-gallery-thumbnail-box \" >\n\t\t\t\t        <div class=\"ngg-gallery-thumbnail\">\n            <a href=\"https:\/\/www.camperonline.it\/magazine\/wp-content\/gallery\/fendt-2012\/108.JPG\"\n               title=\"Fendt Diamant 495 SFB\"\n               data-src=\"https:\/\/www.camperonline.it\/magazine\/wp-content\/gallery\/fendt-2012\/108.JPG\"\n               data-thumbnail=\"https:\/\/www.camperonline.it\/magazine\/wp-content\/gallery\/fendt-2012\/thumbs\/thumbs_108.JPG\"\n               data-image-id=\"5609\"\n               data-title=\"108\"\n               data-description=\"Fendt Diamant 495 SFB\"\n               data-image-slug=\"108-8\"\n               class=\"ngg-fancybox\" rel=\"6280f0f4d12ed3776be7826d70d900d5\">\n                <img\n                    title=\"108\"\n                    alt=\"108\"\n                    src=\"https:\/\/www.camperonline.it\/magazine\/wp-content\/gallery\/fendt-2012\/thumbs\/thumbs_108.JPG\"\n                    width=\"100\"\n                    height=\"75\"\n                    style=\"max-width:100%;\"\n                \/>\n            <\/a>\n        <\/div>\n\t\t\t\t\t\t\t<\/div> \n\t\t\t\n\t\t\t\t<div id=\"ngg-image-18\" class=\"ngg-gallery-thumbnail-box \" >\n\t\t\t\t        <div class=\"ngg-gallery-thumbnail\">\n            <a href=\"https:\/\/www.camperonline.it\/magazine\/wp-content\/gallery\/fendt-2012\/107.JPG\"\n               title=\"Fendt Diamant 495 SFB\"\n               data-src=\"https:\/\/www.camperonline.it\/magazine\/wp-content\/gallery\/fendt-2012\/107.JPG\"\n               data-thumbnail=\"https:\/\/www.camperonline.it\/magazine\/wp-content\/gallery\/fendt-2012\/thumbs\/thumbs_107.JPG\"\n               data-image-id=\"5608\"\n               data-title=\"107\"\n               data-description=\"Fendt Diamant 495 SFB\"\n               data-image-slug=\"107-8\"\n               class=\"ngg-fancybox\" rel=\"6280f0f4d12ed3776be7826d70d900d5\">\n                <img\n                    title=\"107\"\n                    alt=\"107\"\n                    src=\"https:\/\/www.camperonline.it\/magazine\/wp-content\/gallery\/fendt-2012\/thumbs\/thumbs_107.JPG\"\n                    width=\"100\"\n                    height=\"75\"\n                    style=\"max-width:100%;\"\n                \/>\n            <\/a>\n        <\/div>\n\t\t\t\t\t\t\t<\/div> \n\t\t\t\n\t\t\t\t<div id=\"ngg-image-19\" class=\"ngg-gallery-thumbnail-box \" >\n\t\t\t\t        <div class=\"ngg-gallery-thumbnail\">\n            <a href=\"https:\/\/www.camperonline.it\/magazine\/wp-content\/gallery\/fendt-2012\/095.JPG\"\n               title=\"Fendt Topas 560 SG\"\n               data-src=\"https:\/\/www.camperonline.it\/magazine\/wp-content\/gallery\/fendt-2012\/095.JPG\"\n               data-thumbnail=\"https:\/\/www.camperonline.it\/magazine\/wp-content\/gallery\/fendt-2012\/thumbs\/thumbs_095.JPG\"\n               data-image-id=\"5596\"\n               data-title=\"095\"\n               data-description=\"Fendt Topas 560 SG\"\n               data-image-slug=\"095-15\"\n               class=\"ngg-fancybox\" rel=\"6280f0f4d12ed3776be7826d70d900d5\">\n                <img\n                    title=\"095\"\n                    alt=\"095\"\n                    src=\"https:\/\/www.camperonline.it\/magazine\/wp-content\/gallery\/fendt-2012\/thumbs\/thumbs_095.JPG\"\n                    width=\"100\"\n                    height=\"75\"\n                    style=\"max-width:100%;\"\n                \/>\n            <\/a>\n        <\/div>\n\t\t\t\t\t\t\t<\/div> \n\t\t\t\n\t\n\t<br style=\"clear: both\" \/>\n\n\t\t<div class=\"slideshowlink\">\n        <a href='https:\/\/www.camperonline.it\/magazine\/2011\/07\/04\/fendt-in-anteprima-tutte-le-novita-2012\/nggallery\/slideshow'>[Mostra slideshow]<\/a>\n\t\t\n\t<\/div>\n\t\n\t\t<!-- Pagination -->\n\t<div class='ngg-navigation'><span class='current'>1<\/span>\n<a class='page-numbers' data-pageid='2' href='https:\/\/www.camperonline.it\/magazine\/2011\/07\/04\/fendt-in-anteprima-tutte-le-novita-2012\/nggallery\/page\/2'>2<\/a>\n<span class='ellipsis'>...<\/span>\n<a class='page-numbers' data-pageid='8' href='https:\/\/www.camperonline.it\/magazine\/2011\/07\/04\/fendt-in-anteprima-tutte-le-novita-2012\/nggallery\/page\/8'>8<\/a>\n<a class='prev' href='https:\/\/www.camperonline.it\/magazine\/2011\/07\/04\/fendt-in-anteprima-tutte-le-novita-2012\/nggallery\/page\/2' data-pageid=2>&#9658;<\/a><\/div>\t<\/div>\n<\/p>\n","protected":false},"excerpt":{"rendered":"<p>E\u2019 uno tra i pi\u00f9 prestigiosi marchi di caravan e uno dei maggiori produttori: Fendt, nome storico nel mondo dei veicoli ricreazionali, presenta le novit\u00e0 della prossima stagione commerciale introducendo significative novit\u00e0 su un prodotto decisamente maturo e gi\u00e0 abbondantemente premiato dalla clientela sia in termini di vendite, sia tramite appositi riconoscimenti attribuiti, in Germania, dalla stampa specializzata.<\/p>\n","protected":false},"author":3,"featured_media":18333,"comment_status":"closed","ping_status":"open","sticky":false,"template":"","format":"standard","meta":{"ngg_post_thumbnail":0},"categories":[217,1804,397],"tags":[1233,1234,398,1230,1228,1170,1231,1236,1229,1235,1232],"yoast_head":"<!-- This site is optimized with the Yoast SEO plugin v18.6 - https:\/\/yoast.com\/wordpress\/plugins\/seo\/ -->\n<title>Fendt: in anteprima, tutte le novit\u00e0 2012 - CamperOnLine Magazine<\/title>\n<meta name=\"description\" content=\"E\u2019 uno tra i pi\u00f9 prestigiosi marchi di caravan e uno dei maggiori produttori: Fendt, nome storico nel mondo dei veicoli ricreazionali, presenta le novit\u00e0\" \/>\n<meta name=\"robots\" content=\"index, follow, max-snippet:-1, max-image-preview:large, max-video-preview:-1\" \/>\n<link rel=\"canonical\" href=\"https:\/\/www.camperonline.it\/magazine\/2011\/07\/04\/fendt-in-anteprima-tutte-le-novita-2012\/\" \/>\n<meta property=\"og:locale\" content=\"it_IT\" \/>\n<meta property=\"og:type\" content=\"article\" \/>\n<meta property=\"og:title\" content=\"Fendt: in anteprima, tutte le novit\u00e0 2012 - CamperOnLine Magazine\" \/>\n<meta property=\"og:description\" content=\"E\u2019 uno tra i pi\u00f9 prestigiosi marchi di caravan e uno dei maggiori produttori: Fendt, nome storico nel mondo dei veicoli ricreazionali, presenta le novit\u00e0\" \/>\n<meta property=\"og:url\" content=\"https:\/\/www.camperonline.it\/magazine\/2011\/07\/04\/fendt-in-anteprima-tutte-le-novita-2012\/\" \/>\n<meta property=\"og:site_name\" content=\"CamperOnLine Magazine\" \/>\n<meta property=\"article:published_time\" content=\"2011-07-03T23:00:58+00:00\" \/>\n<meta property=\"article:modified_time\" content=\"2012-12-04T16:54:51+00:00\" \/>\n<meta property=\"og:image\" content=\"https:\/\/www.camperonline.it\/magazine\/wp-content\/uploads\/2011\/06\/Fendt2.jpg\" \/>\n\t<meta property=\"og:image:width\" content=\"570\" \/>\n\t<meta property=\"og:image:height\" content=\"450\" \/>\n\t<meta property=\"og:image:type\" content=\"image\/jpeg\" \/>\n<meta name=\"twitter:card\" content=\"summary_large_image\" \/>\n<script type=\"application\/ld+json\" class=\"yoast-schema-graph\">{\"@context\":\"https:\/\/schema.org\",\"@graph\":[{\"@type\":\"WebSite\",\"@id\":\"https:\/\/www.camperonline.it\/magazine\/#website\",\"url\":\"https:\/\/www.camperonline.it\/magazine\/\",\"name\":\"CamperOnLine Magazine\",\"description\":\"Viaggi in camper, test, video, destinazioni, vacanze\",\"potentialAction\":[{\"@type\":\"SearchAction\",\"target\":{\"@type\":\"EntryPoint\",\"urlTemplate\":\"https:\/\/www.camperonline.it\/magazine\/?s={search_term_string}\"},\"query-input\":\"required name=search_term_string\"}],\"inLanguage\":\"it-IT\"},{\"@type\":\"ImageObject\",\"@id\":\"https:\/\/www.camperonline.it\/magazine\/2011\/07\/04\/fendt-in-anteprima-tutte-le-novita-2012\/#primaryimage\",\"inLanguage\":\"it-IT\",\"url\":\"https:\/\/www.camperonline.it\/magazine\/wp-content\/uploads\/2011\/06\/Fendt2.jpg\",\"contentUrl\":\"https:\/\/www.camperonline.it\/magazine\/wp-content\/uploads\/2011\/06\/Fendt2.jpg\",\"width\":\"570\",\"height\":\"450\"},{\"@type\":\"WebPage\",\"@id\":\"https:\/\/www.camperonline.it\/magazine\/2011\/07\/04\/fendt-in-anteprima-tutte-le-novita-2012\/#webpage\",\"url\":\"https:\/\/www.camperonline.it\/magazine\/2011\/07\/04\/fendt-in-anteprima-tutte-le-novita-2012\/\",\"name\":\"Fendt: in anteprima, tutte le novit\u00e0 2012 - CamperOnLine Magazine\",\"isPartOf\":{\"@id\":\"https:\/\/www.camperonline.it\/magazine\/#website\"},\"primaryImageOfPage\":{\"@id\":\"https:\/\/www.camperonline.it\/magazine\/2011\/07\/04\/fendt-in-anteprima-tutte-le-novita-2012\/#primaryimage\"},\"datePublished\":\"2011-07-03T23:00:58+00:00\",\"dateModified\":\"2012-12-04T16:54:51+00:00\",\"author\":{\"@id\":\"https:\/\/www.camperonline.it\/magazine\/#\/schema\/person\/cb66c317d76fe5112e3846547de4a508\"},\"description\":\"E\u2019 uno tra i pi\u00f9 prestigiosi marchi di caravan e uno dei maggiori produttori: Fendt, nome storico nel mondo dei veicoli ricreazionali, presenta le novit\u00e0\",\"breadcrumb\":{\"@id\":\"https:\/\/www.camperonline.it\/magazine\/2011\/07\/04\/fendt-in-anteprima-tutte-le-novita-2012\/#breadcrumb\"},\"inLanguage\":\"it-IT\",\"potentialAction\":[{\"@type\":\"ReadAction\",\"target\":[\"https:\/\/www.camperonline.it\/magazine\/2011\/07\/04\/fendt-in-anteprima-tutte-le-novita-2012\/\"]}]},{\"@type\":\"BreadcrumbList\",\"@id\":\"https:\/\/www.camperonline.it\/magazine\/2011\/07\/04\/fendt-in-anteprima-tutte-le-novita-2012\/#breadcrumb\",\"itemListElement\":[{\"@type\":\"ListItem\",\"position\":1,\"name\":\"Home\",\"item\":\"https:\/\/www.camperonline.it\/magazine\/\"},{\"@type\":\"ListItem\",\"position\":2,\"name\":\"Fendt: in anteprima, tutte le novit\u00e0 2012\"}]},{\"@type\":\"Person\",\"@id\":\"https:\/\/www.camperonline.it\/magazine\/#\/schema\/person\/cb66c317d76fe5112e3846547de4a508\",\"name\":\"Michel\",\"sameAs\":[\"http:\/\/www.winterexperience.com\/\"],\"url\":\"https:\/\/www.camperonline.it\/magazine\/author\/michel\/\"}]}<\/script>\n<!-- \/ Yoast SEO plugin. -->","yoast_head_json":{"title":"Fendt: in anteprima, tutte le novit\u00e0 2012 - CamperOnLine Magazine","description":"E\u2019 uno tra i pi\u00f9 prestigiosi marchi di caravan e uno dei maggiori produttori: Fendt, nome storico nel mondo dei veicoli ricreazionali, presenta le novit\u00e0","robots":{"index":"index","follow":"follow","max-snippet":"max-snippet:-1","max-image-preview":"max-image-preview:large","max-video-preview":"max-video-preview:-1"},"canonical":"https:\/\/www.camperonline.it\/magazine\/2011\/07\/04\/fendt-in-anteprima-tutte-le-novita-2012\/","og_locale":"it_IT","og_type":"article","og_title":"Fendt: in anteprima, tutte le novit\u00e0 2012 - CamperOnLine Magazine","og_description":"E\u2019 uno tra i pi\u00f9 prestigiosi marchi di caravan e uno dei maggiori produttori: Fendt, nome storico nel mondo dei veicoli ricreazionali, presenta le novit\u00e0","og_url":"https:\/\/www.camperonline.it\/magazine\/2011\/07\/04\/fendt-in-anteprima-tutte-le-novita-2012\/","og_site_name":"CamperOnLine Magazine","article_published_time":"2011-07-03T23:00:58+00:00","article_modified_time":"2012-12-04T16:54:51+00:00","og_image":[{"width":"570","height":"450","url":"https:\/\/www.camperonline.it\/magazine\/wp-content\/uploads\/2011\/06\/Fendt2.jpg","type":"image\/jpeg"}],"twitter_card":"summary_large_image","schema":{"@context":"https:\/\/schema.org","@graph":[{"@type":"WebSite","@id":"https:\/\/www.camperonline.it\/magazine\/#website","url":"https:\/\/www.camperonline.it\/magazine\/","name":"CamperOnLine Magazine","description":"Viaggi in camper, test, video, destinazioni, vacanze","potentialAction":[{"@type":"SearchAction","target":{"@type":"EntryPoint","urlTemplate":"https:\/\/www.camperonline.it\/magazine\/?s={search_term_string}"},"query-input":"required name=search_term_string"}],"inLanguage":"it-IT"},{"@type":"ImageObject","@id":"https:\/\/www.camperonline.it\/magazine\/2011\/07\/04\/fendt-in-anteprima-tutte-le-novita-2012\/#primaryimage","inLanguage":"it-IT","url":"https:\/\/www.camperonline.it\/magazine\/wp-content\/uploads\/2011\/06\/Fendt2.jpg","contentUrl":"https:\/\/www.camperonline.it\/magazine\/wp-content\/uploads\/2011\/06\/Fendt2.jpg","width":"570","height":"450"},{"@type":"WebPage","@id":"https:\/\/www.camperonline.it\/magazine\/2011\/07\/04\/fendt-in-anteprima-tutte-le-novita-2012\/#webpage","url":"https:\/\/www.camperonline.it\/magazine\/2011\/07\/04\/fendt-in-anteprima-tutte-le-novita-2012\/","name":"Fendt: in anteprima, tutte le novit\u00e0 2012 - CamperOnLine Magazine","isPartOf":{"@id":"https:\/\/www.camperonline.it\/magazine\/#website"},"primaryImageOfPage":{"@id":"https:\/\/www.camperonline.it\/magazine\/2011\/07\/04\/fendt-in-anteprima-tutte-le-novita-2012\/#primaryimage"},"datePublished":"2011-07-03T23:00:58+00:00","dateModified":"2012-12-04T16:54:51+00:00","author":{"@id":"https:\/\/www.camperonline.it\/magazine\/#\/schema\/person\/cb66c317d76fe5112e3846547de4a508"},"description":"E\u2019 uno tra i pi\u00f9 prestigiosi marchi di caravan e uno dei maggiori produttori: Fendt, nome storico nel mondo dei veicoli ricreazionali, presenta le novit\u00e0","breadcrumb":{"@id":"https:\/\/www.camperonline.it\/magazine\/2011\/07\/04\/fendt-in-anteprima-tutte-le-novita-2012\/#breadcrumb"},"inLanguage":"it-IT","potentialAction":[{"@type":"ReadAction","target":["https:\/\/www.camperonline.it\/magazine\/2011\/07\/04\/fendt-in-anteprima-tutte-le-novita-2012\/"]}]},{"@type":"BreadcrumbList","@id":"https:\/\/www.camperonline.it\/magazine\/2011\/07\/04\/fendt-in-anteprima-tutte-le-novita-2012\/#breadcrumb","itemListElement":[{"@type":"ListItem","position":1,"name":"Home","item":"https:\/\/www.camperonline.it\/magazine\/"},{"@type":"ListItem","position":2,"name":"Fendt: in anteprima, tutte le novit\u00e0 2012"}]},{"@type":"Person","@id":"https:\/\/www.camperonline.it\/magazine\/#\/schema\/person\/cb66c317d76fe5112e3846547de4a508","name":"Michel","sameAs":["http:\/\/www.winterexperience.com\/"],"url":"https:\/\/www.camperonline.it\/magazine\/author\/michel\/"}]}},"_links":{"self":[{"href":"https:\/\/www.camperonline.it\/magazine\/wp-json\/wp\/v2\/posts\/18329"}],"collection":[{"href":"https:\/\/www.camperonline.it\/magazine\/wp-json\/wp\/v2\/posts"}],"about":[{"href":"https:\/\/www.camperonline.it\/magazine\/wp-json\/wp\/v2\/types\/post"}],"author":[{"embeddable":true,"href":"https:\/\/www.camperonline.it\/magazine\/wp-json\/wp\/v2\/users\/3"}],"replies":[{"embeddable":true,"href":"https:\/\/www.camperonline.it\/magazine\/wp-json\/wp\/v2\/comments?post=18329"}],"version-history":[{"count":0,"href":"https:\/\/www.camperonline.it\/magazine\/wp-json\/wp\/v2\/posts\/18329\/revisions"}],"wp:featuredmedia":[{"embeddable":true,"href":"https:\/\/www.camperonline.it\/magazine\/wp-json\/wp\/v2\/media\/18333"}],"wp:attachment":[{"href":"https:\/\/www.camperonline.it\/magazine\/wp-json\/wp\/v2\/media?parent=18329"}],"wp:term":[{"taxonomy":"category","embeddable":true,"href":"https:\/\/www.camperonline.it\/magazine\/wp-json\/wp\/v2\/categories?post=18329"},{"taxonomy":"post_tag","embeddable":true,"href":"https:\/\/www.camperonline.it\/magazine\/wp-json\/wp\/v2\/tags?post=18329"}],"curies":[{"name":"wp","href":"https:\/\/api.w.org\/{rel}","templated":true}]}}