{"id":187541,"date":"2015-09-18T16:43:40","date_gmt":"2015-09-18T14:43:40","guid":{"rendered":"https:\/\/www.camperonline.it\/magazine\/?p=187541"},"modified":"2015-10-07T16:02:18","modified_gmt":"2015-10-07T14:02:18","slug":"a-comacchio-con-la-regina-delle-valli","status":"publish","type":"post","link":"https:\/\/www.camperonline.it\/magazine\/2015\/09\/18\/a-comacchio-con-la-regina-delle-valli\/","title":{"rendered":"A Comacchio con la &#8220;regina delle valli&#8221;"},"content":{"rendered":"<p class=\"p1\"><a href=\"https:\/\/www.camperonline.it\/magazine\/2015\/09\/18\/a-comacchio-con-la-regina-delle-valli\/logo_sagra-anguilla2015\/\" rel=\"attachment wp-att-192888\"><img loading=\"lazy\" class=\"alignleft wp-image-192888 \" src=\"https:\/\/www.camperonline.it\/magazine\/wp-content\/uploads\/2015\/09\/logo_sagra-Anguilla2015.jpg\" alt=\"logo_sagra-Anguilla2015\" width=\"100\" height=\"48\" \/><\/a>Dal <strong>25 settembre all\u201911 ottobre<\/strong> a Comacchio, in provincia di Ferrara, si svolger\u00e0 la <strong>XVII edizione della Sagra dell\u2019Anguilla<\/strong>, grande kermesse d\u2019inizio autunno con ricchi\u00a0 appuntamenti ed iniziative non soltanto per gli appassionati gourmet.<!--more--><\/p>\n<p class=\"p1\">Accanto al grande stand gastronomico allestito nei pressi di Argine Fattibello dove \u2013 ogni sabato e domenica, ma anche il venerd\u00ec sera con menu speciali dedicati (prenotazione tavoli per gruppi di almeno 20 persone: tel. 366 3561236) \u2013 si potranno degustare, accompagnati ai vini doc del Bosco Eliceo, specialit\u00e0 della cucina tradizionale locale, insieme a pizze tradizionali e innovative, come la \u201cdelle valli con anguilla\u201d, cotte nel forno a legna, ogni weekend della kermesse \u2013 ma anche tutte le serate infrasettimanali del periodo di Sagra \u2013 sar\u00e0 accompagnato da tantissimi appuntamenti con la buona tavola e non solo.+<a href=\"https:\/\/www.camperonline.it\/magazine\/2015\/09\/18\/a-comacchio-con-la-regina-delle-valli\/sagraanguilla-foto1\/\" rel=\"attachment wp-att-192892\"><img loading=\"lazy\" class=\"aligncenter wp-image-192892 size-full\" src=\"https:\/\/www.camperonline.it\/magazine\/wp-content\/uploads\/2015\/09\/SagraAnguilla-foto1.png\" alt=\"SagraAnguilla-foto1\" width=\"500\" height=\"287\" srcset=\"https:\/\/www.camperonline.it\/magazine\/wp-content\/uploads\/2015\/09\/SagraAnguilla-foto1.png 500w, https:\/\/www.camperonline.it\/magazine\/wp-content\/uploads\/2015\/09\/SagraAnguilla-foto1-300x172.png 300w\" sizes=\"(max-width: 500px) 100vw, 500px\" \/><\/a><b><\/b><\/p>\n<p class=\"p1\"><b>Laboratori &amp; Degustazioni<\/b><\/p>\n<p class=\"p1\">Pesca e lavorazione dell\u2019anguilla (sabato mattina) con dimostrazione pratica della <strong>cattura<\/strong> in una stazione da pesca nelle valli. A\u00a0seguire all\u2019interno della Manifattura dei Marinati \u2013 storico stabilimento dove ancora oggi si produce l\u2019Anguilla Marinata di Comacchio (Presidio Slow Food) \u2013 la suggestiva <strong>accensione dei camini<\/strong> della Sala Fuochi per la spiedatura della \u2018regina delle valli\u2019.<br \/>\nFra il 26 settembre e l\u201911 ottobre ritornano poi <strong>cene con menu a tema<\/strong>, degustazioni guidate e banchi d\u2019assaggio del \u201cConvivio dei Vini sulle Sabbie\u201d, rassegna dedicata a una peculiarit\u00e0 enologica \u2013 la coltivazione della vite su terreni a forte caratterizzazione sabbiosa \u2013 che accomuna il Delta del Po a poche, piccole aree vitivinicole dentro e fuori i confini italiani. Sabato 3 ottobre, cottura e degustazione di duecento chili di vongole veraci provenienti dalla Sacca di Goro, cucinate sotto gli occhi del pubblico nel maxipadellone della Pro Loco gorese. Domenica 11 ottobre, invece, verr\u00e0 rinnovato il \u2018gemellaggio gastronomico\u2019 fra Comacchio e Parma con il taglio del primo Prosciutto di Parma \u2018made in Comacchio\u2019 insaporito con il Sale dei Longobardi.<a href=\"https:\/\/www.camperonline.it\/magazine\/2015\/09\/18\/a-comacchio-con-la-regina-delle-valli\/sagra_anguilla-griglia\/\" rel=\"attachment wp-att-187546\"><img loading=\"lazy\" class=\"aligncenter wp-image-187546 size-full\" src=\"https:\/\/www.camperonline.it\/magazine\/wp-content\/uploads\/2015\/08\/sagra_anguilla-griglia.jpg\" alt=\"sagra_anguilla-griglia\" width=\"600\" height=\"241\" srcset=\"https:\/\/www.camperonline.it\/magazine\/wp-content\/uploads\/2015\/08\/sagra_anguilla-griglia.jpg 600w, https:\/\/www.camperonline.it\/magazine\/wp-content\/uploads\/2015\/08\/sagra_anguilla-griglia-300x120.jpg 300w\" sizes=\"(max-width: 600px) 100vw, 600px\" \/><\/a><\/p>\n<p class=\"p1\"><b>Visite Guidate &amp; Escursioni<br \/>\n<\/b>Ogni sabato, tour guidati a piedi ed una speciale passeggiata con l\u2019accompagnamento di \u201cpersonaggi illustri\u201d della vita comacchiese, non solo, fra luoghi, suggestioni delle tredici isolette su cui \u00e8 stata fondata la \u2018piccola Venezia delle Valli\u2019, ma anche wine tour \u2013 con transfer in bus e degustazione in cantina \u2013 alla scoperta dei luoghi di produzione dei \u2018doc delle sabbie\u2019. Ogni sabato pomeriggio e domenica, oltre a visite guidate alle principali Chiese di Comacchio sono in programma anche percorsi in bicicletta verso la vecchia Salina.<br \/>\nMentre tutti i giorni con partenza da Stazione Foce (a circa 4 chilometri dal paese), vengono organizzate escursioni in barca lungo i canali interni delle Valli con itinerario guidato e sosta agli antichi casoni da pesca Non solo: grande novit\u00e0 per il 2015 \u00e8 il collegamento diretto via acqua \u2013 ogni domenica di Sagra \u2013 fra Comacchio e Stazione Foce con imbarco dal nuovo attracco di Argine Fattibello. E ancora, ogni domenica per gli appassionati delle escursioni slow, tour guidati con integrazione fra percorso in bici adatto a tutti, navigazione nelle valli ed intermezzo gustoso dedicato alla cucina ed ai vini \u2018delle sabbie\u2019.<\/p>\n<p class=\"p2\"><b><img loading=\"lazy\" class=\"aligncenter wp-image-187545 size-full\" src=\"https:\/\/www.camperonline.it\/magazine\/wp-content\/uploads\/2015\/08\/sagra-anguillaFE.jpg\" alt=\"sagra-anguillaFE\" width=\"500\" height=\"333\" srcset=\"https:\/\/www.camperonline.it\/magazine\/wp-content\/uploads\/2015\/08\/sagra-anguillaFE.jpg 500w, https:\/\/www.camperonline.it\/magazine\/wp-content\/uploads\/2015\/08\/sagra-anguillaFE-300x199.jpg 300w\" sizes=\"(max-width: 500px) 100vw, 500px\" \/>Eventi Musicali &amp; Letterari<br \/>\n<\/b>Sabato 26 settembre si apre con \u201cLibrandosi\u2026di Gusto\u201d, sezione gastronomica della fortunata rassegna letteraria estiva promossa da Querce Project che ospiter\u00e0 la presentazione, anzi il \u201cmini-show\u201d fra cucina ed umorismo, di Maria Pia Timo, volto noto di Alice Tv grazie ad un curiosissimo viaggio fra ricette tradizionali, ma anche protagonista del nuovo spot Barilla recentemente girato a Comacchio, che \u2018racconter\u00e0\u2019 il suo libro \u201cLa Vespa Teresa\u201d. In serata, spazio alla musica con il debutto di \u201cComacchio Jazz\u201d che vedr\u00e0 salire sul palco dell\u2019Arena di Palazzo Bellini il \u201cGi\u00f2 Belli Manouche 4et\u201d: Gi\u00f2 Belli (chitarra); Marco Gelli (chitarra); Graziano Brufani (contrabbasso) e Lele Barbieri (batteria). Sabato 3 ottobre, invece, aperitivo letterario in collaborazione con Food&amp;Book, il Festival del Cibo e della Cultura Gastronomica che si svolge a Montecatini Terme, con lo chef Renato Bernardi e il suo \u201cAltra Cucina\u201d, selezione di 66 ricette nella quale il noto cuoco \u2013 esperto di dieta mediterranea e cucina salutistica \u2013 rivisita i piatti tipici della tradizione italiana puntando sul binomio gusto-salute. A seguire, grandissimo appuntamento \u2013 in collaborazione con l\u2019associazione Jazzlife \u2013 per ricordare in musica Marco Tamburini, il grande trombettista recentemente scomparso \u2013 nel 2014 ospite alla Sagra dell\u2019Anguilla \u2013 con lo special guest Fabrizio Bosso ed i \u201cBarioca Extended\u201d, per l\u2019occasione in sestetto: Chica Piazzolla, voce; Luca di Luzio, chitarre; Luca Quadrelli, sax; Flavio Piscopo, percussioni; Pier Mingotti, basso elettrico e Massimo Manzi, batteria). Domenica 4 ottobre, ancora sul palco dell\u2019Arena di Palazzo Bellini, gran gala di chiusura per Sing&amp;Sound con i dodici aspiranti cantanti selezionati nel corso degli appuntamenti estivi del contest animato dalla musica di Radio Sound 98.1 Fm. Infine, sabato 10 ottobre arriva il Maurizio Rolli 5tet: una singolare &#8220;fusion&#8221; dal sapore &#8220;contemporary&#8221; caratterizzata da influenze folkloriche di origine latina (dalla tarantella al flamenco, dal samba al montuno), nord europea e dalla musica colta europea, eseguita con energia tipica del rock&#8217;n&#8217;roll da Maurizio Rolli (basso elettrico); Manuel Trabucco, (sax); Rocco Zifarelli (chitarra elettrica); Angelo Trabucco (piano) e Nicola Angelucci (batteria).<\/p>\n<p class=\"p2\"><b>Eventi &amp; Spettacoli della Tradizione<\/b><strong>\u00a0legati alle acque<\/strong><br \/>\nOgni sabato e domenica, oltre alle tradizionali escursioni guidate in batana, che vedranno la presenza anche di una grande barca appositamente attrezzata per accogliere e divertire i pi\u00f9 piccini, anche i visitatori \u2013 \u2018armati\u2019 di paradello e accompagnati dai consigli di un esperto barcaiolo \u2013 potranno provare l\u2019esperienza di condurre una tipica imbarcazione comacchiese attraverso i canali e sotto i ponti cittadini. Ogni domenica, infine, l\u2019arte di navigare nei canali di Comacchio si far\u00e0 gara: nei pomeriggi del 27 settembre e 4 ottobre i migliori paradelli della citt\u00e0 dei Trepponti si sfideranno in batterie eliminatorie per conquistare l\u2019accesso alle regate di finale in programma domenica 11 ottobre. Da non perdere, ancora nell\u2019ultimo week end di Sagra, l\u2019appuntamento con il navimodellismo: in collaborazione con l\u2019associazione modellisti romani Amirel verranno proposti due giorni di esposizione di fedeli riproduzioni di modelli in scala ed esibizioni di riproduzioni navali radiocomandate che navigheranno tra moli, isole e fari, attraccando alle banchine di veri e propri scali in miniatura. E, nella mattinata di domenica 11 ottobre, una vera e propria gara open di abilit\u00e0 e destrezza (categoria NS gruppo F).<\/p>\n<p class=\"p2\"><b>Mostre &amp; Concorsi<br \/>\n<\/b>Da segnalare, a 60 anni dalla prima proiezione del film \u201cLa Donna del Fiume\u201d con Sofia Loren e la regia di Mario Soldati, \u201cLa Stella di Comacchio \u2013 il Grande Cinema nel Delta del Po\u201d, esposizione di materiali cinematografici impiegati nella realizzazione di film e di altri girati nel territorio del Parco del Delta del Po ospitata dal 28 agosto al 31 ottobre a Palazzo Bellini. Dal 7 settembre all\u201911 ottobre, invece \u2013 organizzato dalla Strada dei Vini e dei Sapori in collaborazione con il gruppo Instagramers Ferrara \u2013 il contest fotografico dedicato a vigne, cantine e vini ferraresi dalla raccolta delle uve fino alla tavola.\u00a0 Mentre dal 26 settembre al 4 novembre, nel centenario della Prima Guerra Mondiale, al Teatro delle Stimmate di via Sambertolo sar\u00e0 allestita la mostra \u201cA spasso tra i ricordi &#8211; Comacchio nella Grande Guerra\u201d,<b> <\/b>rassegna fotografica e documentaria rievocativa della partecipazione locale al conflitto bellico che ricorda i tanti comacchiesi partiti per il fronte attraverso immagini inedite, cartoline, lettere dalle trincee. E ancora, nel primo week end di Sagra, strade, canali e monumenti del centro storico \u2013 ma anche le vicine valli o il mare d\u2019inizio autunno \u2013 si trasformeranno in piccola Montmartre per fare da palcoscenico all\u2019estemporanea di pittura.<\/p>\n<p class=\"p2\"><strong>Prodotti artigianali ed eventi sportivi<\/strong><br \/>\nDurante i tre i weekend ci saranno le tradizionali e coloratissime bancarelle di golosit\u00e0, prodotti artigianali, manufatti artistici, cose d\u2019altri tempi, collezionismo e curiosit\u00e0 che invaderanno strade e piazze di un po\u2019 tutto il centro storico. Cos\u00ec come gli eventi sportivi fra i quali \u2013 nel pomeriggio di sabato 3 ottobre allo stadio Raibosola \u2013 il quadrangolare di football americano con Aquile Ferrara, Chiefs Ravenna e Broncos Faenza che segna il ritorno ufficiale all\u2019attivit\u00e0 agonistica dei Comacchio Buccaneers, la ricostituita formazione locale.<\/p>\n<p class=\"p3\"><strong>Area riservata camper<br \/>\n<\/strong>Per gli amici dell\u2019abitar viaggiando, presso argine\u00a0Fattibello (coordinate GPS 44.691583 12.183572), a pochi passi da stand gastronomico e centro storico, \u00e8 gi\u00e0 possibile alla sezione \u2018come arrivare\u2019 del sito ufficiale della manifestazione (<a href=\"http:\/\/www.sagradellanguilla.it\/\"><span class=\"s1\">www.sagradellanguilla.it<\/span><\/a>) prenotare la sosta all\u2019interno dell&#8217;area riservata dotata di pozzetto per lo scarico.<br \/>\nL&#8217;area camper, occupata durante il primo fine settimana per il 30\u00b0 anniversario\u00a0dal Camper Club Italia, <strong>sar\u00e0 fruibili dagli altri\u00a0camperisti nei\u00a0due weekend successivi,<\/strong> pre-accreditandosi sul sito <a href=\"http:\/\/www.comacchio.it\/\"><span class=\"s1\">www.comacchio.it<\/span><\/a> si potr\u00e0 fruire della tariffa speciale weekend (<strong>\u20ac23,00 ad equipaggio<\/strong> con possibilit\u00e0 di arrivo gi\u00e0 fra le 17 e le 22 del venerd\u00ec \u2013 info 345 5684017).<\/p>\n<p class=\"p4\"><strong>Per ulteriori informazioni ed aggiornamenti<\/strong>:\u00a0<a href=\"http:\/\/www.sagradellanguilla.it\/\"><span class=\"s2\">www.sagradellanguilla.it<\/span><\/a> ed <a href=\"http:\/\/www.eventicomacchio.it\/\"><span class=\"s2\">www.eventicomacchio.it<\/span><\/a><\/p>\n","protected":false},"excerpt":{"rendered":"<p>Dal 25 settembre all\u201911 ottobre a Comacchio, in provincia di Ferrara, si svolger\u00e0 la XVII edizione della Sagra dell\u2019Anguilla, grande kermesse d\u2019inizio autunno con ricchi\u00a0 appuntamenti ed iniziative non soltanto per gli appassionati gourmet.<\/p>\n","protected":false},"author":7,"featured_media":187545,"comment_status":"open","ping_status":"open","sticky":false,"template":"","format":"standard","meta":{"ngg_post_thumbnail":0},"categories":[64],"tags":[4170,1059,4169,3860],"yoast_head":"<!-- This site is optimized with the Yoast SEO plugin v18.6 - https:\/\/yoast.com\/wordpress\/plugins\/seo\/ -->\n<title>A Comacchio con la &quot;regina delle valli&quot; - CamperOnLine Magazine<\/title>\n<meta name=\"description\" content=\"Dal 25 settembre all\u201911 ottobre a Comacchio, in provincia di Ferrara, si svolger\u00e0 la XVII edizione della Sagra dell\u2019Anguilla, grande kermesse d\u2019inizio\" \/>\n<meta name=\"robots\" content=\"index, follow, max-snippet:-1, max-image-preview:large, max-video-preview:-1\" \/>\n<link rel=\"canonical\" href=\"https:\/\/www.camperonline.it\/magazine\/2015\/09\/18\/a-comacchio-con-la-regina-delle-valli\/\" \/>\n<meta property=\"og:locale\" content=\"it_IT\" \/>\n<meta property=\"og:type\" content=\"article\" \/>\n<meta property=\"og:title\" content=\"A Comacchio con la &quot;regina delle valli&quot; - CamperOnLine Magazine\" \/>\n<meta property=\"og:description\" content=\"Dal 25 settembre all\u201911 ottobre a Comacchio, in provincia di Ferrara, si svolger\u00e0 la XVII edizione della Sagra dell\u2019Anguilla, grande kermesse d\u2019inizio\" \/>\n<meta property=\"og:url\" content=\"https:\/\/www.camperonline.it\/magazine\/2015\/09\/18\/a-comacchio-con-la-regina-delle-valli\/\" \/>\n<meta property=\"og:site_name\" content=\"CamperOnLine Magazine\" \/>\n<meta property=\"article:published_time\" content=\"2015-09-18T14:43:40+00:00\" \/>\n<meta property=\"article:modified_time\" content=\"2015-10-07T14:02:18+00:00\" \/>\n<meta property=\"og:image\" content=\"https:\/\/www.camperonline.it\/magazine\/wp-content\/uploads\/2015\/08\/sagra-anguillaFE.jpg\" \/>\n\t<meta property=\"og:image:width\" content=\"500\" \/>\n\t<meta property=\"og:image:height\" content=\"333\" \/>\n\t<meta property=\"og:image:type\" content=\"image\/jpeg\" \/>\n<meta name=\"twitter:card\" content=\"summary_large_image\" \/>\n<script type=\"application\/ld+json\" class=\"yoast-schema-graph\">{\"@context\":\"https:\/\/schema.org\",\"@graph\":[{\"@type\":\"WebSite\",\"@id\":\"https:\/\/www.camperonline.it\/magazine\/#website\",\"url\":\"https:\/\/www.camperonline.it\/magazine\/\",\"name\":\"CamperOnLine Magazine\",\"description\":\"Viaggi in camper, test, video, destinazioni, vacanze\",\"potentialAction\":[{\"@type\":\"SearchAction\",\"target\":{\"@type\":\"EntryPoint\",\"urlTemplate\":\"https:\/\/www.camperonline.it\/magazine\/?s={search_term_string}\"},\"query-input\":\"required name=search_term_string\"}],\"inLanguage\":\"it-IT\"},{\"@type\":\"ImageObject\",\"@id\":\"https:\/\/www.camperonline.it\/magazine\/2015\/09\/18\/a-comacchio-con-la-regina-delle-valli\/#primaryimage\",\"inLanguage\":\"it-IT\",\"url\":\"https:\/\/www.camperonline.it\/magazine\/wp-content\/uploads\/2015\/08\/sagra-anguillaFE.jpg\",\"contentUrl\":\"https:\/\/www.camperonline.it\/magazine\/wp-content\/uploads\/2015\/08\/sagra-anguillaFE.jpg\",\"width\":500,\"height\":333},{\"@type\":\"WebPage\",\"@id\":\"https:\/\/www.camperonline.it\/magazine\/2015\/09\/18\/a-comacchio-con-la-regina-delle-valli\/#webpage\",\"url\":\"https:\/\/www.camperonline.it\/magazine\/2015\/09\/18\/a-comacchio-con-la-regina-delle-valli\/\",\"name\":\"A Comacchio con la \\\"regina delle valli\\\" - CamperOnLine Magazine\",\"isPartOf\":{\"@id\":\"https:\/\/www.camperonline.it\/magazine\/#website\"},\"primaryImageOfPage\":{\"@id\":\"https:\/\/www.camperonline.it\/magazine\/2015\/09\/18\/a-comacchio-con-la-regina-delle-valli\/#primaryimage\"},\"datePublished\":\"2015-09-18T14:43:40+00:00\",\"dateModified\":\"2015-10-07T14:02:18+00:00\",\"author\":{\"@id\":\"https:\/\/www.camperonline.it\/magazine\/#\/schema\/person\/a4203e9211946a344637c0a9efb517f5\"},\"description\":\"Dal 25 settembre all\u201911 ottobre a Comacchio, in provincia di Ferrara, si svolger\u00e0 la XVII edizione della Sagra dell\u2019Anguilla, grande kermesse d\u2019inizio\",\"breadcrumb\":{\"@id\":\"https:\/\/www.camperonline.it\/magazine\/2015\/09\/18\/a-comacchio-con-la-regina-delle-valli\/#breadcrumb\"},\"inLanguage\":\"it-IT\",\"potentialAction\":[{\"@type\":\"ReadAction\",\"target\":[\"https:\/\/www.camperonline.it\/magazine\/2015\/09\/18\/a-comacchio-con-la-regina-delle-valli\/\"]}]},{\"@type\":\"BreadcrumbList\",\"@id\":\"https:\/\/www.camperonline.it\/magazine\/2015\/09\/18\/a-comacchio-con-la-regina-delle-valli\/#breadcrumb\",\"itemListElement\":[{\"@type\":\"ListItem\",\"position\":1,\"name\":\"Home\",\"item\":\"https:\/\/www.camperonline.it\/magazine\/\"},{\"@type\":\"ListItem\",\"position\":2,\"name\":\"A Comacchio con la &#8220;regina delle valli&#8221;\"}]},{\"@type\":\"Person\",\"@id\":\"https:\/\/www.camperonline.it\/magazine\/#\/schema\/person\/a4203e9211946a344637c0a9efb517f5\",\"name\":\"Cinzia\",\"url\":\"https:\/\/www.camperonline.it\/magazine\/author\/cinzia\/\"}]}<\/script>\n<!-- \/ Yoast SEO plugin. -->","yoast_head_json":{"title":"A Comacchio con la \"regina delle valli\" - CamperOnLine Magazine","description":"Dal 25 settembre all\u201911 ottobre a Comacchio, in provincia di Ferrara, si svolger\u00e0 la XVII edizione della Sagra dell\u2019Anguilla, grande kermesse d\u2019inizio","robots":{"index":"index","follow":"follow","max-snippet":"max-snippet:-1","max-image-preview":"max-image-preview:large","max-video-preview":"max-video-preview:-1"},"canonical":"https:\/\/www.camperonline.it\/magazine\/2015\/09\/18\/a-comacchio-con-la-regina-delle-valli\/","og_locale":"it_IT","og_type":"article","og_title":"A Comacchio con la \"regina delle valli\" - CamperOnLine Magazine","og_description":"Dal 25 settembre all\u201911 ottobre a Comacchio, in provincia di Ferrara, si svolger\u00e0 la XVII edizione della Sagra dell\u2019Anguilla, grande kermesse d\u2019inizio","og_url":"https:\/\/www.camperonline.it\/magazine\/2015\/09\/18\/a-comacchio-con-la-regina-delle-valli\/","og_site_name":"CamperOnLine Magazine","article_published_time":"2015-09-18T14:43:40+00:00","article_modified_time":"2015-10-07T14:02:18+00:00","og_image":[{"width":500,"height":333,"url":"https:\/\/www.camperonline.it\/magazine\/wp-content\/uploads\/2015\/08\/sagra-anguillaFE.jpg","type":"image\/jpeg"}],"twitter_card":"summary_large_image","schema":{"@context":"https:\/\/schema.org","@graph":[{"@type":"WebSite","@id":"https:\/\/www.camperonline.it\/magazine\/#website","url":"https:\/\/www.camperonline.it\/magazine\/","name":"CamperOnLine Magazine","description":"Viaggi in camper, test, video, destinazioni, vacanze","potentialAction":[{"@type":"SearchAction","target":{"@type":"EntryPoint","urlTemplate":"https:\/\/www.camperonline.it\/magazine\/?s={search_term_string}"},"query-input":"required name=search_term_string"}],"inLanguage":"it-IT"},{"@type":"ImageObject","@id":"https:\/\/www.camperonline.it\/magazine\/2015\/09\/18\/a-comacchio-con-la-regina-delle-valli\/#primaryimage","inLanguage":"it-IT","url":"https:\/\/www.camperonline.it\/magazine\/wp-content\/uploads\/2015\/08\/sagra-anguillaFE.jpg","contentUrl":"https:\/\/www.camperonline.it\/magazine\/wp-content\/uploads\/2015\/08\/sagra-anguillaFE.jpg","width":500,"height":333},{"@type":"WebPage","@id":"https:\/\/www.camperonline.it\/magazine\/2015\/09\/18\/a-comacchio-con-la-regina-delle-valli\/#webpage","url":"https:\/\/www.camperonline.it\/magazine\/2015\/09\/18\/a-comacchio-con-la-regina-delle-valli\/","name":"A Comacchio con la \"regina delle valli\" - CamperOnLine Magazine","isPartOf":{"@id":"https:\/\/www.camperonline.it\/magazine\/#website"},"primaryImageOfPage":{"@id":"https:\/\/www.camperonline.it\/magazine\/2015\/09\/18\/a-comacchio-con-la-regina-delle-valli\/#primaryimage"},"datePublished":"2015-09-18T14:43:40+00:00","dateModified":"2015-10-07T14:02:18+00:00","author":{"@id":"https:\/\/www.camperonline.it\/magazine\/#\/schema\/person\/a4203e9211946a344637c0a9efb517f5"},"description":"Dal 25 settembre all\u201911 ottobre a Comacchio, in provincia di Ferrara, si svolger\u00e0 la XVII edizione della Sagra dell\u2019Anguilla, grande kermesse d\u2019inizio","breadcrumb":{"@id":"https:\/\/www.camperonline.it\/magazine\/2015\/09\/18\/a-comacchio-con-la-regina-delle-valli\/#breadcrumb"},"inLanguage":"it-IT","potentialAction":[{"@type":"ReadAction","target":["https:\/\/www.camperonline.it\/magazine\/2015\/09\/18\/a-comacchio-con-la-regina-delle-valli\/"]}]},{"@type":"BreadcrumbList","@id":"https:\/\/www.camperonline.it\/magazine\/2015\/09\/18\/a-comacchio-con-la-regina-delle-valli\/#breadcrumb","itemListElement":[{"@type":"ListItem","position":1,"name":"Home","item":"https:\/\/www.camperonline.it\/magazine\/"},{"@type":"ListItem","position":2,"name":"A Comacchio con la &#8220;regina delle valli&#8221;"}]},{"@type":"Person","@id":"https:\/\/www.camperonline.it\/magazine\/#\/schema\/person\/a4203e9211946a344637c0a9efb517f5","name":"Cinzia","url":"https:\/\/www.camperonline.it\/magazine\/author\/cinzia\/"}]}},"_links":{"self":[{"href":"https:\/\/www.camperonline.it\/magazine\/wp-json\/wp\/v2\/posts\/187541"}],"collection":[{"href":"https:\/\/www.camperonline.it\/magazine\/wp-json\/wp\/v2\/posts"}],"about":[{"href":"https:\/\/www.camperonline.it\/magazine\/wp-json\/wp\/v2\/types\/post"}],"author":[{"embeddable":true,"href":"https:\/\/www.camperonline.it\/magazine\/wp-json\/wp\/v2\/users\/7"}],"replies":[{"embeddable":true,"href":"https:\/\/www.camperonline.it\/magazine\/wp-json\/wp\/v2\/comments?post=187541"}],"version-history":[{"count":0,"href":"https:\/\/www.camperonline.it\/magazine\/wp-json\/wp\/v2\/posts\/187541\/revisions"}],"wp:featuredmedia":[{"embeddable":true,"href":"https:\/\/www.camperonline.it\/magazine\/wp-json\/wp\/v2\/media\/187545"}],"wp:attachment":[{"href":"https:\/\/www.camperonline.it\/magazine\/wp-json\/wp\/v2\/media?parent=187541"}],"wp:term":[{"taxonomy":"category","embeddable":true,"href":"https:\/\/www.camperonline.it\/magazine\/wp-json\/wp\/v2\/categories?post=187541"},{"taxonomy":"post_tag","embeddable":true,"href":"https:\/\/www.camperonline.it\/magazine\/wp-json\/wp\/v2\/tags?post=187541"}],"curies":[{"name":"wp","href":"https:\/\/api.w.org\/{rel}","templated":true}]}}