{"id":195334,"date":"2015-10-24T01:28:36","date_gmt":"2015-10-23T23:28:36","guid":{"rendered":"https:\/\/www.camperonline.it\/magazine\/?p=195334"},"modified":"2016-09-29T20:33:03","modified_gmt":"2016-09-29T18:33:03","slug":"camperonchef-2015","status":"publish","type":"post","link":"https:\/\/www.camperonline.it\/magazine\/2015\/10\/24\/camperonchef-2015\/","title":{"rendered":"CamperOnChef 2015"},"content":{"rendered":"<p><a href=\"https:\/\/www.camperonline.it\/magazine\/wp-content\/uploads\/2015\/10\/COF-copertina.jpg\"><img loading=\"lazy\" class=\"aligncenter size-full wp-image-195549\" src=\"https:\/\/www.camperonline.it\/magazine\/wp-content\/uploads\/2015\/10\/COF-copertina.jpg\" alt=\"COF-copertina\" width=\"630\" height=\"420\" srcset=\"https:\/\/www.camperonline.it\/magazine\/wp-content\/uploads\/2015\/10\/COF-copertina.jpg 630w, https:\/\/www.camperonline.it\/magazine\/wp-content\/uploads\/2015\/10\/COF-copertina-300x200.jpg 300w\" sizes=\"(max-width: 630px) 100vw, 630px\" \/><\/a><\/p>\n<p>Durante il fine settimana del <strong>16 -18 ottobre<\/strong>, nell&#8217;accogliente comune di <strong>Cantalupo Ligure (AL)<\/strong> si \u00e8 svolta la <strong>Seconda\u00a0edizione di CamperOnChef<\/strong>, l&#8217;appuntamento annuale organizzato da <strong>CamperOnLine<\/strong>. Il programma dell&#8217;evento, prevalentemente incentrato su esibizioni in ambito culinario,\u00a0 proponeva anche attivit\u00e0 di svago e relax come passeggiate e pesca sportiva nel vicino laghetto.<!--more--><br \/>\nSabato 17 <strong>la sfida<\/strong> a squadre <strong><a href=\"https:\/\/www.camperonline.it\/_goToSite.asp?titolo=Visita%20il%20sito%20di%20Laika&amp;urlsito=www.laika.it\" target=\"_blank\">Laika<\/a> vs <a href=\"https:\/\/www.camperonline.it\/_goToSite.asp?titolo=Visita%20il%20sito%20di%20Thetford&amp;urlsito=www.thetford-europe.com\" target=\"_blank\">Thetford<\/a><\/strong>, basata sulla classica prova di abilit\u00e0 con le griglia, ha impegnato i partecipanti in una serie di &#8220;prove nelle prova&#8221; che si sono rivelate divertimenti e coinvolgenti non solo per i contendenti.<\/p>\n<p style=\"text-align: center;\"><img loading=\"lazy\" class=\"aligncenter size-full wp-image-215420\" src=\"https:\/\/www.camperonline.it\/magazine\/wp-content\/uploads\/2015\/10\/68.jpg\" alt=\"68\" width=\"630\" height=\"418\" srcset=\"https:\/\/www.camperonline.it\/magazine\/wp-content\/uploads\/2015\/10\/68.jpg 630w, https:\/\/www.camperonline.it\/magazine\/wp-content\/uploads\/2015\/10\/68-300x199.jpg 300w\" sizes=\"(max-width: 630px) 100vw, 630px\" \/><\/p>\n<p style=\"text-align: center;\"><img loading=\"lazy\" class=\"aligncenter size-full wp-image-215421\" src=\"https:\/\/www.camperonline.it\/magazine\/wp-content\/uploads\/2015\/10\/67.jpg\" alt=\"67\" width=\"630\" height=\"418\" srcset=\"https:\/\/www.camperonline.it\/magazine\/wp-content\/uploads\/2015\/10\/67.jpg 630w, https:\/\/www.camperonline.it\/magazine\/wp-content\/uploads\/2015\/10\/67-300x199.jpg 300w\" sizes=\"(max-width: 630px) 100vw, 630px\" \/><\/p>\n<p>Nel tardo pomeriggio, all&#8217;interno del padiglione polisportivo, la sfilata di vivande per l&#8217;<strong>Apericena<\/strong> ha stupito i presenti per la variet\u00e0 delle specialit\u00e0, per la presentazione, per la creativit\u00e0 e per le capacit\u00e0 organizzative, considerando che i piatti vengono realizzati quasi totalmente in camper. Un plauso per il grande impegno profuso a tutti coloro che hanno partecipato stuzzicando il palato, e non solo, con\u00a0spettacolari portate in rappresentanza della zona o regione di provenienza.<\/p>\n<p><img loading=\"lazy\" class=\"aligncenter wp-image-215418\" src=\"https:\/\/www.camperonline.it\/magazine\/wp-content\/uploads\/2015\/10\/27.jpg\" alt=\"27\" width=\"630\" height=\"418\" srcset=\"https:\/\/www.camperonline.it\/magazine\/wp-content\/uploads\/2015\/10\/27.jpg 1024w, https:\/\/www.camperonline.it\/magazine\/wp-content\/uploads\/2015\/10\/27-300x199.jpg 300w, https:\/\/www.camperonline.it\/magazine\/wp-content\/uploads\/2015\/10\/27-768x510.jpg 768w\" sizes=\"(max-width: 630px) 100vw, 630px\" \/><\/p>\n<p><img loading=\"lazy\" class=\"aligncenter wp-image-215419\" src=\"https:\/\/www.camperonline.it\/magazine\/wp-content\/uploads\/2015\/10\/32.jpg\" alt=\"32\" width=\"630\" height=\"418\" srcset=\"https:\/\/www.camperonline.it\/magazine\/wp-content\/uploads\/2015\/10\/32.jpg 1024w, https:\/\/www.camperonline.it\/magazine\/wp-content\/uploads\/2015\/10\/32-300x199.jpg 300w, https:\/\/www.camperonline.it\/magazine\/wp-content\/uploads\/2015\/10\/32-768x510.jpg 768w\" sizes=\"(max-width: 630px) 100vw, 630px\" \/><\/p>\n<p>La piovosa mattinata di domenica 18 non ha scoraggiato gli appassionati grigliatori presenti, muniti delle proprie attrezzature e di ricette personali, che si sono radunati per la gran rassegna di <strong>BBQ<\/strong> valida per il titolo di <strong>Master Cook di CamperOnChef 2015<\/strong>. Decine di griglie fumanti hanno scaldato l&#8217;ambiente e l&#8217;evento, che si \u00e8 concluso con il grande pranzo in allegria in compagnia di tutti gli equipaggi, al riparo del grande padiglione messo gentilmente a disposizione dal Comune di Cantalupo Ligure, tra scambi di piatti grigliati, dolci golosi e bicchieri di vino.<\/p>\n<p><img class=\"ngg-singlepic ngg-center aligncenter\" src=\"https:\/\/www.camperonline.it\/magazine\/wp-content\/gallery\/camperonchef-2015\/54.jpg\" alt=\"54\" \/><\/p>\n<p style=\"text-align: center;\"><img loading=\"lazy\" class=\"aligncenter size-full wp-image-215417\" src=\"https:\/\/www.camperonline.it\/magazine\/wp-content\/uploads\/2015\/10\/51.jpg\" alt=\"51\" width=\"630\" height=\"418\" srcset=\"https:\/\/www.camperonline.it\/magazine\/wp-content\/uploads\/2015\/10\/51.jpg 630w, https:\/\/www.camperonline.it\/magazine\/wp-content\/uploads\/2015\/10\/51-300x199.jpg 300w\" sizes=\"(max-width: 630px) 100vw, 630px\" \/><\/p>\n<p>Numerosi i riconoscimenti assegnati ai partecipanti delle varie sfide, messi generosamente a disposizione dalle numerose aziende che ringraziamo per aver contribuito a sostenere la manifestazione, e &#8211; ove possibile &#8211; essere state presenti esponendo anche loro prodotti, per l&#8217;interesse dei convenuti: <a href=\"https:\/\/www.camperonline.it\/_goToSite.asp?titolo=Visita%20il%20sito%20di%20Sunlight&amp;urlsito=www.sunlight-caravaning.de\" target=\"_blank\"><strong>SunLight<\/strong><\/a>, <a href=\"https:\/\/www.camperonline.it\/_goToSite.asp?titolo=Visita%20il%20sito%20di%20Laika&amp;urlsito=www.laika.it\" target=\"_blank\"><strong>Laika<\/strong><\/a>, <a href=\"https:\/\/www.camperonline.it\/_goToSite.asp?titolo=Visita%20il%20sito%20di%20Thetford&amp;urlsito=www.thetford-europe.com\" target=\"_blank\"><strong>Thetford<\/strong><\/a>, <a href=\"https:\/\/www.camperonline.it\/_goToSite.asp?titolo=Visita%20il%20sito%20di%20Teleco&amp;urlsito=www.camperonline.it\/_b.asp?B=48OOOOO@@@accessori-cellula.asp\" target=\"_blank\"><strong>Teleco<\/strong><\/a>, <a href=\"https:\/\/www.camperonline.it\/_goToSite.asp?titolo=Visita%20il%20sito%20di%20Autocaravan%20Massaua&amp;urlsito=www.autocaravanmassaua.it\" target=\"_blank\"><strong>Autocaravan Massaua<\/strong><\/a>,\u00a0<a href=\"https:\/\/www.camperonline.it\/_goToSite.asp?titolo=Visita%20il%20sito%20di%20CBE&amp;urlsito=www.cbe.it\" target=\"_blank\"><strong>CBE<\/strong><\/a>,\u00a0<a href=\"https:\/\/www.camperonline.it\/_goToSite.asp?titolo=Visita%20il%20sito%20di%20france%20-%20passion&amp;urlsito=www.france-passion.com\" target=\"_blank\"><strong>France Passion<\/strong><\/a>, <a href=\"http:\/\/www.facebook.com\/associazioneculturale.vivicamper\" target=\"_blank\"><strong>Vivicamper<\/strong><\/a>.<br \/>\nInsieme al consueto &#8220;<strong>Welcome kit<\/strong>&#8220;, contenente materiale informativo di\u00a0<a href=\"https:\/\/www.camperonline.it\/_goToSite.asp?titolo=Visita%20il%20sito%20di%20Teleco&amp;urlsito=www.camperonline.it\/_b.asp?B=48OOOOO@@@accessori-cellula.asp\" target=\"_blank\"><strong>Teleco<\/strong><\/a>, <a href=\"https:\/\/www.camperonline.it\/_goToSite.asp?titolo=Visita%20il%20sito%20di%20Sunlight&amp;urlsito=www.sunlight-caravaning.de\" target=\"_blank\"><strong>Sunlight<\/strong><\/a>, <strong><a href=\"https:\/\/www.camperonline.it\/_goToSite.asp?titolo=Visita%20il%20sito%20di%20Thetford&amp;urlsito=www.thetford-europe.com\" target=\"_blank\">Thetford<\/a>, <a href=\"https:\/\/www.camperonline.it\/_b.asp?B=38OOOOO@@@assicurazioni.asp\" target=\"_blank\">Assicurazioni Toninelli<\/a>, <a href=\"https:\/\/www.camperonline.it\/_goToSite.asp?titolo=Visita%20il%20sito%20di%20Laboratorio%20Rio&amp;urlsito=www.laboratoriorio.it\" target=\"_blank\">Laboratorio Rio<\/a>, <a href=\"https:\/\/www.camperonline.it\/_goToSite.asp?titolo=Visita%20il%20sito%20di%20Webasto%20Thermo%20e%20Comfort%20Italy%20S.r.l.&amp;urlsito=www.camperonline.it\/_b.asp?B=11OOOOO@@@accessori-cellula.asp\" target=\"_blank\">Webasto<\/a>, <a href=\"https:\/\/www.camperonline.it\/_goToSite.asp?titolo=Visita%20il%20sito%20di%20Niesmann%20e%20Bischoff&amp;urlsito=www.niesmann-bischoff.com\" target=\"_blank\">Niesmann &amp; Bischoff<\/a><\/strong>\u00a0e vari omaggi, ad ogni equipaggio \u00e8 stato consegnata una bottiglia di vino della locale <strong>Azienda Vinicola Poggio<\/strong>, con etichetta personalizzata e celebrativa dell&#8217;Edizione 2015 di <strong>CamperOnChef<\/strong>.<\/p>\n<p>Un ringraziamento di cuore \u00e8 rivolto ai produttori locali che durante l&#8217;arco della giornata di sabato hanno esposto specialit\u00e0 casearie, prodotti di apicoltura, variet\u00e0 storiche di grano della <strong>Val Borbera<\/strong>, saporite e senza glutine, vari tipi di patate biologiche.<\/p>\n<p><img loading=\"lazy\" class=\"aligncenter size-full wp-image-215422\" src=\"https:\/\/www.camperonline.it\/magazine\/wp-content\/uploads\/2015\/10\/83.jpg\" alt=\"83\" width=\"630\" height=\"418\" srcset=\"https:\/\/www.camperonline.it\/magazine\/wp-content\/uploads\/2015\/10\/83.jpg 630w, https:\/\/www.camperonline.it\/magazine\/wp-content\/uploads\/2015\/10\/83-300x199.jpg 300w\" sizes=\"(max-width: 630px) 100vw, 630px\" \/><\/p>\n<p style=\"text-align: center;\"><img loading=\"lazy\" class=\"aligncenter size-full wp-image-215424\" src=\"https:\/\/www.camperonline.it\/magazine\/wp-content\/uploads\/2015\/10\/79.jpg\" alt=\"79\" width=\"630\" height=\"418\" srcset=\"https:\/\/www.camperonline.it\/magazine\/wp-content\/uploads\/2015\/10\/79.jpg 630w, https:\/\/www.camperonline.it\/magazine\/wp-content\/uploads\/2015\/10\/79-300x199.jpg 300w\" sizes=\"(max-width: 630px) 100vw, 630px\" \/><\/p>\n<p>Infine, un <strong>Grazie speciale all&#8217;amico Marco<\/strong> il cui impegno e dedizione in corso d&#8217;opera hanno favorito la perfetta riuscita anche della la seconda edizione di CamperOnChef.<\/p>\n<p>A tutti, un arrivederci al prossimo evento di <strong>CamperOnLine!<\/strong><\/p>\n<p>\n<div class=\"ngg-galleryoverview\" id=\"ngg-gallery-226349-195334\">\n\n\n\t<!-- Thumbnails -->\n    \t\t\n\t<div id=\"ngg-image-81306\" class=\"ngg-gallery-thumbnail-box\" style=\"width:20%;\" >\n\t\t<div class=\"ngg-gallery-thumbnail\" >\n\t\t\t<a href=\"https:\/\/www.camperonline.it\/magazine\/wp-content\/gallery\/camperonchef-2015\/66.jpg\"\n               title=\" \"\n               class=\"ngg-fancybox\" rel=\"226349\" data-image-id=\"81306\" data-src=\"https:\/\/www.camperonline.it\/magazine\/wp-content\/gallery\/camperonchef-2015\/66.jpg\" data-thumbnail=\"https:\/\/www.camperonline.it\/magazine\/wp-content\/gallery\/camperonchef-2015\/thumbs\/thumbs_66.jpg\" data-title=\"66\" data-description=\" \" >\n\t\t\t\t\t\t\t\t<img title=\"66\" alt=\"66\" src=\"https:\/\/www.camperonline.it\/magazine\/wp-content\/gallery\/camperonchef-2015\/thumbs\/thumbs_66.jpg\" width='100' height='75' \/>\n\t\t\t\t\t\t\t<\/a>\n\t\t<\/div>\n\t<\/div>\n\n                        \n \t\t\n\t<div id=\"ngg-image-81317\" class=\"ngg-gallery-thumbnail-box\" style=\"width:20%;\" >\n\t\t<div class=\"ngg-gallery-thumbnail\" >\n\t\t\t<a href=\"https:\/\/www.camperonline.it\/magazine\/wp-content\/gallery\/camperonchef-2015\/77.jpg\"\n               title=\" \"\n               class=\"ngg-fancybox\" rel=\"226349\" data-image-id=\"81317\" data-src=\"https:\/\/www.camperonline.it\/magazine\/wp-content\/gallery\/camperonchef-2015\/77.jpg\" data-thumbnail=\"https:\/\/www.camperonline.it\/magazine\/wp-content\/gallery\/camperonchef-2015\/thumbs\/thumbs_77.jpg\" data-title=\"77\" data-description=\" \" >\n\t\t\t\t\t\t\t\t<img title=\"77\" alt=\"77\" src=\"https:\/\/www.camperonline.it\/magazine\/wp-content\/gallery\/camperonchef-2015\/thumbs\/thumbs_77.jpg\" width='100' height='75' \/>\n\t\t\t\t\t\t\t<\/a>\n\t\t<\/div>\n\t<\/div>\n\n                        \n \t\t\n\t<div id=\"ngg-image-81316\" class=\"ngg-gallery-thumbnail-box\" style=\"width:20%;\" >\n\t\t<div class=\"ngg-gallery-thumbnail\" >\n\t\t\t<a href=\"https:\/\/www.camperonline.it\/magazine\/wp-content\/gallery\/camperonchef-2015\/76.jpg\"\n               title=\" \"\n               class=\"ngg-fancybox\" rel=\"226349\" data-image-id=\"81316\" data-src=\"https:\/\/www.camperonline.it\/magazine\/wp-content\/gallery\/camperonchef-2015\/76.jpg\" data-thumbnail=\"https:\/\/www.camperonline.it\/magazine\/wp-content\/gallery\/camperonchef-2015\/thumbs\/thumbs_76.jpg\" data-title=\"76\" data-description=\" \" >\n\t\t\t\t\t\t\t\t<img title=\"76\" alt=\"76\" src=\"https:\/\/www.camperonline.it\/magazine\/wp-content\/gallery\/camperonchef-2015\/thumbs\/thumbs_76.jpg\" width='100' height='75' \/>\n\t\t\t\t\t\t\t<\/a>\n\t\t<\/div>\n\t<\/div>\n\n                        \n \t\t\n\t<div id=\"ngg-image-81315\" class=\"ngg-gallery-thumbnail-box\" style=\"width:20%;\" >\n\t\t<div class=\"ngg-gallery-thumbnail\" >\n\t\t\t<a href=\"https:\/\/www.camperonline.it\/magazine\/wp-content\/gallery\/camperonchef-2015\/75.jpg\"\n               title=\" \"\n               class=\"ngg-fancybox\" rel=\"226349\" data-image-id=\"81315\" data-src=\"https:\/\/www.camperonline.it\/magazine\/wp-content\/gallery\/camperonchef-2015\/75.jpg\" data-thumbnail=\"https:\/\/www.camperonline.it\/magazine\/wp-content\/gallery\/camperonchef-2015\/thumbs\/thumbs_75.jpg\" data-title=\"75\" data-description=\" \" >\n\t\t\t\t\t\t\t\t<img title=\"75\" alt=\"75\" src=\"https:\/\/www.camperonline.it\/magazine\/wp-content\/gallery\/camperonchef-2015\/thumbs\/thumbs_75.jpg\" width='100' height='75' \/>\n\t\t\t\t\t\t\t<\/a>\n\t\t<\/div>\n\t<\/div>\n\n                        \n \t\t\n\t<div id=\"ngg-image-81314\" class=\"ngg-gallery-thumbnail-box\" style=\"width:20%;\" >\n\t\t<div class=\"ngg-gallery-thumbnail\" >\n\t\t\t<a href=\"https:\/\/www.camperonline.it\/magazine\/wp-content\/gallery\/camperonchef-2015\/74.jpg\"\n               title=\" \"\n               class=\"ngg-fancybox\" rel=\"226349\" data-image-id=\"81314\" data-src=\"https:\/\/www.camperonline.it\/magazine\/wp-content\/gallery\/camperonchef-2015\/74.jpg\" data-thumbnail=\"https:\/\/www.camperonline.it\/magazine\/wp-content\/gallery\/camperonchef-2015\/thumbs\/thumbs_74.jpg\" data-title=\"74\" data-description=\" \" >\n\t\t\t\t\t\t\t\t<img title=\"74\" alt=\"74\" src=\"https:\/\/www.camperonline.it\/magazine\/wp-content\/gallery\/camperonchef-2015\/thumbs\/thumbs_74.jpg\" width='100' height='75' \/>\n\t\t\t\t\t\t\t<\/a>\n\t\t<\/div>\n\t<\/div>\n\n                            <br style=\"clear: both\" \/>\n                \n \t\t\n\t<div id=\"ngg-image-81313\" class=\"ngg-gallery-thumbnail-box\" style=\"width:20%;\" >\n\t\t<div class=\"ngg-gallery-thumbnail\" >\n\t\t\t<a href=\"https:\/\/www.camperonline.it\/magazine\/wp-content\/gallery\/camperonchef-2015\/73.jpg\"\n               title=\" \"\n               class=\"ngg-fancybox\" rel=\"226349\" data-image-id=\"81313\" data-src=\"https:\/\/www.camperonline.it\/magazine\/wp-content\/gallery\/camperonchef-2015\/73.jpg\" data-thumbnail=\"https:\/\/www.camperonline.it\/magazine\/wp-content\/gallery\/camperonchef-2015\/thumbs\/thumbs_73.jpg\" data-title=\"73\" data-description=\" \" >\n\t\t\t\t\t\t\t\t<img title=\"73\" alt=\"73\" src=\"https:\/\/www.camperonline.it\/magazine\/wp-content\/gallery\/camperonchef-2015\/thumbs\/thumbs_73.jpg\" width='100' height='75' \/>\n\t\t\t\t\t\t\t<\/a>\n\t\t<\/div>\n\t<\/div>\n\n                        \n \t\t\n\t<div id=\"ngg-image-81312\" class=\"ngg-gallery-thumbnail-box\" style=\"width:20%;\" >\n\t\t<div class=\"ngg-gallery-thumbnail\" >\n\t\t\t<a href=\"https:\/\/www.camperonline.it\/magazine\/wp-content\/gallery\/camperonchef-2015\/72.jpg\"\n               title=\" \"\n               class=\"ngg-fancybox\" rel=\"226349\" data-image-id=\"81312\" data-src=\"https:\/\/www.camperonline.it\/magazine\/wp-content\/gallery\/camperonchef-2015\/72.jpg\" data-thumbnail=\"https:\/\/www.camperonline.it\/magazine\/wp-content\/gallery\/camperonchef-2015\/thumbs\/thumbs_72.jpg\" data-title=\"72\" data-description=\" \" >\n\t\t\t\t\t\t\t\t<img title=\"72\" alt=\"72\" src=\"https:\/\/www.camperonline.it\/magazine\/wp-content\/gallery\/camperonchef-2015\/thumbs\/thumbs_72.jpg\" width='100' height='75' \/>\n\t\t\t\t\t\t\t<\/a>\n\t\t<\/div>\n\t<\/div>\n\n                        \n \t\t\n\t<div id=\"ngg-image-81311\" class=\"ngg-gallery-thumbnail-box\" style=\"width:20%;\" >\n\t\t<div class=\"ngg-gallery-thumbnail\" >\n\t\t\t<a href=\"https:\/\/www.camperonline.it\/magazine\/wp-content\/gallery\/camperonchef-2015\/71.jpg\"\n               title=\" \"\n               class=\"ngg-fancybox\" rel=\"226349\" data-image-id=\"81311\" data-src=\"https:\/\/www.camperonline.it\/magazine\/wp-content\/gallery\/camperonchef-2015\/71.jpg\" data-thumbnail=\"https:\/\/www.camperonline.it\/magazine\/wp-content\/gallery\/camperonchef-2015\/thumbs\/thumbs_71.jpg\" data-title=\"71\" data-description=\" \" >\n\t\t\t\t\t\t\t\t<img title=\"71\" alt=\"71\" src=\"https:\/\/www.camperonline.it\/magazine\/wp-content\/gallery\/camperonchef-2015\/thumbs\/thumbs_71.jpg\" width='100' height='75' \/>\n\t\t\t\t\t\t\t<\/a>\n\t\t<\/div>\n\t<\/div>\n\n                        \n \t\t\n\t<div id=\"ngg-image-81310\" class=\"ngg-gallery-thumbnail-box\" style=\"width:20%;\" >\n\t\t<div class=\"ngg-gallery-thumbnail\" >\n\t\t\t<a href=\"https:\/\/www.camperonline.it\/magazine\/wp-content\/gallery\/camperonchef-2015\/70.jpg\"\n               title=\" \"\n               class=\"ngg-fancybox\" rel=\"226349\" data-image-id=\"81310\" data-src=\"https:\/\/www.camperonline.it\/magazine\/wp-content\/gallery\/camperonchef-2015\/70.jpg\" data-thumbnail=\"https:\/\/www.camperonline.it\/magazine\/wp-content\/gallery\/camperonchef-2015\/thumbs\/thumbs_70.jpg\" data-title=\"70\" data-description=\" \" >\n\t\t\t\t\t\t\t\t<img title=\"70\" alt=\"70\" src=\"https:\/\/www.camperonline.it\/magazine\/wp-content\/gallery\/camperonchef-2015\/thumbs\/thumbs_70.jpg\" width='100' height='75' \/>\n\t\t\t\t\t\t\t<\/a>\n\t\t<\/div>\n\t<\/div>\n\n                        \n \t\t\n\t<div id=\"ngg-image-81309\" class=\"ngg-gallery-thumbnail-box\" style=\"width:20%;\" >\n\t\t<div class=\"ngg-gallery-thumbnail\" >\n\t\t\t<a href=\"https:\/\/www.camperonline.it\/magazine\/wp-content\/gallery\/camperonchef-2015\/69.jpg\"\n               title=\" \"\n               class=\"ngg-fancybox\" rel=\"226349\" data-image-id=\"81309\" data-src=\"https:\/\/www.camperonline.it\/magazine\/wp-content\/gallery\/camperonchef-2015\/69.jpg\" data-thumbnail=\"https:\/\/www.camperonline.it\/magazine\/wp-content\/gallery\/camperonchef-2015\/thumbs\/thumbs_69.jpg\" data-title=\"69\" data-description=\" \" >\n\t\t\t\t\t\t\t\t<img title=\"69\" alt=\"69\" src=\"https:\/\/www.camperonline.it\/magazine\/wp-content\/gallery\/camperonchef-2015\/thumbs\/thumbs_69.jpg\" width='100' height='75' \/>\n\t\t\t\t\t\t\t<\/a>\n\t\t<\/div>\n\t<\/div>\n\n                            <br style=\"clear: both\" \/>\n                \n \t\t\n\t<div id=\"ngg-image-81308\" class=\"ngg-gallery-thumbnail-box\" style=\"width:20%;\" >\n\t\t<div class=\"ngg-gallery-thumbnail\" >\n\t\t\t<a href=\"https:\/\/www.camperonline.it\/magazine\/wp-content\/gallery\/camperonchef-2015\/68.jpg\"\n               title=\" \"\n               class=\"ngg-fancybox\" rel=\"226349\" data-image-id=\"81308\" data-src=\"https:\/\/www.camperonline.it\/magazine\/wp-content\/gallery\/camperonchef-2015\/68.jpg\" data-thumbnail=\"https:\/\/www.camperonline.it\/magazine\/wp-content\/gallery\/camperonchef-2015\/thumbs\/thumbs_68.jpg\" data-title=\"68\" data-description=\" \" >\n\t\t\t\t\t\t\t\t<img title=\"68\" alt=\"68\" src=\"https:\/\/www.camperonline.it\/magazine\/wp-content\/gallery\/camperonchef-2015\/thumbs\/thumbs_68.jpg\" width='100' height='75' \/>\n\t\t\t\t\t\t\t<\/a>\n\t\t<\/div>\n\t<\/div>\n\n                        \n \t\t\n\t<div id=\"ngg-image-81307\" class=\"ngg-gallery-thumbnail-box\" style=\"width:20%;\" >\n\t\t<div class=\"ngg-gallery-thumbnail\" >\n\t\t\t<a href=\"https:\/\/www.camperonline.it\/magazine\/wp-content\/gallery\/camperonchef-2015\/67.jpg\"\n               title=\" \"\n               class=\"ngg-fancybox\" rel=\"226349\" data-image-id=\"81307\" data-src=\"https:\/\/www.camperonline.it\/magazine\/wp-content\/gallery\/camperonchef-2015\/67.jpg\" data-thumbnail=\"https:\/\/www.camperonline.it\/magazine\/wp-content\/gallery\/camperonchef-2015\/thumbs\/thumbs_67.jpg\" data-title=\"67\" data-description=\" \" >\n\t\t\t\t\t\t\t\t<img title=\"67\" alt=\"67\" src=\"https:\/\/www.camperonline.it\/magazine\/wp-content\/gallery\/camperonchef-2015\/thumbs\/thumbs_67.jpg\" width='100' height='75' \/>\n\t\t\t\t\t\t\t<\/a>\n\t\t<\/div>\n\t<\/div>\n\n                        \n \t\t\n\t<div id=\"ngg-image-81318\" class=\"ngg-gallery-thumbnail-box\" style=\"width:20%;\" >\n\t\t<div class=\"ngg-gallery-thumbnail\" >\n\t\t\t<a href=\"https:\/\/www.camperonline.it\/magazine\/wp-content\/gallery\/camperonchef-2015\/78.jpg\"\n               title=\" \"\n               class=\"ngg-fancybox\" rel=\"226349\" data-image-id=\"81318\" data-src=\"https:\/\/www.camperonline.it\/magazine\/wp-content\/gallery\/camperonchef-2015\/78.jpg\" data-thumbnail=\"https:\/\/www.camperonline.it\/magazine\/wp-content\/gallery\/camperonchef-2015\/thumbs\/thumbs_78.jpg\" data-title=\"78\" data-description=\" \" >\n\t\t\t\t\t\t\t\t<img title=\"78\" alt=\"78\" src=\"https:\/\/www.camperonline.it\/magazine\/wp-content\/gallery\/camperonchef-2015\/thumbs\/thumbs_78.jpg\" width='100' height='75' \/>\n\t\t\t\t\t\t\t<\/a>\n\t\t<\/div>\n\t<\/div>\n\n                        \n \t\t\n\t<div id=\"ngg-image-81305\" class=\"ngg-gallery-thumbnail-box\" style=\"width:20%;\" >\n\t\t<div class=\"ngg-gallery-thumbnail\" >\n\t\t\t<a href=\"https:\/\/www.camperonline.it\/magazine\/wp-content\/gallery\/camperonchef-2015\/65.jpg\"\n               title=\" \"\n               class=\"ngg-fancybox\" rel=\"226349\" data-image-id=\"81305\" data-src=\"https:\/\/www.camperonline.it\/magazine\/wp-content\/gallery\/camperonchef-2015\/65.jpg\" data-thumbnail=\"https:\/\/www.camperonline.it\/magazine\/wp-content\/gallery\/camperonchef-2015\/thumbs\/thumbs_65.jpg\" data-title=\"65\" data-description=\" \" >\n\t\t\t\t\t\t\t\t<img title=\"65\" alt=\"65\" src=\"https:\/\/www.camperonline.it\/magazine\/wp-content\/gallery\/camperonchef-2015\/thumbs\/thumbs_65.jpg\" width='100' height='75' \/>\n\t\t\t\t\t\t\t<\/a>\n\t\t<\/div>\n\t<\/div>\n\n                        \n \t\t\n\t<div id=\"ngg-image-81304\" class=\"ngg-gallery-thumbnail-box\" style=\"width:20%;\" >\n\t\t<div class=\"ngg-gallery-thumbnail\" >\n\t\t\t<a href=\"https:\/\/www.camperonline.it\/magazine\/wp-content\/gallery\/camperonchef-2015\/64.jpg\"\n               title=\" \"\n               class=\"ngg-fancybox\" rel=\"226349\" data-image-id=\"81304\" data-src=\"https:\/\/www.camperonline.it\/magazine\/wp-content\/gallery\/camperonchef-2015\/64.jpg\" data-thumbnail=\"https:\/\/www.camperonline.it\/magazine\/wp-content\/gallery\/camperonchef-2015\/thumbs\/thumbs_64.jpg\" data-title=\"64\" data-description=\" \" >\n\t\t\t\t\t\t\t\t<img title=\"64\" alt=\"64\" src=\"https:\/\/www.camperonline.it\/magazine\/wp-content\/gallery\/camperonchef-2015\/thumbs\/thumbs_64.jpg\" width='100' height='75' \/>\n\t\t\t\t\t\t\t<\/a>\n\t\t<\/div>\n\t<\/div>\n\n                            <br style=\"clear: both\" \/>\n                \n \t\t\n\t<div id=\"ngg-image-81303\" class=\"ngg-gallery-thumbnail-box\" style=\"width:20%;\" >\n\t\t<div class=\"ngg-gallery-thumbnail\" >\n\t\t\t<a href=\"https:\/\/www.camperonline.it\/magazine\/wp-content\/gallery\/camperonchef-2015\/63.jpg\"\n               title=\" \"\n               class=\"ngg-fancybox\" rel=\"226349\" data-image-id=\"81303\" data-src=\"https:\/\/www.camperonline.it\/magazine\/wp-content\/gallery\/camperonchef-2015\/63.jpg\" data-thumbnail=\"https:\/\/www.camperonline.it\/magazine\/wp-content\/gallery\/camperonchef-2015\/thumbs\/thumbs_63.jpg\" data-title=\"63\" data-description=\" \" >\n\t\t\t\t\t\t\t\t<img title=\"63\" alt=\"63\" src=\"https:\/\/www.camperonline.it\/magazine\/wp-content\/gallery\/camperonchef-2015\/thumbs\/thumbs_63.jpg\" width='100' height='75' \/>\n\t\t\t\t\t\t\t<\/a>\n\t\t<\/div>\n\t<\/div>\n\n                        \n \t\t\n\t<div id=\"ngg-image-81302\" class=\"ngg-gallery-thumbnail-box\" style=\"width:20%;\" >\n\t\t<div class=\"ngg-gallery-thumbnail\" >\n\t\t\t<a href=\"https:\/\/www.camperonline.it\/magazine\/wp-content\/gallery\/camperonchef-2015\/62.jpg\"\n               title=\" \"\n               class=\"ngg-fancybox\" rel=\"226349\" data-image-id=\"81302\" data-src=\"https:\/\/www.camperonline.it\/magazine\/wp-content\/gallery\/camperonchef-2015\/62.jpg\" data-thumbnail=\"https:\/\/www.camperonline.it\/magazine\/wp-content\/gallery\/camperonchef-2015\/thumbs\/thumbs_62.jpg\" data-title=\"62\" data-description=\" \" >\n\t\t\t\t\t\t\t\t<img title=\"62\" alt=\"62\" src=\"https:\/\/www.camperonline.it\/magazine\/wp-content\/gallery\/camperonchef-2015\/thumbs\/thumbs_62.jpg\" width='100' height='75' \/>\n\t\t\t\t\t\t\t<\/a>\n\t\t<\/div>\n\t<\/div>\n\n                        \n \t\t\n\t<div id=\"ngg-image-81301\" class=\"ngg-gallery-thumbnail-box\" style=\"width:20%;\" >\n\t\t<div class=\"ngg-gallery-thumbnail\" >\n\t\t\t<a href=\"https:\/\/www.camperonline.it\/magazine\/wp-content\/gallery\/camperonchef-2015\/61.jpg\"\n               title=\" \"\n               class=\"ngg-fancybox\" rel=\"226349\" data-image-id=\"81301\" data-src=\"https:\/\/www.camperonline.it\/magazine\/wp-content\/gallery\/camperonchef-2015\/61.jpg\" data-thumbnail=\"https:\/\/www.camperonline.it\/magazine\/wp-content\/gallery\/camperonchef-2015\/thumbs\/thumbs_61.jpg\" data-title=\"61\" data-description=\" \" >\n\t\t\t\t\t\t\t\t<img title=\"61\" alt=\"61\" src=\"https:\/\/www.camperonline.it\/magazine\/wp-content\/gallery\/camperonchef-2015\/thumbs\/thumbs_61.jpg\" width='100' height='75' \/>\n\t\t\t\t\t\t\t<\/a>\n\t\t<\/div>\n\t<\/div>\n\n                        \n \t\t\n\t<div id=\"ngg-image-81300\" class=\"ngg-gallery-thumbnail-box\" style=\"width:20%;\" >\n\t\t<div class=\"ngg-gallery-thumbnail\" >\n\t\t\t<a href=\"https:\/\/www.camperonline.it\/magazine\/wp-content\/gallery\/camperonchef-2015\/60.jpg\"\n               title=\" \"\n               class=\"ngg-fancybox\" rel=\"226349\" data-image-id=\"81300\" data-src=\"https:\/\/www.camperonline.it\/magazine\/wp-content\/gallery\/camperonchef-2015\/60.jpg\" data-thumbnail=\"https:\/\/www.camperonline.it\/magazine\/wp-content\/gallery\/camperonchef-2015\/thumbs\/thumbs_60.jpg\" data-title=\"60\" data-description=\" \" >\n\t\t\t\t\t\t\t\t<img title=\"60\" alt=\"60\" src=\"https:\/\/www.camperonline.it\/magazine\/wp-content\/gallery\/camperonchef-2015\/thumbs\/thumbs_60.jpg\" width='100' height='75' \/>\n\t\t\t\t\t\t\t<\/a>\n\t\t<\/div>\n\t<\/div>\n\n                        \n \t\t\n\t<div id=\"ngg-image-81299\" class=\"ngg-gallery-thumbnail-box\" style=\"width:20%;\" >\n\t\t<div class=\"ngg-gallery-thumbnail\" >\n\t\t\t<a href=\"https:\/\/www.camperonline.it\/magazine\/wp-content\/gallery\/camperonchef-2015\/59.jpg\"\n               title=\" \"\n               class=\"ngg-fancybox\" rel=\"226349\" data-image-id=\"81299\" data-src=\"https:\/\/www.camperonline.it\/magazine\/wp-content\/gallery\/camperonchef-2015\/59.jpg\" data-thumbnail=\"https:\/\/www.camperonline.it\/magazine\/wp-content\/gallery\/camperonchef-2015\/thumbs\/thumbs_59.jpg\" data-title=\"59\" data-description=\" \" >\n\t\t\t\t\t\t\t\t<img title=\"59\" alt=\"59\" src=\"https:\/\/www.camperonline.it\/magazine\/wp-content\/gallery\/camperonchef-2015\/thumbs\/thumbs_59.jpg\" width='100' height='75' \/>\n\t\t\t\t\t\t\t<\/a>\n\t\t<\/div>\n\t<\/div>\n\n                            <br style=\"clear: both\" \/>\n                \n \t\t\n\t<div id=\"ngg-image-81298\" class=\"ngg-gallery-thumbnail-box\" style=\"width:20%;\" >\n\t\t<div class=\"ngg-gallery-thumbnail\" >\n\t\t\t<a href=\"https:\/\/www.camperonline.it\/magazine\/wp-content\/gallery\/camperonchef-2015\/58.jpg\"\n               title=\" \"\n               class=\"ngg-fancybox\" rel=\"226349\" data-image-id=\"81298\" data-src=\"https:\/\/www.camperonline.it\/magazine\/wp-content\/gallery\/camperonchef-2015\/58.jpg\" data-thumbnail=\"https:\/\/www.camperonline.it\/magazine\/wp-content\/gallery\/camperonchef-2015\/thumbs\/thumbs_58.jpg\" data-title=\"58\" data-description=\" \" >\n\t\t\t\t\t\t\t\t<img title=\"58\" alt=\"58\" src=\"https:\/\/www.camperonline.it\/magazine\/wp-content\/gallery\/camperonchef-2015\/thumbs\/thumbs_58.jpg\" width='100' height='75' \/>\n\t\t\t\t\t\t\t<\/a>\n\t\t<\/div>\n\t<\/div>\n\n                        \n \t\t\n\t<div id=\"ngg-image-81297\" class=\"ngg-gallery-thumbnail-box\" style=\"width:20%;\" >\n\t\t<div class=\"ngg-gallery-thumbnail\" >\n\t\t\t<a href=\"https:\/\/www.camperonline.it\/magazine\/wp-content\/gallery\/camperonchef-2015\/57.jpg\"\n               title=\" \"\n               class=\"ngg-fancybox\" rel=\"226349\" data-image-id=\"81297\" data-src=\"https:\/\/www.camperonline.it\/magazine\/wp-content\/gallery\/camperonchef-2015\/57.jpg\" data-thumbnail=\"https:\/\/www.camperonline.it\/magazine\/wp-content\/gallery\/camperonchef-2015\/thumbs\/thumbs_57.jpg\" data-title=\"57\" data-description=\" \" >\n\t\t\t\t\t\t\t\t<img title=\"57\" alt=\"57\" src=\"https:\/\/www.camperonline.it\/magazine\/wp-content\/gallery\/camperonchef-2015\/thumbs\/thumbs_57.jpg\" width='100' height='75' \/>\n\t\t\t\t\t\t\t<\/a>\n\t\t<\/div>\n\t<\/div>\n\n                        \n \t\t\n\t<div id=\"ngg-image-81296\" class=\"ngg-gallery-thumbnail-box\" style=\"width:20%;\" >\n\t\t<div class=\"ngg-gallery-thumbnail\" >\n\t\t\t<a href=\"https:\/\/www.camperonline.it\/magazine\/wp-content\/gallery\/camperonchef-2015\/56.jpg\"\n               title=\" \"\n               class=\"ngg-fancybox\" rel=\"226349\" data-image-id=\"81296\" data-src=\"https:\/\/www.camperonline.it\/magazine\/wp-content\/gallery\/camperonchef-2015\/56.jpg\" data-thumbnail=\"https:\/\/www.camperonline.it\/magazine\/wp-content\/gallery\/camperonchef-2015\/thumbs\/thumbs_56.jpg\" data-title=\"56\" data-description=\" \" >\n\t\t\t\t\t\t\t\t<img title=\"56\" alt=\"56\" src=\"https:\/\/www.camperonline.it\/magazine\/wp-content\/gallery\/camperonchef-2015\/thumbs\/thumbs_56.jpg\" width='100' height='75' \/>\n\t\t\t\t\t\t\t<\/a>\n\t\t<\/div>\n\t<\/div>\n\n                        \n \t\t\n\t<div id=\"ngg-image-81329\" class=\"ngg-gallery-thumbnail-box\" style=\"width:20%;\" >\n\t\t<div class=\"ngg-gallery-thumbnail\" >\n\t\t\t<a href=\"https:\/\/www.camperonline.it\/magazine\/wp-content\/gallery\/camperonchef-2015\/89.jpg\"\n               title=\" \"\n               class=\"ngg-fancybox\" rel=\"226349\" data-image-id=\"81329\" data-src=\"https:\/\/www.camperonline.it\/magazine\/wp-content\/gallery\/camperonchef-2015\/89.jpg\" data-thumbnail=\"https:\/\/www.camperonline.it\/magazine\/wp-content\/gallery\/camperonchef-2015\/thumbs\/thumbs_89.jpg\" data-title=\"89\" data-description=\" \" >\n\t\t\t\t\t\t\t\t<img title=\"89\" alt=\"89\" src=\"https:\/\/www.camperonline.it\/magazine\/wp-content\/gallery\/camperonchef-2015\/thumbs\/thumbs_89.jpg\" width='100' height='75' \/>\n\t\t\t\t\t\t\t<\/a>\n\t\t<\/div>\n\t<\/div>\n\n                        \n \t\t\n\t<div id=\"ngg-image-81339\" class=\"ngg-gallery-thumbnail-box\" style=\"width:20%;\" >\n\t\t<div class=\"ngg-gallery-thumbnail\" >\n\t\t\t<a href=\"https:\/\/www.camperonline.it\/magazine\/wp-content\/gallery\/camperonchef-2015\/99.jpg\"\n               title=\" \"\n               class=\"ngg-fancybox\" rel=\"226349\" data-image-id=\"81339\" data-src=\"https:\/\/www.camperonline.it\/magazine\/wp-content\/gallery\/camperonchef-2015\/99.jpg\" data-thumbnail=\"https:\/\/www.camperonline.it\/magazine\/wp-content\/gallery\/camperonchef-2015\/thumbs\/thumbs_99.jpg\" data-title=\"99\" data-description=\" \" >\n\t\t\t\t\t\t\t\t<img title=\"99\" alt=\"99\" src=\"https:\/\/www.camperonline.it\/magazine\/wp-content\/gallery\/camperonchef-2015\/thumbs\/thumbs_99.jpg\" width='100' height='75' \/>\n\t\t\t\t\t\t\t<\/a>\n\t\t<\/div>\n\t<\/div>\n\n                            <br style=\"clear: both\" \/>\n                \n \t\t\n\t<div id=\"ngg-image-81338\" class=\"ngg-gallery-thumbnail-box\" style=\"width:20%;\" >\n\t\t<div class=\"ngg-gallery-thumbnail\" >\n\t\t\t<a href=\"https:\/\/www.camperonline.it\/magazine\/wp-content\/gallery\/camperonchef-2015\/98.jpg\"\n               title=\" \"\n               class=\"ngg-fancybox\" rel=\"226349\" data-image-id=\"81338\" data-src=\"https:\/\/www.camperonline.it\/magazine\/wp-content\/gallery\/camperonchef-2015\/98.jpg\" data-thumbnail=\"https:\/\/www.camperonline.it\/magazine\/wp-content\/gallery\/camperonchef-2015\/thumbs\/thumbs_98.jpg\" data-title=\"98\" data-description=\" \" >\n\t\t\t\t\t\t\t\t<img title=\"98\" alt=\"98\" src=\"https:\/\/www.camperonline.it\/magazine\/wp-content\/gallery\/camperonchef-2015\/thumbs\/thumbs_98.jpg\" width='100' height='75' \/>\n\t\t\t\t\t\t\t<\/a>\n\t\t<\/div>\n\t<\/div>\n\n                        \n \t\t\n\t<div id=\"ngg-image-81337\" class=\"ngg-gallery-thumbnail-box\" style=\"width:20%;\" >\n\t\t<div class=\"ngg-gallery-thumbnail\" >\n\t\t\t<a href=\"https:\/\/www.camperonline.it\/magazine\/wp-content\/gallery\/camperonchef-2015\/97.jpg\"\n               title=\" \"\n               class=\"ngg-fancybox\" rel=\"226349\" data-image-id=\"81337\" data-src=\"https:\/\/www.camperonline.it\/magazine\/wp-content\/gallery\/camperonchef-2015\/97.jpg\" data-thumbnail=\"https:\/\/www.camperonline.it\/magazine\/wp-content\/gallery\/camperonchef-2015\/thumbs\/thumbs_97.jpg\" data-title=\"97\" data-description=\" \" >\n\t\t\t\t\t\t\t\t<img title=\"97\" alt=\"97\" src=\"https:\/\/www.camperonline.it\/magazine\/wp-content\/gallery\/camperonchef-2015\/thumbs\/thumbs_97.jpg\" width='100' height='75' \/>\n\t\t\t\t\t\t\t<\/a>\n\t\t<\/div>\n\t<\/div>\n\n                        \n \t\t\n\t<div id=\"ngg-image-81336\" class=\"ngg-gallery-thumbnail-box\" style=\"width:20%;\" >\n\t\t<div class=\"ngg-gallery-thumbnail\" >\n\t\t\t<a href=\"https:\/\/www.camperonline.it\/magazine\/wp-content\/gallery\/camperonchef-2015\/96.jpg\"\n               title=\" \"\n               class=\"ngg-fancybox\" rel=\"226349\" data-image-id=\"81336\" data-src=\"https:\/\/www.camperonline.it\/magazine\/wp-content\/gallery\/camperonchef-2015\/96.jpg\" data-thumbnail=\"https:\/\/www.camperonline.it\/magazine\/wp-content\/gallery\/camperonchef-2015\/thumbs\/thumbs_96.jpg\" data-title=\"96\" data-description=\" \" >\n\t\t\t\t\t\t\t\t<img title=\"96\" alt=\"96\" src=\"https:\/\/www.camperonline.it\/magazine\/wp-content\/gallery\/camperonchef-2015\/thumbs\/thumbs_96.jpg\" width='100' height='75' \/>\n\t\t\t\t\t\t\t<\/a>\n\t\t<\/div>\n\t<\/div>\n\n                        \n \t\t\n\t<div id=\"ngg-image-81335\" class=\"ngg-gallery-thumbnail-box\" style=\"width:20%;\" >\n\t\t<div class=\"ngg-gallery-thumbnail\" >\n\t\t\t<a href=\"https:\/\/www.camperonline.it\/magazine\/wp-content\/gallery\/camperonchef-2015\/95.jpg\"\n               title=\" \"\n               class=\"ngg-fancybox\" rel=\"226349\" data-image-id=\"81335\" data-src=\"https:\/\/www.camperonline.it\/magazine\/wp-content\/gallery\/camperonchef-2015\/95.jpg\" data-thumbnail=\"https:\/\/www.camperonline.it\/magazine\/wp-content\/gallery\/camperonchef-2015\/thumbs\/thumbs_95.jpg\" data-title=\"95\" data-description=\" \" >\n\t\t\t\t\t\t\t\t<img title=\"95\" alt=\"95\" src=\"https:\/\/www.camperonline.it\/magazine\/wp-content\/gallery\/camperonchef-2015\/thumbs\/thumbs_95.jpg\" width='100' height='75' \/>\n\t\t\t\t\t\t\t<\/a>\n\t\t<\/div>\n\t<\/div>\n\n                        \n \t\t\n\t<div id=\"ngg-image-81334\" class=\"ngg-gallery-thumbnail-box\" style=\"width:20%;\" >\n\t\t<div class=\"ngg-gallery-thumbnail\" >\n\t\t\t<a href=\"https:\/\/www.camperonline.it\/magazine\/wp-content\/gallery\/camperonchef-2015\/94.jpg\"\n               title=\" \"\n               class=\"ngg-fancybox\" rel=\"226349\" data-image-id=\"81334\" data-src=\"https:\/\/www.camperonline.it\/magazine\/wp-content\/gallery\/camperonchef-2015\/94.jpg\" data-thumbnail=\"https:\/\/www.camperonline.it\/magazine\/wp-content\/gallery\/camperonchef-2015\/thumbs\/thumbs_94.jpg\" data-title=\"94\" data-description=\" \" >\n\t\t\t\t\t\t\t\t<img title=\"94\" alt=\"94\" src=\"https:\/\/www.camperonline.it\/magazine\/wp-content\/gallery\/camperonchef-2015\/thumbs\/thumbs_94.jpg\" width='100' height='75' \/>\n\t\t\t\t\t\t\t<\/a>\n\t\t<\/div>\n\t<\/div>\n\n                            <br style=\"clear: both\" \/>\n                \n \t\t\n\t<div id=\"ngg-image-81333\" class=\"ngg-gallery-thumbnail-box\" style=\"width:20%;\" >\n\t\t<div class=\"ngg-gallery-thumbnail\" >\n\t\t\t<a href=\"https:\/\/www.camperonline.it\/magazine\/wp-content\/gallery\/camperonchef-2015\/93.jpg\"\n               title=\" \"\n               class=\"ngg-fancybox\" rel=\"226349\" data-image-id=\"81333\" data-src=\"https:\/\/www.camperonline.it\/magazine\/wp-content\/gallery\/camperonchef-2015\/93.jpg\" data-thumbnail=\"https:\/\/www.camperonline.it\/magazine\/wp-content\/gallery\/camperonchef-2015\/thumbs\/thumbs_93.jpg\" data-title=\"93\" data-description=\" \" >\n\t\t\t\t\t\t\t\t<img title=\"93\" alt=\"93\" src=\"https:\/\/www.camperonline.it\/magazine\/wp-content\/gallery\/camperonchef-2015\/thumbs\/thumbs_93.jpg\" width='100' height='75' \/>\n\t\t\t\t\t\t\t<\/a>\n\t\t<\/div>\n\t<\/div>\n\n                        \n \t\t\n\t<div id=\"ngg-image-81332\" class=\"ngg-gallery-thumbnail-box\" style=\"width:20%;\" >\n\t\t<div class=\"ngg-gallery-thumbnail\" >\n\t\t\t<a href=\"https:\/\/www.camperonline.it\/magazine\/wp-content\/gallery\/camperonchef-2015\/92.jpg\"\n               title=\" \"\n               class=\"ngg-fancybox\" rel=\"226349\" data-image-id=\"81332\" data-src=\"https:\/\/www.camperonline.it\/magazine\/wp-content\/gallery\/camperonchef-2015\/92.jpg\" data-thumbnail=\"https:\/\/www.camperonline.it\/magazine\/wp-content\/gallery\/camperonchef-2015\/thumbs\/thumbs_92.jpg\" data-title=\"92\" data-description=\" \" >\n\t\t\t\t\t\t\t\t<img title=\"92\" alt=\"92\" src=\"https:\/\/www.camperonline.it\/magazine\/wp-content\/gallery\/camperonchef-2015\/thumbs\/thumbs_92.jpg\" width='100' height='75' \/>\n\t\t\t\t\t\t\t<\/a>\n\t\t<\/div>\n\t<\/div>\n\n                        \n \t\t\n\t<div id=\"ngg-image-81331\" class=\"ngg-gallery-thumbnail-box\" style=\"width:20%;\" >\n\t\t<div class=\"ngg-gallery-thumbnail\" >\n\t\t\t<a href=\"https:\/\/www.camperonline.it\/magazine\/wp-content\/gallery\/camperonchef-2015\/91.jpg\"\n               title=\" \"\n               class=\"ngg-fancybox\" rel=\"226349\" data-image-id=\"81331\" data-src=\"https:\/\/www.camperonline.it\/magazine\/wp-content\/gallery\/camperonchef-2015\/91.jpg\" data-thumbnail=\"https:\/\/www.camperonline.it\/magazine\/wp-content\/gallery\/camperonchef-2015\/thumbs\/thumbs_91.jpg\" data-title=\"91\" data-description=\" \" >\n\t\t\t\t\t\t\t\t<img title=\"91\" alt=\"91\" src=\"https:\/\/www.camperonline.it\/magazine\/wp-content\/gallery\/camperonchef-2015\/thumbs\/thumbs_91.jpg\" width='100' height='75' \/>\n\t\t\t\t\t\t\t<\/a>\n\t\t<\/div>\n\t<\/div>\n\n                        \n \t\t\n\t<div id=\"ngg-image-81330\" class=\"ngg-gallery-thumbnail-box\" style=\"width:20%;\" >\n\t\t<div class=\"ngg-gallery-thumbnail\" >\n\t\t\t<a href=\"https:\/\/www.camperonline.it\/magazine\/wp-content\/gallery\/camperonchef-2015\/90.jpg\"\n               title=\" \"\n               class=\"ngg-fancybox\" rel=\"226349\" data-image-id=\"81330\" data-src=\"https:\/\/www.camperonline.it\/magazine\/wp-content\/gallery\/camperonchef-2015\/90.jpg\" data-thumbnail=\"https:\/\/www.camperonline.it\/magazine\/wp-content\/gallery\/camperonchef-2015\/thumbs\/thumbs_90.jpg\" data-title=\"90\" data-description=\" \" >\n\t\t\t\t\t\t\t\t<img title=\"90\" alt=\"90\" src=\"https:\/\/www.camperonline.it\/magazine\/wp-content\/gallery\/camperonchef-2015\/thumbs\/thumbs_90.jpg\" width='100' height='75' \/>\n\t\t\t\t\t\t\t<\/a>\n\t\t<\/div>\n\t<\/div>\n\n                        \n \t\t\n\t<div id=\"ngg-image-81295\" class=\"ngg-gallery-thumbnail-box\" style=\"width:20%;\" >\n\t\t<div class=\"ngg-gallery-thumbnail\" >\n\t\t\t<a href=\"https:\/\/www.camperonline.it\/magazine\/wp-content\/gallery\/camperonchef-2015\/55.jpg\"\n               title=\" \"\n               class=\"ngg-fancybox\" rel=\"226349\" data-image-id=\"81295\" data-src=\"https:\/\/www.camperonline.it\/magazine\/wp-content\/gallery\/camperonchef-2015\/55.jpg\" data-thumbnail=\"https:\/\/www.camperonline.it\/magazine\/wp-content\/gallery\/camperonchef-2015\/thumbs\/thumbs_55.jpg\" data-title=\"55\" data-description=\" \" >\n\t\t\t\t\t\t\t\t<img title=\"55\" alt=\"55\" src=\"https:\/\/www.camperonline.it\/magazine\/wp-content\/gallery\/camperonchef-2015\/thumbs\/thumbs_55.jpg\" width='100' height='75' \/>\n\t\t\t\t\t\t\t<\/a>\n\t\t<\/div>\n\t<\/div>\n\n                            <br style=\"clear: both\" \/>\n                \n \t\t\n\t<div id=\"ngg-image-81328\" class=\"ngg-gallery-thumbnail-box\" style=\"width:20%;\" >\n\t\t<div class=\"ngg-gallery-thumbnail\" >\n\t\t\t<a href=\"https:\/\/www.camperonline.it\/magazine\/wp-content\/gallery\/camperonchef-2015\/88.jpg\"\n               title=\" \"\n               class=\"ngg-fancybox\" rel=\"226349\" data-image-id=\"81328\" data-src=\"https:\/\/www.camperonline.it\/magazine\/wp-content\/gallery\/camperonchef-2015\/88.jpg\" data-thumbnail=\"https:\/\/www.camperonline.it\/magazine\/wp-content\/gallery\/camperonchef-2015\/thumbs\/thumbs_88.jpg\" data-title=\"88\" data-description=\" \" >\n\t\t\t\t\t\t\t\t<img title=\"88\" alt=\"88\" src=\"https:\/\/www.camperonline.it\/magazine\/wp-content\/gallery\/camperonchef-2015\/thumbs\/thumbs_88.jpg\" width='100' height='75' \/>\n\t\t\t\t\t\t\t<\/a>\n\t\t<\/div>\n\t<\/div>\n\n                        \n \t\t\n\t<div id=\"ngg-image-81327\" class=\"ngg-gallery-thumbnail-box\" style=\"width:20%;\" >\n\t\t<div class=\"ngg-gallery-thumbnail\" >\n\t\t\t<a href=\"https:\/\/www.camperonline.it\/magazine\/wp-content\/gallery\/camperonchef-2015\/87.jpg\"\n               title=\" \"\n               class=\"ngg-fancybox\" rel=\"226349\" data-image-id=\"81327\" data-src=\"https:\/\/www.camperonline.it\/magazine\/wp-content\/gallery\/camperonchef-2015\/87.jpg\" data-thumbnail=\"https:\/\/www.camperonline.it\/magazine\/wp-content\/gallery\/camperonchef-2015\/thumbs\/thumbs_87.jpg\" data-title=\"87\" data-description=\" \" >\n\t\t\t\t\t\t\t\t<img title=\"87\" alt=\"87\" src=\"https:\/\/www.camperonline.it\/magazine\/wp-content\/gallery\/camperonchef-2015\/thumbs\/thumbs_87.jpg\" width='100' height='75' \/>\n\t\t\t\t\t\t\t<\/a>\n\t\t<\/div>\n\t<\/div>\n\n                        \n \t\t\n\t<div id=\"ngg-image-81326\" class=\"ngg-gallery-thumbnail-box\" style=\"width:20%;\" >\n\t\t<div class=\"ngg-gallery-thumbnail\" >\n\t\t\t<a href=\"https:\/\/www.camperonline.it\/magazine\/wp-content\/gallery\/camperonchef-2015\/86.jpg\"\n               title=\" \"\n               class=\"ngg-fancybox\" rel=\"226349\" data-image-id=\"81326\" data-src=\"https:\/\/www.camperonline.it\/magazine\/wp-content\/gallery\/camperonchef-2015\/86.jpg\" data-thumbnail=\"https:\/\/www.camperonline.it\/magazine\/wp-content\/gallery\/camperonchef-2015\/thumbs\/thumbs_86.jpg\" data-title=\"86\" data-description=\" \" >\n\t\t\t\t\t\t\t\t<img title=\"86\" alt=\"86\" src=\"https:\/\/www.camperonline.it\/magazine\/wp-content\/gallery\/camperonchef-2015\/thumbs\/thumbs_86.jpg\" width='100' height='75' \/>\n\t\t\t\t\t\t\t<\/a>\n\t\t<\/div>\n\t<\/div>\n\n                        \n \t\t\n\t<div id=\"ngg-image-81325\" class=\"ngg-gallery-thumbnail-box\" style=\"width:20%;\" >\n\t\t<div class=\"ngg-gallery-thumbnail\" >\n\t\t\t<a href=\"https:\/\/www.camperonline.it\/magazine\/wp-content\/gallery\/camperonchef-2015\/85.jpg\"\n               title=\" \"\n               class=\"ngg-fancybox\" rel=\"226349\" data-image-id=\"81325\" data-src=\"https:\/\/www.camperonline.it\/magazine\/wp-content\/gallery\/camperonchef-2015\/85.jpg\" data-thumbnail=\"https:\/\/www.camperonline.it\/magazine\/wp-content\/gallery\/camperonchef-2015\/thumbs\/thumbs_85.jpg\" data-title=\"85\" data-description=\" \" >\n\t\t\t\t\t\t\t\t<img title=\"85\" alt=\"85\" src=\"https:\/\/www.camperonline.it\/magazine\/wp-content\/gallery\/camperonchef-2015\/thumbs\/thumbs_85.jpg\" width='100' height='75' \/>\n\t\t\t\t\t\t\t<\/a>\n\t\t<\/div>\n\t<\/div>\n\n                        \n \t\t\n\t<div id=\"ngg-image-81324\" class=\"ngg-gallery-thumbnail-box\" style=\"width:20%;\" >\n\t\t<div class=\"ngg-gallery-thumbnail\" >\n\t\t\t<a href=\"https:\/\/www.camperonline.it\/magazine\/wp-content\/gallery\/camperonchef-2015\/84.jpg\"\n               title=\" \"\n               class=\"ngg-fancybox\" rel=\"226349\" data-image-id=\"81324\" data-src=\"https:\/\/www.camperonline.it\/magazine\/wp-content\/gallery\/camperonchef-2015\/84.jpg\" data-thumbnail=\"https:\/\/www.camperonline.it\/magazine\/wp-content\/gallery\/camperonchef-2015\/thumbs\/thumbs_84.jpg\" data-title=\"84\" data-description=\" \" >\n\t\t\t\t\t\t\t\t<img title=\"84\" alt=\"84\" src=\"https:\/\/www.camperonline.it\/magazine\/wp-content\/gallery\/camperonchef-2015\/thumbs\/thumbs_84.jpg\" width='100' height='75' \/>\n\t\t\t\t\t\t\t<\/a>\n\t\t<\/div>\n\t<\/div>\n\n                            <br style=\"clear: both\" \/>\n                \n \t\t\n\t<div id=\"ngg-image-81323\" class=\"ngg-gallery-thumbnail-box\" style=\"width:20%;\" >\n\t\t<div class=\"ngg-gallery-thumbnail\" >\n\t\t\t<a href=\"https:\/\/www.camperonline.it\/magazine\/wp-content\/gallery\/camperonchef-2015\/83.jpg\"\n               title=\" \"\n               class=\"ngg-fancybox\" rel=\"226349\" data-image-id=\"81323\" data-src=\"https:\/\/www.camperonline.it\/magazine\/wp-content\/gallery\/camperonchef-2015\/83.jpg\" data-thumbnail=\"https:\/\/www.camperonline.it\/magazine\/wp-content\/gallery\/camperonchef-2015\/thumbs\/thumbs_83.jpg\" data-title=\"83\" data-description=\" \" >\n\t\t\t\t\t\t\t\t<img title=\"83\" alt=\"83\" src=\"https:\/\/www.camperonline.it\/magazine\/wp-content\/gallery\/camperonchef-2015\/thumbs\/thumbs_83.jpg\" width='100' height='75' \/>\n\t\t\t\t\t\t\t<\/a>\n\t\t<\/div>\n\t<\/div>\n\n                        \n \t\t\n\t<div id=\"ngg-image-81322\" class=\"ngg-gallery-thumbnail-box\" style=\"width:20%;\" >\n\t\t<div class=\"ngg-gallery-thumbnail\" >\n\t\t\t<a href=\"https:\/\/www.camperonline.it\/magazine\/wp-content\/gallery\/camperonchef-2015\/82.jpg\"\n               title=\" \"\n               class=\"ngg-fancybox\" rel=\"226349\" data-image-id=\"81322\" data-src=\"https:\/\/www.camperonline.it\/magazine\/wp-content\/gallery\/camperonchef-2015\/82.jpg\" data-thumbnail=\"https:\/\/www.camperonline.it\/magazine\/wp-content\/gallery\/camperonchef-2015\/thumbs\/thumbs_82.jpg\" data-title=\"82\" data-description=\" \" >\n\t\t\t\t\t\t\t\t<img title=\"82\" alt=\"82\" src=\"https:\/\/www.camperonline.it\/magazine\/wp-content\/gallery\/camperonchef-2015\/thumbs\/thumbs_82.jpg\" width='100' height='75' \/>\n\t\t\t\t\t\t\t<\/a>\n\t\t<\/div>\n\t<\/div>\n\n                        \n \t\t\n\t<div id=\"ngg-image-81321\" class=\"ngg-gallery-thumbnail-box\" style=\"width:20%;\" >\n\t\t<div class=\"ngg-gallery-thumbnail\" >\n\t\t\t<a href=\"https:\/\/www.camperonline.it\/magazine\/wp-content\/gallery\/camperonchef-2015\/81.jpg\"\n               title=\" \"\n               class=\"ngg-fancybox\" rel=\"226349\" data-image-id=\"81321\" data-src=\"https:\/\/www.camperonline.it\/magazine\/wp-content\/gallery\/camperonchef-2015\/81.jpg\" data-thumbnail=\"https:\/\/www.camperonline.it\/magazine\/wp-content\/gallery\/camperonchef-2015\/thumbs\/thumbs_81.jpg\" data-title=\"81\" data-description=\" \" >\n\t\t\t\t\t\t\t\t<img title=\"81\" alt=\"81\" src=\"https:\/\/www.camperonline.it\/magazine\/wp-content\/gallery\/camperonchef-2015\/thumbs\/thumbs_81.jpg\" width='100' height='75' \/>\n\t\t\t\t\t\t\t<\/a>\n\t\t<\/div>\n\t<\/div>\n\n                        \n \t\t\n\t<div id=\"ngg-image-81320\" class=\"ngg-gallery-thumbnail-box\" style=\"width:20%;\" >\n\t\t<div class=\"ngg-gallery-thumbnail\" >\n\t\t\t<a href=\"https:\/\/www.camperonline.it\/magazine\/wp-content\/gallery\/camperonchef-2015\/80.jpg\"\n               title=\" \"\n               class=\"ngg-fancybox\" rel=\"226349\" data-image-id=\"81320\" data-src=\"https:\/\/www.camperonline.it\/magazine\/wp-content\/gallery\/camperonchef-2015\/80.jpg\" data-thumbnail=\"https:\/\/www.camperonline.it\/magazine\/wp-content\/gallery\/camperonchef-2015\/thumbs\/thumbs_80.jpg\" data-title=\"80\" data-description=\" \" >\n\t\t\t\t\t\t\t\t<img title=\"80\" alt=\"80\" src=\"https:\/\/www.camperonline.it\/magazine\/wp-content\/gallery\/camperonchef-2015\/thumbs\/thumbs_80.jpg\" width='100' height='75' \/>\n\t\t\t\t\t\t\t<\/a>\n\t\t<\/div>\n\t<\/div>\n\n                        \n \t\t\n\t<div id=\"ngg-image-81319\" class=\"ngg-gallery-thumbnail-box\" style=\"width:20%;\" >\n\t\t<div class=\"ngg-gallery-thumbnail\" >\n\t\t\t<a href=\"https:\/\/www.camperonline.it\/magazine\/wp-content\/gallery\/camperonchef-2015\/79.jpg\"\n               title=\" \"\n               class=\"ngg-fancybox\" rel=\"226349\" data-image-id=\"81319\" data-src=\"https:\/\/www.camperonline.it\/magazine\/wp-content\/gallery\/camperonchef-2015\/79.jpg\" data-thumbnail=\"https:\/\/www.camperonline.it\/magazine\/wp-content\/gallery\/camperonchef-2015\/thumbs\/thumbs_79.jpg\" data-title=\"79\" data-description=\" \" >\n\t\t\t\t\t\t\t\t<img title=\"79\" alt=\"79\" src=\"https:\/\/www.camperonline.it\/magazine\/wp-content\/gallery\/camperonchef-2015\/thumbs\/thumbs_79.jpg\" width='100' height='75' \/>\n\t\t\t\t\t\t\t<\/a>\n\t\t<\/div>\n\t<\/div>\n\n                            <br style=\"clear: both\" \/>\n                \n \t\t\n\t<div id=\"ngg-image-81261\" class=\"ngg-gallery-thumbnail-box\" style=\"width:20%;\" >\n\t\t<div class=\"ngg-gallery-thumbnail\" >\n\t\t\t<a href=\"https:\/\/www.camperonline.it\/magazine\/wp-content\/gallery\/camperonchef-2015\/21.jpg\"\n               title=\" \"\n               class=\"ngg-fancybox\" rel=\"226349\" data-image-id=\"81261\" data-src=\"https:\/\/www.camperonline.it\/magazine\/wp-content\/gallery\/camperonchef-2015\/21.jpg\" data-thumbnail=\"https:\/\/www.camperonline.it\/magazine\/wp-content\/gallery\/camperonchef-2015\/thumbs\/thumbs_21.jpg\" data-title=\"21\" data-description=\" \" >\n\t\t\t\t\t\t\t\t<img title=\"21\" alt=\"21\" src=\"https:\/\/www.camperonline.it\/magazine\/wp-content\/gallery\/camperonchef-2015\/thumbs\/thumbs_21.jpg\" width='100' height='75' \/>\n\t\t\t\t\t\t\t<\/a>\n\t\t<\/div>\n\t<\/div>\n\n                        \n \t\t\n\t<div id=\"ngg-image-81272\" class=\"ngg-gallery-thumbnail-box\" style=\"width:20%;\" >\n\t\t<div class=\"ngg-gallery-thumbnail\" >\n\t\t\t<a href=\"https:\/\/www.camperonline.it\/magazine\/wp-content\/gallery\/camperonchef-2015\/32.jpg\"\n               title=\" \"\n               class=\"ngg-fancybox\" rel=\"226349\" data-image-id=\"81272\" data-src=\"https:\/\/www.camperonline.it\/magazine\/wp-content\/gallery\/camperonchef-2015\/32.jpg\" data-thumbnail=\"https:\/\/www.camperonline.it\/magazine\/wp-content\/gallery\/camperonchef-2015\/thumbs\/thumbs_32.jpg\" data-title=\"32\" data-description=\" \" >\n\t\t\t\t\t\t\t\t<img title=\"32\" alt=\"32\" src=\"https:\/\/www.camperonline.it\/magazine\/wp-content\/gallery\/camperonchef-2015\/thumbs\/thumbs_32.jpg\" width='100' height='75' \/>\n\t\t\t\t\t\t\t<\/a>\n\t\t<\/div>\n\t<\/div>\n\n                        \n \t\t\n\t<div id=\"ngg-image-81271\" class=\"ngg-gallery-thumbnail-box\" style=\"width:20%;\" >\n\t\t<div class=\"ngg-gallery-thumbnail\" >\n\t\t\t<a href=\"https:\/\/www.camperonline.it\/magazine\/wp-content\/gallery\/camperonchef-2015\/31.jpg\"\n               title=\" \"\n               class=\"ngg-fancybox\" rel=\"226349\" data-image-id=\"81271\" data-src=\"https:\/\/www.camperonline.it\/magazine\/wp-content\/gallery\/camperonchef-2015\/31.jpg\" data-thumbnail=\"https:\/\/www.camperonline.it\/magazine\/wp-content\/gallery\/camperonchef-2015\/thumbs\/thumbs_31.jpg\" data-title=\"31\" data-description=\" \" >\n\t\t\t\t\t\t\t\t<img title=\"31\" alt=\"31\" src=\"https:\/\/www.camperonline.it\/magazine\/wp-content\/gallery\/camperonchef-2015\/thumbs\/thumbs_31.jpg\" width='100' height='75' \/>\n\t\t\t\t\t\t\t<\/a>\n\t\t<\/div>\n\t<\/div>\n\n                        \n \t\t\n\t<div id=\"ngg-image-81270\" class=\"ngg-gallery-thumbnail-box\" style=\"width:20%;\" >\n\t\t<div class=\"ngg-gallery-thumbnail\" >\n\t\t\t<a href=\"https:\/\/www.camperonline.it\/magazine\/wp-content\/gallery\/camperonchef-2015\/30.jpg\"\n               title=\" \"\n               class=\"ngg-fancybox\" rel=\"226349\" data-image-id=\"81270\" data-src=\"https:\/\/www.camperonline.it\/magazine\/wp-content\/gallery\/camperonchef-2015\/30.jpg\" data-thumbnail=\"https:\/\/www.camperonline.it\/magazine\/wp-content\/gallery\/camperonchef-2015\/thumbs\/thumbs_30.jpg\" data-title=\"30\" data-description=\" \" >\n\t\t\t\t\t\t\t\t<img title=\"30\" alt=\"30\" src=\"https:\/\/www.camperonline.it\/magazine\/wp-content\/gallery\/camperonchef-2015\/thumbs\/thumbs_30.jpg\" width='100' height='75' \/>\n\t\t\t\t\t\t\t<\/a>\n\t\t<\/div>\n\t<\/div>\n\n                        \n \t\t\n\t<div id=\"ngg-image-81269\" class=\"ngg-gallery-thumbnail-box\" style=\"width:20%;\" >\n\t\t<div class=\"ngg-gallery-thumbnail\" >\n\t\t\t<a href=\"https:\/\/www.camperonline.it\/magazine\/wp-content\/gallery\/camperonchef-2015\/29.jpg\"\n               title=\" \"\n               class=\"ngg-fancybox\" rel=\"226349\" data-image-id=\"81269\" data-src=\"https:\/\/www.camperonline.it\/magazine\/wp-content\/gallery\/camperonchef-2015\/29.jpg\" data-thumbnail=\"https:\/\/www.camperonline.it\/magazine\/wp-content\/gallery\/camperonchef-2015\/thumbs\/thumbs_29.jpg\" data-title=\"29\" data-description=\" \" >\n\t\t\t\t\t\t\t\t<img title=\"29\" alt=\"29\" src=\"https:\/\/www.camperonline.it\/magazine\/wp-content\/gallery\/camperonchef-2015\/thumbs\/thumbs_29.jpg\" width='100' height='75' \/>\n\t\t\t\t\t\t\t<\/a>\n\t\t<\/div>\n\t<\/div>\n\n                            <br style=\"clear: both\" \/>\n                \n \t\t\n\t<div id=\"ngg-image-81268\" class=\"ngg-gallery-thumbnail-box\" style=\"width:20%;\" >\n\t\t<div class=\"ngg-gallery-thumbnail\" >\n\t\t\t<a href=\"https:\/\/www.camperonline.it\/magazine\/wp-content\/gallery\/camperonchef-2015\/27.jpg\"\n               title=\" \"\n               class=\"ngg-fancybox\" rel=\"226349\" data-image-id=\"81268\" data-src=\"https:\/\/www.camperonline.it\/magazine\/wp-content\/gallery\/camperonchef-2015\/27.jpg\" data-thumbnail=\"https:\/\/www.camperonline.it\/magazine\/wp-content\/gallery\/camperonchef-2015\/thumbs\/thumbs_27.jpg\" data-title=\"27\" data-description=\" \" >\n\t\t\t\t\t\t\t\t<img title=\"27\" alt=\"27\" src=\"https:\/\/www.camperonline.it\/magazine\/wp-content\/gallery\/camperonchef-2015\/thumbs\/thumbs_27.jpg\" width='100' height='75' \/>\n\t\t\t\t\t\t\t<\/a>\n\t\t<\/div>\n\t<\/div>\n\n                        \n \t\t\n\t<div id=\"ngg-image-81267\" class=\"ngg-gallery-thumbnail-box\" style=\"width:20%;\" >\n\t\t<div class=\"ngg-gallery-thumbnail\" >\n\t\t\t<a href=\"https:\/\/www.camperonline.it\/magazine\/wp-content\/gallery\/camperonchef-2015\/28.jpg\"\n               title=\" \"\n               class=\"ngg-fancybox\" rel=\"226349\" data-image-id=\"81267\" data-src=\"https:\/\/www.camperonline.it\/magazine\/wp-content\/gallery\/camperonchef-2015\/28.jpg\" data-thumbnail=\"https:\/\/www.camperonline.it\/magazine\/wp-content\/gallery\/camperonchef-2015\/thumbs\/thumbs_28.jpg\" data-title=\"28\" data-description=\" \" >\n\t\t\t\t\t\t\t\t<img title=\"28\" alt=\"28\" src=\"https:\/\/www.camperonline.it\/magazine\/wp-content\/gallery\/camperonchef-2015\/thumbs\/thumbs_28.jpg\" width='100' height='75' \/>\n\t\t\t\t\t\t\t<\/a>\n\t\t<\/div>\n\t<\/div>\n\n                        \n \t\t\n\t<div id=\"ngg-image-81266\" class=\"ngg-gallery-thumbnail-box\" style=\"width:20%;\" >\n\t\t<div class=\"ngg-gallery-thumbnail\" >\n\t\t\t<a href=\"https:\/\/www.camperonline.it\/magazine\/wp-content\/gallery\/camperonchef-2015\/26.jpg\"\n               title=\" \"\n               class=\"ngg-fancybox\" rel=\"226349\" data-image-id=\"81266\" data-src=\"https:\/\/www.camperonline.it\/magazine\/wp-content\/gallery\/camperonchef-2015\/26.jpg\" data-thumbnail=\"https:\/\/www.camperonline.it\/magazine\/wp-content\/gallery\/camperonchef-2015\/thumbs\/thumbs_26.jpg\" data-title=\"26\" data-description=\" \" >\n\t\t\t\t\t\t\t\t<img title=\"26\" alt=\"26\" src=\"https:\/\/www.camperonline.it\/magazine\/wp-content\/gallery\/camperonchef-2015\/thumbs\/thumbs_26.jpg\" width='100' height='75' \/>\n\t\t\t\t\t\t\t<\/a>\n\t\t<\/div>\n\t<\/div>\n\n                        \n \t\t\n\t<div id=\"ngg-image-81265\" class=\"ngg-gallery-thumbnail-box\" style=\"width:20%;\" >\n\t\t<div class=\"ngg-gallery-thumbnail\" >\n\t\t\t<a href=\"https:\/\/www.camperonline.it\/magazine\/wp-content\/gallery\/camperonchef-2015\/25.jpg\"\n               title=\" \"\n               class=\"ngg-fancybox\" rel=\"226349\" data-image-id=\"81265\" data-src=\"https:\/\/www.camperonline.it\/magazine\/wp-content\/gallery\/camperonchef-2015\/25.jpg\" data-thumbnail=\"https:\/\/www.camperonline.it\/magazine\/wp-content\/gallery\/camperonchef-2015\/thumbs\/thumbs_25.jpg\" data-title=\"25\" data-description=\" \" >\n\t\t\t\t\t\t\t\t<img title=\"25\" alt=\"25\" src=\"https:\/\/www.camperonline.it\/magazine\/wp-content\/gallery\/camperonchef-2015\/thumbs\/thumbs_25.jpg\" width='100' height='75' \/>\n\t\t\t\t\t\t\t<\/a>\n\t\t<\/div>\n\t<\/div>\n\n                        \n \t\t\n\t<div id=\"ngg-image-81264\" class=\"ngg-gallery-thumbnail-box\" style=\"width:20%;\" >\n\t\t<div class=\"ngg-gallery-thumbnail\" >\n\t\t\t<a href=\"https:\/\/www.camperonline.it\/magazine\/wp-content\/gallery\/camperonchef-2015\/24.jpg\"\n               title=\" \"\n               class=\"ngg-fancybox\" rel=\"226349\" data-image-id=\"81264\" data-src=\"https:\/\/www.camperonline.it\/magazine\/wp-content\/gallery\/camperonchef-2015\/24.jpg\" data-thumbnail=\"https:\/\/www.camperonline.it\/magazine\/wp-content\/gallery\/camperonchef-2015\/thumbs\/thumbs_24.jpg\" data-title=\"24\" data-description=\" \" >\n\t\t\t\t\t\t\t\t<img title=\"24\" alt=\"24\" src=\"https:\/\/www.camperonline.it\/magazine\/wp-content\/gallery\/camperonchef-2015\/thumbs\/thumbs_24.jpg\" width='100' height='75' \/>\n\t\t\t\t\t\t\t<\/a>\n\t\t<\/div>\n\t<\/div>\n\n                            <br style=\"clear: both\" \/>\n                \n \t\t\n\t<div id=\"ngg-image-81263\" class=\"ngg-gallery-thumbnail-box\" style=\"width:20%;\" >\n\t\t<div class=\"ngg-gallery-thumbnail\" >\n\t\t\t<a href=\"https:\/\/www.camperonline.it\/magazine\/wp-content\/gallery\/camperonchef-2015\/23.jpg\"\n               title=\" \"\n               class=\"ngg-fancybox\" rel=\"226349\" data-image-id=\"81263\" data-src=\"https:\/\/www.camperonline.it\/magazine\/wp-content\/gallery\/camperonchef-2015\/23.jpg\" data-thumbnail=\"https:\/\/www.camperonline.it\/magazine\/wp-content\/gallery\/camperonchef-2015\/thumbs\/thumbs_23.jpg\" data-title=\"23\" data-description=\" \" >\n\t\t\t\t\t\t\t\t<img title=\"23\" alt=\"23\" src=\"https:\/\/www.camperonline.it\/magazine\/wp-content\/gallery\/camperonchef-2015\/thumbs\/thumbs_23.jpg\" width='100' height='75' \/>\n\t\t\t\t\t\t\t<\/a>\n\t\t<\/div>\n\t<\/div>\n\n                        \n \t\t\n\t<div id=\"ngg-image-81262\" class=\"ngg-gallery-thumbnail-box\" style=\"width:20%;\" >\n\t\t<div class=\"ngg-gallery-thumbnail\" >\n\t\t\t<a href=\"https:\/\/www.camperonline.it\/magazine\/wp-content\/gallery\/camperonchef-2015\/22.jpg\"\n               title=\" \"\n               class=\"ngg-fancybox\" rel=\"226349\" data-image-id=\"81262\" data-src=\"https:\/\/www.camperonline.it\/magazine\/wp-content\/gallery\/camperonchef-2015\/22.jpg\" data-thumbnail=\"https:\/\/www.camperonline.it\/magazine\/wp-content\/gallery\/camperonchef-2015\/thumbs\/thumbs_22.jpg\" data-title=\"22\" data-description=\" \" >\n\t\t\t\t\t\t\t\t<img title=\"22\" alt=\"22\" src=\"https:\/\/www.camperonline.it\/magazine\/wp-content\/gallery\/camperonchef-2015\/thumbs\/thumbs_22.jpg\" width='100' height='75' \/>\n\t\t\t\t\t\t\t<\/a>\n\t\t<\/div>\n\t<\/div>\n\n                        \n \t\t\n\t<div id=\"ngg-image-81273\" class=\"ngg-gallery-thumbnail-box\" style=\"width:20%;\" >\n\t\t<div class=\"ngg-gallery-thumbnail\" >\n\t\t\t<a href=\"https:\/\/www.camperonline.it\/magazine\/wp-content\/gallery\/camperonchef-2015\/33.jpg\"\n               title=\" \"\n               class=\"ngg-fancybox\" rel=\"226349\" data-image-id=\"81273\" data-src=\"https:\/\/www.camperonline.it\/magazine\/wp-content\/gallery\/camperonchef-2015\/33.jpg\" data-thumbnail=\"https:\/\/www.camperonline.it\/magazine\/wp-content\/gallery\/camperonchef-2015\/thumbs\/thumbs_33.jpg\" data-title=\"33\" data-description=\" \" >\n\t\t\t\t\t\t\t\t<img title=\"33\" alt=\"33\" src=\"https:\/\/www.camperonline.it\/magazine\/wp-content\/gallery\/camperonchef-2015\/thumbs\/thumbs_33.jpg\" width='100' height='75' \/>\n\t\t\t\t\t\t\t<\/a>\n\t\t<\/div>\n\t<\/div>\n\n                        \n \t\t\n\t<div id=\"ngg-image-81260\" class=\"ngg-gallery-thumbnail-box\" style=\"width:20%;\" >\n\t\t<div class=\"ngg-gallery-thumbnail\" >\n\t\t\t<a href=\"https:\/\/www.camperonline.it\/magazine\/wp-content\/gallery\/camperonchef-2015\/108.jpg\"\n               title=\" \"\n               class=\"ngg-fancybox\" rel=\"226349\" data-image-id=\"81260\" data-src=\"https:\/\/www.camperonline.it\/magazine\/wp-content\/gallery\/camperonchef-2015\/108.jpg\" data-thumbnail=\"https:\/\/www.camperonline.it\/magazine\/wp-content\/gallery\/camperonchef-2015\/thumbs\/thumbs_108.jpg\" data-title=\"108\" data-description=\" \" >\n\t\t\t\t\t\t\t\t<img title=\"108\" alt=\"108\" src=\"https:\/\/www.camperonline.it\/magazine\/wp-content\/gallery\/camperonchef-2015\/thumbs\/thumbs_108.jpg\" width='100' height='75' \/>\n\t\t\t\t\t\t\t<\/a>\n\t\t<\/div>\n\t<\/div>\n\n                        \n \t\t\n\t<div id=\"ngg-image-81259\" class=\"ngg-gallery-thumbnail-box\" style=\"width:20%;\" >\n\t\t<div class=\"ngg-gallery-thumbnail\" >\n\t\t\t<a href=\"https:\/\/www.camperonline.it\/magazine\/wp-content\/gallery\/camperonchef-2015\/107.jpg\"\n               title=\" \"\n               class=\"ngg-fancybox\" rel=\"226349\" data-image-id=\"81259\" data-src=\"https:\/\/www.camperonline.it\/magazine\/wp-content\/gallery\/camperonchef-2015\/107.jpg\" data-thumbnail=\"https:\/\/www.camperonline.it\/magazine\/wp-content\/gallery\/camperonchef-2015\/thumbs\/thumbs_107.jpg\" data-title=\"107\" data-description=\" \" >\n\t\t\t\t\t\t\t\t<img title=\"107\" alt=\"107\" src=\"https:\/\/www.camperonline.it\/magazine\/wp-content\/gallery\/camperonchef-2015\/thumbs\/thumbs_107.jpg\" width='100' height='75' \/>\n\t\t\t\t\t\t\t<\/a>\n\t\t<\/div>\n\t<\/div>\n\n                            <br style=\"clear: both\" \/>\n                \n \t\t\n\t<div id=\"ngg-image-81258\" class=\"ngg-gallery-thumbnail-box\" style=\"width:20%;\" >\n\t\t<div class=\"ngg-gallery-thumbnail\" >\n\t\t\t<a href=\"https:\/\/www.camperonline.it\/magazine\/wp-content\/gallery\/camperonchef-2015\/20.jpg\"\n               title=\" \"\n               class=\"ngg-fancybox\" rel=\"226349\" data-image-id=\"81258\" data-src=\"https:\/\/www.camperonline.it\/magazine\/wp-content\/gallery\/camperonchef-2015\/20.jpg\" data-thumbnail=\"https:\/\/www.camperonline.it\/magazine\/wp-content\/gallery\/camperonchef-2015\/thumbs\/thumbs_20.jpg\" data-title=\"20\" data-description=\" \" >\n\t\t\t\t\t\t\t\t<img title=\"20\" alt=\"20\" src=\"https:\/\/www.camperonline.it\/magazine\/wp-content\/gallery\/camperonchef-2015\/thumbs\/thumbs_20.jpg\" width='100' height='75' \/>\n\t\t\t\t\t\t\t<\/a>\n\t\t<\/div>\n\t<\/div>\n\n                        \n \t\t\n\t<div id=\"ngg-image-81257\" class=\"ngg-gallery-thumbnail-box\" style=\"width:20%;\" >\n\t\t<div class=\"ngg-gallery-thumbnail\" >\n\t\t\t<a href=\"https:\/\/www.camperonline.it\/magazine\/wp-content\/gallery\/camperonchef-2015\/19.jpg\"\n               title=\" \"\n               class=\"ngg-fancybox\" rel=\"226349\" data-image-id=\"81257\" data-src=\"https:\/\/www.camperonline.it\/magazine\/wp-content\/gallery\/camperonchef-2015\/19.jpg\" data-thumbnail=\"https:\/\/www.camperonline.it\/magazine\/wp-content\/gallery\/camperonchef-2015\/thumbs\/thumbs_19.jpg\" data-title=\"19\" data-description=\" \" >\n\t\t\t\t\t\t\t\t<img title=\"19\" alt=\"19\" src=\"https:\/\/www.camperonline.it\/magazine\/wp-content\/gallery\/camperonchef-2015\/thumbs\/thumbs_19.jpg\" width='100' height='75' \/>\n\t\t\t\t\t\t\t<\/a>\n\t\t<\/div>\n\t<\/div>\n\n                        \n \t\t\n\t<div id=\"ngg-image-81256\" class=\"ngg-gallery-thumbnail-box\" style=\"width:20%;\" >\n\t\t<div class=\"ngg-gallery-thumbnail\" >\n\t\t\t<a href=\"https:\/\/www.camperonline.it\/magazine\/wp-content\/gallery\/camperonchef-2015\/106.jpg\"\n               title=\" \"\n               class=\"ngg-fancybox\" rel=\"226349\" data-image-id=\"81256\" data-src=\"https:\/\/www.camperonline.it\/magazine\/wp-content\/gallery\/camperonchef-2015\/106.jpg\" data-thumbnail=\"https:\/\/www.camperonline.it\/magazine\/wp-content\/gallery\/camperonchef-2015\/thumbs\/thumbs_106.jpg\" data-title=\"106\" data-description=\" \" >\n\t\t\t\t\t\t\t\t<img title=\"106\" alt=\"106\" src=\"https:\/\/www.camperonline.it\/magazine\/wp-content\/gallery\/camperonchef-2015\/thumbs\/thumbs_106.jpg\" width='100' height='75' \/>\n\t\t\t\t\t\t\t<\/a>\n\t\t<\/div>\n\t<\/div>\n\n                        \n \t\t\n\t<div id=\"ngg-image-81255\" class=\"ngg-gallery-thumbnail-box\" style=\"width:20%;\" >\n\t\t<div class=\"ngg-gallery-thumbnail\" >\n\t\t\t<a href=\"https:\/\/www.camperonline.it\/magazine\/wp-content\/gallery\/camperonchef-2015\/105.jpg\"\n               title=\" \"\n               class=\"ngg-fancybox\" rel=\"226349\" data-image-id=\"81255\" data-src=\"https:\/\/www.camperonline.it\/magazine\/wp-content\/gallery\/camperonchef-2015\/105.jpg\" data-thumbnail=\"https:\/\/www.camperonline.it\/magazine\/wp-content\/gallery\/camperonchef-2015\/thumbs\/thumbs_105.jpg\" data-title=\"105\" data-description=\" \" >\n\t\t\t\t\t\t\t\t<img title=\"105\" alt=\"105\" src=\"https:\/\/www.camperonline.it\/magazine\/wp-content\/gallery\/camperonchef-2015\/thumbs\/thumbs_105.jpg\" width='100' height='75' \/>\n\t\t\t\t\t\t\t<\/a>\n\t\t<\/div>\n\t<\/div>\n\n                        \n \t\t\n\t<div id=\"ngg-image-81254\" class=\"ngg-gallery-thumbnail-box\" style=\"width:20%;\" >\n\t\t<div class=\"ngg-gallery-thumbnail\" >\n\t\t\t<a href=\"https:\/\/www.camperonline.it\/magazine\/wp-content\/gallery\/camperonchef-2015\/104.jpg\"\n               title=\" \"\n               class=\"ngg-fancybox\" rel=\"226349\" data-image-id=\"81254\" data-src=\"https:\/\/www.camperonline.it\/magazine\/wp-content\/gallery\/camperonchef-2015\/104.jpg\" data-thumbnail=\"https:\/\/www.camperonline.it\/magazine\/wp-content\/gallery\/camperonchef-2015\/thumbs\/thumbs_104.jpg\" data-title=\"104\" data-description=\" \" >\n\t\t\t\t\t\t\t\t<img title=\"104\" alt=\"104\" src=\"https:\/\/www.camperonline.it\/magazine\/wp-content\/gallery\/camperonchef-2015\/thumbs\/thumbs_104.jpg\" width='100' height='75' \/>\n\t\t\t\t\t\t\t<\/a>\n\t\t<\/div>\n\t<\/div>\n\n                            <br style=\"clear: both\" \/>\n                \n \t\t\n\t<div id=\"ngg-image-81253\" class=\"ngg-gallery-thumbnail-box\" style=\"width:20%;\" >\n\t\t<div class=\"ngg-gallery-thumbnail\" >\n\t\t\t<a href=\"https:\/\/www.camperonline.it\/magazine\/wp-content\/gallery\/camperonchef-2015\/103.jpg\"\n               title=\" \"\n               class=\"ngg-fancybox\" rel=\"226349\" data-image-id=\"81253\" data-src=\"https:\/\/www.camperonline.it\/magazine\/wp-content\/gallery\/camperonchef-2015\/103.jpg\" data-thumbnail=\"https:\/\/www.camperonline.it\/magazine\/wp-content\/gallery\/camperonchef-2015\/thumbs\/thumbs_103.jpg\" data-title=\"103\" data-description=\" \" >\n\t\t\t\t\t\t\t\t<img title=\"103\" alt=\"103\" src=\"https:\/\/www.camperonline.it\/magazine\/wp-content\/gallery\/camperonchef-2015\/thumbs\/thumbs_103.jpg\" width='100' height='75' \/>\n\t\t\t\t\t\t\t<\/a>\n\t\t<\/div>\n\t<\/div>\n\n                        \n \t\t\n\t<div id=\"ngg-image-81252\" class=\"ngg-gallery-thumbnail-box\" style=\"width:20%;\" >\n\t\t<div class=\"ngg-gallery-thumbnail\" >\n\t\t\t<a href=\"https:\/\/www.camperonline.it\/magazine\/wp-content\/gallery\/camperonchef-2015\/102.jpg\"\n               title=\" \"\n               class=\"ngg-fancybox\" rel=\"226349\" data-image-id=\"81252\" data-src=\"https:\/\/www.camperonline.it\/magazine\/wp-content\/gallery\/camperonchef-2015\/102.jpg\" data-thumbnail=\"https:\/\/www.camperonline.it\/magazine\/wp-content\/gallery\/camperonchef-2015\/thumbs\/thumbs_102.jpg\" data-title=\"102\" data-description=\" \" >\n\t\t\t\t\t\t\t\t<img title=\"102\" alt=\"102\" src=\"https:\/\/www.camperonline.it\/magazine\/wp-content\/gallery\/camperonchef-2015\/thumbs\/thumbs_102.jpg\" width='100' height='75' \/>\n\t\t\t\t\t\t\t<\/a>\n\t\t<\/div>\n\t<\/div>\n\n                        \n \t\t\n\t<div id=\"ngg-image-81251\" class=\"ngg-gallery-thumbnail-box\" style=\"width:20%;\" >\n\t\t<div class=\"ngg-gallery-thumbnail\" >\n\t\t\t<a href=\"https:\/\/www.camperonline.it\/magazine\/wp-content\/gallery\/camperonchef-2015\/101.jpg\"\n               title=\" \"\n               class=\"ngg-fancybox\" rel=\"226349\" data-image-id=\"81251\" data-src=\"https:\/\/www.camperonline.it\/magazine\/wp-content\/gallery\/camperonchef-2015\/101.jpg\" data-thumbnail=\"https:\/\/www.camperonline.it\/magazine\/wp-content\/gallery\/camperonchef-2015\/thumbs\/thumbs_101.jpg\" data-title=\"101\" data-description=\" \" >\n\t\t\t\t\t\t\t\t<img title=\"101\" alt=\"101\" src=\"https:\/\/www.camperonline.it\/magazine\/wp-content\/gallery\/camperonchef-2015\/thumbs\/thumbs_101.jpg\" width='100' height='75' \/>\n\t\t\t\t\t\t\t<\/a>\n\t\t<\/div>\n\t<\/div>\n\n                        \n \t\t\n\t<div id=\"ngg-image-81284\" class=\"ngg-gallery-thumbnail-box\" style=\"width:20%;\" >\n\t\t<div class=\"ngg-gallery-thumbnail\" >\n\t\t\t<a href=\"https:\/\/www.camperonline.it\/magazine\/wp-content\/gallery\/camperonchef-2015\/44.jpg\"\n               title=\" \"\n               class=\"ngg-fancybox\" rel=\"226349\" data-image-id=\"81284\" data-src=\"https:\/\/www.camperonline.it\/magazine\/wp-content\/gallery\/camperonchef-2015\/44.jpg\" data-thumbnail=\"https:\/\/www.camperonline.it\/magazine\/wp-content\/gallery\/camperonchef-2015\/thumbs\/thumbs_44.jpg\" data-title=\"44\" data-description=\" \" >\n\t\t\t\t\t\t\t\t<img title=\"44\" alt=\"44\" src=\"https:\/\/www.camperonline.it\/magazine\/wp-content\/gallery\/camperonchef-2015\/thumbs\/thumbs_44.jpg\" width='100' height='75' \/>\n\t\t\t\t\t\t\t<\/a>\n\t\t<\/div>\n\t<\/div>\n\n                        \n \t\t\n\t<div id=\"ngg-image-81294\" class=\"ngg-gallery-thumbnail-box\" style=\"width:20%;\" >\n\t\t<div class=\"ngg-gallery-thumbnail\" >\n\t\t\t<a href=\"https:\/\/www.camperonline.it\/magazine\/wp-content\/gallery\/camperonchef-2015\/54.jpg\"\n               title=\" \"\n               class=\"ngg-fancybox\" rel=\"226349\" data-image-id=\"81294\" data-src=\"https:\/\/www.camperonline.it\/magazine\/wp-content\/gallery\/camperonchef-2015\/54.jpg\" data-thumbnail=\"https:\/\/www.camperonline.it\/magazine\/wp-content\/gallery\/camperonchef-2015\/thumbs\/thumbs_54.jpg\" data-title=\"54\" data-description=\" \" >\n\t\t\t\t\t\t\t\t<img title=\"54\" alt=\"54\" src=\"https:\/\/www.camperonline.it\/magazine\/wp-content\/gallery\/camperonchef-2015\/thumbs\/thumbs_54.jpg\" width='100' height='75' \/>\n\t\t\t\t\t\t\t<\/a>\n\t\t<\/div>\n\t<\/div>\n\n                            <br style=\"clear: both\" \/>\n                \n \t\t\n\t<div id=\"ngg-image-81293\" class=\"ngg-gallery-thumbnail-box\" style=\"width:20%;\" >\n\t\t<div class=\"ngg-gallery-thumbnail\" >\n\t\t\t<a href=\"https:\/\/www.camperonline.it\/magazine\/wp-content\/gallery\/camperonchef-2015\/53.jpg\"\n               title=\" \"\n               class=\"ngg-fancybox\" rel=\"226349\" data-image-id=\"81293\" data-src=\"https:\/\/www.camperonline.it\/magazine\/wp-content\/gallery\/camperonchef-2015\/53.jpg\" data-thumbnail=\"https:\/\/www.camperonline.it\/magazine\/wp-content\/gallery\/camperonchef-2015\/thumbs\/thumbs_53.jpg\" data-title=\"53\" data-description=\" \" >\n\t\t\t\t\t\t\t\t<img title=\"53\" alt=\"53\" src=\"https:\/\/www.camperonline.it\/magazine\/wp-content\/gallery\/camperonchef-2015\/thumbs\/thumbs_53.jpg\" width='100' height='75' \/>\n\t\t\t\t\t\t\t<\/a>\n\t\t<\/div>\n\t<\/div>\n\n                        \n \t\t\n\t<div id=\"ngg-image-81292\" class=\"ngg-gallery-thumbnail-box\" style=\"width:20%;\" >\n\t\t<div class=\"ngg-gallery-thumbnail\" >\n\t\t\t<a href=\"https:\/\/www.camperonline.it\/magazine\/wp-content\/gallery\/camperonchef-2015\/52.jpg\"\n               title=\" \"\n               class=\"ngg-fancybox\" rel=\"226349\" data-image-id=\"81292\" data-src=\"https:\/\/www.camperonline.it\/magazine\/wp-content\/gallery\/camperonchef-2015\/52.jpg\" data-thumbnail=\"https:\/\/www.camperonline.it\/magazine\/wp-content\/gallery\/camperonchef-2015\/thumbs\/thumbs_52.jpg\" data-title=\"52\" data-description=\" \" >\n\t\t\t\t\t\t\t\t<img title=\"52\" alt=\"52\" src=\"https:\/\/www.camperonline.it\/magazine\/wp-content\/gallery\/camperonchef-2015\/thumbs\/thumbs_52.jpg\" width='100' height='75' \/>\n\t\t\t\t\t\t\t<\/a>\n\t\t<\/div>\n\t<\/div>\n\n                        \n \t\t\n\t<div id=\"ngg-image-81291\" class=\"ngg-gallery-thumbnail-box\" style=\"width:20%;\" >\n\t\t<div class=\"ngg-gallery-thumbnail\" >\n\t\t\t<a href=\"https:\/\/www.camperonline.it\/magazine\/wp-content\/gallery\/camperonchef-2015\/51.jpg\"\n               title=\" \"\n               class=\"ngg-fancybox\" rel=\"226349\" data-image-id=\"81291\" data-src=\"https:\/\/www.camperonline.it\/magazine\/wp-content\/gallery\/camperonchef-2015\/51.jpg\" data-thumbnail=\"https:\/\/www.camperonline.it\/magazine\/wp-content\/gallery\/camperonchef-2015\/thumbs\/thumbs_51.jpg\" data-title=\"51\" data-description=\" \" >\n\t\t\t\t\t\t\t\t<img title=\"51\" alt=\"51\" src=\"https:\/\/www.camperonline.it\/magazine\/wp-content\/gallery\/camperonchef-2015\/thumbs\/thumbs_51.jpg\" width='100' height='75' \/>\n\t\t\t\t\t\t\t<\/a>\n\t\t<\/div>\n\t<\/div>\n\n                        \n \t\t\n\t<div id=\"ngg-image-81290\" class=\"ngg-gallery-thumbnail-box\" style=\"width:20%;\" >\n\t\t<div class=\"ngg-gallery-thumbnail\" >\n\t\t\t<a href=\"https:\/\/www.camperonline.it\/magazine\/wp-content\/gallery\/camperonchef-2015\/50.jpg\"\n               title=\" \"\n               class=\"ngg-fancybox\" rel=\"226349\" data-image-id=\"81290\" data-src=\"https:\/\/www.camperonline.it\/magazine\/wp-content\/gallery\/camperonchef-2015\/50.jpg\" data-thumbnail=\"https:\/\/www.camperonline.it\/magazine\/wp-content\/gallery\/camperonchef-2015\/thumbs\/thumbs_50.jpg\" data-title=\"50\" data-description=\" \" >\n\t\t\t\t\t\t\t\t<img title=\"50\" alt=\"50\" src=\"https:\/\/www.camperonline.it\/magazine\/wp-content\/gallery\/camperonchef-2015\/thumbs\/thumbs_50.jpg\" width='100' height='75' \/>\n\t\t\t\t\t\t\t<\/a>\n\t\t<\/div>\n\t<\/div>\n\n                        \n \t\t\n\t<div id=\"ngg-image-81289\" class=\"ngg-gallery-thumbnail-box\" style=\"width:20%;\" >\n\t\t<div class=\"ngg-gallery-thumbnail\" >\n\t\t\t<a href=\"https:\/\/www.camperonline.it\/magazine\/wp-content\/gallery\/camperonchef-2015\/49.jpg\"\n               title=\" \"\n               class=\"ngg-fancybox\" rel=\"226349\" data-image-id=\"81289\" data-src=\"https:\/\/www.camperonline.it\/magazine\/wp-content\/gallery\/camperonchef-2015\/49.jpg\" data-thumbnail=\"https:\/\/www.camperonline.it\/magazine\/wp-content\/gallery\/camperonchef-2015\/thumbs\/thumbs_49.jpg\" data-title=\"49\" data-description=\" \" >\n\t\t\t\t\t\t\t\t<img title=\"49\" alt=\"49\" src=\"https:\/\/www.camperonline.it\/magazine\/wp-content\/gallery\/camperonchef-2015\/thumbs\/thumbs_49.jpg\" width='100' height='75' \/>\n\t\t\t\t\t\t\t<\/a>\n\t\t<\/div>\n\t<\/div>\n\n                            <br style=\"clear: both\" \/>\n                \n \t\t\n\t<div id=\"ngg-image-81288\" class=\"ngg-gallery-thumbnail-box\" style=\"width:20%;\" >\n\t\t<div class=\"ngg-gallery-thumbnail\" >\n\t\t\t<a href=\"https:\/\/www.camperonline.it\/magazine\/wp-content\/gallery\/camperonchef-2015\/48.jpg\"\n               title=\" \"\n               class=\"ngg-fancybox\" rel=\"226349\" data-image-id=\"81288\" data-src=\"https:\/\/www.camperonline.it\/magazine\/wp-content\/gallery\/camperonchef-2015\/48.jpg\" data-thumbnail=\"https:\/\/www.camperonline.it\/magazine\/wp-content\/gallery\/camperonchef-2015\/thumbs\/thumbs_48.jpg\" data-title=\"48\" data-description=\" \" >\n\t\t\t\t\t\t\t\t<img title=\"48\" alt=\"48\" src=\"https:\/\/www.camperonline.it\/magazine\/wp-content\/gallery\/camperonchef-2015\/thumbs\/thumbs_48.jpg\" width='100' height='75' \/>\n\t\t\t\t\t\t\t<\/a>\n\t\t<\/div>\n\t<\/div>\n\n                        \n \t\t\n\t<div id=\"ngg-image-81287\" class=\"ngg-gallery-thumbnail-box\" style=\"width:20%;\" >\n\t\t<div class=\"ngg-gallery-thumbnail\" >\n\t\t\t<a href=\"https:\/\/www.camperonline.it\/magazine\/wp-content\/gallery\/camperonchef-2015\/47.jpg\"\n               title=\" \"\n               class=\"ngg-fancybox\" rel=\"226349\" data-image-id=\"81287\" data-src=\"https:\/\/www.camperonline.it\/magazine\/wp-content\/gallery\/camperonchef-2015\/47.jpg\" data-thumbnail=\"https:\/\/www.camperonline.it\/magazine\/wp-content\/gallery\/camperonchef-2015\/thumbs\/thumbs_47.jpg\" data-title=\"47\" data-description=\" \" >\n\t\t\t\t\t\t\t\t<img title=\"47\" alt=\"47\" src=\"https:\/\/www.camperonline.it\/magazine\/wp-content\/gallery\/camperonchef-2015\/thumbs\/thumbs_47.jpg\" width='100' height='75' \/>\n\t\t\t\t\t\t\t<\/a>\n\t\t<\/div>\n\t<\/div>\n\n                        \n \t\t\n\t<div id=\"ngg-image-81286\" class=\"ngg-gallery-thumbnail-box\" style=\"width:20%;\" >\n\t\t<div class=\"ngg-gallery-thumbnail\" >\n\t\t\t<a href=\"https:\/\/www.camperonline.it\/magazine\/wp-content\/gallery\/camperonchef-2015\/46.jpg\"\n               title=\" \"\n               class=\"ngg-fancybox\" rel=\"226349\" data-image-id=\"81286\" data-src=\"https:\/\/www.camperonline.it\/magazine\/wp-content\/gallery\/camperonchef-2015\/46.jpg\" data-thumbnail=\"https:\/\/www.camperonline.it\/magazine\/wp-content\/gallery\/camperonchef-2015\/thumbs\/thumbs_46.jpg\" data-title=\"46\" data-description=\" \" >\n\t\t\t\t\t\t\t\t<img title=\"46\" alt=\"46\" src=\"https:\/\/www.camperonline.it\/magazine\/wp-content\/gallery\/camperonchef-2015\/thumbs\/thumbs_46.jpg\" width='100' height='75' \/>\n\t\t\t\t\t\t\t<\/a>\n\t\t<\/div>\n\t<\/div>\n\n                        \n \t\t\n\t<div id=\"ngg-image-81285\" class=\"ngg-gallery-thumbnail-box\" style=\"width:20%;\" >\n\t\t<div class=\"ngg-gallery-thumbnail\" >\n\t\t\t<a href=\"https:\/\/www.camperonline.it\/magazine\/wp-content\/gallery\/camperonchef-2015\/45.jpg\"\n               title=\" \"\n               class=\"ngg-fancybox\" rel=\"226349\" data-image-id=\"81285\" data-src=\"https:\/\/www.camperonline.it\/magazine\/wp-content\/gallery\/camperonchef-2015\/45.jpg\" data-thumbnail=\"https:\/\/www.camperonline.it\/magazine\/wp-content\/gallery\/camperonchef-2015\/thumbs\/thumbs_45.jpg\" data-title=\"45\" data-description=\" \" >\n\t\t\t\t\t\t\t\t<img title=\"45\" alt=\"45\" src=\"https:\/\/www.camperonline.it\/magazine\/wp-content\/gallery\/camperonchef-2015\/thumbs\/thumbs_45.jpg\" width='100' height='75' \/>\n\t\t\t\t\t\t\t<\/a>\n\t\t<\/div>\n\t<\/div>\n\n                        \n \t\t\n\t<div id=\"ngg-image-81250\" class=\"ngg-gallery-thumbnail-box\" style=\"width:20%;\" >\n\t\t<div class=\"ngg-gallery-thumbnail\" >\n\t\t\t<a href=\"https:\/\/www.camperonline.it\/magazine\/wp-content\/gallery\/camperonchef-2015\/100.jpg\"\n               title=\" \"\n               class=\"ngg-fancybox\" rel=\"226349\" data-image-id=\"81250\" data-src=\"https:\/\/www.camperonline.it\/magazine\/wp-content\/gallery\/camperonchef-2015\/100.jpg\" data-thumbnail=\"https:\/\/www.camperonline.it\/magazine\/wp-content\/gallery\/camperonchef-2015\/thumbs\/thumbs_100.jpg\" data-title=\"100\" data-description=\" \" >\n\t\t\t\t\t\t\t\t<img title=\"100\" alt=\"100\" src=\"https:\/\/www.camperonline.it\/magazine\/wp-content\/gallery\/camperonchef-2015\/thumbs\/thumbs_100.jpg\" width='100' height='75' \/>\n\t\t\t\t\t\t\t<\/a>\n\t\t<\/div>\n\t<\/div>\n\n                            <br style=\"clear: both\" \/>\n                \n \t\t\n\t<div id=\"ngg-image-81283\" class=\"ngg-gallery-thumbnail-box\" style=\"width:20%;\" >\n\t\t<div class=\"ngg-gallery-thumbnail\" >\n\t\t\t<a href=\"https:\/\/www.camperonline.it\/magazine\/wp-content\/gallery\/camperonchef-2015\/43.jpg\"\n               title=\" \"\n               class=\"ngg-fancybox\" rel=\"226349\" data-image-id=\"81283\" data-src=\"https:\/\/www.camperonline.it\/magazine\/wp-content\/gallery\/camperonchef-2015\/43.jpg\" data-thumbnail=\"https:\/\/www.camperonline.it\/magazine\/wp-content\/gallery\/camperonchef-2015\/thumbs\/thumbs_43.jpg\" data-title=\"43\" data-description=\" \" >\n\t\t\t\t\t\t\t\t<img title=\"43\" alt=\"43\" src=\"https:\/\/www.camperonline.it\/magazine\/wp-content\/gallery\/camperonchef-2015\/thumbs\/thumbs_43.jpg\" width='100' height='75' \/>\n\t\t\t\t\t\t\t<\/a>\n\t\t<\/div>\n\t<\/div>\n\n                        \n \t\t\n\t<div id=\"ngg-image-81282\" class=\"ngg-gallery-thumbnail-box\" style=\"width:20%;\" >\n\t\t<div class=\"ngg-gallery-thumbnail\" >\n\t\t\t<a href=\"https:\/\/www.camperonline.it\/magazine\/wp-content\/gallery\/camperonchef-2015\/42.jpg\"\n               title=\" \"\n               class=\"ngg-fancybox\" rel=\"226349\" data-image-id=\"81282\" data-src=\"https:\/\/www.camperonline.it\/magazine\/wp-content\/gallery\/camperonchef-2015\/42.jpg\" data-thumbnail=\"https:\/\/www.camperonline.it\/magazine\/wp-content\/gallery\/camperonchef-2015\/thumbs\/thumbs_42.jpg\" data-title=\"42\" data-description=\" \" >\n\t\t\t\t\t\t\t\t<img title=\"42\" alt=\"42\" src=\"https:\/\/www.camperonline.it\/magazine\/wp-content\/gallery\/camperonchef-2015\/thumbs\/thumbs_42.jpg\" width='100' height='75' \/>\n\t\t\t\t\t\t\t<\/a>\n\t\t<\/div>\n\t<\/div>\n\n                        \n \t\t\n\t<div id=\"ngg-image-81281\" class=\"ngg-gallery-thumbnail-box\" style=\"width:20%;\" >\n\t\t<div class=\"ngg-gallery-thumbnail\" >\n\t\t\t<a href=\"https:\/\/www.camperonline.it\/magazine\/wp-content\/gallery\/camperonchef-2015\/41.jpg\"\n               title=\" \"\n               class=\"ngg-fancybox\" rel=\"226349\" data-image-id=\"81281\" data-src=\"https:\/\/www.camperonline.it\/magazine\/wp-content\/gallery\/camperonchef-2015\/41.jpg\" data-thumbnail=\"https:\/\/www.camperonline.it\/magazine\/wp-content\/gallery\/camperonchef-2015\/thumbs\/thumbs_41.jpg\" data-title=\"41\" data-description=\" \" >\n\t\t\t\t\t\t\t\t<img title=\"41\" alt=\"41\" src=\"https:\/\/www.camperonline.it\/magazine\/wp-content\/gallery\/camperonchef-2015\/thumbs\/thumbs_41.jpg\" width='100' height='75' \/>\n\t\t\t\t\t\t\t<\/a>\n\t\t<\/div>\n\t<\/div>\n\n                        \n \t\t\n\t<div id=\"ngg-image-81280\" class=\"ngg-gallery-thumbnail-box\" style=\"width:20%;\" >\n\t\t<div class=\"ngg-gallery-thumbnail\" >\n\t\t\t<a href=\"https:\/\/www.camperonline.it\/magazine\/wp-content\/gallery\/camperonchef-2015\/40.jpg\"\n               title=\" \"\n               class=\"ngg-fancybox\" rel=\"226349\" data-image-id=\"81280\" data-src=\"https:\/\/www.camperonline.it\/magazine\/wp-content\/gallery\/camperonchef-2015\/40.jpg\" data-thumbnail=\"https:\/\/www.camperonline.it\/magazine\/wp-content\/gallery\/camperonchef-2015\/thumbs\/thumbs_40.jpg\" data-title=\"40\" data-description=\" \" >\n\t\t\t\t\t\t\t\t<img title=\"40\" alt=\"40\" src=\"https:\/\/www.camperonline.it\/magazine\/wp-content\/gallery\/camperonchef-2015\/thumbs\/thumbs_40.jpg\" width='100' height='75' \/>\n\t\t\t\t\t\t\t<\/a>\n\t\t<\/div>\n\t<\/div>\n\n                        \n \t\t\n\t<div id=\"ngg-image-81279\" class=\"ngg-gallery-thumbnail-box\" style=\"width:20%;\" >\n\t\t<div class=\"ngg-gallery-thumbnail\" >\n\t\t\t<a href=\"https:\/\/www.camperonline.it\/magazine\/wp-content\/gallery\/camperonchef-2015\/39.jpg\"\n               title=\" \"\n               class=\"ngg-fancybox\" rel=\"226349\" data-image-id=\"81279\" data-src=\"https:\/\/www.camperonline.it\/magazine\/wp-content\/gallery\/camperonchef-2015\/39.jpg\" data-thumbnail=\"https:\/\/www.camperonline.it\/magazine\/wp-content\/gallery\/camperonchef-2015\/thumbs\/thumbs_39.jpg\" data-title=\"39\" data-description=\" \" >\n\t\t\t\t\t\t\t\t<img title=\"39\" alt=\"39\" src=\"https:\/\/www.camperonline.it\/magazine\/wp-content\/gallery\/camperonchef-2015\/thumbs\/thumbs_39.jpg\" width='100' height='75' \/>\n\t\t\t\t\t\t\t<\/a>\n\t\t<\/div>\n\t<\/div>\n\n                            <br style=\"clear: both\" \/>\n                \n \t\t\n\t<div id=\"ngg-image-81278\" class=\"ngg-gallery-thumbnail-box\" style=\"width:20%;\" >\n\t\t<div class=\"ngg-gallery-thumbnail\" >\n\t\t\t<a href=\"https:\/\/www.camperonline.it\/magazine\/wp-content\/gallery\/camperonchef-2015\/38.jpg\"\n               title=\" \"\n               class=\"ngg-fancybox\" rel=\"226349\" data-image-id=\"81278\" data-src=\"https:\/\/www.camperonline.it\/magazine\/wp-content\/gallery\/camperonchef-2015\/38.jpg\" data-thumbnail=\"https:\/\/www.camperonline.it\/magazine\/wp-content\/gallery\/camperonchef-2015\/thumbs\/thumbs_38.jpg\" data-title=\"38\" data-description=\" \" >\n\t\t\t\t\t\t\t\t<img title=\"38\" alt=\"38\" src=\"https:\/\/www.camperonline.it\/magazine\/wp-content\/gallery\/camperonchef-2015\/thumbs\/thumbs_38.jpg\" width='100' height='75' \/>\n\t\t\t\t\t\t\t<\/a>\n\t\t<\/div>\n\t<\/div>\n\n                        \n \t\t\n\t<div id=\"ngg-image-81277\" class=\"ngg-gallery-thumbnail-box\" style=\"width:20%;\" >\n\t\t<div class=\"ngg-gallery-thumbnail\" >\n\t\t\t<a href=\"https:\/\/www.camperonline.it\/magazine\/wp-content\/gallery\/camperonchef-2015\/37.jpg\"\n               title=\" \"\n               class=\"ngg-fancybox\" rel=\"226349\" data-image-id=\"81277\" data-src=\"https:\/\/www.camperonline.it\/magazine\/wp-content\/gallery\/camperonchef-2015\/37.jpg\" data-thumbnail=\"https:\/\/www.camperonline.it\/magazine\/wp-content\/gallery\/camperonchef-2015\/thumbs\/thumbs_37.jpg\" data-title=\"37\" data-description=\" \" >\n\t\t\t\t\t\t\t\t<img title=\"37\" alt=\"37\" src=\"https:\/\/www.camperonline.it\/magazine\/wp-content\/gallery\/camperonchef-2015\/thumbs\/thumbs_37.jpg\" width='100' height='75' \/>\n\t\t\t\t\t\t\t<\/a>\n\t\t<\/div>\n\t<\/div>\n\n                        \n \t\t\n\t<div id=\"ngg-image-81276\" class=\"ngg-gallery-thumbnail-box\" style=\"width:20%;\" >\n\t\t<div class=\"ngg-gallery-thumbnail\" >\n\t\t\t<a href=\"https:\/\/www.camperonline.it\/magazine\/wp-content\/gallery\/camperonchef-2015\/36.jpg\"\n               title=\" \"\n               class=\"ngg-fancybox\" rel=\"226349\" data-image-id=\"81276\" data-src=\"https:\/\/www.camperonline.it\/magazine\/wp-content\/gallery\/camperonchef-2015\/36.jpg\" data-thumbnail=\"https:\/\/www.camperonline.it\/magazine\/wp-content\/gallery\/camperonchef-2015\/thumbs\/thumbs_36.jpg\" data-title=\"36\" data-description=\" \" >\n\t\t\t\t\t\t\t\t<img title=\"36\" alt=\"36\" src=\"https:\/\/www.camperonline.it\/magazine\/wp-content\/gallery\/camperonchef-2015\/thumbs\/thumbs_36.jpg\" width='100' height='75' \/>\n\t\t\t\t\t\t\t<\/a>\n\t\t<\/div>\n\t<\/div>\n\n                        \n \t\t\n\t<div id=\"ngg-image-81275\" class=\"ngg-gallery-thumbnail-box\" style=\"width:20%;\" >\n\t\t<div class=\"ngg-gallery-thumbnail\" >\n\t\t\t<a href=\"https:\/\/www.camperonline.it\/magazine\/wp-content\/gallery\/camperonchef-2015\/35.jpg\"\n               title=\" \"\n               class=\"ngg-fancybox\" rel=\"226349\" data-image-id=\"81275\" data-src=\"https:\/\/www.camperonline.it\/magazine\/wp-content\/gallery\/camperonchef-2015\/35.jpg\" data-thumbnail=\"https:\/\/www.camperonline.it\/magazine\/wp-content\/gallery\/camperonchef-2015\/thumbs\/thumbs_35.jpg\" data-title=\"35\" data-description=\" \" >\n\t\t\t\t\t\t\t\t<img title=\"35\" alt=\"35\" src=\"https:\/\/www.camperonline.it\/magazine\/wp-content\/gallery\/camperonchef-2015\/thumbs\/thumbs_35.jpg\" width='100' height='75' \/>\n\t\t\t\t\t\t\t<\/a>\n\t\t<\/div>\n\t<\/div>\n\n                        \n \t\t\n\t<div id=\"ngg-image-81274\" class=\"ngg-gallery-thumbnail-box\" style=\"width:20%;\" >\n\t\t<div class=\"ngg-gallery-thumbnail\" >\n\t\t\t<a href=\"https:\/\/www.camperonline.it\/magazine\/wp-content\/gallery\/camperonchef-2015\/34.jpg\"\n               title=\" \"\n               class=\"ngg-fancybox\" rel=\"226349\" data-image-id=\"81274\" data-src=\"https:\/\/www.camperonline.it\/magazine\/wp-content\/gallery\/camperonchef-2015\/34.jpg\" data-thumbnail=\"https:\/\/www.camperonline.it\/magazine\/wp-content\/gallery\/camperonchef-2015\/thumbs\/thumbs_34.jpg\" data-title=\"34\" data-description=\" \" >\n\t\t\t\t\t\t\t\t<img title=\"34\" alt=\"34\" src=\"https:\/\/www.camperonline.it\/magazine\/wp-content\/gallery\/camperonchef-2015\/thumbs\/thumbs_34.jpg\" width='100' height='75' \/>\n\t\t\t\t\t\t\t<\/a>\n\t\t<\/div>\n\t<\/div>\n\n                            <br style=\"clear: both\" \/>\n                \n \t \t\n\t<!-- Pagination -->\n \t \t\n<\/div>\n\n<\/p>\n","protected":false},"excerpt":{"rendered":"<p>Durante il fine settimana del 16 -18 ottobre, nell&#8217;accogliente comune di Cantalupo Ligure (AL) si \u00e8 svolta la Seconda\u00a0edizione di CamperOnChef, l&#8217;appuntamento annuale organizzato da CamperOnLine. Il programma dell&#8217;evento, prevalentemente incentrato su esibizioni in ambito culinario,\u00a0 proponeva anche attivit\u00e0 di svago e relax come passeggiate e pesca sportiva nel vicino laghetto.<\/p>\n","protected":false},"author":14,"featured_media":195549,"comment_status":"open","ping_status":"open","sticky":false,"template":"","format":"standard","meta":{"ngg_post_thumbnail":0},"categories":[3824],"tags":[4874],"yoast_head":"<!-- This site is optimized with the Yoast SEO plugin v18.6 - https:\/\/yoast.com\/wordpress\/plugins\/seo\/ -->\n<title>CamperOnChef 2015 - CamperOnLine Magazine<\/title>\n<meta name=\"description\" content=\"Durante il fine settimana del 16 -18 ottobre, nell&#039;accogliente comune di Cantalupo Ligure (AL) si \u00e8 svolta la Seconda\u00a0edizione di CamperOnChef,\" \/>\n<meta name=\"robots\" content=\"index, follow, max-snippet:-1, max-image-preview:large, max-video-preview:-1\" \/>\n<link rel=\"canonical\" href=\"https:\/\/www.camperonline.it\/magazine\/2015\/10\/24\/camperonchef-2015\/\" \/>\n<meta property=\"og:locale\" content=\"it_IT\" \/>\n<meta property=\"og:type\" content=\"article\" \/>\n<meta property=\"og:title\" content=\"CamperOnChef 2015 - CamperOnLine Magazine\" \/>\n<meta property=\"og:description\" content=\"Durante il fine settimana del 16 -18 ottobre, nell&#039;accogliente comune di Cantalupo Ligure (AL) si \u00e8 svolta la Seconda\u00a0edizione di CamperOnChef,\" \/>\n<meta property=\"og:url\" content=\"https:\/\/www.camperonline.it\/magazine\/2015\/10\/24\/camperonchef-2015\/\" \/>\n<meta property=\"og:site_name\" content=\"CamperOnLine Magazine\" \/>\n<meta property=\"article:published_time\" content=\"2015-10-23T23:28:36+00:00\" \/>\n<meta property=\"article:modified_time\" content=\"2016-09-29T18:33:03+00:00\" \/>\n<meta property=\"og:image\" content=\"https:\/\/www.camperonline.it\/magazine\/wp-content\/uploads\/2015\/10\/COF-copertina.jpg\" \/>\n\t<meta property=\"og:image:width\" content=\"630\" \/>\n\t<meta property=\"og:image:height\" content=\"420\" \/>\n\t<meta property=\"og:image:type\" content=\"image\/jpeg\" \/>\n<meta name=\"twitter:card\" content=\"summary_large_image\" \/>\n<script type=\"application\/ld+json\" class=\"yoast-schema-graph\">{\"@context\":\"https:\/\/schema.org\",\"@graph\":[{\"@type\":\"WebSite\",\"@id\":\"https:\/\/www.camperonline.it\/magazine\/#website\",\"url\":\"https:\/\/www.camperonline.it\/magazine\/\",\"name\":\"CamperOnLine Magazine\",\"description\":\"Viaggi in camper, test, video, destinazioni, vacanze\",\"potentialAction\":[{\"@type\":\"SearchAction\",\"target\":{\"@type\":\"EntryPoint\",\"urlTemplate\":\"https:\/\/www.camperonline.it\/magazine\/?s={search_term_string}\"},\"query-input\":\"required name=search_term_string\"}],\"inLanguage\":\"it-IT\"},{\"@type\":\"ImageObject\",\"@id\":\"https:\/\/www.camperonline.it\/magazine\/2015\/10\/24\/camperonchef-2015\/#primaryimage\",\"inLanguage\":\"it-IT\",\"url\":\"https:\/\/www.camperonline.it\/magazine\/wp-content\/uploads\/2015\/10\/COF-copertina.jpg\",\"contentUrl\":\"https:\/\/www.camperonline.it\/magazine\/wp-content\/uploads\/2015\/10\/COF-copertina.jpg\",\"width\":630,\"height\":420},{\"@type\":\"WebPage\",\"@id\":\"https:\/\/www.camperonline.it\/magazine\/2015\/10\/24\/camperonchef-2015\/#webpage\",\"url\":\"https:\/\/www.camperonline.it\/magazine\/2015\/10\/24\/camperonchef-2015\/\",\"name\":\"CamperOnChef 2015 - CamperOnLine Magazine\",\"isPartOf\":{\"@id\":\"https:\/\/www.camperonline.it\/magazine\/#website\"},\"primaryImageOfPage\":{\"@id\":\"https:\/\/www.camperonline.it\/magazine\/2015\/10\/24\/camperonchef-2015\/#primaryimage\"},\"datePublished\":\"2015-10-23T23:28:36+00:00\",\"dateModified\":\"2016-09-29T18:33:03+00:00\",\"author\":{\"@id\":\"https:\/\/www.camperonline.it\/magazine\/#\/schema\/person\/d68cda3e423641741040679aca865de6\"},\"description\":\"Durante il fine settimana del 16 -18 ottobre, nell'accogliente comune di Cantalupo Ligure (AL) si \u00e8 svolta la Seconda\u00a0edizione di CamperOnChef,\",\"breadcrumb\":{\"@id\":\"https:\/\/www.camperonline.it\/magazine\/2015\/10\/24\/camperonchef-2015\/#breadcrumb\"},\"inLanguage\":\"it-IT\",\"potentialAction\":[{\"@type\":\"ReadAction\",\"target\":[\"https:\/\/www.camperonline.it\/magazine\/2015\/10\/24\/camperonchef-2015\/\"]}]},{\"@type\":\"BreadcrumbList\",\"@id\":\"https:\/\/www.camperonline.it\/magazine\/2015\/10\/24\/camperonchef-2015\/#breadcrumb\",\"itemListElement\":[{\"@type\":\"ListItem\",\"position\":1,\"name\":\"Home\",\"item\":\"https:\/\/www.camperonline.it\/magazine\/\"},{\"@type\":\"ListItem\",\"position\":2,\"name\":\"CamperOnChef 2015\"}]},{\"@type\":\"Person\",\"@id\":\"https:\/\/www.camperonline.it\/magazine\/#\/schema\/person\/d68cda3e423641741040679aca865de6\",\"name\":\"Andrea\",\"url\":\"https:\/\/www.camperonline.it\/magazine\/author\/andrea\/\"}]}<\/script>\n<!-- \/ Yoast SEO plugin. -->","yoast_head_json":{"title":"CamperOnChef 2015 - CamperOnLine Magazine","description":"Durante il fine settimana del 16 -18 ottobre, nell'accogliente comune di Cantalupo Ligure (AL) si \u00e8 svolta la Seconda\u00a0edizione di CamperOnChef,","robots":{"index":"index","follow":"follow","max-snippet":"max-snippet:-1","max-image-preview":"max-image-preview:large","max-video-preview":"max-video-preview:-1"},"canonical":"https:\/\/www.camperonline.it\/magazine\/2015\/10\/24\/camperonchef-2015\/","og_locale":"it_IT","og_type":"article","og_title":"CamperOnChef 2015 - CamperOnLine Magazine","og_description":"Durante il fine settimana del 16 -18 ottobre, nell'accogliente comune di Cantalupo Ligure (AL) si \u00e8 svolta la Seconda\u00a0edizione di CamperOnChef,","og_url":"https:\/\/www.camperonline.it\/magazine\/2015\/10\/24\/camperonchef-2015\/","og_site_name":"CamperOnLine Magazine","article_published_time":"2015-10-23T23:28:36+00:00","article_modified_time":"2016-09-29T18:33:03+00:00","og_image":[{"width":630,"height":420,"url":"https:\/\/www.camperonline.it\/magazine\/wp-content\/uploads\/2015\/10\/COF-copertina.jpg","type":"image\/jpeg"}],"twitter_card":"summary_large_image","schema":{"@context":"https:\/\/schema.org","@graph":[{"@type":"WebSite","@id":"https:\/\/www.camperonline.it\/magazine\/#website","url":"https:\/\/www.camperonline.it\/magazine\/","name":"CamperOnLine Magazine","description":"Viaggi in camper, test, video, destinazioni, vacanze","potentialAction":[{"@type":"SearchAction","target":{"@type":"EntryPoint","urlTemplate":"https:\/\/www.camperonline.it\/magazine\/?s={search_term_string}"},"query-input":"required name=search_term_string"}],"inLanguage":"it-IT"},{"@type":"ImageObject","@id":"https:\/\/www.camperonline.it\/magazine\/2015\/10\/24\/camperonchef-2015\/#primaryimage","inLanguage":"it-IT","url":"https:\/\/www.camperonline.it\/magazine\/wp-content\/uploads\/2015\/10\/COF-copertina.jpg","contentUrl":"https:\/\/www.camperonline.it\/magazine\/wp-content\/uploads\/2015\/10\/COF-copertina.jpg","width":630,"height":420},{"@type":"WebPage","@id":"https:\/\/www.camperonline.it\/magazine\/2015\/10\/24\/camperonchef-2015\/#webpage","url":"https:\/\/www.camperonline.it\/magazine\/2015\/10\/24\/camperonchef-2015\/","name":"CamperOnChef 2015 - CamperOnLine Magazine","isPartOf":{"@id":"https:\/\/www.camperonline.it\/magazine\/#website"},"primaryImageOfPage":{"@id":"https:\/\/www.camperonline.it\/magazine\/2015\/10\/24\/camperonchef-2015\/#primaryimage"},"datePublished":"2015-10-23T23:28:36+00:00","dateModified":"2016-09-29T18:33:03+00:00","author":{"@id":"https:\/\/www.camperonline.it\/magazine\/#\/schema\/person\/d68cda3e423641741040679aca865de6"},"description":"Durante il fine settimana del 16 -18 ottobre, nell'accogliente comune di Cantalupo Ligure (AL) si \u00e8 svolta la Seconda\u00a0edizione di CamperOnChef,","breadcrumb":{"@id":"https:\/\/www.camperonline.it\/magazine\/2015\/10\/24\/camperonchef-2015\/#breadcrumb"},"inLanguage":"it-IT","potentialAction":[{"@type":"ReadAction","target":["https:\/\/www.camperonline.it\/magazine\/2015\/10\/24\/camperonchef-2015\/"]}]},{"@type":"BreadcrumbList","@id":"https:\/\/www.camperonline.it\/magazine\/2015\/10\/24\/camperonchef-2015\/#breadcrumb","itemListElement":[{"@type":"ListItem","position":1,"name":"Home","item":"https:\/\/www.camperonline.it\/magazine\/"},{"@type":"ListItem","position":2,"name":"CamperOnChef 2015"}]},{"@type":"Person","@id":"https:\/\/www.camperonline.it\/magazine\/#\/schema\/person\/d68cda3e423641741040679aca865de6","name":"Andrea","url":"https:\/\/www.camperonline.it\/magazine\/author\/andrea\/"}]}},"_links":{"self":[{"href":"https:\/\/www.camperonline.it\/magazine\/wp-json\/wp\/v2\/posts\/195334"}],"collection":[{"href":"https:\/\/www.camperonline.it\/magazine\/wp-json\/wp\/v2\/posts"}],"about":[{"href":"https:\/\/www.camperonline.it\/magazine\/wp-json\/wp\/v2\/types\/post"}],"author":[{"embeddable":true,"href":"https:\/\/www.camperonline.it\/magazine\/wp-json\/wp\/v2\/users\/14"}],"replies":[{"embeddable":true,"href":"https:\/\/www.camperonline.it\/magazine\/wp-json\/wp\/v2\/comments?post=195334"}],"version-history":[{"count":0,"href":"https:\/\/www.camperonline.it\/magazine\/wp-json\/wp\/v2\/posts\/195334\/revisions"}],"wp:featuredmedia":[{"embeddable":true,"href":"https:\/\/www.camperonline.it\/magazine\/wp-json\/wp\/v2\/media\/195549"}],"wp:attachment":[{"href":"https:\/\/www.camperonline.it\/magazine\/wp-json\/wp\/v2\/media?parent=195334"}],"wp:term":[{"taxonomy":"category","embeddable":true,"href":"https:\/\/www.camperonline.it\/magazine\/wp-json\/wp\/v2\/categories?post=195334"},{"taxonomy":"post_tag","embeddable":true,"href":"https:\/\/www.camperonline.it\/magazine\/wp-json\/wp\/v2\/tags?post=195334"}],"curies":[{"name":"wp","href":"https:\/\/api.w.org\/{rel}","templated":true}]}}