{"id":201826,"date":"2016-02-01T00:00:01","date_gmt":"2016-01-31T23:00:01","guid":{"rendered":"https:\/\/www.camperonline.it\/magazine\/?p=201826"},"modified":"2018-08-15T11:31:16","modified_gmt":"2018-08-15T09:31:16","slug":"speciale-cmt-2016-a-stoccarda-i-numeri-e-le-novita-di-primavera","status":"publish","type":"post","link":"https:\/\/www.camperonline.it\/magazine\/2016\/02\/01\/speciale-cmt-2016-a-stoccarda-i-numeri-e-le-novita-di-primavera\/","title":{"rendered":"Speciale CMT  2016: a Stoccarda i numeri e le novit\u00e0 di primavera"},"content":{"rendered":"<p><img loading=\"lazy\" class=\"aligncenter size-full wp-image-201830\" src=\"https:\/\/www.camperonline.it\/magazine\/wp-content\/uploads\/2016\/02\/cmt2016.jpg\" alt=\"cmt2016\" width=\"630\" height=\"450\" srcset=\"https:\/\/www.camperonline.it\/magazine\/wp-content\/uploads\/2016\/02\/cmt2016.jpg 630w, https:\/\/www.camperonline.it\/magazine\/wp-content\/uploads\/2016\/02\/cmt2016-300x214.jpg 300w\" sizes=\"(max-width: 630px) 100vw, 630px\" \/><\/p>\n<h2>Numeri e novit\u00e0 dal salone di Stoccarda: marchio per marchio, tutte le nuove proposte da scoprire, anche in video.<\/h2>\n<p><!--more--><\/p>\n<p>E&#8217; un appuntamento ormai inserito a pieno titolo tra i top-events della stagione commerciale, \u00e8 la pi\u00f9 importante fiera tedesca dedicata al turismo (non a caso il claim recita Die Urlaub Messe &#8211; La fiera delle vacanze) ed \u00e8 diventata una irrinunciabile occasione di lancio e di confronto nel medio termine, essendo collocata cinque mesi dopo il Caravan Salon di Duesseldorf: \u00e8, naturalmente, il <strong>CMT di Stoccarda.<\/strong><\/p>\n<p>Complice anche un clima decisamente\u00a0invernale, con neve e temperature particolarmente rigide, l&#8217;edizione 2016 non passer\u00e0 agli annali come la pi\u00f9 ricca in termini di visitatori, registrando una leggera flessione sul loro numero totale, comunque superiore alle 220.000 unit\u00e0, n\u00e9 per l&#8217;essere la\u00a0pi\u00f9 ricca per ci\u00f2 che concerne le novit\u00e0 di prodotto, con una ventina\u00a0di importanti novit\u00e0 che vi illustriamo nel dettaglio, marchio per marchio. Un dato estremamente significativo, quest&#8217;ultimo, che testimonia come l&#8217;attuale situazione del mercato europeo benefici di un trend decisamente positivo, con i diversi marchi impegnati a produrre a pieno ritmo i veicoli delle collezioni presentate la scorsa estate\u00a0senza grandi necessit\u00e0 di aggiornare o correggere le rispettive collezioni. I numeri ECF (European Caravan Federation), in effetti, dicono proprio questo. Per ci\u00f2 che concerne i motorizzati, il mercato europeo conosce infatti una crescita dell&#8217;11,1%, passando da 72.561 veicoli immatricolati a 80.589 e registra\u00a0significative espansioni in diversi mercati: tra questi la\u00a0<strong>Spagna<\/strong> (+63,4% &#8211; da 955 a 1.560 veicoli), la <strong>Danimarca<\/strong> (+25,6%, da 125 a 157 veicoli), il <strong>Regno Unito<\/strong> (+25%, da 8.362 a 10.462 veicoli), il <strong>Portogallo<\/strong> (+21,2%, da 66 a 80 veicoli), <strong>l&#8217;Austria<\/strong> (+18,2%, da 1.090 a 1.288 veicoli), il <strong>Belgio<\/strong> (+15%, da 2.851 a 3.280 veicoli), l&#8217;<strong>Olanda<\/strong> (+13,6%, da 1.107 a 1.258 veicoli), la <strong>Svizzera<\/strong> (+12,9%, da 3.115 a 3.517 veicoli), la <strong>Germania<\/strong> (+9,5%, da 25.664 a 28.094 veicoli), la Norvegia (+9,3%, da 2.497 a 2.730 veicoli), l&#8217;<strong>Italia<\/strong> (+8,6%, da 3.456 a 3.753 veicoli), la <strong>Francia<\/strong> (+6,6%, da 16.222 a 17.289 veicoli) e la<strong> Svezia<\/strong> (+4,2%, da 3.115 a 3.517 veicoli). Numeri importanti, quindi, che vedono cifre di nuove immatricolazioni record nei tre maggiori mercati (Germania, Francia, Regno Unito), e che vanno di pari passo, seppure con alcune differenze, con quelli che riguardano le caravan, anch&#8217;esse in crescita a livello continentale (+10,4%, da 64.617 a 71.318 unit\u00e0) e con grandi incrementi nel Regno Unito (+20%, da 18.920 a 22.708 veicoli) e in Germania (+10,1%, da 16.803 a 18.504 veicoli), per un totale di nuove registrazioni che, sommando caravan e motorizzati, arriva a 151.907 unit\u00e0 (+10,7% rispetto alle 137.178 unit\u00e0 dell&#8217;anno precedente).<\/p>\n<p>Un mercato che tira, che viaggia nuovamente verso significativi tassi di crescita pressoch\u00e8 ovunque, registrando contrazioni limitate nei numeri e nel numero dei paesi coinvolti (Finlandia, -9,4%, da 1.183 a 1072 veicoli, Slovenia, -9,1%, da 132 a 120 veicoli) e che\u00a0evidenzia come la Germania sia, una volta di pi\u00f9,\u00a0il cuore pulsante di un sistema che, superato un periodo di crisi, ha ricominciato a macinare numeri importanti, ha recuperato slancio, attrattivit\u00e0 e capacit\u00e0 di coinvolgere una clientela sempre pi\u00f9 ampia e variegata. Esemplare, a questo proposito, \u00e8 proprio la kermesse di Stoccarda, il <strong>CMT<\/strong>. Acronimo di <strong>Caravanning, Motor und Tourismus<\/strong>, rappresenta un vero e proprio punto di incontro di un intero comparto. Nei modernissimi e luminosi padiglioni della Messe Stuttgart possono infatti sedersi allo stesso tavolo tutti gli attori coinvolti: chi ha un veicolo e cerca una destinazione, chi desidera acquistare un veicolo, chi offre servizi turistici, chi organizza viaggi, chi produce e vende veicoli dedicati al tempo libero, chi gestisce strutture ricettive, enti turistici, tour operators, compagnie di navigazione, agenzie di viaggio, produttori di accessori e componenti&#8230; Una vera e propria festa di luci, colori, suoni, voci e lingue diverse, di mondi differenti che si trovano riuniti in una struttura di eccellente livello, ottimamente gestita e organizzata e che, lasciatecelo sottolineare, meriterebbe di essere studiata, analizzata e riproposta anche in altri paesi. Anche e soprattutto in Italia.<\/p>\n<p><center><iframe loading=\"lazy\" src=\"https:\/\/www.youtube.com\/embed\/ANbQ86uYpHM?rel=0&amp;showinfo=0\" width=\"630\" height=\"354\" frameborder=\"0\" allowfullscreen=\"allowfullscreen\"><\/iframe><\/center>Una festa del turismo, in ogni sua forma, che vi raccontiamo in video, con tutte le novit\u00e0 di camper e caravan svelate in anteprima assoluta a Stoccarda e, naturalmente, anche con servizi speciali dedicati, marchio per marchio, a tutte le novit\u00e0 della primavera 2016.<\/p>\n<table style=\"width: 630px;\" border=\"1\" cellspacing=\"1\" cellpadding=\"1\" align=\"center\">\n<tbody>\n<tr>\n<td><a href=\"https:\/\/www.camperonline.it\/magazine\/2016\/01\/20\/cmt-2016-laika-presenta-i-nuovi-kreos-7009-sl-e-4009-sl\/\" target=\"_blank\"><img style=\"width: 300px; height: 214px;\" src=\"https:\/\/www.camperonline.it\/news-img\/CMT-2016-Laika.jpg\" alt=\"\" \/><\/a><\/p>\n<p style=\"text-align: center;\"><a href=\"https:\/\/www.camperonline.it\/magazine\/2016\/01\/20\/cmt-2016-laika-presenta-i-nuovi-kreos-7009-sl-e-4009-sl\/\" target=\"_blank\"><strong>Laika Kreos 7009 SL e Kreos 4009 SL<\/strong><\/a><\/p>\n<\/td>\n<td><a href=\"https:\/\/www.camperonline.it\/magazine\/2016\/01\/21\/cmt-2016-hymer-lesordio-dei-nuovi-van-s-500-e-520-e-van-374\/\" target=\"_blank\"><img style=\"width: 300px; height: 214px;\" src=\"https:\/\/www.camperonline.it\/news-img\/CMT-2016-Hymer.jpg\" alt=\"\" \/><\/a><\/p>\n<p style=\"text-align: center;\"><a href=\"https:\/\/www.camperonline.it\/magazine\/2016\/01\/21\/cmt-2016-hymer-lesordio-dei-nuovi-van-s-500-e-520-e-van-374\/\" target=\"_blank\"><strong>Hymer Van S 500, Van S 520 e Van 374<\/strong><\/a><\/p>\n<\/td>\n<\/tr>\n<tr>\n<td><a href=\"https:\/\/www.camperonline.it\/magazine\/2016\/01\/22\/cmt-2016-carthago-ecco-il-nuovo-c-tourer-144le-il-nuovo-mobilio-epic-e-il-c-line-4-9-edition\/\" target=\"_blank\"><img style=\"width: 300px; height: 214px;\" src=\"https:\/\/www.camperonline.it\/news-img\/CMT-2016-Carthago.jpg\" alt=\"\" \/><\/a><\/p>\n<p style=\"text-align: center;\"><a href=\"https:\/\/www.camperonline.it\/magazine\/2016\/01\/22\/cmt-2016-carthago-ecco-il-nuovo-c-tourer-144le-il-nuovo-mobilio-epic-e-il-c-line-4-9-edition\/\" target=\"_blank\"><strong>Carthago C-Tourer 144 LE Epic, 148 Epic e C-Line 4.9 Edition<\/strong><\/a><\/p>\n<\/td>\n<td><a href=\"https:\/\/www.camperonline.it\/magazine\/2016\/01\/23\/cmt-2016-frankia-stupisce-con-il-nuovissimo-i-840-plus\/\" target=\"_blank\"><img style=\"width: 300px; height: 214px;\" src=\"https:\/\/www.camperonline.it\/news-img\/CMT2016-Frankia.jpg\" alt=\"\" \/><\/a><\/p>\n<p style=\"text-align: center;\"><a href=\"https:\/\/www.camperonline.it\/magazine\/2016\/01\/23\/cmt-2016-frankia-stupisce-con-il-nuovissimo-i-840-plus\/\" target=\"_blank\"><strong>Frankia I 840 Plus<\/strong><\/a><\/p>\n<\/td>\n<\/tr>\n<tr>\n<td><a href=\"https:\/\/www.camperonline.it\/magazine\/2016\/01\/25\/cmt-2016-eura-mobil-ecco-il-nuovo-profila-720-ebcw\/\" target=\"_blank\"><img style=\"width: 300px; height: 214px;\" src=\"https:\/\/www.camperonline.it\/news-img\/CMT-2016-Eura.jpg\" alt=\"\" \/><\/a><\/p>\n<p style=\"text-align: center;\"><a href=\"https:\/\/www.camperonline.it\/magazine\/2016\/01\/25\/cmt-2016-eura-mobil-ecco-il-nuovo-profila-720-ebcw\/\" target=\"_blank\"><strong>Eura Mobil Profila 730 EB<\/strong><\/a><\/p>\n<\/td>\n<td><a href=\"https:\/\/www.camperonline.it\/magazine\/2016\/01\/26\/cmt-2016-dethleffs-spazio-ai-nuovi-motorhome-trend-i-ai-nuovi-mansardati-trend-a-e-ai-basculanti-4-travel\/\" target=\"_blank\"><img style=\"width: 300px; height: 214px;\" src=\"https:\/\/www.camperonline.it\/news-img\/CMT-2016-Dethleffs.jpg\" alt=\"\" \/><\/a><\/p>\n<p style=\"text-align: center;\"><a href=\"https:\/\/www.camperonline.it\/magazine\/2016\/01\/26\/cmt-2016-dethleffs-spazio-ai-nuovi-motorhome-trend-i-ai-nuovi-mansardati-trend-a-e-ai-basculanti-4-travel\/\" target=\"_blank\"><strong>Dethleffs Trend-I 7057 DBM e I 7057 EB, Trend-A 5887, 4-Travel T 7116-4<\/strong><\/a><\/p>\n<\/td>\n<\/tr>\n<tr>\n<td><a href=\"https:\/\/www.camperonline.it\/magazine\/2016\/01\/27\/cmt-2016-challenger-tre-nuovi-profilati-con-basculante-tutti-da-scoprire\/\" target=\"_blank\"><img style=\"width: 300px; height: 214px;\" src=\"https:\/\/www.camperonline.it\/news-img\/CMT-2016-Challenger.jpg\" alt=\"\" \/><\/a><\/p>\n<p style=\"text-align: center;\"><a href=\"https:\/\/www.camperonline.it\/magazine\/2016\/01\/27\/cmt-2016-challenger-tre-nuovi-profilati-con-basculante-tutti-da-scoprire\/\" target=\"_blank\"><strong>Challenger Quartz 277 GA, Quartz 284 e Graphite Edition 398 XLB<\/strong><\/a><\/p>\n<\/td>\n<td><a href=\"https:\/\/www.camperonline.it\/magazine\/2016\/01\/28\/cmt-2016-knaus-ecco-i-nuovi-boxstar-plus-600-mq-e-lifestyle-490-l\/\" target=\"_blank\"><img style=\"width: 300px; height: 214px;\" src=\"https:\/\/www.camperonline.it\/news-img\/CMT-2016-Knaus.jpg\" alt=\"\" \/><\/a><\/p>\n<p style=\"text-align: center;\"><a href=\"https:\/\/www.camperonline.it\/magazine\/2016\/01\/28\/cmt-2016-knaus-ecco-i-nuovi-boxstar-plus-600-mq-e-lifestyle-490-l\/\" target=\"_blank\"><strong>Knaus BoxStar Plus 600 MQ e Lifestyle 490 L<\/strong><\/a><\/p>\n<\/td>\n<\/tr>\n<tr>\n<td><a href=\"https:\/\/www.camperonline.it\/magazine\/2016\/01\/29\/cmt-2016-chausson-al-debutto-le-nuove-serie-korus-e-titanium\/\" target=\"_blank\"><img style=\"width: 300px; height: 214px;\" src=\"https:\/\/www.camperonline.it\/news-img\/CMT-2016-Chausson.jpg\" alt=\"\" \/><\/a><\/p>\n<p style=\"text-align: center;\"><a href=\"https:\/\/www.camperonline.it\/magazine\/2016\/01\/29\/cmt-2016-chausson-al-debutto-le-nuove-serie-korus-e-titanium\/\" target=\"_blank\"><strong>Chausson Korus 637 GA, Korus 624 e Titanium 718 XLB<\/strong><\/a><\/p>\n<\/td>\n<td><a href=\"https:\/\/www.camperonline.it\/magazine\/2016\/01\/30\/cmt-2016-oman-il-nuovo-4x4-completo-ed-economico-di-burow-mobil\/\" target=\"_blank\"><img style=\"width: 300px; height: 214px;\" src=\"https:\/\/www.camperonline.it\/news-img\/CMT-2016-Burow.jpg\" alt=\"\" \/><\/a><\/p>\n<p style=\"text-align: center;\"><a href=\"https:\/\/www.camperonline.it\/magazine\/2016\/01\/30\/cmt-2016-oman-il-nuovo-4x4-completo-ed-economico-di-burow-mobil\/\" target=\"_blank\"><strong>Burow Mobil Oman<\/strong><\/a><\/p>\n<\/td>\n<\/tr>\n<tr>\n<td><\/td>\n<td><\/td>\n<\/tr>\n<\/tbody>\n<\/table>\n","protected":false},"excerpt":{"rendered":"<p>Numeri e novit\u00e0 dal salone di Stoccarda: marchio per marchio, tutte le nuove proposte da scoprire, anche in video.<\/p>\n","protected":false},"author":3,"featured_media":201830,"comment_status":"open","ping_status":"open","sticky":false,"template":"","format":"standard","meta":{"ngg_post_thumbnail":0},"categories":[4408,7,122],"tags":[4893],"yoast_head":"<!-- This site is optimized with the Yoast SEO plugin v18.6 - https:\/\/yoast.com\/wordpress\/plugins\/seo\/ -->\n<title>Speciale CMT 2016: a Stoccarda i numeri e le novit\u00e0 di primavera - CamperOnLine Magazine<\/title>\n<meta name=\"description\" content=\"Numeri e novit\u00e0 dal salone di Stoccarda: marchio per marchio, tutte le nuove proposte da scoprire, anche in video. E&#039; un appuntamento ormai inserito a\" \/>\n<meta name=\"robots\" content=\"index, follow, max-snippet:-1, max-image-preview:large, max-video-preview:-1\" \/>\n<link rel=\"canonical\" href=\"https:\/\/www.camperonline.it\/magazine\/2016\/02\/01\/speciale-cmt-2016-a-stoccarda-i-numeri-e-le-novita-di-primavera\/\" \/>\n<meta property=\"og:locale\" content=\"it_IT\" \/>\n<meta property=\"og:type\" content=\"article\" \/>\n<meta property=\"og:title\" content=\"Speciale CMT 2016: a Stoccarda i numeri e le novit\u00e0 di primavera - CamperOnLine Magazine\" \/>\n<meta property=\"og:description\" content=\"Numeri e novit\u00e0 dal salone di Stoccarda: marchio per marchio, tutte le nuove proposte da scoprire, anche in video. E&#039; un appuntamento ormai inserito a\" \/>\n<meta property=\"og:url\" content=\"https:\/\/www.camperonline.it\/magazine\/2016\/02\/01\/speciale-cmt-2016-a-stoccarda-i-numeri-e-le-novita-di-primavera\/\" \/>\n<meta property=\"og:site_name\" content=\"CamperOnLine Magazine\" \/>\n<meta property=\"article:published_time\" content=\"2016-01-31T23:00:01+00:00\" \/>\n<meta property=\"article:modified_time\" content=\"2018-08-15T09:31:16+00:00\" \/>\n<meta property=\"og:image\" content=\"https:\/\/www.camperonline.it\/magazine\/wp-content\/uploads\/2016\/02\/cmt2016.jpg\" \/>\n\t<meta property=\"og:image:width\" content=\"630\" \/>\n\t<meta property=\"og:image:height\" content=\"450\" \/>\n\t<meta property=\"og:image:type\" content=\"image\/jpeg\" \/>\n<meta name=\"twitter:card\" content=\"summary_large_image\" \/>\n<script type=\"application\/ld+json\" class=\"yoast-schema-graph\">{\"@context\":\"https:\/\/schema.org\",\"@graph\":[{\"@type\":\"WebSite\",\"@id\":\"https:\/\/www.camperonline.it\/magazine\/#website\",\"url\":\"https:\/\/www.camperonline.it\/magazine\/\",\"name\":\"CamperOnLine Magazine\",\"description\":\"Viaggi in camper, test, video, destinazioni, vacanze\",\"potentialAction\":[{\"@type\":\"SearchAction\",\"target\":{\"@type\":\"EntryPoint\",\"urlTemplate\":\"https:\/\/www.camperonline.it\/magazine\/?s={search_term_string}\"},\"query-input\":\"required name=search_term_string\"}],\"inLanguage\":\"it-IT\"},{\"@type\":\"ImageObject\",\"@id\":\"https:\/\/www.camperonline.it\/magazine\/2016\/02\/01\/speciale-cmt-2016-a-stoccarda-i-numeri-e-le-novita-di-primavera\/#primaryimage\",\"inLanguage\":\"it-IT\",\"url\":\"https:\/\/www.camperonline.it\/magazine\/wp-content\/uploads\/2016\/02\/cmt2016.jpg\",\"contentUrl\":\"https:\/\/www.camperonline.it\/magazine\/wp-content\/uploads\/2016\/02\/cmt2016.jpg\",\"width\":630,\"height\":450},{\"@type\":\"WebPage\",\"@id\":\"https:\/\/www.camperonline.it\/magazine\/2016\/02\/01\/speciale-cmt-2016-a-stoccarda-i-numeri-e-le-novita-di-primavera\/#webpage\",\"url\":\"https:\/\/www.camperonline.it\/magazine\/2016\/02\/01\/speciale-cmt-2016-a-stoccarda-i-numeri-e-le-novita-di-primavera\/\",\"name\":\"Speciale CMT 2016: a Stoccarda i numeri e le novit\u00e0 di primavera - CamperOnLine Magazine\",\"isPartOf\":{\"@id\":\"https:\/\/www.camperonline.it\/magazine\/#website\"},\"primaryImageOfPage\":{\"@id\":\"https:\/\/www.camperonline.it\/magazine\/2016\/02\/01\/speciale-cmt-2016-a-stoccarda-i-numeri-e-le-novita-di-primavera\/#primaryimage\"},\"datePublished\":\"2016-01-31T23:00:01+00:00\",\"dateModified\":\"2018-08-15T09:31:16+00:00\",\"author\":{\"@id\":\"https:\/\/www.camperonline.it\/magazine\/#\/schema\/person\/cb66c317d76fe5112e3846547de4a508\"},\"description\":\"Numeri e novit\u00e0 dal salone di Stoccarda: marchio per marchio, tutte le nuove proposte da scoprire, anche in video. E' un appuntamento ormai inserito a\",\"breadcrumb\":{\"@id\":\"https:\/\/www.camperonline.it\/magazine\/2016\/02\/01\/speciale-cmt-2016-a-stoccarda-i-numeri-e-le-novita-di-primavera\/#breadcrumb\"},\"inLanguage\":\"it-IT\",\"potentialAction\":[{\"@type\":\"ReadAction\",\"target\":[\"https:\/\/www.camperonline.it\/magazine\/2016\/02\/01\/speciale-cmt-2016-a-stoccarda-i-numeri-e-le-novita-di-primavera\/\"]}]},{\"@type\":\"BreadcrumbList\",\"@id\":\"https:\/\/www.camperonline.it\/magazine\/2016\/02\/01\/speciale-cmt-2016-a-stoccarda-i-numeri-e-le-novita-di-primavera\/#breadcrumb\",\"itemListElement\":[{\"@type\":\"ListItem\",\"position\":1,\"name\":\"Home\",\"item\":\"https:\/\/www.camperonline.it\/magazine\/\"},{\"@type\":\"ListItem\",\"position\":2,\"name\":\"Speciale CMT 2016: a Stoccarda i numeri e le novit\u00e0 di primavera\"}]},{\"@type\":\"Person\",\"@id\":\"https:\/\/www.camperonline.it\/magazine\/#\/schema\/person\/cb66c317d76fe5112e3846547de4a508\",\"name\":\"Michel\",\"sameAs\":[\"http:\/\/www.winterexperience.com\/\"],\"url\":\"https:\/\/www.camperonline.it\/magazine\/author\/michel\/\"}]}<\/script>\n<!-- \/ Yoast SEO plugin. -->","yoast_head_json":{"title":"Speciale CMT 2016: a Stoccarda i numeri e le novit\u00e0 di primavera - CamperOnLine Magazine","description":"Numeri e novit\u00e0 dal salone di Stoccarda: marchio per marchio, tutte le nuove proposte da scoprire, anche in video. E' un appuntamento ormai inserito a","robots":{"index":"index","follow":"follow","max-snippet":"max-snippet:-1","max-image-preview":"max-image-preview:large","max-video-preview":"max-video-preview:-1"},"canonical":"https:\/\/www.camperonline.it\/magazine\/2016\/02\/01\/speciale-cmt-2016-a-stoccarda-i-numeri-e-le-novita-di-primavera\/","og_locale":"it_IT","og_type":"article","og_title":"Speciale CMT 2016: a Stoccarda i numeri e le novit\u00e0 di primavera - CamperOnLine Magazine","og_description":"Numeri e novit\u00e0 dal salone di Stoccarda: marchio per marchio, tutte le nuove proposte da scoprire, anche in video. E' un appuntamento ormai inserito a","og_url":"https:\/\/www.camperonline.it\/magazine\/2016\/02\/01\/speciale-cmt-2016-a-stoccarda-i-numeri-e-le-novita-di-primavera\/","og_site_name":"CamperOnLine Magazine","article_published_time":"2016-01-31T23:00:01+00:00","article_modified_time":"2018-08-15T09:31:16+00:00","og_image":[{"width":630,"height":450,"url":"https:\/\/www.camperonline.it\/magazine\/wp-content\/uploads\/2016\/02\/cmt2016.jpg","type":"image\/jpeg"}],"twitter_card":"summary_large_image","schema":{"@context":"https:\/\/schema.org","@graph":[{"@type":"WebSite","@id":"https:\/\/www.camperonline.it\/magazine\/#website","url":"https:\/\/www.camperonline.it\/magazine\/","name":"CamperOnLine Magazine","description":"Viaggi in camper, test, video, destinazioni, vacanze","potentialAction":[{"@type":"SearchAction","target":{"@type":"EntryPoint","urlTemplate":"https:\/\/www.camperonline.it\/magazine\/?s={search_term_string}"},"query-input":"required name=search_term_string"}],"inLanguage":"it-IT"},{"@type":"ImageObject","@id":"https:\/\/www.camperonline.it\/magazine\/2016\/02\/01\/speciale-cmt-2016-a-stoccarda-i-numeri-e-le-novita-di-primavera\/#primaryimage","inLanguage":"it-IT","url":"https:\/\/www.camperonline.it\/magazine\/wp-content\/uploads\/2016\/02\/cmt2016.jpg","contentUrl":"https:\/\/www.camperonline.it\/magazine\/wp-content\/uploads\/2016\/02\/cmt2016.jpg","width":630,"height":450},{"@type":"WebPage","@id":"https:\/\/www.camperonline.it\/magazine\/2016\/02\/01\/speciale-cmt-2016-a-stoccarda-i-numeri-e-le-novita-di-primavera\/#webpage","url":"https:\/\/www.camperonline.it\/magazine\/2016\/02\/01\/speciale-cmt-2016-a-stoccarda-i-numeri-e-le-novita-di-primavera\/","name":"Speciale CMT 2016: a Stoccarda i numeri e le novit\u00e0 di primavera - CamperOnLine Magazine","isPartOf":{"@id":"https:\/\/www.camperonline.it\/magazine\/#website"},"primaryImageOfPage":{"@id":"https:\/\/www.camperonline.it\/magazine\/2016\/02\/01\/speciale-cmt-2016-a-stoccarda-i-numeri-e-le-novita-di-primavera\/#primaryimage"},"datePublished":"2016-01-31T23:00:01+00:00","dateModified":"2018-08-15T09:31:16+00:00","author":{"@id":"https:\/\/www.camperonline.it\/magazine\/#\/schema\/person\/cb66c317d76fe5112e3846547de4a508"},"description":"Numeri e novit\u00e0 dal salone di Stoccarda: marchio per marchio, tutte le nuove proposte da scoprire, anche in video. E' un appuntamento ormai inserito a","breadcrumb":{"@id":"https:\/\/www.camperonline.it\/magazine\/2016\/02\/01\/speciale-cmt-2016-a-stoccarda-i-numeri-e-le-novita-di-primavera\/#breadcrumb"},"inLanguage":"it-IT","potentialAction":[{"@type":"ReadAction","target":["https:\/\/www.camperonline.it\/magazine\/2016\/02\/01\/speciale-cmt-2016-a-stoccarda-i-numeri-e-le-novita-di-primavera\/"]}]},{"@type":"BreadcrumbList","@id":"https:\/\/www.camperonline.it\/magazine\/2016\/02\/01\/speciale-cmt-2016-a-stoccarda-i-numeri-e-le-novita-di-primavera\/#breadcrumb","itemListElement":[{"@type":"ListItem","position":1,"name":"Home","item":"https:\/\/www.camperonline.it\/magazine\/"},{"@type":"ListItem","position":2,"name":"Speciale CMT 2016: a Stoccarda i numeri e le novit\u00e0 di primavera"}]},{"@type":"Person","@id":"https:\/\/www.camperonline.it\/magazine\/#\/schema\/person\/cb66c317d76fe5112e3846547de4a508","name":"Michel","sameAs":["http:\/\/www.winterexperience.com\/"],"url":"https:\/\/www.camperonline.it\/magazine\/author\/michel\/"}]}},"_links":{"self":[{"href":"https:\/\/www.camperonline.it\/magazine\/wp-json\/wp\/v2\/posts\/201826"}],"collection":[{"href":"https:\/\/www.camperonline.it\/magazine\/wp-json\/wp\/v2\/posts"}],"about":[{"href":"https:\/\/www.camperonline.it\/magazine\/wp-json\/wp\/v2\/types\/post"}],"author":[{"embeddable":true,"href":"https:\/\/www.camperonline.it\/magazine\/wp-json\/wp\/v2\/users\/3"}],"replies":[{"embeddable":true,"href":"https:\/\/www.camperonline.it\/magazine\/wp-json\/wp\/v2\/comments?post=201826"}],"version-history":[{"count":0,"href":"https:\/\/www.camperonline.it\/magazine\/wp-json\/wp\/v2\/posts\/201826\/revisions"}],"wp:featuredmedia":[{"embeddable":true,"href":"https:\/\/www.camperonline.it\/magazine\/wp-json\/wp\/v2\/media\/201830"}],"wp:attachment":[{"href":"https:\/\/www.camperonline.it\/magazine\/wp-json\/wp\/v2\/media?parent=201826"}],"wp:term":[{"taxonomy":"category","embeddable":true,"href":"https:\/\/www.camperonline.it\/magazine\/wp-json\/wp\/v2\/categories?post=201826"},{"taxonomy":"post_tag","embeddable":true,"href":"https:\/\/www.camperonline.it\/magazine\/wp-json\/wp\/v2\/tags?post=201826"}],"curies":[{"name":"wp","href":"https:\/\/api.w.org\/{rel}","templated":true}]}}