{"id":202070,"date":"2016-02-01T16:01:21","date_gmt":"2016-02-01T15:01:21","guid":{"rendered":"https:\/\/www.camperonline.it\/magazine\/?p=202070"},"modified":"2016-03-15T16:09:34","modified_gmt":"2016-03-15T15:09:34","slug":"appuntamento-con-il-carnevale","status":"publish","type":"post","link":"https:\/\/www.camperonline.it\/magazine\/2016\/02\/01\/appuntamento-con-il-carnevale\/","title":{"rendered":"Appuntamento con il Carnevale!"},"content":{"rendered":"<p class=\"p1\"><strong><a href=\"https:\/\/www.camperonline.it\/magazine\/2016\/02\/01\/appuntamento-con-il-carnevale\/i-simboli-del-carnevale\/\" rel=\"attachment wp-att-202433\"><img loading=\"lazy\" class=\"alignleft wp-image-202433 size-thumbnail\" src=\"https:\/\/www.camperonline.it\/magazine\/wp-content\/uploads\/2016\/02\/i-simboli-del-carnevale-80x80.jpg\" alt=\"i-simboli-del-carnevale\" width=\"80\" height=\"80\" \/><\/a>Il Carnevale<\/strong>, che si svolge dopo Natale e tradizionalmente nella settimana che precede la Quaresima,\u00a0\u00e8 un momento di leggerezza, goliardia ed euforia che coinvolge\u00a0grandi e piccini, dove ogni scherzo \u00e8 lecito ed i festeggiamenti d&#8217;obbligo. Di seguito una piccola selezione\u00a0di alcune tipologie di manifestazioni carnevalesche che si svolgono nel nostro Bel Paese.<!--more--><\/p>\n<p class=\"p1\"><strong>Le Maschere di Venezia<\/strong><\/p>\n<p class=\"p1\">Dichiarata\u00a0ufficialmente festa pubblica nel 1296, questa manifestazione in costume continua a trasmettere euforia,\u00a0romanticismo e quel pizzico di\u00a0mistero rendendola unica nel suo genere.\u00a0Rispetto al passato,\u00a0quando i festeggiamenti\u00a0iniziavano addirittura ad ottobre e culminavano nei giorni antecedenti\u00a0la Quaresima, quelli odierni\u00a0durano una quindicina\u00a0di giorni sprigionando\u00a0tutta\u00a0l&#8217;energia vitale accantonata per un anno intero.<img loading=\"lazy\" class=\"alignright wp-image-202415 size-full\" src=\"https:\/\/www.camperonline.it\/magazine\/wp-content\/uploads\/2016\/02\/carnevaleVenezia2008-02b.jpg\" alt=\"carnevaleVenezia2008-02b\" width=\"400\" height=\"300\" srcset=\"https:\/\/www.camperonline.it\/magazine\/wp-content\/uploads\/2016\/02\/carnevaleVenezia2008-02b.jpg 400w, https:\/\/www.camperonline.it\/magazine\/wp-content\/uploads\/2016\/02\/carnevaleVenezia2008-02b-300x225.jpg 300w\" sizes=\"(max-width: 400px) 100vw, 400px\" \/><\/p>\n<p class=\"p1\">Per essere\u00a0<strong>protagonisti<\/strong> a Venezia basta indossare una semplice maschera o un mantello\u00a0e vivere un&#8217;esperienza indimenticabile\u00a0tra\u00a0campi, suggestivi canali e calle cittadine, assistendo a\u00a0rappresentazioni teatrali, balli spontanei e sfilate\u00a0di\u00a0maschere, misteriose e affascinanti<strong>.<\/strong><strong><br \/>\n<\/strong>La notte, gli splendidi palazzi\u00a0rinascimentali si vestono a festa e aprono le porte in\u00a0un susseguirsi di\u00a0<strong>balli e gal\u00e0 esclusivi.<\/strong><\/p>\n<p class=\"p1\">Quest&#8217;anno il tema\u00a0dell&#8217;edizione\u00a02016 \u00e8 &#8220;Creatum&#8221; ovvero la creativit\u00e0 nelle Arti e nelle Tradizioni\u00a0<strong>partendo dai nomi dei luoghi <\/strong>a cui sono\u00a0legati i <strong>mestieri <\/strong>e<strong>\u00a0<\/strong>le relative\u00a0<strong>botteghe d&#8217;arte<\/strong> in un tour storico\u00a0e culturale che consentir\u00e0 di scoprire luoghi spesso sconosciuti.<\/p>\n<p class=\"p1\"><em>Numerosi i <a href=\"https:\/\/www.camperonline.it\/aree-sosta-camper.asp\" target=\"_blank\"><strong>punti sosta e aree attrezzate per camper<\/strong><\/a>\u00a0nella zona.<\/em><\/p>\n<p class=\"p1\"><em>Durante le giornate del carnevale, dal <strong>23 gennaio al 9 febbraio<\/strong>, l&#8217;accesso alla citt\u00e0 \u00e8 possibile solamente se si \u00e8 in possesso di un biglietto di ingresso acquistabile anche online.\u00a0<\/em>Per maggiori informazioni\u00a0<strong><a href=\"http:\/\/www.carnevale.venezia.it\/\" target=\"_blank\">vai al sito<\/a>.<\/strong><\/p>\n<p class=\"p1\"><strong>Lo Storico Carnevale di Ivrea<\/strong><\/p>\n<p class=\"p1\">Una manifestazione\u00a0tra <strong>storia e leggenda<\/strong>,\u00a0con\u00a0riferimenti all&#8217;esercito napoleonico\u00a0e alle rivolte popolari, dove tradizione, spettacolo, emozioni e grandi ideali si fondono\u00a0creando\u00a0un evento unico di grande rilevanza nazionale ed\u00a0internazionale.<br \/>\nLo <strong>spirito<\/strong> vive nella rievocazione di un episodio di riscatto\u00a0dalla tirannia\u00a0di un\u00a0barone ad\u00a0opera\u00a0della\u00a0figlia di un mugnaio che ribellandosi\u00a0allo <em>jus primae noctis,<\/em>\u00a0solleva la popolazione alla rivolta.\u00a0Caratterizzato da un complesso <strong>cerimoniale<\/strong>\u00a0che include l&#8217;obbligo a tutti i partecipanti di indossare il &#8220;<strong>cappello frigio<\/strong>&#8221; (un copricapo rosso a forma di calza), il carnevale eporediese si concentra nella spettacolare <strong>&#8220;Battaglia delle arance&#8221;<\/strong>,\u00a0attrattiva principale per visitatori, turisti e mass media.<br \/>\nLa Battaglia delle Arance vede coinvolte\u00a0nove squadre di aranceri a piedi che si\u00a0sfidano nelle varie piazze lottando contro\u00a0gli aranceri sui carri da getto (circa 50 squadre) al fine di\u00a0aggiudicarsi il premio in palio dell&#8217;edizione in corso.\u00a0<a href=\"https:\/\/www.camperonline.it\/magazine\/2016\/02\/01\/appuntamento-con-il-carnevale\/carnevaleivrea\/\" rel=\"attachment wp-att-202437\"><img loading=\"lazy\" class=\"alignright size-full wp-image-202437\" src=\"https:\/\/www.camperonline.it\/magazine\/wp-content\/uploads\/2016\/02\/carnevaleIvrea.jpg\" alt=\"carnevaleIvrea\" width=\"400\" height=\"300\" srcset=\"https:\/\/www.camperonline.it\/magazine\/wp-content\/uploads\/2016\/02\/carnevaleIvrea.jpg 400w, https:\/\/www.camperonline.it\/magazine\/wp-content\/uploads\/2016\/02\/carnevaleIvrea-300x225.jpg 300w\" sizes=\"(max-width: 400px) 100vw, 400px\" \/><\/a><\/p>\n<p>I personaggi del carnevale eporediese sono:\u00a0<strong>Violetta, la Vezzosa Mugnaia<\/strong>, eroina della manifestazione, annualmente personificata\u00a0da un volto nuovo e\u00a0anonimo\u00a0fino alla presentazione ufficiale del sabato sera, <strong>il Generale e lo Stato Maggiore, <\/strong>gli<strong>\u00a0<\/strong>accompagnatori della Mugnaia e rappresentanti della sicurezza, <strong>gli Abb\u00e0<\/strong>, 10 bambini in abiti \u00a0che raffigurano\u00a0i Priori delle 5 parrocchie locali, le squadre degli <strong>Aranceri a piedi,<\/strong>\u00a0che simboleggiano il\u00a0popolo in rivolta contro il tiranno, vestiti con\u00a0le divise delle piazze protette, gli <strong>Aranceri sui carri da getto\u00a0<\/strong>ovvero\u00a0le guardie del tiranno,\u00a0protetti\u00a0da\u00a0copricapo di cuoio e imbottitura sul petto, che lottano contro il popolo degli aranceri a piedi, <strong>Gli Alfieri <\/strong>che<strong>\u00a0<\/strong>hanno\u00a0il compito di aprire il Corteo Storico rendendo onore agli antichi vessilli e alle 9 parrocchie cittadine, ed infine <strong>le bande\u00a0<\/strong>dei<strong> Pifferi e Tamburi <\/strong>che intonano\u00a0marce e &#8220;pifferate&#8221;<strong>\u00a0<\/strong>della tradizione storica carnevalesca<strong>\u00a0e<\/strong><strong>\u00a0la Banda\u00a0e Coro Alpino<\/strong>\u00a0che eseguono\u00a0l&#8217;inno ufficiale della festa &#8220;La Canzone del Carnevale&#8221;.<\/p>\n<p class=\"p1\"><em><strong>La\u00a0sosta camper<\/strong> (area non attrezzata) per coloro che giungono in citt\u00e0 per assistere allo Storico Carnevale di Ivrea si trova\u00a0in via Circonvallazione (Area Mercato), a pochi passi dal centro storico e dai luoghi in cui si svolgono le manifestazioni.<\/em><\/p>\n<p class=\"p1\"><em>Il\u00a0carnevale <strong>si svolge\u00a0dal 6 al 9 febbraio<\/strong>, per assistere alle battaglie delle arance e alle sfilate storiche della domenica \u00e8 necessario munirsi di biglietto.\u00a0<strong><a href=\"http:\/\/www.storicocarnevaleivrea.it\/\" target=\"_blank\">Clicca qui <\/a><\/strong>per saperne di pi\u00f9 sulla manifestazione.<\/em><\/p>\n<p class=\"p1\"><strong>I Carri Allegorici di Viareggio<\/strong><\/p>\n<p class=\"p1\">Il triplice colpo di cannone \u00e8\u00a0il segnale inequivocabile che a Viareggio inizia la festa, dando il via alla <strong>sfilata dei carri di cartapesta<\/strong>: cinque grandi corsi mascherati sui viali a mare.<br \/>\nIl carnevale pi\u00f9 famoso d\u2019Italia compie 140 anni, dimostrando\u00a0ogni anno, sotto la guida della Fondazione Carnevale,\u00a0di essere\u00a0sempre pi\u00f9 innovativo\u00a0con proposte d&#8217;intrattenimento e carri allegorici degni della migliore tradizione carnevalesca.<br \/>\nLo spirito goliardico, burlone e satirico della manifestazione,\u00a0inalterato nel tempo, trova ampia espressione nella realizzazione di carri maestosi e fantasiosi, alcuni alti anche 20 metri con una larghezza di 12 metri,\u00a0raffiguranti\u00a0temi sociali, ambientali, personaggi politici, dello spettacolo e dello sport.<\/p>\n<p class=\"p1\"><em><strong>La sosta camper<\/strong>\u00a0sar\u00e0 consentita, in modo del tutto gratuito nell\u2019area indicata da Mover nel proprio piano operativo per i corsi mascherati ovvero quella del parcheggio scambiatore di via Udine, all\u2019angolo con via Fratti al Marco Polo.<\/em><\/p>\n<p class=\"p1\"><em>Il carnevale, la cui\u00a0maschera simbolo \u00e8 \u201cIl Burlamacco\u201d, si svolge nelle seguenti giornate:\u00a0<strong>7, 14, 21, 28 febbraio e il 5 marzo<\/strong>.<br \/>\n<\/em><em>Per saperne di pi\u00f9 sulla manifestazione\u00a0<strong><a href=\"http:\/\/viareggio.ilcarnevale.com\/\" target=\"_blank\">clicca qui<\/a>.<\/strong><\/em><\/p>\n<p class=\"p1\"><strong>Il Carnevale Asburgico<\/strong><\/p>\n<p>L&#8217;evento\u00a0che\u00a0si svolge tutti gli anni dal <strong>10 al 13 febbraio<\/strong> a Madonna di Campiglio, \u00e8 un&#8217;omaggio alla bella storia d&#8217;amore tra Francesco Giuseppe d&#8217;Austria e la principessa Sissi\u00a0ed una rievocazione del loro soggiorno sfarzoso nella cittadina.<br \/>\nUn balzo\u00a0nel passato per far vivere ai turisti ed ai locali le atmosfere del periodo imperiale, tra principi, nobili\u00a0e personaggi di corte, in un susseguirsi di sfilate in costume (circa 200 figuranti in abiti d&#8217;epoca), cene, gran balli di corte e spettacolo pirotecnico.<\/p>\n<p><img loading=\"lazy\" class=\"alignright size-full wp-image-202421\" src=\"https:\/\/www.camperonline.it\/magazine\/wp-content\/uploads\/2016\/02\/CarnevaleAsburgico_400.jpg\" alt=\"CarnevaleAsburgico_400\" width=\"400\" height=\"229\" srcset=\"https:\/\/www.camperonline.it\/magazine\/wp-content\/uploads\/2016\/02\/CarnevaleAsburgico_400.jpg 400w, https:\/\/www.camperonline.it\/magazine\/wp-content\/uploads\/2016\/02\/CarnevaleAsburgico_400-300x171.jpg 300w\" sizes=\"(max-width: 400px) 100vw, 400px\" \/>Durante i 4 giorni della\u00a0festa nelle piazze della cittadina, animata dalla\u00a0mascotte Rendenello (figura centrale della storia),\u00a0suoneranno le note dei walzer viennesi fino alla giornata conclusiva\u00a0con il tradizionale Gran Ballo dell\u2019Imperatore presso il salone Hofer dell\u2019Hotel Des Alpes dove\u00a0ancora un volta\u00a0verr\u00e0 ricreata\u00a0la magia e la regalit\u00e0 di quell&#8217;epoca.<\/p>\n<p><em><strong>La sosta camper<\/strong>\u00a0\u00e8 possibile\u00a0presso l\u2019area vicino all\u2019hotel Bertelli\u00a0(zona nord di Campiglio, vicino l\u2019imbocco della galleria) e presso il parcheggio della telecabina Grost\u00e8 (a circa 1,5 km dal paese).<\/em><\/p>\n<p><em>E&#8217; possibile partecipare\u00a0da protagonista a tutti gli appuntamenti noleggiando\u00a0il costume d&#8217;epoca per Info &amp; prenotazioni: Azienda per il Turismo, 0465 447501. Per saperne di pi\u00f9 sulla manifestazione <strong><a href=\"http:\/\/www.campigliodolomiti.it\/lang\/IT\/eventi\/dettaglio\/campiglio_asburgica,6293.html\" target=\"_blank\">clicca qui<\/a><\/strong>.<\/em><\/p>\n<p><strong>Il Carnevale di Oristano<\/strong><\/p>\n<p>Ogni anno Oristano, nelle giornate di <strong>domenica 7 e marted\u00ec 9 febbraio<\/strong>, rivive i fasti di un&#8217;antica giostra medievale\u00a0che rievoca\u00a0gli addestramenti militari delle milizie che si tenevano nel XI secolo; si stratta della Corsa alla Stella una fra le pi\u00f9 spettacolari e pi\u00f9 coreografiche forme di Carnevale della Sardegna.<br \/>\nRisale al\u00a01543 il momento in cui\u00a0la giostra riservata ai militari d&#8217;alto rango diventa una manifestazione carnevalesca caratterizzata da\u00a0un cerimoniale\u00a0complesso in cui convivono\u00a0antichi\u00a0rituali pagani ed\u00a0elementi\u00a0cristiani.<a href=\"https:\/\/www.camperonline.it\/magazine\/2016\/02\/01\/appuntamento-con-il-carnevale\/sartiglia\/\" rel=\"attachment wp-att-202425\"><img loading=\"lazy\" class=\"alignleft wp-image-202425 size-full\" src=\"https:\/\/www.camperonline.it\/magazine\/wp-content\/uploads\/2016\/02\/sartiglia.jpg\" alt=\"sartiglia\" width=\"400\" height=\"297\" srcset=\"https:\/\/www.camperonline.it\/magazine\/wp-content\/uploads\/2016\/02\/sartiglia.jpg 400w, https:\/\/www.camperonline.it\/magazine\/wp-content\/uploads\/2016\/02\/sartiglia-300x222.jpg 300w, https:\/\/www.camperonline.it\/magazine\/wp-content\/uploads\/2016\/02\/sartiglia-270x200.jpg 270w\" sizes=\"(max-width: 400px) 100vw, 400px\" \/><\/a><\/p>\n<p><strong>I protagonisti:<\/strong><br \/>\n<strong>I Gremi <\/strong>(le<strong>\u00a0<\/strong>antiche corporazioni dei mestieri\u00a0che nel tempo\u00a0si sono trasformate in societ\u00e0\u00a0con il compito\u00a0di\u00a0perpetuare culti e feste in onore del proprio santo patrono)\u00a0hanno il ruolo di organizzare\u00a0la Sartiglia e di individuare il Su Componidori. Il Gremio dei contadini, sotto la protezione di San Giovanni Battista, organizza la Sartiglia della domenica, mentre quello dei falegnami, sotto la protezione di San Giuseppe, organizza l&#8217;evento del marted\u00ec.<br \/>\n<strong>Tamburi e trombe<\/strong>\u00a0scandiscono\u00a0ogni momento della manifestazione, hanno anche un ruolo di avviso per la sicurezza degli spettatori.<br \/>\n<strong>Su Componidori,<\/strong> in abiti e maschera androgina, \u00e8 il cavaliere prescelto o\u00a0capo corsa che ha il duplice compito di sovraintendere ogni fase della giostra\u00a0e di\u00a0scegliere tra i 120 cavalieri presenti i contendenti delle varie sfide.<br \/>\n<strong>I Cavalieri<\/strong>\u00a0in abiti tradizionali\u00a0sardi e spagnoli\u00a0ed\u00a0i loro splendidi\u00a0destrieri riccamente bardati,<strong>\u00a0<\/strong>formano un corteo composto da 40 pariglie, ciascuna di tre elementi, comprese le due pariglie dei Componidoris.<\/p>\n<p><em><strong>La\u00a0sosta camper<\/strong> \u00e8 possibile nel\u00a0parcheggio situato in\u00a0via E. Lussu (secondo ingresso a sinistra, GPS: N 39.900289 &#8211; E 8.584038) disponibile dal venerd\u00ec 5 a mercoled\u00ec 10\u00a0febbraio, mentre a pochi minuti, in prossimit\u00e0 dello stadio comunale Tharros,\u00a0\u00e8 presente\u00a0il <strong>servizio di carico e scarico<\/strong>.\u00a0<\/em><\/p>\n<p><em>Per assistere alla Sartiglia dalle tribune \u00e8 necessario munirsi di biglietto, per saperne di pi\u00f9 sulla manifestazione <strong><a href=\"http:\/\/www.sartiglia.info\/\" target=\"_blank\">clicca qui<\/a>.<\/strong><\/em><\/p>\n<p><strong>Il Corso Fiorito\u00a0di Sanremo<\/strong><\/p>\n<p class=\"p1\">Originariamente\u00a0&#8220;Festa della Dea Flora&#8221;, attualmente nota con l\u2019appellativo di \u201ccarnevale dei fiori\u201d \u00e8 una manifestazione che\u00a0si caratterizza come una grande esposizione\u00a0della produzione floricola dell&#8217;intera riviera.<br \/>\nA\u00a0partire dagli &#8217;90 l&#8217;evento \u00e8\u00a0stata valorizzato grazie all&#8217;intervento dell&#8217;Azienda Autonoma di Soggiorno e del Turismo di Sanremo.<\/p>\n<p class=\"p1\">Il <strong>13 marzo<\/strong>, sul tema conduttore\u00a0dell&#8217;evento &#8220;C\u2019era una volta\u2026il magico mondo delle Fiabe\u201d, sfileranno nella splendida coreografia di Via Matteotti una quindicina di\u00a0<strong>carri allegorici addobbati con\u00a0milioni di fiori multicolore<\/strong> e multi specie provenienti dai comuni limitrofi.<\/p>\n<p class=\"p1\"><em><strong>La sosta\u00a0camper<\/strong> \u00e8\u00a0consigliata\u00a0presso l&#8217;area comunale Pian di Poma in Corso Marconi\u00a0(uscita A10 Sanremo) con\u00a0servizio navetta\u00a0dalle\u00a007.30\u00a0alle\u00a011.30 &#8211; dalle 13.30 alle 17.30.<\/em><\/p>\n<p class=\"p1\"><em>L&#8217;accesso al percorso \u00e8 libero e gratuito, mentre\u00a0i posti a sedere (circa\u00a01000) sulla tribuna posta lungo il percorso\u00a0sono a pagamento: biglietto \u20ac 23,50. Per saperne di pi\u00f9 sulla manifestazione\u00a0<strong><a href=\"http:\/\/carnevalesanremo.it\/\" target=\"_blank\">visita il sito ufficiale<\/a>.<\/strong><\/em><\/p>\n<p><strong>Per una panoramica pi\u00f9 completa\u00a0sugli altri appuntamenti carnevaleschi in Italia <a href=\"http:\/\/www.girolando.it\" target=\"_blank\">clicca qui<\/a>.\u00a0<\/strong><\/p>\n","protected":false},"excerpt":{"rendered":"<p>Il Carnevale, che si svolge dopo Natale e tradizionalmente nella settimana che precede la Quaresima,\u00a0\u00e8 un momento di leggerezza, goliardia ed euforia che coinvolge\u00a0grandi e piccini, dove ogni scherzo \u00e8 lecito ed i festeggiamenti d&#8217;obbligo. Di seguito una piccola selezione\u00a0di alcune tipologie di manifestazioni carnevalesche che si svolgono nel nostro Bel Paese.<\/p>\n","protected":false},"author":7,"featured_media":202435,"comment_status":"open","ping_status":"open","sticky":false,"template":"","format":"standard","meta":{"ngg_post_thumbnail":0},"categories":[48],"tags":[4445,106,4446,3926,4449,4444,4447,4443,3923,4448],"yoast_head":"<!-- This site is optimized with the Yoast SEO plugin v18.6 - https:\/\/yoast.com\/wordpress\/plugins\/seo\/ -->\n<title>Appuntamento con il Carnevale! - CamperOnLine Magazine<\/title>\n<meta name=\"description\" content=\"Il Carnevale, che si svolge dopo Natale e tradizionalmente nella settimana che precede la Quaresima,\u00a0\u00e8 un momento di leggerezza, goliardia ed euforia che\" \/>\n<meta name=\"robots\" content=\"index, follow, max-snippet:-1, max-image-preview:large, max-video-preview:-1\" \/>\n<link rel=\"canonical\" href=\"https:\/\/www.camperonline.it\/magazine\/2016\/02\/01\/appuntamento-con-il-carnevale\/\" \/>\n<meta property=\"og:locale\" content=\"it_IT\" \/>\n<meta property=\"og:type\" content=\"article\" \/>\n<meta property=\"og:title\" content=\"Appuntamento con il Carnevale! - CamperOnLine Magazine\" \/>\n<meta property=\"og:description\" content=\"Il Carnevale, che si svolge dopo Natale e tradizionalmente nella settimana che precede la Quaresima,\u00a0\u00e8 un momento di leggerezza, goliardia ed euforia che\" \/>\n<meta property=\"og:url\" content=\"https:\/\/www.camperonline.it\/magazine\/2016\/02\/01\/appuntamento-con-il-carnevale\/\" \/>\n<meta property=\"og:site_name\" content=\"CamperOnLine Magazine\" \/>\n<meta property=\"article:published_time\" content=\"2016-02-01T15:01:21+00:00\" \/>\n<meta property=\"article:modified_time\" content=\"2016-03-15T15:09:34+00:00\" \/>\n<meta property=\"og:image\" content=\"https:\/\/www.camperonline.it\/magazine\/wp-content\/uploads\/2016\/02\/russe-e1458054521421.jpg\" \/>\n\t<meta property=\"og:image:width\" content=\"373\" \/>\n\t<meta property=\"og:image:height\" content=\"280\" \/>\n\t<meta property=\"og:image:type\" content=\"image\/jpeg\" \/>\n<meta name=\"twitter:card\" content=\"summary_large_image\" \/>\n<script type=\"application\/ld+json\" class=\"yoast-schema-graph\">{\"@context\":\"https:\/\/schema.org\",\"@graph\":[{\"@type\":\"WebSite\",\"@id\":\"https:\/\/www.camperonline.it\/magazine\/#website\",\"url\":\"https:\/\/www.camperonline.it\/magazine\/\",\"name\":\"CamperOnLine Magazine\",\"description\":\"Viaggi in camper, test, video, destinazioni, vacanze\",\"potentialAction\":[{\"@type\":\"SearchAction\",\"target\":{\"@type\":\"EntryPoint\",\"urlTemplate\":\"https:\/\/www.camperonline.it\/magazine\/?s={search_term_string}\"},\"query-input\":\"required name=search_term_string\"}],\"inLanguage\":\"it-IT\"},{\"@type\":\"ImageObject\",\"@id\":\"https:\/\/www.camperonline.it\/magazine\/2016\/02\/01\/appuntamento-con-il-carnevale\/#primaryimage\",\"inLanguage\":\"it-IT\",\"url\":\"https:\/\/www.camperonline.it\/magazine\/wp-content\/uploads\/2016\/02\/russe-e1458054521421.jpg\",\"contentUrl\":\"https:\/\/www.camperonline.it\/magazine\/wp-content\/uploads\/2016\/02\/russe-e1458054521421.jpg\",\"width\":373,\"height\":280},{\"@type\":\"WebPage\",\"@id\":\"https:\/\/www.camperonline.it\/magazine\/2016\/02\/01\/appuntamento-con-il-carnevale\/#webpage\",\"url\":\"https:\/\/www.camperonline.it\/magazine\/2016\/02\/01\/appuntamento-con-il-carnevale\/\",\"name\":\"Appuntamento con il Carnevale! - CamperOnLine Magazine\",\"isPartOf\":{\"@id\":\"https:\/\/www.camperonline.it\/magazine\/#website\"},\"primaryImageOfPage\":{\"@id\":\"https:\/\/www.camperonline.it\/magazine\/2016\/02\/01\/appuntamento-con-il-carnevale\/#primaryimage\"},\"datePublished\":\"2016-02-01T15:01:21+00:00\",\"dateModified\":\"2016-03-15T15:09:34+00:00\",\"author\":{\"@id\":\"https:\/\/www.camperonline.it\/magazine\/#\/schema\/person\/a4203e9211946a344637c0a9efb517f5\"},\"description\":\"Il Carnevale, che si svolge dopo Natale e tradizionalmente nella settimana che precede la Quaresima,\u00a0\u00e8 un momento di leggerezza, goliardia ed euforia che\",\"breadcrumb\":{\"@id\":\"https:\/\/www.camperonline.it\/magazine\/2016\/02\/01\/appuntamento-con-il-carnevale\/#breadcrumb\"},\"inLanguage\":\"it-IT\",\"potentialAction\":[{\"@type\":\"ReadAction\",\"target\":[\"https:\/\/www.camperonline.it\/magazine\/2016\/02\/01\/appuntamento-con-il-carnevale\/\"]}]},{\"@type\":\"BreadcrumbList\",\"@id\":\"https:\/\/www.camperonline.it\/magazine\/2016\/02\/01\/appuntamento-con-il-carnevale\/#breadcrumb\",\"itemListElement\":[{\"@type\":\"ListItem\",\"position\":1,\"name\":\"Home\",\"item\":\"https:\/\/www.camperonline.it\/magazine\/\"},{\"@type\":\"ListItem\",\"position\":2,\"name\":\"Appuntamento con il Carnevale!\"}]},{\"@type\":\"Person\",\"@id\":\"https:\/\/www.camperonline.it\/magazine\/#\/schema\/person\/a4203e9211946a344637c0a9efb517f5\",\"name\":\"Cinzia\",\"url\":\"https:\/\/www.camperonline.it\/magazine\/author\/cinzia\/\"}]}<\/script>\n<!-- \/ Yoast SEO plugin. -->","yoast_head_json":{"title":"Appuntamento con il Carnevale! - CamperOnLine Magazine","description":"Il Carnevale, che si svolge dopo Natale e tradizionalmente nella settimana che precede la Quaresima,\u00a0\u00e8 un momento di leggerezza, goliardia ed euforia che","robots":{"index":"index","follow":"follow","max-snippet":"max-snippet:-1","max-image-preview":"max-image-preview:large","max-video-preview":"max-video-preview:-1"},"canonical":"https:\/\/www.camperonline.it\/magazine\/2016\/02\/01\/appuntamento-con-il-carnevale\/","og_locale":"it_IT","og_type":"article","og_title":"Appuntamento con il Carnevale! - CamperOnLine Magazine","og_description":"Il Carnevale, che si svolge dopo Natale e tradizionalmente nella settimana che precede la Quaresima,\u00a0\u00e8 un momento di leggerezza, goliardia ed euforia che","og_url":"https:\/\/www.camperonline.it\/magazine\/2016\/02\/01\/appuntamento-con-il-carnevale\/","og_site_name":"CamperOnLine Magazine","article_published_time":"2016-02-01T15:01:21+00:00","article_modified_time":"2016-03-15T15:09:34+00:00","og_image":[{"width":373,"height":280,"url":"https:\/\/www.camperonline.it\/magazine\/wp-content\/uploads\/2016\/02\/russe-e1458054521421.jpg","type":"image\/jpeg"}],"twitter_card":"summary_large_image","schema":{"@context":"https:\/\/schema.org","@graph":[{"@type":"WebSite","@id":"https:\/\/www.camperonline.it\/magazine\/#website","url":"https:\/\/www.camperonline.it\/magazine\/","name":"CamperOnLine Magazine","description":"Viaggi in camper, test, video, destinazioni, vacanze","potentialAction":[{"@type":"SearchAction","target":{"@type":"EntryPoint","urlTemplate":"https:\/\/www.camperonline.it\/magazine\/?s={search_term_string}"},"query-input":"required name=search_term_string"}],"inLanguage":"it-IT"},{"@type":"ImageObject","@id":"https:\/\/www.camperonline.it\/magazine\/2016\/02\/01\/appuntamento-con-il-carnevale\/#primaryimage","inLanguage":"it-IT","url":"https:\/\/www.camperonline.it\/magazine\/wp-content\/uploads\/2016\/02\/russe-e1458054521421.jpg","contentUrl":"https:\/\/www.camperonline.it\/magazine\/wp-content\/uploads\/2016\/02\/russe-e1458054521421.jpg","width":373,"height":280},{"@type":"WebPage","@id":"https:\/\/www.camperonline.it\/magazine\/2016\/02\/01\/appuntamento-con-il-carnevale\/#webpage","url":"https:\/\/www.camperonline.it\/magazine\/2016\/02\/01\/appuntamento-con-il-carnevale\/","name":"Appuntamento con il Carnevale! - CamperOnLine Magazine","isPartOf":{"@id":"https:\/\/www.camperonline.it\/magazine\/#website"},"primaryImageOfPage":{"@id":"https:\/\/www.camperonline.it\/magazine\/2016\/02\/01\/appuntamento-con-il-carnevale\/#primaryimage"},"datePublished":"2016-02-01T15:01:21+00:00","dateModified":"2016-03-15T15:09:34+00:00","author":{"@id":"https:\/\/www.camperonline.it\/magazine\/#\/schema\/person\/a4203e9211946a344637c0a9efb517f5"},"description":"Il Carnevale, che si svolge dopo Natale e tradizionalmente nella settimana che precede la Quaresima,\u00a0\u00e8 un momento di leggerezza, goliardia ed euforia che","breadcrumb":{"@id":"https:\/\/www.camperonline.it\/magazine\/2016\/02\/01\/appuntamento-con-il-carnevale\/#breadcrumb"},"inLanguage":"it-IT","potentialAction":[{"@type":"ReadAction","target":["https:\/\/www.camperonline.it\/magazine\/2016\/02\/01\/appuntamento-con-il-carnevale\/"]}]},{"@type":"BreadcrumbList","@id":"https:\/\/www.camperonline.it\/magazine\/2016\/02\/01\/appuntamento-con-il-carnevale\/#breadcrumb","itemListElement":[{"@type":"ListItem","position":1,"name":"Home","item":"https:\/\/www.camperonline.it\/magazine\/"},{"@type":"ListItem","position":2,"name":"Appuntamento con il Carnevale!"}]},{"@type":"Person","@id":"https:\/\/www.camperonline.it\/magazine\/#\/schema\/person\/a4203e9211946a344637c0a9efb517f5","name":"Cinzia","url":"https:\/\/www.camperonline.it\/magazine\/author\/cinzia\/"}]}},"_links":{"self":[{"href":"https:\/\/www.camperonline.it\/magazine\/wp-json\/wp\/v2\/posts\/202070"}],"collection":[{"href":"https:\/\/www.camperonline.it\/magazine\/wp-json\/wp\/v2\/posts"}],"about":[{"href":"https:\/\/www.camperonline.it\/magazine\/wp-json\/wp\/v2\/types\/post"}],"author":[{"embeddable":true,"href":"https:\/\/www.camperonline.it\/magazine\/wp-json\/wp\/v2\/users\/7"}],"replies":[{"embeddable":true,"href":"https:\/\/www.camperonline.it\/magazine\/wp-json\/wp\/v2\/comments?post=202070"}],"version-history":[{"count":0,"href":"https:\/\/www.camperonline.it\/magazine\/wp-json\/wp\/v2\/posts\/202070\/revisions"}],"wp:featuredmedia":[{"embeddable":true,"href":"https:\/\/www.camperonline.it\/magazine\/wp-json\/wp\/v2\/media\/202435"}],"wp:attachment":[{"href":"https:\/\/www.camperonline.it\/magazine\/wp-json\/wp\/v2\/media?parent=202070"}],"wp:term":[{"taxonomy":"category","embeddable":true,"href":"https:\/\/www.camperonline.it\/magazine\/wp-json\/wp\/v2\/categories?post=202070"},{"taxonomy":"post_tag","embeddable":true,"href":"https:\/\/www.camperonline.it\/magazine\/wp-json\/wp\/v2\/tags?post=202070"}],"curies":[{"name":"wp","href":"https:\/\/api.w.org\/{rel}","templated":true}]}}