{"id":22404,"date":"2011-09-29T11:00:10","date_gmt":"2011-09-29T09:00:10","guid":{"rendered":"https:\/\/www.camperonline.it\/magazine\/?p=22404"},"modified":"2011-10-03T17:51:29","modified_gmt":"2011-10-03T15:51:29","slug":"salone-del-camper-2011-bimobil","status":"publish","type":"post","link":"https:\/\/www.camperonline.it\/magazine\/2011\/09\/29\/salone-del-camper-2011-bimobil\/","title":{"rendered":"Salone del Camper 2011: Bimobil"},"content":{"rendered":"<p><img loading=\"lazy\" class=\"aligncenter size-full wp-image-22405\" title=\"Salone del Camper 2011 - Bimobil\" src=\"https:\/\/www.camperonline.it\/magazine\/wp-content\/uploads\/2011\/10\/bm.jpg\" alt=\"\" width=\"570\" height=\"450\" srcset=\"https:\/\/www.camperonline.it\/magazine\/wp-content\/uploads\/2011\/10\/bm.jpg 570w, https:\/\/www.camperonline.it\/magazine\/wp-content\/uploads\/2011\/10\/bm-300x236.jpg 300w\" sizes=\"(max-width: 570px) 100vw, 570px\" \/><\/p>\n<p>Seconda apparizione al Salone del Camper per <strong>Bimobil<\/strong>, eclettico produttore tedesco che ha proposto, oltre a una cellula pick-up, il nuovo <strong>LBX 365<\/strong>:\u00a0si tratta di un mansardato con doppio pavimento e cellula autoportante allestito su meccanica Mercedes-Benz Sprinter 519CDI 4&#215;4, dotato, quindi, di trazione integrale, riduttore\u00a0e altezza da terra maggiorata per angoli di entrata, dosso e uscita pi\u00f9 favorevoli.<!--more--><\/p>\n<p style=\"text-align: center;\"><img loading=\"lazy\" class=\"size-full wp-image-22411 aligncenter\" title=\"Bimobil LBX 365\" src=\"https:\/\/www.camperonline.it\/magazine\/wp-content\/uploads\/2011\/10\/002.jpg\" alt=\"\" width=\"500\" height=\"332\" srcset=\"https:\/\/www.camperonline.it\/magazine\/wp-content\/uploads\/2011\/10\/002.jpg 500w, https:\/\/www.camperonline.it\/magazine\/wp-content\/uploads\/2011\/10\/002-300x199.jpg 300w\" sizes=\"(max-width: 500px) 100vw, 500px\" \/><\/p>\n<p>Lungo 660 cm, \u00e8 pensato per una coppia desiderosa di un veicolo capace di percorrere, senza problemi, tanto la viabilit\u00e0 ordinaria quanto anche tratti sterrati. Chi desidera di pi\u00f9, in ogni caso, trova nel catalogo del costruttore tedesco una vasta gamma di proposte sviluppate su meccaniche quali l&#8217;Iveco Daily 55S17W, il Mercedes-Benz classe G o i grandi M.A.N. e Mercedes-Benz Atego 4&#215;4.<\/p>\n<p>Dotato di quattro posti letto, offre due letti gemelli in mansarda, ingresso avanzato opposto alla toilette, dotata di doccia separata, blocco cucina lineare e, in coda, dinette a U panoramica con portello posteriore maxidimensionato per offrire, dall&#8217;interno del veicolo, un maggiore coinvolgimento nell&#8217;ambiente esterno.<\/p>\n<p style=\"text-align: center;\"><img loading=\"lazy\" class=\"size-full wp-image-22412 aligncenter\" title=\"Bimobil LBX 365\" src=\"https:\/\/www.camperonline.it\/magazine\/wp-content\/uploads\/2011\/10\/004.jpg\" alt=\"\" width=\"500\" height=\"332\" srcset=\"https:\/\/www.camperonline.it\/magazine\/wp-content\/uploads\/2011\/10\/004.jpg 500w, https:\/\/www.camperonline.it\/magazine\/wp-content\/uploads\/2011\/10\/004-300x199.jpg 300w\" sizes=\"(max-width: 500px) 100vw, 500px\" \/><\/p>\n<p style=\"text-align: center;\"><img loading=\"lazy\" class=\"size-full wp-image-22413 aligncenter\" title=\"Bimobil LBX 365\" src=\"https:\/\/www.camperonline.it\/magazine\/wp-content\/uploads\/2011\/10\/0062.jpg\" alt=\"\" width=\"500\" height=\"332\" srcset=\"https:\/\/www.camperonline.it\/magazine\/wp-content\/uploads\/2011\/10\/0062.jpg 500w, https:\/\/www.camperonline.it\/magazine\/wp-content\/uploads\/2011\/10\/0062-300x199.jpg 300w\" sizes=\"(max-width: 500px) 100vw, 500px\" \/><\/p>\n<p style=\"text-align: center;\"><img loading=\"lazy\" class=\"size-full wp-image-22414 aligncenter\" title=\"Bimobil LBX 365\" src=\"https:\/\/www.camperonline.it\/magazine\/wp-content\/uploads\/2011\/10\/0082.jpg\" alt=\"\" width=\"500\" height=\"332\" srcset=\"https:\/\/www.camperonline.it\/magazine\/wp-content\/uploads\/2011\/10\/0082.jpg 500w, https:\/\/www.camperonline.it\/magazine\/wp-content\/uploads\/2011\/10\/0082-300x199.jpg 300w\" sizes=\"(max-width: 500px) 100vw, 500px\" \/><\/p>\n<p style=\"text-align: center;\"><img loading=\"lazy\" class=\"size-full wp-image-22415 aligncenter\" title=\"Bimobil LBX 365\" src=\"https:\/\/www.camperonline.it\/magazine\/wp-content\/uploads\/2011\/10\/0101.jpg\" alt=\"\" width=\"500\" height=\"332\" srcset=\"https:\/\/www.camperonline.it\/magazine\/wp-content\/uploads\/2011\/10\/0101.jpg 500w, https:\/\/www.camperonline.it\/magazine\/wp-content\/uploads\/2011\/10\/0101-300x199.jpg 300w\" sizes=\"(max-width: 500px) 100vw, 500px\" \/><\/p>\n<p style=\"text-align: center;\"><img loading=\"lazy\" class=\"size-full wp-image-22417 aligncenter\" title=\"Bimobil LBX 365\" src=\"https:\/\/www.camperonline.it\/magazine\/wp-content\/uploads\/2011\/10\/007.jpg\" alt=\"\" width=\"500\" height=\"332\" srcset=\"https:\/\/www.camperonline.it\/magazine\/wp-content\/uploads\/2011\/10\/007.jpg 500w, https:\/\/www.camperonline.it\/magazine\/wp-content\/uploads\/2011\/10\/007-300x199.jpg 300w\" sizes=\"(max-width: 500px) 100vw, 500px\" \/><\/p>\n<p>Ampiamente personalizzabile in ogni componente, inclusa la colorazione esterna, \u00e8 proposto a partire da circa 120.000 Euro.<\/p>\n<p><strong>Fotogallery<\/strong><br \/>\n<!-- default-view.php -->\n<div\n\tclass=\"ngg-galleryoverview default-view  ngg-ajax-pagination-none\"\n\tid=\"ngg-gallery-4944cc24ab6860b1562e0feb7159e7a3-1\">\n\n\t\t<!-- Thumbnails -->\n\t\t\t\t<div id=\"ngg-image-0\" class=\"ngg-gallery-thumbnail-box \" >\n\t\t\t\t        <div class=\"ngg-gallery-thumbnail\">\n            <a href=\"https:\/\/www.camperonline.it\/magazine\/wp-content\/gallery\/sdc-2011-bimobil\/001.jpg\"\n               title=\"\"\n               data-src=\"https:\/\/www.camperonline.it\/magazine\/wp-content\/gallery\/sdc-2011-bimobil\/001.jpg\"\n               data-thumbnail=\"https:\/\/www.camperonline.it\/magazine\/wp-content\/gallery\/sdc-2011-bimobil\/thumbs\/thumbs_001.jpg\"\n               data-image-id=\"11263\"\n               data-title=\"001\"\n               data-description=\"\"\n               data-image-slug=\"001-128\"\n               class=\"ngg-fancybox\" rel=\"4944cc24ab6860b1562e0feb7159e7a3\">\n                <img\n                    title=\"001\"\n                    alt=\"001\"\n                    src=\"https:\/\/www.camperonline.it\/magazine\/wp-content\/gallery\/sdc-2011-bimobil\/thumbs\/thumbs_001.jpg\"\n                    width=\"100\"\n                    height=\"75\"\n                    style=\"max-width:100%;\"\n                \/>\n            <\/a>\n        <\/div>\n\t\t\t\t\t\t\t<\/div> \n\t\t\t\n\t\t\t\t<div id=\"ngg-image-1\" class=\"ngg-gallery-thumbnail-box \" >\n\t\t\t\t        <div class=\"ngg-gallery-thumbnail\">\n            <a href=\"https:\/\/www.camperonline.it\/magazine\/wp-content\/gallery\/sdc-2011-bimobil\/002.jpg\"\n               title=\"\"\n               data-src=\"https:\/\/www.camperonline.it\/magazine\/wp-content\/gallery\/sdc-2011-bimobil\/002.jpg\"\n               data-thumbnail=\"https:\/\/www.camperonline.it\/magazine\/wp-content\/gallery\/sdc-2011-bimobil\/thumbs\/thumbs_002.jpg\"\n               data-image-id=\"11264\"\n               data-title=\"002\"\n               data-description=\"\"\n               data-image-slug=\"002-128\"\n               class=\"ngg-fancybox\" rel=\"4944cc24ab6860b1562e0feb7159e7a3\">\n                <img\n                    title=\"002\"\n                    alt=\"002\"\n                    src=\"https:\/\/www.camperonline.it\/magazine\/wp-content\/gallery\/sdc-2011-bimobil\/thumbs\/thumbs_002.jpg\"\n                    width=\"100\"\n                    height=\"75\"\n                    style=\"max-width:100%;\"\n                \/>\n            <\/a>\n        <\/div>\n\t\t\t\t\t\t\t<\/div> \n\t\t\t\n\t\t\t\t<div id=\"ngg-image-2\" class=\"ngg-gallery-thumbnail-box \" >\n\t\t\t\t        <div class=\"ngg-gallery-thumbnail\">\n            <a href=\"https:\/\/www.camperonline.it\/magazine\/wp-content\/gallery\/sdc-2011-bimobil\/003.jpg\"\n               title=\"\"\n               data-src=\"https:\/\/www.camperonline.it\/magazine\/wp-content\/gallery\/sdc-2011-bimobil\/003.jpg\"\n               data-thumbnail=\"https:\/\/www.camperonline.it\/magazine\/wp-content\/gallery\/sdc-2011-bimobil\/thumbs\/thumbs_003.jpg\"\n               data-image-id=\"11265\"\n               data-title=\"003\"\n               data-description=\"\"\n               data-image-slug=\"003-128\"\n               class=\"ngg-fancybox\" rel=\"4944cc24ab6860b1562e0feb7159e7a3\">\n                <img\n                    title=\"003\"\n                    alt=\"003\"\n                    src=\"https:\/\/www.camperonline.it\/magazine\/wp-content\/gallery\/sdc-2011-bimobil\/thumbs\/thumbs_003.jpg\"\n                    width=\"100\"\n                    height=\"75\"\n                    style=\"max-width:100%;\"\n                \/>\n            <\/a>\n        <\/div>\n\t\t\t\t\t\t\t<\/div> \n\t\t\t\n\t\t\t\t<div id=\"ngg-image-3\" class=\"ngg-gallery-thumbnail-box \" >\n\t\t\t\t        <div class=\"ngg-gallery-thumbnail\">\n            <a href=\"https:\/\/www.camperonline.it\/magazine\/wp-content\/gallery\/sdc-2011-bimobil\/004.jpg\"\n               title=\"\"\n               data-src=\"https:\/\/www.camperonline.it\/magazine\/wp-content\/gallery\/sdc-2011-bimobil\/004.jpg\"\n               data-thumbnail=\"https:\/\/www.camperonline.it\/magazine\/wp-content\/gallery\/sdc-2011-bimobil\/thumbs\/thumbs_004.jpg\"\n               data-image-id=\"11266\"\n               data-title=\"004\"\n               data-description=\"\"\n               data-image-slug=\"004-128\"\n               class=\"ngg-fancybox\" rel=\"4944cc24ab6860b1562e0feb7159e7a3\">\n                <img\n                    title=\"004\"\n                    alt=\"004\"\n                    src=\"https:\/\/www.camperonline.it\/magazine\/wp-content\/gallery\/sdc-2011-bimobil\/thumbs\/thumbs_004.jpg\"\n                    width=\"100\"\n                    height=\"75\"\n                    style=\"max-width:100%;\"\n                \/>\n            <\/a>\n        <\/div>\n\t\t\t\t\t\t\t<\/div> \n\t\t\t\n\t\t\t\t<div id=\"ngg-image-4\" class=\"ngg-gallery-thumbnail-box \" >\n\t\t\t\t        <div class=\"ngg-gallery-thumbnail\">\n            <a href=\"https:\/\/www.camperonline.it\/magazine\/wp-content\/gallery\/sdc-2011-bimobil\/005.jpg\"\n               title=\"\"\n               data-src=\"https:\/\/www.camperonline.it\/magazine\/wp-content\/gallery\/sdc-2011-bimobil\/005.jpg\"\n               data-thumbnail=\"https:\/\/www.camperonline.it\/magazine\/wp-content\/gallery\/sdc-2011-bimobil\/thumbs\/thumbs_005.jpg\"\n               data-image-id=\"11267\"\n               data-title=\"005\"\n               data-description=\"\"\n               data-image-slug=\"005-126\"\n               class=\"ngg-fancybox\" rel=\"4944cc24ab6860b1562e0feb7159e7a3\">\n                <img\n                    title=\"005\"\n                    alt=\"005\"\n                    src=\"https:\/\/www.camperonline.it\/magazine\/wp-content\/gallery\/sdc-2011-bimobil\/thumbs\/thumbs_005.jpg\"\n                    width=\"100\"\n                    height=\"75\"\n                    style=\"max-width:100%;\"\n                \/>\n            <\/a>\n        <\/div>\n\t\t\t\t\t\t\t<\/div> \n\t\t\t\n\t\t\t\t<div id=\"ngg-image-5\" class=\"ngg-gallery-thumbnail-box \" >\n\t\t\t\t        <div class=\"ngg-gallery-thumbnail\">\n            <a href=\"https:\/\/www.camperonline.it\/magazine\/wp-content\/gallery\/sdc-2011-bimobil\/006.jpg\"\n               title=\"\"\n               data-src=\"https:\/\/www.camperonline.it\/magazine\/wp-content\/gallery\/sdc-2011-bimobil\/006.jpg\"\n               data-thumbnail=\"https:\/\/www.camperonline.it\/magazine\/wp-content\/gallery\/sdc-2011-bimobil\/thumbs\/thumbs_006.jpg\"\n               data-image-id=\"11268\"\n               data-title=\"006\"\n               data-description=\"\"\n               data-image-slug=\"006-126\"\n               class=\"ngg-fancybox\" rel=\"4944cc24ab6860b1562e0feb7159e7a3\">\n                <img\n                    title=\"006\"\n                    alt=\"006\"\n                    src=\"https:\/\/www.camperonline.it\/magazine\/wp-content\/gallery\/sdc-2011-bimobil\/thumbs\/thumbs_006.jpg\"\n                    width=\"100\"\n                    height=\"75\"\n                    style=\"max-width:100%;\"\n                \/>\n            <\/a>\n        <\/div>\n\t\t\t\t\t\t\t<\/div> \n\t\t\t\n\t\t\t\t<div id=\"ngg-image-6\" class=\"ngg-gallery-thumbnail-box \" >\n\t\t\t\t        <div class=\"ngg-gallery-thumbnail\">\n            <a href=\"https:\/\/www.camperonline.it\/magazine\/wp-content\/gallery\/sdc-2011-bimobil\/007.jpg\"\n               title=\"\"\n               data-src=\"https:\/\/www.camperonline.it\/magazine\/wp-content\/gallery\/sdc-2011-bimobil\/007.jpg\"\n               data-thumbnail=\"https:\/\/www.camperonline.it\/magazine\/wp-content\/gallery\/sdc-2011-bimobil\/thumbs\/thumbs_007.jpg\"\n               data-image-id=\"11269\"\n               data-title=\"007\"\n               data-description=\"\"\n               data-image-slug=\"007-125\"\n               class=\"ngg-fancybox\" rel=\"4944cc24ab6860b1562e0feb7159e7a3\">\n                <img\n                    title=\"007\"\n                    alt=\"007\"\n                    src=\"https:\/\/www.camperonline.it\/magazine\/wp-content\/gallery\/sdc-2011-bimobil\/thumbs\/thumbs_007.jpg\"\n                    width=\"100\"\n                    height=\"75\"\n                    style=\"max-width:100%;\"\n                \/>\n            <\/a>\n        <\/div>\n\t\t\t\t\t\t\t<\/div> \n\t\t\t\n\t\t\t\t<div id=\"ngg-image-7\" class=\"ngg-gallery-thumbnail-box \" >\n\t\t\t\t        <div class=\"ngg-gallery-thumbnail\">\n            <a href=\"https:\/\/www.camperonline.it\/magazine\/wp-content\/gallery\/sdc-2011-bimobil\/008.jpg\"\n               title=\"\"\n               data-src=\"https:\/\/www.camperonline.it\/magazine\/wp-content\/gallery\/sdc-2011-bimobil\/008.jpg\"\n               data-thumbnail=\"https:\/\/www.camperonline.it\/magazine\/wp-content\/gallery\/sdc-2011-bimobil\/thumbs\/thumbs_008.jpg\"\n               data-image-id=\"11270\"\n               data-title=\"008\"\n               data-description=\"\"\n               data-image-slug=\"008-125\"\n               class=\"ngg-fancybox\" rel=\"4944cc24ab6860b1562e0feb7159e7a3\">\n                <img\n                    title=\"008\"\n                    alt=\"008\"\n                    src=\"https:\/\/www.camperonline.it\/magazine\/wp-content\/gallery\/sdc-2011-bimobil\/thumbs\/thumbs_008.jpg\"\n                    width=\"100\"\n                    height=\"75\"\n                    style=\"max-width:100%;\"\n                \/>\n            <\/a>\n        <\/div>\n\t\t\t\t\t\t\t<\/div> \n\t\t\t\n\t\t\t\t<div id=\"ngg-image-8\" class=\"ngg-gallery-thumbnail-box \" >\n\t\t\t\t        <div class=\"ngg-gallery-thumbnail\">\n            <a href=\"https:\/\/www.camperonline.it\/magazine\/wp-content\/gallery\/sdc-2011-bimobil\/009.jpg\"\n               title=\"\"\n               data-src=\"https:\/\/www.camperonline.it\/magazine\/wp-content\/gallery\/sdc-2011-bimobil\/009.jpg\"\n               data-thumbnail=\"https:\/\/www.camperonline.it\/magazine\/wp-content\/gallery\/sdc-2011-bimobil\/thumbs\/thumbs_009.jpg\"\n               data-image-id=\"11271\"\n               data-title=\"009\"\n               data-description=\"\"\n               data-image-slug=\"009-124\"\n               class=\"ngg-fancybox\" rel=\"4944cc24ab6860b1562e0feb7159e7a3\">\n                <img\n                    title=\"009\"\n                    alt=\"009\"\n                    src=\"https:\/\/www.camperonline.it\/magazine\/wp-content\/gallery\/sdc-2011-bimobil\/thumbs\/thumbs_009.jpg\"\n                    width=\"100\"\n                    height=\"75\"\n                    style=\"max-width:100%;\"\n                \/>\n            <\/a>\n        <\/div>\n\t\t\t\t\t\t\t<\/div> \n\t\t\t\n\t\t\t\t<div id=\"ngg-image-9\" class=\"ngg-gallery-thumbnail-box \" >\n\t\t\t\t        <div class=\"ngg-gallery-thumbnail\">\n            <a href=\"https:\/\/www.camperonline.it\/magazine\/wp-content\/gallery\/sdc-2011-bimobil\/010.jpg\"\n               title=\"\"\n               data-src=\"https:\/\/www.camperonline.it\/magazine\/wp-content\/gallery\/sdc-2011-bimobil\/010.jpg\"\n               data-thumbnail=\"https:\/\/www.camperonline.it\/magazine\/wp-content\/gallery\/sdc-2011-bimobil\/thumbs\/thumbs_010.jpg\"\n               data-image-id=\"11272\"\n               data-title=\"010\"\n               data-description=\"\"\n               data-image-slug=\"010-121\"\n               class=\"ngg-fancybox\" rel=\"4944cc24ab6860b1562e0feb7159e7a3\">\n                <img\n                    title=\"010\"\n                    alt=\"010\"\n                    src=\"https:\/\/www.camperonline.it\/magazine\/wp-content\/gallery\/sdc-2011-bimobil\/thumbs\/thumbs_010.jpg\"\n                    width=\"100\"\n                    height=\"75\"\n                    style=\"max-width:100%;\"\n                \/>\n            <\/a>\n        <\/div>\n\t\t\t\t\t\t\t<\/div> \n\t\t\t\n\t\t\t\t<div id=\"ngg-image-10\" class=\"ngg-gallery-thumbnail-box \" >\n\t\t\t\t        <div class=\"ngg-gallery-thumbnail\">\n            <a href=\"https:\/\/www.camperonline.it\/magazine\/wp-content\/gallery\/sdc-2011-bimobil\/011.jpg\"\n               title=\"\"\n               data-src=\"https:\/\/www.camperonline.it\/magazine\/wp-content\/gallery\/sdc-2011-bimobil\/011.jpg\"\n               data-thumbnail=\"https:\/\/www.camperonline.it\/magazine\/wp-content\/gallery\/sdc-2011-bimobil\/thumbs\/thumbs_011.jpg\"\n               data-image-id=\"11273\"\n               data-title=\"011\"\n               data-description=\"\"\n               data-image-slug=\"011-118\"\n               class=\"ngg-fancybox\" rel=\"4944cc24ab6860b1562e0feb7159e7a3\">\n                <img\n                    title=\"011\"\n                    alt=\"011\"\n                    src=\"https:\/\/www.camperonline.it\/magazine\/wp-content\/gallery\/sdc-2011-bimobil\/thumbs\/thumbs_011.jpg\"\n                    width=\"100\"\n                    height=\"75\"\n                    style=\"max-width:100%;\"\n                \/>\n            <\/a>\n        <\/div>\n\t\t\t\t\t\t\t<\/div> \n\t\t\t\n\t\t\t\t<div id=\"ngg-image-11\" class=\"ngg-gallery-thumbnail-box \" >\n\t\t\t\t        <div class=\"ngg-gallery-thumbnail\">\n            <a href=\"https:\/\/www.camperonline.it\/magazine\/wp-content\/gallery\/sdc-2011-bimobil\/012.jpg\"\n               title=\"\"\n               data-src=\"https:\/\/www.camperonline.it\/magazine\/wp-content\/gallery\/sdc-2011-bimobil\/012.jpg\"\n               data-thumbnail=\"https:\/\/www.camperonline.it\/magazine\/wp-content\/gallery\/sdc-2011-bimobil\/thumbs\/thumbs_012.jpg\"\n               data-image-id=\"11274\"\n               data-title=\"012\"\n               data-description=\"\"\n               data-image-slug=\"012-116\"\n               class=\"ngg-fancybox\" rel=\"4944cc24ab6860b1562e0feb7159e7a3\">\n                <img\n                    title=\"012\"\n                    alt=\"012\"\n                    src=\"https:\/\/www.camperonline.it\/magazine\/wp-content\/gallery\/sdc-2011-bimobil\/thumbs\/thumbs_012.jpg\"\n                    width=\"100\"\n                    height=\"75\"\n                    style=\"max-width:100%;\"\n                \/>\n            <\/a>\n        <\/div>\n\t\t\t\t\t\t\t<\/div> \n\t\t\t\n\t\t\t\t<div id=\"ngg-image-12\" class=\"ngg-gallery-thumbnail-box \" >\n\t\t\t\t        <div class=\"ngg-gallery-thumbnail\">\n            <a href=\"https:\/\/www.camperonline.it\/magazine\/wp-content\/gallery\/sdc-2011-bimobil\/013.jpg\"\n               title=\"\"\n               data-src=\"https:\/\/www.camperonline.it\/magazine\/wp-content\/gallery\/sdc-2011-bimobil\/013.jpg\"\n               data-thumbnail=\"https:\/\/www.camperonline.it\/magazine\/wp-content\/gallery\/sdc-2011-bimobil\/thumbs\/thumbs_013.jpg\"\n               data-image-id=\"11275\"\n               data-title=\"013\"\n               data-description=\"\"\n               data-image-slug=\"013-115\"\n               class=\"ngg-fancybox\" rel=\"4944cc24ab6860b1562e0feb7159e7a3\">\n                <img\n                    title=\"013\"\n                    alt=\"013\"\n                    src=\"https:\/\/www.camperonline.it\/magazine\/wp-content\/gallery\/sdc-2011-bimobil\/thumbs\/thumbs_013.jpg\"\n                    width=\"100\"\n                    height=\"75\"\n                    style=\"max-width:100%;\"\n                \/>\n            <\/a>\n        <\/div>\n\t\t\t\t\t\t\t<\/div> \n\t\t\t\n\t\t\t\t<div id=\"ngg-image-13\" class=\"ngg-gallery-thumbnail-box \" >\n\t\t\t\t        <div class=\"ngg-gallery-thumbnail\">\n            <a href=\"https:\/\/www.camperonline.it\/magazine\/wp-content\/gallery\/sdc-2011-bimobil\/014.jpg\"\n               title=\"\"\n               data-src=\"https:\/\/www.camperonline.it\/magazine\/wp-content\/gallery\/sdc-2011-bimobil\/014.jpg\"\n               data-thumbnail=\"https:\/\/www.camperonline.it\/magazine\/wp-content\/gallery\/sdc-2011-bimobil\/thumbs\/thumbs_014.jpg\"\n               data-image-id=\"11276\"\n               data-title=\"014\"\n               data-description=\"\"\n               data-image-slug=\"014-114\"\n               class=\"ngg-fancybox\" rel=\"4944cc24ab6860b1562e0feb7159e7a3\">\n                <img\n                    title=\"014\"\n                    alt=\"014\"\n                    src=\"https:\/\/www.camperonline.it\/magazine\/wp-content\/gallery\/sdc-2011-bimobil\/thumbs\/thumbs_014.jpg\"\n                    width=\"100\"\n                    height=\"75\"\n                    style=\"max-width:100%;\"\n                \/>\n            <\/a>\n        <\/div>\n\t\t\t\t\t\t\t<\/div> \n\t\t\t\n\t\n\t<br style=\"clear: both\" \/>\n\n\t\t<div class=\"slideshowlink\">\n        <a href='https:\/\/www.camperonline.it\/magazine\/2011\/09\/29\/salone-del-camper-2011-bimobil\/nggallery\/slideshow'>[Mostra slideshow]<\/a>\n\t\t\n\t<\/div>\n\t\n\t\t<!-- Pagination -->\n\t<div class='ngg-clear'><\/div>\t<\/div>\n<\/p>\n","protected":false},"excerpt":{"rendered":"<p>Seconda apparizione al Salone del Camper per Bimobil, eclettico produttore tedesco che ha proposto, oltre a una cellula pick-up, il nuovo LBX 365:\u00a0si tratta di un mansardato con doppio pavimento e cellula autoportante allestito su meccanica Mercedes-Benz Sprinter 519CDI 4&#215;4, dotato, quindi, di trazione integrale, riduttore\u00a0e altezza da terra maggiorata per angoli di entrata, dosso e uscita pi\u00f9 favorevoli.<\/p>\n","protected":false},"author":3,"featured_media":0,"comment_status":"closed","ping_status":"open","sticky":false,"template":"","format":"standard","meta":{"ngg_post_thumbnail":0},"categories":[371,484],"tags":[4698,1501,1413],"yoast_head":"<!-- This site is optimized with the Yoast SEO plugin v18.6 - https:\/\/yoast.com\/wordpress\/plugins\/seo\/ -->\n<title>Salone del Camper 2011: Bimobil - CamperOnLine Magazine<\/title>\n<meta name=\"description\" content=\"Seconda apparizione al Salone del Camper per Bimobil, eclettico produttore tedesco che ha proposto, oltre a una cellula pick-up, il nuovo LBX 365:\u00a0si\" \/>\n<meta name=\"robots\" content=\"index, follow, max-snippet:-1, max-image-preview:large, max-video-preview:-1\" \/>\n<link rel=\"canonical\" href=\"https:\/\/www.camperonline.it\/magazine\/2011\/09\/29\/salone-del-camper-2011-bimobil\/\" \/>\n<meta property=\"og:locale\" content=\"it_IT\" \/>\n<meta property=\"og:type\" content=\"article\" \/>\n<meta property=\"og:title\" content=\"Salone del Camper 2011: Bimobil - CamperOnLine Magazine\" \/>\n<meta property=\"og:description\" content=\"Seconda apparizione al Salone del Camper per Bimobil, eclettico produttore tedesco che ha proposto, oltre a una cellula pick-up, il nuovo LBX 365:\u00a0si\" \/>\n<meta property=\"og:url\" content=\"https:\/\/www.camperonline.it\/magazine\/2011\/09\/29\/salone-del-camper-2011-bimobil\/\" \/>\n<meta property=\"og:site_name\" content=\"CamperOnLine Magazine\" \/>\n<meta property=\"article:published_time\" content=\"2011-09-29T09:00:10+00:00\" \/>\n<meta property=\"article:modified_time\" content=\"2011-10-03T15:51:29+00:00\" \/>\n<meta property=\"og:image\" content=\"https:\/\/www.camperonline.it\/magazine\/wp-content\/uploads\/2011\/10\/bm.jpg\" \/>\n<meta name=\"twitter:card\" content=\"summary_large_image\" \/>\n<script type=\"application\/ld+json\" class=\"yoast-schema-graph\">{\"@context\":\"https:\/\/schema.org\",\"@graph\":[{\"@type\":\"WebSite\",\"@id\":\"https:\/\/www.camperonline.it\/magazine\/#website\",\"url\":\"https:\/\/www.camperonline.it\/magazine\/\",\"name\":\"CamperOnLine Magazine\",\"description\":\"Viaggi in camper, test, video, destinazioni, vacanze\",\"potentialAction\":[{\"@type\":\"SearchAction\",\"target\":{\"@type\":\"EntryPoint\",\"urlTemplate\":\"https:\/\/www.camperonline.it\/magazine\/?s={search_term_string}\"},\"query-input\":\"required name=search_term_string\"}],\"inLanguage\":\"it-IT\"},{\"@type\":\"ImageObject\",\"@id\":\"https:\/\/www.camperonline.it\/magazine\/2011\/09\/29\/salone-del-camper-2011-bimobil\/#primaryimage\",\"inLanguage\":\"it-IT\",\"url\":\"https:\/\/www.camperonline.it\/magazine\/wp-content\/uploads\/2011\/10\/bm.jpg\",\"contentUrl\":\"https:\/\/www.camperonline.it\/magazine\/wp-content\/uploads\/2011\/10\/bm.jpg\",\"width\":\"570\",\"height\":\"450\"},{\"@type\":\"WebPage\",\"@id\":\"https:\/\/www.camperonline.it\/magazine\/2011\/09\/29\/salone-del-camper-2011-bimobil\/#webpage\",\"url\":\"https:\/\/www.camperonline.it\/magazine\/2011\/09\/29\/salone-del-camper-2011-bimobil\/\",\"name\":\"Salone del Camper 2011: Bimobil - CamperOnLine Magazine\",\"isPartOf\":{\"@id\":\"https:\/\/www.camperonline.it\/magazine\/#website\"},\"primaryImageOfPage\":{\"@id\":\"https:\/\/www.camperonline.it\/magazine\/2011\/09\/29\/salone-del-camper-2011-bimobil\/#primaryimage\"},\"datePublished\":\"2011-09-29T09:00:10+00:00\",\"dateModified\":\"2011-10-03T15:51:29+00:00\",\"author\":{\"@id\":\"https:\/\/www.camperonline.it\/magazine\/#\/schema\/person\/cb66c317d76fe5112e3846547de4a508\"},\"description\":\"Seconda apparizione al Salone del Camper per Bimobil, eclettico produttore tedesco che ha proposto, oltre a una cellula pick-up, il nuovo LBX 365:\u00a0si\",\"breadcrumb\":{\"@id\":\"https:\/\/www.camperonline.it\/magazine\/2011\/09\/29\/salone-del-camper-2011-bimobil\/#breadcrumb\"},\"inLanguage\":\"it-IT\",\"potentialAction\":[{\"@type\":\"ReadAction\",\"target\":[\"https:\/\/www.camperonline.it\/magazine\/2011\/09\/29\/salone-del-camper-2011-bimobil\/\"]}]},{\"@type\":\"BreadcrumbList\",\"@id\":\"https:\/\/www.camperonline.it\/magazine\/2011\/09\/29\/salone-del-camper-2011-bimobil\/#breadcrumb\",\"itemListElement\":[{\"@type\":\"ListItem\",\"position\":1,\"name\":\"Home\",\"item\":\"https:\/\/www.camperonline.it\/magazine\/\"},{\"@type\":\"ListItem\",\"position\":2,\"name\":\"Salone del Camper 2011: Bimobil\"}]},{\"@type\":\"Person\",\"@id\":\"https:\/\/www.camperonline.it\/magazine\/#\/schema\/person\/cb66c317d76fe5112e3846547de4a508\",\"name\":\"Michel\",\"sameAs\":[\"http:\/\/www.winterexperience.com\/\"],\"url\":\"https:\/\/www.camperonline.it\/magazine\/author\/michel\/\"}]}<\/script>\n<!-- \/ Yoast SEO plugin. -->","yoast_head_json":{"title":"Salone del Camper 2011: Bimobil - CamperOnLine Magazine","description":"Seconda apparizione al Salone del Camper per Bimobil, eclettico produttore tedesco che ha proposto, oltre a una cellula pick-up, il nuovo LBX 365:\u00a0si","robots":{"index":"index","follow":"follow","max-snippet":"max-snippet:-1","max-image-preview":"max-image-preview:large","max-video-preview":"max-video-preview:-1"},"canonical":"https:\/\/www.camperonline.it\/magazine\/2011\/09\/29\/salone-del-camper-2011-bimobil\/","og_locale":"it_IT","og_type":"article","og_title":"Salone del Camper 2011: Bimobil - CamperOnLine Magazine","og_description":"Seconda apparizione al Salone del Camper per Bimobil, eclettico produttore tedesco che ha proposto, oltre a una cellula pick-up, il nuovo LBX 365:\u00a0si","og_url":"https:\/\/www.camperonline.it\/magazine\/2011\/09\/29\/salone-del-camper-2011-bimobil\/","og_site_name":"CamperOnLine Magazine","article_published_time":"2011-09-29T09:00:10+00:00","article_modified_time":"2011-10-03T15:51:29+00:00","og_image":[{"url":"https:\/\/www.camperonline.it\/magazine\/wp-content\/uploads\/2011\/10\/bm.jpg"}],"twitter_card":"summary_large_image","schema":{"@context":"https:\/\/schema.org","@graph":[{"@type":"WebSite","@id":"https:\/\/www.camperonline.it\/magazine\/#website","url":"https:\/\/www.camperonline.it\/magazine\/","name":"CamperOnLine Magazine","description":"Viaggi in camper, test, video, destinazioni, vacanze","potentialAction":[{"@type":"SearchAction","target":{"@type":"EntryPoint","urlTemplate":"https:\/\/www.camperonline.it\/magazine\/?s={search_term_string}"},"query-input":"required name=search_term_string"}],"inLanguage":"it-IT"},{"@type":"ImageObject","@id":"https:\/\/www.camperonline.it\/magazine\/2011\/09\/29\/salone-del-camper-2011-bimobil\/#primaryimage","inLanguage":"it-IT","url":"https:\/\/www.camperonline.it\/magazine\/wp-content\/uploads\/2011\/10\/bm.jpg","contentUrl":"https:\/\/www.camperonline.it\/magazine\/wp-content\/uploads\/2011\/10\/bm.jpg","width":"570","height":"450"},{"@type":"WebPage","@id":"https:\/\/www.camperonline.it\/magazine\/2011\/09\/29\/salone-del-camper-2011-bimobil\/#webpage","url":"https:\/\/www.camperonline.it\/magazine\/2011\/09\/29\/salone-del-camper-2011-bimobil\/","name":"Salone del Camper 2011: Bimobil - CamperOnLine Magazine","isPartOf":{"@id":"https:\/\/www.camperonline.it\/magazine\/#website"},"primaryImageOfPage":{"@id":"https:\/\/www.camperonline.it\/magazine\/2011\/09\/29\/salone-del-camper-2011-bimobil\/#primaryimage"},"datePublished":"2011-09-29T09:00:10+00:00","dateModified":"2011-10-03T15:51:29+00:00","author":{"@id":"https:\/\/www.camperonline.it\/magazine\/#\/schema\/person\/cb66c317d76fe5112e3846547de4a508"},"description":"Seconda apparizione al Salone del Camper per Bimobil, eclettico produttore tedesco che ha proposto, oltre a una cellula pick-up, il nuovo LBX 365:\u00a0si","breadcrumb":{"@id":"https:\/\/www.camperonline.it\/magazine\/2011\/09\/29\/salone-del-camper-2011-bimobil\/#breadcrumb"},"inLanguage":"it-IT","potentialAction":[{"@type":"ReadAction","target":["https:\/\/www.camperonline.it\/magazine\/2011\/09\/29\/salone-del-camper-2011-bimobil\/"]}]},{"@type":"BreadcrumbList","@id":"https:\/\/www.camperonline.it\/magazine\/2011\/09\/29\/salone-del-camper-2011-bimobil\/#breadcrumb","itemListElement":[{"@type":"ListItem","position":1,"name":"Home","item":"https:\/\/www.camperonline.it\/magazine\/"},{"@type":"ListItem","position":2,"name":"Salone del Camper 2011: Bimobil"}]},{"@type":"Person","@id":"https:\/\/www.camperonline.it\/magazine\/#\/schema\/person\/cb66c317d76fe5112e3846547de4a508","name":"Michel","sameAs":["http:\/\/www.winterexperience.com\/"],"url":"https:\/\/www.camperonline.it\/magazine\/author\/michel\/"}]}},"_links":{"self":[{"href":"https:\/\/www.camperonline.it\/magazine\/wp-json\/wp\/v2\/posts\/22404"}],"collection":[{"href":"https:\/\/www.camperonline.it\/magazine\/wp-json\/wp\/v2\/posts"}],"about":[{"href":"https:\/\/www.camperonline.it\/magazine\/wp-json\/wp\/v2\/types\/post"}],"author":[{"embeddable":true,"href":"https:\/\/www.camperonline.it\/magazine\/wp-json\/wp\/v2\/users\/3"}],"replies":[{"embeddable":true,"href":"https:\/\/www.camperonline.it\/magazine\/wp-json\/wp\/v2\/comments?post=22404"}],"version-history":[{"count":0,"href":"https:\/\/www.camperonline.it\/magazine\/wp-json\/wp\/v2\/posts\/22404\/revisions"}],"wp:attachment":[{"href":"https:\/\/www.camperonline.it\/magazine\/wp-json\/wp\/v2\/media?parent=22404"}],"wp:term":[{"taxonomy":"category","embeddable":true,"href":"https:\/\/www.camperonline.it\/magazine\/wp-json\/wp\/v2\/categories?post=22404"},{"taxonomy":"post_tag","embeddable":true,"href":"https:\/\/www.camperonline.it\/magazine\/wp-json\/wp\/v2\/tags?post=22404"}],"curies":[{"name":"wp","href":"https:\/\/api.w.org\/{rel}","templated":true}]}}