{"id":225833,"date":"2016-09-23T10:48:41","date_gmt":"2016-09-23T08:48:41","guid":{"rendered":"https:\/\/www.camperonline.it\/magazine\/?p=225833"},"modified":"2016-10-04T14:58:07","modified_gmt":"2016-10-04T12:58:07","slug":"a-montalto-di-castro-ecco-la-sagra-regina-delle-sagre","status":"publish","type":"post","link":"https:\/\/www.camperonline.it\/magazine\/2016\/09\/23\/a-montalto-di-castro-ecco-la-sagra-regina-delle-sagre\/","title":{"rendered":"A Montalto di Castro la 1a Sagra &#8220;Regina delle Sagre&#8221;"},"content":{"rendered":"<p>A Montalto di Castro, splendido centro della <strong>Tuscia Viterbese<\/strong>, andranno in scena <strong>dal 7 al 9 ottobre<\/strong> tre giorni dedicati alla scoperta della <strong>gastronomia locale<\/strong> e di un <strong>territorio<\/strong> dal grande fascino.<!--more-->Organizzata dalla Pro Pescia Romana, la <strong>1\u00b0 edizione<\/strong> <strong>della \u201cSagra Regina delle Sagre\u201d<\/strong> punta a coinvolgere 30 diverse realt\u00e0 provenienti da ogni parte del Lazio che proporranno ai visitatori i loro assaggi. Se Montalto di Castro giocher\u00e0 in casa con <strong>l\u2019asparago e il melone, troveranno spazio anche l\u2019olio, i fagioli, i formaggi di pecora, il latte di asina in crema, il vino, il pane casereccio e le lumache;<\/strong> non mancheranno i prodotti biologici e tante altre specialit\u00e0, da assaggiare per tre giorni dalle 9:00 del mattino fino alle 23:00.<\/p>\n<p>Per tre giorni Montalto di Castro diventer\u00e0 \u201ccapitale\u201d del gusto, del divertimento e della <strong>solidariet\u00e0<\/strong>: parte del <strong>ricavato<\/strong> della sagra, infatti, sar\u00e0 <strong>devoluto alle vittime del terremoto<\/strong> del 24 agosto scorso.<a href=\"https:\/\/www.camperonline.it\/magazine\/2016\/09\/23\/a-montalto-di-castro-ecco-la-sagra-regina-delle-sagre\/sagra-regina-delle-sagre2016\/\" rel=\"attachment wp-att-226092\"><img loading=\"lazy\" class=\"size-full wp-image-226092 aligncenter\" src=\"https:\/\/www.camperonline.it\/magazine\/wp-content\/uploads\/2016\/09\/sagra-regina-delle-sagre2016.jpg\" alt=\"sagra-regina-delle-sagre2016\" width=\"426\" height=\"600\" srcset=\"https:\/\/www.camperonline.it\/magazine\/wp-content\/uploads\/2016\/09\/sagra-regina-delle-sagre2016.jpg 426w, https:\/\/www.camperonline.it\/magazine\/wp-content\/uploads\/2016\/09\/sagra-regina-delle-sagre2016-213x300.jpg 213w\" sizes=\"(max-width: 426px) 100vw, 426px\" \/><\/a><\/p>\n<p>Fondato nel <strong>V secolo d.C.<\/strong> dagli abitanti di una citt\u00e0 costiera che si ritirarono sulla piccola altura \u2013 dove oggi sorge il centro antico \u2013 per difendersi dalle scorrerie dei pirati, Montalto entra ufficialmente nella storia nell\u2019853 d.C. quando, in una bolla di Papa Leone IV diretta al Vescovo di Tuscania Virobono, compare per la prima volta il nome di <strong>Montis Alti<\/strong>.<br \/>\nAnche il <strong>castello Orsini<\/strong>, il monumento pi\u00f9 famoso della cittadina, ha un\u2019origine leggendaria: la sua costruzione si fa risalire a Desiderio (VIII sec.), duca di Tuscia, poi Re dei Longobardi, anche se non esiste alcun documento storico sull\u2019edificazione del primo castello in Montalto. Per secoli, il territorio fu devastato dalla lotta sostenuta contro i Pontefici e gli Stati loro alleati, dai potenti baroni di Vico, che furono signori feudali di Montalto sin dalla met\u00e0 del secolo XII. Nel 1870, con la presa di Roma, termin\u00f2 il dominio dei Papi e Montalto entr\u00f2 a far parte dello Stato Unitario: <strong>un passato glorioso<\/strong> che sar\u00e0 possibile scoprire alla 1\u00b0 edizione della \u201cSagra Regina delle Sagre\u201d.<\/p>\n<p><strong>Per saperne di pi\u00f9 sulle aree soste camper della zona,\u00a0clicca su <a href=\"https:\/\/www.camperonline.it\/area_di_sosta_italia.asp\"><span class=\"s1\">SOSTA \u2013 Aree di sosta camper.<\/span><\/a><\/strong><\/p>\n","protected":false},"excerpt":{"rendered":"<p>A Montalto di Castro, splendido centro della Tuscia Viterbese, andranno in scena dal 7 al 9 ottobre tre giorni dedicati alla scoperta della gastronomia locale e di un territorio dal grande fascino.<\/p>\n","protected":false},"author":7,"featured_media":226092,"comment_status":"open","ping_status":"open","sticky":false,"template":"","format":"standard","meta":{"ngg_post_thumbnail":0},"categories":[64],"tags":[4084,1865,1931,754,3332],"yoast_head":"<!-- This site is optimized with the Yoast SEO plugin v18.6 - https:\/\/yoast.com\/wordpress\/plugins\/seo\/ -->\n<title>A Montalto di Castro la 1a Sagra &quot;Regina delle Sagre&quot; - CamperOnLine Magazine<\/title>\n<meta name=\"description\" content=\"A Montalto di Castro, splendido centro della Tuscia Viterbese, andranno in scena dal 7 al 9 ottobre tre giorni dedicati alla scoperta della gastronomia\" \/>\n<meta name=\"robots\" content=\"index, follow, max-snippet:-1, max-image-preview:large, max-video-preview:-1\" \/>\n<link rel=\"canonical\" href=\"https:\/\/www.camperonline.it\/magazine\/2016\/09\/23\/a-montalto-di-castro-ecco-la-sagra-regina-delle-sagre\/\" \/>\n<meta property=\"og:locale\" content=\"it_IT\" \/>\n<meta property=\"og:type\" content=\"article\" \/>\n<meta property=\"og:title\" content=\"A Montalto di Castro la 1a Sagra &quot;Regina delle Sagre&quot; - CamperOnLine Magazine\" \/>\n<meta property=\"og:description\" content=\"A Montalto di Castro, splendido centro della Tuscia Viterbese, andranno in scena dal 7 al 9 ottobre tre giorni dedicati alla scoperta della gastronomia\" \/>\n<meta property=\"og:url\" content=\"https:\/\/www.camperonline.it\/magazine\/2016\/09\/23\/a-montalto-di-castro-ecco-la-sagra-regina-delle-sagre\/\" \/>\n<meta property=\"og:site_name\" content=\"CamperOnLine Magazine\" \/>\n<meta property=\"article:published_time\" content=\"2016-09-23T08:48:41+00:00\" \/>\n<meta property=\"article:modified_time\" content=\"2016-10-04T12:58:07+00:00\" \/>\n<meta property=\"og:image\" content=\"https:\/\/www.camperonline.it\/magazine\/wp-content\/uploads\/2016\/09\/sagra-regina-delle-sagre2016.jpg\" \/>\n\t<meta property=\"og:image:width\" content=\"426\" \/>\n\t<meta property=\"og:image:height\" content=\"600\" \/>\n\t<meta property=\"og:image:type\" content=\"image\/jpeg\" \/>\n<meta name=\"twitter:card\" content=\"summary_large_image\" \/>\n<script type=\"application\/ld+json\" class=\"yoast-schema-graph\">{\"@context\":\"https:\/\/schema.org\",\"@graph\":[{\"@type\":\"WebSite\",\"@id\":\"https:\/\/www.camperonline.it\/magazine\/#website\",\"url\":\"https:\/\/www.camperonline.it\/magazine\/\",\"name\":\"CamperOnLine Magazine\",\"description\":\"Viaggi in camper, test, video, destinazioni, vacanze\",\"potentialAction\":[{\"@type\":\"SearchAction\",\"target\":{\"@type\":\"EntryPoint\",\"urlTemplate\":\"https:\/\/www.camperonline.it\/magazine\/?s={search_term_string}\"},\"query-input\":\"required name=search_term_string\"}],\"inLanguage\":\"it-IT\"},{\"@type\":\"ImageObject\",\"@id\":\"https:\/\/www.camperonline.it\/magazine\/2016\/09\/23\/a-montalto-di-castro-ecco-la-sagra-regina-delle-sagre\/#primaryimage\",\"inLanguage\":\"it-IT\",\"url\":\"https:\/\/www.camperonline.it\/magazine\/wp-content\/uploads\/2016\/09\/sagra-regina-delle-sagre2016.jpg\",\"contentUrl\":\"https:\/\/www.camperonline.it\/magazine\/wp-content\/uploads\/2016\/09\/sagra-regina-delle-sagre2016.jpg\",\"width\":426,\"height\":600},{\"@type\":\"WebPage\",\"@id\":\"https:\/\/www.camperonline.it\/magazine\/2016\/09\/23\/a-montalto-di-castro-ecco-la-sagra-regina-delle-sagre\/#webpage\",\"url\":\"https:\/\/www.camperonline.it\/magazine\/2016\/09\/23\/a-montalto-di-castro-ecco-la-sagra-regina-delle-sagre\/\",\"name\":\"A Montalto di Castro la 1a Sagra \\\"Regina delle Sagre\\\" - CamperOnLine Magazine\",\"isPartOf\":{\"@id\":\"https:\/\/www.camperonline.it\/magazine\/#website\"},\"primaryImageOfPage\":{\"@id\":\"https:\/\/www.camperonline.it\/magazine\/2016\/09\/23\/a-montalto-di-castro-ecco-la-sagra-regina-delle-sagre\/#primaryimage\"},\"datePublished\":\"2016-09-23T08:48:41+00:00\",\"dateModified\":\"2016-10-04T12:58:07+00:00\",\"author\":{\"@id\":\"https:\/\/www.camperonline.it\/magazine\/#\/schema\/person\/a4203e9211946a344637c0a9efb517f5\"},\"description\":\"A Montalto di Castro, splendido centro della Tuscia Viterbese, andranno in scena dal 7 al 9 ottobre tre giorni dedicati alla scoperta della gastronomia\",\"breadcrumb\":{\"@id\":\"https:\/\/www.camperonline.it\/magazine\/2016\/09\/23\/a-montalto-di-castro-ecco-la-sagra-regina-delle-sagre\/#breadcrumb\"},\"inLanguage\":\"it-IT\",\"potentialAction\":[{\"@type\":\"ReadAction\",\"target\":[\"https:\/\/www.camperonline.it\/magazine\/2016\/09\/23\/a-montalto-di-castro-ecco-la-sagra-regina-delle-sagre\/\"]}]},{\"@type\":\"BreadcrumbList\",\"@id\":\"https:\/\/www.camperonline.it\/magazine\/2016\/09\/23\/a-montalto-di-castro-ecco-la-sagra-regina-delle-sagre\/#breadcrumb\",\"itemListElement\":[{\"@type\":\"ListItem\",\"position\":1,\"name\":\"Home\",\"item\":\"https:\/\/www.camperonline.it\/magazine\/\"},{\"@type\":\"ListItem\",\"position\":2,\"name\":\"A Montalto di Castro la 1a Sagra &#8220;Regina delle Sagre&#8221;\"}]},{\"@type\":\"Person\",\"@id\":\"https:\/\/www.camperonline.it\/magazine\/#\/schema\/person\/a4203e9211946a344637c0a9efb517f5\",\"name\":\"Cinzia\",\"url\":\"https:\/\/www.camperonline.it\/magazine\/author\/cinzia\/\"}]}<\/script>\n<!-- \/ Yoast SEO plugin. -->","yoast_head_json":{"title":"A Montalto di Castro la 1a Sagra \"Regina delle Sagre\" - CamperOnLine Magazine","description":"A Montalto di Castro, splendido centro della Tuscia Viterbese, andranno in scena dal 7 al 9 ottobre tre giorni dedicati alla scoperta della gastronomia","robots":{"index":"index","follow":"follow","max-snippet":"max-snippet:-1","max-image-preview":"max-image-preview:large","max-video-preview":"max-video-preview:-1"},"canonical":"https:\/\/www.camperonline.it\/magazine\/2016\/09\/23\/a-montalto-di-castro-ecco-la-sagra-regina-delle-sagre\/","og_locale":"it_IT","og_type":"article","og_title":"A Montalto di Castro la 1a Sagra \"Regina delle Sagre\" - CamperOnLine Magazine","og_description":"A Montalto di Castro, splendido centro della Tuscia Viterbese, andranno in scena dal 7 al 9 ottobre tre giorni dedicati alla scoperta della gastronomia","og_url":"https:\/\/www.camperonline.it\/magazine\/2016\/09\/23\/a-montalto-di-castro-ecco-la-sagra-regina-delle-sagre\/","og_site_name":"CamperOnLine Magazine","article_published_time":"2016-09-23T08:48:41+00:00","article_modified_time":"2016-10-04T12:58:07+00:00","og_image":[{"width":426,"height":600,"url":"https:\/\/www.camperonline.it\/magazine\/wp-content\/uploads\/2016\/09\/sagra-regina-delle-sagre2016.jpg","type":"image\/jpeg"}],"twitter_card":"summary_large_image","schema":{"@context":"https:\/\/schema.org","@graph":[{"@type":"WebSite","@id":"https:\/\/www.camperonline.it\/magazine\/#website","url":"https:\/\/www.camperonline.it\/magazine\/","name":"CamperOnLine Magazine","description":"Viaggi in camper, test, video, destinazioni, vacanze","potentialAction":[{"@type":"SearchAction","target":{"@type":"EntryPoint","urlTemplate":"https:\/\/www.camperonline.it\/magazine\/?s={search_term_string}"},"query-input":"required name=search_term_string"}],"inLanguage":"it-IT"},{"@type":"ImageObject","@id":"https:\/\/www.camperonline.it\/magazine\/2016\/09\/23\/a-montalto-di-castro-ecco-la-sagra-regina-delle-sagre\/#primaryimage","inLanguage":"it-IT","url":"https:\/\/www.camperonline.it\/magazine\/wp-content\/uploads\/2016\/09\/sagra-regina-delle-sagre2016.jpg","contentUrl":"https:\/\/www.camperonline.it\/magazine\/wp-content\/uploads\/2016\/09\/sagra-regina-delle-sagre2016.jpg","width":426,"height":600},{"@type":"WebPage","@id":"https:\/\/www.camperonline.it\/magazine\/2016\/09\/23\/a-montalto-di-castro-ecco-la-sagra-regina-delle-sagre\/#webpage","url":"https:\/\/www.camperonline.it\/magazine\/2016\/09\/23\/a-montalto-di-castro-ecco-la-sagra-regina-delle-sagre\/","name":"A Montalto di Castro la 1a Sagra \"Regina delle Sagre\" - CamperOnLine Magazine","isPartOf":{"@id":"https:\/\/www.camperonline.it\/magazine\/#website"},"primaryImageOfPage":{"@id":"https:\/\/www.camperonline.it\/magazine\/2016\/09\/23\/a-montalto-di-castro-ecco-la-sagra-regina-delle-sagre\/#primaryimage"},"datePublished":"2016-09-23T08:48:41+00:00","dateModified":"2016-10-04T12:58:07+00:00","author":{"@id":"https:\/\/www.camperonline.it\/magazine\/#\/schema\/person\/a4203e9211946a344637c0a9efb517f5"},"description":"A Montalto di Castro, splendido centro della Tuscia Viterbese, andranno in scena dal 7 al 9 ottobre tre giorni dedicati alla scoperta della gastronomia","breadcrumb":{"@id":"https:\/\/www.camperonline.it\/magazine\/2016\/09\/23\/a-montalto-di-castro-ecco-la-sagra-regina-delle-sagre\/#breadcrumb"},"inLanguage":"it-IT","potentialAction":[{"@type":"ReadAction","target":["https:\/\/www.camperonline.it\/magazine\/2016\/09\/23\/a-montalto-di-castro-ecco-la-sagra-regina-delle-sagre\/"]}]},{"@type":"BreadcrumbList","@id":"https:\/\/www.camperonline.it\/magazine\/2016\/09\/23\/a-montalto-di-castro-ecco-la-sagra-regina-delle-sagre\/#breadcrumb","itemListElement":[{"@type":"ListItem","position":1,"name":"Home","item":"https:\/\/www.camperonline.it\/magazine\/"},{"@type":"ListItem","position":2,"name":"A Montalto di Castro la 1a Sagra &#8220;Regina delle Sagre&#8221;"}]},{"@type":"Person","@id":"https:\/\/www.camperonline.it\/magazine\/#\/schema\/person\/a4203e9211946a344637c0a9efb517f5","name":"Cinzia","url":"https:\/\/www.camperonline.it\/magazine\/author\/cinzia\/"}]}},"_links":{"self":[{"href":"https:\/\/www.camperonline.it\/magazine\/wp-json\/wp\/v2\/posts\/225833"}],"collection":[{"href":"https:\/\/www.camperonline.it\/magazine\/wp-json\/wp\/v2\/posts"}],"about":[{"href":"https:\/\/www.camperonline.it\/magazine\/wp-json\/wp\/v2\/types\/post"}],"author":[{"embeddable":true,"href":"https:\/\/www.camperonline.it\/magazine\/wp-json\/wp\/v2\/users\/7"}],"replies":[{"embeddable":true,"href":"https:\/\/www.camperonline.it\/magazine\/wp-json\/wp\/v2\/comments?post=225833"}],"version-history":[{"count":0,"href":"https:\/\/www.camperonline.it\/magazine\/wp-json\/wp\/v2\/posts\/225833\/revisions"}],"wp:featuredmedia":[{"embeddable":true,"href":"https:\/\/www.camperonline.it\/magazine\/wp-json\/wp\/v2\/media\/226092"}],"wp:attachment":[{"href":"https:\/\/www.camperonline.it\/magazine\/wp-json\/wp\/v2\/media?parent=225833"}],"wp:term":[{"taxonomy":"category","embeddable":true,"href":"https:\/\/www.camperonline.it\/magazine\/wp-json\/wp\/v2\/categories?post=225833"},{"taxonomy":"post_tag","embeddable":true,"href":"https:\/\/www.camperonline.it\/magazine\/wp-json\/wp\/v2\/tags?post=225833"}],"curies":[{"name":"wp","href":"https:\/\/api.w.org\/{rel}","templated":true}]}}