{"id":228889,"date":"2016-11-23T17:00:58","date_gmt":"2016-11-23T16:00:58","guid":{"rendered":"https:\/\/www.camperonline.it\/magazine\/?p=228889"},"modified":"2017-01-31T18:07:47","modified_gmt":"2017-01-31T17:07:47","slug":"san-marino-ed-il-natale-delle-meraviglie-2016","status":"publish","type":"post","link":"https:\/\/www.camperonline.it\/magazine\/2016\/11\/23\/san-marino-ed-il-natale-delle-meraviglie-2016\/","title":{"rendered":"San Marino ed il  Natale delle Meraviglie 2016"},"content":{"rendered":"<p class=\"p2\"><span class=\"s1\"><strong><a href=\"https:\/\/www.camperonline.it\/magazine\/2016\/11\/23\/san-marino-ed-il-natale-delle-meraviglie-2016\/parziale_natale-delle-meraviglie\/\" rel=\"attachment wp-att-229218\"><img loading=\"lazy\" class=\"wp-image-229218 alignleft\" src=\"https:\/\/www.camperonline.it\/magazine\/wp-content\/uploads\/2016\/11\/Parziale_Natale-delle-Meraviglie.jpg\" alt=\"parziale_natale-delle-meraviglie\" width=\"155\" height=\"63\" \/><\/a>San Marino<\/strong>, la pi\u00f9 antica Repubblica del mondo, gi\u00e0 a partire dal mese di <strong>novembre e per tutto il mese di dicembr<\/strong>e propone un\u00a0ricco <strong>calendario di eventi<\/strong>\u00a0per grandi e piccini<\/span><!--more--><\/p>\n<p class=\"p2\"><span class=\"s1\"><b>15\/10-15\/1 <span class=\"Apple-converted-space\">\u00a0 <\/span><\/b><\/span><span class=\"s2\"><b>Fare Luce<\/b><\/span><\/p>\n<p class=\"p4\"><span class=\"s1\">Progetto espositivo che interroga la fotografia su molteplici fronti, dal suo significato originario di scrittura di luce, alla fotografia come luogo di esercizi performativi e di esibizionismo, per giungere alla vocazione investigativa.<br \/>\n <\/span><span class=\"s1\"><i>Museo di Stato &#8211; Palazzo Pergami Belluzzi &#8211; San Marino <span class=\"Apple-converted-space\">\u00a0 <\/span>E-mail: <\/i><a href=\"mailto:info@museidistato.sm\"><span class=\"s3\"><i>info@museidistato.sm<\/i><\/span><\/a><i><a href=\"https:\/\/www.camperonline.it\/magazine\/2016\/11\/23\/san-marino-ed-il-natale-delle-meraviglie-2016\/natale-delel-meraviglie\/\" rel=\"attachment wp-att-228893\"><img loading=\"lazy\" class=\"size-full wp-image-228893 aligncenter\" src=\"https:\/\/www.camperonline.it\/magazine\/wp-content\/uploads\/2016\/11\/natale-delel-meraviglie.jpg\" alt=\"natale-delel-meraviglie\" width=\"640\" height=\"397\" srcset=\"https:\/\/www.camperonline.it\/magazine\/wp-content\/uploads\/2016\/11\/natale-delel-meraviglie.jpg 640w, https:\/\/www.camperonline.it\/magazine\/wp-content\/uploads\/2016\/11\/natale-delel-meraviglie-300x186.jpg 300w, https:\/\/www.camperonline.it\/magazine\/wp-content\/uploads\/2016\/11\/natale-delel-meraviglie-320x200.jpg 320w, https:\/\/www.camperonline.it\/magazine\/wp-content\/uploads\/2016\/11\/natale-delel-meraviglie-112x70.jpg 112w\" sizes=\"(max-width: 640px) 100vw, 640px\" \/><\/a><\/i><\/span><i> <\/i><\/p>\n<p class=\"p6\"><span class=\"s4\"><b>1\/11-31\/12 <span class=\"Apple-converted-space\">\u00a0 <\/span><\/b><\/span><span class=\"s1\"><b>Le fotografie di Ido Rinaldi<br \/>\n <\/b><\/span><span class=\"s1\">Nella mostra verranno esposte le fotografie dell&#8217;artista Ido Rinaldi. Una raccolta di immagini che la bravura del fotografo sa rendere straordinariamente suggestive.<br \/>\n <\/span><span class=\"s1\"><i>Centro Commerciale Azzurro, Serravalle<span class=\"Apple-converted-space\">\u00a0 \u00a0 <\/span>Info: tel. 0549\/960172 E-mail: <\/i><a href=\"mailto:sam.invest@omniway.sm\"><span class=\"s3\"><i>sam.invest@omniway.sm<\/i><\/span><\/a><i><span class=\"Apple-converted-space\">\u00a0 <\/span>Sito web: <\/i><a href=\"http:\/\/www.centroazzurro.sm\"><span class=\"s3\"><i>www.centroazzurro.sm<\/i><\/span><\/a><i> <\/i><\/span><\/p>\n<p class=\"p4\"><span class=\"s1\"><b>26\/11-8\/1 <span class=\"Apple-converted-space\">\u00a0 <\/span><\/b><\/span><span class=\"s2\"><b>Semi Erranti<br \/>\n <\/b><\/span><span class=\"s1\">Sabato 26 novembre alle ore 18.00 presso Palazzo Graziani inaugura la mostra &#8220;Semi Erranti&#8221; realizzata dall&#8217;Associazione Vite in transito in collaborazione con la Segreteria di Stato Istruzione e Cultura. L&#8217;idea dell&#8217;iniziativa nasce dall&#8217;incontro di sette socie di Vite in transito e una giovane artista, Maria Giulia Terenzi. La condivisione delle narrazioni autobiografiche delle donne migranti genera empatia, emozioni, calore e l&#8217;artista traduce l&#8217;emozione in opera. I semi che vengono dall&#8217;Ungheria, Tunisia, Armenia, Ucraina, Messico, Argentina, Sicilia hanno bisogno di un terreno in cui radicarsi. Semi Erranti parla di sradicamento e di radicamento, di rapporto con la terra e le radici, di memoria e nostalgia, di impegno e fatica a costruire una nuova vita nel nostro territorio.<\/span><\/p>\n<p class=\"p4\"><i><\/i><span class=\"s4\"><b>27\/11-8\/1 <span class=\"Apple-converted-space\">\u00a0 <\/span><\/b><\/span><span class=\"s1\"><b>Luci della Citt\u00e0<br \/>\n <\/b><\/span><span class=\"s1\">Nidaa Badwan ritorna a San Marino con un\u2019opera inedita, un dipinto. Commissionato dalla Segreteria Istruzione e Cultura della Repubblica di San Marino, assieme al patrocinio dell\u2019Unesco, l\u2019artista palestinese Nidaa Badwan ritorna in mostra a San Marino con un nuovo progetto dedicato alla \u201cTerra della Libert\u00e0\u201d. La \u201cLibert\u00e0\u201d infatti \u00e8 il fil rouge che lega l\u2019artista a questa terra ed \u00e8 il tema di questo progetto. All\u2019inaugurazione del 27 novembre, a Palazzo Graziani, saranno presenti Gabriele La Porta (ex direttore RAI e scrittore) ed Egidio Senatore (suo assistente dai tempi dei programmi di RAI Notte) che proporranno un affascinante viaggio parallelo tra opere classiche ed opere di Nidaa.<br \/>\n <\/span><span class=\"s1\"><i>Palazzo Graziani, Citt\u00e0 di San Marino<span class=\"Apple-converted-space\">\u00a0 Orario: tutti i giorni dalle ore 10.00 alle ore 18.00 \u00a0&lt;<br \/>\n <\/span><\/i><\/span><span class=\"s1\"><i>Info: tel. 0549\/885594 E-mail: <\/i><a href=\"mailto:sara.pasquali.ic@gov.sm\"><span class=\"s3\"><i>sara.pasquali.ic@gov.sm<\/i><\/span><\/a><i><br \/>\n <\/i><\/span><span class=\"s5\"><i>Sito web: <\/i><a href=\"http:\/\/www.istruzioneecultura.sm\"><span class=\"s6\"><i>www.istruzioneecultura.sm<\/i><\/span><\/a><i><\/i><\/span><i> <\/i><\/p>\n<p class=\"p6\">\u00a0<a href=\"https:\/\/www.camperonline.it\/magazine\/2016\/11\/23\/san-marino-ed-il-natale-delle-meraviglie-2016\/natale-delle-meraviglie\/\" rel=\"attachment wp-att-228892\"><img loading=\"lazy\" class=\"size-full wp-image-228892 aligncenter\" src=\"https:\/\/www.camperonline.it\/magazine\/wp-content\/uploads\/2016\/11\/Natale-delle-Meraviglie.jpg\" alt=\"natale-delle-meraviglie\" width=\"640\" height=\"320\" srcset=\"https:\/\/www.camperonline.it\/magazine\/wp-content\/uploads\/2016\/11\/Natale-delle-Meraviglie.jpg 640w, https:\/\/www.camperonline.it\/magazine\/wp-content\/uploads\/2016\/11\/Natale-delle-Meraviglie-300x150.jpg 300w\" sizes=\"(max-width: 640px) 100vw, 640px\" \/><\/a><\/p>\n<p class=\"p6\"><span class=\"s1\"><b><span class=\"s4\">3-4\/12,\u00a0<\/span><span class=\"s4\">8-11\/12, 17-18\/12,\u00a0<\/span><strong>21-23\/12 \u00a0\u00a0<\/strong>Quattro Stagioni, Infinite Attrazioni- Tutto \u00e8 Magia<br \/>\n Il Natale delle Meraviglie<\/b><\/span><\/p>\n<p class=\"p4\"><span class=\"s1\">Il Natale delle Meraviglie 2016-2017 nella Repubblica di San Marino sar\u00e0 un NATALE STELLATO, incantevole, che si fonde con il fascino millenario di un luogo magico sospeso nel tempo. Originale, interattivo, coinvolgente, sostenibile e visionario. Ambientato nel centro storico di San Marino, uno dei pi\u00f9 suggestivi al mondo, dichiarato patrimonio dell\u2019umanit\u00e0 dall\u2019UNESCO.<br \/>\n <\/span><span class=\"s1\">Le principali attrazioni per il Natale delle Meraviglie 2016\u20132017:<br \/>\n <\/span><span class=\"s1\">LA CASA DELLA STELLA<br \/>\n La grande \u201cSpiegeltent\u201d, una struttura esteticamente originale ed esclusiva che richiama l\u2019architettura delle strutture natalizie del nord Europa, collocata nella zona della Cava Antica (Parcheggio n 6) che di giorno sar\u00e0 il punto centrale delle attivit\u00e0 ludiche, creative e di divertimento per i bambini e le famiglie. I laboratori didattici saranno gratuiti. Saranno organizzate due tombole nei giorni 24 e 30 Dicembre. Evento speciale il 1\u00b0 gennaio, ore 15.00 Maxi Balloon Party: vieni a gonfiare il tuo pallone colorato gigante! Nel pomeriggio del 6 gennaio saluta insieme a noi l\u2019arrivo della Befana. Ogni sera la Casa della Stella diventer\u00e0 un Caf\u00e8 Dansant, con eventi di intrattenimento per tutti i gusti.<br \/>\n <\/span><span class=\"s1\">I MERCATINI DI NATALE<br \/>\n <\/span><span class=\"s1\">Il Mercatino di Via Eugippo dedicato all\u2019arte e artigianato artistico con laboratori<br \/>\n <\/span><span class=\"s1\">Il Mercatino di Via Donna Felicissima con tipicit\u00e0 della gastronomia locale e natalizia.<a href=\"https:\/\/www.camperonline.it\/magazine\/2016\/11\/23\/san-marino-ed-il-natale-delle-meraviglie-2016\/natale-meraviglie2\/\" rel=\"attachment wp-att-228900\"><img loading=\"lazy\" class=\"size-full wp-image-228900 aligncenter\" src=\"https:\/\/www.camperonline.it\/magazine\/wp-content\/uploads\/2016\/11\/Natale-Meraviglie2.jpg\" alt=\"natale-meraviglie2\" width=\"640\" height=\"384\" srcset=\"https:\/\/www.camperonline.it\/magazine\/wp-content\/uploads\/2016\/11\/Natale-Meraviglie2.jpg 640w, https:\/\/www.camperonline.it\/magazine\/wp-content\/uploads\/2016\/11\/Natale-Meraviglie2-300x180.jpg 300w\" sizes=\"(max-width: 640px) 100vw, 640px\" \/><\/a><br \/>\n <\/span><span class=\"s1\">VIAGGIO DELLA PICCOLA VIA LATTE<br \/>\n Ad altezza bambino un divertente e originale itinerario bidirezionale con 20 postazioni, da percorrere dall\u2019inizio di Contrada Santa Croce alla Casa della Stella in Cava Antica (Parcheggio n 6), per scoprire le particolarit\u00e0 del Natale Stellato. Ritirando una scheda di partecipazione presso la Casa della Stella, verr\u00e0 consegnato un simpatico omaggio a tutti i bambini.<br \/>\n <\/span><span class=\"s1\">SAN MARINO PER TUTTI E PET FRIENDLY<br \/>\n Il Natale delle Meraviglie 2016-2017 rivolge un\u2019attenzione particolare a visitatori con esigenze speciali. Per ospiti con disabilit\u00e0, noleggio gratuito dell\u2019ausilio TRIRIDE per facilitare l\u2019utilizzo della carrozzina e muoversi liberamente nel Centro Storico di San Marino, superando percorsi sconnessi e pendenze importanti, servizio nursery per bambini piccoli, facilitazioni per visitatori con animali al seguito.<br \/>\n <\/span><span class=\"s1\">Le Luminarie stellate e la grande stella luminosa in Piazza della Libert\u00e0 &#8211; Pattinaggio su ghiaccio \u2013 La Terrazza delle Stelle &#8211; I Presepi Napoletani \u2013 Le Sculture di ghiaccio &#8211; La Cava dell\u2019Avventura &#8211; Artisti e stelle di Strada \u2013 L\u2019Oroscopo delle stelle \u2013 La Grande Festa di Capodanno e Concerto del Nuovo Anno \u2013 Concorso Fotografico \u201cLa Vetrina Stellata\u201d \u2013 Pacchetti e offerte Turistiche.<br \/>\n <\/span><span class=\"s1\"><em>L\u2019ingresso a tutte le attivit\u00e0 \u00e8 <span style=\"text-decoration: underline;\">GRATUITO<\/span><\/em>, salvo la Pista di Pattinaggio e l&#8217;Oroscopo delle Stelle<br \/>\n <\/span><span class=\"s1\"><em>Programma completo<\/em> sul sito <a href=\"http:\/\/www.visitsanmarino.com\"><span class=\"s3\">www.visitsanmarino.com<\/span><\/a><\/span><br \/>\n <span class=\"s1\"><i>Centro Storico, San Marino<span class=\"Apple-converted-space\">\u00a0 \u00a0 <\/span>Info: tel. 0549 882914 E-mail: <\/i><a href=\"mailto:info@visitsanmarino.com\"><span class=\"s3\"><i>info@visitsanmarino.com<\/i><\/span><\/a><i>\u00a0<\/i><\/span><\/p>\n<p class=\"p6\"><span class=\"s4\"><b>3-4\/12,\u00a010-11\/12, 17-18\/12 <span class=\"Apple-converted-space\">\u00a0ed il 24-25\/12<\/span><span class=\"Apple-converted-space\">\u00a0\u00a0<\/span><\/b><\/span><span class=\"s1\"><b>Sapori d&#8217;autunno: Week end al tartufo<br \/>\n <\/b><\/span><span class=\"s1\">Il progetto dell\u2019Associazione Tartufai \u201cGnenca \u2018na gocia d\u2019ogli tartufed\u201d intende promuovere la ristorazione di qualit\u00e0 e contrastare l&#8217;utilizzo di prodotti con aromi chimici rendendo consapevoli le persone che il modo migliore per gustarsi il tartufo \u00e8 consumarlo fresco.<span class=\"Apple-converted-space\">\u00a0 <\/span>I ristoranti e negozi che aderiscono al progetto possono fregiarsi del bollino di qualit\u00e0 dell\u2019ATTS. Durante i weekend autunnali si possono degustare piatti al tartufo nei seguenti locali:<span class=\"Apple-converted-space\">\u00a0 <\/span>La Cantinetta dello Stradone, Ristorante del Ghetto da Ottavio, Piccolo Restaurant, Ristorante La Fratta, Osteria La Taverna, La Terrazza del Titano, Ristorante Cesare, Il Beccafico, Grand Hotel Primavera, Agli Antichi Orti, La Spingarda.<br \/>\n <\/span><span class=\"s1\"><i>San Marino <span class=\"Apple-converted-space\">\u00a0 <\/span>E-mail: <\/i><a href=\"mailto:atts.rsm@gmail.com\"><span class=\"s3\"><i>atts.rsm@gmail.com<\/i><\/span><\/a><i><span class=\"Apple-converted-space\"><br \/>\n <\/span><\/i><\/span><span class=\"s1\"><i>Sito web: <\/i><a href=\"http:\/\/www.facebook.com\"><span class=\"s3\"><i>www.facebook.com<\/i><\/span><\/a><i><span class=\"Apple-converted-space\">\u00a0 <\/span>\/groups\/173789656011381\/ <\/i><\/span><\/p>\n<p class=\"p6\"><span class=\"s4\"><b>4\/12 <span class=\"Apple-converted-space\">\u00a0 <\/span><\/b><\/span><span class=\"s1\"><b>Rassegna musicale d&#8217;autunno &#8211; La\u00a0Lirica da Camera Italiana<br \/>\n <\/b><\/span><span class=\"s1\">Presentazione Guido Salvetti, Barbara Vignudelli (soprano), Valentina Vanni (mezzosoprano), Beatrice Bartoli e Pina Coni (pianoforte) in collaborazione con Fondazione Araldi Guinetti (Svizzera) e Conservatorio \u201cG. Verdi\u201d di Milano<br \/>\n <\/span><span class=\"s1\"><i>Sala Fondazione San Marino Cassa di Risparmio S.U.M.S. <span class=\"Apple-converted-space\">\u00a0 <\/span>Orario: 16.30<span class=\"Apple-converted-space\">\u00a0 <\/span>Ingresso: gratuito<br \/>\n <\/i><\/span><span class=\"s1\"><i>Info: tel. 0549 906870 &#8211; 0549 909290 (Payman) &#8211; 337 1008856<br \/>\n <\/i><\/span><span class=\"s5\"><i>E-mail: <\/i><a href=\"mailto:cameratatitano@omniway.sm\"><span class=\"s6\"><i>cameratatitano@omniway.sm<\/i><\/span><\/a><i><span class=\"Apple-converted-space\">\u00a0 <\/span>Sito web: <\/i><a href=\"http:\/\/www.cameratitano.com\"><span class=\"s6\"><i>www.cameratitano.com<\/i><\/span><\/a><i> <\/i><\/span><\/p>\n<p class=\"p6\"><span class=\"s4\"><b>5\/12-14\/12 <span class=\"Apple-converted-space\">\u00a0 <\/span><\/b><\/span><span class=\"s1\"><b>Scuole a teatro &#8211; La fabbrica di cioccolato<br \/>\n <\/b><\/span><span class=\"s1\">A cent\u2019anni dalla nascita dello scrittore Roald Dahl, lo spettacolo che verr\u00e0 rappresentato s\u2019intitola &#8220;La fabbrica di cioccolato&#8221; ed \u00e8 ispirato all\u2019omonimo libro.<br \/>\n <\/span><span class=\"s1\">La messinscena sar\u00e0 incentrata su divertentissimi e curiosi personaggi, come il bizzarro proprietario della fabbrica Willy Wonka e il suo buffo aiutante Umpa Lumpa, Charlie Bucket e Verruca Solt che condurranno i bambini attraverso un mondo magico, pieno di stupore e tante avventure.<br \/>\n <\/span><span class=\"s1\"><i>Borgo Maggiore<span class=\"Apple-converted-space\">\u00a0&#8211;\u00a0<\/span>Info e prenotazioni 335.7339768 E-mail: <\/i><a href=\"mailto:bradipoteatar@bradipoteatar.com\"><span class=\"s3\"><i>bradipoteatar@bradipoteatar.com<\/i><\/span><\/a><i><br \/>\n <\/i><\/span><span class=\"s5\"><i>Sito web: <\/i><a href=\"http:\/\/www.bradipoteatar.com\"><span class=\"s6\"><i>www.bradipoteatar.com<\/i><\/span><\/a><i> <\/i><\/span><\/p>\n<p class=\"p6\"><span class=\"s4\"><b>10\/12-11\/12 <span class=\"Apple-converted-space\">\u00a0 <\/span><\/b><\/span><span class=\"s1\"><b>Concerto di Natale \u201cWe will rock you\u201d- Corale San Marino<br \/>\n <\/b><\/span><span class=\"s1\">Tradizionale concerto di Natale, della Corale di San Marino. due serate di musica, ma anche un appuntamento con la solidariet\u00e0:<span class=\"Apple-converted-space\">\u00a0 <\/span>il ricavato sar\u00e0 devoluto in favore delle popolazioni terremotate.<br \/>\n <\/span><span class=\"s1\">Vendite biglietti presso Centro Commerciale Atlante nei giorni 8-9 dicembre dalle ore 16.30 alle ore 19.00.<br \/>\n <\/span><span class=\"s1\"><i>Teatro Titano &#8211; San Marino <span class=\"Apple-converted-space\">\u00a0 <\/span>Orario: 21.15<span class=\"Apple-converted-space\">\u00a0 <\/span>E-mail: <\/i><a href=\"mailto:info@coralesanmarino.org\"><span class=\"s3\"><i>info@coralesanmarino.org<\/i><\/span><\/a><i><br \/>\n <\/i><\/span><span class=\"s5\"><i>Sito web: <\/i><a href=\"http:\/\/www.coralesanmarino.org\"><span class=\"s6\"><i>www.coralesanmarino.org<\/i><\/span><\/a><i> <\/i><\/span><\/p>\n<p class=\"p6\"><a href=\"https:\/\/www.camperonline.it\/magazine\/2016\/11\/23\/san-marino-ed-il-natale-delle-meraviglie-2016\/sanmarino-concerti\/\" rel=\"attachment wp-att-228901\"><img loading=\"lazy\" class=\"size-full wp-image-228901 aligncenter\" src=\"https:\/\/www.camperonline.it\/magazine\/wp-content\/uploads\/2016\/11\/SanMarino-Concerti.jpg\" alt=\"sanmarino-concerti\" width=\"640\" height=\"391\" srcset=\"https:\/\/www.camperonline.it\/magazine\/wp-content\/uploads\/2016\/11\/SanMarino-Concerti.jpg 640w, https:\/\/www.camperonline.it\/magazine\/wp-content\/uploads\/2016\/11\/SanMarino-Concerti-300x183.jpg 300w\" sizes=\"(max-width: 640px) 100vw, 640px\" \/><\/a><\/p>\n<p class=\"p6\"><span class=\"s4\"><b>13\/12 <\/b><\/span><span class=\"s1\"><b>Stagione Teatrale 2016\/2017 &#8211; San Marino Teatro<span class=\"Apple-converted-space\">\u00a0 <\/span>&#8211; Rassegna Sperimental(a)mente:&#8221;Il cavaliere inesistente&#8221; di Italo Calvino &#8211; Teatro Gioco Vita<br \/>\n <\/b><\/span><span class=\"s1\">Una produzione Teatro Gioco Vita &#8211; coproduzione Teatro Gioco Vita \/ Festival \u201cL\u2019altra scena\u201d \/EPCC &#8211; Th\u00e9\u00e2tre de Bourg-en-Bresse, sc\u00e8ne conventionn\u00e9e in collaborazione con Emilia Romagna Teatro Fondazione.<br \/>\n <\/span><span class=\"s1\">L\u2019epoca di Carlo Magno e dei Paladini e la giostra di avventure, inseguimenti e battaglie, sono un pretesto per parlarci di noi e del nostro difficile rapporto con la realt\u00e0. Calvino affronta, con grande profondit\u00e0 e ricchezza di sfumature, e allo stesso tempo con leggerezza e ironia, il tema dell\u2019identit\u00e0 nell\u2019uomo contemporaneo. Nel linguaggio scenico di Teatro Gioco Vita la presenza immateriale e incorporea dell\u2019ombra si fonde con la presenza materiale e corporea dell\u2019attore. Queste due qualit\u00e0 di presenza scenica nelle loro possibilit\u00e0 combinatorie traducono i diversi piani dell\u2019essere presenti nel romanzo di Calvino.<br \/>\n <\/span><span class=\"s1\"><i>Teatro Titano<span class=\"Apple-converted-space\">\u00a0 \u00a0 <\/span>Ingresso: Platea e<span class=\"Apple-converted-space\">\u00a0 <\/span>palco prezzo unico \u20ac 15,00 \/ Loggione prezzo unico \u20ac 10,00<br \/>\n <\/i><\/span><span class=\"s5\"><i>Info: tel. 0549 882452 E-mail: <\/i><a href=\"mailto:info@sanmarinoteatro.sm\"><span class=\"s6\"><i>info@sanmarinoteatro.sm<\/i><\/span><\/a><i><span class=\"Apple-converted-space\">\u00a0 <\/span>Sito web: <\/i><a href=\"http:\/\/www.sanmarinoteatro.sm\"><span class=\"s6\"><i>www.sanmarinoteatro.sm<\/i><\/span><\/a><i> <\/i><\/span><\/p>\n<p class=\"p6\"><span class=\"s4\"><b>17\/12 <span class=\"Apple-converted-space\">\u00a0 <\/span><\/b><\/span><span class=\"s1\"><b>Il Piccolo Coro dell\u2019Antoniano in \u201cLumen de Lumine\u201d<br \/>\n <\/b><\/span><span class=\"s1\">Il Piccolo Coro \u201cMariele Ventre\u201d dell\u2019Antoniano in Lumen de Lumine &#8211;<span class=\"Apple-converted-space\">\u00a0 <\/span>la storia della salvezza attraverso il cammino della luce \u2013 canti e letture nella Basilica del Santo<br \/>\n <\/span><span class=\"s1\"><i>Basilica di San Marino, Centro Storico<span class=\"Apple-converted-space\">\u00a0 <\/span>Orario: 18.30<span class=\"Apple-converted-space\">\u00a0 <\/span>Ingresso libero Info: tel. 0549 882914<br \/>\n <\/i><\/span><span class=\"s5\"><i>E-mail: <\/i><a href=\"mailto:info@visitsanmarino.com\"><span class=\"s6\"><i>info@visitsanmarino.com<\/i><\/span><\/a><i><span class=\"Apple-converted-space\">\u00a0 <\/span>Sito web: <\/i><a href=\"http:\/\/www.visitsanmarino.com\"><span class=\"s6\"><i>www.visitsanmarino.com<\/i><\/span><\/a><i> <\/i><\/span><\/p>\n<p class=\"p6\"><span class=\"s4\"><b>17\/12 <span class=\"Apple-converted-space\">\u00a0 <\/span><\/b><\/span><span class=\"s1\"><b>Concerto di Natale<br \/>\n <\/b><\/span><span class=\"s1\">Tradizionale concerto di fine anno degli allievi dell&#8217;Istituto Musicale Sammarinese.<br \/>\n <\/span><span class=\"s1\"><i>Teatro Nuovo Dogana<span class=\"Apple-converted-space\">\u00a0 \u00a0 <\/span>Info: tel. 0549\/883106 E-mail: <\/i><a href=\"mailto:info@ims.sm\"><span class=\"s3\"><i>info@ims.sm<\/i><\/span><\/a><i><span class=\"Apple-converted-space\">\u00a0 <\/span>Sito web: <\/i><a href=\"http:\/\/www.ims.sm\"><span class=\"s3\"><i>www.ims.sm<\/i><\/span><\/a><i> <\/i><\/span><\/p>\n<p class=\"p6\"><span class=\"s4\"><b>18\/12 <span class=\"Apple-converted-space\">\u00a0 <\/span><\/b><\/span><span class=\"s1\"><b>45a Maratonina di Natale<br \/>\n <\/b><\/span><span class=\"s1\">Gara competitiva e non competitiva che si snoda su un suggestivo percorso misto panoramico.<br \/>\n <\/span><span class=\"s1\"><i>San Marino Stadium, Serravalle <span class=\"Apple-converted-space\">\u00a0 <\/span>E-mail: vmacina@omniway.sm<br \/>\n <\/i><\/span><span class=\"s5\"><i>Sito web: <\/i><a href=\"http:\/\/www.gpasanmarino.net\"><span class=\"s6\"><i>www.gpasanmarino.net<\/i><\/span><\/a><i> , <\/i><a href=\"http:\/\/www.sdam.it\"><span class=\"s6\"><i>www.sdam.it<\/i><\/span><\/a><i> <\/i><\/span><\/p>\n<p class=\"p6\"><span class=\"s4\"><b>18\/12 <span class=\"Apple-converted-space\">\u00a0 <\/span><\/b><\/span><span class=\"s1\"><b>Mercatino dell\u2019Antiquariato e del Collezionismo<br \/>\n <\/b><\/span><span class=\"s1\">Sotto il porticato di Borgo Maggiore, la terza domenica di ogni mese fino a dicembre, si allestisce il mercatino dell&#8217;antiquariato con oggetti che testimoniano un tempo passato.<br \/>\n <\/span><span class=\"s1\"><i>Borgo Maggiore <span class=\"Apple-converted-space\">\u00a0 <\/span>Orario: 9.00-19.00<span class=\"Apple-converted-space\">\u00a0 <\/span>Info: tel. 337 1006055 E-mail: <\/i><a href=\"mailto:p.roberto@omniway.sm\"><span class=\"s3\"><i>p.roberto@omniway.sm<\/i><\/span><\/a><i><br \/>\n <\/i><\/span><span class=\"s5\"><i>Sito web: <\/i><a href=\"http:\/\/www.giuntadicastello-borgomaggiore.com\"><span class=\"s6\"><i>www.giuntadicastello-borgomaggiore.com<\/i><\/span><\/a><i> <\/i><\/span><\/p>\n<p class=\"p6\"><span class=\"s4\"><b>26\/12 <span class=\"Apple-converted-space\">\u00a0 <\/span><\/b><\/span><span class=\"s1\"><b>Concerto di Santo Stefano<br \/>\n <\/b><\/span><span class=\"s1\">Il Concerto di Santo Stefano, sin dal suo esordio, porta all\u2019attenzione del pubblico un repertorio inusitato per la storia musicale sammarinese: la musica barocca, la cameristica orchestrale, la musica sacra, la musica del \u2018900, valorizzando i luoghi storici ed i monumenti sammarinesi pi\u00f9 importanti.<br \/>\n <\/span><span class=\"s1\"><i>Convento dei Padri Servi di Maria a Valdragone di Borgo Maggiore.<span class=\"Apple-converted-space\">\u00a0 <\/span>Info: tel. 0549 906870<br \/>\n <\/i><\/span><span class=\"s5\"><i>349 4737743 E-mail: <\/i><a href=\"mailto:cameratatitano@omniway.sm\"><span class=\"s6\"><i>cameratatitano@omniway.sm<\/i><\/span><\/a><i><span class=\"Apple-converted-space\">\u00a0 <\/span>Sito web: <\/i><a href=\"http:\/\/www.cameratatitano.com\"><span class=\"s6\"><i>www.cameratatitano.com<\/i><\/span><\/a><i> <\/i><\/span><\/p>\n<p class=\"p6\"><span class=\"s4\"><b>26\/12 <span class=\"Apple-converted-space\">\u00a0 <\/span><\/b><\/span><span class=\"s1\"><b>Presepe Vivente<br \/>\n <\/b><\/span><span class=\"s1\">Il presepe vivente \u00e8 rappresentato dagli abitanti di Montegiardino, uno dei pi\u00f9 suggestivi tra i nove Castelli che compongono il territorio della Repubblica di San Marino.<br \/>\n <\/span><span class=\"s1\">Nel vecchio borgo gli artigiani, impegnati negli antichi mestieri, fanno da contorno alla Nativit\u00e0, arricchita dalll&#8217;arrivo dei Re Magi.<br \/>\n <\/span><span class=\"s1\">Una splendida occasione per vivere la sacralit\u00e0 delle Feste e sentirsi piacevolmente trasportati nel passato, grazie alla rievocazione storica particolarmente curata.<br \/>\n <\/span><span class=\"s1\"><i>Centro Storico, Montegiardino <span class=\"Apple-converted-space\">\u00a0 <\/span>Orario: 17.00-19.30<span class=\"Apple-converted-space\">\u00a0 <\/span>Info: tel. 0549 996093<br \/>\n <\/i><\/span><span class=\"s5\"><i>E-mail: <\/i><a href=\"mailto:info@visitsanmarino.com\"><span class=\"s6\"><i>info@visitsanmarino.com<\/i><\/span><\/a><i> <span class=\"Apple-converted-space\">\u00a0 <\/span>Sito web: <\/i><a href=\"http:\/\/www.visitsanmarino.com\"><span class=\"s6\"><i>www.visitsanmarino.com<\/i><\/span><\/a><i> <\/i><\/span><\/p>\n<p class=\"p6\"><span class=\"s4\"><b>31\/12 <span class=\"Apple-converted-space\">\u00a0 <\/span><\/b><\/span><span class=\"s1\"><b>Festa di Fine Anno<br \/>\n <\/b><\/span><span class=\"s1\">Grande Festa di Capodanno in Piazza S. Agata in collaborazione con Radio San Marino<br \/>\n <\/span><span class=\"s1\"><i>Piazza S. Agata, San Marino <span class=\"Apple-converted-space\">\u00a0 <\/span>Orario: dalle ore 22.00<span class=\"Apple-converted-space\">\u00a0 <\/span>Info: tel. 0549 882914<br \/>\n <\/i><\/span><span class=\"s5\"><i>E-mail: <\/i><a href=\"mailto:info@visitsanmarino.com\"><span class=\"s6\"><i>info@visitsanmarino.com<\/i><\/span><\/a><i><span class=\"Apple-converted-space\">\u00a0 <\/span>Sito web: <\/i><a href=\"http:\/\/www.visitsanmarino.com\"><span class=\"s6\"><i>www.visitsanmarino.com<\/i><\/span><\/a><i> <\/i><\/span><\/p>\n<p class=\"p6\"><strong>Dove sostare con il camper<br \/>\n <\/strong><strong><a href=\"https:\/\/www.camperonline.it\/_goToSite.asp?titolo=Visita%20il%20sito%20di%20centrovacanzesanmarino%20il%20punto%20di%20arrivo&amp;urlsito=www.centrovacanzesanmarino.com\">Camping Centro Vacanze\u00a0San Marino<\/a>\u00a0<\/strong>(Lat. 43.95838, Long.12.46051), mezzi pubblici e navetta a pagamento nei giorni festivi<br \/>\n <strong><a href=\"https:\/\/www.camperonline.it\/_goToSite.asp?titolo=Visita%20il%20sito%20di%20camperonline%20il%20punto%20di%20arrivo&amp;urlsito=www.camperonline.it\/area-di-sosta\/Parcheggio-P13_6417\">Area attrezzata P13 &#8211; Borgo Maggiore<\/a>\u00a0<\/strong>(Lat. 43.94119, Long. 12.44254), gratuita, completa di servizi. Accesso pedonale, non accessibile in carrozzina, alla funivia Borgo Maggiore-San Marino.<br \/>\n <em>Per scoprire\u00a0le altre aree di sosta presenti nel territorio clicca su<strong>\u00a0<span class=\"s1\"><a href=\"https:\/\/www.camperonline.it\/_goToSite.asp?titolo=Visita%20il%20sito%20di%20camperonline%20il%20punto%20di%20arrivo&amp;urlsito=www.camperonline.it\/aree-sosta-camper.asp\">SOSTA \u2013 Aree di sosta camper<\/a>.<\/span><\/strong><\/em><\/p>\n","protected":false},"excerpt":{"rendered":"<p>San Marino, la pi\u00f9 antica Repubblica del mondo, gi\u00e0 a partire dal mese di novembre e per tutto il mese di dicembre propone un\u00a0ricco calendario di eventi\u00a0per grandi e piccini<\/p>\n","protected":false},"author":7,"featured_media":228893,"comment_status":"closed","ping_status":"open","sticky":false,"template":"","format":"standard","meta":{"ngg_post_thumbnail":0},"categories":[48],"tags":[3051,5032,3367,5034,5033,5031,2436,3301],"yoast_head":"<!-- This site is optimized with the Yoast SEO plugin v18.6 - https:\/\/yoast.com\/wordpress\/plugins\/seo\/ -->\n<title>San Marino ed il Natale delle Meraviglie 2016 - CamperOnLine Magazine<\/title>\n<meta name=\"description\" content=\"San Marino, la pi\u00f9 antica Repubblica del mondo, gi\u00e0 a partire dal mese di novembre e per tutto il mese di dicembre propone un\u00a0ricco calendario di\" \/>\n<meta name=\"robots\" content=\"index, follow, max-snippet:-1, max-image-preview:large, max-video-preview:-1\" \/>\n<link rel=\"canonical\" href=\"https:\/\/www.camperonline.it\/magazine\/2016\/11\/23\/san-marino-ed-il-natale-delle-meraviglie-2016\/\" \/>\n<meta property=\"og:locale\" content=\"it_IT\" \/>\n<meta property=\"og:type\" content=\"article\" \/>\n<meta property=\"og:title\" content=\"San Marino ed il Natale delle Meraviglie 2016 - CamperOnLine Magazine\" \/>\n<meta property=\"og:description\" content=\"San Marino, la pi\u00f9 antica Repubblica del mondo, gi\u00e0 a partire dal mese di novembre e per tutto il mese di dicembre propone un\u00a0ricco calendario di\" \/>\n<meta property=\"og:url\" content=\"https:\/\/www.camperonline.it\/magazine\/2016\/11\/23\/san-marino-ed-il-natale-delle-meraviglie-2016\/\" \/>\n<meta property=\"og:site_name\" content=\"CamperOnLine Magazine\" \/>\n<meta property=\"article:published_time\" content=\"2016-11-23T16:00:58+00:00\" \/>\n<meta property=\"article:modified_time\" content=\"2017-01-31T17:07:47+00:00\" \/>\n<meta property=\"og:image\" content=\"https:\/\/www.camperonline.it\/magazine\/wp-content\/uploads\/2016\/11\/natale-delel-meraviglie.jpg\" \/>\n\t<meta property=\"og:image:width\" content=\"640\" \/>\n\t<meta property=\"og:image:height\" content=\"397\" \/>\n\t<meta property=\"og:image:type\" content=\"image\/jpeg\" \/>\n<meta name=\"twitter:card\" content=\"summary_large_image\" \/>\n<script type=\"application\/ld+json\" class=\"yoast-schema-graph\">{\"@context\":\"https:\/\/schema.org\",\"@graph\":[{\"@type\":\"WebSite\",\"@id\":\"https:\/\/www.camperonline.it\/magazine\/#website\",\"url\":\"https:\/\/www.camperonline.it\/magazine\/\",\"name\":\"CamperOnLine Magazine\",\"description\":\"Viaggi in camper, test, video, destinazioni, vacanze\",\"potentialAction\":[{\"@type\":\"SearchAction\",\"target\":{\"@type\":\"EntryPoint\",\"urlTemplate\":\"https:\/\/www.camperonline.it\/magazine\/?s={search_term_string}\"},\"query-input\":\"required name=search_term_string\"}],\"inLanguage\":\"it-IT\"},{\"@type\":\"ImageObject\",\"@id\":\"https:\/\/www.camperonline.it\/magazine\/2016\/11\/23\/san-marino-ed-il-natale-delle-meraviglie-2016\/#primaryimage\",\"inLanguage\":\"it-IT\",\"url\":\"https:\/\/www.camperonline.it\/magazine\/wp-content\/uploads\/2016\/11\/natale-delel-meraviglie.jpg\",\"contentUrl\":\"https:\/\/www.camperonline.it\/magazine\/wp-content\/uploads\/2016\/11\/natale-delel-meraviglie.jpg\",\"width\":640,\"height\":397},{\"@type\":\"WebPage\",\"@id\":\"https:\/\/www.camperonline.it\/magazine\/2016\/11\/23\/san-marino-ed-il-natale-delle-meraviglie-2016\/#webpage\",\"url\":\"https:\/\/www.camperonline.it\/magazine\/2016\/11\/23\/san-marino-ed-il-natale-delle-meraviglie-2016\/\",\"name\":\"San Marino ed il Natale delle Meraviglie 2016 - CamperOnLine Magazine\",\"isPartOf\":{\"@id\":\"https:\/\/www.camperonline.it\/magazine\/#website\"},\"primaryImageOfPage\":{\"@id\":\"https:\/\/www.camperonline.it\/magazine\/2016\/11\/23\/san-marino-ed-il-natale-delle-meraviglie-2016\/#primaryimage\"},\"datePublished\":\"2016-11-23T16:00:58+00:00\",\"dateModified\":\"2017-01-31T17:07:47+00:00\",\"author\":{\"@id\":\"https:\/\/www.camperonline.it\/magazine\/#\/schema\/person\/a4203e9211946a344637c0a9efb517f5\"},\"description\":\"San Marino, la pi\u00f9 antica Repubblica del mondo, gi\u00e0 a partire dal mese di novembre e per tutto il mese di dicembre propone un\u00a0ricco calendario di\",\"breadcrumb\":{\"@id\":\"https:\/\/www.camperonline.it\/magazine\/2016\/11\/23\/san-marino-ed-il-natale-delle-meraviglie-2016\/#breadcrumb\"},\"inLanguage\":\"it-IT\",\"potentialAction\":[{\"@type\":\"ReadAction\",\"target\":[\"https:\/\/www.camperonline.it\/magazine\/2016\/11\/23\/san-marino-ed-il-natale-delle-meraviglie-2016\/\"]}]},{\"@type\":\"BreadcrumbList\",\"@id\":\"https:\/\/www.camperonline.it\/magazine\/2016\/11\/23\/san-marino-ed-il-natale-delle-meraviglie-2016\/#breadcrumb\",\"itemListElement\":[{\"@type\":\"ListItem\",\"position\":1,\"name\":\"Home\",\"item\":\"https:\/\/www.camperonline.it\/magazine\/\"},{\"@type\":\"ListItem\",\"position\":2,\"name\":\"San Marino ed il Natale delle Meraviglie 2016\"}]},{\"@type\":\"Person\",\"@id\":\"https:\/\/www.camperonline.it\/magazine\/#\/schema\/person\/a4203e9211946a344637c0a9efb517f5\",\"name\":\"Cinzia\",\"url\":\"https:\/\/www.camperonline.it\/magazine\/author\/cinzia\/\"}]}<\/script>\n<!-- \/ Yoast SEO plugin. -->","yoast_head_json":{"title":"San Marino ed il Natale delle Meraviglie 2016 - CamperOnLine Magazine","description":"San Marino, la pi\u00f9 antica Repubblica del mondo, gi\u00e0 a partire dal mese di novembre e per tutto il mese di dicembre propone un\u00a0ricco calendario di","robots":{"index":"index","follow":"follow","max-snippet":"max-snippet:-1","max-image-preview":"max-image-preview:large","max-video-preview":"max-video-preview:-1"},"canonical":"https:\/\/www.camperonline.it\/magazine\/2016\/11\/23\/san-marino-ed-il-natale-delle-meraviglie-2016\/","og_locale":"it_IT","og_type":"article","og_title":"San Marino ed il Natale delle Meraviglie 2016 - CamperOnLine Magazine","og_description":"San Marino, la pi\u00f9 antica Repubblica del mondo, gi\u00e0 a partire dal mese di novembre e per tutto il mese di dicembre propone un\u00a0ricco calendario di","og_url":"https:\/\/www.camperonline.it\/magazine\/2016\/11\/23\/san-marino-ed-il-natale-delle-meraviglie-2016\/","og_site_name":"CamperOnLine Magazine","article_published_time":"2016-11-23T16:00:58+00:00","article_modified_time":"2017-01-31T17:07:47+00:00","og_image":[{"width":640,"height":397,"url":"https:\/\/www.camperonline.it\/magazine\/wp-content\/uploads\/2016\/11\/natale-delel-meraviglie.jpg","type":"image\/jpeg"}],"twitter_card":"summary_large_image","schema":{"@context":"https:\/\/schema.org","@graph":[{"@type":"WebSite","@id":"https:\/\/www.camperonline.it\/magazine\/#website","url":"https:\/\/www.camperonline.it\/magazine\/","name":"CamperOnLine Magazine","description":"Viaggi in camper, test, video, destinazioni, vacanze","potentialAction":[{"@type":"SearchAction","target":{"@type":"EntryPoint","urlTemplate":"https:\/\/www.camperonline.it\/magazine\/?s={search_term_string}"},"query-input":"required name=search_term_string"}],"inLanguage":"it-IT"},{"@type":"ImageObject","@id":"https:\/\/www.camperonline.it\/magazine\/2016\/11\/23\/san-marino-ed-il-natale-delle-meraviglie-2016\/#primaryimage","inLanguage":"it-IT","url":"https:\/\/www.camperonline.it\/magazine\/wp-content\/uploads\/2016\/11\/natale-delel-meraviglie.jpg","contentUrl":"https:\/\/www.camperonline.it\/magazine\/wp-content\/uploads\/2016\/11\/natale-delel-meraviglie.jpg","width":640,"height":397},{"@type":"WebPage","@id":"https:\/\/www.camperonline.it\/magazine\/2016\/11\/23\/san-marino-ed-il-natale-delle-meraviglie-2016\/#webpage","url":"https:\/\/www.camperonline.it\/magazine\/2016\/11\/23\/san-marino-ed-il-natale-delle-meraviglie-2016\/","name":"San Marino ed il Natale delle Meraviglie 2016 - CamperOnLine Magazine","isPartOf":{"@id":"https:\/\/www.camperonline.it\/magazine\/#website"},"primaryImageOfPage":{"@id":"https:\/\/www.camperonline.it\/magazine\/2016\/11\/23\/san-marino-ed-il-natale-delle-meraviglie-2016\/#primaryimage"},"datePublished":"2016-11-23T16:00:58+00:00","dateModified":"2017-01-31T17:07:47+00:00","author":{"@id":"https:\/\/www.camperonline.it\/magazine\/#\/schema\/person\/a4203e9211946a344637c0a9efb517f5"},"description":"San Marino, la pi\u00f9 antica Repubblica del mondo, gi\u00e0 a partire dal mese di novembre e per tutto il mese di dicembre propone un\u00a0ricco calendario di","breadcrumb":{"@id":"https:\/\/www.camperonline.it\/magazine\/2016\/11\/23\/san-marino-ed-il-natale-delle-meraviglie-2016\/#breadcrumb"},"inLanguage":"it-IT","potentialAction":[{"@type":"ReadAction","target":["https:\/\/www.camperonline.it\/magazine\/2016\/11\/23\/san-marino-ed-il-natale-delle-meraviglie-2016\/"]}]},{"@type":"BreadcrumbList","@id":"https:\/\/www.camperonline.it\/magazine\/2016\/11\/23\/san-marino-ed-il-natale-delle-meraviglie-2016\/#breadcrumb","itemListElement":[{"@type":"ListItem","position":1,"name":"Home","item":"https:\/\/www.camperonline.it\/magazine\/"},{"@type":"ListItem","position":2,"name":"San Marino ed il Natale delle Meraviglie 2016"}]},{"@type":"Person","@id":"https:\/\/www.camperonline.it\/magazine\/#\/schema\/person\/a4203e9211946a344637c0a9efb517f5","name":"Cinzia","url":"https:\/\/www.camperonline.it\/magazine\/author\/cinzia\/"}]}},"_links":{"self":[{"href":"https:\/\/www.camperonline.it\/magazine\/wp-json\/wp\/v2\/posts\/228889"}],"collection":[{"href":"https:\/\/www.camperonline.it\/magazine\/wp-json\/wp\/v2\/posts"}],"about":[{"href":"https:\/\/www.camperonline.it\/magazine\/wp-json\/wp\/v2\/types\/post"}],"author":[{"embeddable":true,"href":"https:\/\/www.camperonline.it\/magazine\/wp-json\/wp\/v2\/users\/7"}],"replies":[{"embeddable":true,"href":"https:\/\/www.camperonline.it\/magazine\/wp-json\/wp\/v2\/comments?post=228889"}],"version-history":[{"count":0,"href":"https:\/\/www.camperonline.it\/magazine\/wp-json\/wp\/v2\/posts\/228889\/revisions"}],"wp:featuredmedia":[{"embeddable":true,"href":"https:\/\/www.camperonline.it\/magazine\/wp-json\/wp\/v2\/media\/228893"}],"wp:attachment":[{"href":"https:\/\/www.camperonline.it\/magazine\/wp-json\/wp\/v2\/media?parent=228889"}],"wp:term":[{"taxonomy":"category","embeddable":true,"href":"https:\/\/www.camperonline.it\/magazine\/wp-json\/wp\/v2\/categories?post=228889"},{"taxonomy":"post_tag","embeddable":true,"href":"https:\/\/www.camperonline.it\/magazine\/wp-json\/wp\/v2\/tags?post=228889"}],"curies":[{"name":"wp","href":"https:\/\/api.w.org\/{rel}","templated":true}]}}