{"id":286149,"date":"2018-12-06T15:05:42","date_gmt":"2018-12-06T14:05:42","guid":{"rendered":"https:\/\/www.camperonline.it\/magazine\/?p=286149"},"modified":"2018-12-06T15:08:28","modified_gmt":"2018-12-06T14:08:28","slug":"un-tour-fra-i-presepi-di-rimini","status":"publish","type":"post","link":"https:\/\/www.camperonline.it\/magazine\/2018\/12\/06\/un-tour-fra-i-presepi-di-rimini\/","title":{"rendered":"Un tour fra i Presepi di Rimini&#8230;"},"content":{"rendered":"<p><a href=\"https:\/\/www.camperonline.it\/magazine\/2018\/12\/06\/un-tour-fra-i-presepi-di-rimini\/rimini\/\" rel=\"attachment wp-att-286150\"><img loading=\"lazy\" class=\"wp-image-286150 size-full aligncenter\" src=\"https:\/\/www.camperonline.it\/magazine\/wp-content\/uploads\/2018\/12\/rimini-e1544103612652.jpg\" alt=\"\" width=\"700\" height=\"95\" \/><\/a>Dall&#8217;<strong>8 dicembre al 13 gennaio 2019\u00a0<\/strong><span class=\"\">un tour fra i Presepi di Rimini,\u00a0<\/span><span class=\"\">da quelli di sabbia a quelli sott&#8217;acqua, fino a quelli da tutto il mondo da scoprire dentro al Castello e tantissimi altri imperdibili appuntamenti.<\/span><!--more--><\/p>\n<div class=\"\"><span class=\"\"><strong class=\"\">Presepe di sabbia a Marina Centro <\/strong>(<b class=\"\"><span style=\"font-weight: 400;\">Rimini, spiaggia Marina Centro, bagni 3 &#8211; 4 Turquoise Beach Club)<\/span><br class=\"\" \/><br \/>\n<strong class=\"\">La vita \u00e8 un&#8217;opera d&#8217;arte<\/strong><\/b><br class=\"\" \/><br \/>\nSempre pi\u00f9 grande e in una nuova zona della spiaggia di Rimini, il Presepe di Sabbia di Marina Centro si estende su una vasta area coperta di 900mq. Qui come ogni anno si ripete la rievocazione artistica della Nativit\u00e0 attraverso la magia della sabbia.<br class=\"\" \/><br \/>\nBasta entrare per immergersi in una magica atmosfera in cui suggestione e bellezza colpiscono la fantasia di chi ammira il non convenzionale presepe con gruppi scultorei a grandezza naturale, creato da abili artisti della sabbia. Un presepe in perfetto stile classico a cui si aggiungono blocchi scultorei, dai riferimenti storici e di attualit\u00e0 per un viaggio nel tempo presentato dalle guide che accompagnano il visitatore durante il percorso spiegando tutte le fasi della costruzione e le tematiche delle sculture.<br class=\"\" \/><br \/>\nL&#8217;area ospita anche un colorato e vivace mercatino di artigianato con prodotti natalizi.<br class=\"\" \/><br \/>\nOrario Villaggio: da luned\u00ec a venerd\u00ec 14:30 \u2013 19:00; festivi e prefestivi: 9:30 \u2013 20:00<br class=\"\" \/><br \/>\nApertura vacanze di Natale dal 22 dicembre al 6 gennaio 2019: 09:<\/span><span class=\"\">30 &#8211; 20:00<br class=\"\" \/><br \/>\nIngresso gruppi e scolaresche: 10:30 &#8211; 12:30 tutti i giorni solo su prenotazione<br class=\"\" \/><br \/>\nIngresso Presepe:\u00a0<\/span>\u20ac2 (escluso bambini al di sotto di cm 120)<\/div>\n<div class=\"\"><span class=\"\">Info: 331 5224196 &#8211; 338 6616407 <a class=\"\" href=\"http:\/\/www-icevillagerimini.it\/\">www-icevillagerimini.it<\/a> &#8211; info@presepedisabbiarimini.it<\/span><\/div>\n<div><a href=\"https:\/\/www.camperonline.it\/magazine\/2018\/12\/06\/un-tour-fra-i-presepi-di-rimini\/1ass-turismo-presepe-di-sabbia_ric4791\/\" rel=\"attachment wp-att-286155\"><img loading=\"lazy\" class=\"size-full wp-image-286155 aligncenter\" src=\"https:\/\/www.camperonline.it\/magazine\/wp-content\/uploads\/2018\/12\/1Ass-Turismo-Presepe-di-Sabbia_RIC4791-e1544104606213.jpg\" alt=\"\" width=\"500\" height=\"355\" \/><\/a><\/div>\n<div>\u00a0<\/div>\n<div class=\"\"><span class=\"\"><strong class=\"\">Presepe di sabbia a Torre Pedrera (<\/strong>8 dicembre 2018 \u2013 13 gennaio 2019. Rimini &#8211; spiaggia di Torre Pedrera, altezza bagno 65)<br class=\"\" \/><br \/>\nAnche quest\u2019anno sulla spiaggia presso il bagno 65 di Torre Pedrera splendide sculture di sabbia sono create grazie al\u00a0lavoro degli artisti della sabbia\u00a0diretti e coordinati dal Comitato turistico di Torre Pedrera. Alla sua dodicesima edizione il presepe, realizzato interamente con sabbia e acqua, la stessa con cui giocano i bambini d&#8217;estate, sar\u00e0 proprio dedicato a loro. Dalle scene del presepe tradizionale, spunteranno i personaggi dei fumetti. A fianco del presepe, un&#8217;altra struttura accoglie un caratteristico mercatino con prodotti natalizi.<br class=\"\" \/><br \/>\nNel periodo delle festivit\u00e0 natalizie si terranno le consuete tombole sulla spiaggia, non mancher\u00e0 l&#8217;animazione con Babbo natale e la Befana.\u00a0<br class=\"\" \/><br \/>\nOrario:\u00a0tutti i giorni\u00a0dalle 9:15 alle 12:45 e dalle 14:30 alle 17:45. Ingresso libero.<br class=\"\" \/><br \/>\nAperture straordinarie prolungate durante le festivit\u00e0. Info: whatsapp 348 8702312<br class=\"\" \/><br \/>\nFacebook\/Instagram: presepedisabbiatorrepedrera\u00a0<\/span><\/div>\n<div>\u00a0<\/div>\n<div><a href=\"https:\/\/www.camperonline.it\/magazine\/2018\/12\/06\/un-tour-fra-i-presepi-di-rimini\/ass-turismo-presepe-di-sabbia_ric4793\/\" rel=\"attachment wp-att-286156\"><img loading=\"lazy\" class=\"size-full wp-image-286156 aligncenter\" src=\"https:\/\/www.camperonline.it\/magazine\/wp-content\/uploads\/2018\/12\/Ass-Turismo-Presepe-di-Sabbia_RIC4793-e1544104727744.jpg\" alt=\"\" width=\"500\" height=\"314\" \/><\/a><\/div>\n<div class=\"\"><span class=\"\"><strong class=\"\">Natale al Castello: la solidariet\u00e0 nel cuore della citt\u00e0<\/strong><b class=\"\"><br class=\"\" \/><br \/>\n<strong class=\"\">16\u00b0 Mostra dei Presepi dal Mondo\u00a0<\/strong><\/b><\/span><span class=\"\">(dal 1\u00b0 dicembre 2018 al 6 gennaio 2019 Rimini, Castel Sismondo &#8211; Piazza Malatesta)<br class=\"\" \/><br \/>\nUna mostra di presepi unici ed originali realizzati in maniera artigianale dalle comunit\u00e0 migranti che risiedono nel territorio riminese e da artisti locali.<br class=\"\" \/><br \/>\nNelle sale di Castel Sismondo, il tema della Mostra sar\u00e0 \u201cViaggiare, incontrare, narrare\u201d. Il viaggio come movimento necessario per uscire da s\u00e9 stessi e incontrare l\u2019altro, un\u2019altra cultura, un altro modo di vivere la fede, un altro paese. Ogni incontro con l\u2019altro, che \u00e8 sempre diverso da me, \u00e8 fonte di ricchezza e crescita reciproca. Incontro per capire non solo ci\u00f2 che io posso dare, ma anche \u00e8 soprattutto ci\u00f2 che posso ricevere. Dunque, non solo una Mostra da vedere, ma un viaggio da fare per incontrare le varie comunit\u00e0 di immigrati che hanno preparato il loro presepe, ascoltare le loro storie, le favole che raccontano ai loro bambini, assaggiare i loro cibi. La mostra sar\u00e0 inaugurata dal Vescovo Francesco.<br class=\"\" \/><br \/>\n\u00c8 possibile prenotare visite guidate rivolgendosi a: migrantes\u00a9diocesi.rimini.it \u2013\u00a0 cell. 329 9537234<br class=\"\" \/><br \/>\nOrario: tutti i giorni\u00a0 9:30 \u2013 12:30\u00a0\u00a0 15:30 \u2013 19:00.<\/span><\/div>\n<div>\u00a0<\/div>\n<div><a href=\"https:\/\/www.camperonline.it\/magazine\/2018\/12\/06\/un-tour-fra-i-presepi-di-rimini\/3ingressocastelsismondo\/\" rel=\"attachment wp-att-286153\"><img loading=\"lazy\" class=\"size-full wp-image-286153 aligncenter\" src=\"https:\/\/www.camperonline.it\/magazine\/wp-content\/uploads\/2018\/12\/3ingressocastelsismondo-e1544104375729.jpg\" alt=\"\" width=\"500\" height=\"361\" \/><\/a><\/div>\n<div class=\"\"><span class=\"\"><strong class=\"\">Presepe luminoso, addobbi ed Epifania sul Ponte dei Miracoli <\/strong>(8 dicembre 2018 \u2013 6 gennaio 2019. Rimini, ponte della Resistenza &#8211; Ponte dei Miracoli, San Giuliano Mare)<br class=\"\" \/><br \/>\nIl ponte della Resistenza, dove si dice che Sant\u2019Antonio predic\u00f2 ai pesci, viene addobbato per tutto il periodo natalizio con cappe sante, simbolo dei Cristiani, decorate con frasi bene augurali in oltre 60 lingue, un&#8217;iniziativa multiculturale in ricordo di Davide Farinella. La via Coletti, chiamata &#8220;La via luminosa&#8221;, conduce alla Sacra Famiglia fra gli Angeli del Ponte e le figure stilizzate dei Re Magi, realizzati da Salvatore Federici.<br class=\"\" \/><br \/>\nMomento clou dell\u2019iniziativa sar\u00e0 domenica 6 gennaio con la <strong class=\"\">Sacra Rappresentazione della Nativit\u00e0 con corteo navale<\/strong>\u00a0(Info:\u00a0 Associazione Ponte dei Miracoli).<\/span><\/div>\n<div>\u00a0<\/div>\n<div class=\"\"><span class=\"\"><strong class=\"\">Presepe artigianale: l&#8217;opera meccanica di Alberto Minelli <\/strong>(8 dicembre 2018 &#8211; 7 gennaio 2019. Rimini, via Maffei, 11)<br class=\"\" \/><br \/>\nIl signor Alberto Minelli apre la sua abitazione a chi volesse visitare il presepe gigante interamente realizzato a mano, utilizzando legno, muschio e altri materiali.<br class=\"\" \/><br \/>\nOrario: sabato, domenica o, nei giorni feriali, dopo le ore 17:30. Possibilit\u00e0 di concordare la visita.<br class=\"\" \/><br \/>\nInfo: 0541 390693 (info ore pasti); 320 6920653.<\/span><\/div>\n<div>\u00a0<\/div>\n<div class=\"\"><span class=\"\"><b class=\"\">Presepe vivente in centro storico <\/b>(16 dicembre 2018. Rimini centro storico)<br class=\"\" \/><br \/>\nIl Presepe vivente \u00e8 un gesto di memoria che da anni le scuole gestite dalla Karis Foundation propongono a tutta la citt\u00e0 e i suoi ospiti. Inizia intorno alle ore 16:00 con l\u2019allestimento dei quadri viventi nei pressi dell\u2019Arco d\u2019Augusto in un percorso di meditazione e contemplazione del Mistero della Nativit\u00e0 nelle vie in centro storico.\u00a0 <br class=\"\" \/><br \/>\nInfo:\u00a0 0541 375002 &#8211; 0541 375813<\/span><\/div>\n<div>\u00a0<\/div>\n<div class=\"\"><span class=\"\"><strong class=\"\">Presepe Vivente a Miramare &#8211; XVl\u00a0edizione <\/strong>(<b class=\"\"><span style=\"font-weight: 400;\">15 dicembre 2017.\u00a0<\/span><span style=\"font-weight: 400;\">Rimini, Miramare)<\/span><br class=\"\" \/><br \/>\n<strong class=\"\">&#8216;Alzati, Giuseppe!&#8217;<\/strong><\/b><br class=\"\" \/><br \/>\nLa rappresentazione si svolger\u00e0 per le vie del quartiere con gli alunni, i genitori e gli insegnanti dell\u2019Istituto Comprensivo Miramare e\u00a0della scuola dell&#8217;infanzia &#8220;Don Domenico Masi&#8221;, in collaborazione con il gruppo scout &#8220;Lupetti&#8221;\u00a0e la parrocchia di Miramare.\u00a0Il percorso riprende il cammino dei Re Magi, con la meraviglia che anima i personaggi del presepe tradizionale di cui San Francesco \u00e8 stato l&#8217;inventore.\u00a0Sulle orme di Giuseppe di Nazareth il Presepe Vivente di Miramare sfida i \u201ctempi difficili\u201d, per rilanciare un messaggio di speranza\u00a0e fecondit\u00e0.\u00a0<br class=\"\" \/><br \/>\nInizio alle ore 15:00.\u00a0 Info: <a class=\"\" href=\"http:\/\/www.presepemiramare.it\/\">www.presepemiramare.it<\/a><\/span><\/div>\n<div>\u00a0<\/div>\n<div class=\"\"><span class=\"\"><span class=\"\"><strong class=\"\">Presepe Vivente nel Borgo Sant&#8217;Andrea <\/strong>(23 dicembre 2018. Rimini, Borgo Sant&#8217;Andrea)<br class=\"\" \/><br \/>\nOltre 150 figuranti per il presepe vivente del Borgo Sant&#8217;Andrea a cui partecipano i bambini e gli adulti della comunit\u00e0 del quartiere. Il tema di quest&#8217;anno\u00a0\u00e8 ispirato a San Francesco, inventore del presepe. La rappresentazione\u00a0si svolge nell&#8217;area di piazza Mazzini alle ore\u00a0 15:00. Info:\u00a0<\/span><\/span>0541 782212 (Parrocchia di San Gaudenzio).<\/div>\n<div><a href=\"https:\/\/www.camperonline.it\/magazine\/2018\/12\/06\/un-tour-fra-i-presepi-di-rimini\/2uff-stampa-ass-turismo-luci-natale_ric3280\/\" rel=\"attachment wp-att-286157\"><img loading=\"lazy\" class=\"size-full wp-image-286157 aligncenter\" src=\"https:\/\/www.camperonline.it\/magazine\/wp-content\/uploads\/2018\/12\/2Uff-Stampa-Ass-Turismo-Luci-Natale_RIC3280-e1544105069245.jpg\" alt=\"\" width=\"500\" height=\"334\" \/><\/a><\/div>\n<div><strong class=\"\">Epifania sul Ponte (<\/strong>6 gennaio 2019. Rimini, ponte della Resistenza)<br class=\"\" \/><br \/>\nSacra Rappresentazione della Nativit\u00e0 e corteo navale con i Re Magi, che, a bordo di imbarcazioni, portano i doni alla barca del Bambino Ges\u00f9. L\u2019evento, accompagnato da canti e fontane luminose, \u00e8 realizzato dall\u2019Associazione Ponte dei Miracoli in collaborazione con le associazione della marineria di Rimini. A conclusione, la Parrocchia di San Giuseppe al Porto offre vin brul\u00e9 e ciambella. Ore 16:00 circa.<br \/>\n<span class=\"\">Da non dimenticare i\u00a0presepi viventi\u00a0che hanno luogo\u00a0sulle\u00a0splendide colline di Rimini, come quello di Montefiore e di Montescudo, dove i Borghi Medioevali diventano teatro naturale della rappresentazione della Nativit\u00e0.\u00a0 <\/span><\/div>\n<div class=\"\"><span class=\"\"><br \/>\n<\/span>Per saperne di pi\u00f9 sui vari appuntamenti tel + 39 0541 704561 &#8211;\u00a0turismoufficiostampa@comune.rimini.it &#8211;\u00a0\u00a0<a href=\"http:\/\/www.riminiturismo.it\/\">www.riminiturismo.it<\/a><\/div>\n<p><strong>Per conoscere\u00a0le aree di sosta della zona\u00a0clicca su\u00a0<a href=\"https:\/\/www.camperonline.it\/area_di_sosta_italia.asp\" target=\"_blank\" rel=\"noopener\"><span class=\"s1\">SOSTA \u2013 Aree di sosta camper.<\/span><\/a><\/strong>\u00a0<\/p>\n","protected":false},"excerpt":{"rendered":"<p>Dall&#8217;8 dicembre al 13 gennaio 2019\u00a0un tour fra i Presepi di Rimini,\u00a0da quelli di sabbia a quelli sott&#8217;acqua, fino a quelli da tutto il mondo da scoprire dentro al Castello e tantissimi altri imperdibili appuntamenti.<\/p>\n","protected":false},"author":7,"featured_media":286153,"comment_status":"closed","ping_status":"open","sticky":false,"template":"","format":"standard","meta":{"ngg_post_thumbnail":0},"categories":[48],"tags":[5721,3149,4390,2442,3106,5720],"yoast_head":"<!-- This site is optimized with the Yoast SEO plugin v18.6 - https:\/\/yoast.com\/wordpress\/plugins\/seo\/ -->\n<title>Un tour fra i Presepi di Rimini... - CamperOnLine Magazine<\/title>\n<meta name=\"description\" content=\"Dall&#039;8 dicembre al 13 gennaio 2019\u00a0un tour fra i Presepi di Rimini,\u00a0da quelli di sabbia a quelli sott&#039;acqua, fino a quelli da tutto il mondo da scoprire\" \/>\n<meta name=\"robots\" content=\"index, follow, max-snippet:-1, max-image-preview:large, max-video-preview:-1\" \/>\n<link rel=\"canonical\" href=\"https:\/\/www.camperonline.it\/magazine\/2018\/12\/06\/un-tour-fra-i-presepi-di-rimini\/\" \/>\n<meta property=\"og:locale\" content=\"it_IT\" \/>\n<meta property=\"og:type\" content=\"article\" \/>\n<meta property=\"og:title\" content=\"Un tour fra i Presepi di Rimini... - CamperOnLine Magazine\" \/>\n<meta property=\"og:description\" content=\"Dall&#039;8 dicembre al 13 gennaio 2019\u00a0un tour fra i Presepi di Rimini,\u00a0da quelli di sabbia a quelli sott&#039;acqua, fino a quelli da tutto il mondo da scoprire\" \/>\n<meta property=\"og:url\" content=\"https:\/\/www.camperonline.it\/magazine\/2018\/12\/06\/un-tour-fra-i-presepi-di-rimini\/\" \/>\n<meta property=\"og:site_name\" content=\"CamperOnLine Magazine\" \/>\n<meta property=\"article:published_time\" content=\"2018-12-06T14:05:42+00:00\" \/>\n<meta property=\"article:modified_time\" content=\"2018-12-06T14:08:28+00:00\" \/>\n<meta property=\"og:image\" content=\"https:\/\/www.camperonline.it\/magazine\/wp-content\/uploads\/2018\/12\/3ingressocastelsismondo-e1544104375729.jpg\" \/>\n\t<meta property=\"og:image:width\" content=\"500\" \/>\n\t<meta property=\"og:image:height\" content=\"361\" \/>\n\t<meta property=\"og:image:type\" content=\"image\/jpeg\" \/>\n<meta name=\"twitter:card\" content=\"summary_large_image\" \/>\n<script type=\"application\/ld+json\" class=\"yoast-schema-graph\">{\"@context\":\"https:\/\/schema.org\",\"@graph\":[{\"@type\":\"WebSite\",\"@id\":\"https:\/\/www.camperonline.it\/magazine\/#website\",\"url\":\"https:\/\/www.camperonline.it\/magazine\/\",\"name\":\"CamperOnLine Magazine\",\"description\":\"Viaggi in camper, test, video, destinazioni, vacanze\",\"potentialAction\":[{\"@type\":\"SearchAction\",\"target\":{\"@type\":\"EntryPoint\",\"urlTemplate\":\"https:\/\/www.camperonline.it\/magazine\/?s={search_term_string}\"},\"query-input\":\"required name=search_term_string\"}],\"inLanguage\":\"it-IT\"},{\"@type\":\"ImageObject\",\"@id\":\"https:\/\/www.camperonline.it\/magazine\/2018\/12\/06\/un-tour-fra-i-presepi-di-rimini\/#primaryimage\",\"inLanguage\":\"it-IT\",\"url\":\"https:\/\/www.camperonline.it\/magazine\/wp-content\/uploads\/2018\/12\/3ingressocastelsismondo-e1544104375729.jpg\",\"contentUrl\":\"https:\/\/www.camperonline.it\/magazine\/wp-content\/uploads\/2018\/12\/3ingressocastelsismondo-e1544104375729.jpg\",\"width\":500,\"height\":361},{\"@type\":\"WebPage\",\"@id\":\"https:\/\/www.camperonline.it\/magazine\/2018\/12\/06\/un-tour-fra-i-presepi-di-rimini\/#webpage\",\"url\":\"https:\/\/www.camperonline.it\/magazine\/2018\/12\/06\/un-tour-fra-i-presepi-di-rimini\/\",\"name\":\"Un tour fra i Presepi di Rimini... - CamperOnLine Magazine\",\"isPartOf\":{\"@id\":\"https:\/\/www.camperonline.it\/magazine\/#website\"},\"primaryImageOfPage\":{\"@id\":\"https:\/\/www.camperonline.it\/magazine\/2018\/12\/06\/un-tour-fra-i-presepi-di-rimini\/#primaryimage\"},\"datePublished\":\"2018-12-06T14:05:42+00:00\",\"dateModified\":\"2018-12-06T14:08:28+00:00\",\"author\":{\"@id\":\"https:\/\/www.camperonline.it\/magazine\/#\/schema\/person\/a4203e9211946a344637c0a9efb517f5\"},\"description\":\"Dall'8 dicembre al 13 gennaio 2019\u00a0un tour fra i Presepi di Rimini,\u00a0da quelli di sabbia a quelli sott'acqua, fino a quelli da tutto il mondo da scoprire\",\"breadcrumb\":{\"@id\":\"https:\/\/www.camperonline.it\/magazine\/2018\/12\/06\/un-tour-fra-i-presepi-di-rimini\/#breadcrumb\"},\"inLanguage\":\"it-IT\",\"potentialAction\":[{\"@type\":\"ReadAction\",\"target\":[\"https:\/\/www.camperonline.it\/magazine\/2018\/12\/06\/un-tour-fra-i-presepi-di-rimini\/\"]}]},{\"@type\":\"BreadcrumbList\",\"@id\":\"https:\/\/www.camperonline.it\/magazine\/2018\/12\/06\/un-tour-fra-i-presepi-di-rimini\/#breadcrumb\",\"itemListElement\":[{\"@type\":\"ListItem\",\"position\":1,\"name\":\"Home\",\"item\":\"https:\/\/www.camperonline.it\/magazine\/\"},{\"@type\":\"ListItem\",\"position\":2,\"name\":\"Un tour fra i Presepi di Rimini&#8230;\"}]},{\"@type\":\"Person\",\"@id\":\"https:\/\/www.camperonline.it\/magazine\/#\/schema\/person\/a4203e9211946a344637c0a9efb517f5\",\"name\":\"Cinzia\",\"url\":\"https:\/\/www.camperonline.it\/magazine\/author\/cinzia\/\"}]}<\/script>\n<!-- \/ Yoast SEO plugin. -->","yoast_head_json":{"title":"Un tour fra i Presepi di Rimini... - CamperOnLine Magazine","description":"Dall'8 dicembre al 13 gennaio 2019\u00a0un tour fra i Presepi di Rimini,\u00a0da quelli di sabbia a quelli sott'acqua, fino a quelli da tutto il mondo da scoprire","robots":{"index":"index","follow":"follow","max-snippet":"max-snippet:-1","max-image-preview":"max-image-preview:large","max-video-preview":"max-video-preview:-1"},"canonical":"https:\/\/www.camperonline.it\/magazine\/2018\/12\/06\/un-tour-fra-i-presepi-di-rimini\/","og_locale":"it_IT","og_type":"article","og_title":"Un tour fra i Presepi di Rimini... - CamperOnLine Magazine","og_description":"Dall'8 dicembre al 13 gennaio 2019\u00a0un tour fra i Presepi di Rimini,\u00a0da quelli di sabbia a quelli sott'acqua, fino a quelli da tutto il mondo da scoprire","og_url":"https:\/\/www.camperonline.it\/magazine\/2018\/12\/06\/un-tour-fra-i-presepi-di-rimini\/","og_site_name":"CamperOnLine Magazine","article_published_time":"2018-12-06T14:05:42+00:00","article_modified_time":"2018-12-06T14:08:28+00:00","og_image":[{"width":500,"height":361,"url":"https:\/\/www.camperonline.it\/magazine\/wp-content\/uploads\/2018\/12\/3ingressocastelsismondo-e1544104375729.jpg","type":"image\/jpeg"}],"twitter_card":"summary_large_image","schema":{"@context":"https:\/\/schema.org","@graph":[{"@type":"WebSite","@id":"https:\/\/www.camperonline.it\/magazine\/#website","url":"https:\/\/www.camperonline.it\/magazine\/","name":"CamperOnLine Magazine","description":"Viaggi in camper, test, video, destinazioni, vacanze","potentialAction":[{"@type":"SearchAction","target":{"@type":"EntryPoint","urlTemplate":"https:\/\/www.camperonline.it\/magazine\/?s={search_term_string}"},"query-input":"required name=search_term_string"}],"inLanguage":"it-IT"},{"@type":"ImageObject","@id":"https:\/\/www.camperonline.it\/magazine\/2018\/12\/06\/un-tour-fra-i-presepi-di-rimini\/#primaryimage","inLanguage":"it-IT","url":"https:\/\/www.camperonline.it\/magazine\/wp-content\/uploads\/2018\/12\/3ingressocastelsismondo-e1544104375729.jpg","contentUrl":"https:\/\/www.camperonline.it\/magazine\/wp-content\/uploads\/2018\/12\/3ingressocastelsismondo-e1544104375729.jpg","width":500,"height":361},{"@type":"WebPage","@id":"https:\/\/www.camperonline.it\/magazine\/2018\/12\/06\/un-tour-fra-i-presepi-di-rimini\/#webpage","url":"https:\/\/www.camperonline.it\/magazine\/2018\/12\/06\/un-tour-fra-i-presepi-di-rimini\/","name":"Un tour fra i Presepi di Rimini... - CamperOnLine Magazine","isPartOf":{"@id":"https:\/\/www.camperonline.it\/magazine\/#website"},"primaryImageOfPage":{"@id":"https:\/\/www.camperonline.it\/magazine\/2018\/12\/06\/un-tour-fra-i-presepi-di-rimini\/#primaryimage"},"datePublished":"2018-12-06T14:05:42+00:00","dateModified":"2018-12-06T14:08:28+00:00","author":{"@id":"https:\/\/www.camperonline.it\/magazine\/#\/schema\/person\/a4203e9211946a344637c0a9efb517f5"},"description":"Dall'8 dicembre al 13 gennaio 2019\u00a0un tour fra i Presepi di Rimini,\u00a0da quelli di sabbia a quelli sott'acqua, fino a quelli da tutto il mondo da scoprire","breadcrumb":{"@id":"https:\/\/www.camperonline.it\/magazine\/2018\/12\/06\/un-tour-fra-i-presepi-di-rimini\/#breadcrumb"},"inLanguage":"it-IT","potentialAction":[{"@type":"ReadAction","target":["https:\/\/www.camperonline.it\/magazine\/2018\/12\/06\/un-tour-fra-i-presepi-di-rimini\/"]}]},{"@type":"BreadcrumbList","@id":"https:\/\/www.camperonline.it\/magazine\/2018\/12\/06\/un-tour-fra-i-presepi-di-rimini\/#breadcrumb","itemListElement":[{"@type":"ListItem","position":1,"name":"Home","item":"https:\/\/www.camperonline.it\/magazine\/"},{"@type":"ListItem","position":2,"name":"Un tour fra i Presepi di Rimini&#8230;"}]},{"@type":"Person","@id":"https:\/\/www.camperonline.it\/magazine\/#\/schema\/person\/a4203e9211946a344637c0a9efb517f5","name":"Cinzia","url":"https:\/\/www.camperonline.it\/magazine\/author\/cinzia\/"}]}},"_links":{"self":[{"href":"https:\/\/www.camperonline.it\/magazine\/wp-json\/wp\/v2\/posts\/286149"}],"collection":[{"href":"https:\/\/www.camperonline.it\/magazine\/wp-json\/wp\/v2\/posts"}],"about":[{"href":"https:\/\/www.camperonline.it\/magazine\/wp-json\/wp\/v2\/types\/post"}],"author":[{"embeddable":true,"href":"https:\/\/www.camperonline.it\/magazine\/wp-json\/wp\/v2\/users\/7"}],"replies":[{"embeddable":true,"href":"https:\/\/www.camperonline.it\/magazine\/wp-json\/wp\/v2\/comments?post=286149"}],"version-history":[{"count":0,"href":"https:\/\/www.camperonline.it\/magazine\/wp-json\/wp\/v2\/posts\/286149\/revisions"}],"wp:featuredmedia":[{"embeddable":true,"href":"https:\/\/www.camperonline.it\/magazine\/wp-json\/wp\/v2\/media\/286153"}],"wp:attachment":[{"href":"https:\/\/www.camperonline.it\/magazine\/wp-json\/wp\/v2\/media?parent=286149"}],"wp:term":[{"taxonomy":"category","embeddable":true,"href":"https:\/\/www.camperonline.it\/magazine\/wp-json\/wp\/v2\/categories?post=286149"},{"taxonomy":"post_tag","embeddable":true,"href":"https:\/\/www.camperonline.it\/magazine\/wp-json\/wp\/v2\/tags?post=286149"}],"curies":[{"name":"wp","href":"https:\/\/api.w.org\/{rel}","templated":true}]}}