{"id":309753,"date":"2020-07-25T11:08:54","date_gmt":"2020-07-25T09:08:54","guid":{"rendered":"https:\/\/www.camperonline.it\/magazine\/?p=309753"},"modified":"2020-09-21T09:22:43","modified_gmt":"2020-09-21T07:22:43","slug":"anteprime-2021-rapido","status":"publish","type":"post","link":"https:\/\/www.camperonline.it\/magazine\/2020\/07\/25\/anteprime-2021-rapido\/","title":{"rendered":"Anteprime 2021: Rapido"},"content":{"rendered":"<h2><img loading=\"lazy\" class=\"aligncenter size-full wp-image-309790\" src=\"https:\/\/www.camperonline.it\/magazine\/wp-content\/uploads\/2020\/07\/COVER-2.jpg\" alt=\"\" width=\"630\" height=\"354\" srcset=\"https:\/\/www.camperonline.it\/magazine\/wp-content\/uploads\/2020\/07\/COVER-2.jpg 630w, https:\/\/www.camperonline.it\/magazine\/wp-content\/uploads\/2020\/07\/COVER-2-300x169.jpg 300w\" sizes=\"(max-width: 630px) 100vw, 630px\" \/><\/h2>\n<h2>Una stagione all\u2019insegna della crescita: oltre a presentare una nuova gamma di profilati compatti, il 2021 di Rapido \u00e8 segnato da un ampliamento la propria offerta di Van, di veicoli in edizione Ultimate Line e una completa ridefinizione degli interni con nuove essenze e aggiornamenti in fatto di ergonomia e funzionalit\u00e0<\/h2>\n<p><!--more--><\/p>\n<p>Con il consueto e riconosciuto savoire faire, <strong>Rapido<\/strong> si presenta al via della stagione 2021 con importanti novit\u00e0 ed evoluzioni all\u2019interno della propria variegata offerta: da nuove finiture e soluzioni dedicate agli arredi interni a modelli e gamme completamente inediti. Protagonista principale \u00e8 la nuova <strong>serie \u201cC<\/strong>\u201d, una gamma di profilati compatti allestiti sulla base meccanica del Fiat Ducato con motorizzazione di partenza da 2.3 litri e 140 cv, la cui caratteristica saliente \u00e8 una larghezza particolarmente contenuta pari, con esattezza, a 217 cm. Il look esterno della nuova <strong>serie &#8220;C&#8221;<\/strong> \u00e8 contraddistinto dalla presenza di uno SkyView, inserito nel cupolino, composto da un vetro stratificato arrotondato con trattamento anti-UV e tendina parasole integrata. Per limitare la dispersione di calore, il tetto \u00e8 poi riscaldato attraverso un condotto di riscaldamento dedicato.&nbsp;<\/p>\n<p><img loading=\"lazy\" class=\"aligncenter size-full wp-image-309792\" src=\"https:\/\/www.camperonline.it\/magazine\/wp-content\/uploads\/2020\/07\/14-RAPIDO-C56.jpg\" alt=\"\" width=\"630\" height=\"418\" srcset=\"https:\/\/www.camperonline.it\/magazine\/wp-content\/uploads\/2020\/07\/14-RAPIDO-C56.jpg 630w, https:\/\/www.camperonline.it\/magazine\/wp-content\/uploads\/2020\/07\/14-RAPIDO-C56-300x199.jpg 300w\" sizes=\"(max-width: 630px) 100vw, 630px\" \/><\/p>\n<p><img loading=\"lazy\" class=\"aligncenter size-full wp-image-309796\" src=\"https:\/\/www.camperonline.it\/magazine\/wp-content\/uploads\/2020\/07\/24-RAPIDO-C56.jpg\" alt=\"\" width=\"630\" height=\"419\" srcset=\"https:\/\/www.camperonline.it\/magazine\/wp-content\/uploads\/2020\/07\/24-RAPIDO-C56.jpg 630w, https:\/\/www.camperonline.it\/magazine\/wp-content\/uploads\/2020\/07\/24-RAPIDO-C56-300x200.jpg 300w\" sizes=\"(max-width: 630px) 100vw, 630px\" \/><\/p>\n<p>Dei tre modelli che compongono l\u2019offerta, fanno il loro esordio assoluto i due che si collocano ai suoi estremi. Il pi\u00f9 compatto prende il nome di <strong>Rapido C56<\/strong> e, nonostante la lunghezza complessiva contenuta in 599 cm, offre al suo interno spazi ariosi, ben fruibili e abitabili ed \u00e8 caratterizzato da una zona notte con letto matrimoniale longitudinale alla francese. Particolarmente interessante \u00e8 la soluzione adottata per quest\u2019ultimo che prevede una prolunga estraibile e una porzione di materasso ripiegabile, che consentono di non essere penalizzati dall&#8217;angolo rastremato che normalmente caratterizza questa tipologia di letto. Una soluzione, questa, che anche durate l\u2019utilizzo consente di poter accedere senza particolari complicanze al vano toilette posizionato lateralmente e provvisto al suo interno di wc fisso posizionato nel fondo del locale e doccia parzialmente separabile.<\/p>\n<p><img loading=\"lazy\" class=\"aligncenter size-full wp-image-309793\" src=\"https:\/\/www.camperonline.it\/magazine\/wp-content\/uploads\/2020\/07\/48-RAPIDO-C56.jpg\" alt=\"\" width=\"630\" height=\"419\" srcset=\"https:\/\/www.camperonline.it\/magazine\/wp-content\/uploads\/2020\/07\/48-RAPIDO-C56.jpg 630w, https:\/\/www.camperonline.it\/magazine\/wp-content\/uploads\/2020\/07\/48-RAPIDO-C56-300x200.jpg 300w\" sizes=\"(max-width: 630px) 100vw, 630px\" \/><\/p>\n<p><img loading=\"lazy\" class=\"aligncenter size-full wp-image-309794\" src=\"https:\/\/www.camperonline.it\/magazine\/wp-content\/uploads\/2020\/07\/50-RAPIDO-C56.jpg\" alt=\"\" width=\"630\" height=\"419\" srcset=\"https:\/\/www.camperonline.it\/magazine\/wp-content\/uploads\/2020\/07\/50-RAPIDO-C56.jpg 630w, https:\/\/www.camperonline.it\/magazine\/wp-content\/uploads\/2020\/07\/50-RAPIDO-C56-300x200.jpg 300w\" sizes=\"(max-width: 630px) 100vw, 630px\" \/><\/p>\n<p><img loading=\"lazy\" class=\"aligncenter size-full wp-image-309795\" src=\"https:\/\/www.camperonline.it\/magazine\/wp-content\/uploads\/2020\/07\/65-RAPIDO-C56.jpg\" alt=\"\" width=\"630\" height=\"466\" srcset=\"https:\/\/www.camperonline.it\/magazine\/wp-content\/uploads\/2020\/07\/65-RAPIDO-C56.jpg 630w, https:\/\/www.camperonline.it\/magazine\/wp-content\/uploads\/2020\/07\/65-RAPIDO-C56-300x222.jpg 300w, https:\/\/www.camperonline.it\/magazine\/wp-content\/uploads\/2020\/07\/65-RAPIDO-C56-270x200.jpg 270w\" sizes=\"(max-width: 630px) 100vw, 630px\" \/><\/p>\n<p>Ben illuminata grazie alla presenza del gi\u00e0 citato Sky-View inserito nel cupolino in concorso con l\u2019obl\u00f2 a tetto, la zona anteriore del veicolo \u00e8 occupata da living integrato alla cabina di guida, dotata di poltrone girevoli, composto da un divano a \u201cL\u201d, una poltroncina aggiuntiva a ribalta e servito da un tavolo centrale con piano ampliabile a libro, ruotabile e traslabile. Sul lato opposto, invece, spazio alla cucina lineare provvista di piano cottura e lavello rettangolare, entrambi dotati di copertura in vetro temperato, che si completa con il frigorifero a compressore da 90 litri. Oltre ai classici pensili a soffitto distribuiti nei vari ambienti e ai cassetti della cucina, sono presenti un armadio sospeso posizionato alle spalle del divano fronte marcia, un gavone di carico (accessibile sia dall&#8217;interno sollevando una porzione della rete a doghe, sia dall&#8217;esterno grazie allo sportello laterale) e un cassetto ricavati al di sotto del letto posteriore.<\/p>\n<p><img loading=\"lazy\" class=\"aligncenter size-full wp-image-309797\" src=\"https:\/\/www.camperonline.it\/magazine\/wp-content\/uploads\/2020\/07\/26-RAPIDO-C56.jpg\" alt=\"\" width=\"630\" height=\"419\" srcset=\"https:\/\/www.camperonline.it\/magazine\/wp-content\/uploads\/2020\/07\/26-RAPIDO-C56.jpg 630w, https:\/\/www.camperonline.it\/magazine\/wp-content\/uploads\/2020\/07\/26-RAPIDO-C56-300x200.jpg 300w\" sizes=\"(max-width: 630px) 100vw, 630px\" \/><\/p>\n<p><img loading=\"lazy\" class=\"aligncenter size-full wp-image-309798\" src=\"https:\/\/www.camperonline.it\/magazine\/wp-content\/uploads\/2020\/07\/39-RAPIDO-C56.jpg\" alt=\"\" width=\"630\" height=\"419\" srcset=\"https:\/\/www.camperonline.it\/magazine\/wp-content\/uploads\/2020\/07\/39-RAPIDO-C56.jpg 630w, https:\/\/www.camperonline.it\/magazine\/wp-content\/uploads\/2020\/07\/39-RAPIDO-C56-300x200.jpg 300w\" sizes=\"(max-width: 630px) 100vw, 630px\" \/><\/p>\n<p><img loading=\"lazy\" class=\"aligncenter size-full wp-image-309799\" src=\"https:\/\/www.camperonline.it\/magazine\/wp-content\/uploads\/2020\/07\/64-RAPIDO-C56.jpg\" alt=\"\" width=\"630\" height=\"466\" srcset=\"https:\/\/www.camperonline.it\/magazine\/wp-content\/uploads\/2020\/07\/64-RAPIDO-C56.jpg 630w, https:\/\/www.camperonline.it\/magazine\/wp-content\/uploads\/2020\/07\/64-RAPIDO-C56-300x222.jpg 300w, https:\/\/www.camperonline.it\/magazine\/wp-content\/uploads\/2020\/07\/64-RAPIDO-C56-270x200.jpg 270w\" sizes=\"(max-width: 630px) 100vw, 630px\" \/><\/p>\n<p>Con una&nbsp;lunghezza di 699 cm, il&nbsp;<strong>Rapido C86<\/strong> \u00e8 il secondo modello a fare il suo esordio proponendo una camera padronale dominata dal letto matrimoniale centrale nautico e dotata, come consuetudine, di armadi guardaroba laterali, pensili ancorati sulla parete di fondo e, infine, di spazi per lo stivaggio ricavati al di sotto del piano sollevabile del letto. A fungere da filtro tra la zona posteriore e quella anteriore vi \u00e8 la toilette realizzata in ambienti indipendenti per vano lavabo\/wc e box doccia, unibili a formare un unico ambiente passante.<\/p>\n<p><img loading=\"lazy\" class=\"aligncenter size-full wp-image-309800\" src=\"https:\/\/www.camperonline.it\/magazine\/wp-content\/uploads\/2020\/07\/10-RAPIDO-C86.jpg\" alt=\"\" width=\"630\" height=\"418\" srcset=\"https:\/\/www.camperonline.it\/magazine\/wp-content\/uploads\/2020\/07\/10-RAPIDO-C86.jpg 630w, https:\/\/www.camperonline.it\/magazine\/wp-content\/uploads\/2020\/07\/10-RAPIDO-C86-300x199.jpg 300w\" sizes=\"(max-width: 630px) 100vw, 630px\" \/><\/p>\n<p><img loading=\"lazy\" class=\"aligncenter size-full wp-image-309804\" src=\"https:\/\/www.camperonline.it\/magazine\/wp-content\/uploads\/2020\/07\/50-RAPIDO-C86.jpg\" alt=\"\" width=\"630\" height=\"419\" srcset=\"https:\/\/www.camperonline.it\/magazine\/wp-content\/uploads\/2020\/07\/50-RAPIDO-C86.jpg 630w, https:\/\/www.camperonline.it\/magazine\/wp-content\/uploads\/2020\/07\/50-RAPIDO-C86-300x200.jpg 300w\" sizes=\"(max-width: 630px) 100vw, 630px\" \/><\/p>\n<p><img loading=\"lazy\" class=\"aligncenter size-full wp-image-309803\" src=\"https:\/\/www.camperonline.it\/magazine\/wp-content\/uploads\/2020\/07\/47-RAPIDO-C86.jpg\" alt=\"\" width=\"630\" height=\"419\" srcset=\"https:\/\/www.camperonline.it\/magazine\/wp-content\/uploads\/2020\/07\/47-RAPIDO-C86.jpg 630w, https:\/\/www.camperonline.it\/magazine\/wp-content\/uploads\/2020\/07\/47-RAPIDO-C86-300x200.jpg 300w\" sizes=\"(max-width: 630px) 100vw, 630px\" \/><\/p>\n<p>Ad anticipare il soggiorno, ecco la cucina a \u201cL\u201d rovesciata attrezzata con piano cottura a due fuochi, lavello rettangolare e frigorifero a colonna da 133 litri in versione slim. Integrato alla cabina di guida grazie alle poltrone girevoli, il living sfrutta gli ampi spazi dati dalla configurazione &#8220;face to face&#8221; completandosi con il tavolo centrale dotato di piano ampliabile a libro, ruotabile e traslabile.<\/p>\n<p><img loading=\"lazy\" class=\"aligncenter size-full wp-image-309801\" src=\"https:\/\/www.camperonline.it\/magazine\/wp-content\/uploads\/2020\/07\/19-RAPIDO-C86.jpg\" alt=\"\" width=\"630\" height=\"419\" srcset=\"https:\/\/www.camperonline.it\/magazine\/wp-content\/uploads\/2020\/07\/19-RAPIDO-C86.jpg 630w, https:\/\/www.camperonline.it\/magazine\/wp-content\/uploads\/2020\/07\/19-RAPIDO-C86-300x200.jpg 300w\" sizes=\"(max-width: 630px) 100vw, 630px\" \/><\/p>\n<p><img loading=\"lazy\" class=\"aligncenter size-full wp-image-309802\" src=\"https:\/\/www.camperonline.it\/magazine\/wp-content\/uploads\/2020\/07\/27-RAPIDO-C86.jpg\" alt=\"\" width=\"630\" height=\"419\" srcset=\"https:\/\/www.camperonline.it\/magazine\/wp-content\/uploads\/2020\/07\/27-RAPIDO-C86.jpg 630w, https:\/\/www.camperonline.it\/magazine\/wp-content\/uploads\/2020\/07\/27-RAPIDO-C86-300x200.jpg 300w\" sizes=\"(max-width: 630px) 100vw, 630px\" \/><\/p>\n<p>Collocato nel mezzo della nuova gamma di profilati compatti, il&nbsp;<strong>Rapido C55<\/strong> \u00e8 lungo 667 cm, presenta una zona notte con letti gemelli su gavone garage ed \u00e8 dotato di una inedita toilette Duo\u2019Space, provvista di una parete girevole che permette di nascondere il wc per aprirsi sulla parte doccia. Il soggiorno, anche in questo caso, contempla una dinette a \u201cL\u201d con tavolo centrale ampliabile a libro e strapuntino laterale ribaltabile.<\/p>\n<p>&nbsp;<\/p>\n<p><img loading=\"lazy\" class=\"aligncenter size-full wp-image-309806\" src=\"https:\/\/www.camperonline.it\/magazine\/wp-content\/uploads\/2020\/07\/C55_jour0000630.png\" alt=\"\" width=\"630\" height=\"270\" srcset=\"https:\/\/www.camperonline.it\/magazine\/wp-content\/uploads\/2020\/07\/C55_jour0000630.png 630w, https:\/\/www.camperonline.it\/magazine\/wp-content\/uploads\/2020\/07\/C55_jour0000630-300x129.png 300w\" sizes=\"(max-width: 630px) 100vw, 630px\" \/><\/p>\n<p>Importanti novit\u00e0 anche nel segmento Van di <strong>Rapido,<\/strong> dove fa il suo debutto il nuovo <strong>V65 XL.<\/strong> L\u2019allestimento sulla base del Fiat Ducato con tetto alto H3, consente di poter disporre di un\u2019altezza interna tale da consentire la presenza, nella zona anteriore, di un letto basculante a scomparsa che va ad aggiungersi al classico letto matrimoniale trasversale posteriore aumentando, di fatto, la capacit\u00e0 del veicolo a quattro posti letto.<\/p>\n<p><img loading=\"lazy\" class=\"aligncenter size-full wp-image-310071\" src=\"https:\/\/www.camperonline.it\/magazine\/wp-content\/uploads\/2020\/07\/04-RAPIDO-V65-XL.jpg\" alt=\"\" width=\"630\" height=\"418\" srcset=\"https:\/\/www.camperonline.it\/magazine\/wp-content\/uploads\/2020\/07\/04-RAPIDO-V65-XL.jpg 630w, https:\/\/www.camperonline.it\/magazine\/wp-content\/uploads\/2020\/07\/04-RAPIDO-V65-XL-300x199.jpg 300w\" sizes=\"(max-width: 630px) 100vw, 630px\" \/><\/p>\n<p><img loading=\"lazy\" class=\"aligncenter size-full wp-image-309812\" src=\"https:\/\/www.camperonline.it\/magazine\/wp-content\/uploads\/2020\/07\/36-RAPIDO-V65-XL.jpg\" alt=\"\" width=\"630\" height=\"419\" srcset=\"https:\/\/www.camperonline.it\/magazine\/wp-content\/uploads\/2020\/07\/36-RAPIDO-V65-XL.jpg 630w, https:\/\/www.camperonline.it\/magazine\/wp-content\/uploads\/2020\/07\/36-RAPIDO-V65-XL-300x200.jpg 300w\" sizes=\"(max-width: 630px) 100vw, 630px\" \/><\/p>\n<p><img loading=\"lazy\" class=\"aligncenter size-full wp-image-309808\" src=\"https:\/\/www.camperonline.it\/magazine\/wp-content\/uploads\/2020\/07\/14-RAPIDO-V65-XL.jpg\" alt=\"\" width=\"630\" height=\"419\" srcset=\"https:\/\/www.camperonline.it\/magazine\/wp-content\/uploads\/2020\/07\/14-RAPIDO-V65-XL.jpg 630w, https:\/\/www.camperonline.it\/magazine\/wp-content\/uploads\/2020\/07\/14-RAPIDO-V65-XL-300x200.jpg 300w\" sizes=\"(max-width: 630px) 100vw, 630px\" \/><\/p>\n<p><img loading=\"lazy\" class=\"aligncenter size-full wp-image-309811\" src=\"https:\/\/www.camperonline.it\/magazine\/wp-content\/uploads\/2020\/07\/27-RAPIDO-V65-XL.jpg\" alt=\"\" width=\"630\" height=\"419\" srcset=\"https:\/\/www.camperonline.it\/magazine\/wp-content\/uploads\/2020\/07\/27-RAPIDO-V65-XL.jpg 630w, https:\/\/www.camperonline.it\/magazine\/wp-content\/uploads\/2020\/07\/27-RAPIDO-V65-XL-300x200.jpg 300w\" sizes=\"(max-width: 630px) 100vw, 630px\" \/><\/p>\n<p>La zona servizi del <strong>Rapido V65 XL<\/strong>, oltre alla cucina posizionata sbalzo sul portellone d\u2019ingresso, adotta la collaudata soluzione della toilette Modul\u2019Space organizzata in due locali indipendenti: vano bagno sul lato destro e box doccia su quello opposto. Quest\u2019ultimo, in particolare, ingloba poi al suo interno l\u2019armadio guardaroba incernierato che, ruotando sopra al letto di coda, lascia libero lo spazio necessario all\u2019utilizzo della doccia. Il living, infine, avvalendosi di un divano a \u201cL\u201d coadiuvato dalle poltrone girevoli della cabina di guida e servito da un tavolo centrale traslabile e ruotabile, pu\u00f2 ospitare comodamente quattro commensali.<\/p>\n<p><img loading=\"lazy\" class=\"aligncenter size-full wp-image-309807\" src=\"https:\/\/www.camperonline.it\/magazine\/wp-content\/uploads\/2020\/07\/13-RAPIDO-V65-XL.jpg\" alt=\"\" width=\"630\" height=\"419\" srcset=\"https:\/\/www.camperonline.it\/magazine\/wp-content\/uploads\/2020\/07\/13-RAPIDO-V65-XL.jpg 630w, https:\/\/www.camperonline.it\/magazine\/wp-content\/uploads\/2020\/07\/13-RAPIDO-V65-XL-300x200.jpg 300w\" sizes=\"(max-width: 630px) 100vw, 630px\" \/><\/p>\n<p><img loading=\"lazy\" class=\"aligncenter size-full wp-image-309809\" src=\"https:\/\/www.camperonline.it\/magazine\/wp-content\/uploads\/2020\/07\/19-RAPIDO-V65-XL.jpg\" alt=\"\" width=\"630\" height=\"419\" srcset=\"https:\/\/www.camperonline.it\/magazine\/wp-content\/uploads\/2020\/07\/19-RAPIDO-V65-XL.jpg 630w, https:\/\/www.camperonline.it\/magazine\/wp-content\/uploads\/2020\/07\/19-RAPIDO-V65-XL-300x200.jpg 300w\" sizes=\"(max-width: 630px) 100vw, 630px\" \/><\/p>\n<p><img loading=\"lazy\" class=\"aligncenter size-full wp-image-309813\" src=\"https:\/\/www.camperonline.it\/magazine\/wp-content\/uploads\/2020\/07\/40-RAPIDO-V65-XL.jpg\" alt=\"\" width=\"630\" height=\"466\" srcset=\"https:\/\/www.camperonline.it\/magazine\/wp-content\/uploads\/2020\/07\/40-RAPIDO-V65-XL.jpg 630w, https:\/\/www.camperonline.it\/magazine\/wp-content\/uploads\/2020\/07\/40-RAPIDO-V65-XL-300x222.jpg 300w, https:\/\/www.camperonline.it\/magazine\/wp-content\/uploads\/2020\/07\/40-RAPIDO-V65-XL-270x200.jpg 270w\" sizes=\"(max-width: 630px) 100vw, 630px\" \/><\/p>\n<p><img loading=\"lazy\" class=\"aligncenter size-full wp-image-309810\" src=\"https:\/\/www.camperonline.it\/magazine\/wp-content\/uploads\/2020\/07\/25-RAPIDO-V65-XL.jpg\" alt=\"\" width=\"630\" height=\"419\" srcset=\"https:\/\/www.camperonline.it\/magazine\/wp-content\/uploads\/2020\/07\/25-RAPIDO-V65-XL.jpg 630w, https:\/\/www.camperonline.it\/magazine\/wp-content\/uploads\/2020\/07\/25-RAPIDO-V65-XL-300x200.jpg 300w\" sizes=\"(max-width: 630px) 100vw, 630px\" \/><\/p>\n<p>Sempre all\u2019interno dell\u2019offerta di veicoli furgonati, il gi\u00e0 conosciuto <strong>Rapido V68<\/strong> adotta anch&#8217;esso la zona bagno Duo\u2019Space che, come gi\u00e0 accennato in precedenza, con la semplice rotazione di una parete incernierata consente di poter usufruire di una doccia separata dal resto dell\u2019ambiente. Invariato l\u2019allestimento interno che prevede una zona notte posteriore con letti gemelli e un living anteriore composto da un divano fronte marcia, coadiuvato dalle poltrone cabina di guida, servito da un tavolo ancorato a parete provvisto d prolunga pivotante.<\/p>\n<p><img loading=\"lazy\" class=\"aligncenter size-full wp-image-309814\" src=\"https:\/\/www.camperonline.it\/magazine\/wp-content\/uploads\/2020\/07\/01-RAPIDO-V68.jpg\" alt=\"\" width=\"630\" height=\"419\" srcset=\"https:\/\/www.camperonline.it\/magazine\/wp-content\/uploads\/2020\/07\/01-RAPIDO-V68.jpg 630w, https:\/\/www.camperonline.it\/magazine\/wp-content\/uploads\/2020\/07\/01-RAPIDO-V68-300x200.jpg 300w\" sizes=\"(max-width: 630px) 100vw, 630px\" \/><\/p>\n<p><img loading=\"lazy\" class=\"aligncenter size-full wp-image-309815\" src=\"https:\/\/www.camperonline.it\/magazine\/wp-content\/uploads\/2020\/07\/09-RAPIDO-V68.jpg\" alt=\"\" width=\"630\" height=\"419\" srcset=\"https:\/\/www.camperonline.it\/magazine\/wp-content\/uploads\/2020\/07\/09-RAPIDO-V68.jpg 630w, https:\/\/www.camperonline.it\/magazine\/wp-content\/uploads\/2020\/07\/09-RAPIDO-V68-300x200.jpg 300w\" sizes=\"(max-width: 630px) 100vw, 630px\" \/><\/p>\n<p><img loading=\"lazy\" class=\"aligncenter size-full wp-image-309819\" src=\"https:\/\/www.camperonline.it\/magazine\/wp-content\/uploads\/2020\/07\/36-RAPIDO-V68.jpg\" alt=\"\" width=\"630\" height=\"466\" srcset=\"https:\/\/www.camperonline.it\/magazine\/wp-content\/uploads\/2020\/07\/36-RAPIDO-V68.jpg 630w, https:\/\/www.camperonline.it\/magazine\/wp-content\/uploads\/2020\/07\/36-RAPIDO-V68-300x222.jpg 300w, https:\/\/www.camperonline.it\/magazine\/wp-content\/uploads\/2020\/07\/36-RAPIDO-V68-270x200.jpg 270w\" sizes=\"(max-width: 630px) 100vw, 630px\" \/><\/p>\n<p><img loading=\"lazy\" class=\"aligncenter size-full wp-image-309818\" src=\"https:\/\/www.camperonline.it\/magazine\/wp-content\/uploads\/2020\/07\/27-RAPIDO-V68.jpg\" alt=\"\" width=\"630\" height=\"419\" srcset=\"https:\/\/www.camperonline.it\/magazine\/wp-content\/uploads\/2020\/07\/27-RAPIDO-V68.jpg 630w, https:\/\/www.camperonline.it\/magazine\/wp-content\/uploads\/2020\/07\/27-RAPIDO-V68-300x200.jpg 300w\" sizes=\"(max-width: 630px) 100vw, 630px\" \/><\/p>\n<p>Non solo novit\u00e0 o ampliamenti dell\u2019offerta, ma la stagione 2021 porta con se anche tutta una serie di migliorie estetiche e funzionali destinate a molti dei modelli presenti all\u2019interno dell\u2019offerta del brand francese. Esternamente, le gamme <strong>C<\/strong>, <strong>6F<\/strong>,<strong> 8F<\/strong> e <strong>80F<\/strong> beneficiano di un nuovissimo specchio di coda il cui inedito perimetro include uno spoiler superiore con luce terzo stop inglobata, calate laterali complete di gruppi ottici e un nuovo paraurti inferiore. A completamento, sono poi presenti anche la predisposizione per la retrocamera, il logo <strong>Rapido<\/strong> cromato su sfondo nero e, solo per la versione <strong>80 dF<\/strong>, un ulteriore profilo cromato.<\/p>\n<p><img loading=\"lazy\" class=\"aligncenter size-full wp-image-309820\" src=\"https:\/\/www.camperonline.it\/magazine\/wp-content\/uploads\/2020\/07\/04-RAPIDO-C86.jpg\" alt=\"\" width=\"630\" height=\"418\" srcset=\"https:\/\/www.camperonline.it\/magazine\/wp-content\/uploads\/2020\/07\/04-RAPIDO-C86.jpg 630w, https:\/\/www.camperonline.it\/magazine\/wp-content\/uploads\/2020\/07\/04-RAPIDO-C86-300x199.jpg 300w\" sizes=\"(max-width: 630px) 100vw, 630px\" \/><\/p>\n<p><img loading=\"lazy\" class=\"aligncenter size-full wp-image-309821\" src=\"https:\/\/www.camperonline.it\/magazine\/wp-content\/uploads\/2020\/07\/11-RAPIDO-8096-dF-ULTIMATE-LINE.jpg\" alt=\"\" width=\"630\" height=\"418\" srcset=\"https:\/\/www.camperonline.it\/magazine\/wp-content\/uploads\/2020\/07\/11-RAPIDO-8096-dF-ULTIMATE-LINE.jpg 630w, https:\/\/www.camperonline.it\/magazine\/wp-content\/uploads\/2020\/07\/11-RAPIDO-8096-dF-ULTIMATE-LINE-300x199.jpg 300w\" sizes=\"(max-width: 630px) 100vw, 630px\" \/><\/p>\n<p>Una particolare cura e attenzione sono state dedicate agli ambienti interni che vengono ora proposti in due nuove essenze: la prima denominata <strong>\u201cBellagio\u201d<\/strong>, che prende il posto della Castello, propone arredi contraddistinti da una linea di mobili raffinati, con moderne venature orizzontali e nuove ante opache (disponibili in versione lucida con sovraprezzo), provviste di apertura push-lock. L&#8217;arredo si completa con una piacevole illuminazione indiretta, inserita nella parte superiore e inferiore del mobilio, che contribuisce a rendere ancor pi\u00f9 accogliente l\u2019ambiente.<\/p>\n<p><img loading=\"lazy\" class=\"aligncenter size-full wp-image-309825\" src=\"https:\/\/www.camperonline.it\/magazine\/wp-content\/uploads\/2020\/07\/30-RAPIDO-C56.jpg\" alt=\"\" width=\"630\" height=\"419\" srcset=\"https:\/\/www.camperonline.it\/magazine\/wp-content\/uploads\/2020\/07\/30-RAPIDO-C56.jpg 630w, https:\/\/www.camperonline.it\/magazine\/wp-content\/uploads\/2020\/07\/30-RAPIDO-C56-300x200.jpg 300w\" sizes=\"(max-width: 630px) 100vw, 630px\" \/><\/p>\n<p>La variante d\u2019arredo Elegance, invece, lascia spazio alla nuova <strong>&#8220;Nacarat&#8221;,<\/strong> che coniuga eleganza e calore con un tocco di modernit\u00e0. Ambienti inediti e valorizzati da un\u2019essenza del legno scura che ben si sposa a elementi bianchi, come il piano della cucina e del tavolo, creando, al contempo, un ambiente raffinato, contemporaneo e accogliente. Infine, anche qui, ritroviamo il sistema di chiusura push-lock e la retroilluminazione indiretta dei pensili, ideale per creare un\u2019atmosfera piacevole. Questo nuovo arredamento sar\u00e0 disponibile su tutta la gamma <strong>Rapido<\/strong> inclusa la<strong> serie<\/strong> <strong>M<\/strong> dove andr\u00e0 ad affiancare la gi\u00e0 conosciuta variante <strong>\u201cDuna\u201d<\/strong>. A completamento degli arredi, infine, il brand francese propone nuovi colori per i tendaggi sempre in armonia con gli interni scelti.<\/p>\n<p><img loading=\"lazy\" class=\"aligncenter size-full wp-image-309822\" src=\"https:\/\/www.camperonline.it\/magazine\/wp-content\/uploads\/2020\/07\/21-RAPIDO-C86.jpg\" alt=\"\" width=\"630\" height=\"419\" srcset=\"https:\/\/www.camperonline.it\/magazine\/wp-content\/uploads\/2020\/07\/21-RAPIDO-C86.jpg 630w, https:\/\/www.camperonline.it\/magazine\/wp-content\/uploads\/2020\/07\/21-RAPIDO-C86-300x200.jpg 300w\" sizes=\"(max-width: 630px) 100vw, 630px\" \/><\/p>\n<p>Sempre perci\u00f2 che concerne gli interni, l&#8217;attenzione si \u00e8 focalizzata anche sui blocchi cucina, totalmente ridisegnati a tutto vantaggio della funzionalit\u00e0. Il gi\u00e0 citato <strong>C86<\/strong> e i modelli della serie <strong>6F<\/strong>, <strong>8F<\/strong> e <strong>80F<\/strong> ora presentano una cucina con superfici riviste, maniglie nere opache e finiture di ante e cassetti bianco lucido. Una serie di miglioramenti che si completano con un\u2019illuminazione sotto al piano di lavoro e la pratica chiusura centralizzata elettrica dedicata ad ante e cassetti.<\/p>\n<p><img loading=\"lazy\" class=\"aligncenter size-full wp-image-309826\" src=\"https:\/\/www.camperonline.it\/magazine\/wp-content\/uploads\/2020\/07\/18-RAPIDO-C86.jpg\" alt=\"\" width=\"630\" height=\"419\" srcset=\"https:\/\/www.camperonline.it\/magazine\/wp-content\/uploads\/2020\/07\/18-RAPIDO-C86.jpg 630w, https:\/\/www.camperonline.it\/magazine\/wp-content\/uploads\/2020\/07\/18-RAPIDO-C86-300x200.jpg 300w\" sizes=\"(max-width: 630px) 100vw, 630px\" \/><\/p>\n<p>Abbandonate le forme pi\u00f9 squadrate, le cucine in uso ai modelli <strong>Distinction<\/strong> (esclusi <strong>i1066 <\/strong>e <strong>i1090<\/strong>) e <strong>serie<\/strong> <strong>M<\/strong> optano per un particolare design dalle forme sinuose e pi\u00f9 tondeggianti, sottolineate, anche qui, da un discorso illuminotecnico inserito al di sotto della superficie di lavoro. Dal rinnovato profilo trae vantaggio anche lo stivaggio che ora pu\u00f2 fare affidamento su cassetti ampi e spaziosi dotati, inoltre, di chiusura elettrica centralizzata; l\u2019equipaggiamento a disposizione dello chef di turno, prevede anche la presenza di un frigorifero a colonna con porte apribili da entrambi i lati.<\/p>\n<p><img loading=\"lazy\" class=\"aligncenter size-full wp-image-309827\" src=\"https:\/\/www.camperonline.it\/magazine\/wp-content\/uploads\/2020\/07\/14-RAPIDO-M66.jpg\" alt=\"\" width=\"630\" height=\"419\" srcset=\"https:\/\/www.camperonline.it\/magazine\/wp-content\/uploads\/2020\/07\/14-RAPIDO-M66.jpg 630w, https:\/\/www.camperonline.it\/magazine\/wp-content\/uploads\/2020\/07\/14-RAPIDO-M66-300x200.jpg 300w\" sizes=\"(max-width: 630px) 100vw, 630px\" \/><\/p>\n<p><img loading=\"lazy\" class=\"aligncenter size-full wp-image-309828\" src=\"https:\/\/www.camperonline.it\/magazine\/wp-content\/uploads\/2020\/07\/17-RAPIDO-M66.jpg\" alt=\"\" width=\"630\" height=\"419\" srcset=\"https:\/\/www.camperonline.it\/magazine\/wp-content\/uploads\/2020\/07\/17-RAPIDO-M66.jpg 630w, https:\/\/www.camperonline.it\/magazine\/wp-content\/uploads\/2020\/07\/17-RAPIDO-M66-300x200.jpg 300w\" sizes=\"(max-width: 630px) 100vw, 630px\" \/><\/p>\n<p>Infine, la zona notte delle varianti con letto matrimoniale a penisola adottano armadi appendiabiti sospesi che lasciano spazio a pratici e utili comodini forniti di porte USB e prese 12 V mentre, tutti i modelli in generale, disporranno di una nuova testata del letto retroilluminata e rivestita in tessuto (esclusa la<strong> serie<\/strong> <strong>M<\/strong> rivestita in TEP) con una variante esclusiva dedicata agli allestimenti <strong>Ultimate Line<\/strong>.<\/p>\n<p><img loading=\"lazy\" class=\"aligncenter size-full wp-image-309830\" src=\"https:\/\/www.camperonline.it\/magazine\/wp-content\/uploads\/2020\/07\/55-RAPIDO-C86.jpg\" alt=\"\" width=\"630\" height=\"419\" srcset=\"https:\/\/www.camperonline.it\/magazine\/wp-content\/uploads\/2020\/07\/55-RAPIDO-C86.jpg 630w, https:\/\/www.camperonline.it\/magazine\/wp-content\/uploads\/2020\/07\/55-RAPIDO-C86-300x200.jpg 300w\" sizes=\"(max-width: 630px) 100vw, 630px\" \/><\/p>\n<p><img loading=\"lazy\" class=\"aligncenter size-full wp-image-309829\" src=\"https:\/\/www.camperonline.it\/magazine\/wp-content\/uploads\/2020\/07\/35-RAPIDO-M66.jpg\" alt=\"\" width=\"630\" height=\"419\" srcset=\"https:\/\/www.camperonline.it\/magazine\/wp-content\/uploads\/2020\/07\/35-RAPIDO-M66.jpg 630w, https:\/\/www.camperonline.it\/magazine\/wp-content\/uploads\/2020\/07\/35-RAPIDO-M66-300x200.jpg 300w\" sizes=\"(max-width: 630px) 100vw, 630px\" \/><\/p>\n<p>Quest\u2019ultima versione, contraddistinta da rifiniture esclusive dedicate all\u2019ambiente, abbellimenti luminosi e in tessuto destinati al sottobasculante e all\u2019obl\u00f2 panoramico sopra la zona giorno, come gi\u00e0 accennato porter\u00e0 in dote tutte le migliorie introdotte per la stagione 2021 e vedr\u00e0 un deciso incremento del numero di modelli disponibili in questa elegante versione. Sei saranno infatti i modelli presenti a catalogo, di cui tre semintegrali (<strong>666F<\/strong>, <strong>686F<\/strong> e <strong>696F<\/strong>) e altrettanti motorhome (<strong>8066dF<\/strong>,<strong> 8086dF<\/strong>) e <strong>8096dF<\/strong>. Quest\u2019ultimi, allestiti sul prestigioso telaio AL-KO e provvisti di doppio pavimento passante, sono qui rappresentati dal modello <strong>Rapido 8096dF Ultimate Line<\/strong> che, in 749 cm, offre una zona giorno dove si sviluppa il living integrato con la cabina di guida, in conformazione &#8220;face to face&#8221;, e il blocco cucina dalla forma a \u201cL\u201d rivolta verso il soggiorno, fronteggiato dalla colonna frigo. A seguire verso la parte posteriore ecco la toilette in conformazione passante; organizzata in due locali indipendenti, \u00e8 completamente isolabili dal resto dell\u2019abitacolo grazie alla doppia possibilit\u00e0 di battuta della porta del bagno in concorso con due porte semicircolari scorrevoli, che chiudono la camera da letto posteriore. Questa, poi, vede la presenza di un letto centrale nautico, con piano variabile elettricamente in altezza, affiancato dai due classici armadi guardaroba.<\/p>\n<p><img loading=\"lazy\" class=\"aligncenter size-full wp-image-309831\" src=\"https:\/\/www.camperonline.it\/magazine\/wp-content\/uploads\/2020\/07\/05-RAPIDO-8096-dF-ULTIMATE-LINE.jpg\" alt=\"\" width=\"630\" height=\"418\" srcset=\"https:\/\/www.camperonline.it\/magazine\/wp-content\/uploads\/2020\/07\/05-RAPIDO-8096-dF-ULTIMATE-LINE.jpg 630w, https:\/\/www.camperonline.it\/magazine\/wp-content\/uploads\/2020\/07\/05-RAPIDO-8096-dF-ULTIMATE-LINE-300x199.jpg 300w\" sizes=\"(max-width: 630px) 100vw, 630px\" \/><\/p>\n<p><img loading=\"lazy\" class=\"aligncenter size-full wp-image-309832\" src=\"https:\/\/www.camperonline.it\/magazine\/wp-content\/uploads\/2020\/07\/12-RAPIDO-8096-dF-ULTIMATE-LINE.jpg\" alt=\"\" width=\"630\" height=\"419\" srcset=\"https:\/\/www.camperonline.it\/magazine\/wp-content\/uploads\/2020\/07\/12-RAPIDO-8096-dF-ULTIMATE-LINE.jpg 630w, https:\/\/www.camperonline.it\/magazine\/wp-content\/uploads\/2020\/07\/12-RAPIDO-8096-dF-ULTIMATE-LINE-300x200.jpg 300w\" sizes=\"(max-width: 630px) 100vw, 630px\" \/><\/p>\n<p><img loading=\"lazy\" class=\"aligncenter size-full wp-image-309833\" src=\"https:\/\/www.camperonline.it\/magazine\/wp-content\/uploads\/2020\/07\/23-RAPIDO-8096-dF-ULTIMATE-LINE.jpg\" alt=\"\" width=\"630\" height=\"419\" srcset=\"https:\/\/www.camperonline.it\/magazine\/wp-content\/uploads\/2020\/07\/23-RAPIDO-8096-dF-ULTIMATE-LINE.jpg 630w, https:\/\/www.camperonline.it\/magazine\/wp-content\/uploads\/2020\/07\/23-RAPIDO-8096-dF-ULTIMATE-LINE-300x200.jpg 300w\" sizes=\"(max-width: 630px) 100vw, 630px\" \/><\/p>\n<p><img loading=\"lazy\" class=\"aligncenter size-full wp-image-309834\" src=\"https:\/\/www.camperonline.it\/magazine\/wp-content\/uploads\/2020\/07\/27-RAPIDO-8096-dF-ULTIMATE-LINE.jpg\" alt=\"\" width=\"630\" height=\"419\" srcset=\"https:\/\/www.camperonline.it\/magazine\/wp-content\/uploads\/2020\/07\/27-RAPIDO-8096-dF-ULTIMATE-LINE.jpg 630w, https:\/\/www.camperonline.it\/magazine\/wp-content\/uploads\/2020\/07\/27-RAPIDO-8096-dF-ULTIMATE-LINE-300x200.jpg 300w\" sizes=\"(max-width: 630px) 100vw, 630px\" \/><\/p>\n<p><img loading=\"lazy\" class=\"aligncenter size-full wp-image-309835\" src=\"https:\/\/www.camperonline.it\/magazine\/wp-content\/uploads\/2020\/07\/51-RAPIDO-8096-dF-ULTIMATE-LINE.jpg\" alt=\"\" width=\"630\" height=\"419\" srcset=\"https:\/\/www.camperonline.it\/magazine\/wp-content\/uploads\/2020\/07\/51-RAPIDO-8096-dF-ULTIMATE-LINE.jpg 630w, https:\/\/www.camperonline.it\/magazine\/wp-content\/uploads\/2020\/07\/51-RAPIDO-8096-dF-ULTIMATE-LINE-300x200.jpg 300w\" sizes=\"(max-width: 630px) 100vw, 630px\" \/><\/p>\n<p>Le versioni profilate, invece, adottano la base telaistica Fiat Camping-Car Special e sono qui rappresentati dal modello <strong>Rapido 696F Ultimate Line<\/strong> che, come il fratello motorhome, sviluppa in 749 cm il layout con letto a penisola posteriore, zona servizi centrale e dinette &#8220;face to face&#8221; con, in opzione, la possibilit\u00e0 di poter richiedere il letto basculante matrimoniale discendente sopra il living anteriore.<\/p>\n<p><img loading=\"lazy\" class=\"aligncenter size-full wp-image-309836\" src=\"https:\/\/www.camperonline.it\/magazine\/wp-content\/uploads\/2020\/07\/01-RAPIDO-696-dF-ULTIMATE-LINE.jpg\" alt=\"\" width=\"630\" height=\"419\" srcset=\"https:\/\/www.camperonline.it\/magazine\/wp-content\/uploads\/2020\/07\/01-RAPIDO-696-dF-ULTIMATE-LINE.jpg 630w, https:\/\/www.camperonline.it\/magazine\/wp-content\/uploads\/2020\/07\/01-RAPIDO-696-dF-ULTIMATE-LINE-300x200.jpg 300w\" sizes=\"(max-width: 630px) 100vw, 630px\" \/><\/p>\n<p><img loading=\"lazy\" class=\"aligncenter size-full wp-image-309837\" src=\"https:\/\/www.camperonline.it\/magazine\/wp-content\/uploads\/2020\/07\/10-RAPIDO-696-dF-ULTIMATE-LINE.jpg\" alt=\"\" width=\"630\" height=\"419\" srcset=\"https:\/\/www.camperonline.it\/magazine\/wp-content\/uploads\/2020\/07\/10-RAPIDO-696-dF-ULTIMATE-LINE.jpg 630w, https:\/\/www.camperonline.it\/magazine\/wp-content\/uploads\/2020\/07\/10-RAPIDO-696-dF-ULTIMATE-LINE-300x200.jpg 300w\" sizes=\"(max-width: 630px) 100vw, 630px\" \/><\/p>\n<p><img loading=\"lazy\" class=\"aligncenter size-full wp-image-309838\" src=\"https:\/\/www.camperonline.it\/magazine\/wp-content\/uploads\/2020\/07\/21-RAPIDO-696-dF-ULTIMATE-LINE.jpg\" alt=\"\" width=\"630\" height=\"419\" srcset=\"https:\/\/www.camperonline.it\/magazine\/wp-content\/uploads\/2020\/07\/21-RAPIDO-696-dF-ULTIMATE-LINE.jpg 630w, https:\/\/www.camperonline.it\/magazine\/wp-content\/uploads\/2020\/07\/21-RAPIDO-696-dF-ULTIMATE-LINE-300x200.jpg 300w\" sizes=\"(max-width: 630px) 100vw, 630px\" \/><\/p>\n<p><img loading=\"lazy\" class=\"aligncenter size-full wp-image-309839\" src=\"https:\/\/www.camperonline.it\/magazine\/wp-content\/uploads\/2020\/07\/38-RAPIDO-696-dF-ULTIMATE-LINE.jpg\" alt=\"\" width=\"630\" height=\"419\" srcset=\"https:\/\/www.camperonline.it\/magazine\/wp-content\/uploads\/2020\/07\/38-RAPIDO-696-dF-ULTIMATE-LINE.jpg 630w, https:\/\/www.camperonline.it\/magazine\/wp-content\/uploads\/2020\/07\/38-RAPIDO-696-dF-ULTIMATE-LINE-300x200.jpg 300w\" sizes=\"(max-width: 630px) 100vw, 630px\" \/><\/p>\n<p>&nbsp;<\/p>\n<h3>Fotogallery<\/h3>\n<!-- default-view.php -->\n<div\n\tclass=\"ngg-galleryoverview default-view  ngg-ajax-pagination-none\"\n\tid=\"ngg-gallery-9372c86bb77385005561aa685b6d7e13-1\">\n\n\t\t<!-- Thumbnails -->\n\t\t\t\t<div id=\"ngg-image-0\" class=\"ngg-gallery-thumbnail-box ngg-5-columns\" >\n\t\t\t\t        <div class=\"ngg-gallery-thumbnail\">\n            <a href=\"https:\/\/www.camperonline.it\/magazine\/wp-content\/gallery\/anteprime-2021-rapido\/14-RAPIDO-C56.jpg\"\n               title=\"\"\n               data-src=\"https:\/\/www.camperonline.it\/magazine\/wp-content\/gallery\/anteprime-2021-rapido\/14-RAPIDO-C56.jpg\"\n               data-thumbnail=\"https:\/\/www.camperonline.it\/magazine\/wp-content\/gallery\/anteprime-2021-rapido\/thumbs\/thumbs_14-RAPIDO-C56.jpg\"\n               data-image-id=\"116771\"\n               data-title=\"14-RAPIDO-C56\"\n               data-description=\"\"\n               data-image-slug=\"14-rapido-c56\"\n               class=\"ngg-fancybox\" rel=\"9372c86bb77385005561aa685b6d7e13\">\n                <img\n                    title=\"14-RAPIDO-C56\"\n                    alt=\"14-RAPIDO-C56\"\n                    src=\"https:\/\/www.camperonline.it\/magazine\/wp-content\/gallery\/anteprime-2021-rapido\/thumbs\/thumbs_14-RAPIDO-C56.jpg\"\n                    width=\"240\"\n                    height=\"160\"\n                    style=\"max-width:100%;\"\n                \/>\n            <\/a>\n        <\/div>\n\t\t\t\t\t\t\t<\/div> \n\t\t\t\n\t\t\t\t<div id=\"ngg-image-1\" class=\"ngg-gallery-thumbnail-box ngg-5-columns\" >\n\t\t\t\t        <div class=\"ngg-gallery-thumbnail\">\n            <a href=\"https:\/\/www.camperonline.it\/magazine\/wp-content\/gallery\/anteprime-2021-rapido\/22-RAPIDO-C56.jpg\"\n               title=\"\"\n               data-src=\"https:\/\/www.camperonline.it\/magazine\/wp-content\/gallery\/anteprime-2021-rapido\/22-RAPIDO-C56.jpg\"\n               data-thumbnail=\"https:\/\/www.camperonline.it\/magazine\/wp-content\/gallery\/anteprime-2021-rapido\/thumbs\/thumbs_22-RAPIDO-C56.jpg\"\n               data-image-id=\"116773\"\n               data-title=\"22-RAPIDO-C56\"\n               data-description=\"\"\n               data-image-slug=\"22-rapido-c56\"\n               class=\"ngg-fancybox\" rel=\"9372c86bb77385005561aa685b6d7e13\">\n                <img\n                    title=\"22-RAPIDO-C56\"\n                    alt=\"22-RAPIDO-C56\"\n                    src=\"https:\/\/www.camperonline.it\/magazine\/wp-content\/gallery\/anteprime-2021-rapido\/thumbs\/thumbs_22-RAPIDO-C56.jpg\"\n                    width=\"240\"\n                    height=\"160\"\n                    style=\"max-width:100%;\"\n                \/>\n            <\/a>\n        <\/div>\n\t\t\t\t\t\t\t<\/div> \n\t\t\t\n\t\t\t\t<div id=\"ngg-image-2\" class=\"ngg-gallery-thumbnail-box ngg-5-columns\" >\n\t\t\t\t        <div class=\"ngg-gallery-thumbnail\">\n            <a href=\"https:\/\/www.camperonline.it\/magazine\/wp-content\/gallery\/anteprime-2021-rapido\/09-RAPIDO-C56.jpg\"\n               title=\"\"\n               data-src=\"https:\/\/www.camperonline.it\/magazine\/wp-content\/gallery\/anteprime-2021-rapido\/09-RAPIDO-C56.jpg\"\n               data-thumbnail=\"https:\/\/www.camperonline.it\/magazine\/wp-content\/gallery\/anteprime-2021-rapido\/thumbs\/thumbs_09-RAPIDO-C56.jpg\"\n               data-image-id=\"116770\"\n               data-title=\"09-RAPIDO-C56\"\n               data-description=\"\"\n               data-image-slug=\"09-rapido-c56\"\n               class=\"ngg-fancybox\" rel=\"9372c86bb77385005561aa685b6d7e13\">\n                <img\n                    title=\"09-RAPIDO-C56\"\n                    alt=\"09-RAPIDO-C56\"\n                    src=\"https:\/\/www.camperonline.it\/magazine\/wp-content\/gallery\/anteprime-2021-rapido\/thumbs\/thumbs_09-RAPIDO-C56.jpg\"\n                    width=\"240\"\n                    height=\"160\"\n                    style=\"max-width:100%;\"\n                \/>\n            <\/a>\n        <\/div>\n\t\t\t\t\t\t\t<\/div> \n\t\t\t\n\t\t\t\t<div id=\"ngg-image-3\" class=\"ngg-gallery-thumbnail-box ngg-5-columns\" >\n\t\t\t\t        <div class=\"ngg-gallery-thumbnail\">\n            <a href=\"https:\/\/www.camperonline.it\/magazine\/wp-content\/gallery\/anteprime-2021-rapido\/19-RAPIDO-C56.jpg\"\n               title=\"\"\n               data-src=\"https:\/\/www.camperonline.it\/magazine\/wp-content\/gallery\/anteprime-2021-rapido\/19-RAPIDO-C56.jpg\"\n               data-thumbnail=\"https:\/\/www.camperonline.it\/magazine\/wp-content\/gallery\/anteprime-2021-rapido\/thumbs\/thumbs_19-RAPIDO-C56.jpg\"\n               data-image-id=\"116772\"\n               data-title=\"19-RAPIDO-C56\"\n               data-description=\"\"\n               data-image-slug=\"19-rapido-c56\"\n               class=\"ngg-fancybox\" rel=\"9372c86bb77385005561aa685b6d7e13\">\n                <img\n                    title=\"19-RAPIDO-C56\"\n                    alt=\"19-RAPIDO-C56\"\n                    src=\"https:\/\/www.camperonline.it\/magazine\/wp-content\/gallery\/anteprime-2021-rapido\/thumbs\/thumbs_19-RAPIDO-C56.jpg\"\n                    width=\"240\"\n                    height=\"160\"\n                    style=\"max-width:100%;\"\n                \/>\n            <\/a>\n        <\/div>\n\t\t\t\t\t\t\t<\/div> \n\t\t\t\n\t\t\t\t<div id=\"ngg-image-4\" class=\"ngg-gallery-thumbnail-box ngg-5-columns\" >\n\t\t\t\t        <div class=\"ngg-gallery-thumbnail\">\n            <a href=\"https:\/\/www.camperonline.it\/magazine\/wp-content\/gallery\/anteprime-2021-rapido\/24-RAPIDO-C56.jpg\"\n               title=\"\"\n               data-src=\"https:\/\/www.camperonline.it\/magazine\/wp-content\/gallery\/anteprime-2021-rapido\/24-RAPIDO-C56.jpg\"\n               data-thumbnail=\"https:\/\/www.camperonline.it\/magazine\/wp-content\/gallery\/anteprime-2021-rapido\/thumbs\/thumbs_24-RAPIDO-C56.jpg\"\n               data-image-id=\"116774\"\n               data-title=\"24-RAPIDO-C56\"\n               data-description=\"\"\n               data-image-slug=\"24-rapido-c56\"\n               class=\"ngg-fancybox\" rel=\"9372c86bb77385005561aa685b6d7e13\">\n                <img\n                    title=\"24-RAPIDO-C56\"\n                    alt=\"24-RAPIDO-C56\"\n                    src=\"https:\/\/www.camperonline.it\/magazine\/wp-content\/gallery\/anteprime-2021-rapido\/thumbs\/thumbs_24-RAPIDO-C56.jpg\"\n                    width=\"240\"\n                    height=\"160\"\n                    style=\"max-width:100%;\"\n                \/>\n            <\/a>\n        <\/div>\n\t\t\t\t\t\t\t<\/div> \n\t\t\t\n\t\t\t\t<div id=\"ngg-image-5\" class=\"ngg-gallery-thumbnail-box ngg-5-columns\" >\n\t\t\t\t        <div class=\"ngg-gallery-thumbnail\">\n            <a href=\"https:\/\/www.camperonline.it\/magazine\/wp-content\/gallery\/anteprime-2021-rapido\/26-RAPIDO-C56.jpg\"\n               title=\"\"\n               data-src=\"https:\/\/www.camperonline.it\/magazine\/wp-content\/gallery\/anteprime-2021-rapido\/26-RAPIDO-C56.jpg\"\n               data-thumbnail=\"https:\/\/www.camperonline.it\/magazine\/wp-content\/gallery\/anteprime-2021-rapido\/thumbs\/thumbs_26-RAPIDO-C56.jpg\"\n               data-image-id=\"116775\"\n               data-title=\"26-RAPIDO-C56\"\n               data-description=\"\"\n               data-image-slug=\"26-rapido-c56\"\n               class=\"ngg-fancybox\" rel=\"9372c86bb77385005561aa685b6d7e13\">\n                <img\n                    title=\"26-RAPIDO-C56\"\n                    alt=\"26-RAPIDO-C56\"\n                    src=\"https:\/\/www.camperonline.it\/magazine\/wp-content\/gallery\/anteprime-2021-rapido\/thumbs\/thumbs_26-RAPIDO-C56.jpg\"\n                    width=\"240\"\n                    height=\"160\"\n                    style=\"max-width:100%;\"\n                \/>\n            <\/a>\n        <\/div>\n\t\t\t\t\t\t\t<\/div> \n\t\t\t\n\t\t\t\t<div id=\"ngg-image-6\" class=\"ngg-gallery-thumbnail-box ngg-5-columns\" >\n\t\t\t\t        <div class=\"ngg-gallery-thumbnail\">\n            <a href=\"https:\/\/www.camperonline.it\/magazine\/wp-content\/gallery\/anteprime-2021-rapido\/29-RAPIDO-C56.jpg\"\n               title=\"\"\n               data-src=\"https:\/\/www.camperonline.it\/magazine\/wp-content\/gallery\/anteprime-2021-rapido\/29-RAPIDO-C56.jpg\"\n               data-thumbnail=\"https:\/\/www.camperonline.it\/magazine\/wp-content\/gallery\/anteprime-2021-rapido\/thumbs\/thumbs_29-RAPIDO-C56.jpg\"\n               data-image-id=\"116776\"\n               data-title=\"29-RAPIDO-C56\"\n               data-description=\"\"\n               data-image-slug=\"29-rapido-c56\"\n               class=\"ngg-fancybox\" rel=\"9372c86bb77385005561aa685b6d7e13\">\n                <img\n                    title=\"29-RAPIDO-C56\"\n                    alt=\"29-RAPIDO-C56\"\n                    src=\"https:\/\/www.camperonline.it\/magazine\/wp-content\/gallery\/anteprime-2021-rapido\/thumbs\/thumbs_29-RAPIDO-C56.jpg\"\n                    width=\"240\"\n                    height=\"160\"\n                    style=\"max-width:100%;\"\n                \/>\n            <\/a>\n        <\/div>\n\t\t\t\t\t\t\t<\/div> \n\t\t\t\n\t\t\t\t<div id=\"ngg-image-7\" class=\"ngg-gallery-thumbnail-box ngg-5-columns\" >\n\t\t\t\t        <div class=\"ngg-gallery-thumbnail\">\n            <a href=\"https:\/\/www.camperonline.it\/magazine\/wp-content\/gallery\/anteprime-2021-rapido\/30-RAPIDO-C56.jpg\"\n               title=\"\"\n               data-src=\"https:\/\/www.camperonline.it\/magazine\/wp-content\/gallery\/anteprime-2021-rapido\/30-RAPIDO-C56.jpg\"\n               data-thumbnail=\"https:\/\/www.camperonline.it\/magazine\/wp-content\/gallery\/anteprime-2021-rapido\/thumbs\/thumbs_30-RAPIDO-C56.jpg\"\n               data-image-id=\"116777\"\n               data-title=\"30-RAPIDO-C56\"\n               data-description=\"\"\n               data-image-slug=\"30-rapido-c56\"\n               class=\"ngg-fancybox\" rel=\"9372c86bb77385005561aa685b6d7e13\">\n                <img\n                    title=\"30-RAPIDO-C56\"\n                    alt=\"30-RAPIDO-C56\"\n                    src=\"https:\/\/www.camperonline.it\/magazine\/wp-content\/gallery\/anteprime-2021-rapido\/thumbs\/thumbs_30-RAPIDO-C56.jpg\"\n                    width=\"240\"\n                    height=\"160\"\n                    style=\"max-width:100%;\"\n                \/>\n            <\/a>\n        <\/div>\n\t\t\t\t\t\t\t<\/div> \n\t\t\t\n\t\t\t\t<div id=\"ngg-image-8\" class=\"ngg-gallery-thumbnail-box ngg-5-columns\" >\n\t\t\t\t        <div class=\"ngg-gallery-thumbnail\">\n            <a href=\"https:\/\/www.camperonline.it\/magazine\/wp-content\/gallery\/anteprime-2021-rapido\/33-RAPIDO-C56.jpg\"\n               title=\"\"\n               data-src=\"https:\/\/www.camperonline.it\/magazine\/wp-content\/gallery\/anteprime-2021-rapido\/33-RAPIDO-C56.jpg\"\n               data-thumbnail=\"https:\/\/www.camperonline.it\/magazine\/wp-content\/gallery\/anteprime-2021-rapido\/thumbs\/thumbs_33-RAPIDO-C56.jpg\"\n               data-image-id=\"116778\"\n               data-title=\"33-RAPIDO-C56\"\n               data-description=\"\"\n               data-image-slug=\"33-rapido-c56\"\n               class=\"ngg-fancybox\" rel=\"9372c86bb77385005561aa685b6d7e13\">\n                <img\n                    title=\"33-RAPIDO-C56\"\n                    alt=\"33-RAPIDO-C56\"\n                    src=\"https:\/\/www.camperonline.it\/magazine\/wp-content\/gallery\/anteprime-2021-rapido\/thumbs\/thumbs_33-RAPIDO-C56.jpg\"\n                    width=\"240\"\n                    height=\"160\"\n                    style=\"max-width:100%;\"\n                \/>\n            <\/a>\n        <\/div>\n\t\t\t\t\t\t\t<\/div> \n\t\t\t\n\t\t\t\t<div id=\"ngg-image-9\" class=\"ngg-gallery-thumbnail-box ngg-5-columns\" >\n\t\t\t\t        <div class=\"ngg-gallery-thumbnail\">\n            <a href=\"https:\/\/www.camperonline.it\/magazine\/wp-content\/gallery\/anteprime-2021-rapido\/39-RAPIDO-C56.jpg\"\n               title=\"\"\n               data-src=\"https:\/\/www.camperonline.it\/magazine\/wp-content\/gallery\/anteprime-2021-rapido\/39-RAPIDO-C56.jpg\"\n               data-thumbnail=\"https:\/\/www.camperonline.it\/magazine\/wp-content\/gallery\/anteprime-2021-rapido\/thumbs\/thumbs_39-RAPIDO-C56.jpg\"\n               data-image-id=\"116779\"\n               data-title=\"39-RAPIDO-C56\"\n               data-description=\"\"\n               data-image-slug=\"39-rapido-c56\"\n               class=\"ngg-fancybox\" rel=\"9372c86bb77385005561aa685b6d7e13\">\n                <img\n                    title=\"39-RAPIDO-C56\"\n                    alt=\"39-RAPIDO-C56\"\n                    src=\"https:\/\/www.camperonline.it\/magazine\/wp-content\/gallery\/anteprime-2021-rapido\/thumbs\/thumbs_39-RAPIDO-C56.jpg\"\n                    width=\"240\"\n                    height=\"160\"\n                    style=\"max-width:100%;\"\n                \/>\n            <\/a>\n        <\/div>\n\t\t\t\t\t\t\t<\/div> \n\t\t\t\n\t\t\t\t<div id=\"ngg-image-10\" class=\"ngg-gallery-thumbnail-box ngg-5-columns\" >\n\t\t\t\t        <div class=\"ngg-gallery-thumbnail\">\n            <a href=\"https:\/\/www.camperonline.it\/magazine\/wp-content\/gallery\/anteprime-2021-rapido\/48-RAPIDO-C56.jpg\"\n               title=\"\"\n               data-src=\"https:\/\/www.camperonline.it\/magazine\/wp-content\/gallery\/anteprime-2021-rapido\/48-RAPIDO-C56.jpg\"\n               data-thumbnail=\"https:\/\/www.camperonline.it\/magazine\/wp-content\/gallery\/anteprime-2021-rapido\/thumbs\/thumbs_48-RAPIDO-C56.jpg\"\n               data-image-id=\"116780\"\n               data-title=\"48-RAPIDO-C56\"\n               data-description=\"\"\n               data-image-slug=\"48-rapido-c56\"\n               class=\"ngg-fancybox\" rel=\"9372c86bb77385005561aa685b6d7e13\">\n                <img\n                    title=\"48-RAPIDO-C56\"\n                    alt=\"48-RAPIDO-C56\"\n                    src=\"https:\/\/www.camperonline.it\/magazine\/wp-content\/gallery\/anteprime-2021-rapido\/thumbs\/thumbs_48-RAPIDO-C56.jpg\"\n                    width=\"240\"\n                    height=\"160\"\n                    style=\"max-width:100%;\"\n                \/>\n            <\/a>\n        <\/div>\n\t\t\t\t\t\t\t<\/div> \n\t\t\t\n\t\t\t\t<div id=\"ngg-image-11\" class=\"ngg-gallery-thumbnail-box ngg-5-columns\" >\n\t\t\t\t        <div class=\"ngg-gallery-thumbnail\">\n            <a href=\"https:\/\/www.camperonline.it\/magazine\/wp-content\/gallery\/anteprime-2021-rapido\/49-RAPIDO-C56.jpg\"\n               title=\"\"\n               data-src=\"https:\/\/www.camperonline.it\/magazine\/wp-content\/gallery\/anteprime-2021-rapido\/49-RAPIDO-C56.jpg\"\n               data-thumbnail=\"https:\/\/www.camperonline.it\/magazine\/wp-content\/gallery\/anteprime-2021-rapido\/thumbs\/thumbs_49-RAPIDO-C56.jpg\"\n               data-image-id=\"116781\"\n               data-title=\"49-RAPIDO-C56\"\n               data-description=\"\"\n               data-image-slug=\"49-rapido-c56\"\n               class=\"ngg-fancybox\" rel=\"9372c86bb77385005561aa685b6d7e13\">\n                <img\n                    title=\"49-RAPIDO-C56\"\n                    alt=\"49-RAPIDO-C56\"\n                    src=\"https:\/\/www.camperonline.it\/magazine\/wp-content\/gallery\/anteprime-2021-rapido\/thumbs\/thumbs_49-RAPIDO-C56.jpg\"\n                    width=\"240\"\n                    height=\"160\"\n                    style=\"max-width:100%;\"\n                \/>\n            <\/a>\n        <\/div>\n\t\t\t\t\t\t\t<\/div> \n\t\t\t\n\t\t\t\t<div id=\"ngg-image-12\" class=\"ngg-gallery-thumbnail-box ngg-5-columns\" >\n\t\t\t\t        <div class=\"ngg-gallery-thumbnail\">\n            <a href=\"https:\/\/www.camperonline.it\/magazine\/wp-content\/gallery\/anteprime-2021-rapido\/50-RAPIDO-C56.jpg\"\n               title=\"\"\n               data-src=\"https:\/\/www.camperonline.it\/magazine\/wp-content\/gallery\/anteprime-2021-rapido\/50-RAPIDO-C56.jpg\"\n               data-thumbnail=\"https:\/\/www.camperonline.it\/magazine\/wp-content\/gallery\/anteprime-2021-rapido\/thumbs\/thumbs_50-RAPIDO-C56.jpg\"\n               data-image-id=\"116782\"\n               data-title=\"50-RAPIDO-C56\"\n               data-description=\"\"\n               data-image-slug=\"50-rapido-c56\"\n               class=\"ngg-fancybox\" rel=\"9372c86bb77385005561aa685b6d7e13\">\n                <img\n                    title=\"50-RAPIDO-C56\"\n                    alt=\"50-RAPIDO-C56\"\n                    src=\"https:\/\/www.camperonline.it\/magazine\/wp-content\/gallery\/anteprime-2021-rapido\/thumbs\/thumbs_50-RAPIDO-C56.jpg\"\n                    width=\"240\"\n                    height=\"160\"\n                    style=\"max-width:100%;\"\n                \/>\n            <\/a>\n        <\/div>\n\t\t\t\t\t\t\t<\/div> \n\t\t\t\n\t\t\t\t<div id=\"ngg-image-13\" class=\"ngg-gallery-thumbnail-box ngg-5-columns\" >\n\t\t\t\t        <div class=\"ngg-gallery-thumbnail\">\n            <a href=\"https:\/\/www.camperonline.it\/magazine\/wp-content\/gallery\/anteprime-2021-rapido\/51-RAPIDO-C56.jpg\"\n               title=\"\"\n               data-src=\"https:\/\/www.camperonline.it\/magazine\/wp-content\/gallery\/anteprime-2021-rapido\/51-RAPIDO-C56.jpg\"\n               data-thumbnail=\"https:\/\/www.camperonline.it\/magazine\/wp-content\/gallery\/anteprime-2021-rapido\/thumbs\/thumbs_51-RAPIDO-C56.jpg\"\n               data-image-id=\"116783\"\n               data-title=\"51-RAPIDO-C56\"\n               data-description=\"\"\n               data-image-slug=\"51-rapido-c56\"\n               class=\"ngg-fancybox\" rel=\"9372c86bb77385005561aa685b6d7e13\">\n                <img\n                    title=\"51-RAPIDO-C56\"\n                    alt=\"51-RAPIDO-C56\"\n                    src=\"https:\/\/www.camperonline.it\/magazine\/wp-content\/gallery\/anteprime-2021-rapido\/thumbs\/thumbs_51-RAPIDO-C56.jpg\"\n                    width=\"240\"\n                    height=\"160\"\n                    style=\"max-width:100%;\"\n                \/>\n            <\/a>\n        <\/div>\n\t\t\t\t\t\t\t<\/div> \n\t\t\t\n\t\t\t\t<div id=\"ngg-image-14\" class=\"ngg-gallery-thumbnail-box ngg-5-columns\" >\n\t\t\t\t        <div class=\"ngg-gallery-thumbnail\">\n            <a href=\"https:\/\/www.camperonline.it\/magazine\/wp-content\/gallery\/anteprime-2021-rapido\/55-RAPIDO-C56.jpg\"\n               title=\"\"\n               data-src=\"https:\/\/www.camperonline.it\/magazine\/wp-content\/gallery\/anteprime-2021-rapido\/55-RAPIDO-C56.jpg\"\n               data-thumbnail=\"https:\/\/www.camperonline.it\/magazine\/wp-content\/gallery\/anteprime-2021-rapido\/thumbs\/thumbs_55-RAPIDO-C56.jpg\"\n               data-image-id=\"116784\"\n               data-title=\"55-RAPIDO-C56\"\n               data-description=\"\"\n               data-image-slug=\"55-rapido-c56\"\n               class=\"ngg-fancybox\" rel=\"9372c86bb77385005561aa685b6d7e13\">\n                <img\n                    title=\"55-RAPIDO-C56\"\n                    alt=\"55-RAPIDO-C56\"\n                    src=\"https:\/\/www.camperonline.it\/magazine\/wp-content\/gallery\/anteprime-2021-rapido\/thumbs\/thumbs_55-RAPIDO-C56.jpg\"\n                    width=\"240\"\n                    height=\"160\"\n                    style=\"max-width:100%;\"\n                \/>\n            <\/a>\n        <\/div>\n\t\t\t\t\t\t\t<\/div> \n\t\t\t\n\t\t\t\t<div id=\"ngg-image-15\" class=\"ngg-gallery-thumbnail-box ngg-5-columns\" >\n\t\t\t\t        <div class=\"ngg-gallery-thumbnail\">\n            <a href=\"https:\/\/www.camperonline.it\/magazine\/wp-content\/gallery\/anteprime-2021-rapido\/58-RAPIDO-C56.jpg\"\n               title=\"\"\n               data-src=\"https:\/\/www.camperonline.it\/magazine\/wp-content\/gallery\/anteprime-2021-rapido\/58-RAPIDO-C56.jpg\"\n               data-thumbnail=\"https:\/\/www.camperonline.it\/magazine\/wp-content\/gallery\/anteprime-2021-rapido\/thumbs\/thumbs_58-RAPIDO-C56.jpg\"\n               data-image-id=\"116785\"\n               data-title=\"58-RAPIDO-C56\"\n               data-description=\"\"\n               data-image-slug=\"58-rapido-c56\"\n               class=\"ngg-fancybox\" rel=\"9372c86bb77385005561aa685b6d7e13\">\n                <img\n                    title=\"58-RAPIDO-C56\"\n                    alt=\"58-RAPIDO-C56\"\n                    src=\"https:\/\/www.camperonline.it\/magazine\/wp-content\/gallery\/anteprime-2021-rapido\/thumbs\/thumbs_58-RAPIDO-C56.jpg\"\n                    width=\"240\"\n                    height=\"160\"\n                    style=\"max-width:100%;\"\n                \/>\n            <\/a>\n        <\/div>\n\t\t\t\t\t\t\t<\/div> \n\t\t\t\n\t\t\t\t<div id=\"ngg-image-16\" class=\"ngg-gallery-thumbnail-box ngg-5-columns\" >\n\t\t\t\t        <div class=\"ngg-gallery-thumbnail\">\n            <a href=\"https:\/\/www.camperonline.it\/magazine\/wp-content\/gallery\/anteprime-2021-rapido\/59-RAPIDO-C56.jpg\"\n               title=\"\"\n               data-src=\"https:\/\/www.camperonline.it\/magazine\/wp-content\/gallery\/anteprime-2021-rapido\/59-RAPIDO-C56.jpg\"\n               data-thumbnail=\"https:\/\/www.camperonline.it\/magazine\/wp-content\/gallery\/anteprime-2021-rapido\/thumbs\/thumbs_59-RAPIDO-C56.jpg\"\n               data-image-id=\"116786\"\n               data-title=\"59-RAPIDO-C56\"\n               data-description=\"\"\n               data-image-slug=\"59-rapido-c56\"\n               class=\"ngg-fancybox\" rel=\"9372c86bb77385005561aa685b6d7e13\">\n                <img\n                    title=\"59-RAPIDO-C56\"\n                    alt=\"59-RAPIDO-C56\"\n                    src=\"https:\/\/www.camperonline.it\/magazine\/wp-content\/gallery\/anteprime-2021-rapido\/thumbs\/thumbs_59-RAPIDO-C56.jpg\"\n                    width=\"240\"\n                    height=\"160\"\n                    style=\"max-width:100%;\"\n                \/>\n            <\/a>\n        <\/div>\n\t\t\t\t\t\t\t<\/div> \n\t\t\t\n\t\t\t\t<div id=\"ngg-image-17\" class=\"ngg-gallery-thumbnail-box ngg-5-columns\" >\n\t\t\t\t        <div class=\"ngg-gallery-thumbnail\">\n            <a href=\"https:\/\/www.camperonline.it\/magazine\/wp-content\/gallery\/anteprime-2021-rapido\/64-RAPIDO-C56.jpg\"\n               title=\"\"\n               data-src=\"https:\/\/www.camperonline.it\/magazine\/wp-content\/gallery\/anteprime-2021-rapido\/64-RAPIDO-C56.jpg\"\n               data-thumbnail=\"https:\/\/www.camperonline.it\/magazine\/wp-content\/gallery\/anteprime-2021-rapido\/thumbs\/thumbs_64-RAPIDO-C56.jpg\"\n               data-image-id=\"116787\"\n               data-title=\"64-RAPIDO-C56\"\n               data-description=\"\"\n               data-image-slug=\"64-rapido-c56\"\n               class=\"ngg-fancybox\" rel=\"9372c86bb77385005561aa685b6d7e13\">\n                <img\n                    title=\"64-RAPIDO-C56\"\n                    alt=\"64-RAPIDO-C56\"\n                    src=\"https:\/\/www.camperonline.it\/magazine\/wp-content\/gallery\/anteprime-2021-rapido\/thumbs\/thumbs_64-RAPIDO-C56.jpg\"\n                    width=\"240\"\n                    height=\"160\"\n                    style=\"max-width:100%;\"\n                \/>\n            <\/a>\n        <\/div>\n\t\t\t\t\t\t\t<\/div> \n\t\t\t\n\t\t\t\t<div id=\"ngg-image-18\" class=\"ngg-gallery-thumbnail-box ngg-5-columns\" >\n\t\t\t\t        <div class=\"ngg-gallery-thumbnail\">\n            <a href=\"https:\/\/www.camperonline.it\/magazine\/wp-content\/gallery\/anteprime-2021-rapido\/65-RAPIDO-C56.jpg\"\n               title=\"\"\n               data-src=\"https:\/\/www.camperonline.it\/magazine\/wp-content\/gallery\/anteprime-2021-rapido\/65-RAPIDO-C56.jpg\"\n               data-thumbnail=\"https:\/\/www.camperonline.it\/magazine\/wp-content\/gallery\/anteprime-2021-rapido\/thumbs\/thumbs_65-RAPIDO-C56.jpg\"\n               data-image-id=\"116788\"\n               data-title=\"65-RAPIDO-C56\"\n               data-description=\"\"\n               data-image-slug=\"65-rapido-c56\"\n               class=\"ngg-fancybox\" rel=\"9372c86bb77385005561aa685b6d7e13\">\n                <img\n                    title=\"65-RAPIDO-C56\"\n                    alt=\"65-RAPIDO-C56\"\n                    src=\"https:\/\/www.camperonline.it\/magazine\/wp-content\/gallery\/anteprime-2021-rapido\/thumbs\/thumbs_65-RAPIDO-C56.jpg\"\n                    width=\"240\"\n                    height=\"160\"\n                    style=\"max-width:100%;\"\n                \/>\n            <\/a>\n        <\/div>\n\t\t\t\t\t\t\t<\/div> \n\t\t\t\n\t\t\t\t<div id=\"ngg-image-19\" class=\"ngg-gallery-thumbnail-box ngg-5-columns\" >\n\t\t\t\t        <div class=\"ngg-gallery-thumbnail\">\n            <a href=\"https:\/\/www.camperonline.it\/magazine\/wp-content\/gallery\/anteprime-2021-rapido\/10-RAPIDO-C86.jpg\"\n               title=\"\"\n               data-src=\"https:\/\/www.camperonline.it\/magazine\/wp-content\/gallery\/anteprime-2021-rapido\/10-RAPIDO-C86.jpg\"\n               data-thumbnail=\"https:\/\/www.camperonline.it\/magazine\/wp-content\/gallery\/anteprime-2021-rapido\/thumbs\/thumbs_10-RAPIDO-C86.jpg\"\n               data-image-id=\"116791\"\n               data-title=\"10-RAPIDO-C86\"\n               data-description=\"\"\n               data-image-slug=\"10-rapido-c86\"\n               class=\"ngg-fancybox\" rel=\"9372c86bb77385005561aa685b6d7e13\">\n                <img\n                    title=\"10-RAPIDO-C86\"\n                    alt=\"10-RAPIDO-C86\"\n                    src=\"https:\/\/www.camperonline.it\/magazine\/wp-content\/gallery\/anteprime-2021-rapido\/thumbs\/thumbs_10-RAPIDO-C86.jpg\"\n                    width=\"240\"\n                    height=\"160\"\n                    style=\"max-width:100%;\"\n                \/>\n            <\/a>\n        <\/div>\n\t\t\t\t\t\t\t<\/div> \n\t\t\t\n\t\t\t\t<div id=\"ngg-image-20\" class=\"ngg-gallery-thumbnail-box ngg-5-columns\" >\n\t\t\t\t        <div class=\"ngg-gallery-thumbnail\">\n            <a href=\"https:\/\/www.camperonline.it\/magazine\/wp-content\/gallery\/anteprime-2021-rapido\/05-RAPIDO-C86.jpg\"\n               title=\"\"\n               data-src=\"https:\/\/www.camperonline.it\/magazine\/wp-content\/gallery\/anteprime-2021-rapido\/05-RAPIDO-C86.jpg\"\n               data-thumbnail=\"https:\/\/www.camperonline.it\/magazine\/wp-content\/gallery\/anteprime-2021-rapido\/thumbs\/thumbs_05-RAPIDO-C86.jpg\"\n               data-image-id=\"116790\"\n               data-title=\"05-RAPIDO-C86\"\n               data-description=\"\"\n               data-image-slug=\"05-rapido-c86\"\n               class=\"ngg-fancybox\" rel=\"9372c86bb77385005561aa685b6d7e13\">\n                <img\n                    title=\"05-RAPIDO-C86\"\n                    alt=\"05-RAPIDO-C86\"\n                    src=\"https:\/\/www.camperonline.it\/magazine\/wp-content\/gallery\/anteprime-2021-rapido\/thumbs\/thumbs_05-RAPIDO-C86.jpg\"\n                    width=\"240\"\n                    height=\"160\"\n                    style=\"max-width:100%;\"\n                \/>\n            <\/a>\n        <\/div>\n\t\t\t\t\t\t\t<\/div> \n\t\t\t\n\t\t\t\t<div id=\"ngg-image-21\" class=\"ngg-gallery-thumbnail-box ngg-5-columns\" >\n\t\t\t\t        <div class=\"ngg-gallery-thumbnail\">\n            <a href=\"https:\/\/www.camperonline.it\/magazine\/wp-content\/gallery\/anteprime-2021-rapido\/11-RAPIDO-C86.jpg\"\n               title=\"\"\n               data-src=\"https:\/\/www.camperonline.it\/magazine\/wp-content\/gallery\/anteprime-2021-rapido\/11-RAPIDO-C86.jpg\"\n               data-thumbnail=\"https:\/\/www.camperonline.it\/magazine\/wp-content\/gallery\/anteprime-2021-rapido\/thumbs\/thumbs_11-RAPIDO-C86.jpg\"\n               data-image-id=\"116792\"\n               data-title=\"11-RAPIDO-C86\"\n               data-description=\"\"\n               data-image-slug=\"11-rapido-c86\"\n               class=\"ngg-fancybox\" rel=\"9372c86bb77385005561aa685b6d7e13\">\n                <img\n                    title=\"11-RAPIDO-C86\"\n                    alt=\"11-RAPIDO-C86\"\n                    src=\"https:\/\/www.camperonline.it\/magazine\/wp-content\/gallery\/anteprime-2021-rapido\/thumbs\/thumbs_11-RAPIDO-C86.jpg\"\n                    width=\"240\"\n                    height=\"160\"\n                    style=\"max-width:100%;\"\n                \/>\n            <\/a>\n        <\/div>\n\t\t\t\t\t\t\t<\/div> \n\t\t\t\n\t\t\t\t<div id=\"ngg-image-22\" class=\"ngg-gallery-thumbnail-box ngg-5-columns\" >\n\t\t\t\t        <div class=\"ngg-gallery-thumbnail\">\n            <a href=\"https:\/\/www.camperonline.it\/magazine\/wp-content\/gallery\/anteprime-2021-rapido\/04-RAPIDO-C86.jpg\"\n               title=\"\"\n               data-src=\"https:\/\/www.camperonline.it\/magazine\/wp-content\/gallery\/anteprime-2021-rapido\/04-RAPIDO-C86.jpg\"\n               data-thumbnail=\"https:\/\/www.camperonline.it\/magazine\/wp-content\/gallery\/anteprime-2021-rapido\/thumbs\/thumbs_04-RAPIDO-C86.jpg\"\n               data-image-id=\"116789\"\n               data-title=\"04-RAPIDO-C86\"\n               data-description=\"\"\n               data-image-slug=\"04-rapido-c86\"\n               class=\"ngg-fancybox\" rel=\"9372c86bb77385005561aa685b6d7e13\">\n                <img\n                    title=\"04-RAPIDO-C86\"\n                    alt=\"04-RAPIDO-C86\"\n                    src=\"https:\/\/www.camperonline.it\/magazine\/wp-content\/gallery\/anteprime-2021-rapido\/thumbs\/thumbs_04-RAPIDO-C86.jpg\"\n                    width=\"240\"\n                    height=\"160\"\n                    style=\"max-width:100%;\"\n                \/>\n            <\/a>\n        <\/div>\n\t\t\t\t\t\t\t<\/div> \n\t\t\t\n\t\t\t\t<div id=\"ngg-image-23\" class=\"ngg-gallery-thumbnail-box ngg-5-columns\" >\n\t\t\t\t        <div class=\"ngg-gallery-thumbnail\">\n            <a href=\"https:\/\/www.camperonline.it\/magazine\/wp-content\/gallery\/anteprime-2021-rapido\/15-RAPIDO-C86.jpg\"\n               title=\"\"\n               data-src=\"https:\/\/www.camperonline.it\/magazine\/wp-content\/gallery\/anteprime-2021-rapido\/15-RAPIDO-C86.jpg\"\n               data-thumbnail=\"https:\/\/www.camperonline.it\/magazine\/wp-content\/gallery\/anteprime-2021-rapido\/thumbs\/thumbs_15-RAPIDO-C86.jpg\"\n               data-image-id=\"116793\"\n               data-title=\"15-RAPIDO-C86\"\n               data-description=\"\"\n               data-image-slug=\"15-rapido-c86\"\n               class=\"ngg-fancybox\" rel=\"9372c86bb77385005561aa685b6d7e13\">\n                <img\n                    title=\"15-RAPIDO-C86\"\n                    alt=\"15-RAPIDO-C86\"\n                    src=\"https:\/\/www.camperonline.it\/magazine\/wp-content\/gallery\/anteprime-2021-rapido\/thumbs\/thumbs_15-RAPIDO-C86.jpg\"\n                    width=\"240\"\n                    height=\"160\"\n                    style=\"max-width:100%;\"\n                \/>\n            <\/a>\n        <\/div>\n\t\t\t\t\t\t\t<\/div> \n\t\t\t\n\t\t\t\t<div id=\"ngg-image-24\" class=\"ngg-gallery-thumbnail-box ngg-5-columns\" >\n\t\t\t\t        <div class=\"ngg-gallery-thumbnail\">\n            <a href=\"https:\/\/www.camperonline.it\/magazine\/wp-content\/gallery\/anteprime-2021-rapido\/18-RAPIDO-C86.jpg\"\n               title=\"\"\n               data-src=\"https:\/\/www.camperonline.it\/magazine\/wp-content\/gallery\/anteprime-2021-rapido\/18-RAPIDO-C86.jpg\"\n               data-thumbnail=\"https:\/\/www.camperonline.it\/magazine\/wp-content\/gallery\/anteprime-2021-rapido\/thumbs\/thumbs_18-RAPIDO-C86.jpg\"\n               data-image-id=\"116794\"\n               data-title=\"18-RAPIDO-C86\"\n               data-description=\"\"\n               data-image-slug=\"18-rapido-c86\"\n               class=\"ngg-fancybox\" rel=\"9372c86bb77385005561aa685b6d7e13\">\n                <img\n                    title=\"18-RAPIDO-C86\"\n                    alt=\"18-RAPIDO-C86\"\n                    src=\"https:\/\/www.camperonline.it\/magazine\/wp-content\/gallery\/anteprime-2021-rapido\/thumbs\/thumbs_18-RAPIDO-C86.jpg\"\n                    width=\"240\"\n                    height=\"160\"\n                    style=\"max-width:100%;\"\n                \/>\n            <\/a>\n        <\/div>\n\t\t\t\t\t\t\t<\/div> \n\t\t\t\n\t\t\t\t<div id=\"ngg-image-25\" class=\"ngg-gallery-thumbnail-box ngg-5-columns\" >\n\t\t\t\t        <div class=\"ngg-gallery-thumbnail\">\n            <a href=\"https:\/\/www.camperonline.it\/magazine\/wp-content\/gallery\/anteprime-2021-rapido\/19-RAPIDO-C86.jpg\"\n               title=\"\"\n               data-src=\"https:\/\/www.camperonline.it\/magazine\/wp-content\/gallery\/anteprime-2021-rapido\/19-RAPIDO-C86.jpg\"\n               data-thumbnail=\"https:\/\/www.camperonline.it\/magazine\/wp-content\/gallery\/anteprime-2021-rapido\/thumbs\/thumbs_19-RAPIDO-C86.jpg\"\n               data-image-id=\"116795\"\n               data-title=\"19-RAPIDO-C86\"\n               data-description=\"\"\n               data-image-slug=\"19-rapido-c86\"\n               class=\"ngg-fancybox\" rel=\"9372c86bb77385005561aa685b6d7e13\">\n                <img\n                    title=\"19-RAPIDO-C86\"\n                    alt=\"19-RAPIDO-C86\"\n                    src=\"https:\/\/www.camperonline.it\/magazine\/wp-content\/gallery\/anteprime-2021-rapido\/thumbs\/thumbs_19-RAPIDO-C86.jpg\"\n                    width=\"240\"\n                    height=\"160\"\n                    style=\"max-width:100%;\"\n                \/>\n            <\/a>\n        <\/div>\n\t\t\t\t\t\t\t<\/div> \n\t\t\t\n\t\t\t\t<div id=\"ngg-image-26\" class=\"ngg-gallery-thumbnail-box ngg-5-columns\" >\n\t\t\t\t        <div class=\"ngg-gallery-thumbnail\">\n            <a href=\"https:\/\/www.camperonline.it\/magazine\/wp-content\/gallery\/anteprime-2021-rapido\/21-RAPIDO-C86.jpg\"\n               title=\"\"\n               data-src=\"https:\/\/www.camperonline.it\/magazine\/wp-content\/gallery\/anteprime-2021-rapido\/21-RAPIDO-C86.jpg\"\n               data-thumbnail=\"https:\/\/www.camperonline.it\/magazine\/wp-content\/gallery\/anteprime-2021-rapido\/thumbs\/thumbs_21-RAPIDO-C86.jpg\"\n               data-image-id=\"116796\"\n               data-title=\"21-RAPIDO-C86\"\n               data-description=\"\"\n               data-image-slug=\"21-rapido-c86\"\n               class=\"ngg-fancybox\" rel=\"9372c86bb77385005561aa685b6d7e13\">\n                <img\n                    title=\"21-RAPIDO-C86\"\n                    alt=\"21-RAPIDO-C86\"\n                    src=\"https:\/\/www.camperonline.it\/magazine\/wp-content\/gallery\/anteprime-2021-rapido\/thumbs\/thumbs_21-RAPIDO-C86.jpg\"\n                    width=\"240\"\n                    height=\"160\"\n                    style=\"max-width:100%;\"\n                \/>\n            <\/a>\n        <\/div>\n\t\t\t\t\t\t\t<\/div> \n\t\t\t\n\t\t\t\t<div id=\"ngg-image-27\" class=\"ngg-gallery-thumbnail-box ngg-5-columns\" >\n\t\t\t\t        <div class=\"ngg-gallery-thumbnail\">\n            <a href=\"https:\/\/www.camperonline.it\/magazine\/wp-content\/gallery\/anteprime-2021-rapido\/26-RAPIDO-C86.jpg\"\n               title=\"\"\n               data-src=\"https:\/\/www.camperonline.it\/magazine\/wp-content\/gallery\/anteprime-2021-rapido\/26-RAPIDO-C86.jpg\"\n               data-thumbnail=\"https:\/\/www.camperonline.it\/magazine\/wp-content\/gallery\/anteprime-2021-rapido\/thumbs\/thumbs_26-RAPIDO-C86.jpg\"\n               data-image-id=\"116797\"\n               data-title=\"26-RAPIDO-C86\"\n               data-description=\"\"\n               data-image-slug=\"26-rapido-c86\"\n               class=\"ngg-fancybox\" rel=\"9372c86bb77385005561aa685b6d7e13\">\n                <img\n                    title=\"26-RAPIDO-C86\"\n                    alt=\"26-RAPIDO-C86\"\n                    src=\"https:\/\/www.camperonline.it\/magazine\/wp-content\/gallery\/anteprime-2021-rapido\/thumbs\/thumbs_26-RAPIDO-C86.jpg\"\n                    width=\"240\"\n                    height=\"160\"\n                    style=\"max-width:100%;\"\n                \/>\n            <\/a>\n        <\/div>\n\t\t\t\t\t\t\t<\/div> \n\t\t\t\n\t\t\t\t<div id=\"ngg-image-28\" class=\"ngg-gallery-thumbnail-box ngg-5-columns\" >\n\t\t\t\t        <div class=\"ngg-gallery-thumbnail\">\n            <a href=\"https:\/\/www.camperonline.it\/magazine\/wp-content\/gallery\/anteprime-2021-rapido\/27-RAPIDO-C86.jpg\"\n               title=\"\"\n               data-src=\"https:\/\/www.camperonline.it\/magazine\/wp-content\/gallery\/anteprime-2021-rapido\/27-RAPIDO-C86.jpg\"\n               data-thumbnail=\"https:\/\/www.camperonline.it\/magazine\/wp-content\/gallery\/anteprime-2021-rapido\/thumbs\/thumbs_27-RAPIDO-C86.jpg\"\n               data-image-id=\"116798\"\n               data-title=\"27-RAPIDO-C86\"\n               data-description=\"\"\n               data-image-slug=\"27-rapido-c86\"\n               class=\"ngg-fancybox\" rel=\"9372c86bb77385005561aa685b6d7e13\">\n                <img\n                    title=\"27-RAPIDO-C86\"\n                    alt=\"27-RAPIDO-C86\"\n                    src=\"https:\/\/www.camperonline.it\/magazine\/wp-content\/gallery\/anteprime-2021-rapido\/thumbs\/thumbs_27-RAPIDO-C86.jpg\"\n                    width=\"240\"\n                    height=\"160\"\n                    style=\"max-width:100%;\"\n                \/>\n            <\/a>\n        <\/div>\n\t\t\t\t\t\t\t<\/div> \n\t\t\t\n\t\t\t\t<div id=\"ngg-image-29\" class=\"ngg-gallery-thumbnail-box ngg-5-columns\" >\n\t\t\t\t        <div class=\"ngg-gallery-thumbnail\">\n            <a href=\"https:\/\/www.camperonline.it\/magazine\/wp-content\/gallery\/anteprime-2021-rapido\/47-RAPIDO-C86.jpg\"\n               title=\"\"\n               data-src=\"https:\/\/www.camperonline.it\/magazine\/wp-content\/gallery\/anteprime-2021-rapido\/47-RAPIDO-C86.jpg\"\n               data-thumbnail=\"https:\/\/www.camperonline.it\/magazine\/wp-content\/gallery\/anteprime-2021-rapido\/thumbs\/thumbs_47-RAPIDO-C86.jpg\"\n               data-image-id=\"116799\"\n               data-title=\"47-RAPIDO-C86\"\n               data-description=\"\"\n               data-image-slug=\"47-rapido-c86\"\n               class=\"ngg-fancybox\" rel=\"9372c86bb77385005561aa685b6d7e13\">\n                <img\n                    title=\"47-RAPIDO-C86\"\n                    alt=\"47-RAPIDO-C86\"\n                    src=\"https:\/\/www.camperonline.it\/magazine\/wp-content\/gallery\/anteprime-2021-rapido\/thumbs\/thumbs_47-RAPIDO-C86.jpg\"\n                    width=\"240\"\n                    height=\"160\"\n                    style=\"max-width:100%;\"\n                \/>\n            <\/a>\n        <\/div>\n\t\t\t\t\t\t\t<\/div> \n\t\t\t\n\t\t\t\t<div id=\"ngg-image-30\" class=\"ngg-gallery-thumbnail-box ngg-5-columns\" >\n\t\t\t\t        <div class=\"ngg-gallery-thumbnail\">\n            <a href=\"https:\/\/www.camperonline.it\/magazine\/wp-content\/gallery\/anteprime-2021-rapido\/50-RAPIDO-C86.jpg\"\n               title=\"\"\n               data-src=\"https:\/\/www.camperonline.it\/magazine\/wp-content\/gallery\/anteprime-2021-rapido\/50-RAPIDO-C86.jpg\"\n               data-thumbnail=\"https:\/\/www.camperonline.it\/magazine\/wp-content\/gallery\/anteprime-2021-rapido\/thumbs\/thumbs_50-RAPIDO-C86.jpg\"\n               data-image-id=\"116800\"\n               data-title=\"50-RAPIDO-C86\"\n               data-description=\"\"\n               data-image-slug=\"50-rapido-c86\"\n               class=\"ngg-fancybox\" rel=\"9372c86bb77385005561aa685b6d7e13\">\n                <img\n                    title=\"50-RAPIDO-C86\"\n                    alt=\"50-RAPIDO-C86\"\n                    src=\"https:\/\/www.camperonline.it\/magazine\/wp-content\/gallery\/anteprime-2021-rapido\/thumbs\/thumbs_50-RAPIDO-C86.jpg\"\n                    width=\"240\"\n                    height=\"160\"\n                    style=\"max-width:100%;\"\n                \/>\n            <\/a>\n        <\/div>\n\t\t\t\t\t\t\t<\/div> \n\t\t\t\n\t\t\t\t<div id=\"ngg-image-31\" class=\"ngg-gallery-thumbnail-box ngg-5-columns\" >\n\t\t\t\t        <div class=\"ngg-gallery-thumbnail\">\n            <a href=\"https:\/\/www.camperonline.it\/magazine\/wp-content\/gallery\/anteprime-2021-rapido\/55-RAPIDO-C86.jpg\"\n               title=\"\"\n               data-src=\"https:\/\/www.camperonline.it\/magazine\/wp-content\/gallery\/anteprime-2021-rapido\/55-RAPIDO-C86.jpg\"\n               data-thumbnail=\"https:\/\/www.camperonline.it\/magazine\/wp-content\/gallery\/anteprime-2021-rapido\/thumbs\/thumbs_55-RAPIDO-C86.jpg\"\n               data-image-id=\"116801\"\n               data-title=\"55-RAPIDO-C86\"\n               data-description=\"\"\n               data-image-slug=\"55-rapido-c86\"\n               class=\"ngg-fancybox\" rel=\"9372c86bb77385005561aa685b6d7e13\">\n                <img\n                    title=\"55-RAPIDO-C86\"\n                    alt=\"55-RAPIDO-C86\"\n                    src=\"https:\/\/www.camperonline.it\/magazine\/wp-content\/gallery\/anteprime-2021-rapido\/thumbs\/thumbs_55-RAPIDO-C86.jpg\"\n                    width=\"240\"\n                    height=\"160\"\n                    style=\"max-width:100%;\"\n                \/>\n            <\/a>\n        <\/div>\n\t\t\t\t\t\t\t<\/div> \n\t\t\t\n\t\t\t\t<div id=\"ngg-image-32\" class=\"ngg-gallery-thumbnail-box ngg-5-columns\" >\n\t\t\t\t        <div class=\"ngg-gallery-thumbnail\">\n            <a href=\"https:\/\/www.camperonline.it\/magazine\/wp-content\/gallery\/anteprime-2021-rapido\/56-RAPIDO-C86.jpg\"\n               title=\"\"\n               data-src=\"https:\/\/www.camperonline.it\/magazine\/wp-content\/gallery\/anteprime-2021-rapido\/56-RAPIDO-C86.jpg\"\n               data-thumbnail=\"https:\/\/www.camperonline.it\/magazine\/wp-content\/gallery\/anteprime-2021-rapido\/thumbs\/thumbs_56-RAPIDO-C86.jpg\"\n               data-image-id=\"116802\"\n               data-title=\"56-RAPIDO-C86\"\n               data-description=\"\"\n               data-image-slug=\"56-rapido-c86\"\n               class=\"ngg-fancybox\" rel=\"9372c86bb77385005561aa685b6d7e13\">\n                <img\n                    title=\"56-RAPIDO-C86\"\n                    alt=\"56-RAPIDO-C86\"\n                    src=\"https:\/\/www.camperonline.it\/magazine\/wp-content\/gallery\/anteprime-2021-rapido\/thumbs\/thumbs_56-RAPIDO-C86.jpg\"\n                    width=\"240\"\n                    height=\"160\"\n                    style=\"max-width:100%;\"\n                \/>\n            <\/a>\n        <\/div>\n\t\t\t\t\t\t\t<\/div> \n\t\t\t\n\t\t\t\t<div id=\"ngg-image-33\" class=\"ngg-gallery-thumbnail-box ngg-5-columns\" >\n\t\t\t\t        <div class=\"ngg-gallery-thumbnail\">\n            <a href=\"https:\/\/www.camperonline.it\/magazine\/wp-content\/gallery\/anteprime-2021-rapido\/58-RAPIDO-C86.jpg\"\n               title=\"\"\n               data-src=\"https:\/\/www.camperonline.it\/magazine\/wp-content\/gallery\/anteprime-2021-rapido\/58-RAPIDO-C86.jpg\"\n               data-thumbnail=\"https:\/\/www.camperonline.it\/magazine\/wp-content\/gallery\/anteprime-2021-rapido\/thumbs\/thumbs_58-RAPIDO-C86.jpg\"\n               data-image-id=\"116803\"\n               data-title=\"58-RAPIDO-C86\"\n               data-description=\"\"\n               data-image-slug=\"58-rapido-c86\"\n               class=\"ngg-fancybox\" rel=\"9372c86bb77385005561aa685b6d7e13\">\n                <img\n                    title=\"58-RAPIDO-C86\"\n                    alt=\"58-RAPIDO-C86\"\n                    src=\"https:\/\/www.camperonline.it\/magazine\/wp-content\/gallery\/anteprime-2021-rapido\/thumbs\/thumbs_58-RAPIDO-C86.jpg\"\n                    width=\"240\"\n                    height=\"160\"\n                    style=\"max-width:100%;\"\n                \/>\n            <\/a>\n        <\/div>\n\t\t\t\t\t\t\t<\/div> \n\t\t\t\n\t\t\t\t<div id=\"ngg-image-34\" class=\"ngg-gallery-thumbnail-box ngg-5-columns\" >\n\t\t\t\t        <div class=\"ngg-gallery-thumbnail\">\n            <a href=\"https:\/\/www.camperonline.it\/magazine\/wp-content\/gallery\/anteprime-2021-rapido\/04-RAPIDO-V65-XL.jpg\"\n               title=\"\"\n               data-src=\"https:\/\/www.camperonline.it\/magazine\/wp-content\/gallery\/anteprime-2021-rapido\/04-RAPIDO-V65-XL.jpg\"\n               data-thumbnail=\"https:\/\/www.camperonline.it\/magazine\/wp-content\/gallery\/anteprime-2021-rapido\/thumbs\/thumbs_04-RAPIDO-V65-XL.jpg\"\n               data-image-id=\"116804\"\n               data-title=\"04-RAPIDO-V65-XL\"\n               data-description=\"\"\n               data-image-slug=\"04-rapido-v65-xl\"\n               class=\"ngg-fancybox\" rel=\"9372c86bb77385005561aa685b6d7e13\">\n                <img\n                    title=\"04-RAPIDO-V65-XL\"\n                    alt=\"04-RAPIDO-V65-XL\"\n                    src=\"https:\/\/www.camperonline.it\/magazine\/wp-content\/gallery\/anteprime-2021-rapido\/thumbs\/thumbs_04-RAPIDO-V65-XL.jpg\"\n                    width=\"240\"\n                    height=\"160\"\n                    style=\"max-width:100%;\"\n                \/>\n            <\/a>\n        <\/div>\n\t\t\t\t\t\t\t<\/div> \n\t\t\t\n\t\t\t\t<div id=\"ngg-image-35\" class=\"ngg-gallery-thumbnail-box ngg-5-columns\" >\n\t\t\t\t        <div class=\"ngg-gallery-thumbnail\">\n            <a href=\"https:\/\/www.camperonline.it\/magazine\/wp-content\/gallery\/anteprime-2021-rapido\/08-RAPIDO-V65-XL.jpg\"\n               title=\"\"\n               data-src=\"https:\/\/www.camperonline.it\/magazine\/wp-content\/gallery\/anteprime-2021-rapido\/08-RAPIDO-V65-XL.jpg\"\n               data-thumbnail=\"https:\/\/www.camperonline.it\/magazine\/wp-content\/gallery\/anteprime-2021-rapido\/thumbs\/thumbs_08-RAPIDO-V65-XL.jpg\"\n               data-image-id=\"116805\"\n               data-title=\"08-RAPIDO-V65-XL\"\n               data-description=\"\"\n               data-image-slug=\"08-rapido-v65-xl\"\n               class=\"ngg-fancybox\" rel=\"9372c86bb77385005561aa685b6d7e13\">\n                <img\n                    title=\"08-RAPIDO-V65-XL\"\n                    alt=\"08-RAPIDO-V65-XL\"\n                    src=\"https:\/\/www.camperonline.it\/magazine\/wp-content\/gallery\/anteprime-2021-rapido\/thumbs\/thumbs_08-RAPIDO-V65-XL.jpg\"\n                    width=\"240\"\n                    height=\"160\"\n                    style=\"max-width:100%;\"\n                \/>\n            <\/a>\n        <\/div>\n\t\t\t\t\t\t\t<\/div> \n\t\t\t\n\t\t\t\t<div id=\"ngg-image-36\" class=\"ngg-gallery-thumbnail-box ngg-5-columns\" >\n\t\t\t\t        <div class=\"ngg-gallery-thumbnail\">\n            <a href=\"https:\/\/www.camperonline.it\/magazine\/wp-content\/gallery\/anteprime-2021-rapido\/11-RAPIDO-V65-XL.jpg\"\n               title=\"\"\n               data-src=\"https:\/\/www.camperonline.it\/magazine\/wp-content\/gallery\/anteprime-2021-rapido\/11-RAPIDO-V65-XL.jpg\"\n               data-thumbnail=\"https:\/\/www.camperonline.it\/magazine\/wp-content\/gallery\/anteprime-2021-rapido\/thumbs\/thumbs_11-RAPIDO-V65-XL.jpg\"\n               data-image-id=\"116806\"\n               data-title=\"11-RAPIDO-V65-XL\"\n               data-description=\"\"\n               data-image-slug=\"11-rapido-v65-xl\"\n               class=\"ngg-fancybox\" rel=\"9372c86bb77385005561aa685b6d7e13\">\n                <img\n                    title=\"11-RAPIDO-V65-XL\"\n                    alt=\"11-RAPIDO-V65-XL\"\n                    src=\"https:\/\/www.camperonline.it\/magazine\/wp-content\/gallery\/anteprime-2021-rapido\/thumbs\/thumbs_11-RAPIDO-V65-XL.jpg\"\n                    width=\"240\"\n                    height=\"160\"\n                    style=\"max-width:100%;\"\n                \/>\n            <\/a>\n        <\/div>\n\t\t\t\t\t\t\t<\/div> \n\t\t\t\n\t\t\t\t<div id=\"ngg-image-37\" class=\"ngg-gallery-thumbnail-box ngg-5-columns\" >\n\t\t\t\t        <div class=\"ngg-gallery-thumbnail\">\n            <a href=\"https:\/\/www.camperonline.it\/magazine\/wp-content\/gallery\/anteprime-2021-rapido\/13-RAPIDO-V65-XL.jpg\"\n               title=\"\"\n               data-src=\"https:\/\/www.camperonline.it\/magazine\/wp-content\/gallery\/anteprime-2021-rapido\/13-RAPIDO-V65-XL.jpg\"\n               data-thumbnail=\"https:\/\/www.camperonline.it\/magazine\/wp-content\/gallery\/anteprime-2021-rapido\/thumbs\/thumbs_13-RAPIDO-V65-XL.jpg\"\n               data-image-id=\"116807\"\n               data-title=\"13-RAPIDO-V65-XL\"\n               data-description=\"\"\n               data-image-slug=\"13-rapido-v65-xl\"\n               class=\"ngg-fancybox\" rel=\"9372c86bb77385005561aa685b6d7e13\">\n                <img\n                    title=\"13-RAPIDO-V65-XL\"\n                    alt=\"13-RAPIDO-V65-XL\"\n                    src=\"https:\/\/www.camperonline.it\/magazine\/wp-content\/gallery\/anteprime-2021-rapido\/thumbs\/thumbs_13-RAPIDO-V65-XL.jpg\"\n                    width=\"240\"\n                    height=\"160\"\n                    style=\"max-width:100%;\"\n                \/>\n            <\/a>\n        <\/div>\n\t\t\t\t\t\t\t<\/div> \n\t\t\t\n\t\t\t\t<div id=\"ngg-image-38\" class=\"ngg-gallery-thumbnail-box ngg-5-columns\" >\n\t\t\t\t        <div class=\"ngg-gallery-thumbnail\">\n            <a href=\"https:\/\/www.camperonline.it\/magazine\/wp-content\/gallery\/anteprime-2021-rapido\/14-RAPIDO-V65-XL.jpg\"\n               title=\"\"\n               data-src=\"https:\/\/www.camperonline.it\/magazine\/wp-content\/gallery\/anteprime-2021-rapido\/14-RAPIDO-V65-XL.jpg\"\n               data-thumbnail=\"https:\/\/www.camperonline.it\/magazine\/wp-content\/gallery\/anteprime-2021-rapido\/thumbs\/thumbs_14-RAPIDO-V65-XL.jpg\"\n               data-image-id=\"116808\"\n               data-title=\"14-RAPIDO-V65-XL\"\n               data-description=\"\"\n               data-image-slug=\"14-rapido-v65-xl\"\n               class=\"ngg-fancybox\" rel=\"9372c86bb77385005561aa685b6d7e13\">\n                <img\n                    title=\"14-RAPIDO-V65-XL\"\n                    alt=\"14-RAPIDO-V65-XL\"\n                    src=\"https:\/\/www.camperonline.it\/magazine\/wp-content\/gallery\/anteprime-2021-rapido\/thumbs\/thumbs_14-RAPIDO-V65-XL.jpg\"\n                    width=\"240\"\n                    height=\"160\"\n                    style=\"max-width:100%;\"\n                \/>\n            <\/a>\n        <\/div>\n\t\t\t\t\t\t\t<\/div> \n\t\t\t\n\t\t\t\t<div id=\"ngg-image-39\" class=\"ngg-gallery-thumbnail-box ngg-5-columns\" >\n\t\t\t\t        <div class=\"ngg-gallery-thumbnail\">\n            <a href=\"https:\/\/www.camperonline.it\/magazine\/wp-content\/gallery\/anteprime-2021-rapido\/19-RAPIDO-V65-XL.jpg\"\n               title=\"\"\n               data-src=\"https:\/\/www.camperonline.it\/magazine\/wp-content\/gallery\/anteprime-2021-rapido\/19-RAPIDO-V65-XL.jpg\"\n               data-thumbnail=\"https:\/\/www.camperonline.it\/magazine\/wp-content\/gallery\/anteprime-2021-rapido\/thumbs\/thumbs_19-RAPIDO-V65-XL.jpg\"\n               data-image-id=\"116809\"\n               data-title=\"19-RAPIDO-V65-XL\"\n               data-description=\"\"\n               data-image-slug=\"19-rapido-v65-xl\"\n               class=\"ngg-fancybox\" rel=\"9372c86bb77385005561aa685b6d7e13\">\n                <img\n                    title=\"19-RAPIDO-V65-XL\"\n                    alt=\"19-RAPIDO-V65-XL\"\n                    src=\"https:\/\/www.camperonline.it\/magazine\/wp-content\/gallery\/anteprime-2021-rapido\/thumbs\/thumbs_19-RAPIDO-V65-XL.jpg\"\n                    width=\"240\"\n                    height=\"160\"\n                    style=\"max-width:100%;\"\n                \/>\n            <\/a>\n        <\/div>\n\t\t\t\t\t\t\t<\/div> \n\t\t\t\n\t\t\t\t<div id=\"ngg-image-40\" class=\"ngg-gallery-thumbnail-box ngg-5-columns\" >\n\t\t\t\t        <div class=\"ngg-gallery-thumbnail\">\n            <a href=\"https:\/\/www.camperonline.it\/magazine\/wp-content\/gallery\/anteprime-2021-rapido\/25-RAPIDO-V65-XL.jpg\"\n               title=\"\"\n               data-src=\"https:\/\/www.camperonline.it\/magazine\/wp-content\/gallery\/anteprime-2021-rapido\/25-RAPIDO-V65-XL.jpg\"\n               data-thumbnail=\"https:\/\/www.camperonline.it\/magazine\/wp-content\/gallery\/anteprime-2021-rapido\/thumbs\/thumbs_25-RAPIDO-V65-XL.jpg\"\n               data-image-id=\"116810\"\n               data-title=\"25-RAPIDO-V65-XL\"\n               data-description=\"\"\n               data-image-slug=\"25-rapido-v65-xl\"\n               class=\"ngg-fancybox\" rel=\"9372c86bb77385005561aa685b6d7e13\">\n                <img\n                    title=\"25-RAPIDO-V65-XL\"\n                    alt=\"25-RAPIDO-V65-XL\"\n                    src=\"https:\/\/www.camperonline.it\/magazine\/wp-content\/gallery\/anteprime-2021-rapido\/thumbs\/thumbs_25-RAPIDO-V65-XL.jpg\"\n                    width=\"240\"\n                    height=\"160\"\n                    style=\"max-width:100%;\"\n                \/>\n            <\/a>\n        <\/div>\n\t\t\t\t\t\t\t<\/div> \n\t\t\t\n\t\t\t\t<div id=\"ngg-image-41\" class=\"ngg-gallery-thumbnail-box ngg-5-columns\" >\n\t\t\t\t        <div class=\"ngg-gallery-thumbnail\">\n            <a href=\"https:\/\/www.camperonline.it\/magazine\/wp-content\/gallery\/anteprime-2021-rapido\/27-RAPIDO-V65-XL.jpg\"\n               title=\"\"\n               data-src=\"https:\/\/www.camperonline.it\/magazine\/wp-content\/gallery\/anteprime-2021-rapido\/27-RAPIDO-V65-XL.jpg\"\n               data-thumbnail=\"https:\/\/www.camperonline.it\/magazine\/wp-content\/gallery\/anteprime-2021-rapido\/thumbs\/thumbs_27-RAPIDO-V65-XL.jpg\"\n               data-image-id=\"116811\"\n               data-title=\"27-RAPIDO-V65-XL\"\n               data-description=\"\"\n               data-image-slug=\"27-rapido-v65-xl\"\n               class=\"ngg-fancybox\" rel=\"9372c86bb77385005561aa685b6d7e13\">\n                <img\n                    title=\"27-RAPIDO-V65-XL\"\n                    alt=\"27-RAPIDO-V65-XL\"\n                    src=\"https:\/\/www.camperonline.it\/magazine\/wp-content\/gallery\/anteprime-2021-rapido\/thumbs\/thumbs_27-RAPIDO-V65-XL.jpg\"\n                    width=\"240\"\n                    height=\"160\"\n                    style=\"max-width:100%;\"\n                \/>\n            <\/a>\n        <\/div>\n\t\t\t\t\t\t\t<\/div> \n\t\t\t\n\t\t\t\t<div id=\"ngg-image-42\" class=\"ngg-gallery-thumbnail-box ngg-5-columns\" >\n\t\t\t\t        <div class=\"ngg-gallery-thumbnail\">\n            <a href=\"https:\/\/www.camperonline.it\/magazine\/wp-content\/gallery\/anteprime-2021-rapido\/28-RAPIDO-V65-XL.jpg\"\n               title=\"\"\n               data-src=\"https:\/\/www.camperonline.it\/magazine\/wp-content\/gallery\/anteprime-2021-rapido\/28-RAPIDO-V65-XL.jpg\"\n               data-thumbnail=\"https:\/\/www.camperonline.it\/magazine\/wp-content\/gallery\/anteprime-2021-rapido\/thumbs\/thumbs_28-RAPIDO-V65-XL.jpg\"\n               data-image-id=\"116812\"\n               data-title=\"28-RAPIDO-V65-XL\"\n               data-description=\"\"\n               data-image-slug=\"28-rapido-v65-xl\"\n               class=\"ngg-fancybox\" rel=\"9372c86bb77385005561aa685b6d7e13\">\n                <img\n                    title=\"28-RAPIDO-V65-XL\"\n                    alt=\"28-RAPIDO-V65-XL\"\n                    src=\"https:\/\/www.camperonline.it\/magazine\/wp-content\/gallery\/anteprime-2021-rapido\/thumbs\/thumbs_28-RAPIDO-V65-XL.jpg\"\n                    width=\"240\"\n                    height=\"160\"\n                    style=\"max-width:100%;\"\n                \/>\n            <\/a>\n        <\/div>\n\t\t\t\t\t\t\t<\/div> \n\t\t\t\n\t\t\t\t<div id=\"ngg-image-43\" class=\"ngg-gallery-thumbnail-box ngg-5-columns\" >\n\t\t\t\t        <div class=\"ngg-gallery-thumbnail\">\n            <a href=\"https:\/\/www.camperonline.it\/magazine\/wp-content\/gallery\/anteprime-2021-rapido\/29-RAPIDO-V65-XL.jpg\"\n               title=\"\"\n               data-src=\"https:\/\/www.camperonline.it\/magazine\/wp-content\/gallery\/anteprime-2021-rapido\/29-RAPIDO-V65-XL.jpg\"\n               data-thumbnail=\"https:\/\/www.camperonline.it\/magazine\/wp-content\/gallery\/anteprime-2021-rapido\/thumbs\/thumbs_29-RAPIDO-V65-XL.jpg\"\n               data-image-id=\"116813\"\n               data-title=\"29-RAPIDO-V65-XL\"\n               data-description=\"\"\n               data-image-slug=\"29-rapido-v65-xl\"\n               class=\"ngg-fancybox\" rel=\"9372c86bb77385005561aa685b6d7e13\">\n                <img\n                    title=\"29-RAPIDO-V65-XL\"\n                    alt=\"29-RAPIDO-V65-XL\"\n                    src=\"https:\/\/www.camperonline.it\/magazine\/wp-content\/gallery\/anteprime-2021-rapido\/thumbs\/thumbs_29-RAPIDO-V65-XL.jpg\"\n                    width=\"240\"\n                    height=\"160\"\n                    style=\"max-width:100%;\"\n                \/>\n            <\/a>\n        <\/div>\n\t\t\t\t\t\t\t<\/div> \n\t\t\t\n\t\t\t\t<div id=\"ngg-image-44\" class=\"ngg-gallery-thumbnail-box ngg-5-columns\" >\n\t\t\t\t        <div class=\"ngg-gallery-thumbnail\">\n            <a href=\"https:\/\/www.camperonline.it\/magazine\/wp-content\/gallery\/anteprime-2021-rapido\/36-RAPIDO-V65-XL.jpg\"\n               title=\"\"\n               data-src=\"https:\/\/www.camperonline.it\/magazine\/wp-content\/gallery\/anteprime-2021-rapido\/36-RAPIDO-V65-XL.jpg\"\n               data-thumbnail=\"https:\/\/www.camperonline.it\/magazine\/wp-content\/gallery\/anteprime-2021-rapido\/thumbs\/thumbs_36-RAPIDO-V65-XL.jpg\"\n               data-image-id=\"116814\"\n               data-title=\"36-RAPIDO-V65-XL\"\n               data-description=\"\"\n               data-image-slug=\"36-rapido-v65-xl\"\n               class=\"ngg-fancybox\" rel=\"9372c86bb77385005561aa685b6d7e13\">\n                <img\n                    title=\"36-RAPIDO-V65-XL\"\n                    alt=\"36-RAPIDO-V65-XL\"\n                    src=\"https:\/\/www.camperonline.it\/magazine\/wp-content\/gallery\/anteprime-2021-rapido\/thumbs\/thumbs_36-RAPIDO-V65-XL.jpg\"\n                    width=\"240\"\n                    height=\"160\"\n                    style=\"max-width:100%;\"\n                \/>\n            <\/a>\n        <\/div>\n\t\t\t\t\t\t\t<\/div> \n\t\t\t\n\t\t\t\t<div id=\"ngg-image-45\" class=\"ngg-gallery-thumbnail-box ngg-5-columns\" >\n\t\t\t\t        <div class=\"ngg-gallery-thumbnail\">\n            <a href=\"https:\/\/www.camperonline.it\/magazine\/wp-content\/gallery\/anteprime-2021-rapido\/39-RAPIDO-V65-XL.jpg\"\n               title=\"\"\n               data-src=\"https:\/\/www.camperonline.it\/magazine\/wp-content\/gallery\/anteprime-2021-rapido\/39-RAPIDO-V65-XL.jpg\"\n               data-thumbnail=\"https:\/\/www.camperonline.it\/magazine\/wp-content\/gallery\/anteprime-2021-rapido\/thumbs\/thumbs_39-RAPIDO-V65-XL.jpg\"\n               data-image-id=\"116815\"\n               data-title=\"39-RAPIDO-V65-XL\"\n               data-description=\"\"\n               data-image-slug=\"39-rapido-v65-xl\"\n               class=\"ngg-fancybox\" rel=\"9372c86bb77385005561aa685b6d7e13\">\n                <img\n                    title=\"39-RAPIDO-V65-XL\"\n                    alt=\"39-RAPIDO-V65-XL\"\n                    src=\"https:\/\/www.camperonline.it\/magazine\/wp-content\/gallery\/anteprime-2021-rapido\/thumbs\/thumbs_39-RAPIDO-V65-XL.jpg\"\n                    width=\"240\"\n                    height=\"160\"\n                    style=\"max-width:100%;\"\n                \/>\n            <\/a>\n        <\/div>\n\t\t\t\t\t\t\t<\/div> \n\t\t\t\n\t\t\t\t<div id=\"ngg-image-46\" class=\"ngg-gallery-thumbnail-box ngg-5-columns\" >\n\t\t\t\t        <div class=\"ngg-gallery-thumbnail\">\n            <a href=\"https:\/\/www.camperonline.it\/magazine\/wp-content\/gallery\/anteprime-2021-rapido\/40-RAPIDO-V65-XL.jpg\"\n               title=\"\"\n               data-src=\"https:\/\/www.camperonline.it\/magazine\/wp-content\/gallery\/anteprime-2021-rapido\/40-RAPIDO-V65-XL.jpg\"\n               data-thumbnail=\"https:\/\/www.camperonline.it\/magazine\/wp-content\/gallery\/anteprime-2021-rapido\/thumbs\/thumbs_40-RAPIDO-V65-XL.jpg\"\n               data-image-id=\"116816\"\n               data-title=\"40-RAPIDO-V65-XL\"\n               data-description=\"\"\n               data-image-slug=\"40-rapido-v65-xl\"\n               class=\"ngg-fancybox\" rel=\"9372c86bb77385005561aa685b6d7e13\">\n                <img\n                    title=\"40-RAPIDO-V65-XL\"\n                    alt=\"40-RAPIDO-V65-XL\"\n                    src=\"https:\/\/www.camperonline.it\/magazine\/wp-content\/gallery\/anteprime-2021-rapido\/thumbs\/thumbs_40-RAPIDO-V65-XL.jpg\"\n                    width=\"240\"\n                    height=\"160\"\n                    style=\"max-width:100%;\"\n                \/>\n            <\/a>\n        <\/div>\n\t\t\t\t\t\t\t<\/div> \n\t\t\t\n\t\t\t\t<div id=\"ngg-image-47\" class=\"ngg-gallery-thumbnail-box ngg-5-columns\" >\n\t\t\t\t        <div class=\"ngg-gallery-thumbnail\">\n            <a href=\"https:\/\/www.camperonline.it\/magazine\/wp-content\/gallery\/anteprime-2021-rapido\/41-RAPIDO-V65-XL.jpg\"\n               title=\"\"\n               data-src=\"https:\/\/www.camperonline.it\/magazine\/wp-content\/gallery\/anteprime-2021-rapido\/41-RAPIDO-V65-XL.jpg\"\n               data-thumbnail=\"https:\/\/www.camperonline.it\/magazine\/wp-content\/gallery\/anteprime-2021-rapido\/thumbs\/thumbs_41-RAPIDO-V65-XL.jpg\"\n               data-image-id=\"116817\"\n               data-title=\"41-RAPIDO-V65-XL\"\n               data-description=\"\"\n               data-image-slug=\"41-rapido-v65-xl\"\n               class=\"ngg-fancybox\" rel=\"9372c86bb77385005561aa685b6d7e13\">\n                <img\n                    title=\"41-RAPIDO-V65-XL\"\n                    alt=\"41-RAPIDO-V65-XL\"\n                    src=\"https:\/\/www.camperonline.it\/magazine\/wp-content\/gallery\/anteprime-2021-rapido\/thumbs\/thumbs_41-RAPIDO-V65-XL.jpg\"\n                    width=\"240\"\n                    height=\"160\"\n                    style=\"max-width:100%;\"\n                \/>\n            <\/a>\n        <\/div>\n\t\t\t\t\t\t\t<\/div> \n\t\t\t\n\t\t\t\t<div id=\"ngg-image-48\" class=\"ngg-gallery-thumbnail-box ngg-5-columns\" >\n\t\t\t\t        <div class=\"ngg-gallery-thumbnail\">\n            <a href=\"https:\/\/www.camperonline.it\/magazine\/wp-content\/gallery\/anteprime-2021-rapido\/43-RAPIDO-V65-XL.jpg\"\n               title=\"\"\n               data-src=\"https:\/\/www.camperonline.it\/magazine\/wp-content\/gallery\/anteprime-2021-rapido\/43-RAPIDO-V65-XL.jpg\"\n               data-thumbnail=\"https:\/\/www.camperonline.it\/magazine\/wp-content\/gallery\/anteprime-2021-rapido\/thumbs\/thumbs_43-RAPIDO-V65-XL.jpg\"\n               data-image-id=\"116818\"\n               data-title=\"43-RAPIDO-V65-XL\"\n               data-description=\"\"\n               data-image-slug=\"43-rapido-v65-xl\"\n               class=\"ngg-fancybox\" rel=\"9372c86bb77385005561aa685b6d7e13\">\n                <img\n                    title=\"43-RAPIDO-V65-XL\"\n                    alt=\"43-RAPIDO-V65-XL\"\n                    src=\"https:\/\/www.camperonline.it\/magazine\/wp-content\/gallery\/anteprime-2021-rapido\/thumbs\/thumbs_43-RAPIDO-V65-XL.jpg\"\n                    width=\"240\"\n                    height=\"160\"\n                    style=\"max-width:100%;\"\n                \/>\n            <\/a>\n        <\/div>\n\t\t\t\t\t\t\t<\/div> \n\t\t\t\n\t\t\t\t<div id=\"ngg-image-49\" class=\"ngg-gallery-thumbnail-box ngg-5-columns\" >\n\t\t\t\t        <div class=\"ngg-gallery-thumbnail\">\n            <a href=\"https:\/\/www.camperonline.it\/magazine\/wp-content\/gallery\/anteprime-2021-rapido\/01-RAPIDO-V68.jpg\"\n               title=\"\"\n               data-src=\"https:\/\/www.camperonline.it\/magazine\/wp-content\/gallery\/anteprime-2021-rapido\/01-RAPIDO-V68.jpg\"\n               data-thumbnail=\"https:\/\/www.camperonline.it\/magazine\/wp-content\/gallery\/anteprime-2021-rapido\/thumbs\/thumbs_01-RAPIDO-V68.jpg\"\n               data-image-id=\"116819\"\n               data-title=\"01-RAPIDO-V68\"\n               data-description=\"\"\n               data-image-slug=\"01-rapido-v68\"\n               class=\"ngg-fancybox\" rel=\"9372c86bb77385005561aa685b6d7e13\">\n                <img\n                    title=\"01-RAPIDO-V68\"\n                    alt=\"01-RAPIDO-V68\"\n                    src=\"https:\/\/www.camperonline.it\/magazine\/wp-content\/gallery\/anteprime-2021-rapido\/thumbs\/thumbs_01-RAPIDO-V68.jpg\"\n                    width=\"240\"\n                    height=\"160\"\n                    style=\"max-width:100%;\"\n                \/>\n            <\/a>\n        <\/div>\n\t\t\t\t\t\t\t<\/div> \n\t\t\t\n\t\t\t\t<div id=\"ngg-image-50\" class=\"ngg-gallery-thumbnail-box ngg-5-columns\" >\n\t\t\t\t        <div class=\"ngg-gallery-thumbnail\">\n            <a href=\"https:\/\/www.camperonline.it\/magazine\/wp-content\/gallery\/anteprime-2021-rapido\/06-RAPIDO-V68.jpg\"\n               title=\"\"\n               data-src=\"https:\/\/www.camperonline.it\/magazine\/wp-content\/gallery\/anteprime-2021-rapido\/06-RAPIDO-V68.jpg\"\n               data-thumbnail=\"https:\/\/www.camperonline.it\/magazine\/wp-content\/gallery\/anteprime-2021-rapido\/thumbs\/thumbs_06-RAPIDO-V68.jpg\"\n               data-image-id=\"116820\"\n               data-title=\"06-RAPIDO-V68\"\n               data-description=\"\"\n               data-image-slug=\"06-rapido-v68\"\n               class=\"ngg-fancybox\" rel=\"9372c86bb77385005561aa685b6d7e13\">\n                <img\n                    title=\"06-RAPIDO-V68\"\n                    alt=\"06-RAPIDO-V68\"\n                    src=\"https:\/\/www.camperonline.it\/magazine\/wp-content\/gallery\/anteprime-2021-rapido\/thumbs\/thumbs_06-RAPIDO-V68.jpg\"\n                    width=\"240\"\n                    height=\"160\"\n                    style=\"max-width:100%;\"\n                \/>\n            <\/a>\n        <\/div>\n\t\t\t\t\t\t\t<\/div> \n\t\t\t\n\t\t\t\t<div id=\"ngg-image-51\" class=\"ngg-gallery-thumbnail-box ngg-5-columns\" >\n\t\t\t\t        <div class=\"ngg-gallery-thumbnail\">\n            <a href=\"https:\/\/www.camperonline.it\/magazine\/wp-content\/gallery\/anteprime-2021-rapido\/09-RAPIDO-V68.jpg\"\n               title=\"\"\n               data-src=\"https:\/\/www.camperonline.it\/magazine\/wp-content\/gallery\/anteprime-2021-rapido\/09-RAPIDO-V68.jpg\"\n               data-thumbnail=\"https:\/\/www.camperonline.it\/magazine\/wp-content\/gallery\/anteprime-2021-rapido\/thumbs\/thumbs_09-RAPIDO-V68.jpg\"\n               data-image-id=\"116821\"\n               data-title=\"09-RAPIDO-V68\"\n               data-description=\"\"\n               data-image-slug=\"09-rapido-v68\"\n               class=\"ngg-fancybox\" rel=\"9372c86bb77385005561aa685b6d7e13\">\n                <img\n                    title=\"09-RAPIDO-V68\"\n                    alt=\"09-RAPIDO-V68\"\n                    src=\"https:\/\/www.camperonline.it\/magazine\/wp-content\/gallery\/anteprime-2021-rapido\/thumbs\/thumbs_09-RAPIDO-V68.jpg\"\n                    width=\"240\"\n                    height=\"160\"\n                    style=\"max-width:100%;\"\n                \/>\n            <\/a>\n        <\/div>\n\t\t\t\t\t\t\t<\/div> \n\t\t\t\n\t\t\t\t<div id=\"ngg-image-52\" class=\"ngg-gallery-thumbnail-box ngg-5-columns\" >\n\t\t\t\t        <div class=\"ngg-gallery-thumbnail\">\n            <a href=\"https:\/\/www.camperonline.it\/magazine\/wp-content\/gallery\/anteprime-2021-rapido\/11-RAPIDO-V68.jpg\"\n               title=\"\"\n               data-src=\"https:\/\/www.camperonline.it\/magazine\/wp-content\/gallery\/anteprime-2021-rapido\/11-RAPIDO-V68.jpg\"\n               data-thumbnail=\"https:\/\/www.camperonline.it\/magazine\/wp-content\/gallery\/anteprime-2021-rapido\/thumbs\/thumbs_11-RAPIDO-V68.jpg\"\n               data-image-id=\"116822\"\n               data-title=\"11-RAPIDO-V68\"\n               data-description=\"\"\n               data-image-slug=\"11-rapido-v68\"\n               class=\"ngg-fancybox\" rel=\"9372c86bb77385005561aa685b6d7e13\">\n                <img\n                    title=\"11-RAPIDO-V68\"\n                    alt=\"11-RAPIDO-V68\"\n                    src=\"https:\/\/www.camperonline.it\/magazine\/wp-content\/gallery\/anteprime-2021-rapido\/thumbs\/thumbs_11-RAPIDO-V68.jpg\"\n                    width=\"240\"\n                    height=\"160\"\n                    style=\"max-width:100%;\"\n                \/>\n            <\/a>\n        <\/div>\n\t\t\t\t\t\t\t<\/div> \n\t\t\t\n\t\t\t\t<div id=\"ngg-image-53\" class=\"ngg-gallery-thumbnail-box ngg-5-columns\" >\n\t\t\t\t        <div class=\"ngg-gallery-thumbnail\">\n            <a href=\"https:\/\/www.camperonline.it\/magazine\/wp-content\/gallery\/anteprime-2021-rapido\/14-RAPIDO-V68.jpg\"\n               title=\"\"\n               data-src=\"https:\/\/www.camperonline.it\/magazine\/wp-content\/gallery\/anteprime-2021-rapido\/14-RAPIDO-V68.jpg\"\n               data-thumbnail=\"https:\/\/www.camperonline.it\/magazine\/wp-content\/gallery\/anteprime-2021-rapido\/thumbs\/thumbs_14-RAPIDO-V68.jpg\"\n               data-image-id=\"116823\"\n               data-title=\"14-RAPIDO-V68\"\n               data-description=\"\"\n               data-image-slug=\"14-rapido-v68\"\n               class=\"ngg-fancybox\" rel=\"9372c86bb77385005561aa685b6d7e13\">\n                <img\n                    title=\"14-RAPIDO-V68\"\n                    alt=\"14-RAPIDO-V68\"\n                    src=\"https:\/\/www.camperonline.it\/magazine\/wp-content\/gallery\/anteprime-2021-rapido\/thumbs\/thumbs_14-RAPIDO-V68.jpg\"\n                    width=\"240\"\n                    height=\"160\"\n                    style=\"max-width:100%;\"\n                \/>\n            <\/a>\n        <\/div>\n\t\t\t\t\t\t\t<\/div> \n\t\t\t\n\t\t\t\t<div id=\"ngg-image-54\" class=\"ngg-gallery-thumbnail-box ngg-5-columns\" >\n\t\t\t\t        <div class=\"ngg-gallery-thumbnail\">\n            <a href=\"https:\/\/www.camperonline.it\/magazine\/wp-content\/gallery\/anteprime-2021-rapido\/18-RAPIDO-V68.jpg\"\n               title=\"\"\n               data-src=\"https:\/\/www.camperonline.it\/magazine\/wp-content\/gallery\/anteprime-2021-rapido\/18-RAPIDO-V68.jpg\"\n               data-thumbnail=\"https:\/\/www.camperonline.it\/magazine\/wp-content\/gallery\/anteprime-2021-rapido\/thumbs\/thumbs_18-RAPIDO-V68.jpg\"\n               data-image-id=\"116824\"\n               data-title=\"18-RAPIDO-V68\"\n               data-description=\"\"\n               data-image-slug=\"18-rapido-v68\"\n               class=\"ngg-fancybox\" rel=\"9372c86bb77385005561aa685b6d7e13\">\n                <img\n                    title=\"18-RAPIDO-V68\"\n                    alt=\"18-RAPIDO-V68\"\n                    src=\"https:\/\/www.camperonline.it\/magazine\/wp-content\/gallery\/anteprime-2021-rapido\/thumbs\/thumbs_18-RAPIDO-V68.jpg\"\n                    width=\"240\"\n                    height=\"160\"\n                    style=\"max-width:100%;\"\n                \/>\n            <\/a>\n        <\/div>\n\t\t\t\t\t\t\t<\/div> \n\t\t\t\n\t\t\t\t<div id=\"ngg-image-55\" class=\"ngg-gallery-thumbnail-box ngg-5-columns\" >\n\t\t\t\t        <div class=\"ngg-gallery-thumbnail\">\n            <a href=\"https:\/\/www.camperonline.it\/magazine\/wp-content\/gallery\/anteprime-2021-rapido\/19-RAPIDO-V68.jpg\"\n               title=\"\"\n               data-src=\"https:\/\/www.camperonline.it\/magazine\/wp-content\/gallery\/anteprime-2021-rapido\/19-RAPIDO-V68.jpg\"\n               data-thumbnail=\"https:\/\/www.camperonline.it\/magazine\/wp-content\/gallery\/anteprime-2021-rapido\/thumbs\/thumbs_19-RAPIDO-V68.jpg\"\n               data-image-id=\"116825\"\n               data-title=\"19-RAPIDO-V68\"\n               data-description=\"\"\n               data-image-slug=\"19-rapido-v68\"\n               class=\"ngg-fancybox\" rel=\"9372c86bb77385005561aa685b6d7e13\">\n                <img\n                    title=\"19-RAPIDO-V68\"\n                    alt=\"19-RAPIDO-V68\"\n                    src=\"https:\/\/www.camperonline.it\/magazine\/wp-content\/gallery\/anteprime-2021-rapido\/thumbs\/thumbs_19-RAPIDO-V68.jpg\"\n                    width=\"240\"\n                    height=\"160\"\n                    style=\"max-width:100%;\"\n                \/>\n            <\/a>\n        <\/div>\n\t\t\t\t\t\t\t<\/div> \n\t\t\t\n\t\t\t\t<div id=\"ngg-image-56\" class=\"ngg-gallery-thumbnail-box ngg-5-columns\" >\n\t\t\t\t        <div class=\"ngg-gallery-thumbnail\">\n            <a href=\"https:\/\/www.camperonline.it\/magazine\/wp-content\/gallery\/anteprime-2021-rapido\/20-RAPIDO-V68.jpg\"\n               title=\"\"\n               data-src=\"https:\/\/www.camperonline.it\/magazine\/wp-content\/gallery\/anteprime-2021-rapido\/20-RAPIDO-V68.jpg\"\n               data-thumbnail=\"https:\/\/www.camperonline.it\/magazine\/wp-content\/gallery\/anteprime-2021-rapido\/thumbs\/thumbs_20-RAPIDO-V68.jpg\"\n               data-image-id=\"116826\"\n               data-title=\"20-RAPIDO-V68\"\n               data-description=\"\"\n               data-image-slug=\"20-rapido-v68\"\n               class=\"ngg-fancybox\" rel=\"9372c86bb77385005561aa685b6d7e13\">\n                <img\n                    title=\"20-RAPIDO-V68\"\n                    alt=\"20-RAPIDO-V68\"\n                    src=\"https:\/\/www.camperonline.it\/magazine\/wp-content\/gallery\/anteprime-2021-rapido\/thumbs\/thumbs_20-RAPIDO-V68.jpg\"\n                    width=\"240\"\n                    height=\"160\"\n                    style=\"max-width:100%;\"\n                \/>\n            <\/a>\n        <\/div>\n\t\t\t\t\t\t\t<\/div> \n\t\t\t\n\t\t\t\t<div id=\"ngg-image-57\" class=\"ngg-gallery-thumbnail-box ngg-5-columns\" >\n\t\t\t\t        <div class=\"ngg-gallery-thumbnail\">\n            <a href=\"https:\/\/www.camperonline.it\/magazine\/wp-content\/gallery\/anteprime-2021-rapido\/26-RAPIDO-V68.jpg\"\n               title=\"\"\n               data-src=\"https:\/\/www.camperonline.it\/magazine\/wp-content\/gallery\/anteprime-2021-rapido\/26-RAPIDO-V68.jpg\"\n               data-thumbnail=\"https:\/\/www.camperonline.it\/magazine\/wp-content\/gallery\/anteprime-2021-rapido\/thumbs\/thumbs_26-RAPIDO-V68.jpg\"\n               data-image-id=\"116827\"\n               data-title=\"26-RAPIDO-V68\"\n               data-description=\"\"\n               data-image-slug=\"26-rapido-v68\"\n               class=\"ngg-fancybox\" rel=\"9372c86bb77385005561aa685b6d7e13\">\n                <img\n                    title=\"26-RAPIDO-V68\"\n                    alt=\"26-RAPIDO-V68\"\n                    src=\"https:\/\/www.camperonline.it\/magazine\/wp-content\/gallery\/anteprime-2021-rapido\/thumbs\/thumbs_26-RAPIDO-V68.jpg\"\n                    width=\"240\"\n                    height=\"160\"\n                    style=\"max-width:100%;\"\n                \/>\n            <\/a>\n        <\/div>\n\t\t\t\t\t\t\t<\/div> \n\t\t\t\n\t\t\t\t<div id=\"ngg-image-58\" class=\"ngg-gallery-thumbnail-box ngg-5-columns\" >\n\t\t\t\t        <div class=\"ngg-gallery-thumbnail\">\n            <a href=\"https:\/\/www.camperonline.it\/magazine\/wp-content\/gallery\/anteprime-2021-rapido\/27-RAPIDO-V68.jpg\"\n               title=\"\"\n               data-src=\"https:\/\/www.camperonline.it\/magazine\/wp-content\/gallery\/anteprime-2021-rapido\/27-RAPIDO-V68.jpg\"\n               data-thumbnail=\"https:\/\/www.camperonline.it\/magazine\/wp-content\/gallery\/anteprime-2021-rapido\/thumbs\/thumbs_27-RAPIDO-V68.jpg\"\n               data-image-id=\"116828\"\n               data-title=\"27-RAPIDO-V68\"\n               data-description=\"\"\n               data-image-slug=\"27-rapido-v68\"\n               class=\"ngg-fancybox\" rel=\"9372c86bb77385005561aa685b6d7e13\">\n                <img\n                    title=\"27-RAPIDO-V68\"\n                    alt=\"27-RAPIDO-V68\"\n                    src=\"https:\/\/www.camperonline.it\/magazine\/wp-content\/gallery\/anteprime-2021-rapido\/thumbs\/thumbs_27-RAPIDO-V68.jpg\"\n                    width=\"240\"\n                    height=\"160\"\n                    style=\"max-width:100%;\"\n                \/>\n            <\/a>\n        <\/div>\n\t\t\t\t\t\t\t<\/div> \n\t\t\t\n\t\t\t\t<div id=\"ngg-image-59\" class=\"ngg-gallery-thumbnail-box ngg-5-columns\" >\n\t\t\t\t        <div class=\"ngg-gallery-thumbnail\">\n            <a href=\"https:\/\/www.camperonline.it\/magazine\/wp-content\/gallery\/anteprime-2021-rapido\/28-RAPIDO-V68.jpg\"\n               title=\"\"\n               data-src=\"https:\/\/www.camperonline.it\/magazine\/wp-content\/gallery\/anteprime-2021-rapido\/28-RAPIDO-V68.jpg\"\n               data-thumbnail=\"https:\/\/www.camperonline.it\/magazine\/wp-content\/gallery\/anteprime-2021-rapido\/thumbs\/thumbs_28-RAPIDO-V68.jpg\"\n               data-image-id=\"116829\"\n               data-title=\"28-RAPIDO-V68\"\n               data-description=\"\"\n               data-image-slug=\"28-rapido-v68\"\n               class=\"ngg-fancybox\" rel=\"9372c86bb77385005561aa685b6d7e13\">\n                <img\n                    title=\"28-RAPIDO-V68\"\n                    alt=\"28-RAPIDO-V68\"\n                    src=\"https:\/\/www.camperonline.it\/magazine\/wp-content\/gallery\/anteprime-2021-rapido\/thumbs\/thumbs_28-RAPIDO-V68.jpg\"\n                    width=\"240\"\n                    height=\"160\"\n                    style=\"max-width:100%;\"\n                \/>\n            <\/a>\n        <\/div>\n\t\t\t\t\t\t\t<\/div> \n\t\t\t\n\t\t\t\t<div id=\"ngg-image-60\" class=\"ngg-gallery-thumbnail-box ngg-5-columns\" >\n\t\t\t\t        <div class=\"ngg-gallery-thumbnail\">\n            <a href=\"https:\/\/www.camperonline.it\/magazine\/wp-content\/gallery\/anteprime-2021-rapido\/32-RAPIDO-V68.jpg\"\n               title=\"\"\n               data-src=\"https:\/\/www.camperonline.it\/magazine\/wp-content\/gallery\/anteprime-2021-rapido\/32-RAPIDO-V68.jpg\"\n               data-thumbnail=\"https:\/\/www.camperonline.it\/magazine\/wp-content\/gallery\/anteprime-2021-rapido\/thumbs\/thumbs_32-RAPIDO-V68.jpg\"\n               data-image-id=\"116830\"\n               data-title=\"32-RAPIDO-V68\"\n               data-description=\"\"\n               data-image-slug=\"32-rapido-v68\"\n               class=\"ngg-fancybox\" rel=\"9372c86bb77385005561aa685b6d7e13\">\n                <img\n                    title=\"32-RAPIDO-V68\"\n                    alt=\"32-RAPIDO-V68\"\n                    src=\"https:\/\/www.camperonline.it\/magazine\/wp-content\/gallery\/anteprime-2021-rapido\/thumbs\/thumbs_32-RAPIDO-V68.jpg\"\n                    width=\"240\"\n                    height=\"160\"\n                    style=\"max-width:100%;\"\n                \/>\n            <\/a>\n        <\/div>\n\t\t\t\t\t\t\t<\/div> \n\t\t\t\n\t\t\t\t<div id=\"ngg-image-61\" class=\"ngg-gallery-thumbnail-box ngg-5-columns\" >\n\t\t\t\t        <div class=\"ngg-gallery-thumbnail\">\n            <a href=\"https:\/\/www.camperonline.it\/magazine\/wp-content\/gallery\/anteprime-2021-rapido\/33-RAPIDO-V68.jpg\"\n               title=\"\"\n               data-src=\"https:\/\/www.camperonline.it\/magazine\/wp-content\/gallery\/anteprime-2021-rapido\/33-RAPIDO-V68.jpg\"\n               data-thumbnail=\"https:\/\/www.camperonline.it\/magazine\/wp-content\/gallery\/anteprime-2021-rapido\/thumbs\/thumbs_33-RAPIDO-V68.jpg\"\n               data-image-id=\"116831\"\n               data-title=\"33-RAPIDO-V68\"\n               data-description=\"\"\n               data-image-slug=\"33-rapido-v68\"\n               class=\"ngg-fancybox\" rel=\"9372c86bb77385005561aa685b6d7e13\">\n                <img\n                    title=\"33-RAPIDO-V68\"\n                    alt=\"33-RAPIDO-V68\"\n                    src=\"https:\/\/www.camperonline.it\/magazine\/wp-content\/gallery\/anteprime-2021-rapido\/thumbs\/thumbs_33-RAPIDO-V68.jpg\"\n                    width=\"240\"\n                    height=\"160\"\n                    style=\"max-width:100%;\"\n                \/>\n            <\/a>\n        <\/div>\n\t\t\t\t\t\t\t<\/div> \n\t\t\t\n\t\t\t\t<div id=\"ngg-image-62\" class=\"ngg-gallery-thumbnail-box ngg-5-columns\" >\n\t\t\t\t        <div class=\"ngg-gallery-thumbnail\">\n            <a href=\"https:\/\/www.camperonline.it\/magazine\/wp-content\/gallery\/anteprime-2021-rapido\/35-RAPIDO-V68.jpg\"\n               title=\"\"\n               data-src=\"https:\/\/www.camperonline.it\/magazine\/wp-content\/gallery\/anteprime-2021-rapido\/35-RAPIDO-V68.jpg\"\n               data-thumbnail=\"https:\/\/www.camperonline.it\/magazine\/wp-content\/gallery\/anteprime-2021-rapido\/thumbs\/thumbs_35-RAPIDO-V68.jpg\"\n               data-image-id=\"116832\"\n               data-title=\"35-RAPIDO-V68\"\n               data-description=\"\"\n               data-image-slug=\"35-rapido-v68\"\n               class=\"ngg-fancybox\" rel=\"9372c86bb77385005561aa685b6d7e13\">\n                <img\n                    title=\"35-RAPIDO-V68\"\n                    alt=\"35-RAPIDO-V68\"\n                    src=\"https:\/\/www.camperonline.it\/magazine\/wp-content\/gallery\/anteprime-2021-rapido\/thumbs\/thumbs_35-RAPIDO-V68.jpg\"\n                    width=\"240\"\n                    height=\"160\"\n                    style=\"max-width:100%;\"\n                \/>\n            <\/a>\n        <\/div>\n\t\t\t\t\t\t\t<\/div> \n\t\t\t\n\t\t\t\t<div id=\"ngg-image-63\" class=\"ngg-gallery-thumbnail-box ngg-5-columns\" >\n\t\t\t\t        <div class=\"ngg-gallery-thumbnail\">\n            <a href=\"https:\/\/www.camperonline.it\/magazine\/wp-content\/gallery\/anteprime-2021-rapido\/36-RAPIDO-V68.jpg\"\n               title=\"\"\n               data-src=\"https:\/\/www.camperonline.it\/magazine\/wp-content\/gallery\/anteprime-2021-rapido\/36-RAPIDO-V68.jpg\"\n               data-thumbnail=\"https:\/\/www.camperonline.it\/magazine\/wp-content\/gallery\/anteprime-2021-rapido\/thumbs\/thumbs_36-RAPIDO-V68.jpg\"\n               data-image-id=\"116833\"\n               data-title=\"36-RAPIDO-V68\"\n               data-description=\"\"\n               data-image-slug=\"36-rapido-v68\"\n               class=\"ngg-fancybox\" rel=\"9372c86bb77385005561aa685b6d7e13\">\n                <img\n                    title=\"36-RAPIDO-V68\"\n                    alt=\"36-RAPIDO-V68\"\n                    src=\"https:\/\/www.camperonline.it\/magazine\/wp-content\/gallery\/anteprime-2021-rapido\/thumbs\/thumbs_36-RAPIDO-V68.jpg\"\n                    width=\"240\"\n                    height=\"160\"\n                    style=\"max-width:100%;\"\n                \/>\n            <\/a>\n        <\/div>\n\t\t\t\t\t\t\t<\/div> \n\t\t\t\n\t\t\t\t<div id=\"ngg-image-64\" class=\"ngg-gallery-thumbnail-box ngg-5-columns\" >\n\t\t\t\t        <div class=\"ngg-gallery-thumbnail\">\n            <a href=\"https:\/\/www.camperonline.it\/magazine\/wp-content\/gallery\/anteprime-2021-rapido\/03-RAPIDO-M66.jpg\"\n               title=\"\"\n               data-src=\"https:\/\/www.camperonline.it\/magazine\/wp-content\/gallery\/anteprime-2021-rapido\/03-RAPIDO-M66.jpg\"\n               data-thumbnail=\"https:\/\/www.camperonline.it\/magazine\/wp-content\/gallery\/anteprime-2021-rapido\/thumbs\/thumbs_03-RAPIDO-M66.jpg\"\n               data-image-id=\"116834\"\n               data-title=\"03-RAPIDO-M66\"\n               data-description=\"\"\n               data-image-slug=\"03-rapido-m66\"\n               class=\"ngg-fancybox\" rel=\"9372c86bb77385005561aa685b6d7e13\">\n                <img\n                    title=\"03-RAPIDO-M66\"\n                    alt=\"03-RAPIDO-M66\"\n                    src=\"https:\/\/www.camperonline.it\/magazine\/wp-content\/gallery\/anteprime-2021-rapido\/thumbs\/thumbs_03-RAPIDO-M66.jpg\"\n                    width=\"240\"\n                    height=\"160\"\n                    style=\"max-width:100%;\"\n                \/>\n            <\/a>\n        <\/div>\n\t\t\t\t\t\t\t<\/div> \n\t\t\t\n\t\t\t\t<div id=\"ngg-image-65\" class=\"ngg-gallery-thumbnail-box ngg-5-columns\" >\n\t\t\t\t        <div class=\"ngg-gallery-thumbnail\">\n            <a href=\"https:\/\/www.camperonline.it\/magazine\/wp-content\/gallery\/anteprime-2021-rapido\/05-RAPIDO-M66.jpg\"\n               title=\"\"\n               data-src=\"https:\/\/www.camperonline.it\/magazine\/wp-content\/gallery\/anteprime-2021-rapido\/05-RAPIDO-M66.jpg\"\n               data-thumbnail=\"https:\/\/www.camperonline.it\/magazine\/wp-content\/gallery\/anteprime-2021-rapido\/thumbs\/thumbs_05-RAPIDO-M66.jpg\"\n               data-image-id=\"116835\"\n               data-title=\"05-RAPIDO-M66\"\n               data-description=\"\"\n               data-image-slug=\"05-rapido-m66\"\n               class=\"ngg-fancybox\" rel=\"9372c86bb77385005561aa685b6d7e13\">\n                <img\n                    title=\"05-RAPIDO-M66\"\n                    alt=\"05-RAPIDO-M66\"\n                    src=\"https:\/\/www.camperonline.it\/magazine\/wp-content\/gallery\/anteprime-2021-rapido\/thumbs\/thumbs_05-RAPIDO-M66.jpg\"\n                    width=\"240\"\n                    height=\"160\"\n                    style=\"max-width:100%;\"\n                \/>\n            <\/a>\n        <\/div>\n\t\t\t\t\t\t\t<\/div> \n\t\t\t\n\t\t\t\t<div id=\"ngg-image-66\" class=\"ngg-gallery-thumbnail-box ngg-5-columns\" >\n\t\t\t\t        <div class=\"ngg-gallery-thumbnail\">\n            <a href=\"https:\/\/www.camperonline.it\/magazine\/wp-content\/gallery\/anteprime-2021-rapido\/14-RAPIDO-M66.jpg\"\n               title=\"\"\n               data-src=\"https:\/\/www.camperonline.it\/magazine\/wp-content\/gallery\/anteprime-2021-rapido\/14-RAPIDO-M66.jpg\"\n               data-thumbnail=\"https:\/\/www.camperonline.it\/magazine\/wp-content\/gallery\/anteprime-2021-rapido\/thumbs\/thumbs_14-RAPIDO-M66.jpg\"\n               data-image-id=\"116836\"\n               data-title=\"14-RAPIDO-M66\"\n               data-description=\"\"\n               data-image-slug=\"14-rapido-m66\"\n               class=\"ngg-fancybox\" rel=\"9372c86bb77385005561aa685b6d7e13\">\n                <img\n                    title=\"14-RAPIDO-M66\"\n                    alt=\"14-RAPIDO-M66\"\n                    src=\"https:\/\/www.camperonline.it\/magazine\/wp-content\/gallery\/anteprime-2021-rapido\/thumbs\/thumbs_14-RAPIDO-M66.jpg\"\n                    width=\"240\"\n                    height=\"160\"\n                    style=\"max-width:100%;\"\n                \/>\n            <\/a>\n        <\/div>\n\t\t\t\t\t\t\t<\/div> \n\t\t\t\n\t\t\t\t<div id=\"ngg-image-67\" class=\"ngg-gallery-thumbnail-box ngg-5-columns\" >\n\t\t\t\t        <div class=\"ngg-gallery-thumbnail\">\n            <a href=\"https:\/\/www.camperonline.it\/magazine\/wp-content\/gallery\/anteprime-2021-rapido\/17-RAPIDO-M66.jpg\"\n               title=\"\"\n               data-src=\"https:\/\/www.camperonline.it\/magazine\/wp-content\/gallery\/anteprime-2021-rapido\/17-RAPIDO-M66.jpg\"\n               data-thumbnail=\"https:\/\/www.camperonline.it\/magazine\/wp-content\/gallery\/anteprime-2021-rapido\/thumbs\/thumbs_17-RAPIDO-M66.jpg\"\n               data-image-id=\"116837\"\n               data-title=\"17-RAPIDO-M66\"\n               data-description=\"\"\n               data-image-slug=\"17-rapido-m66\"\n               class=\"ngg-fancybox\" rel=\"9372c86bb77385005561aa685b6d7e13\">\n                <img\n                    title=\"17-RAPIDO-M66\"\n                    alt=\"17-RAPIDO-M66\"\n                    src=\"https:\/\/www.camperonline.it\/magazine\/wp-content\/gallery\/anteprime-2021-rapido\/thumbs\/thumbs_17-RAPIDO-M66.jpg\"\n                    width=\"240\"\n                    height=\"160\"\n                    style=\"max-width:100%;\"\n                \/>\n            <\/a>\n        <\/div>\n\t\t\t\t\t\t\t<\/div> \n\t\t\t\n\t\t\t\t<div id=\"ngg-image-68\" class=\"ngg-gallery-thumbnail-box ngg-5-columns\" >\n\t\t\t\t        <div class=\"ngg-gallery-thumbnail\">\n            <a href=\"https:\/\/www.camperonline.it\/magazine\/wp-content\/gallery\/anteprime-2021-rapido\/18-RAPIDO-M66.jpg\"\n               title=\"\"\n               data-src=\"https:\/\/www.camperonline.it\/magazine\/wp-content\/gallery\/anteprime-2021-rapido\/18-RAPIDO-M66.jpg\"\n               data-thumbnail=\"https:\/\/www.camperonline.it\/magazine\/wp-content\/gallery\/anteprime-2021-rapido\/thumbs\/thumbs_18-RAPIDO-M66.jpg\"\n               data-image-id=\"116838\"\n               data-title=\"18-RAPIDO-M66\"\n               data-description=\"\"\n               data-image-slug=\"18-rapido-m66\"\n               class=\"ngg-fancybox\" rel=\"9372c86bb77385005561aa685b6d7e13\">\n                <img\n                    title=\"18-RAPIDO-M66\"\n                    alt=\"18-RAPIDO-M66\"\n                    src=\"https:\/\/www.camperonline.it\/magazine\/wp-content\/gallery\/anteprime-2021-rapido\/thumbs\/thumbs_18-RAPIDO-M66.jpg\"\n                    width=\"240\"\n                    height=\"160\"\n                    style=\"max-width:100%;\"\n                \/>\n            <\/a>\n        <\/div>\n\t\t\t\t\t\t\t<\/div> \n\t\t\t\n\t\t\t\t<div id=\"ngg-image-69\" class=\"ngg-gallery-thumbnail-box ngg-5-columns\" >\n\t\t\t\t        <div class=\"ngg-gallery-thumbnail\">\n            <a href=\"https:\/\/www.camperonline.it\/magazine\/wp-content\/gallery\/anteprime-2021-rapido\/19-RAPIDO-M66.jpg\"\n               title=\"\"\n               data-src=\"https:\/\/www.camperonline.it\/magazine\/wp-content\/gallery\/anteprime-2021-rapido\/19-RAPIDO-M66.jpg\"\n               data-thumbnail=\"https:\/\/www.camperonline.it\/magazine\/wp-content\/gallery\/anteprime-2021-rapido\/thumbs\/thumbs_19-RAPIDO-M66.jpg\"\n               data-image-id=\"116839\"\n               data-title=\"19-RAPIDO-M66\"\n               data-description=\"\"\n               data-image-slug=\"19-rapido-m66\"\n               class=\"ngg-fancybox\" rel=\"9372c86bb77385005561aa685b6d7e13\">\n                <img\n                    title=\"19-RAPIDO-M66\"\n                    alt=\"19-RAPIDO-M66\"\n                    src=\"https:\/\/www.camperonline.it\/magazine\/wp-content\/gallery\/anteprime-2021-rapido\/thumbs\/thumbs_19-RAPIDO-M66.jpg\"\n                    width=\"240\"\n                    height=\"160\"\n                    style=\"max-width:100%;\"\n                \/>\n            <\/a>\n        <\/div>\n\t\t\t\t\t\t\t<\/div> \n\t\t\t\n\t\t\t\t<div id=\"ngg-image-70\" class=\"ngg-gallery-thumbnail-box ngg-5-columns\" >\n\t\t\t\t        <div class=\"ngg-gallery-thumbnail\">\n            <a href=\"https:\/\/www.camperonline.it\/magazine\/wp-content\/gallery\/anteprime-2021-rapido\/20-RAPIDO-M66.jpg\"\n               title=\"\"\n               data-src=\"https:\/\/www.camperonline.it\/magazine\/wp-content\/gallery\/anteprime-2021-rapido\/20-RAPIDO-M66.jpg\"\n               data-thumbnail=\"https:\/\/www.camperonline.it\/magazine\/wp-content\/gallery\/anteprime-2021-rapido\/thumbs\/thumbs_20-RAPIDO-M66.jpg\"\n               data-image-id=\"116840\"\n               data-title=\"20-RAPIDO-M66\"\n               data-description=\"\"\n               data-image-slug=\"20-rapido-m66\"\n               class=\"ngg-fancybox\" rel=\"9372c86bb77385005561aa685b6d7e13\">\n                <img\n                    title=\"20-RAPIDO-M66\"\n                    alt=\"20-RAPIDO-M66\"\n                    src=\"https:\/\/www.camperonline.it\/magazine\/wp-content\/gallery\/anteprime-2021-rapido\/thumbs\/thumbs_20-RAPIDO-M66.jpg\"\n                    width=\"240\"\n                    height=\"160\"\n                    style=\"max-width:100%;\"\n                \/>\n            <\/a>\n        <\/div>\n\t\t\t\t\t\t\t<\/div> \n\t\t\t\n\t\t\t\t<div id=\"ngg-image-71\" class=\"ngg-gallery-thumbnail-box ngg-5-columns\" >\n\t\t\t\t        <div class=\"ngg-gallery-thumbnail\">\n            <a href=\"https:\/\/www.camperonline.it\/magazine\/wp-content\/gallery\/anteprime-2021-rapido\/28-RAPIDO-M66.jpg\"\n               title=\"\"\n               data-src=\"https:\/\/www.camperonline.it\/magazine\/wp-content\/gallery\/anteprime-2021-rapido\/28-RAPIDO-M66.jpg\"\n               data-thumbnail=\"https:\/\/www.camperonline.it\/magazine\/wp-content\/gallery\/anteprime-2021-rapido\/thumbs\/thumbs_28-RAPIDO-M66.jpg\"\n               data-image-id=\"116841\"\n               data-title=\"28-RAPIDO-M66\"\n               data-description=\"\"\n               data-image-slug=\"28-rapido-m66\"\n               class=\"ngg-fancybox\" rel=\"9372c86bb77385005561aa685b6d7e13\">\n                <img\n                    title=\"28-RAPIDO-M66\"\n                    alt=\"28-RAPIDO-M66\"\n                    src=\"https:\/\/www.camperonline.it\/magazine\/wp-content\/gallery\/anteprime-2021-rapido\/thumbs\/thumbs_28-RAPIDO-M66.jpg\"\n                    width=\"240\"\n                    height=\"160\"\n                    style=\"max-width:100%;\"\n                \/>\n            <\/a>\n        <\/div>\n\t\t\t\t\t\t\t<\/div> \n\t\t\t\n\t\t\t\t<div id=\"ngg-image-72\" class=\"ngg-gallery-thumbnail-box ngg-5-columns\" >\n\t\t\t\t        <div class=\"ngg-gallery-thumbnail\">\n            <a href=\"https:\/\/www.camperonline.it\/magazine\/wp-content\/gallery\/anteprime-2021-rapido\/33-RAPIDO-M66.jpg\"\n               title=\"\"\n               data-src=\"https:\/\/www.camperonline.it\/magazine\/wp-content\/gallery\/anteprime-2021-rapido\/33-RAPIDO-M66.jpg\"\n               data-thumbnail=\"https:\/\/www.camperonline.it\/magazine\/wp-content\/gallery\/anteprime-2021-rapido\/thumbs\/thumbs_33-RAPIDO-M66.jpg\"\n               data-image-id=\"116842\"\n               data-title=\"33-RAPIDO-M66\"\n               data-description=\"\"\n               data-image-slug=\"33-rapido-m66\"\n               class=\"ngg-fancybox\" rel=\"9372c86bb77385005561aa685b6d7e13\">\n                <img\n                    title=\"33-RAPIDO-M66\"\n                    alt=\"33-RAPIDO-M66\"\n                    src=\"https:\/\/www.camperonline.it\/magazine\/wp-content\/gallery\/anteprime-2021-rapido\/thumbs\/thumbs_33-RAPIDO-M66.jpg\"\n                    width=\"240\"\n                    height=\"160\"\n                    style=\"max-width:100%;\"\n                \/>\n            <\/a>\n        <\/div>\n\t\t\t\t\t\t\t<\/div> \n\t\t\t\n\t\t\t\t<div id=\"ngg-image-73\" class=\"ngg-gallery-thumbnail-box ngg-5-columns\" >\n\t\t\t\t        <div class=\"ngg-gallery-thumbnail\">\n            <a href=\"https:\/\/www.camperonline.it\/magazine\/wp-content\/gallery\/anteprime-2021-rapido\/35-RAPIDO-M66.jpg\"\n               title=\"\"\n               data-src=\"https:\/\/www.camperonline.it\/magazine\/wp-content\/gallery\/anteprime-2021-rapido\/35-RAPIDO-M66.jpg\"\n               data-thumbnail=\"https:\/\/www.camperonline.it\/magazine\/wp-content\/gallery\/anteprime-2021-rapido\/thumbs\/thumbs_35-RAPIDO-M66.jpg\"\n               data-image-id=\"116843\"\n               data-title=\"35-RAPIDO-M66\"\n               data-description=\"\"\n               data-image-slug=\"35-rapido-m66\"\n               class=\"ngg-fancybox\" rel=\"9372c86bb77385005561aa685b6d7e13\">\n                <img\n                    title=\"35-RAPIDO-M66\"\n                    alt=\"35-RAPIDO-M66\"\n                    src=\"https:\/\/www.camperonline.it\/magazine\/wp-content\/gallery\/anteprime-2021-rapido\/thumbs\/thumbs_35-RAPIDO-M66.jpg\"\n                    width=\"240\"\n                    height=\"160\"\n                    style=\"max-width:100%;\"\n                \/>\n            <\/a>\n        <\/div>\n\t\t\t\t\t\t\t<\/div> \n\t\t\t\n\t\t\t\t<div id=\"ngg-image-74\" class=\"ngg-gallery-thumbnail-box ngg-5-columns\" >\n\t\t\t\t        <div class=\"ngg-gallery-thumbnail\">\n            <a href=\"https:\/\/www.camperonline.it\/magazine\/wp-content\/gallery\/anteprime-2021-rapido\/05-RAPIDO-8096-dF-ULTIMATE-LINE.jpg\"\n               title=\"\"\n               data-src=\"https:\/\/www.camperonline.it\/magazine\/wp-content\/gallery\/anteprime-2021-rapido\/05-RAPIDO-8096-dF-ULTIMATE-LINE.jpg\"\n               data-thumbnail=\"https:\/\/www.camperonline.it\/magazine\/wp-content\/gallery\/anteprime-2021-rapido\/thumbs\/thumbs_05-RAPIDO-8096-dF-ULTIMATE-LINE.jpg\"\n               data-image-id=\"116844\"\n               data-title=\"05-RAPIDO-8096-dF-ULTIMATE-LINE\"\n               data-description=\"\"\n               data-image-slug=\"05-rapido-8096-df-ultimate-line\"\n               class=\"ngg-fancybox\" rel=\"9372c86bb77385005561aa685b6d7e13\">\n                <img\n                    title=\"05-RAPIDO-8096-dF-ULTIMATE-LINE\"\n                    alt=\"05-RAPIDO-8096-dF-ULTIMATE-LINE\"\n                    src=\"https:\/\/www.camperonline.it\/magazine\/wp-content\/gallery\/anteprime-2021-rapido\/thumbs\/thumbs_05-RAPIDO-8096-dF-ULTIMATE-LINE.jpg\"\n                    width=\"240\"\n                    height=\"160\"\n                    style=\"max-width:100%;\"\n                \/>\n            <\/a>\n        <\/div>\n\t\t\t\t\t\t\t<\/div> \n\t\t\t\n\t\t\t\t<div id=\"ngg-image-75\" class=\"ngg-gallery-thumbnail-box ngg-5-columns\" >\n\t\t\t\t        <div class=\"ngg-gallery-thumbnail\">\n            <a href=\"https:\/\/www.camperonline.it\/magazine\/wp-content\/gallery\/anteprime-2021-rapido\/09-RAPIDO-8096-dF-ULTIMATE-LINE.jpg\"\n               title=\"\"\n               data-src=\"https:\/\/www.camperonline.it\/magazine\/wp-content\/gallery\/anteprime-2021-rapido\/09-RAPIDO-8096-dF-ULTIMATE-LINE.jpg\"\n               data-thumbnail=\"https:\/\/www.camperonline.it\/magazine\/wp-content\/gallery\/anteprime-2021-rapido\/thumbs\/thumbs_09-RAPIDO-8096-dF-ULTIMATE-LINE.jpg\"\n               data-image-id=\"116845\"\n               data-title=\"09-RAPIDO-8096-dF-ULTIMATE-LINE\"\n               data-description=\"\"\n               data-image-slug=\"09-rapido-8096-df-ultimate-line\"\n               class=\"ngg-fancybox\" rel=\"9372c86bb77385005561aa685b6d7e13\">\n                <img\n                    title=\"09-RAPIDO-8096-dF-ULTIMATE-LINE\"\n                    alt=\"09-RAPIDO-8096-dF-ULTIMATE-LINE\"\n                    src=\"https:\/\/www.camperonline.it\/magazine\/wp-content\/gallery\/anteprime-2021-rapido\/thumbs\/thumbs_09-RAPIDO-8096-dF-ULTIMATE-LINE.jpg\"\n                    width=\"240\"\n                    height=\"160\"\n                    style=\"max-width:100%;\"\n                \/>\n            <\/a>\n        <\/div>\n\t\t\t\t\t\t\t<\/div> \n\t\t\t\n\t\t\t\t<div id=\"ngg-image-76\" class=\"ngg-gallery-thumbnail-box ngg-5-columns\" >\n\t\t\t\t        <div class=\"ngg-gallery-thumbnail\">\n            <a href=\"https:\/\/www.camperonline.it\/magazine\/wp-content\/gallery\/anteprime-2021-rapido\/11-RAPIDO-8096-dF-ULTIMATE-LINE.jpg\"\n               title=\"\"\n               data-src=\"https:\/\/www.camperonline.it\/magazine\/wp-content\/gallery\/anteprime-2021-rapido\/11-RAPIDO-8096-dF-ULTIMATE-LINE.jpg\"\n               data-thumbnail=\"https:\/\/www.camperonline.it\/magazine\/wp-content\/gallery\/anteprime-2021-rapido\/thumbs\/thumbs_11-RAPIDO-8096-dF-ULTIMATE-LINE.jpg\"\n               data-image-id=\"116846\"\n               data-title=\"11-RAPIDO-8096-dF-ULTIMATE-LINE\"\n               data-description=\"\"\n               data-image-slug=\"11-rapido-8096-df-ultimate-line\"\n               class=\"ngg-fancybox\" rel=\"9372c86bb77385005561aa685b6d7e13\">\n                <img\n                    title=\"11-RAPIDO-8096-dF-ULTIMATE-LINE\"\n                    alt=\"11-RAPIDO-8096-dF-ULTIMATE-LINE\"\n                    src=\"https:\/\/www.camperonline.it\/magazine\/wp-content\/gallery\/anteprime-2021-rapido\/thumbs\/thumbs_11-RAPIDO-8096-dF-ULTIMATE-LINE.jpg\"\n                    width=\"240\"\n                    height=\"160\"\n                    style=\"max-width:100%;\"\n                \/>\n            <\/a>\n        <\/div>\n\t\t\t\t\t\t\t<\/div> \n\t\t\t\n\t\t\t\t<div id=\"ngg-image-77\" class=\"ngg-gallery-thumbnail-box ngg-5-columns\" >\n\t\t\t\t        <div class=\"ngg-gallery-thumbnail\">\n            <a href=\"https:\/\/www.camperonline.it\/magazine\/wp-content\/gallery\/anteprime-2021-rapido\/12-RAPIDO-8096-dF-ULTIMATE-LINE.jpg\"\n               title=\"\"\n               data-src=\"https:\/\/www.camperonline.it\/magazine\/wp-content\/gallery\/anteprime-2021-rapido\/12-RAPIDO-8096-dF-ULTIMATE-LINE.jpg\"\n               data-thumbnail=\"https:\/\/www.camperonline.it\/magazine\/wp-content\/gallery\/anteprime-2021-rapido\/thumbs\/thumbs_12-RAPIDO-8096-dF-ULTIMATE-LINE.jpg\"\n               data-image-id=\"116847\"\n               data-title=\"12-RAPIDO-8096-dF-ULTIMATE-LINE\"\n               data-description=\"\"\n               data-image-slug=\"12-rapido-8096-df-ultimate-line\"\n               class=\"ngg-fancybox\" rel=\"9372c86bb77385005561aa685b6d7e13\">\n                <img\n                    title=\"12-RAPIDO-8096-dF-ULTIMATE-LINE\"\n                    alt=\"12-RAPIDO-8096-dF-ULTIMATE-LINE\"\n                    src=\"https:\/\/www.camperonline.it\/magazine\/wp-content\/gallery\/anteprime-2021-rapido\/thumbs\/thumbs_12-RAPIDO-8096-dF-ULTIMATE-LINE.jpg\"\n                    width=\"240\"\n                    height=\"160\"\n                    style=\"max-width:100%;\"\n                \/>\n            <\/a>\n        <\/div>\n\t\t\t\t\t\t\t<\/div> \n\t\t\t\n\t\t\t\t<div id=\"ngg-image-78\" class=\"ngg-gallery-thumbnail-box ngg-5-columns\" >\n\t\t\t\t        <div class=\"ngg-gallery-thumbnail\">\n            <a href=\"https:\/\/www.camperonline.it\/magazine\/wp-content\/gallery\/anteprime-2021-rapido\/19-RAPIDO-8096-dF-ULTIMATE-LINE.jpg\"\n               title=\"\"\n               data-src=\"https:\/\/www.camperonline.it\/magazine\/wp-content\/gallery\/anteprime-2021-rapido\/19-RAPIDO-8096-dF-ULTIMATE-LINE.jpg\"\n               data-thumbnail=\"https:\/\/www.camperonline.it\/magazine\/wp-content\/gallery\/anteprime-2021-rapido\/thumbs\/thumbs_19-RAPIDO-8096-dF-ULTIMATE-LINE.jpg\"\n               data-image-id=\"116848\"\n               data-title=\"19-RAPIDO-8096-dF-ULTIMATE-LINE\"\n               data-description=\"\"\n               data-image-slug=\"19-rapido-8096-df-ultimate-line\"\n               class=\"ngg-fancybox\" rel=\"9372c86bb77385005561aa685b6d7e13\">\n                <img\n                    title=\"19-RAPIDO-8096-dF-ULTIMATE-LINE\"\n                    alt=\"19-RAPIDO-8096-dF-ULTIMATE-LINE\"\n                    src=\"https:\/\/www.camperonline.it\/magazine\/wp-content\/gallery\/anteprime-2021-rapido\/thumbs\/thumbs_19-RAPIDO-8096-dF-ULTIMATE-LINE.jpg\"\n                    width=\"240\"\n                    height=\"160\"\n                    style=\"max-width:100%;\"\n                \/>\n            <\/a>\n        <\/div>\n\t\t\t\t\t\t\t<\/div> \n\t\t\t\n\t\t\t\t<div id=\"ngg-image-79\" class=\"ngg-gallery-thumbnail-box ngg-5-columns\" >\n\t\t\t\t        <div class=\"ngg-gallery-thumbnail\">\n            <a href=\"https:\/\/www.camperonline.it\/magazine\/wp-content\/gallery\/anteprime-2021-rapido\/22-RAPIDO-8096-dF-ULTIMATE-LINE.jpg\"\n               title=\"\"\n               data-src=\"https:\/\/www.camperonline.it\/magazine\/wp-content\/gallery\/anteprime-2021-rapido\/22-RAPIDO-8096-dF-ULTIMATE-LINE.jpg\"\n               data-thumbnail=\"https:\/\/www.camperonline.it\/magazine\/wp-content\/gallery\/anteprime-2021-rapido\/thumbs\/thumbs_22-RAPIDO-8096-dF-ULTIMATE-LINE.jpg\"\n               data-image-id=\"116849\"\n               data-title=\"22-RAPIDO-8096-dF-ULTIMATE-LINE\"\n               data-description=\"\"\n               data-image-slug=\"22-rapido-8096-df-ultimate-line\"\n               class=\"ngg-fancybox\" rel=\"9372c86bb77385005561aa685b6d7e13\">\n                <img\n                    title=\"22-RAPIDO-8096-dF-ULTIMATE-LINE\"\n                    alt=\"22-RAPIDO-8096-dF-ULTIMATE-LINE\"\n                    src=\"https:\/\/www.camperonline.it\/magazine\/wp-content\/gallery\/anteprime-2021-rapido\/thumbs\/thumbs_22-RAPIDO-8096-dF-ULTIMATE-LINE.jpg\"\n                    width=\"240\"\n                    height=\"160\"\n                    style=\"max-width:100%;\"\n                \/>\n            <\/a>\n        <\/div>\n\t\t\t\t\t\t\t<\/div> \n\t\t\t\n\t\t\t\t<div id=\"ngg-image-80\" class=\"ngg-gallery-thumbnail-box ngg-5-columns\" >\n\t\t\t\t        <div class=\"ngg-gallery-thumbnail\">\n            <a href=\"https:\/\/www.camperonline.it\/magazine\/wp-content\/gallery\/anteprime-2021-rapido\/23-RAPIDO-8096-dF-ULTIMATE-LINE.jpg\"\n               title=\"\"\n               data-src=\"https:\/\/www.camperonline.it\/magazine\/wp-content\/gallery\/anteprime-2021-rapido\/23-RAPIDO-8096-dF-ULTIMATE-LINE.jpg\"\n               data-thumbnail=\"https:\/\/www.camperonline.it\/magazine\/wp-content\/gallery\/anteprime-2021-rapido\/thumbs\/thumbs_23-RAPIDO-8096-dF-ULTIMATE-LINE.jpg\"\n               data-image-id=\"116850\"\n               data-title=\"23-RAPIDO-8096-dF-ULTIMATE-LINE\"\n               data-description=\"\"\n               data-image-slug=\"23-rapido-8096-df-ultimate-line\"\n               class=\"ngg-fancybox\" rel=\"9372c86bb77385005561aa685b6d7e13\">\n                <img\n                    title=\"23-RAPIDO-8096-dF-ULTIMATE-LINE\"\n                    alt=\"23-RAPIDO-8096-dF-ULTIMATE-LINE\"\n                    src=\"https:\/\/www.camperonline.it\/magazine\/wp-content\/gallery\/anteprime-2021-rapido\/thumbs\/thumbs_23-RAPIDO-8096-dF-ULTIMATE-LINE.jpg\"\n                    width=\"240\"\n                    height=\"160\"\n                    style=\"max-width:100%;\"\n                \/>\n            <\/a>\n        <\/div>\n\t\t\t\t\t\t\t<\/div> \n\t\t\t\n\t\t\t\t<div id=\"ngg-image-81\" class=\"ngg-gallery-thumbnail-box ngg-5-columns\" >\n\t\t\t\t        <div class=\"ngg-gallery-thumbnail\">\n            <a href=\"https:\/\/www.camperonline.it\/magazine\/wp-content\/gallery\/anteprime-2021-rapido\/27-RAPIDO-8096-dF-ULTIMATE-LINE.jpg\"\n               title=\"\"\n               data-src=\"https:\/\/www.camperonline.it\/magazine\/wp-content\/gallery\/anteprime-2021-rapido\/27-RAPIDO-8096-dF-ULTIMATE-LINE.jpg\"\n               data-thumbnail=\"https:\/\/www.camperonline.it\/magazine\/wp-content\/gallery\/anteprime-2021-rapido\/thumbs\/thumbs_27-RAPIDO-8096-dF-ULTIMATE-LINE.jpg\"\n               data-image-id=\"116851\"\n               data-title=\"27-RAPIDO-8096-dF-ULTIMATE-LINE\"\n               data-description=\"\"\n               data-image-slug=\"27-rapido-8096-df-ultimate-line\"\n               class=\"ngg-fancybox\" rel=\"9372c86bb77385005561aa685b6d7e13\">\n                <img\n                    title=\"27-RAPIDO-8096-dF-ULTIMATE-LINE\"\n                    alt=\"27-RAPIDO-8096-dF-ULTIMATE-LINE\"\n                    src=\"https:\/\/www.camperonline.it\/magazine\/wp-content\/gallery\/anteprime-2021-rapido\/thumbs\/thumbs_27-RAPIDO-8096-dF-ULTIMATE-LINE.jpg\"\n                    width=\"240\"\n                    height=\"160\"\n                    style=\"max-width:100%;\"\n                \/>\n            <\/a>\n        <\/div>\n\t\t\t\t\t\t\t<\/div> \n\t\t\t\n\t\t\t\t<div id=\"ngg-image-82\" class=\"ngg-gallery-thumbnail-box ngg-5-columns\" >\n\t\t\t\t        <div class=\"ngg-gallery-thumbnail\">\n            <a href=\"https:\/\/www.camperonline.it\/magazine\/wp-content\/gallery\/anteprime-2021-rapido\/40-RAPIDO-8096-dF-ULTIMATE-LINE.jpg\"\n               title=\"\"\n               data-src=\"https:\/\/www.camperonline.it\/magazine\/wp-content\/gallery\/anteprime-2021-rapido\/40-RAPIDO-8096-dF-ULTIMATE-LINE.jpg\"\n               data-thumbnail=\"https:\/\/www.camperonline.it\/magazine\/wp-content\/gallery\/anteprime-2021-rapido\/thumbs\/thumbs_40-RAPIDO-8096-dF-ULTIMATE-LINE.jpg\"\n               data-image-id=\"116852\"\n               data-title=\"40-RAPIDO-8096-dF-ULTIMATE-LINE\"\n               data-description=\"\"\n               data-image-slug=\"40-rapido-8096-df-ultimate-line\"\n               class=\"ngg-fancybox\" rel=\"9372c86bb77385005561aa685b6d7e13\">\n                <img\n                    title=\"40-RAPIDO-8096-dF-ULTIMATE-LINE\"\n                    alt=\"40-RAPIDO-8096-dF-ULTIMATE-LINE\"\n                    src=\"https:\/\/www.camperonline.it\/magazine\/wp-content\/gallery\/anteprime-2021-rapido\/thumbs\/thumbs_40-RAPIDO-8096-dF-ULTIMATE-LINE.jpg\"\n                    width=\"240\"\n                    height=\"160\"\n                    style=\"max-width:100%;\"\n                \/>\n            <\/a>\n        <\/div>\n\t\t\t\t\t\t\t<\/div> \n\t\t\t\n\t\t\t\t<div id=\"ngg-image-83\" class=\"ngg-gallery-thumbnail-box ngg-5-columns\" >\n\t\t\t\t        <div class=\"ngg-gallery-thumbnail\">\n            <a href=\"https:\/\/www.camperonline.it\/magazine\/wp-content\/gallery\/anteprime-2021-rapido\/48-RAPIDO-8096-dF-ULTIMATE-LINE.jpg\"\n               title=\"\"\n               data-src=\"https:\/\/www.camperonline.it\/magazine\/wp-content\/gallery\/anteprime-2021-rapido\/48-RAPIDO-8096-dF-ULTIMATE-LINE.jpg\"\n               data-thumbnail=\"https:\/\/www.camperonline.it\/magazine\/wp-content\/gallery\/anteprime-2021-rapido\/thumbs\/thumbs_48-RAPIDO-8096-dF-ULTIMATE-LINE.jpg\"\n               data-image-id=\"116853\"\n               data-title=\"48-RAPIDO-8096-dF-ULTIMATE-LINE\"\n               data-description=\"\"\n               data-image-slug=\"48-rapido-8096-df-ultimate-line\"\n               class=\"ngg-fancybox\" rel=\"9372c86bb77385005561aa685b6d7e13\">\n                <img\n                    title=\"48-RAPIDO-8096-dF-ULTIMATE-LINE\"\n                    alt=\"48-RAPIDO-8096-dF-ULTIMATE-LINE\"\n                    src=\"https:\/\/www.camperonline.it\/magazine\/wp-content\/gallery\/anteprime-2021-rapido\/thumbs\/thumbs_48-RAPIDO-8096-dF-ULTIMATE-LINE.jpg\"\n                    width=\"240\"\n                    height=\"160\"\n                    style=\"max-width:100%;\"\n                \/>\n            <\/a>\n        <\/div>\n\t\t\t\t\t\t\t<\/div> \n\t\t\t\n\t\t\t\t<div id=\"ngg-image-84\" class=\"ngg-gallery-thumbnail-box ngg-5-columns\" >\n\t\t\t\t        <div class=\"ngg-gallery-thumbnail\">\n            <a href=\"https:\/\/www.camperonline.it\/magazine\/wp-content\/gallery\/anteprime-2021-rapido\/49-RAPIDO-8096-dF-ULTIMATE-LINE.jpg\"\n               title=\"\"\n               data-src=\"https:\/\/www.camperonline.it\/magazine\/wp-content\/gallery\/anteprime-2021-rapido\/49-RAPIDO-8096-dF-ULTIMATE-LINE.jpg\"\n               data-thumbnail=\"https:\/\/www.camperonline.it\/magazine\/wp-content\/gallery\/anteprime-2021-rapido\/thumbs\/thumbs_49-RAPIDO-8096-dF-ULTIMATE-LINE.jpg\"\n               data-image-id=\"116854\"\n               data-title=\"49-RAPIDO-8096-dF-ULTIMATE-LINE\"\n               data-description=\"\"\n               data-image-slug=\"49-rapido-8096-df-ultimate-line\"\n               class=\"ngg-fancybox\" rel=\"9372c86bb77385005561aa685b6d7e13\">\n                <img\n                    title=\"49-RAPIDO-8096-dF-ULTIMATE-LINE\"\n                    alt=\"49-RAPIDO-8096-dF-ULTIMATE-LINE\"\n                    src=\"https:\/\/www.camperonline.it\/magazine\/wp-content\/gallery\/anteprime-2021-rapido\/thumbs\/thumbs_49-RAPIDO-8096-dF-ULTIMATE-LINE.jpg\"\n                    width=\"240\"\n                    height=\"160\"\n                    style=\"max-width:100%;\"\n                \/>\n            <\/a>\n        <\/div>\n\t\t\t\t\t\t\t<\/div> \n\t\t\t\n\t\t\t\t<div id=\"ngg-image-85\" class=\"ngg-gallery-thumbnail-box ngg-5-columns\" >\n\t\t\t\t        <div class=\"ngg-gallery-thumbnail\">\n            <a href=\"https:\/\/www.camperonline.it\/magazine\/wp-content\/gallery\/anteprime-2021-rapido\/51-RAPIDO-8096-dF-ULTIMATE-LINE.jpg\"\n               title=\"\"\n               data-src=\"https:\/\/www.camperonline.it\/magazine\/wp-content\/gallery\/anteprime-2021-rapido\/51-RAPIDO-8096-dF-ULTIMATE-LINE.jpg\"\n               data-thumbnail=\"https:\/\/www.camperonline.it\/magazine\/wp-content\/gallery\/anteprime-2021-rapido\/thumbs\/thumbs_51-RAPIDO-8096-dF-ULTIMATE-LINE.jpg\"\n               data-image-id=\"116855\"\n               data-title=\"51-RAPIDO-8096-dF-ULTIMATE-LINE\"\n               data-description=\"\"\n               data-image-slug=\"51-rapido-8096-df-ultimate-line\"\n               class=\"ngg-fancybox\" rel=\"9372c86bb77385005561aa685b6d7e13\">\n                <img\n                    title=\"51-RAPIDO-8096-dF-ULTIMATE-LINE\"\n                    alt=\"51-RAPIDO-8096-dF-ULTIMATE-LINE\"\n                    src=\"https:\/\/www.camperonline.it\/magazine\/wp-content\/gallery\/anteprime-2021-rapido\/thumbs\/thumbs_51-RAPIDO-8096-dF-ULTIMATE-LINE.jpg\"\n                    width=\"240\"\n                    height=\"160\"\n                    style=\"max-width:100%;\"\n                \/>\n            <\/a>\n        <\/div>\n\t\t\t\t\t\t\t<\/div> \n\t\t\t\n\t\t\t\t<div id=\"ngg-image-86\" class=\"ngg-gallery-thumbnail-box ngg-5-columns\" >\n\t\t\t\t        <div class=\"ngg-gallery-thumbnail\">\n            <a href=\"https:\/\/www.camperonline.it\/magazine\/wp-content\/gallery\/anteprime-2021-rapido\/52-RAPIDO-8096-dF-ULTIMATE-LINE.jpg\"\n               title=\"\"\n               data-src=\"https:\/\/www.camperonline.it\/magazine\/wp-content\/gallery\/anteprime-2021-rapido\/52-RAPIDO-8096-dF-ULTIMATE-LINE.jpg\"\n               data-thumbnail=\"https:\/\/www.camperonline.it\/magazine\/wp-content\/gallery\/anteprime-2021-rapido\/thumbs\/thumbs_52-RAPIDO-8096-dF-ULTIMATE-LINE.jpg\"\n               data-image-id=\"116856\"\n               data-title=\"52-RAPIDO-8096-dF-ULTIMATE-LINE\"\n               data-description=\"\"\n               data-image-slug=\"52-rapido-8096-df-ultimate-line\"\n               class=\"ngg-fancybox\" rel=\"9372c86bb77385005561aa685b6d7e13\">\n                <img\n                    title=\"52-RAPIDO-8096-dF-ULTIMATE-LINE\"\n                    alt=\"52-RAPIDO-8096-dF-ULTIMATE-LINE\"\n                    src=\"https:\/\/www.camperonline.it\/magazine\/wp-content\/gallery\/anteprime-2021-rapido\/thumbs\/thumbs_52-RAPIDO-8096-dF-ULTIMATE-LINE.jpg\"\n                    width=\"240\"\n                    height=\"160\"\n                    style=\"max-width:100%;\"\n                \/>\n            <\/a>\n        <\/div>\n\t\t\t\t\t\t\t<\/div> \n\t\t\t\n\t\t\t\t<div id=\"ngg-image-87\" class=\"ngg-gallery-thumbnail-box ngg-5-columns\" >\n\t\t\t\t        <div class=\"ngg-gallery-thumbnail\">\n            <a href=\"https:\/\/www.camperonline.it\/magazine\/wp-content\/gallery\/anteprime-2021-rapido\/55-RAPIDO-8096-dF-ULTIMATE-LINE.jpg\"\n               title=\"\"\n               data-src=\"https:\/\/www.camperonline.it\/magazine\/wp-content\/gallery\/anteprime-2021-rapido\/55-RAPIDO-8096-dF-ULTIMATE-LINE.jpg\"\n               data-thumbnail=\"https:\/\/www.camperonline.it\/magazine\/wp-content\/gallery\/anteprime-2021-rapido\/thumbs\/thumbs_55-RAPIDO-8096-dF-ULTIMATE-LINE.jpg\"\n               data-image-id=\"116857\"\n               data-title=\"55-RAPIDO-8096-dF-ULTIMATE-LINE\"\n               data-description=\"\"\n               data-image-slug=\"55-rapido-8096-df-ultimate-line\"\n               class=\"ngg-fancybox\" rel=\"9372c86bb77385005561aa685b6d7e13\">\n                <img\n                    title=\"55-RAPIDO-8096-dF-ULTIMATE-LINE\"\n                    alt=\"55-RAPIDO-8096-dF-ULTIMATE-LINE\"\n                    src=\"https:\/\/www.camperonline.it\/magazine\/wp-content\/gallery\/anteprime-2021-rapido\/thumbs\/thumbs_55-RAPIDO-8096-dF-ULTIMATE-LINE.jpg\"\n                    width=\"240\"\n                    height=\"160\"\n                    style=\"max-width:100%;\"\n                \/>\n            <\/a>\n        <\/div>\n\t\t\t\t\t\t\t<\/div> \n\t\t\t\n\t\t\t\t<div id=\"ngg-image-88\" class=\"ngg-gallery-thumbnail-box ngg-5-columns\" >\n\t\t\t\t        <div class=\"ngg-gallery-thumbnail\">\n            <a href=\"https:\/\/www.camperonline.it\/magazine\/wp-content\/gallery\/anteprime-2021-rapido\/01-RAPIDO-696-dF-ULTIMATE-LINE.jpg\"\n               title=\"\"\n               data-src=\"https:\/\/www.camperonline.it\/magazine\/wp-content\/gallery\/anteprime-2021-rapido\/01-RAPIDO-696-dF-ULTIMATE-LINE.jpg\"\n               data-thumbnail=\"https:\/\/www.camperonline.it\/magazine\/wp-content\/gallery\/anteprime-2021-rapido\/thumbs\/thumbs_01-RAPIDO-696-dF-ULTIMATE-LINE.jpg\"\n               data-image-id=\"116858\"\n               data-title=\"01-RAPIDO-696-dF-ULTIMATE-LINE\"\n               data-description=\"\"\n               data-image-slug=\"01-rapido-696-df-ultimate-line\"\n               class=\"ngg-fancybox\" rel=\"9372c86bb77385005561aa685b6d7e13\">\n                <img\n                    title=\"01-RAPIDO-696-dF-ULTIMATE-LINE\"\n                    alt=\"01-RAPIDO-696-dF-ULTIMATE-LINE\"\n                    src=\"https:\/\/www.camperonline.it\/magazine\/wp-content\/gallery\/anteprime-2021-rapido\/thumbs\/thumbs_01-RAPIDO-696-dF-ULTIMATE-LINE.jpg\"\n                    width=\"240\"\n                    height=\"160\"\n                    style=\"max-width:100%;\"\n                \/>\n            <\/a>\n        <\/div>\n\t\t\t\t\t\t\t<\/div> \n\t\t\t\n\t\t\t\t<div id=\"ngg-image-89\" class=\"ngg-gallery-thumbnail-box ngg-5-columns\" >\n\t\t\t\t        <div class=\"ngg-gallery-thumbnail\">\n            <a href=\"https:\/\/www.camperonline.it\/magazine\/wp-content\/gallery\/anteprime-2021-rapido\/07-RAPIDO-696-dF-ULTIMATE-LINE.jpg\"\n               title=\"\"\n               data-src=\"https:\/\/www.camperonline.it\/magazine\/wp-content\/gallery\/anteprime-2021-rapido\/07-RAPIDO-696-dF-ULTIMATE-LINE.jpg\"\n               data-thumbnail=\"https:\/\/www.camperonline.it\/magazine\/wp-content\/gallery\/anteprime-2021-rapido\/thumbs\/thumbs_07-RAPIDO-696-dF-ULTIMATE-LINE.jpg\"\n               data-image-id=\"116859\"\n               data-title=\"07-RAPIDO-696-dF-ULTIMATE-LINE\"\n               data-description=\"\"\n               data-image-slug=\"07-rapido-696-df-ultimate-line\"\n               class=\"ngg-fancybox\" rel=\"9372c86bb77385005561aa685b6d7e13\">\n                <img\n                    title=\"07-RAPIDO-696-dF-ULTIMATE-LINE\"\n                    alt=\"07-RAPIDO-696-dF-ULTIMATE-LINE\"\n                    src=\"https:\/\/www.camperonline.it\/magazine\/wp-content\/gallery\/anteprime-2021-rapido\/thumbs\/thumbs_07-RAPIDO-696-dF-ULTIMATE-LINE.jpg\"\n                    width=\"240\"\n                    height=\"160\"\n                    style=\"max-width:100%;\"\n                \/>\n            <\/a>\n        <\/div>\n\t\t\t\t\t\t\t<\/div> \n\t\t\t\n\t\t\t\t<div id=\"ngg-image-90\" class=\"ngg-gallery-thumbnail-box ngg-5-columns\" >\n\t\t\t\t        <div class=\"ngg-gallery-thumbnail\">\n            <a href=\"https:\/\/www.camperonline.it\/magazine\/wp-content\/gallery\/anteprime-2021-rapido\/09-RAPIDO-696-dF-ULTIMATE-LINE.jpg\"\n               title=\"\"\n               data-src=\"https:\/\/www.camperonline.it\/magazine\/wp-content\/gallery\/anteprime-2021-rapido\/09-RAPIDO-696-dF-ULTIMATE-LINE.jpg\"\n               data-thumbnail=\"https:\/\/www.camperonline.it\/magazine\/wp-content\/gallery\/anteprime-2021-rapido\/thumbs\/thumbs_09-RAPIDO-696-dF-ULTIMATE-LINE.jpg\"\n               data-image-id=\"116860\"\n               data-title=\"09-RAPIDO-696-dF-ULTIMATE-LINE\"\n               data-description=\"\"\n               data-image-slug=\"09-rapido-696-df-ultimate-line\"\n               class=\"ngg-fancybox\" rel=\"9372c86bb77385005561aa685b6d7e13\">\n                <img\n                    title=\"09-RAPIDO-696-dF-ULTIMATE-LINE\"\n                    alt=\"09-RAPIDO-696-dF-ULTIMATE-LINE\"\n                    src=\"https:\/\/www.camperonline.it\/magazine\/wp-content\/gallery\/anteprime-2021-rapido\/thumbs\/thumbs_09-RAPIDO-696-dF-ULTIMATE-LINE.jpg\"\n                    width=\"240\"\n                    height=\"160\"\n                    style=\"max-width:100%;\"\n                \/>\n            <\/a>\n        <\/div>\n\t\t\t\t\t\t\t<\/div> \n\t\t\t\n\t\t\t\t<div id=\"ngg-image-91\" class=\"ngg-gallery-thumbnail-box ngg-5-columns\" >\n\t\t\t\t        <div class=\"ngg-gallery-thumbnail\">\n            <a href=\"https:\/\/www.camperonline.it\/magazine\/wp-content\/gallery\/anteprime-2021-rapido\/10-RAPIDO-696-dF-ULTIMATE-LINE.jpg\"\n               title=\"\"\n               data-src=\"https:\/\/www.camperonline.it\/magazine\/wp-content\/gallery\/anteprime-2021-rapido\/10-RAPIDO-696-dF-ULTIMATE-LINE.jpg\"\n               data-thumbnail=\"https:\/\/www.camperonline.it\/magazine\/wp-content\/gallery\/anteprime-2021-rapido\/thumbs\/thumbs_10-RAPIDO-696-dF-ULTIMATE-LINE.jpg\"\n               data-image-id=\"116861\"\n               data-title=\"10-RAPIDO-696-dF-ULTIMATE-LINE\"\n               data-description=\"\"\n               data-image-slug=\"10-rapido-696-df-ultimate-line\"\n               class=\"ngg-fancybox\" rel=\"9372c86bb77385005561aa685b6d7e13\">\n                <img\n                    title=\"10-RAPIDO-696-dF-ULTIMATE-LINE\"\n                    alt=\"10-RAPIDO-696-dF-ULTIMATE-LINE\"\n                    src=\"https:\/\/www.camperonline.it\/magazine\/wp-content\/gallery\/anteprime-2021-rapido\/thumbs\/thumbs_10-RAPIDO-696-dF-ULTIMATE-LINE.jpg\"\n                    width=\"240\"\n                    height=\"160\"\n                    style=\"max-width:100%;\"\n                \/>\n            <\/a>\n        <\/div>\n\t\t\t\t\t\t\t<\/div> \n\t\t\t\n\t\t\t\t<div id=\"ngg-image-92\" class=\"ngg-gallery-thumbnail-box ngg-5-columns\" >\n\t\t\t\t        <div class=\"ngg-gallery-thumbnail\">\n            <a href=\"https:\/\/www.camperonline.it\/magazine\/wp-content\/gallery\/anteprime-2021-rapido\/12-RAPIDO-696-dF-ULTIMATE-LINE.jpg\"\n               title=\"\"\n               data-src=\"https:\/\/www.camperonline.it\/magazine\/wp-content\/gallery\/anteprime-2021-rapido\/12-RAPIDO-696-dF-ULTIMATE-LINE.jpg\"\n               data-thumbnail=\"https:\/\/www.camperonline.it\/magazine\/wp-content\/gallery\/anteprime-2021-rapido\/thumbs\/thumbs_12-RAPIDO-696-dF-ULTIMATE-LINE.jpg\"\n               data-image-id=\"116862\"\n               data-title=\"12-RAPIDO-696-dF-ULTIMATE-LINE\"\n               data-description=\"\"\n               data-image-slug=\"12-rapido-696-df-ultimate-line\"\n               class=\"ngg-fancybox\" rel=\"9372c86bb77385005561aa685b6d7e13\">\n                <img\n                    title=\"12-RAPIDO-696-dF-ULTIMATE-LINE\"\n                    alt=\"12-RAPIDO-696-dF-ULTIMATE-LINE\"\n                    src=\"https:\/\/www.camperonline.it\/magazine\/wp-content\/gallery\/anteprime-2021-rapido\/thumbs\/thumbs_12-RAPIDO-696-dF-ULTIMATE-LINE.jpg\"\n                    width=\"240\"\n                    height=\"160\"\n                    style=\"max-width:100%;\"\n                \/>\n            <\/a>\n        <\/div>\n\t\t\t\t\t\t\t<\/div> \n\t\t\t\n\t\t\t\t<div id=\"ngg-image-93\" class=\"ngg-gallery-thumbnail-box ngg-5-columns\" >\n\t\t\t\t        <div class=\"ngg-gallery-thumbnail\">\n            <a href=\"https:\/\/www.camperonline.it\/magazine\/wp-content\/gallery\/anteprime-2021-rapido\/15-RAPIDO-696-dF-ULTIMATE-LINE.jpg\"\n               title=\"\"\n               data-src=\"https:\/\/www.camperonline.it\/magazine\/wp-content\/gallery\/anteprime-2021-rapido\/15-RAPIDO-696-dF-ULTIMATE-LINE.jpg\"\n               data-thumbnail=\"https:\/\/www.camperonline.it\/magazine\/wp-content\/gallery\/anteprime-2021-rapido\/thumbs\/thumbs_15-RAPIDO-696-dF-ULTIMATE-LINE.jpg\"\n               data-image-id=\"116863\"\n               data-title=\"15-RAPIDO-696-dF-ULTIMATE-LINE\"\n               data-description=\"\"\n               data-image-slug=\"15-rapido-696-df-ultimate-line\"\n               class=\"ngg-fancybox\" rel=\"9372c86bb77385005561aa685b6d7e13\">\n                <img\n                    title=\"15-RAPIDO-696-dF-ULTIMATE-LINE\"\n                    alt=\"15-RAPIDO-696-dF-ULTIMATE-LINE\"\n                    src=\"https:\/\/www.camperonline.it\/magazine\/wp-content\/gallery\/anteprime-2021-rapido\/thumbs\/thumbs_15-RAPIDO-696-dF-ULTIMATE-LINE.jpg\"\n                    width=\"240\"\n                    height=\"160\"\n                    style=\"max-width:100%;\"\n                \/>\n            <\/a>\n        <\/div>\n\t\t\t\t\t\t\t<\/div> \n\t\t\t\n\t\t\t\t<div id=\"ngg-image-94\" class=\"ngg-gallery-thumbnail-box ngg-5-columns\" >\n\t\t\t\t        <div class=\"ngg-gallery-thumbnail\">\n            <a href=\"https:\/\/www.camperonline.it\/magazine\/wp-content\/gallery\/anteprime-2021-rapido\/21-RAPIDO-696-dF-ULTIMATE-LINE.jpg\"\n               title=\"\"\n               data-src=\"https:\/\/www.camperonline.it\/magazine\/wp-content\/gallery\/anteprime-2021-rapido\/21-RAPIDO-696-dF-ULTIMATE-LINE.jpg\"\n               data-thumbnail=\"https:\/\/www.camperonline.it\/magazine\/wp-content\/gallery\/anteprime-2021-rapido\/thumbs\/thumbs_21-RAPIDO-696-dF-ULTIMATE-LINE.jpg\"\n               data-image-id=\"116864\"\n               data-title=\"21-RAPIDO-696-dF-ULTIMATE-LINE\"\n               data-description=\"\"\n               data-image-slug=\"21-rapido-696-df-ultimate-line\"\n               class=\"ngg-fancybox\" rel=\"9372c86bb77385005561aa685b6d7e13\">\n                <img\n                    title=\"21-RAPIDO-696-dF-ULTIMATE-LINE\"\n                    alt=\"21-RAPIDO-696-dF-ULTIMATE-LINE\"\n                    src=\"https:\/\/www.camperonline.it\/magazine\/wp-content\/gallery\/anteprime-2021-rapido\/thumbs\/thumbs_21-RAPIDO-696-dF-ULTIMATE-LINE.jpg\"\n                    width=\"240\"\n                    height=\"160\"\n                    style=\"max-width:100%;\"\n                \/>\n            <\/a>\n        <\/div>\n\t\t\t\t\t\t\t<\/div> \n\t\t\t\n\t\t\t\t<div id=\"ngg-image-95\" class=\"ngg-gallery-thumbnail-box ngg-5-columns\" >\n\t\t\t\t        <div class=\"ngg-gallery-thumbnail\">\n            <a href=\"https:\/\/www.camperonline.it\/magazine\/wp-content\/gallery\/anteprime-2021-rapido\/22-RAPIDO-696-dF-ULTIMATE-LINE.jpg\"\n               title=\"\"\n               data-src=\"https:\/\/www.camperonline.it\/magazine\/wp-content\/gallery\/anteprime-2021-rapido\/22-RAPIDO-696-dF-ULTIMATE-LINE.jpg\"\n               data-thumbnail=\"https:\/\/www.camperonline.it\/magazine\/wp-content\/gallery\/anteprime-2021-rapido\/thumbs\/thumbs_22-RAPIDO-696-dF-ULTIMATE-LINE.jpg\"\n               data-image-id=\"116865\"\n               data-title=\"22-RAPIDO-696-dF-ULTIMATE-LINE\"\n               data-description=\"\"\n               data-image-slug=\"22-rapido-696-df-ultimate-line\"\n               class=\"ngg-fancybox\" rel=\"9372c86bb77385005561aa685b6d7e13\">\n                <img\n                    title=\"22-RAPIDO-696-dF-ULTIMATE-LINE\"\n                    alt=\"22-RAPIDO-696-dF-ULTIMATE-LINE\"\n                    src=\"https:\/\/www.camperonline.it\/magazine\/wp-content\/gallery\/anteprime-2021-rapido\/thumbs\/thumbs_22-RAPIDO-696-dF-ULTIMATE-LINE.jpg\"\n                    width=\"240\"\n                    height=\"160\"\n                    style=\"max-width:100%;\"\n                \/>\n            <\/a>\n        <\/div>\n\t\t\t\t\t\t\t<\/div> \n\t\t\t\n\t\t\t\t<div id=\"ngg-image-96\" class=\"ngg-gallery-thumbnail-box ngg-5-columns\" >\n\t\t\t\t        <div class=\"ngg-gallery-thumbnail\">\n            <a href=\"https:\/\/www.camperonline.it\/magazine\/wp-content\/gallery\/anteprime-2021-rapido\/29-RAPIDO-696-dF-ULTIMATE-LINE.jpg\"\n               title=\"\"\n               data-src=\"https:\/\/www.camperonline.it\/magazine\/wp-content\/gallery\/anteprime-2021-rapido\/29-RAPIDO-696-dF-ULTIMATE-LINE.jpg\"\n               data-thumbnail=\"https:\/\/www.camperonline.it\/magazine\/wp-content\/gallery\/anteprime-2021-rapido\/thumbs\/thumbs_29-RAPIDO-696-dF-ULTIMATE-LINE.jpg\"\n               data-image-id=\"116866\"\n               data-title=\"29-RAPIDO-696-dF-ULTIMATE-LINE\"\n               data-description=\"\"\n               data-image-slug=\"29-rapido-696-df-ultimate-line\"\n               class=\"ngg-fancybox\" rel=\"9372c86bb77385005561aa685b6d7e13\">\n                <img\n                    title=\"29-RAPIDO-696-dF-ULTIMATE-LINE\"\n                    alt=\"29-RAPIDO-696-dF-ULTIMATE-LINE\"\n                    src=\"https:\/\/www.camperonline.it\/magazine\/wp-content\/gallery\/anteprime-2021-rapido\/thumbs\/thumbs_29-RAPIDO-696-dF-ULTIMATE-LINE.jpg\"\n                    width=\"240\"\n                    height=\"160\"\n                    style=\"max-width:100%;\"\n                \/>\n            <\/a>\n        <\/div>\n\t\t\t\t\t\t\t<\/div> \n\t\t\t\n\t\t\t\t<div id=\"ngg-image-97\" class=\"ngg-gallery-thumbnail-box ngg-5-columns\" >\n\t\t\t\t        <div class=\"ngg-gallery-thumbnail\">\n            <a href=\"https:\/\/www.camperonline.it\/magazine\/wp-content\/gallery\/anteprime-2021-rapido\/36-RAPIDO-696-dF-ULTIMATE-LINE.jpg\"\n               title=\"\"\n               data-src=\"https:\/\/www.camperonline.it\/magazine\/wp-content\/gallery\/anteprime-2021-rapido\/36-RAPIDO-696-dF-ULTIMATE-LINE.jpg\"\n               data-thumbnail=\"https:\/\/www.camperonline.it\/magazine\/wp-content\/gallery\/anteprime-2021-rapido\/thumbs\/thumbs_36-RAPIDO-696-dF-ULTIMATE-LINE.jpg\"\n               data-image-id=\"116867\"\n               data-title=\"36-RAPIDO-696-dF-ULTIMATE-LINE\"\n               data-description=\"\"\n               data-image-slug=\"36-rapido-696-df-ultimate-line\"\n               class=\"ngg-fancybox\" rel=\"9372c86bb77385005561aa685b6d7e13\">\n                <img\n                    title=\"36-RAPIDO-696-dF-ULTIMATE-LINE\"\n                    alt=\"36-RAPIDO-696-dF-ULTIMATE-LINE\"\n                    src=\"https:\/\/www.camperonline.it\/magazine\/wp-content\/gallery\/anteprime-2021-rapido\/thumbs\/thumbs_36-RAPIDO-696-dF-ULTIMATE-LINE.jpg\"\n                    width=\"240\"\n                    height=\"160\"\n                    style=\"max-width:100%;\"\n                \/>\n            <\/a>\n        <\/div>\n\t\t\t\t\t\t\t<\/div> \n\t\t\t\n\t\t\t\t<div id=\"ngg-image-98\" class=\"ngg-gallery-thumbnail-box ngg-5-columns\" >\n\t\t\t\t        <div class=\"ngg-gallery-thumbnail\">\n            <a href=\"https:\/\/www.camperonline.it\/magazine\/wp-content\/gallery\/anteprime-2021-rapido\/38-RAPIDO-696-dF-ULTIMATE-LINE.jpg\"\n               title=\"\"\n               data-src=\"https:\/\/www.camperonline.it\/magazine\/wp-content\/gallery\/anteprime-2021-rapido\/38-RAPIDO-696-dF-ULTIMATE-LINE.jpg\"\n               data-thumbnail=\"https:\/\/www.camperonline.it\/magazine\/wp-content\/gallery\/anteprime-2021-rapido\/thumbs\/thumbs_38-RAPIDO-696-dF-ULTIMATE-LINE.jpg\"\n               data-image-id=\"116868\"\n               data-title=\"38-RAPIDO-696-dF-ULTIMATE-LINE\"\n               data-description=\"\"\n               data-image-slug=\"38-rapido-696-df-ultimate-line\"\n               class=\"ngg-fancybox\" rel=\"9372c86bb77385005561aa685b6d7e13\">\n                <img\n                    title=\"38-RAPIDO-696-dF-ULTIMATE-LINE\"\n                    alt=\"38-RAPIDO-696-dF-ULTIMATE-LINE\"\n                    src=\"https:\/\/www.camperonline.it\/magazine\/wp-content\/gallery\/anteprime-2021-rapido\/thumbs\/thumbs_38-RAPIDO-696-dF-ULTIMATE-LINE.jpg\"\n                    width=\"240\"\n                    height=\"160\"\n                    style=\"max-width:100%;\"\n                \/>\n            <\/a>\n        <\/div>\n\t\t\t\t\t\t\t<\/div> \n\t\t\t\n\t\t\t\t<div id=\"ngg-image-99\" class=\"ngg-gallery-thumbnail-box ngg-5-columns\" >\n\t\t\t\t        <div class=\"ngg-gallery-thumbnail\">\n            <a href=\"https:\/\/www.camperonline.it\/magazine\/wp-content\/gallery\/anteprime-2021-rapido\/41-RAPIDO-8086-dF-ULTIMATE-LINE.jpg\"\n               title=\"\"\n               data-src=\"https:\/\/www.camperonline.it\/magazine\/wp-content\/gallery\/anteprime-2021-rapido\/41-RAPIDO-8086-dF-ULTIMATE-LINE.jpg\"\n               data-thumbnail=\"https:\/\/www.camperonline.it\/magazine\/wp-content\/gallery\/anteprime-2021-rapido\/thumbs\/thumbs_41-RAPIDO-8086-dF-ULTIMATE-LINE.jpg\"\n               data-image-id=\"116869\"\n               data-title=\"41-RAPIDO-8086-dF-ULTIMATE-LINE\"\n               data-description=\"\"\n               data-image-slug=\"41-rapido-8086-df-ultimate-line\"\n               class=\"ngg-fancybox\" rel=\"9372c86bb77385005561aa685b6d7e13\">\n                <img\n                    title=\"41-RAPIDO-8086-dF-ULTIMATE-LINE\"\n                    alt=\"41-RAPIDO-8086-dF-ULTIMATE-LINE\"\n                    src=\"https:\/\/www.camperonline.it\/magazine\/wp-content\/gallery\/anteprime-2021-rapido\/thumbs\/thumbs_41-RAPIDO-8086-dF-ULTIMATE-LINE.jpg\"\n                    width=\"240\"\n                    height=\"160\"\n                    style=\"max-width:100%;\"\n                \/>\n            <\/a>\n        <\/div>\n\t\t\t\t\t\t\t<\/div> \n\t\t\t\n\t\n\t<br style=\"clear: both\" \/>\n\n\t\t<div class=\"slideshowlink\">\n        <a href='https:\/\/www.camperonline.it\/magazine\/2020\/07\/25\/anteprime-2021-rapido\/nggallery\/slideshow'>[Mostra slideshow]<\/a>\n\t\t\n\t<\/div>\n\t\n\t\t<!-- Pagination -->\n\t<div class='ngg-clear'><\/div>\t<\/div>\n\n","protected":false},"excerpt":{"rendered":"<p>Una stagione all\u2019insegna della crescita: oltre a presentare una nuova gamma di profilati compatti, il 2021 di Rapido \u00e8 segnato da un ampliamento la propria offerta di Van, di veicoli in edizione Ultimate Line e una completa ridefinizione degli interni con nuove essenze e aggiornamenti in fatto di ergonomia e funzionalit\u00e0<\/p>\n","protected":false},"author":22,"featured_media":309790,"comment_status":"closed","ping_status":"open","sticky":false,"template":"","format":"standard","meta":{"ngg_post_thumbnail":0},"categories":[6063,217,7,452],"tags":[6079,4715,6078,6076,6077,5979,6075,6080],"yoast_head":"<!-- This site is optimized with the Yoast SEO plugin v18.6 - https:\/\/yoast.com\/wordpress\/plugins\/seo\/ -->\n<title>Anteprime 2021: Rapido - CamperOnLine Magazine<\/title>\n<meta name=\"description\" content=\"Una stagione all\u2019insegna della crescita: oltre a presentare una nuova gamma di profilati compatti, il 2021 di Rapido \u00e8 segnato da un ampliamento la\" \/>\n<meta name=\"robots\" content=\"index, follow, max-snippet:-1, max-image-preview:large, max-video-preview:-1\" \/>\n<link rel=\"canonical\" href=\"https:\/\/www.camperonline.it\/magazine\/2020\/07\/25\/anteprime-2021-rapido\/\" \/>\n<meta property=\"og:locale\" content=\"it_IT\" \/>\n<meta property=\"og:type\" content=\"article\" \/>\n<meta property=\"og:title\" content=\"Anteprime 2021: Rapido - CamperOnLine Magazine\" \/>\n<meta property=\"og:description\" content=\"Una stagione all\u2019insegna della crescita: oltre a presentare una nuova gamma di profilati compatti, il 2021 di Rapido \u00e8 segnato da un ampliamento la\" \/>\n<meta property=\"og:url\" content=\"https:\/\/www.camperonline.it\/magazine\/2020\/07\/25\/anteprime-2021-rapido\/\" \/>\n<meta property=\"og:site_name\" content=\"CamperOnLine Magazine\" \/>\n<meta property=\"article:published_time\" content=\"2020-07-25T09:08:54+00:00\" \/>\n<meta property=\"article:modified_time\" content=\"2020-09-21T07:22:43+00:00\" \/>\n<meta property=\"og:image\" content=\"https:\/\/www.camperonline.it\/magazine\/wp-content\/uploads\/2020\/07\/COVER-2.jpg\" \/>\n\t<meta property=\"og:image:width\" content=\"630\" \/>\n\t<meta property=\"og:image:height\" content=\"354\" \/>\n\t<meta property=\"og:image:type\" content=\"image\/jpeg\" \/>\n<meta name=\"twitter:card\" content=\"summary_large_image\" \/>\n<script type=\"application\/ld+json\" class=\"yoast-schema-graph\">{\"@context\":\"https:\/\/schema.org\",\"@graph\":[{\"@type\":\"WebSite\",\"@id\":\"https:\/\/www.camperonline.it\/magazine\/#website\",\"url\":\"https:\/\/www.camperonline.it\/magazine\/\",\"name\":\"CamperOnLine Magazine\",\"description\":\"Viaggi in camper, test, video, destinazioni, vacanze\",\"potentialAction\":[{\"@type\":\"SearchAction\",\"target\":{\"@type\":\"EntryPoint\",\"urlTemplate\":\"https:\/\/www.camperonline.it\/magazine\/?s={search_term_string}\"},\"query-input\":\"required name=search_term_string\"}],\"inLanguage\":\"it-IT\"},{\"@type\":\"ImageObject\",\"@id\":\"https:\/\/www.camperonline.it\/magazine\/2020\/07\/25\/anteprime-2021-rapido\/#primaryimage\",\"inLanguage\":\"it-IT\",\"url\":\"https:\/\/www.camperonline.it\/magazine\/wp-content\/uploads\/2020\/07\/COVER-2.jpg\",\"contentUrl\":\"https:\/\/www.camperonline.it\/magazine\/wp-content\/uploads\/2020\/07\/COVER-2.jpg\",\"width\":630,\"height\":354},{\"@type\":\"WebPage\",\"@id\":\"https:\/\/www.camperonline.it\/magazine\/2020\/07\/25\/anteprime-2021-rapido\/#webpage\",\"url\":\"https:\/\/www.camperonline.it\/magazine\/2020\/07\/25\/anteprime-2021-rapido\/\",\"name\":\"Anteprime 2021: Rapido - CamperOnLine Magazine\",\"isPartOf\":{\"@id\":\"https:\/\/www.camperonline.it\/magazine\/#website\"},\"primaryImageOfPage\":{\"@id\":\"https:\/\/www.camperonline.it\/magazine\/2020\/07\/25\/anteprime-2021-rapido\/#primaryimage\"},\"datePublished\":\"2020-07-25T09:08:54+00:00\",\"dateModified\":\"2020-09-21T07:22:43+00:00\",\"author\":{\"@id\":\"https:\/\/www.camperonline.it\/magazine\/#\/schema\/person\/6169aaf540a840c8792701ff968ffe8d\"},\"description\":\"Una stagione all\u2019insegna della crescita: oltre a presentare una nuova gamma di profilati compatti, il 2021 di Rapido \u00e8 segnato da un ampliamento la\",\"breadcrumb\":{\"@id\":\"https:\/\/www.camperonline.it\/magazine\/2020\/07\/25\/anteprime-2021-rapido\/#breadcrumb\"},\"inLanguage\":\"it-IT\",\"potentialAction\":[{\"@type\":\"ReadAction\",\"target\":[\"https:\/\/www.camperonline.it\/magazine\/2020\/07\/25\/anteprime-2021-rapido\/\"]}]},{\"@type\":\"BreadcrumbList\",\"@id\":\"https:\/\/www.camperonline.it\/magazine\/2020\/07\/25\/anteprime-2021-rapido\/#breadcrumb\",\"itemListElement\":[{\"@type\":\"ListItem\",\"position\":1,\"name\":\"Home\",\"item\":\"https:\/\/www.camperonline.it\/magazine\/\"},{\"@type\":\"ListItem\",\"position\":2,\"name\":\"Anteprime 2021: Rapido\"}]},{\"@type\":\"Person\",\"@id\":\"https:\/\/www.camperonline.it\/magazine\/#\/schema\/person\/6169aaf540a840c8792701ff968ffe8d\",\"name\":\"Danilo Colombo\",\"url\":\"https:\/\/www.camperonline.it\/magazine\/author\/danilo-colombo\/\"}]}<\/script>\n<!-- \/ Yoast SEO plugin. -->","yoast_head_json":{"title":"Anteprime 2021: Rapido - CamperOnLine Magazine","description":"Una stagione all\u2019insegna della crescita: oltre a presentare una nuova gamma di profilati compatti, il 2021 di Rapido \u00e8 segnato da un ampliamento la","robots":{"index":"index","follow":"follow","max-snippet":"max-snippet:-1","max-image-preview":"max-image-preview:large","max-video-preview":"max-video-preview:-1"},"canonical":"https:\/\/www.camperonline.it\/magazine\/2020\/07\/25\/anteprime-2021-rapido\/","og_locale":"it_IT","og_type":"article","og_title":"Anteprime 2021: Rapido - CamperOnLine Magazine","og_description":"Una stagione all\u2019insegna della crescita: oltre a presentare una nuova gamma di profilati compatti, il 2021 di Rapido \u00e8 segnato da un ampliamento la","og_url":"https:\/\/www.camperonline.it\/magazine\/2020\/07\/25\/anteprime-2021-rapido\/","og_site_name":"CamperOnLine Magazine","article_published_time":"2020-07-25T09:08:54+00:00","article_modified_time":"2020-09-21T07:22:43+00:00","og_image":[{"width":630,"height":354,"url":"https:\/\/www.camperonline.it\/magazine\/wp-content\/uploads\/2020\/07\/COVER-2.jpg","type":"image\/jpeg"}],"twitter_card":"summary_large_image","schema":{"@context":"https:\/\/schema.org","@graph":[{"@type":"WebSite","@id":"https:\/\/www.camperonline.it\/magazine\/#website","url":"https:\/\/www.camperonline.it\/magazine\/","name":"CamperOnLine Magazine","description":"Viaggi in camper, test, video, destinazioni, vacanze","potentialAction":[{"@type":"SearchAction","target":{"@type":"EntryPoint","urlTemplate":"https:\/\/www.camperonline.it\/magazine\/?s={search_term_string}"},"query-input":"required name=search_term_string"}],"inLanguage":"it-IT"},{"@type":"ImageObject","@id":"https:\/\/www.camperonline.it\/magazine\/2020\/07\/25\/anteprime-2021-rapido\/#primaryimage","inLanguage":"it-IT","url":"https:\/\/www.camperonline.it\/magazine\/wp-content\/uploads\/2020\/07\/COVER-2.jpg","contentUrl":"https:\/\/www.camperonline.it\/magazine\/wp-content\/uploads\/2020\/07\/COVER-2.jpg","width":630,"height":354},{"@type":"WebPage","@id":"https:\/\/www.camperonline.it\/magazine\/2020\/07\/25\/anteprime-2021-rapido\/#webpage","url":"https:\/\/www.camperonline.it\/magazine\/2020\/07\/25\/anteprime-2021-rapido\/","name":"Anteprime 2021: Rapido - CamperOnLine Magazine","isPartOf":{"@id":"https:\/\/www.camperonline.it\/magazine\/#website"},"primaryImageOfPage":{"@id":"https:\/\/www.camperonline.it\/magazine\/2020\/07\/25\/anteprime-2021-rapido\/#primaryimage"},"datePublished":"2020-07-25T09:08:54+00:00","dateModified":"2020-09-21T07:22:43+00:00","author":{"@id":"https:\/\/www.camperonline.it\/magazine\/#\/schema\/person\/6169aaf540a840c8792701ff968ffe8d"},"description":"Una stagione all\u2019insegna della crescita: oltre a presentare una nuova gamma di profilati compatti, il 2021 di Rapido \u00e8 segnato da un ampliamento la","breadcrumb":{"@id":"https:\/\/www.camperonline.it\/magazine\/2020\/07\/25\/anteprime-2021-rapido\/#breadcrumb"},"inLanguage":"it-IT","potentialAction":[{"@type":"ReadAction","target":["https:\/\/www.camperonline.it\/magazine\/2020\/07\/25\/anteprime-2021-rapido\/"]}]},{"@type":"BreadcrumbList","@id":"https:\/\/www.camperonline.it\/magazine\/2020\/07\/25\/anteprime-2021-rapido\/#breadcrumb","itemListElement":[{"@type":"ListItem","position":1,"name":"Home","item":"https:\/\/www.camperonline.it\/magazine\/"},{"@type":"ListItem","position":2,"name":"Anteprime 2021: Rapido"}]},{"@type":"Person","@id":"https:\/\/www.camperonline.it\/magazine\/#\/schema\/person\/6169aaf540a840c8792701ff968ffe8d","name":"Danilo Colombo","url":"https:\/\/www.camperonline.it\/magazine\/author\/danilo-colombo\/"}]}},"_links":{"self":[{"href":"https:\/\/www.camperonline.it\/magazine\/wp-json\/wp\/v2\/posts\/309753"}],"collection":[{"href":"https:\/\/www.camperonline.it\/magazine\/wp-json\/wp\/v2\/posts"}],"about":[{"href":"https:\/\/www.camperonline.it\/magazine\/wp-json\/wp\/v2\/types\/post"}],"author":[{"embeddable":true,"href":"https:\/\/www.camperonline.it\/magazine\/wp-json\/wp\/v2\/users\/22"}],"replies":[{"embeddable":true,"href":"https:\/\/www.camperonline.it\/magazine\/wp-json\/wp\/v2\/comments?post=309753"}],"version-history":[{"count":0,"href":"https:\/\/www.camperonline.it\/magazine\/wp-json\/wp\/v2\/posts\/309753\/revisions"}],"wp:featuredmedia":[{"embeddable":true,"href":"https:\/\/www.camperonline.it\/magazine\/wp-json\/wp\/v2\/media\/309790"}],"wp:attachment":[{"href":"https:\/\/www.camperonline.it\/magazine\/wp-json\/wp\/v2\/media?parent=309753"}],"wp:term":[{"taxonomy":"category","embeddable":true,"href":"https:\/\/www.camperonline.it\/magazine\/wp-json\/wp\/v2\/categories?post=309753"},{"taxonomy":"post_tag","embeddable":true,"href":"https:\/\/www.camperonline.it\/magazine\/wp-json\/wp\/v2\/tags?post=309753"}],"curies":[{"name":"wp","href":"https:\/\/api.w.org\/{rel}","templated":true}]}}