{"id":311679,"date":"2020-08-14T00:00:06","date_gmt":"2020-08-13T22:00:06","guid":{"rendered":"https:\/\/www.camperonline.it\/magazine\/?p=311679"},"modified":"2020-08-11T18:42:29","modified_gmt":"2020-08-11T16:42:29","slug":"anteprime-2021-elnagh","status":"publish","type":"post","link":"https:\/\/www.camperonline.it\/magazine\/2020\/08\/14\/anteprime-2021-elnagh\/","title":{"rendered":"Anteprime 2021: Elnagh"},"content":{"rendered":"<h2><img loading=\"lazy\" class=\"aligncenter size-full wp-image-311727\" src=\"https:\/\/www.camperonline.it\/magazine\/wp-content\/uploads\/2020\/08\/ante_elnagh.jpg\" alt=\"\" width=\"630\" height=\"354\" srcset=\"https:\/\/www.camperonline.it\/magazine\/wp-content\/uploads\/2020\/08\/ante_elnagh.jpg 630w, https:\/\/www.camperonline.it\/magazine\/wp-content\/uploads\/2020\/08\/ante_elnagh-300x169.jpg 300w\" sizes=\"(max-width: 630px) 100vw, 630px\" \/><\/h2>\n<h2>Elnagh compie 70 anni e si regala la serie speciale 70 Anniversary Edition, che comprende due motorhome e due semintegrali. Vede inoltre la luce un semintegrale di lunghezza ridotta, il Baron 531<\/h2>\n<p><!--more--><\/p>\n<p>1950-2020: Elnagh festeggia i sui 70 anni di vita. Per l&#8217;occasione presenta una serie speciale, una Anniversary Edition che comprende due semintegrali e 2 motorhome dall&#8217;ottimo rapporto prezzo-dotazione. Marchio storico dell\u2019industria italiana del caravanning, Elnagh continua ad operare in una fascia media di mercato molto allargata e per la stagione 2021 conferma le tre gamme gi\u00e0 note. Si parte con i semintegrali e i mansardati della serie Baron, dove troviamo un nuovo modello compatto, e si sale ai semintegrali con basculante T-Loft, per finire con i veicoli pi\u00f9 rappresentativi, i motorhome Magnum.<\/p>\n<p>\n<strong>70 Anniversary Edition<\/strong><\/p>\n<p>Ormai \u00e8 cosa nota: le serie speciali sono vantaggiose non solo per i costruttori, ma anche per gli acquirenti. Ecco perch\u00e9 questa nuova <strong>Anniversary Edition<\/strong> di Elnagh si prepara a riscuotere i favori del pubblico facendo leva su una ricca dotazione di serie.<\/p>\n<p><img loading=\"lazy\" class=\"aligncenter size-full wp-image-311683\" src=\"https:\/\/www.camperonline.it\/magazine\/wp-content\/uploads\/2020\/08\/ElnaghT-Loft_09.jpg\" alt=\"\" width=\"630\" height=\"420\" srcset=\"https:\/\/www.camperonline.it\/magazine\/wp-content\/uploads\/2020\/08\/ElnaghT-Loft_09.jpg 630w, https:\/\/www.camperonline.it\/magazine\/wp-content\/uploads\/2020\/08\/ElnaghT-Loft_09-300x200.jpg 300w\" sizes=\"(max-width: 630px) 100vw, 630px\" \/><\/p>\n<p>L&#8217;elenco degli accessori inclusi nel prezzo \u00e8 lungo. Citiamo sicuramente il motore da 140 cv, il Traction+ e i cerchi in lega da 16\u201d, ma anche la radio con comandi al volante, la retrocamera e il pannello solare. Sulle fiancate troviamo le comode prese elettriche 12\/220 V e la presa TV, oltre all&#8217;attacco rapido del gas, mentre nel garage c&#8217;\u00e8 anche la presa elettrica per la ricarica della e-bike.<\/p>\n<p><img loading=\"lazy\" class=\"aligncenter size-full wp-image-311681\" src=\"https:\/\/www.camperonline.it\/magazine\/wp-content\/uploads\/2020\/08\/Magnum70_02.jpg\" alt=\"\" width=\"630\" height=\"420\" srcset=\"https:\/\/www.camperonline.it\/magazine\/wp-content\/uploads\/2020\/08\/Magnum70_02.jpg 630w, https:\/\/www.camperonline.it\/magazine\/wp-content\/uploads\/2020\/08\/Magnum70_02-300x200.jpg 300w\" sizes=\"(max-width: 630px) 100vw, 630px\" \/><\/p>\n<p><img loading=\"lazy\" class=\"aligncenter size-full wp-image-311682\" src=\"https:\/\/www.camperonline.it\/magazine\/wp-content\/uploads\/2020\/08\/ElnaghT-Loft_08.jpg\" alt=\"\" width=\"630\" height=\"420\" srcset=\"https:\/\/www.camperonline.it\/magazine\/wp-content\/uploads\/2020\/08\/ElnaghT-Loft_08.jpg 630w, https:\/\/www.camperonline.it\/magazine\/wp-content\/uploads\/2020\/08\/ElnaghT-Loft_08-300x200.jpg 300w\" sizes=\"(max-width: 630px) 100vw, 630px\" \/><\/p>\n<p>I due semintegrali hanno inoltre la cabina colorata Iron Grey e la griglia anteriore scura. Entrano poi nel listino ufficiale degli optional Elnagh sia il kit di copriletti coordinato, sia la moquette fatta su misura per l&#8217;abitacolo dei vari modelli, utile soprattutto durante la stagione fredda.<\/p>\n<p>E&#8217; interessante notare che le nuove versioni 70 Anniversary Edition non ripropongono in maniera identica le piante dei modelli di origine Magnum e T-Loft. Compare infatti una variazione degli schemi abitativi, una variazione che non \u00e8 banale: scompare la tradizionale dinette a L, sostituita dalla pi\u00f9 moderna dinette face-to-face.<\/p>\n<p><img loading=\"lazy\" class=\"aligncenter size-full wp-image-311685\" src=\"https:\/\/www.camperonline.it\/magazine\/wp-content\/uploads\/2020\/08\/Magnum70_08.jpg\" alt=\"\" width=\"630\" height=\"420\" srcset=\"https:\/\/www.camperonline.it\/magazine\/wp-content\/uploads\/2020\/08\/Magnum70_08.jpg 630w, https:\/\/www.camperonline.it\/magazine\/wp-content\/uploads\/2020\/08\/Magnum70_08-300x200.jpg 300w\" sizes=\"(max-width: 630px) 100vw, 630px\" \/><\/p>\n<p><img loading=\"lazy\" class=\"aligncenter size-full wp-image-311691\" src=\"https:\/\/www.camperonline.it\/magazine\/wp-content\/uploads\/2020\/08\/Magnum70_07.jpg\" alt=\"\" width=\"630\" height=\"420\" srcset=\"https:\/\/www.camperonline.it\/magazine\/wp-content\/uploads\/2020\/08\/Magnum70_07.jpg 630w, https:\/\/www.camperonline.it\/magazine\/wp-content\/uploads\/2020\/08\/Magnum70_07-300x200.jpg 300w\" sizes=\"(max-width: 630px) 100vw, 630px\" \/><\/p>\n<p>I layout proposti nella serie 70 Anniversary Editon sono due, ognuno dei quali si pu\u00f2 avere sia sul semintegrale T-Loft sia sul motorhome Magnum. Il T-Loft 532 e il Magnum 532 hanno i letti gemelli, il T-Loft 582 e il Magnum 582 invece presentano un&#8217;ampia camera con letto centrale a penisola.<\/p>\n<p><img loading=\"lazy\" class=\"aligncenter size-full wp-image-311686\" src=\"https:\/\/www.camperonline.it\/magazine\/wp-content\/uploads\/2020\/08\/Magnum70_05.jpg\" alt=\"\" width=\"630\" height=\"420\" srcset=\"https:\/\/www.camperonline.it\/magazine\/wp-content\/uploads\/2020\/08\/Magnum70_05.jpg 630w, https:\/\/www.camperonline.it\/magazine\/wp-content\/uploads\/2020\/08\/Magnum70_05-300x200.jpg 300w\" sizes=\"(max-width: 630px) 100vw, 630px\" \/><\/p>\n<p>Tutti i modelli hanno il bagno con la doccia indipendente e la zona notte \u00e8 separabile dalla zona giorno con una porta.<\/p>\n<p><img loading=\"lazy\" class=\"aligncenter size-full wp-image-311687\" src=\"https:\/\/www.camperonline.it\/magazine\/wp-content\/uploads\/2020\/08\/ElnaghT-Loft_06.jpg\" alt=\"\" width=\"630\" height=\"420\" srcset=\"https:\/\/www.camperonline.it\/magazine\/wp-content\/uploads\/2020\/08\/ElnaghT-Loft_06.jpg 630w, https:\/\/www.camperonline.it\/magazine\/wp-content\/uploads\/2020\/08\/ElnaghT-Loft_06-300x200.jpg 300w\" sizes=\"(max-width: 630px) 100vw, 630px\" \/><\/p>\n<p>In sostanza, abbiamo quattro modelli 70 Anniversary Edition, due con letti gemelli e due con letto a penisola. Le dimensioni sono sempre le stesse, con una lunghezza dei veicoli di 741 centimetri che promette spazi interni generosi. E generosa \u00e8 anche la porta d&#8217;ingresso alla cellula abitativa: viene utilizzata una porta XL, pi\u00f9 larga di quella standard e con gradini pi\u00f9 comodi.<\/p>\n<p>L&#8217;arredamento interno \u00e8 differente da quello di serie: elegante e di tendenza, \u00e8 impostato su varie tonalit\u00e0 di grigio, con la finitura dei pensili effetto \u201cpietra\u201d e il rivestimento dei sedili in ecopelle grigio scuro.<\/p>\n<p><img loading=\"lazy\" class=\"aligncenter size-full wp-image-311688\" src=\"https:\/\/www.camperonline.it\/magazine\/wp-content\/uploads\/2020\/08\/Magnum70_04.jpg\" alt=\"\" width=\"630\" height=\"420\" srcset=\"https:\/\/www.camperonline.it\/magazine\/wp-content\/uploads\/2020\/08\/Magnum70_04.jpg 630w, https:\/\/www.camperonline.it\/magazine\/wp-content\/uploads\/2020\/08\/Magnum70_04-300x200.jpg 300w\" sizes=\"(max-width: 630px) 100vw, 630px\" \/><\/p>\n<p><img loading=\"lazy\" class=\"aligncenter size-full wp-image-311689\" src=\"https:\/\/www.camperonline.it\/magazine\/wp-content\/uploads\/2020\/08\/Magnum70_06.jpg\" alt=\"\" width=\"630\" height=\"420\" srcset=\"https:\/\/www.camperonline.it\/magazine\/wp-content\/uploads\/2020\/08\/Magnum70_06.jpg 630w, https:\/\/www.camperonline.it\/magazine\/wp-content\/uploads\/2020\/08\/Magnum70_06-300x200.jpg 300w\" sizes=\"(max-width: 630px) 100vw, 630px\" \/><\/p>\n<p><img loading=\"lazy\" class=\"aligncenter size-full wp-image-311690\" src=\"https:\/\/www.camperonline.it\/magazine\/wp-content\/uploads\/2020\/08\/Magnum70_10.jpg\" alt=\"\" width=\"630\" height=\"420\" srcset=\"https:\/\/www.camperonline.it\/magazine\/wp-content\/uploads\/2020\/08\/Magnum70_10.jpg 630w, https:\/\/www.camperonline.it\/magazine\/wp-content\/uploads\/2020\/08\/Magnum70_10-300x200.jpg 300w\" sizes=\"(max-width: 630px) 100vw, 630px\" \/><\/p>\n<p>\n<strong>Il Baron 531 e gli altri modelli<\/strong><\/p>\n<p>A catalogo comunque sono sempre presenti le versioni standard dei motorhome Magnum e dei semintegrali T-Loft. I mansardati e i semintegrali della serie Baron rappresentano il gradino di ingresso alla gamma Elnagh, ma non sono certo veicoli spartani e dalla dotazione essenziale. Sono disponibili sia su base Fiat che su chassis Citroen.<\/p>\n<p>Per la stagione 2021 viene introdotta una nuova versione: \u00e8 il <strong>Baron 531<\/strong>, un semintegrale di ridotte dimensioni, solo 599 centimetri di lunghezza, perfetto per chi cerca un mezzo maneggevole e facile da parcheggiare (la larghezza rimane per\u00f2 standard: 235 centimetri). Nonostante le dimensioni limitate, il Baron 531 offre tre posti letto sempre disponibili, con un matrimoniale trasversale sopra il vano garage e un letto singolo basculante anteriore. Un quarto posto letto si pu\u00f2 ricavare trasformando la dinette.<\/p>\n<p><img loading=\"lazy\" class=\"aligncenter size-full wp-image-311692\" src=\"https:\/\/www.camperonline.it\/magazine\/wp-content\/uploads\/2020\/08\/ElnaghBaron531_01.jpg\" alt=\"\" width=\"630\" height=\"420\" srcset=\"https:\/\/www.camperonline.it\/magazine\/wp-content\/uploads\/2020\/08\/ElnaghBaron531_01.jpg 630w, https:\/\/www.camperonline.it\/magazine\/wp-content\/uploads\/2020\/08\/ElnaghBaron531_01-300x200.jpg 300w\" sizes=\"(max-width: 630px) 100vw, 630px\" \/><\/p>\n<p><img loading=\"lazy\" class=\"aligncenter size-full wp-image-311693\" src=\"https:\/\/www.camperonline.it\/magazine\/wp-content\/uploads\/2020\/08\/ElnaghBaron531_06.jpg\" alt=\"\" width=\"630\" height=\"420\" srcset=\"https:\/\/www.camperonline.it\/magazine\/wp-content\/uploads\/2020\/08\/ElnaghBaron531_06.jpg 630w, https:\/\/www.camperonline.it\/magazine\/wp-content\/uploads\/2020\/08\/ElnaghBaron531_06-300x200.jpg 300w\" sizes=\"(max-width: 630px) 100vw, 630px\" \/><\/p>\n<p>I progettisti Elnagh sono riusciti a contenere le dimensioni del Baron 531 lavorando su cucina, bagno e armadio. La cucina \u00e8 compatta, inutile negarlo, ma offre comunque un frigorifero di grande capacit\u00e0, 142 litri. Per il bagno \u00e8 stata scelta la soluzione del lavabo inserito nel vano doccia, soluzione che a conti fatti risulta accettabile sfruttando la pedana di scolo integrata. L&#8217;armadio \u00e8 collocato sotto al letto: offre una buona volumetria e include una cassettiera, per\u00f2 ruba spazio al vano garage.<\/p>\n<p><img loading=\"lazy\" class=\"aligncenter size-full wp-image-311694\" src=\"https:\/\/www.camperonline.it\/magazine\/wp-content\/uploads\/2020\/08\/ElnaghBaron531_04.jpg\" alt=\"\" width=\"630\" height=\"420\" srcset=\"https:\/\/www.camperonline.it\/magazine\/wp-content\/uploads\/2020\/08\/ElnaghBaron531_04.jpg 630w, https:\/\/www.camperonline.it\/magazine\/wp-content\/uploads\/2020\/08\/ElnaghBaron531_04-300x200.jpg 300w\" sizes=\"(max-width: 630px) 100vw, 630px\" \/><\/p>\n<p><img loading=\"lazy\" class=\"aligncenter size-full wp-image-311695\" src=\"https:\/\/www.camperonline.it\/magazine\/wp-content\/uploads\/2020\/08\/ElnaghBaron531_05.jpg\" alt=\"\" width=\"630\" height=\"420\" srcset=\"https:\/\/www.camperonline.it\/magazine\/wp-content\/uploads\/2020\/08\/ElnaghBaron531_05.jpg 630w, https:\/\/www.camperonline.it\/magazine\/wp-content\/uploads\/2020\/08\/ElnaghBaron531_05-300x200.jpg 300w\" sizes=\"(max-width: 630px) 100vw, 630px\" \/><\/p>\n<p><img loading=\"lazy\" class=\"aligncenter size-full wp-image-311696\" src=\"https:\/\/www.camperonline.it\/magazine\/wp-content\/uploads\/2020\/08\/ElnaghBaron531_07.jpg\" alt=\"\" width=\"630\" height=\"420\" srcset=\"https:\/\/www.camperonline.it\/magazine\/wp-content\/uploads\/2020\/08\/ElnaghBaron531_07.jpg 630w, https:\/\/www.camperonline.it\/magazine\/wp-content\/uploads\/2020\/08\/ElnaghBaron531_07-300x200.jpg 300w\" sizes=\"(max-width: 630px) 100vw, 630px\" \/><\/p>\n<p>Con il nuovo 531, la gamma di semintegrali Baron \u00e8 pi\u00f9 ampia e pi\u00f9 varia: basta guardare la lunghezza dei modelli per rendersene conto, si va dai 599 ai 742 centimetri, con diversi tipi di schemi abitativi che includono la zone notte con i letti gemelli o il letto centrale.<\/p>\n<p>In sintesi, per il 2021 Elnagh punta su due gamme con caratteristiche ben precise: la serie Baron \u00e8 una entry level che tende in maniera decisa alla fascia media di mercato, sia per l&#8217;arredo che per la dotazione, mentre la serie speciale 70 Anniversary Edition \u00e8 una gamma di medio livello ma con una dotazione di tutto rispetto.<\/p>\n<h2>Fotogallery<\/h2>\n<!-- default-view.php -->\n<div\n\tclass=\"ngg-galleryoverview default-view  ngg-ajax-pagination-none\"\n\tid=\"ngg-gallery-3382db02305936d584483da859eb17ec-1\">\n\n\t\t<!-- Thumbnails -->\n\t\t\t\t<div id=\"ngg-image-0\" class=\"ngg-gallery-thumbnail-box ngg-5-columns\" >\n\t\t\t\t        <div class=\"ngg-gallery-thumbnail\">\n            <a href=\"https:\/\/www.camperonline.it\/magazine\/wp-content\/gallery\/anteprime-2021-elnagh\/ElnaghT-Loft_06.jpg\"\n               title=\"\"\n               data-src=\"https:\/\/www.camperonline.it\/magazine\/wp-content\/gallery\/anteprime-2021-elnagh\/ElnaghT-Loft_06.jpg\"\n               data-thumbnail=\"https:\/\/www.camperonline.it\/magazine\/wp-content\/gallery\/anteprime-2021-elnagh\/thumbs\/thumbs_ElnaghT-Loft_06.jpg\"\n               data-image-id=\"117871\"\n               data-title=\"ElnaghT-Loft_06\"\n               data-description=\"\"\n               data-image-slug=\"elnaght-loft_06\"\n               class=\"ngg-fancybox\" rel=\"3382db02305936d584483da859eb17ec\">\n                <img\n                    title=\"ElnaghT-Loft_06\"\n                    alt=\"ElnaghT-Loft_06\"\n                    src=\"https:\/\/www.camperonline.it\/magazine\/wp-content\/gallery\/anteprime-2021-elnagh\/thumbs\/thumbs_ElnaghT-Loft_06.jpg\"\n                    width=\"240\"\n                    height=\"160\"\n                    style=\"max-width:100%;\"\n                \/>\n            <\/a>\n        <\/div>\n\t\t\t\t\t\t\t<\/div> \n\t\t\t\n\t\t\t\t<div id=\"ngg-image-1\" class=\"ngg-gallery-thumbnail-box ngg-5-columns\" >\n\t\t\t\t        <div class=\"ngg-gallery-thumbnail\">\n            <a href=\"https:\/\/www.camperonline.it\/magazine\/wp-content\/gallery\/anteprime-2021-elnagh\/Magnum70_11.jpg\"\n               title=\"\"\n               data-src=\"https:\/\/www.camperonline.it\/magazine\/wp-content\/gallery\/anteprime-2021-elnagh\/Magnum70_11.jpg\"\n               data-thumbnail=\"https:\/\/www.camperonline.it\/magazine\/wp-content\/gallery\/anteprime-2021-elnagh\/thumbs\/thumbs_Magnum70_11.jpg\"\n               data-image-id=\"117884\"\n               data-title=\"Magnum70_11\"\n               data-description=\"\"\n               data-image-slug=\"magnum70_11\"\n               class=\"ngg-fancybox\" rel=\"3382db02305936d584483da859eb17ec\">\n                <img\n                    title=\"Magnum70_11\"\n                    alt=\"Magnum70_11\"\n                    src=\"https:\/\/www.camperonline.it\/magazine\/wp-content\/gallery\/anteprime-2021-elnagh\/thumbs\/thumbs_Magnum70_11.jpg\"\n                    width=\"240\"\n                    height=\"160\"\n                    style=\"max-width:100%;\"\n                \/>\n            <\/a>\n        <\/div>\n\t\t\t\t\t\t\t<\/div> \n\t\t\t\n\t\t\t\t<div id=\"ngg-image-2\" class=\"ngg-gallery-thumbnail-box ngg-5-columns\" >\n\t\t\t\t        <div class=\"ngg-gallery-thumbnail\">\n            <a href=\"https:\/\/www.camperonline.it\/magazine\/wp-content\/gallery\/anteprime-2021-elnagh\/Magnum70_10.jpg\"\n               title=\"\"\n               data-src=\"https:\/\/www.camperonline.it\/magazine\/wp-content\/gallery\/anteprime-2021-elnagh\/Magnum70_10.jpg\"\n               data-thumbnail=\"https:\/\/www.camperonline.it\/magazine\/wp-content\/gallery\/anteprime-2021-elnagh\/thumbs\/thumbs_Magnum70_10.jpg\"\n               data-image-id=\"117883\"\n               data-title=\"Magnum70_10\"\n               data-description=\"\"\n               data-image-slug=\"magnum70_10\"\n               class=\"ngg-fancybox\" rel=\"3382db02305936d584483da859eb17ec\">\n                <img\n                    title=\"Magnum70_10\"\n                    alt=\"Magnum70_10\"\n                    src=\"https:\/\/www.camperonline.it\/magazine\/wp-content\/gallery\/anteprime-2021-elnagh\/thumbs\/thumbs_Magnum70_10.jpg\"\n                    width=\"240\"\n                    height=\"160\"\n                    style=\"max-width:100%;\"\n                \/>\n            <\/a>\n        <\/div>\n\t\t\t\t\t\t\t<\/div> \n\t\t\t\n\t\t\t\t<div id=\"ngg-image-3\" class=\"ngg-gallery-thumbnail-box ngg-5-columns\" >\n\t\t\t\t        <div class=\"ngg-gallery-thumbnail\">\n            <a href=\"https:\/\/www.camperonline.it\/magazine\/wp-content\/gallery\/anteprime-2021-elnagh\/Magnum70_09.jpg\"\n               title=\"\"\n               data-src=\"https:\/\/www.camperonline.it\/magazine\/wp-content\/gallery\/anteprime-2021-elnagh\/Magnum70_09.jpg\"\n               data-thumbnail=\"https:\/\/www.camperonline.it\/magazine\/wp-content\/gallery\/anteprime-2021-elnagh\/thumbs\/thumbs_Magnum70_09.jpg\"\n               data-image-id=\"117882\"\n               data-title=\"Magnum70_09\"\n               data-description=\"\"\n               data-image-slug=\"magnum70_09\"\n               class=\"ngg-fancybox\" rel=\"3382db02305936d584483da859eb17ec\">\n                <img\n                    title=\"Magnum70_09\"\n                    alt=\"Magnum70_09\"\n                    src=\"https:\/\/www.camperonline.it\/magazine\/wp-content\/gallery\/anteprime-2021-elnagh\/thumbs\/thumbs_Magnum70_09.jpg\"\n                    width=\"240\"\n                    height=\"160\"\n                    style=\"max-width:100%;\"\n                \/>\n            <\/a>\n        <\/div>\n\t\t\t\t\t\t\t<\/div> \n\t\t\t\n\t\t\t\t<div id=\"ngg-image-4\" class=\"ngg-gallery-thumbnail-box ngg-5-columns\" >\n\t\t\t\t        <div class=\"ngg-gallery-thumbnail\">\n            <a href=\"https:\/\/www.camperonline.it\/magazine\/wp-content\/gallery\/anteprime-2021-elnagh\/Magnum70_08.jpg\"\n               title=\"\"\n               data-src=\"https:\/\/www.camperonline.it\/magazine\/wp-content\/gallery\/anteprime-2021-elnagh\/Magnum70_08.jpg\"\n               data-thumbnail=\"https:\/\/www.camperonline.it\/magazine\/wp-content\/gallery\/anteprime-2021-elnagh\/thumbs\/thumbs_Magnum70_08.jpg\"\n               data-image-id=\"117881\"\n               data-title=\"Magnum70_08\"\n               data-description=\"\"\n               data-image-slug=\"magnum70_08\"\n               class=\"ngg-fancybox\" rel=\"3382db02305936d584483da859eb17ec\">\n                <img\n                    title=\"Magnum70_08\"\n                    alt=\"Magnum70_08\"\n                    src=\"https:\/\/www.camperonline.it\/magazine\/wp-content\/gallery\/anteprime-2021-elnagh\/thumbs\/thumbs_Magnum70_08.jpg\"\n                    width=\"240\"\n                    height=\"160\"\n                    style=\"max-width:100%;\"\n                \/>\n            <\/a>\n        <\/div>\n\t\t\t\t\t\t\t<\/div> \n\t\t\t\n\t\t\t\t<div id=\"ngg-image-5\" class=\"ngg-gallery-thumbnail-box ngg-5-columns\" >\n\t\t\t\t        <div class=\"ngg-gallery-thumbnail\">\n            <a href=\"https:\/\/www.camperonline.it\/magazine\/wp-content\/gallery\/anteprime-2021-elnagh\/Magnum70_07.jpg\"\n               title=\"\"\n               data-src=\"https:\/\/www.camperonline.it\/magazine\/wp-content\/gallery\/anteprime-2021-elnagh\/Magnum70_07.jpg\"\n               data-thumbnail=\"https:\/\/www.camperonline.it\/magazine\/wp-content\/gallery\/anteprime-2021-elnagh\/thumbs\/thumbs_Magnum70_07.jpg\"\n               data-image-id=\"117880\"\n               data-title=\"Magnum70_07\"\n               data-description=\"\"\n               data-image-slug=\"magnum70_07\"\n               class=\"ngg-fancybox\" rel=\"3382db02305936d584483da859eb17ec\">\n                <img\n                    title=\"Magnum70_07\"\n                    alt=\"Magnum70_07\"\n                    src=\"https:\/\/www.camperonline.it\/magazine\/wp-content\/gallery\/anteprime-2021-elnagh\/thumbs\/thumbs_Magnum70_07.jpg\"\n                    width=\"240\"\n                    height=\"160\"\n                    style=\"max-width:100%;\"\n                \/>\n            <\/a>\n        <\/div>\n\t\t\t\t\t\t\t<\/div> \n\t\t\t\n\t\t\t\t<div id=\"ngg-image-6\" class=\"ngg-gallery-thumbnail-box ngg-5-columns\" >\n\t\t\t\t        <div class=\"ngg-gallery-thumbnail\">\n            <a href=\"https:\/\/www.camperonline.it\/magazine\/wp-content\/gallery\/anteprime-2021-elnagh\/Magnum70_06.jpg\"\n               title=\"\"\n               data-src=\"https:\/\/www.camperonline.it\/magazine\/wp-content\/gallery\/anteprime-2021-elnagh\/Magnum70_06.jpg\"\n               data-thumbnail=\"https:\/\/www.camperonline.it\/magazine\/wp-content\/gallery\/anteprime-2021-elnagh\/thumbs\/thumbs_Magnum70_06.jpg\"\n               data-image-id=\"117879\"\n               data-title=\"Magnum70_06\"\n               data-description=\"\"\n               data-image-slug=\"magnum70_06\"\n               class=\"ngg-fancybox\" rel=\"3382db02305936d584483da859eb17ec\">\n                <img\n                    title=\"Magnum70_06\"\n                    alt=\"Magnum70_06\"\n                    src=\"https:\/\/www.camperonline.it\/magazine\/wp-content\/gallery\/anteprime-2021-elnagh\/thumbs\/thumbs_Magnum70_06.jpg\"\n                    width=\"240\"\n                    height=\"160\"\n                    style=\"max-width:100%;\"\n                \/>\n            <\/a>\n        <\/div>\n\t\t\t\t\t\t\t<\/div> \n\t\t\t\n\t\t\t\t<div id=\"ngg-image-7\" class=\"ngg-gallery-thumbnail-box ngg-5-columns\" >\n\t\t\t\t        <div class=\"ngg-gallery-thumbnail\">\n            <a href=\"https:\/\/www.camperonline.it\/magazine\/wp-content\/gallery\/anteprime-2021-elnagh\/Magnum70_05.jpg\"\n               title=\"\"\n               data-src=\"https:\/\/www.camperonline.it\/magazine\/wp-content\/gallery\/anteprime-2021-elnagh\/Magnum70_05.jpg\"\n               data-thumbnail=\"https:\/\/www.camperonline.it\/magazine\/wp-content\/gallery\/anteprime-2021-elnagh\/thumbs\/thumbs_Magnum70_05.jpg\"\n               data-image-id=\"117878\"\n               data-title=\"Magnum70_05\"\n               data-description=\"\"\n               data-image-slug=\"magnum70_05\"\n               class=\"ngg-fancybox\" rel=\"3382db02305936d584483da859eb17ec\">\n                <img\n                    title=\"Magnum70_05\"\n                    alt=\"Magnum70_05\"\n                    src=\"https:\/\/www.camperonline.it\/magazine\/wp-content\/gallery\/anteprime-2021-elnagh\/thumbs\/thumbs_Magnum70_05.jpg\"\n                    width=\"240\"\n                    height=\"160\"\n                    style=\"max-width:100%;\"\n                \/>\n            <\/a>\n        <\/div>\n\t\t\t\t\t\t\t<\/div> \n\t\t\t\n\t\t\t\t<div id=\"ngg-image-8\" class=\"ngg-gallery-thumbnail-box ngg-5-columns\" >\n\t\t\t\t        <div class=\"ngg-gallery-thumbnail\">\n            <a href=\"https:\/\/www.camperonline.it\/magazine\/wp-content\/gallery\/anteprime-2021-elnagh\/Magnum70_04.jpg\"\n               title=\"\"\n               data-src=\"https:\/\/www.camperonline.it\/magazine\/wp-content\/gallery\/anteprime-2021-elnagh\/Magnum70_04.jpg\"\n               data-thumbnail=\"https:\/\/www.camperonline.it\/magazine\/wp-content\/gallery\/anteprime-2021-elnagh\/thumbs\/thumbs_Magnum70_04.jpg\"\n               data-image-id=\"117877\"\n               data-title=\"Magnum70_04\"\n               data-description=\"\"\n               data-image-slug=\"magnum70_04\"\n               class=\"ngg-fancybox\" rel=\"3382db02305936d584483da859eb17ec\">\n                <img\n                    title=\"Magnum70_04\"\n                    alt=\"Magnum70_04\"\n                    src=\"https:\/\/www.camperonline.it\/magazine\/wp-content\/gallery\/anteprime-2021-elnagh\/thumbs\/thumbs_Magnum70_04.jpg\"\n                    width=\"240\"\n                    height=\"160\"\n                    style=\"max-width:100%;\"\n                \/>\n            <\/a>\n        <\/div>\n\t\t\t\t\t\t\t<\/div> \n\t\t\t\n\t\t\t\t<div id=\"ngg-image-9\" class=\"ngg-gallery-thumbnail-box ngg-5-columns\" >\n\t\t\t\t        <div class=\"ngg-gallery-thumbnail\">\n            <a href=\"https:\/\/www.camperonline.it\/magazine\/wp-content\/gallery\/anteprime-2021-elnagh\/Magnum70_03.jpg\"\n               title=\"\"\n               data-src=\"https:\/\/www.camperonline.it\/magazine\/wp-content\/gallery\/anteprime-2021-elnagh\/Magnum70_03.jpg\"\n               data-thumbnail=\"https:\/\/www.camperonline.it\/magazine\/wp-content\/gallery\/anteprime-2021-elnagh\/thumbs\/thumbs_Magnum70_03.jpg\"\n               data-image-id=\"117876\"\n               data-title=\"Magnum70_03\"\n               data-description=\"\"\n               data-image-slug=\"magnum70_03\"\n               class=\"ngg-fancybox\" rel=\"3382db02305936d584483da859eb17ec\">\n                <img\n                    title=\"Magnum70_03\"\n                    alt=\"Magnum70_03\"\n                    src=\"https:\/\/www.camperonline.it\/magazine\/wp-content\/gallery\/anteprime-2021-elnagh\/thumbs\/thumbs_Magnum70_03.jpg\"\n                    width=\"240\"\n                    height=\"160\"\n                    style=\"max-width:100%;\"\n                \/>\n            <\/a>\n        <\/div>\n\t\t\t\t\t\t\t<\/div> \n\t\t\t\n\t\t\t\t<div id=\"ngg-image-10\" class=\"ngg-gallery-thumbnail-box ngg-5-columns\" >\n\t\t\t\t        <div class=\"ngg-gallery-thumbnail\">\n            <a href=\"https:\/\/www.camperonline.it\/magazine\/wp-content\/gallery\/anteprime-2021-elnagh\/Magnum70_02.jpg\"\n               title=\"\"\n               data-src=\"https:\/\/www.camperonline.it\/magazine\/wp-content\/gallery\/anteprime-2021-elnagh\/Magnum70_02.jpg\"\n               data-thumbnail=\"https:\/\/www.camperonline.it\/magazine\/wp-content\/gallery\/anteprime-2021-elnagh\/thumbs\/thumbs_Magnum70_02.jpg\"\n               data-image-id=\"117875\"\n               data-title=\"Magnum70_02\"\n               data-description=\"\"\n               data-image-slug=\"magnum70_02\"\n               class=\"ngg-fancybox\" rel=\"3382db02305936d584483da859eb17ec\">\n                <img\n                    title=\"Magnum70_02\"\n                    alt=\"Magnum70_02\"\n                    src=\"https:\/\/www.camperonline.it\/magazine\/wp-content\/gallery\/anteprime-2021-elnagh\/thumbs\/thumbs_Magnum70_02.jpg\"\n                    width=\"240\"\n                    height=\"160\"\n                    style=\"max-width:100%;\"\n                \/>\n            <\/a>\n        <\/div>\n\t\t\t\t\t\t\t<\/div> \n\t\t\t\n\t\t\t\t<div id=\"ngg-image-11\" class=\"ngg-gallery-thumbnail-box ngg-5-columns\" >\n\t\t\t\t        <div class=\"ngg-gallery-thumbnail\">\n            <a href=\"https:\/\/www.camperonline.it\/magazine\/wp-content\/gallery\/anteprime-2021-elnagh\/ElnaghT-Loft_10.jpg\"\n               title=\"\"\n               data-src=\"https:\/\/www.camperonline.it\/magazine\/wp-content\/gallery\/anteprime-2021-elnagh\/ElnaghT-Loft_10.jpg\"\n               data-thumbnail=\"https:\/\/www.camperonline.it\/magazine\/wp-content\/gallery\/anteprime-2021-elnagh\/thumbs\/thumbs_ElnaghT-Loft_10.jpg\"\n               data-image-id=\"117874\"\n               data-title=\"ElnaghT-Loft_10\"\n               data-description=\"\"\n               data-image-slug=\"elnaght-loft_10\"\n               class=\"ngg-fancybox\" rel=\"3382db02305936d584483da859eb17ec\">\n                <img\n                    title=\"ElnaghT-Loft_10\"\n                    alt=\"ElnaghT-Loft_10\"\n                    src=\"https:\/\/www.camperonline.it\/magazine\/wp-content\/gallery\/anteprime-2021-elnagh\/thumbs\/thumbs_ElnaghT-Loft_10.jpg\"\n                    width=\"240\"\n                    height=\"160\"\n                    style=\"max-width:100%;\"\n                \/>\n            <\/a>\n        <\/div>\n\t\t\t\t\t\t\t<\/div> \n\t\t\t\n\t\t\t\t<div id=\"ngg-image-12\" class=\"ngg-gallery-thumbnail-box ngg-5-columns\" >\n\t\t\t\t        <div class=\"ngg-gallery-thumbnail\">\n            <a href=\"https:\/\/www.camperonline.it\/magazine\/wp-content\/gallery\/anteprime-2021-elnagh\/ElnaghT-Loft_09.jpg\"\n               title=\"\"\n               data-src=\"https:\/\/www.camperonline.it\/magazine\/wp-content\/gallery\/anteprime-2021-elnagh\/ElnaghT-Loft_09.jpg\"\n               data-thumbnail=\"https:\/\/www.camperonline.it\/magazine\/wp-content\/gallery\/anteprime-2021-elnagh\/thumbs\/thumbs_ElnaghT-Loft_09.jpg\"\n               data-image-id=\"117873\"\n               data-title=\"ElnaghT-Loft_09\"\n               data-description=\"\"\n               data-image-slug=\"elnaght-loft_09\"\n               class=\"ngg-fancybox\" rel=\"3382db02305936d584483da859eb17ec\">\n                <img\n                    title=\"ElnaghT-Loft_09\"\n                    alt=\"ElnaghT-Loft_09\"\n                    src=\"https:\/\/www.camperonline.it\/magazine\/wp-content\/gallery\/anteprime-2021-elnagh\/thumbs\/thumbs_ElnaghT-Loft_09.jpg\"\n                    width=\"240\"\n                    height=\"160\"\n                    style=\"max-width:100%;\"\n                \/>\n            <\/a>\n        <\/div>\n\t\t\t\t\t\t\t<\/div> \n\t\t\t\n\t\t\t\t<div id=\"ngg-image-13\" class=\"ngg-gallery-thumbnail-box ngg-5-columns\" >\n\t\t\t\t        <div class=\"ngg-gallery-thumbnail\">\n            <a href=\"https:\/\/www.camperonline.it\/magazine\/wp-content\/gallery\/anteprime-2021-elnagh\/ElnaghT-Loft_08.jpg\"\n               title=\"\"\n               data-src=\"https:\/\/www.camperonline.it\/magazine\/wp-content\/gallery\/anteprime-2021-elnagh\/ElnaghT-Loft_08.jpg\"\n               data-thumbnail=\"https:\/\/www.camperonline.it\/magazine\/wp-content\/gallery\/anteprime-2021-elnagh\/thumbs\/thumbs_ElnaghT-Loft_08.jpg\"\n               data-image-id=\"117872\"\n               data-title=\"ElnaghT-Loft_08\"\n               data-description=\"\"\n               data-image-slug=\"elnaght-loft_08\"\n               class=\"ngg-fancybox\" rel=\"3382db02305936d584483da859eb17ec\">\n                <img\n                    title=\"ElnaghT-Loft_08\"\n                    alt=\"ElnaghT-Loft_08\"\n                    src=\"https:\/\/www.camperonline.it\/magazine\/wp-content\/gallery\/anteprime-2021-elnagh\/thumbs\/thumbs_ElnaghT-Loft_08.jpg\"\n                    width=\"240\"\n                    height=\"160\"\n                    style=\"max-width:100%;\"\n                \/>\n            <\/a>\n        <\/div>\n\t\t\t\t\t\t\t<\/div> \n\t\t\t\n\t\t\t\t<div id=\"ngg-image-14\" class=\"ngg-gallery-thumbnail-box ngg-5-columns\" >\n\t\t\t\t        <div class=\"ngg-gallery-thumbnail\">\n            <a href=\"https:\/\/www.camperonline.it\/magazine\/wp-content\/gallery\/anteprime-2021-elnagh\/ElnaghBaron531_01.jpg\"\n               title=\"\"\n               data-src=\"https:\/\/www.camperonline.it\/magazine\/wp-content\/gallery\/anteprime-2021-elnagh\/ElnaghBaron531_01.jpg\"\n               data-thumbnail=\"https:\/\/www.camperonline.it\/magazine\/wp-content\/gallery\/anteprime-2021-elnagh\/thumbs\/thumbs_ElnaghBaron531_01.jpg\"\n               data-image-id=\"117858\"\n               data-title=\"ElnaghBaron531_01\"\n               data-description=\"\"\n               data-image-slug=\"elnaghbaron531_01\"\n               class=\"ngg-fancybox\" rel=\"3382db02305936d584483da859eb17ec\">\n                <img\n                    title=\"ElnaghBaron531_01\"\n                    alt=\"ElnaghBaron531_01\"\n                    src=\"https:\/\/www.camperonline.it\/magazine\/wp-content\/gallery\/anteprime-2021-elnagh\/thumbs\/thumbs_ElnaghBaron531_01.jpg\"\n                    width=\"240\"\n                    height=\"160\"\n                    style=\"max-width:100%;\"\n                \/>\n            <\/a>\n        <\/div>\n\t\t\t\t\t\t\t<\/div> \n\t\t\t\n\t\t\t\t<div id=\"ngg-image-15\" class=\"ngg-gallery-thumbnail-box ngg-5-columns\" >\n\t\t\t\t        <div class=\"ngg-gallery-thumbnail\">\n            <a href=\"https:\/\/www.camperonline.it\/magazine\/wp-content\/gallery\/anteprime-2021-elnagh\/ElnaghT-Loft_05.jpg\"\n               title=\"\"\n               data-src=\"https:\/\/www.camperonline.it\/magazine\/wp-content\/gallery\/anteprime-2021-elnagh\/ElnaghT-Loft_05.jpg\"\n               data-thumbnail=\"https:\/\/www.camperonline.it\/magazine\/wp-content\/gallery\/anteprime-2021-elnagh\/thumbs\/thumbs_ElnaghT-Loft_05.jpg\"\n               data-image-id=\"117870\"\n               data-title=\"ElnaghT-Loft_05\"\n               data-description=\"\"\n               data-image-slug=\"elnaght-loft_05\"\n               class=\"ngg-fancybox\" rel=\"3382db02305936d584483da859eb17ec\">\n                <img\n                    title=\"ElnaghT-Loft_05\"\n                    alt=\"ElnaghT-Loft_05\"\n                    src=\"https:\/\/www.camperonline.it\/magazine\/wp-content\/gallery\/anteprime-2021-elnagh\/thumbs\/thumbs_ElnaghT-Loft_05.jpg\"\n                    width=\"240\"\n                    height=\"160\"\n                    style=\"max-width:100%;\"\n                \/>\n            <\/a>\n        <\/div>\n\t\t\t\t\t\t\t<\/div> \n\t\t\t\n\t\t\t\t<div id=\"ngg-image-16\" class=\"ngg-gallery-thumbnail-box ngg-5-columns\" >\n\t\t\t\t        <div class=\"ngg-gallery-thumbnail\">\n            <a href=\"https:\/\/www.camperonline.it\/magazine\/wp-content\/gallery\/anteprime-2021-elnagh\/ElnaghT-Loft_04.jpg\"\n               title=\"\"\n               data-src=\"https:\/\/www.camperonline.it\/magazine\/wp-content\/gallery\/anteprime-2021-elnagh\/ElnaghT-Loft_04.jpg\"\n               data-thumbnail=\"https:\/\/www.camperonline.it\/magazine\/wp-content\/gallery\/anteprime-2021-elnagh\/thumbs\/thumbs_ElnaghT-Loft_04.jpg\"\n               data-image-id=\"117869\"\n               data-title=\"ElnaghT-Loft_04\"\n               data-description=\"\"\n               data-image-slug=\"elnaght-loft_04\"\n               class=\"ngg-fancybox\" rel=\"3382db02305936d584483da859eb17ec\">\n                <img\n                    title=\"ElnaghT-Loft_04\"\n                    alt=\"ElnaghT-Loft_04\"\n                    src=\"https:\/\/www.camperonline.it\/magazine\/wp-content\/gallery\/anteprime-2021-elnagh\/thumbs\/thumbs_ElnaghT-Loft_04.jpg\"\n                    width=\"240\"\n                    height=\"160\"\n                    style=\"max-width:100%;\"\n                \/>\n            <\/a>\n        <\/div>\n\t\t\t\t\t\t\t<\/div> \n\t\t\t\n\t\t\t\t<div id=\"ngg-image-17\" class=\"ngg-gallery-thumbnail-box ngg-5-columns\" >\n\t\t\t\t        <div class=\"ngg-gallery-thumbnail\">\n            <a href=\"https:\/\/www.camperonline.it\/magazine\/wp-content\/gallery\/anteprime-2021-elnagh\/ElnaghT-Loft_03.jpg\"\n               title=\"\"\n               data-src=\"https:\/\/www.camperonline.it\/magazine\/wp-content\/gallery\/anteprime-2021-elnagh\/ElnaghT-Loft_03.jpg\"\n               data-thumbnail=\"https:\/\/www.camperonline.it\/magazine\/wp-content\/gallery\/anteprime-2021-elnagh\/thumbs\/thumbs_ElnaghT-Loft_03.jpg\"\n               data-image-id=\"117868\"\n               data-title=\"ElnaghT-Loft_03\"\n               data-description=\"\"\n               data-image-slug=\"elnaght-loft_03\"\n               class=\"ngg-fancybox\" rel=\"3382db02305936d584483da859eb17ec\">\n                <img\n                    title=\"ElnaghT-Loft_03\"\n                    alt=\"ElnaghT-Loft_03\"\n                    src=\"https:\/\/www.camperonline.it\/magazine\/wp-content\/gallery\/anteprime-2021-elnagh\/thumbs\/thumbs_ElnaghT-Loft_03.jpg\"\n                    width=\"240\"\n                    height=\"160\"\n                    style=\"max-width:100%;\"\n                \/>\n            <\/a>\n        <\/div>\n\t\t\t\t\t\t\t<\/div> \n\t\t\t\n\t\t\t\t<div id=\"ngg-image-18\" class=\"ngg-gallery-thumbnail-box ngg-5-columns\" >\n\t\t\t\t        <div class=\"ngg-gallery-thumbnail\">\n            <a href=\"https:\/\/www.camperonline.it\/magazine\/wp-content\/gallery\/anteprime-2021-elnagh\/ElnaghT-Loft_02.jpg\"\n               title=\"\"\n               data-src=\"https:\/\/www.camperonline.it\/magazine\/wp-content\/gallery\/anteprime-2021-elnagh\/ElnaghT-Loft_02.jpg\"\n               data-thumbnail=\"https:\/\/www.camperonline.it\/magazine\/wp-content\/gallery\/anteprime-2021-elnagh\/thumbs\/thumbs_ElnaghT-Loft_02.jpg\"\n               data-image-id=\"117867\"\n               data-title=\"ElnaghT-Loft_02\"\n               data-description=\"\"\n               data-image-slug=\"elnaght-loft_02\"\n               class=\"ngg-fancybox\" rel=\"3382db02305936d584483da859eb17ec\">\n                <img\n                    title=\"ElnaghT-Loft_02\"\n                    alt=\"ElnaghT-Loft_02\"\n                    src=\"https:\/\/www.camperonline.it\/magazine\/wp-content\/gallery\/anteprime-2021-elnagh\/thumbs\/thumbs_ElnaghT-Loft_02.jpg\"\n                    width=\"240\"\n                    height=\"160\"\n                    style=\"max-width:100%;\"\n                \/>\n            <\/a>\n        <\/div>\n\t\t\t\t\t\t\t<\/div> \n\t\t\t\n\t\t\t\t<div id=\"ngg-image-19\" class=\"ngg-gallery-thumbnail-box ngg-5-columns\" >\n\t\t\t\t        <div class=\"ngg-gallery-thumbnail\">\n            <a href=\"https:\/\/www.camperonline.it\/magazine\/wp-content\/gallery\/anteprime-2021-elnagh\/ElnaghT-Loft_01.jpg\"\n               title=\"\"\n               data-src=\"https:\/\/www.camperonline.it\/magazine\/wp-content\/gallery\/anteprime-2021-elnagh\/ElnaghT-Loft_01.jpg\"\n               data-thumbnail=\"https:\/\/www.camperonline.it\/magazine\/wp-content\/gallery\/anteprime-2021-elnagh\/thumbs\/thumbs_ElnaghT-Loft_01.jpg\"\n               data-image-id=\"117866\"\n               data-title=\"ElnaghT-Loft_01\"\n               data-description=\"\"\n               data-image-slug=\"elnaght-loft_01\"\n               class=\"ngg-fancybox\" rel=\"3382db02305936d584483da859eb17ec\">\n                <img\n                    title=\"ElnaghT-Loft_01\"\n                    alt=\"ElnaghT-Loft_01\"\n                    src=\"https:\/\/www.camperonline.it\/magazine\/wp-content\/gallery\/anteprime-2021-elnagh\/thumbs\/thumbs_ElnaghT-Loft_01.jpg\"\n                    width=\"240\"\n                    height=\"160\"\n                    style=\"max-width:100%;\"\n                \/>\n            <\/a>\n        <\/div>\n\t\t\t\t\t\t\t<\/div> \n\t\t\t\n\t\t\t\t<div id=\"ngg-image-20\" class=\"ngg-gallery-thumbnail-box ngg-5-columns\" >\n\t\t\t\t        <div class=\"ngg-gallery-thumbnail\">\n            <a href=\"https:\/\/www.camperonline.it\/magazine\/wp-content\/gallery\/anteprime-2021-elnagh\/ElnaghBaron531_09.jpg\"\n               title=\"\"\n               data-src=\"https:\/\/www.camperonline.it\/magazine\/wp-content\/gallery\/anteprime-2021-elnagh\/ElnaghBaron531_09.jpg\"\n               data-thumbnail=\"https:\/\/www.camperonline.it\/magazine\/wp-content\/gallery\/anteprime-2021-elnagh\/thumbs\/thumbs_ElnaghBaron531_09.jpg\"\n               data-image-id=\"117865\"\n               data-title=\"ElnaghBaron531_09\"\n               data-description=\"\"\n               data-image-slug=\"elnaghbaron531_09\"\n               class=\"ngg-fancybox\" rel=\"3382db02305936d584483da859eb17ec\">\n                <img\n                    title=\"ElnaghBaron531_09\"\n                    alt=\"ElnaghBaron531_09\"\n                    src=\"https:\/\/www.camperonline.it\/magazine\/wp-content\/gallery\/anteprime-2021-elnagh\/thumbs\/thumbs_ElnaghBaron531_09.jpg\"\n                    width=\"240\"\n                    height=\"160\"\n                    style=\"max-width:100%;\"\n                \/>\n            <\/a>\n        <\/div>\n\t\t\t\t\t\t\t<\/div> \n\t\t\t\n\t\t\t\t<div id=\"ngg-image-21\" class=\"ngg-gallery-thumbnail-box ngg-5-columns\" >\n\t\t\t\t        <div class=\"ngg-gallery-thumbnail\">\n            <a href=\"https:\/\/www.camperonline.it\/magazine\/wp-content\/gallery\/anteprime-2021-elnagh\/ElnaghBaron531_08.jpg\"\n               title=\"\"\n               data-src=\"https:\/\/www.camperonline.it\/magazine\/wp-content\/gallery\/anteprime-2021-elnagh\/ElnaghBaron531_08.jpg\"\n               data-thumbnail=\"https:\/\/www.camperonline.it\/magazine\/wp-content\/gallery\/anteprime-2021-elnagh\/thumbs\/thumbs_ElnaghBaron531_08.jpg\"\n               data-image-id=\"117864\"\n               data-title=\"ElnaghBaron531_08\"\n               data-description=\"\"\n               data-image-slug=\"elnaghbaron531_08\"\n               class=\"ngg-fancybox\" rel=\"3382db02305936d584483da859eb17ec\">\n                <img\n                    title=\"ElnaghBaron531_08\"\n                    alt=\"ElnaghBaron531_08\"\n                    src=\"https:\/\/www.camperonline.it\/magazine\/wp-content\/gallery\/anteprime-2021-elnagh\/thumbs\/thumbs_ElnaghBaron531_08.jpg\"\n                    width=\"240\"\n                    height=\"160\"\n                    style=\"max-width:100%;\"\n                \/>\n            <\/a>\n        <\/div>\n\t\t\t\t\t\t\t<\/div> \n\t\t\t\n\t\t\t\t<div id=\"ngg-image-22\" class=\"ngg-gallery-thumbnail-box ngg-5-columns\" >\n\t\t\t\t        <div class=\"ngg-gallery-thumbnail\">\n            <a href=\"https:\/\/www.camperonline.it\/magazine\/wp-content\/gallery\/anteprime-2021-elnagh\/ElnaghBaron531_07.jpg\"\n               title=\"\"\n               data-src=\"https:\/\/www.camperonline.it\/magazine\/wp-content\/gallery\/anteprime-2021-elnagh\/ElnaghBaron531_07.jpg\"\n               data-thumbnail=\"https:\/\/www.camperonline.it\/magazine\/wp-content\/gallery\/anteprime-2021-elnagh\/thumbs\/thumbs_ElnaghBaron531_07.jpg\"\n               data-image-id=\"117863\"\n               data-title=\"ElnaghBaron531_07\"\n               data-description=\"\"\n               data-image-slug=\"elnaghbaron531_07\"\n               class=\"ngg-fancybox\" rel=\"3382db02305936d584483da859eb17ec\">\n                <img\n                    title=\"ElnaghBaron531_07\"\n                    alt=\"ElnaghBaron531_07\"\n                    src=\"https:\/\/www.camperonline.it\/magazine\/wp-content\/gallery\/anteprime-2021-elnagh\/thumbs\/thumbs_ElnaghBaron531_07.jpg\"\n                    width=\"240\"\n                    height=\"160\"\n                    style=\"max-width:100%;\"\n                \/>\n            <\/a>\n        <\/div>\n\t\t\t\t\t\t\t<\/div> \n\t\t\t\n\t\t\t\t<div id=\"ngg-image-23\" class=\"ngg-gallery-thumbnail-box ngg-5-columns\" >\n\t\t\t\t        <div class=\"ngg-gallery-thumbnail\">\n            <a href=\"https:\/\/www.camperonline.it\/magazine\/wp-content\/gallery\/anteprime-2021-elnagh\/ElnaghBaron531_06.jpg\"\n               title=\"\"\n               data-src=\"https:\/\/www.camperonline.it\/magazine\/wp-content\/gallery\/anteprime-2021-elnagh\/ElnaghBaron531_06.jpg\"\n               data-thumbnail=\"https:\/\/www.camperonline.it\/magazine\/wp-content\/gallery\/anteprime-2021-elnagh\/thumbs\/thumbs_ElnaghBaron531_06.jpg\"\n               data-image-id=\"117862\"\n               data-title=\"ElnaghBaron531_06\"\n               data-description=\"\"\n               data-image-slug=\"elnaghbaron531_06\"\n               class=\"ngg-fancybox\" rel=\"3382db02305936d584483da859eb17ec\">\n                <img\n                    title=\"ElnaghBaron531_06\"\n                    alt=\"ElnaghBaron531_06\"\n                    src=\"https:\/\/www.camperonline.it\/magazine\/wp-content\/gallery\/anteprime-2021-elnagh\/thumbs\/thumbs_ElnaghBaron531_06.jpg\"\n                    width=\"240\"\n                    height=\"160\"\n                    style=\"max-width:100%;\"\n                \/>\n            <\/a>\n        <\/div>\n\t\t\t\t\t\t\t<\/div> \n\t\t\t\n\t\t\t\t<div id=\"ngg-image-24\" class=\"ngg-gallery-thumbnail-box ngg-5-columns\" >\n\t\t\t\t        <div class=\"ngg-gallery-thumbnail\">\n            <a href=\"https:\/\/www.camperonline.it\/magazine\/wp-content\/gallery\/anteprime-2021-elnagh\/ElnaghBaron531_05.jpg\"\n               title=\"\"\n               data-src=\"https:\/\/www.camperonline.it\/magazine\/wp-content\/gallery\/anteprime-2021-elnagh\/ElnaghBaron531_05.jpg\"\n               data-thumbnail=\"https:\/\/www.camperonline.it\/magazine\/wp-content\/gallery\/anteprime-2021-elnagh\/thumbs\/thumbs_ElnaghBaron531_05.jpg\"\n               data-image-id=\"117861\"\n               data-title=\"ElnaghBaron531_05\"\n               data-description=\"\"\n               data-image-slug=\"elnaghbaron531_05\"\n               class=\"ngg-fancybox\" rel=\"3382db02305936d584483da859eb17ec\">\n                <img\n                    title=\"ElnaghBaron531_05\"\n                    alt=\"ElnaghBaron531_05\"\n                    src=\"https:\/\/www.camperonline.it\/magazine\/wp-content\/gallery\/anteprime-2021-elnagh\/thumbs\/thumbs_ElnaghBaron531_05.jpg\"\n                    width=\"240\"\n                    height=\"160\"\n                    style=\"max-width:100%;\"\n                \/>\n            <\/a>\n        <\/div>\n\t\t\t\t\t\t\t<\/div> \n\t\t\t\n\t\t\t\t<div id=\"ngg-image-25\" class=\"ngg-gallery-thumbnail-box ngg-5-columns\" >\n\t\t\t\t        <div class=\"ngg-gallery-thumbnail\">\n            <a href=\"https:\/\/www.camperonline.it\/magazine\/wp-content\/gallery\/anteprime-2021-elnagh\/ElnaghBaron531_04.jpg\"\n               title=\"\"\n               data-src=\"https:\/\/www.camperonline.it\/magazine\/wp-content\/gallery\/anteprime-2021-elnagh\/ElnaghBaron531_04.jpg\"\n               data-thumbnail=\"https:\/\/www.camperonline.it\/magazine\/wp-content\/gallery\/anteprime-2021-elnagh\/thumbs\/thumbs_ElnaghBaron531_04.jpg\"\n               data-image-id=\"117860\"\n               data-title=\"ElnaghBaron531_04\"\n               data-description=\"\"\n               data-image-slug=\"elnaghbaron531_04\"\n               class=\"ngg-fancybox\" rel=\"3382db02305936d584483da859eb17ec\">\n                <img\n                    title=\"ElnaghBaron531_04\"\n                    alt=\"ElnaghBaron531_04\"\n                    src=\"https:\/\/www.camperonline.it\/magazine\/wp-content\/gallery\/anteprime-2021-elnagh\/thumbs\/thumbs_ElnaghBaron531_04.jpg\"\n                    width=\"240\"\n                    height=\"160\"\n                    style=\"max-width:100%;\"\n                \/>\n            <\/a>\n        <\/div>\n\t\t\t\t\t\t\t<\/div> \n\t\t\t\n\t\t\t\t<div id=\"ngg-image-26\" class=\"ngg-gallery-thumbnail-box ngg-5-columns\" >\n\t\t\t\t        <div class=\"ngg-gallery-thumbnail\">\n            <a href=\"https:\/\/www.camperonline.it\/magazine\/wp-content\/gallery\/anteprime-2021-elnagh\/ElnaghBaron531_02.jpg\"\n               title=\"\"\n               data-src=\"https:\/\/www.camperonline.it\/magazine\/wp-content\/gallery\/anteprime-2021-elnagh\/ElnaghBaron531_02.jpg\"\n               data-thumbnail=\"https:\/\/www.camperonline.it\/magazine\/wp-content\/gallery\/anteprime-2021-elnagh\/thumbs\/thumbs_ElnaghBaron531_02.jpg\"\n               data-image-id=\"117859\"\n               data-title=\"ElnaghBaron531_02\"\n               data-description=\"\"\n               data-image-slug=\"elnaghbaron531_02\"\n               class=\"ngg-fancybox\" rel=\"3382db02305936d584483da859eb17ec\">\n                <img\n                    title=\"ElnaghBaron531_02\"\n                    alt=\"ElnaghBaron531_02\"\n                    src=\"https:\/\/www.camperonline.it\/magazine\/wp-content\/gallery\/anteprime-2021-elnagh\/thumbs\/thumbs_ElnaghBaron531_02.jpg\"\n                    width=\"240\"\n                    height=\"160\"\n                    style=\"max-width:100%;\"\n                \/>\n            <\/a>\n        <\/div>\n\t\t\t\t\t\t\t<\/div> \n\t\t\t\n\t\n\t<br style=\"clear: both\" \/>\n\n\t\t<div class=\"slideshowlink\">\n        <a href='https:\/\/www.camperonline.it\/magazine\/2020\/08\/14\/anteprime-2021-elnagh\/nggallery\/slideshow'>[Mostra slideshow]<\/a>\n\t\t\n\t<\/div>\n\t\n\t\t<!-- Pagination -->\n\t<div class='ngg-clear'><\/div>\t<\/div>\n\n","protected":false},"excerpt":{"rendered":"<p>Elnagh compie 70 anni e si regala la serie speciale 70 Anniversary Edition, che comprende due motorhome e due semintegrali. Vede inoltre la luce un semintegrale di lunghezza ridotta, il Baron 531<\/p>\n","protected":false},"author":23,"featured_media":311727,"comment_status":"closed","ping_status":"open","sticky":false,"template":"","format":"standard","meta":{"ngg_post_thumbnail":0},"categories":[6063,217,284,7],"tags":[6073,2800,4690,389,289],"yoast_head":"<!-- This site is optimized with the Yoast SEO plugin v18.6 - https:\/\/yoast.com\/wordpress\/plugins\/seo\/ -->\n<title>Anteprime 2021: Elnagh - CamperOnLine Magazine<\/title>\n<meta name=\"description\" content=\"Elnagh compie 70 anni e si regala la serie speciale 70 Anniversary Edition, che comprende due motorhome e due semintegrali. Vede inoltre la luce un\" \/>\n<meta name=\"robots\" content=\"index, follow, max-snippet:-1, max-image-preview:large, max-video-preview:-1\" \/>\n<link rel=\"canonical\" href=\"https:\/\/www.camperonline.it\/magazine\/2020\/08\/14\/anteprime-2021-elnagh\/\" \/>\n<meta property=\"og:locale\" content=\"it_IT\" \/>\n<meta property=\"og:type\" content=\"article\" \/>\n<meta property=\"og:title\" content=\"Anteprime 2021: Elnagh - CamperOnLine Magazine\" \/>\n<meta property=\"og:description\" content=\"Elnagh compie 70 anni e si regala la serie speciale 70 Anniversary Edition, che comprende due motorhome e due semintegrali. Vede inoltre la luce un\" \/>\n<meta property=\"og:url\" content=\"https:\/\/www.camperonline.it\/magazine\/2020\/08\/14\/anteprime-2021-elnagh\/\" \/>\n<meta property=\"og:site_name\" content=\"CamperOnLine Magazine\" \/>\n<meta property=\"article:published_time\" content=\"2020-08-13T22:00:06+00:00\" \/>\n<meta property=\"article:modified_time\" content=\"2020-08-11T16:42:29+00:00\" \/>\n<meta property=\"og:image\" content=\"https:\/\/www.camperonline.it\/magazine\/wp-content\/uploads\/2020\/08\/ante_elnagh.jpg\" \/>\n\t<meta property=\"og:image:width\" content=\"630\" \/>\n\t<meta property=\"og:image:height\" content=\"354\" \/>\n\t<meta property=\"og:image:type\" content=\"image\/jpeg\" \/>\n<meta name=\"twitter:card\" content=\"summary_large_image\" \/>\n<script type=\"application\/ld+json\" class=\"yoast-schema-graph\">{\"@context\":\"https:\/\/schema.org\",\"@graph\":[{\"@type\":\"WebSite\",\"@id\":\"https:\/\/www.camperonline.it\/magazine\/#website\",\"url\":\"https:\/\/www.camperonline.it\/magazine\/\",\"name\":\"CamperOnLine Magazine\",\"description\":\"Viaggi in camper, test, video, destinazioni, vacanze\",\"potentialAction\":[{\"@type\":\"SearchAction\",\"target\":{\"@type\":\"EntryPoint\",\"urlTemplate\":\"https:\/\/www.camperonline.it\/magazine\/?s={search_term_string}\"},\"query-input\":\"required name=search_term_string\"}],\"inLanguage\":\"it-IT\"},{\"@type\":\"ImageObject\",\"@id\":\"https:\/\/www.camperonline.it\/magazine\/2020\/08\/14\/anteprime-2021-elnagh\/#primaryimage\",\"inLanguage\":\"it-IT\",\"url\":\"https:\/\/www.camperonline.it\/magazine\/wp-content\/uploads\/2020\/08\/ante_elnagh.jpg\",\"contentUrl\":\"https:\/\/www.camperonline.it\/magazine\/wp-content\/uploads\/2020\/08\/ante_elnagh.jpg\",\"width\":630,\"height\":354},{\"@type\":\"WebPage\",\"@id\":\"https:\/\/www.camperonline.it\/magazine\/2020\/08\/14\/anteprime-2021-elnagh\/#webpage\",\"url\":\"https:\/\/www.camperonline.it\/magazine\/2020\/08\/14\/anteprime-2021-elnagh\/\",\"name\":\"Anteprime 2021: Elnagh - CamperOnLine Magazine\",\"isPartOf\":{\"@id\":\"https:\/\/www.camperonline.it\/magazine\/#website\"},\"primaryImageOfPage\":{\"@id\":\"https:\/\/www.camperonline.it\/magazine\/2020\/08\/14\/anteprime-2021-elnagh\/#primaryimage\"},\"datePublished\":\"2020-08-13T22:00:06+00:00\",\"dateModified\":\"2020-08-11T16:42:29+00:00\",\"author\":{\"@id\":\"https:\/\/www.camperonline.it\/magazine\/#\/schema\/person\/cc776d866d3248597db92e2aa8bfc3f3\"},\"description\":\"Elnagh compie 70 anni e si regala la serie speciale 70 Anniversary Edition, che comprende due motorhome e due semintegrali. Vede inoltre la luce un\",\"breadcrumb\":{\"@id\":\"https:\/\/www.camperonline.it\/magazine\/2020\/08\/14\/anteprime-2021-elnagh\/#breadcrumb\"},\"inLanguage\":\"it-IT\",\"potentialAction\":[{\"@type\":\"ReadAction\",\"target\":[\"https:\/\/www.camperonline.it\/magazine\/2020\/08\/14\/anteprime-2021-elnagh\/\"]}]},{\"@type\":\"BreadcrumbList\",\"@id\":\"https:\/\/www.camperonline.it\/magazine\/2020\/08\/14\/anteprime-2021-elnagh\/#breadcrumb\",\"itemListElement\":[{\"@type\":\"ListItem\",\"position\":1,\"name\":\"Home\",\"item\":\"https:\/\/www.camperonline.it\/magazine\/\"},{\"@type\":\"ListItem\",\"position\":2,\"name\":\"Anteprime 2021: Elnagh\"}]},{\"@type\":\"Person\",\"@id\":\"https:\/\/www.camperonline.it\/magazine\/#\/schema\/person\/cc776d866d3248597db92e2aa8bfc3f3\",\"name\":\"Renato Antonini\",\"url\":\"https:\/\/www.camperonline.it\/magazine\/author\/renato\/\"}]}<\/script>\n<!-- \/ Yoast SEO plugin. -->","yoast_head_json":{"title":"Anteprime 2021: Elnagh - CamperOnLine Magazine","description":"Elnagh compie 70 anni e si regala la serie speciale 70 Anniversary Edition, che comprende due motorhome e due semintegrali. Vede inoltre la luce un","robots":{"index":"index","follow":"follow","max-snippet":"max-snippet:-1","max-image-preview":"max-image-preview:large","max-video-preview":"max-video-preview:-1"},"canonical":"https:\/\/www.camperonline.it\/magazine\/2020\/08\/14\/anteprime-2021-elnagh\/","og_locale":"it_IT","og_type":"article","og_title":"Anteprime 2021: Elnagh - CamperOnLine Magazine","og_description":"Elnagh compie 70 anni e si regala la serie speciale 70 Anniversary Edition, che comprende due motorhome e due semintegrali. Vede inoltre la luce un","og_url":"https:\/\/www.camperonline.it\/magazine\/2020\/08\/14\/anteprime-2021-elnagh\/","og_site_name":"CamperOnLine Magazine","article_published_time":"2020-08-13T22:00:06+00:00","article_modified_time":"2020-08-11T16:42:29+00:00","og_image":[{"width":630,"height":354,"url":"https:\/\/www.camperonline.it\/magazine\/wp-content\/uploads\/2020\/08\/ante_elnagh.jpg","type":"image\/jpeg"}],"twitter_card":"summary_large_image","schema":{"@context":"https:\/\/schema.org","@graph":[{"@type":"WebSite","@id":"https:\/\/www.camperonline.it\/magazine\/#website","url":"https:\/\/www.camperonline.it\/magazine\/","name":"CamperOnLine Magazine","description":"Viaggi in camper, test, video, destinazioni, vacanze","potentialAction":[{"@type":"SearchAction","target":{"@type":"EntryPoint","urlTemplate":"https:\/\/www.camperonline.it\/magazine\/?s={search_term_string}"},"query-input":"required name=search_term_string"}],"inLanguage":"it-IT"},{"@type":"ImageObject","@id":"https:\/\/www.camperonline.it\/magazine\/2020\/08\/14\/anteprime-2021-elnagh\/#primaryimage","inLanguage":"it-IT","url":"https:\/\/www.camperonline.it\/magazine\/wp-content\/uploads\/2020\/08\/ante_elnagh.jpg","contentUrl":"https:\/\/www.camperonline.it\/magazine\/wp-content\/uploads\/2020\/08\/ante_elnagh.jpg","width":630,"height":354},{"@type":"WebPage","@id":"https:\/\/www.camperonline.it\/magazine\/2020\/08\/14\/anteprime-2021-elnagh\/#webpage","url":"https:\/\/www.camperonline.it\/magazine\/2020\/08\/14\/anteprime-2021-elnagh\/","name":"Anteprime 2021: Elnagh - CamperOnLine Magazine","isPartOf":{"@id":"https:\/\/www.camperonline.it\/magazine\/#website"},"primaryImageOfPage":{"@id":"https:\/\/www.camperonline.it\/magazine\/2020\/08\/14\/anteprime-2021-elnagh\/#primaryimage"},"datePublished":"2020-08-13T22:00:06+00:00","dateModified":"2020-08-11T16:42:29+00:00","author":{"@id":"https:\/\/www.camperonline.it\/magazine\/#\/schema\/person\/cc776d866d3248597db92e2aa8bfc3f3"},"description":"Elnagh compie 70 anni e si regala la serie speciale 70 Anniversary Edition, che comprende due motorhome e due semintegrali. Vede inoltre la luce un","breadcrumb":{"@id":"https:\/\/www.camperonline.it\/magazine\/2020\/08\/14\/anteprime-2021-elnagh\/#breadcrumb"},"inLanguage":"it-IT","potentialAction":[{"@type":"ReadAction","target":["https:\/\/www.camperonline.it\/magazine\/2020\/08\/14\/anteprime-2021-elnagh\/"]}]},{"@type":"BreadcrumbList","@id":"https:\/\/www.camperonline.it\/magazine\/2020\/08\/14\/anteprime-2021-elnagh\/#breadcrumb","itemListElement":[{"@type":"ListItem","position":1,"name":"Home","item":"https:\/\/www.camperonline.it\/magazine\/"},{"@type":"ListItem","position":2,"name":"Anteprime 2021: Elnagh"}]},{"@type":"Person","@id":"https:\/\/www.camperonline.it\/magazine\/#\/schema\/person\/cc776d866d3248597db92e2aa8bfc3f3","name":"Renato Antonini","url":"https:\/\/www.camperonline.it\/magazine\/author\/renato\/"}]}},"_links":{"self":[{"href":"https:\/\/www.camperonline.it\/magazine\/wp-json\/wp\/v2\/posts\/311679"}],"collection":[{"href":"https:\/\/www.camperonline.it\/magazine\/wp-json\/wp\/v2\/posts"}],"about":[{"href":"https:\/\/www.camperonline.it\/magazine\/wp-json\/wp\/v2\/types\/post"}],"author":[{"embeddable":true,"href":"https:\/\/www.camperonline.it\/magazine\/wp-json\/wp\/v2\/users\/23"}],"replies":[{"embeddable":true,"href":"https:\/\/www.camperonline.it\/magazine\/wp-json\/wp\/v2\/comments?post=311679"}],"version-history":[{"count":0,"href":"https:\/\/www.camperonline.it\/magazine\/wp-json\/wp\/v2\/posts\/311679\/revisions"}],"wp:featuredmedia":[{"embeddable":true,"href":"https:\/\/www.camperonline.it\/magazine\/wp-json\/wp\/v2\/media\/311727"}],"wp:attachment":[{"href":"https:\/\/www.camperonline.it\/magazine\/wp-json\/wp\/v2\/media?parent=311679"}],"wp:term":[{"taxonomy":"category","embeddable":true,"href":"https:\/\/www.camperonline.it\/magazine\/wp-json\/wp\/v2\/categories?post=311679"},{"taxonomy":"post_tag","embeddable":true,"href":"https:\/\/www.camperonline.it\/magazine\/wp-json\/wp\/v2\/tags?post=311679"}],"curies":[{"name":"wp","href":"https:\/\/api.w.org\/{rel}","templated":true}]}}