{"id":312288,"date":"2020-09-04T17:44:31","date_gmt":"2020-09-04T15:44:31","guid":{"rendered":"https:\/\/www.camperonline.it\/magazine\/?p=312288"},"modified":"2020-09-04T17:44:31","modified_gmt":"2020-09-04T15:44:31","slug":"anteprime-2021-niesmannbischoff","status":"publish","type":"post","link":"https:\/\/www.camperonline.it\/magazine\/2020\/09\/04\/anteprime-2021-niesmannbischoff\/","title":{"rendered":"Anteprime 2021: Niesmann+Bischoff"},"content":{"rendered":"<h2><img loading=\"lazy\" class=\"aligncenter size-full wp-image-312289\" src=\"https:\/\/www.camperonline.it\/magazine\/wp-content\/uploads\/2020\/09\/COVER-Niesmann-2021.jpg\" alt=\"\" width=\"630\" height=\"354\" srcset=\"https:\/\/www.camperonline.it\/magazine\/wp-content\/uploads\/2020\/09\/COVER-Niesmann-2021.jpg 630w, https:\/\/www.camperonline.it\/magazine\/wp-content\/uploads\/2020\/09\/COVER-Niesmann-2021-300x169.jpg 300w\" sizes=\"(max-width: 630px) 100vw, 630px\" \/><\/h2>\n<h2>Originale, fortemente innovativo nelle soluzioni interne, dalle dimensioni esterne limitate e con peso complessivo pari a 35 q.li, ma tipicamente Niesmann+Bischoff nel DNA e nelle caratteristiche costruttive: si chiama iSmove, l&#8217;inedita gamma di liner compatti che il produttore tedesco lancia per la stagione 2021<\/h2>\n<p><!--more--><\/p>\n<p>Cosa succede quando un prestigioso costruttore tedesco del calibro di <strong>Niesmann+Bischoff<\/strong> decide di coniugare assieme l\u2019importanza e l\u2019eleganza dei suoi apprezzati liner, alla praticit\u00e0 e al dinamismo dei suoi innovativi semintegrali: ecco che da questa unione nasce il progetto denominato <strong>iSmove<\/strong>, un\u2019inedita gamma di motorhome le cui caratteristiche salienti sono quelle di portare in dote dimensioni esterne piuttosto contenute per la categoria, un peso complessivo in ordine di marcia pari a 35 q.li e interessanti soluzioni per ci\u00f2 che concerne lo sfruttamento e l\u2019ergonomia d\u2019utilizzo degli spazi interni. Due sono attualmente i modelli che compongono la serie <strong>iSmove<\/strong>, capostipiti di una nuova generazione di liner compatti che non solo va ad ampliare ancor di pi\u00f9 l\u2019offerta di casa <strong>Niesmann+Bischoff<\/strong>, ma aggiunge anche quel piccolo tassello mancante rivolgendosi a quella clientela alla ricerca di un prodotto esclusivo e dallo spirito rivoluzionario, dagli ingombri e dal peso per\u00f2 pi\u00f9 contenuti.<\/p>\n<p><img loading=\"lazy\" class=\"aligncenter size-full wp-image-312371\" src=\"https:\/\/www.camperonline.it\/magazine\/wp-content\/uploads\/2020\/09\/ismove-6.9-08.jpg\" alt=\"\" width=\"630\" height=\"418\" srcset=\"https:\/\/www.camperonline.it\/magazine\/wp-content\/uploads\/2020\/09\/ismove-6.9-08.jpg 630w, https:\/\/www.camperonline.it\/magazine\/wp-content\/uploads\/2020\/09\/ismove-6.9-08-300x199.jpg 300w\" sizes=\"(max-width: 630px) 100vw, 630px\" \/><\/p>\n<p><img loading=\"lazy\" class=\"aligncenter size-full wp-image-312372\" src=\"https:\/\/www.camperonline.it\/magazine\/wp-content\/uploads\/2020\/09\/ismove-6.9-10.jpg\" alt=\"\" width=\"630\" height=\"418\" srcset=\"https:\/\/www.camperonline.it\/magazine\/wp-content\/uploads\/2020\/09\/ismove-6.9-10.jpg 630w, https:\/\/www.camperonline.it\/magazine\/wp-content\/uploads\/2020\/09\/ismove-6.9-10-300x199.jpg 300w\" sizes=\"(max-width: 630px) 100vw, 630px\" \/><\/p>\n<p>Nulla o poco cambia a livello estetico, grazie a una linea ispirata ai fratelli maggiori Arto e al design che riprende in tutto e per tutto il family-feeling del produttore tedesco, come anche la costruzione che segue i suoi conosciuti dettami. I nuovi <strong>iSmove<\/strong> prevedono dunque una scocca autoportante con doppio rivestimento interno-esterno in alluminio per le pareti laterali con coibentazione in styrofoam RTM, mentre il tetto differisce per l\u2019adozione della vetroresina antigrandine esternamente. Non manca, poi, la presenza di un doppio pavimento, qui con un\u2019intercapedine alta 27 cm.<\/p>\n<p><img loading=\"lazy\" class=\"aligncenter size-full wp-image-312373\" src=\"https:\/\/www.camperonline.it\/magazine\/wp-content\/uploads\/2020\/09\/ismove-6.9-03.jpg\" alt=\"\" width=\"630\" height=\"418\" srcset=\"https:\/\/www.camperonline.it\/magazine\/wp-content\/uploads\/2020\/09\/ismove-6.9-03.jpg 630w, https:\/\/www.camperonline.it\/magazine\/wp-content\/uploads\/2020\/09\/ismove-6.9-03-300x199.jpg 300w\" sizes=\"(max-width: 630px) 100vw, 630px\" \/><\/p>\n<p><img loading=\"lazy\" class=\"aligncenter size-full wp-image-312374\" src=\"https:\/\/www.camperonline.it\/magazine\/wp-content\/uploads\/2020\/09\/ismove-6.9-05.jpg\" alt=\"\" width=\"630\" height=\"418\" srcset=\"https:\/\/www.camperonline.it\/magazine\/wp-content\/uploads\/2020\/09\/ismove-6.9-05.jpg 630w, https:\/\/www.camperonline.it\/magazine\/wp-content\/uploads\/2020\/09\/ismove-6.9-05-300x199.jpg 300w\" sizes=\"(max-width: 630px) 100vw, 630px\" \/><\/p>\n<p>Dati alla mano, i nuovi arrivati sono caratterizzati da una larghezza di 228 cm, un\u2019altezza esterna pari a soli 283 cm e sono allestiti sulla base meccanica del Fiat Ducato abbinato al prestigioso telaio AL-KO con passo da 410 cm, prevedendo numerose possibilit\u00e0 di personalizzazione. Tra queste si segnala l\u2019opzione dei cerchi in lega maggiorati da 18\u201d \u2013 quasi unica per la categoria \u2013 e le conosciute colorazioni esterne, sia globali, sia limitate ad alcuni dettagli, gi\u00e0 disponibili per gli altri modelli di casa Niesmann+Bischoff.<\/p>\n<p><img loading=\"lazy\" class=\"aligncenter size-full wp-image-312375\" src=\"https:\/\/www.camperonline.it\/magazine\/wp-content\/uploads\/2020\/09\/ismove-6.9-07.jpg\" alt=\"\" width=\"630\" height=\"418\" srcset=\"https:\/\/www.camperonline.it\/magazine\/wp-content\/uploads\/2020\/09\/ismove-6.9-07.jpg 630w, https:\/\/www.camperonline.it\/magazine\/wp-content\/uploads\/2020\/09\/ismove-6.9-07-300x199.jpg 300w\" sizes=\"(max-width: 630px) 100vw, 630px\" \/><\/p>\n<p><img loading=\"lazy\" class=\"aligncenter size-full wp-image-312376\" src=\"https:\/\/www.camperonline.it\/magazine\/wp-content\/uploads\/2020\/09\/ismove-6.9-11.jpg\" alt=\"\" width=\"630\" height=\"418\" srcset=\"https:\/\/www.camperonline.it\/magazine\/wp-content\/uploads\/2020\/09\/ismove-6.9-11.jpg 630w, https:\/\/www.camperonline.it\/magazine\/wp-content\/uploads\/2020\/09\/ismove-6.9-11-300x199.jpg 300w\" sizes=\"(max-width: 630px) 100vw, 630px\" \/><\/p>\n<p>La filosofia di potersi creare secondo i gusti e le esigenze personali la propria casa viaggiante viene dunque seguita appieno anche sui nuovi <strong>iSmove<\/strong>: dall\u2019aspetto esteriore, a componenti dell\u2019arredo interno fino all\u2019impiantistica di bordo. Quest\u2019ultima, in particolare, conta su un serbatoio dell\u2019acqua potabile da ben 200 litri e uno di recupero dalla capacit\u00e0 di 120 litri collocati, assieme alle rispettive valvole di scarico, in posizione antigelo all\u2019interno del doppio pavimento. L\u2019impianto elettrico fa capo di serie a una batteria al litio da 100 Ah e il riscaldamento \u00e8 affidato alla potente unit\u00e0 Truma Combi da 6 kW alimentata gas mentre, tra gli optional disponibili, meritano essere segnalati il serbatoio da 120 litri fisso dedicato al wc, il serbatoio del gas fisso da 50 litri e il riscaldamento a convettori Alde.<\/p>\n<p><img loading=\"lazy\" class=\"aligncenter size-full wp-image-312377\" src=\"https:\/\/www.camperonline.it\/magazine\/wp-content\/uploads\/2020\/09\/ismove-6.9-22.jpg\" alt=\"\" width=\"630\" height=\"418\" srcset=\"https:\/\/www.camperonline.it\/magazine\/wp-content\/uploads\/2020\/09\/ismove-6.9-22.jpg 630w, https:\/\/www.camperonline.it\/magazine\/wp-content\/uploads\/2020\/09\/ismove-6.9-22-300x199.jpg 300w\" sizes=\"(max-width: 630px) 100vw, 630px\" \/> <img loading=\"lazy\" class=\"aligncenter size-full wp-image-312378\" src=\"https:\/\/www.camperonline.it\/magazine\/wp-content\/uploads\/2020\/09\/ismove-6.9-23.jpg\" alt=\"\" width=\"630\" height=\"418\" srcset=\"https:\/\/www.camperonline.it\/magazine\/wp-content\/uploads\/2020\/09\/ismove-6.9-23.jpg 630w, https:\/\/www.camperonline.it\/magazine\/wp-content\/uploads\/2020\/09\/ismove-6.9-23-300x199.jpg 300w\" sizes=\"(max-width: 630px) 100vw, 630px\" \/><\/p>\n<p><img loading=\"lazy\" class=\"aligncenter size-full wp-image-312379\" src=\"https:\/\/www.camperonline.it\/magazine\/wp-content\/uploads\/2020\/09\/ismove-6.9-23-2.jpg\" alt=\"\" width=\"630\" height=\"418\" srcset=\"https:\/\/www.camperonline.it\/magazine\/wp-content\/uploads\/2020\/09\/ismove-6.9-23-2.jpg 630w, https:\/\/www.camperonline.it\/magazine\/wp-content\/uploads\/2020\/09\/ismove-6.9-23-2-300x199.jpg 300w\" sizes=\"(max-width: 630px) 100vw, 630px\" \/><\/p>\n<p>Completamente riprogettati e inediti, invece, gli interni, votati alla creazione di un grande open-space riducendo al minimo la presenza di elementi verticali, cos\u00ec da aumentare la sensazione di spazio anche in abitacoli di medie dimensioni. Particolare attenzione \u00e8 stata rivolta anche al fattore illuminazione, suddivisa tra spot a soffitto, moderne lampade a parete e luci d\u2019ambiente a diffusione, tutti controllati da pannelli touch-screen rivestiti in vetro temperato.<\/p>\n<p><img loading=\"lazy\" class=\"aligncenter size-full wp-image-312381\" src=\"https:\/\/www.camperonline.it\/magazine\/wp-content\/uploads\/2020\/09\/ismove-7.3-10-2.jpg\" alt=\"\" width=\"630\" height=\"418\" srcset=\"https:\/\/www.camperonline.it\/magazine\/wp-content\/uploads\/2020\/09\/ismove-7.3-10-2.jpg 630w, https:\/\/www.camperonline.it\/magazine\/wp-content\/uploads\/2020\/09\/ismove-7.3-10-2-300x199.jpg 300w\" sizes=\"(max-width: 630px) 100vw, 630px\" \/><\/p>\n<p>Analizziamo ora i due differenti modelli presenti al momento in gamma. Il pi\u00f9 corto prende il nome di <strong>iSmove 6.9 E<\/strong>, \u00e8 lungo 699 cm e unisce la presenza dei ricercati letti gemelli posteriori, posizionati al di sopra di un gavone garage passante, a una zona giorno e servizi molto particolare.<\/p>\n<p><img loading=\"lazy\" class=\"aligncenter size-full wp-image-312382\" src=\"https:\/\/www.camperonline.it\/magazine\/wp-content\/uploads\/2020\/09\/ismove-6.9-13.jpg\" alt=\"\" width=\"630\" height=\"418\" srcset=\"https:\/\/www.camperonline.it\/magazine\/wp-content\/uploads\/2020\/09\/ismove-6.9-13.jpg 630w, https:\/\/www.camperonline.it\/magazine\/wp-content\/uploads\/2020\/09\/ismove-6.9-13-300x199.jpg 300w\" sizes=\"(max-width: 630px) 100vw, 630px\" \/><\/p>\n<p><img loading=\"lazy\" class=\"aligncenter size-full wp-image-312384\" src=\"https:\/\/www.camperonline.it\/magazine\/wp-content\/uploads\/2020\/09\/ismove-6.9-19.jpg\" alt=\"\" width=\"630\" height=\"418\" srcset=\"https:\/\/www.camperonline.it\/magazine\/wp-content\/uploads\/2020\/09\/ismove-6.9-19.jpg 630w, https:\/\/www.camperonline.it\/magazine\/wp-content\/uploads\/2020\/09\/ismove-6.9-19-300x199.jpg 300w\" sizes=\"(max-width: 630px) 100vw, 630px\" \/><\/p>\n<p>Se in apparenza, dando un\u2019occhiata veloce alla piantina, pu\u00f2 sembrare lo sviluppo di un classico layout, \u00e8 proprio salendo a bordo che si viene piacevolmente accolti da soluzioni inusuali, che sottintendono chiaramente la voglia del costruttore tedesco di innovarsi per offrire un prodotto realmente diverso dagli altri.<\/p>\n<p><img loading=\"lazy\" class=\"aligncenter size-full wp-image-312385\" src=\"https:\/\/www.camperonline.it\/magazine\/wp-content\/uploads\/2020\/09\/ismove-6.9-24.jpg\" alt=\"\" width=\"630\" height=\"418\" srcset=\"https:\/\/www.camperonline.it\/magazine\/wp-content\/uploads\/2020\/09\/ismove-6.9-24.jpg 630w, https:\/\/www.camperonline.it\/magazine\/wp-content\/uploads\/2020\/09\/ismove-6.9-24-300x199.jpg 300w\" sizes=\"(max-width: 630px) 100vw, 630px\" \/><\/p>\n<p>Partiamo dal soggiorno, dove una dinette in conformazione \u201cface to face\u201d, in apparenza canonica, si rivela uno studio molto approfondito. Richiedendo infatti i due ulteriori posti omologati per il viaggio (opzionali), il divano sinistro del living viene dotato di un particolare sistema di rotazione: da seduta laterale diventa una panchetta frontemarcia provvista di due cinture di sicurezza. Questo grazie anche all\u2019adozione di un tavolo con piano ampliabile installato su guide a pavimento scorrevoli, mentre la rotazione dei sedili della cabina di guida aumenta i posti previsti per i commensali. L\u2019ambiente anteriore si completa con una postazione dedicata a una televisione da 32\u201d e l\u2019atmosfera casalinga \u00e8 ancor pi\u00f9 accentuata da un particolare rivestimento soft-touch delle pareti a righe orizzontali.<\/p>\n<p><img loading=\"lazy\" class=\"aligncenter size-full wp-image-312388\" src=\"https:\/\/www.camperonline.it\/magazine\/wp-content\/uploads\/2020\/09\/ismove-7.3-09.jpg\" alt=\"\" width=\"630\" height=\"418\" srcset=\"https:\/\/www.camperonline.it\/magazine\/wp-content\/uploads\/2020\/09\/ismove-7.3-09.jpg 630w, https:\/\/www.camperonline.it\/magazine\/wp-content\/uploads\/2020\/09\/ismove-7.3-09-300x199.jpg 300w\" sizes=\"(max-width: 630px) 100vw, 630px\" \/><\/p>\n<p><img loading=\"lazy\" class=\"aligncenter size-full wp-image-312386\" src=\"https:\/\/www.camperonline.it\/magazine\/wp-content\/uploads\/2020\/09\/ismove-6.9-25.jpg\" alt=\"\" width=\"630\" height=\"418\" srcset=\"https:\/\/www.camperonline.it\/magazine\/wp-content\/uploads\/2020\/09\/ismove-6.9-25.jpg 630w, https:\/\/www.camperonline.it\/magazine\/wp-content\/uploads\/2020\/09\/ismove-6.9-25-300x199.jpg 300w\" sizes=\"(max-width: 630px) 100vw, 630px\" \/><\/p>\n<p><img loading=\"lazy\" class=\"aligncenter size-full wp-image-312387\" src=\"https:\/\/www.camperonline.it\/magazine\/wp-content\/uploads\/2020\/09\/ismove-6.9-26.jpg\" alt=\"\" width=\"630\" height=\"418\" srcset=\"https:\/\/www.camperonline.it\/magazine\/wp-content\/uploads\/2020\/09\/ismove-6.9-26.jpg 630w, https:\/\/www.camperonline.it\/magazine\/wp-content\/uploads\/2020\/09\/ismove-6.9-26-300x199.jpg 300w\" sizes=\"(max-width: 630px) 100vw, 630px\" \/><\/p>\n<p>A lato dell\u2019ingresso si sviluppa il blocco cucina dalla forma lineare, disponibile in due varianti di cui, quella denominata \u201cPremium\u201d, presente sui primi veicoli svelati, porta in dote molteplici soluzioni per cercare di donare un\u2019ottima fruibilit\u00e0 anche in dimensioni contenute. Sulla superficie, qui con piano rivestito in resina minerale, \u00e8 stato scavato il lavello dalla forma rettangolare ed \u00e8 stato inserito il gruppo cottura a due fochi di derivazione domestica; per ovviare all\u2019assenza di piani utili di lavoro, le coperture di entrambi questi elementi formano velocemente gli appoggi necessari: il tagliere copri-lavello si colloca in un apposito supporto estraibile lateralmente al mobile, mentre il coperchio in cristallo temperato dei fuochi scorre frontalmente fino ad appoggiarsi su un apposito inserto nella parete del bagno.<\/p>\n<p><img loading=\"lazy\" class=\"aligncenter size-full wp-image-312390\" src=\"https:\/\/www.camperonline.it\/magazine\/wp-content\/uploads\/2020\/09\/ismove-6.9-29.jpg\" alt=\"\" width=\"630\" height=\"418\" srcset=\"https:\/\/www.camperonline.it\/magazine\/wp-content\/uploads\/2020\/09\/ismove-6.9-29.jpg 630w, https:\/\/www.camperonline.it\/magazine\/wp-content\/uploads\/2020\/09\/ismove-6.9-29-300x199.jpg 300w\" sizes=\"(max-width: 630px) 100vw, 630px\" \/><\/p>\n<p><img loading=\"lazy\" class=\"aligncenter size-full wp-image-312391\" src=\"https:\/\/www.camperonline.it\/magazine\/wp-content\/uploads\/2020\/09\/ismove-6.9-31.jpg\" alt=\"\" width=\"630\" height=\"418\" srcset=\"https:\/\/www.camperonline.it\/magazine\/wp-content\/uploads\/2020\/09\/ismove-6.9-31.jpg 630w, https:\/\/www.camperonline.it\/magazine\/wp-content\/uploads\/2020\/09\/ismove-6.9-31-300x199.jpg 300w\" sizes=\"(max-width: 630px) 100vw, 630px\" \/><\/p>\n<p>Si segnala poi l\u2019adozione, sempre nella variante \u201cCucina Premium\u201d, di un particolare frigorifero a compressore a cassetto da 138 litri, mentre lo stivaggio \u00e8 affidato a un pensile superiore, due cassettoni inferiori dotati di chiusura centralizzata e una dispensa ad altezza variabile collocata sul confine con la camera da letto. Questa \u00e8 dotata di meccanismo sali-scendi elettrico, il cui movimento non solo consente di accedere al contenuto stivato al suo interno, ma crea una sorta di divisorio verticale che, assieme a una porta scorrevole, isola completamente la zona giorno da quella notte.<\/p>\n<p><img loading=\"lazy\" class=\"aligncenter size-full wp-image-312392\" src=\"https:\/\/www.camperonline.it\/magazine\/wp-content\/uploads\/2020\/09\/ismove-6.9-32.jpg\" alt=\"\" width=\"630\" height=\"418\" srcset=\"https:\/\/www.camperonline.it\/magazine\/wp-content\/uploads\/2020\/09\/ismove-6.9-32.jpg 630w, https:\/\/www.camperonline.it\/magazine\/wp-content\/uploads\/2020\/09\/ismove-6.9-32-300x199.jpg 300w\" sizes=\"(max-width: 630px) 100vw, 630px\" \/><\/p>\n<p><img loading=\"lazy\" class=\"aligncenter size-full wp-image-312393\" src=\"https:\/\/www.camperonline.it\/magazine\/wp-content\/uploads\/2020\/09\/ismove-6.9-33.jpg\" alt=\"\" width=\"630\" height=\"418\" srcset=\"https:\/\/www.camperonline.it\/magazine\/wp-content\/uploads\/2020\/09\/ismove-6.9-33.jpg 630w, https:\/\/www.camperonline.it\/magazine\/wp-content\/uploads\/2020\/09\/ismove-6.9-33-300x199.jpg 300w\" sizes=\"(max-width: 630px) 100vw, 630px\" \/><\/p>\n<p><img loading=\"lazy\" class=\"aligncenter size-full wp-image-312394\" src=\"https:\/\/www.camperonline.it\/magazine\/wp-content\/uploads\/2020\/09\/ismove-6.9-35.jpg\" alt=\"\" width=\"630\" height=\"418\" srcset=\"https:\/\/www.camperonline.it\/magazine\/wp-content\/uploads\/2020\/09\/ismove-6.9-35.jpg 630w, https:\/\/www.camperonline.it\/magazine\/wp-content\/uploads\/2020\/09\/ismove-6.9-35-300x199.jpg 300w\" sizes=\"(max-width: 630px) 100vw, 630px\" \/><\/p>\n<p>Alle spalle del soggiorno, invece, spazio al locale bagno a volume variabile, sviluppato in un ambiente unico. In conformazione normale vede la presenza di un lavabo ad angolo nella porzione di destra e del wc Thetford dotato di cassetta esterna estraibile, assieme ai mobiletti destinati allo stivaggio, in quella sinistra. All\u2019occorrenza, per\u00f2, la parete alla quale \u00e8 ancorato il lavandino scorre completamente verso il lato opposto, creando cos\u00ec un vero e proprio box doccia separato.<\/p>\n<p><img loading=\"lazy\" class=\"aligncenter size-full wp-image-312395\" src=\"https:\/\/www.camperonline.it\/magazine\/wp-content\/uploads\/2020\/09\/ismove-7.3-15.jpg\" alt=\"\" width=\"630\" height=\"418\" srcset=\"https:\/\/www.camperonline.it\/magazine\/wp-content\/uploads\/2020\/09\/ismove-7.3-15.jpg 630w, https:\/\/www.camperonline.it\/magazine\/wp-content\/uploads\/2020\/09\/ismove-7.3-15-300x199.jpg 300w\" sizes=\"(max-width: 630px) 100vw, 630px\" \/><\/p>\n<p><img loading=\"lazy\" class=\"aligncenter size-full wp-image-312396\" src=\"https:\/\/www.camperonline.it\/magazine\/wp-content\/uploads\/2020\/09\/ismove-7.3-16.jpg\" alt=\"\" width=\"630\" height=\"418\" srcset=\"https:\/\/www.camperonline.it\/magazine\/wp-content\/uploads\/2020\/09\/ismove-7.3-16.jpg 630w, https:\/\/www.camperonline.it\/magazine\/wp-content\/uploads\/2020\/09\/ismove-7.3-16-300x199.jpg 300w\" sizes=\"(max-width: 630px) 100vw, 630px\" \/><\/p>\n<p>In coda ecco i due letti gemelli dalla lunghezza piuttosto generosa (206 cm quello sinistro e 197 cm quello destro), provvisti di riscaldamento perimetrale e testiera ordinabile in differenti colorazioni. E\u2019 in questa zona che si concentrano le principali possibilit\u00e0 di stivaggio interno, affidate a numerosi pensili a soffitto e ai due armadi guardaroba posizionati, come di consueto, al di sotto dei letti, accessibili sia lateralmente sia superiormente.<\/p>\n<p><img loading=\"lazy\" class=\"aligncenter size-full wp-image-312398\" src=\"https:\/\/www.camperonline.it\/magazine\/wp-content\/uploads\/2020\/09\/ismove-6.9-36.jpg\" alt=\"\" width=\"630\" height=\"418\" srcset=\"https:\/\/www.camperonline.it\/magazine\/wp-content\/uploads\/2020\/09\/ismove-6.9-36.jpg 630w, https:\/\/www.camperonline.it\/magazine\/wp-content\/uploads\/2020\/09\/ismove-6.9-36-300x199.jpg 300w\" sizes=\"(max-width: 630px) 100vw, 630px\" \/><\/p>\n<p><img loading=\"lazy\" class=\"aligncenter size-full wp-image-312400\" src=\"https:\/\/www.camperonline.it\/magazine\/wp-content\/uploads\/2020\/09\/ismove-6.9-37.jpg\" alt=\"\" width=\"630\" height=\"418\" srcset=\"https:\/\/www.camperonline.it\/magazine\/wp-content\/uploads\/2020\/09\/ismove-6.9-37.jpg 630w, https:\/\/www.camperonline.it\/magazine\/wp-content\/uploads\/2020\/09\/ismove-6.9-37-300x199.jpg 300w\" sizes=\"(max-width: 630px) 100vw, 630px\" \/><\/p>\n<p><img loading=\"lazy\" class=\"aligncenter size-full wp-image-312399\" src=\"https:\/\/www.camperonline.it\/magazine\/wp-content\/uploads\/2020\/09\/ismove-6.9-39.jpg\" alt=\"\" width=\"630\" height=\"418\" srcset=\"https:\/\/www.camperonline.it\/magazine\/wp-content\/uploads\/2020\/09\/ismove-6.9-39.jpg 630w, https:\/\/www.camperonline.it\/magazine\/wp-content\/uploads\/2020\/09\/ismove-6.9-39-300x199.jpg 300w\" sizes=\"(max-width: 630px) 100vw, 630px\" \/><\/p>\n<p>Infine, due ulteriori posti per la notte sono garantiti dal piccolo basculante anteriore, i cui design e conformazione ne consentono la quasi totale scomparsa nel cielo superiore mentre, in opzione, \u00e8 possibile sostituirlo con pensili e mensole a giorno.<\/p>\n<p><img loading=\"lazy\" class=\"aligncenter size-full wp-image-312401\" src=\"https:\/\/www.camperonline.it\/magazine\/wp-content\/uploads\/2020\/09\/ismove-6.9-26-2.jpg\" alt=\"\" width=\"630\" height=\"418\" srcset=\"https:\/\/www.camperonline.it\/magazine\/wp-content\/uploads\/2020\/09\/ismove-6.9-26-2.jpg 630w, https:\/\/www.camperonline.it\/magazine\/wp-content\/uploads\/2020\/09\/ismove-6.9-26-2-300x199.jpg 300w\" sizes=\"(max-width: 630px) 100vw, 630px\" \/><\/p>\n<p><img loading=\"lazy\" class=\"aligncenter size-full wp-image-312408\" src=\"https:\/\/www.camperonline.it\/magazine\/wp-content\/uploads\/2020\/09\/ismove-6.9-43.jpg\" alt=\"\" width=\"630\" height=\"418\" srcset=\"https:\/\/www.camperonline.it\/magazine\/wp-content\/uploads\/2020\/09\/ismove-6.9-43.jpg 630w, https:\/\/www.camperonline.it\/magazine\/wp-content\/uploads\/2020\/09\/ismove-6.9-43-300x199.jpg 300w\" sizes=\"(max-width: 630px) 100vw, 630px\" \/><\/p>\n<p>Pi\u00f9 lungo, 729 cm per l\u2019esattezza, l\u2019<strong>iSmove 7.3 F <\/strong>condivide le medesime zone giorno e servizi del fratello minore, differenziandosi per la tipologia di camera da letto adottata.<\/p>\n<p><img loading=\"lazy\" class=\"aligncenter size-full wp-image-312402\" src=\"https:\/\/www.camperonline.it\/magazine\/wp-content\/uploads\/2020\/09\/ismove-7.3-01.jpg\" alt=\"\" width=\"630\" height=\"418\" srcset=\"https:\/\/www.camperonline.it\/magazine\/wp-content\/uploads\/2020\/09\/ismove-7.3-01.jpg 630w, https:\/\/www.camperonline.it\/magazine\/wp-content\/uploads\/2020\/09\/ismove-7.3-01-300x199.jpg 300w\" sizes=\"(max-width: 630px) 100vw, 630px\" \/><\/p>\n<p><img loading=\"lazy\" class=\"aligncenter size-full wp-image-312403\" src=\"https:\/\/www.camperonline.it\/magazine\/wp-content\/uploads\/2020\/09\/ismove-7.3-03.jpg\" alt=\"\" width=\"630\" height=\"418\" srcset=\"https:\/\/www.camperonline.it\/magazine\/wp-content\/uploads\/2020\/09\/ismove-7.3-03.jpg 630w, https:\/\/www.camperonline.it\/magazine\/wp-content\/uploads\/2020\/09\/ismove-7.3-03-300x199.jpg 300w\" sizes=\"(max-width: 630px) 100vw, 630px\" \/><\/p>\n<p>Ecco dunque una rivisitazione personale della camera padronale con matrimoniale centrale nautico, qui leggermente decentrato, ma facilmente accessibile da ambo i lati, sempre posizionato su gavone garage. Studiati nel minimo dettaglio gli spazi di stivaggio in quest\u2019area, dove spiccano un armadio nell\u2019angolo sinistro con anta a specchio, pensili a soffitto, una serie di cassettoni ricavati al di sotto del piano del letto, vani laterali lungo la fiancata destra che fungono da comodini e ulteriori spazi ricavati all\u2019interno di tutti gli scalini che ne facilitano la salita.<\/p>\n<p><img loading=\"lazy\" class=\"aligncenter size-full wp-image-312404\" src=\"https:\/\/www.camperonline.it\/magazine\/wp-content\/uploads\/2020\/09\/ismove-7.3-07.jpg\" alt=\"\" width=\"630\" height=\"418\" srcset=\"https:\/\/www.camperonline.it\/magazine\/wp-content\/uploads\/2020\/09\/ismove-7.3-07.jpg 630w, https:\/\/www.camperonline.it\/magazine\/wp-content\/uploads\/2020\/09\/ismove-7.3-07-300x199.jpg 300w\" sizes=\"(max-width: 630px) 100vw, 630px\" \/><\/p>\n<p><img loading=\"lazy\" class=\"aligncenter size-full wp-image-312405\" src=\"https:\/\/www.camperonline.it\/magazine\/wp-content\/uploads\/2020\/09\/ismove-7.3-18.jpg\" alt=\"\" width=\"630\" height=\"418\" srcset=\"https:\/\/www.camperonline.it\/magazine\/wp-content\/uploads\/2020\/09\/ismove-7.3-18.jpg 630w, https:\/\/www.camperonline.it\/magazine\/wp-content\/uploads\/2020\/09\/ismove-7.3-18-300x199.jpg 300w\" sizes=\"(max-width: 630px) 100vw, 630px\" \/><\/p>\n<p><img loading=\"lazy\" class=\"aligncenter size-full wp-image-312407\" src=\"https:\/\/www.camperonline.it\/magazine\/wp-content\/uploads\/2020\/09\/ismove-7.3-19.jpg\" alt=\"\" width=\"630\" height=\"418\" srcset=\"https:\/\/www.camperonline.it\/magazine\/wp-content\/uploads\/2020\/09\/ismove-7.3-19.jpg 630w, https:\/\/www.camperonline.it\/magazine\/wp-content\/uploads\/2020\/09\/ismove-7.3-19-300x199.jpg 300w\" sizes=\"(max-width: 630px) 100vw, 630px\" \/><\/p>\n<p><img loading=\"lazy\" class=\"aligncenter size-full wp-image-312406\" src=\"https:\/\/www.camperonline.it\/magazine\/wp-content\/uploads\/2020\/09\/ismove-7.3-21.jpg\" alt=\"\" width=\"630\" height=\"418\" srcset=\"https:\/\/www.camperonline.it\/magazine\/wp-content\/uploads\/2020\/09\/ismove-7.3-21.jpg 630w, https:\/\/www.camperonline.it\/magazine\/wp-content\/uploads\/2020\/09\/ismove-7.3-21-300x199.jpg 300w\" sizes=\"(max-width: 630px) 100vw, 630px\" \/><\/p>\n<h3>Fotogallery<\/h3>\n<!-- default-view.php -->\n<div\n\tclass=\"ngg-galleryoverview default-view  ngg-ajax-pagination-none\"\n\tid=\"ngg-gallery-0556f511463aaaaa1d045280e6dbdfa6-1\">\n\n\t\t<!-- Thumbnails -->\n\t\t\t\t<div id=\"ngg-image-0\" class=\"ngg-gallery-thumbnail-box ngg-5-columns\" >\n\t\t\t\t        <div class=\"ngg-gallery-thumbnail\">\n            <a href=\"https:\/\/www.camperonline.it\/magazine\/wp-content\/gallery\/anteprime-2021-niesmann\/ismove-6.9-45.jpg\"\n               title=\"\"\n               data-src=\"https:\/\/www.camperonline.it\/magazine\/wp-content\/gallery\/anteprime-2021-niesmann\/ismove-6.9-45.jpg\"\n               data-thumbnail=\"https:\/\/www.camperonline.it\/magazine\/wp-content\/gallery\/anteprime-2021-niesmann\/thumbs\/thumbs_ismove-6.9-45.jpg\"\n               data-image-id=\"118197\"\n               data-title=\"ismove-6.9-45\"\n               data-description=\"\"\n               data-image-slug=\"ismove-6-9-45\"\n               class=\"ngg-fancybox\" rel=\"0556f511463aaaaa1d045280e6dbdfa6\">\n                <img\n                    title=\"ismove-6.9-45\"\n                    alt=\"ismove-6.9-45\"\n                    src=\"https:\/\/www.camperonline.it\/magazine\/wp-content\/gallery\/anteprime-2021-niesmann\/thumbs\/thumbs_ismove-6.9-45.jpg\"\n                    width=\"240\"\n                    height=\"160\"\n                    style=\"max-width:100%;\"\n                \/>\n            <\/a>\n        <\/div>\n\t\t\t\t\t\t\t<\/div> \n\t\t\t\n\t\t\t\t<div id=\"ngg-image-1\" class=\"ngg-gallery-thumbnail-box ngg-5-columns\" >\n\t\t\t\t        <div class=\"ngg-gallery-thumbnail\">\n            <a href=\"https:\/\/www.camperonline.it\/magazine\/wp-content\/gallery\/anteprime-2021-niesmann\/ismove-7.3-09.jpg\"\n               title=\"\"\n               data-src=\"https:\/\/www.camperonline.it\/magazine\/wp-content\/gallery\/anteprime-2021-niesmann\/ismove-7.3-09.jpg\"\n               data-thumbnail=\"https:\/\/www.camperonline.it\/magazine\/wp-content\/gallery\/anteprime-2021-niesmann\/thumbs\/thumbs_ismove-7.3-09.jpg\"\n               data-image-id=\"118206\"\n               data-title=\"ismove-7.3-09\"\n               data-description=\"\"\n               data-image-slug=\"ismove-7-3-09\"\n               class=\"ngg-fancybox\" rel=\"0556f511463aaaaa1d045280e6dbdfa6\">\n                <img\n                    title=\"ismove-7.3-09\"\n                    alt=\"ismove-7.3-09\"\n                    src=\"https:\/\/www.camperonline.it\/magazine\/wp-content\/gallery\/anteprime-2021-niesmann\/thumbs\/thumbs_ismove-7.3-09.jpg\"\n                    width=\"240\"\n                    height=\"160\"\n                    style=\"max-width:100%;\"\n                \/>\n            <\/a>\n        <\/div>\n\t\t\t\t\t\t\t<\/div> \n\t\t\t\n\t\t\t\t<div id=\"ngg-image-2\" class=\"ngg-gallery-thumbnail-box ngg-5-columns\" >\n\t\t\t\t        <div class=\"ngg-gallery-thumbnail\">\n            <a href=\"https:\/\/www.camperonline.it\/magazine\/wp-content\/gallery\/anteprime-2021-niesmann\/ismove-7.3-08.jpg\"\n               title=\"\"\n               data-src=\"https:\/\/www.camperonline.it\/magazine\/wp-content\/gallery\/anteprime-2021-niesmann\/ismove-7.3-08.jpg\"\n               data-thumbnail=\"https:\/\/www.camperonline.it\/magazine\/wp-content\/gallery\/anteprime-2021-niesmann\/thumbs\/thumbs_ismove-7.3-08.jpg\"\n               data-image-id=\"118205\"\n               data-title=\"ismove-7.3-08\"\n               data-description=\"\"\n               data-image-slug=\"ismove-7-3-08\"\n               class=\"ngg-fancybox\" rel=\"0556f511463aaaaa1d045280e6dbdfa6\">\n                <img\n                    title=\"ismove-7.3-08\"\n                    alt=\"ismove-7.3-08\"\n                    src=\"https:\/\/www.camperonline.it\/magazine\/wp-content\/gallery\/anteprime-2021-niesmann\/thumbs\/thumbs_ismove-7.3-08.jpg\"\n                    width=\"240\"\n                    height=\"160\"\n                    style=\"max-width:100%;\"\n                \/>\n            <\/a>\n        <\/div>\n\t\t\t\t\t\t\t<\/div> \n\t\t\t\n\t\t\t\t<div id=\"ngg-image-3\" class=\"ngg-gallery-thumbnail-box ngg-5-columns\" >\n\t\t\t\t        <div class=\"ngg-gallery-thumbnail\">\n            <a href=\"https:\/\/www.camperonline.it\/magazine\/wp-content\/gallery\/anteprime-2021-niesmann\/ismove-7.3-07.jpg\"\n               title=\"\"\n               data-src=\"https:\/\/www.camperonline.it\/magazine\/wp-content\/gallery\/anteprime-2021-niesmann\/ismove-7.3-07.jpg\"\n               data-thumbnail=\"https:\/\/www.camperonline.it\/magazine\/wp-content\/gallery\/anteprime-2021-niesmann\/thumbs\/thumbs_ismove-7.3-07.jpg\"\n               data-image-id=\"118204\"\n               data-title=\"ismove-7.3-07\"\n               data-description=\"\"\n               data-image-slug=\"ismove-7-3-07\"\n               class=\"ngg-fancybox\" rel=\"0556f511463aaaaa1d045280e6dbdfa6\">\n                <img\n                    title=\"ismove-7.3-07\"\n                    alt=\"ismove-7.3-07\"\n                    src=\"https:\/\/www.camperonline.it\/magazine\/wp-content\/gallery\/anteprime-2021-niesmann\/thumbs\/thumbs_ismove-7.3-07.jpg\"\n                    width=\"240\"\n                    height=\"160\"\n                    style=\"max-width:100%;\"\n                \/>\n            <\/a>\n        <\/div>\n\t\t\t\t\t\t\t<\/div> \n\t\t\t\n\t\t\t\t<div id=\"ngg-image-4\" class=\"ngg-gallery-thumbnail-box ngg-5-columns\" >\n\t\t\t\t        <div class=\"ngg-gallery-thumbnail\">\n            <a href=\"https:\/\/www.camperonline.it\/magazine\/wp-content\/gallery\/anteprime-2021-niesmann\/ismove-7.3-05.jpg\"\n               title=\"\"\n               data-src=\"https:\/\/www.camperonline.it\/magazine\/wp-content\/gallery\/anteprime-2021-niesmann\/ismove-7.3-05.jpg\"\n               data-thumbnail=\"https:\/\/www.camperonline.it\/magazine\/wp-content\/gallery\/anteprime-2021-niesmann\/thumbs\/thumbs_ismove-7.3-05.jpg\"\n               data-image-id=\"118203\"\n               data-title=\"ismove-7.3-05\"\n               data-description=\"\"\n               data-image-slug=\"ismove-7-3-05\"\n               class=\"ngg-fancybox\" rel=\"0556f511463aaaaa1d045280e6dbdfa6\">\n                <img\n                    title=\"ismove-7.3-05\"\n                    alt=\"ismove-7.3-05\"\n                    src=\"https:\/\/www.camperonline.it\/magazine\/wp-content\/gallery\/anteprime-2021-niesmann\/thumbs\/thumbs_ismove-7.3-05.jpg\"\n                    width=\"240\"\n                    height=\"160\"\n                    style=\"max-width:100%;\"\n                \/>\n            <\/a>\n        <\/div>\n\t\t\t\t\t\t\t<\/div> \n\t\t\t\n\t\t\t\t<div id=\"ngg-image-5\" class=\"ngg-gallery-thumbnail-box ngg-5-columns\" >\n\t\t\t\t        <div class=\"ngg-gallery-thumbnail\">\n            <a href=\"https:\/\/www.camperonline.it\/magazine\/wp-content\/gallery\/anteprime-2021-niesmann\/ismove-7.3-04.jpg\"\n               title=\"\"\n               data-src=\"https:\/\/www.camperonline.it\/magazine\/wp-content\/gallery\/anteprime-2021-niesmann\/ismove-7.3-04.jpg\"\n               data-thumbnail=\"https:\/\/www.camperonline.it\/magazine\/wp-content\/gallery\/anteprime-2021-niesmann\/thumbs\/thumbs_ismove-7.3-04.jpg\"\n               data-image-id=\"118202\"\n               data-title=\"ismove-7.3-04\"\n               data-description=\"\"\n               data-image-slug=\"ismove-7-3-04\"\n               class=\"ngg-fancybox\" rel=\"0556f511463aaaaa1d045280e6dbdfa6\">\n                <img\n                    title=\"ismove-7.3-04\"\n                    alt=\"ismove-7.3-04\"\n                    src=\"https:\/\/www.camperonline.it\/magazine\/wp-content\/gallery\/anteprime-2021-niesmann\/thumbs\/thumbs_ismove-7.3-04.jpg\"\n                    width=\"240\"\n                    height=\"160\"\n                    style=\"max-width:100%;\"\n                \/>\n            <\/a>\n        <\/div>\n\t\t\t\t\t\t\t<\/div> \n\t\t\t\n\t\t\t\t<div id=\"ngg-image-6\" class=\"ngg-gallery-thumbnail-box ngg-5-columns\" >\n\t\t\t\t        <div class=\"ngg-gallery-thumbnail\">\n            <a href=\"https:\/\/www.camperonline.it\/magazine\/wp-content\/gallery\/anteprime-2021-niesmann\/ismove-7.3-03.jpg\"\n               title=\"\"\n               data-src=\"https:\/\/www.camperonline.it\/magazine\/wp-content\/gallery\/anteprime-2021-niesmann\/ismove-7.3-03.jpg\"\n               data-thumbnail=\"https:\/\/www.camperonline.it\/magazine\/wp-content\/gallery\/anteprime-2021-niesmann\/thumbs\/thumbs_ismove-7.3-03.jpg\"\n               data-image-id=\"118201\"\n               data-title=\"ismove-7.3-03\"\n               data-description=\"\"\n               data-image-slug=\"ismove-7-3-03\"\n               class=\"ngg-fancybox\" rel=\"0556f511463aaaaa1d045280e6dbdfa6\">\n                <img\n                    title=\"ismove-7.3-03\"\n                    alt=\"ismove-7.3-03\"\n                    src=\"https:\/\/www.camperonline.it\/magazine\/wp-content\/gallery\/anteprime-2021-niesmann\/thumbs\/thumbs_ismove-7.3-03.jpg\"\n                    width=\"240\"\n                    height=\"160\"\n                    style=\"max-width:100%;\"\n                \/>\n            <\/a>\n        <\/div>\n\t\t\t\t\t\t\t<\/div> \n\t\t\t\n\t\t\t\t<div id=\"ngg-image-7\" class=\"ngg-gallery-thumbnail-box ngg-5-columns\" >\n\t\t\t\t        <div class=\"ngg-gallery-thumbnail\">\n            <a href=\"https:\/\/www.camperonline.it\/magazine\/wp-content\/gallery\/anteprime-2021-niesmann\/ismove-7.3-02.jpg\"\n               title=\"\"\n               data-src=\"https:\/\/www.camperonline.it\/magazine\/wp-content\/gallery\/anteprime-2021-niesmann\/ismove-7.3-02.jpg\"\n               data-thumbnail=\"https:\/\/www.camperonline.it\/magazine\/wp-content\/gallery\/anteprime-2021-niesmann\/thumbs\/thumbs_ismove-7.3-02.jpg\"\n               data-image-id=\"118200\"\n               data-title=\"ismove-7.3-02\"\n               data-description=\"\"\n               data-image-slug=\"ismove-7-3-02\"\n               class=\"ngg-fancybox\" rel=\"0556f511463aaaaa1d045280e6dbdfa6\">\n                <img\n                    title=\"ismove-7.3-02\"\n                    alt=\"ismove-7.3-02\"\n                    src=\"https:\/\/www.camperonline.it\/magazine\/wp-content\/gallery\/anteprime-2021-niesmann\/thumbs\/thumbs_ismove-7.3-02.jpg\"\n                    width=\"240\"\n                    height=\"160\"\n                    style=\"max-width:100%;\"\n                \/>\n            <\/a>\n        <\/div>\n\t\t\t\t\t\t\t<\/div> \n\t\t\t\n\t\t\t\t<div id=\"ngg-image-8\" class=\"ngg-gallery-thumbnail-box ngg-5-columns\" >\n\t\t\t\t        <div class=\"ngg-gallery-thumbnail\">\n            <a href=\"https:\/\/www.camperonline.it\/magazine\/wp-content\/gallery\/anteprime-2021-niesmann\/ismove-7.3-01.jpg\"\n               title=\"\"\n               data-src=\"https:\/\/www.camperonline.it\/magazine\/wp-content\/gallery\/anteprime-2021-niesmann\/ismove-7.3-01.jpg\"\n               data-thumbnail=\"https:\/\/www.camperonline.it\/magazine\/wp-content\/gallery\/anteprime-2021-niesmann\/thumbs\/thumbs_ismove-7.3-01.jpg\"\n               data-image-id=\"118199\"\n               data-title=\"ismove-7.3-01\"\n               data-description=\"\"\n               data-image-slug=\"ismove-7-3-01\"\n               class=\"ngg-fancybox\" rel=\"0556f511463aaaaa1d045280e6dbdfa6\">\n                <img\n                    title=\"ismove-7.3-01\"\n                    alt=\"ismove-7.3-01\"\n                    src=\"https:\/\/www.camperonline.it\/magazine\/wp-content\/gallery\/anteprime-2021-niesmann\/thumbs\/thumbs_ismove-7.3-01.jpg\"\n                    width=\"240\"\n                    height=\"160\"\n                    style=\"max-width:100%;\"\n                \/>\n            <\/a>\n        <\/div>\n\t\t\t\t\t\t\t<\/div> \n\t\t\t\n\t\t\t\t<div id=\"ngg-image-9\" class=\"ngg-gallery-thumbnail-box ngg-5-columns\" >\n\t\t\t\t        <div class=\"ngg-gallery-thumbnail\">\n            <a href=\"https:\/\/www.camperonline.it\/magazine\/wp-content\/gallery\/anteprime-2021-niesmann\/ismove-6.9-46.jpg\"\n               title=\"\"\n               data-src=\"https:\/\/www.camperonline.it\/magazine\/wp-content\/gallery\/anteprime-2021-niesmann\/ismove-6.9-46.jpg\"\n               data-thumbnail=\"https:\/\/www.camperonline.it\/magazine\/wp-content\/gallery\/anteprime-2021-niesmann\/thumbs\/thumbs_ismove-6.9-46.jpg\"\n               data-image-id=\"118198\"\n               data-title=\"ismove-6.9-46\"\n               data-description=\"\"\n               data-image-slug=\"ismove-6-9-46\"\n               class=\"ngg-fancybox\" rel=\"0556f511463aaaaa1d045280e6dbdfa6\">\n                <img\n                    title=\"ismove-6.9-46\"\n                    alt=\"ismove-6.9-46\"\n                    src=\"https:\/\/www.camperonline.it\/magazine\/wp-content\/gallery\/anteprime-2021-niesmann\/thumbs\/thumbs_ismove-6.9-46.jpg\"\n                    width=\"240\"\n                    height=\"160\"\n                    style=\"max-width:100%;\"\n                \/>\n            <\/a>\n        <\/div>\n\t\t\t\t\t\t\t<\/div> \n\t\t\t\n\t\t\t\t<div id=\"ngg-image-10\" class=\"ngg-gallery-thumbnail-box ngg-5-columns\" >\n\t\t\t\t        <div class=\"ngg-gallery-thumbnail\">\n            <a href=\"https:\/\/www.camperonline.it\/magazine\/wp-content\/gallery\/anteprime-2021-niesmann\/ismove-7.3-09-2.jpg\"\n               title=\"\"\n               data-src=\"https:\/\/www.camperonline.it\/magazine\/wp-content\/gallery\/anteprime-2021-niesmann\/ismove-7.3-09-2.jpg\"\n               data-thumbnail=\"https:\/\/www.camperonline.it\/magazine\/wp-content\/gallery\/anteprime-2021-niesmann\/thumbs\/thumbs_ismove-7.3-09-2.jpg\"\n               data-image-id=\"118207\"\n               data-title=\"ismove-7.3-09-2\"\n               data-description=\"\"\n               data-image-slug=\"ismove-7-3-09-2\"\n               class=\"ngg-fancybox\" rel=\"0556f511463aaaaa1d045280e6dbdfa6\">\n                <img\n                    title=\"ismove-7.3-09-2\"\n                    alt=\"ismove-7.3-09-2\"\n                    src=\"https:\/\/www.camperonline.it\/magazine\/wp-content\/gallery\/anteprime-2021-niesmann\/thumbs\/thumbs_ismove-7.3-09-2.jpg\"\n                    width=\"240\"\n                    height=\"160\"\n                    style=\"max-width:100%;\"\n                \/>\n            <\/a>\n        <\/div>\n\t\t\t\t\t\t\t<\/div> \n\t\t\t\n\t\t\t\t<div id=\"ngg-image-11\" class=\"ngg-gallery-thumbnail-box ngg-5-columns\" >\n\t\t\t\t        <div class=\"ngg-gallery-thumbnail\">\n            <a href=\"https:\/\/www.camperonline.it\/magazine\/wp-content\/gallery\/anteprime-2021-niesmann\/ismove-6.9-44.jpg\"\n               title=\"\"\n               data-src=\"https:\/\/www.camperonline.it\/magazine\/wp-content\/gallery\/anteprime-2021-niesmann\/ismove-6.9-44.jpg\"\n               data-thumbnail=\"https:\/\/www.camperonline.it\/magazine\/wp-content\/gallery\/anteprime-2021-niesmann\/thumbs\/thumbs_ismove-6.9-44.jpg\"\n               data-image-id=\"118196\"\n               data-title=\"ismove-6.9-44\"\n               data-description=\"\"\n               data-image-slug=\"ismove-6-9-44\"\n               class=\"ngg-fancybox\" rel=\"0556f511463aaaaa1d045280e6dbdfa6\">\n                <img\n                    title=\"ismove-6.9-44\"\n                    alt=\"ismove-6.9-44\"\n                    src=\"https:\/\/www.camperonline.it\/magazine\/wp-content\/gallery\/anteprime-2021-niesmann\/thumbs\/thumbs_ismove-6.9-44.jpg\"\n                    width=\"240\"\n                    height=\"160\"\n                    style=\"max-width:100%;\"\n                \/>\n            <\/a>\n        <\/div>\n\t\t\t\t\t\t\t<\/div> \n\t\t\t\n\t\t\t\t<div id=\"ngg-image-12\" class=\"ngg-gallery-thumbnail-box ngg-5-columns\" >\n\t\t\t\t        <div class=\"ngg-gallery-thumbnail\">\n            <a href=\"https:\/\/www.camperonline.it\/magazine\/wp-content\/gallery\/anteprime-2021-niesmann\/ismove-6.9-43.jpg\"\n               title=\"\"\n               data-src=\"https:\/\/www.camperonline.it\/magazine\/wp-content\/gallery\/anteprime-2021-niesmann\/ismove-6.9-43.jpg\"\n               data-thumbnail=\"https:\/\/www.camperonline.it\/magazine\/wp-content\/gallery\/anteprime-2021-niesmann\/thumbs\/thumbs_ismove-6.9-43.jpg\"\n               data-image-id=\"118195\"\n               data-title=\"ismove-6.9-43\"\n               data-description=\"\"\n               data-image-slug=\"ismove-6-9-43\"\n               class=\"ngg-fancybox\" rel=\"0556f511463aaaaa1d045280e6dbdfa6\">\n                <img\n                    title=\"ismove-6.9-43\"\n                    alt=\"ismove-6.9-43\"\n                    src=\"https:\/\/www.camperonline.it\/magazine\/wp-content\/gallery\/anteprime-2021-niesmann\/thumbs\/thumbs_ismove-6.9-43.jpg\"\n                    width=\"240\"\n                    height=\"160\"\n                    style=\"max-width:100%;\"\n                \/>\n            <\/a>\n        <\/div>\n\t\t\t\t\t\t\t<\/div> \n\t\t\t\n\t\t\t\t<div id=\"ngg-image-13\" class=\"ngg-gallery-thumbnail-box ngg-5-columns\" >\n\t\t\t\t        <div class=\"ngg-gallery-thumbnail\">\n            <a href=\"https:\/\/www.camperonline.it\/magazine\/wp-content\/gallery\/anteprime-2021-niesmann\/ismove-6.9-42.jpg\"\n               title=\"\"\n               data-src=\"https:\/\/www.camperonline.it\/magazine\/wp-content\/gallery\/anteprime-2021-niesmann\/ismove-6.9-42.jpg\"\n               data-thumbnail=\"https:\/\/www.camperonline.it\/magazine\/wp-content\/gallery\/anteprime-2021-niesmann\/thumbs\/thumbs_ismove-6.9-42.jpg\"\n               data-image-id=\"118194\"\n               data-title=\"ismove-6.9-42\"\n               data-description=\"\"\n               data-image-slug=\"ismove-6-9-42\"\n               class=\"ngg-fancybox\" rel=\"0556f511463aaaaa1d045280e6dbdfa6\">\n                <img\n                    title=\"ismove-6.9-42\"\n                    alt=\"ismove-6.9-42\"\n                    src=\"https:\/\/www.camperonline.it\/magazine\/wp-content\/gallery\/anteprime-2021-niesmann\/thumbs\/thumbs_ismove-6.9-42.jpg\"\n                    width=\"240\"\n                    height=\"160\"\n                    style=\"max-width:100%;\"\n                \/>\n            <\/a>\n        <\/div>\n\t\t\t\t\t\t\t<\/div> \n\t\t\t\n\t\t\t\t<div id=\"ngg-image-14\" class=\"ngg-gallery-thumbnail-box ngg-5-columns\" >\n\t\t\t\t        <div class=\"ngg-gallery-thumbnail\">\n            <a href=\"https:\/\/www.camperonline.it\/magazine\/wp-content\/gallery\/anteprime-2021-niesmann\/ismove-6.9-41.jpg\"\n               title=\"\"\n               data-src=\"https:\/\/www.camperonline.it\/magazine\/wp-content\/gallery\/anteprime-2021-niesmann\/ismove-6.9-41.jpg\"\n               data-thumbnail=\"https:\/\/www.camperonline.it\/magazine\/wp-content\/gallery\/anteprime-2021-niesmann\/thumbs\/thumbs_ismove-6.9-41.jpg\"\n               data-image-id=\"118193\"\n               data-title=\"ismove-6.9-41\"\n               data-description=\"\"\n               data-image-slug=\"ismove-6-9-41\"\n               class=\"ngg-fancybox\" rel=\"0556f511463aaaaa1d045280e6dbdfa6\">\n                <img\n                    title=\"ismove-6.9-41\"\n                    alt=\"ismove-6.9-41\"\n                    src=\"https:\/\/www.camperonline.it\/magazine\/wp-content\/gallery\/anteprime-2021-niesmann\/thumbs\/thumbs_ismove-6.9-41.jpg\"\n                    width=\"240\"\n                    height=\"160\"\n                    style=\"max-width:100%;\"\n                \/>\n            <\/a>\n        <\/div>\n\t\t\t\t\t\t\t<\/div> \n\t\t\t\n\t\t\t\t<div id=\"ngg-image-15\" class=\"ngg-gallery-thumbnail-box ngg-5-columns\" >\n\t\t\t\t        <div class=\"ngg-gallery-thumbnail\">\n            <a href=\"https:\/\/www.camperonline.it\/magazine\/wp-content\/gallery\/anteprime-2021-niesmann\/ismove-6.9-40.jpg\"\n               title=\"\"\n               data-src=\"https:\/\/www.camperonline.it\/magazine\/wp-content\/gallery\/anteprime-2021-niesmann\/ismove-6.9-40.jpg\"\n               data-thumbnail=\"https:\/\/www.camperonline.it\/magazine\/wp-content\/gallery\/anteprime-2021-niesmann\/thumbs\/thumbs_ismove-6.9-40.jpg\"\n               data-image-id=\"118192\"\n               data-title=\"ismove-6.9-40\"\n               data-description=\"\"\n               data-image-slug=\"ismove-6-9-40\"\n               class=\"ngg-fancybox\" rel=\"0556f511463aaaaa1d045280e6dbdfa6\">\n                <img\n                    title=\"ismove-6.9-40\"\n                    alt=\"ismove-6.9-40\"\n                    src=\"https:\/\/www.camperonline.it\/magazine\/wp-content\/gallery\/anteprime-2021-niesmann\/thumbs\/thumbs_ismove-6.9-40.jpg\"\n                    width=\"240\"\n                    height=\"160\"\n                    style=\"max-width:100%;\"\n                \/>\n            <\/a>\n        <\/div>\n\t\t\t\t\t\t\t<\/div> \n\t\t\t\n\t\t\t\t<div id=\"ngg-image-16\" class=\"ngg-gallery-thumbnail-box ngg-5-columns\" >\n\t\t\t\t        <div class=\"ngg-gallery-thumbnail\">\n            <a href=\"https:\/\/www.camperonline.it\/magazine\/wp-content\/gallery\/anteprime-2021-niesmann\/ismove-6.9-39.jpg\"\n               title=\"\"\n               data-src=\"https:\/\/www.camperonline.it\/magazine\/wp-content\/gallery\/anteprime-2021-niesmann\/ismove-6.9-39.jpg\"\n               data-thumbnail=\"https:\/\/www.camperonline.it\/magazine\/wp-content\/gallery\/anteprime-2021-niesmann\/thumbs\/thumbs_ismove-6.9-39.jpg\"\n               data-image-id=\"118191\"\n               data-title=\"ismove-6.9-39\"\n               data-description=\"\"\n               data-image-slug=\"ismove-6-9-39\"\n               class=\"ngg-fancybox\" rel=\"0556f511463aaaaa1d045280e6dbdfa6\">\n                <img\n                    title=\"ismove-6.9-39\"\n                    alt=\"ismove-6.9-39\"\n                    src=\"https:\/\/www.camperonline.it\/magazine\/wp-content\/gallery\/anteprime-2021-niesmann\/thumbs\/thumbs_ismove-6.9-39.jpg\"\n                    width=\"240\"\n                    height=\"160\"\n                    style=\"max-width:100%;\"\n                \/>\n            <\/a>\n        <\/div>\n\t\t\t\t\t\t\t<\/div> \n\t\t\t\n\t\t\t\t<div id=\"ngg-image-17\" class=\"ngg-gallery-thumbnail-box ngg-5-columns\" >\n\t\t\t\t        <div class=\"ngg-gallery-thumbnail\">\n            <a href=\"https:\/\/www.camperonline.it\/magazine\/wp-content\/gallery\/anteprime-2021-niesmann\/ismove-6.9-38.jpg\"\n               title=\"\"\n               data-src=\"https:\/\/www.camperonline.it\/magazine\/wp-content\/gallery\/anteprime-2021-niesmann\/ismove-6.9-38.jpg\"\n               data-thumbnail=\"https:\/\/www.camperonline.it\/magazine\/wp-content\/gallery\/anteprime-2021-niesmann\/thumbs\/thumbs_ismove-6.9-38.jpg\"\n               data-image-id=\"118190\"\n               data-title=\"ismove-6.9-38\"\n               data-description=\"\"\n               data-image-slug=\"ismove-6-9-38\"\n               class=\"ngg-fancybox\" rel=\"0556f511463aaaaa1d045280e6dbdfa6\">\n                <img\n                    title=\"ismove-6.9-38\"\n                    alt=\"ismove-6.9-38\"\n                    src=\"https:\/\/www.camperonline.it\/magazine\/wp-content\/gallery\/anteprime-2021-niesmann\/thumbs\/thumbs_ismove-6.9-38.jpg\"\n                    width=\"240\"\n                    height=\"160\"\n                    style=\"max-width:100%;\"\n                \/>\n            <\/a>\n        <\/div>\n\t\t\t\t\t\t\t<\/div> \n\t\t\t\n\t\t\t\t<div id=\"ngg-image-18\" class=\"ngg-gallery-thumbnail-box ngg-5-columns\" >\n\t\t\t\t        <div class=\"ngg-gallery-thumbnail\">\n            <a href=\"https:\/\/www.camperonline.it\/magazine\/wp-content\/gallery\/anteprime-2021-niesmann\/ismove-6.9-37.jpg\"\n               title=\"\"\n               data-src=\"https:\/\/www.camperonline.it\/magazine\/wp-content\/gallery\/anteprime-2021-niesmann\/ismove-6.9-37.jpg\"\n               data-thumbnail=\"https:\/\/www.camperonline.it\/magazine\/wp-content\/gallery\/anteprime-2021-niesmann\/thumbs\/thumbs_ismove-6.9-37.jpg\"\n               data-image-id=\"118189\"\n               data-title=\"ismove-6.9-37\"\n               data-description=\"\"\n               data-image-slug=\"ismove-6-9-37\"\n               class=\"ngg-fancybox\" rel=\"0556f511463aaaaa1d045280e6dbdfa6\">\n                <img\n                    title=\"ismove-6.9-37\"\n                    alt=\"ismove-6.9-37\"\n                    src=\"https:\/\/www.camperonline.it\/magazine\/wp-content\/gallery\/anteprime-2021-niesmann\/thumbs\/thumbs_ismove-6.9-37.jpg\"\n                    width=\"240\"\n                    height=\"160\"\n                    style=\"max-width:100%;\"\n                \/>\n            <\/a>\n        <\/div>\n\t\t\t\t\t\t\t<\/div> \n\t\t\t\n\t\t\t\t<div id=\"ngg-image-19\" class=\"ngg-gallery-thumbnail-box ngg-5-columns\" >\n\t\t\t\t        <div class=\"ngg-gallery-thumbnail\">\n            <a href=\"https:\/\/www.camperonline.it\/magazine\/wp-content\/gallery\/anteprime-2021-niesmann\/ismove-7.3-15.jpg\"\n               title=\"\"\n               data-src=\"https:\/\/www.camperonline.it\/magazine\/wp-content\/gallery\/anteprime-2021-niesmann\/ismove-7.3-15.jpg\"\n               data-thumbnail=\"https:\/\/www.camperonline.it\/magazine\/wp-content\/gallery\/anteprime-2021-niesmann\/thumbs\/thumbs_ismove-7.3-15.jpg\"\n               data-image-id=\"118216\"\n               data-title=\"ismove-7.3-15\"\n               data-description=\"\"\n               data-image-slug=\"ismove-7-3-15\"\n               class=\"ngg-fancybox\" rel=\"0556f511463aaaaa1d045280e6dbdfa6\">\n                <img\n                    title=\"ismove-7.3-15\"\n                    alt=\"ismove-7.3-15\"\n                    src=\"https:\/\/www.camperonline.it\/magazine\/wp-content\/gallery\/anteprime-2021-niesmann\/thumbs\/thumbs_ismove-7.3-15.jpg\"\n                    width=\"240\"\n                    height=\"160\"\n                    style=\"max-width:100%;\"\n                \/>\n            <\/a>\n        <\/div>\n\t\t\t\t\t\t\t<\/div> \n\t\t\t\n\t\t\t\t<div id=\"ngg-image-20\" class=\"ngg-gallery-thumbnail-box ngg-5-columns\" >\n\t\t\t\t        <div class=\"ngg-gallery-thumbnail\">\n            <a href=\"https:\/\/www.camperonline.it\/magazine\/wp-content\/gallery\/anteprime-2021-niesmann\/ismove-7.3-24.jpg\"\n               title=\"\"\n               data-src=\"https:\/\/www.camperonline.it\/magazine\/wp-content\/gallery\/anteprime-2021-niesmann\/ismove-7.3-24.jpg\"\n               data-thumbnail=\"https:\/\/www.camperonline.it\/magazine\/wp-content\/gallery\/anteprime-2021-niesmann\/thumbs\/thumbs_ismove-7.3-24.jpg\"\n               data-image-id=\"118225\"\n               data-title=\"ismove-7.3-24\"\n               data-description=\"\"\n               data-image-slug=\"ismove-7-3-24\"\n               class=\"ngg-fancybox\" rel=\"0556f511463aaaaa1d045280e6dbdfa6\">\n                <img\n                    title=\"ismove-7.3-24\"\n                    alt=\"ismove-7.3-24\"\n                    src=\"https:\/\/www.camperonline.it\/magazine\/wp-content\/gallery\/anteprime-2021-niesmann\/thumbs\/thumbs_ismove-7.3-24.jpg\"\n                    width=\"240\"\n                    height=\"160\"\n                    style=\"max-width:100%;\"\n                \/>\n            <\/a>\n        <\/div>\n\t\t\t\t\t\t\t<\/div> \n\t\t\t\n\t\t\t\t<div id=\"ngg-image-21\" class=\"ngg-gallery-thumbnail-box ngg-5-columns\" >\n\t\t\t\t        <div class=\"ngg-gallery-thumbnail\">\n            <a href=\"https:\/\/www.camperonline.it\/magazine\/wp-content\/gallery\/anteprime-2021-niesmann\/ismove-7.3-23.jpg\"\n               title=\"\"\n               data-src=\"https:\/\/www.camperonline.it\/magazine\/wp-content\/gallery\/anteprime-2021-niesmann\/ismove-7.3-23.jpg\"\n               data-thumbnail=\"https:\/\/www.camperonline.it\/magazine\/wp-content\/gallery\/anteprime-2021-niesmann\/thumbs\/thumbs_ismove-7.3-23.jpg\"\n               data-image-id=\"118224\"\n               data-title=\"ismove-7.3-23\"\n               data-description=\"\"\n               data-image-slug=\"ismove-7-3-23\"\n               class=\"ngg-fancybox\" rel=\"0556f511463aaaaa1d045280e6dbdfa6\">\n                <img\n                    title=\"ismove-7.3-23\"\n                    alt=\"ismove-7.3-23\"\n                    src=\"https:\/\/www.camperonline.it\/magazine\/wp-content\/gallery\/anteprime-2021-niesmann\/thumbs\/thumbs_ismove-7.3-23.jpg\"\n                    width=\"240\"\n                    height=\"160\"\n                    style=\"max-width:100%;\"\n                \/>\n            <\/a>\n        <\/div>\n\t\t\t\t\t\t\t<\/div> \n\t\t\t\n\t\t\t\t<div id=\"ngg-image-22\" class=\"ngg-gallery-thumbnail-box ngg-5-columns\" >\n\t\t\t\t        <div class=\"ngg-gallery-thumbnail\">\n            <a href=\"https:\/\/www.camperonline.it\/magazine\/wp-content\/gallery\/anteprime-2021-niesmann\/ismove-7.3-22.jpg\"\n               title=\"\"\n               data-src=\"https:\/\/www.camperonline.it\/magazine\/wp-content\/gallery\/anteprime-2021-niesmann\/ismove-7.3-22.jpg\"\n               data-thumbnail=\"https:\/\/www.camperonline.it\/magazine\/wp-content\/gallery\/anteprime-2021-niesmann\/thumbs\/thumbs_ismove-7.3-22.jpg\"\n               data-image-id=\"118223\"\n               data-title=\"ismove-7.3-22\"\n               data-description=\"\"\n               data-image-slug=\"ismove-7-3-22\"\n               class=\"ngg-fancybox\" rel=\"0556f511463aaaaa1d045280e6dbdfa6\">\n                <img\n                    title=\"ismove-7.3-22\"\n                    alt=\"ismove-7.3-22\"\n                    src=\"https:\/\/www.camperonline.it\/magazine\/wp-content\/gallery\/anteprime-2021-niesmann\/thumbs\/thumbs_ismove-7.3-22.jpg\"\n                    width=\"240\"\n                    height=\"160\"\n                    style=\"max-width:100%;\"\n                \/>\n            <\/a>\n        <\/div>\n\t\t\t\t\t\t\t<\/div> \n\t\t\t\n\t\t\t\t<div id=\"ngg-image-23\" class=\"ngg-gallery-thumbnail-box ngg-5-columns\" >\n\t\t\t\t        <div class=\"ngg-gallery-thumbnail\">\n            <a href=\"https:\/\/www.camperonline.it\/magazine\/wp-content\/gallery\/anteprime-2021-niesmann\/ismove-7.3-21.jpg\"\n               title=\"\"\n               data-src=\"https:\/\/www.camperonline.it\/magazine\/wp-content\/gallery\/anteprime-2021-niesmann\/ismove-7.3-21.jpg\"\n               data-thumbnail=\"https:\/\/www.camperonline.it\/magazine\/wp-content\/gallery\/anteprime-2021-niesmann\/thumbs\/thumbs_ismove-7.3-21.jpg\"\n               data-image-id=\"118222\"\n               data-title=\"ismove-7.3-21\"\n               data-description=\"\"\n               data-image-slug=\"ismove-7-3-21\"\n               class=\"ngg-fancybox\" rel=\"0556f511463aaaaa1d045280e6dbdfa6\">\n                <img\n                    title=\"ismove-7.3-21\"\n                    alt=\"ismove-7.3-21\"\n                    src=\"https:\/\/www.camperonline.it\/magazine\/wp-content\/gallery\/anteprime-2021-niesmann\/thumbs\/thumbs_ismove-7.3-21.jpg\"\n                    width=\"240\"\n                    height=\"160\"\n                    style=\"max-width:100%;\"\n                \/>\n            <\/a>\n        <\/div>\n\t\t\t\t\t\t\t<\/div> \n\t\t\t\n\t\t\t\t<div id=\"ngg-image-24\" class=\"ngg-gallery-thumbnail-box ngg-5-columns\" >\n\t\t\t\t        <div class=\"ngg-gallery-thumbnail\">\n            <a href=\"https:\/\/www.camperonline.it\/magazine\/wp-content\/gallery\/anteprime-2021-niesmann\/ismove-7.3-20.jpg\"\n               title=\"\"\n               data-src=\"https:\/\/www.camperonline.it\/magazine\/wp-content\/gallery\/anteprime-2021-niesmann\/ismove-7.3-20.jpg\"\n               data-thumbnail=\"https:\/\/www.camperonline.it\/magazine\/wp-content\/gallery\/anteprime-2021-niesmann\/thumbs\/thumbs_ismove-7.3-20.jpg\"\n               data-image-id=\"118221\"\n               data-title=\"ismove-7.3-20\"\n               data-description=\"\"\n               data-image-slug=\"ismove-7-3-20\"\n               class=\"ngg-fancybox\" rel=\"0556f511463aaaaa1d045280e6dbdfa6\">\n                <img\n                    title=\"ismove-7.3-20\"\n                    alt=\"ismove-7.3-20\"\n                    src=\"https:\/\/www.camperonline.it\/magazine\/wp-content\/gallery\/anteprime-2021-niesmann\/thumbs\/thumbs_ismove-7.3-20.jpg\"\n                    width=\"240\"\n                    height=\"160\"\n                    style=\"max-width:100%;\"\n                \/>\n            <\/a>\n        <\/div>\n\t\t\t\t\t\t\t<\/div> \n\t\t\t\n\t\t\t\t<div id=\"ngg-image-25\" class=\"ngg-gallery-thumbnail-box ngg-5-columns\" >\n\t\t\t\t        <div class=\"ngg-gallery-thumbnail\">\n            <a href=\"https:\/\/www.camperonline.it\/magazine\/wp-content\/gallery\/anteprime-2021-niesmann\/ismove-7.3-19.jpg\"\n               title=\"\"\n               data-src=\"https:\/\/www.camperonline.it\/magazine\/wp-content\/gallery\/anteprime-2021-niesmann\/ismove-7.3-19.jpg\"\n               data-thumbnail=\"https:\/\/www.camperonline.it\/magazine\/wp-content\/gallery\/anteprime-2021-niesmann\/thumbs\/thumbs_ismove-7.3-19.jpg\"\n               data-image-id=\"118220\"\n               data-title=\"ismove-7.3-19\"\n               data-description=\"\"\n               data-image-slug=\"ismove-7-3-19\"\n               class=\"ngg-fancybox\" rel=\"0556f511463aaaaa1d045280e6dbdfa6\">\n                <img\n                    title=\"ismove-7.3-19\"\n                    alt=\"ismove-7.3-19\"\n                    src=\"https:\/\/www.camperonline.it\/magazine\/wp-content\/gallery\/anteprime-2021-niesmann\/thumbs\/thumbs_ismove-7.3-19.jpg\"\n                    width=\"240\"\n                    height=\"160\"\n                    style=\"max-width:100%;\"\n                \/>\n            <\/a>\n        <\/div>\n\t\t\t\t\t\t\t<\/div> \n\t\t\t\n\t\t\t\t<div id=\"ngg-image-26\" class=\"ngg-gallery-thumbnail-box ngg-5-columns\" >\n\t\t\t\t        <div class=\"ngg-gallery-thumbnail\">\n            <a href=\"https:\/\/www.camperonline.it\/magazine\/wp-content\/gallery\/anteprime-2021-niesmann\/ismove-7.3-18.jpg\"\n               title=\"\"\n               data-src=\"https:\/\/www.camperonline.it\/magazine\/wp-content\/gallery\/anteprime-2021-niesmann\/ismove-7.3-18.jpg\"\n               data-thumbnail=\"https:\/\/www.camperonline.it\/magazine\/wp-content\/gallery\/anteprime-2021-niesmann\/thumbs\/thumbs_ismove-7.3-18.jpg\"\n               data-image-id=\"118219\"\n               data-title=\"ismove-7.3-18\"\n               data-description=\"\"\n               data-image-slug=\"ismove-7-3-18\"\n               class=\"ngg-fancybox\" rel=\"0556f511463aaaaa1d045280e6dbdfa6\">\n                <img\n                    title=\"ismove-7.3-18\"\n                    alt=\"ismove-7.3-18\"\n                    src=\"https:\/\/www.camperonline.it\/magazine\/wp-content\/gallery\/anteprime-2021-niesmann\/thumbs\/thumbs_ismove-7.3-18.jpg\"\n                    width=\"240\"\n                    height=\"160\"\n                    style=\"max-width:100%;\"\n                \/>\n            <\/a>\n        <\/div>\n\t\t\t\t\t\t\t<\/div> \n\t\t\t\n\t\t\t\t<div id=\"ngg-image-27\" class=\"ngg-gallery-thumbnail-box ngg-5-columns\" >\n\t\t\t\t        <div class=\"ngg-gallery-thumbnail\">\n            <a href=\"https:\/\/www.camperonline.it\/magazine\/wp-content\/gallery\/anteprime-2021-niesmann\/ismove-7.3-17.jpg\"\n               title=\"\"\n               data-src=\"https:\/\/www.camperonline.it\/magazine\/wp-content\/gallery\/anteprime-2021-niesmann\/ismove-7.3-17.jpg\"\n               data-thumbnail=\"https:\/\/www.camperonline.it\/magazine\/wp-content\/gallery\/anteprime-2021-niesmann\/thumbs\/thumbs_ismove-7.3-17.jpg\"\n               data-image-id=\"118218\"\n               data-title=\"ismove-7.3-17\"\n               data-description=\"\"\n               data-image-slug=\"ismove-7-3-17\"\n               class=\"ngg-fancybox\" rel=\"0556f511463aaaaa1d045280e6dbdfa6\">\n                <img\n                    title=\"ismove-7.3-17\"\n                    alt=\"ismove-7.3-17\"\n                    src=\"https:\/\/www.camperonline.it\/magazine\/wp-content\/gallery\/anteprime-2021-niesmann\/thumbs\/thumbs_ismove-7.3-17.jpg\"\n                    width=\"240\"\n                    height=\"160\"\n                    style=\"max-width:100%;\"\n                \/>\n            <\/a>\n        <\/div>\n\t\t\t\t\t\t\t<\/div> \n\t\t\t\n\t\t\t\t<div id=\"ngg-image-28\" class=\"ngg-gallery-thumbnail-box ngg-5-columns\" >\n\t\t\t\t        <div class=\"ngg-gallery-thumbnail\">\n            <a href=\"https:\/\/www.camperonline.it\/magazine\/wp-content\/gallery\/anteprime-2021-niesmann\/ismove-7.3-16.jpg\"\n               title=\"\"\n               data-src=\"https:\/\/www.camperonline.it\/magazine\/wp-content\/gallery\/anteprime-2021-niesmann\/ismove-7.3-16.jpg\"\n               data-thumbnail=\"https:\/\/www.camperonline.it\/magazine\/wp-content\/gallery\/anteprime-2021-niesmann\/thumbs\/thumbs_ismove-7.3-16.jpg\"\n               data-image-id=\"118217\"\n               data-title=\"ismove-7.3-16\"\n               data-description=\"\"\n               data-image-slug=\"ismove-7-3-16\"\n               class=\"ngg-fancybox\" rel=\"0556f511463aaaaa1d045280e6dbdfa6\">\n                <img\n                    title=\"ismove-7.3-16\"\n                    alt=\"ismove-7.3-16\"\n                    src=\"https:\/\/www.camperonline.it\/magazine\/wp-content\/gallery\/anteprime-2021-niesmann\/thumbs\/thumbs_ismove-7.3-16.jpg\"\n                    width=\"240\"\n                    height=\"160\"\n                    style=\"max-width:100%;\"\n                \/>\n            <\/a>\n        <\/div>\n\t\t\t\t\t\t\t<\/div> \n\t\t\t\n\t\t\t\t<div id=\"ngg-image-29\" class=\"ngg-gallery-thumbnail-box ngg-5-columns\" >\n\t\t\t\t        <div class=\"ngg-gallery-thumbnail\">\n            <a href=\"https:\/\/www.camperonline.it\/magazine\/wp-content\/gallery\/anteprime-2021-niesmann\/ismove-6.9-36.jpg\"\n               title=\"\"\n               data-src=\"https:\/\/www.camperonline.it\/magazine\/wp-content\/gallery\/anteprime-2021-niesmann\/ismove-6.9-36.jpg\"\n               data-thumbnail=\"https:\/\/www.camperonline.it\/magazine\/wp-content\/gallery\/anteprime-2021-niesmann\/thumbs\/thumbs_ismove-6.9-36.jpg\"\n               data-image-id=\"118188\"\n               data-title=\"ismove-6.9-36\"\n               data-description=\"\"\n               data-image-slug=\"ismove-6-9-36\"\n               class=\"ngg-fancybox\" rel=\"0556f511463aaaaa1d045280e6dbdfa6\">\n                <img\n                    title=\"ismove-6.9-36\"\n                    alt=\"ismove-6.9-36\"\n                    src=\"https:\/\/www.camperonline.it\/magazine\/wp-content\/gallery\/anteprime-2021-niesmann\/thumbs\/thumbs_ismove-6.9-36.jpg\"\n                    width=\"240\"\n                    height=\"160\"\n                    style=\"max-width:100%;\"\n                \/>\n            <\/a>\n        <\/div>\n\t\t\t\t\t\t\t<\/div> \n\t\t\t\n\t\t\t\t<div id=\"ngg-image-30\" class=\"ngg-gallery-thumbnail-box ngg-5-columns\" >\n\t\t\t\t        <div class=\"ngg-gallery-thumbnail\">\n            <a href=\"https:\/\/www.camperonline.it\/magazine\/wp-content\/gallery\/anteprime-2021-niesmann\/ismove-7.3-14-2.jpg\"\n               title=\"\"\n               data-src=\"https:\/\/www.camperonline.it\/magazine\/wp-content\/gallery\/anteprime-2021-niesmann\/ismove-7.3-14-2.jpg\"\n               data-thumbnail=\"https:\/\/www.camperonline.it\/magazine\/wp-content\/gallery\/anteprime-2021-niesmann\/thumbs\/thumbs_ismove-7.3-14-2.jpg\"\n               data-image-id=\"118215\"\n               data-title=\"ismove-7.3-14-2\"\n               data-description=\"\"\n               data-image-slug=\"ismove-7-3-14-2\"\n               class=\"ngg-fancybox\" rel=\"0556f511463aaaaa1d045280e6dbdfa6\">\n                <img\n                    title=\"ismove-7.3-14-2\"\n                    alt=\"ismove-7.3-14-2\"\n                    src=\"https:\/\/www.camperonline.it\/magazine\/wp-content\/gallery\/anteprime-2021-niesmann\/thumbs\/thumbs_ismove-7.3-14-2.jpg\"\n                    width=\"240\"\n                    height=\"160\"\n                    style=\"max-width:100%;\"\n                \/>\n            <\/a>\n        <\/div>\n\t\t\t\t\t\t\t<\/div> \n\t\t\t\n\t\t\t\t<div id=\"ngg-image-31\" class=\"ngg-gallery-thumbnail-box ngg-5-columns\" >\n\t\t\t\t        <div class=\"ngg-gallery-thumbnail\">\n            <a href=\"https:\/\/www.camperonline.it\/magazine\/wp-content\/gallery\/anteprime-2021-niesmann\/ismove-7.3-14.jpg\"\n               title=\"\"\n               data-src=\"https:\/\/www.camperonline.it\/magazine\/wp-content\/gallery\/anteprime-2021-niesmann\/ismove-7.3-14.jpg\"\n               data-thumbnail=\"https:\/\/www.camperonline.it\/magazine\/wp-content\/gallery\/anteprime-2021-niesmann\/thumbs\/thumbs_ismove-7.3-14.jpg\"\n               data-image-id=\"118214\"\n               data-title=\"ismove-7.3-14\"\n               data-description=\"\"\n               data-image-slug=\"ismove-7-3-14\"\n               class=\"ngg-fancybox\" rel=\"0556f511463aaaaa1d045280e6dbdfa6\">\n                <img\n                    title=\"ismove-7.3-14\"\n                    alt=\"ismove-7.3-14\"\n                    src=\"https:\/\/www.camperonline.it\/magazine\/wp-content\/gallery\/anteprime-2021-niesmann\/thumbs\/thumbs_ismove-7.3-14.jpg\"\n                    width=\"240\"\n                    height=\"160\"\n                    style=\"max-width:100%;\"\n                \/>\n            <\/a>\n        <\/div>\n\t\t\t\t\t\t\t<\/div> \n\t\t\t\n\t\t\t\t<div id=\"ngg-image-32\" class=\"ngg-gallery-thumbnail-box ngg-5-columns\" >\n\t\t\t\t        <div class=\"ngg-gallery-thumbnail\">\n            <a href=\"https:\/\/www.camperonline.it\/magazine\/wp-content\/gallery\/anteprime-2021-niesmann\/ismove-7.3-13.jpg\"\n               title=\"\"\n               data-src=\"https:\/\/www.camperonline.it\/magazine\/wp-content\/gallery\/anteprime-2021-niesmann\/ismove-7.3-13.jpg\"\n               data-thumbnail=\"https:\/\/www.camperonline.it\/magazine\/wp-content\/gallery\/anteprime-2021-niesmann\/thumbs\/thumbs_ismove-7.3-13.jpg\"\n               data-image-id=\"118213\"\n               data-title=\"ismove-7.3-13\"\n               data-description=\"\"\n               data-image-slug=\"ismove-7-3-13\"\n               class=\"ngg-fancybox\" rel=\"0556f511463aaaaa1d045280e6dbdfa6\">\n                <img\n                    title=\"ismove-7.3-13\"\n                    alt=\"ismove-7.3-13\"\n                    src=\"https:\/\/www.camperonline.it\/magazine\/wp-content\/gallery\/anteprime-2021-niesmann\/thumbs\/thumbs_ismove-7.3-13.jpg\"\n                    width=\"240\"\n                    height=\"160\"\n                    style=\"max-width:100%;\"\n                \/>\n            <\/a>\n        <\/div>\n\t\t\t\t\t\t\t<\/div> \n\t\t\t\n\t\t\t\t<div id=\"ngg-image-33\" class=\"ngg-gallery-thumbnail-box ngg-5-columns\" >\n\t\t\t\t        <div class=\"ngg-gallery-thumbnail\">\n            <a href=\"https:\/\/www.camperonline.it\/magazine\/wp-content\/gallery\/anteprime-2021-niesmann\/ismove-7.3-12.jpg\"\n               title=\"\"\n               data-src=\"https:\/\/www.camperonline.it\/magazine\/wp-content\/gallery\/anteprime-2021-niesmann\/ismove-7.3-12.jpg\"\n               data-thumbnail=\"https:\/\/www.camperonline.it\/magazine\/wp-content\/gallery\/anteprime-2021-niesmann\/thumbs\/thumbs_ismove-7.3-12.jpg\"\n               data-image-id=\"118212\"\n               data-title=\"ismove-7.3-12\"\n               data-description=\"\"\n               data-image-slug=\"ismove-7-3-12\"\n               class=\"ngg-fancybox\" rel=\"0556f511463aaaaa1d045280e6dbdfa6\">\n                <img\n                    title=\"ismove-7.3-12\"\n                    alt=\"ismove-7.3-12\"\n                    src=\"https:\/\/www.camperonline.it\/magazine\/wp-content\/gallery\/anteprime-2021-niesmann\/thumbs\/thumbs_ismove-7.3-12.jpg\"\n                    width=\"240\"\n                    height=\"160\"\n                    style=\"max-width:100%;\"\n                \/>\n            <\/a>\n        <\/div>\n\t\t\t\t\t\t\t<\/div> \n\t\t\t\n\t\t\t\t<div id=\"ngg-image-34\" class=\"ngg-gallery-thumbnail-box ngg-5-columns\" >\n\t\t\t\t        <div class=\"ngg-gallery-thumbnail\">\n            <a href=\"https:\/\/www.camperonline.it\/magazine\/wp-content\/gallery\/anteprime-2021-niesmann\/ismove-7.3-11.jpg\"\n               title=\"\"\n               data-src=\"https:\/\/www.camperonline.it\/magazine\/wp-content\/gallery\/anteprime-2021-niesmann\/ismove-7.3-11.jpg\"\n               data-thumbnail=\"https:\/\/www.camperonline.it\/magazine\/wp-content\/gallery\/anteprime-2021-niesmann\/thumbs\/thumbs_ismove-7.3-11.jpg\"\n               data-image-id=\"118211\"\n               data-title=\"ismove-7.3-11\"\n               data-description=\"\"\n               data-image-slug=\"ismove-7-3-11\"\n               class=\"ngg-fancybox\" rel=\"0556f511463aaaaa1d045280e6dbdfa6\">\n                <img\n                    title=\"ismove-7.3-11\"\n                    alt=\"ismove-7.3-11\"\n                    src=\"https:\/\/www.camperonline.it\/magazine\/wp-content\/gallery\/anteprime-2021-niesmann\/thumbs\/thumbs_ismove-7.3-11.jpg\"\n                    width=\"240\"\n                    height=\"160\"\n                    style=\"max-width:100%;\"\n                \/>\n            <\/a>\n        <\/div>\n\t\t\t\t\t\t\t<\/div> \n\t\t\t\n\t\t\t\t<div id=\"ngg-image-35\" class=\"ngg-gallery-thumbnail-box ngg-5-columns\" >\n\t\t\t\t        <div class=\"ngg-gallery-thumbnail\">\n            <a href=\"https:\/\/www.camperonline.it\/magazine\/wp-content\/gallery\/anteprime-2021-niesmann\/ismove-7.3-10-2.jpg\"\n               title=\"\"\n               data-src=\"https:\/\/www.camperonline.it\/magazine\/wp-content\/gallery\/anteprime-2021-niesmann\/ismove-7.3-10-2.jpg\"\n               data-thumbnail=\"https:\/\/www.camperonline.it\/magazine\/wp-content\/gallery\/anteprime-2021-niesmann\/thumbs\/thumbs_ismove-7.3-10-2.jpg\"\n               data-image-id=\"118210\"\n               data-title=\"ismove-7.3-10-2\"\n               data-description=\"\"\n               data-image-slug=\"ismove-7-3-10-2\"\n               class=\"ngg-fancybox\" rel=\"0556f511463aaaaa1d045280e6dbdfa6\">\n                <img\n                    title=\"ismove-7.3-10-2\"\n                    alt=\"ismove-7.3-10-2\"\n                    src=\"https:\/\/www.camperonline.it\/magazine\/wp-content\/gallery\/anteprime-2021-niesmann\/thumbs\/thumbs_ismove-7.3-10-2.jpg\"\n                    width=\"240\"\n                    height=\"160\"\n                    style=\"max-width:100%;\"\n                \/>\n            <\/a>\n        <\/div>\n\t\t\t\t\t\t\t<\/div> \n\t\t\t\n\t\t\t\t<div id=\"ngg-image-36\" class=\"ngg-gallery-thumbnail-box ngg-5-columns\" >\n\t\t\t\t        <div class=\"ngg-gallery-thumbnail\">\n            <a href=\"https:\/\/www.camperonline.it\/magazine\/wp-content\/gallery\/anteprime-2021-niesmann\/ismove-7.3-10-1.jpg\"\n               title=\"\"\n               data-src=\"https:\/\/www.camperonline.it\/magazine\/wp-content\/gallery\/anteprime-2021-niesmann\/ismove-7.3-10-1.jpg\"\n               data-thumbnail=\"https:\/\/www.camperonline.it\/magazine\/wp-content\/gallery\/anteprime-2021-niesmann\/thumbs\/thumbs_ismove-7.3-10-1.jpg\"\n               data-image-id=\"118209\"\n               data-title=\"ismove-7.3-10-1\"\n               data-description=\"\"\n               data-image-slug=\"ismove-7-3-10-1\"\n               class=\"ngg-fancybox\" rel=\"0556f511463aaaaa1d045280e6dbdfa6\">\n                <img\n                    title=\"ismove-7.3-10-1\"\n                    alt=\"ismove-7.3-10-1\"\n                    src=\"https:\/\/www.camperonline.it\/magazine\/wp-content\/gallery\/anteprime-2021-niesmann\/thumbs\/thumbs_ismove-7.3-10-1.jpg\"\n                    width=\"240\"\n                    height=\"160\"\n                    style=\"max-width:100%;\"\n                \/>\n            <\/a>\n        <\/div>\n\t\t\t\t\t\t\t<\/div> \n\t\t\t\n\t\t\t\t<div id=\"ngg-image-37\" class=\"ngg-gallery-thumbnail-box ngg-5-columns\" >\n\t\t\t\t        <div class=\"ngg-gallery-thumbnail\">\n            <a href=\"https:\/\/www.camperonline.it\/magazine\/wp-content\/gallery\/anteprime-2021-niesmann\/ismove-7.3-10.jpg\"\n               title=\"\"\n               data-src=\"https:\/\/www.camperonline.it\/magazine\/wp-content\/gallery\/anteprime-2021-niesmann\/ismove-7.3-10.jpg\"\n               data-thumbnail=\"https:\/\/www.camperonline.it\/magazine\/wp-content\/gallery\/anteprime-2021-niesmann\/thumbs\/thumbs_ismove-7.3-10.jpg\"\n               data-image-id=\"118208\"\n               data-title=\"ismove-7.3-10\"\n               data-description=\"\"\n               data-image-slug=\"ismove-7-3-10\"\n               class=\"ngg-fancybox\" rel=\"0556f511463aaaaa1d045280e6dbdfa6\">\n                <img\n                    title=\"ismove-7.3-10\"\n                    alt=\"ismove-7.3-10\"\n                    src=\"https:\/\/www.camperonline.it\/magazine\/wp-content\/gallery\/anteprime-2021-niesmann\/thumbs\/thumbs_ismove-7.3-10.jpg\"\n                    width=\"240\"\n                    height=\"160\"\n                    style=\"max-width:100%;\"\n                \/>\n            <\/a>\n        <\/div>\n\t\t\t\t\t\t\t<\/div> \n\t\t\t\n\t\t\t\t<div id=\"ngg-image-38\" class=\"ngg-gallery-thumbnail-box ngg-5-columns\" >\n\t\t\t\t        <div class=\"ngg-gallery-thumbnail\">\n            <a href=\"https:\/\/www.camperonline.it\/magazine\/wp-content\/gallery\/anteprime-2021-niesmann\/ismove-6.9-10.jpg\"\n               title=\"\"\n               data-src=\"https:\/\/www.camperonline.it\/magazine\/wp-content\/gallery\/anteprime-2021-niesmann\/ismove-6.9-10.jpg\"\n               data-thumbnail=\"https:\/\/www.camperonline.it\/magazine\/wp-content\/gallery\/anteprime-2021-niesmann\/thumbs\/thumbs_ismove-6.9-10.jpg\"\n               data-image-id=\"118159\"\n               data-title=\"ismove-6.9-10\"\n               data-description=\"\"\n               data-image-slug=\"ismove-6-9-10\"\n               class=\"ngg-fancybox\" rel=\"0556f511463aaaaa1d045280e6dbdfa6\">\n                <img\n                    title=\"ismove-6.9-10\"\n                    alt=\"ismove-6.9-10\"\n                    src=\"https:\/\/www.camperonline.it\/magazine\/wp-content\/gallery\/anteprime-2021-niesmann\/thumbs\/thumbs_ismove-6.9-10.jpg\"\n                    width=\"240\"\n                    height=\"160\"\n                    style=\"max-width:100%;\"\n                \/>\n            <\/a>\n        <\/div>\n\t\t\t\t\t\t\t<\/div> \n\t\t\t\n\t\t\t\t<div id=\"ngg-image-39\" class=\"ngg-gallery-thumbnail-box ngg-5-columns\" >\n\t\t\t\t        <div class=\"ngg-gallery-thumbnail\">\n            <a href=\"https:\/\/www.camperonline.it\/magazine\/wp-content\/gallery\/anteprime-2021-niesmann\/ismove-6.9-19.jpg\"\n               title=\"\"\n               data-src=\"https:\/\/www.camperonline.it\/magazine\/wp-content\/gallery\/anteprime-2021-niesmann\/ismove-6.9-19.jpg\"\n               data-thumbnail=\"https:\/\/www.camperonline.it\/magazine\/wp-content\/gallery\/anteprime-2021-niesmann\/thumbs\/thumbs_ismove-6.9-19.jpg\"\n               data-image-id=\"118169\"\n               data-title=\"ismove-6.9-19\"\n               data-description=\"\"\n               data-image-slug=\"ismove-6-9-19\"\n               class=\"ngg-fancybox\" rel=\"0556f511463aaaaa1d045280e6dbdfa6\">\n                <img\n                    title=\"ismove-6.9-19\"\n                    alt=\"ismove-6.9-19\"\n                    src=\"https:\/\/www.camperonline.it\/magazine\/wp-content\/gallery\/anteprime-2021-niesmann\/thumbs\/thumbs_ismove-6.9-19.jpg\"\n                    width=\"240\"\n                    height=\"160\"\n                    style=\"max-width:100%;\"\n                \/>\n            <\/a>\n        <\/div>\n\t\t\t\t\t\t\t<\/div> \n\t\t\t\n\t\t\t\t<div id=\"ngg-image-40\" class=\"ngg-gallery-thumbnail-box ngg-5-columns\" >\n\t\t\t\t        <div class=\"ngg-gallery-thumbnail\">\n            <a href=\"https:\/\/www.camperonline.it\/magazine\/wp-content\/gallery\/anteprime-2021-niesmann\/ismove-6.9-18.jpg\"\n               title=\"\"\n               data-src=\"https:\/\/www.camperonline.it\/magazine\/wp-content\/gallery\/anteprime-2021-niesmann\/ismove-6.9-18.jpg\"\n               data-thumbnail=\"https:\/\/www.camperonline.it\/magazine\/wp-content\/gallery\/anteprime-2021-niesmann\/thumbs\/thumbs_ismove-6.9-18.jpg\"\n               data-image-id=\"118168\"\n               data-title=\"ismove-6.9-18\"\n               data-description=\"\"\n               data-image-slug=\"ismove-6-9-18\"\n               class=\"ngg-fancybox\" rel=\"0556f511463aaaaa1d045280e6dbdfa6\">\n                <img\n                    title=\"ismove-6.9-18\"\n                    alt=\"ismove-6.9-18\"\n                    src=\"https:\/\/www.camperonline.it\/magazine\/wp-content\/gallery\/anteprime-2021-niesmann\/thumbs\/thumbs_ismove-6.9-18.jpg\"\n                    width=\"240\"\n                    height=\"160\"\n                    style=\"max-width:100%;\"\n                \/>\n            <\/a>\n        <\/div>\n\t\t\t\t\t\t\t<\/div> \n\t\t\t\n\t\t\t\t<div id=\"ngg-image-41\" class=\"ngg-gallery-thumbnail-box ngg-5-columns\" >\n\t\t\t\t        <div class=\"ngg-gallery-thumbnail\">\n            <a href=\"https:\/\/www.camperonline.it\/magazine\/wp-content\/gallery\/anteprime-2021-niesmann\/ismove-6.9-17.jpg\"\n               title=\"\"\n               data-src=\"https:\/\/www.camperonline.it\/magazine\/wp-content\/gallery\/anteprime-2021-niesmann\/ismove-6.9-17.jpg\"\n               data-thumbnail=\"https:\/\/www.camperonline.it\/magazine\/wp-content\/gallery\/anteprime-2021-niesmann\/thumbs\/thumbs_ismove-6.9-17.jpg\"\n               data-image-id=\"118167\"\n               data-title=\"ismove-6.9-17\"\n               data-description=\"\"\n               data-image-slug=\"ismove-6-9-17\"\n               class=\"ngg-fancybox\" rel=\"0556f511463aaaaa1d045280e6dbdfa6\">\n                <img\n                    title=\"ismove-6.9-17\"\n                    alt=\"ismove-6.9-17\"\n                    src=\"https:\/\/www.camperonline.it\/magazine\/wp-content\/gallery\/anteprime-2021-niesmann\/thumbs\/thumbs_ismove-6.9-17.jpg\"\n                    width=\"240\"\n                    height=\"160\"\n                    style=\"max-width:100%;\"\n                \/>\n            <\/a>\n        <\/div>\n\t\t\t\t\t\t\t<\/div> \n\t\t\t\n\t\t\t\t<div id=\"ngg-image-42\" class=\"ngg-gallery-thumbnail-box ngg-5-columns\" >\n\t\t\t\t        <div class=\"ngg-gallery-thumbnail\">\n            <a href=\"https:\/\/www.camperonline.it\/magazine\/wp-content\/gallery\/anteprime-2021-niesmann\/ismove-6.9-15.jpg\"\n               title=\"\"\n               data-src=\"https:\/\/www.camperonline.it\/magazine\/wp-content\/gallery\/anteprime-2021-niesmann\/ismove-6.9-15.jpg\"\n               data-thumbnail=\"https:\/\/www.camperonline.it\/magazine\/wp-content\/gallery\/anteprime-2021-niesmann\/thumbs\/thumbs_ismove-6.9-15.jpg\"\n               data-image-id=\"118165\"\n               data-title=\"ismove-6.9-15\"\n               data-description=\"\"\n               data-image-slug=\"ismove-6-9-15\"\n               class=\"ngg-fancybox\" rel=\"0556f511463aaaaa1d045280e6dbdfa6\">\n                <img\n                    title=\"ismove-6.9-15\"\n                    alt=\"ismove-6.9-15\"\n                    src=\"https:\/\/www.camperonline.it\/magazine\/wp-content\/gallery\/anteprime-2021-niesmann\/thumbs\/thumbs_ismove-6.9-15.jpg\"\n                    width=\"240\"\n                    height=\"160\"\n                    style=\"max-width:100%;\"\n                \/>\n            <\/a>\n        <\/div>\n\t\t\t\t\t\t\t<\/div> \n\t\t\t\n\t\t\t\t<div id=\"ngg-image-43\" class=\"ngg-gallery-thumbnail-box ngg-5-columns\" >\n\t\t\t\t        <div class=\"ngg-gallery-thumbnail\">\n            <a href=\"https:\/\/www.camperonline.it\/magazine\/wp-content\/gallery\/anteprime-2021-niesmann\/ismove-6.9-14.jpg\"\n               title=\"\"\n               data-src=\"https:\/\/www.camperonline.it\/magazine\/wp-content\/gallery\/anteprime-2021-niesmann\/ismove-6.9-14.jpg\"\n               data-thumbnail=\"https:\/\/www.camperonline.it\/magazine\/wp-content\/gallery\/anteprime-2021-niesmann\/thumbs\/thumbs_ismove-6.9-14.jpg\"\n               data-image-id=\"118164\"\n               data-title=\"ismove-6.9-14\"\n               data-description=\"\"\n               data-image-slug=\"ismove-6-9-14\"\n               class=\"ngg-fancybox\" rel=\"0556f511463aaaaa1d045280e6dbdfa6\">\n                <img\n                    title=\"ismove-6.9-14\"\n                    alt=\"ismove-6.9-14\"\n                    src=\"https:\/\/www.camperonline.it\/magazine\/wp-content\/gallery\/anteprime-2021-niesmann\/thumbs\/thumbs_ismove-6.9-14.jpg\"\n                    width=\"240\"\n                    height=\"160\"\n                    style=\"max-width:100%;\"\n                \/>\n            <\/a>\n        <\/div>\n\t\t\t\t\t\t\t<\/div> \n\t\t\t\n\t\t\t\t<div id=\"ngg-image-44\" class=\"ngg-gallery-thumbnail-box ngg-5-columns\" >\n\t\t\t\t        <div class=\"ngg-gallery-thumbnail\">\n            <a href=\"https:\/\/www.camperonline.it\/magazine\/wp-content\/gallery\/anteprime-2021-niesmann\/ismove-6.9-13.jpg\"\n               title=\"\"\n               data-src=\"https:\/\/www.camperonline.it\/magazine\/wp-content\/gallery\/anteprime-2021-niesmann\/ismove-6.9-13.jpg\"\n               data-thumbnail=\"https:\/\/www.camperonline.it\/magazine\/wp-content\/gallery\/anteprime-2021-niesmann\/thumbs\/thumbs_ismove-6.9-13.jpg\"\n               data-image-id=\"118163\"\n               data-title=\"ismove-6.9-13\"\n               data-description=\"\"\n               data-image-slug=\"ismove-6-9-13\"\n               class=\"ngg-fancybox\" rel=\"0556f511463aaaaa1d045280e6dbdfa6\">\n                <img\n                    title=\"ismove-6.9-13\"\n                    alt=\"ismove-6.9-13\"\n                    src=\"https:\/\/www.camperonline.it\/magazine\/wp-content\/gallery\/anteprime-2021-niesmann\/thumbs\/thumbs_ismove-6.9-13.jpg\"\n                    width=\"240\"\n                    height=\"160\"\n                    style=\"max-width:100%;\"\n                \/>\n            <\/a>\n        <\/div>\n\t\t\t\t\t\t\t<\/div> \n\t\t\t\n\t\t\t\t<div id=\"ngg-image-45\" class=\"ngg-gallery-thumbnail-box ngg-5-columns\" >\n\t\t\t\t        <div class=\"ngg-gallery-thumbnail\">\n            <a href=\"https:\/\/www.camperonline.it\/magazine\/wp-content\/gallery\/anteprime-2021-niesmann\/ismove-6.9-12.jpg\"\n               title=\"\"\n               data-src=\"https:\/\/www.camperonline.it\/magazine\/wp-content\/gallery\/anteprime-2021-niesmann\/ismove-6.9-12.jpg\"\n               data-thumbnail=\"https:\/\/www.camperonline.it\/magazine\/wp-content\/gallery\/anteprime-2021-niesmann\/thumbs\/thumbs_ismove-6.9-12.jpg\"\n               data-image-id=\"118162\"\n               data-title=\"ismove-6.9-12\"\n               data-description=\"\"\n               data-image-slug=\"ismove-6-9-12\"\n               class=\"ngg-fancybox\" rel=\"0556f511463aaaaa1d045280e6dbdfa6\">\n                <img\n                    title=\"ismove-6.9-12\"\n                    alt=\"ismove-6.9-12\"\n                    src=\"https:\/\/www.camperonline.it\/magazine\/wp-content\/gallery\/anteprime-2021-niesmann\/thumbs\/thumbs_ismove-6.9-12.jpg\"\n                    width=\"240\"\n                    height=\"160\"\n                    style=\"max-width:100%;\"\n                \/>\n            <\/a>\n        <\/div>\n\t\t\t\t\t\t\t<\/div> \n\t\t\t\n\t\t\t\t<div id=\"ngg-image-46\" class=\"ngg-gallery-thumbnail-box ngg-5-columns\" >\n\t\t\t\t        <div class=\"ngg-gallery-thumbnail\">\n            <a href=\"https:\/\/www.camperonline.it\/magazine\/wp-content\/gallery\/anteprime-2021-niesmann\/ismove-6.9-11.jpg\"\n               title=\"\"\n               data-src=\"https:\/\/www.camperonline.it\/magazine\/wp-content\/gallery\/anteprime-2021-niesmann\/ismove-6.9-11.jpg\"\n               data-thumbnail=\"https:\/\/www.camperonline.it\/magazine\/wp-content\/gallery\/anteprime-2021-niesmann\/thumbs\/thumbs_ismove-6.9-11.jpg\"\n               data-image-id=\"118161\"\n               data-title=\"ismove-6.9-11\"\n               data-description=\"\"\n               data-image-slug=\"ismove-6-9-11\"\n               class=\"ngg-fancybox\" rel=\"0556f511463aaaaa1d045280e6dbdfa6\">\n                <img\n                    title=\"ismove-6.9-11\"\n                    alt=\"ismove-6.9-11\"\n                    src=\"https:\/\/www.camperonline.it\/magazine\/wp-content\/gallery\/anteprime-2021-niesmann\/thumbs\/thumbs_ismove-6.9-11.jpg\"\n                    width=\"240\"\n                    height=\"160\"\n                    style=\"max-width:100%;\"\n                \/>\n            <\/a>\n        <\/div>\n\t\t\t\t\t\t\t<\/div> \n\t\t\t\n\t\t\t\t<div id=\"ngg-image-47\" class=\"ngg-gallery-thumbnail-box ngg-5-columns\" >\n\t\t\t\t        <div class=\"ngg-gallery-thumbnail\">\n            <a href=\"https:\/\/www.camperonline.it\/magazine\/wp-content\/gallery\/anteprime-2021-niesmann\/ismove-6.9-10-2.jpg\"\n               title=\"\"\n               data-src=\"https:\/\/www.camperonline.it\/magazine\/wp-content\/gallery\/anteprime-2021-niesmann\/ismove-6.9-10-2.jpg\"\n               data-thumbnail=\"https:\/\/www.camperonline.it\/magazine\/wp-content\/gallery\/anteprime-2021-niesmann\/thumbs\/thumbs_ismove-6.9-10-2.jpg\"\n               data-image-id=\"118160\"\n               data-title=\"ismove-6.9-10-2\"\n               data-description=\"\"\n               data-image-slug=\"ismove-6-9-10-2\"\n               class=\"ngg-fancybox\" rel=\"0556f511463aaaaa1d045280e6dbdfa6\">\n                <img\n                    title=\"ismove-6.9-10-2\"\n                    alt=\"ismove-6.9-10-2\"\n                    src=\"https:\/\/www.camperonline.it\/magazine\/wp-content\/gallery\/anteprime-2021-niesmann\/thumbs\/thumbs_ismove-6.9-10-2.jpg\"\n                    width=\"240\"\n                    height=\"160\"\n                    style=\"max-width:100%;\"\n                \/>\n            <\/a>\n        <\/div>\n\t\t\t\t\t\t\t<\/div> \n\t\t\t\n\t\t\t\t<div id=\"ngg-image-48\" class=\"ngg-gallery-thumbnail-box ngg-5-columns\" >\n\t\t\t\t        <div class=\"ngg-gallery-thumbnail\">\n            <a href=\"https:\/\/www.camperonline.it\/magazine\/wp-content\/gallery\/anteprime-2021-niesmann\/ismove-6.9-20.jpg\"\n               title=\"\"\n               data-src=\"https:\/\/www.camperonline.it\/magazine\/wp-content\/gallery\/anteprime-2021-niesmann\/ismove-6.9-20.jpg\"\n               data-thumbnail=\"https:\/\/www.camperonline.it\/magazine\/wp-content\/gallery\/anteprime-2021-niesmann\/thumbs\/thumbs_ismove-6.9-20.jpg\"\n               data-image-id=\"118170\"\n               data-title=\"ismove-6.9-20\"\n               data-description=\"\"\n               data-image-slug=\"ismove-6-9-20\"\n               class=\"ngg-fancybox\" rel=\"0556f511463aaaaa1d045280e6dbdfa6\">\n                <img\n                    title=\"ismove-6.9-20\"\n                    alt=\"ismove-6.9-20\"\n                    src=\"https:\/\/www.camperonline.it\/magazine\/wp-content\/gallery\/anteprime-2021-niesmann\/thumbs\/thumbs_ismove-6.9-20.jpg\"\n                    width=\"240\"\n                    height=\"160\"\n                    style=\"max-width:100%;\"\n                \/>\n            <\/a>\n        <\/div>\n\t\t\t\t\t\t\t<\/div> \n\t\t\t\n\t\t\t\t<div id=\"ngg-image-49\" class=\"ngg-gallery-thumbnail-box ngg-5-columns\" >\n\t\t\t\t        <div class=\"ngg-gallery-thumbnail\">\n            <a href=\"https:\/\/www.camperonline.it\/magazine\/wp-content\/gallery\/anteprime-2021-niesmann\/ismove-6.9-09.jpg\"\n               title=\"\"\n               data-src=\"https:\/\/www.camperonline.it\/magazine\/wp-content\/gallery\/anteprime-2021-niesmann\/ismove-6.9-09.jpg\"\n               data-thumbnail=\"https:\/\/www.camperonline.it\/magazine\/wp-content\/gallery\/anteprime-2021-niesmann\/thumbs\/thumbs_ismove-6.9-09.jpg\"\n               data-image-id=\"118158\"\n               data-title=\"ismove-6.9-09\"\n               data-description=\"\"\n               data-image-slug=\"ismove-6-9-09\"\n               class=\"ngg-fancybox\" rel=\"0556f511463aaaaa1d045280e6dbdfa6\">\n                <img\n                    title=\"ismove-6.9-09\"\n                    alt=\"ismove-6.9-09\"\n                    src=\"https:\/\/www.camperonline.it\/magazine\/wp-content\/gallery\/anteprime-2021-niesmann\/thumbs\/thumbs_ismove-6.9-09.jpg\"\n                    width=\"240\"\n                    height=\"160\"\n                    style=\"max-width:100%;\"\n                \/>\n            <\/a>\n        <\/div>\n\t\t\t\t\t\t\t<\/div> \n\t\t\t\n\t\t\t\t<div id=\"ngg-image-50\" class=\"ngg-gallery-thumbnail-box ngg-5-columns\" >\n\t\t\t\t        <div class=\"ngg-gallery-thumbnail\">\n            <a href=\"https:\/\/www.camperonline.it\/magazine\/wp-content\/gallery\/anteprime-2021-niesmann\/ismove-6.9-08.jpg\"\n               title=\"\"\n               data-src=\"https:\/\/www.camperonline.it\/magazine\/wp-content\/gallery\/anteprime-2021-niesmann\/ismove-6.9-08.jpg\"\n               data-thumbnail=\"https:\/\/www.camperonline.it\/magazine\/wp-content\/gallery\/anteprime-2021-niesmann\/thumbs\/thumbs_ismove-6.9-08.jpg\"\n               data-image-id=\"118157\"\n               data-title=\"ismove-6.9-08\"\n               data-description=\"\"\n               data-image-slug=\"ismove-6-9-08\"\n               class=\"ngg-fancybox\" rel=\"0556f511463aaaaa1d045280e6dbdfa6\">\n                <img\n                    title=\"ismove-6.9-08\"\n                    alt=\"ismove-6.9-08\"\n                    src=\"https:\/\/www.camperonline.it\/magazine\/wp-content\/gallery\/anteprime-2021-niesmann\/thumbs\/thumbs_ismove-6.9-08.jpg\"\n                    width=\"240\"\n                    height=\"160\"\n                    style=\"max-width:100%;\"\n                \/>\n            <\/a>\n        <\/div>\n\t\t\t\t\t\t\t<\/div> \n\t\t\t\n\t\t\t\t<div id=\"ngg-image-51\" class=\"ngg-gallery-thumbnail-box ngg-5-columns\" >\n\t\t\t\t        <div class=\"ngg-gallery-thumbnail\">\n            <a href=\"https:\/\/www.camperonline.it\/magazine\/wp-content\/gallery\/anteprime-2021-niesmann\/ismove-6.9-07.jpg\"\n               title=\"\"\n               data-src=\"https:\/\/www.camperonline.it\/magazine\/wp-content\/gallery\/anteprime-2021-niesmann\/ismove-6.9-07.jpg\"\n               data-thumbnail=\"https:\/\/www.camperonline.it\/magazine\/wp-content\/gallery\/anteprime-2021-niesmann\/thumbs\/thumbs_ismove-6.9-07.jpg\"\n               data-image-id=\"118156\"\n               data-title=\"ismove-6.9-07\"\n               data-description=\"\"\n               data-image-slug=\"ismove-6-9-07\"\n               class=\"ngg-fancybox\" rel=\"0556f511463aaaaa1d045280e6dbdfa6\">\n                <img\n                    title=\"ismove-6.9-07\"\n                    alt=\"ismove-6.9-07\"\n                    src=\"https:\/\/www.camperonline.it\/magazine\/wp-content\/gallery\/anteprime-2021-niesmann\/thumbs\/thumbs_ismove-6.9-07.jpg\"\n                    width=\"240\"\n                    height=\"160\"\n                    style=\"max-width:100%;\"\n                \/>\n            <\/a>\n        <\/div>\n\t\t\t\t\t\t\t<\/div> \n\t\t\t\n\t\t\t\t<div id=\"ngg-image-52\" class=\"ngg-gallery-thumbnail-box ngg-5-columns\" >\n\t\t\t\t        <div class=\"ngg-gallery-thumbnail\">\n            <a href=\"https:\/\/www.camperonline.it\/magazine\/wp-content\/gallery\/anteprime-2021-niesmann\/ismove-6.9-06.jpg\"\n               title=\"\"\n               data-src=\"https:\/\/www.camperonline.it\/magazine\/wp-content\/gallery\/anteprime-2021-niesmann\/ismove-6.9-06.jpg\"\n               data-thumbnail=\"https:\/\/www.camperonline.it\/magazine\/wp-content\/gallery\/anteprime-2021-niesmann\/thumbs\/thumbs_ismove-6.9-06.jpg\"\n               data-image-id=\"118155\"\n               data-title=\"ismove-6.9-06\"\n               data-description=\"\"\n               data-image-slug=\"ismove-6-9-06\"\n               class=\"ngg-fancybox\" rel=\"0556f511463aaaaa1d045280e6dbdfa6\">\n                <img\n                    title=\"ismove-6.9-06\"\n                    alt=\"ismove-6.9-06\"\n                    src=\"https:\/\/www.camperonline.it\/magazine\/wp-content\/gallery\/anteprime-2021-niesmann\/thumbs\/thumbs_ismove-6.9-06.jpg\"\n                    width=\"240\"\n                    height=\"160\"\n                    style=\"max-width:100%;\"\n                \/>\n            <\/a>\n        <\/div>\n\t\t\t\t\t\t\t<\/div> \n\t\t\t\n\t\t\t\t<div id=\"ngg-image-53\" class=\"ngg-gallery-thumbnail-box ngg-5-columns\" >\n\t\t\t\t        <div class=\"ngg-gallery-thumbnail\">\n            <a href=\"https:\/\/www.camperonline.it\/magazine\/wp-content\/gallery\/anteprime-2021-niesmann\/ismove-6.9-05.jpg\"\n               title=\"\"\n               data-src=\"https:\/\/www.camperonline.it\/magazine\/wp-content\/gallery\/anteprime-2021-niesmann\/ismove-6.9-05.jpg\"\n               data-thumbnail=\"https:\/\/www.camperonline.it\/magazine\/wp-content\/gallery\/anteprime-2021-niesmann\/thumbs\/thumbs_ismove-6.9-05.jpg\"\n               data-image-id=\"118154\"\n               data-title=\"ismove-6.9-05\"\n               data-description=\"\"\n               data-image-slug=\"ismove-6-9-05\"\n               class=\"ngg-fancybox\" rel=\"0556f511463aaaaa1d045280e6dbdfa6\">\n                <img\n                    title=\"ismove-6.9-05\"\n                    alt=\"ismove-6.9-05\"\n                    src=\"https:\/\/www.camperonline.it\/magazine\/wp-content\/gallery\/anteprime-2021-niesmann\/thumbs\/thumbs_ismove-6.9-05.jpg\"\n                    width=\"240\"\n                    height=\"160\"\n                    style=\"max-width:100%;\"\n                \/>\n            <\/a>\n        <\/div>\n\t\t\t\t\t\t\t<\/div> \n\t\t\t\n\t\t\t\t<div id=\"ngg-image-54\" class=\"ngg-gallery-thumbnail-box ngg-5-columns\" >\n\t\t\t\t        <div class=\"ngg-gallery-thumbnail\">\n            <a href=\"https:\/\/www.camperonline.it\/magazine\/wp-content\/gallery\/anteprime-2021-niesmann\/ismove-6.9-04.jpg\"\n               title=\"\"\n               data-src=\"https:\/\/www.camperonline.it\/magazine\/wp-content\/gallery\/anteprime-2021-niesmann\/ismove-6.9-04.jpg\"\n               data-thumbnail=\"https:\/\/www.camperonline.it\/magazine\/wp-content\/gallery\/anteprime-2021-niesmann\/thumbs\/thumbs_ismove-6.9-04.jpg\"\n               data-image-id=\"118153\"\n               data-title=\"ismove-6.9-04\"\n               data-description=\"\"\n               data-image-slug=\"ismove-6-9-04\"\n               class=\"ngg-fancybox\" rel=\"0556f511463aaaaa1d045280e6dbdfa6\">\n                <img\n                    title=\"ismove-6.9-04\"\n                    alt=\"ismove-6.9-04\"\n                    src=\"https:\/\/www.camperonline.it\/magazine\/wp-content\/gallery\/anteprime-2021-niesmann\/thumbs\/thumbs_ismove-6.9-04.jpg\"\n                    width=\"240\"\n                    height=\"160\"\n                    style=\"max-width:100%;\"\n                \/>\n            <\/a>\n        <\/div>\n\t\t\t\t\t\t\t<\/div> \n\t\t\t\n\t\t\t\t<div id=\"ngg-image-55\" class=\"ngg-gallery-thumbnail-box ngg-5-columns\" >\n\t\t\t\t        <div class=\"ngg-gallery-thumbnail\">\n            <a href=\"https:\/\/www.camperonline.it\/magazine\/wp-content\/gallery\/anteprime-2021-niesmann\/ismove-6.9-03.jpg\"\n               title=\"\"\n               data-src=\"https:\/\/www.camperonline.it\/magazine\/wp-content\/gallery\/anteprime-2021-niesmann\/ismove-6.9-03.jpg\"\n               data-thumbnail=\"https:\/\/www.camperonline.it\/magazine\/wp-content\/gallery\/anteprime-2021-niesmann\/thumbs\/thumbs_ismove-6.9-03.jpg\"\n               data-image-id=\"118152\"\n               data-title=\"ismove-6.9-03\"\n               data-description=\"\"\n               data-image-slug=\"ismove-6-9-03\"\n               class=\"ngg-fancybox\" rel=\"0556f511463aaaaa1d045280e6dbdfa6\">\n                <img\n                    title=\"ismove-6.9-03\"\n                    alt=\"ismove-6.9-03\"\n                    src=\"https:\/\/www.camperonline.it\/magazine\/wp-content\/gallery\/anteprime-2021-niesmann\/thumbs\/thumbs_ismove-6.9-03.jpg\"\n                    width=\"240\"\n                    height=\"160\"\n                    style=\"max-width:100%;\"\n                \/>\n            <\/a>\n        <\/div>\n\t\t\t\t\t\t\t<\/div> \n\t\t\t\n\t\t\t\t<div id=\"ngg-image-56\" class=\"ngg-gallery-thumbnail-box ngg-5-columns\" >\n\t\t\t\t        <div class=\"ngg-gallery-thumbnail\">\n            <a href=\"https:\/\/www.camperonline.it\/magazine\/wp-content\/gallery\/anteprime-2021-niesmann\/ismove-6.9-02.jpg\"\n               title=\"\"\n               data-src=\"https:\/\/www.camperonline.it\/magazine\/wp-content\/gallery\/anteprime-2021-niesmann\/ismove-6.9-02.jpg\"\n               data-thumbnail=\"https:\/\/www.camperonline.it\/magazine\/wp-content\/gallery\/anteprime-2021-niesmann\/thumbs\/thumbs_ismove-6.9-02.jpg\"\n               data-image-id=\"118151\"\n               data-title=\"ismove-6.9-02\"\n               data-description=\"\"\n               data-image-slug=\"ismove-6-9-02\"\n               class=\"ngg-fancybox\" rel=\"0556f511463aaaaa1d045280e6dbdfa6\">\n                <img\n                    title=\"ismove-6.9-02\"\n                    alt=\"ismove-6.9-02\"\n                    src=\"https:\/\/www.camperonline.it\/magazine\/wp-content\/gallery\/anteprime-2021-niesmann\/thumbs\/thumbs_ismove-6.9-02.jpg\"\n                    width=\"240\"\n                    height=\"160\"\n                    style=\"max-width:100%;\"\n                \/>\n            <\/a>\n        <\/div>\n\t\t\t\t\t\t\t<\/div> \n\t\t\t\n\t\t\t\t<div id=\"ngg-image-57\" class=\"ngg-gallery-thumbnail-box ngg-5-columns\" >\n\t\t\t\t        <div class=\"ngg-gallery-thumbnail\">\n            <a href=\"https:\/\/www.camperonline.it\/magazine\/wp-content\/gallery\/anteprime-2021-niesmann\/ismove-6.9-27.jpg\"\n               title=\"\"\n               data-src=\"https:\/\/www.camperonline.it\/magazine\/wp-content\/gallery\/anteprime-2021-niesmann\/ismove-6.9-27.jpg\"\n               data-thumbnail=\"https:\/\/www.camperonline.it\/magazine\/wp-content\/gallery\/anteprime-2021-niesmann\/thumbs\/thumbs_ismove-6.9-27.jpg\"\n               data-image-id=\"118179\"\n               data-title=\"ismove-6.9-27\"\n               data-description=\"\"\n               data-image-slug=\"ismove-6-9-27\"\n               class=\"ngg-fancybox\" rel=\"0556f511463aaaaa1d045280e6dbdfa6\">\n                <img\n                    title=\"ismove-6.9-27\"\n                    alt=\"ismove-6.9-27\"\n                    src=\"https:\/\/www.camperonline.it\/magazine\/wp-content\/gallery\/anteprime-2021-niesmann\/thumbs\/thumbs_ismove-6.9-27.jpg\"\n                    width=\"240\"\n                    height=\"160\"\n                    style=\"max-width:100%;\"\n                \/>\n            <\/a>\n        <\/div>\n\t\t\t\t\t\t\t<\/div> \n\t\t\t\n\t\t\t\t<div id=\"ngg-image-58\" class=\"ngg-gallery-thumbnail-box ngg-5-columns\" >\n\t\t\t\t        <div class=\"ngg-gallery-thumbnail\">\n            <a href=\"https:\/\/www.camperonline.it\/magazine\/wp-content\/gallery\/anteprime-2021-niesmann\/ismove-6.9-35.jpg\"\n               title=\"\"\n               data-src=\"https:\/\/www.camperonline.it\/magazine\/wp-content\/gallery\/anteprime-2021-niesmann\/ismove-6.9-35.jpg\"\n               data-thumbnail=\"https:\/\/www.camperonline.it\/magazine\/wp-content\/gallery\/anteprime-2021-niesmann\/thumbs\/thumbs_ismove-6.9-35.jpg\"\n               data-image-id=\"118187\"\n               data-title=\"ismove-6.9-35\"\n               data-description=\"\"\n               data-image-slug=\"ismove-6-9-35\"\n               class=\"ngg-fancybox\" rel=\"0556f511463aaaaa1d045280e6dbdfa6\">\n                <img\n                    title=\"ismove-6.9-35\"\n                    alt=\"ismove-6.9-35\"\n                    src=\"https:\/\/www.camperonline.it\/magazine\/wp-content\/gallery\/anteprime-2021-niesmann\/thumbs\/thumbs_ismove-6.9-35.jpg\"\n                    width=\"240\"\n                    height=\"160\"\n                    style=\"max-width:100%;\"\n                \/>\n            <\/a>\n        <\/div>\n\t\t\t\t\t\t\t<\/div> \n\t\t\t\n\t\t\t\t<div id=\"ngg-image-59\" class=\"ngg-gallery-thumbnail-box ngg-5-columns\" >\n\t\t\t\t        <div class=\"ngg-gallery-thumbnail\">\n            <a href=\"https:\/\/www.camperonline.it\/magazine\/wp-content\/gallery\/anteprime-2021-niesmann\/ismove-6.9-34.jpg\"\n               title=\"\"\n               data-src=\"https:\/\/www.camperonline.it\/magazine\/wp-content\/gallery\/anteprime-2021-niesmann\/ismove-6.9-34.jpg\"\n               data-thumbnail=\"https:\/\/www.camperonline.it\/magazine\/wp-content\/gallery\/anteprime-2021-niesmann\/thumbs\/thumbs_ismove-6.9-34.jpg\"\n               data-image-id=\"118186\"\n               data-title=\"ismove-6.9-34\"\n               data-description=\"\"\n               data-image-slug=\"ismove-6-9-34\"\n               class=\"ngg-fancybox\" rel=\"0556f511463aaaaa1d045280e6dbdfa6\">\n                <img\n                    title=\"ismove-6.9-34\"\n                    alt=\"ismove-6.9-34\"\n                    src=\"https:\/\/www.camperonline.it\/magazine\/wp-content\/gallery\/anteprime-2021-niesmann\/thumbs\/thumbs_ismove-6.9-34.jpg\"\n                    width=\"240\"\n                    height=\"160\"\n                    style=\"max-width:100%;\"\n                \/>\n            <\/a>\n        <\/div>\n\t\t\t\t\t\t\t<\/div> \n\t\t\t\n\t\t\t\t<div id=\"ngg-image-60\" class=\"ngg-gallery-thumbnail-box ngg-5-columns\" >\n\t\t\t\t        <div class=\"ngg-gallery-thumbnail\">\n            <a href=\"https:\/\/www.camperonline.it\/magazine\/wp-content\/gallery\/anteprime-2021-niesmann\/ismove-6.9-33.jpg\"\n               title=\"\"\n               data-src=\"https:\/\/www.camperonline.it\/magazine\/wp-content\/gallery\/anteprime-2021-niesmann\/ismove-6.9-33.jpg\"\n               data-thumbnail=\"https:\/\/www.camperonline.it\/magazine\/wp-content\/gallery\/anteprime-2021-niesmann\/thumbs\/thumbs_ismove-6.9-33.jpg\"\n               data-image-id=\"118185\"\n               data-title=\"ismove-6.9-33\"\n               data-description=\"\"\n               data-image-slug=\"ismove-6-9-33\"\n               class=\"ngg-fancybox\" rel=\"0556f511463aaaaa1d045280e6dbdfa6\">\n                <img\n                    title=\"ismove-6.9-33\"\n                    alt=\"ismove-6.9-33\"\n                    src=\"https:\/\/www.camperonline.it\/magazine\/wp-content\/gallery\/anteprime-2021-niesmann\/thumbs\/thumbs_ismove-6.9-33.jpg\"\n                    width=\"240\"\n                    height=\"160\"\n                    style=\"max-width:100%;\"\n                \/>\n            <\/a>\n        <\/div>\n\t\t\t\t\t\t\t<\/div> \n\t\t\t\n\t\t\t\t<div id=\"ngg-image-61\" class=\"ngg-gallery-thumbnail-box ngg-5-columns\" >\n\t\t\t\t        <div class=\"ngg-gallery-thumbnail\">\n            <a href=\"https:\/\/www.camperonline.it\/magazine\/wp-content\/gallery\/anteprime-2021-niesmann\/ismove-6.9-32.jpg\"\n               title=\"\"\n               data-src=\"https:\/\/www.camperonline.it\/magazine\/wp-content\/gallery\/anteprime-2021-niesmann\/ismove-6.9-32.jpg\"\n               data-thumbnail=\"https:\/\/www.camperonline.it\/magazine\/wp-content\/gallery\/anteprime-2021-niesmann\/thumbs\/thumbs_ismove-6.9-32.jpg\"\n               data-image-id=\"118184\"\n               data-title=\"ismove-6.9-32\"\n               data-description=\"\"\n               data-image-slug=\"ismove-6-9-32\"\n               class=\"ngg-fancybox\" rel=\"0556f511463aaaaa1d045280e6dbdfa6\">\n                <img\n                    title=\"ismove-6.9-32\"\n                    alt=\"ismove-6.9-32\"\n                    src=\"https:\/\/www.camperonline.it\/magazine\/wp-content\/gallery\/anteprime-2021-niesmann\/thumbs\/thumbs_ismove-6.9-32.jpg\"\n                    width=\"240\"\n                    height=\"160\"\n                    style=\"max-width:100%;\"\n                \/>\n            <\/a>\n        <\/div>\n\t\t\t\t\t\t\t<\/div> \n\t\t\t\n\t\t\t\t<div id=\"ngg-image-62\" class=\"ngg-gallery-thumbnail-box ngg-5-columns\" >\n\t\t\t\t        <div class=\"ngg-gallery-thumbnail\">\n            <a href=\"https:\/\/www.camperonline.it\/magazine\/wp-content\/gallery\/anteprime-2021-niesmann\/ismove-6.9-31.jpg\"\n               title=\"\"\n               data-src=\"https:\/\/www.camperonline.it\/magazine\/wp-content\/gallery\/anteprime-2021-niesmann\/ismove-6.9-31.jpg\"\n               data-thumbnail=\"https:\/\/www.camperonline.it\/magazine\/wp-content\/gallery\/anteprime-2021-niesmann\/thumbs\/thumbs_ismove-6.9-31.jpg\"\n               data-image-id=\"118183\"\n               data-title=\"ismove-6.9-31\"\n               data-description=\"\"\n               data-image-slug=\"ismove-6-9-31\"\n               class=\"ngg-fancybox\" rel=\"0556f511463aaaaa1d045280e6dbdfa6\">\n                <img\n                    title=\"ismove-6.9-31\"\n                    alt=\"ismove-6.9-31\"\n                    src=\"https:\/\/www.camperonline.it\/magazine\/wp-content\/gallery\/anteprime-2021-niesmann\/thumbs\/thumbs_ismove-6.9-31.jpg\"\n                    width=\"240\"\n                    height=\"160\"\n                    style=\"max-width:100%;\"\n                \/>\n            <\/a>\n        <\/div>\n\t\t\t\t\t\t\t<\/div> \n\t\t\t\n\t\t\t\t<div id=\"ngg-image-63\" class=\"ngg-gallery-thumbnail-box ngg-5-columns\" >\n\t\t\t\t        <div class=\"ngg-gallery-thumbnail\">\n            <a href=\"https:\/\/www.camperonline.it\/magazine\/wp-content\/gallery\/anteprime-2021-niesmann\/ismove-6.9-30.jpg\"\n               title=\"\"\n               data-src=\"https:\/\/www.camperonline.it\/magazine\/wp-content\/gallery\/anteprime-2021-niesmann\/ismove-6.9-30.jpg\"\n               data-thumbnail=\"https:\/\/www.camperonline.it\/magazine\/wp-content\/gallery\/anteprime-2021-niesmann\/thumbs\/thumbs_ismove-6.9-30.jpg\"\n               data-image-id=\"118182\"\n               data-title=\"ismove-6.9-30\"\n               data-description=\"\"\n               data-image-slug=\"ismove-6-9-30\"\n               class=\"ngg-fancybox\" rel=\"0556f511463aaaaa1d045280e6dbdfa6\">\n                <img\n                    title=\"ismove-6.9-30\"\n                    alt=\"ismove-6.9-30\"\n                    src=\"https:\/\/www.camperonline.it\/magazine\/wp-content\/gallery\/anteprime-2021-niesmann\/thumbs\/thumbs_ismove-6.9-30.jpg\"\n                    width=\"240\"\n                    height=\"160\"\n                    style=\"max-width:100%;\"\n                \/>\n            <\/a>\n        <\/div>\n\t\t\t\t\t\t\t<\/div> \n\t\t\t\n\t\t\t\t<div id=\"ngg-image-64\" class=\"ngg-gallery-thumbnail-box ngg-5-columns\" >\n\t\t\t\t        <div class=\"ngg-gallery-thumbnail\">\n            <a href=\"https:\/\/www.camperonline.it\/magazine\/wp-content\/gallery\/anteprime-2021-niesmann\/ismove-6.9-29.jpg\"\n               title=\"\"\n               data-src=\"https:\/\/www.camperonline.it\/magazine\/wp-content\/gallery\/anteprime-2021-niesmann\/ismove-6.9-29.jpg\"\n               data-thumbnail=\"https:\/\/www.camperonline.it\/magazine\/wp-content\/gallery\/anteprime-2021-niesmann\/thumbs\/thumbs_ismove-6.9-29.jpg\"\n               data-image-id=\"118181\"\n               data-title=\"ismove-6.9-29\"\n               data-description=\"\"\n               data-image-slug=\"ismove-6-9-29\"\n               class=\"ngg-fancybox\" rel=\"0556f511463aaaaa1d045280e6dbdfa6\">\n                <img\n                    title=\"ismove-6.9-29\"\n                    alt=\"ismove-6.9-29\"\n                    src=\"https:\/\/www.camperonline.it\/magazine\/wp-content\/gallery\/anteprime-2021-niesmann\/thumbs\/thumbs_ismove-6.9-29.jpg\"\n                    width=\"240\"\n                    height=\"160\"\n                    style=\"max-width:100%;\"\n                \/>\n            <\/a>\n        <\/div>\n\t\t\t\t\t\t\t<\/div> \n\t\t\t\n\t\t\t\t<div id=\"ngg-image-65\" class=\"ngg-gallery-thumbnail-box ngg-5-columns\" >\n\t\t\t\t        <div class=\"ngg-gallery-thumbnail\">\n            <a href=\"https:\/\/www.camperonline.it\/magazine\/wp-content\/gallery\/anteprime-2021-niesmann\/ismove-6.9-28.jpg\"\n               title=\"\"\n               data-src=\"https:\/\/www.camperonline.it\/magazine\/wp-content\/gallery\/anteprime-2021-niesmann\/ismove-6.9-28.jpg\"\n               data-thumbnail=\"https:\/\/www.camperonline.it\/magazine\/wp-content\/gallery\/anteprime-2021-niesmann\/thumbs\/thumbs_ismove-6.9-28.jpg\"\n               data-image-id=\"118180\"\n               data-title=\"ismove-6.9-28\"\n               data-description=\"\"\n               data-image-slug=\"ismove-6-9-28\"\n               class=\"ngg-fancybox\" rel=\"0556f511463aaaaa1d045280e6dbdfa6\">\n                <img\n                    title=\"ismove-6.9-28\"\n                    alt=\"ismove-6.9-28\"\n                    src=\"https:\/\/www.camperonline.it\/magazine\/wp-content\/gallery\/anteprime-2021-niesmann\/thumbs\/thumbs_ismove-6.9-28.jpg\"\n                    width=\"240\"\n                    height=\"160\"\n                    style=\"max-width:100%;\"\n                \/>\n            <\/a>\n        <\/div>\n\t\t\t\t\t\t\t<\/div> \n\t\t\t\n\t\t\t\t<div id=\"ngg-image-66\" class=\"ngg-gallery-thumbnail-box ngg-5-columns\" >\n\t\t\t\t        <div class=\"ngg-gallery-thumbnail\">\n            <a href=\"https:\/\/www.camperonline.it\/magazine\/wp-content\/gallery\/anteprime-2021-niesmann\/ismove-6.9-01.jpg\"\n               title=\"\"\n               data-src=\"https:\/\/www.camperonline.it\/magazine\/wp-content\/gallery\/anteprime-2021-niesmann\/ismove-6.9-01.jpg\"\n               data-thumbnail=\"https:\/\/www.camperonline.it\/magazine\/wp-content\/gallery\/anteprime-2021-niesmann\/thumbs\/thumbs_ismove-6.9-01.jpg\"\n               data-image-id=\"118150\"\n               data-title=\"ismove-6.9-01\"\n               data-description=\"\"\n               data-image-slug=\"ismove-6-9-01\"\n               class=\"ngg-fancybox\" rel=\"0556f511463aaaaa1d045280e6dbdfa6\">\n                <img\n                    title=\"ismove-6.9-01\"\n                    alt=\"ismove-6.9-01\"\n                    src=\"https:\/\/www.camperonline.it\/magazine\/wp-content\/gallery\/anteprime-2021-niesmann\/thumbs\/thumbs_ismove-6.9-01.jpg\"\n                    width=\"240\"\n                    height=\"160\"\n                    style=\"max-width:100%;\"\n                \/>\n            <\/a>\n        <\/div>\n\t\t\t\t\t\t\t<\/div> \n\t\t\t\n\t\t\t\t<div id=\"ngg-image-67\" class=\"ngg-gallery-thumbnail-box ngg-5-columns\" >\n\t\t\t\t        <div class=\"ngg-gallery-thumbnail\">\n            <a href=\"https:\/\/www.camperonline.it\/magazine\/wp-content\/gallery\/anteprime-2021-niesmann\/ismove-6.9-26-2.jpg\"\n               title=\"\"\n               data-src=\"https:\/\/www.camperonline.it\/magazine\/wp-content\/gallery\/anteprime-2021-niesmann\/ismove-6.9-26-2.jpg\"\n               data-thumbnail=\"https:\/\/www.camperonline.it\/magazine\/wp-content\/gallery\/anteprime-2021-niesmann\/thumbs\/thumbs_ismove-6.9-26-2.jpg\"\n               data-image-id=\"118178\"\n               data-title=\"ismove-6.9-26-2\"\n               data-description=\"\"\n               data-image-slug=\"ismove-6-9-26-2\"\n               class=\"ngg-fancybox\" rel=\"0556f511463aaaaa1d045280e6dbdfa6\">\n                <img\n                    title=\"ismove-6.9-26-2\"\n                    alt=\"ismove-6.9-26-2\"\n                    src=\"https:\/\/www.camperonline.it\/magazine\/wp-content\/gallery\/anteprime-2021-niesmann\/thumbs\/thumbs_ismove-6.9-26-2.jpg\"\n                    width=\"240\"\n                    height=\"160\"\n                    style=\"max-width:100%;\"\n                \/>\n            <\/a>\n        <\/div>\n\t\t\t\t\t\t\t<\/div> \n\t\t\t\n\t\t\t\t<div id=\"ngg-image-68\" class=\"ngg-gallery-thumbnail-box ngg-5-columns\" >\n\t\t\t\t        <div class=\"ngg-gallery-thumbnail\">\n            <a href=\"https:\/\/www.camperonline.it\/magazine\/wp-content\/gallery\/anteprime-2021-niesmann\/ismove-6.9-26.jpg\"\n               title=\"\"\n               data-src=\"https:\/\/www.camperonline.it\/magazine\/wp-content\/gallery\/anteprime-2021-niesmann\/ismove-6.9-26.jpg\"\n               data-thumbnail=\"https:\/\/www.camperonline.it\/magazine\/wp-content\/gallery\/anteprime-2021-niesmann\/thumbs\/thumbs_ismove-6.9-26.jpg\"\n               data-image-id=\"118177\"\n               data-title=\"ismove-6.9-26\"\n               data-description=\"\"\n               data-image-slug=\"ismove-6-9-26\"\n               class=\"ngg-fancybox\" rel=\"0556f511463aaaaa1d045280e6dbdfa6\">\n                <img\n                    title=\"ismove-6.9-26\"\n                    alt=\"ismove-6.9-26\"\n                    src=\"https:\/\/www.camperonline.it\/magazine\/wp-content\/gallery\/anteprime-2021-niesmann\/thumbs\/thumbs_ismove-6.9-26.jpg\"\n                    width=\"240\"\n                    height=\"160\"\n                    style=\"max-width:100%;\"\n                \/>\n            <\/a>\n        <\/div>\n\t\t\t\t\t\t\t<\/div> \n\t\t\t\n\t\t\t\t<div id=\"ngg-image-69\" class=\"ngg-gallery-thumbnail-box ngg-5-columns\" >\n\t\t\t\t        <div class=\"ngg-gallery-thumbnail\">\n            <a href=\"https:\/\/www.camperonline.it\/magazine\/wp-content\/gallery\/anteprime-2021-niesmann\/ismove-6.9-25.jpg\"\n               title=\"\"\n               data-src=\"https:\/\/www.camperonline.it\/magazine\/wp-content\/gallery\/anteprime-2021-niesmann\/ismove-6.9-25.jpg\"\n               data-thumbnail=\"https:\/\/www.camperonline.it\/magazine\/wp-content\/gallery\/anteprime-2021-niesmann\/thumbs\/thumbs_ismove-6.9-25.jpg\"\n               data-image-id=\"118176\"\n               data-title=\"ismove-6.9-25\"\n               data-description=\"\"\n               data-image-slug=\"ismove-6-9-25\"\n               class=\"ngg-fancybox\" rel=\"0556f511463aaaaa1d045280e6dbdfa6\">\n                <img\n                    title=\"ismove-6.9-25\"\n                    alt=\"ismove-6.9-25\"\n                    src=\"https:\/\/www.camperonline.it\/magazine\/wp-content\/gallery\/anteprime-2021-niesmann\/thumbs\/thumbs_ismove-6.9-25.jpg\"\n                    width=\"240\"\n                    height=\"160\"\n                    style=\"max-width:100%;\"\n                \/>\n            <\/a>\n        <\/div>\n\t\t\t\t\t\t\t<\/div> \n\t\t\t\n\t\t\t\t<div id=\"ngg-image-70\" class=\"ngg-gallery-thumbnail-box ngg-5-columns\" >\n\t\t\t\t        <div class=\"ngg-gallery-thumbnail\">\n            <a href=\"https:\/\/www.camperonline.it\/magazine\/wp-content\/gallery\/anteprime-2021-niesmann\/ismove-6.9-24.jpg\"\n               title=\"\"\n               data-src=\"https:\/\/www.camperonline.it\/magazine\/wp-content\/gallery\/anteprime-2021-niesmann\/ismove-6.9-24.jpg\"\n               data-thumbnail=\"https:\/\/www.camperonline.it\/magazine\/wp-content\/gallery\/anteprime-2021-niesmann\/thumbs\/thumbs_ismove-6.9-24.jpg\"\n               data-image-id=\"118175\"\n               data-title=\"ismove-6.9-24\"\n               data-description=\"\"\n               data-image-slug=\"ismove-6-9-24\"\n               class=\"ngg-fancybox\" rel=\"0556f511463aaaaa1d045280e6dbdfa6\">\n                <img\n                    title=\"ismove-6.9-24\"\n                    alt=\"ismove-6.9-24\"\n                    src=\"https:\/\/www.camperonline.it\/magazine\/wp-content\/gallery\/anteprime-2021-niesmann\/thumbs\/thumbs_ismove-6.9-24.jpg\"\n                    width=\"240\"\n                    height=\"160\"\n                    style=\"max-width:100%;\"\n                \/>\n            <\/a>\n        <\/div>\n\t\t\t\t\t\t\t<\/div> \n\t\t\t\n\t\t\t\t<div id=\"ngg-image-71\" class=\"ngg-gallery-thumbnail-box ngg-5-columns\" >\n\t\t\t\t        <div class=\"ngg-gallery-thumbnail\">\n            <a href=\"https:\/\/www.camperonline.it\/magazine\/wp-content\/gallery\/anteprime-2021-niesmann\/ismove-6.9-23-2.jpg\"\n               title=\"\"\n               data-src=\"https:\/\/www.camperonline.it\/magazine\/wp-content\/gallery\/anteprime-2021-niesmann\/ismove-6.9-23-2.jpg\"\n               data-thumbnail=\"https:\/\/www.camperonline.it\/magazine\/wp-content\/gallery\/anteprime-2021-niesmann\/thumbs\/thumbs_ismove-6.9-23-2.jpg\"\n               data-image-id=\"118174\"\n               data-title=\"ismove-6.9-23-2\"\n               data-description=\"\"\n               data-image-slug=\"ismove-6-9-23-2\"\n               class=\"ngg-fancybox\" rel=\"0556f511463aaaaa1d045280e6dbdfa6\">\n                <img\n                    title=\"ismove-6.9-23-2\"\n                    alt=\"ismove-6.9-23-2\"\n                    src=\"https:\/\/www.camperonline.it\/magazine\/wp-content\/gallery\/anteprime-2021-niesmann\/thumbs\/thumbs_ismove-6.9-23-2.jpg\"\n                    width=\"240\"\n                    height=\"160\"\n                    style=\"max-width:100%;\"\n                \/>\n            <\/a>\n        <\/div>\n\t\t\t\t\t\t\t<\/div> \n\t\t\t\n\t\t\t\t<div id=\"ngg-image-72\" class=\"ngg-gallery-thumbnail-box ngg-5-columns\" >\n\t\t\t\t        <div class=\"ngg-gallery-thumbnail\">\n            <a href=\"https:\/\/www.camperonline.it\/magazine\/wp-content\/gallery\/anteprime-2021-niesmann\/ismove-6.9-23.jpg\"\n               title=\"\"\n               data-src=\"https:\/\/www.camperonline.it\/magazine\/wp-content\/gallery\/anteprime-2021-niesmann\/ismove-6.9-23.jpg\"\n               data-thumbnail=\"https:\/\/www.camperonline.it\/magazine\/wp-content\/gallery\/anteprime-2021-niesmann\/thumbs\/thumbs_ismove-6.9-23.jpg\"\n               data-image-id=\"118173\"\n               data-title=\"ismove-6.9-23\"\n               data-description=\"\"\n               data-image-slug=\"ismove-6-9-23\"\n               class=\"ngg-fancybox\" rel=\"0556f511463aaaaa1d045280e6dbdfa6\">\n                <img\n                    title=\"ismove-6.9-23\"\n                    alt=\"ismove-6.9-23\"\n                    src=\"https:\/\/www.camperonline.it\/magazine\/wp-content\/gallery\/anteprime-2021-niesmann\/thumbs\/thumbs_ismove-6.9-23.jpg\"\n                    width=\"240\"\n                    height=\"160\"\n                    style=\"max-width:100%;\"\n                \/>\n            <\/a>\n        <\/div>\n\t\t\t\t\t\t\t<\/div> \n\t\t\t\n\t\t\t\t<div id=\"ngg-image-73\" class=\"ngg-gallery-thumbnail-box ngg-5-columns\" >\n\t\t\t\t        <div class=\"ngg-gallery-thumbnail\">\n            <a href=\"https:\/\/www.camperonline.it\/magazine\/wp-content\/gallery\/anteprime-2021-niesmann\/ismove-6.9-22.jpg\"\n               title=\"\"\n               data-src=\"https:\/\/www.camperonline.it\/magazine\/wp-content\/gallery\/anteprime-2021-niesmann\/ismove-6.9-22.jpg\"\n               data-thumbnail=\"https:\/\/www.camperonline.it\/magazine\/wp-content\/gallery\/anteprime-2021-niesmann\/thumbs\/thumbs_ismove-6.9-22.jpg\"\n               data-image-id=\"118172\"\n               data-title=\"ismove-6.9-22\"\n               data-description=\"\"\n               data-image-slug=\"ismove-6-9-22\"\n               class=\"ngg-fancybox\" rel=\"0556f511463aaaaa1d045280e6dbdfa6\">\n                <img\n                    title=\"ismove-6.9-22\"\n                    alt=\"ismove-6.9-22\"\n                    src=\"https:\/\/www.camperonline.it\/magazine\/wp-content\/gallery\/anteprime-2021-niesmann\/thumbs\/thumbs_ismove-6.9-22.jpg\"\n                    width=\"240\"\n                    height=\"160\"\n                    style=\"max-width:100%;\"\n                \/>\n            <\/a>\n        <\/div>\n\t\t\t\t\t\t\t<\/div> \n\t\t\t\n\t\t\t\t<div id=\"ngg-image-74\" class=\"ngg-gallery-thumbnail-box ngg-5-columns\" >\n\t\t\t\t        <div class=\"ngg-gallery-thumbnail\">\n            <a href=\"https:\/\/www.camperonline.it\/magazine\/wp-content\/gallery\/anteprime-2021-niesmann\/ismove-6.9-21.jpg\"\n               title=\"\"\n               data-src=\"https:\/\/www.camperonline.it\/magazine\/wp-content\/gallery\/anteprime-2021-niesmann\/ismove-6.9-21.jpg\"\n               data-thumbnail=\"https:\/\/www.camperonline.it\/magazine\/wp-content\/gallery\/anteprime-2021-niesmann\/thumbs\/thumbs_ismove-6.9-21.jpg\"\n               data-image-id=\"118171\"\n               data-title=\"ismove-6.9-21\"\n               data-description=\"\"\n               data-image-slug=\"ismove-6-9-21\"\n               class=\"ngg-fancybox\" rel=\"0556f511463aaaaa1d045280e6dbdfa6\">\n                <img\n                    title=\"ismove-6.9-21\"\n                    alt=\"ismove-6.9-21\"\n                    src=\"https:\/\/www.camperonline.it\/magazine\/wp-content\/gallery\/anteprime-2021-niesmann\/thumbs\/thumbs_ismove-6.9-21.jpg\"\n                    width=\"240\"\n                    height=\"160\"\n                    style=\"max-width:100%;\"\n                \/>\n            <\/a>\n        <\/div>\n\t\t\t\t\t\t\t<\/div> \n\t\t\t\n\t\n\t<br style=\"clear: both\" \/>\n\n\t\t<div class=\"slideshowlink\">\n        <a href='https:\/\/www.camperonline.it\/magazine\/2020\/09\/04\/anteprime-2021-niesmannbischoff\/nggallery\/slideshow'>[Mostra slideshow]<\/a>\n\t\t\n\t<\/div>\n\t\n\t\t<!-- Pagination -->\n\t<div class='ngg-clear'><\/div>\t<\/div>\n\n","protected":false},"excerpt":{"rendered":"<p>Originale, fortemente innovativo nelle soluzioni interne, dalle dimensioni esterne limitate e con peso complessivo pari a 35 q.li, ma tipicamente Niesmann+Bischoff nel DNA e nelle caratteristiche costruttive: si chiama iSmove, l&#8217;inedita gamma di liner compatti che il produttore tedesco lancia per la stagione 2021<\/p>\n","protected":false},"author":21,"featured_media":312289,"comment_status":"closed","ping_status":"open","sticky":false,"template":"","format":"standard","meta":{"ngg_post_thumbnail":0},"categories":[6063,217,7,809],"tags":[6073,335,6129,6130],"yoast_head":"<!-- This site is optimized with the Yoast SEO plugin v18.6 - https:\/\/yoast.com\/wordpress\/plugins\/seo\/ -->\n<title>Anteprime 2021: Niesmann+Bischoff - CamperOnLine Magazine<\/title>\n<meta name=\"description\" content=\"Originale, fortemente innovativo nelle soluzioni interne, dalle dimensioni esterne limitate e con peso complessivo pari a 35 q.li, ma tipicamente\" \/>\n<meta name=\"robots\" content=\"index, follow, max-snippet:-1, max-image-preview:large, max-video-preview:-1\" \/>\n<link rel=\"canonical\" href=\"https:\/\/www.camperonline.it\/magazine\/2020\/09\/04\/anteprime-2021-niesmannbischoff\/\" \/>\n<meta property=\"og:locale\" content=\"it_IT\" \/>\n<meta property=\"og:type\" content=\"article\" \/>\n<meta property=\"og:title\" content=\"Anteprime 2021: Niesmann+Bischoff - CamperOnLine Magazine\" \/>\n<meta property=\"og:description\" content=\"Originale, fortemente innovativo nelle soluzioni interne, dalle dimensioni esterne limitate e con peso complessivo pari a 35 q.li, ma tipicamente\" \/>\n<meta property=\"og:url\" content=\"https:\/\/www.camperonline.it\/magazine\/2020\/09\/04\/anteprime-2021-niesmannbischoff\/\" \/>\n<meta property=\"og:site_name\" content=\"CamperOnLine Magazine\" \/>\n<meta property=\"article:published_time\" content=\"2020-09-04T15:44:31+00:00\" \/>\n<meta property=\"og:image\" content=\"https:\/\/www.camperonline.it\/magazine\/wp-content\/uploads\/2020\/09\/COVER-Niesmann-2021.jpg\" \/>\n\t<meta property=\"og:image:width\" content=\"630\" \/>\n\t<meta property=\"og:image:height\" content=\"354\" \/>\n\t<meta property=\"og:image:type\" content=\"image\/jpeg\" \/>\n<meta name=\"twitter:card\" content=\"summary_large_image\" \/>\n<script type=\"application\/ld+json\" class=\"yoast-schema-graph\">{\"@context\":\"https:\/\/schema.org\",\"@graph\":[{\"@type\":\"WebSite\",\"@id\":\"https:\/\/www.camperonline.it\/magazine\/#website\",\"url\":\"https:\/\/www.camperonline.it\/magazine\/\",\"name\":\"CamperOnLine Magazine\",\"description\":\"Viaggi in camper, test, video, destinazioni, vacanze\",\"potentialAction\":[{\"@type\":\"SearchAction\",\"target\":{\"@type\":\"EntryPoint\",\"urlTemplate\":\"https:\/\/www.camperonline.it\/magazine\/?s={search_term_string}\"},\"query-input\":\"required name=search_term_string\"}],\"inLanguage\":\"it-IT\"},{\"@type\":\"ImageObject\",\"@id\":\"https:\/\/www.camperonline.it\/magazine\/2020\/09\/04\/anteprime-2021-niesmannbischoff\/#primaryimage\",\"inLanguage\":\"it-IT\",\"url\":\"https:\/\/www.camperonline.it\/magazine\/wp-content\/uploads\/2020\/09\/COVER-Niesmann-2021.jpg\",\"contentUrl\":\"https:\/\/www.camperonline.it\/magazine\/wp-content\/uploads\/2020\/09\/COVER-Niesmann-2021.jpg\",\"width\":630,\"height\":354},{\"@type\":\"WebPage\",\"@id\":\"https:\/\/www.camperonline.it\/magazine\/2020\/09\/04\/anteprime-2021-niesmannbischoff\/#webpage\",\"url\":\"https:\/\/www.camperonline.it\/magazine\/2020\/09\/04\/anteprime-2021-niesmannbischoff\/\",\"name\":\"Anteprime 2021: Niesmann+Bischoff - CamperOnLine Magazine\",\"isPartOf\":{\"@id\":\"https:\/\/www.camperonline.it\/magazine\/#website\"},\"primaryImageOfPage\":{\"@id\":\"https:\/\/www.camperonline.it\/magazine\/2020\/09\/04\/anteprime-2021-niesmannbischoff\/#primaryimage\"},\"datePublished\":\"2020-09-04T15:44:31+00:00\",\"dateModified\":\"2020-09-04T15:44:31+00:00\",\"author\":{\"@id\":\"https:\/\/www.camperonline.it\/magazine\/#\/schema\/person\/c90be17d75a09ba611f120cef80c1067\"},\"description\":\"Originale, fortemente innovativo nelle soluzioni interne, dalle dimensioni esterne limitate e con peso complessivo pari a 35 q.li, ma tipicamente\",\"breadcrumb\":{\"@id\":\"https:\/\/www.camperonline.it\/magazine\/2020\/09\/04\/anteprime-2021-niesmannbischoff\/#breadcrumb\"},\"inLanguage\":\"it-IT\",\"potentialAction\":[{\"@type\":\"ReadAction\",\"target\":[\"https:\/\/www.camperonline.it\/magazine\/2020\/09\/04\/anteprime-2021-niesmannbischoff\/\"]}]},{\"@type\":\"BreadcrumbList\",\"@id\":\"https:\/\/www.camperonline.it\/magazine\/2020\/09\/04\/anteprime-2021-niesmannbischoff\/#breadcrumb\",\"itemListElement\":[{\"@type\":\"ListItem\",\"position\":1,\"name\":\"Home\",\"item\":\"https:\/\/www.camperonline.it\/magazine\/\"},{\"@type\":\"ListItem\",\"position\":2,\"name\":\"Anteprime 2021: Niesmann+Bischoff\"}]},{\"@type\":\"Person\",\"@id\":\"https:\/\/www.camperonline.it\/magazine\/#\/schema\/person\/c90be17d75a09ba611f120cef80c1067\",\"name\":\"Davide Bon\",\"sameAs\":[\"https:\/\/www.camperonline.it\/magazine\/\"],\"url\":\"https:\/\/www.camperonline.it\/magazine\/author\/davide\/\"}]}<\/script>\n<!-- \/ Yoast SEO plugin. -->","yoast_head_json":{"title":"Anteprime 2021: Niesmann+Bischoff - CamperOnLine Magazine","description":"Originale, fortemente innovativo nelle soluzioni interne, dalle dimensioni esterne limitate e con peso complessivo pari a 35 q.li, ma tipicamente","robots":{"index":"index","follow":"follow","max-snippet":"max-snippet:-1","max-image-preview":"max-image-preview:large","max-video-preview":"max-video-preview:-1"},"canonical":"https:\/\/www.camperonline.it\/magazine\/2020\/09\/04\/anteprime-2021-niesmannbischoff\/","og_locale":"it_IT","og_type":"article","og_title":"Anteprime 2021: Niesmann+Bischoff - CamperOnLine Magazine","og_description":"Originale, fortemente innovativo nelle soluzioni interne, dalle dimensioni esterne limitate e con peso complessivo pari a 35 q.li, ma tipicamente","og_url":"https:\/\/www.camperonline.it\/magazine\/2020\/09\/04\/anteprime-2021-niesmannbischoff\/","og_site_name":"CamperOnLine Magazine","article_published_time":"2020-09-04T15:44:31+00:00","og_image":[{"width":630,"height":354,"url":"https:\/\/www.camperonline.it\/magazine\/wp-content\/uploads\/2020\/09\/COVER-Niesmann-2021.jpg","type":"image\/jpeg"}],"twitter_card":"summary_large_image","schema":{"@context":"https:\/\/schema.org","@graph":[{"@type":"WebSite","@id":"https:\/\/www.camperonline.it\/magazine\/#website","url":"https:\/\/www.camperonline.it\/magazine\/","name":"CamperOnLine Magazine","description":"Viaggi in camper, test, video, destinazioni, vacanze","potentialAction":[{"@type":"SearchAction","target":{"@type":"EntryPoint","urlTemplate":"https:\/\/www.camperonline.it\/magazine\/?s={search_term_string}"},"query-input":"required name=search_term_string"}],"inLanguage":"it-IT"},{"@type":"ImageObject","@id":"https:\/\/www.camperonline.it\/magazine\/2020\/09\/04\/anteprime-2021-niesmannbischoff\/#primaryimage","inLanguage":"it-IT","url":"https:\/\/www.camperonline.it\/magazine\/wp-content\/uploads\/2020\/09\/COVER-Niesmann-2021.jpg","contentUrl":"https:\/\/www.camperonline.it\/magazine\/wp-content\/uploads\/2020\/09\/COVER-Niesmann-2021.jpg","width":630,"height":354},{"@type":"WebPage","@id":"https:\/\/www.camperonline.it\/magazine\/2020\/09\/04\/anteprime-2021-niesmannbischoff\/#webpage","url":"https:\/\/www.camperonline.it\/magazine\/2020\/09\/04\/anteprime-2021-niesmannbischoff\/","name":"Anteprime 2021: Niesmann+Bischoff - CamperOnLine Magazine","isPartOf":{"@id":"https:\/\/www.camperonline.it\/magazine\/#website"},"primaryImageOfPage":{"@id":"https:\/\/www.camperonline.it\/magazine\/2020\/09\/04\/anteprime-2021-niesmannbischoff\/#primaryimage"},"datePublished":"2020-09-04T15:44:31+00:00","dateModified":"2020-09-04T15:44:31+00:00","author":{"@id":"https:\/\/www.camperonline.it\/magazine\/#\/schema\/person\/c90be17d75a09ba611f120cef80c1067"},"description":"Originale, fortemente innovativo nelle soluzioni interne, dalle dimensioni esterne limitate e con peso complessivo pari a 35 q.li, ma tipicamente","breadcrumb":{"@id":"https:\/\/www.camperonline.it\/magazine\/2020\/09\/04\/anteprime-2021-niesmannbischoff\/#breadcrumb"},"inLanguage":"it-IT","potentialAction":[{"@type":"ReadAction","target":["https:\/\/www.camperonline.it\/magazine\/2020\/09\/04\/anteprime-2021-niesmannbischoff\/"]}]},{"@type":"BreadcrumbList","@id":"https:\/\/www.camperonline.it\/magazine\/2020\/09\/04\/anteprime-2021-niesmannbischoff\/#breadcrumb","itemListElement":[{"@type":"ListItem","position":1,"name":"Home","item":"https:\/\/www.camperonline.it\/magazine\/"},{"@type":"ListItem","position":2,"name":"Anteprime 2021: Niesmann+Bischoff"}]},{"@type":"Person","@id":"https:\/\/www.camperonline.it\/magazine\/#\/schema\/person\/c90be17d75a09ba611f120cef80c1067","name":"Davide Bon","sameAs":["https:\/\/www.camperonline.it\/magazine\/"],"url":"https:\/\/www.camperonline.it\/magazine\/author\/davide\/"}]}},"_links":{"self":[{"href":"https:\/\/www.camperonline.it\/magazine\/wp-json\/wp\/v2\/posts\/312288"}],"collection":[{"href":"https:\/\/www.camperonline.it\/magazine\/wp-json\/wp\/v2\/posts"}],"about":[{"href":"https:\/\/www.camperonline.it\/magazine\/wp-json\/wp\/v2\/types\/post"}],"author":[{"embeddable":true,"href":"https:\/\/www.camperonline.it\/magazine\/wp-json\/wp\/v2\/users\/21"}],"replies":[{"embeddable":true,"href":"https:\/\/www.camperonline.it\/magazine\/wp-json\/wp\/v2\/comments?post=312288"}],"version-history":[{"count":0,"href":"https:\/\/www.camperonline.it\/magazine\/wp-json\/wp\/v2\/posts\/312288\/revisions"}],"wp:featuredmedia":[{"embeddable":true,"href":"https:\/\/www.camperonline.it\/magazine\/wp-json\/wp\/v2\/media\/312289"}],"wp:attachment":[{"href":"https:\/\/www.camperonline.it\/magazine\/wp-json\/wp\/v2\/media?parent=312288"}],"wp:term":[{"taxonomy":"category","embeddable":true,"href":"https:\/\/www.camperonline.it\/magazine\/wp-json\/wp\/v2\/categories?post=312288"},{"taxonomy":"post_tag","embeddable":true,"href":"https:\/\/www.camperonline.it\/magazine\/wp-json\/wp\/v2\/tags?post=312288"}],"curies":[{"name":"wp","href":"https:\/\/api.w.org\/{rel}","templated":true}]}}