{"id":321180,"date":"2021-08-05T00:00:26","date_gmt":"2021-08-04T22:00:26","guid":{"rendered":"https:\/\/www.camperonline.it\/magazine\/?p=321180"},"modified":"2021-08-05T19:28:25","modified_gmt":"2021-08-05T17:28:25","slug":"anteprime-2022-challenger","status":"publish","type":"post","link":"https:\/\/www.camperonline.it\/magazine\/2021\/08\/05\/anteprime-2022-challenger\/","title":{"rendered":"Anteprime 2022: Challenger"},"content":{"rendered":"<p style=\"text-align: center;\"><img loading=\"lazy\" class=\"aligncenter size-full wp-image-321527\" src=\"https:\/\/www.camperonline.it\/magazine\/wp-content\/uploads\/2021\/07\/Cover_Ante22_Challenger.jpg\" alt=\"\" width=\"630\" height=\"354\" srcset=\"https:\/\/www.camperonline.it\/magazine\/wp-content\/uploads\/2021\/07\/Cover_Ante22_Challenger.jpg 630w, https:\/\/www.camperonline.it\/magazine\/wp-content\/uploads\/2021\/07\/Cover_Ante22_Challenger-300x169.jpg 300w\" sizes=\"(max-width: 630px) 100vw, 630px\" \/><\/p>\n<h2>Un camper davvero singolare entra nella gamma Challenger: \u00e8 il modello 240 Open Edition, che si fa notare per molte soluzioni abitative insolite. Ma le proposte della casa francese comprendono anche una nuova serie di semintegrali compatti e dal prezzo invitante<!--more--><\/h2>\n<p>E\u2019 stata presentata in anteprima la gamma <strong>Challenger<\/strong> 2022 e non sono mancate le sorprese. Come ci ha abituato nelle ultime stagioni, la casa francese ha cercato di abbinare modelli particolari ad altri pi\u00f9 tradizionali. Da una parte <strong>Challlenger<\/strong> stimola il pubblico con soluzioni d\u2019effetto che potrebbero generare un nuovo filone di mercato, dall\u2019altra va sul sicuro con modelli capaci di accontentare un po\u2019 tutti. Vengono riconfermate le varie serie di semintegrali e di van, proposti in tre livelli di finitura, e continuano ad essere prodotti mansardati e motorhome. Ci sono per\u00f2 alcuni modelli inediti, con schemi abitativi inusuali.<\/p>\n<p style=\"text-align: center;\"><img loading=\"lazy\" class=\"aligncenter size-full wp-image-321529\" src=\"https:\/\/www.camperonline.it\/magazine\/wp-content\/uploads\/2021\/07\/0-1-Challenger.jpg\" alt=\"\" width=\"630\" height=\"421\" srcset=\"https:\/\/www.camperonline.it\/magazine\/wp-content\/uploads\/2021\/07\/0-1-Challenger.jpg 630w, https:\/\/www.camperonline.it\/magazine\/wp-content\/uploads\/2021\/07\/0-1-Challenger-300x200.jpg 300w\" sizes=\"(max-width: 630px) 100vw, 630px\" \/><\/p>\n<h2>Il 240 Open Edition e gli altri semintegrali<\/h2>\n<p>E\u2019 il caso del <strong>240 Open Edition<\/strong>, un semintegrale lungo poco meno di 7 metri e allestito su base Ford Transit. La serie di lancio Open Edition \u00e8 ben accessoriata, basti pensare che di serie viene proposto il motore da 170 cv e persino il cambio automatico. Visto da fuori, <strong>il modello 240<\/strong> sembra un camper come tutti gli altri, ma basta entrare a bordo per capire che non lo \u00e8 affatto.<\/p>\n<p style=\"text-align: center;\"><img loading=\"lazy\" class=\"aligncenter size-full wp-image-321530\" src=\"https:\/\/www.camperonline.it\/magazine\/wp-content\/uploads\/2021\/07\/1-240-Open-Edition.jpg\" alt=\"\" width=\"630\" height=\"420\" srcset=\"https:\/\/www.camperonline.it\/magazine\/wp-content\/uploads\/2021\/07\/1-240-Open-Edition.jpg 630w, https:\/\/www.camperonline.it\/magazine\/wp-content\/uploads\/2021\/07\/1-240-Open-Edition-300x200.jpg 300w\" sizes=\"(max-width: 630px) 100vw, 630px\" \/><\/p>\n<p>Tanto per iniziare, all&#8217;abitacolo \u00e8 possibile accedere non solo dalla porta sul lato destro, ma anche da una seconda porta sul lato sinistro. Questa seconda porta in realt\u00e0 \u00e8 uno degli sportelli del garage, uno sportello ad altezza maggiorata.<\/p>\n<p style=\"text-align: center;\"><img loading=\"lazy\" class=\"aligncenter size-full wp-image-321531\" src=\"https:\/\/www.camperonline.it\/magazine\/wp-content\/uploads\/2021\/07\/4-240-Open-Edition-1.jpg\" alt=\"\" width=\"630\" height=\"473\" srcset=\"https:\/\/www.camperonline.it\/magazine\/wp-content\/uploads\/2021\/07\/4-240-Open-Edition-1.jpg 630w, https:\/\/www.camperonline.it\/magazine\/wp-content\/uploads\/2021\/07\/4-240-Open-Edition-1-300x225.jpg 300w\" sizes=\"(max-width: 630px) 100vw, 630px\" \/><\/p>\n<p>Ma anche il garage \u00e8 ad altezza maggiorata e consente di stare all\u2019interno in posizione eretta. A ben vedere, il garage \u00e8 una sorta di ambiente autonomo, separato dall\u2019abitacolo mediante una porta e utilizzabile anche come preingresso. Un preingresso che pu\u00f2 diventare utile in inverno, per evitare dispersioni di calore quando si entra e si esce dall\u2019abitacolo, ma evita anche di entrare direttamente nella zona living con scarpe sporche di fango o neve, oppure con abiti bagnati. In questo caso si configura anche come spogliatoio. E\u2019 questo uno degli elementi che caratterizza il <strong>Challenger 240<\/strong>.<\/p>\n<p style=\"text-align: center;\"><img loading=\"lazy\" class=\"aligncenter size-full wp-image-321532\" src=\"https:\/\/www.camperonline.it\/magazine\/wp-content\/uploads\/2021\/07\/5-240-Open-Edition-6.jpg\" alt=\"\" width=\"630\" height=\"473\" srcset=\"https:\/\/www.camperonline.it\/magazine\/wp-content\/uploads\/2021\/07\/5-240-Open-Edition-6.jpg 630w, https:\/\/www.camperonline.it\/magazine\/wp-content\/uploads\/2021\/07\/5-240-Open-Edition-6-300x225.jpg 300w\" sizes=\"(max-width: 630px) 100vw, 630px\" \/><\/p>\n<p>Ma \u00e8 decisamente particolare anche la zona living, che pu\u00f2 accogliere fino a sette o anche otto persone. Il living \u00e8 composto da un divano a L di dimensioni davvero generose, completabile dai sedili girevoli della cabina ma anche da due singolari pouf. Questi ultimi si possono spostare e unire fra loro, anche per creare un\u2019estensione del divano, che in questo modo acquisisce una conformazione a U.<\/p>\n<p style=\"text-align: center;\"><img loading=\"lazy\" class=\"aligncenter size-full wp-image-321533\" src=\"https:\/\/www.camperonline.it\/magazine\/wp-content\/uploads\/2021\/07\/11-240-Open-Edition-26.jpg\" alt=\"\" width=\"630\" height=\"473\" srcset=\"https:\/\/www.camperonline.it\/magazine\/wp-content\/uploads\/2021\/07\/11-240-Open-Edition-26.jpg 630w, https:\/\/www.camperonline.it\/magazine\/wp-content\/uploads\/2021\/07\/11-240-Open-Edition-26-300x225.jpg 300w\" sizes=\"(max-width: 630px) 100vw, 630px\" \/><\/p>\n<p>Sul lato sinistro del salotto troviamo un vano di contenimento per il sistema a scomparsa dell\u2019apparecchio TV. Ma c\u2019\u00e8 anche un mobiletto con un piano d\u2019appoggio e due cassetti. Il tavolo \u00e8 particolare, di forma quadrata e in grado di ampliare la propria superficie in maniera differenziata aprendo i quattro settori centrali. Il tavolo si pu\u00f2 abbassare elettricamente, diventando un tavolino da salotto.<\/p>\n<p style=\"text-align: center;\"><img loading=\"lazy\" class=\"aligncenter size-full wp-image-321534\" src=\"https:\/\/www.camperonline.it\/magazine\/wp-content\/uploads\/2021\/07\/13-240-Open-Edition-11.jpg\" alt=\"\" width=\"630\" height=\"473\" srcset=\"https:\/\/www.camperonline.it\/magazine\/wp-content\/uploads\/2021\/07\/13-240-Open-Edition-11.jpg 630w, https:\/\/www.camperonline.it\/magazine\/wp-content\/uploads\/2021\/07\/13-240-Open-Edition-11-300x225.jpg 300w\" sizes=\"(max-width: 630px) 100vw, 630px\" \/><\/p>\n<p><img loading=\"lazy\" class=\"aligncenter size-full wp-image-321535\" src=\"https:\/\/www.camperonline.it\/magazine\/wp-content\/uploads\/2021\/07\/14-240-Open-Edition-30.jpg\" alt=\"\" width=\"630\" height=\"473\" srcset=\"https:\/\/www.camperonline.it\/magazine\/wp-content\/uploads\/2021\/07\/14-240-Open-Edition-30.jpg 630w, https:\/\/www.camperonline.it\/magazine\/wp-content\/uploads\/2021\/07\/14-240-Open-Edition-30-300x225.jpg 300w\" sizes=\"(max-width: 630px) 100vw, 630px\" \/><\/p>\n<p>Accanto alla porta d\u2019ingresso c\u2019\u00e8 un armadio sormontato da un caratteristico elemento d\u2019arredo, destinato ad accogliere bottiglie e bicchieri. Come altri modelli Challenger, anche il 240 Open Edition rinuncia al letto fisso posteriore per offrire pi\u00f9 spazio ad altre zone dell\u2019abitacolo. Il letto basculante elettrico non \u00e8 trasversale al senso di marcia come di consueto, bens\u00ec longitudinale, ed \u00e8 davvero ampio.<\/p>\n<p style=\"text-align: center;\"><img loading=\"lazy\" class=\"aligncenter size-full wp-image-321536\" src=\"https:\/\/www.camperonline.it\/magazine\/wp-content\/uploads\/2021\/07\/20-240-Open-Edition-33.jpg\" alt=\"\" width=\"630\" height=\"473\" srcset=\"https:\/\/www.camperonline.it\/magazine\/wp-content\/uploads\/2021\/07\/20-240-Open-Edition-33.jpg 630w, https:\/\/www.camperonline.it\/magazine\/wp-content\/uploads\/2021\/07\/20-240-Open-Edition-33-300x225.jpg 300w\" sizes=\"(max-width: 630px) 100vw, 630px\" \/><\/p>\n<p>La cucina \u00e8 a vista ma allo stesso tempo separata dalla zona salotto: notiamo infatti una parete vetrata proprio a protezione dello spazio destinato alla cottura e alla preparazione dei cibi. Il blocco cucina offre un adeguato piano d\u2019appoggio ed \u00e8 equipaggiato con un frigorifero ad incasso che all\u2019apparenza sembra piccolo, ma che in realt\u00e0 ha un volume utile di 135 litri. Da notare che si tratta di un frigorifero a compressore.<\/p>\n<p style=\"text-align: center;\"><img loading=\"lazy\" class=\"aligncenter size-full wp-image-321537\" src=\"https:\/\/www.camperonline.it\/magazine\/wp-content\/uploads\/2021\/07\/24-240-Open-Edition-19.jpg\" alt=\"\" width=\"630\" height=\"473\" srcset=\"https:\/\/www.camperonline.it\/magazine\/wp-content\/uploads\/2021\/07\/24-240-Open-Edition-19.jpg 630w, https:\/\/www.camperonline.it\/magazine\/wp-content\/uploads\/2021\/07\/24-240-Open-Edition-19-300x225.jpg 300w\" sizes=\"(max-width: 630px) 100vw, 630px\" \/><\/p>\n<p>A completare degnamente un veicolo cos\u00ec particolare ci pensa il bagno a volume variabile: la parete dove \u00e8 fissato il lavabo ruota all\u2019occorrenza per creare un ampio vano doccia separato.<\/p>\n<p style=\"text-align: center;\"><img loading=\"lazy\" class=\"aligncenter size-full wp-image-321538\" src=\"https:\/\/www.camperonline.it\/magazine\/wp-content\/uploads\/2021\/07\/25-240-Open-Edition-22.jpg\" alt=\"\" width=\"630\" height=\"473\" srcset=\"https:\/\/www.camperonline.it\/magazine\/wp-content\/uploads\/2021\/07\/25-240-Open-Edition-22.jpg 630w, https:\/\/www.camperonline.it\/magazine\/wp-content\/uploads\/2021\/07\/25-240-Open-Edition-22-300x225.jpg 300w\" sizes=\"(max-width: 630px) 100vw, 630px\" \/><\/p>\n<p style=\"text-align: center;\"><img loading=\"lazy\" class=\"aligncenter size-full wp-image-321539\" src=\"https:\/\/www.camperonline.it\/magazine\/wp-content\/uploads\/2021\/07\/26-240-Open-Edition-23.jpg\" alt=\"\" width=\"630\" height=\"473\" srcset=\"https:\/\/www.camperonline.it\/magazine\/wp-content\/uploads\/2021\/07\/26-240-Open-Edition-23.jpg 630w, https:\/\/www.camperonline.it\/magazine\/wp-content\/uploads\/2021\/07\/26-240-Open-Edition-23-300x225.jpg 300w\" sizes=\"(max-width: 630px) 100vw, 630px\" \/><\/p>\n<p>Il modello <strong>240 Open Edition<\/strong> si inserisce nella nutrita gamma di semintegrali di <strong>Challenger<\/strong>. Tutti i modelli sono stati migliorati all\u2019interno e beneficiano di un moderato restyling esterno, ma notiamo anche la proposta delle versioni base <strong>Start Edition<\/strong> non solo su chassis Ford, ma anche sul nuovo Fiat Ducato. E\u2019 cambiato completamente il cupolino sopra la cabina, non solo dal punto di vista stilistico, ma anche costruttivo. Ora \u00e8 pi\u00f9 ampio, pi\u00f9 robusto e isolato meglio termicamente. Il cupolino integra un\u2019ampia superficie finestrata apribile. Di nuovo disegno \u00e8 anche il paraurti posteriore.<\/p>\n<p style=\"text-align: center;\"><img loading=\"lazy\" class=\"aligncenter size-full wp-image-321540\" src=\"https:\/\/www.camperonline.it\/magazine\/wp-content\/uploads\/2021\/07\/27-Nuovo-cupolino-semintegrali.jpg\" alt=\"\" width=\"630\" height=\"420\" srcset=\"https:\/\/www.camperonline.it\/magazine\/wp-content\/uploads\/2021\/07\/27-Nuovo-cupolino-semintegrali.jpg 630w, https:\/\/www.camperonline.it\/magazine\/wp-content\/uploads\/2021\/07\/27-Nuovo-cupolino-semintegrali-300x200.jpg 300w\" sizes=\"(max-width: 630px) 100vw, 630px\" \/><\/p>\n<p style=\"text-align: center;\"><img loading=\"lazy\" class=\"aligncenter size-full wp-image-321541\" src=\"https:\/\/www.camperonline.it\/magazine\/wp-content\/uploads\/2021\/07\/28-260-Start-Edition-4.jpg\" alt=\"\" width=\"630\" height=\"420\" srcset=\"https:\/\/www.camperonline.it\/magazine\/wp-content\/uploads\/2021\/07\/28-260-Start-Edition-4.jpg 630w, https:\/\/www.camperonline.it\/magazine\/wp-content\/uploads\/2021\/07\/28-260-Start-Edition-4-300x200.jpg 300w\" sizes=\"(max-width: 630px) 100vw, 630px\" \/><\/p>\n<p>Tra i modelli ora disponibili in versione <strong>Start Edition<\/strong> su base Fiat c\u2019\u00e8 il <strong>260<\/strong>, uno dei pi\u00f9 richiesti nell\u2019ultimo periodo. Non raggiunge i 7 metri di lunghezza e sfrutta come letto principale il grande basculante anteriore, cos\u00ec da liberare spazio da destinare al living con dinette face-to-face, ma anche al grande bagno di coda che integra un generoso armadio posto sopra il garage.<\/p>\n<p style=\"text-align: center;\"><img loading=\"lazy\" class=\"aligncenter size-full wp-image-321542\" src=\"https:\/\/www.camperonline.it\/magazine\/wp-content\/uploads\/2021\/07\/29-260-Start-Edition-2.jpg\" alt=\"\" width=\"630\" height=\"473\" srcset=\"https:\/\/www.camperonline.it\/magazine\/wp-content\/uploads\/2021\/07\/29-260-Start-Edition-2.jpg 630w, https:\/\/www.camperonline.it\/magazine\/wp-content\/uploads\/2021\/07\/29-260-Start-Edition-2-300x225.jpg 300w\" sizes=\"(max-width: 630px) 100vw, 630px\" \/><\/p>\n<p style=\"text-align: center;\"><img loading=\"lazy\" class=\"aligncenter size-full wp-image-321543\" src=\"https:\/\/www.camperonline.it\/magazine\/wp-content\/uploads\/2021\/07\/30-260-Start-Edition-3.jpg\" alt=\"\" width=\"630\" height=\"473\" srcset=\"https:\/\/www.camperonline.it\/magazine\/wp-content\/uploads\/2021\/07\/30-260-Start-Edition-3.jpg 630w, https:\/\/www.camperonline.it\/magazine\/wp-content\/uploads\/2021\/07\/30-260-Start-Edition-3-300x225.jpg 300w\" sizes=\"(max-width: 630px) 100vw, 630px\" \/><\/p>\n<h2>La serie S<\/h2>\n<p>Ma nasce anche una nuova gamma di semintegrali compatti: \u00e8 la <strong>serie S<\/strong>, ovvero Slim. Sono veicoli corti, ma anche stretti, solo 210 cm di larghezza. Sono allestiti su base Ford Transit e sono disponibili solo nell\u2019allestimento base <strong>Start Edition<\/strong>. Stiamo parlando quindi di camper che si fanno notare anche per il loro prezzo d\u2019attacco.<\/p>\n<p style=\"text-align: center;\"><img loading=\"lazy\" class=\"aligncenter size-full wp-image-321544\" src=\"https:\/\/www.camperonline.it\/magazine\/wp-content\/uploads\/2021\/07\/32-S-194-12.jpg\" alt=\"\" width=\"630\" height=\"420\" srcset=\"https:\/\/www.camperonline.it\/magazine\/wp-content\/uploads\/2021\/07\/32-S-194-12.jpg 630w, https:\/\/www.camperonline.it\/magazine\/wp-content\/uploads\/2021\/07\/32-S-194-12-300x200.jpg 300w\" sizes=\"(max-width: 630px) 100vw, 630px\" \/><\/p>\n<p>La gamma \u00e8 composta da due sole versioni. L\u2019<strong>S 217<\/strong> \u00e8 lungo 659 cm e ha i letti gemelli. L\u2019 <strong>S 194<\/strong> \u00e8 invece un vero camper compatto, lungo solo 599 cm e largo 210 cm. Dispone di un piccolo ma utile vano garage, accessibile da due sportelli in fiancata, ma anche dall\u2019interno dell\u2019abitacolo. La zona pi\u00f9 caratteristica \u00e8 quella posteriore, dove troviamo un letto matrimoniale trasversale, ma sollevando una porzione del letto possiamo accedere agli armadi sottostanti.<\/p>\n<p style=\"text-align: center;\"><img loading=\"lazy\" class=\"aligncenter size-full wp-image-321546\" src=\"https:\/\/www.camperonline.it\/magazine\/wp-content\/uploads\/2021\/07\/36-S-194-6.jpg\" alt=\"\" width=\"630\" height=\"473\" srcset=\"https:\/\/www.camperonline.it\/magazine\/wp-content\/uploads\/2021\/07\/36-S-194-6.jpg 630w, https:\/\/www.camperonline.it\/magazine\/wp-content\/uploads\/2021\/07\/36-S-194-6-300x225.jpg 300w\" sizes=\"(max-width: 630px) 100vw, 630px\" \/><\/p>\n<p style=\"text-align: center;\"><img loading=\"lazy\" class=\"aligncenter size-full wp-image-321547\" src=\"https:\/\/www.camperonline.it\/magazine\/wp-content\/uploads\/2021\/07\/37-S-194-5.jpg\" alt=\"\" width=\"630\" height=\"473\" srcset=\"https:\/\/www.camperonline.it\/magazine\/wp-content\/uploads\/2021\/07\/37-S-194-5.jpg 630w, https:\/\/www.camperonline.it\/magazine\/wp-content\/uploads\/2021\/07\/37-S-194-5-300x225.jpg 300w\" sizes=\"(max-width: 630px) 100vw, 630px\" \/><\/p>\n<p>Nella zona anteriore dell\u2019abitacolo invece c\u2019\u00e8 una tradizionale semi-dinette integrata dai sedili girevoli della cabina, ma c\u2019\u00e8 anche un armadio: sul prototipo che abbiamo analizzato si trattava di un armadio alto, mentre nei veicoli definitivi ci sar\u00e0 probabilmente un elemento basso, cos\u00ec da chiudere meno visivamente l\u2019ambiente.<\/p>\n<p style=\"text-align: center;\"><img loading=\"lazy\" class=\"aligncenter size-full wp-image-321549\" src=\"https:\/\/www.camperonline.it\/magazine\/wp-content\/uploads\/2021\/07\/35-S-194-1.jpg\" alt=\"\" width=\"630\" height=\"473\" srcset=\"https:\/\/www.camperonline.it\/magazine\/wp-content\/uploads\/2021\/07\/35-S-194-1.jpg 630w, https:\/\/www.camperonline.it\/magazine\/wp-content\/uploads\/2021\/07\/35-S-194-1-300x225.jpg 300w\" sizes=\"(max-width: 630px) 100vw, 630px\" \/><\/p>\n<p>La cucina \u00e8 compatta, con il frigorifero ad incasso, e il piano di lavoro \u00e8 integrato da una mensola estraibile. Per ottimizzare lo spazio a bordo \u00e8 stata sfruttata la soluzione del bagno con parete rotante, con il lavabo che si sposta per far posto al vano doccia.<\/p>\n<p style=\"text-align: center;\"><img loading=\"lazy\" class=\"aligncenter size-full wp-image-321550\" src=\"https:\/\/www.camperonline.it\/magazine\/wp-content\/uploads\/2021\/07\/38-S-194-7.jpg\" alt=\"\" width=\"630\" height=\"473\" srcset=\"https:\/\/www.camperonline.it\/magazine\/wp-content\/uploads\/2021\/07\/38-S-194-7.jpg 630w, https:\/\/www.camperonline.it\/magazine\/wp-content\/uploads\/2021\/07\/38-S-194-7-300x225.jpg 300w\" sizes=\"(max-width: 630px) 100vw, 630px\" \/><\/p>\n<p style=\"text-align: center;\"><img loading=\"lazy\" class=\"aligncenter size-full wp-image-321551\" src=\"https:\/\/www.camperonline.it\/magazine\/wp-content\/uploads\/2021\/07\/39-S-194-8.jpg\" alt=\"\" width=\"630\" height=\"473\" srcset=\"https:\/\/www.camperonline.it\/magazine\/wp-content\/uploads\/2021\/07\/39-S-194-8.jpg 630w, https:\/\/www.camperonline.it\/magazine\/wp-content\/uploads\/2021\/07\/39-S-194-8-300x225.jpg 300w\" sizes=\"(max-width: 630px) 100vw, 630px\" \/><\/p>\n<h2>X 150<\/h2>\n<p>Ovviamente nella gamma <strong>Challenger<\/strong> 2022 ritroviamo l\u2019<strong>X 150<\/strong>, che \u00e8 stato lanciato sul mercato a primavera. E\u2019 un veicolo che fa storia a s\u00e9 e crea un interessante connubio tra i semintegrali e i camper furgonati. Esternamente, forme e colori sono in grado di attirare l\u2019attenzione. La parete posteriore integra una fascia con la fanaleria, mentre nella parte anteriore il cupolino raccorda alla perfezione il parabrezza al tetto.<\/p>\n<p style=\"text-align: center;\"><img loading=\"lazy\" class=\"aligncenter size-full wp-image-321552\" src=\"https:\/\/www.camperonline.it\/magazine\/wp-content\/uploads\/2021\/07\/43-X150-1.jpg\" alt=\"\" width=\"630\" height=\"420\" srcset=\"https:\/\/www.camperonline.it\/magazine\/wp-content\/uploads\/2021\/07\/43-X150-1.jpg 630w, https:\/\/www.camperonline.it\/magazine\/wp-content\/uploads\/2021\/07\/43-X150-1-300x200.jpg 300w\" sizes=\"(max-width: 630px) 100vw, 630px\" \/><\/p>\n<p>In generale, non si avvertono interruzioni tra la cabina e la cellula abitativa. Del resto, la larghezza di questo veicolo \u00e8 di 210 cm, quindi solo 5 cm in pi\u00f9 della cabina del Fiat Ducato. L\u2019<strong>X 150<\/strong> \u00e8 un veicolo stretto, ma anche corto: la lunghezza \u00e8 di soli 599 cm.<\/p>\n<p style=\"text-align: center;\"><img loading=\"lazy\" class=\"aligncenter size-full wp-image-321553\" src=\"https:\/\/www.camperonline.it\/magazine\/wp-content\/uploads\/2021\/07\/43-X150-4.jpg\" alt=\"\" width=\"630\" height=\"420\" srcset=\"https:\/\/www.camperonline.it\/magazine\/wp-content\/uploads\/2021\/07\/43-X150-4.jpg 630w, https:\/\/www.camperonline.it\/magazine\/wp-content\/uploads\/2021\/07\/43-X150-4-300x200.jpg 300w\" sizes=\"(max-width: 630px) 100vw, 630px\" \/><\/p>\n<p>All\u2019interno non troviamo il classico letto fisso posteriore, bens\u00ec un letto basculante anteriore che lascia molto spazio agli altri elementi d\u2019arredo. Per il living \u00e8 stata scelta la conviviale ariosa soluzione della dinette face-to-face. Il tavolo \u00e8 ampliabile e pu\u00f2 essere abbassato elettricamente.<\/p>\n<p><img loading=\"lazy\" class=\"aligncenter size-full wp-image-321554\" src=\"https:\/\/www.camperonline.it\/magazine\/wp-content\/uploads\/2021\/07\/44-X150.jpg\" alt=\"\" width=\"630\" height=\"420\" srcset=\"https:\/\/www.camperonline.it\/magazine\/wp-content\/uploads\/2021\/07\/44-X150.jpg 630w, https:\/\/www.camperonline.it\/magazine\/wp-content\/uploads\/2021\/07\/44-X150-300x200.jpg 300w\" sizes=\"(max-width: 630px) 100vw, 630px\" \/><\/p>\n<p>La cucina \u00e8 ben sviluppata, con un buon piano d\u2019appoggio e un grande frigorifero da 135 litri. Il vano toilette occupa tutta la zona posteriore del mezzo. E\u2019 possibile separare il vano doccia, molto ampio. Il lavabo invece \u00e8 ribaltabile, a scomparsa nella parete.<\/p>\n<p style=\"text-align: center;\"><img loading=\"lazy\" class=\"aligncenter size-full wp-image-321555\" src=\"https:\/\/www.camperonline.it\/magazine\/wp-content\/uploads\/2021\/07\/48-X-150-8.jpg\" alt=\"\" width=\"630\" height=\"421\" srcset=\"https:\/\/www.camperonline.it\/magazine\/wp-content\/uploads\/2021\/07\/48-X-150-8.jpg 630w, https:\/\/www.camperonline.it\/magazine\/wp-content\/uploads\/2021\/07\/48-X-150-8-300x200.jpg 300w\" sizes=\"(max-width: 630px) 100vw, 630px\" \/><\/p>\n<p>Per mezzo di due porte \u00e8 possibile separare il bagno e creare una zona spogliatoio, nella quale sono collocati i due armadi, uno dei quali \u00e8 accessibile dall\u2019esterno e quindi sfruttabile anche come gavone. In definitiva, anche per la stagione 2022 Challenger riesce a stupire per la variet\u00e0 delle proposte e la stimolante fusione tra varie tipologie.<\/p>\n<h3>Fotogallery<\/h3>\n<!-- default-view.php -->\n<div\n\tclass=\"ngg-galleryoverview default-view  ngg-ajax-pagination-none\"\n\tid=\"ngg-gallery-9e95b652c378e6548c3a92a85904347a-1\">\n\n\t\t<!-- Thumbnails -->\n\t\t\t\t<div id=\"ngg-image-0\" class=\"ngg-gallery-thumbnail-box ngg-5-columns\" >\n\t\t\t\t        <div class=\"ngg-gallery-thumbnail\">\n            <a href=\"https:\/\/www.camperonline.it\/magazine\/wp-content\/gallery\/anteprime-2022-challenger\/41-S-194-11.jpg\"\n               title=\"\"\n               data-src=\"https:\/\/www.camperonline.it\/magazine\/wp-content\/gallery\/anteprime-2022-challenger\/41-S-194-11.jpg\"\n               data-thumbnail=\"https:\/\/www.camperonline.it\/magazine\/wp-content\/gallery\/anteprime-2022-challenger\/thumbs\/thumbs_41-S-194-11.jpg\"\n               data-image-id=\"122715\"\n               data-title=\"41-S-194-11\"\n               data-description=\"\"\n               data-image-slug=\"41-s-194-11\"\n               class=\"ngg-fancybox\" rel=\"9e95b652c378e6548c3a92a85904347a\">\n                <img\n                    title=\"41-S-194-11\"\n                    alt=\"41-S-194-11\"\n                    src=\"https:\/\/www.camperonline.it\/magazine\/wp-content\/gallery\/anteprime-2022-challenger\/thumbs\/thumbs_41-S-194-11.jpg\"\n                    width=\"240\"\n                    height=\"160\"\n                    style=\"max-width:100%;\"\n                \/>\n            <\/a>\n        <\/div>\n\t\t\t\t\t\t\t<\/div> \n\t\t\t\n\t\t\t\t<div id=\"ngg-image-1\" class=\"ngg-gallery-thumbnail-box ngg-5-columns\" >\n\t\t\t\t        <div class=\"ngg-gallery-thumbnail\">\n            <a href=\"https:\/\/www.camperonline.it\/magazine\/wp-content\/gallery\/anteprime-2022-challenger\/28-260-Start-Edition-4.jpg\"\n               title=\"\"\n               data-src=\"https:\/\/www.camperonline.it\/magazine\/wp-content\/gallery\/anteprime-2022-challenger\/28-260-Start-Edition-4.jpg\"\n               data-thumbnail=\"https:\/\/www.camperonline.it\/magazine\/wp-content\/gallery\/anteprime-2022-challenger\/thumbs\/thumbs_28-260-Start-Edition-4.jpg\"\n               data-image-id=\"122702\"\n               data-title=\"28-260-Start-Edition-4\"\n               data-description=\"\"\n               data-image-slug=\"28-260-start-edition-4\"\n               class=\"ngg-fancybox\" rel=\"9e95b652c378e6548c3a92a85904347a\">\n                <img\n                    title=\"28-260-Start-Edition-4\"\n                    alt=\"28-260-Start-Edition-4\"\n                    src=\"https:\/\/www.camperonline.it\/magazine\/wp-content\/gallery\/anteprime-2022-challenger\/thumbs\/thumbs_28-260-Start-Edition-4.jpg\"\n                    width=\"240\"\n                    height=\"160\"\n                    style=\"max-width:100%;\"\n                \/>\n            <\/a>\n        <\/div>\n\t\t\t\t\t\t\t<\/div> \n\t\t\t\n\t\t\t\t<div id=\"ngg-image-2\" class=\"ngg-gallery-thumbnail-box ngg-5-columns\" >\n\t\t\t\t        <div class=\"ngg-gallery-thumbnail\">\n            <a href=\"https:\/\/www.camperonline.it\/magazine\/wp-content\/gallery\/anteprime-2022-challenger\/29-260-Start-Edition-2.jpg\"\n               title=\"\"\n               data-src=\"https:\/\/www.camperonline.it\/magazine\/wp-content\/gallery\/anteprime-2022-challenger\/29-260-Start-Edition-2.jpg\"\n               data-thumbnail=\"https:\/\/www.camperonline.it\/magazine\/wp-content\/gallery\/anteprime-2022-challenger\/thumbs\/thumbs_29-260-Start-Edition-2.jpg\"\n               data-image-id=\"122703\"\n               data-title=\"29-260-Start-Edition-2\"\n               data-description=\"\"\n               data-image-slug=\"29-260-start-edition-2\"\n               class=\"ngg-fancybox\" rel=\"9e95b652c378e6548c3a92a85904347a\">\n                <img\n                    title=\"29-260-Start-Edition-2\"\n                    alt=\"29-260-Start-Edition-2\"\n                    src=\"https:\/\/www.camperonline.it\/magazine\/wp-content\/gallery\/anteprime-2022-challenger\/thumbs\/thumbs_29-260-Start-Edition-2.jpg\"\n                    width=\"240\"\n                    height=\"160\"\n                    style=\"max-width:100%;\"\n                \/>\n            <\/a>\n        <\/div>\n\t\t\t\t\t\t\t<\/div> \n\t\t\t\n\t\t\t\t<div id=\"ngg-image-3\" class=\"ngg-gallery-thumbnail-box ngg-5-columns\" >\n\t\t\t\t        <div class=\"ngg-gallery-thumbnail\">\n            <a href=\"https:\/\/www.camperonline.it\/magazine\/wp-content\/gallery\/anteprime-2022-challenger\/30-260-Start-Edition-3.jpg\"\n               title=\"\"\n               data-src=\"https:\/\/www.camperonline.it\/magazine\/wp-content\/gallery\/anteprime-2022-challenger\/30-260-Start-Edition-3.jpg\"\n               data-thumbnail=\"https:\/\/www.camperonline.it\/magazine\/wp-content\/gallery\/anteprime-2022-challenger\/thumbs\/thumbs_30-260-Start-Edition-3.jpg\"\n               data-image-id=\"122704\"\n               data-title=\"30-260-Start-Edition-3\"\n               data-description=\"\"\n               data-image-slug=\"30-260-start-edition-3\"\n               class=\"ngg-fancybox\" rel=\"9e95b652c378e6548c3a92a85904347a\">\n                <img\n                    title=\"30-260-Start-Edition-3\"\n                    alt=\"30-260-Start-Edition-3\"\n                    src=\"https:\/\/www.camperonline.it\/magazine\/wp-content\/gallery\/anteprime-2022-challenger\/thumbs\/thumbs_30-260-Start-Edition-3.jpg\"\n                    width=\"240\"\n                    height=\"160\"\n                    style=\"max-width:100%;\"\n                \/>\n            <\/a>\n        <\/div>\n\t\t\t\t\t\t\t<\/div> \n\t\t\t\n\t\t\t\t<div id=\"ngg-image-4\" class=\"ngg-gallery-thumbnail-box ngg-5-columns\" >\n\t\t\t\t        <div class=\"ngg-gallery-thumbnail\">\n            <a href=\"https:\/\/www.camperonline.it\/magazine\/wp-content\/gallery\/anteprime-2022-challenger\/31-260-Start-Edition.jpg\"\n               title=\"\"\n               data-src=\"https:\/\/www.camperonline.it\/magazine\/wp-content\/gallery\/anteprime-2022-challenger\/31-260-Start-Edition.jpg\"\n               data-thumbnail=\"https:\/\/www.camperonline.it\/magazine\/wp-content\/gallery\/anteprime-2022-challenger\/thumbs\/thumbs_31-260-Start-Edition.jpg\"\n               data-image-id=\"122705\"\n               data-title=\"31-260-Start-Edition\"\n               data-description=\"\"\n               data-image-slug=\"31-260-start-edition\"\n               class=\"ngg-fancybox\" rel=\"9e95b652c378e6548c3a92a85904347a\">\n                <img\n                    title=\"31-260-Start-Edition\"\n                    alt=\"31-260-Start-Edition\"\n                    src=\"https:\/\/www.camperonline.it\/magazine\/wp-content\/gallery\/anteprime-2022-challenger\/thumbs\/thumbs_31-260-Start-Edition.jpg\"\n                    width=\"240\"\n                    height=\"160\"\n                    style=\"max-width:100%;\"\n                \/>\n            <\/a>\n        <\/div>\n\t\t\t\t\t\t\t<\/div> \n\t\t\t\n\t\t\t\t<div id=\"ngg-image-5\" class=\"ngg-gallery-thumbnail-box ngg-5-columns\" >\n\t\t\t\t        <div class=\"ngg-gallery-thumbnail\">\n            <a href=\"https:\/\/www.camperonline.it\/magazine\/wp-content\/gallery\/anteprime-2022-challenger\/32-S-194-12.jpg\"\n               title=\"\"\n               data-src=\"https:\/\/www.camperonline.it\/magazine\/wp-content\/gallery\/anteprime-2022-challenger\/32-S-194-12.jpg\"\n               data-thumbnail=\"https:\/\/www.camperonline.it\/magazine\/wp-content\/gallery\/anteprime-2022-challenger\/thumbs\/thumbs_32-S-194-12.jpg\"\n               data-image-id=\"122706\"\n               data-title=\"32-S-194-12\"\n               data-description=\"\"\n               data-image-slug=\"32-s-194-12\"\n               class=\"ngg-fancybox\" rel=\"9e95b652c378e6548c3a92a85904347a\">\n                <img\n                    title=\"32-S-194-12\"\n                    alt=\"32-S-194-12\"\n                    src=\"https:\/\/www.camperonline.it\/magazine\/wp-content\/gallery\/anteprime-2022-challenger\/thumbs\/thumbs_32-S-194-12.jpg\"\n                    width=\"240\"\n                    height=\"160\"\n                    style=\"max-width:100%;\"\n                \/>\n            <\/a>\n        <\/div>\n\t\t\t\t\t\t\t<\/div> \n\t\t\t\n\t\t\t\t<div id=\"ngg-image-6\" class=\"ngg-gallery-thumbnail-box ngg-5-columns\" >\n\t\t\t\t        <div class=\"ngg-gallery-thumbnail\">\n            <a href=\"https:\/\/www.camperonline.it\/magazine\/wp-content\/gallery\/anteprime-2022-challenger\/33-S-194-4.jpg\"\n               title=\"\"\n               data-src=\"https:\/\/www.camperonline.it\/magazine\/wp-content\/gallery\/anteprime-2022-challenger\/33-S-194-4.jpg\"\n               data-thumbnail=\"https:\/\/www.camperonline.it\/magazine\/wp-content\/gallery\/anteprime-2022-challenger\/thumbs\/thumbs_33-S-194-4.jpg\"\n               data-image-id=\"122707\"\n               data-title=\"33-S-194-4\"\n               data-description=\"\"\n               data-image-slug=\"33-s-194-4\"\n               class=\"ngg-fancybox\" rel=\"9e95b652c378e6548c3a92a85904347a\">\n                <img\n                    title=\"33-S-194-4\"\n                    alt=\"33-S-194-4\"\n                    src=\"https:\/\/www.camperonline.it\/magazine\/wp-content\/gallery\/anteprime-2022-challenger\/thumbs\/thumbs_33-S-194-4.jpg\"\n                    width=\"240\"\n                    height=\"160\"\n                    style=\"max-width:100%;\"\n                \/>\n            <\/a>\n        <\/div>\n\t\t\t\t\t\t\t<\/div> \n\t\t\t\n\t\t\t\t<div id=\"ngg-image-7\" class=\"ngg-gallery-thumbnail-box ngg-5-columns\" >\n\t\t\t\t        <div class=\"ngg-gallery-thumbnail\">\n            <a href=\"https:\/\/www.camperonline.it\/magazine\/wp-content\/gallery\/anteprime-2022-challenger\/34-S-194-2.jpg\"\n               title=\"\"\n               data-src=\"https:\/\/www.camperonline.it\/magazine\/wp-content\/gallery\/anteprime-2022-challenger\/34-S-194-2.jpg\"\n               data-thumbnail=\"https:\/\/www.camperonline.it\/magazine\/wp-content\/gallery\/anteprime-2022-challenger\/thumbs\/thumbs_34-S-194-2.jpg\"\n               data-image-id=\"122708\"\n               data-title=\"34-S-194-2\"\n               data-description=\"\"\n               data-image-slug=\"34-s-194-2\"\n               class=\"ngg-fancybox\" rel=\"9e95b652c378e6548c3a92a85904347a\">\n                <img\n                    title=\"34-S-194-2\"\n                    alt=\"34-S-194-2\"\n                    src=\"https:\/\/www.camperonline.it\/magazine\/wp-content\/gallery\/anteprime-2022-challenger\/thumbs\/thumbs_34-S-194-2.jpg\"\n                    width=\"240\"\n                    height=\"160\"\n                    style=\"max-width:100%;\"\n                \/>\n            <\/a>\n        <\/div>\n\t\t\t\t\t\t\t<\/div> \n\t\t\t\n\t\t\t\t<div id=\"ngg-image-8\" class=\"ngg-gallery-thumbnail-box ngg-5-columns\" >\n\t\t\t\t        <div class=\"ngg-gallery-thumbnail\">\n            <a href=\"https:\/\/www.camperonline.it\/magazine\/wp-content\/gallery\/anteprime-2022-challenger\/35-S-194-1.jpg\"\n               title=\"\"\n               data-src=\"https:\/\/www.camperonline.it\/magazine\/wp-content\/gallery\/anteprime-2022-challenger\/35-S-194-1.jpg\"\n               data-thumbnail=\"https:\/\/www.camperonline.it\/magazine\/wp-content\/gallery\/anteprime-2022-challenger\/thumbs\/thumbs_35-S-194-1.jpg\"\n               data-image-id=\"122709\"\n               data-title=\"35-S-194-1\"\n               data-description=\"\"\n               data-image-slug=\"35-s-194-1\"\n               class=\"ngg-fancybox\" rel=\"9e95b652c378e6548c3a92a85904347a\">\n                <img\n                    title=\"35-S-194-1\"\n                    alt=\"35-S-194-1\"\n                    src=\"https:\/\/www.camperonline.it\/magazine\/wp-content\/gallery\/anteprime-2022-challenger\/thumbs\/thumbs_35-S-194-1.jpg\"\n                    width=\"240\"\n                    height=\"160\"\n                    style=\"max-width:100%;\"\n                \/>\n            <\/a>\n        <\/div>\n\t\t\t\t\t\t\t<\/div> \n\t\t\t\n\t\t\t\t<div id=\"ngg-image-9\" class=\"ngg-gallery-thumbnail-box ngg-5-columns\" >\n\t\t\t\t        <div class=\"ngg-gallery-thumbnail\">\n            <a href=\"https:\/\/www.camperonline.it\/magazine\/wp-content\/gallery\/anteprime-2022-challenger\/36-S-194-6.jpg\"\n               title=\"\"\n               data-src=\"https:\/\/www.camperonline.it\/magazine\/wp-content\/gallery\/anteprime-2022-challenger\/36-S-194-6.jpg\"\n               data-thumbnail=\"https:\/\/www.camperonline.it\/magazine\/wp-content\/gallery\/anteprime-2022-challenger\/thumbs\/thumbs_36-S-194-6.jpg\"\n               data-image-id=\"122710\"\n               data-title=\"36-S-194-6\"\n               data-description=\"\"\n               data-image-slug=\"36-s-194-6\"\n               class=\"ngg-fancybox\" rel=\"9e95b652c378e6548c3a92a85904347a\">\n                <img\n                    title=\"36-S-194-6\"\n                    alt=\"36-S-194-6\"\n                    src=\"https:\/\/www.camperonline.it\/magazine\/wp-content\/gallery\/anteprime-2022-challenger\/thumbs\/thumbs_36-S-194-6.jpg\"\n                    width=\"240\"\n                    height=\"160\"\n                    style=\"max-width:100%;\"\n                \/>\n            <\/a>\n        <\/div>\n\t\t\t\t\t\t\t<\/div> \n\t\t\t\n\t\t\t\t<div id=\"ngg-image-10\" class=\"ngg-gallery-thumbnail-box ngg-5-columns\" >\n\t\t\t\t        <div class=\"ngg-gallery-thumbnail\">\n            <a href=\"https:\/\/www.camperonline.it\/magazine\/wp-content\/gallery\/anteprime-2022-challenger\/37-S-194-5.jpg\"\n               title=\"\"\n               data-src=\"https:\/\/www.camperonline.it\/magazine\/wp-content\/gallery\/anteprime-2022-challenger\/37-S-194-5.jpg\"\n               data-thumbnail=\"https:\/\/www.camperonline.it\/magazine\/wp-content\/gallery\/anteprime-2022-challenger\/thumbs\/thumbs_37-S-194-5.jpg\"\n               data-image-id=\"122711\"\n               data-title=\"37-S-194-5\"\n               data-description=\"\"\n               data-image-slug=\"37-s-194-5\"\n               class=\"ngg-fancybox\" rel=\"9e95b652c378e6548c3a92a85904347a\">\n                <img\n                    title=\"37-S-194-5\"\n                    alt=\"37-S-194-5\"\n                    src=\"https:\/\/www.camperonline.it\/magazine\/wp-content\/gallery\/anteprime-2022-challenger\/thumbs\/thumbs_37-S-194-5.jpg\"\n                    width=\"240\"\n                    height=\"160\"\n                    style=\"max-width:100%;\"\n                \/>\n            <\/a>\n        <\/div>\n\t\t\t\t\t\t\t<\/div> \n\t\t\t\n\t\t\t\t<div id=\"ngg-image-11\" class=\"ngg-gallery-thumbnail-box ngg-5-columns\" >\n\t\t\t\t        <div class=\"ngg-gallery-thumbnail\">\n            <a href=\"https:\/\/www.camperonline.it\/magazine\/wp-content\/gallery\/anteprime-2022-challenger\/38-S-194-7.jpg\"\n               title=\"\"\n               data-src=\"https:\/\/www.camperonline.it\/magazine\/wp-content\/gallery\/anteprime-2022-challenger\/38-S-194-7.jpg\"\n               data-thumbnail=\"https:\/\/www.camperonline.it\/magazine\/wp-content\/gallery\/anteprime-2022-challenger\/thumbs\/thumbs_38-S-194-7.jpg\"\n               data-image-id=\"122712\"\n               data-title=\"38-S-194-7\"\n               data-description=\"\"\n               data-image-slug=\"38-s-194-7\"\n               class=\"ngg-fancybox\" rel=\"9e95b652c378e6548c3a92a85904347a\">\n                <img\n                    title=\"38-S-194-7\"\n                    alt=\"38-S-194-7\"\n                    src=\"https:\/\/www.camperonline.it\/magazine\/wp-content\/gallery\/anteprime-2022-challenger\/thumbs\/thumbs_38-S-194-7.jpg\"\n                    width=\"240\"\n                    height=\"160\"\n                    style=\"max-width:100%;\"\n                \/>\n            <\/a>\n        <\/div>\n\t\t\t\t\t\t\t<\/div> \n\t\t\t\n\t\t\t\t<div id=\"ngg-image-12\" class=\"ngg-gallery-thumbnail-box ngg-5-columns\" >\n\t\t\t\t        <div class=\"ngg-gallery-thumbnail\">\n            <a href=\"https:\/\/www.camperonline.it\/magazine\/wp-content\/gallery\/anteprime-2022-challenger\/39-S-194-8.jpg\"\n               title=\"\"\n               data-src=\"https:\/\/www.camperonline.it\/magazine\/wp-content\/gallery\/anteprime-2022-challenger\/39-S-194-8.jpg\"\n               data-thumbnail=\"https:\/\/www.camperonline.it\/magazine\/wp-content\/gallery\/anteprime-2022-challenger\/thumbs\/thumbs_39-S-194-8.jpg\"\n               data-image-id=\"122713\"\n               data-title=\"39-S-194-8\"\n               data-description=\"\"\n               data-image-slug=\"39-s-194-8\"\n               class=\"ngg-fancybox\" rel=\"9e95b652c378e6548c3a92a85904347a\">\n                <img\n                    title=\"39-S-194-8\"\n                    alt=\"39-S-194-8\"\n                    src=\"https:\/\/www.camperonline.it\/magazine\/wp-content\/gallery\/anteprime-2022-challenger\/thumbs\/thumbs_39-S-194-8.jpg\"\n                    width=\"240\"\n                    height=\"160\"\n                    style=\"max-width:100%;\"\n                \/>\n            <\/a>\n        <\/div>\n\t\t\t\t\t\t\t<\/div> \n\t\t\t\n\t\t\t\t<div id=\"ngg-image-13\" class=\"ngg-gallery-thumbnail-box ngg-5-columns\" >\n\t\t\t\t        <div class=\"ngg-gallery-thumbnail\">\n            <a href=\"https:\/\/www.camperonline.it\/magazine\/wp-content\/gallery\/anteprime-2022-challenger\/40-S-194-9.jpg\"\n               title=\"\"\n               data-src=\"https:\/\/www.camperonline.it\/magazine\/wp-content\/gallery\/anteprime-2022-challenger\/40-S-194-9.jpg\"\n               data-thumbnail=\"https:\/\/www.camperonline.it\/magazine\/wp-content\/gallery\/anteprime-2022-challenger\/thumbs\/thumbs_40-S-194-9.jpg\"\n               data-image-id=\"122714\"\n               data-title=\"40-S-194-9\"\n               data-description=\"\"\n               data-image-slug=\"40-s-194-9\"\n               class=\"ngg-fancybox\" rel=\"9e95b652c378e6548c3a92a85904347a\">\n                <img\n                    title=\"40-S-194-9\"\n                    alt=\"40-S-194-9\"\n                    src=\"https:\/\/www.camperonline.it\/magazine\/wp-content\/gallery\/anteprime-2022-challenger\/thumbs\/thumbs_40-S-194-9.jpg\"\n                    width=\"240\"\n                    height=\"160\"\n                    style=\"max-width:100%;\"\n                \/>\n            <\/a>\n        <\/div>\n\t\t\t\t\t\t\t<\/div> \n\t\t\t\n\t\t\t\t<div id=\"ngg-image-14\" class=\"ngg-gallery-thumbnail-box ngg-5-columns\" >\n\t\t\t\t        <div class=\"ngg-gallery-thumbnail\">\n            <a href=\"https:\/\/www.camperonline.it\/magazine\/wp-content\/gallery\/anteprime-2022-challenger\/27-Nuovo-cupolino-semintegrali.jpg\"\n               title=\"\"\n               data-src=\"https:\/\/www.camperonline.it\/magazine\/wp-content\/gallery\/anteprime-2022-challenger\/27-Nuovo-cupolino-semintegrali.jpg\"\n               data-thumbnail=\"https:\/\/www.camperonline.it\/magazine\/wp-content\/gallery\/anteprime-2022-challenger\/thumbs\/thumbs_27-Nuovo-cupolino-semintegrali.jpg\"\n               data-image-id=\"122701\"\n               data-title=\"27-Nuovo-cupolino-semintegrali\"\n               data-description=\"\"\n               data-image-slug=\"27-nuovo-cupolino-semintegrali\"\n               class=\"ngg-fancybox\" rel=\"9e95b652c378e6548c3a92a85904347a\">\n                <img\n                    title=\"27-Nuovo-cupolino-semintegrali\"\n                    alt=\"27-Nuovo-cupolino-semintegrali\"\n                    src=\"https:\/\/www.camperonline.it\/magazine\/wp-content\/gallery\/anteprime-2022-challenger\/thumbs\/thumbs_27-Nuovo-cupolino-semintegrali.jpg\"\n                    width=\"240\"\n                    height=\"160\"\n                    style=\"max-width:100%;\"\n                \/>\n            <\/a>\n        <\/div>\n\t\t\t\t\t\t\t<\/div> \n\t\t\t\n\t\t\t\t<div id=\"ngg-image-15\" class=\"ngg-gallery-thumbnail-box ngg-5-columns\" >\n\t\t\t\t        <div class=\"ngg-gallery-thumbnail\">\n            <a href=\"https:\/\/www.camperonline.it\/magazine\/wp-content\/gallery\/anteprime-2022-challenger\/41-2-S-194-10.jpg\"\n               title=\"\"\n               data-src=\"https:\/\/www.camperonline.it\/magazine\/wp-content\/gallery\/anteprime-2022-challenger\/41-2-S-194-10.jpg\"\n               data-thumbnail=\"https:\/\/www.camperonline.it\/magazine\/wp-content\/gallery\/anteprime-2022-challenger\/thumbs\/thumbs_41-2-S-194-10.jpg\"\n               data-image-id=\"122716\"\n               data-title=\"41-2-S-194-10\"\n               data-description=\"\"\n               data-image-slug=\"41-2-s-194-10\"\n               class=\"ngg-fancybox\" rel=\"9e95b652c378e6548c3a92a85904347a\">\n                <img\n                    title=\"41-2-S-194-10\"\n                    alt=\"41-2-S-194-10\"\n                    src=\"https:\/\/www.camperonline.it\/magazine\/wp-content\/gallery\/anteprime-2022-challenger\/thumbs\/thumbs_41-2-S-194-10.jpg\"\n                    width=\"240\"\n                    height=\"160\"\n                    style=\"max-width:100%;\"\n                \/>\n            <\/a>\n        <\/div>\n\t\t\t\t\t\t\t<\/div> \n\t\t\t\n\t\t\t\t<div id=\"ngg-image-16\" class=\"ngg-gallery-thumbnail-box ngg-5-columns\" >\n\t\t\t\t        <div class=\"ngg-gallery-thumbnail\">\n            <a href=\"https:\/\/www.camperonline.it\/magazine\/wp-content\/gallery\/anteprime-2022-challenger\/42-S-194.jpg\"\n               title=\"\"\n               data-src=\"https:\/\/www.camperonline.it\/magazine\/wp-content\/gallery\/anteprime-2022-challenger\/42-S-194.jpg\"\n               data-thumbnail=\"https:\/\/www.camperonline.it\/magazine\/wp-content\/gallery\/anteprime-2022-challenger\/thumbs\/thumbs_42-S-194.jpg\"\n               data-image-id=\"122717\"\n               data-title=\"42-S-194\"\n               data-description=\"\"\n               data-image-slug=\"42-s-194\"\n               class=\"ngg-fancybox\" rel=\"9e95b652c378e6548c3a92a85904347a\">\n                <img\n                    title=\"42-S-194\"\n                    alt=\"42-S-194\"\n                    src=\"https:\/\/www.camperonline.it\/magazine\/wp-content\/gallery\/anteprime-2022-challenger\/thumbs\/thumbs_42-S-194.jpg\"\n                    width=\"240\"\n                    height=\"160\"\n                    style=\"max-width:100%;\"\n                \/>\n            <\/a>\n        <\/div>\n\t\t\t\t\t\t\t<\/div> \n\t\t\t\n\t\t\t\t<div id=\"ngg-image-17\" class=\"ngg-gallery-thumbnail-box ngg-5-columns\" >\n\t\t\t\t        <div class=\"ngg-gallery-thumbnail\">\n            <a href=\"https:\/\/www.camperonline.it\/magazine\/wp-content\/gallery\/anteprime-2022-challenger\/43-X150-1.jpg\"\n               title=\"\"\n               data-src=\"https:\/\/www.camperonline.it\/magazine\/wp-content\/gallery\/anteprime-2022-challenger\/43-X150-1.jpg\"\n               data-thumbnail=\"https:\/\/www.camperonline.it\/magazine\/wp-content\/gallery\/anteprime-2022-challenger\/thumbs\/thumbs_43-X150-1.jpg\"\n               data-image-id=\"122718\"\n               data-title=\"43-X150-1\"\n               data-description=\"\"\n               data-image-slug=\"43-x150-1\"\n               class=\"ngg-fancybox\" rel=\"9e95b652c378e6548c3a92a85904347a\">\n                <img\n                    title=\"43-X150-1\"\n                    alt=\"43-X150-1\"\n                    src=\"https:\/\/www.camperonline.it\/magazine\/wp-content\/gallery\/anteprime-2022-challenger\/thumbs\/thumbs_43-X150-1.jpg\"\n                    width=\"240\"\n                    height=\"160\"\n                    style=\"max-width:100%;\"\n                \/>\n            <\/a>\n        <\/div>\n\t\t\t\t\t\t\t<\/div> \n\t\t\t\n\t\t\t\t<div id=\"ngg-image-18\" class=\"ngg-gallery-thumbnail-box ngg-5-columns\" >\n\t\t\t\t        <div class=\"ngg-gallery-thumbnail\">\n            <a href=\"https:\/\/www.camperonline.it\/magazine\/wp-content\/gallery\/anteprime-2022-challenger\/43-X150-2.jpg\"\n               title=\"\"\n               data-src=\"https:\/\/www.camperonline.it\/magazine\/wp-content\/gallery\/anteprime-2022-challenger\/43-X150-2.jpg\"\n               data-thumbnail=\"https:\/\/www.camperonline.it\/magazine\/wp-content\/gallery\/anteprime-2022-challenger\/thumbs\/thumbs_43-X150-2.jpg\"\n               data-image-id=\"122719\"\n               data-title=\"43-X150-2\"\n               data-description=\"\"\n               data-image-slug=\"43-x150-2\"\n               class=\"ngg-fancybox\" rel=\"9e95b652c378e6548c3a92a85904347a\">\n                <img\n                    title=\"43-X150-2\"\n                    alt=\"43-X150-2\"\n                    src=\"https:\/\/www.camperonline.it\/magazine\/wp-content\/gallery\/anteprime-2022-challenger\/thumbs\/thumbs_43-X150-2.jpg\"\n                    width=\"240\"\n                    height=\"160\"\n                    style=\"max-width:100%;\"\n                \/>\n            <\/a>\n        <\/div>\n\t\t\t\t\t\t\t<\/div> \n\t\t\t\n\t\t\t\t<div id=\"ngg-image-19\" class=\"ngg-gallery-thumbnail-box ngg-5-columns\" >\n\t\t\t\t        <div class=\"ngg-gallery-thumbnail\">\n            <a href=\"https:\/\/www.camperonline.it\/magazine\/wp-content\/gallery\/anteprime-2022-challenger\/43-X150-3.jpg\"\n               title=\"\"\n               data-src=\"https:\/\/www.camperonline.it\/magazine\/wp-content\/gallery\/anteprime-2022-challenger\/43-X150-3.jpg\"\n               data-thumbnail=\"https:\/\/www.camperonline.it\/magazine\/wp-content\/gallery\/anteprime-2022-challenger\/thumbs\/thumbs_43-X150-3.jpg\"\n               data-image-id=\"122720\"\n               data-title=\"43-X150-3\"\n               data-description=\"\"\n               data-image-slug=\"43-x150-3\"\n               class=\"ngg-fancybox\" rel=\"9e95b652c378e6548c3a92a85904347a\">\n                <img\n                    title=\"43-X150-3\"\n                    alt=\"43-X150-3\"\n                    src=\"https:\/\/www.camperonline.it\/magazine\/wp-content\/gallery\/anteprime-2022-challenger\/thumbs\/thumbs_43-X150-3.jpg\"\n                    width=\"240\"\n                    height=\"160\"\n                    style=\"max-width:100%;\"\n                \/>\n            <\/a>\n        <\/div>\n\t\t\t\t\t\t\t<\/div> \n\t\t\t\n\t\t\t\t<div id=\"ngg-image-20\" class=\"ngg-gallery-thumbnail-box ngg-5-columns\" >\n\t\t\t\t        <div class=\"ngg-gallery-thumbnail\">\n            <a href=\"https:\/\/www.camperonline.it\/magazine\/wp-content\/gallery\/anteprime-2022-challenger\/43-X150-4.jpg\"\n               title=\"\"\n               data-src=\"https:\/\/www.camperonline.it\/magazine\/wp-content\/gallery\/anteprime-2022-challenger\/43-X150-4.jpg\"\n               data-thumbnail=\"https:\/\/www.camperonline.it\/magazine\/wp-content\/gallery\/anteprime-2022-challenger\/thumbs\/thumbs_43-X150-4.jpg\"\n               data-image-id=\"122721\"\n               data-title=\"43-X150-4\"\n               data-description=\"\"\n               data-image-slug=\"43-x150-4\"\n               class=\"ngg-fancybox\" rel=\"9e95b652c378e6548c3a92a85904347a\">\n                <img\n                    title=\"43-X150-4\"\n                    alt=\"43-X150-4\"\n                    src=\"https:\/\/www.camperonline.it\/magazine\/wp-content\/gallery\/anteprime-2022-challenger\/thumbs\/thumbs_43-X150-4.jpg\"\n                    width=\"240\"\n                    height=\"160\"\n                    style=\"max-width:100%;\"\n                \/>\n            <\/a>\n        <\/div>\n\t\t\t\t\t\t\t<\/div> \n\t\t\t\n\t\t\t\t<div id=\"ngg-image-21\" class=\"ngg-gallery-thumbnail-box ngg-5-columns\" >\n\t\t\t\t        <div class=\"ngg-gallery-thumbnail\">\n            <a href=\"https:\/\/www.camperonline.it\/magazine\/wp-content\/gallery\/anteprime-2022-challenger\/44-X150.jpg\"\n               title=\"\"\n               data-src=\"https:\/\/www.camperonline.it\/magazine\/wp-content\/gallery\/anteprime-2022-challenger\/44-X150.jpg\"\n               data-thumbnail=\"https:\/\/www.camperonline.it\/magazine\/wp-content\/gallery\/anteprime-2022-challenger\/thumbs\/thumbs_44-X150.jpg\"\n               data-image-id=\"122722\"\n               data-title=\"44-X150\"\n               data-description=\"\"\n               data-image-slug=\"44-x150\"\n               class=\"ngg-fancybox\" rel=\"9e95b652c378e6548c3a92a85904347a\">\n                <img\n                    title=\"44-X150\"\n                    alt=\"44-X150\"\n                    src=\"https:\/\/www.camperonline.it\/magazine\/wp-content\/gallery\/anteprime-2022-challenger\/thumbs\/thumbs_44-X150.jpg\"\n                    width=\"240\"\n                    height=\"160\"\n                    style=\"max-width:100%;\"\n                \/>\n            <\/a>\n        <\/div>\n\t\t\t\t\t\t\t<\/div> \n\t\t\t\n\t\t\t\t<div id=\"ngg-image-22\" class=\"ngg-gallery-thumbnail-box ngg-5-columns\" >\n\t\t\t\t        <div class=\"ngg-gallery-thumbnail\">\n            <a href=\"https:\/\/www.camperonline.it\/magazine\/wp-content\/gallery\/anteprime-2022-challenger\/45-X150.jpg\"\n               title=\"\"\n               data-src=\"https:\/\/www.camperonline.it\/magazine\/wp-content\/gallery\/anteprime-2022-challenger\/45-X150.jpg\"\n               data-thumbnail=\"https:\/\/www.camperonline.it\/magazine\/wp-content\/gallery\/anteprime-2022-challenger\/thumbs\/thumbs_45-X150.jpg\"\n               data-image-id=\"122723\"\n               data-title=\"45-X150\"\n               data-description=\"\"\n               data-image-slug=\"45-x150\"\n               class=\"ngg-fancybox\" rel=\"9e95b652c378e6548c3a92a85904347a\">\n                <img\n                    title=\"45-X150\"\n                    alt=\"45-X150\"\n                    src=\"https:\/\/www.camperonline.it\/magazine\/wp-content\/gallery\/anteprime-2022-challenger\/thumbs\/thumbs_45-X150.jpg\"\n                    width=\"240\"\n                    height=\"160\"\n                    style=\"max-width:100%;\"\n                \/>\n            <\/a>\n        <\/div>\n\t\t\t\t\t\t\t<\/div> \n\t\t\t\n\t\t\t\t<div id=\"ngg-image-23\" class=\"ngg-gallery-thumbnail-box ngg-5-columns\" >\n\t\t\t\t        <div class=\"ngg-gallery-thumbnail\">\n            <a href=\"https:\/\/www.camperonline.it\/magazine\/wp-content\/gallery\/anteprime-2022-challenger\/46-X-150.jpg\"\n               title=\"\"\n               data-src=\"https:\/\/www.camperonline.it\/magazine\/wp-content\/gallery\/anteprime-2022-challenger\/46-X-150.jpg\"\n               data-thumbnail=\"https:\/\/www.camperonline.it\/magazine\/wp-content\/gallery\/anteprime-2022-challenger\/thumbs\/thumbs_46-X-150.jpg\"\n               data-image-id=\"122724\"\n               data-title=\"46-X-150\"\n               data-description=\"\"\n               data-image-slug=\"46-x-150\"\n               class=\"ngg-fancybox\" rel=\"9e95b652c378e6548c3a92a85904347a\">\n                <img\n                    title=\"46-X-150\"\n                    alt=\"46-X-150\"\n                    src=\"https:\/\/www.camperonline.it\/magazine\/wp-content\/gallery\/anteprime-2022-challenger\/thumbs\/thumbs_46-X-150.jpg\"\n                    width=\"240\"\n                    height=\"160\"\n                    style=\"max-width:100%;\"\n                \/>\n            <\/a>\n        <\/div>\n\t\t\t\t\t\t\t<\/div> \n\t\t\t\n\t\t\t\t<div id=\"ngg-image-24\" class=\"ngg-gallery-thumbnail-box ngg-5-columns\" >\n\t\t\t\t        <div class=\"ngg-gallery-thumbnail\">\n            <a href=\"https:\/\/www.camperonline.it\/magazine\/wp-content\/gallery\/anteprime-2022-challenger\/47-X150.jpg\"\n               title=\"\"\n               data-src=\"https:\/\/www.camperonline.it\/magazine\/wp-content\/gallery\/anteprime-2022-challenger\/47-X150.jpg\"\n               data-thumbnail=\"https:\/\/www.camperonline.it\/magazine\/wp-content\/gallery\/anteprime-2022-challenger\/thumbs\/thumbs_47-X150.jpg\"\n               data-image-id=\"122725\"\n               data-title=\"47-X150\"\n               data-description=\"\"\n               data-image-slug=\"47-x150\"\n               class=\"ngg-fancybox\" rel=\"9e95b652c378e6548c3a92a85904347a\">\n                <img\n                    title=\"47-X150\"\n                    alt=\"47-X150\"\n                    src=\"https:\/\/www.camperonline.it\/magazine\/wp-content\/gallery\/anteprime-2022-challenger\/thumbs\/thumbs_47-X150.jpg\"\n                    width=\"240\"\n                    height=\"160\"\n                    style=\"max-width:100%;\"\n                \/>\n            <\/a>\n        <\/div>\n\t\t\t\t\t\t\t<\/div> \n\t\t\t\n\t\t\t\t<div id=\"ngg-image-25\" class=\"ngg-gallery-thumbnail-box ngg-5-columns\" >\n\t\t\t\t        <div class=\"ngg-gallery-thumbnail\">\n            <a href=\"https:\/\/www.camperonline.it\/magazine\/wp-content\/gallery\/anteprime-2022-challenger\/48-X-150-8.jpg\"\n               title=\"\"\n               data-src=\"https:\/\/www.camperonline.it\/magazine\/wp-content\/gallery\/anteprime-2022-challenger\/48-X-150-8.jpg\"\n               data-thumbnail=\"https:\/\/www.camperonline.it\/magazine\/wp-content\/gallery\/anteprime-2022-challenger\/thumbs\/thumbs_48-X-150-8.jpg\"\n               data-image-id=\"122726\"\n               data-title=\"48-X-150-8\"\n               data-description=\"\"\n               data-image-slug=\"48-x-150-8\"\n               class=\"ngg-fancybox\" rel=\"9e95b652c378e6548c3a92a85904347a\">\n                <img\n                    title=\"48-X-150-8\"\n                    alt=\"48-X-150-8\"\n                    src=\"https:\/\/www.camperonline.it\/magazine\/wp-content\/gallery\/anteprime-2022-challenger\/thumbs\/thumbs_48-X-150-8.jpg\"\n                    width=\"240\"\n                    height=\"160\"\n                    style=\"max-width:100%;\"\n                \/>\n            <\/a>\n        <\/div>\n\t\t\t\t\t\t\t<\/div> \n\t\t\t\n\t\t\t\t<div id=\"ngg-image-26\" class=\"ngg-gallery-thumbnail-box ngg-5-columns\" >\n\t\t\t\t        <div class=\"ngg-gallery-thumbnail\">\n            <a href=\"https:\/\/www.camperonline.it\/magazine\/wp-content\/gallery\/anteprime-2022-challenger\/49-X-150-11.jpg\"\n               title=\"\"\n               data-src=\"https:\/\/www.camperonline.it\/magazine\/wp-content\/gallery\/anteprime-2022-challenger\/49-X-150-11.jpg\"\n               data-thumbnail=\"https:\/\/www.camperonline.it\/magazine\/wp-content\/gallery\/anteprime-2022-challenger\/thumbs\/thumbs_49-X-150-11.jpg\"\n               data-image-id=\"122727\"\n               data-title=\"49-X-150-11\"\n               data-description=\"\"\n               data-image-slug=\"49-x-150-11\"\n               class=\"ngg-fancybox\" rel=\"9e95b652c378e6548c3a92a85904347a\">\n                <img\n                    title=\"49-X-150-11\"\n                    alt=\"49-X-150-11\"\n                    src=\"https:\/\/www.camperonline.it\/magazine\/wp-content\/gallery\/anteprime-2022-challenger\/thumbs\/thumbs_49-X-150-11.jpg\"\n                    width=\"240\"\n                    height=\"160\"\n                    style=\"max-width:100%;\"\n                \/>\n            <\/a>\n        <\/div>\n\t\t\t\t\t\t\t<\/div> \n\t\t\t\n\t\t\t\t<div id=\"ngg-image-27\" class=\"ngg-gallery-thumbnail-box ngg-5-columns\" >\n\t\t\t\t        <div class=\"ngg-gallery-thumbnail\">\n            <a href=\"https:\/\/www.camperonline.it\/magazine\/wp-content\/gallery\/anteprime-2022-challenger\/50-X-150-13.jpg\"\n               title=\"\"\n               data-src=\"https:\/\/www.camperonline.it\/magazine\/wp-content\/gallery\/anteprime-2022-challenger\/50-X-150-13.jpg\"\n               data-thumbnail=\"https:\/\/www.camperonline.it\/magazine\/wp-content\/gallery\/anteprime-2022-challenger\/thumbs\/thumbs_50-X-150-13.jpg\"\n               data-image-id=\"122728\"\n               data-title=\"50-X-150-13\"\n               data-description=\"\"\n               data-image-slug=\"50-x-150-13\"\n               class=\"ngg-fancybox\" rel=\"9e95b652c378e6548c3a92a85904347a\">\n                <img\n                    title=\"50-X-150-13\"\n                    alt=\"50-X-150-13\"\n                    src=\"https:\/\/www.camperonline.it\/magazine\/wp-content\/gallery\/anteprime-2022-challenger\/thumbs\/thumbs_50-X-150-13.jpg\"\n                    width=\"240\"\n                    height=\"160\"\n                    style=\"max-width:100%;\"\n                \/>\n            <\/a>\n        <\/div>\n\t\t\t\t\t\t\t<\/div> \n\t\t\t\n\t\t\t\t<div id=\"ngg-image-28\" class=\"ngg-gallery-thumbnail-box ngg-5-columns\" >\n\t\t\t\t        <div class=\"ngg-gallery-thumbnail\">\n            <a href=\"https:\/\/www.camperonline.it\/magazine\/wp-content\/gallery\/anteprime-2022-challenger\/14-240-Open-Edition-30.jpg\"\n               title=\"\"\n               data-src=\"https:\/\/www.camperonline.it\/magazine\/wp-content\/gallery\/anteprime-2022-challenger\/14-240-Open-Edition-30.jpg\"\n               data-thumbnail=\"https:\/\/www.camperonline.it\/magazine\/wp-content\/gallery\/anteprime-2022-challenger\/thumbs\/thumbs_14-240-Open-Edition-30.jpg\"\n               data-image-id=\"122688\"\n               data-title=\"14-240-Open-Edition-30\"\n               data-description=\"\"\n               data-image-slug=\"14-240-open-edition-30\"\n               class=\"ngg-fancybox\" rel=\"9e95b652c378e6548c3a92a85904347a\">\n                <img\n                    title=\"14-240-Open-Edition-30\"\n                    alt=\"14-240-Open-Edition-30\"\n                    src=\"https:\/\/www.camperonline.it\/magazine\/wp-content\/gallery\/anteprime-2022-challenger\/thumbs\/thumbs_14-240-Open-Edition-30.jpg\"\n                    width=\"240\"\n                    height=\"160\"\n                    style=\"max-width:100%;\"\n                \/>\n            <\/a>\n        <\/div>\n\t\t\t\t\t\t\t<\/div> \n\t\t\t\n\t\t\t\t<div id=\"ngg-image-29\" class=\"ngg-gallery-thumbnail-box ngg-5-columns\" >\n\t\t\t\t        <div class=\"ngg-gallery-thumbnail\">\n            <a href=\"https:\/\/www.camperonline.it\/magazine\/wp-content\/gallery\/anteprime-2022-challenger\/1-240-Open-Edition.jpg\"\n               title=\"\"\n               data-src=\"https:\/\/www.camperonline.it\/magazine\/wp-content\/gallery\/anteprime-2022-challenger\/1-240-Open-Edition.jpg\"\n               data-thumbnail=\"https:\/\/www.camperonline.it\/magazine\/wp-content\/gallery\/anteprime-2022-challenger\/thumbs\/thumbs_1-240-Open-Edition.jpg\"\n               data-image-id=\"122675\"\n               data-title=\"1-240-Open-Edition\"\n               data-description=\"\"\n               data-image-slug=\"1-240-open-edition\"\n               class=\"ngg-fancybox\" rel=\"9e95b652c378e6548c3a92a85904347a\">\n                <img\n                    title=\"1-240-Open-Edition\"\n                    alt=\"1-240-Open-Edition\"\n                    src=\"https:\/\/www.camperonline.it\/magazine\/wp-content\/gallery\/anteprime-2022-challenger\/thumbs\/thumbs_1-240-Open-Edition.jpg\"\n                    width=\"240\"\n                    height=\"160\"\n                    style=\"max-width:100%;\"\n                \/>\n            <\/a>\n        <\/div>\n\t\t\t\t\t\t\t<\/div> \n\t\t\t\n\t\t\t\t<div id=\"ngg-image-30\" class=\"ngg-gallery-thumbnail-box ngg-5-columns\" >\n\t\t\t\t        <div class=\"ngg-gallery-thumbnail\">\n            <a href=\"https:\/\/www.camperonline.it\/magazine\/wp-content\/gallery\/anteprime-2022-challenger\/2-240-Open-Editon.jpg\"\n               title=\"\"\n               data-src=\"https:\/\/www.camperonline.it\/magazine\/wp-content\/gallery\/anteprime-2022-challenger\/2-240-Open-Editon.jpg\"\n               data-thumbnail=\"https:\/\/www.camperonline.it\/magazine\/wp-content\/gallery\/anteprime-2022-challenger\/thumbs\/thumbs_2-240-Open-Editon.jpg\"\n               data-image-id=\"122676\"\n               data-title=\"2-240-Open-Editon\"\n               data-description=\"\"\n               data-image-slug=\"2-240-open-editon\"\n               class=\"ngg-fancybox\" rel=\"9e95b652c378e6548c3a92a85904347a\">\n                <img\n                    title=\"2-240-Open-Editon\"\n                    alt=\"2-240-Open-Editon\"\n                    src=\"https:\/\/www.camperonline.it\/magazine\/wp-content\/gallery\/anteprime-2022-challenger\/thumbs\/thumbs_2-240-Open-Editon.jpg\"\n                    width=\"240\"\n                    height=\"160\"\n                    style=\"max-width:100%;\"\n                \/>\n            <\/a>\n        <\/div>\n\t\t\t\t\t\t\t<\/div> \n\t\t\t\n\t\t\t\t<div id=\"ngg-image-31\" class=\"ngg-gallery-thumbnail-box ngg-5-columns\" >\n\t\t\t\t        <div class=\"ngg-gallery-thumbnail\">\n            <a href=\"https:\/\/www.camperonline.it\/magazine\/wp-content\/gallery\/anteprime-2022-challenger\/3-240-Open-Edition.jpg\"\n               title=\"\"\n               data-src=\"https:\/\/www.camperonline.it\/magazine\/wp-content\/gallery\/anteprime-2022-challenger\/3-240-Open-Edition.jpg\"\n               data-thumbnail=\"https:\/\/www.camperonline.it\/magazine\/wp-content\/gallery\/anteprime-2022-challenger\/thumbs\/thumbs_3-240-Open-Edition.jpg\"\n               data-image-id=\"122677\"\n               data-title=\"3-240-Open-Edition\"\n               data-description=\"\"\n               data-image-slug=\"3-240-open-edition\"\n               class=\"ngg-fancybox\" rel=\"9e95b652c378e6548c3a92a85904347a\">\n                <img\n                    title=\"3-240-Open-Edition\"\n                    alt=\"3-240-Open-Edition\"\n                    src=\"https:\/\/www.camperonline.it\/magazine\/wp-content\/gallery\/anteprime-2022-challenger\/thumbs\/thumbs_3-240-Open-Edition.jpg\"\n                    width=\"240\"\n                    height=\"160\"\n                    style=\"max-width:100%;\"\n                \/>\n            <\/a>\n        <\/div>\n\t\t\t\t\t\t\t<\/div> \n\t\t\t\n\t\t\t\t<div id=\"ngg-image-32\" class=\"ngg-gallery-thumbnail-box ngg-5-columns\" >\n\t\t\t\t        <div class=\"ngg-gallery-thumbnail\">\n            <a href=\"https:\/\/www.camperonline.it\/magazine\/wp-content\/gallery\/anteprime-2022-challenger\/4-240-Open-Edition-1.jpg\"\n               title=\"\"\n               data-src=\"https:\/\/www.camperonline.it\/magazine\/wp-content\/gallery\/anteprime-2022-challenger\/4-240-Open-Edition-1.jpg\"\n               data-thumbnail=\"https:\/\/www.camperonline.it\/magazine\/wp-content\/gallery\/anteprime-2022-challenger\/thumbs\/thumbs_4-240-Open-Edition-1.jpg\"\n               data-image-id=\"122678\"\n               data-title=\"4-240-Open-Edition-1\"\n               data-description=\"\"\n               data-image-slug=\"4-240-open-edition-1\"\n               class=\"ngg-fancybox\" rel=\"9e95b652c378e6548c3a92a85904347a\">\n                <img\n                    title=\"4-240-Open-Edition-1\"\n                    alt=\"4-240-Open-Edition-1\"\n                    src=\"https:\/\/www.camperonline.it\/magazine\/wp-content\/gallery\/anteprime-2022-challenger\/thumbs\/thumbs_4-240-Open-Edition-1.jpg\"\n                    width=\"240\"\n                    height=\"160\"\n                    style=\"max-width:100%;\"\n                \/>\n            <\/a>\n        <\/div>\n\t\t\t\t\t\t\t<\/div> \n\t\t\t\n\t\t\t\t<div id=\"ngg-image-33\" class=\"ngg-gallery-thumbnail-box ngg-5-columns\" >\n\t\t\t\t        <div class=\"ngg-gallery-thumbnail\">\n            <a href=\"https:\/\/www.camperonline.it\/magazine\/wp-content\/gallery\/anteprime-2022-challenger\/5-240-Open-Edition-6.jpg\"\n               title=\"\"\n               data-src=\"https:\/\/www.camperonline.it\/magazine\/wp-content\/gallery\/anteprime-2022-challenger\/5-240-Open-Edition-6.jpg\"\n               data-thumbnail=\"https:\/\/www.camperonline.it\/magazine\/wp-content\/gallery\/anteprime-2022-challenger\/thumbs\/thumbs_5-240-Open-Edition-6.jpg\"\n               data-image-id=\"122679\"\n               data-title=\"5-240-Open-Edition-6\"\n               data-description=\"\"\n               data-image-slug=\"5-240-open-edition-6\"\n               class=\"ngg-fancybox\" rel=\"9e95b652c378e6548c3a92a85904347a\">\n                <img\n                    title=\"5-240-Open-Edition-6\"\n                    alt=\"5-240-Open-Edition-6\"\n                    src=\"https:\/\/www.camperonline.it\/magazine\/wp-content\/gallery\/anteprime-2022-challenger\/thumbs\/thumbs_5-240-Open-Edition-6.jpg\"\n                    width=\"240\"\n                    height=\"160\"\n                    style=\"max-width:100%;\"\n                \/>\n            <\/a>\n        <\/div>\n\t\t\t\t\t\t\t<\/div> \n\t\t\t\n\t\t\t\t<div id=\"ngg-image-34\" class=\"ngg-gallery-thumbnail-box ngg-5-columns\" >\n\t\t\t\t        <div class=\"ngg-gallery-thumbnail\">\n            <a href=\"https:\/\/www.camperonline.it\/magazine\/wp-content\/gallery\/anteprime-2022-challenger\/6-240-Open-Edition-3.jpg\"\n               title=\"\"\n               data-src=\"https:\/\/www.camperonline.it\/magazine\/wp-content\/gallery\/anteprime-2022-challenger\/6-240-Open-Edition-3.jpg\"\n               data-thumbnail=\"https:\/\/www.camperonline.it\/magazine\/wp-content\/gallery\/anteprime-2022-challenger\/thumbs\/thumbs_6-240-Open-Edition-3.jpg\"\n               data-image-id=\"122680\"\n               data-title=\"6-240-Open-Edition-3\"\n               data-description=\"\"\n               data-image-slug=\"6-240-open-edition-3\"\n               class=\"ngg-fancybox\" rel=\"9e95b652c378e6548c3a92a85904347a\">\n                <img\n                    title=\"6-240-Open-Edition-3\"\n                    alt=\"6-240-Open-Edition-3\"\n                    src=\"https:\/\/www.camperonline.it\/magazine\/wp-content\/gallery\/anteprime-2022-challenger\/thumbs\/thumbs_6-240-Open-Edition-3.jpg\"\n                    width=\"240\"\n                    height=\"160\"\n                    style=\"max-width:100%;\"\n                \/>\n            <\/a>\n        <\/div>\n\t\t\t\t\t\t\t<\/div> \n\t\t\t\n\t\t\t\t<div id=\"ngg-image-35\" class=\"ngg-gallery-thumbnail-box ngg-5-columns\" >\n\t\t\t\t        <div class=\"ngg-gallery-thumbnail\">\n            <a href=\"https:\/\/www.camperonline.it\/magazine\/wp-content\/gallery\/anteprime-2022-challenger\/7-240-Open-Edition-2.jpg\"\n               title=\"\"\n               data-src=\"https:\/\/www.camperonline.it\/magazine\/wp-content\/gallery\/anteprime-2022-challenger\/7-240-Open-Edition-2.jpg\"\n               data-thumbnail=\"https:\/\/www.camperonline.it\/magazine\/wp-content\/gallery\/anteprime-2022-challenger\/thumbs\/thumbs_7-240-Open-Edition-2.jpg\"\n               data-image-id=\"122681\"\n               data-title=\"7-240-Open-Edition-2\"\n               data-description=\"\"\n               data-image-slug=\"7-240-open-edition-2\"\n               class=\"ngg-fancybox\" rel=\"9e95b652c378e6548c3a92a85904347a\">\n                <img\n                    title=\"7-240-Open-Edition-2\"\n                    alt=\"7-240-Open-Edition-2\"\n                    src=\"https:\/\/www.camperonline.it\/magazine\/wp-content\/gallery\/anteprime-2022-challenger\/thumbs\/thumbs_7-240-Open-Edition-2.jpg\"\n                    width=\"240\"\n                    height=\"160\"\n                    style=\"max-width:100%;\"\n                \/>\n            <\/a>\n        <\/div>\n\t\t\t\t\t\t\t<\/div> \n\t\t\t\n\t\t\t\t<div id=\"ngg-image-36\" class=\"ngg-gallery-thumbnail-box ngg-5-columns\" >\n\t\t\t\t        <div class=\"ngg-gallery-thumbnail\">\n            <a href=\"https:\/\/www.camperonline.it\/magazine\/wp-content\/gallery\/anteprime-2022-challenger\/8-240-Open-Edition-4.jpg\"\n               title=\"\"\n               data-src=\"https:\/\/www.camperonline.it\/magazine\/wp-content\/gallery\/anteprime-2022-challenger\/8-240-Open-Edition-4.jpg\"\n               data-thumbnail=\"https:\/\/www.camperonline.it\/magazine\/wp-content\/gallery\/anteprime-2022-challenger\/thumbs\/thumbs_8-240-Open-Edition-4.jpg\"\n               data-image-id=\"122682\"\n               data-title=\"8-240-Open-Edition-4\"\n               data-description=\"\"\n               data-image-slug=\"8-240-open-edition-4\"\n               class=\"ngg-fancybox\" rel=\"9e95b652c378e6548c3a92a85904347a\">\n                <img\n                    title=\"8-240-Open-Edition-4\"\n                    alt=\"8-240-Open-Edition-4\"\n                    src=\"https:\/\/www.camperonline.it\/magazine\/wp-content\/gallery\/anteprime-2022-challenger\/thumbs\/thumbs_8-240-Open-Edition-4.jpg\"\n                    width=\"240\"\n                    height=\"160\"\n                    style=\"max-width:100%;\"\n                \/>\n            <\/a>\n        <\/div>\n\t\t\t\t\t\t\t<\/div> \n\t\t\t\n\t\t\t\t<div id=\"ngg-image-37\" class=\"ngg-gallery-thumbnail-box ngg-5-columns\" >\n\t\t\t\t        <div class=\"ngg-gallery-thumbnail\">\n            <a href=\"https:\/\/www.camperonline.it\/magazine\/wp-content\/gallery\/anteprime-2022-challenger\/9-240-Open-Edition-5.jpg\"\n               title=\"\"\n               data-src=\"https:\/\/www.camperonline.it\/magazine\/wp-content\/gallery\/anteprime-2022-challenger\/9-240-Open-Edition-5.jpg\"\n               data-thumbnail=\"https:\/\/www.camperonline.it\/magazine\/wp-content\/gallery\/anteprime-2022-challenger\/thumbs\/thumbs_9-240-Open-Edition-5.jpg\"\n               data-image-id=\"122683\"\n               data-title=\"9-240-Open-Edition-5\"\n               data-description=\"\"\n               data-image-slug=\"9-240-open-edition-5\"\n               class=\"ngg-fancybox\" rel=\"9e95b652c378e6548c3a92a85904347a\">\n                <img\n                    title=\"9-240-Open-Edition-5\"\n                    alt=\"9-240-Open-Edition-5\"\n                    src=\"https:\/\/www.camperonline.it\/magazine\/wp-content\/gallery\/anteprime-2022-challenger\/thumbs\/thumbs_9-240-Open-Edition-5.jpg\"\n                    width=\"240\"\n                    height=\"160\"\n                    style=\"max-width:100%;\"\n                \/>\n            <\/a>\n        <\/div>\n\t\t\t\t\t\t\t<\/div> \n\t\t\t\n\t\t\t\t<div id=\"ngg-image-38\" class=\"ngg-gallery-thumbnail-box ngg-5-columns\" >\n\t\t\t\t        <div class=\"ngg-gallery-thumbnail\">\n            <a href=\"https:\/\/www.camperonline.it\/magazine\/wp-content\/gallery\/anteprime-2022-challenger\/10-240-Open-Edition-25.jpg\"\n               title=\"\"\n               data-src=\"https:\/\/www.camperonline.it\/magazine\/wp-content\/gallery\/anteprime-2022-challenger\/10-240-Open-Edition-25.jpg\"\n               data-thumbnail=\"https:\/\/www.camperonline.it\/magazine\/wp-content\/gallery\/anteprime-2022-challenger\/thumbs\/thumbs_10-240-Open-Edition-25.jpg\"\n               data-image-id=\"122684\"\n               data-title=\"10-240-Open-Edition-25\"\n               data-description=\"\"\n               data-image-slug=\"10-240-open-edition-25\"\n               class=\"ngg-fancybox\" rel=\"9e95b652c378e6548c3a92a85904347a\">\n                <img\n                    title=\"10-240-Open-Edition-25\"\n                    alt=\"10-240-Open-Edition-25\"\n                    src=\"https:\/\/www.camperonline.it\/magazine\/wp-content\/gallery\/anteprime-2022-challenger\/thumbs\/thumbs_10-240-Open-Edition-25.jpg\"\n                    width=\"240\"\n                    height=\"160\"\n                    style=\"max-width:100%;\"\n                \/>\n            <\/a>\n        <\/div>\n\t\t\t\t\t\t\t<\/div> \n\t\t\t\n\t\t\t\t<div id=\"ngg-image-39\" class=\"ngg-gallery-thumbnail-box ngg-5-columns\" >\n\t\t\t\t        <div class=\"ngg-gallery-thumbnail\">\n            <a href=\"https:\/\/www.camperonline.it\/magazine\/wp-content\/gallery\/anteprime-2022-challenger\/11-240-Open-Edition-26.jpg\"\n               title=\"\"\n               data-src=\"https:\/\/www.camperonline.it\/magazine\/wp-content\/gallery\/anteprime-2022-challenger\/11-240-Open-Edition-26.jpg\"\n               data-thumbnail=\"https:\/\/www.camperonline.it\/magazine\/wp-content\/gallery\/anteprime-2022-challenger\/thumbs\/thumbs_11-240-Open-Edition-26.jpg\"\n               data-image-id=\"122685\"\n               data-title=\"11-240-Open-Edition-26\"\n               data-description=\"\"\n               data-image-slug=\"11-240-open-edition-26\"\n               class=\"ngg-fancybox\" rel=\"9e95b652c378e6548c3a92a85904347a\">\n                <img\n                    title=\"11-240-Open-Edition-26\"\n                    alt=\"11-240-Open-Edition-26\"\n                    src=\"https:\/\/www.camperonline.it\/magazine\/wp-content\/gallery\/anteprime-2022-challenger\/thumbs\/thumbs_11-240-Open-Edition-26.jpg\"\n                    width=\"240\"\n                    height=\"160\"\n                    style=\"max-width:100%;\"\n                \/>\n            <\/a>\n        <\/div>\n\t\t\t\t\t\t\t<\/div> \n\t\t\t\n\t\t\t\t<div id=\"ngg-image-40\" class=\"ngg-gallery-thumbnail-box ngg-5-columns\" >\n\t\t\t\t        <div class=\"ngg-gallery-thumbnail\">\n            <a href=\"https:\/\/www.camperonline.it\/magazine\/wp-content\/gallery\/anteprime-2022-challenger\/12-240-Open-Edition-10.jpg\"\n               title=\"\"\n               data-src=\"https:\/\/www.camperonline.it\/magazine\/wp-content\/gallery\/anteprime-2022-challenger\/12-240-Open-Edition-10.jpg\"\n               data-thumbnail=\"https:\/\/www.camperonline.it\/magazine\/wp-content\/gallery\/anteprime-2022-challenger\/thumbs\/thumbs_12-240-Open-Edition-10.jpg\"\n               data-image-id=\"122686\"\n               data-title=\"12-240-Open-Edition-10\"\n               data-description=\"\"\n               data-image-slug=\"12-240-open-edition-10\"\n               class=\"ngg-fancybox\" rel=\"9e95b652c378e6548c3a92a85904347a\">\n                <img\n                    title=\"12-240-Open-Edition-10\"\n                    alt=\"12-240-Open-Edition-10\"\n                    src=\"https:\/\/www.camperonline.it\/magazine\/wp-content\/gallery\/anteprime-2022-challenger\/thumbs\/thumbs_12-240-Open-Edition-10.jpg\"\n                    width=\"240\"\n                    height=\"160\"\n                    style=\"max-width:100%;\"\n                \/>\n            <\/a>\n        <\/div>\n\t\t\t\t\t\t\t<\/div> \n\t\t\t\n\t\t\t\t<div id=\"ngg-image-41\" class=\"ngg-gallery-thumbnail-box ngg-5-columns\" >\n\t\t\t\t        <div class=\"ngg-gallery-thumbnail\">\n            <a href=\"https:\/\/www.camperonline.it\/magazine\/wp-content\/gallery\/anteprime-2022-challenger\/13-240-Open-Edition-11.jpg\"\n               title=\"\"\n               data-src=\"https:\/\/www.camperonline.it\/magazine\/wp-content\/gallery\/anteprime-2022-challenger\/13-240-Open-Edition-11.jpg\"\n               data-thumbnail=\"https:\/\/www.camperonline.it\/magazine\/wp-content\/gallery\/anteprime-2022-challenger\/thumbs\/thumbs_13-240-Open-Edition-11.jpg\"\n               data-image-id=\"122687\"\n               data-title=\"13-240-Open-Edition-11\"\n               data-description=\"\"\n               data-image-slug=\"13-240-open-edition-11\"\n               class=\"ngg-fancybox\" rel=\"9e95b652c378e6548c3a92a85904347a\">\n                <img\n                    title=\"13-240-Open-Edition-11\"\n                    alt=\"13-240-Open-Edition-11\"\n                    src=\"https:\/\/www.camperonline.it\/magazine\/wp-content\/gallery\/anteprime-2022-challenger\/thumbs\/thumbs_13-240-Open-Edition-11.jpg\"\n                    width=\"240\"\n                    height=\"160\"\n                    style=\"max-width:100%;\"\n                \/>\n            <\/a>\n        <\/div>\n\t\t\t\t\t\t\t<\/div> \n\t\t\t\n\t\t\t\t<div id=\"ngg-image-42\" class=\"ngg-gallery-thumbnail-box ngg-5-columns\" >\n\t\t\t\t        <div class=\"ngg-gallery-thumbnail\">\n            <a href=\"https:\/\/www.camperonline.it\/magazine\/wp-content\/gallery\/anteprime-2022-challenger\/0-1-Challenger.jpg\"\n               title=\"\"\n               data-src=\"https:\/\/www.camperonline.it\/magazine\/wp-content\/gallery\/anteprime-2022-challenger\/0-1-Challenger.jpg\"\n               data-thumbnail=\"https:\/\/www.camperonline.it\/magazine\/wp-content\/gallery\/anteprime-2022-challenger\/thumbs\/thumbs_0-1-Challenger.jpg\"\n               data-image-id=\"122674\"\n               data-title=\"0-1-Challenger\"\n               data-description=\"\"\n               data-image-slug=\"0-1-challenger\"\n               class=\"ngg-fancybox\" rel=\"9e95b652c378e6548c3a92a85904347a\">\n                <img\n                    title=\"0-1-Challenger\"\n                    alt=\"0-1-Challenger\"\n                    src=\"https:\/\/www.camperonline.it\/magazine\/wp-content\/gallery\/anteprime-2022-challenger\/thumbs\/thumbs_0-1-Challenger.jpg\"\n                    width=\"240\"\n                    height=\"160\"\n                    style=\"max-width:100%;\"\n                \/>\n            <\/a>\n        <\/div>\n\t\t\t\t\t\t\t<\/div> \n\t\t\t\n\t\t\t\t<div id=\"ngg-image-43\" class=\"ngg-gallery-thumbnail-box ngg-5-columns\" >\n\t\t\t\t        <div class=\"ngg-gallery-thumbnail\">\n            <a href=\"https:\/\/www.camperonline.it\/magazine\/wp-content\/gallery\/anteprime-2022-challenger\/15-240-Open-Edition-13.jpg\"\n               title=\"\"\n               data-src=\"https:\/\/www.camperonline.it\/magazine\/wp-content\/gallery\/anteprime-2022-challenger\/15-240-Open-Edition-13.jpg\"\n               data-thumbnail=\"https:\/\/www.camperonline.it\/magazine\/wp-content\/gallery\/anteprime-2022-challenger\/thumbs\/thumbs_15-240-Open-Edition-13.jpg\"\n               data-image-id=\"122689\"\n               data-title=\"15-240-Open-Edition-13\"\n               data-description=\"\"\n               data-image-slug=\"15-240-open-edition-13\"\n               class=\"ngg-fancybox\" rel=\"9e95b652c378e6548c3a92a85904347a\">\n                <img\n                    title=\"15-240-Open-Edition-13\"\n                    alt=\"15-240-Open-Edition-13\"\n                    src=\"https:\/\/www.camperonline.it\/magazine\/wp-content\/gallery\/anteprime-2022-challenger\/thumbs\/thumbs_15-240-Open-Edition-13.jpg\"\n                    width=\"240\"\n                    height=\"160\"\n                    style=\"max-width:100%;\"\n                \/>\n            <\/a>\n        <\/div>\n\t\t\t\t\t\t\t<\/div> \n\t\t\t\n\t\t\t\t<div id=\"ngg-image-44\" class=\"ngg-gallery-thumbnail-box ngg-5-columns\" >\n\t\t\t\t        <div class=\"ngg-gallery-thumbnail\">\n            <a href=\"https:\/\/www.camperonline.it\/magazine\/wp-content\/gallery\/anteprime-2022-challenger\/16-240-Open-Edition-14.jpg\"\n               title=\"\"\n               data-src=\"https:\/\/www.camperonline.it\/magazine\/wp-content\/gallery\/anteprime-2022-challenger\/16-240-Open-Edition-14.jpg\"\n               data-thumbnail=\"https:\/\/www.camperonline.it\/magazine\/wp-content\/gallery\/anteprime-2022-challenger\/thumbs\/thumbs_16-240-Open-Edition-14.jpg\"\n               data-image-id=\"122690\"\n               data-title=\"16-240-Open-Edition-14\"\n               data-description=\"\"\n               data-image-slug=\"16-240-open-edition-14\"\n               class=\"ngg-fancybox\" rel=\"9e95b652c378e6548c3a92a85904347a\">\n                <img\n                    title=\"16-240-Open-Edition-14\"\n                    alt=\"16-240-Open-Edition-14\"\n                    src=\"https:\/\/www.camperonline.it\/magazine\/wp-content\/gallery\/anteprime-2022-challenger\/thumbs\/thumbs_16-240-Open-Edition-14.jpg\"\n                    width=\"240\"\n                    height=\"160\"\n                    style=\"max-width:100%;\"\n                \/>\n            <\/a>\n        <\/div>\n\t\t\t\t\t\t\t<\/div> \n\t\t\t\n\t\t\t\t<div id=\"ngg-image-45\" class=\"ngg-gallery-thumbnail-box ngg-5-columns\" >\n\t\t\t\t        <div class=\"ngg-gallery-thumbnail\">\n            <a href=\"https:\/\/www.camperonline.it\/magazine\/wp-content\/gallery\/anteprime-2022-challenger\/17-240-Open-Edition-16.jpg\"\n               title=\"\"\n               data-src=\"https:\/\/www.camperonline.it\/magazine\/wp-content\/gallery\/anteprime-2022-challenger\/17-240-Open-Edition-16.jpg\"\n               data-thumbnail=\"https:\/\/www.camperonline.it\/magazine\/wp-content\/gallery\/anteprime-2022-challenger\/thumbs\/thumbs_17-240-Open-Edition-16.jpg\"\n               data-image-id=\"122691\"\n               data-title=\"17-240-Open-Edition-16\"\n               data-description=\"\"\n               data-image-slug=\"17-240-open-edition-16\"\n               class=\"ngg-fancybox\" rel=\"9e95b652c378e6548c3a92a85904347a\">\n                <img\n                    title=\"17-240-Open-Edition-16\"\n                    alt=\"17-240-Open-Edition-16\"\n                    src=\"https:\/\/www.camperonline.it\/magazine\/wp-content\/gallery\/anteprime-2022-challenger\/thumbs\/thumbs_17-240-Open-Edition-16.jpg\"\n                    width=\"240\"\n                    height=\"160\"\n                    style=\"max-width:100%;\"\n                \/>\n            <\/a>\n        <\/div>\n\t\t\t\t\t\t\t<\/div> \n\t\t\t\n\t\t\t\t<div id=\"ngg-image-46\" class=\"ngg-gallery-thumbnail-box ngg-5-columns\" >\n\t\t\t\t        <div class=\"ngg-gallery-thumbnail\">\n            <a href=\"https:\/\/www.camperonline.it\/magazine\/wp-content\/gallery\/anteprime-2022-challenger\/18-240-Open-Edition-15.jpg\"\n               title=\"\"\n               data-src=\"https:\/\/www.camperonline.it\/magazine\/wp-content\/gallery\/anteprime-2022-challenger\/18-240-Open-Edition-15.jpg\"\n               data-thumbnail=\"https:\/\/www.camperonline.it\/magazine\/wp-content\/gallery\/anteprime-2022-challenger\/thumbs\/thumbs_18-240-Open-Edition-15.jpg\"\n               data-image-id=\"122692\"\n               data-title=\"18-240-Open-Edition-15\"\n               data-description=\"\"\n               data-image-slug=\"18-240-open-edition-15\"\n               class=\"ngg-fancybox\" rel=\"9e95b652c378e6548c3a92a85904347a\">\n                <img\n                    title=\"18-240-Open-Edition-15\"\n                    alt=\"18-240-Open-Edition-15\"\n                    src=\"https:\/\/www.camperonline.it\/magazine\/wp-content\/gallery\/anteprime-2022-challenger\/thumbs\/thumbs_18-240-Open-Edition-15.jpg\"\n                    width=\"240\"\n                    height=\"160\"\n                    style=\"max-width:100%;\"\n                \/>\n            <\/a>\n        <\/div>\n\t\t\t\t\t\t\t<\/div> \n\t\t\t\n\t\t\t\t<div id=\"ngg-image-47\" class=\"ngg-gallery-thumbnail-box ngg-5-columns\" >\n\t\t\t\t        <div class=\"ngg-gallery-thumbnail\">\n            <a href=\"https:\/\/www.camperonline.it\/magazine\/wp-content\/gallery\/anteprime-2022-challenger\/19-240-Open-Edition-17.jpg\"\n               title=\"\"\n               data-src=\"https:\/\/www.camperonline.it\/magazine\/wp-content\/gallery\/anteprime-2022-challenger\/19-240-Open-Edition-17.jpg\"\n               data-thumbnail=\"https:\/\/www.camperonline.it\/magazine\/wp-content\/gallery\/anteprime-2022-challenger\/thumbs\/thumbs_19-240-Open-Edition-17.jpg\"\n               data-image-id=\"122693\"\n               data-title=\"19-240-Open-Edition-17\"\n               data-description=\"\"\n               data-image-slug=\"19-240-open-edition-17\"\n               class=\"ngg-fancybox\" rel=\"9e95b652c378e6548c3a92a85904347a\">\n                <img\n                    title=\"19-240-Open-Edition-17\"\n                    alt=\"19-240-Open-Edition-17\"\n                    src=\"https:\/\/www.camperonline.it\/magazine\/wp-content\/gallery\/anteprime-2022-challenger\/thumbs\/thumbs_19-240-Open-Edition-17.jpg\"\n                    width=\"240\"\n                    height=\"160\"\n                    style=\"max-width:100%;\"\n                \/>\n            <\/a>\n        <\/div>\n\t\t\t\t\t\t\t<\/div> \n\t\t\t\n\t\t\t\t<div id=\"ngg-image-48\" class=\"ngg-gallery-thumbnail-box ngg-5-columns\" >\n\t\t\t\t        <div class=\"ngg-gallery-thumbnail\">\n            <a href=\"https:\/\/www.camperonline.it\/magazine\/wp-content\/gallery\/anteprime-2022-challenger\/20-240-Open-Edition-33.jpg\"\n               title=\"\"\n               data-src=\"https:\/\/www.camperonline.it\/magazine\/wp-content\/gallery\/anteprime-2022-challenger\/20-240-Open-Edition-33.jpg\"\n               data-thumbnail=\"https:\/\/www.camperonline.it\/magazine\/wp-content\/gallery\/anteprime-2022-challenger\/thumbs\/thumbs_20-240-Open-Edition-33.jpg\"\n               data-image-id=\"122694\"\n               data-title=\"20-240-Open-Edition-33\"\n               data-description=\"\"\n               data-image-slug=\"20-240-open-edition-33\"\n               class=\"ngg-fancybox\" rel=\"9e95b652c378e6548c3a92a85904347a\">\n                <img\n                    title=\"20-240-Open-Edition-33\"\n                    alt=\"20-240-Open-Edition-33\"\n                    src=\"https:\/\/www.camperonline.it\/magazine\/wp-content\/gallery\/anteprime-2022-challenger\/thumbs\/thumbs_20-240-Open-Edition-33.jpg\"\n                    width=\"240\"\n                    height=\"160\"\n                    style=\"max-width:100%;\"\n                \/>\n            <\/a>\n        <\/div>\n\t\t\t\t\t\t\t<\/div> \n\t\t\t\n\t\t\t\t<div id=\"ngg-image-49\" class=\"ngg-gallery-thumbnail-box ngg-5-columns\" >\n\t\t\t\t        <div class=\"ngg-gallery-thumbnail\">\n            <a href=\"https:\/\/www.camperonline.it\/magazine\/wp-content\/gallery\/anteprime-2022-challenger\/21-240-Open-Edition-31.jpg\"\n               title=\"\"\n               data-src=\"https:\/\/www.camperonline.it\/magazine\/wp-content\/gallery\/anteprime-2022-challenger\/21-240-Open-Edition-31.jpg\"\n               data-thumbnail=\"https:\/\/www.camperonline.it\/magazine\/wp-content\/gallery\/anteprime-2022-challenger\/thumbs\/thumbs_21-240-Open-Edition-31.jpg\"\n               data-image-id=\"122695\"\n               data-title=\"21-240-Open-Edition-31\"\n               data-description=\"\"\n               data-image-slug=\"21-240-open-edition-31\"\n               class=\"ngg-fancybox\" rel=\"9e95b652c378e6548c3a92a85904347a\">\n                <img\n                    title=\"21-240-Open-Edition-31\"\n                    alt=\"21-240-Open-Edition-31\"\n                    src=\"https:\/\/www.camperonline.it\/magazine\/wp-content\/gallery\/anteprime-2022-challenger\/thumbs\/thumbs_21-240-Open-Edition-31.jpg\"\n                    width=\"240\"\n                    height=\"160\"\n                    style=\"max-width:100%;\"\n                \/>\n            <\/a>\n        <\/div>\n\t\t\t\t\t\t\t<\/div> \n\t\t\t\n\t\t\t\t<div id=\"ngg-image-50\" class=\"ngg-gallery-thumbnail-box ngg-5-columns\" >\n\t\t\t\t        <div class=\"ngg-gallery-thumbnail\">\n            <a href=\"https:\/\/www.camperonline.it\/magazine\/wp-content\/gallery\/anteprime-2022-challenger\/22-240-Open-Edition-32.jpg\"\n               title=\"\"\n               data-src=\"https:\/\/www.camperonline.it\/magazine\/wp-content\/gallery\/anteprime-2022-challenger\/22-240-Open-Edition-32.jpg\"\n               data-thumbnail=\"https:\/\/www.camperonline.it\/magazine\/wp-content\/gallery\/anteprime-2022-challenger\/thumbs\/thumbs_22-240-Open-Edition-32.jpg\"\n               data-image-id=\"122696\"\n               data-title=\"22-240-Open-Edition-32\"\n               data-description=\"\"\n               data-image-slug=\"22-240-open-edition-32\"\n               class=\"ngg-fancybox\" rel=\"9e95b652c378e6548c3a92a85904347a\">\n                <img\n                    title=\"22-240-Open-Edition-32\"\n                    alt=\"22-240-Open-Edition-32\"\n                    src=\"https:\/\/www.camperonline.it\/magazine\/wp-content\/gallery\/anteprime-2022-challenger\/thumbs\/thumbs_22-240-Open-Edition-32.jpg\"\n                    width=\"240\"\n                    height=\"160\"\n                    style=\"max-width:100%;\"\n                \/>\n            <\/a>\n        <\/div>\n\t\t\t\t\t\t\t<\/div> \n\t\t\t\n\t\t\t\t<div id=\"ngg-image-51\" class=\"ngg-gallery-thumbnail-box ngg-5-columns\" >\n\t\t\t\t        <div class=\"ngg-gallery-thumbnail\">\n            <a href=\"https:\/\/www.camperonline.it\/magazine\/wp-content\/gallery\/anteprime-2022-challenger\/23-240-Open-Edition-18.jpg\"\n               title=\"\"\n               data-src=\"https:\/\/www.camperonline.it\/magazine\/wp-content\/gallery\/anteprime-2022-challenger\/23-240-Open-Edition-18.jpg\"\n               data-thumbnail=\"https:\/\/www.camperonline.it\/magazine\/wp-content\/gallery\/anteprime-2022-challenger\/thumbs\/thumbs_23-240-Open-Edition-18.jpg\"\n               data-image-id=\"122697\"\n               data-title=\"23-240-Open-Edition-18\"\n               data-description=\"\"\n               data-image-slug=\"23-240-open-edition-18\"\n               class=\"ngg-fancybox\" rel=\"9e95b652c378e6548c3a92a85904347a\">\n                <img\n                    title=\"23-240-Open-Edition-18\"\n                    alt=\"23-240-Open-Edition-18\"\n                    src=\"https:\/\/www.camperonline.it\/magazine\/wp-content\/gallery\/anteprime-2022-challenger\/thumbs\/thumbs_23-240-Open-Edition-18.jpg\"\n                    width=\"240\"\n                    height=\"160\"\n                    style=\"max-width:100%;\"\n                \/>\n            <\/a>\n        <\/div>\n\t\t\t\t\t\t\t<\/div> \n\t\t\t\n\t\t\t\t<div id=\"ngg-image-52\" class=\"ngg-gallery-thumbnail-box ngg-5-columns\" >\n\t\t\t\t        <div class=\"ngg-gallery-thumbnail\">\n            <a href=\"https:\/\/www.camperonline.it\/magazine\/wp-content\/gallery\/anteprime-2022-challenger\/24-240-Open-Edition-19.jpg\"\n               title=\"\"\n               data-src=\"https:\/\/www.camperonline.it\/magazine\/wp-content\/gallery\/anteprime-2022-challenger\/24-240-Open-Edition-19.jpg\"\n               data-thumbnail=\"https:\/\/www.camperonline.it\/magazine\/wp-content\/gallery\/anteprime-2022-challenger\/thumbs\/thumbs_24-240-Open-Edition-19.jpg\"\n               data-image-id=\"122698\"\n               data-title=\"24-240-Open-Edition-19\"\n               data-description=\"\"\n               data-image-slug=\"24-240-open-edition-19\"\n               class=\"ngg-fancybox\" rel=\"9e95b652c378e6548c3a92a85904347a\">\n                <img\n                    title=\"24-240-Open-Edition-19\"\n                    alt=\"24-240-Open-Edition-19\"\n                    src=\"https:\/\/www.camperonline.it\/magazine\/wp-content\/gallery\/anteprime-2022-challenger\/thumbs\/thumbs_24-240-Open-Edition-19.jpg\"\n                    width=\"240\"\n                    height=\"160\"\n                    style=\"max-width:100%;\"\n                \/>\n            <\/a>\n        <\/div>\n\t\t\t\t\t\t\t<\/div> \n\t\t\t\n\t\t\t\t<div id=\"ngg-image-53\" class=\"ngg-gallery-thumbnail-box ngg-5-columns\" >\n\t\t\t\t        <div class=\"ngg-gallery-thumbnail\">\n            <a href=\"https:\/\/www.camperonline.it\/magazine\/wp-content\/gallery\/anteprime-2022-challenger\/25-240-Open-Edition-22.jpg\"\n               title=\"\"\n               data-src=\"https:\/\/www.camperonline.it\/magazine\/wp-content\/gallery\/anteprime-2022-challenger\/25-240-Open-Edition-22.jpg\"\n               data-thumbnail=\"https:\/\/www.camperonline.it\/magazine\/wp-content\/gallery\/anteprime-2022-challenger\/thumbs\/thumbs_25-240-Open-Edition-22.jpg\"\n               data-image-id=\"122699\"\n               data-title=\"25-240-Open-Edition-22\"\n               data-description=\"\"\n               data-image-slug=\"25-240-open-edition-22\"\n               class=\"ngg-fancybox\" rel=\"9e95b652c378e6548c3a92a85904347a\">\n                <img\n                    title=\"25-240-Open-Edition-22\"\n                    alt=\"25-240-Open-Edition-22\"\n                    src=\"https:\/\/www.camperonline.it\/magazine\/wp-content\/gallery\/anteprime-2022-challenger\/thumbs\/thumbs_25-240-Open-Edition-22.jpg\"\n                    width=\"240\"\n                    height=\"160\"\n                    style=\"max-width:100%;\"\n                \/>\n            <\/a>\n        <\/div>\n\t\t\t\t\t\t\t<\/div> \n\t\t\t\n\t\t\t\t<div id=\"ngg-image-54\" class=\"ngg-gallery-thumbnail-box ngg-5-columns\" >\n\t\t\t\t        <div class=\"ngg-gallery-thumbnail\">\n            <a href=\"https:\/\/www.camperonline.it\/magazine\/wp-content\/gallery\/anteprime-2022-challenger\/26-240-Open-Edition-23.jpg\"\n               title=\"\"\n               data-src=\"https:\/\/www.camperonline.it\/magazine\/wp-content\/gallery\/anteprime-2022-challenger\/26-240-Open-Edition-23.jpg\"\n               data-thumbnail=\"https:\/\/www.camperonline.it\/magazine\/wp-content\/gallery\/anteprime-2022-challenger\/thumbs\/thumbs_26-240-Open-Edition-23.jpg\"\n               data-image-id=\"122700\"\n               data-title=\"26-240-Open-Edition-23\"\n               data-description=\"\"\n               data-image-slug=\"26-240-open-edition-23\"\n               class=\"ngg-fancybox\" rel=\"9e95b652c378e6548c3a92a85904347a\">\n                <img\n                    title=\"26-240-Open-Edition-23\"\n                    alt=\"26-240-Open-Edition-23\"\n                    src=\"https:\/\/www.camperonline.it\/magazine\/wp-content\/gallery\/anteprime-2022-challenger\/thumbs\/thumbs_26-240-Open-Edition-23.jpg\"\n                    width=\"240\"\n                    height=\"160\"\n                    style=\"max-width:100%;\"\n                \/>\n            <\/a>\n        <\/div>\n\t\t\t\t\t\t\t<\/div> \n\t\t\t\n\t\n\t<br style=\"clear: both\" \/>\n\n\t\t<div class=\"slideshowlink\">\n        <a href='https:\/\/www.camperonline.it\/magazine\/2021\/08\/05\/anteprime-2022-challenger\/nggallery\/slideshow'>[Mostra slideshow]<\/a>\n\t\t\n\t<\/div>\n\t\n\t\t<!-- Pagination -->\n\t<div class='ngg-clear'><\/div>\t<\/div>\n\n","protected":false},"excerpt":{"rendered":"<p>Un camper davvero singolare entra nella gamma Challenger: \u00e8 il modello 240 Open Edition, che si fa notare per molte soluzioni abitative insolite. Ma le proposte della casa francese comprendono anche una nuova serie di semintegrali compatti e dal prezzo invitante<\/p>\n","protected":false},"author":23,"featured_media":321527,"comment_status":"closed","ping_status":"open","sticky":false,"template":"","format":"standard","meta":{"ngg_post_thumbnail":0},"categories":[6288,217,527,7,5517],"tags":[6334,6289,4727,6335,6336,6333],"yoast_head":"<!-- This site is optimized with the Yoast SEO plugin v18.6 - https:\/\/yoast.com\/wordpress\/plugins\/seo\/ -->\n<title>Anteprime 2022: Challenger - CamperOnLine Magazine<\/title>\n<meta name=\"description\" content=\"Un camper davvero singolare entra nella gamma Challenger: \u00e8 il modello 240 Open Edition, che si fa notare per molte soluzioni abitative insolite. Ma le\" \/>\n<meta name=\"robots\" content=\"index, follow, max-snippet:-1, max-image-preview:large, max-video-preview:-1\" \/>\n<link rel=\"canonical\" href=\"https:\/\/www.camperonline.it\/magazine\/2021\/08\/05\/anteprime-2022-challenger\/\" \/>\n<meta property=\"og:locale\" content=\"it_IT\" \/>\n<meta property=\"og:type\" content=\"article\" \/>\n<meta property=\"og:title\" content=\"Anteprime 2022: Challenger - CamperOnLine Magazine\" \/>\n<meta property=\"og:description\" content=\"Un camper davvero singolare entra nella gamma Challenger: \u00e8 il modello 240 Open Edition, che si fa notare per molte soluzioni abitative insolite. Ma le\" \/>\n<meta property=\"og:url\" content=\"https:\/\/www.camperonline.it\/magazine\/2021\/08\/05\/anteprime-2022-challenger\/\" \/>\n<meta property=\"og:site_name\" content=\"CamperOnLine Magazine\" \/>\n<meta property=\"article:published_time\" content=\"2021-08-04T22:00:26+00:00\" \/>\n<meta property=\"article:modified_time\" content=\"2021-08-05T17:28:25+00:00\" \/>\n<meta property=\"og:image\" content=\"https:\/\/www.camperonline.it\/magazine\/wp-content\/uploads\/2021\/07\/Cover_Ante22_Challenger.jpg\" \/>\n\t<meta property=\"og:image:width\" content=\"630\" \/>\n\t<meta property=\"og:image:height\" content=\"354\" \/>\n\t<meta property=\"og:image:type\" content=\"image\/jpeg\" \/>\n<meta name=\"twitter:card\" content=\"summary_large_image\" \/>\n<script type=\"application\/ld+json\" class=\"yoast-schema-graph\">{\"@context\":\"https:\/\/schema.org\",\"@graph\":[{\"@type\":\"WebSite\",\"@id\":\"https:\/\/www.camperonline.it\/magazine\/#website\",\"url\":\"https:\/\/www.camperonline.it\/magazine\/\",\"name\":\"CamperOnLine Magazine\",\"description\":\"Viaggi in camper, test, video, destinazioni, vacanze\",\"potentialAction\":[{\"@type\":\"SearchAction\",\"target\":{\"@type\":\"EntryPoint\",\"urlTemplate\":\"https:\/\/www.camperonline.it\/magazine\/?s={search_term_string}\"},\"query-input\":\"required name=search_term_string\"}],\"inLanguage\":\"it-IT\"},{\"@type\":\"ImageObject\",\"@id\":\"https:\/\/www.camperonline.it\/magazine\/2021\/08\/05\/anteprime-2022-challenger\/#primaryimage\",\"inLanguage\":\"it-IT\",\"url\":\"https:\/\/www.camperonline.it\/magazine\/wp-content\/uploads\/2021\/07\/Cover_Ante22_Challenger.jpg\",\"contentUrl\":\"https:\/\/www.camperonline.it\/magazine\/wp-content\/uploads\/2021\/07\/Cover_Ante22_Challenger.jpg\",\"width\":630,\"height\":354},{\"@type\":\"WebPage\",\"@id\":\"https:\/\/www.camperonline.it\/magazine\/2021\/08\/05\/anteprime-2022-challenger\/#webpage\",\"url\":\"https:\/\/www.camperonline.it\/magazine\/2021\/08\/05\/anteprime-2022-challenger\/\",\"name\":\"Anteprime 2022: Challenger - CamperOnLine Magazine\",\"isPartOf\":{\"@id\":\"https:\/\/www.camperonline.it\/magazine\/#website\"},\"primaryImageOfPage\":{\"@id\":\"https:\/\/www.camperonline.it\/magazine\/2021\/08\/05\/anteprime-2022-challenger\/#primaryimage\"},\"datePublished\":\"2021-08-04T22:00:26+00:00\",\"dateModified\":\"2021-08-05T17:28:25+00:00\",\"author\":{\"@id\":\"https:\/\/www.camperonline.it\/magazine\/#\/schema\/person\/cc776d866d3248597db92e2aa8bfc3f3\"},\"description\":\"Un camper davvero singolare entra nella gamma Challenger: \u00e8 il modello 240 Open Edition, che si fa notare per molte soluzioni abitative insolite. Ma le\",\"breadcrumb\":{\"@id\":\"https:\/\/www.camperonline.it\/magazine\/2021\/08\/05\/anteprime-2022-challenger\/#breadcrumb\"},\"inLanguage\":\"it-IT\",\"potentialAction\":[{\"@type\":\"ReadAction\",\"target\":[\"https:\/\/www.camperonline.it\/magazine\/2021\/08\/05\/anteprime-2022-challenger\/\"]}]},{\"@type\":\"BreadcrumbList\",\"@id\":\"https:\/\/www.camperonline.it\/magazine\/2021\/08\/05\/anteprime-2022-challenger\/#breadcrumb\",\"itemListElement\":[{\"@type\":\"ListItem\",\"position\":1,\"name\":\"Home\",\"item\":\"https:\/\/www.camperonline.it\/magazine\/\"},{\"@type\":\"ListItem\",\"position\":2,\"name\":\"Anteprime 2022: Challenger\"}]},{\"@type\":\"Person\",\"@id\":\"https:\/\/www.camperonline.it\/magazine\/#\/schema\/person\/cc776d866d3248597db92e2aa8bfc3f3\",\"name\":\"Renato Antonini\",\"url\":\"https:\/\/www.camperonline.it\/magazine\/author\/renato\/\"}]}<\/script>\n<!-- \/ Yoast SEO plugin. -->","yoast_head_json":{"title":"Anteprime 2022: Challenger - CamperOnLine Magazine","description":"Un camper davvero singolare entra nella gamma Challenger: \u00e8 il modello 240 Open Edition, che si fa notare per molte soluzioni abitative insolite. Ma le","robots":{"index":"index","follow":"follow","max-snippet":"max-snippet:-1","max-image-preview":"max-image-preview:large","max-video-preview":"max-video-preview:-1"},"canonical":"https:\/\/www.camperonline.it\/magazine\/2021\/08\/05\/anteprime-2022-challenger\/","og_locale":"it_IT","og_type":"article","og_title":"Anteprime 2022: Challenger - CamperOnLine Magazine","og_description":"Un camper davvero singolare entra nella gamma Challenger: \u00e8 il modello 240 Open Edition, che si fa notare per molte soluzioni abitative insolite. Ma le","og_url":"https:\/\/www.camperonline.it\/magazine\/2021\/08\/05\/anteprime-2022-challenger\/","og_site_name":"CamperOnLine Magazine","article_published_time":"2021-08-04T22:00:26+00:00","article_modified_time":"2021-08-05T17:28:25+00:00","og_image":[{"width":630,"height":354,"url":"https:\/\/www.camperonline.it\/magazine\/wp-content\/uploads\/2021\/07\/Cover_Ante22_Challenger.jpg","type":"image\/jpeg"}],"twitter_card":"summary_large_image","schema":{"@context":"https:\/\/schema.org","@graph":[{"@type":"WebSite","@id":"https:\/\/www.camperonline.it\/magazine\/#website","url":"https:\/\/www.camperonline.it\/magazine\/","name":"CamperOnLine Magazine","description":"Viaggi in camper, test, video, destinazioni, vacanze","potentialAction":[{"@type":"SearchAction","target":{"@type":"EntryPoint","urlTemplate":"https:\/\/www.camperonline.it\/magazine\/?s={search_term_string}"},"query-input":"required name=search_term_string"}],"inLanguage":"it-IT"},{"@type":"ImageObject","@id":"https:\/\/www.camperonline.it\/magazine\/2021\/08\/05\/anteprime-2022-challenger\/#primaryimage","inLanguage":"it-IT","url":"https:\/\/www.camperonline.it\/magazine\/wp-content\/uploads\/2021\/07\/Cover_Ante22_Challenger.jpg","contentUrl":"https:\/\/www.camperonline.it\/magazine\/wp-content\/uploads\/2021\/07\/Cover_Ante22_Challenger.jpg","width":630,"height":354},{"@type":"WebPage","@id":"https:\/\/www.camperonline.it\/magazine\/2021\/08\/05\/anteprime-2022-challenger\/#webpage","url":"https:\/\/www.camperonline.it\/magazine\/2021\/08\/05\/anteprime-2022-challenger\/","name":"Anteprime 2022: Challenger - CamperOnLine Magazine","isPartOf":{"@id":"https:\/\/www.camperonline.it\/magazine\/#website"},"primaryImageOfPage":{"@id":"https:\/\/www.camperonline.it\/magazine\/2021\/08\/05\/anteprime-2022-challenger\/#primaryimage"},"datePublished":"2021-08-04T22:00:26+00:00","dateModified":"2021-08-05T17:28:25+00:00","author":{"@id":"https:\/\/www.camperonline.it\/magazine\/#\/schema\/person\/cc776d866d3248597db92e2aa8bfc3f3"},"description":"Un camper davvero singolare entra nella gamma Challenger: \u00e8 il modello 240 Open Edition, che si fa notare per molte soluzioni abitative insolite. Ma le","breadcrumb":{"@id":"https:\/\/www.camperonline.it\/magazine\/2021\/08\/05\/anteprime-2022-challenger\/#breadcrumb"},"inLanguage":"it-IT","potentialAction":[{"@type":"ReadAction","target":["https:\/\/www.camperonline.it\/magazine\/2021\/08\/05\/anteprime-2022-challenger\/"]}]},{"@type":"BreadcrumbList","@id":"https:\/\/www.camperonline.it\/magazine\/2021\/08\/05\/anteprime-2022-challenger\/#breadcrumb","itemListElement":[{"@type":"ListItem","position":1,"name":"Home","item":"https:\/\/www.camperonline.it\/magazine\/"},{"@type":"ListItem","position":2,"name":"Anteprime 2022: Challenger"}]},{"@type":"Person","@id":"https:\/\/www.camperonline.it\/magazine\/#\/schema\/person\/cc776d866d3248597db92e2aa8bfc3f3","name":"Renato Antonini","url":"https:\/\/www.camperonline.it\/magazine\/author\/renato\/"}]}},"_links":{"self":[{"href":"https:\/\/www.camperonline.it\/magazine\/wp-json\/wp\/v2\/posts\/321180"}],"collection":[{"href":"https:\/\/www.camperonline.it\/magazine\/wp-json\/wp\/v2\/posts"}],"about":[{"href":"https:\/\/www.camperonline.it\/magazine\/wp-json\/wp\/v2\/types\/post"}],"author":[{"embeddable":true,"href":"https:\/\/www.camperonline.it\/magazine\/wp-json\/wp\/v2\/users\/23"}],"replies":[{"embeddable":true,"href":"https:\/\/www.camperonline.it\/magazine\/wp-json\/wp\/v2\/comments?post=321180"}],"version-history":[{"count":0,"href":"https:\/\/www.camperonline.it\/magazine\/wp-json\/wp\/v2\/posts\/321180\/revisions"}],"wp:featuredmedia":[{"embeddable":true,"href":"https:\/\/www.camperonline.it\/magazine\/wp-json\/wp\/v2\/media\/321527"}],"wp:attachment":[{"href":"https:\/\/www.camperonline.it\/magazine\/wp-json\/wp\/v2\/media?parent=321180"}],"wp:term":[{"taxonomy":"category","embeddable":true,"href":"https:\/\/www.camperonline.it\/magazine\/wp-json\/wp\/v2\/categories?post=321180"},{"taxonomy":"post_tag","embeddable":true,"href":"https:\/\/www.camperonline.it\/magazine\/wp-json\/wp\/v2\/tags?post=321180"}],"curies":[{"name":"wp","href":"https:\/\/api.w.org\/{rel}","templated":true}]}}