{"id":321471,"date":"2021-09-01T00:00:24","date_gmt":"2021-08-31T22:00:24","guid":{"rendered":"https:\/\/www.camperonline.it\/magazine\/?p=321471"},"modified":"2021-07-29T19:55:50","modified_gmt":"2021-07-29T17:55:50","slug":"anteprime-2022-mclouis","status":"publish","type":"post","link":"https:\/\/www.camperonline.it\/magazine\/2021\/09\/01\/anteprime-2022-mclouis\/","title":{"rendered":"Anteprime 2022: McLouis"},"content":{"rendered":"<p style=\"text-align: center;\"><img loading=\"lazy\" class=\"aligncenter size-full wp-image-322190\" src=\"https:\/\/www.camperonline.it\/magazine\/wp-content\/uploads\/2021\/07\/CoverAnte22_mag_McLouis.jpg\" alt=\"\" width=\"630\" height=\"354\" srcset=\"https:\/\/www.camperonline.it\/magazine\/wp-content\/uploads\/2021\/07\/CoverAnte22_mag_McLouis.jpg 630w, https:\/\/www.camperonline.it\/magazine\/wp-content\/uploads\/2021\/07\/CoverAnte22_mag_McLouis-300x169.jpg 300w\" sizes=\"(max-width: 630px) 100vw, 630px\" \/><\/p>\n<h2>Vengono introdotti i motorhome Nevis serie 200, mentre la serie 800 \u00e8 stata migliorata internamente. Arrivano inoltre nuove piante, sia tra i semintegrali che tra i motorhome, ma ci sono migliorie anche sui van Menfys<\/h2>\n<p><!--more--><\/p>\n<p>Anche per la stagione 2022 <strong>McLouis<\/strong> si fa notare per l\u2019elevato numero di modelli nella fascia d\u2019ingresso e in quella media del mercato. Notiamo per prima cosa una ridefinizione delle gamme: scompare la serie 300. E\u2019 stata assorbita in parte dalla <strong>serie 200<\/strong>, che \u00e8 stata ampliata, e in parte dalla <strong>serie 800<\/strong>. Ma non deve sfuggire l\u2019ulteriore potenziamento della gamma di van <strong>Menfys<\/strong>, continuando il processo di crescita gi\u00e0 avviato.<\/p>\n<p style=\"text-align: center;\"><img loading=\"lazy\" class=\"aligncenter size-full wp-image-321947\" src=\"https:\/\/www.camperonline.it\/magazine\/wp-content\/uploads\/2021\/07\/McLouis_generali_04.jpg\" alt=\"\" width=\"630\" height=\"420\" srcset=\"https:\/\/www.camperonline.it\/magazine\/wp-content\/uploads\/2021\/07\/McLouis_generali_04.jpg 630w, https:\/\/www.camperonline.it\/magazine\/wp-content\/uploads\/2021\/07\/McLouis_generali_04-300x200.jpg 300w\" sizes=\"(max-width: 630px) 100vw, 630px\" \/><\/p>\n<h2>Serie 200<\/h2>\n<p>Introdotta lo scorso anno, la <strong>serie 200<\/strong> riunisce i modelli d\u2019ingresso di <strong>McLouis<\/strong>: oltre ai mansardati <strong>Glamys<\/strong> e ai semintegrali <strong>Mc4<\/strong>, ora ci sono anche i motorhome <strong>Nevis<\/strong>.<\/p>\n<p style=\"text-align: center;\"><img loading=\"lazy\" class=\"aligncenter size-full wp-image-321950\" src=\"https:\/\/www.camperonline.it\/magazine\/wp-content\/uploads\/2021\/07\/McLouis_Nevis_273_01.jpg\" alt=\"\" width=\"630\" height=\"420\" srcset=\"https:\/\/www.camperonline.it\/magazine\/wp-content\/uploads\/2021\/07\/McLouis_Nevis_273_01.jpg 630w, https:\/\/www.camperonline.it\/magazine\/wp-content\/uploads\/2021\/07\/McLouis_Nevis_273_01-300x200.jpg 300w\" sizes=\"(max-width: 630px) 100vw, 630px\" \/><\/p>\n<p>I <strong>Nevis serie 200<\/strong> sono realizzati sulla base del nuovo Fiat Ducato, con il motore base da 120 cv e in opzione i propulsori pi\u00f9 potenti, e di serie hanno il sistema Start&amp;Stop e i fari DRL a LED. Offrono di serie la porta a larghezza maggiorata, gli oscuranti plissettati della cabina e il riscaldamento Truma Combi da 4000 W.<\/p>\n<p style=\"text-align: center;\"><img loading=\"lazy\" class=\"aligncenter size-full wp-image-321951\" src=\"https:\/\/www.camperonline.it\/magazine\/wp-content\/uploads\/2021\/07\/McLouis_Nevis_273_02.jpg\" alt=\"\" width=\"630\" height=\"420\" srcset=\"https:\/\/www.camperonline.it\/magazine\/wp-content\/uploads\/2021\/07\/McLouis_Nevis_273_02.jpg 630w, https:\/\/www.camperonline.it\/magazine\/wp-content\/uploads\/2021\/07\/McLouis_Nevis_273_02-300x200.jpg 300w\" sizes=\"(max-width: 630px) 100vw, 630px\" \/><\/p>\n<p>Sono due i modelli disponibili, entrambi con lunghezza di 745 cm e dotati di ampio bagno con doccia indipendente: il <strong>Nevis 273<\/strong> ha i letti gemelli, mentre il <strong>Nevis 281<\/strong> ha il letto a penisola.<\/p>\n<p style=\"text-align: center;\"><img loading=\"lazy\" class=\"aligncenter size-full wp-image-321952\" src=\"https:\/\/www.camperonline.it\/magazine\/wp-content\/uploads\/2021\/07\/McLouis_Nevis_273_04.jpg\" alt=\"\" width=\"630\" height=\"420\" srcset=\"https:\/\/www.camperonline.it\/magazine\/wp-content\/uploads\/2021\/07\/McLouis_Nevis_273_04.jpg 630w, https:\/\/www.camperonline.it\/magazine\/wp-content\/uploads\/2021\/07\/McLouis_Nevis_273_04-300x200.jpg 300w\" sizes=\"(max-width: 630px) 100vw, 630px\" \/><\/p>\n<p style=\"text-align: center;\"><img loading=\"lazy\" class=\"aligncenter size-full wp-image-321953\" src=\"https:\/\/www.camperonline.it\/magazine\/wp-content\/uploads\/2021\/07\/McLouis_Nevis_273_08.jpg\" alt=\"\" width=\"630\" height=\"420\" srcset=\"https:\/\/www.camperonline.it\/magazine\/wp-content\/uploads\/2021\/07\/McLouis_Nevis_273_08.jpg 630w, https:\/\/www.camperonline.it\/magazine\/wp-content\/uploads\/2021\/07\/McLouis_Nevis_273_08-300x200.jpg 300w\" sizes=\"(max-width: 630px) 100vw, 630px\" \/><\/p>\n<p>In generale, viene migliorata la dotazione della <strong>serie 200<\/strong>, ad esempio su molte versioni \u00e8 proposto di serie il letto posteriore ad altezza variabile. Per i mansardati e i semintegrali vi \u00e8 la possibilit\u00e0 di scegliere tra la meccanica Citroen Jumper e quella Fiat Ducato.<\/p>\n<p style=\"text-align: center;\"><img loading=\"lazy\" class=\"aligncenter size-full wp-image-321954\" src=\"https:\/\/www.camperonline.it\/magazine\/wp-content\/uploads\/2021\/07\/McLouis_MC4_260_01.jpg\" alt=\"\" width=\"630\" height=\"420\" srcset=\"https:\/\/www.camperonline.it\/magazine\/wp-content\/uploads\/2021\/07\/McLouis_MC4_260_01.jpg 630w, https:\/\/www.camperonline.it\/magazine\/wp-content\/uploads\/2021\/07\/McLouis_MC4_260_01-300x200.jpg 300w\" sizes=\"(max-width: 630px) 100vw, 630px\" \/><\/p>\n<p style=\"text-align: center;\"><img loading=\"lazy\" class=\"aligncenter size-full wp-image-321956\" src=\"https:\/\/www.camperonline.it\/magazine\/wp-content\/uploads\/2021\/07\/McLouis_MC4_260_06.jpg\" alt=\"\" width=\"630\" height=\"420\" srcset=\"https:\/\/www.camperonline.it\/magazine\/wp-content\/uploads\/2021\/07\/McLouis_MC4_260_06.jpg 630w, https:\/\/www.camperonline.it\/magazine\/wp-content\/uploads\/2021\/07\/McLouis_MC4_260_06-300x200.jpg 300w\" sizes=\"(max-width: 630px) 100vw, 630px\" \/><\/p>\n<p style=\"text-align: center;\"><img loading=\"lazy\" class=\"aligncenter size-full wp-image-321957\" src=\"https:\/\/www.camperonline.it\/magazine\/wp-content\/uploads\/2021\/07\/McLouis_MC4_260_10.jpg\" alt=\"\" width=\"630\" height=\"420\" srcset=\"https:\/\/www.camperonline.it\/magazine\/wp-content\/uploads\/2021\/07\/McLouis_MC4_260_10.jpg 630w, https:\/\/www.camperonline.it\/magazine\/wp-content\/uploads\/2021\/07\/McLouis_MC4_260_10-300x200.jpg 300w\" sizes=\"(max-width: 630px) 100vw, 630px\" \/><\/p>\n<p>Nuovo \u00e8 il <strong>Mc4 221<\/strong>, un semintegrale che non arriva a 7 metri di lunghezza e che rinuncia al letto fisso posteriore per offrire tanto spazio alle altre zone dell\u2019abitacolo, ad esempio alla generosa dinette face to face con tavolo centrale ampliabile a libro. Il letto principale di questo veicolo \u00e8 il matrimoniale basculante elettrico, mentre un secondo letto si ottiene dalla trasformazione delle dinette. La zona cucina centrale non \u00e8 certo piccola, ma \u00e8 grande soprattutto il bagno posteriore, che integra al suo interno un armadio davvero capiente. L\u2019armadio \u00e8 posto sopra il garage, il quale offre anche una porzione a tutta altezza per il trasporto degli sci. Nuovo \u00e8 anche il semintegrale <strong>Mc4 262<\/strong> , lungo 720 cm e caratterizzato dalla camera posteriore con letto matrimoniale a penisola e bagno sdoppiato, con cabina doccia indipendente dal vano toilette. Per non eccedere con le dimensioni, \u00e8 stata adottata la soluzione del letto accorciabile, con la rete che scorre indietro di 20 cm per agevolare il passaggio. Nella zona anteriore, oltre al letto basculante, troviamo una dinette face to face meno estesa del solito, ma comunque confortevole, composta da un divano da una parte e da una poltrona dall\u2019altra.<\/p>\n<p style=\"text-align: center;\"><img loading=\"lazy\" class=\"aligncenter size-full wp-image-321955\" src=\"https:\/\/www.camperonline.it\/magazine\/wp-content\/uploads\/2021\/07\/McLouis_MC4_260_04.jpg\" alt=\"\" width=\"630\" height=\"420\" srcset=\"https:\/\/www.camperonline.it\/magazine\/wp-content\/uploads\/2021\/07\/McLouis_MC4_260_04.jpg 630w, https:\/\/www.camperonline.it\/magazine\/wp-content\/uploads\/2021\/07\/McLouis_MC4_260_04-300x200.jpg 300w\" sizes=\"(max-width: 630px) 100vw, 630px\" \/><\/p>\n<h2>Serie 800<\/h2>\n<p>Un restyling degli interni ha interessato la <strong>serie 800<\/strong>, al vertice della gamma <strong>McLouis<\/strong>. Notiamo ad esempio le nuove tappezzerie con inserti trapuntati e i rivestimenti soft touch sul soffitto, estesi anche alle pareti della zona notte, ma citiamo anche i materassi dei letti da 15 cm, pi\u00f9 alti ed ergonomici dei precedenti.<\/p>\n<p style=\"text-align: center;\"><img loading=\"lazy\" class=\"aligncenter size-full wp-image-321961\" src=\"https:\/\/www.camperonline.it\/magazine\/wp-content\/uploads\/2021\/07\/McLouis_MC4_865G_03.jpg\" alt=\"\" width=\"630\" height=\"420\" srcset=\"https:\/\/www.camperonline.it\/magazine\/wp-content\/uploads\/2021\/07\/McLouis_MC4_865G_03.jpg 630w, https:\/\/www.camperonline.it\/magazine\/wp-content\/uploads\/2021\/07\/McLouis_MC4_865G_03-300x200.jpg 300w\" sizes=\"(max-width: 630px) 100vw, 630px\" \/><\/p>\n<p style=\"text-align: center;\"><img loading=\"lazy\" class=\"aligncenter size-full wp-image-321962\" src=\"https:\/\/www.camperonline.it\/magazine\/wp-content\/uploads\/2021\/07\/McLouis_MC4_865G_23.jpg\" alt=\"\" width=\"630\" height=\"420\" srcset=\"https:\/\/www.camperonline.it\/magazine\/wp-content\/uploads\/2021\/07\/McLouis_MC4_865G_23.jpg 630w, https:\/\/www.camperonline.it\/magazine\/wp-content\/uploads\/2021\/07\/McLouis_MC4_865G_23-300x200.jpg 300w\" sizes=\"(max-width: 630px) 100vw, 630px\" \/><\/p>\n<p>Le cucine sono dotate di mensola a ribalta, utile anche per l\u2019appoggio della macchina del caff\u00e8, ma anche di barra incassata appendi ganci e di grande frigorifero da 145 litri sui modelli oltre i 7 metri.<\/p>\n<p style=\"text-align: center;\"><img loading=\"lazy\" class=\"aligncenter size-full wp-image-321965\" src=\"https:\/\/www.camperonline.it\/magazine\/wp-content\/uploads\/2021\/07\/McLouis_MC4_870G_09.jpg\" alt=\"\" width=\"630\" height=\"420\" srcset=\"https:\/\/www.camperonline.it\/magazine\/wp-content\/uploads\/2021\/07\/McLouis_MC4_870G_09.jpg 630w, https:\/\/www.camperonline.it\/magazine\/wp-content\/uploads\/2021\/07\/McLouis_MC4_870G_09-300x200.jpg 300w\" sizes=\"(max-width: 630px) 100vw, 630px\" \/><\/p>\n<p style=\"text-align: center;\"><img loading=\"lazy\" class=\"aligncenter size-full wp-image-321966\" src=\"https:\/\/www.camperonline.it\/magazine\/wp-content\/uploads\/2021\/07\/McLouis_MC4_870G_12.jpg\" alt=\"\" width=\"630\" height=\"420\" srcset=\"https:\/\/www.camperonline.it\/magazine\/wp-content\/uploads\/2021\/07\/McLouis_MC4_870G_12.jpg 630w, https:\/\/www.camperonline.it\/magazine\/wp-content\/uploads\/2021\/07\/McLouis_MC4_870G_12-300x200.jpg 300w\" sizes=\"(max-width: 630px) 100vw, 630px\" \/><\/p>\n<p>Nella zona giorno \u00e8 presente un apposito spazio per lo schermo TV, fino a 32\u201d. Per l\u2019impiantistica, segnaliamo il pannello di controllo digitale CP Plus dell\u2019impianto di riscaldamento.<\/p>\n<p style=\"text-align: center;\"><img loading=\"lazy\" class=\"aligncenter size-full wp-image-321964\" src=\"https:\/\/www.camperonline.it\/magazine\/wp-content\/uploads\/2021\/07\/McLouis_MC4_870G_23.jpg\" alt=\"\" width=\"630\" height=\"420\" srcset=\"https:\/\/www.camperonline.it\/magazine\/wp-content\/uploads\/2021\/07\/McLouis_MC4_870G_23.jpg 630w, https:\/\/www.camperonline.it\/magazine\/wp-content\/uploads\/2021\/07\/McLouis_MC4_870G_23-300x200.jpg 300w\" sizes=\"(max-width: 630px) 100vw, 630px\" \/><\/p>\n<p>Il nuovo <strong>Mc4 865<\/strong> \u00e8 un semintegrale che sfiora i 7 metri, dotato di letto basculante anteriore e letti gemelli posteriori: questo mezzo ottimizza lo spazio interno grazie al bagno a volume variabile, con la parete del lavabo che ruota per creare un agevole vano doccia.<\/p>\n<p style=\"text-align: center;\"><img loading=\"lazy\" class=\"aligncenter size-full wp-image-321967\" src=\"https:\/\/www.camperonline.it\/magazine\/wp-content\/uploads\/2021\/07\/McLouis_MC4_865G_08.jpg\" alt=\"\" width=\"630\" height=\"420\" srcset=\"https:\/\/www.camperonline.it\/magazine\/wp-content\/uploads\/2021\/07\/McLouis_MC4_865G_08.jpg 630w, https:\/\/www.camperonline.it\/magazine\/wp-content\/uploads\/2021\/07\/McLouis_MC4_865G_08-300x200.jpg 300w\" sizes=\"(max-width: 630px) 100vw, 630px\" \/><\/p>\n<p style=\"text-align: center;\"><img loading=\"lazy\" class=\"aligncenter size-full wp-image-321958\" src=\"https:\/\/www.camperonline.it\/magazine\/wp-content\/uploads\/2021\/07\/McLouis_MC4_865G_17.jpg\" alt=\"\" width=\"630\" height=\"420\" srcset=\"https:\/\/www.camperonline.it\/magazine\/wp-content\/uploads\/2021\/07\/McLouis_MC4_865G_17.jpg 630w, https:\/\/www.camperonline.it\/magazine\/wp-content\/uploads\/2021\/07\/McLouis_MC4_865G_17-300x200.jpg 300w\" sizes=\"(max-width: 630px) 100vw, 630px\" \/><\/p>\n<p style=\"text-align: center;\"><img loading=\"lazy\" class=\"aligncenter size-full wp-image-321959\" src=\"https:\/\/www.camperonline.it\/magazine\/wp-content\/uploads\/2021\/07\/McLouis_MC4_865G_19.jpg\" alt=\"\" width=\"630\" height=\"420\" srcset=\"https:\/\/www.camperonline.it\/magazine\/wp-content\/uploads\/2021\/07\/McLouis_MC4_865G_19.jpg 630w, https:\/\/www.camperonline.it\/magazine\/wp-content\/uploads\/2021\/07\/McLouis_MC4_865G_19-300x200.jpg 300w\" sizes=\"(max-width: 630px) 100vw, 630px\" \/><\/p>\n<p>Nuovi sono anche il <strong>Mc4 862<\/strong> e il <strong>Nevis 862<\/strong>, un semintegrale e un motorhome da 720 cm di lunghezza, che presentano una disposizione interna identica. Nella zona soggiorno abbiamo una dinette face to face composta da un divano e da una poltrona, mentre nella zona notte troviamo un letto nautico, con rete retrattile per agevolare il passaggio, ma anche un bagno ben sviluppato con la cabina doccia indipendente dal vano toilette.<\/p>\n<p><img loading=\"lazy\" class=\"aligncenter size-full wp-image-321960\" src=\"https:\/\/www.camperonline.it\/magazine\/wp-content\/uploads\/2021\/07\/McLouis_MC4_870G_26.jpg\" alt=\"\" width=\"630\" height=\"420\" srcset=\"https:\/\/www.camperonline.it\/magazine\/wp-content\/uploads\/2021\/07\/McLouis_MC4_870G_26.jpg 630w, https:\/\/www.camperonline.it\/magazine\/wp-content\/uploads\/2021\/07\/McLouis_MC4_870G_26-300x200.jpg 300w\" sizes=\"(max-width: 630px) 100vw, 630px\" \/><\/p>\n<h2>Furgonati Menfys<\/h2>\n<p>Lo scorso anno <strong>McLouis<\/strong> aveva stupito per il deciso ampliamento della sua gamma di furgonati. Ora continua su questa linea introducendo nuove versioni e consolidando i tre livelli di allestimento, ovvero <strong>Menfys<\/strong>, <strong>Menfys S-Line<\/strong> e <strong>Menfys Prestige<\/strong>.<\/p>\n<p style=\"text-align: center;\"><img loading=\"lazy\" class=\"aligncenter size-full wp-image-321968\" src=\"https:\/\/www.camperonline.it\/magazine\/wp-content\/uploads\/2021\/07\/McLouis_Menfys_01.jpg\" alt=\"\" width=\"630\" height=\"420\" srcset=\"https:\/\/www.camperonline.it\/magazine\/wp-content\/uploads\/2021\/07\/McLouis_Menfys_01.jpg 630w, https:\/\/www.camperonline.it\/magazine\/wp-content\/uploads\/2021\/07\/McLouis_Menfys_01-300x200.jpg 300w\" sizes=\"(max-width: 630px) 100vw, 630px\" \/><\/p>\n<p>Ma assistiamo anche ad un miglioramento del prodotto, perch\u00e9 viene rivisto completamente il tetto sollevabile a soffietto. Il nuovo tetto sollevabile ha una maggiore abitabilit\u00e0 interna della zona letto ed \u00e8 compatibile con il tetto panoramico anteriore. Pu\u00f2 inoltre essere dotato di obl\u00f2. Proposto come optional, il tetto sollevabile \u00e8 disponibile per tutte le gamme, mentre lo scorso anno era precluso alle versioni base <strong>Menfys<\/strong>. L\u2019abbinamento tra tetto sollevabile e cupolino panoramico anteriore \u00e8 per\u00f2 riservato alle due gamme superiori. L\u2019ampliamento della gamma vede invece l\u2019introduzione nella serie base di due versioni gi\u00e0 presenti negli allestimenti pi\u00f9 ricchi: sono il <strong>Menfys 1<\/strong> da 541 cm di lunghezza, con letto trasversale posteriore, e il <strong>Menfys 4<\/strong> da 636 cm con letti gemelli.<\/p>\n<p style=\"text-align: center;\"><img loading=\"lazy\" class=\"aligncenter size-full wp-image-321969\" src=\"https:\/\/www.camperonline.it\/magazine\/wp-content\/uploads\/2021\/07\/McLouis_Menfys_03.jpg\" alt=\"\" width=\"630\" height=\"420\" srcset=\"https:\/\/www.camperonline.it\/magazine\/wp-content\/uploads\/2021\/07\/McLouis_Menfys_03.jpg 630w, https:\/\/www.camperonline.it\/magazine\/wp-content\/uploads\/2021\/07\/McLouis_Menfys_03-300x200.jpg 300w\" sizes=\"(max-width: 630px) 100vw, 630px\" \/><\/p>\n<p>E per finire, per chi cerca qualcosa in pi\u00f9 a livello di base meccanica, ecco arrivare le versioni speciali Matic, che offrono di serie il sofisticato cambio automatico a 9 rapporti, ma anche il motore da 140 cv e i cerchi in lega da 16\u201d. Le versioni Matic non costituiscono una gamma a s\u00e9, perch\u00e9 sono disponibili in abbinamento alle gamme Menfys Prestige, Menfys S-Line e addirittura Menfys in versione base.<\/p>\n<h3>Fotogallery<\/h3>\n<!-- default-view.php -->\n<div\n\tclass=\"ngg-galleryoverview default-view  ngg-ajax-pagination-none\"\n\tid=\"ngg-gallery-ca7e7faeb63a60282d0d56bfd5cd995a-1\">\n\n\t\t<!-- Thumbnails -->\n\t\t\t\t<div id=\"ngg-image-0\" class=\"ngg-gallery-thumbnail-box ngg-5-columns\" >\n\t\t\t\t        <div class=\"ngg-gallery-thumbnail\">\n            <a href=\"https:\/\/www.camperonline.it\/magazine\/wp-content\/gallery\/anteprime-2022-mclouis\/McLouis_MC4_870G_10.jpg\"\n               title=\"\"\n               data-src=\"https:\/\/www.camperonline.it\/magazine\/wp-content\/gallery\/anteprime-2022-mclouis\/McLouis_MC4_870G_10.jpg\"\n               data-thumbnail=\"https:\/\/www.camperonline.it\/magazine\/wp-content\/gallery\/anteprime-2022-mclouis\/thumbs\/thumbs_McLouis_MC4_870G_10.jpg\"\n               data-image-id=\"122990\"\n               data-title=\"McLouis_MC4_870G_10\"\n               data-description=\"\"\n               data-image-slug=\"mclouis_mc4_870g_10\"\n               class=\"ngg-fancybox\" rel=\"ca7e7faeb63a60282d0d56bfd5cd995a\">\n                <img\n                    title=\"McLouis_MC4_870G_10\"\n                    alt=\"McLouis_MC4_870G_10\"\n                    src=\"https:\/\/www.camperonline.it\/magazine\/wp-content\/gallery\/anteprime-2022-mclouis\/thumbs\/thumbs_McLouis_MC4_870G_10.jpg\"\n                    width=\"240\"\n                    height=\"160\"\n                    style=\"max-width:100%;\"\n                \/>\n            <\/a>\n        <\/div>\n\t\t\t\t\t\t\t<\/div> \n\t\t\t\n\t\t\t\t<div id=\"ngg-image-1\" class=\"ngg-gallery-thumbnail-box ngg-5-columns\" >\n\t\t\t\t        <div class=\"ngg-gallery-thumbnail\">\n            <a href=\"https:\/\/www.camperonline.it\/magazine\/wp-content\/gallery\/anteprime-2022-mclouis\/McLouis_MC4_870G_24.jpg\"\n               title=\"\"\n               data-src=\"https:\/\/www.camperonline.it\/magazine\/wp-content\/gallery\/anteprime-2022-mclouis\/McLouis_MC4_870G_24.jpg\"\n               data-thumbnail=\"https:\/\/www.camperonline.it\/magazine\/wp-content\/gallery\/anteprime-2022-mclouis\/thumbs\/thumbs_McLouis_MC4_870G_24.jpg\"\n               data-image-id=\"123000\"\n               data-title=\"McLouis_MC4_870G_24\"\n               data-description=\"\"\n               data-image-slug=\"mclouis_mc4_870g_24\"\n               class=\"ngg-fancybox\" rel=\"ca7e7faeb63a60282d0d56bfd5cd995a\">\n                <img\n                    title=\"McLouis_MC4_870G_24\"\n                    alt=\"McLouis_MC4_870G_24\"\n                    src=\"https:\/\/www.camperonline.it\/magazine\/wp-content\/gallery\/anteprime-2022-mclouis\/thumbs\/thumbs_McLouis_MC4_870G_24.jpg\"\n                    width=\"240\"\n                    height=\"160\"\n                    style=\"max-width:100%;\"\n                \/>\n            <\/a>\n        <\/div>\n\t\t\t\t\t\t\t<\/div> \n\t\t\t\n\t\t\t\t<div id=\"ngg-image-2\" class=\"ngg-gallery-thumbnail-box ngg-5-columns\" >\n\t\t\t\t        <div class=\"ngg-gallery-thumbnail\">\n            <a href=\"https:\/\/www.camperonline.it\/magazine\/wp-content\/gallery\/anteprime-2022-mclouis\/McLouis_MC4_870G_23.jpg\"\n               title=\"\"\n               data-src=\"https:\/\/www.camperonline.it\/magazine\/wp-content\/gallery\/anteprime-2022-mclouis\/McLouis_MC4_870G_23.jpg\"\n               data-thumbnail=\"https:\/\/www.camperonline.it\/magazine\/wp-content\/gallery\/anteprime-2022-mclouis\/thumbs\/thumbs_McLouis_MC4_870G_23.jpg\"\n               data-image-id=\"122999\"\n               data-title=\"McLouis_MC4_870G_23\"\n               data-description=\"\"\n               data-image-slug=\"mclouis_mc4_870g_23\"\n               class=\"ngg-fancybox\" rel=\"ca7e7faeb63a60282d0d56bfd5cd995a\">\n                <img\n                    title=\"McLouis_MC4_870G_23\"\n                    alt=\"McLouis_MC4_870G_23\"\n                    src=\"https:\/\/www.camperonline.it\/magazine\/wp-content\/gallery\/anteprime-2022-mclouis\/thumbs\/thumbs_McLouis_MC4_870G_23.jpg\"\n                    width=\"240\"\n                    height=\"160\"\n                    style=\"max-width:100%;\"\n                \/>\n            <\/a>\n        <\/div>\n\t\t\t\t\t\t\t<\/div> \n\t\t\t\n\t\t\t\t<div id=\"ngg-image-3\" class=\"ngg-gallery-thumbnail-box ngg-5-columns\" >\n\t\t\t\t        <div class=\"ngg-gallery-thumbnail\">\n            <a href=\"https:\/\/www.camperonline.it\/magazine\/wp-content\/gallery\/anteprime-2022-mclouis\/McLouis_MC4_870G_20.jpg\"\n               title=\"\"\n               data-src=\"https:\/\/www.camperonline.it\/magazine\/wp-content\/gallery\/anteprime-2022-mclouis\/McLouis_MC4_870G_20.jpg\"\n               data-thumbnail=\"https:\/\/www.camperonline.it\/magazine\/wp-content\/gallery\/anteprime-2022-mclouis\/thumbs\/thumbs_McLouis_MC4_870G_20.jpg\"\n               data-image-id=\"122998\"\n               data-title=\"McLouis_MC4_870G_20\"\n               data-description=\"\"\n               data-image-slug=\"mclouis_mc4_870g_20\"\n               class=\"ngg-fancybox\" rel=\"ca7e7faeb63a60282d0d56bfd5cd995a\">\n                <img\n                    title=\"McLouis_MC4_870G_20\"\n                    alt=\"McLouis_MC4_870G_20\"\n                    src=\"https:\/\/www.camperonline.it\/magazine\/wp-content\/gallery\/anteprime-2022-mclouis\/thumbs\/thumbs_McLouis_MC4_870G_20.jpg\"\n                    width=\"240\"\n                    height=\"160\"\n                    style=\"max-width:100%;\"\n                \/>\n            <\/a>\n        <\/div>\n\t\t\t\t\t\t\t<\/div> \n\t\t\t\n\t\t\t\t<div id=\"ngg-image-4\" class=\"ngg-gallery-thumbnail-box ngg-5-columns\" >\n\t\t\t\t        <div class=\"ngg-gallery-thumbnail\">\n            <a href=\"https:\/\/www.camperonline.it\/magazine\/wp-content\/gallery\/anteprime-2022-mclouis\/McLouis_MC4_870G_19.jpg\"\n               title=\"\"\n               data-src=\"https:\/\/www.camperonline.it\/magazine\/wp-content\/gallery\/anteprime-2022-mclouis\/McLouis_MC4_870G_19.jpg\"\n               data-thumbnail=\"https:\/\/www.camperonline.it\/magazine\/wp-content\/gallery\/anteprime-2022-mclouis\/thumbs\/thumbs_McLouis_MC4_870G_19.jpg\"\n               data-image-id=\"122997\"\n               data-title=\"McLouis_MC4_870G_19\"\n               data-description=\"\"\n               data-image-slug=\"mclouis_mc4_870g_19\"\n               class=\"ngg-fancybox\" rel=\"ca7e7faeb63a60282d0d56bfd5cd995a\">\n                <img\n                    title=\"McLouis_MC4_870G_19\"\n                    alt=\"McLouis_MC4_870G_19\"\n                    src=\"https:\/\/www.camperonline.it\/magazine\/wp-content\/gallery\/anteprime-2022-mclouis\/thumbs\/thumbs_McLouis_MC4_870G_19.jpg\"\n                    width=\"240\"\n                    height=\"160\"\n                    style=\"max-width:100%;\"\n                \/>\n            <\/a>\n        <\/div>\n\t\t\t\t\t\t\t<\/div> \n\t\t\t\n\t\t\t\t<div id=\"ngg-image-5\" class=\"ngg-gallery-thumbnail-box ngg-5-columns\" >\n\t\t\t\t        <div class=\"ngg-gallery-thumbnail\">\n            <a href=\"https:\/\/www.camperonline.it\/magazine\/wp-content\/gallery\/anteprime-2022-mclouis\/McLouis_MC4_870G_17.jpg\"\n               title=\"\"\n               data-src=\"https:\/\/www.camperonline.it\/magazine\/wp-content\/gallery\/anteprime-2022-mclouis\/McLouis_MC4_870G_17.jpg\"\n               data-thumbnail=\"https:\/\/www.camperonline.it\/magazine\/wp-content\/gallery\/anteprime-2022-mclouis\/thumbs\/thumbs_McLouis_MC4_870G_17.jpg\"\n               data-image-id=\"122996\"\n               data-title=\"McLouis_MC4_870G_17\"\n               data-description=\"\"\n               data-image-slug=\"mclouis_mc4_870g_17\"\n               class=\"ngg-fancybox\" rel=\"ca7e7faeb63a60282d0d56bfd5cd995a\">\n                <img\n                    title=\"McLouis_MC4_870G_17\"\n                    alt=\"McLouis_MC4_870G_17\"\n                    src=\"https:\/\/www.camperonline.it\/magazine\/wp-content\/gallery\/anteprime-2022-mclouis\/thumbs\/thumbs_McLouis_MC4_870G_17.jpg\"\n                    width=\"240\"\n                    height=\"160\"\n                    style=\"max-width:100%;\"\n                \/>\n            <\/a>\n        <\/div>\n\t\t\t\t\t\t\t<\/div> \n\t\t\t\n\t\t\t\t<div id=\"ngg-image-6\" class=\"ngg-gallery-thumbnail-box ngg-5-columns\" >\n\t\t\t\t        <div class=\"ngg-gallery-thumbnail\">\n            <a href=\"https:\/\/www.camperonline.it\/magazine\/wp-content\/gallery\/anteprime-2022-mclouis\/McLouis_MC4_870G_16.jpg\"\n               title=\"\"\n               data-src=\"https:\/\/www.camperonline.it\/magazine\/wp-content\/gallery\/anteprime-2022-mclouis\/McLouis_MC4_870G_16.jpg\"\n               data-thumbnail=\"https:\/\/www.camperonline.it\/magazine\/wp-content\/gallery\/anteprime-2022-mclouis\/thumbs\/thumbs_McLouis_MC4_870G_16.jpg\"\n               data-image-id=\"122995\"\n               data-title=\"McLouis_MC4_870G_16\"\n               data-description=\"\"\n               data-image-slug=\"mclouis_mc4_870g_16\"\n               class=\"ngg-fancybox\" rel=\"ca7e7faeb63a60282d0d56bfd5cd995a\">\n                <img\n                    title=\"McLouis_MC4_870G_16\"\n                    alt=\"McLouis_MC4_870G_16\"\n                    src=\"https:\/\/www.camperonline.it\/magazine\/wp-content\/gallery\/anteprime-2022-mclouis\/thumbs\/thumbs_McLouis_MC4_870G_16.jpg\"\n                    width=\"240\"\n                    height=\"160\"\n                    style=\"max-width:100%;\"\n                \/>\n            <\/a>\n        <\/div>\n\t\t\t\t\t\t\t<\/div> \n\t\t\t\n\t\t\t\t<div id=\"ngg-image-7\" class=\"ngg-gallery-thumbnail-box ngg-5-columns\" >\n\t\t\t\t        <div class=\"ngg-gallery-thumbnail\">\n            <a href=\"https:\/\/www.camperonline.it\/magazine\/wp-content\/gallery\/anteprime-2022-mclouis\/McLouis_MC4_870G_14.jpg\"\n               title=\"\"\n               data-src=\"https:\/\/www.camperonline.it\/magazine\/wp-content\/gallery\/anteprime-2022-mclouis\/McLouis_MC4_870G_14.jpg\"\n               data-thumbnail=\"https:\/\/www.camperonline.it\/magazine\/wp-content\/gallery\/anteprime-2022-mclouis\/thumbs\/thumbs_McLouis_MC4_870G_14.jpg\"\n               data-image-id=\"122994\"\n               data-title=\"McLouis_MC4_870G_14\"\n               data-description=\"\"\n               data-image-slug=\"mclouis_mc4_870g_14\"\n               class=\"ngg-fancybox\" rel=\"ca7e7faeb63a60282d0d56bfd5cd995a\">\n                <img\n                    title=\"McLouis_MC4_870G_14\"\n                    alt=\"McLouis_MC4_870G_14\"\n                    src=\"https:\/\/www.camperonline.it\/magazine\/wp-content\/gallery\/anteprime-2022-mclouis\/thumbs\/thumbs_McLouis_MC4_870G_14.jpg\"\n                    width=\"240\"\n                    height=\"160\"\n                    style=\"max-width:100%;\"\n                \/>\n            <\/a>\n        <\/div>\n\t\t\t\t\t\t\t<\/div> \n\t\t\t\n\t\t\t\t<div id=\"ngg-image-8\" class=\"ngg-gallery-thumbnail-box ngg-5-columns\" >\n\t\t\t\t        <div class=\"ngg-gallery-thumbnail\">\n            <a href=\"https:\/\/www.camperonline.it\/magazine\/wp-content\/gallery\/anteprime-2022-mclouis\/McLouis_MC4_870G_13.jpg\"\n               title=\"\"\n               data-src=\"https:\/\/www.camperonline.it\/magazine\/wp-content\/gallery\/anteprime-2022-mclouis\/McLouis_MC4_870G_13.jpg\"\n               data-thumbnail=\"https:\/\/www.camperonline.it\/magazine\/wp-content\/gallery\/anteprime-2022-mclouis\/thumbs\/thumbs_McLouis_MC4_870G_13.jpg\"\n               data-image-id=\"122993\"\n               data-title=\"McLouis_MC4_870G_13\"\n               data-description=\"\"\n               data-image-slug=\"mclouis_mc4_870g_13\"\n               class=\"ngg-fancybox\" rel=\"ca7e7faeb63a60282d0d56bfd5cd995a\">\n                <img\n                    title=\"McLouis_MC4_870G_13\"\n                    alt=\"McLouis_MC4_870G_13\"\n                    src=\"https:\/\/www.camperonline.it\/magazine\/wp-content\/gallery\/anteprime-2022-mclouis\/thumbs\/thumbs_McLouis_MC4_870G_13.jpg\"\n                    width=\"240\"\n                    height=\"160\"\n                    style=\"max-width:100%;\"\n                \/>\n            <\/a>\n        <\/div>\n\t\t\t\t\t\t\t<\/div> \n\t\t\t\n\t\t\t\t<div id=\"ngg-image-9\" class=\"ngg-gallery-thumbnail-box ngg-5-columns\" >\n\t\t\t\t        <div class=\"ngg-gallery-thumbnail\">\n            <a href=\"https:\/\/www.camperonline.it\/magazine\/wp-content\/gallery\/anteprime-2022-mclouis\/McLouis_MC4_870G_12.jpg\"\n               title=\"\"\n               data-src=\"https:\/\/www.camperonline.it\/magazine\/wp-content\/gallery\/anteprime-2022-mclouis\/McLouis_MC4_870G_12.jpg\"\n               data-thumbnail=\"https:\/\/www.camperonline.it\/magazine\/wp-content\/gallery\/anteprime-2022-mclouis\/thumbs\/thumbs_McLouis_MC4_870G_12.jpg\"\n               data-image-id=\"122992\"\n               data-title=\"McLouis_MC4_870G_12\"\n               data-description=\"\"\n               data-image-slug=\"mclouis_mc4_870g_12\"\n               class=\"ngg-fancybox\" rel=\"ca7e7faeb63a60282d0d56bfd5cd995a\">\n                <img\n                    title=\"McLouis_MC4_870G_12\"\n                    alt=\"McLouis_MC4_870G_12\"\n                    src=\"https:\/\/www.camperonline.it\/magazine\/wp-content\/gallery\/anteprime-2022-mclouis\/thumbs\/thumbs_McLouis_MC4_870G_12.jpg\"\n                    width=\"240\"\n                    height=\"160\"\n                    style=\"max-width:100%;\"\n                \/>\n            <\/a>\n        <\/div>\n\t\t\t\t\t\t\t<\/div> \n\t\t\t\n\t\t\t\t<div id=\"ngg-image-10\" class=\"ngg-gallery-thumbnail-box ngg-5-columns\" >\n\t\t\t\t        <div class=\"ngg-gallery-thumbnail\">\n            <a href=\"https:\/\/www.camperonline.it\/magazine\/wp-content\/gallery\/anteprime-2022-mclouis\/McLouis_MC4_870G_11.jpg\"\n               title=\"\"\n               data-src=\"https:\/\/www.camperonline.it\/magazine\/wp-content\/gallery\/anteprime-2022-mclouis\/McLouis_MC4_870G_11.jpg\"\n               data-thumbnail=\"https:\/\/www.camperonline.it\/magazine\/wp-content\/gallery\/anteprime-2022-mclouis\/thumbs\/thumbs_McLouis_MC4_870G_11.jpg\"\n               data-image-id=\"122991\"\n               data-title=\"McLouis_MC4_870G_11\"\n               data-description=\"\"\n               data-image-slug=\"mclouis_mc4_870g_11\"\n               class=\"ngg-fancybox\" rel=\"ca7e7faeb63a60282d0d56bfd5cd995a\">\n                <img\n                    title=\"McLouis_MC4_870G_11\"\n                    alt=\"McLouis_MC4_870G_11\"\n                    src=\"https:\/\/www.camperonline.it\/magazine\/wp-content\/gallery\/anteprime-2022-mclouis\/thumbs\/thumbs_McLouis_MC4_870G_11.jpg\"\n                    width=\"240\"\n                    height=\"160\"\n                    style=\"max-width:100%;\"\n                \/>\n            <\/a>\n        <\/div>\n\t\t\t\t\t\t\t<\/div> \n\t\t\t\n\t\t\t\t<div id=\"ngg-image-11\" class=\"ngg-gallery-thumbnail-box ngg-5-columns\" >\n\t\t\t\t        <div class=\"ngg-gallery-thumbnail\">\n            <a href=\"https:\/\/www.camperonline.it\/magazine\/wp-content\/gallery\/anteprime-2022-mclouis\/McLouis_MC4_870G_26.jpg\"\n               title=\"\"\n               data-src=\"https:\/\/www.camperonline.it\/magazine\/wp-content\/gallery\/anteprime-2022-mclouis\/McLouis_MC4_870G_26.jpg\"\n               data-thumbnail=\"https:\/\/www.camperonline.it\/magazine\/wp-content\/gallery\/anteprime-2022-mclouis\/thumbs\/thumbs_McLouis_MC4_870G_26.jpg\"\n               data-image-id=\"123001\"\n               data-title=\"McLouis_MC4_870G_26\"\n               data-description=\"\"\n               data-image-slug=\"mclouis_mc4_870g_26\"\n               class=\"ngg-fancybox\" rel=\"ca7e7faeb63a60282d0d56bfd5cd995a\">\n                <img\n                    title=\"McLouis_MC4_870G_26\"\n                    alt=\"McLouis_MC4_870G_26\"\n                    src=\"https:\/\/www.camperonline.it\/magazine\/wp-content\/gallery\/anteprime-2022-mclouis\/thumbs\/thumbs_McLouis_MC4_870G_26.jpg\"\n                    width=\"240\"\n                    height=\"160\"\n                    style=\"max-width:100%;\"\n                \/>\n            <\/a>\n        <\/div>\n\t\t\t\t\t\t\t<\/div> \n\t\t\t\n\t\t\t\t<div id=\"ngg-image-12\" class=\"ngg-gallery-thumbnail-box ngg-5-columns\" >\n\t\t\t\t        <div class=\"ngg-gallery-thumbnail\">\n            <a href=\"https:\/\/www.camperonline.it\/magazine\/wp-content\/gallery\/anteprime-2022-mclouis\/McLouis_MC4_870G_09.jpg\"\n               title=\"\"\n               data-src=\"https:\/\/www.camperonline.it\/magazine\/wp-content\/gallery\/anteprime-2022-mclouis\/McLouis_MC4_870G_09.jpg\"\n               data-thumbnail=\"https:\/\/www.camperonline.it\/magazine\/wp-content\/gallery\/anteprime-2022-mclouis\/thumbs\/thumbs_McLouis_MC4_870G_09.jpg\"\n               data-image-id=\"122989\"\n               data-title=\"McLouis_MC4_870G_09\"\n               data-description=\"\"\n               data-image-slug=\"mclouis_mc4_870g_09\"\n               class=\"ngg-fancybox\" rel=\"ca7e7faeb63a60282d0d56bfd5cd995a\">\n                <img\n                    title=\"McLouis_MC4_870G_09\"\n                    alt=\"McLouis_MC4_870G_09\"\n                    src=\"https:\/\/www.camperonline.it\/magazine\/wp-content\/gallery\/anteprime-2022-mclouis\/thumbs\/thumbs_McLouis_MC4_870G_09.jpg\"\n                    width=\"240\"\n                    height=\"160\"\n                    style=\"max-width:100%;\"\n                \/>\n            <\/a>\n        <\/div>\n\t\t\t\t\t\t\t<\/div> \n\t\t\t\n\t\t\t\t<div id=\"ngg-image-13\" class=\"ngg-gallery-thumbnail-box ngg-5-columns\" >\n\t\t\t\t        <div class=\"ngg-gallery-thumbnail\">\n            <a href=\"https:\/\/www.camperonline.it\/magazine\/wp-content\/gallery\/anteprime-2022-mclouis\/McLouis_MC4_870G_08.jpg\"\n               title=\"\"\n               data-src=\"https:\/\/www.camperonline.it\/magazine\/wp-content\/gallery\/anteprime-2022-mclouis\/McLouis_MC4_870G_08.jpg\"\n               data-thumbnail=\"https:\/\/www.camperonline.it\/magazine\/wp-content\/gallery\/anteprime-2022-mclouis\/thumbs\/thumbs_McLouis_MC4_870G_08.jpg\"\n               data-image-id=\"122988\"\n               data-title=\"McLouis_MC4_870G_08\"\n               data-description=\"\"\n               data-image-slug=\"mclouis_mc4_870g_08\"\n               class=\"ngg-fancybox\" rel=\"ca7e7faeb63a60282d0d56bfd5cd995a\">\n                <img\n                    title=\"McLouis_MC4_870G_08\"\n                    alt=\"McLouis_MC4_870G_08\"\n                    src=\"https:\/\/www.camperonline.it\/magazine\/wp-content\/gallery\/anteprime-2022-mclouis\/thumbs\/thumbs_McLouis_MC4_870G_08.jpg\"\n                    width=\"240\"\n                    height=\"160\"\n                    style=\"max-width:100%;\"\n                \/>\n            <\/a>\n        <\/div>\n\t\t\t\t\t\t\t<\/div> \n\t\t\t\n\t\t\t\t<div id=\"ngg-image-14\" class=\"ngg-gallery-thumbnail-box ngg-5-columns\" >\n\t\t\t\t        <div class=\"ngg-gallery-thumbnail\">\n            <a href=\"https:\/\/www.camperonline.it\/magazine\/wp-content\/gallery\/anteprime-2022-mclouis\/McLouis_MC4_870G_07.jpg\"\n               title=\"\"\n               data-src=\"https:\/\/www.camperonline.it\/magazine\/wp-content\/gallery\/anteprime-2022-mclouis\/McLouis_MC4_870G_07.jpg\"\n               data-thumbnail=\"https:\/\/www.camperonline.it\/magazine\/wp-content\/gallery\/anteprime-2022-mclouis\/thumbs\/thumbs_McLouis_MC4_870G_07.jpg\"\n               data-image-id=\"122987\"\n               data-title=\"McLouis_MC4_870G_07\"\n               data-description=\"\"\n               data-image-slug=\"mclouis_mc4_870g_07\"\n               class=\"ngg-fancybox\" rel=\"ca7e7faeb63a60282d0d56bfd5cd995a\">\n                <img\n                    title=\"McLouis_MC4_870G_07\"\n                    alt=\"McLouis_MC4_870G_07\"\n                    src=\"https:\/\/www.camperonline.it\/magazine\/wp-content\/gallery\/anteprime-2022-mclouis\/thumbs\/thumbs_McLouis_MC4_870G_07.jpg\"\n                    width=\"240\"\n                    height=\"160\"\n                    style=\"max-width:100%;\"\n                \/>\n            <\/a>\n        <\/div>\n\t\t\t\t\t\t\t<\/div> \n\t\t\t\n\t\t\t\t<div id=\"ngg-image-15\" class=\"ngg-gallery-thumbnail-box ngg-5-columns\" >\n\t\t\t\t        <div class=\"ngg-gallery-thumbnail\">\n            <a href=\"https:\/\/www.camperonline.it\/magazine\/wp-content\/gallery\/anteprime-2022-mclouis\/McLouis_MC4_870G_06.jpg\"\n               title=\"\"\n               data-src=\"https:\/\/www.camperonline.it\/magazine\/wp-content\/gallery\/anteprime-2022-mclouis\/McLouis_MC4_870G_06.jpg\"\n               data-thumbnail=\"https:\/\/www.camperonline.it\/magazine\/wp-content\/gallery\/anteprime-2022-mclouis\/thumbs\/thumbs_McLouis_MC4_870G_06.jpg\"\n               data-image-id=\"122986\"\n               data-title=\"McLouis_MC4_870G_06\"\n               data-description=\"\"\n               data-image-slug=\"mclouis_mc4_870g_06\"\n               class=\"ngg-fancybox\" rel=\"ca7e7faeb63a60282d0d56bfd5cd995a\">\n                <img\n                    title=\"McLouis_MC4_870G_06\"\n                    alt=\"McLouis_MC4_870G_06\"\n                    src=\"https:\/\/www.camperonline.it\/magazine\/wp-content\/gallery\/anteprime-2022-mclouis\/thumbs\/thumbs_McLouis_MC4_870G_06.jpg\"\n                    width=\"240\"\n                    height=\"160\"\n                    style=\"max-width:100%;\"\n                \/>\n            <\/a>\n        <\/div>\n\t\t\t\t\t\t\t<\/div> \n\t\t\t\n\t\t\t\t<div id=\"ngg-image-16\" class=\"ngg-gallery-thumbnail-box ngg-5-columns\" >\n\t\t\t\t        <div class=\"ngg-gallery-thumbnail\">\n            <a href=\"https:\/\/www.camperonline.it\/magazine\/wp-content\/gallery\/anteprime-2022-mclouis\/McLouis_MC4_870G_05.jpg\"\n               title=\"\"\n               data-src=\"https:\/\/www.camperonline.it\/magazine\/wp-content\/gallery\/anteprime-2022-mclouis\/McLouis_MC4_870G_05.jpg\"\n               data-thumbnail=\"https:\/\/www.camperonline.it\/magazine\/wp-content\/gallery\/anteprime-2022-mclouis\/thumbs\/thumbs_McLouis_MC4_870G_05.jpg\"\n               data-image-id=\"122985\"\n               data-title=\"McLouis_MC4_870G_05\"\n               data-description=\"\"\n               data-image-slug=\"mclouis_mc4_870g_05\"\n               class=\"ngg-fancybox\" rel=\"ca7e7faeb63a60282d0d56bfd5cd995a\">\n                <img\n                    title=\"McLouis_MC4_870G_05\"\n                    alt=\"McLouis_MC4_870G_05\"\n                    src=\"https:\/\/www.camperonline.it\/magazine\/wp-content\/gallery\/anteprime-2022-mclouis\/thumbs\/thumbs_McLouis_MC4_870G_05.jpg\"\n                    width=\"240\"\n                    height=\"160\"\n                    style=\"max-width:100%;\"\n                \/>\n            <\/a>\n        <\/div>\n\t\t\t\t\t\t\t<\/div> \n\t\t\t\n\t\t\t\t<div id=\"ngg-image-17\" class=\"ngg-gallery-thumbnail-box ngg-5-columns\" >\n\t\t\t\t        <div class=\"ngg-gallery-thumbnail\">\n            <a href=\"https:\/\/www.camperonline.it\/magazine\/wp-content\/gallery\/anteprime-2022-mclouis\/McLouis_MC4_870G_04.jpg\"\n               title=\"\"\n               data-src=\"https:\/\/www.camperonline.it\/magazine\/wp-content\/gallery\/anteprime-2022-mclouis\/McLouis_MC4_870G_04.jpg\"\n               data-thumbnail=\"https:\/\/www.camperonline.it\/magazine\/wp-content\/gallery\/anteprime-2022-mclouis\/thumbs\/thumbs_McLouis_MC4_870G_04.jpg\"\n               data-image-id=\"122984\"\n               data-title=\"McLouis_MC4_870G_04\"\n               data-description=\"\"\n               data-image-slug=\"mclouis_mc4_870g_04\"\n               class=\"ngg-fancybox\" rel=\"ca7e7faeb63a60282d0d56bfd5cd995a\">\n                <img\n                    title=\"McLouis_MC4_870G_04\"\n                    alt=\"McLouis_MC4_870G_04\"\n                    src=\"https:\/\/www.camperonline.it\/magazine\/wp-content\/gallery\/anteprime-2022-mclouis\/thumbs\/thumbs_McLouis_MC4_870G_04.jpg\"\n                    width=\"240\"\n                    height=\"160\"\n                    style=\"max-width:100%;\"\n                \/>\n            <\/a>\n        <\/div>\n\t\t\t\t\t\t\t<\/div> \n\t\t\t\n\t\t\t\t<div id=\"ngg-image-18\" class=\"ngg-gallery-thumbnail-box ngg-5-columns\" >\n\t\t\t\t        <div class=\"ngg-gallery-thumbnail\">\n            <a href=\"https:\/\/www.camperonline.it\/magazine\/wp-content\/gallery\/anteprime-2022-mclouis\/McLouis_MC4_870G_02.jpg\"\n               title=\"\"\n               data-src=\"https:\/\/www.camperonline.it\/magazine\/wp-content\/gallery\/anteprime-2022-mclouis\/McLouis_MC4_870G_02.jpg\"\n               data-thumbnail=\"https:\/\/www.camperonline.it\/magazine\/wp-content\/gallery\/anteprime-2022-mclouis\/thumbs\/thumbs_McLouis_MC4_870G_02.jpg\"\n               data-image-id=\"122983\"\n               data-title=\"McLouis_MC4_870G_02\"\n               data-description=\"\"\n               data-image-slug=\"mclouis_mc4_870g_02\"\n               class=\"ngg-fancybox\" rel=\"ca7e7faeb63a60282d0d56bfd5cd995a\">\n                <img\n                    title=\"McLouis_MC4_870G_02\"\n                    alt=\"McLouis_MC4_870G_02\"\n                    src=\"https:\/\/www.camperonline.it\/magazine\/wp-content\/gallery\/anteprime-2022-mclouis\/thumbs\/thumbs_McLouis_MC4_870G_02.jpg\"\n                    width=\"240\"\n                    height=\"160\"\n                    style=\"max-width:100%;\"\n                \/>\n            <\/a>\n        <\/div>\n\t\t\t\t\t\t\t<\/div> \n\t\t\t\n\t\t\t\t<div id=\"ngg-image-19\" class=\"ngg-gallery-thumbnail-box ngg-5-columns\" >\n\t\t\t\t        <div class=\"ngg-gallery-thumbnail\">\n            <a href=\"https:\/\/www.camperonline.it\/magazine\/wp-content\/gallery\/anteprime-2022-mclouis\/McLouis_MC4_870G_01.jpg\"\n               title=\"\"\n               data-src=\"https:\/\/www.camperonline.it\/magazine\/wp-content\/gallery\/anteprime-2022-mclouis\/McLouis_MC4_870G_01.jpg\"\n               data-thumbnail=\"https:\/\/www.camperonline.it\/magazine\/wp-content\/gallery\/anteprime-2022-mclouis\/thumbs\/thumbs_McLouis_MC4_870G_01.jpg\"\n               data-image-id=\"122982\"\n               data-title=\"McLouis_MC4_870G_01\"\n               data-description=\"\"\n               data-image-slug=\"mclouis_mc4_870g_01\"\n               class=\"ngg-fancybox\" rel=\"ca7e7faeb63a60282d0d56bfd5cd995a\">\n                <img\n                    title=\"McLouis_MC4_870G_01\"\n                    alt=\"McLouis_MC4_870G_01\"\n                    src=\"https:\/\/www.camperonline.it\/magazine\/wp-content\/gallery\/anteprime-2022-mclouis\/thumbs\/thumbs_McLouis_MC4_870G_01.jpg\"\n                    width=\"240\"\n                    height=\"160\"\n                    style=\"max-width:100%;\"\n                \/>\n            <\/a>\n        <\/div>\n\t\t\t\t\t\t\t<\/div> \n\t\t\t\n\t\t\t\t<div id=\"ngg-image-20\" class=\"ngg-gallery-thumbnail-box ngg-5-columns\" >\n\t\t\t\t        <div class=\"ngg-gallery-thumbnail\">\n            <a href=\"https:\/\/www.camperonline.it\/magazine\/wp-content\/gallery\/anteprime-2022-mclouis\/McLouis_MC4_865G_25.jpg\"\n               title=\"\"\n               data-src=\"https:\/\/www.camperonline.it\/magazine\/wp-content\/gallery\/anteprime-2022-mclouis\/McLouis_MC4_865G_25.jpg\"\n               data-thumbnail=\"https:\/\/www.camperonline.it\/magazine\/wp-content\/gallery\/anteprime-2022-mclouis\/thumbs\/thumbs_McLouis_MC4_865G_25.jpg\"\n               data-image-id=\"122981\"\n               data-title=\"McLouis_MC4_865G_25\"\n               data-description=\"\"\n               data-image-slug=\"mclouis_mc4_865g_25\"\n               class=\"ngg-fancybox\" rel=\"ca7e7faeb63a60282d0d56bfd5cd995a\">\n                <img\n                    title=\"McLouis_MC4_865G_25\"\n                    alt=\"McLouis_MC4_865G_25\"\n                    src=\"https:\/\/www.camperonline.it\/magazine\/wp-content\/gallery\/anteprime-2022-mclouis\/thumbs\/thumbs_McLouis_MC4_865G_25.jpg\"\n                    width=\"240\"\n                    height=\"160\"\n                    style=\"max-width:100%;\"\n                \/>\n            <\/a>\n        <\/div>\n\t\t\t\t\t\t\t<\/div> \n\t\t\t\n\t\t\t\t<div id=\"ngg-image-21\" class=\"ngg-gallery-thumbnail-box ngg-5-columns\" >\n\t\t\t\t        <div class=\"ngg-gallery-thumbnail\">\n            <a href=\"https:\/\/www.camperonline.it\/magazine\/wp-content\/gallery\/anteprime-2022-mclouis\/McLouis_Nevis_273_04A.jpg\"\n               title=\"\"\n               data-src=\"https:\/\/www.camperonline.it\/magazine\/wp-content\/gallery\/anteprime-2022-mclouis\/McLouis_Nevis_273_04A.jpg\"\n               data-thumbnail=\"https:\/\/www.camperonline.it\/magazine\/wp-content\/gallery\/anteprime-2022-mclouis\/thumbs\/thumbs_McLouis_Nevis_273_04A.jpg\"\n               data-image-id=\"123011\"\n               data-title=\"McLouis_Nevis_273_04A\"\n               data-description=\"\"\n               data-image-slug=\"mclouis_nevis_273_04a\"\n               class=\"ngg-fancybox\" rel=\"ca7e7faeb63a60282d0d56bfd5cd995a\">\n                <img\n                    title=\"McLouis_Nevis_273_04A\"\n                    alt=\"McLouis_Nevis_273_04A\"\n                    src=\"https:\/\/www.camperonline.it\/magazine\/wp-content\/gallery\/anteprime-2022-mclouis\/thumbs\/thumbs_McLouis_Nevis_273_04A.jpg\"\n                    width=\"240\"\n                    height=\"160\"\n                    style=\"max-width:100%;\"\n                \/>\n            <\/a>\n        <\/div>\n\t\t\t\t\t\t\t<\/div> \n\t\t\t\n\t\t\t\t<div id=\"ngg-image-22\" class=\"ngg-gallery-thumbnail-box ngg-5-columns\" >\n\t\t\t\t        <div class=\"ngg-gallery-thumbnail\">\n            <a href=\"https:\/\/www.camperonline.it\/magazine\/wp-content\/gallery\/anteprime-2022-mclouis\/McLouis_Nevis_273_15.jpg\"\n               title=\"\"\n               data-src=\"https:\/\/www.camperonline.it\/magazine\/wp-content\/gallery\/anteprime-2022-mclouis\/McLouis_Nevis_273_15.jpg\"\n               data-thumbnail=\"https:\/\/www.camperonline.it\/magazine\/wp-content\/gallery\/anteprime-2022-mclouis\/thumbs\/thumbs_McLouis_Nevis_273_15.jpg\"\n               data-image-id=\"123020\"\n               data-title=\"McLouis_Nevis_273_15\"\n               data-description=\"\"\n               data-image-slug=\"mclouis_nevis_273_15\"\n               class=\"ngg-fancybox\" rel=\"ca7e7faeb63a60282d0d56bfd5cd995a\">\n                <img\n                    title=\"McLouis_Nevis_273_15\"\n                    alt=\"McLouis_Nevis_273_15\"\n                    src=\"https:\/\/www.camperonline.it\/magazine\/wp-content\/gallery\/anteprime-2022-mclouis\/thumbs\/thumbs_McLouis_Nevis_273_15.jpg\"\n                    width=\"240\"\n                    height=\"160\"\n                    style=\"max-width:100%;\"\n                \/>\n            <\/a>\n        <\/div>\n\t\t\t\t\t\t\t<\/div> \n\t\t\t\n\t\t\t\t<div id=\"ngg-image-23\" class=\"ngg-gallery-thumbnail-box ngg-5-columns\" >\n\t\t\t\t        <div class=\"ngg-gallery-thumbnail\">\n            <a href=\"https:\/\/www.camperonline.it\/magazine\/wp-content\/gallery\/anteprime-2022-mclouis\/McLouis_Nevis_273_13.jpg\"\n               title=\"\"\n               data-src=\"https:\/\/www.camperonline.it\/magazine\/wp-content\/gallery\/anteprime-2022-mclouis\/McLouis_Nevis_273_13.jpg\"\n               data-thumbnail=\"https:\/\/www.camperonline.it\/magazine\/wp-content\/gallery\/anteprime-2022-mclouis\/thumbs\/thumbs_McLouis_Nevis_273_13.jpg\"\n               data-image-id=\"123019\"\n               data-title=\"McLouis_Nevis_273_13\"\n               data-description=\"\"\n               data-image-slug=\"mclouis_nevis_273_13\"\n               class=\"ngg-fancybox\" rel=\"ca7e7faeb63a60282d0d56bfd5cd995a\">\n                <img\n                    title=\"McLouis_Nevis_273_13\"\n                    alt=\"McLouis_Nevis_273_13\"\n                    src=\"https:\/\/www.camperonline.it\/magazine\/wp-content\/gallery\/anteprime-2022-mclouis\/thumbs\/thumbs_McLouis_Nevis_273_13.jpg\"\n                    width=\"240\"\n                    height=\"160\"\n                    style=\"max-width:100%;\"\n                \/>\n            <\/a>\n        <\/div>\n\t\t\t\t\t\t\t<\/div> \n\t\t\t\n\t\t\t\t<div id=\"ngg-image-24\" class=\"ngg-gallery-thumbnail-box ngg-5-columns\" >\n\t\t\t\t        <div class=\"ngg-gallery-thumbnail\">\n            <a href=\"https:\/\/www.camperonline.it\/magazine\/wp-content\/gallery\/anteprime-2022-mclouis\/McLouis_Nevis_273_12.jpg\"\n               title=\"\"\n               data-src=\"https:\/\/www.camperonline.it\/magazine\/wp-content\/gallery\/anteprime-2022-mclouis\/McLouis_Nevis_273_12.jpg\"\n               data-thumbnail=\"https:\/\/www.camperonline.it\/magazine\/wp-content\/gallery\/anteprime-2022-mclouis\/thumbs\/thumbs_McLouis_Nevis_273_12.jpg\"\n               data-image-id=\"123018\"\n               data-title=\"McLouis_Nevis_273_12\"\n               data-description=\"\"\n               data-image-slug=\"mclouis_nevis_273_12\"\n               class=\"ngg-fancybox\" rel=\"ca7e7faeb63a60282d0d56bfd5cd995a\">\n                <img\n                    title=\"McLouis_Nevis_273_12\"\n                    alt=\"McLouis_Nevis_273_12\"\n                    src=\"https:\/\/www.camperonline.it\/magazine\/wp-content\/gallery\/anteprime-2022-mclouis\/thumbs\/thumbs_McLouis_Nevis_273_12.jpg\"\n                    width=\"240\"\n                    height=\"160\"\n                    style=\"max-width:100%;\"\n                \/>\n            <\/a>\n        <\/div>\n\t\t\t\t\t\t\t<\/div> \n\t\t\t\n\t\t\t\t<div id=\"ngg-image-25\" class=\"ngg-gallery-thumbnail-box ngg-5-columns\" >\n\t\t\t\t        <div class=\"ngg-gallery-thumbnail\">\n            <a href=\"https:\/\/www.camperonline.it\/magazine\/wp-content\/gallery\/anteprime-2022-mclouis\/McLouis_Nevis_273_11.jpg\"\n               title=\"\"\n               data-src=\"https:\/\/www.camperonline.it\/magazine\/wp-content\/gallery\/anteprime-2022-mclouis\/McLouis_Nevis_273_11.jpg\"\n               data-thumbnail=\"https:\/\/www.camperonline.it\/magazine\/wp-content\/gallery\/anteprime-2022-mclouis\/thumbs\/thumbs_McLouis_Nevis_273_11.jpg\"\n               data-image-id=\"123017\"\n               data-title=\"McLouis_Nevis_273_11\"\n               data-description=\"\"\n               data-image-slug=\"mclouis_nevis_273_11\"\n               class=\"ngg-fancybox\" rel=\"ca7e7faeb63a60282d0d56bfd5cd995a\">\n                <img\n                    title=\"McLouis_Nevis_273_11\"\n                    alt=\"McLouis_Nevis_273_11\"\n                    src=\"https:\/\/www.camperonline.it\/magazine\/wp-content\/gallery\/anteprime-2022-mclouis\/thumbs\/thumbs_McLouis_Nevis_273_11.jpg\"\n                    width=\"240\"\n                    height=\"160\"\n                    style=\"max-width:100%;\"\n                \/>\n            <\/a>\n        <\/div>\n\t\t\t\t\t\t\t<\/div> \n\t\t\t\n\t\t\t\t<div id=\"ngg-image-26\" class=\"ngg-gallery-thumbnail-box ngg-5-columns\" >\n\t\t\t\t        <div class=\"ngg-gallery-thumbnail\">\n            <a href=\"https:\/\/www.camperonline.it\/magazine\/wp-content\/gallery\/anteprime-2022-mclouis\/McLouis_Nevis_273_10.jpg\"\n               title=\"\"\n               data-src=\"https:\/\/www.camperonline.it\/magazine\/wp-content\/gallery\/anteprime-2022-mclouis\/McLouis_Nevis_273_10.jpg\"\n               data-thumbnail=\"https:\/\/www.camperonline.it\/magazine\/wp-content\/gallery\/anteprime-2022-mclouis\/thumbs\/thumbs_McLouis_Nevis_273_10.jpg\"\n               data-image-id=\"123016\"\n               data-title=\"McLouis_Nevis_273_10\"\n               data-description=\"\"\n               data-image-slug=\"mclouis_nevis_273_10\"\n               class=\"ngg-fancybox\" rel=\"ca7e7faeb63a60282d0d56bfd5cd995a\">\n                <img\n                    title=\"McLouis_Nevis_273_10\"\n                    alt=\"McLouis_Nevis_273_10\"\n                    src=\"https:\/\/www.camperonline.it\/magazine\/wp-content\/gallery\/anteprime-2022-mclouis\/thumbs\/thumbs_McLouis_Nevis_273_10.jpg\"\n                    width=\"240\"\n                    height=\"160\"\n                    style=\"max-width:100%;\"\n                \/>\n            <\/a>\n        <\/div>\n\t\t\t\t\t\t\t<\/div> \n\t\t\t\n\t\t\t\t<div id=\"ngg-image-27\" class=\"ngg-gallery-thumbnail-box ngg-5-columns\" >\n\t\t\t\t        <div class=\"ngg-gallery-thumbnail\">\n            <a href=\"https:\/\/www.camperonline.it\/magazine\/wp-content\/gallery\/anteprime-2022-mclouis\/McLouis_Nevis_273_08.jpg\"\n               title=\"\"\n               data-src=\"https:\/\/www.camperonline.it\/magazine\/wp-content\/gallery\/anteprime-2022-mclouis\/McLouis_Nevis_273_08.jpg\"\n               data-thumbnail=\"https:\/\/www.camperonline.it\/magazine\/wp-content\/gallery\/anteprime-2022-mclouis\/thumbs\/thumbs_McLouis_Nevis_273_08.jpg\"\n               data-image-id=\"123015\"\n               data-title=\"McLouis_Nevis_273_08\"\n               data-description=\"\"\n               data-image-slug=\"mclouis_nevis_273_08\"\n               class=\"ngg-fancybox\" rel=\"ca7e7faeb63a60282d0d56bfd5cd995a\">\n                <img\n                    title=\"McLouis_Nevis_273_08\"\n                    alt=\"McLouis_Nevis_273_08\"\n                    src=\"https:\/\/www.camperonline.it\/magazine\/wp-content\/gallery\/anteprime-2022-mclouis\/thumbs\/thumbs_McLouis_Nevis_273_08.jpg\"\n                    width=\"240\"\n                    height=\"160\"\n                    style=\"max-width:100%;\"\n                \/>\n            <\/a>\n        <\/div>\n\t\t\t\t\t\t\t<\/div> \n\t\t\t\n\t\t\t\t<div id=\"ngg-image-28\" class=\"ngg-gallery-thumbnail-box ngg-5-columns\" >\n\t\t\t\t        <div class=\"ngg-gallery-thumbnail\">\n            <a href=\"https:\/\/www.camperonline.it\/magazine\/wp-content\/gallery\/anteprime-2022-mclouis\/McLouis_Nevis_273_07.jpg\"\n               title=\"\"\n               data-src=\"https:\/\/www.camperonline.it\/magazine\/wp-content\/gallery\/anteprime-2022-mclouis\/McLouis_Nevis_273_07.jpg\"\n               data-thumbnail=\"https:\/\/www.camperonline.it\/magazine\/wp-content\/gallery\/anteprime-2022-mclouis\/thumbs\/thumbs_McLouis_Nevis_273_07.jpg\"\n               data-image-id=\"123014\"\n               data-title=\"McLouis_Nevis_273_07\"\n               data-description=\"\"\n               data-image-slug=\"mclouis_nevis_273_07\"\n               class=\"ngg-fancybox\" rel=\"ca7e7faeb63a60282d0d56bfd5cd995a\">\n                <img\n                    title=\"McLouis_Nevis_273_07\"\n                    alt=\"McLouis_Nevis_273_07\"\n                    src=\"https:\/\/www.camperonline.it\/magazine\/wp-content\/gallery\/anteprime-2022-mclouis\/thumbs\/thumbs_McLouis_Nevis_273_07.jpg\"\n                    width=\"240\"\n                    height=\"160\"\n                    style=\"max-width:100%;\"\n                \/>\n            <\/a>\n        <\/div>\n\t\t\t\t\t\t\t<\/div> \n\t\t\t\n\t\t\t\t<div id=\"ngg-image-29\" class=\"ngg-gallery-thumbnail-box ngg-5-columns\" >\n\t\t\t\t        <div class=\"ngg-gallery-thumbnail\">\n            <a href=\"https:\/\/www.camperonline.it\/magazine\/wp-content\/gallery\/anteprime-2022-mclouis\/McLouis_Nevis_273_06.jpg\"\n               title=\"\"\n               data-src=\"https:\/\/www.camperonline.it\/magazine\/wp-content\/gallery\/anteprime-2022-mclouis\/McLouis_Nevis_273_06.jpg\"\n               data-thumbnail=\"https:\/\/www.camperonline.it\/magazine\/wp-content\/gallery\/anteprime-2022-mclouis\/thumbs\/thumbs_McLouis_Nevis_273_06.jpg\"\n               data-image-id=\"123013\"\n               data-title=\"McLouis_Nevis_273_06\"\n               data-description=\"\"\n               data-image-slug=\"mclouis_nevis_273_06\"\n               class=\"ngg-fancybox\" rel=\"ca7e7faeb63a60282d0d56bfd5cd995a\">\n                <img\n                    title=\"McLouis_Nevis_273_06\"\n                    alt=\"McLouis_Nevis_273_06\"\n                    src=\"https:\/\/www.camperonline.it\/magazine\/wp-content\/gallery\/anteprime-2022-mclouis\/thumbs\/thumbs_McLouis_Nevis_273_06.jpg\"\n                    width=\"240\"\n                    height=\"160\"\n                    style=\"max-width:100%;\"\n                \/>\n            <\/a>\n        <\/div>\n\t\t\t\t\t\t\t<\/div> \n\t\t\t\n\t\t\t\t<div id=\"ngg-image-30\" class=\"ngg-gallery-thumbnail-box ngg-5-columns\" >\n\t\t\t\t        <div class=\"ngg-gallery-thumbnail\">\n            <a href=\"https:\/\/www.camperonline.it\/magazine\/wp-content\/gallery\/anteprime-2022-mclouis\/McLouis_Nevis_273_05.jpg\"\n               title=\"\"\n               data-src=\"https:\/\/www.camperonline.it\/magazine\/wp-content\/gallery\/anteprime-2022-mclouis\/McLouis_Nevis_273_05.jpg\"\n               data-thumbnail=\"https:\/\/www.camperonline.it\/magazine\/wp-content\/gallery\/anteprime-2022-mclouis\/thumbs\/thumbs_McLouis_Nevis_273_05.jpg\"\n               data-image-id=\"123012\"\n               data-title=\"McLouis_Nevis_273_05\"\n               data-description=\"\"\n               data-image-slug=\"mclouis_nevis_273_05\"\n               class=\"ngg-fancybox\" rel=\"ca7e7faeb63a60282d0d56bfd5cd995a\">\n                <img\n                    title=\"McLouis_Nevis_273_05\"\n                    alt=\"McLouis_Nevis_273_05\"\n                    src=\"https:\/\/www.camperonline.it\/magazine\/wp-content\/gallery\/anteprime-2022-mclouis\/thumbs\/thumbs_McLouis_Nevis_273_05.jpg\"\n                    width=\"240\"\n                    height=\"160\"\n                    style=\"max-width:100%;\"\n                \/>\n            <\/a>\n        <\/div>\n\t\t\t\t\t\t\t<\/div> \n\t\t\t\n\t\t\t\t<div id=\"ngg-image-31\" class=\"ngg-gallery-thumbnail-box ngg-5-columns\" >\n\t\t\t\t        <div class=\"ngg-gallery-thumbnail\">\n            <a href=\"https:\/\/www.camperonline.it\/magazine\/wp-content\/gallery\/anteprime-2022-mclouis\/McLouis_MC4_865G_24.jpg\"\n               title=\"\"\n               data-src=\"https:\/\/www.camperonline.it\/magazine\/wp-content\/gallery\/anteprime-2022-mclouis\/McLouis_MC4_865G_24.jpg\"\n               data-thumbnail=\"https:\/\/www.camperonline.it\/magazine\/wp-content\/gallery\/anteprime-2022-mclouis\/thumbs\/thumbs_McLouis_MC4_865G_24.jpg\"\n               data-image-id=\"122980\"\n               data-title=\"McLouis_MC4_865G_24\"\n               data-description=\"\"\n               data-image-slug=\"mclouis_mc4_865g_24\"\n               class=\"ngg-fancybox\" rel=\"ca7e7faeb63a60282d0d56bfd5cd995a\">\n                <img\n                    title=\"McLouis_MC4_865G_24\"\n                    alt=\"McLouis_MC4_865G_24\"\n                    src=\"https:\/\/www.camperonline.it\/magazine\/wp-content\/gallery\/anteprime-2022-mclouis\/thumbs\/thumbs_McLouis_MC4_865G_24.jpg\"\n                    width=\"240\"\n                    height=\"160\"\n                    style=\"max-width:100%;\"\n                \/>\n            <\/a>\n        <\/div>\n\t\t\t\t\t\t\t<\/div> \n\t\t\t\n\t\t\t\t<div id=\"ngg-image-32\" class=\"ngg-gallery-thumbnail-box ngg-5-columns\" >\n\t\t\t\t        <div class=\"ngg-gallery-thumbnail\">\n            <a href=\"https:\/\/www.camperonline.it\/magazine\/wp-content\/gallery\/anteprime-2022-mclouis\/McLouis_Nevis_273_04.jpg\"\n               title=\"\"\n               data-src=\"https:\/\/www.camperonline.it\/magazine\/wp-content\/gallery\/anteprime-2022-mclouis\/McLouis_Nevis_273_04.jpg\"\n               data-thumbnail=\"https:\/\/www.camperonline.it\/magazine\/wp-content\/gallery\/anteprime-2022-mclouis\/thumbs\/thumbs_McLouis_Nevis_273_04.jpg\"\n               data-image-id=\"123010\"\n               data-title=\"McLouis_Nevis_273_04\"\n               data-description=\"\"\n               data-image-slug=\"mclouis_nevis_273_04\"\n               class=\"ngg-fancybox\" rel=\"ca7e7faeb63a60282d0d56bfd5cd995a\">\n                <img\n                    title=\"McLouis_Nevis_273_04\"\n                    alt=\"McLouis_Nevis_273_04\"\n                    src=\"https:\/\/www.camperonline.it\/magazine\/wp-content\/gallery\/anteprime-2022-mclouis\/thumbs\/thumbs_McLouis_Nevis_273_04.jpg\"\n                    width=\"240\"\n                    height=\"160\"\n                    style=\"max-width:100%;\"\n                \/>\n            <\/a>\n        <\/div>\n\t\t\t\t\t\t\t<\/div> \n\t\t\t\n\t\t\t\t<div id=\"ngg-image-33\" class=\"ngg-gallery-thumbnail-box ngg-5-columns\" >\n\t\t\t\t        <div class=\"ngg-gallery-thumbnail\">\n            <a href=\"https:\/\/www.camperonline.it\/magazine\/wp-content\/gallery\/anteprime-2022-mclouis\/McLouis_Nevis_273_03.jpg\"\n               title=\"\"\n               data-src=\"https:\/\/www.camperonline.it\/magazine\/wp-content\/gallery\/anteprime-2022-mclouis\/McLouis_Nevis_273_03.jpg\"\n               data-thumbnail=\"https:\/\/www.camperonline.it\/magazine\/wp-content\/gallery\/anteprime-2022-mclouis\/thumbs\/thumbs_McLouis_Nevis_273_03.jpg\"\n               data-image-id=\"123009\"\n               data-title=\"McLouis_Nevis_273_03\"\n               data-description=\"\"\n               data-image-slug=\"mclouis_nevis_273_03\"\n               class=\"ngg-fancybox\" rel=\"ca7e7faeb63a60282d0d56bfd5cd995a\">\n                <img\n                    title=\"McLouis_Nevis_273_03\"\n                    alt=\"McLouis_Nevis_273_03\"\n                    src=\"https:\/\/www.camperonline.it\/magazine\/wp-content\/gallery\/anteprime-2022-mclouis\/thumbs\/thumbs_McLouis_Nevis_273_03.jpg\"\n                    width=\"240\"\n                    height=\"160\"\n                    style=\"max-width:100%;\"\n                \/>\n            <\/a>\n        <\/div>\n\t\t\t\t\t\t\t<\/div> \n\t\t\t\n\t\t\t\t<div id=\"ngg-image-34\" class=\"ngg-gallery-thumbnail-box ngg-5-columns\" >\n\t\t\t\t        <div class=\"ngg-gallery-thumbnail\">\n            <a href=\"https:\/\/www.camperonline.it\/magazine\/wp-content\/gallery\/anteprime-2022-mclouis\/McLouis_Nevis_273_02.jpg\"\n               title=\"\"\n               data-src=\"https:\/\/www.camperonline.it\/magazine\/wp-content\/gallery\/anteprime-2022-mclouis\/McLouis_Nevis_273_02.jpg\"\n               data-thumbnail=\"https:\/\/www.camperonline.it\/magazine\/wp-content\/gallery\/anteprime-2022-mclouis\/thumbs\/thumbs_McLouis_Nevis_273_02.jpg\"\n               data-image-id=\"123008\"\n               data-title=\"McLouis_Nevis_273_02\"\n               data-description=\"\"\n               data-image-slug=\"mclouis_nevis_273_02\"\n               class=\"ngg-fancybox\" rel=\"ca7e7faeb63a60282d0d56bfd5cd995a\">\n                <img\n                    title=\"McLouis_Nevis_273_02\"\n                    alt=\"McLouis_Nevis_273_02\"\n                    src=\"https:\/\/www.camperonline.it\/magazine\/wp-content\/gallery\/anteprime-2022-mclouis\/thumbs\/thumbs_McLouis_Nevis_273_02.jpg\"\n                    width=\"240\"\n                    height=\"160\"\n                    style=\"max-width:100%;\"\n                \/>\n            <\/a>\n        <\/div>\n\t\t\t\t\t\t\t<\/div> \n\t\t\t\n\t\t\t\t<div id=\"ngg-image-35\" class=\"ngg-gallery-thumbnail-box ngg-5-columns\" >\n\t\t\t\t        <div class=\"ngg-gallery-thumbnail\">\n            <a href=\"https:\/\/www.camperonline.it\/magazine\/wp-content\/gallery\/anteprime-2022-mclouis\/McLouis_Nevis_273_01.jpg\"\n               title=\"\"\n               data-src=\"https:\/\/www.camperonline.it\/magazine\/wp-content\/gallery\/anteprime-2022-mclouis\/McLouis_Nevis_273_01.jpg\"\n               data-thumbnail=\"https:\/\/www.camperonline.it\/magazine\/wp-content\/gallery\/anteprime-2022-mclouis\/thumbs\/thumbs_McLouis_Nevis_273_01.jpg\"\n               data-image-id=\"123007\"\n               data-title=\"McLouis_Nevis_273_01\"\n               data-description=\"\"\n               data-image-slug=\"mclouis_nevis_273_01\"\n               class=\"ngg-fancybox\" rel=\"ca7e7faeb63a60282d0d56bfd5cd995a\">\n                <img\n                    title=\"McLouis_Nevis_273_01\"\n                    alt=\"McLouis_Nevis_273_01\"\n                    src=\"https:\/\/www.camperonline.it\/magazine\/wp-content\/gallery\/anteprime-2022-mclouis\/thumbs\/thumbs_McLouis_Nevis_273_01.jpg\"\n                    width=\"240\"\n                    height=\"160\"\n                    style=\"max-width:100%;\"\n                \/>\n            <\/a>\n        <\/div>\n\t\t\t\t\t\t\t<\/div> \n\t\t\t\n\t\t\t\t<div id=\"ngg-image-36\" class=\"ngg-gallery-thumbnail-box ngg-5-columns\" >\n\t\t\t\t        <div class=\"ngg-gallery-thumbnail\">\n            <a href=\"https:\/\/www.camperonline.it\/magazine\/wp-content\/gallery\/anteprime-2022-mclouis\/McLouis_Menfys_05.jpg\"\n               title=\"\"\n               data-src=\"https:\/\/www.camperonline.it\/magazine\/wp-content\/gallery\/anteprime-2022-mclouis\/McLouis_Menfys_05.jpg\"\n               data-thumbnail=\"https:\/\/www.camperonline.it\/magazine\/wp-content\/gallery\/anteprime-2022-mclouis\/thumbs\/thumbs_McLouis_Menfys_05.jpg\"\n               data-image-id=\"123006\"\n               data-title=\"McLouis_Menfys_05\"\n               data-description=\"\"\n               data-image-slug=\"mclouis_menfys_05\"\n               class=\"ngg-fancybox\" rel=\"ca7e7faeb63a60282d0d56bfd5cd995a\">\n                <img\n                    title=\"McLouis_Menfys_05\"\n                    alt=\"McLouis_Menfys_05\"\n                    src=\"https:\/\/www.camperonline.it\/magazine\/wp-content\/gallery\/anteprime-2022-mclouis\/thumbs\/thumbs_McLouis_Menfys_05.jpg\"\n                    width=\"240\"\n                    height=\"160\"\n                    style=\"max-width:100%;\"\n                \/>\n            <\/a>\n        <\/div>\n\t\t\t\t\t\t\t<\/div> \n\t\t\t\n\t\t\t\t<div id=\"ngg-image-37\" class=\"ngg-gallery-thumbnail-box ngg-5-columns\" >\n\t\t\t\t        <div class=\"ngg-gallery-thumbnail\">\n            <a href=\"https:\/\/www.camperonline.it\/magazine\/wp-content\/gallery\/anteprime-2022-mclouis\/McLouis_Menfys_04.jpg\"\n               title=\"\"\n               data-src=\"https:\/\/www.camperonline.it\/magazine\/wp-content\/gallery\/anteprime-2022-mclouis\/McLouis_Menfys_04.jpg\"\n               data-thumbnail=\"https:\/\/www.camperonline.it\/magazine\/wp-content\/gallery\/anteprime-2022-mclouis\/thumbs\/thumbs_McLouis_Menfys_04.jpg\"\n               data-image-id=\"123005\"\n               data-title=\"McLouis_Menfys_04\"\n               data-description=\"\"\n               data-image-slug=\"mclouis_menfys_04\"\n               class=\"ngg-fancybox\" rel=\"ca7e7faeb63a60282d0d56bfd5cd995a\">\n                <img\n                    title=\"McLouis_Menfys_04\"\n                    alt=\"McLouis_Menfys_04\"\n                    src=\"https:\/\/www.camperonline.it\/magazine\/wp-content\/gallery\/anteprime-2022-mclouis\/thumbs\/thumbs_McLouis_Menfys_04.jpg\"\n                    width=\"240\"\n                    height=\"160\"\n                    style=\"max-width:100%;\"\n                \/>\n            <\/a>\n        <\/div>\n\t\t\t\t\t\t\t<\/div> \n\t\t\t\n\t\t\t\t<div id=\"ngg-image-38\" class=\"ngg-gallery-thumbnail-box ngg-5-columns\" >\n\t\t\t\t        <div class=\"ngg-gallery-thumbnail\">\n            <a href=\"https:\/\/www.camperonline.it\/magazine\/wp-content\/gallery\/anteprime-2022-mclouis\/McLouis_Menfys_03.jpg\"\n               title=\"\"\n               data-src=\"https:\/\/www.camperonline.it\/magazine\/wp-content\/gallery\/anteprime-2022-mclouis\/McLouis_Menfys_03.jpg\"\n               data-thumbnail=\"https:\/\/www.camperonline.it\/magazine\/wp-content\/gallery\/anteprime-2022-mclouis\/thumbs\/thumbs_McLouis_Menfys_03.jpg\"\n               data-image-id=\"123004\"\n               data-title=\"McLouis_Menfys_03\"\n               data-description=\"\"\n               data-image-slug=\"mclouis_menfys_03\"\n               class=\"ngg-fancybox\" rel=\"ca7e7faeb63a60282d0d56bfd5cd995a\">\n                <img\n                    title=\"McLouis_Menfys_03\"\n                    alt=\"McLouis_Menfys_03\"\n                    src=\"https:\/\/www.camperonline.it\/magazine\/wp-content\/gallery\/anteprime-2022-mclouis\/thumbs\/thumbs_McLouis_Menfys_03.jpg\"\n                    width=\"240\"\n                    height=\"160\"\n                    style=\"max-width:100%;\"\n                \/>\n            <\/a>\n        <\/div>\n\t\t\t\t\t\t\t<\/div> \n\t\t\t\n\t\t\t\t<div id=\"ngg-image-39\" class=\"ngg-gallery-thumbnail-box ngg-5-columns\" >\n\t\t\t\t        <div class=\"ngg-gallery-thumbnail\">\n            <a href=\"https:\/\/www.camperonline.it\/magazine\/wp-content\/gallery\/anteprime-2022-mclouis\/McLouis_Menfys_02.jpg\"\n               title=\"\"\n               data-src=\"https:\/\/www.camperonline.it\/magazine\/wp-content\/gallery\/anteprime-2022-mclouis\/McLouis_Menfys_02.jpg\"\n               data-thumbnail=\"https:\/\/www.camperonline.it\/magazine\/wp-content\/gallery\/anteprime-2022-mclouis\/thumbs\/thumbs_McLouis_Menfys_02.jpg\"\n               data-image-id=\"123003\"\n               data-title=\"McLouis_Menfys_02\"\n               data-description=\"\"\n               data-image-slug=\"mclouis_menfys_02\"\n               class=\"ngg-fancybox\" rel=\"ca7e7faeb63a60282d0d56bfd5cd995a\">\n                <img\n                    title=\"McLouis_Menfys_02\"\n                    alt=\"McLouis_Menfys_02\"\n                    src=\"https:\/\/www.camperonline.it\/magazine\/wp-content\/gallery\/anteprime-2022-mclouis\/thumbs\/thumbs_McLouis_Menfys_02.jpg\"\n                    width=\"240\"\n                    height=\"160\"\n                    style=\"max-width:100%;\"\n                \/>\n            <\/a>\n        <\/div>\n\t\t\t\t\t\t\t<\/div> \n\t\t\t\n\t\t\t\t<div id=\"ngg-image-40\" class=\"ngg-gallery-thumbnail-box ngg-5-columns\" >\n\t\t\t\t        <div class=\"ngg-gallery-thumbnail\">\n            <a href=\"https:\/\/www.camperonline.it\/magazine\/wp-content\/gallery\/anteprime-2022-mclouis\/McLouis_Menfys_01.jpg\"\n               title=\"\"\n               data-src=\"https:\/\/www.camperonline.it\/magazine\/wp-content\/gallery\/anteprime-2022-mclouis\/McLouis_Menfys_01.jpg\"\n               data-thumbnail=\"https:\/\/www.camperonline.it\/magazine\/wp-content\/gallery\/anteprime-2022-mclouis\/thumbs\/thumbs_McLouis_Menfys_01.jpg\"\n               data-image-id=\"123002\"\n               data-title=\"McLouis_Menfys_01\"\n               data-description=\"\"\n               data-image-slug=\"mclouis_menfys_01\"\n               class=\"ngg-fancybox\" rel=\"ca7e7faeb63a60282d0d56bfd5cd995a\">\n                <img\n                    title=\"McLouis_Menfys_01\"\n                    alt=\"McLouis_Menfys_01\"\n                    src=\"https:\/\/www.camperonline.it\/magazine\/wp-content\/gallery\/anteprime-2022-mclouis\/thumbs\/thumbs_McLouis_Menfys_01.jpg\"\n                    width=\"240\"\n                    height=\"160\"\n                    style=\"max-width:100%;\"\n                \/>\n            <\/a>\n        <\/div>\n\t\t\t\t\t\t\t<\/div> \n\t\t\t\n\t\t\t\t<div id=\"ngg-image-41\" class=\"ngg-gallery-thumbnail-box ngg-5-columns\" >\n\t\t\t\t        <div class=\"ngg-gallery-thumbnail\">\n            <a href=\"https:\/\/www.camperonline.it\/magazine\/wp-content\/gallery\/anteprime-2022-mclouis\/McLouis_MC4_260_02.jpg\"\n               title=\"\"\n               data-src=\"https:\/\/www.camperonline.it\/magazine\/wp-content\/gallery\/anteprime-2022-mclouis\/McLouis_MC4_260_02.jpg\"\n               data-thumbnail=\"https:\/\/www.camperonline.it\/magazine\/wp-content\/gallery\/anteprime-2022-mclouis\/thumbs\/thumbs_McLouis_MC4_260_02.jpg\"\n               data-image-id=\"122949\"\n               data-title=\"McLouis_MC4_260_02\"\n               data-description=\"\"\n               data-image-slug=\"mclouis_mc4_260_02\"\n               class=\"ngg-fancybox\" rel=\"ca7e7faeb63a60282d0d56bfd5cd995a\">\n                <img\n                    title=\"McLouis_MC4_260_02\"\n                    alt=\"McLouis_MC4_260_02\"\n                    src=\"https:\/\/www.camperonline.it\/magazine\/wp-content\/gallery\/anteprime-2022-mclouis\/thumbs\/thumbs_McLouis_MC4_260_02.jpg\"\n                    width=\"240\"\n                    height=\"160\"\n                    style=\"max-width:100%;\"\n                \/>\n            <\/a>\n        <\/div>\n\t\t\t\t\t\t\t<\/div> \n\t\t\t\n\t\t\t\t<div id=\"ngg-image-42\" class=\"ngg-gallery-thumbnail-box ngg-5-columns\" >\n\t\t\t\t        <div class=\"ngg-gallery-thumbnail\">\n            <a href=\"https:\/\/www.camperonline.it\/magazine\/wp-content\/gallery\/anteprime-2022-mclouis\/McLouis_MC4_260_13.jpg\"\n               title=\"\"\n               data-src=\"https:\/\/www.camperonline.it\/magazine\/wp-content\/gallery\/anteprime-2022-mclouis\/McLouis_MC4_260_13.jpg\"\n               data-thumbnail=\"https:\/\/www.camperonline.it\/magazine\/wp-content\/gallery\/anteprime-2022-mclouis\/thumbs\/thumbs_McLouis_MC4_260_13.jpg\"\n               data-image-id=\"122959\"\n               data-title=\"McLouis_MC4_260_13\"\n               data-description=\"\"\n               data-image-slug=\"mclouis_mc4_260_13\"\n               class=\"ngg-fancybox\" rel=\"ca7e7faeb63a60282d0d56bfd5cd995a\">\n                <img\n                    title=\"McLouis_MC4_260_13\"\n                    alt=\"McLouis_MC4_260_13\"\n                    src=\"https:\/\/www.camperonline.it\/magazine\/wp-content\/gallery\/anteprime-2022-mclouis\/thumbs\/thumbs_McLouis_MC4_260_13.jpg\"\n                    width=\"240\"\n                    height=\"160\"\n                    style=\"max-width:100%;\"\n                \/>\n            <\/a>\n        <\/div>\n\t\t\t\t\t\t\t<\/div> \n\t\t\t\n\t\t\t\t<div id=\"ngg-image-43\" class=\"ngg-gallery-thumbnail-box ngg-5-columns\" >\n\t\t\t\t        <div class=\"ngg-gallery-thumbnail\">\n            <a href=\"https:\/\/www.camperonline.it\/magazine\/wp-content\/gallery\/anteprime-2022-mclouis\/McLouis_MC4_260_11.jpg\"\n               title=\"\"\n               data-src=\"https:\/\/www.camperonline.it\/magazine\/wp-content\/gallery\/anteprime-2022-mclouis\/McLouis_MC4_260_11.jpg\"\n               data-thumbnail=\"https:\/\/www.camperonline.it\/magazine\/wp-content\/gallery\/anteprime-2022-mclouis\/thumbs\/thumbs_McLouis_MC4_260_11.jpg\"\n               data-image-id=\"122958\"\n               data-title=\"McLouis_MC4_260_11\"\n               data-description=\"\"\n               data-image-slug=\"mclouis_mc4_260_11\"\n               class=\"ngg-fancybox\" rel=\"ca7e7faeb63a60282d0d56bfd5cd995a\">\n                <img\n                    title=\"McLouis_MC4_260_11\"\n                    alt=\"McLouis_MC4_260_11\"\n                    src=\"https:\/\/www.camperonline.it\/magazine\/wp-content\/gallery\/anteprime-2022-mclouis\/thumbs\/thumbs_McLouis_MC4_260_11.jpg\"\n                    width=\"240\"\n                    height=\"160\"\n                    style=\"max-width:100%;\"\n                \/>\n            <\/a>\n        <\/div>\n\t\t\t\t\t\t\t<\/div> \n\t\t\t\n\t\t\t\t<div id=\"ngg-image-44\" class=\"ngg-gallery-thumbnail-box ngg-5-columns\" >\n\t\t\t\t        <div class=\"ngg-gallery-thumbnail\">\n            <a href=\"https:\/\/www.camperonline.it\/magazine\/wp-content\/gallery\/anteprime-2022-mclouis\/McLouis_MC4_260_10.jpg\"\n               title=\"\"\n               data-src=\"https:\/\/www.camperonline.it\/magazine\/wp-content\/gallery\/anteprime-2022-mclouis\/McLouis_MC4_260_10.jpg\"\n               data-thumbnail=\"https:\/\/www.camperonline.it\/magazine\/wp-content\/gallery\/anteprime-2022-mclouis\/thumbs\/thumbs_McLouis_MC4_260_10.jpg\"\n               data-image-id=\"122957\"\n               data-title=\"McLouis_MC4_260_10\"\n               data-description=\"\"\n               data-image-slug=\"mclouis_mc4_260_10\"\n               class=\"ngg-fancybox\" rel=\"ca7e7faeb63a60282d0d56bfd5cd995a\">\n                <img\n                    title=\"McLouis_MC4_260_10\"\n                    alt=\"McLouis_MC4_260_10\"\n                    src=\"https:\/\/www.camperonline.it\/magazine\/wp-content\/gallery\/anteprime-2022-mclouis\/thumbs\/thumbs_McLouis_MC4_260_10.jpg\"\n                    width=\"240\"\n                    height=\"160\"\n                    style=\"max-width:100%;\"\n                \/>\n            <\/a>\n        <\/div>\n\t\t\t\t\t\t\t<\/div> \n\t\t\t\n\t\t\t\t<div id=\"ngg-image-45\" class=\"ngg-gallery-thumbnail-box ngg-5-columns\" >\n\t\t\t\t        <div class=\"ngg-gallery-thumbnail\">\n            <a href=\"https:\/\/www.camperonline.it\/magazine\/wp-content\/gallery\/anteprime-2022-mclouis\/McLouis_MC4_260_09.jpg\"\n               title=\"\"\n               data-src=\"https:\/\/www.camperonline.it\/magazine\/wp-content\/gallery\/anteprime-2022-mclouis\/McLouis_MC4_260_09.jpg\"\n               data-thumbnail=\"https:\/\/www.camperonline.it\/magazine\/wp-content\/gallery\/anteprime-2022-mclouis\/thumbs\/thumbs_McLouis_MC4_260_09.jpg\"\n               data-image-id=\"122956\"\n               data-title=\"McLouis_MC4_260_09\"\n               data-description=\"\"\n               data-image-slug=\"mclouis_mc4_260_09\"\n               class=\"ngg-fancybox\" rel=\"ca7e7faeb63a60282d0d56bfd5cd995a\">\n                <img\n                    title=\"McLouis_MC4_260_09\"\n                    alt=\"McLouis_MC4_260_09\"\n                    src=\"https:\/\/www.camperonline.it\/magazine\/wp-content\/gallery\/anteprime-2022-mclouis\/thumbs\/thumbs_McLouis_MC4_260_09.jpg\"\n                    width=\"240\"\n                    height=\"160\"\n                    style=\"max-width:100%;\"\n                \/>\n            <\/a>\n        <\/div>\n\t\t\t\t\t\t\t<\/div> \n\t\t\t\n\t\t\t\t<div id=\"ngg-image-46\" class=\"ngg-gallery-thumbnail-box ngg-5-columns\" >\n\t\t\t\t        <div class=\"ngg-gallery-thumbnail\">\n            <a href=\"https:\/\/www.camperonline.it\/magazine\/wp-content\/gallery\/anteprime-2022-mclouis\/McLouis_MC4_260_08.jpg\"\n               title=\"\"\n               data-src=\"https:\/\/www.camperonline.it\/magazine\/wp-content\/gallery\/anteprime-2022-mclouis\/McLouis_MC4_260_08.jpg\"\n               data-thumbnail=\"https:\/\/www.camperonline.it\/magazine\/wp-content\/gallery\/anteprime-2022-mclouis\/thumbs\/thumbs_McLouis_MC4_260_08.jpg\"\n               data-image-id=\"122955\"\n               data-title=\"McLouis_MC4_260_08\"\n               data-description=\"\"\n               data-image-slug=\"mclouis_mc4_260_08\"\n               class=\"ngg-fancybox\" rel=\"ca7e7faeb63a60282d0d56bfd5cd995a\">\n                <img\n                    title=\"McLouis_MC4_260_08\"\n                    alt=\"McLouis_MC4_260_08\"\n                    src=\"https:\/\/www.camperonline.it\/magazine\/wp-content\/gallery\/anteprime-2022-mclouis\/thumbs\/thumbs_McLouis_MC4_260_08.jpg\"\n                    width=\"240\"\n                    height=\"160\"\n                    style=\"max-width:100%;\"\n                \/>\n            <\/a>\n        <\/div>\n\t\t\t\t\t\t\t<\/div> \n\t\t\t\n\t\t\t\t<div id=\"ngg-image-47\" class=\"ngg-gallery-thumbnail-box ngg-5-columns\" >\n\t\t\t\t        <div class=\"ngg-gallery-thumbnail\">\n            <a href=\"https:\/\/www.camperonline.it\/magazine\/wp-content\/gallery\/anteprime-2022-mclouis\/McLouis_MC4_260_07.jpg\"\n               title=\"\"\n               data-src=\"https:\/\/www.camperonline.it\/magazine\/wp-content\/gallery\/anteprime-2022-mclouis\/McLouis_MC4_260_07.jpg\"\n               data-thumbnail=\"https:\/\/www.camperonline.it\/magazine\/wp-content\/gallery\/anteprime-2022-mclouis\/thumbs\/thumbs_McLouis_MC4_260_07.jpg\"\n               data-image-id=\"122954\"\n               data-title=\"McLouis_MC4_260_07\"\n               data-description=\"\"\n               data-image-slug=\"mclouis_mc4_260_07\"\n               class=\"ngg-fancybox\" rel=\"ca7e7faeb63a60282d0d56bfd5cd995a\">\n                <img\n                    title=\"McLouis_MC4_260_07\"\n                    alt=\"McLouis_MC4_260_07\"\n                    src=\"https:\/\/www.camperonline.it\/magazine\/wp-content\/gallery\/anteprime-2022-mclouis\/thumbs\/thumbs_McLouis_MC4_260_07.jpg\"\n                    width=\"240\"\n                    height=\"160\"\n                    style=\"max-width:100%;\"\n                \/>\n            <\/a>\n        <\/div>\n\t\t\t\t\t\t\t<\/div> \n\t\t\t\n\t\t\t\t<div id=\"ngg-image-48\" class=\"ngg-gallery-thumbnail-box ngg-5-columns\" >\n\t\t\t\t        <div class=\"ngg-gallery-thumbnail\">\n            <a href=\"https:\/\/www.camperonline.it\/magazine\/wp-content\/gallery\/anteprime-2022-mclouis\/McLouis_MC4_260_06.jpg\"\n               title=\"\"\n               data-src=\"https:\/\/www.camperonline.it\/magazine\/wp-content\/gallery\/anteprime-2022-mclouis\/McLouis_MC4_260_06.jpg\"\n               data-thumbnail=\"https:\/\/www.camperonline.it\/magazine\/wp-content\/gallery\/anteprime-2022-mclouis\/thumbs\/thumbs_McLouis_MC4_260_06.jpg\"\n               data-image-id=\"122953\"\n               data-title=\"McLouis_MC4_260_06\"\n               data-description=\"\"\n               data-image-slug=\"mclouis_mc4_260_06\"\n               class=\"ngg-fancybox\" rel=\"ca7e7faeb63a60282d0d56bfd5cd995a\">\n                <img\n                    title=\"McLouis_MC4_260_06\"\n                    alt=\"McLouis_MC4_260_06\"\n                    src=\"https:\/\/www.camperonline.it\/magazine\/wp-content\/gallery\/anteprime-2022-mclouis\/thumbs\/thumbs_McLouis_MC4_260_06.jpg\"\n                    width=\"240\"\n                    height=\"160\"\n                    style=\"max-width:100%;\"\n                \/>\n            <\/a>\n        <\/div>\n\t\t\t\t\t\t\t<\/div> \n\t\t\t\n\t\t\t\t<div id=\"ngg-image-49\" class=\"ngg-gallery-thumbnail-box ngg-5-columns\" >\n\t\t\t\t        <div class=\"ngg-gallery-thumbnail\">\n            <a href=\"https:\/\/www.camperonline.it\/magazine\/wp-content\/gallery\/anteprime-2022-mclouis\/McLouis_MC4_260_05.jpg\"\n               title=\"\"\n               data-src=\"https:\/\/www.camperonline.it\/magazine\/wp-content\/gallery\/anteprime-2022-mclouis\/McLouis_MC4_260_05.jpg\"\n               data-thumbnail=\"https:\/\/www.camperonline.it\/magazine\/wp-content\/gallery\/anteprime-2022-mclouis\/thumbs\/thumbs_McLouis_MC4_260_05.jpg\"\n               data-image-id=\"122952\"\n               data-title=\"McLouis_MC4_260_05\"\n               data-description=\"\"\n               data-image-slug=\"mclouis_mc4_260_05\"\n               class=\"ngg-fancybox\" rel=\"ca7e7faeb63a60282d0d56bfd5cd995a\">\n                <img\n                    title=\"McLouis_MC4_260_05\"\n                    alt=\"McLouis_MC4_260_05\"\n                    src=\"https:\/\/www.camperonline.it\/magazine\/wp-content\/gallery\/anteprime-2022-mclouis\/thumbs\/thumbs_McLouis_MC4_260_05.jpg\"\n                    width=\"240\"\n                    height=\"160\"\n                    style=\"max-width:100%;\"\n                \/>\n            <\/a>\n        <\/div>\n\t\t\t\t\t\t\t<\/div> \n\t\t\t\n\t\t\t\t<div id=\"ngg-image-50\" class=\"ngg-gallery-thumbnail-box ngg-5-columns\" >\n\t\t\t\t        <div class=\"ngg-gallery-thumbnail\">\n            <a href=\"https:\/\/www.camperonline.it\/magazine\/wp-content\/gallery\/anteprime-2022-mclouis\/McLouis_MC4_260_04.jpg\"\n               title=\"\"\n               data-src=\"https:\/\/www.camperonline.it\/magazine\/wp-content\/gallery\/anteprime-2022-mclouis\/McLouis_MC4_260_04.jpg\"\n               data-thumbnail=\"https:\/\/www.camperonline.it\/magazine\/wp-content\/gallery\/anteprime-2022-mclouis\/thumbs\/thumbs_McLouis_MC4_260_04.jpg\"\n               data-image-id=\"122951\"\n               data-title=\"McLouis_MC4_260_04\"\n               data-description=\"\"\n               data-image-slug=\"mclouis_mc4_260_04\"\n               class=\"ngg-fancybox\" rel=\"ca7e7faeb63a60282d0d56bfd5cd995a\">\n                <img\n                    title=\"McLouis_MC4_260_04\"\n                    alt=\"McLouis_MC4_260_04\"\n                    src=\"https:\/\/www.camperonline.it\/magazine\/wp-content\/gallery\/anteprime-2022-mclouis\/thumbs\/thumbs_McLouis_MC4_260_04.jpg\"\n                    width=\"240\"\n                    height=\"160\"\n                    style=\"max-width:100%;\"\n                \/>\n            <\/a>\n        <\/div>\n\t\t\t\t\t\t\t<\/div> \n\t\t\t\n\t\t\t\t<div id=\"ngg-image-51\" class=\"ngg-gallery-thumbnail-box ngg-5-columns\" >\n\t\t\t\t        <div class=\"ngg-gallery-thumbnail\">\n            <a href=\"https:\/\/www.camperonline.it\/magazine\/wp-content\/gallery\/anteprime-2022-mclouis\/McLouis_MC4_260_03.jpg\"\n               title=\"\"\n               data-src=\"https:\/\/www.camperonline.it\/magazine\/wp-content\/gallery\/anteprime-2022-mclouis\/McLouis_MC4_260_03.jpg\"\n               data-thumbnail=\"https:\/\/www.camperonline.it\/magazine\/wp-content\/gallery\/anteprime-2022-mclouis\/thumbs\/thumbs_McLouis_MC4_260_03.jpg\"\n               data-image-id=\"122950\"\n               data-title=\"McLouis_MC4_260_03\"\n               data-description=\"\"\n               data-image-slug=\"mclouis_mc4_260_03\"\n               class=\"ngg-fancybox\" rel=\"ca7e7faeb63a60282d0d56bfd5cd995a\">\n                <img\n                    title=\"McLouis_MC4_260_03\"\n                    alt=\"McLouis_MC4_260_03\"\n                    src=\"https:\/\/www.camperonline.it\/magazine\/wp-content\/gallery\/anteprime-2022-mclouis\/thumbs\/thumbs_McLouis_MC4_260_03.jpg\"\n                    width=\"240\"\n                    height=\"160\"\n                    style=\"max-width:100%;\"\n                \/>\n            <\/a>\n        <\/div>\n\t\t\t\t\t\t\t<\/div> \n\t\t\t\n\t\t\t\t<div id=\"ngg-image-52\" class=\"ngg-gallery-thumbnail-box ngg-5-columns\" >\n\t\t\t\t        <div class=\"ngg-gallery-thumbnail\">\n            <a href=\"https:\/\/www.camperonline.it\/magazine\/wp-content\/gallery\/anteprime-2022-mclouis\/McLouis_MC4_260_14.jpg\"\n               title=\"\"\n               data-src=\"https:\/\/www.camperonline.it\/magazine\/wp-content\/gallery\/anteprime-2022-mclouis\/McLouis_MC4_260_14.jpg\"\n               data-thumbnail=\"https:\/\/www.camperonline.it\/magazine\/wp-content\/gallery\/anteprime-2022-mclouis\/thumbs\/thumbs_McLouis_MC4_260_14.jpg\"\n               data-image-id=\"122960\"\n               data-title=\"McLouis_MC4_260_14\"\n               data-description=\"\"\n               data-image-slug=\"mclouis_mc4_260_14\"\n               class=\"ngg-fancybox\" rel=\"ca7e7faeb63a60282d0d56bfd5cd995a\">\n                <img\n                    title=\"McLouis_MC4_260_14\"\n                    alt=\"McLouis_MC4_260_14\"\n                    src=\"https:\/\/www.camperonline.it\/magazine\/wp-content\/gallery\/anteprime-2022-mclouis\/thumbs\/thumbs_McLouis_MC4_260_14.jpg\"\n                    width=\"240\"\n                    height=\"160\"\n                    style=\"max-width:100%;\"\n                \/>\n            <\/a>\n        <\/div>\n\t\t\t\t\t\t\t<\/div> \n\t\t\t\n\t\t\t\t<div id=\"ngg-image-53\" class=\"ngg-gallery-thumbnail-box ngg-5-columns\" >\n\t\t\t\t        <div class=\"ngg-gallery-thumbnail\">\n            <a href=\"https:\/\/www.camperonline.it\/magazine\/wp-content\/gallery\/anteprime-2022-mclouis\/McLouis_MC4_260_01.jpg\"\n               title=\"\"\n               data-src=\"https:\/\/www.camperonline.it\/magazine\/wp-content\/gallery\/anteprime-2022-mclouis\/McLouis_MC4_260_01.jpg\"\n               data-thumbnail=\"https:\/\/www.camperonline.it\/magazine\/wp-content\/gallery\/anteprime-2022-mclouis\/thumbs\/thumbs_McLouis_MC4_260_01.jpg\"\n               data-image-id=\"122948\"\n               data-title=\"McLouis_MC4_260_01\"\n               data-description=\"\"\n               data-image-slug=\"mclouis_mc4_260_01\"\n               class=\"ngg-fancybox\" rel=\"ca7e7faeb63a60282d0d56bfd5cd995a\">\n                <img\n                    title=\"McLouis_MC4_260_01\"\n                    alt=\"McLouis_MC4_260_01\"\n                    src=\"https:\/\/www.camperonline.it\/magazine\/wp-content\/gallery\/anteprime-2022-mclouis\/thumbs\/thumbs_McLouis_MC4_260_01.jpg\"\n                    width=\"240\"\n                    height=\"160\"\n                    style=\"max-width:100%;\"\n                \/>\n            <\/a>\n        <\/div>\n\t\t\t\t\t\t\t<\/div> \n\t\t\t\n\t\t\t\t<div id=\"ngg-image-54\" class=\"ngg-gallery-thumbnail-box ngg-5-columns\" >\n\t\t\t\t        <div class=\"ngg-gallery-thumbnail\">\n            <a href=\"https:\/\/www.camperonline.it\/magazine\/wp-content\/gallery\/anteprime-2022-mclouis\/McLouis_generali_06.jpg\"\n               title=\"\"\n               data-src=\"https:\/\/www.camperonline.it\/magazine\/wp-content\/gallery\/anteprime-2022-mclouis\/McLouis_generali_06.jpg\"\n               data-thumbnail=\"https:\/\/www.camperonline.it\/magazine\/wp-content\/gallery\/anteprime-2022-mclouis\/thumbs\/thumbs_McLouis_generali_06.jpg\"\n               data-image-id=\"122947\"\n               data-title=\"McLouis_generali_06\"\n               data-description=\"\"\n               data-image-slug=\"mclouis_generali_06\"\n               class=\"ngg-fancybox\" rel=\"ca7e7faeb63a60282d0d56bfd5cd995a\">\n                <img\n                    title=\"McLouis_generali_06\"\n                    alt=\"McLouis_generali_06\"\n                    src=\"https:\/\/www.camperonline.it\/magazine\/wp-content\/gallery\/anteprime-2022-mclouis\/thumbs\/thumbs_McLouis_generali_06.jpg\"\n                    width=\"240\"\n                    height=\"160\"\n                    style=\"max-width:100%;\"\n                \/>\n            <\/a>\n        <\/div>\n\t\t\t\t\t\t\t<\/div> \n\t\t\t\n\t\t\t\t<div id=\"ngg-image-55\" class=\"ngg-gallery-thumbnail-box ngg-5-columns\" >\n\t\t\t\t        <div class=\"ngg-gallery-thumbnail\">\n            <a href=\"https:\/\/www.camperonline.it\/magazine\/wp-content\/gallery\/anteprime-2022-mclouis\/McLouis_generali_05.jpg\"\n               title=\"\"\n               data-src=\"https:\/\/www.camperonline.it\/magazine\/wp-content\/gallery\/anteprime-2022-mclouis\/McLouis_generali_05.jpg\"\n               data-thumbnail=\"https:\/\/www.camperonline.it\/magazine\/wp-content\/gallery\/anteprime-2022-mclouis\/thumbs\/thumbs_McLouis_generali_05.jpg\"\n               data-image-id=\"122946\"\n               data-title=\"McLouis_generali_05\"\n               data-description=\"\"\n               data-image-slug=\"mclouis_generali_05\"\n               class=\"ngg-fancybox\" rel=\"ca7e7faeb63a60282d0d56bfd5cd995a\">\n                <img\n                    title=\"McLouis_generali_05\"\n                    alt=\"McLouis_generali_05\"\n                    src=\"https:\/\/www.camperonline.it\/magazine\/wp-content\/gallery\/anteprime-2022-mclouis\/thumbs\/thumbs_McLouis_generali_05.jpg\"\n                    width=\"240\"\n                    height=\"160\"\n                    style=\"max-width:100%;\"\n                \/>\n            <\/a>\n        <\/div>\n\t\t\t\t\t\t\t<\/div> \n\t\t\t\n\t\t\t\t<div id=\"ngg-image-56\" class=\"ngg-gallery-thumbnail-box ngg-5-columns\" >\n\t\t\t\t        <div class=\"ngg-gallery-thumbnail\">\n            <a href=\"https:\/\/www.camperonline.it\/magazine\/wp-content\/gallery\/anteprime-2022-mclouis\/McLouis_generali_04.jpg\"\n               title=\"\"\n               data-src=\"https:\/\/www.camperonline.it\/magazine\/wp-content\/gallery\/anteprime-2022-mclouis\/McLouis_generali_04.jpg\"\n               data-thumbnail=\"https:\/\/www.camperonline.it\/magazine\/wp-content\/gallery\/anteprime-2022-mclouis\/thumbs\/thumbs_McLouis_generali_04.jpg\"\n               data-image-id=\"122945\"\n               data-title=\"McLouis_generali_04\"\n               data-description=\"\"\n               data-image-slug=\"mclouis_generali_04\"\n               class=\"ngg-fancybox\" rel=\"ca7e7faeb63a60282d0d56bfd5cd995a\">\n                <img\n                    title=\"McLouis_generali_04\"\n                    alt=\"McLouis_generali_04\"\n                    src=\"https:\/\/www.camperonline.it\/magazine\/wp-content\/gallery\/anteprime-2022-mclouis\/thumbs\/thumbs_McLouis_generali_04.jpg\"\n                    width=\"240\"\n                    height=\"160\"\n                    style=\"max-width:100%;\"\n                \/>\n            <\/a>\n        <\/div>\n\t\t\t\t\t\t\t<\/div> \n\t\t\t\n\t\t\t\t<div id=\"ngg-image-57\" class=\"ngg-gallery-thumbnail-box ngg-5-columns\" >\n\t\t\t\t        <div class=\"ngg-gallery-thumbnail\">\n            <a href=\"https:\/\/www.camperonline.it\/magazine\/wp-content\/gallery\/anteprime-2022-mclouis\/McLouis_generali_03.jpg\"\n               title=\"\"\n               data-src=\"https:\/\/www.camperonline.it\/magazine\/wp-content\/gallery\/anteprime-2022-mclouis\/McLouis_generali_03.jpg\"\n               data-thumbnail=\"https:\/\/www.camperonline.it\/magazine\/wp-content\/gallery\/anteprime-2022-mclouis\/thumbs\/thumbs_McLouis_generali_03.jpg\"\n               data-image-id=\"122944\"\n               data-title=\"McLouis_generali_03\"\n               data-description=\"\"\n               data-image-slug=\"mclouis_generali_03\"\n               class=\"ngg-fancybox\" rel=\"ca7e7faeb63a60282d0d56bfd5cd995a\">\n                <img\n                    title=\"McLouis_generali_03\"\n                    alt=\"McLouis_generali_03\"\n                    src=\"https:\/\/www.camperonline.it\/magazine\/wp-content\/gallery\/anteprime-2022-mclouis\/thumbs\/thumbs_McLouis_generali_03.jpg\"\n                    width=\"240\"\n                    height=\"160\"\n                    style=\"max-width:100%;\"\n                \/>\n            <\/a>\n        <\/div>\n\t\t\t\t\t\t\t<\/div> \n\t\t\t\n\t\t\t\t<div id=\"ngg-image-58\" class=\"ngg-gallery-thumbnail-box ngg-5-columns\" >\n\t\t\t\t        <div class=\"ngg-gallery-thumbnail\">\n            <a href=\"https:\/\/www.camperonline.it\/magazine\/wp-content\/gallery\/anteprime-2022-mclouis\/McLouis_generali_02.jpg\"\n               title=\"\"\n               data-src=\"https:\/\/www.camperonline.it\/magazine\/wp-content\/gallery\/anteprime-2022-mclouis\/McLouis_generali_02.jpg\"\n               data-thumbnail=\"https:\/\/www.camperonline.it\/magazine\/wp-content\/gallery\/anteprime-2022-mclouis\/thumbs\/thumbs_McLouis_generali_02.jpg\"\n               data-image-id=\"122943\"\n               data-title=\"McLouis_generali_02\"\n               data-description=\"\"\n               data-image-slug=\"mclouis_generali_02\"\n               class=\"ngg-fancybox\" rel=\"ca7e7faeb63a60282d0d56bfd5cd995a\">\n                <img\n                    title=\"McLouis_generali_02\"\n                    alt=\"McLouis_generali_02\"\n                    src=\"https:\/\/www.camperonline.it\/magazine\/wp-content\/gallery\/anteprime-2022-mclouis\/thumbs\/thumbs_McLouis_generali_02.jpg\"\n                    width=\"240\"\n                    height=\"160\"\n                    style=\"max-width:100%;\"\n                \/>\n            <\/a>\n        <\/div>\n\t\t\t\t\t\t\t<\/div> \n\t\t\t\n\t\t\t\t<div id=\"ngg-image-59\" class=\"ngg-gallery-thumbnail-box ngg-5-columns\" >\n\t\t\t\t        <div class=\"ngg-gallery-thumbnail\">\n            <a href=\"https:\/\/www.camperonline.it\/magazine\/wp-content\/gallery\/anteprime-2022-mclouis\/McLouis_generali_01.jpg\"\n               title=\"\"\n               data-src=\"https:\/\/www.camperonline.it\/magazine\/wp-content\/gallery\/anteprime-2022-mclouis\/McLouis_generali_01.jpg\"\n               data-thumbnail=\"https:\/\/www.camperonline.it\/magazine\/wp-content\/gallery\/anteprime-2022-mclouis\/thumbs\/thumbs_McLouis_generali_01.jpg\"\n               data-image-id=\"122942\"\n               data-title=\"McLouis_generali_01\"\n               data-description=\"\"\n               data-image-slug=\"mclouis_generali_01\"\n               class=\"ngg-fancybox\" rel=\"ca7e7faeb63a60282d0d56bfd5cd995a\">\n                <img\n                    title=\"McLouis_generali_01\"\n                    alt=\"McLouis_generali_01\"\n                    src=\"https:\/\/www.camperonline.it\/magazine\/wp-content\/gallery\/anteprime-2022-mclouis\/thumbs\/thumbs_McLouis_generali_01.jpg\"\n                    width=\"240\"\n                    height=\"160\"\n                    style=\"max-width:100%;\"\n                \/>\n            <\/a>\n        <\/div>\n\t\t\t\t\t\t\t<\/div> \n\t\t\t\n\t\t\t\t<div id=\"ngg-image-60\" class=\"ngg-gallery-thumbnail-box ngg-5-columns\" >\n\t\t\t\t        <div class=\"ngg-gallery-thumbnail\">\n            <a href=\"https:\/\/www.camperonline.it\/magazine\/wp-content\/gallery\/anteprime-2022-mclouis\/McLouis_Ducato_03.jpg\"\n               title=\"\"\n               data-src=\"https:\/\/www.camperonline.it\/magazine\/wp-content\/gallery\/anteprime-2022-mclouis\/McLouis_Ducato_03.jpg\"\n               data-thumbnail=\"https:\/\/www.camperonline.it\/magazine\/wp-content\/gallery\/anteprime-2022-mclouis\/thumbs\/thumbs_McLouis_Ducato_03.jpg\"\n               data-image-id=\"122941\"\n               data-title=\"McLouis_Ducato_03\"\n               data-description=\"\"\n               data-image-slug=\"mclouis_ducato_03\"\n               class=\"ngg-fancybox\" rel=\"ca7e7faeb63a60282d0d56bfd5cd995a\">\n                <img\n                    title=\"McLouis_Ducato_03\"\n                    alt=\"McLouis_Ducato_03\"\n                    src=\"https:\/\/www.camperonline.it\/magazine\/wp-content\/gallery\/anteprime-2022-mclouis\/thumbs\/thumbs_McLouis_Ducato_03.jpg\"\n                    width=\"240\"\n                    height=\"160\"\n                    style=\"max-width:100%;\"\n                \/>\n            <\/a>\n        <\/div>\n\t\t\t\t\t\t\t<\/div> \n\t\t\t\n\t\t\t\t<div id=\"ngg-image-61\" class=\"ngg-gallery-thumbnail-box ngg-5-columns\" >\n\t\t\t\t        <div class=\"ngg-gallery-thumbnail\">\n            <a href=\"https:\/\/www.camperonline.it\/magazine\/wp-content\/gallery\/anteprime-2022-mclouis\/McLouis_Ducato_02.jpg\"\n               title=\"\"\n               data-src=\"https:\/\/www.camperonline.it\/magazine\/wp-content\/gallery\/anteprime-2022-mclouis\/McLouis_Ducato_02.jpg\"\n               data-thumbnail=\"https:\/\/www.camperonline.it\/magazine\/wp-content\/gallery\/anteprime-2022-mclouis\/thumbs\/thumbs_McLouis_Ducato_02.jpg\"\n               data-image-id=\"122940\"\n               data-title=\"McLouis_Ducato_02\"\n               data-description=\"\"\n               data-image-slug=\"mclouis_ducato_02\"\n               class=\"ngg-fancybox\" rel=\"ca7e7faeb63a60282d0d56bfd5cd995a\">\n                <img\n                    title=\"McLouis_Ducato_02\"\n                    alt=\"McLouis_Ducato_02\"\n                    src=\"https:\/\/www.camperonline.it\/magazine\/wp-content\/gallery\/anteprime-2022-mclouis\/thumbs\/thumbs_McLouis_Ducato_02.jpg\"\n                    width=\"240\"\n                    height=\"160\"\n                    style=\"max-width:100%;\"\n                \/>\n            <\/a>\n        <\/div>\n\t\t\t\t\t\t\t<\/div> \n\t\t\t\n\t\t\t\t<div id=\"ngg-image-62\" class=\"ngg-gallery-thumbnail-box ngg-5-columns\" >\n\t\t\t\t        <div class=\"ngg-gallery-thumbnail\">\n            <a href=\"https:\/\/www.camperonline.it\/magazine\/wp-content\/gallery\/anteprime-2022-mclouis\/McLouis_MC4_865G_08.jpg\"\n               title=\"\"\n               data-src=\"https:\/\/www.camperonline.it\/magazine\/wp-content\/gallery\/anteprime-2022-mclouis\/McLouis_MC4_865G_08.jpg\"\n               data-thumbnail=\"https:\/\/www.camperonline.it\/magazine\/wp-content\/gallery\/anteprime-2022-mclouis\/thumbs\/thumbs_McLouis_MC4_865G_08.jpg\"\n               data-image-id=\"122970\"\n               data-title=\"McLouis_MC4_865G_08\"\n               data-description=\"\"\n               data-image-slug=\"mclouis_mc4_865g_08\"\n               class=\"ngg-fancybox\" rel=\"ca7e7faeb63a60282d0d56bfd5cd995a\">\n                <img\n                    title=\"McLouis_MC4_865G_08\"\n                    alt=\"McLouis_MC4_865G_08\"\n                    src=\"https:\/\/www.camperonline.it\/magazine\/wp-content\/gallery\/anteprime-2022-mclouis\/thumbs\/thumbs_McLouis_MC4_865G_08.jpg\"\n                    width=\"240\"\n                    height=\"160\"\n                    style=\"max-width:100%;\"\n                \/>\n            <\/a>\n        <\/div>\n\t\t\t\t\t\t\t<\/div> \n\t\t\t\n\t\t\t\t<div id=\"ngg-image-63\" class=\"ngg-gallery-thumbnail-box ngg-5-columns\" >\n\t\t\t\t        <div class=\"ngg-gallery-thumbnail\">\n            <a href=\"https:\/\/www.camperonline.it\/magazine\/wp-content\/gallery\/anteprime-2022-mclouis\/McLouis_MC4_865G_23.jpg\"\n               title=\"\"\n               data-src=\"https:\/\/www.camperonline.it\/magazine\/wp-content\/gallery\/anteprime-2022-mclouis\/McLouis_MC4_865G_23.jpg\"\n               data-thumbnail=\"https:\/\/www.camperonline.it\/magazine\/wp-content\/gallery\/anteprime-2022-mclouis\/thumbs\/thumbs_McLouis_MC4_865G_23.jpg\"\n               data-image-id=\"122979\"\n               data-title=\"McLouis_MC4_865G_23\"\n               data-description=\"\"\n               data-image-slug=\"mclouis_mc4_865g_23\"\n               class=\"ngg-fancybox\" rel=\"ca7e7faeb63a60282d0d56bfd5cd995a\">\n                <img\n                    title=\"McLouis_MC4_865G_23\"\n                    alt=\"McLouis_MC4_865G_23\"\n                    src=\"https:\/\/www.camperonline.it\/magazine\/wp-content\/gallery\/anteprime-2022-mclouis\/thumbs\/thumbs_McLouis_MC4_865G_23.jpg\"\n                    width=\"240\"\n                    height=\"160\"\n                    style=\"max-width:100%;\"\n                \/>\n            <\/a>\n        <\/div>\n\t\t\t\t\t\t\t<\/div> \n\t\t\t\n\t\t\t\t<div id=\"ngg-image-64\" class=\"ngg-gallery-thumbnail-box ngg-5-columns\" >\n\t\t\t\t        <div class=\"ngg-gallery-thumbnail\">\n            <a href=\"https:\/\/www.camperonline.it\/magazine\/wp-content\/gallery\/anteprime-2022-mclouis\/McLouis_MC4_865G_22.jpg\"\n               title=\"\"\n               data-src=\"https:\/\/www.camperonline.it\/magazine\/wp-content\/gallery\/anteprime-2022-mclouis\/McLouis_MC4_865G_22.jpg\"\n               data-thumbnail=\"https:\/\/www.camperonline.it\/magazine\/wp-content\/gallery\/anteprime-2022-mclouis\/thumbs\/thumbs_McLouis_MC4_865G_22.jpg\"\n               data-image-id=\"122978\"\n               data-title=\"McLouis_MC4_865G_22\"\n               data-description=\"\"\n               data-image-slug=\"mclouis_mc4_865g_22\"\n               class=\"ngg-fancybox\" rel=\"ca7e7faeb63a60282d0d56bfd5cd995a\">\n                <img\n                    title=\"McLouis_MC4_865G_22\"\n                    alt=\"McLouis_MC4_865G_22\"\n                    src=\"https:\/\/www.camperonline.it\/magazine\/wp-content\/gallery\/anteprime-2022-mclouis\/thumbs\/thumbs_McLouis_MC4_865G_22.jpg\"\n                    width=\"240\"\n                    height=\"160\"\n                    style=\"max-width:100%;\"\n                \/>\n            <\/a>\n        <\/div>\n\t\t\t\t\t\t\t<\/div> \n\t\t\t\n\t\t\t\t<div id=\"ngg-image-65\" class=\"ngg-gallery-thumbnail-box ngg-5-columns\" >\n\t\t\t\t        <div class=\"ngg-gallery-thumbnail\">\n            <a href=\"https:\/\/www.camperonline.it\/magazine\/wp-content\/gallery\/anteprime-2022-mclouis\/McLouis_MC4_865G_19.jpg\"\n               title=\"\"\n               data-src=\"https:\/\/www.camperonline.it\/magazine\/wp-content\/gallery\/anteprime-2022-mclouis\/McLouis_MC4_865G_19.jpg\"\n               data-thumbnail=\"https:\/\/www.camperonline.it\/magazine\/wp-content\/gallery\/anteprime-2022-mclouis\/thumbs\/thumbs_McLouis_MC4_865G_19.jpg\"\n               data-image-id=\"122977\"\n               data-title=\"McLouis_MC4_865G_19\"\n               data-description=\"\"\n               data-image-slug=\"mclouis_mc4_865g_19\"\n               class=\"ngg-fancybox\" rel=\"ca7e7faeb63a60282d0d56bfd5cd995a\">\n                <img\n                    title=\"McLouis_MC4_865G_19\"\n                    alt=\"McLouis_MC4_865G_19\"\n                    src=\"https:\/\/www.camperonline.it\/magazine\/wp-content\/gallery\/anteprime-2022-mclouis\/thumbs\/thumbs_McLouis_MC4_865G_19.jpg\"\n                    width=\"240\"\n                    height=\"160\"\n                    style=\"max-width:100%;\"\n                \/>\n            <\/a>\n        <\/div>\n\t\t\t\t\t\t\t<\/div> \n\t\t\t\n\t\t\t\t<div id=\"ngg-image-66\" class=\"ngg-gallery-thumbnail-box ngg-5-columns\" >\n\t\t\t\t        <div class=\"ngg-gallery-thumbnail\">\n            <a href=\"https:\/\/www.camperonline.it\/magazine\/wp-content\/gallery\/anteprime-2022-mclouis\/McLouis_MC4_865G_17.jpg\"\n               title=\"\"\n               data-src=\"https:\/\/www.camperonline.it\/magazine\/wp-content\/gallery\/anteprime-2022-mclouis\/McLouis_MC4_865G_17.jpg\"\n               data-thumbnail=\"https:\/\/www.camperonline.it\/magazine\/wp-content\/gallery\/anteprime-2022-mclouis\/thumbs\/thumbs_McLouis_MC4_865G_17.jpg\"\n               data-image-id=\"122976\"\n               data-title=\"McLouis_MC4_865G_17\"\n               data-description=\"\"\n               data-image-slug=\"mclouis_mc4_865g_17\"\n               class=\"ngg-fancybox\" rel=\"ca7e7faeb63a60282d0d56bfd5cd995a\">\n                <img\n                    title=\"McLouis_MC4_865G_17\"\n                    alt=\"McLouis_MC4_865G_17\"\n                    src=\"https:\/\/www.camperonline.it\/magazine\/wp-content\/gallery\/anteprime-2022-mclouis\/thumbs\/thumbs_McLouis_MC4_865G_17.jpg\"\n                    width=\"240\"\n                    height=\"160\"\n                    style=\"max-width:100%;\"\n                \/>\n            <\/a>\n        <\/div>\n\t\t\t\t\t\t\t<\/div> \n\t\t\t\n\t\t\t\t<div id=\"ngg-image-67\" class=\"ngg-gallery-thumbnail-box ngg-5-columns\" >\n\t\t\t\t        <div class=\"ngg-gallery-thumbnail\">\n            <a href=\"https:\/\/www.camperonline.it\/magazine\/wp-content\/gallery\/anteprime-2022-mclouis\/McLouis_MC4_865G_13.jpg\"\n               title=\"\"\n               data-src=\"https:\/\/www.camperonline.it\/magazine\/wp-content\/gallery\/anteprime-2022-mclouis\/McLouis_MC4_865G_13.jpg\"\n               data-thumbnail=\"https:\/\/www.camperonline.it\/magazine\/wp-content\/gallery\/anteprime-2022-mclouis\/thumbs\/thumbs_McLouis_MC4_865G_13.jpg\"\n               data-image-id=\"122975\"\n               data-title=\"McLouis_MC4_865G_13\"\n               data-description=\"\"\n               data-image-slug=\"mclouis_mc4_865g_13\"\n               class=\"ngg-fancybox\" rel=\"ca7e7faeb63a60282d0d56bfd5cd995a\">\n                <img\n                    title=\"McLouis_MC4_865G_13\"\n                    alt=\"McLouis_MC4_865G_13\"\n                    src=\"https:\/\/www.camperonline.it\/magazine\/wp-content\/gallery\/anteprime-2022-mclouis\/thumbs\/thumbs_McLouis_MC4_865G_13.jpg\"\n                    width=\"240\"\n                    height=\"160\"\n                    style=\"max-width:100%;\"\n                \/>\n            <\/a>\n        <\/div>\n\t\t\t\t\t\t\t<\/div> \n\t\t\t\n\t\t\t\t<div id=\"ngg-image-68\" class=\"ngg-gallery-thumbnail-box ngg-5-columns\" >\n\t\t\t\t        <div class=\"ngg-gallery-thumbnail\">\n            <a href=\"https:\/\/www.camperonline.it\/magazine\/wp-content\/gallery\/anteprime-2022-mclouis\/McLouis_MC4_865G_12.jpg\"\n               title=\"\"\n               data-src=\"https:\/\/www.camperonline.it\/magazine\/wp-content\/gallery\/anteprime-2022-mclouis\/McLouis_MC4_865G_12.jpg\"\n               data-thumbnail=\"https:\/\/www.camperonline.it\/magazine\/wp-content\/gallery\/anteprime-2022-mclouis\/thumbs\/thumbs_McLouis_MC4_865G_12.jpg\"\n               data-image-id=\"122974\"\n               data-title=\"McLouis_MC4_865G_12\"\n               data-description=\"\"\n               data-image-slug=\"mclouis_mc4_865g_12\"\n               class=\"ngg-fancybox\" rel=\"ca7e7faeb63a60282d0d56bfd5cd995a\">\n                <img\n                    title=\"McLouis_MC4_865G_12\"\n                    alt=\"McLouis_MC4_865G_12\"\n                    src=\"https:\/\/www.camperonline.it\/magazine\/wp-content\/gallery\/anteprime-2022-mclouis\/thumbs\/thumbs_McLouis_MC4_865G_12.jpg\"\n                    width=\"240\"\n                    height=\"160\"\n                    style=\"max-width:100%;\"\n                \/>\n            <\/a>\n        <\/div>\n\t\t\t\t\t\t\t<\/div> \n\t\t\t\n\t\t\t\t<div id=\"ngg-image-69\" class=\"ngg-gallery-thumbnail-box ngg-5-columns\" >\n\t\t\t\t        <div class=\"ngg-gallery-thumbnail\">\n            <a href=\"https:\/\/www.camperonline.it\/magazine\/wp-content\/gallery\/anteprime-2022-mclouis\/McLouis_MC4_865G_11.jpg\"\n               title=\"\"\n               data-src=\"https:\/\/www.camperonline.it\/magazine\/wp-content\/gallery\/anteprime-2022-mclouis\/McLouis_MC4_865G_11.jpg\"\n               data-thumbnail=\"https:\/\/www.camperonline.it\/magazine\/wp-content\/gallery\/anteprime-2022-mclouis\/thumbs\/thumbs_McLouis_MC4_865G_11.jpg\"\n               data-image-id=\"122973\"\n               data-title=\"McLouis_MC4_865G_11\"\n               data-description=\"\"\n               data-image-slug=\"mclouis_mc4_865g_11\"\n               class=\"ngg-fancybox\" rel=\"ca7e7faeb63a60282d0d56bfd5cd995a\">\n                <img\n                    title=\"McLouis_MC4_865G_11\"\n                    alt=\"McLouis_MC4_865G_11\"\n                    src=\"https:\/\/www.camperonline.it\/magazine\/wp-content\/gallery\/anteprime-2022-mclouis\/thumbs\/thumbs_McLouis_MC4_865G_11.jpg\"\n                    width=\"240\"\n                    height=\"160\"\n                    style=\"max-width:100%;\"\n                \/>\n            <\/a>\n        <\/div>\n\t\t\t\t\t\t\t<\/div> \n\t\t\t\n\t\t\t\t<div id=\"ngg-image-70\" class=\"ngg-gallery-thumbnail-box ngg-5-columns\" >\n\t\t\t\t        <div class=\"ngg-gallery-thumbnail\">\n            <a href=\"https:\/\/www.camperonline.it\/magazine\/wp-content\/gallery\/anteprime-2022-mclouis\/McLouis_MC4_865G_10.jpg\"\n               title=\"\"\n               data-src=\"https:\/\/www.camperonline.it\/magazine\/wp-content\/gallery\/anteprime-2022-mclouis\/McLouis_MC4_865G_10.jpg\"\n               data-thumbnail=\"https:\/\/www.camperonline.it\/magazine\/wp-content\/gallery\/anteprime-2022-mclouis\/thumbs\/thumbs_McLouis_MC4_865G_10.jpg\"\n               data-image-id=\"122972\"\n               data-title=\"McLouis_MC4_865G_10\"\n               data-description=\"\"\n               data-image-slug=\"mclouis_mc4_865g_10\"\n               class=\"ngg-fancybox\" rel=\"ca7e7faeb63a60282d0d56bfd5cd995a\">\n                <img\n                    title=\"McLouis_MC4_865G_10\"\n                    alt=\"McLouis_MC4_865G_10\"\n                    src=\"https:\/\/www.camperonline.it\/magazine\/wp-content\/gallery\/anteprime-2022-mclouis\/thumbs\/thumbs_McLouis_MC4_865G_10.jpg\"\n                    width=\"240\"\n                    height=\"160\"\n                    style=\"max-width:100%;\"\n                \/>\n            <\/a>\n        <\/div>\n\t\t\t\t\t\t\t<\/div> \n\t\t\t\n\t\t\t\t<div id=\"ngg-image-71\" class=\"ngg-gallery-thumbnail-box ngg-5-columns\" >\n\t\t\t\t        <div class=\"ngg-gallery-thumbnail\">\n            <a href=\"https:\/\/www.camperonline.it\/magazine\/wp-content\/gallery\/anteprime-2022-mclouis\/McLouis_MC4_865G_09.jpg\"\n               title=\"\"\n               data-src=\"https:\/\/www.camperonline.it\/magazine\/wp-content\/gallery\/anteprime-2022-mclouis\/McLouis_MC4_865G_09.jpg\"\n               data-thumbnail=\"https:\/\/www.camperonline.it\/magazine\/wp-content\/gallery\/anteprime-2022-mclouis\/thumbs\/thumbs_McLouis_MC4_865G_09.jpg\"\n               data-image-id=\"122971\"\n               data-title=\"McLouis_MC4_865G_09\"\n               data-description=\"\"\n               data-image-slug=\"mclouis_mc4_865g_09\"\n               class=\"ngg-fancybox\" rel=\"ca7e7faeb63a60282d0d56bfd5cd995a\">\n                <img\n                    title=\"McLouis_MC4_865G_09\"\n                    alt=\"McLouis_MC4_865G_09\"\n                    src=\"https:\/\/www.camperonline.it\/magazine\/wp-content\/gallery\/anteprime-2022-mclouis\/thumbs\/thumbs_McLouis_MC4_865G_09.jpg\"\n                    width=\"240\"\n                    height=\"160\"\n                    style=\"max-width:100%;\"\n                \/>\n            <\/a>\n        <\/div>\n\t\t\t\t\t\t\t<\/div> \n\t\t\t\n\t\t\t\t<div id=\"ngg-image-72\" class=\"ngg-gallery-thumbnail-box ngg-5-columns\" >\n\t\t\t\t        <div class=\"ngg-gallery-thumbnail\">\n            <a href=\"https:\/\/www.camperonline.it\/magazine\/wp-content\/gallery\/anteprime-2022-mclouis\/McLouis_Ducato_01.jpg\"\n               title=\"\"\n               data-src=\"https:\/\/www.camperonline.it\/magazine\/wp-content\/gallery\/anteprime-2022-mclouis\/McLouis_Ducato_01.jpg\"\n               data-thumbnail=\"https:\/\/www.camperonline.it\/magazine\/wp-content\/gallery\/anteprime-2022-mclouis\/thumbs\/thumbs_McLouis_Ducato_01.jpg\"\n               data-image-id=\"122939\"\n               data-title=\"McLouis_Ducato_01\"\n               data-description=\"\"\n               data-image-slug=\"mclouis_ducato_01\"\n               class=\"ngg-fancybox\" rel=\"ca7e7faeb63a60282d0d56bfd5cd995a\">\n                <img\n                    title=\"McLouis_Ducato_01\"\n                    alt=\"McLouis_Ducato_01\"\n                    src=\"https:\/\/www.camperonline.it\/magazine\/wp-content\/gallery\/anteprime-2022-mclouis\/thumbs\/thumbs_McLouis_Ducato_01.jpg\"\n                    width=\"240\"\n                    height=\"160\"\n                    style=\"max-width:100%;\"\n                \/>\n            <\/a>\n        <\/div>\n\t\t\t\t\t\t\t<\/div> \n\t\t\t\n\t\t\t\t<div id=\"ngg-image-73\" class=\"ngg-gallery-thumbnail-box ngg-5-columns\" >\n\t\t\t\t        <div class=\"ngg-gallery-thumbnail\">\n            <a href=\"https:\/\/www.camperonline.it\/magazine\/wp-content\/gallery\/anteprime-2022-mclouis\/McLouis_MC4_865G_07.jpg\"\n               title=\"\"\n               data-src=\"https:\/\/www.camperonline.it\/magazine\/wp-content\/gallery\/anteprime-2022-mclouis\/McLouis_MC4_865G_07.jpg\"\n               data-thumbnail=\"https:\/\/www.camperonline.it\/magazine\/wp-content\/gallery\/anteprime-2022-mclouis\/thumbs\/thumbs_McLouis_MC4_865G_07.jpg\"\n               data-image-id=\"122969\"\n               data-title=\"McLouis_MC4_865G_07\"\n               data-description=\"\"\n               data-image-slug=\"mclouis_mc4_865g_07\"\n               class=\"ngg-fancybox\" rel=\"ca7e7faeb63a60282d0d56bfd5cd995a\">\n                <img\n                    title=\"McLouis_MC4_865G_07\"\n                    alt=\"McLouis_MC4_865G_07\"\n                    src=\"https:\/\/www.camperonline.it\/magazine\/wp-content\/gallery\/anteprime-2022-mclouis\/thumbs\/thumbs_McLouis_MC4_865G_07.jpg\"\n                    width=\"240\"\n                    height=\"160\"\n                    style=\"max-width:100%;\"\n                \/>\n            <\/a>\n        <\/div>\n\t\t\t\t\t\t\t<\/div> \n\t\t\t\n\t\t\t\t<div id=\"ngg-image-74\" class=\"ngg-gallery-thumbnail-box ngg-5-columns\" >\n\t\t\t\t        <div class=\"ngg-gallery-thumbnail\">\n            <a href=\"https:\/\/www.camperonline.it\/magazine\/wp-content\/gallery\/anteprime-2022-mclouis\/McLouis_MC4_865G_05.jpg\"\n               title=\"\"\n               data-src=\"https:\/\/www.camperonline.it\/magazine\/wp-content\/gallery\/anteprime-2022-mclouis\/McLouis_MC4_865G_05.jpg\"\n               data-thumbnail=\"https:\/\/www.camperonline.it\/magazine\/wp-content\/gallery\/anteprime-2022-mclouis\/thumbs\/thumbs_McLouis_MC4_865G_05.jpg\"\n               data-image-id=\"122968\"\n               data-title=\"McLouis_MC4_865G_05\"\n               data-description=\"\"\n               data-image-slug=\"mclouis_mc4_865g_05\"\n               class=\"ngg-fancybox\" rel=\"ca7e7faeb63a60282d0d56bfd5cd995a\">\n                <img\n                    title=\"McLouis_MC4_865G_05\"\n                    alt=\"McLouis_MC4_865G_05\"\n                    src=\"https:\/\/www.camperonline.it\/magazine\/wp-content\/gallery\/anteprime-2022-mclouis\/thumbs\/thumbs_McLouis_MC4_865G_05.jpg\"\n                    width=\"240\"\n                    height=\"160\"\n                    style=\"max-width:100%;\"\n                \/>\n            <\/a>\n        <\/div>\n\t\t\t\t\t\t\t<\/div> \n\t\t\t\n\t\t\t\t<div id=\"ngg-image-75\" class=\"ngg-gallery-thumbnail-box ngg-5-columns\" >\n\t\t\t\t        <div class=\"ngg-gallery-thumbnail\">\n            <a href=\"https:\/\/www.camperonline.it\/magazine\/wp-content\/gallery\/anteprime-2022-mclouis\/McLouis_MC4_865G_04.jpg\"\n               title=\"\"\n               data-src=\"https:\/\/www.camperonline.it\/magazine\/wp-content\/gallery\/anteprime-2022-mclouis\/McLouis_MC4_865G_04.jpg\"\n               data-thumbnail=\"https:\/\/www.camperonline.it\/magazine\/wp-content\/gallery\/anteprime-2022-mclouis\/thumbs\/thumbs_McLouis_MC4_865G_04.jpg\"\n               data-image-id=\"122967\"\n               data-title=\"McLouis_MC4_865G_04\"\n               data-description=\"\"\n               data-image-slug=\"mclouis_mc4_865g_04\"\n               class=\"ngg-fancybox\" rel=\"ca7e7faeb63a60282d0d56bfd5cd995a\">\n                <img\n                    title=\"McLouis_MC4_865G_04\"\n                    alt=\"McLouis_MC4_865G_04\"\n                    src=\"https:\/\/www.camperonline.it\/magazine\/wp-content\/gallery\/anteprime-2022-mclouis\/thumbs\/thumbs_McLouis_MC4_865G_04.jpg\"\n                    width=\"240\"\n                    height=\"160\"\n                    style=\"max-width:100%;\"\n                \/>\n            <\/a>\n        <\/div>\n\t\t\t\t\t\t\t<\/div> \n\t\t\t\n\t\t\t\t<div id=\"ngg-image-76\" class=\"ngg-gallery-thumbnail-box ngg-5-columns\" >\n\t\t\t\t        <div class=\"ngg-gallery-thumbnail\">\n            <a href=\"https:\/\/www.camperonline.it\/magazine\/wp-content\/gallery\/anteprime-2022-mclouis\/McLouis_MC4_865G_03.jpg\"\n               title=\"\"\n               data-src=\"https:\/\/www.camperonline.it\/magazine\/wp-content\/gallery\/anteprime-2022-mclouis\/McLouis_MC4_865G_03.jpg\"\n               data-thumbnail=\"https:\/\/www.camperonline.it\/magazine\/wp-content\/gallery\/anteprime-2022-mclouis\/thumbs\/thumbs_McLouis_MC4_865G_03.jpg\"\n               data-image-id=\"122966\"\n               data-title=\"McLouis_MC4_865G_03\"\n               data-description=\"\"\n               data-image-slug=\"mclouis_mc4_865g_03\"\n               class=\"ngg-fancybox\" rel=\"ca7e7faeb63a60282d0d56bfd5cd995a\">\n                <img\n                    title=\"McLouis_MC4_865G_03\"\n                    alt=\"McLouis_MC4_865G_03\"\n                    src=\"https:\/\/www.camperonline.it\/magazine\/wp-content\/gallery\/anteprime-2022-mclouis\/thumbs\/thumbs_McLouis_MC4_865G_03.jpg\"\n                    width=\"240\"\n                    height=\"160\"\n                    style=\"max-width:100%;\"\n                \/>\n            <\/a>\n        <\/div>\n\t\t\t\t\t\t\t<\/div> \n\t\t\t\n\t\t\t\t<div id=\"ngg-image-77\" class=\"ngg-gallery-thumbnail-box ngg-5-columns\" >\n\t\t\t\t        <div class=\"ngg-gallery-thumbnail\">\n            <a href=\"https:\/\/www.camperonline.it\/magazine\/wp-content\/gallery\/anteprime-2022-mclouis\/McLouis_MC4_865G_02.jpg\"\n               title=\"\"\n               data-src=\"https:\/\/www.camperonline.it\/magazine\/wp-content\/gallery\/anteprime-2022-mclouis\/McLouis_MC4_865G_02.jpg\"\n               data-thumbnail=\"https:\/\/www.camperonline.it\/magazine\/wp-content\/gallery\/anteprime-2022-mclouis\/thumbs\/thumbs_McLouis_MC4_865G_02.jpg\"\n               data-image-id=\"122965\"\n               data-title=\"McLouis_MC4_865G_02\"\n               data-description=\"\"\n               data-image-slug=\"mclouis_mc4_865g_02\"\n               class=\"ngg-fancybox\" rel=\"ca7e7faeb63a60282d0d56bfd5cd995a\">\n                <img\n                    title=\"McLouis_MC4_865G_02\"\n                    alt=\"McLouis_MC4_865G_02\"\n                    src=\"https:\/\/www.camperonline.it\/magazine\/wp-content\/gallery\/anteprime-2022-mclouis\/thumbs\/thumbs_McLouis_MC4_865G_02.jpg\"\n                    width=\"240\"\n                    height=\"160\"\n                    style=\"max-width:100%;\"\n                \/>\n            <\/a>\n        <\/div>\n\t\t\t\t\t\t\t<\/div> \n\t\t\t\n\t\t\t\t<div id=\"ngg-image-78\" class=\"ngg-gallery-thumbnail-box ngg-5-columns\" >\n\t\t\t\t        <div class=\"ngg-gallery-thumbnail\">\n            <a href=\"https:\/\/www.camperonline.it\/magazine\/wp-content\/gallery\/anteprime-2022-mclouis\/McLouis_MC4_865G_01.jpg\"\n               title=\"\"\n               data-src=\"https:\/\/www.camperonline.it\/magazine\/wp-content\/gallery\/anteprime-2022-mclouis\/McLouis_MC4_865G_01.jpg\"\n               data-thumbnail=\"https:\/\/www.camperonline.it\/magazine\/wp-content\/gallery\/anteprime-2022-mclouis\/thumbs\/thumbs_McLouis_MC4_865G_01.jpg\"\n               data-image-id=\"122964\"\n               data-title=\"McLouis_MC4_865G_01\"\n               data-description=\"\"\n               data-image-slug=\"mclouis_mc4_865g_01\"\n               class=\"ngg-fancybox\" rel=\"ca7e7faeb63a60282d0d56bfd5cd995a\">\n                <img\n                    title=\"McLouis_MC4_865G_01\"\n                    alt=\"McLouis_MC4_865G_01\"\n                    src=\"https:\/\/www.camperonline.it\/magazine\/wp-content\/gallery\/anteprime-2022-mclouis\/thumbs\/thumbs_McLouis_MC4_865G_01.jpg\"\n                    width=\"240\"\n                    height=\"160\"\n                    style=\"max-width:100%;\"\n                \/>\n            <\/a>\n        <\/div>\n\t\t\t\t\t\t\t<\/div> \n\t\t\t\n\t\t\t\t<div id=\"ngg-image-79\" class=\"ngg-gallery-thumbnail-box ngg-5-columns\" >\n\t\t\t\t        <div class=\"ngg-gallery-thumbnail\">\n            <a href=\"https:\/\/www.camperonline.it\/magazine\/wp-content\/gallery\/anteprime-2022-mclouis\/McLouis_MC4_260_17.jpg\"\n               title=\"\"\n               data-src=\"https:\/\/www.camperonline.it\/magazine\/wp-content\/gallery\/anteprime-2022-mclouis\/McLouis_MC4_260_17.jpg\"\n               data-thumbnail=\"https:\/\/www.camperonline.it\/magazine\/wp-content\/gallery\/anteprime-2022-mclouis\/thumbs\/thumbs_McLouis_MC4_260_17.jpg\"\n               data-image-id=\"122963\"\n               data-title=\"McLouis_MC4_260_17\"\n               data-description=\"\"\n               data-image-slug=\"mclouis_mc4_260_17\"\n               class=\"ngg-fancybox\" rel=\"ca7e7faeb63a60282d0d56bfd5cd995a\">\n                <img\n                    title=\"McLouis_MC4_260_17\"\n                    alt=\"McLouis_MC4_260_17\"\n                    src=\"https:\/\/www.camperonline.it\/magazine\/wp-content\/gallery\/anteprime-2022-mclouis\/thumbs\/thumbs_McLouis_MC4_260_17.jpg\"\n                    width=\"240\"\n                    height=\"160\"\n                    style=\"max-width:100%;\"\n                \/>\n            <\/a>\n        <\/div>\n\t\t\t\t\t\t\t<\/div> \n\t\t\t\n\t\t\t\t<div id=\"ngg-image-80\" class=\"ngg-gallery-thumbnail-box ngg-5-columns\" >\n\t\t\t\t        <div class=\"ngg-gallery-thumbnail\">\n            <a href=\"https:\/\/www.camperonline.it\/magazine\/wp-content\/gallery\/anteprime-2022-mclouis\/McLouis_MC4_260_16.jpg\"\n               title=\"\"\n               data-src=\"https:\/\/www.camperonline.it\/magazine\/wp-content\/gallery\/anteprime-2022-mclouis\/McLouis_MC4_260_16.jpg\"\n               data-thumbnail=\"https:\/\/www.camperonline.it\/magazine\/wp-content\/gallery\/anteprime-2022-mclouis\/thumbs\/thumbs_McLouis_MC4_260_16.jpg\"\n               data-image-id=\"122962\"\n               data-title=\"McLouis_MC4_260_16\"\n               data-description=\"\"\n               data-image-slug=\"mclouis_mc4_260_16\"\n               class=\"ngg-fancybox\" rel=\"ca7e7faeb63a60282d0d56bfd5cd995a\">\n                <img\n                    title=\"McLouis_MC4_260_16\"\n                    alt=\"McLouis_MC4_260_16\"\n                    src=\"https:\/\/www.camperonline.it\/magazine\/wp-content\/gallery\/anteprime-2022-mclouis\/thumbs\/thumbs_McLouis_MC4_260_16.jpg\"\n                    width=\"240\"\n                    height=\"160\"\n                    style=\"max-width:100%;\"\n                \/>\n            <\/a>\n        <\/div>\n\t\t\t\t\t\t\t<\/div> \n\t\t\t\n\t\t\t\t<div id=\"ngg-image-81\" class=\"ngg-gallery-thumbnail-box ngg-5-columns\" >\n\t\t\t\t        <div class=\"ngg-gallery-thumbnail\">\n            <a href=\"https:\/\/www.camperonline.it\/magazine\/wp-content\/gallery\/anteprime-2022-mclouis\/McLouis_MC4_260_15.jpg\"\n               title=\"\"\n               data-src=\"https:\/\/www.camperonline.it\/magazine\/wp-content\/gallery\/anteprime-2022-mclouis\/McLouis_MC4_260_15.jpg\"\n               data-thumbnail=\"https:\/\/www.camperonline.it\/magazine\/wp-content\/gallery\/anteprime-2022-mclouis\/thumbs\/thumbs_McLouis_MC4_260_15.jpg\"\n               data-image-id=\"122961\"\n               data-title=\"McLouis_MC4_260_15\"\n               data-description=\"\"\n               data-image-slug=\"mclouis_mc4_260_15\"\n               class=\"ngg-fancybox\" rel=\"ca7e7faeb63a60282d0d56bfd5cd995a\">\n                <img\n                    title=\"McLouis_MC4_260_15\"\n                    alt=\"McLouis_MC4_260_15\"\n                    src=\"https:\/\/www.camperonline.it\/magazine\/wp-content\/gallery\/anteprime-2022-mclouis\/thumbs\/thumbs_McLouis_MC4_260_15.jpg\"\n                    width=\"240\"\n                    height=\"160\"\n                    style=\"max-width:100%;\"\n                \/>\n            <\/a>\n        <\/div>\n\t\t\t\t\t\t\t<\/div> \n\t\t\t\n\t\n\t<br style=\"clear: both\" \/>\n\n\t\t<div class=\"slideshowlink\">\n        <a href='https:\/\/www.camperonline.it\/magazine\/2021\/09\/01\/anteprime-2022-mclouis\/nggallery\/slideshow'>[Mostra slideshow]<\/a>\n\t\t\n\t<\/div>\n\t\n\t\t<!-- Pagination -->\n\t<div class='ngg-clear'><\/div>\t<\/div>\n\n","protected":false},"excerpt":{"rendered":"<p>Vengono introdotti i motorhome Nevis serie 200, mentre la serie 800 \u00e8 stata migliorata internamente. Arrivano inoltre nuove piante, sia tra i semintegrali che tra i motorhome, ma ci sono migliorie anche sui van Menfys<\/p>\n","protected":false},"author":23,"featured_media":322190,"comment_status":"closed","ping_status":"open","sticky":false,"template":"","format":"standard","meta":{"ngg_post_thumbnail":0},"categories":[6288,217,7,5519,811,5518,5517,3642],"tags":[6289,293,296,291,6151,295,6116,6118],"yoast_head":"<!-- This site is optimized with the Yoast SEO plugin v18.6 - https:\/\/yoast.com\/wordpress\/plugins\/seo\/ -->\n<title>Anteprime 2022: McLouis - CamperOnLine Magazine<\/title>\n<meta name=\"description\" content=\"Vengono introdotti i motorhome Nevis serie 200, mentre la serie 800 \u00e8 stata migliorata internamente. Arrivano inoltre nuove piante, sia tra i semintegrali\" \/>\n<meta name=\"robots\" content=\"index, follow, max-snippet:-1, max-image-preview:large, max-video-preview:-1\" \/>\n<link rel=\"canonical\" href=\"https:\/\/www.camperonline.it\/magazine\/2021\/09\/01\/anteprime-2022-mclouis\/\" \/>\n<meta property=\"og:locale\" content=\"it_IT\" \/>\n<meta property=\"og:type\" content=\"article\" \/>\n<meta property=\"og:title\" content=\"Anteprime 2022: McLouis - CamperOnLine Magazine\" \/>\n<meta property=\"og:description\" content=\"Vengono introdotti i motorhome Nevis serie 200, mentre la serie 800 \u00e8 stata migliorata internamente. Arrivano inoltre nuove piante, sia tra i semintegrali\" \/>\n<meta property=\"og:url\" content=\"https:\/\/www.camperonline.it\/magazine\/2021\/09\/01\/anteprime-2022-mclouis\/\" \/>\n<meta property=\"og:site_name\" content=\"CamperOnLine Magazine\" \/>\n<meta property=\"article:published_time\" content=\"2021-08-31T22:00:24+00:00\" \/>\n<meta property=\"article:modified_time\" content=\"2021-07-29T17:55:50+00:00\" \/>\n<meta property=\"og:image\" content=\"https:\/\/www.camperonline.it\/magazine\/wp-content\/uploads\/2021\/07\/CoverAnte22_mag_McLouis.jpg\" \/>\n\t<meta property=\"og:image:width\" content=\"630\" \/>\n\t<meta property=\"og:image:height\" content=\"354\" \/>\n\t<meta property=\"og:image:type\" content=\"image\/jpeg\" \/>\n<meta name=\"twitter:card\" content=\"summary_large_image\" \/>\n<script type=\"application\/ld+json\" class=\"yoast-schema-graph\">{\"@context\":\"https:\/\/schema.org\",\"@graph\":[{\"@type\":\"WebSite\",\"@id\":\"https:\/\/www.camperonline.it\/magazine\/#website\",\"url\":\"https:\/\/www.camperonline.it\/magazine\/\",\"name\":\"CamperOnLine Magazine\",\"description\":\"Viaggi in camper, test, video, destinazioni, vacanze\",\"potentialAction\":[{\"@type\":\"SearchAction\",\"target\":{\"@type\":\"EntryPoint\",\"urlTemplate\":\"https:\/\/www.camperonline.it\/magazine\/?s={search_term_string}\"},\"query-input\":\"required name=search_term_string\"}],\"inLanguage\":\"it-IT\"},{\"@type\":\"ImageObject\",\"@id\":\"https:\/\/www.camperonline.it\/magazine\/2021\/09\/01\/anteprime-2022-mclouis\/#primaryimage\",\"inLanguage\":\"it-IT\",\"url\":\"https:\/\/www.camperonline.it\/magazine\/wp-content\/uploads\/2021\/07\/CoverAnte22_mag_McLouis.jpg\",\"contentUrl\":\"https:\/\/www.camperonline.it\/magazine\/wp-content\/uploads\/2021\/07\/CoverAnte22_mag_McLouis.jpg\",\"width\":630,\"height\":354},{\"@type\":\"WebPage\",\"@id\":\"https:\/\/www.camperonline.it\/magazine\/2021\/09\/01\/anteprime-2022-mclouis\/#webpage\",\"url\":\"https:\/\/www.camperonline.it\/magazine\/2021\/09\/01\/anteprime-2022-mclouis\/\",\"name\":\"Anteprime 2022: McLouis - CamperOnLine Magazine\",\"isPartOf\":{\"@id\":\"https:\/\/www.camperonline.it\/magazine\/#website\"},\"primaryImageOfPage\":{\"@id\":\"https:\/\/www.camperonline.it\/magazine\/2021\/09\/01\/anteprime-2022-mclouis\/#primaryimage\"},\"datePublished\":\"2021-08-31T22:00:24+00:00\",\"dateModified\":\"2021-07-29T17:55:50+00:00\",\"author\":{\"@id\":\"https:\/\/www.camperonline.it\/magazine\/#\/schema\/person\/cc776d866d3248597db92e2aa8bfc3f3\"},\"description\":\"Vengono introdotti i motorhome Nevis serie 200, mentre la serie 800 \u00e8 stata migliorata internamente. Arrivano inoltre nuove piante, sia tra i semintegrali\",\"breadcrumb\":{\"@id\":\"https:\/\/www.camperonline.it\/magazine\/2021\/09\/01\/anteprime-2022-mclouis\/#breadcrumb\"},\"inLanguage\":\"it-IT\",\"potentialAction\":[{\"@type\":\"ReadAction\",\"target\":[\"https:\/\/www.camperonline.it\/magazine\/2021\/09\/01\/anteprime-2022-mclouis\/\"]}]},{\"@type\":\"BreadcrumbList\",\"@id\":\"https:\/\/www.camperonline.it\/magazine\/2021\/09\/01\/anteprime-2022-mclouis\/#breadcrumb\",\"itemListElement\":[{\"@type\":\"ListItem\",\"position\":1,\"name\":\"Home\",\"item\":\"https:\/\/www.camperonline.it\/magazine\/\"},{\"@type\":\"ListItem\",\"position\":2,\"name\":\"Anteprime 2022: McLouis\"}]},{\"@type\":\"Person\",\"@id\":\"https:\/\/www.camperonline.it\/magazine\/#\/schema\/person\/cc776d866d3248597db92e2aa8bfc3f3\",\"name\":\"Renato Antonini\",\"url\":\"https:\/\/www.camperonline.it\/magazine\/author\/renato\/\"}]}<\/script>\n<!-- \/ Yoast SEO plugin. -->","yoast_head_json":{"title":"Anteprime 2022: McLouis - CamperOnLine Magazine","description":"Vengono introdotti i motorhome Nevis serie 200, mentre la serie 800 \u00e8 stata migliorata internamente. Arrivano inoltre nuove piante, sia tra i semintegrali","robots":{"index":"index","follow":"follow","max-snippet":"max-snippet:-1","max-image-preview":"max-image-preview:large","max-video-preview":"max-video-preview:-1"},"canonical":"https:\/\/www.camperonline.it\/magazine\/2021\/09\/01\/anteprime-2022-mclouis\/","og_locale":"it_IT","og_type":"article","og_title":"Anteprime 2022: McLouis - CamperOnLine Magazine","og_description":"Vengono introdotti i motorhome Nevis serie 200, mentre la serie 800 \u00e8 stata migliorata internamente. Arrivano inoltre nuove piante, sia tra i semintegrali","og_url":"https:\/\/www.camperonline.it\/magazine\/2021\/09\/01\/anteprime-2022-mclouis\/","og_site_name":"CamperOnLine Magazine","article_published_time":"2021-08-31T22:00:24+00:00","article_modified_time":"2021-07-29T17:55:50+00:00","og_image":[{"width":630,"height":354,"url":"https:\/\/www.camperonline.it\/magazine\/wp-content\/uploads\/2021\/07\/CoverAnte22_mag_McLouis.jpg","type":"image\/jpeg"}],"twitter_card":"summary_large_image","schema":{"@context":"https:\/\/schema.org","@graph":[{"@type":"WebSite","@id":"https:\/\/www.camperonline.it\/magazine\/#website","url":"https:\/\/www.camperonline.it\/magazine\/","name":"CamperOnLine Magazine","description":"Viaggi in camper, test, video, destinazioni, vacanze","potentialAction":[{"@type":"SearchAction","target":{"@type":"EntryPoint","urlTemplate":"https:\/\/www.camperonline.it\/magazine\/?s={search_term_string}"},"query-input":"required name=search_term_string"}],"inLanguage":"it-IT"},{"@type":"ImageObject","@id":"https:\/\/www.camperonline.it\/magazine\/2021\/09\/01\/anteprime-2022-mclouis\/#primaryimage","inLanguage":"it-IT","url":"https:\/\/www.camperonline.it\/magazine\/wp-content\/uploads\/2021\/07\/CoverAnte22_mag_McLouis.jpg","contentUrl":"https:\/\/www.camperonline.it\/magazine\/wp-content\/uploads\/2021\/07\/CoverAnte22_mag_McLouis.jpg","width":630,"height":354},{"@type":"WebPage","@id":"https:\/\/www.camperonline.it\/magazine\/2021\/09\/01\/anteprime-2022-mclouis\/#webpage","url":"https:\/\/www.camperonline.it\/magazine\/2021\/09\/01\/anteprime-2022-mclouis\/","name":"Anteprime 2022: McLouis - CamperOnLine Magazine","isPartOf":{"@id":"https:\/\/www.camperonline.it\/magazine\/#website"},"primaryImageOfPage":{"@id":"https:\/\/www.camperonline.it\/magazine\/2021\/09\/01\/anteprime-2022-mclouis\/#primaryimage"},"datePublished":"2021-08-31T22:00:24+00:00","dateModified":"2021-07-29T17:55:50+00:00","author":{"@id":"https:\/\/www.camperonline.it\/magazine\/#\/schema\/person\/cc776d866d3248597db92e2aa8bfc3f3"},"description":"Vengono introdotti i motorhome Nevis serie 200, mentre la serie 800 \u00e8 stata migliorata internamente. Arrivano inoltre nuove piante, sia tra i semintegrali","breadcrumb":{"@id":"https:\/\/www.camperonline.it\/magazine\/2021\/09\/01\/anteprime-2022-mclouis\/#breadcrumb"},"inLanguage":"it-IT","potentialAction":[{"@type":"ReadAction","target":["https:\/\/www.camperonline.it\/magazine\/2021\/09\/01\/anteprime-2022-mclouis\/"]}]},{"@type":"BreadcrumbList","@id":"https:\/\/www.camperonline.it\/magazine\/2021\/09\/01\/anteprime-2022-mclouis\/#breadcrumb","itemListElement":[{"@type":"ListItem","position":1,"name":"Home","item":"https:\/\/www.camperonline.it\/magazine\/"},{"@type":"ListItem","position":2,"name":"Anteprime 2022: McLouis"}]},{"@type":"Person","@id":"https:\/\/www.camperonline.it\/magazine\/#\/schema\/person\/cc776d866d3248597db92e2aa8bfc3f3","name":"Renato Antonini","url":"https:\/\/www.camperonline.it\/magazine\/author\/renato\/"}]}},"_links":{"self":[{"href":"https:\/\/www.camperonline.it\/magazine\/wp-json\/wp\/v2\/posts\/321471"}],"collection":[{"href":"https:\/\/www.camperonline.it\/magazine\/wp-json\/wp\/v2\/posts"}],"about":[{"href":"https:\/\/www.camperonline.it\/magazine\/wp-json\/wp\/v2\/types\/post"}],"author":[{"embeddable":true,"href":"https:\/\/www.camperonline.it\/magazine\/wp-json\/wp\/v2\/users\/23"}],"replies":[{"embeddable":true,"href":"https:\/\/www.camperonline.it\/magazine\/wp-json\/wp\/v2\/comments?post=321471"}],"version-history":[{"count":0,"href":"https:\/\/www.camperonline.it\/magazine\/wp-json\/wp\/v2\/posts\/321471\/revisions"}],"wp:featuredmedia":[{"embeddable":true,"href":"https:\/\/www.camperonline.it\/magazine\/wp-json\/wp\/v2\/media\/322190"}],"wp:attachment":[{"href":"https:\/\/www.camperonline.it\/magazine\/wp-json\/wp\/v2\/media?parent=321471"}],"wp:term":[{"taxonomy":"category","embeddable":true,"href":"https:\/\/www.camperonline.it\/magazine\/wp-json\/wp\/v2\/categories?post=321471"},{"taxonomy":"post_tag","embeddable":true,"href":"https:\/\/www.camperonline.it\/magazine\/wp-json\/wp\/v2\/tags?post=321471"}],"curies":[{"name":"wp","href":"https:\/\/api.w.org\/{rel}","templated":true}]}}