{"id":322888,"date":"2021-09-08T12:03:12","date_gmt":"2021-09-08T10:03:12","guid":{"rendered":"https:\/\/www.camperonline.it\/magazine\/?p=322888"},"modified":"2021-09-08T12:03:12","modified_gmt":"2021-09-08T10:03:12","slug":"caravan-salon-2021-pilote","status":"publish","type":"post","link":"https:\/\/www.camperonline.it\/magazine\/2021\/09\/08\/caravan-salon-2021-pilote\/","title":{"rendered":"Caravan Salon 2021: Pilote"},"content":{"rendered":"<h2><img loading=\"lazy\" class=\"aligncenter size-full wp-image-322889\" src=\"https:\/\/www.camperonline.it\/magazine\/wp-content\/uploads\/2021\/09\/CoverPiloteCSD2021.jpg\" alt=\"\" width=\"630\" height=\"354\" srcset=\"https:\/\/www.camperonline.it\/magazine\/wp-content\/uploads\/2021\/09\/CoverPiloteCSD2021.jpg 630w, https:\/\/www.camperonline.it\/magazine\/wp-content\/uploads\/2021\/09\/CoverPiloteCSD2021-300x169.jpg 300w\" sizes=\"(max-width: 630px) 100vw, 630px\" \/><\/h2>\n<h2>Svelati al grande pubblico in occasione del Caravan Salon le due principali novit\u00e0 di casa Pilote: il particolarissimo semintegrale Pacific P696 U con maxi living a ferro di cavallo in coda e l&#8217;inedito furgonato V 633 M, caratterizzato dalla presenza di un gavone garage posteriore<\/h2>\n<p><!--more--><\/p>\n<p>Per la stagione 2022 Pilote innanzitutto la denominazione degli allestimenti dedicati alle sue gamme di motorhome e semintegrali; le precedenti varianti Essentiel e Sensation lasciano infatti ora il posto alle nuove <strong>Expression<\/strong> ed <strong>Evidence<\/strong>, che differiscono sempre per il livello di dotazioni offerte di serie. Ma non solo, cresce anche la collezione del produttore francese con l\u2019arrivo di due modelli inediti. Il primo arricchisce l\u2019offerta in tema di profilati <strong>Pacfic<\/strong>: si chiama <strong>P696 U<\/strong>, \u00e8 lungo 699 cm e si caratterizza per la presenza in coda di un maxi living a ferro di cavallo.<\/p>\n<p><img loading=\"lazy\" class=\"aligncenter size-full wp-image-322918\" src=\"https:\/\/www.camperonline.it\/magazine\/wp-content\/uploads\/2021\/09\/DSC_1804_00012.jpg\" alt=\"\" width=\"630\" height=\"418\" srcset=\"https:\/\/www.camperonline.it\/magazine\/wp-content\/uploads\/2021\/09\/DSC_1804_00012.jpg 630w, https:\/\/www.camperonline.it\/magazine\/wp-content\/uploads\/2021\/09\/DSC_1804_00012-300x199.jpg 300w\" sizes=\"(max-width: 630px) 100vw, 630px\" \/><\/p>\n<p><img loading=\"lazy\" class=\"aligncenter size-full wp-image-322919\" src=\"https:\/\/www.camperonline.it\/magazine\/wp-content\/uploads\/2021\/09\/DSC_1809_00014.jpg\" alt=\"\" width=\"630\" height=\"418\" srcset=\"https:\/\/www.camperonline.it\/magazine\/wp-content\/uploads\/2021\/09\/DSC_1809_00014.jpg 630w, https:\/\/www.camperonline.it\/magazine\/wp-content\/uploads\/2021\/09\/DSC_1809_00014-300x199.jpg 300w\" sizes=\"(max-width: 630px) 100vw, 630px\" \/><\/p>\n<p>Questo veicolo rinuncia alla presenza di un gavone garage posteriore, optando solo per un piccolo vano di carico esterno, a tutto vantaggio di un soggiorno in grado di ospitare comodamente fino a sette commensali. A sua volta \u00e8 anticipato da un\u2019insolita panchetta, collocata proprio a lato dell\u2019ingresso, che pu\u00f2 per esempio essere sfruttata come comoda seduta per aiutarsi a togliere o mettere le scarpe. Quattro sono i posti letto previsti per la notte, grazie alla presenza di un matrimoniale basculante che discende al di sopra del living e alla possibilit\u00e0 di trasformare quest\u2019ultimo in un secondo letto.<\/p>\n<p><img loading=\"lazy\" class=\"aligncenter size-full wp-image-322920\" src=\"https:\/\/www.camperonline.it\/magazine\/wp-content\/uploads\/2021\/09\/DSC_1814_00016.jpg\" alt=\"\" width=\"630\" height=\"418\" srcset=\"https:\/\/www.camperonline.it\/magazine\/wp-content\/uploads\/2021\/09\/DSC_1814_00016.jpg 630w, https:\/\/www.camperonline.it\/magazine\/wp-content\/uploads\/2021\/09\/DSC_1814_00016-300x199.jpg 300w\" sizes=\"(max-width: 630px) 100vw, 630px\" \/><\/p>\n<p><img loading=\"lazy\" class=\"aligncenter size-full wp-image-322921\" src=\"https:\/\/www.camperonline.it\/magazine\/wp-content\/uploads\/2021\/09\/DSC_1819_00018.jpg\" alt=\"\" width=\"630\" height=\"418\" srcset=\"https:\/\/www.camperonline.it\/magazine\/wp-content\/uploads\/2021\/09\/DSC_1819_00018.jpg 630w, https:\/\/www.camperonline.it\/magazine\/wp-content\/uploads\/2021\/09\/DSC_1819_00018-300x199.jpg 300w\" sizes=\"(max-width: 630px) 100vw, 630px\" \/><\/p>\n<p>Al centro dell\u2019abitacolo ritroviamo il blocco cucina lineare mentre a ridosso della cabina di guida ecco la zona toilette organizzata in due locali indipendenti. Grazie a due porte scorrevoli \u00e8 possibile isolarla completamente creando un unico grande ambiente passante con armadi guardaroba incorporati.<\/p>\n<p><img loading=\"lazy\" class=\"aligncenter size-full wp-image-322922\" src=\"https:\/\/www.camperonline.it\/magazine\/wp-content\/uploads\/2021\/09\/DSC_1816_00017.jpg\" alt=\"\" width=\"630\" height=\"418\" srcset=\"https:\/\/www.camperonline.it\/magazine\/wp-content\/uploads\/2021\/09\/DSC_1816_00017.jpg 630w, https:\/\/www.camperonline.it\/magazine\/wp-content\/uploads\/2021\/09\/DSC_1816_00017-300x199.jpg 300w\" sizes=\"(max-width: 630px) 100vw, 630px\" \/><\/p>\n<p><img loading=\"lazy\" class=\"aligncenter size-full wp-image-322923\" src=\"https:\/\/www.camperonline.it\/magazine\/wp-content\/uploads\/2021\/09\/DSC_0410_00005.jpg\" alt=\"\" width=\"630\" height=\"418\" srcset=\"https:\/\/www.camperonline.it\/magazine\/wp-content\/uploads\/2021\/09\/DSC_0410_00005.jpg 630w, https:\/\/www.camperonline.it\/magazine\/wp-content\/uploads\/2021\/09\/DSC_0410_00005-300x199.jpg 300w\" sizes=\"(max-width: 630px) 100vw, 630px\" \/><\/p>\n<p><img loading=\"lazy\" class=\"aligncenter size-full wp-image-322924\" src=\"https:\/\/www.camperonline.it\/magazine\/wp-content\/uploads\/2021\/09\/DSC_0411_00006-2.jpg\" alt=\"\" width=\"630\" height=\"471\" srcset=\"https:\/\/www.camperonline.it\/magazine\/wp-content\/uploads\/2021\/09\/DSC_0411_00006-2.jpg 630w, https:\/\/www.camperonline.it\/magazine\/wp-content\/uploads\/2021\/09\/DSC_0411_00006-2-300x224.jpg 300w\" sizes=\"(max-width: 630px) 100vw, 630px\" \/><\/p>\n<p>La gamma di furgonati si arricchisce invece del nuovo <strong>V 633 M<\/strong>, un van allestito a partire dalla base meccanica del Fiat Ducato con lunghezza pari a 636 cm e tetto alto originale H3. Il suo tratto saliente risiede nell\u2019organizzazione della zona posteriore dell\u2019abitacolo, dove \u00e8 stato ricavato un vero e proprio gavone garage a volume variabile grazie all\u2019adozione di un matrimoniale longitudinale basculante a movimentazione elettrica.<\/p>\n<p><img loading=\"lazy\" class=\"aligncenter size-full wp-image-322925\" src=\"https:\/\/www.camperonline.it\/magazine\/wp-content\/uploads\/2021\/09\/DSC_1768_00019.jpg\" alt=\"\" width=\"630\" height=\"418\" srcset=\"https:\/\/www.camperonline.it\/magazine\/wp-content\/uploads\/2021\/09\/DSC_1768_00019.jpg 630w, https:\/\/www.camperonline.it\/magazine\/wp-content\/uploads\/2021\/09\/DSC_1768_00019-300x199.jpg 300w\" sizes=\"(max-width: 630px) 100vw, 630px\" \/><\/p>\n<p><img loading=\"lazy\" class=\"aligncenter size-full wp-image-322926\" src=\"https:\/\/www.camperonline.it\/magazine\/wp-content\/uploads\/2021\/09\/DSC_1770_00020.jpg\" alt=\"\" width=\"630\" height=\"418\" srcset=\"https:\/\/www.camperonline.it\/magazine\/wp-content\/uploads\/2021\/09\/DSC_1770_00020.jpg 630w, https:\/\/www.camperonline.it\/magazine\/wp-content\/uploads\/2021\/09\/DSC_1770_00020-300x199.jpg 300w\" sizes=\"(max-width: 630px) 100vw, 630px\" \/><\/p>\n<p><img loading=\"lazy\" class=\"aligncenter size-full wp-image-322927\" src=\"https:\/\/www.camperonline.it\/magazine\/wp-content\/uploads\/2021\/09\/DSC_1792_00030.jpg\" alt=\"\" width=\"630\" height=\"418\" srcset=\"https:\/\/www.camperonline.it\/magazine\/wp-content\/uploads\/2021\/09\/DSC_1792_00030.jpg 630w, https:\/\/www.camperonline.it\/magazine\/wp-content\/uploads\/2021\/09\/DSC_1792_00030-300x199.jpg 300w\" sizes=\"(max-width: 630px) 100vw, 630px\" \/><\/p>\n<p>Sfruttando per\u00f2 l\u2019altezza maggiorata della carrozzeria di partenza, il letto pu\u00f2 essere collocato in due posizioni principali in funzione della necessit\u00e0 di carico sottostante, entrambe servite da una finestra dedicata. Il gavone \u00e8 inoltre organizzato con numerosi vani e armadietti destinati allo stivaggio.<\/p>\n<p><img loading=\"lazy\" class=\"aligncenter size-full wp-image-322928\" src=\"https:\/\/www.camperonline.it\/magazine\/wp-content\/uploads\/2021\/09\/DSC_1795_00031.jpg\" alt=\"\" width=\"630\" height=\"418\" srcset=\"https:\/\/www.camperonline.it\/magazine\/wp-content\/uploads\/2021\/09\/DSC_1795_00031.jpg 630w, https:\/\/www.camperonline.it\/magazine\/wp-content\/uploads\/2021\/09\/DSC_1795_00031-300x199.jpg 300w\" sizes=\"(max-width: 630px) 100vw, 630px\" \/><\/p>\n<p>Salendo a bordo si nota un\u2019altra particolarit\u00e0 di questo modello, il taglio del padiglione anteriore anche in un van realizzato a partire dalla versione con tetto alto originale del Fiat Ducato, a tutto vantaggio di una zona giorno pi\u00f9 ariosa. Si segnala infine l\u2019adozione di un locale bagno caratterizzato da un wc scorrevole a scomparsa e da un lavandino a ribalta, che consentono cos\u00ec la creazione di un comodo box doccia.<\/p>\n<p><img loading=\"lazy\" class=\"aligncenter size-full wp-image-322929\" src=\"https:\/\/www.camperonline.it\/magazine\/wp-content\/uploads\/2021\/09\/DSC_1772_00021.jpg\" alt=\"\" width=\"630\" height=\"418\" srcset=\"https:\/\/www.camperonline.it\/magazine\/wp-content\/uploads\/2021\/09\/DSC_1772_00021.jpg 630w, https:\/\/www.camperonline.it\/magazine\/wp-content\/uploads\/2021\/09\/DSC_1772_00021-300x199.jpg 300w\" sizes=\"(max-width: 630px) 100vw, 630px\" \/><\/p>\n<p><img loading=\"lazy\" class=\"aligncenter size-full wp-image-322930\" src=\"https:\/\/www.camperonline.it\/magazine\/wp-content\/uploads\/2021\/09\/DSC_1774_00022.jpg\" alt=\"\" width=\"630\" height=\"418\" srcset=\"https:\/\/www.camperonline.it\/magazine\/wp-content\/uploads\/2021\/09\/DSC_1774_00022.jpg 630w, https:\/\/www.camperonline.it\/magazine\/wp-content\/uploads\/2021\/09\/DSC_1774_00022-300x199.jpg 300w\" sizes=\"(max-width: 630px) 100vw, 630px\" \/><\/p>\n<p><img loading=\"lazy\" class=\"aligncenter size-full wp-image-322931\" src=\"https:\/\/www.camperonline.it\/magazine\/wp-content\/uploads\/2021\/09\/DSC_1785_00026.jpg\" alt=\"\" width=\"630\" height=\"418\" srcset=\"https:\/\/www.camperonline.it\/magazine\/wp-content\/uploads\/2021\/09\/DSC_1785_00026.jpg 630w, https:\/\/www.camperonline.it\/magazine\/wp-content\/uploads\/2021\/09\/DSC_1785_00026-300x199.jpg 300w\" sizes=\"(max-width: 630px) 100vw, 630px\" \/><\/p>\n<h3>Fotogallery<\/h3>\n<!-- default-view.php -->\n<div\n\tclass=\"ngg-galleryoverview default-view  ngg-ajax-pagination-none\"\n\tid=\"ngg-gallery-994ea212b1bb262d0721d0d3c1363dea-1\">\n\n\t\t<!-- Thumbnails -->\n\t\t\t\t<div id=\"ngg-image-0\" class=\"ngg-gallery-thumbnail-box ngg-5-columns\" >\n\t\t\t\t        <div class=\"ngg-gallery-thumbnail\">\n            <a href=\"https:\/\/www.camperonline.it\/magazine\/wp-content\/gallery\/caravan-salon-2021-pilote\/DSC_1768_00019.jpg\"\n               title=\"\"\n               data-src=\"https:\/\/www.camperonline.it\/magazine\/wp-content\/gallery\/caravan-salon-2021-pilote\/DSC_1768_00019.jpg\"\n               data-thumbnail=\"https:\/\/www.camperonline.it\/magazine\/wp-content\/gallery\/caravan-salon-2021-pilote\/thumbs\/thumbs_DSC_1768_00019.jpg\"\n               data-image-id=\"123397\"\n               data-title=\"DSC_1768_00019\"\n               data-description=\"\"\n               data-image-slug=\"dsc_1768_00019\"\n               class=\"ngg-fancybox\" rel=\"994ea212b1bb262d0721d0d3c1363dea\">\n                <img\n                    title=\"DSC_1768_00019\"\n                    alt=\"DSC_1768_00019\"\n                    src=\"https:\/\/www.camperonline.it\/magazine\/wp-content\/gallery\/caravan-salon-2021-pilote\/thumbs\/thumbs_DSC_1768_00019.jpg\"\n                    width=\"240\"\n                    height=\"160\"\n                    style=\"max-width:100%;\"\n                \/>\n            <\/a>\n        <\/div>\n\t\t\t\t\t\t\t<\/div> \n\t\t\t\n\t\t\t\t<div id=\"ngg-image-1\" class=\"ngg-gallery-thumbnail-box ngg-5-columns\" >\n\t\t\t\t        <div class=\"ngg-gallery-thumbnail\">\n            <a href=\"https:\/\/www.camperonline.it\/magazine\/wp-content\/gallery\/caravan-salon-2021-pilote\/DSC_1786_00027.jpg\"\n               title=\"\"\n               data-src=\"https:\/\/www.camperonline.it\/magazine\/wp-content\/gallery\/caravan-salon-2021-pilote\/DSC_1786_00027.jpg\"\n               data-thumbnail=\"https:\/\/www.camperonline.it\/magazine\/wp-content\/gallery\/caravan-salon-2021-pilote\/thumbs\/thumbs_DSC_1786_00027.jpg\"\n               data-image-id=\"123409\"\n               data-title=\"DSC_1786_00027\"\n               data-description=\"\"\n               data-image-slug=\"dsc_1786_00027\"\n               class=\"ngg-fancybox\" rel=\"994ea212b1bb262d0721d0d3c1363dea\">\n                <img\n                    title=\"DSC_1786_00027\"\n                    alt=\"DSC_1786_00027\"\n                    src=\"https:\/\/www.camperonline.it\/magazine\/wp-content\/gallery\/caravan-salon-2021-pilote\/thumbs\/thumbs_DSC_1786_00027.jpg\"\n                    width=\"240\"\n                    height=\"160\"\n                    style=\"max-width:100%;\"\n                \/>\n            <\/a>\n        <\/div>\n\t\t\t\t\t\t\t<\/div> \n\t\t\t\n\t\t\t\t<div id=\"ngg-image-2\" class=\"ngg-gallery-thumbnail-box ngg-5-columns\" >\n\t\t\t\t        <div class=\"ngg-gallery-thumbnail\">\n            <a href=\"https:\/\/www.camperonline.it\/magazine\/wp-content\/gallery\/caravan-salon-2021-pilote\/DSC_1785_00026.jpg\"\n               title=\"\"\n               data-src=\"https:\/\/www.camperonline.it\/magazine\/wp-content\/gallery\/caravan-salon-2021-pilote\/DSC_1785_00026.jpg\"\n               data-thumbnail=\"https:\/\/www.camperonline.it\/magazine\/wp-content\/gallery\/caravan-salon-2021-pilote\/thumbs\/thumbs_DSC_1785_00026.jpg\"\n               data-image-id=\"123408\"\n               data-title=\"DSC_1785_00026\"\n               data-description=\"\"\n               data-image-slug=\"dsc_1785_00026\"\n               class=\"ngg-fancybox\" rel=\"994ea212b1bb262d0721d0d3c1363dea\">\n                <img\n                    title=\"DSC_1785_00026\"\n                    alt=\"DSC_1785_00026\"\n                    src=\"https:\/\/www.camperonline.it\/magazine\/wp-content\/gallery\/caravan-salon-2021-pilote\/thumbs\/thumbs_DSC_1785_00026.jpg\"\n                    width=\"240\"\n                    height=\"160\"\n                    style=\"max-width:100%;\"\n                \/>\n            <\/a>\n        <\/div>\n\t\t\t\t\t\t\t<\/div> \n\t\t\t\n\t\t\t\t<div id=\"ngg-image-3\" class=\"ngg-gallery-thumbnail-box ngg-5-columns\" >\n\t\t\t\t        <div class=\"ngg-gallery-thumbnail\">\n            <a href=\"https:\/\/www.camperonline.it\/magazine\/wp-content\/gallery\/caravan-salon-2021-pilote\/DSC_1783_00025.jpg\"\n               title=\"\"\n               data-src=\"https:\/\/www.camperonline.it\/magazine\/wp-content\/gallery\/caravan-salon-2021-pilote\/DSC_1783_00025.jpg\"\n               data-thumbnail=\"https:\/\/www.camperonline.it\/magazine\/wp-content\/gallery\/caravan-salon-2021-pilote\/thumbs\/thumbs_DSC_1783_00025.jpg\"\n               data-image-id=\"123407\"\n               data-title=\"DSC_1783_00025\"\n               data-description=\"\"\n               data-image-slug=\"dsc_1783_00025\"\n               class=\"ngg-fancybox\" rel=\"994ea212b1bb262d0721d0d3c1363dea\">\n                <img\n                    title=\"DSC_1783_00025\"\n                    alt=\"DSC_1783_00025\"\n                    src=\"https:\/\/www.camperonline.it\/magazine\/wp-content\/gallery\/caravan-salon-2021-pilote\/thumbs\/thumbs_DSC_1783_00025.jpg\"\n                    width=\"240\"\n                    height=\"160\"\n                    style=\"max-width:100%;\"\n                \/>\n            <\/a>\n        <\/div>\n\t\t\t\t\t\t\t<\/div> \n\t\t\t\n\t\t\t\t<div id=\"ngg-image-4\" class=\"ngg-gallery-thumbnail-box ngg-5-columns\" >\n\t\t\t\t        <div class=\"ngg-gallery-thumbnail\">\n            <a href=\"https:\/\/www.camperonline.it\/magazine\/wp-content\/gallery\/caravan-salon-2021-pilote\/DSC_1779_00024.jpg\"\n               title=\"\"\n               data-src=\"https:\/\/www.camperonline.it\/magazine\/wp-content\/gallery\/caravan-salon-2021-pilote\/DSC_1779_00024.jpg\"\n               data-thumbnail=\"https:\/\/www.camperonline.it\/magazine\/wp-content\/gallery\/caravan-salon-2021-pilote\/thumbs\/thumbs_DSC_1779_00024.jpg\"\n               data-image-id=\"123406\"\n               data-title=\"DSC_1779_00024\"\n               data-description=\"\"\n               data-image-slug=\"dsc_1779_00024\"\n               class=\"ngg-fancybox\" rel=\"994ea212b1bb262d0721d0d3c1363dea\">\n                <img\n                    title=\"DSC_1779_00024\"\n                    alt=\"DSC_1779_00024\"\n                    src=\"https:\/\/www.camperonline.it\/magazine\/wp-content\/gallery\/caravan-salon-2021-pilote\/thumbs\/thumbs_DSC_1779_00024.jpg\"\n                    width=\"240\"\n                    height=\"160\"\n                    style=\"max-width:100%;\"\n                \/>\n            <\/a>\n        <\/div>\n\t\t\t\t\t\t\t<\/div> \n\t\t\t\n\t\t\t\t<div id=\"ngg-image-5\" class=\"ngg-gallery-thumbnail-box ngg-5-columns\" >\n\t\t\t\t        <div class=\"ngg-gallery-thumbnail\">\n            <a href=\"https:\/\/www.camperonline.it\/magazine\/wp-content\/gallery\/caravan-salon-2021-pilote\/DSC_1776_00023.jpg\"\n               title=\"\"\n               data-src=\"https:\/\/www.camperonline.it\/magazine\/wp-content\/gallery\/caravan-salon-2021-pilote\/DSC_1776_00023.jpg\"\n               data-thumbnail=\"https:\/\/www.camperonline.it\/magazine\/wp-content\/gallery\/caravan-salon-2021-pilote\/thumbs\/thumbs_DSC_1776_00023.jpg\"\n               data-image-id=\"123405\"\n               data-title=\"DSC_1776_00023\"\n               data-description=\"\"\n               data-image-slug=\"dsc_1776_00023\"\n               class=\"ngg-fancybox\" rel=\"994ea212b1bb262d0721d0d3c1363dea\">\n                <img\n                    title=\"DSC_1776_00023\"\n                    alt=\"DSC_1776_00023\"\n                    src=\"https:\/\/www.camperonline.it\/magazine\/wp-content\/gallery\/caravan-salon-2021-pilote\/thumbs\/thumbs_DSC_1776_00023.jpg\"\n                    width=\"240\"\n                    height=\"160\"\n                    style=\"max-width:100%;\"\n                \/>\n            <\/a>\n        <\/div>\n\t\t\t\t\t\t\t<\/div> \n\t\t\t\n\t\t\t\t<div id=\"ngg-image-6\" class=\"ngg-gallery-thumbnail-box ngg-5-columns\" >\n\t\t\t\t        <div class=\"ngg-gallery-thumbnail\">\n            <a href=\"https:\/\/www.camperonline.it\/magazine\/wp-content\/gallery\/caravan-salon-2021-pilote\/DSC_1789_00028.jpg\"\n               title=\"\"\n               data-src=\"https:\/\/www.camperonline.it\/magazine\/wp-content\/gallery\/caravan-salon-2021-pilote\/DSC_1789_00028.jpg\"\n               data-thumbnail=\"https:\/\/www.camperonline.it\/magazine\/wp-content\/gallery\/caravan-salon-2021-pilote\/thumbs\/thumbs_DSC_1789_00028.jpg\"\n               data-image-id=\"123404\"\n               data-title=\"DSC_1789_00028\"\n               data-description=\"\"\n               data-image-slug=\"dsc_1789_00028\"\n               class=\"ngg-fancybox\" rel=\"994ea212b1bb262d0721d0d3c1363dea\">\n                <img\n                    title=\"DSC_1789_00028\"\n                    alt=\"DSC_1789_00028\"\n                    src=\"https:\/\/www.camperonline.it\/magazine\/wp-content\/gallery\/caravan-salon-2021-pilote\/thumbs\/thumbs_DSC_1789_00028.jpg\"\n                    width=\"240\"\n                    height=\"160\"\n                    style=\"max-width:100%;\"\n                \/>\n            <\/a>\n        <\/div>\n\t\t\t\t\t\t\t<\/div> \n\t\t\t\n\t\t\t\t<div id=\"ngg-image-7\" class=\"ngg-gallery-thumbnail-box ngg-5-columns\" >\n\t\t\t\t        <div class=\"ngg-gallery-thumbnail\">\n            <a href=\"https:\/\/www.camperonline.it\/magazine\/wp-content\/gallery\/caravan-salon-2021-pilote\/DSC_1774_00022.jpg\"\n               title=\"\"\n               data-src=\"https:\/\/www.camperonline.it\/magazine\/wp-content\/gallery\/caravan-salon-2021-pilote\/DSC_1774_00022.jpg\"\n               data-thumbnail=\"https:\/\/www.camperonline.it\/magazine\/wp-content\/gallery\/caravan-salon-2021-pilote\/thumbs\/thumbs_DSC_1774_00022.jpg\"\n               data-image-id=\"123403\"\n               data-title=\"DSC_1774_00022\"\n               data-description=\"\"\n               data-image-slug=\"dsc_1774_00022\"\n               class=\"ngg-fancybox\" rel=\"994ea212b1bb262d0721d0d3c1363dea\">\n                <img\n                    title=\"DSC_1774_00022\"\n                    alt=\"DSC_1774_00022\"\n                    src=\"https:\/\/www.camperonline.it\/magazine\/wp-content\/gallery\/caravan-salon-2021-pilote\/thumbs\/thumbs_DSC_1774_00022.jpg\"\n                    width=\"240\"\n                    height=\"160\"\n                    style=\"max-width:100%;\"\n                \/>\n            <\/a>\n        <\/div>\n\t\t\t\t\t\t\t<\/div> \n\t\t\t\n\t\t\t\t<div id=\"ngg-image-8\" class=\"ngg-gallery-thumbnail-box ngg-5-columns\" >\n\t\t\t\t        <div class=\"ngg-gallery-thumbnail\">\n            <a href=\"https:\/\/www.camperonline.it\/magazine\/wp-content\/gallery\/caravan-salon-2021-pilote\/DSC_1772_00021.jpg\"\n               title=\"\"\n               data-src=\"https:\/\/www.camperonline.it\/magazine\/wp-content\/gallery\/caravan-salon-2021-pilote\/DSC_1772_00021.jpg\"\n               data-thumbnail=\"https:\/\/www.camperonline.it\/magazine\/wp-content\/gallery\/caravan-salon-2021-pilote\/thumbs\/thumbs_DSC_1772_00021.jpg\"\n               data-image-id=\"123402\"\n               data-title=\"DSC_1772_00021\"\n               data-description=\"\"\n               data-image-slug=\"dsc_1772_00021\"\n               class=\"ngg-fancybox\" rel=\"994ea212b1bb262d0721d0d3c1363dea\">\n                <img\n                    title=\"DSC_1772_00021\"\n                    alt=\"DSC_1772_00021\"\n                    src=\"https:\/\/www.camperonline.it\/magazine\/wp-content\/gallery\/caravan-salon-2021-pilote\/thumbs\/thumbs_DSC_1772_00021.jpg\"\n                    width=\"240\"\n                    height=\"160\"\n                    style=\"max-width:100%;\"\n                \/>\n            <\/a>\n        <\/div>\n\t\t\t\t\t\t\t<\/div> \n\t\t\t\n\t\t\t\t<div id=\"ngg-image-9\" class=\"ngg-gallery-thumbnail-box ngg-5-columns\" >\n\t\t\t\t        <div class=\"ngg-gallery-thumbnail\">\n            <a href=\"https:\/\/www.camperonline.it\/magazine\/wp-content\/gallery\/caravan-salon-2021-pilote\/DSC_1797_00032.jpg\"\n               title=\"\"\n               data-src=\"https:\/\/www.camperonline.it\/magazine\/wp-content\/gallery\/caravan-salon-2021-pilote\/DSC_1797_00032.jpg\"\n               data-thumbnail=\"https:\/\/www.camperonline.it\/magazine\/wp-content\/gallery\/caravan-salon-2021-pilote\/thumbs\/thumbs_DSC_1797_00032.jpg\"\n               data-image-id=\"123401\"\n               data-title=\"DSC_1797_00032\"\n               data-description=\"\"\n               data-image-slug=\"dsc_1797_00032\"\n               class=\"ngg-fancybox\" rel=\"994ea212b1bb262d0721d0d3c1363dea\">\n                <img\n                    title=\"DSC_1797_00032\"\n                    alt=\"DSC_1797_00032\"\n                    src=\"https:\/\/www.camperonline.it\/magazine\/wp-content\/gallery\/caravan-salon-2021-pilote\/thumbs\/thumbs_DSC_1797_00032.jpg\"\n                    width=\"240\"\n                    height=\"160\"\n                    style=\"max-width:100%;\"\n                \/>\n            <\/a>\n        <\/div>\n\t\t\t\t\t\t\t<\/div> \n\t\t\t\n\t\t\t\t<div id=\"ngg-image-10\" class=\"ngg-gallery-thumbnail-box ngg-5-columns\" >\n\t\t\t\t        <div class=\"ngg-gallery-thumbnail\">\n            <a href=\"https:\/\/www.camperonline.it\/magazine\/wp-content\/gallery\/caravan-salon-2021-pilote\/DSC_1795_00031.jpg\"\n               title=\"\"\n               data-src=\"https:\/\/www.camperonline.it\/magazine\/wp-content\/gallery\/caravan-salon-2021-pilote\/DSC_1795_00031.jpg\"\n               data-thumbnail=\"https:\/\/www.camperonline.it\/magazine\/wp-content\/gallery\/caravan-salon-2021-pilote\/thumbs\/thumbs_DSC_1795_00031.jpg\"\n               data-image-id=\"123400\"\n               data-title=\"DSC_1795_00031\"\n               data-description=\"\"\n               data-image-slug=\"dsc_1795_00031\"\n               class=\"ngg-fancybox\" rel=\"994ea212b1bb262d0721d0d3c1363dea\">\n                <img\n                    title=\"DSC_1795_00031\"\n                    alt=\"DSC_1795_00031\"\n                    src=\"https:\/\/www.camperonline.it\/magazine\/wp-content\/gallery\/caravan-salon-2021-pilote\/thumbs\/thumbs_DSC_1795_00031.jpg\"\n                    width=\"240\"\n                    height=\"160\"\n                    style=\"max-width:100%;\"\n                \/>\n            <\/a>\n        <\/div>\n\t\t\t\t\t\t\t<\/div> \n\t\t\t\n\t\t\t\t<div id=\"ngg-image-11\" class=\"ngg-gallery-thumbnail-box ngg-5-columns\" >\n\t\t\t\t        <div class=\"ngg-gallery-thumbnail\">\n            <a href=\"https:\/\/www.camperonline.it\/magazine\/wp-content\/gallery\/caravan-salon-2021-pilote\/DSC_1792_00030.jpg\"\n               title=\"\"\n               data-src=\"https:\/\/www.camperonline.it\/magazine\/wp-content\/gallery\/caravan-salon-2021-pilote\/DSC_1792_00030.jpg\"\n               data-thumbnail=\"https:\/\/www.camperonline.it\/magazine\/wp-content\/gallery\/caravan-salon-2021-pilote\/thumbs\/thumbs_DSC_1792_00030.jpg\"\n               data-image-id=\"123399\"\n               data-title=\"DSC_1792_00030\"\n               data-description=\"\"\n               data-image-slug=\"dsc_1792_00030\"\n               class=\"ngg-fancybox\" rel=\"994ea212b1bb262d0721d0d3c1363dea\">\n                <img\n                    title=\"DSC_1792_00030\"\n                    alt=\"DSC_1792_00030\"\n                    src=\"https:\/\/www.camperonline.it\/magazine\/wp-content\/gallery\/caravan-salon-2021-pilote\/thumbs\/thumbs_DSC_1792_00030.jpg\"\n                    width=\"240\"\n                    height=\"160\"\n                    style=\"max-width:100%;\"\n                \/>\n            <\/a>\n        <\/div>\n\t\t\t\t\t\t\t<\/div> \n\t\t\t\n\t\t\t\t<div id=\"ngg-image-12\" class=\"ngg-gallery-thumbnail-box ngg-5-columns\" >\n\t\t\t\t        <div class=\"ngg-gallery-thumbnail\">\n            <a href=\"https:\/\/www.camperonline.it\/magazine\/wp-content\/gallery\/caravan-salon-2021-pilote\/DSC_1770_00020.jpg\"\n               title=\"\"\n               data-src=\"https:\/\/www.camperonline.it\/magazine\/wp-content\/gallery\/caravan-salon-2021-pilote\/DSC_1770_00020.jpg\"\n               data-thumbnail=\"https:\/\/www.camperonline.it\/magazine\/wp-content\/gallery\/caravan-salon-2021-pilote\/thumbs\/thumbs_DSC_1770_00020.jpg\"\n               data-image-id=\"123398\"\n               data-title=\"DSC_1770_00020\"\n               data-description=\"\"\n               data-image-slug=\"dsc_1770_00020\"\n               class=\"ngg-fancybox\" rel=\"994ea212b1bb262d0721d0d3c1363dea\">\n                <img\n                    title=\"DSC_1770_00020\"\n                    alt=\"DSC_1770_00020\"\n                    src=\"https:\/\/www.camperonline.it\/magazine\/wp-content\/gallery\/caravan-salon-2021-pilote\/thumbs\/thumbs_DSC_1770_00020.jpg\"\n                    width=\"240\"\n                    height=\"160\"\n                    style=\"max-width:100%;\"\n                \/>\n            <\/a>\n        <\/div>\n\t\t\t\t\t\t\t<\/div> \n\t\t\t\n\t\t\t\t<div id=\"ngg-image-13\" class=\"ngg-gallery-thumbnail-box ngg-5-columns\" >\n\t\t\t\t        <div class=\"ngg-gallery-thumbnail\">\n            <a href=\"https:\/\/www.camperonline.it\/magazine\/wp-content\/gallery\/caravan-salon-2021-pilote\/DSC_1804_00012.jpg\"\n               title=\"\"\n               data-src=\"https:\/\/www.camperonline.it\/magazine\/wp-content\/gallery\/caravan-salon-2021-pilote\/DSC_1804_00012.jpg\"\n               data-thumbnail=\"https:\/\/www.camperonline.it\/magazine\/wp-content\/gallery\/caravan-salon-2021-pilote\/thumbs\/thumbs_DSC_1804_00012.jpg\"\n               data-image-id=\"123384\"\n               data-title=\"DSC_1804_00012\"\n               data-description=\"\"\n               data-image-slug=\"dsc_1804_00012\"\n               class=\"ngg-fancybox\" rel=\"994ea212b1bb262d0721d0d3c1363dea\">\n                <img\n                    title=\"DSC_1804_00012\"\n                    alt=\"DSC_1804_00012\"\n                    src=\"https:\/\/www.camperonline.it\/magazine\/wp-content\/gallery\/caravan-salon-2021-pilote\/thumbs\/thumbs_DSC_1804_00012.jpg\"\n                    width=\"240\"\n                    height=\"160\"\n                    style=\"max-width:100%;\"\n                \/>\n            <\/a>\n        <\/div>\n\t\t\t\t\t\t\t<\/div> \n\t\t\t\n\t\t\t\t<div id=\"ngg-image-14\" class=\"ngg-gallery-thumbnail-box ngg-5-columns\" >\n\t\t\t\t        <div class=\"ngg-gallery-thumbnail\">\n            <a href=\"https:\/\/www.camperonline.it\/magazine\/wp-content\/gallery\/caravan-salon-2021-pilote\/DSC_0411_00006-2.jpg\"\n               title=\"\"\n               data-src=\"https:\/\/www.camperonline.it\/magazine\/wp-content\/gallery\/caravan-salon-2021-pilote\/DSC_0411_00006-2.jpg\"\n               data-thumbnail=\"https:\/\/www.camperonline.it\/magazine\/wp-content\/gallery\/caravan-salon-2021-pilote\/thumbs\/thumbs_DSC_0411_00006-2.jpg\"\n               data-image-id=\"123396\"\n               data-title=\"DSC_0411_00006-2\"\n               data-description=\"\"\n               data-image-slug=\"dsc_0411_00006-2\"\n               class=\"ngg-fancybox\" rel=\"994ea212b1bb262d0721d0d3c1363dea\">\n                <img\n                    title=\"DSC_0411_00006-2\"\n                    alt=\"DSC_0411_00006-2\"\n                    src=\"https:\/\/www.camperonline.it\/magazine\/wp-content\/gallery\/caravan-salon-2021-pilote\/thumbs\/thumbs_DSC_0411_00006-2.jpg\"\n                    width=\"240\"\n                    height=\"160\"\n                    style=\"max-width:100%;\"\n                \/>\n            <\/a>\n        <\/div>\n\t\t\t\t\t\t\t<\/div> \n\t\t\t\n\t\t\t\t<div id=\"ngg-image-15\" class=\"ngg-gallery-thumbnail-box ngg-5-columns\" >\n\t\t\t\t        <div class=\"ngg-gallery-thumbnail\">\n            <a href=\"https:\/\/www.camperonline.it\/magazine\/wp-content\/gallery\/caravan-salon-2021-pilote\/DSC_0410_00005.jpg\"\n               title=\"\"\n               data-src=\"https:\/\/www.camperonline.it\/magazine\/wp-content\/gallery\/caravan-salon-2021-pilote\/DSC_0410_00005.jpg\"\n               data-thumbnail=\"https:\/\/www.camperonline.it\/magazine\/wp-content\/gallery\/caravan-salon-2021-pilote\/thumbs\/thumbs_DSC_0410_00005.jpg\"\n               data-image-id=\"123395\"\n               data-title=\"DSC_0410_00005\"\n               data-description=\"\"\n               data-image-slug=\"dsc_0410_00005\"\n               class=\"ngg-fancybox\" rel=\"994ea212b1bb262d0721d0d3c1363dea\">\n                <img\n                    title=\"DSC_0410_00005\"\n                    alt=\"DSC_0410_00005\"\n                    src=\"https:\/\/www.camperonline.it\/magazine\/wp-content\/gallery\/caravan-salon-2021-pilote\/thumbs\/thumbs_DSC_0410_00005.jpg\"\n                    width=\"240\"\n                    height=\"160\"\n                    style=\"max-width:100%;\"\n                \/>\n            <\/a>\n        <\/div>\n\t\t\t\t\t\t\t<\/div> \n\t\t\t\n\t\t\t\t<div id=\"ngg-image-16\" class=\"ngg-gallery-thumbnail-box ngg-5-columns\" >\n\t\t\t\t        <div class=\"ngg-gallery-thumbnail\">\n            <a href=\"https:\/\/www.camperonline.it\/magazine\/wp-content\/gallery\/caravan-salon-2021-pilote\/DSC_0403_00002.jpg\"\n               title=\"\"\n               data-src=\"https:\/\/www.camperonline.it\/magazine\/wp-content\/gallery\/caravan-salon-2021-pilote\/DSC_0403_00002.jpg\"\n               data-thumbnail=\"https:\/\/www.camperonline.it\/magazine\/wp-content\/gallery\/caravan-salon-2021-pilote\/thumbs\/thumbs_DSC_0403_00002.jpg\"\n               data-image-id=\"123394\"\n               data-title=\"DSC_0403_00002\"\n               data-description=\"\"\n               data-image-slug=\"dsc_0403_00002\"\n               class=\"ngg-fancybox\" rel=\"994ea212b1bb262d0721d0d3c1363dea\">\n                <img\n                    title=\"DSC_0403_00002\"\n                    alt=\"DSC_0403_00002\"\n                    src=\"https:\/\/www.camperonline.it\/magazine\/wp-content\/gallery\/caravan-salon-2021-pilote\/thumbs\/thumbs_DSC_0403_00002.jpg\"\n                    width=\"240\"\n                    height=\"160\"\n                    style=\"max-width:100%;\"\n                \/>\n            <\/a>\n        <\/div>\n\t\t\t\t\t\t\t<\/div> \n\t\t\t\n\t\t\t\t<div id=\"ngg-image-17\" class=\"ngg-gallery-thumbnail-box ngg-5-columns\" >\n\t\t\t\t        <div class=\"ngg-gallery-thumbnail\">\n            <a href=\"https:\/\/www.camperonline.it\/magazine\/wp-content\/gallery\/caravan-salon-2021-pilote\/DSC_0418_00009-2.jpg\"\n               title=\"\"\n               data-src=\"https:\/\/www.camperonline.it\/magazine\/wp-content\/gallery\/caravan-salon-2021-pilote\/DSC_0418_00009-2.jpg\"\n               data-thumbnail=\"https:\/\/www.camperonline.it\/magazine\/wp-content\/gallery\/caravan-salon-2021-pilote\/thumbs\/thumbs_DSC_0418_00009-2.jpg\"\n               data-image-id=\"123393\"\n               data-title=\"DSC_0418_00009-2\"\n               data-description=\"\"\n               data-image-slug=\"dsc_0418_00009-2\"\n               class=\"ngg-fancybox\" rel=\"994ea212b1bb262d0721d0d3c1363dea\">\n                <img\n                    title=\"DSC_0418_00009-2\"\n                    alt=\"DSC_0418_00009-2\"\n                    src=\"https:\/\/www.camperonline.it\/magazine\/wp-content\/gallery\/caravan-salon-2021-pilote\/thumbs\/thumbs_DSC_0418_00009-2.jpg\"\n                    width=\"240\"\n                    height=\"160\"\n                    style=\"max-width:100%;\"\n                \/>\n            <\/a>\n        <\/div>\n\t\t\t\t\t\t\t<\/div> \n\t\t\t\n\t\t\t\t<div id=\"ngg-image-18\" class=\"ngg-gallery-thumbnail-box ngg-5-columns\" >\n\t\t\t\t        <div class=\"ngg-gallery-thumbnail\">\n            <a href=\"https:\/\/www.camperonline.it\/magazine\/wp-content\/gallery\/caravan-salon-2021-pilote\/DSC_1816_00017.jpg\"\n               title=\"\"\n               data-src=\"https:\/\/www.camperonline.it\/magazine\/wp-content\/gallery\/caravan-salon-2021-pilote\/DSC_1816_00017.jpg\"\n               data-thumbnail=\"https:\/\/www.camperonline.it\/magazine\/wp-content\/gallery\/caravan-salon-2021-pilote\/thumbs\/thumbs_DSC_1816_00017.jpg\"\n               data-image-id=\"123392\"\n               data-title=\"DSC_1816_00017\"\n               data-description=\"\"\n               data-image-slug=\"dsc_1816_00017\"\n               class=\"ngg-fancybox\" rel=\"994ea212b1bb262d0721d0d3c1363dea\">\n                <img\n                    title=\"DSC_1816_00017\"\n                    alt=\"DSC_1816_00017\"\n                    src=\"https:\/\/www.camperonline.it\/magazine\/wp-content\/gallery\/caravan-salon-2021-pilote\/thumbs\/thumbs_DSC_1816_00017.jpg\"\n                    width=\"240\"\n                    height=\"160\"\n                    style=\"max-width:100%;\"\n                \/>\n            <\/a>\n        <\/div>\n\t\t\t\t\t\t\t<\/div> \n\t\t\t\n\t\t\t\t<div id=\"ngg-image-19\" class=\"ngg-gallery-thumbnail-box ngg-5-columns\" >\n\t\t\t\t        <div class=\"ngg-gallery-thumbnail\">\n            <a href=\"https:\/\/www.camperonline.it\/magazine\/wp-content\/gallery\/caravan-salon-2021-pilote\/DSC_0402_00001.jpg\"\n               title=\"\"\n               data-src=\"https:\/\/www.camperonline.it\/magazine\/wp-content\/gallery\/caravan-salon-2021-pilote\/DSC_0402_00001.jpg\"\n               data-thumbnail=\"https:\/\/www.camperonline.it\/magazine\/wp-content\/gallery\/caravan-salon-2021-pilote\/thumbs\/thumbs_DSC_0402_00001.jpg\"\n               data-image-id=\"123391\"\n               data-title=\"DSC_0402_00001\"\n               data-description=\"\"\n               data-image-slug=\"dsc_0402_00001\"\n               class=\"ngg-fancybox\" rel=\"994ea212b1bb262d0721d0d3c1363dea\">\n                <img\n                    title=\"DSC_0402_00001\"\n                    alt=\"DSC_0402_00001\"\n                    src=\"https:\/\/www.camperonline.it\/magazine\/wp-content\/gallery\/caravan-salon-2021-pilote\/thumbs\/thumbs_DSC_0402_00001.jpg\"\n                    width=\"240\"\n                    height=\"160\"\n                    style=\"max-width:100%;\"\n                \/>\n            <\/a>\n        <\/div>\n\t\t\t\t\t\t\t<\/div> \n\t\t\t\n\t\t\t\t<div id=\"ngg-image-20\" class=\"ngg-gallery-thumbnail-box ngg-5-columns\" >\n\t\t\t\t        <div class=\"ngg-gallery-thumbnail\">\n            <a href=\"https:\/\/www.camperonline.it\/magazine\/wp-content\/gallery\/caravan-salon-2021-pilote\/DSC_0420_00011.jpg\"\n               title=\"\"\n               data-src=\"https:\/\/www.camperonline.it\/magazine\/wp-content\/gallery\/caravan-salon-2021-pilote\/DSC_0420_00011.jpg\"\n               data-thumbnail=\"https:\/\/www.camperonline.it\/magazine\/wp-content\/gallery\/caravan-salon-2021-pilote\/thumbs\/thumbs_DSC_0420_00011.jpg\"\n               data-image-id=\"123390\"\n               data-title=\"DSC_0420_00011\"\n               data-description=\"\"\n               data-image-slug=\"dsc_0420_00011\"\n               class=\"ngg-fancybox\" rel=\"994ea212b1bb262d0721d0d3c1363dea\">\n                <img\n                    title=\"DSC_0420_00011\"\n                    alt=\"DSC_0420_00011\"\n                    src=\"https:\/\/www.camperonline.it\/magazine\/wp-content\/gallery\/caravan-salon-2021-pilote\/thumbs\/thumbs_DSC_0420_00011.jpg\"\n                    width=\"240\"\n                    height=\"160\"\n                    style=\"max-width:100%;\"\n                \/>\n            <\/a>\n        <\/div>\n\t\t\t\t\t\t\t<\/div> \n\t\t\t\n\t\t\t\t<div id=\"ngg-image-21\" class=\"ngg-gallery-thumbnail-box ngg-5-columns\" >\n\t\t\t\t        <div class=\"ngg-gallery-thumbnail\">\n            <a href=\"https:\/\/www.camperonline.it\/magazine\/wp-content\/gallery\/caravan-salon-2021-pilote\/DSC_1819_00018.jpg\"\n               title=\"\"\n               data-src=\"https:\/\/www.camperonline.it\/magazine\/wp-content\/gallery\/caravan-salon-2021-pilote\/DSC_1819_00018.jpg\"\n               data-thumbnail=\"https:\/\/www.camperonline.it\/magazine\/wp-content\/gallery\/caravan-salon-2021-pilote\/thumbs\/thumbs_DSC_1819_00018.jpg\"\n               data-image-id=\"123389\"\n               data-title=\"DSC_1819_00018\"\n               data-description=\"\"\n               data-image-slug=\"dsc_1819_00018\"\n               class=\"ngg-fancybox\" rel=\"994ea212b1bb262d0721d0d3c1363dea\">\n                <img\n                    title=\"DSC_1819_00018\"\n                    alt=\"DSC_1819_00018\"\n                    src=\"https:\/\/www.camperonline.it\/magazine\/wp-content\/gallery\/caravan-salon-2021-pilote\/thumbs\/thumbs_DSC_1819_00018.jpg\"\n                    width=\"240\"\n                    height=\"160\"\n                    style=\"max-width:100%;\"\n                \/>\n            <\/a>\n        <\/div>\n\t\t\t\t\t\t\t<\/div> \n\t\t\t\n\t\t\t\t<div id=\"ngg-image-22\" class=\"ngg-gallery-thumbnail-box ngg-5-columns\" >\n\t\t\t\t        <div class=\"ngg-gallery-thumbnail\">\n            <a href=\"https:\/\/www.camperonline.it\/magazine\/wp-content\/gallery\/caravan-salon-2021-pilote\/DSC_1814_00016.jpg\"\n               title=\"\"\n               data-src=\"https:\/\/www.camperonline.it\/magazine\/wp-content\/gallery\/caravan-salon-2021-pilote\/DSC_1814_00016.jpg\"\n               data-thumbnail=\"https:\/\/www.camperonline.it\/magazine\/wp-content\/gallery\/caravan-salon-2021-pilote\/thumbs\/thumbs_DSC_1814_00016.jpg\"\n               data-image-id=\"123388\"\n               data-title=\"DSC_1814_00016\"\n               data-description=\"\"\n               data-image-slug=\"dsc_1814_00016\"\n               class=\"ngg-fancybox\" rel=\"994ea212b1bb262d0721d0d3c1363dea\">\n                <img\n                    title=\"DSC_1814_00016\"\n                    alt=\"DSC_1814_00016\"\n                    src=\"https:\/\/www.camperonline.it\/magazine\/wp-content\/gallery\/caravan-salon-2021-pilote\/thumbs\/thumbs_DSC_1814_00016.jpg\"\n                    width=\"240\"\n                    height=\"160\"\n                    style=\"max-width:100%;\"\n                \/>\n            <\/a>\n        <\/div>\n\t\t\t\t\t\t\t<\/div> \n\t\t\t\n\t\t\t\t<div id=\"ngg-image-23\" class=\"ngg-gallery-thumbnail-box ngg-5-columns\" >\n\t\t\t\t        <div class=\"ngg-gallery-thumbnail\">\n            <a href=\"https:\/\/www.camperonline.it\/magazine\/wp-content\/gallery\/caravan-salon-2021-pilote\/DSC_1811_00015.jpg\"\n               title=\"\"\n               data-src=\"https:\/\/www.camperonline.it\/magazine\/wp-content\/gallery\/caravan-salon-2021-pilote\/DSC_1811_00015.jpg\"\n               data-thumbnail=\"https:\/\/www.camperonline.it\/magazine\/wp-content\/gallery\/caravan-salon-2021-pilote\/thumbs\/thumbs_DSC_1811_00015.jpg\"\n               data-image-id=\"123387\"\n               data-title=\"DSC_1811_00015\"\n               data-description=\"\"\n               data-image-slug=\"dsc_1811_00015\"\n               class=\"ngg-fancybox\" rel=\"994ea212b1bb262d0721d0d3c1363dea\">\n                <img\n                    title=\"DSC_1811_00015\"\n                    alt=\"DSC_1811_00015\"\n                    src=\"https:\/\/www.camperonline.it\/magazine\/wp-content\/gallery\/caravan-salon-2021-pilote\/thumbs\/thumbs_DSC_1811_00015.jpg\"\n                    width=\"240\"\n                    height=\"160\"\n                    style=\"max-width:100%;\"\n                \/>\n            <\/a>\n        <\/div>\n\t\t\t\t\t\t\t<\/div> \n\t\t\t\n\t\t\t\t<div id=\"ngg-image-24\" class=\"ngg-gallery-thumbnail-box ngg-5-columns\" >\n\t\t\t\t        <div class=\"ngg-gallery-thumbnail\">\n            <a href=\"https:\/\/www.camperonline.it\/magazine\/wp-content\/gallery\/caravan-salon-2021-pilote\/DSC_1809_00014.jpg\"\n               title=\"\"\n               data-src=\"https:\/\/www.camperonline.it\/magazine\/wp-content\/gallery\/caravan-salon-2021-pilote\/DSC_1809_00014.jpg\"\n               data-thumbnail=\"https:\/\/www.camperonline.it\/magazine\/wp-content\/gallery\/caravan-salon-2021-pilote\/thumbs\/thumbs_DSC_1809_00014.jpg\"\n               data-image-id=\"123386\"\n               data-title=\"DSC_1809_00014\"\n               data-description=\"\"\n               data-image-slug=\"dsc_1809_00014\"\n               class=\"ngg-fancybox\" rel=\"994ea212b1bb262d0721d0d3c1363dea\">\n                <img\n                    title=\"DSC_1809_00014\"\n                    alt=\"DSC_1809_00014\"\n                    src=\"https:\/\/www.camperonline.it\/magazine\/wp-content\/gallery\/caravan-salon-2021-pilote\/thumbs\/thumbs_DSC_1809_00014.jpg\"\n                    width=\"240\"\n                    height=\"160\"\n                    style=\"max-width:100%;\"\n                \/>\n            <\/a>\n        <\/div>\n\t\t\t\t\t\t\t<\/div> \n\t\t\t\n\t\t\t\t<div id=\"ngg-image-25\" class=\"ngg-gallery-thumbnail-box ngg-5-columns\" >\n\t\t\t\t        <div class=\"ngg-gallery-thumbnail\">\n            <a href=\"https:\/\/www.camperonline.it\/magazine\/wp-content\/gallery\/caravan-salon-2021-pilote\/DSC_1806_00013.jpg\"\n               title=\"\"\n               data-src=\"https:\/\/www.camperonline.it\/magazine\/wp-content\/gallery\/caravan-salon-2021-pilote\/DSC_1806_00013.jpg\"\n               data-thumbnail=\"https:\/\/www.camperonline.it\/magazine\/wp-content\/gallery\/caravan-salon-2021-pilote\/thumbs\/thumbs_DSC_1806_00013.jpg\"\n               data-image-id=\"123385\"\n               data-title=\"DSC_1806_00013\"\n               data-description=\"\"\n               data-image-slug=\"dsc_1806_00013\"\n               class=\"ngg-fancybox\" rel=\"994ea212b1bb262d0721d0d3c1363dea\">\n                <img\n                    title=\"DSC_1806_00013\"\n                    alt=\"DSC_1806_00013\"\n                    src=\"https:\/\/www.camperonline.it\/magazine\/wp-content\/gallery\/caravan-salon-2021-pilote\/thumbs\/thumbs_DSC_1806_00013.jpg\"\n                    width=\"240\"\n                    height=\"160\"\n                    style=\"max-width:100%;\"\n                \/>\n            <\/a>\n        <\/div>\n\t\t\t\t\t\t\t<\/div> \n\t\t\t\n\t\n\t<br style=\"clear: both\" \/>\n\n\t\t<div class=\"slideshowlink\">\n        <a href='https:\/\/www.camperonline.it\/magazine\/2021\/09\/08\/caravan-salon-2021-pilote\/nggallery\/slideshow'>[Mostra slideshow]<\/a>\n\t\t\n\t<\/div>\n\t\n\t\t<!-- Pagination -->\n\t<div class='ngg-clear'><\/div>\t<\/div>\n\n","protected":false},"excerpt":{"rendered":"<p>Svelati al grande pubblico in occasione del Caravan Salon le due principali novit\u00e0 di casa Pilote: il particolarissimo semintegrale Pacific P696 U con maxi living a ferro di cavallo in coda e l&#8217;inedito furgonato V 633 M, caratterizzato dalla presenza di un gavone garage posteriore<\/p>\n","protected":false},"author":21,"featured_media":322889,"comment_status":"closed","ping_status":"open","sticky":false,"template":"","format":"standard","meta":{"ngg_post_thumbnail":0},"categories":[366,6384,7,236],"tags":[370,6386,4681,4377,6387],"yoast_head":"<!-- This site is optimized with the Yoast SEO plugin v18.6 - https:\/\/yoast.com\/wordpress\/plugins\/seo\/ -->\n<title>Caravan Salon 2021: Pilote - CamperOnLine Magazine<\/title>\n<meta name=\"description\" content=\"Svelati al grande pubblico in occasione del Caravan Salon le due principali novit\u00e0 di casa Pilote: il particolarissimo semintegrale Pacific P696 U con\" \/>\n<meta name=\"robots\" content=\"index, follow, max-snippet:-1, max-image-preview:large, max-video-preview:-1\" \/>\n<link rel=\"canonical\" href=\"https:\/\/www.camperonline.it\/magazine\/2021\/09\/08\/caravan-salon-2021-pilote\/\" \/>\n<meta property=\"og:locale\" content=\"it_IT\" \/>\n<meta property=\"og:type\" content=\"article\" \/>\n<meta property=\"og:title\" content=\"Caravan Salon 2021: Pilote - CamperOnLine Magazine\" \/>\n<meta property=\"og:description\" content=\"Svelati al grande pubblico in occasione del Caravan Salon le due principali novit\u00e0 di casa Pilote: il particolarissimo semintegrale Pacific P696 U con\" \/>\n<meta property=\"og:url\" content=\"https:\/\/www.camperonline.it\/magazine\/2021\/09\/08\/caravan-salon-2021-pilote\/\" \/>\n<meta property=\"og:site_name\" content=\"CamperOnLine Magazine\" \/>\n<meta property=\"article:published_time\" content=\"2021-09-08T10:03:12+00:00\" \/>\n<meta property=\"og:image\" content=\"https:\/\/www.camperonline.it\/magazine\/wp-content\/uploads\/2021\/09\/CoverPiloteCSD2021.jpg\" \/>\n\t<meta property=\"og:image:width\" content=\"630\" \/>\n\t<meta property=\"og:image:height\" content=\"354\" \/>\n\t<meta property=\"og:image:type\" content=\"image\/jpeg\" \/>\n<meta name=\"twitter:card\" content=\"summary_large_image\" \/>\n<script type=\"application\/ld+json\" class=\"yoast-schema-graph\">{\"@context\":\"https:\/\/schema.org\",\"@graph\":[{\"@type\":\"WebSite\",\"@id\":\"https:\/\/www.camperonline.it\/magazine\/#website\",\"url\":\"https:\/\/www.camperonline.it\/magazine\/\",\"name\":\"CamperOnLine Magazine\",\"description\":\"Viaggi in camper, test, video, destinazioni, vacanze\",\"potentialAction\":[{\"@type\":\"SearchAction\",\"target\":{\"@type\":\"EntryPoint\",\"urlTemplate\":\"https:\/\/www.camperonline.it\/magazine\/?s={search_term_string}\"},\"query-input\":\"required name=search_term_string\"}],\"inLanguage\":\"it-IT\"},{\"@type\":\"ImageObject\",\"@id\":\"https:\/\/www.camperonline.it\/magazine\/2021\/09\/08\/caravan-salon-2021-pilote\/#primaryimage\",\"inLanguage\":\"it-IT\",\"url\":\"https:\/\/www.camperonline.it\/magazine\/wp-content\/uploads\/2021\/09\/CoverPiloteCSD2021.jpg\",\"contentUrl\":\"https:\/\/www.camperonline.it\/magazine\/wp-content\/uploads\/2021\/09\/CoverPiloteCSD2021.jpg\",\"width\":630,\"height\":354},{\"@type\":\"WebPage\",\"@id\":\"https:\/\/www.camperonline.it\/magazine\/2021\/09\/08\/caravan-salon-2021-pilote\/#webpage\",\"url\":\"https:\/\/www.camperonline.it\/magazine\/2021\/09\/08\/caravan-salon-2021-pilote\/\",\"name\":\"Caravan Salon 2021: Pilote - CamperOnLine Magazine\",\"isPartOf\":{\"@id\":\"https:\/\/www.camperonline.it\/magazine\/#website\"},\"primaryImageOfPage\":{\"@id\":\"https:\/\/www.camperonline.it\/magazine\/2021\/09\/08\/caravan-salon-2021-pilote\/#primaryimage\"},\"datePublished\":\"2021-09-08T10:03:12+00:00\",\"dateModified\":\"2021-09-08T10:03:12+00:00\",\"author\":{\"@id\":\"https:\/\/www.camperonline.it\/magazine\/#\/schema\/person\/c90be17d75a09ba611f120cef80c1067\"},\"description\":\"Svelati al grande pubblico in occasione del Caravan Salon le due principali novit\u00e0 di casa Pilote: il particolarissimo semintegrale Pacific P696 U con\",\"breadcrumb\":{\"@id\":\"https:\/\/www.camperonline.it\/magazine\/2021\/09\/08\/caravan-salon-2021-pilote\/#breadcrumb\"},\"inLanguage\":\"it-IT\",\"potentialAction\":[{\"@type\":\"ReadAction\",\"target\":[\"https:\/\/www.camperonline.it\/magazine\/2021\/09\/08\/caravan-salon-2021-pilote\/\"]}]},{\"@type\":\"BreadcrumbList\",\"@id\":\"https:\/\/www.camperonline.it\/magazine\/2021\/09\/08\/caravan-salon-2021-pilote\/#breadcrumb\",\"itemListElement\":[{\"@type\":\"ListItem\",\"position\":1,\"name\":\"Home\",\"item\":\"https:\/\/www.camperonline.it\/magazine\/\"},{\"@type\":\"ListItem\",\"position\":2,\"name\":\"Caravan Salon 2021: Pilote\"}]},{\"@type\":\"Person\",\"@id\":\"https:\/\/www.camperonline.it\/magazine\/#\/schema\/person\/c90be17d75a09ba611f120cef80c1067\",\"name\":\"Davide Bon\",\"sameAs\":[\"https:\/\/www.camperonline.it\/magazine\/\"],\"url\":\"https:\/\/www.camperonline.it\/magazine\/author\/davide\/\"}]}<\/script>\n<!-- \/ Yoast SEO plugin. -->","yoast_head_json":{"title":"Caravan Salon 2021: Pilote - CamperOnLine Magazine","description":"Svelati al grande pubblico in occasione del Caravan Salon le due principali novit\u00e0 di casa Pilote: il particolarissimo semintegrale Pacific P696 U con","robots":{"index":"index","follow":"follow","max-snippet":"max-snippet:-1","max-image-preview":"max-image-preview:large","max-video-preview":"max-video-preview:-1"},"canonical":"https:\/\/www.camperonline.it\/magazine\/2021\/09\/08\/caravan-salon-2021-pilote\/","og_locale":"it_IT","og_type":"article","og_title":"Caravan Salon 2021: Pilote - CamperOnLine Magazine","og_description":"Svelati al grande pubblico in occasione del Caravan Salon le due principali novit\u00e0 di casa Pilote: il particolarissimo semintegrale Pacific P696 U con","og_url":"https:\/\/www.camperonline.it\/magazine\/2021\/09\/08\/caravan-salon-2021-pilote\/","og_site_name":"CamperOnLine Magazine","article_published_time":"2021-09-08T10:03:12+00:00","og_image":[{"width":630,"height":354,"url":"https:\/\/www.camperonline.it\/magazine\/wp-content\/uploads\/2021\/09\/CoverPiloteCSD2021.jpg","type":"image\/jpeg"}],"twitter_card":"summary_large_image","schema":{"@context":"https:\/\/schema.org","@graph":[{"@type":"WebSite","@id":"https:\/\/www.camperonline.it\/magazine\/#website","url":"https:\/\/www.camperonline.it\/magazine\/","name":"CamperOnLine Magazine","description":"Viaggi in camper, test, video, destinazioni, vacanze","potentialAction":[{"@type":"SearchAction","target":{"@type":"EntryPoint","urlTemplate":"https:\/\/www.camperonline.it\/magazine\/?s={search_term_string}"},"query-input":"required name=search_term_string"}],"inLanguage":"it-IT"},{"@type":"ImageObject","@id":"https:\/\/www.camperonline.it\/magazine\/2021\/09\/08\/caravan-salon-2021-pilote\/#primaryimage","inLanguage":"it-IT","url":"https:\/\/www.camperonline.it\/magazine\/wp-content\/uploads\/2021\/09\/CoverPiloteCSD2021.jpg","contentUrl":"https:\/\/www.camperonline.it\/magazine\/wp-content\/uploads\/2021\/09\/CoverPiloteCSD2021.jpg","width":630,"height":354},{"@type":"WebPage","@id":"https:\/\/www.camperonline.it\/magazine\/2021\/09\/08\/caravan-salon-2021-pilote\/#webpage","url":"https:\/\/www.camperonline.it\/magazine\/2021\/09\/08\/caravan-salon-2021-pilote\/","name":"Caravan Salon 2021: Pilote - CamperOnLine Magazine","isPartOf":{"@id":"https:\/\/www.camperonline.it\/magazine\/#website"},"primaryImageOfPage":{"@id":"https:\/\/www.camperonline.it\/magazine\/2021\/09\/08\/caravan-salon-2021-pilote\/#primaryimage"},"datePublished":"2021-09-08T10:03:12+00:00","dateModified":"2021-09-08T10:03:12+00:00","author":{"@id":"https:\/\/www.camperonline.it\/magazine\/#\/schema\/person\/c90be17d75a09ba611f120cef80c1067"},"description":"Svelati al grande pubblico in occasione del Caravan Salon le due principali novit\u00e0 di casa Pilote: il particolarissimo semintegrale Pacific P696 U con","breadcrumb":{"@id":"https:\/\/www.camperonline.it\/magazine\/2021\/09\/08\/caravan-salon-2021-pilote\/#breadcrumb"},"inLanguage":"it-IT","potentialAction":[{"@type":"ReadAction","target":["https:\/\/www.camperonline.it\/magazine\/2021\/09\/08\/caravan-salon-2021-pilote\/"]}]},{"@type":"BreadcrumbList","@id":"https:\/\/www.camperonline.it\/magazine\/2021\/09\/08\/caravan-salon-2021-pilote\/#breadcrumb","itemListElement":[{"@type":"ListItem","position":1,"name":"Home","item":"https:\/\/www.camperonline.it\/magazine\/"},{"@type":"ListItem","position":2,"name":"Caravan Salon 2021: Pilote"}]},{"@type":"Person","@id":"https:\/\/www.camperonline.it\/magazine\/#\/schema\/person\/c90be17d75a09ba611f120cef80c1067","name":"Davide Bon","sameAs":["https:\/\/www.camperonline.it\/magazine\/"],"url":"https:\/\/www.camperonline.it\/magazine\/author\/davide\/"}]}},"_links":{"self":[{"href":"https:\/\/www.camperonline.it\/magazine\/wp-json\/wp\/v2\/posts\/322888"}],"collection":[{"href":"https:\/\/www.camperonline.it\/magazine\/wp-json\/wp\/v2\/posts"}],"about":[{"href":"https:\/\/www.camperonline.it\/magazine\/wp-json\/wp\/v2\/types\/post"}],"author":[{"embeddable":true,"href":"https:\/\/www.camperonline.it\/magazine\/wp-json\/wp\/v2\/users\/21"}],"replies":[{"embeddable":true,"href":"https:\/\/www.camperonline.it\/magazine\/wp-json\/wp\/v2\/comments?post=322888"}],"version-history":[{"count":0,"href":"https:\/\/www.camperonline.it\/magazine\/wp-json\/wp\/v2\/posts\/322888\/revisions"}],"wp:featuredmedia":[{"embeddable":true,"href":"https:\/\/www.camperonline.it\/magazine\/wp-json\/wp\/v2\/media\/322889"}],"wp:attachment":[{"href":"https:\/\/www.camperonline.it\/magazine\/wp-json\/wp\/v2\/media?parent=322888"}],"wp:term":[{"taxonomy":"category","embeddable":true,"href":"https:\/\/www.camperonline.it\/magazine\/wp-json\/wp\/v2\/categories?post=322888"},{"taxonomy":"post_tag","embeddable":true,"href":"https:\/\/www.camperonline.it\/magazine\/wp-json\/wp\/v2\/tags?post=322888"}],"curies":[{"name":"wp","href":"https:\/\/api.w.org\/{rel}","templated":true}]}}