{"id":324181,"date":"2021-10-01T16:03:26","date_gmt":"2021-10-01T14:03:26","guid":{"rendered":"https:\/\/www.camperonline.it\/magazine\/?p=324181"},"modified":"2021-10-01T17:00:24","modified_gmt":"2021-10-01T15:00:24","slug":"salone-del-camper-2021-roller-team","status":"publish","type":"post","link":"https:\/\/www.camperonline.it\/magazine\/2021\/10\/01\/salone-del-camper-2021-roller-team\/","title":{"rendered":"Salone del Camper 2021: Roller Team"},"content":{"rendered":"<p><img loading=\"lazy\" class=\"aligncenter size-full wp-image-324182\" src=\"https:\/\/www.camperonline.it\/magazine\/wp-content\/uploads\/2021\/10\/SDC2021ROLLER.jpg\" alt=\"\" width=\"630\" height=\"354\" srcset=\"https:\/\/www.camperonline.it\/magazine\/wp-content\/uploads\/2021\/10\/SDC2021ROLLER.jpg 630w, https:\/\/www.camperonline.it\/magazine\/wp-content\/uploads\/2021\/10\/SDC2021ROLLER-300x169.jpg 300w\" sizes=\"(max-width: 630px) 100vw, 630px\" \/><\/p>\n<h2>Conferme, rinnovamenti e ampliamenti di gamma sono i punti cardini di Roller Team per la stagione 2022: in occasione del Salone del Camper di Parma, la factory toscana punta i riflettori sul nuovo tetto a soffietto destinato ai van e rinnova la sua offerta di veicoli profilati<\/h2>\n<p><!--more--><\/p>\n<p>L\u2019azienda toscana sceglie il palcoscenico del Salone del Camper per presentare al grande pubblico la sua collezione 2022. Vero punto di riferimento nella fascia media e in quella entry level del mercato, <strong>Roller Team<\/strong> mantiene intatte le sue linee guida putando su un perfezionamento generale delle gamme attuali, nonch\u00e9 su un nuovo tetto a soffietto che sar\u00e0 disponibile in opzione sull\u2019intera gamma di veicoli furgonati, per finire con nuovi layout. Sempre pi\u00f9 richiesto, il tetto sollevabile si sta evolvendo verso soluzioni sempre migliori in grado di garantire leggerezza, praticit\u00e0 d\u2019uso e comodit\u00e0.<\/p>\n<p><img loading=\"lazy\" class=\"aligncenter size-full wp-image-324183\" src=\"https:\/\/www.camperonline.it\/magazine\/wp-content\/uploads\/2021\/10\/Livingstone-Duo-XL-3.jpg\" alt=\"\" width=\"630\" height=\"418\" srcset=\"https:\/\/www.camperonline.it\/magazine\/wp-content\/uploads\/2021\/10\/Livingstone-Duo-XL-3.jpg 630w, https:\/\/www.camperonline.it\/magazine\/wp-content\/uploads\/2021\/10\/Livingstone-Duo-XL-3-300x199.jpg 300w\" sizes=\"(max-width: 630px) 100vw, 630px\" \/><\/p>\n<p><img loading=\"lazy\" class=\"aligncenter size-full wp-image-324184\" src=\"https:\/\/www.camperonline.it\/magazine\/wp-content\/uploads\/2021\/10\/Livingstone-Duo-XL-9.jpg\" alt=\"\" width=\"630\" height=\"418\" srcset=\"https:\/\/www.camperonline.it\/magazine\/wp-content\/uploads\/2021\/10\/Livingstone-Duo-XL-9.jpg 630w, https:\/\/www.camperonline.it\/magazine\/wp-content\/uploads\/2021\/10\/Livingstone-Duo-XL-9-300x199.jpg 300w\" sizes=\"(max-width: 630px) 100vw, 630px\" \/><\/p>\n<p>Ecco quindi che <strong>Roller Team<\/strong> perfeziona la sua precedente versione, ampliando la superficie del tetto e introducendo la possibilit\u00e0 di dotare lo stesso di un obl\u00f2 opzionale che garantisca una maggior luminosit\u00e0 e areazione generale. Altrettanto importante, \u00e8 la possibilit\u00e0 di abbinare il tetto a soffietto al cupolino panoramico anteriore sopra la cabina di guida. In occasione dell\u2019evento fieristico parmense, a dotarsi del novo tetto pop-up \u00e8 il gi\u00e0 conosciuto <strong>Roller Team Livingstone Duo XL<\/strong> che si distingue per l\u2019adozione di un letto matrimoniale longitudinale posteriore che all\u2019occorrenza pu\u00f2 sollevarsi elettricamente incrementando il volume di carico del sottostante vano di carico.<\/p>\n<p><img loading=\"lazy\" class=\"aligncenter size-full wp-image-324186\" src=\"https:\/\/www.camperonline.it\/magazine\/wp-content\/uploads\/2021\/10\/Livingstone-Duo-XL-11.jpg\" alt=\"\" width=\"630\" height=\"418\" srcset=\"https:\/\/www.camperonline.it\/magazine\/wp-content\/uploads\/2021\/10\/Livingstone-Duo-XL-11.jpg 630w, https:\/\/www.camperonline.it\/magazine\/wp-content\/uploads\/2021\/10\/Livingstone-Duo-XL-11-300x199.jpg 300w\" sizes=\"(max-width: 630px) 100vw, 630px\" \/><\/p>\n<p><img loading=\"lazy\" class=\"aligncenter size-full wp-image-324187\" src=\"https:\/\/www.camperonline.it\/magazine\/wp-content\/uploads\/2021\/10\/Livingstone-Duo-XL-12.jpg\" alt=\"\" width=\"630\" height=\"418\" srcset=\"https:\/\/www.camperonline.it\/magazine\/wp-content\/uploads\/2021\/10\/Livingstone-Duo-XL-12.jpg 630w, https:\/\/www.camperonline.it\/magazine\/wp-content\/uploads\/2021\/10\/Livingstone-Duo-XL-12-300x199.jpg 300w\" sizes=\"(max-width: 630px) 100vw, 630px\" \/><\/p>\n<p><img loading=\"lazy\" class=\"aligncenter size-full wp-image-324185\" src=\"https:\/\/www.camperonline.it\/magazine\/wp-content\/uploads\/2021\/10\/Livingstone-Duo-XL-5.jpg\" alt=\"\" width=\"630\" height=\"418\" srcset=\"https:\/\/www.camperonline.it\/magazine\/wp-content\/uploads\/2021\/10\/Livingstone-Duo-XL-5.jpg 630w, https:\/\/www.camperonline.it\/magazine\/wp-content\/uploads\/2021\/10\/Livingstone-Duo-XL-5-300x199.jpg 300w\" sizes=\"(max-width: 630px) 100vw, 630px\" \/><\/p>\n<p>La zona anteriore, invece, segue gli schemi classici della tipologia offrendo una semidinette integrata con la cabina di guida, dotata di poltrone girevoli, servita da un tavolo ancorato a parete provvisto di prolunga pivotante. Infine la zona servizi vede la presenza della cucina lineare affiancata dal frigorifero a colonna e fronteggiata dal locale toilette con doccia condivisa al suo interno.<\/p>\n<p><img loading=\"lazy\" class=\"aligncenter size-full wp-image-324189\" src=\"https:\/\/www.camperonline.it\/magazine\/wp-content\/uploads\/2021\/10\/Livingstone-Duo-XL-7.jpg\" alt=\"\" width=\"630\" height=\"418\" srcset=\"https:\/\/www.camperonline.it\/magazine\/wp-content\/uploads\/2021\/10\/Livingstone-Duo-XL-7.jpg 630w, https:\/\/www.camperonline.it\/magazine\/wp-content\/uploads\/2021\/10\/Livingstone-Duo-XL-7-300x199.jpg 300w\" sizes=\"(max-width: 630px) 100vw, 630px\" \/><\/p>\n<p><img loading=\"lazy\" class=\"aligncenter size-full wp-image-324190\" src=\"https:\/\/www.camperonline.it\/magazine\/wp-content\/uploads\/2021\/10\/Livingstone-Duo-XL-8.jpg\" alt=\"\" width=\"630\" height=\"418\" srcset=\"https:\/\/www.camperonline.it\/magazine\/wp-content\/uploads\/2021\/10\/Livingstone-Duo-XL-8.jpg 630w, https:\/\/www.camperonline.it\/magazine\/wp-content\/uploads\/2021\/10\/Livingstone-Duo-XL-8-300x199.jpg 300w\" sizes=\"(max-width: 630px) 100vw, 630px\" \/><\/p>\n<p>Anch\u2019esso gi\u00e0 conosciuto e gi\u00e0 presente nelle serie superiori Advance e Sport Limited, il <strong>Livingstone K2<\/strong> \u00e8 ora disponibile anche nella serie base. Lungo 541 cm, sviluppa l\u2019intramontabile layout con letto matrimoniale trasversale posteriore, bagno con lavandino a ribalta e doccia condivisa, cucina a \u201cL\u201d e semidinette anteriore<\/p>\n<p><img loading=\"lazy\" class=\"aligncenter size-full wp-image-324191\" src=\"https:\/\/www.camperonline.it\/magazine\/wp-content\/uploads\/2021\/10\/Livingstone-K2-1.jpg\" alt=\"\" width=\"630\" height=\"418\" srcset=\"https:\/\/www.camperonline.it\/magazine\/wp-content\/uploads\/2021\/10\/Livingstone-K2-1.jpg 630w, https:\/\/www.camperonline.it\/magazine\/wp-content\/uploads\/2021\/10\/Livingstone-K2-1-300x199.jpg 300w\" sizes=\"(max-width: 630px) 100vw, 630px\" \/><\/p>\n<p><img loading=\"lazy\" class=\"aligncenter size-full wp-image-324192\" src=\"https:\/\/www.camperonline.it\/magazine\/wp-content\/uploads\/2021\/10\/Livingstone-K2-2.jpg\" alt=\"\" width=\"630\" height=\"418\" srcset=\"https:\/\/www.camperonline.it\/magazine\/wp-content\/uploads\/2021\/10\/Livingstone-K2-2.jpg 630w, https:\/\/www.camperonline.it\/magazine\/wp-content\/uploads\/2021\/10\/Livingstone-K2-2-300x199.jpg 300w\" sizes=\"(max-width: 630px) 100vw, 630px\" \/><\/p>\n<p><img loading=\"lazy\" class=\"aligncenter size-full wp-image-324193\" src=\"https:\/\/www.camperonline.it\/magazine\/wp-content\/uploads\/2021\/10\/Livingstone-K2-6.jpg\" alt=\"\" width=\"630\" height=\"418\" srcset=\"https:\/\/www.camperonline.it\/magazine\/wp-content\/uploads\/2021\/10\/Livingstone-K2-6.jpg 630w, https:\/\/www.camperonline.it\/magazine\/wp-content\/uploads\/2021\/10\/Livingstone-K2-6-300x199.jpg 300w\" sizes=\"(max-width: 630px) 100vw, 630px\" \/><\/p>\n<p><img loading=\"lazy\" class=\"aligncenter size-full wp-image-324194\" src=\"https:\/\/www.camperonline.it\/magazine\/wp-content\/uploads\/2021\/10\/Livingstone-K2-8.jpg\" alt=\"\" width=\"630\" height=\"418\" srcset=\"https:\/\/www.camperonline.it\/magazine\/wp-content\/uploads\/2021\/10\/Livingstone-K2-8.jpg 630w, https:\/\/www.camperonline.it\/magazine\/wp-content\/uploads\/2021\/10\/Livingstone-K2-8-300x199.jpg 300w\" sizes=\"(max-width: 630px) 100vw, 630px\" \/><\/p>\n<p><img loading=\"lazy\" class=\"aligncenter size-full wp-image-324195\" src=\"https:\/\/www.camperonline.it\/magazine\/wp-content\/uploads\/2021\/10\/Livingstone-K2-12.jpg\" alt=\"\" width=\"630\" height=\"418\" srcset=\"https:\/\/www.camperonline.it\/magazine\/wp-content\/uploads\/2021\/10\/Livingstone-K2-12.jpg 630w, https:\/\/www.camperonline.it\/magazine\/wp-content\/uploads\/2021\/10\/Livingstone-K2-12-300x199.jpg 300w\" sizes=\"(max-width: 630px) 100vw, 630px\" \/><\/p>\n<p>All\u2019interno della nutrita offerta di semintegrali marchiati <strong>Roller Team<\/strong>, fa il suo ingresso il rinnovato <strong>Kronos 285 P<\/strong> allestito sulla base meccanica del Ford Transit e lungo 699 cm. Al suo interno offre uno degli schemi abitativi che pi\u00f9 spopolano in questo momento, quello con letti gemelli posteriori posizionati su gavone garage. Il bagno, collocato lungo la parete destra, adotta la soluzione con parete lavabo ruotabile per garantire la migliore fruibilit\u00e0 a seconda delle necessit\u00e0 d\u2019uso viste le sue dimensioni contenute.<\/p>\n<p><img loading=\"lazy\" class=\"aligncenter size-full wp-image-324196\" src=\"https:\/\/www.camperonline.it\/magazine\/wp-content\/uploads\/2021\/10\/Kronos-285-P-3.jpg\" alt=\"\" width=\"630\" height=\"418\" srcset=\"https:\/\/www.camperonline.it\/magazine\/wp-content\/uploads\/2021\/10\/Kronos-285-P-3.jpg 630w, https:\/\/www.camperonline.it\/magazine\/wp-content\/uploads\/2021\/10\/Kronos-285-P-3-300x199.jpg 300w\" sizes=\"(max-width: 630px) 100vw, 630px\" \/><\/p>\n<p><img loading=\"lazy\" class=\"aligncenter size-full wp-image-324199\" src=\"https:\/\/www.camperonline.it\/magazine\/wp-content\/uploads\/2021\/10\/Kronos-285-P-9.jpg\" alt=\"\" width=\"630\" height=\"418\" srcset=\"https:\/\/www.camperonline.it\/magazine\/wp-content\/uploads\/2021\/10\/Kronos-285-P-9.jpg 630w, https:\/\/www.camperonline.it\/magazine\/wp-content\/uploads\/2021\/10\/Kronos-285-P-9-300x199.jpg 300w\" sizes=\"(max-width: 630px) 100vw, 630px\" \/><\/p>\n<p><img loading=\"lazy\" class=\"aligncenter size-full wp-image-324200\" src=\"https:\/\/www.camperonline.it\/magazine\/wp-content\/uploads\/2021\/10\/Kronos-285-P-10.jpg\" alt=\"\" width=\"630\" height=\"418\" srcset=\"https:\/\/www.camperonline.it\/magazine\/wp-content\/uploads\/2021\/10\/Kronos-285-P-10.jpg 630w, https:\/\/www.camperonline.it\/magazine\/wp-content\/uploads\/2021\/10\/Kronos-285-P-10-300x199.jpg 300w\" sizes=\"(max-width: 630px) 100vw, 630px\" \/><\/p>\n<p><img loading=\"lazy\" class=\"aligncenter size-full wp-image-324201\" src=\"https:\/\/www.camperonline.it\/magazine\/wp-content\/uploads\/2021\/10\/Kronos-285-P-12.jpg\" alt=\"\" width=\"630\" height=\"418\" srcset=\"https:\/\/www.camperonline.it\/magazine\/wp-content\/uploads\/2021\/10\/Kronos-285-P-12.jpg 630w, https:\/\/www.camperonline.it\/magazine\/wp-content\/uploads\/2021\/10\/Kronos-285-P-12-300x199.jpg 300w\" sizes=\"(max-width: 630px) 100vw, 630px\" \/><\/p>\n<p>Sul lato opposto, la cucina accenna a uno sviluppo a \u201cL\u201d e offre un piano cottura ad angolo, un lavello circolare e un frigorifero a colonna. Infine, il soggiorno \u00e8 composto da un divano a \u201cL\u201d supportato dai sedili della cabina di guida e da una poltrona aggiuntiva posizionata a lato della porta d\u2019ingresso.<\/p>\n<p><img loading=\"lazy\" class=\"aligncenter size-full wp-image-324198\" src=\"https:\/\/www.camperonline.it\/magazine\/wp-content\/uploads\/2021\/10\/Kronos-285-P-8.jpg\" alt=\"\" width=\"630\" height=\"418\" srcset=\"https:\/\/www.camperonline.it\/magazine\/wp-content\/uploads\/2021\/10\/Kronos-285-P-8.jpg 630w, https:\/\/www.camperonline.it\/magazine\/wp-content\/uploads\/2021\/10\/Kronos-285-P-8-300x199.jpg 300w\" sizes=\"(max-width: 630px) 100vw, 630px\" \/><\/p>\n<p><img loading=\"lazy\" class=\"aligncenter size-full wp-image-324197\" src=\"https:\/\/www.camperonline.it\/magazine\/wp-content\/uploads\/2021\/10\/Kronos-285-P-5.jpg\" alt=\"\" width=\"630\" height=\"418\" srcset=\"https:\/\/www.camperonline.it\/magazine\/wp-content\/uploads\/2021\/10\/Kronos-285-P-5.jpg 630w, https:\/\/www.camperonline.it\/magazine\/wp-content\/uploads\/2021\/10\/Kronos-285-P-5-300x199.jpg 300w\" sizes=\"(max-width: 630px) 100vw, 630px\" \/><\/p>\n<p>&nbsp;<\/p>\n<h3>Fotogallery<\/h3>\n<!-- default-view.php -->\n<div\n\tclass=\"ngg-galleryoverview default-view  ngg-ajax-pagination-none\"\n\tid=\"ngg-gallery-25ecb72a9b2c239dcb2b0da1e693f83c-1\">\n\n\t\t<!-- Thumbnails -->\n\t\t\t\t<div id=\"ngg-image-0\" class=\"ngg-gallery-thumbnail-box ngg-5-columns\" >\n\t\t\t\t        <div class=\"ngg-gallery-thumbnail\">\n            <a href=\"https:\/\/www.camperonline.it\/magazine\/wp-content\/gallery\/salone-del-camper-2021-roller-team\/Livingstone-Duo-XL-1.jpg\"\n               title=\"\"\n               data-src=\"https:\/\/www.camperonline.it\/magazine\/wp-content\/gallery\/salone-del-camper-2021-roller-team\/Livingstone-Duo-XL-1.jpg\"\n               data-thumbnail=\"https:\/\/www.camperonline.it\/magazine\/wp-content\/gallery\/salone-del-camper-2021-roller-team\/thumbs\/thumbs_Livingstone-Duo-XL-1.jpg\"\n               data-image-id=\"124128\"\n               data-title=\"Livingstone-Duo-XL-1\"\n               data-description=\"\"\n               data-image-slug=\"livingstone-duo-xl-1\"\n               class=\"ngg-fancybox\" rel=\"25ecb72a9b2c239dcb2b0da1e693f83c\">\n                <img\n                    title=\"Livingstone-Duo-XL-1\"\n                    alt=\"Livingstone-Duo-XL-1\"\n                    src=\"https:\/\/www.camperonline.it\/magazine\/wp-content\/gallery\/salone-del-camper-2021-roller-team\/thumbs\/thumbs_Livingstone-Duo-XL-1.jpg\"\n                    width=\"240\"\n                    height=\"160\"\n                    style=\"max-width:100%;\"\n                \/>\n            <\/a>\n        <\/div>\n\t\t\t\t\t\t\t<\/div> \n\t\t\t\n\t\t\t\t<div id=\"ngg-image-1\" class=\"ngg-gallery-thumbnail-box ngg-5-columns\" >\n\t\t\t\t        <div class=\"ngg-gallery-thumbnail\">\n            <a href=\"https:\/\/www.camperonline.it\/magazine\/wp-content\/gallery\/salone-del-camper-2021-roller-team\/Livingstone-Duo-XL-2.jpg\"\n               title=\"\"\n               data-src=\"https:\/\/www.camperonline.it\/magazine\/wp-content\/gallery\/salone-del-camper-2021-roller-team\/Livingstone-Duo-XL-2.jpg\"\n               data-thumbnail=\"https:\/\/www.camperonline.it\/magazine\/wp-content\/gallery\/salone-del-camper-2021-roller-team\/thumbs\/thumbs_Livingstone-Duo-XL-2.jpg\"\n               data-image-id=\"124129\"\n               data-title=\"Livingstone-Duo-XL-2\"\n               data-description=\"\"\n               data-image-slug=\"livingstone-duo-xl-2\"\n               class=\"ngg-fancybox\" rel=\"25ecb72a9b2c239dcb2b0da1e693f83c\">\n                <img\n                    title=\"Livingstone-Duo-XL-2\"\n                    alt=\"Livingstone-Duo-XL-2\"\n                    src=\"https:\/\/www.camperonline.it\/magazine\/wp-content\/gallery\/salone-del-camper-2021-roller-team\/thumbs\/thumbs_Livingstone-Duo-XL-2.jpg\"\n                    width=\"240\"\n                    height=\"160\"\n                    style=\"max-width:100%;\"\n                \/>\n            <\/a>\n        <\/div>\n\t\t\t\t\t\t\t<\/div> \n\t\t\t\n\t\t\t\t<div id=\"ngg-image-2\" class=\"ngg-gallery-thumbnail-box ngg-5-columns\" >\n\t\t\t\t        <div class=\"ngg-gallery-thumbnail\">\n            <a href=\"https:\/\/www.camperonline.it\/magazine\/wp-content\/gallery\/salone-del-camper-2021-roller-team\/Livingstone-Duo-XL-3.jpg\"\n               title=\"\"\n               data-src=\"https:\/\/www.camperonline.it\/magazine\/wp-content\/gallery\/salone-del-camper-2021-roller-team\/Livingstone-Duo-XL-3.jpg\"\n               data-thumbnail=\"https:\/\/www.camperonline.it\/magazine\/wp-content\/gallery\/salone-del-camper-2021-roller-team\/thumbs\/thumbs_Livingstone-Duo-XL-3.jpg\"\n               data-image-id=\"124130\"\n               data-title=\"Livingstone-Duo-XL-3\"\n               data-description=\"\"\n               data-image-slug=\"livingstone-duo-xl-3\"\n               class=\"ngg-fancybox\" rel=\"25ecb72a9b2c239dcb2b0da1e693f83c\">\n                <img\n                    title=\"Livingstone-Duo-XL-3\"\n                    alt=\"Livingstone-Duo-XL-3\"\n                    src=\"https:\/\/www.camperonline.it\/magazine\/wp-content\/gallery\/salone-del-camper-2021-roller-team\/thumbs\/thumbs_Livingstone-Duo-XL-3.jpg\"\n                    width=\"240\"\n                    height=\"160\"\n                    style=\"max-width:100%;\"\n                \/>\n            <\/a>\n        <\/div>\n\t\t\t\t\t\t\t<\/div> \n\t\t\t\n\t\t\t\t<div id=\"ngg-image-3\" class=\"ngg-gallery-thumbnail-box ngg-5-columns\" >\n\t\t\t\t        <div class=\"ngg-gallery-thumbnail\">\n            <a href=\"https:\/\/www.camperonline.it\/magazine\/wp-content\/gallery\/salone-del-camper-2021-roller-team\/Livingstone-Duo-XL-4.jpg\"\n               title=\"\"\n               data-src=\"https:\/\/www.camperonline.it\/magazine\/wp-content\/gallery\/salone-del-camper-2021-roller-team\/Livingstone-Duo-XL-4.jpg\"\n               data-thumbnail=\"https:\/\/www.camperonline.it\/magazine\/wp-content\/gallery\/salone-del-camper-2021-roller-team\/thumbs\/thumbs_Livingstone-Duo-XL-4.jpg\"\n               data-image-id=\"124131\"\n               data-title=\"Livingstone-Duo-XL-4\"\n               data-description=\"\"\n               data-image-slug=\"livingstone-duo-xl-4\"\n               class=\"ngg-fancybox\" rel=\"25ecb72a9b2c239dcb2b0da1e693f83c\">\n                <img\n                    title=\"Livingstone-Duo-XL-4\"\n                    alt=\"Livingstone-Duo-XL-4\"\n                    src=\"https:\/\/www.camperonline.it\/magazine\/wp-content\/gallery\/salone-del-camper-2021-roller-team\/thumbs\/thumbs_Livingstone-Duo-XL-4.jpg\"\n                    width=\"240\"\n                    height=\"160\"\n                    style=\"max-width:100%;\"\n                \/>\n            <\/a>\n        <\/div>\n\t\t\t\t\t\t\t<\/div> \n\t\t\t\n\t\t\t\t<div id=\"ngg-image-4\" class=\"ngg-gallery-thumbnail-box ngg-5-columns\" >\n\t\t\t\t        <div class=\"ngg-gallery-thumbnail\">\n            <a href=\"https:\/\/www.camperonline.it\/magazine\/wp-content\/gallery\/salone-del-camper-2021-roller-team\/Livingstone-Duo-XL-5.jpg\"\n               title=\"\"\n               data-src=\"https:\/\/www.camperonline.it\/magazine\/wp-content\/gallery\/salone-del-camper-2021-roller-team\/Livingstone-Duo-XL-5.jpg\"\n               data-thumbnail=\"https:\/\/www.camperonline.it\/magazine\/wp-content\/gallery\/salone-del-camper-2021-roller-team\/thumbs\/thumbs_Livingstone-Duo-XL-5.jpg\"\n               data-image-id=\"124132\"\n               data-title=\"Livingstone-Duo-XL-5\"\n               data-description=\"\"\n               data-image-slug=\"livingstone-duo-xl-5\"\n               class=\"ngg-fancybox\" rel=\"25ecb72a9b2c239dcb2b0da1e693f83c\">\n                <img\n                    title=\"Livingstone-Duo-XL-5\"\n                    alt=\"Livingstone-Duo-XL-5\"\n                    src=\"https:\/\/www.camperonline.it\/magazine\/wp-content\/gallery\/salone-del-camper-2021-roller-team\/thumbs\/thumbs_Livingstone-Duo-XL-5.jpg\"\n                    width=\"240\"\n                    height=\"160\"\n                    style=\"max-width:100%;\"\n                \/>\n            <\/a>\n        <\/div>\n\t\t\t\t\t\t\t<\/div> \n\t\t\t\n\t\t\t\t<div id=\"ngg-image-5\" class=\"ngg-gallery-thumbnail-box ngg-5-columns\" >\n\t\t\t\t        <div class=\"ngg-gallery-thumbnail\">\n            <a href=\"https:\/\/www.camperonline.it\/magazine\/wp-content\/gallery\/salone-del-camper-2021-roller-team\/Livingstone-Duo-XL-6.jpg\"\n               title=\"\"\n               data-src=\"https:\/\/www.camperonline.it\/magazine\/wp-content\/gallery\/salone-del-camper-2021-roller-team\/Livingstone-Duo-XL-6.jpg\"\n               data-thumbnail=\"https:\/\/www.camperonline.it\/magazine\/wp-content\/gallery\/salone-del-camper-2021-roller-team\/thumbs\/thumbs_Livingstone-Duo-XL-6.jpg\"\n               data-image-id=\"124133\"\n               data-title=\"Livingstone-Duo-XL-6\"\n               data-description=\"\"\n               data-image-slug=\"livingstone-duo-xl-6\"\n               class=\"ngg-fancybox\" rel=\"25ecb72a9b2c239dcb2b0da1e693f83c\">\n                <img\n                    title=\"Livingstone-Duo-XL-6\"\n                    alt=\"Livingstone-Duo-XL-6\"\n                    src=\"https:\/\/www.camperonline.it\/magazine\/wp-content\/gallery\/salone-del-camper-2021-roller-team\/thumbs\/thumbs_Livingstone-Duo-XL-6.jpg\"\n                    width=\"240\"\n                    height=\"160\"\n                    style=\"max-width:100%;\"\n                \/>\n            <\/a>\n        <\/div>\n\t\t\t\t\t\t\t<\/div> \n\t\t\t\n\t\t\t\t<div id=\"ngg-image-6\" class=\"ngg-gallery-thumbnail-box ngg-5-columns\" >\n\t\t\t\t        <div class=\"ngg-gallery-thumbnail\">\n            <a href=\"https:\/\/www.camperonline.it\/magazine\/wp-content\/gallery\/salone-del-camper-2021-roller-team\/Livingstone-Duo-XL-7.jpg\"\n               title=\"\"\n               data-src=\"https:\/\/www.camperonline.it\/magazine\/wp-content\/gallery\/salone-del-camper-2021-roller-team\/Livingstone-Duo-XL-7.jpg\"\n               data-thumbnail=\"https:\/\/www.camperonline.it\/magazine\/wp-content\/gallery\/salone-del-camper-2021-roller-team\/thumbs\/thumbs_Livingstone-Duo-XL-7.jpg\"\n               data-image-id=\"124134\"\n               data-title=\"Livingstone-Duo-XL-7\"\n               data-description=\"\"\n               data-image-slug=\"livingstone-duo-xl-7\"\n               class=\"ngg-fancybox\" rel=\"25ecb72a9b2c239dcb2b0da1e693f83c\">\n                <img\n                    title=\"Livingstone-Duo-XL-7\"\n                    alt=\"Livingstone-Duo-XL-7\"\n                    src=\"https:\/\/www.camperonline.it\/magazine\/wp-content\/gallery\/salone-del-camper-2021-roller-team\/thumbs\/thumbs_Livingstone-Duo-XL-7.jpg\"\n                    width=\"240\"\n                    height=\"160\"\n                    style=\"max-width:100%;\"\n                \/>\n            <\/a>\n        <\/div>\n\t\t\t\t\t\t\t<\/div> \n\t\t\t\n\t\t\t\t<div id=\"ngg-image-7\" class=\"ngg-gallery-thumbnail-box ngg-5-columns\" >\n\t\t\t\t        <div class=\"ngg-gallery-thumbnail\">\n            <a href=\"https:\/\/www.camperonline.it\/magazine\/wp-content\/gallery\/salone-del-camper-2021-roller-team\/Livingstone-Duo-XL-8.jpg\"\n               title=\"\"\n               data-src=\"https:\/\/www.camperonline.it\/magazine\/wp-content\/gallery\/salone-del-camper-2021-roller-team\/Livingstone-Duo-XL-8.jpg\"\n               data-thumbnail=\"https:\/\/www.camperonline.it\/magazine\/wp-content\/gallery\/salone-del-camper-2021-roller-team\/thumbs\/thumbs_Livingstone-Duo-XL-8.jpg\"\n               data-image-id=\"124135\"\n               data-title=\"Livingstone-Duo-XL-8\"\n               data-description=\"\"\n               data-image-slug=\"livingstone-duo-xl-8\"\n               class=\"ngg-fancybox\" rel=\"25ecb72a9b2c239dcb2b0da1e693f83c\">\n                <img\n                    title=\"Livingstone-Duo-XL-8\"\n                    alt=\"Livingstone-Duo-XL-8\"\n                    src=\"https:\/\/www.camperonline.it\/magazine\/wp-content\/gallery\/salone-del-camper-2021-roller-team\/thumbs\/thumbs_Livingstone-Duo-XL-8.jpg\"\n                    width=\"240\"\n                    height=\"160\"\n                    style=\"max-width:100%;\"\n                \/>\n            <\/a>\n        <\/div>\n\t\t\t\t\t\t\t<\/div> \n\t\t\t\n\t\t\t\t<div id=\"ngg-image-8\" class=\"ngg-gallery-thumbnail-box ngg-5-columns\" >\n\t\t\t\t        <div class=\"ngg-gallery-thumbnail\">\n            <a href=\"https:\/\/www.camperonline.it\/magazine\/wp-content\/gallery\/salone-del-camper-2021-roller-team\/Livingstone-Duo-XL-9.jpg\"\n               title=\"\"\n               data-src=\"https:\/\/www.camperonline.it\/magazine\/wp-content\/gallery\/salone-del-camper-2021-roller-team\/Livingstone-Duo-XL-9.jpg\"\n               data-thumbnail=\"https:\/\/www.camperonline.it\/magazine\/wp-content\/gallery\/salone-del-camper-2021-roller-team\/thumbs\/thumbs_Livingstone-Duo-XL-9.jpg\"\n               data-image-id=\"124136\"\n               data-title=\"Livingstone-Duo-XL-9\"\n               data-description=\"\"\n               data-image-slug=\"livingstone-duo-xl-9\"\n               class=\"ngg-fancybox\" rel=\"25ecb72a9b2c239dcb2b0da1e693f83c\">\n                <img\n                    title=\"Livingstone-Duo-XL-9\"\n                    alt=\"Livingstone-Duo-XL-9\"\n                    src=\"https:\/\/www.camperonline.it\/magazine\/wp-content\/gallery\/salone-del-camper-2021-roller-team\/thumbs\/thumbs_Livingstone-Duo-XL-9.jpg\"\n                    width=\"240\"\n                    height=\"160\"\n                    style=\"max-width:100%;\"\n                \/>\n            <\/a>\n        <\/div>\n\t\t\t\t\t\t\t<\/div> \n\t\t\t\n\t\t\t\t<div id=\"ngg-image-9\" class=\"ngg-gallery-thumbnail-box ngg-5-columns\" >\n\t\t\t\t        <div class=\"ngg-gallery-thumbnail\">\n            <a href=\"https:\/\/www.camperonline.it\/magazine\/wp-content\/gallery\/salone-del-camper-2021-roller-team\/Livingstone-Duo-XL-10.jpg\"\n               title=\"\"\n               data-src=\"https:\/\/www.camperonline.it\/magazine\/wp-content\/gallery\/salone-del-camper-2021-roller-team\/Livingstone-Duo-XL-10.jpg\"\n               data-thumbnail=\"https:\/\/www.camperonline.it\/magazine\/wp-content\/gallery\/salone-del-camper-2021-roller-team\/thumbs\/thumbs_Livingstone-Duo-XL-10.jpg\"\n               data-image-id=\"124137\"\n               data-title=\"Livingstone-Duo-XL-10\"\n               data-description=\"\"\n               data-image-slug=\"livingstone-duo-xl-10\"\n               class=\"ngg-fancybox\" rel=\"25ecb72a9b2c239dcb2b0da1e693f83c\">\n                <img\n                    title=\"Livingstone-Duo-XL-10\"\n                    alt=\"Livingstone-Duo-XL-10\"\n                    src=\"https:\/\/www.camperonline.it\/magazine\/wp-content\/gallery\/salone-del-camper-2021-roller-team\/thumbs\/thumbs_Livingstone-Duo-XL-10.jpg\"\n                    width=\"240\"\n                    height=\"160\"\n                    style=\"max-width:100%;\"\n                \/>\n            <\/a>\n        <\/div>\n\t\t\t\t\t\t\t<\/div> \n\t\t\t\n\t\t\t\t<div id=\"ngg-image-10\" class=\"ngg-gallery-thumbnail-box ngg-5-columns\" >\n\t\t\t\t        <div class=\"ngg-gallery-thumbnail\">\n            <a href=\"https:\/\/www.camperonline.it\/magazine\/wp-content\/gallery\/salone-del-camper-2021-roller-team\/Livingstone-Duo-XL-11.jpg\"\n               title=\"\"\n               data-src=\"https:\/\/www.camperonline.it\/magazine\/wp-content\/gallery\/salone-del-camper-2021-roller-team\/Livingstone-Duo-XL-11.jpg\"\n               data-thumbnail=\"https:\/\/www.camperonline.it\/magazine\/wp-content\/gallery\/salone-del-camper-2021-roller-team\/thumbs\/thumbs_Livingstone-Duo-XL-11.jpg\"\n               data-image-id=\"124138\"\n               data-title=\"Livingstone-Duo-XL-11\"\n               data-description=\"\"\n               data-image-slug=\"livingstone-duo-xl-11\"\n               class=\"ngg-fancybox\" rel=\"25ecb72a9b2c239dcb2b0da1e693f83c\">\n                <img\n                    title=\"Livingstone-Duo-XL-11\"\n                    alt=\"Livingstone-Duo-XL-11\"\n                    src=\"https:\/\/www.camperonline.it\/magazine\/wp-content\/gallery\/salone-del-camper-2021-roller-team\/thumbs\/thumbs_Livingstone-Duo-XL-11.jpg\"\n                    width=\"240\"\n                    height=\"160\"\n                    style=\"max-width:100%;\"\n                \/>\n            <\/a>\n        <\/div>\n\t\t\t\t\t\t\t<\/div> \n\t\t\t\n\t\t\t\t<div id=\"ngg-image-11\" class=\"ngg-gallery-thumbnail-box ngg-5-columns\" >\n\t\t\t\t        <div class=\"ngg-gallery-thumbnail\">\n            <a href=\"https:\/\/www.camperonline.it\/magazine\/wp-content\/gallery\/salone-del-camper-2021-roller-team\/Livingstone-Duo-XL-12.jpg\"\n               title=\"\"\n               data-src=\"https:\/\/www.camperonline.it\/magazine\/wp-content\/gallery\/salone-del-camper-2021-roller-team\/Livingstone-Duo-XL-12.jpg\"\n               data-thumbnail=\"https:\/\/www.camperonline.it\/magazine\/wp-content\/gallery\/salone-del-camper-2021-roller-team\/thumbs\/thumbs_Livingstone-Duo-XL-12.jpg\"\n               data-image-id=\"124139\"\n               data-title=\"Livingstone-Duo-XL-12\"\n               data-description=\"\"\n               data-image-slug=\"livingstone-duo-xl-12\"\n               class=\"ngg-fancybox\" rel=\"25ecb72a9b2c239dcb2b0da1e693f83c\">\n                <img\n                    title=\"Livingstone-Duo-XL-12\"\n                    alt=\"Livingstone-Duo-XL-12\"\n                    src=\"https:\/\/www.camperonline.it\/magazine\/wp-content\/gallery\/salone-del-camper-2021-roller-team\/thumbs\/thumbs_Livingstone-Duo-XL-12.jpg\"\n                    width=\"240\"\n                    height=\"160\"\n                    style=\"max-width:100%;\"\n                \/>\n            <\/a>\n        <\/div>\n\t\t\t\t\t\t\t<\/div> \n\t\t\t\n\t\t\t\t<div id=\"ngg-image-12\" class=\"ngg-gallery-thumbnail-box ngg-5-columns\" >\n\t\t\t\t        <div class=\"ngg-gallery-thumbnail\">\n            <a href=\"https:\/\/www.camperonline.it\/magazine\/wp-content\/gallery\/salone-del-camper-2021-roller-team\/Livingstone-Duo-XL-13.jpg\"\n               title=\"\"\n               data-src=\"https:\/\/www.camperonline.it\/magazine\/wp-content\/gallery\/salone-del-camper-2021-roller-team\/Livingstone-Duo-XL-13.jpg\"\n               data-thumbnail=\"https:\/\/www.camperonline.it\/magazine\/wp-content\/gallery\/salone-del-camper-2021-roller-team\/thumbs\/thumbs_Livingstone-Duo-XL-13.jpg\"\n               data-image-id=\"124140\"\n               data-title=\"Livingstone-Duo-XL-13\"\n               data-description=\"\"\n               data-image-slug=\"livingstone-duo-xl-13\"\n               class=\"ngg-fancybox\" rel=\"25ecb72a9b2c239dcb2b0da1e693f83c\">\n                <img\n                    title=\"Livingstone-Duo-XL-13\"\n                    alt=\"Livingstone-Duo-XL-13\"\n                    src=\"https:\/\/www.camperonline.it\/magazine\/wp-content\/gallery\/salone-del-camper-2021-roller-team\/thumbs\/thumbs_Livingstone-Duo-XL-13.jpg\"\n                    width=\"240\"\n                    height=\"160\"\n                    style=\"max-width:100%;\"\n                \/>\n            <\/a>\n        <\/div>\n\t\t\t\t\t\t\t<\/div> \n\t\t\t\n\t\t\t\t<div id=\"ngg-image-13\" class=\"ngg-gallery-thumbnail-box ngg-5-columns\" >\n\t\t\t\t        <div class=\"ngg-gallery-thumbnail\">\n            <a href=\"https:\/\/www.camperonline.it\/magazine\/wp-content\/gallery\/salone-del-camper-2021-roller-team\/Livingstone-K2-1.jpg\"\n               title=\"\"\n               data-src=\"https:\/\/www.camperonline.it\/magazine\/wp-content\/gallery\/salone-del-camper-2021-roller-team\/Livingstone-K2-1.jpg\"\n               data-thumbnail=\"https:\/\/www.camperonline.it\/magazine\/wp-content\/gallery\/salone-del-camper-2021-roller-team\/thumbs\/thumbs_Livingstone-K2-1.jpg\"\n               data-image-id=\"124141\"\n               data-title=\"Livingstone-K2-1\"\n               data-description=\"\"\n               data-image-slug=\"livingstone-k2-1\"\n               class=\"ngg-fancybox\" rel=\"25ecb72a9b2c239dcb2b0da1e693f83c\">\n                <img\n                    title=\"Livingstone-K2-1\"\n                    alt=\"Livingstone-K2-1\"\n                    src=\"https:\/\/www.camperonline.it\/magazine\/wp-content\/gallery\/salone-del-camper-2021-roller-team\/thumbs\/thumbs_Livingstone-K2-1.jpg\"\n                    width=\"240\"\n                    height=\"160\"\n                    style=\"max-width:100%;\"\n                \/>\n            <\/a>\n        <\/div>\n\t\t\t\t\t\t\t<\/div> \n\t\t\t\n\t\t\t\t<div id=\"ngg-image-14\" class=\"ngg-gallery-thumbnail-box ngg-5-columns\" >\n\t\t\t\t        <div class=\"ngg-gallery-thumbnail\">\n            <a href=\"https:\/\/www.camperonline.it\/magazine\/wp-content\/gallery\/salone-del-camper-2021-roller-team\/Livingstone-K2-13.jpg\"\n               title=\"\"\n               data-src=\"https:\/\/www.camperonline.it\/magazine\/wp-content\/gallery\/salone-del-camper-2021-roller-team\/Livingstone-K2-13.jpg\"\n               data-thumbnail=\"https:\/\/www.camperonline.it\/magazine\/wp-content\/gallery\/salone-del-camper-2021-roller-team\/thumbs\/thumbs_Livingstone-K2-13.jpg\"\n               data-image-id=\"124153\"\n               data-title=\"Livingstone-K2-13\"\n               data-description=\"\"\n               data-image-slug=\"livingstone-k2-13\"\n               class=\"ngg-fancybox\" rel=\"25ecb72a9b2c239dcb2b0da1e693f83c\">\n                <img\n                    title=\"Livingstone-K2-13\"\n                    alt=\"Livingstone-K2-13\"\n                    src=\"https:\/\/www.camperonline.it\/magazine\/wp-content\/gallery\/salone-del-camper-2021-roller-team\/thumbs\/thumbs_Livingstone-K2-13.jpg\"\n                    width=\"240\"\n                    height=\"160\"\n                    style=\"max-width:100%;\"\n                \/>\n            <\/a>\n        <\/div>\n\t\t\t\t\t\t\t<\/div> \n\t\t\t\n\t\t\t\t<div id=\"ngg-image-15\" class=\"ngg-gallery-thumbnail-box ngg-5-columns\" >\n\t\t\t\t        <div class=\"ngg-gallery-thumbnail\">\n            <a href=\"https:\/\/www.camperonline.it\/magazine\/wp-content\/gallery\/salone-del-camper-2021-roller-team\/Livingstone-K2-11.jpg\"\n               title=\"\"\n               data-src=\"https:\/\/www.camperonline.it\/magazine\/wp-content\/gallery\/salone-del-camper-2021-roller-team\/Livingstone-K2-11.jpg\"\n               data-thumbnail=\"https:\/\/www.camperonline.it\/magazine\/wp-content\/gallery\/salone-del-camper-2021-roller-team\/thumbs\/thumbs_Livingstone-K2-11.jpg\"\n               data-image-id=\"124151\"\n               data-title=\"Livingstone-K2-11\"\n               data-description=\"\"\n               data-image-slug=\"livingstone-k2-11\"\n               class=\"ngg-fancybox\" rel=\"25ecb72a9b2c239dcb2b0da1e693f83c\">\n                <img\n                    title=\"Livingstone-K2-11\"\n                    alt=\"Livingstone-K2-11\"\n                    src=\"https:\/\/www.camperonline.it\/magazine\/wp-content\/gallery\/salone-del-camper-2021-roller-team\/thumbs\/thumbs_Livingstone-K2-11.jpg\"\n                    width=\"240\"\n                    height=\"160\"\n                    style=\"max-width:100%;\"\n                \/>\n            <\/a>\n        <\/div>\n\t\t\t\t\t\t\t<\/div> \n\t\t\t\n\t\t\t\t<div id=\"ngg-image-16\" class=\"ngg-gallery-thumbnail-box ngg-5-columns\" >\n\t\t\t\t        <div class=\"ngg-gallery-thumbnail\">\n            <a href=\"https:\/\/www.camperonline.it\/magazine\/wp-content\/gallery\/salone-del-camper-2021-roller-team\/Livingstone-K2-2.jpg\"\n               title=\"\"\n               data-src=\"https:\/\/www.camperonline.it\/magazine\/wp-content\/gallery\/salone-del-camper-2021-roller-team\/Livingstone-K2-2.jpg\"\n               data-thumbnail=\"https:\/\/www.camperonline.it\/magazine\/wp-content\/gallery\/salone-del-camper-2021-roller-team\/thumbs\/thumbs_Livingstone-K2-2.jpg\"\n               data-image-id=\"124142\"\n               data-title=\"Livingstone-K2-2\"\n               data-description=\"\"\n               data-image-slug=\"livingstone-k2-2\"\n               class=\"ngg-fancybox\" rel=\"25ecb72a9b2c239dcb2b0da1e693f83c\">\n                <img\n                    title=\"Livingstone-K2-2\"\n                    alt=\"Livingstone-K2-2\"\n                    src=\"https:\/\/www.camperonline.it\/magazine\/wp-content\/gallery\/salone-del-camper-2021-roller-team\/thumbs\/thumbs_Livingstone-K2-2.jpg\"\n                    width=\"240\"\n                    height=\"160\"\n                    style=\"max-width:100%;\"\n                \/>\n            <\/a>\n        <\/div>\n\t\t\t\t\t\t\t<\/div> \n\t\t\t\n\t\t\t\t<div id=\"ngg-image-17\" class=\"ngg-gallery-thumbnail-box ngg-5-columns\" >\n\t\t\t\t        <div class=\"ngg-gallery-thumbnail\">\n            <a href=\"https:\/\/www.camperonline.it\/magazine\/wp-content\/gallery\/salone-del-camper-2021-roller-team\/Livingstone-K2-3.jpg\"\n               title=\"\"\n               data-src=\"https:\/\/www.camperonline.it\/magazine\/wp-content\/gallery\/salone-del-camper-2021-roller-team\/Livingstone-K2-3.jpg\"\n               data-thumbnail=\"https:\/\/www.camperonline.it\/magazine\/wp-content\/gallery\/salone-del-camper-2021-roller-team\/thumbs\/thumbs_Livingstone-K2-3.jpg\"\n               data-image-id=\"124143\"\n               data-title=\"Livingstone-K2-3\"\n               data-description=\"\"\n               data-image-slug=\"livingstone-k2-3\"\n               class=\"ngg-fancybox\" rel=\"25ecb72a9b2c239dcb2b0da1e693f83c\">\n                <img\n                    title=\"Livingstone-K2-3\"\n                    alt=\"Livingstone-K2-3\"\n                    src=\"https:\/\/www.camperonline.it\/magazine\/wp-content\/gallery\/salone-del-camper-2021-roller-team\/thumbs\/thumbs_Livingstone-K2-3.jpg\"\n                    width=\"240\"\n                    height=\"160\"\n                    style=\"max-width:100%;\"\n                \/>\n            <\/a>\n        <\/div>\n\t\t\t\t\t\t\t<\/div> \n\t\t\t\n\t\t\t\t<div id=\"ngg-image-18\" class=\"ngg-gallery-thumbnail-box ngg-5-columns\" >\n\t\t\t\t        <div class=\"ngg-gallery-thumbnail\">\n            <a href=\"https:\/\/www.camperonline.it\/magazine\/wp-content\/gallery\/salone-del-camper-2021-roller-team\/Livingstone-K2-4.jpg\"\n               title=\"\"\n               data-src=\"https:\/\/www.camperonline.it\/magazine\/wp-content\/gallery\/salone-del-camper-2021-roller-team\/Livingstone-K2-4.jpg\"\n               data-thumbnail=\"https:\/\/www.camperonline.it\/magazine\/wp-content\/gallery\/salone-del-camper-2021-roller-team\/thumbs\/thumbs_Livingstone-K2-4.jpg\"\n               data-image-id=\"124144\"\n               data-title=\"Livingstone-K2-4\"\n               data-description=\"\"\n               data-image-slug=\"livingstone-k2-4\"\n               class=\"ngg-fancybox\" rel=\"25ecb72a9b2c239dcb2b0da1e693f83c\">\n                <img\n                    title=\"Livingstone-K2-4\"\n                    alt=\"Livingstone-K2-4\"\n                    src=\"https:\/\/www.camperonline.it\/magazine\/wp-content\/gallery\/salone-del-camper-2021-roller-team\/thumbs\/thumbs_Livingstone-K2-4.jpg\"\n                    width=\"240\"\n                    height=\"160\"\n                    style=\"max-width:100%;\"\n                \/>\n            <\/a>\n        <\/div>\n\t\t\t\t\t\t\t<\/div> \n\t\t\t\n\t\t\t\t<div id=\"ngg-image-19\" class=\"ngg-gallery-thumbnail-box ngg-5-columns\" >\n\t\t\t\t        <div class=\"ngg-gallery-thumbnail\">\n            <a href=\"https:\/\/www.camperonline.it\/magazine\/wp-content\/gallery\/salone-del-camper-2021-roller-team\/Livingstone-K2-5.jpg\"\n               title=\"\"\n               data-src=\"https:\/\/www.camperonline.it\/magazine\/wp-content\/gallery\/salone-del-camper-2021-roller-team\/Livingstone-K2-5.jpg\"\n               data-thumbnail=\"https:\/\/www.camperonline.it\/magazine\/wp-content\/gallery\/salone-del-camper-2021-roller-team\/thumbs\/thumbs_Livingstone-K2-5.jpg\"\n               data-image-id=\"124145\"\n               data-title=\"Livingstone-K2-5\"\n               data-description=\"\"\n               data-image-slug=\"livingstone-k2-5\"\n               class=\"ngg-fancybox\" rel=\"25ecb72a9b2c239dcb2b0da1e693f83c\">\n                <img\n                    title=\"Livingstone-K2-5\"\n                    alt=\"Livingstone-K2-5\"\n                    src=\"https:\/\/www.camperonline.it\/magazine\/wp-content\/gallery\/salone-del-camper-2021-roller-team\/thumbs\/thumbs_Livingstone-K2-5.jpg\"\n                    width=\"240\"\n                    height=\"160\"\n                    style=\"max-width:100%;\"\n                \/>\n            <\/a>\n        <\/div>\n\t\t\t\t\t\t\t<\/div> \n\t\t\t\n\t\t\t\t<div id=\"ngg-image-20\" class=\"ngg-gallery-thumbnail-box ngg-5-columns\" >\n\t\t\t\t        <div class=\"ngg-gallery-thumbnail\">\n            <a href=\"https:\/\/www.camperonline.it\/magazine\/wp-content\/gallery\/salone-del-camper-2021-roller-team\/Livingstone-K2-7.jpg\"\n               title=\"\"\n               data-src=\"https:\/\/www.camperonline.it\/magazine\/wp-content\/gallery\/salone-del-camper-2021-roller-team\/Livingstone-K2-7.jpg\"\n               data-thumbnail=\"https:\/\/www.camperonline.it\/magazine\/wp-content\/gallery\/salone-del-camper-2021-roller-team\/thumbs\/thumbs_Livingstone-K2-7.jpg\"\n               data-image-id=\"124147\"\n               data-title=\"Livingstone-K2-7\"\n               data-description=\"\"\n               data-image-slug=\"livingstone-k2-7\"\n               class=\"ngg-fancybox\" rel=\"25ecb72a9b2c239dcb2b0da1e693f83c\">\n                <img\n                    title=\"Livingstone-K2-7\"\n                    alt=\"Livingstone-K2-7\"\n                    src=\"https:\/\/www.camperonline.it\/magazine\/wp-content\/gallery\/salone-del-camper-2021-roller-team\/thumbs\/thumbs_Livingstone-K2-7.jpg\"\n                    width=\"240\"\n                    height=\"160\"\n                    style=\"max-width:100%;\"\n                \/>\n            <\/a>\n        <\/div>\n\t\t\t\t\t\t\t<\/div> \n\t\t\t\n\t\t\t\t<div id=\"ngg-image-21\" class=\"ngg-gallery-thumbnail-box ngg-5-columns\" >\n\t\t\t\t        <div class=\"ngg-gallery-thumbnail\">\n            <a href=\"https:\/\/www.camperonline.it\/magazine\/wp-content\/gallery\/salone-del-camper-2021-roller-team\/Livingstone-K2-6.jpg\"\n               title=\"\"\n               data-src=\"https:\/\/www.camperonline.it\/magazine\/wp-content\/gallery\/salone-del-camper-2021-roller-team\/Livingstone-K2-6.jpg\"\n               data-thumbnail=\"https:\/\/www.camperonline.it\/magazine\/wp-content\/gallery\/salone-del-camper-2021-roller-team\/thumbs\/thumbs_Livingstone-K2-6.jpg\"\n               data-image-id=\"124146\"\n               data-title=\"Livingstone-K2-6\"\n               data-description=\"\"\n               data-image-slug=\"livingstone-k2-6\"\n               class=\"ngg-fancybox\" rel=\"25ecb72a9b2c239dcb2b0da1e693f83c\">\n                <img\n                    title=\"Livingstone-K2-6\"\n                    alt=\"Livingstone-K2-6\"\n                    src=\"https:\/\/www.camperonline.it\/magazine\/wp-content\/gallery\/salone-del-camper-2021-roller-team\/thumbs\/thumbs_Livingstone-K2-6.jpg\"\n                    width=\"240\"\n                    height=\"160\"\n                    style=\"max-width:100%;\"\n                \/>\n            <\/a>\n        <\/div>\n\t\t\t\t\t\t\t<\/div> \n\t\t\t\n\t\t\t\t<div id=\"ngg-image-22\" class=\"ngg-gallery-thumbnail-box ngg-5-columns\" >\n\t\t\t\t        <div class=\"ngg-gallery-thumbnail\">\n            <a href=\"https:\/\/www.camperonline.it\/magazine\/wp-content\/gallery\/salone-del-camper-2021-roller-team\/Livingstone-K2-8.jpg\"\n               title=\"\"\n               data-src=\"https:\/\/www.camperonline.it\/magazine\/wp-content\/gallery\/salone-del-camper-2021-roller-team\/Livingstone-K2-8.jpg\"\n               data-thumbnail=\"https:\/\/www.camperonline.it\/magazine\/wp-content\/gallery\/salone-del-camper-2021-roller-team\/thumbs\/thumbs_Livingstone-K2-8.jpg\"\n               data-image-id=\"124148\"\n               data-title=\"Livingstone-K2-8\"\n               data-description=\"\"\n               data-image-slug=\"livingstone-k2-8\"\n               class=\"ngg-fancybox\" rel=\"25ecb72a9b2c239dcb2b0da1e693f83c\">\n                <img\n                    title=\"Livingstone-K2-8\"\n                    alt=\"Livingstone-K2-8\"\n                    src=\"https:\/\/www.camperonline.it\/magazine\/wp-content\/gallery\/salone-del-camper-2021-roller-team\/thumbs\/thumbs_Livingstone-K2-8.jpg\"\n                    width=\"240\"\n                    height=\"160\"\n                    style=\"max-width:100%;\"\n                \/>\n            <\/a>\n        <\/div>\n\t\t\t\t\t\t\t<\/div> \n\t\t\t\n\t\t\t\t<div id=\"ngg-image-23\" class=\"ngg-gallery-thumbnail-box ngg-5-columns\" >\n\t\t\t\t        <div class=\"ngg-gallery-thumbnail\">\n            <a href=\"https:\/\/www.camperonline.it\/magazine\/wp-content\/gallery\/salone-del-camper-2021-roller-team\/Livingstone-K2-9.jpg\"\n               title=\"\"\n               data-src=\"https:\/\/www.camperonline.it\/magazine\/wp-content\/gallery\/salone-del-camper-2021-roller-team\/Livingstone-K2-9.jpg\"\n               data-thumbnail=\"https:\/\/www.camperonline.it\/magazine\/wp-content\/gallery\/salone-del-camper-2021-roller-team\/thumbs\/thumbs_Livingstone-K2-9.jpg\"\n               data-image-id=\"124149\"\n               data-title=\"Livingstone-K2-9\"\n               data-description=\"\"\n               data-image-slug=\"livingstone-k2-9\"\n               class=\"ngg-fancybox\" rel=\"25ecb72a9b2c239dcb2b0da1e693f83c\">\n                <img\n                    title=\"Livingstone-K2-9\"\n                    alt=\"Livingstone-K2-9\"\n                    src=\"https:\/\/www.camperonline.it\/magazine\/wp-content\/gallery\/salone-del-camper-2021-roller-team\/thumbs\/thumbs_Livingstone-K2-9.jpg\"\n                    width=\"240\"\n                    height=\"160\"\n                    style=\"max-width:100%;\"\n                \/>\n            <\/a>\n        <\/div>\n\t\t\t\t\t\t\t<\/div> \n\t\t\t\n\t\t\t\t<div id=\"ngg-image-24\" class=\"ngg-gallery-thumbnail-box ngg-5-columns\" >\n\t\t\t\t        <div class=\"ngg-gallery-thumbnail\">\n            <a href=\"https:\/\/www.camperonline.it\/magazine\/wp-content\/gallery\/salone-del-camper-2021-roller-team\/Livingstone-K2-10.jpg\"\n               title=\"\"\n               data-src=\"https:\/\/www.camperonline.it\/magazine\/wp-content\/gallery\/salone-del-camper-2021-roller-team\/Livingstone-K2-10.jpg\"\n               data-thumbnail=\"https:\/\/www.camperonline.it\/magazine\/wp-content\/gallery\/salone-del-camper-2021-roller-team\/thumbs\/thumbs_Livingstone-K2-10.jpg\"\n               data-image-id=\"124150\"\n               data-title=\"Livingstone-K2-10\"\n               data-description=\"\"\n               data-image-slug=\"livingstone-k2-10\"\n               class=\"ngg-fancybox\" rel=\"25ecb72a9b2c239dcb2b0da1e693f83c\">\n                <img\n                    title=\"Livingstone-K2-10\"\n                    alt=\"Livingstone-K2-10\"\n                    src=\"https:\/\/www.camperonline.it\/magazine\/wp-content\/gallery\/salone-del-camper-2021-roller-team\/thumbs\/thumbs_Livingstone-K2-10.jpg\"\n                    width=\"240\"\n                    height=\"160\"\n                    style=\"max-width:100%;\"\n                \/>\n            <\/a>\n        <\/div>\n\t\t\t\t\t\t\t<\/div> \n\t\t\t\n\t\t\t\t<div id=\"ngg-image-25\" class=\"ngg-gallery-thumbnail-box ngg-5-columns\" >\n\t\t\t\t        <div class=\"ngg-gallery-thumbnail\">\n            <a href=\"https:\/\/www.camperonline.it\/magazine\/wp-content\/gallery\/salone-del-camper-2021-roller-team\/Livingstone-K2-12.jpg\"\n               title=\"\"\n               data-src=\"https:\/\/www.camperonline.it\/magazine\/wp-content\/gallery\/salone-del-camper-2021-roller-team\/Livingstone-K2-12.jpg\"\n               data-thumbnail=\"https:\/\/www.camperonline.it\/magazine\/wp-content\/gallery\/salone-del-camper-2021-roller-team\/thumbs\/thumbs_Livingstone-K2-12.jpg\"\n               data-image-id=\"124152\"\n               data-title=\"Livingstone-K2-12\"\n               data-description=\"\"\n               data-image-slug=\"livingstone-k2-12\"\n               class=\"ngg-fancybox\" rel=\"25ecb72a9b2c239dcb2b0da1e693f83c\">\n                <img\n                    title=\"Livingstone-K2-12\"\n                    alt=\"Livingstone-K2-12\"\n                    src=\"https:\/\/www.camperonline.it\/magazine\/wp-content\/gallery\/salone-del-camper-2021-roller-team\/thumbs\/thumbs_Livingstone-K2-12.jpg\"\n                    width=\"240\"\n                    height=\"160\"\n                    style=\"max-width:100%;\"\n                \/>\n            <\/a>\n        <\/div>\n\t\t\t\t\t\t\t<\/div> \n\t\t\t\n\t\t\t\t<div id=\"ngg-image-26\" class=\"ngg-gallery-thumbnail-box ngg-5-columns\" >\n\t\t\t\t        <div class=\"ngg-gallery-thumbnail\">\n            <a href=\"https:\/\/www.camperonline.it\/magazine\/wp-content\/gallery\/salone-del-camper-2021-roller-team\/Kronos-285-P-3.jpg\"\n               title=\"\"\n               data-src=\"https:\/\/www.camperonline.it\/magazine\/wp-content\/gallery\/salone-del-camper-2021-roller-team\/Kronos-285-P-3.jpg\"\n               data-thumbnail=\"https:\/\/www.camperonline.it\/magazine\/wp-content\/gallery\/salone-del-camper-2021-roller-team\/thumbs\/thumbs_Kronos-285-P-3.jpg\"\n               data-image-id=\"124156\"\n               data-title=\"Kronos-285-P-3\"\n               data-description=\"\"\n               data-image-slug=\"kronos-285-p-3\"\n               class=\"ngg-fancybox\" rel=\"25ecb72a9b2c239dcb2b0da1e693f83c\">\n                <img\n                    title=\"Kronos-285-P-3\"\n                    alt=\"Kronos-285-P-3\"\n                    src=\"https:\/\/www.camperonline.it\/magazine\/wp-content\/gallery\/salone-del-camper-2021-roller-team\/thumbs\/thumbs_Kronos-285-P-3.jpg\"\n                    width=\"240\"\n                    height=\"160\"\n                    style=\"max-width:100%;\"\n                \/>\n            <\/a>\n        <\/div>\n\t\t\t\t\t\t\t<\/div> \n\t\t\t\n\t\t\t\t<div id=\"ngg-image-27\" class=\"ngg-gallery-thumbnail-box ngg-5-columns\" >\n\t\t\t\t        <div class=\"ngg-gallery-thumbnail\">\n            <a href=\"https:\/\/www.camperonline.it\/magazine\/wp-content\/gallery\/salone-del-camper-2021-roller-team\/Kronos-285-P-1.jpg\"\n               title=\"\"\n               data-src=\"https:\/\/www.camperonline.it\/magazine\/wp-content\/gallery\/salone-del-camper-2021-roller-team\/Kronos-285-P-1.jpg\"\n               data-thumbnail=\"https:\/\/www.camperonline.it\/magazine\/wp-content\/gallery\/salone-del-camper-2021-roller-team\/thumbs\/thumbs_Kronos-285-P-1.jpg\"\n               data-image-id=\"124154\"\n               data-title=\"Kronos-285-P-1\"\n               data-description=\"\"\n               data-image-slug=\"kronos-285-p-1\"\n               class=\"ngg-fancybox\" rel=\"25ecb72a9b2c239dcb2b0da1e693f83c\">\n                <img\n                    title=\"Kronos-285-P-1\"\n                    alt=\"Kronos-285-P-1\"\n                    src=\"https:\/\/www.camperonline.it\/magazine\/wp-content\/gallery\/salone-del-camper-2021-roller-team\/thumbs\/thumbs_Kronos-285-P-1.jpg\"\n                    width=\"240\"\n                    height=\"160\"\n                    style=\"max-width:100%;\"\n                \/>\n            <\/a>\n        <\/div>\n\t\t\t\t\t\t\t<\/div> \n\t\t\t\n\t\t\t\t<div id=\"ngg-image-28\" class=\"ngg-gallery-thumbnail-box ngg-5-columns\" >\n\t\t\t\t        <div class=\"ngg-gallery-thumbnail\">\n            <a href=\"https:\/\/www.camperonline.it\/magazine\/wp-content\/gallery\/salone-del-camper-2021-roller-team\/Kronos-285-P-2.jpg\"\n               title=\"\"\n               data-src=\"https:\/\/www.camperonline.it\/magazine\/wp-content\/gallery\/salone-del-camper-2021-roller-team\/Kronos-285-P-2.jpg\"\n               data-thumbnail=\"https:\/\/www.camperonline.it\/magazine\/wp-content\/gallery\/salone-del-camper-2021-roller-team\/thumbs\/thumbs_Kronos-285-P-2.jpg\"\n               data-image-id=\"124155\"\n               data-title=\"Kronos-285-P-2\"\n               data-description=\"\"\n               data-image-slug=\"kronos-285-p-2\"\n               class=\"ngg-fancybox\" rel=\"25ecb72a9b2c239dcb2b0da1e693f83c\">\n                <img\n                    title=\"Kronos-285-P-2\"\n                    alt=\"Kronos-285-P-2\"\n                    src=\"https:\/\/www.camperonline.it\/magazine\/wp-content\/gallery\/salone-del-camper-2021-roller-team\/thumbs\/thumbs_Kronos-285-P-2.jpg\"\n                    width=\"240\"\n                    height=\"160\"\n                    style=\"max-width:100%;\"\n                \/>\n            <\/a>\n        <\/div>\n\t\t\t\t\t\t\t<\/div> \n\t\t\t\n\t\t\t\t<div id=\"ngg-image-29\" class=\"ngg-gallery-thumbnail-box ngg-5-columns\" >\n\t\t\t\t        <div class=\"ngg-gallery-thumbnail\">\n            <a href=\"https:\/\/www.camperonline.it\/magazine\/wp-content\/gallery\/salone-del-camper-2021-roller-team\/Kronos-285-P-4.jpg\"\n               title=\"\"\n               data-src=\"https:\/\/www.camperonline.it\/magazine\/wp-content\/gallery\/salone-del-camper-2021-roller-team\/Kronos-285-P-4.jpg\"\n               data-thumbnail=\"https:\/\/www.camperonline.it\/magazine\/wp-content\/gallery\/salone-del-camper-2021-roller-team\/thumbs\/thumbs_Kronos-285-P-4.jpg\"\n               data-image-id=\"124157\"\n               data-title=\"Kronos-285-P-4\"\n               data-description=\"\"\n               data-image-slug=\"kronos-285-p-4\"\n               class=\"ngg-fancybox\" rel=\"25ecb72a9b2c239dcb2b0da1e693f83c\">\n                <img\n                    title=\"Kronos-285-P-4\"\n                    alt=\"Kronos-285-P-4\"\n                    src=\"https:\/\/www.camperonline.it\/magazine\/wp-content\/gallery\/salone-del-camper-2021-roller-team\/thumbs\/thumbs_Kronos-285-P-4.jpg\"\n                    width=\"240\"\n                    height=\"160\"\n                    style=\"max-width:100%;\"\n                \/>\n            <\/a>\n        <\/div>\n\t\t\t\t\t\t\t<\/div> \n\t\t\t\n\t\t\t\t<div id=\"ngg-image-30\" class=\"ngg-gallery-thumbnail-box ngg-5-columns\" >\n\t\t\t\t        <div class=\"ngg-gallery-thumbnail\">\n            <a href=\"https:\/\/www.camperonline.it\/magazine\/wp-content\/gallery\/salone-del-camper-2021-roller-team\/Kronos-285-P-5.jpg\"\n               title=\"\"\n               data-src=\"https:\/\/www.camperonline.it\/magazine\/wp-content\/gallery\/salone-del-camper-2021-roller-team\/Kronos-285-P-5.jpg\"\n               data-thumbnail=\"https:\/\/www.camperonline.it\/magazine\/wp-content\/gallery\/salone-del-camper-2021-roller-team\/thumbs\/thumbs_Kronos-285-P-5.jpg\"\n               data-image-id=\"124158\"\n               data-title=\"Kronos-285-P-5\"\n               data-description=\"\"\n               data-image-slug=\"kronos-285-p-5\"\n               class=\"ngg-fancybox\" rel=\"25ecb72a9b2c239dcb2b0da1e693f83c\">\n                <img\n                    title=\"Kronos-285-P-5\"\n                    alt=\"Kronos-285-P-5\"\n                    src=\"https:\/\/www.camperonline.it\/magazine\/wp-content\/gallery\/salone-del-camper-2021-roller-team\/thumbs\/thumbs_Kronos-285-P-5.jpg\"\n                    width=\"240\"\n                    height=\"160\"\n                    style=\"max-width:100%;\"\n                \/>\n            <\/a>\n        <\/div>\n\t\t\t\t\t\t\t<\/div> \n\t\t\t\n\t\t\t\t<div id=\"ngg-image-31\" class=\"ngg-gallery-thumbnail-box ngg-5-columns\" >\n\t\t\t\t        <div class=\"ngg-gallery-thumbnail\">\n            <a href=\"https:\/\/www.camperonline.it\/magazine\/wp-content\/gallery\/salone-del-camper-2021-roller-team\/Kronos-285-P-6.jpg\"\n               title=\"\"\n               data-src=\"https:\/\/www.camperonline.it\/magazine\/wp-content\/gallery\/salone-del-camper-2021-roller-team\/Kronos-285-P-6.jpg\"\n               data-thumbnail=\"https:\/\/www.camperonline.it\/magazine\/wp-content\/gallery\/salone-del-camper-2021-roller-team\/thumbs\/thumbs_Kronos-285-P-6.jpg\"\n               data-image-id=\"124159\"\n               data-title=\"Kronos-285-P-6\"\n               data-description=\"\"\n               data-image-slug=\"kronos-285-p-6\"\n               class=\"ngg-fancybox\" rel=\"25ecb72a9b2c239dcb2b0da1e693f83c\">\n                <img\n                    title=\"Kronos-285-P-6\"\n                    alt=\"Kronos-285-P-6\"\n                    src=\"https:\/\/www.camperonline.it\/magazine\/wp-content\/gallery\/salone-del-camper-2021-roller-team\/thumbs\/thumbs_Kronos-285-P-6.jpg\"\n                    width=\"240\"\n                    height=\"160\"\n                    style=\"max-width:100%;\"\n                \/>\n            <\/a>\n        <\/div>\n\t\t\t\t\t\t\t<\/div> \n\t\t\t\n\t\t\t\t<div id=\"ngg-image-32\" class=\"ngg-gallery-thumbnail-box ngg-5-columns\" >\n\t\t\t\t        <div class=\"ngg-gallery-thumbnail\">\n            <a href=\"https:\/\/www.camperonline.it\/magazine\/wp-content\/gallery\/salone-del-camper-2021-roller-team\/Kronos-285-P-7.jpg\"\n               title=\"\"\n               data-src=\"https:\/\/www.camperonline.it\/magazine\/wp-content\/gallery\/salone-del-camper-2021-roller-team\/Kronos-285-P-7.jpg\"\n               data-thumbnail=\"https:\/\/www.camperonline.it\/magazine\/wp-content\/gallery\/salone-del-camper-2021-roller-team\/thumbs\/thumbs_Kronos-285-P-7.jpg\"\n               data-image-id=\"124160\"\n               data-title=\"Kronos-285-P-7\"\n               data-description=\"\"\n               data-image-slug=\"kronos-285-p-7\"\n               class=\"ngg-fancybox\" rel=\"25ecb72a9b2c239dcb2b0da1e693f83c\">\n                <img\n                    title=\"Kronos-285-P-7\"\n                    alt=\"Kronos-285-P-7\"\n                    src=\"https:\/\/www.camperonline.it\/magazine\/wp-content\/gallery\/salone-del-camper-2021-roller-team\/thumbs\/thumbs_Kronos-285-P-7.jpg\"\n                    width=\"240\"\n                    height=\"160\"\n                    style=\"max-width:100%;\"\n                \/>\n            <\/a>\n        <\/div>\n\t\t\t\t\t\t\t<\/div> \n\t\t\t\n\t\t\t\t<div id=\"ngg-image-33\" class=\"ngg-gallery-thumbnail-box ngg-5-columns\" >\n\t\t\t\t        <div class=\"ngg-gallery-thumbnail\">\n            <a href=\"https:\/\/www.camperonline.it\/magazine\/wp-content\/gallery\/salone-del-camper-2021-roller-team\/Kronos-285-P-8.jpg\"\n               title=\"\"\n               data-src=\"https:\/\/www.camperonline.it\/magazine\/wp-content\/gallery\/salone-del-camper-2021-roller-team\/Kronos-285-P-8.jpg\"\n               data-thumbnail=\"https:\/\/www.camperonline.it\/magazine\/wp-content\/gallery\/salone-del-camper-2021-roller-team\/thumbs\/thumbs_Kronos-285-P-8.jpg\"\n               data-image-id=\"124161\"\n               data-title=\"Kronos-285-P-8\"\n               data-description=\"\"\n               data-image-slug=\"kronos-285-p-8\"\n               class=\"ngg-fancybox\" rel=\"25ecb72a9b2c239dcb2b0da1e693f83c\">\n                <img\n                    title=\"Kronos-285-P-8\"\n                    alt=\"Kronos-285-P-8\"\n                    src=\"https:\/\/www.camperonline.it\/magazine\/wp-content\/gallery\/salone-del-camper-2021-roller-team\/thumbs\/thumbs_Kronos-285-P-8.jpg\"\n                    width=\"240\"\n                    height=\"160\"\n                    style=\"max-width:100%;\"\n                \/>\n            <\/a>\n        <\/div>\n\t\t\t\t\t\t\t<\/div> \n\t\t\t\n\t\t\t\t<div id=\"ngg-image-34\" class=\"ngg-gallery-thumbnail-box ngg-5-columns\" >\n\t\t\t\t        <div class=\"ngg-gallery-thumbnail\">\n            <a href=\"https:\/\/www.camperonline.it\/magazine\/wp-content\/gallery\/salone-del-camper-2021-roller-team\/Kronos-285-P-12.jpg\"\n               title=\"\"\n               data-src=\"https:\/\/www.camperonline.it\/magazine\/wp-content\/gallery\/salone-del-camper-2021-roller-team\/Kronos-285-P-12.jpg\"\n               data-thumbnail=\"https:\/\/www.camperonline.it\/magazine\/wp-content\/gallery\/salone-del-camper-2021-roller-team\/thumbs\/thumbs_Kronos-285-P-12.jpg\"\n               data-image-id=\"124165\"\n               data-title=\"Kronos-285-P-12\"\n               data-description=\"\"\n               data-image-slug=\"kronos-285-p-12\"\n               class=\"ngg-fancybox\" rel=\"25ecb72a9b2c239dcb2b0da1e693f83c\">\n                <img\n                    title=\"Kronos-285-P-12\"\n                    alt=\"Kronos-285-P-12\"\n                    src=\"https:\/\/www.camperonline.it\/magazine\/wp-content\/gallery\/salone-del-camper-2021-roller-team\/thumbs\/thumbs_Kronos-285-P-12.jpg\"\n                    width=\"240\"\n                    height=\"160\"\n                    style=\"max-width:100%;\"\n                \/>\n            <\/a>\n        <\/div>\n\t\t\t\t\t\t\t<\/div> \n\t\t\t\n\t\t\t\t<div id=\"ngg-image-35\" class=\"ngg-gallery-thumbnail-box ngg-5-columns\" >\n\t\t\t\t        <div class=\"ngg-gallery-thumbnail\">\n            <a href=\"https:\/\/www.camperonline.it\/magazine\/wp-content\/gallery\/salone-del-camper-2021-roller-team\/Kronos-285-P-13.jpg\"\n               title=\"\"\n               data-src=\"https:\/\/www.camperonline.it\/magazine\/wp-content\/gallery\/salone-del-camper-2021-roller-team\/Kronos-285-P-13.jpg\"\n               data-thumbnail=\"https:\/\/www.camperonline.it\/magazine\/wp-content\/gallery\/salone-del-camper-2021-roller-team\/thumbs\/thumbs_Kronos-285-P-13.jpg\"\n               data-image-id=\"124166\"\n               data-title=\"Kronos-285-P-13\"\n               data-description=\"\"\n               data-image-slug=\"kronos-285-p-13\"\n               class=\"ngg-fancybox\" rel=\"25ecb72a9b2c239dcb2b0da1e693f83c\">\n                <img\n                    title=\"Kronos-285-P-13\"\n                    alt=\"Kronos-285-P-13\"\n                    src=\"https:\/\/www.camperonline.it\/magazine\/wp-content\/gallery\/salone-del-camper-2021-roller-team\/thumbs\/thumbs_Kronos-285-P-13.jpg\"\n                    width=\"240\"\n                    height=\"160\"\n                    style=\"max-width:100%;\"\n                \/>\n            <\/a>\n        <\/div>\n\t\t\t\t\t\t\t<\/div> \n\t\t\t\n\t\t\t\t<div id=\"ngg-image-36\" class=\"ngg-gallery-thumbnail-box ngg-5-columns\" >\n\t\t\t\t        <div class=\"ngg-gallery-thumbnail\">\n            <a href=\"https:\/\/www.camperonline.it\/magazine\/wp-content\/gallery\/salone-del-camper-2021-roller-team\/Kronos-285-P-11.jpg\"\n               title=\"\"\n               data-src=\"https:\/\/www.camperonline.it\/magazine\/wp-content\/gallery\/salone-del-camper-2021-roller-team\/Kronos-285-P-11.jpg\"\n               data-thumbnail=\"https:\/\/www.camperonline.it\/magazine\/wp-content\/gallery\/salone-del-camper-2021-roller-team\/thumbs\/thumbs_Kronos-285-P-11.jpg\"\n               data-image-id=\"124164\"\n               data-title=\"Kronos-285-P-11\"\n               data-description=\"\"\n               data-image-slug=\"kronos-285-p-11\"\n               class=\"ngg-fancybox\" rel=\"25ecb72a9b2c239dcb2b0da1e693f83c\">\n                <img\n                    title=\"Kronos-285-P-11\"\n                    alt=\"Kronos-285-P-11\"\n                    src=\"https:\/\/www.camperonline.it\/magazine\/wp-content\/gallery\/salone-del-camper-2021-roller-team\/thumbs\/thumbs_Kronos-285-P-11.jpg\"\n                    width=\"240\"\n                    height=\"160\"\n                    style=\"max-width:100%;\"\n                \/>\n            <\/a>\n        <\/div>\n\t\t\t\t\t\t\t<\/div> \n\t\t\t\n\t\t\t\t<div id=\"ngg-image-37\" class=\"ngg-gallery-thumbnail-box ngg-5-columns\" >\n\t\t\t\t        <div class=\"ngg-gallery-thumbnail\">\n            <a href=\"https:\/\/www.camperonline.it\/magazine\/wp-content\/gallery\/salone-del-camper-2021-roller-team\/Kronos-285-P-9.jpg\"\n               title=\"\"\n               data-src=\"https:\/\/www.camperonline.it\/magazine\/wp-content\/gallery\/salone-del-camper-2021-roller-team\/Kronos-285-P-9.jpg\"\n               data-thumbnail=\"https:\/\/www.camperonline.it\/magazine\/wp-content\/gallery\/salone-del-camper-2021-roller-team\/thumbs\/thumbs_Kronos-285-P-9.jpg\"\n               data-image-id=\"124162\"\n               data-title=\"Kronos-285-P-9\"\n               data-description=\"\"\n               data-image-slug=\"kronos-285-p-9\"\n               class=\"ngg-fancybox\" rel=\"25ecb72a9b2c239dcb2b0da1e693f83c\">\n                <img\n                    title=\"Kronos-285-P-9\"\n                    alt=\"Kronos-285-P-9\"\n                    src=\"https:\/\/www.camperonline.it\/magazine\/wp-content\/gallery\/salone-del-camper-2021-roller-team\/thumbs\/thumbs_Kronos-285-P-9.jpg\"\n                    width=\"240\"\n                    height=\"160\"\n                    style=\"max-width:100%;\"\n                \/>\n            <\/a>\n        <\/div>\n\t\t\t\t\t\t\t<\/div> \n\t\t\t\n\t\t\t\t<div id=\"ngg-image-38\" class=\"ngg-gallery-thumbnail-box ngg-5-columns\" >\n\t\t\t\t        <div class=\"ngg-gallery-thumbnail\">\n            <a href=\"https:\/\/www.camperonline.it\/magazine\/wp-content\/gallery\/salone-del-camper-2021-roller-team\/Kronos-285-P-10.jpg\"\n               title=\"\"\n               data-src=\"https:\/\/www.camperonline.it\/magazine\/wp-content\/gallery\/salone-del-camper-2021-roller-team\/Kronos-285-P-10.jpg\"\n               data-thumbnail=\"https:\/\/www.camperonline.it\/magazine\/wp-content\/gallery\/salone-del-camper-2021-roller-team\/thumbs\/thumbs_Kronos-285-P-10.jpg\"\n               data-image-id=\"124163\"\n               data-title=\"Kronos-285-P-10\"\n               data-description=\"\"\n               data-image-slug=\"kronos-285-p-10\"\n               class=\"ngg-fancybox\" rel=\"25ecb72a9b2c239dcb2b0da1e693f83c\">\n                <img\n                    title=\"Kronos-285-P-10\"\n                    alt=\"Kronos-285-P-10\"\n                    src=\"https:\/\/www.camperonline.it\/magazine\/wp-content\/gallery\/salone-del-camper-2021-roller-team\/thumbs\/thumbs_Kronos-285-P-10.jpg\"\n                    width=\"240\"\n                    height=\"160\"\n                    style=\"max-width:100%;\"\n                \/>\n            <\/a>\n        <\/div>\n\t\t\t\t\t\t\t<\/div> \n\t\t\t\n\t\n\t<br style=\"clear: both\" \/>\n\n\t\t<div class=\"slideshowlink\">\n        <a href='https:\/\/www.camperonline.it\/magazine\/2021\/10\/01\/salone-del-camper-2021-roller-team\/nggallery\/slideshow'>[Mostra slideshow]<\/a>\n\t\t\n\t<\/div>\n\t\n\t\t<!-- Pagination -->\n\t<div class='ngg-clear'><\/div>\t<\/div>\n\n","protected":false},"excerpt":{"rendered":"<p>Conferme, rinnovamenti e ampliamenti di gamma sono i punti cardini di Roller Team per la stagione 2022: in occasione del Salone del Camper di Parma, la factory toscana punta i riflettori sul nuovo tetto a soffietto destinato ai van e rinnova la sua offerta di veicoli profilati<\/p>\n","protected":false},"author":22,"featured_media":324182,"comment_status":"closed","ping_status":"open","sticky":false,"template":"","format":"standard","meta":{"ngg_post_thumbnail":0},"categories":[484,7,306,6390],"tags":[4722,6392,4692],"yoast_head":"<!-- This site is optimized with the Yoast SEO plugin v18.6 - https:\/\/yoast.com\/wordpress\/plugins\/seo\/ -->\n<title>Salone del Camper 2021: Roller Team - CamperOnLine Magazine<\/title>\n<meta name=\"description\" content=\"Conferme, rinnovamenti e ampliamenti di gamma sono i punti cardini di Roller Team per la stagione 2022: in occasione del Salone del Camper di Parma, la\" \/>\n<meta name=\"robots\" content=\"index, follow, max-snippet:-1, max-image-preview:large, max-video-preview:-1\" \/>\n<link rel=\"canonical\" href=\"https:\/\/www.camperonline.it\/magazine\/2021\/10\/01\/salone-del-camper-2021-roller-team\/\" \/>\n<meta property=\"og:locale\" content=\"it_IT\" \/>\n<meta property=\"og:type\" content=\"article\" \/>\n<meta property=\"og:title\" content=\"Salone del Camper 2021: Roller Team - CamperOnLine Magazine\" \/>\n<meta property=\"og:description\" content=\"Conferme, rinnovamenti e ampliamenti di gamma sono i punti cardini di Roller Team per la stagione 2022: in occasione del Salone del Camper di Parma, la\" \/>\n<meta property=\"og:url\" content=\"https:\/\/www.camperonline.it\/magazine\/2021\/10\/01\/salone-del-camper-2021-roller-team\/\" \/>\n<meta property=\"og:site_name\" content=\"CamperOnLine Magazine\" \/>\n<meta property=\"article:published_time\" content=\"2021-10-01T14:03:26+00:00\" \/>\n<meta property=\"article:modified_time\" content=\"2021-10-01T15:00:24+00:00\" \/>\n<meta property=\"og:image\" content=\"https:\/\/www.camperonline.it\/magazine\/wp-content\/uploads\/2021\/10\/SDC2021ROLLER.jpg\" \/>\n\t<meta property=\"og:image:width\" content=\"630\" \/>\n\t<meta property=\"og:image:height\" content=\"354\" \/>\n\t<meta property=\"og:image:type\" content=\"image\/jpeg\" \/>\n<meta name=\"twitter:card\" content=\"summary_large_image\" \/>\n<script type=\"application\/ld+json\" class=\"yoast-schema-graph\">{\"@context\":\"https:\/\/schema.org\",\"@graph\":[{\"@type\":\"WebSite\",\"@id\":\"https:\/\/www.camperonline.it\/magazine\/#website\",\"url\":\"https:\/\/www.camperonline.it\/magazine\/\",\"name\":\"CamperOnLine Magazine\",\"description\":\"Viaggi in camper, test, video, destinazioni, vacanze\",\"potentialAction\":[{\"@type\":\"SearchAction\",\"target\":{\"@type\":\"EntryPoint\",\"urlTemplate\":\"https:\/\/www.camperonline.it\/magazine\/?s={search_term_string}\"},\"query-input\":\"required name=search_term_string\"}],\"inLanguage\":\"it-IT\"},{\"@type\":\"ImageObject\",\"@id\":\"https:\/\/www.camperonline.it\/magazine\/2021\/10\/01\/salone-del-camper-2021-roller-team\/#primaryimage\",\"inLanguage\":\"it-IT\",\"url\":\"https:\/\/www.camperonline.it\/magazine\/wp-content\/uploads\/2021\/10\/SDC2021ROLLER.jpg\",\"contentUrl\":\"https:\/\/www.camperonline.it\/magazine\/wp-content\/uploads\/2021\/10\/SDC2021ROLLER.jpg\",\"width\":630,\"height\":354},{\"@type\":\"WebPage\",\"@id\":\"https:\/\/www.camperonline.it\/magazine\/2021\/10\/01\/salone-del-camper-2021-roller-team\/#webpage\",\"url\":\"https:\/\/www.camperonline.it\/magazine\/2021\/10\/01\/salone-del-camper-2021-roller-team\/\",\"name\":\"Salone del Camper 2021: Roller Team - CamperOnLine Magazine\",\"isPartOf\":{\"@id\":\"https:\/\/www.camperonline.it\/magazine\/#website\"},\"primaryImageOfPage\":{\"@id\":\"https:\/\/www.camperonline.it\/magazine\/2021\/10\/01\/salone-del-camper-2021-roller-team\/#primaryimage\"},\"datePublished\":\"2021-10-01T14:03:26+00:00\",\"dateModified\":\"2021-10-01T15:00:24+00:00\",\"author\":{\"@id\":\"https:\/\/www.camperonline.it\/magazine\/#\/schema\/person\/6169aaf540a840c8792701ff968ffe8d\"},\"description\":\"Conferme, rinnovamenti e ampliamenti di gamma sono i punti cardini di Roller Team per la stagione 2022: in occasione del Salone del Camper di Parma, la\",\"breadcrumb\":{\"@id\":\"https:\/\/www.camperonline.it\/magazine\/2021\/10\/01\/salone-del-camper-2021-roller-team\/#breadcrumb\"},\"inLanguage\":\"it-IT\",\"potentialAction\":[{\"@type\":\"ReadAction\",\"target\":[\"https:\/\/www.camperonline.it\/magazine\/2021\/10\/01\/salone-del-camper-2021-roller-team\/\"]}]},{\"@type\":\"BreadcrumbList\",\"@id\":\"https:\/\/www.camperonline.it\/magazine\/2021\/10\/01\/salone-del-camper-2021-roller-team\/#breadcrumb\",\"itemListElement\":[{\"@type\":\"ListItem\",\"position\":1,\"name\":\"Home\",\"item\":\"https:\/\/www.camperonline.it\/magazine\/\"},{\"@type\":\"ListItem\",\"position\":2,\"name\":\"Salone del Camper 2021: Roller Team\"}]},{\"@type\":\"Person\",\"@id\":\"https:\/\/www.camperonline.it\/magazine\/#\/schema\/person\/6169aaf540a840c8792701ff968ffe8d\",\"name\":\"Danilo Colombo\",\"url\":\"https:\/\/www.camperonline.it\/magazine\/author\/danilo-colombo\/\"}]}<\/script>\n<!-- \/ Yoast SEO plugin. -->","yoast_head_json":{"title":"Salone del Camper 2021: Roller Team - CamperOnLine Magazine","description":"Conferme, rinnovamenti e ampliamenti di gamma sono i punti cardini di Roller Team per la stagione 2022: in occasione del Salone del Camper di Parma, la","robots":{"index":"index","follow":"follow","max-snippet":"max-snippet:-1","max-image-preview":"max-image-preview:large","max-video-preview":"max-video-preview:-1"},"canonical":"https:\/\/www.camperonline.it\/magazine\/2021\/10\/01\/salone-del-camper-2021-roller-team\/","og_locale":"it_IT","og_type":"article","og_title":"Salone del Camper 2021: Roller Team - CamperOnLine Magazine","og_description":"Conferme, rinnovamenti e ampliamenti di gamma sono i punti cardini di Roller Team per la stagione 2022: in occasione del Salone del Camper di Parma, la","og_url":"https:\/\/www.camperonline.it\/magazine\/2021\/10\/01\/salone-del-camper-2021-roller-team\/","og_site_name":"CamperOnLine Magazine","article_published_time":"2021-10-01T14:03:26+00:00","article_modified_time":"2021-10-01T15:00:24+00:00","og_image":[{"width":630,"height":354,"url":"https:\/\/www.camperonline.it\/magazine\/wp-content\/uploads\/2021\/10\/SDC2021ROLLER.jpg","type":"image\/jpeg"}],"twitter_card":"summary_large_image","schema":{"@context":"https:\/\/schema.org","@graph":[{"@type":"WebSite","@id":"https:\/\/www.camperonline.it\/magazine\/#website","url":"https:\/\/www.camperonline.it\/magazine\/","name":"CamperOnLine Magazine","description":"Viaggi in camper, test, video, destinazioni, vacanze","potentialAction":[{"@type":"SearchAction","target":{"@type":"EntryPoint","urlTemplate":"https:\/\/www.camperonline.it\/magazine\/?s={search_term_string}"},"query-input":"required name=search_term_string"}],"inLanguage":"it-IT"},{"@type":"ImageObject","@id":"https:\/\/www.camperonline.it\/magazine\/2021\/10\/01\/salone-del-camper-2021-roller-team\/#primaryimage","inLanguage":"it-IT","url":"https:\/\/www.camperonline.it\/magazine\/wp-content\/uploads\/2021\/10\/SDC2021ROLLER.jpg","contentUrl":"https:\/\/www.camperonline.it\/magazine\/wp-content\/uploads\/2021\/10\/SDC2021ROLLER.jpg","width":630,"height":354},{"@type":"WebPage","@id":"https:\/\/www.camperonline.it\/magazine\/2021\/10\/01\/salone-del-camper-2021-roller-team\/#webpage","url":"https:\/\/www.camperonline.it\/magazine\/2021\/10\/01\/salone-del-camper-2021-roller-team\/","name":"Salone del Camper 2021: Roller Team - CamperOnLine Magazine","isPartOf":{"@id":"https:\/\/www.camperonline.it\/magazine\/#website"},"primaryImageOfPage":{"@id":"https:\/\/www.camperonline.it\/magazine\/2021\/10\/01\/salone-del-camper-2021-roller-team\/#primaryimage"},"datePublished":"2021-10-01T14:03:26+00:00","dateModified":"2021-10-01T15:00:24+00:00","author":{"@id":"https:\/\/www.camperonline.it\/magazine\/#\/schema\/person\/6169aaf540a840c8792701ff968ffe8d"},"description":"Conferme, rinnovamenti e ampliamenti di gamma sono i punti cardini di Roller Team per la stagione 2022: in occasione del Salone del Camper di Parma, la","breadcrumb":{"@id":"https:\/\/www.camperonline.it\/magazine\/2021\/10\/01\/salone-del-camper-2021-roller-team\/#breadcrumb"},"inLanguage":"it-IT","potentialAction":[{"@type":"ReadAction","target":["https:\/\/www.camperonline.it\/magazine\/2021\/10\/01\/salone-del-camper-2021-roller-team\/"]}]},{"@type":"BreadcrumbList","@id":"https:\/\/www.camperonline.it\/magazine\/2021\/10\/01\/salone-del-camper-2021-roller-team\/#breadcrumb","itemListElement":[{"@type":"ListItem","position":1,"name":"Home","item":"https:\/\/www.camperonline.it\/magazine\/"},{"@type":"ListItem","position":2,"name":"Salone del Camper 2021: Roller Team"}]},{"@type":"Person","@id":"https:\/\/www.camperonline.it\/magazine\/#\/schema\/person\/6169aaf540a840c8792701ff968ffe8d","name":"Danilo Colombo","url":"https:\/\/www.camperonline.it\/magazine\/author\/danilo-colombo\/"}]}},"_links":{"self":[{"href":"https:\/\/www.camperonline.it\/magazine\/wp-json\/wp\/v2\/posts\/324181"}],"collection":[{"href":"https:\/\/www.camperonline.it\/magazine\/wp-json\/wp\/v2\/posts"}],"about":[{"href":"https:\/\/www.camperonline.it\/magazine\/wp-json\/wp\/v2\/types\/post"}],"author":[{"embeddable":true,"href":"https:\/\/www.camperonline.it\/magazine\/wp-json\/wp\/v2\/users\/22"}],"replies":[{"embeddable":true,"href":"https:\/\/www.camperonline.it\/magazine\/wp-json\/wp\/v2\/comments?post=324181"}],"version-history":[{"count":0,"href":"https:\/\/www.camperonline.it\/magazine\/wp-json\/wp\/v2\/posts\/324181\/revisions"}],"wp:featuredmedia":[{"embeddable":true,"href":"https:\/\/www.camperonline.it\/magazine\/wp-json\/wp\/v2\/media\/324182"}],"wp:attachment":[{"href":"https:\/\/www.camperonline.it\/magazine\/wp-json\/wp\/v2\/media?parent=324181"}],"wp:term":[{"taxonomy":"category","embeddable":true,"href":"https:\/\/www.camperonline.it\/magazine\/wp-json\/wp\/v2\/categories?post=324181"},{"taxonomy":"post_tag","embeddable":true,"href":"https:\/\/www.camperonline.it\/magazine\/wp-json\/wp\/v2\/tags?post=324181"}],"curies":[{"name":"wp","href":"https:\/\/api.w.org\/{rel}","templated":true}]}}