{"id":324249,"date":"2021-10-03T00:00:03","date_gmt":"2021-10-02T22:00:03","guid":{"rendered":"https:\/\/www.camperonline.it\/magazine\/?p=324249"},"modified":"2021-10-04T15:04:30","modified_gmt":"2021-10-04T13:04:30","slug":"salone-del-camper-elnagh-2","status":"publish","type":"post","link":"https:\/\/www.camperonline.it\/magazine\/2021\/10\/03\/salone-del-camper-elnagh-2\/","title":{"rendered":"Salone del Camper 2021: Elnagh"},"content":{"rendered":"<p><img loading=\"lazy\" class=\"aligncenter size-full wp-image-324250\" src=\"https:\/\/www.camperonline.it\/magazine\/wp-content\/uploads\/2021\/10\/SDC2021_Elnagh-cover.jpg\" alt=\"\" width=\"630\" height=\"354\" srcset=\"https:\/\/www.camperonline.it\/magazine\/wp-content\/uploads\/2021\/10\/SDC2021_Elnagh-cover.jpg 630w, https:\/\/www.camperonline.it\/magazine\/wp-content\/uploads\/2021\/10\/SDC2021_Elnagh-cover-300x169.jpg 300w\" sizes=\"(max-width: 630px) 100vw, 630px\" \/><\/p>\n<h2>In casa Elnagh arrivano i furgonati: abbiamo visto gli E-Van Premium nelle versioni 5 e Duo XL. Ma possiamo mostrare in anteprima anche il motorhome Magnum 582 e il semintegrale T-Loft 532<\/h2>\n<p><!--more--><\/p>\n<p>Come anticipato, <strong>Elnagh<\/strong> ha introdotto la nuova gamma <strong>E-Van Premium<\/strong>, che segna l\u2019ingresso dello storico marchio italiano nel mercato dei van. A catalogo ci sono sei modelli, tutti allestiti sulla base del nuovo Fiat Ducato con motore 2200 da 120 cv (motori pi\u00f9 potenti in opzione). Non manca una classica versione familiare, o per meglio dire 2+2, adatta alla famiglia con due bambini e perfetta per la coppia che vuole ospitare di tanto in tanto due ospiti (ad esempio nonni+nipoti): \u00e8 l\u2019<strong>E-Van 5 Premium<\/strong>, realizzato partendo dal Ducato con lunghezza intermedia di 599 cm.<\/p>\n<p style=\"text-align: center;\"><img loading=\"lazy\" class=\"aligncenter size-full wp-image-324275\" src=\"https:\/\/www.camperonline.it\/magazine\/wp-content\/uploads\/2021\/10\/E-Van-5-630marchiate-1.jpg\" alt=\"\" width=\"630\" height=\"473\" srcset=\"https:\/\/www.camperonline.it\/magazine\/wp-content\/uploads\/2021\/10\/E-Van-5-630marchiate-1.jpg 630w, https:\/\/www.camperonline.it\/magazine\/wp-content\/uploads\/2021\/10\/E-Van-5-630marchiate-1-300x225.jpg 300w\" sizes=\"(max-width: 630px) 100vw, 630px\" \/><\/p>\n<p>La zona notte posteriore presenta due letti matrimoniali sovrapposti a castello, mentre la zona giorno anteriore \u00e8 tradizionale, con la semi-dinette completata dai sedili girevoli della cabina. E\u2019 per\u00f2 da notare l\u2019eliminazione della cappelliera sopra la cabina, con la soluzione open space che crea un ambiente aperto e favorisce i movimenti. Segnaliamo inoltre il tavolo improntato alla massima flessibilit\u00e0 d\u2019uso, con diversi tipi di conformazione.<\/p>\n<p style=\"text-align: center;\"><img loading=\"lazy\" class=\"aligncenter size-full wp-image-324276\" src=\"https:\/\/www.camperonline.it\/magazine\/wp-content\/uploads\/2021\/10\/E-Van-5-630marchiate-2.jpg\" alt=\"\" width=\"630\" height=\"420\" srcset=\"https:\/\/www.camperonline.it\/magazine\/wp-content\/uploads\/2021\/10\/E-Van-5-630marchiate-2.jpg 630w, https:\/\/www.camperonline.it\/magazine\/wp-content\/uploads\/2021\/10\/E-Van-5-630marchiate-2-300x200.jpg 300w\" sizes=\"(max-width: 630px) 100vw, 630px\" \/><\/p>\n<p style=\"text-align: center;\"><img loading=\"lazy\" class=\"aligncenter size-full wp-image-324277\" src=\"https:\/\/www.camperonline.it\/magazine\/wp-content\/uploads\/2021\/10\/E-Van-5-630marchiate-5.jpg\" alt=\"\" width=\"630\" height=\"420\" srcset=\"https:\/\/www.camperonline.it\/magazine\/wp-content\/uploads\/2021\/10\/E-Van-5-630marchiate-5.jpg 630w, https:\/\/www.camperonline.it\/magazine\/wp-content\/uploads\/2021\/10\/E-Van-5-630marchiate-5-300x200.jpg 300w\" sizes=\"(max-width: 630px) 100vw, 630px\" \/><\/p>\n<p>Per quanto riguarda il bagno, la soluzione del lavabo posto nell\u2019angolo, accanto alla tazza del wc, permette di avere ampi spazi di movimento anche nel caso occorra fare la doccia. Ricca la dotazione di serie: il prezzo base di 53.650 euro (con motore da 120 cv) \u00e8 comprensivo di cerchi in lega, veranda, pannello solare, autoradio e retrocamera.<\/p>\n<p style=\"text-align: center;\"><img loading=\"lazy\" class=\"aligncenter size-full wp-image-324278\" src=\"https:\/\/www.camperonline.it\/magazine\/wp-content\/uploads\/2021\/10\/E-Van-5-630marchiate-10.jpg\" alt=\"\" width=\"630\" height=\"473\" srcset=\"https:\/\/www.camperonline.it\/magazine\/wp-content\/uploads\/2021\/10\/E-Van-5-630marchiate-10.jpg 630w, https:\/\/www.camperonline.it\/magazine\/wp-content\/uploads\/2021\/10\/E-Van-5-630marchiate-10-300x225.jpg 300w\" sizes=\"(max-width: 630px) 100vw, 630px\" \/><\/p>\n<p>La stessa eccellente dotazione viene proposta dal pi\u00f9 grande <strong>E-Van Duo XL Premium<\/strong> (da 55.140 euro), su Ducato da 636 cm di lunghezza. Identici alcuni elementi d\u2019arredo, come il bagno (con lavabo angolare) e la cucina (con pregevole piano in pietra acrilica), cos\u00ec come non cambia la zona living con la soluzione open space senza la cappelliera sopra la cabina.<\/p>\n<p style=\"text-align: center;\"><img loading=\"lazy\" class=\"aligncenter size-full wp-image-324279\" src=\"https:\/\/www.camperonline.it\/magazine\/wp-content\/uploads\/2021\/10\/E-Van-Duo-XL-630marchiate-1.jpg\" alt=\"\" width=\"630\" height=\"420\" srcset=\"https:\/\/www.camperonline.it\/magazine\/wp-content\/uploads\/2021\/10\/E-Van-Duo-XL-630marchiate-1.jpg 630w, https:\/\/www.camperonline.it\/magazine\/wp-content\/uploads\/2021\/10\/E-Van-Duo-XL-630marchiate-1-300x200.jpg 300w\" sizes=\"(max-width: 630px) 100vw, 630px\" \/><\/p>\n<p style=\"text-align: center;\"><img loading=\"lazy\" class=\"aligncenter size-full wp-image-324280\" src=\"https:\/\/www.camperonline.it\/magazine\/wp-content\/uploads\/2021\/10\/E-Van-Duo-XL-630marchiate-3.jpg\" alt=\"\" width=\"630\" height=\"420\" srcset=\"https:\/\/www.camperonline.it\/magazine\/wp-content\/uploads\/2021\/10\/E-Van-Duo-XL-630marchiate-3.jpg 630w, https:\/\/www.camperonline.it\/magazine\/wp-content\/uploads\/2021\/10\/E-Van-Duo-XL-630marchiate-3-300x200.jpg 300w\" sizes=\"(max-width: 630px) 100vw, 630px\" \/><\/p>\n<p style=\"text-align: center;\"><img loading=\"lazy\" class=\"aligncenter size-full wp-image-324281\" src=\"https:\/\/www.camperonline.it\/magazine\/wp-content\/uploads\/2021\/10\/E-Van-Duo-XL-630marchiate-6.jpg\" alt=\"\" width=\"630\" height=\"420\" srcset=\"https:\/\/www.camperonline.it\/magazine\/wp-content\/uploads\/2021\/10\/E-Van-Duo-XL-630marchiate-6.jpg 630w, https:\/\/www.camperonline.it\/magazine\/wp-content\/uploads\/2021\/10\/E-Van-Duo-XL-630marchiate-6-300x200.jpg 300w\" sizes=\"(max-width: 630px) 100vw, 630px\" \/><\/p>\n<p>Ma l\u2019<strong>E-Van Duo XL Premium<\/strong> \u00e8 caratterizzato da una particolare zona posteriore dell\u2019abitacolo, che presenta un grande letto matrimoniale di tipo longitudinale, un letto che \u00e8 basculante e quindi pu\u00f2 variare sia l\u2019altezza dal pavimento (e lo spazio che rimane sopra il materasso), sia di conseguenza l\u2019altezza disponibile del vano garage posto proprio sotto al letto. L\u2019<strong>E-Van Duo XL Premium<\/strong> \u00e8 un mezzo versatile, adatto a chi deve trasportare abitualmente o saltuariamente oggetti ingombranti come possono essere varie attrezzature sportive, vedi biciclette e motociclette da gara.<\/p>\n<p style=\"text-align: center;\"><img loading=\"lazy\" class=\"aligncenter size-full wp-image-324282\" src=\"https:\/\/www.camperonline.it\/magazine\/wp-content\/uploads\/2021\/10\/E-Van-Duo-XL-630marchiate-2.jpg\" alt=\"\" width=\"630\" height=\"419\" srcset=\"https:\/\/www.camperonline.it\/magazine\/wp-content\/uploads\/2021\/10\/E-Van-Duo-XL-630marchiate-2.jpg 630w, https:\/\/www.camperonline.it\/magazine\/wp-content\/uploads\/2021\/10\/E-Van-Duo-XL-630marchiate-2-300x200.jpg 300w\" sizes=\"(max-width: 630px) 100vw, 630px\" \/><\/p>\n<p style=\"text-align: center;\"><img loading=\"lazy\" class=\"aligncenter size-full wp-image-324283\" src=\"https:\/\/www.camperonline.it\/magazine\/wp-content\/uploads\/2021\/10\/E-Van-Duo-XL-630marchiate-10.jpg\" alt=\"\" width=\"630\" height=\"420\" srcset=\"https:\/\/www.camperonline.it\/magazine\/wp-content\/uploads\/2021\/10\/E-Van-Duo-XL-630marchiate-10.jpg 630w, https:\/\/www.camperonline.it\/magazine\/wp-content\/uploads\/2021\/10\/E-Van-Duo-XL-630marchiate-10-300x200.jpg 300w\" sizes=\"(max-width: 630px) 100vw, 630px\" \/><\/p>\n<p>Ovviamente <strong>Elnagh<\/strong> non dimentica la clientela pi\u00f9 tradizionale, non tutti infatti trovano vantaggioso un camper furgonato. Nella gamma di motorhome fa il suo ingresso il <strong>Magnum 582<\/strong>, che lo scorso anno era presente solo come versione speciale dedicata al 70\u00b0 della casa.<\/p>\n<p style=\"text-align: center;\"><img loading=\"lazy\" class=\"aligncenter size-full wp-image-324285\" src=\"https:\/\/www.camperonline.it\/magazine\/wp-content\/uploads\/2021\/10\/Magnum-582-630marchiate-1.jpg\" alt=\"\" width=\"630\" height=\"420\" srcset=\"https:\/\/www.camperonline.it\/magazine\/wp-content\/uploads\/2021\/10\/Magnum-582-630marchiate-1.jpg 630w, https:\/\/www.camperonline.it\/magazine\/wp-content\/uploads\/2021\/10\/Magnum-582-630marchiate-1-300x200.jpg 300w\" sizes=\"(max-width: 630px) 100vw, 630px\" \/><\/p>\n<p>Come tutti i <strong>Magnum<\/strong>, anche il <strong>582<\/strong> \u00e8 stato rinnovato internamente, ora adotta un arredo diverso, con pensili curvi bicolore e migliorie a vari particolari. Questo motorhome ha un living con divanetti contrapposti integrati dalle poltrone girevoli della cabina e nel mezzo \u00e8 posto il tavolo, che normalmente ha dimensioni limitate ma pu\u00f2 raddoppiare la sua superficie ampliandosi a libro. L\u2019ambiente risulta aperto, arioso, sia perch\u00e9 il letto basculante (come normalmente succede sui motorhome) e spostato molto in avanti, sia soprattutto perch\u00e9 la cucina a L non \u00e8 invadente, risulta in linea con il divanetto.<\/p>\n<p style=\"text-align: center;\"><img loading=\"lazy\" class=\"aligncenter size-full wp-image-324286\" src=\"https:\/\/www.camperonline.it\/magazine\/wp-content\/uploads\/2021\/10\/Magnum-582-630marchiate-5.jpg\" alt=\"\" width=\"630\" height=\"420\" srcset=\"https:\/\/www.camperonline.it\/magazine\/wp-content\/uploads\/2021\/10\/Magnum-582-630marchiate-5.jpg 630w, https:\/\/www.camperonline.it\/magazine\/wp-content\/uploads\/2021\/10\/Magnum-582-630marchiate-5-300x200.jpg 300w\" sizes=\"(max-width: 630px) 100vw, 630px\" \/><\/p>\n<p style=\"text-align: center;\"><img loading=\"lazy\" class=\"aligncenter size-full wp-image-324288\" src=\"https:\/\/www.camperonline.it\/magazine\/wp-content\/uploads\/2021\/10\/Magnum-582-630marchiate-7.jpg\" alt=\"\" width=\"630\" height=\"420\" srcset=\"https:\/\/www.camperonline.it\/magazine\/wp-content\/uploads\/2021\/10\/Magnum-582-630marchiate-7.jpg 630w, https:\/\/www.camperonline.it\/magazine\/wp-content\/uploads\/2021\/10\/Magnum-582-630marchiate-7-300x200.jpg 300w\" sizes=\"(max-width: 630px) 100vw, 630px\" \/><\/p>\n<p>La zona notte del <strong>Magnum 582<\/strong> mette a disposizione un comodo letto matrimoniale a penisola, con la testiera (tutta nuova) inserita nel blocco armadio-pensili. Da notare che il letto \u00e8 regolabile in altezza, in modo da variare la volumetria del garage in base all\u2019effettivo bisogno. Il bagno \u00e8 sdoppiato, con la cabina doccia indipendente.<\/p>\n<p style=\"text-align: center;\"><img loading=\"lazy\" class=\"aligncenter size-full wp-image-324287\" src=\"https:\/\/www.camperonline.it\/magazine\/wp-content\/uploads\/2021\/10\/Magnum-582-630marchiate-12.jpg\" alt=\"\" width=\"630\" height=\"420\" srcset=\"https:\/\/www.camperonline.it\/magazine\/wp-content\/uploads\/2021\/10\/Magnum-582-630marchiate-12.jpg 630w, https:\/\/www.camperonline.it\/magazine\/wp-content\/uploads\/2021\/10\/Magnum-582-630marchiate-12-300x200.jpg 300w\" sizes=\"(max-width: 630px) 100vw, 630px\" \/><\/p>\n<p>Modifiche sono state apportate anche alla serie di semintegrali <strong>T-Loft<\/strong>: abbiamo visto il <strong>T-Loft 532<\/strong> e anche in questo caso si tratta di un veicolo presentato lo scorso anno nella versione \u201c70 Anniversary\u201d, ma ora rinnovato all\u2019interno.<\/p>\n<p style=\"text-align: center;\"><img loading=\"lazy\" class=\"aligncenter size-full wp-image-324289\" src=\"https:\/\/www.camperonline.it\/magazine\/wp-content\/uploads\/2021\/10\/T-Loft-532-630Marchiate-1.jpg\" alt=\"\" width=\"630\" height=\"473\" srcset=\"https:\/\/www.camperonline.it\/magazine\/wp-content\/uploads\/2021\/10\/T-Loft-532-630Marchiate-1.jpg 630w, https:\/\/www.camperonline.it\/magazine\/wp-content\/uploads\/2021\/10\/T-Loft-532-630Marchiate-1-300x225.jpg 300w\" sizes=\"(max-width: 630px) 100vw, 630px\" \/><\/p>\n<p style=\"text-align: center;\"><img loading=\"lazy\" class=\"aligncenter size-full wp-image-324290\" src=\"https:\/\/www.camperonline.it\/magazine\/wp-content\/uploads\/2021\/10\/T-Loft-532-630Marchiate-6.jpg\" alt=\"\" width=\"630\" height=\"420\" srcset=\"https:\/\/www.camperonline.it\/magazine\/wp-content\/uploads\/2021\/10\/T-Loft-532-630Marchiate-6.jpg 630w, https:\/\/www.camperonline.it\/magazine\/wp-content\/uploads\/2021\/10\/T-Loft-532-630Marchiate-6-300x200.jpg 300w\" sizes=\"(max-width: 630px) 100vw, 630px\" \/><\/p>\n<p>Nuovi sono gli armadietti pensili, le tappezzerie, il colore del pavimento e vari particolari come ad esempio la finitura sotto al letto basculante. Notevole attenzione \u00e8 stata posta all\u2019illuminazione, utilizzando anche linee di luce e luci indirette. Per l\u2019accesso all\u2019abitacolo \u00e8 stata creata una porta a larghezza maggiorata, da 60 cm di passaggio.<\/p>\n<p style=\"text-align: center;\"><img loading=\"lazy\" class=\"aligncenter size-full wp-image-324291\" src=\"https:\/\/www.camperonline.it\/magazine\/wp-content\/uploads\/2021\/10\/T-Loft-532-630Marchiate-5.jpg\" alt=\"\" width=\"630\" height=\"420\" srcset=\"https:\/\/www.camperonline.it\/magazine\/wp-content\/uploads\/2021\/10\/T-Loft-532-630Marchiate-5.jpg 630w, https:\/\/www.camperonline.it\/magazine\/wp-content\/uploads\/2021\/10\/T-Loft-532-630Marchiate-5-300x200.jpg 300w\" sizes=\"(max-width: 630px) 100vw, 630px\" \/><\/p>\n<p style=\"text-align: center;\"><img loading=\"lazy\" class=\"aligncenter size-full wp-image-324292\" src=\"https:\/\/www.camperonline.it\/magazine\/wp-content\/uploads\/2021\/10\/T-Loft-532-630Marchiate-7.jpg\" alt=\"\" width=\"630\" height=\"420\" srcset=\"https:\/\/www.camperonline.it\/magazine\/wp-content\/uploads\/2021\/10\/T-Loft-532-630Marchiate-7.jpg 630w, https:\/\/www.camperonline.it\/magazine\/wp-content\/uploads\/2021\/10\/T-Loft-532-630Marchiate-7-300x200.jpg 300w\" sizes=\"(max-width: 630px) 100vw, 630px\" \/><\/p>\n<p>Lo schema abitativo del <strong>T-Loft 532<\/strong> mostra una zona anteriore con dinette face to face e cucina che segue la linea del divano, mentre nella zona posteriore abbiamo i letti gemelli e il bagno frazionato, con la doccia che pu\u00f2 essere utilizzata in maniera indipendente dal vano toilette. Per finire, ricordiamo che <strong>Elnagh<\/strong> ha portato a dieci anni la garanzia sulla scocca di tutti i suoi modelli.<\/p>\n<h3>Fotogallery<\/h3>\n<!-- default-view.php -->\n<div\n\tclass=\"ngg-galleryoverview default-view  ngg-ajax-pagination-none\"\n\tid=\"ngg-gallery-7914ae693bbe25259a8a8ac0efeb0f2d-1\">\n\n\t\t<!-- Thumbnails -->\n\t\t\t\t<div id=\"ngg-image-0\" class=\"ngg-gallery-thumbnail-box ngg-5-columns\" >\n\t\t\t\t        <div class=\"ngg-gallery-thumbnail\">\n            <a href=\"https:\/\/www.camperonline.it\/magazine\/wp-content\/gallery\/salone-del-camper-2021-elnagh\/Magnum-582-1024marchiate-12.jpg\"\n               title=\"\"\n               data-src=\"https:\/\/www.camperonline.it\/magazine\/wp-content\/gallery\/salone-del-camper-2021-elnagh\/Magnum-582-1024marchiate-12.jpg\"\n               data-thumbnail=\"https:\/\/www.camperonline.it\/magazine\/wp-content\/gallery\/salone-del-camper-2021-elnagh\/thumbs\/thumbs_Magnum-582-1024marchiate-12.jpg\"\n               data-image-id=\"124216\"\n               data-title=\"Magnum-582-1024marchiate-12\"\n               data-description=\"\"\n               data-image-slug=\"magnum-582-1024marchiate-12\"\n               class=\"ngg-fancybox\" rel=\"7914ae693bbe25259a8a8ac0efeb0f2d\">\n                <img\n                    title=\"Magnum-582-1024marchiate-12\"\n                    alt=\"Magnum-582-1024marchiate-12\"\n                    src=\"https:\/\/www.camperonline.it\/magazine\/wp-content\/gallery\/salone-del-camper-2021-elnagh\/thumbs\/thumbs_Magnum-582-1024marchiate-12.jpg\"\n                    width=\"240\"\n                    height=\"160\"\n                    style=\"max-width:100%;\"\n                \/>\n            <\/a>\n        <\/div>\n\t\t\t\t\t\t\t<\/div> \n\t\t\t\n\t\t\t\t<div id=\"ngg-image-1\" class=\"ngg-gallery-thumbnail-box ngg-5-columns\" >\n\t\t\t\t        <div class=\"ngg-gallery-thumbnail\">\n            <a href=\"https:\/\/www.camperonline.it\/magazine\/wp-content\/gallery\/salone-del-camper-2021-elnagh\/Magnum-582-1024marchiate-2.jpg\"\n               title=\"\"\n               data-src=\"https:\/\/www.camperonline.it\/magazine\/wp-content\/gallery\/salone-del-camper-2021-elnagh\/Magnum-582-1024marchiate-2.jpg\"\n               data-thumbnail=\"https:\/\/www.camperonline.it\/magazine\/wp-content\/gallery\/salone-del-camper-2021-elnagh\/thumbs\/thumbs_Magnum-582-1024marchiate-2.jpg\"\n               data-image-id=\"124206\"\n               data-title=\"Magnum-582-1024marchiate-2\"\n               data-description=\"\"\n               data-image-slug=\"magnum-582-1024marchiate-2\"\n               class=\"ngg-fancybox\" rel=\"7914ae693bbe25259a8a8ac0efeb0f2d\">\n                <img\n                    title=\"Magnum-582-1024marchiate-2\"\n                    alt=\"Magnum-582-1024marchiate-2\"\n                    src=\"https:\/\/www.camperonline.it\/magazine\/wp-content\/gallery\/salone-del-camper-2021-elnagh\/thumbs\/thumbs_Magnum-582-1024marchiate-2.jpg\"\n                    width=\"240\"\n                    height=\"160\"\n                    style=\"max-width:100%;\"\n                \/>\n            <\/a>\n        <\/div>\n\t\t\t\t\t\t\t<\/div> \n\t\t\t\n\t\t\t\t<div id=\"ngg-image-2\" class=\"ngg-gallery-thumbnail-box ngg-5-columns\" >\n\t\t\t\t        <div class=\"ngg-gallery-thumbnail\">\n            <a href=\"https:\/\/www.camperonline.it\/magazine\/wp-content\/gallery\/salone-del-camper-2021-elnagh\/Magnum-582-1024marchiate-3.jpg\"\n               title=\"\"\n               data-src=\"https:\/\/www.camperonline.it\/magazine\/wp-content\/gallery\/salone-del-camper-2021-elnagh\/Magnum-582-1024marchiate-3.jpg\"\n               data-thumbnail=\"https:\/\/www.camperonline.it\/magazine\/wp-content\/gallery\/salone-del-camper-2021-elnagh\/thumbs\/thumbs_Magnum-582-1024marchiate-3.jpg\"\n               data-image-id=\"124207\"\n               data-title=\"Magnum-582-1024marchiate-3\"\n               data-description=\"\"\n               data-image-slug=\"magnum-582-1024marchiate-3\"\n               class=\"ngg-fancybox\" rel=\"7914ae693bbe25259a8a8ac0efeb0f2d\">\n                <img\n                    title=\"Magnum-582-1024marchiate-3\"\n                    alt=\"Magnum-582-1024marchiate-3\"\n                    src=\"https:\/\/www.camperonline.it\/magazine\/wp-content\/gallery\/salone-del-camper-2021-elnagh\/thumbs\/thumbs_Magnum-582-1024marchiate-3.jpg\"\n                    width=\"240\"\n                    height=\"160\"\n                    style=\"max-width:100%;\"\n                \/>\n            <\/a>\n        <\/div>\n\t\t\t\t\t\t\t<\/div> \n\t\t\t\n\t\t\t\t<div id=\"ngg-image-3\" class=\"ngg-gallery-thumbnail-box ngg-5-columns\" >\n\t\t\t\t        <div class=\"ngg-gallery-thumbnail\">\n            <a href=\"https:\/\/www.camperonline.it\/magazine\/wp-content\/gallery\/salone-del-camper-2021-elnagh\/Magnum-582-1024marchiate-4.jpg\"\n               title=\"\"\n               data-src=\"https:\/\/www.camperonline.it\/magazine\/wp-content\/gallery\/salone-del-camper-2021-elnagh\/Magnum-582-1024marchiate-4.jpg\"\n               data-thumbnail=\"https:\/\/www.camperonline.it\/magazine\/wp-content\/gallery\/salone-del-camper-2021-elnagh\/thumbs\/thumbs_Magnum-582-1024marchiate-4.jpg\"\n               data-image-id=\"124208\"\n               data-title=\"Magnum-582-1024marchiate-4\"\n               data-description=\"\"\n               data-image-slug=\"magnum-582-1024marchiate-4\"\n               class=\"ngg-fancybox\" rel=\"7914ae693bbe25259a8a8ac0efeb0f2d\">\n                <img\n                    title=\"Magnum-582-1024marchiate-4\"\n                    alt=\"Magnum-582-1024marchiate-4\"\n                    src=\"https:\/\/www.camperonline.it\/magazine\/wp-content\/gallery\/salone-del-camper-2021-elnagh\/thumbs\/thumbs_Magnum-582-1024marchiate-4.jpg\"\n                    width=\"240\"\n                    height=\"160\"\n                    style=\"max-width:100%;\"\n                \/>\n            <\/a>\n        <\/div>\n\t\t\t\t\t\t\t<\/div> \n\t\t\t\n\t\t\t\t<div id=\"ngg-image-4\" class=\"ngg-gallery-thumbnail-box ngg-5-columns\" >\n\t\t\t\t        <div class=\"ngg-gallery-thumbnail\">\n            <a href=\"https:\/\/www.camperonline.it\/magazine\/wp-content\/gallery\/salone-del-camper-2021-elnagh\/Magnum-582-1024marchiate-5.jpg\"\n               title=\"\"\n               data-src=\"https:\/\/www.camperonline.it\/magazine\/wp-content\/gallery\/salone-del-camper-2021-elnagh\/Magnum-582-1024marchiate-5.jpg\"\n               data-thumbnail=\"https:\/\/www.camperonline.it\/magazine\/wp-content\/gallery\/salone-del-camper-2021-elnagh\/thumbs\/thumbs_Magnum-582-1024marchiate-5.jpg\"\n               data-image-id=\"124209\"\n               data-title=\"Magnum-582-1024marchiate-5\"\n               data-description=\"\"\n               data-image-slug=\"magnum-582-1024marchiate-5\"\n               class=\"ngg-fancybox\" rel=\"7914ae693bbe25259a8a8ac0efeb0f2d\">\n                <img\n                    title=\"Magnum-582-1024marchiate-5\"\n                    alt=\"Magnum-582-1024marchiate-5\"\n                    src=\"https:\/\/www.camperonline.it\/magazine\/wp-content\/gallery\/salone-del-camper-2021-elnagh\/thumbs\/thumbs_Magnum-582-1024marchiate-5.jpg\"\n                    width=\"240\"\n                    height=\"160\"\n                    style=\"max-width:100%;\"\n                \/>\n            <\/a>\n        <\/div>\n\t\t\t\t\t\t\t<\/div> \n\t\t\t\n\t\t\t\t<div id=\"ngg-image-5\" class=\"ngg-gallery-thumbnail-box ngg-5-columns\" >\n\t\t\t\t        <div class=\"ngg-gallery-thumbnail\">\n            <a href=\"https:\/\/www.camperonline.it\/magazine\/wp-content\/gallery\/salone-del-camper-2021-elnagh\/Magnum-582-1024marchiate-6.jpg\"\n               title=\"\"\n               data-src=\"https:\/\/www.camperonline.it\/magazine\/wp-content\/gallery\/salone-del-camper-2021-elnagh\/Magnum-582-1024marchiate-6.jpg\"\n               data-thumbnail=\"https:\/\/www.camperonline.it\/magazine\/wp-content\/gallery\/salone-del-camper-2021-elnagh\/thumbs\/thumbs_Magnum-582-1024marchiate-6.jpg\"\n               data-image-id=\"124210\"\n               data-title=\"Magnum-582-1024marchiate-6\"\n               data-description=\"\"\n               data-image-slug=\"magnum-582-1024marchiate-6\"\n               class=\"ngg-fancybox\" rel=\"7914ae693bbe25259a8a8ac0efeb0f2d\">\n                <img\n                    title=\"Magnum-582-1024marchiate-6\"\n                    alt=\"Magnum-582-1024marchiate-6\"\n                    src=\"https:\/\/www.camperonline.it\/magazine\/wp-content\/gallery\/salone-del-camper-2021-elnagh\/thumbs\/thumbs_Magnum-582-1024marchiate-6.jpg\"\n                    width=\"240\"\n                    height=\"160\"\n                    style=\"max-width:100%;\"\n                \/>\n            <\/a>\n        <\/div>\n\t\t\t\t\t\t\t<\/div> \n\t\t\t\n\t\t\t\t<div id=\"ngg-image-6\" class=\"ngg-gallery-thumbnail-box ngg-5-columns\" >\n\t\t\t\t        <div class=\"ngg-gallery-thumbnail\">\n            <a href=\"https:\/\/www.camperonline.it\/magazine\/wp-content\/gallery\/salone-del-camper-2021-elnagh\/Magnum-582-1024marchiate-7.jpg\"\n               title=\"\"\n               data-src=\"https:\/\/www.camperonline.it\/magazine\/wp-content\/gallery\/salone-del-camper-2021-elnagh\/Magnum-582-1024marchiate-7.jpg\"\n               data-thumbnail=\"https:\/\/www.camperonline.it\/magazine\/wp-content\/gallery\/salone-del-camper-2021-elnagh\/thumbs\/thumbs_Magnum-582-1024marchiate-7.jpg\"\n               data-image-id=\"124211\"\n               data-title=\"Magnum-582-1024marchiate-7\"\n               data-description=\"\"\n               data-image-slug=\"magnum-582-1024marchiate-7\"\n               class=\"ngg-fancybox\" rel=\"7914ae693bbe25259a8a8ac0efeb0f2d\">\n                <img\n                    title=\"Magnum-582-1024marchiate-7\"\n                    alt=\"Magnum-582-1024marchiate-7\"\n                    src=\"https:\/\/www.camperonline.it\/magazine\/wp-content\/gallery\/salone-del-camper-2021-elnagh\/thumbs\/thumbs_Magnum-582-1024marchiate-7.jpg\"\n                    width=\"240\"\n                    height=\"160\"\n                    style=\"max-width:100%;\"\n                \/>\n            <\/a>\n        <\/div>\n\t\t\t\t\t\t\t<\/div> \n\t\t\t\n\t\t\t\t<div id=\"ngg-image-7\" class=\"ngg-gallery-thumbnail-box ngg-5-columns\" >\n\t\t\t\t        <div class=\"ngg-gallery-thumbnail\">\n            <a href=\"https:\/\/www.camperonline.it\/magazine\/wp-content\/gallery\/salone-del-camper-2021-elnagh\/Magnum-582-1024marchiate-8.jpg\"\n               title=\"\"\n               data-src=\"https:\/\/www.camperonline.it\/magazine\/wp-content\/gallery\/salone-del-camper-2021-elnagh\/Magnum-582-1024marchiate-8.jpg\"\n               data-thumbnail=\"https:\/\/www.camperonline.it\/magazine\/wp-content\/gallery\/salone-del-camper-2021-elnagh\/thumbs\/thumbs_Magnum-582-1024marchiate-8.jpg\"\n               data-image-id=\"124212\"\n               data-title=\"Magnum-582-1024marchiate-8\"\n               data-description=\"\"\n               data-image-slug=\"magnum-582-1024marchiate-8\"\n               class=\"ngg-fancybox\" rel=\"7914ae693bbe25259a8a8ac0efeb0f2d\">\n                <img\n                    title=\"Magnum-582-1024marchiate-8\"\n                    alt=\"Magnum-582-1024marchiate-8\"\n                    src=\"https:\/\/www.camperonline.it\/magazine\/wp-content\/gallery\/salone-del-camper-2021-elnagh\/thumbs\/thumbs_Magnum-582-1024marchiate-8.jpg\"\n                    width=\"240\"\n                    height=\"160\"\n                    style=\"max-width:100%;\"\n                \/>\n            <\/a>\n        <\/div>\n\t\t\t\t\t\t\t<\/div> \n\t\t\t\n\t\t\t\t<div id=\"ngg-image-8\" class=\"ngg-gallery-thumbnail-box ngg-5-columns\" >\n\t\t\t\t        <div class=\"ngg-gallery-thumbnail\">\n            <a href=\"https:\/\/www.camperonline.it\/magazine\/wp-content\/gallery\/salone-del-camper-2021-elnagh\/Magnum-582-1024marchiate-9.jpg\"\n               title=\"\"\n               data-src=\"https:\/\/www.camperonline.it\/magazine\/wp-content\/gallery\/salone-del-camper-2021-elnagh\/Magnum-582-1024marchiate-9.jpg\"\n               data-thumbnail=\"https:\/\/www.camperonline.it\/magazine\/wp-content\/gallery\/salone-del-camper-2021-elnagh\/thumbs\/thumbs_Magnum-582-1024marchiate-9.jpg\"\n               data-image-id=\"124213\"\n               data-title=\"Magnum-582-1024marchiate-9\"\n               data-description=\"\"\n               data-image-slug=\"magnum-582-1024marchiate-9\"\n               class=\"ngg-fancybox\" rel=\"7914ae693bbe25259a8a8ac0efeb0f2d\">\n                <img\n                    title=\"Magnum-582-1024marchiate-9\"\n                    alt=\"Magnum-582-1024marchiate-9\"\n                    src=\"https:\/\/www.camperonline.it\/magazine\/wp-content\/gallery\/salone-del-camper-2021-elnagh\/thumbs\/thumbs_Magnum-582-1024marchiate-9.jpg\"\n                    width=\"240\"\n                    height=\"160\"\n                    style=\"max-width:100%;\"\n                \/>\n            <\/a>\n        <\/div>\n\t\t\t\t\t\t\t<\/div> \n\t\t\t\n\t\t\t\t<div id=\"ngg-image-9\" class=\"ngg-gallery-thumbnail-box ngg-5-columns\" >\n\t\t\t\t        <div class=\"ngg-gallery-thumbnail\">\n            <a href=\"https:\/\/www.camperonline.it\/magazine\/wp-content\/gallery\/salone-del-camper-2021-elnagh\/Magnum-582-1024marchiate-10.jpg\"\n               title=\"\"\n               data-src=\"https:\/\/www.camperonline.it\/magazine\/wp-content\/gallery\/salone-del-camper-2021-elnagh\/Magnum-582-1024marchiate-10.jpg\"\n               data-thumbnail=\"https:\/\/www.camperonline.it\/magazine\/wp-content\/gallery\/salone-del-camper-2021-elnagh\/thumbs\/thumbs_Magnum-582-1024marchiate-10.jpg\"\n               data-image-id=\"124214\"\n               data-title=\"Magnum-582-1024marchiate-10\"\n               data-description=\"\"\n               data-image-slug=\"magnum-582-1024marchiate-10\"\n               class=\"ngg-fancybox\" rel=\"7914ae693bbe25259a8a8ac0efeb0f2d\">\n                <img\n                    title=\"Magnum-582-1024marchiate-10\"\n                    alt=\"Magnum-582-1024marchiate-10\"\n                    src=\"https:\/\/www.camperonline.it\/magazine\/wp-content\/gallery\/salone-del-camper-2021-elnagh\/thumbs\/thumbs_Magnum-582-1024marchiate-10.jpg\"\n                    width=\"240\"\n                    height=\"160\"\n                    style=\"max-width:100%;\"\n                \/>\n            <\/a>\n        <\/div>\n\t\t\t\t\t\t\t<\/div> \n\t\t\t\n\t\t\t\t<div id=\"ngg-image-10\" class=\"ngg-gallery-thumbnail-box ngg-5-columns\" >\n\t\t\t\t        <div class=\"ngg-gallery-thumbnail\">\n            <a href=\"https:\/\/www.camperonline.it\/magazine\/wp-content\/gallery\/salone-del-camper-2021-elnagh\/Magnum-582-1024marchiate-11.jpg\"\n               title=\"\"\n               data-src=\"https:\/\/www.camperonline.it\/magazine\/wp-content\/gallery\/salone-del-camper-2021-elnagh\/Magnum-582-1024marchiate-11.jpg\"\n               data-thumbnail=\"https:\/\/www.camperonline.it\/magazine\/wp-content\/gallery\/salone-del-camper-2021-elnagh\/thumbs\/thumbs_Magnum-582-1024marchiate-11.jpg\"\n               data-image-id=\"124215\"\n               data-title=\"Magnum-582-1024marchiate-11\"\n               data-description=\"\"\n               data-image-slug=\"magnum-582-1024marchiate-11\"\n               class=\"ngg-fancybox\" rel=\"7914ae693bbe25259a8a8ac0efeb0f2d\">\n                <img\n                    title=\"Magnum-582-1024marchiate-11\"\n                    alt=\"Magnum-582-1024marchiate-11\"\n                    src=\"https:\/\/www.camperonline.it\/magazine\/wp-content\/gallery\/salone-del-camper-2021-elnagh\/thumbs\/thumbs_Magnum-582-1024marchiate-11.jpg\"\n                    width=\"240\"\n                    height=\"160\"\n                    style=\"max-width:100%;\"\n                \/>\n            <\/a>\n        <\/div>\n\t\t\t\t\t\t\t<\/div> \n\t\t\t\n\t\t\t\t<div id=\"ngg-image-11\" class=\"ngg-gallery-thumbnail-box ngg-5-columns\" >\n\t\t\t\t        <div class=\"ngg-gallery-thumbnail\">\n            <a href=\"https:\/\/www.camperonline.it\/magazine\/wp-content\/gallery\/salone-del-camper-2021-elnagh\/Magnum-582-1024marchiate-1.jpg\"\n               title=\"\"\n               data-src=\"https:\/\/www.camperonline.it\/magazine\/wp-content\/gallery\/salone-del-camper-2021-elnagh\/Magnum-582-1024marchiate-1.jpg\"\n               data-thumbnail=\"https:\/\/www.camperonline.it\/magazine\/wp-content\/gallery\/salone-del-camper-2021-elnagh\/thumbs\/thumbs_Magnum-582-1024marchiate-1.jpg\"\n               data-image-id=\"124205\"\n               data-title=\"Magnum-582-1024marchiate-1\"\n               data-description=\"\"\n               data-image-slug=\"magnum-582-1024marchiate-1\"\n               class=\"ngg-fancybox\" rel=\"7914ae693bbe25259a8a8ac0efeb0f2d\">\n                <img\n                    title=\"Magnum-582-1024marchiate-1\"\n                    alt=\"Magnum-582-1024marchiate-1\"\n                    src=\"https:\/\/www.camperonline.it\/magazine\/wp-content\/gallery\/salone-del-camper-2021-elnagh\/thumbs\/thumbs_Magnum-582-1024marchiate-1.jpg\"\n                    width=\"240\"\n                    height=\"160\"\n                    style=\"max-width:100%;\"\n                \/>\n            <\/a>\n        <\/div>\n\t\t\t\t\t\t\t<\/div> \n\t\t\t\n\t\t\t\t<div id=\"ngg-image-12\" class=\"ngg-gallery-thumbnail-box ngg-5-columns\" >\n\t\t\t\t        <div class=\"ngg-gallery-thumbnail\">\n            <a href=\"https:\/\/www.camperonline.it\/magazine\/wp-content\/gallery\/salone-del-camper-2021-elnagh\/T-Loft-532-1024marchiate-1.jpg\"\n               title=\"\"\n               data-src=\"https:\/\/www.camperonline.it\/magazine\/wp-content\/gallery\/salone-del-camper-2021-elnagh\/T-Loft-532-1024marchiate-1.jpg\"\n               data-thumbnail=\"https:\/\/www.camperonline.it\/magazine\/wp-content\/gallery\/salone-del-camper-2021-elnagh\/thumbs\/thumbs_T-Loft-532-1024marchiate-1.jpg\"\n               data-image-id=\"124217\"\n               data-title=\"T-Loft-532-1024marchiate-1\"\n               data-description=\"\"\n               data-image-slug=\"t-loft-532-1024marchiate-1\"\n               class=\"ngg-fancybox\" rel=\"7914ae693bbe25259a8a8ac0efeb0f2d\">\n                <img\n                    title=\"T-Loft-532-1024marchiate-1\"\n                    alt=\"T-Loft-532-1024marchiate-1\"\n                    src=\"https:\/\/www.camperonline.it\/magazine\/wp-content\/gallery\/salone-del-camper-2021-elnagh\/thumbs\/thumbs_T-Loft-532-1024marchiate-1.jpg\"\n                    width=\"240\"\n                    height=\"160\"\n                    style=\"max-width:100%;\"\n                \/>\n            <\/a>\n        <\/div>\n\t\t\t\t\t\t\t<\/div> \n\t\t\t\n\t\t\t\t<div id=\"ngg-image-13\" class=\"ngg-gallery-thumbnail-box ngg-5-columns\" >\n\t\t\t\t        <div class=\"ngg-gallery-thumbnail\">\n            <a href=\"https:\/\/www.camperonline.it\/magazine\/wp-content\/gallery\/salone-del-camper-2021-elnagh\/T-Loft-532-1024marchiate-2.jpg\"\n               title=\"\"\n               data-src=\"https:\/\/www.camperonline.it\/magazine\/wp-content\/gallery\/salone-del-camper-2021-elnagh\/T-Loft-532-1024marchiate-2.jpg\"\n               data-thumbnail=\"https:\/\/www.camperonline.it\/magazine\/wp-content\/gallery\/salone-del-camper-2021-elnagh\/thumbs\/thumbs_T-Loft-532-1024marchiate-2.jpg\"\n               data-image-id=\"124218\"\n               data-title=\"T-Loft-532-1024marchiate-2\"\n               data-description=\"\"\n               data-image-slug=\"t-loft-532-1024marchiate-2\"\n               class=\"ngg-fancybox\" rel=\"7914ae693bbe25259a8a8ac0efeb0f2d\">\n                <img\n                    title=\"T-Loft-532-1024marchiate-2\"\n                    alt=\"T-Loft-532-1024marchiate-2\"\n                    src=\"https:\/\/www.camperonline.it\/magazine\/wp-content\/gallery\/salone-del-camper-2021-elnagh\/thumbs\/thumbs_T-Loft-532-1024marchiate-2.jpg\"\n                    width=\"240\"\n                    height=\"160\"\n                    style=\"max-width:100%;\"\n                \/>\n            <\/a>\n        <\/div>\n\t\t\t\t\t\t\t<\/div> \n\t\t\t\n\t\t\t\t<div id=\"ngg-image-14\" class=\"ngg-gallery-thumbnail-box ngg-5-columns\" >\n\t\t\t\t        <div class=\"ngg-gallery-thumbnail\">\n            <a href=\"https:\/\/www.camperonline.it\/magazine\/wp-content\/gallery\/salone-del-camper-2021-elnagh\/T-Loft-532-1024marchiate-3.jpg\"\n               title=\"\"\n               data-src=\"https:\/\/www.camperonline.it\/magazine\/wp-content\/gallery\/salone-del-camper-2021-elnagh\/T-Loft-532-1024marchiate-3.jpg\"\n               data-thumbnail=\"https:\/\/www.camperonline.it\/magazine\/wp-content\/gallery\/salone-del-camper-2021-elnagh\/thumbs\/thumbs_T-Loft-532-1024marchiate-3.jpg\"\n               data-image-id=\"124219\"\n               data-title=\"T-Loft-532-1024marchiate-3\"\n               data-description=\"\"\n               data-image-slug=\"t-loft-532-1024marchiate-3\"\n               class=\"ngg-fancybox\" rel=\"7914ae693bbe25259a8a8ac0efeb0f2d\">\n                <img\n                    title=\"T-Loft-532-1024marchiate-3\"\n                    alt=\"T-Loft-532-1024marchiate-3\"\n                    src=\"https:\/\/www.camperonline.it\/magazine\/wp-content\/gallery\/salone-del-camper-2021-elnagh\/thumbs\/thumbs_T-Loft-532-1024marchiate-3.jpg\"\n                    width=\"240\"\n                    height=\"160\"\n                    style=\"max-width:100%;\"\n                \/>\n            <\/a>\n        <\/div>\n\t\t\t\t\t\t\t<\/div> \n\t\t\t\n\t\t\t\t<div id=\"ngg-image-15\" class=\"ngg-gallery-thumbnail-box ngg-5-columns\" >\n\t\t\t\t        <div class=\"ngg-gallery-thumbnail\">\n            <a href=\"https:\/\/www.camperonline.it\/magazine\/wp-content\/gallery\/salone-del-camper-2021-elnagh\/T-Loft-532-1024marchiate-4.jpg\"\n               title=\"\"\n               data-src=\"https:\/\/www.camperonline.it\/magazine\/wp-content\/gallery\/salone-del-camper-2021-elnagh\/T-Loft-532-1024marchiate-4.jpg\"\n               data-thumbnail=\"https:\/\/www.camperonline.it\/magazine\/wp-content\/gallery\/salone-del-camper-2021-elnagh\/thumbs\/thumbs_T-Loft-532-1024marchiate-4.jpg\"\n               data-image-id=\"124220\"\n               data-title=\"T-Loft-532-1024marchiate-4\"\n               data-description=\"\"\n               data-image-slug=\"t-loft-532-1024marchiate-4\"\n               class=\"ngg-fancybox\" rel=\"7914ae693bbe25259a8a8ac0efeb0f2d\">\n                <img\n                    title=\"T-Loft-532-1024marchiate-4\"\n                    alt=\"T-Loft-532-1024marchiate-4\"\n                    src=\"https:\/\/www.camperonline.it\/magazine\/wp-content\/gallery\/salone-del-camper-2021-elnagh\/thumbs\/thumbs_T-Loft-532-1024marchiate-4.jpg\"\n                    width=\"240\"\n                    height=\"160\"\n                    style=\"max-width:100%;\"\n                \/>\n            <\/a>\n        <\/div>\n\t\t\t\t\t\t\t<\/div> \n\t\t\t\n\t\t\t\t<div id=\"ngg-image-16\" class=\"ngg-gallery-thumbnail-box ngg-5-columns\" >\n\t\t\t\t        <div class=\"ngg-gallery-thumbnail\">\n            <a href=\"https:\/\/www.camperonline.it\/magazine\/wp-content\/gallery\/salone-del-camper-2021-elnagh\/T-Loft-532-1024marchiate-5.jpg\"\n               title=\"\"\n               data-src=\"https:\/\/www.camperonline.it\/magazine\/wp-content\/gallery\/salone-del-camper-2021-elnagh\/T-Loft-532-1024marchiate-5.jpg\"\n               data-thumbnail=\"https:\/\/www.camperonline.it\/magazine\/wp-content\/gallery\/salone-del-camper-2021-elnagh\/thumbs\/thumbs_T-Loft-532-1024marchiate-5.jpg\"\n               data-image-id=\"124221\"\n               data-title=\"T-Loft-532-1024marchiate-5\"\n               data-description=\"\"\n               data-image-slug=\"t-loft-532-1024marchiate-5\"\n               class=\"ngg-fancybox\" rel=\"7914ae693bbe25259a8a8ac0efeb0f2d\">\n                <img\n                    title=\"T-Loft-532-1024marchiate-5\"\n                    alt=\"T-Loft-532-1024marchiate-5\"\n                    src=\"https:\/\/www.camperonline.it\/magazine\/wp-content\/gallery\/salone-del-camper-2021-elnagh\/thumbs\/thumbs_T-Loft-532-1024marchiate-5.jpg\"\n                    width=\"240\"\n                    height=\"160\"\n                    style=\"max-width:100%;\"\n                \/>\n            <\/a>\n        <\/div>\n\t\t\t\t\t\t\t<\/div> \n\t\t\t\n\t\t\t\t<div id=\"ngg-image-17\" class=\"ngg-gallery-thumbnail-box ngg-5-columns\" >\n\t\t\t\t        <div class=\"ngg-gallery-thumbnail\">\n            <a href=\"https:\/\/www.camperonline.it\/magazine\/wp-content\/gallery\/salone-del-camper-2021-elnagh\/T-Loft-532-1024marchiate-6.jpg\"\n               title=\"\"\n               data-src=\"https:\/\/www.camperonline.it\/magazine\/wp-content\/gallery\/salone-del-camper-2021-elnagh\/T-Loft-532-1024marchiate-6.jpg\"\n               data-thumbnail=\"https:\/\/www.camperonline.it\/magazine\/wp-content\/gallery\/salone-del-camper-2021-elnagh\/thumbs\/thumbs_T-Loft-532-1024marchiate-6.jpg\"\n               data-image-id=\"124222\"\n               data-title=\"T-Loft-532-1024marchiate-6\"\n               data-description=\"\"\n               data-image-slug=\"t-loft-532-1024marchiate-6\"\n               class=\"ngg-fancybox\" rel=\"7914ae693bbe25259a8a8ac0efeb0f2d\">\n                <img\n                    title=\"T-Loft-532-1024marchiate-6\"\n                    alt=\"T-Loft-532-1024marchiate-6\"\n                    src=\"https:\/\/www.camperonline.it\/magazine\/wp-content\/gallery\/salone-del-camper-2021-elnagh\/thumbs\/thumbs_T-Loft-532-1024marchiate-6.jpg\"\n                    width=\"240\"\n                    height=\"160\"\n                    style=\"max-width:100%;\"\n                \/>\n            <\/a>\n        <\/div>\n\t\t\t\t\t\t\t<\/div> \n\t\t\t\n\t\t\t\t<div id=\"ngg-image-18\" class=\"ngg-gallery-thumbnail-box ngg-5-columns\" >\n\t\t\t\t        <div class=\"ngg-gallery-thumbnail\">\n            <a href=\"https:\/\/www.camperonline.it\/magazine\/wp-content\/gallery\/salone-del-camper-2021-elnagh\/T-Loft-532-1024marchiate-7.jpg\"\n               title=\"\"\n               data-src=\"https:\/\/www.camperonline.it\/magazine\/wp-content\/gallery\/salone-del-camper-2021-elnagh\/T-Loft-532-1024marchiate-7.jpg\"\n               data-thumbnail=\"https:\/\/www.camperonline.it\/magazine\/wp-content\/gallery\/salone-del-camper-2021-elnagh\/thumbs\/thumbs_T-Loft-532-1024marchiate-7.jpg\"\n               data-image-id=\"124223\"\n               data-title=\"T-Loft-532-1024marchiate-7\"\n               data-description=\"\"\n               data-image-slug=\"t-loft-532-1024marchiate-7\"\n               class=\"ngg-fancybox\" rel=\"7914ae693bbe25259a8a8ac0efeb0f2d\">\n                <img\n                    title=\"T-Loft-532-1024marchiate-7\"\n                    alt=\"T-Loft-532-1024marchiate-7\"\n                    src=\"https:\/\/www.camperonline.it\/magazine\/wp-content\/gallery\/salone-del-camper-2021-elnagh\/thumbs\/thumbs_T-Loft-532-1024marchiate-7.jpg\"\n                    width=\"240\"\n                    height=\"160\"\n                    style=\"max-width:100%;\"\n                \/>\n            <\/a>\n        <\/div>\n\t\t\t\t\t\t\t<\/div> \n\t\t\t\n\t\t\t\t<div id=\"ngg-image-19\" class=\"ngg-gallery-thumbnail-box ngg-5-columns\" >\n\t\t\t\t        <div class=\"ngg-gallery-thumbnail\">\n            <a href=\"https:\/\/www.camperonline.it\/magazine\/wp-content\/gallery\/salone-del-camper-2021-elnagh\/T-Loft-532-1024marchiate-8.jpg\"\n               title=\"\"\n               data-src=\"https:\/\/www.camperonline.it\/magazine\/wp-content\/gallery\/salone-del-camper-2021-elnagh\/T-Loft-532-1024marchiate-8.jpg\"\n               data-thumbnail=\"https:\/\/www.camperonline.it\/magazine\/wp-content\/gallery\/salone-del-camper-2021-elnagh\/thumbs\/thumbs_T-Loft-532-1024marchiate-8.jpg\"\n               data-image-id=\"124224\"\n               data-title=\"T-Loft-532-1024marchiate-8\"\n               data-description=\"\"\n               data-image-slug=\"t-loft-532-1024marchiate-8\"\n               class=\"ngg-fancybox\" rel=\"7914ae693bbe25259a8a8ac0efeb0f2d\">\n                <img\n                    title=\"T-Loft-532-1024marchiate-8\"\n                    alt=\"T-Loft-532-1024marchiate-8\"\n                    src=\"https:\/\/www.camperonline.it\/magazine\/wp-content\/gallery\/salone-del-camper-2021-elnagh\/thumbs\/thumbs_T-Loft-532-1024marchiate-8.jpg\"\n                    width=\"240\"\n                    height=\"160\"\n                    style=\"max-width:100%;\"\n                \/>\n            <\/a>\n        <\/div>\n\t\t\t\t\t\t\t<\/div> \n\t\t\t\n\t\t\t\t<div id=\"ngg-image-20\" class=\"ngg-gallery-thumbnail-box ngg-5-columns\" >\n\t\t\t\t        <div class=\"ngg-gallery-thumbnail\">\n            <a href=\"https:\/\/www.camperonline.it\/magazine\/wp-content\/gallery\/salone-del-camper-2021-elnagh\/T-Loft-532-1024marchiate-9.jpg\"\n               title=\"\"\n               data-src=\"https:\/\/www.camperonline.it\/magazine\/wp-content\/gallery\/salone-del-camper-2021-elnagh\/T-Loft-532-1024marchiate-9.jpg\"\n               data-thumbnail=\"https:\/\/www.camperonline.it\/magazine\/wp-content\/gallery\/salone-del-camper-2021-elnagh\/thumbs\/thumbs_T-Loft-532-1024marchiate-9.jpg\"\n               data-image-id=\"124225\"\n               data-title=\"T-Loft-532-1024marchiate-9\"\n               data-description=\"\"\n               data-image-slug=\"t-loft-532-1024marchiate-9\"\n               class=\"ngg-fancybox\" rel=\"7914ae693bbe25259a8a8ac0efeb0f2d\">\n                <img\n                    title=\"T-Loft-532-1024marchiate-9\"\n                    alt=\"T-Loft-532-1024marchiate-9\"\n                    src=\"https:\/\/www.camperonline.it\/magazine\/wp-content\/gallery\/salone-del-camper-2021-elnagh\/thumbs\/thumbs_T-Loft-532-1024marchiate-9.jpg\"\n                    width=\"240\"\n                    height=\"160\"\n                    style=\"max-width:100%;\"\n                \/>\n            <\/a>\n        <\/div>\n\t\t\t\t\t\t\t<\/div> \n\t\t\t\n\t\t\t\t<div id=\"ngg-image-21\" class=\"ngg-gallery-thumbnail-box ngg-5-columns\" >\n\t\t\t\t        <div class=\"ngg-gallery-thumbnail\">\n            <a href=\"https:\/\/www.camperonline.it\/magazine\/wp-content\/gallery\/salone-del-camper-2021-elnagh\/E-Van-Duo-XL-1024marchiate-1.jpg\"\n               title=\"\"\n               data-src=\"https:\/\/www.camperonline.it\/magazine\/wp-content\/gallery\/salone-del-camper-2021-elnagh\/E-Van-Duo-XL-1024marchiate-1.jpg\"\n               data-thumbnail=\"https:\/\/www.camperonline.it\/magazine\/wp-content\/gallery\/salone-del-camper-2021-elnagh\/thumbs\/thumbs_E-Van-Duo-XL-1024marchiate-1.jpg\"\n               data-image-id=\"124195\"\n               data-title=\"E-Van-Duo-XL-1024marchiate-1\"\n               data-description=\"\"\n               data-image-slug=\"e-van-duo-xl-1024marchiate-1\"\n               class=\"ngg-fancybox\" rel=\"7914ae693bbe25259a8a8ac0efeb0f2d\">\n                <img\n                    title=\"E-Van-Duo-XL-1024marchiate-1\"\n                    alt=\"E-Van-Duo-XL-1024marchiate-1\"\n                    src=\"https:\/\/www.camperonline.it\/magazine\/wp-content\/gallery\/salone-del-camper-2021-elnagh\/thumbs\/thumbs_E-Van-Duo-XL-1024marchiate-1.jpg\"\n                    width=\"240\"\n                    height=\"160\"\n                    style=\"max-width:100%;\"\n                \/>\n            <\/a>\n        <\/div>\n\t\t\t\t\t\t\t<\/div> \n\t\t\t\n\t\t\t\t<div id=\"ngg-image-22\" class=\"ngg-gallery-thumbnail-box ngg-5-columns\" >\n\t\t\t\t        <div class=\"ngg-gallery-thumbnail\">\n            <a href=\"https:\/\/www.camperonline.it\/magazine\/wp-content\/gallery\/salone-del-camper-2021-elnagh\/E-Van-5-1024marchiate-2.jpg\"\n               title=\"\"\n               data-src=\"https:\/\/www.camperonline.it\/magazine\/wp-content\/gallery\/salone-del-camper-2021-elnagh\/E-Van-5-1024marchiate-2.jpg\"\n               data-thumbnail=\"https:\/\/www.camperonline.it\/magazine\/wp-content\/gallery\/salone-del-camper-2021-elnagh\/thumbs\/thumbs_E-Van-5-1024marchiate-2.jpg\"\n               data-image-id=\"124185\"\n               data-title=\"E-Van-5-1024marchiate-2\"\n               data-description=\"\"\n               data-image-slug=\"e-van-5-1024marchiate-2\"\n               class=\"ngg-fancybox\" rel=\"7914ae693bbe25259a8a8ac0efeb0f2d\">\n                <img\n                    title=\"E-Van-5-1024marchiate-2\"\n                    alt=\"E-Van-5-1024marchiate-2\"\n                    src=\"https:\/\/www.camperonline.it\/magazine\/wp-content\/gallery\/salone-del-camper-2021-elnagh\/thumbs\/thumbs_E-Van-5-1024marchiate-2.jpg\"\n                    width=\"240\"\n                    height=\"160\"\n                    style=\"max-width:100%;\"\n                \/>\n            <\/a>\n        <\/div>\n\t\t\t\t\t\t\t<\/div> \n\t\t\t\n\t\t\t\t<div id=\"ngg-image-23\" class=\"ngg-gallery-thumbnail-box ngg-5-columns\" >\n\t\t\t\t        <div class=\"ngg-gallery-thumbnail\">\n            <a href=\"https:\/\/www.camperonline.it\/magazine\/wp-content\/gallery\/salone-del-camper-2021-elnagh\/E-Van-5-1024marchiate-3.jpg\"\n               title=\"\"\n               data-src=\"https:\/\/www.camperonline.it\/magazine\/wp-content\/gallery\/salone-del-camper-2021-elnagh\/E-Van-5-1024marchiate-3.jpg\"\n               data-thumbnail=\"https:\/\/www.camperonline.it\/magazine\/wp-content\/gallery\/salone-del-camper-2021-elnagh\/thumbs\/thumbs_E-Van-5-1024marchiate-3.jpg\"\n               data-image-id=\"124186\"\n               data-title=\"E-Van-5-1024marchiate-3\"\n               data-description=\"\"\n               data-image-slug=\"e-van-5-1024marchiate-3\"\n               class=\"ngg-fancybox\" rel=\"7914ae693bbe25259a8a8ac0efeb0f2d\">\n                <img\n                    title=\"E-Van-5-1024marchiate-3\"\n                    alt=\"E-Van-5-1024marchiate-3\"\n                    src=\"https:\/\/www.camperonline.it\/magazine\/wp-content\/gallery\/salone-del-camper-2021-elnagh\/thumbs\/thumbs_E-Van-5-1024marchiate-3.jpg\"\n                    width=\"240\"\n                    height=\"160\"\n                    style=\"max-width:100%;\"\n                \/>\n            <\/a>\n        <\/div>\n\t\t\t\t\t\t\t<\/div> \n\t\t\t\n\t\t\t\t<div id=\"ngg-image-24\" class=\"ngg-gallery-thumbnail-box ngg-5-columns\" >\n\t\t\t\t        <div class=\"ngg-gallery-thumbnail\">\n            <a href=\"https:\/\/www.camperonline.it\/magazine\/wp-content\/gallery\/salone-del-camper-2021-elnagh\/E-Van-5-1024marchiate-4.jpg\"\n               title=\"\"\n               data-src=\"https:\/\/www.camperonline.it\/magazine\/wp-content\/gallery\/salone-del-camper-2021-elnagh\/E-Van-5-1024marchiate-4.jpg\"\n               data-thumbnail=\"https:\/\/www.camperonline.it\/magazine\/wp-content\/gallery\/salone-del-camper-2021-elnagh\/thumbs\/thumbs_E-Van-5-1024marchiate-4.jpg\"\n               data-image-id=\"124187\"\n               data-title=\"E-Van-5-1024marchiate-4\"\n               data-description=\"\"\n               data-image-slug=\"e-van-5-1024marchiate-4\"\n               class=\"ngg-fancybox\" rel=\"7914ae693bbe25259a8a8ac0efeb0f2d\">\n                <img\n                    title=\"E-Van-5-1024marchiate-4\"\n                    alt=\"E-Van-5-1024marchiate-4\"\n                    src=\"https:\/\/www.camperonline.it\/magazine\/wp-content\/gallery\/salone-del-camper-2021-elnagh\/thumbs\/thumbs_E-Van-5-1024marchiate-4.jpg\"\n                    width=\"240\"\n                    height=\"160\"\n                    style=\"max-width:100%;\"\n                \/>\n            <\/a>\n        <\/div>\n\t\t\t\t\t\t\t<\/div> \n\t\t\t\n\t\t\t\t<div id=\"ngg-image-25\" class=\"ngg-gallery-thumbnail-box ngg-5-columns\" >\n\t\t\t\t        <div class=\"ngg-gallery-thumbnail\">\n            <a href=\"https:\/\/www.camperonline.it\/magazine\/wp-content\/gallery\/salone-del-camper-2021-elnagh\/E-Van-5-1024marchiate-5.jpg\"\n               title=\"\"\n               data-src=\"https:\/\/www.camperonline.it\/magazine\/wp-content\/gallery\/salone-del-camper-2021-elnagh\/E-Van-5-1024marchiate-5.jpg\"\n               data-thumbnail=\"https:\/\/www.camperonline.it\/magazine\/wp-content\/gallery\/salone-del-camper-2021-elnagh\/thumbs\/thumbs_E-Van-5-1024marchiate-5.jpg\"\n               data-image-id=\"124188\"\n               data-title=\"E-Van-5-1024marchiate-5\"\n               data-description=\"\"\n               data-image-slug=\"e-van-5-1024marchiate-5\"\n               class=\"ngg-fancybox\" rel=\"7914ae693bbe25259a8a8ac0efeb0f2d\">\n                <img\n                    title=\"E-Van-5-1024marchiate-5\"\n                    alt=\"E-Van-5-1024marchiate-5\"\n                    src=\"https:\/\/www.camperonline.it\/magazine\/wp-content\/gallery\/salone-del-camper-2021-elnagh\/thumbs\/thumbs_E-Van-5-1024marchiate-5.jpg\"\n                    width=\"240\"\n                    height=\"160\"\n                    style=\"max-width:100%;\"\n                \/>\n            <\/a>\n        <\/div>\n\t\t\t\t\t\t\t<\/div> \n\t\t\t\n\t\t\t\t<div id=\"ngg-image-26\" class=\"ngg-gallery-thumbnail-box ngg-5-columns\" >\n\t\t\t\t        <div class=\"ngg-gallery-thumbnail\">\n            <a href=\"https:\/\/www.camperonline.it\/magazine\/wp-content\/gallery\/salone-del-camper-2021-elnagh\/E-Van-5-1024marchiate-6.jpg\"\n               title=\"\"\n               data-src=\"https:\/\/www.camperonline.it\/magazine\/wp-content\/gallery\/salone-del-camper-2021-elnagh\/E-Van-5-1024marchiate-6.jpg\"\n               data-thumbnail=\"https:\/\/www.camperonline.it\/magazine\/wp-content\/gallery\/salone-del-camper-2021-elnagh\/thumbs\/thumbs_E-Van-5-1024marchiate-6.jpg\"\n               data-image-id=\"124189\"\n               data-title=\"E-Van-5-1024marchiate-6\"\n               data-description=\"\"\n               data-image-slug=\"e-van-5-1024marchiate-6\"\n               class=\"ngg-fancybox\" rel=\"7914ae693bbe25259a8a8ac0efeb0f2d\">\n                <img\n                    title=\"E-Van-5-1024marchiate-6\"\n                    alt=\"E-Van-5-1024marchiate-6\"\n                    src=\"https:\/\/www.camperonline.it\/magazine\/wp-content\/gallery\/salone-del-camper-2021-elnagh\/thumbs\/thumbs_E-Van-5-1024marchiate-6.jpg\"\n                    width=\"240\"\n                    height=\"160\"\n                    style=\"max-width:100%;\"\n                \/>\n            <\/a>\n        <\/div>\n\t\t\t\t\t\t\t<\/div> \n\t\t\t\n\t\t\t\t<div id=\"ngg-image-27\" class=\"ngg-gallery-thumbnail-box ngg-5-columns\" >\n\t\t\t\t        <div class=\"ngg-gallery-thumbnail\">\n            <a href=\"https:\/\/www.camperonline.it\/magazine\/wp-content\/gallery\/salone-del-camper-2021-elnagh\/E-Van-5-1024marchiate-7.jpg\"\n               title=\"\"\n               data-src=\"https:\/\/www.camperonline.it\/magazine\/wp-content\/gallery\/salone-del-camper-2021-elnagh\/E-Van-5-1024marchiate-7.jpg\"\n               data-thumbnail=\"https:\/\/www.camperonline.it\/magazine\/wp-content\/gallery\/salone-del-camper-2021-elnagh\/thumbs\/thumbs_E-Van-5-1024marchiate-7.jpg\"\n               data-image-id=\"124190\"\n               data-title=\"E-Van-5-1024marchiate-7\"\n               data-description=\"\"\n               data-image-slug=\"e-van-5-1024marchiate-7\"\n               class=\"ngg-fancybox\" rel=\"7914ae693bbe25259a8a8ac0efeb0f2d\">\n                <img\n                    title=\"E-Van-5-1024marchiate-7\"\n                    alt=\"E-Van-5-1024marchiate-7\"\n                    src=\"https:\/\/www.camperonline.it\/magazine\/wp-content\/gallery\/salone-del-camper-2021-elnagh\/thumbs\/thumbs_E-Van-5-1024marchiate-7.jpg\"\n                    width=\"240\"\n                    height=\"160\"\n                    style=\"max-width:100%;\"\n                \/>\n            <\/a>\n        <\/div>\n\t\t\t\t\t\t\t<\/div> \n\t\t\t\n\t\t\t\t<div id=\"ngg-image-28\" class=\"ngg-gallery-thumbnail-box ngg-5-columns\" >\n\t\t\t\t        <div class=\"ngg-gallery-thumbnail\">\n            <a href=\"https:\/\/www.camperonline.it\/magazine\/wp-content\/gallery\/salone-del-camper-2021-elnagh\/E-Van-5-1024marchiate-8.jpg\"\n               title=\"\"\n               data-src=\"https:\/\/www.camperonline.it\/magazine\/wp-content\/gallery\/salone-del-camper-2021-elnagh\/E-Van-5-1024marchiate-8.jpg\"\n               data-thumbnail=\"https:\/\/www.camperonline.it\/magazine\/wp-content\/gallery\/salone-del-camper-2021-elnagh\/thumbs\/thumbs_E-Van-5-1024marchiate-8.jpg\"\n               data-image-id=\"124191\"\n               data-title=\"E-Van-5-1024marchiate-8\"\n               data-description=\"\"\n               data-image-slug=\"e-van-5-1024marchiate-8\"\n               class=\"ngg-fancybox\" rel=\"7914ae693bbe25259a8a8ac0efeb0f2d\">\n                <img\n                    title=\"E-Van-5-1024marchiate-8\"\n                    alt=\"E-Van-5-1024marchiate-8\"\n                    src=\"https:\/\/www.camperonline.it\/magazine\/wp-content\/gallery\/salone-del-camper-2021-elnagh\/thumbs\/thumbs_E-Van-5-1024marchiate-8.jpg\"\n                    width=\"240\"\n                    height=\"160\"\n                    style=\"max-width:100%;\"\n                \/>\n            <\/a>\n        <\/div>\n\t\t\t\t\t\t\t<\/div> \n\t\t\t\n\t\t\t\t<div id=\"ngg-image-29\" class=\"ngg-gallery-thumbnail-box ngg-5-columns\" >\n\t\t\t\t        <div class=\"ngg-gallery-thumbnail\">\n            <a href=\"https:\/\/www.camperonline.it\/magazine\/wp-content\/gallery\/salone-del-camper-2021-elnagh\/E-Van-5-1024marchiate-9.jpg\"\n               title=\"\"\n               data-src=\"https:\/\/www.camperonline.it\/magazine\/wp-content\/gallery\/salone-del-camper-2021-elnagh\/E-Van-5-1024marchiate-9.jpg\"\n               data-thumbnail=\"https:\/\/www.camperonline.it\/magazine\/wp-content\/gallery\/salone-del-camper-2021-elnagh\/thumbs\/thumbs_E-Van-5-1024marchiate-9.jpg\"\n               data-image-id=\"124192\"\n               data-title=\"E-Van-5-1024marchiate-9\"\n               data-description=\"\"\n               data-image-slug=\"e-van-5-1024marchiate-9\"\n               class=\"ngg-fancybox\" rel=\"7914ae693bbe25259a8a8ac0efeb0f2d\">\n                <img\n                    title=\"E-Van-5-1024marchiate-9\"\n                    alt=\"E-Van-5-1024marchiate-9\"\n                    src=\"https:\/\/www.camperonline.it\/magazine\/wp-content\/gallery\/salone-del-camper-2021-elnagh\/thumbs\/thumbs_E-Van-5-1024marchiate-9.jpg\"\n                    width=\"240\"\n                    height=\"160\"\n                    style=\"max-width:100%;\"\n                \/>\n            <\/a>\n        <\/div>\n\t\t\t\t\t\t\t<\/div> \n\t\t\t\n\t\t\t\t<div id=\"ngg-image-30\" class=\"ngg-gallery-thumbnail-box ngg-5-columns\" >\n\t\t\t\t        <div class=\"ngg-gallery-thumbnail\">\n            <a href=\"https:\/\/www.camperonline.it\/magazine\/wp-content\/gallery\/salone-del-camper-2021-elnagh\/E-Van-5-1024marchiate-10.jpg\"\n               title=\"\"\n               data-src=\"https:\/\/www.camperonline.it\/magazine\/wp-content\/gallery\/salone-del-camper-2021-elnagh\/E-Van-5-1024marchiate-10.jpg\"\n               data-thumbnail=\"https:\/\/www.camperonline.it\/magazine\/wp-content\/gallery\/salone-del-camper-2021-elnagh\/thumbs\/thumbs_E-Van-5-1024marchiate-10.jpg\"\n               data-image-id=\"124193\"\n               data-title=\"E-Van-5-1024marchiate-10\"\n               data-description=\"\"\n               data-image-slug=\"e-van-5-1024marchiate-10\"\n               class=\"ngg-fancybox\" rel=\"7914ae693bbe25259a8a8ac0efeb0f2d\">\n                <img\n                    title=\"E-Van-5-1024marchiate-10\"\n                    alt=\"E-Van-5-1024marchiate-10\"\n                    src=\"https:\/\/www.camperonline.it\/magazine\/wp-content\/gallery\/salone-del-camper-2021-elnagh\/thumbs\/thumbs_E-Van-5-1024marchiate-10.jpg\"\n                    width=\"240\"\n                    height=\"160\"\n                    style=\"max-width:100%;\"\n                \/>\n            <\/a>\n        <\/div>\n\t\t\t\t\t\t\t<\/div> \n\t\t\t\n\t\t\t\t<div id=\"ngg-image-31\" class=\"ngg-gallery-thumbnail-box ngg-5-columns\" >\n\t\t\t\t        <div class=\"ngg-gallery-thumbnail\">\n            <a href=\"https:\/\/www.camperonline.it\/magazine\/wp-content\/gallery\/salone-del-camper-2021-elnagh\/E-Van-5-1024marchiate-11.jpg\"\n               title=\"\"\n               data-src=\"https:\/\/www.camperonline.it\/magazine\/wp-content\/gallery\/salone-del-camper-2021-elnagh\/E-Van-5-1024marchiate-11.jpg\"\n               data-thumbnail=\"https:\/\/www.camperonline.it\/magazine\/wp-content\/gallery\/salone-del-camper-2021-elnagh\/thumbs\/thumbs_E-Van-5-1024marchiate-11.jpg\"\n               data-image-id=\"124194\"\n               data-title=\"E-Van-5-1024marchiate-11\"\n               data-description=\"\"\n               data-image-slug=\"e-van-5-1024marchiate-11\"\n               class=\"ngg-fancybox\" rel=\"7914ae693bbe25259a8a8ac0efeb0f2d\">\n                <img\n                    title=\"E-Van-5-1024marchiate-11\"\n                    alt=\"E-Van-5-1024marchiate-11\"\n                    src=\"https:\/\/www.camperonline.it\/magazine\/wp-content\/gallery\/salone-del-camper-2021-elnagh\/thumbs\/thumbs_E-Van-5-1024marchiate-11.jpg\"\n                    width=\"240\"\n                    height=\"160\"\n                    style=\"max-width:100%;\"\n                \/>\n            <\/a>\n        <\/div>\n\t\t\t\t\t\t\t<\/div> \n\t\t\t\n\t\t\t\t<div id=\"ngg-image-32\" class=\"ngg-gallery-thumbnail-box ngg-5-columns\" >\n\t\t\t\t        <div class=\"ngg-gallery-thumbnail\">\n            <a href=\"https:\/\/www.camperonline.it\/magazine\/wp-content\/gallery\/salone-del-camper-2021-elnagh\/E-Van-5-1024marchiate-1.jpg\"\n               title=\"\"\n               data-src=\"https:\/\/www.camperonline.it\/magazine\/wp-content\/gallery\/salone-del-camper-2021-elnagh\/E-Van-5-1024marchiate-1.jpg\"\n               data-thumbnail=\"https:\/\/www.camperonline.it\/magazine\/wp-content\/gallery\/salone-del-camper-2021-elnagh\/thumbs\/thumbs_E-Van-5-1024marchiate-1.jpg\"\n               data-image-id=\"124184\"\n               data-title=\"E-Van-5-1024marchiate-1\"\n               data-description=\"\"\n               data-image-slug=\"e-van-5-1024marchiate-1\"\n               class=\"ngg-fancybox\" rel=\"7914ae693bbe25259a8a8ac0efeb0f2d\">\n                <img\n                    title=\"E-Van-5-1024marchiate-1\"\n                    alt=\"E-Van-5-1024marchiate-1\"\n                    src=\"https:\/\/www.camperonline.it\/magazine\/wp-content\/gallery\/salone-del-camper-2021-elnagh\/thumbs\/thumbs_E-Van-5-1024marchiate-1.jpg\"\n                    width=\"240\"\n                    height=\"160\"\n                    style=\"max-width:100%;\"\n                \/>\n            <\/a>\n        <\/div>\n\t\t\t\t\t\t\t<\/div> \n\t\t\t\n\t\t\t\t<div id=\"ngg-image-33\" class=\"ngg-gallery-thumbnail-box ngg-5-columns\" >\n\t\t\t\t        <div class=\"ngg-gallery-thumbnail\">\n            <a href=\"https:\/\/www.camperonline.it\/magazine\/wp-content\/gallery\/salone-del-camper-2021-elnagh\/E-Van-Duo-XL-1024marchiate-2.jpg\"\n               title=\"\"\n               data-src=\"https:\/\/www.camperonline.it\/magazine\/wp-content\/gallery\/salone-del-camper-2021-elnagh\/E-Van-Duo-XL-1024marchiate-2.jpg\"\n               data-thumbnail=\"https:\/\/www.camperonline.it\/magazine\/wp-content\/gallery\/salone-del-camper-2021-elnagh\/thumbs\/thumbs_E-Van-Duo-XL-1024marchiate-2.jpg\"\n               data-image-id=\"124196\"\n               data-title=\"E-Van-Duo-XL-1024marchiate-2\"\n               data-description=\"\"\n               data-image-slug=\"e-van-duo-xl-1024marchiate-2\"\n               class=\"ngg-fancybox\" rel=\"7914ae693bbe25259a8a8ac0efeb0f2d\">\n                <img\n                    title=\"E-Van-Duo-XL-1024marchiate-2\"\n                    alt=\"E-Van-Duo-XL-1024marchiate-2\"\n                    src=\"https:\/\/www.camperonline.it\/magazine\/wp-content\/gallery\/salone-del-camper-2021-elnagh\/thumbs\/thumbs_E-Van-Duo-XL-1024marchiate-2.jpg\"\n                    width=\"240\"\n                    height=\"160\"\n                    style=\"max-width:100%;\"\n                \/>\n            <\/a>\n        <\/div>\n\t\t\t\t\t\t\t<\/div> \n\t\t\t\n\t\t\t\t<div id=\"ngg-image-34\" class=\"ngg-gallery-thumbnail-box ngg-5-columns\" >\n\t\t\t\t        <div class=\"ngg-gallery-thumbnail\">\n            <a href=\"https:\/\/www.camperonline.it\/magazine\/wp-content\/gallery\/salone-del-camper-2021-elnagh\/E-Van-Duo-XL-1024marchiate-3.jpg\"\n               title=\"\"\n               data-src=\"https:\/\/www.camperonline.it\/magazine\/wp-content\/gallery\/salone-del-camper-2021-elnagh\/E-Van-Duo-XL-1024marchiate-3.jpg\"\n               data-thumbnail=\"https:\/\/www.camperonline.it\/magazine\/wp-content\/gallery\/salone-del-camper-2021-elnagh\/thumbs\/thumbs_E-Van-Duo-XL-1024marchiate-3.jpg\"\n               data-image-id=\"124197\"\n               data-title=\"E-Van-Duo-XL-1024marchiate-3\"\n               data-description=\"\"\n               data-image-slug=\"e-van-duo-xl-1024marchiate-3\"\n               class=\"ngg-fancybox\" rel=\"7914ae693bbe25259a8a8ac0efeb0f2d\">\n                <img\n                    title=\"E-Van-Duo-XL-1024marchiate-3\"\n                    alt=\"E-Van-Duo-XL-1024marchiate-3\"\n                    src=\"https:\/\/www.camperonline.it\/magazine\/wp-content\/gallery\/salone-del-camper-2021-elnagh\/thumbs\/thumbs_E-Van-Duo-XL-1024marchiate-3.jpg\"\n                    width=\"240\"\n                    height=\"160\"\n                    style=\"max-width:100%;\"\n                \/>\n            <\/a>\n        <\/div>\n\t\t\t\t\t\t\t<\/div> \n\t\t\t\n\t\t\t\t<div id=\"ngg-image-35\" class=\"ngg-gallery-thumbnail-box ngg-5-columns\" >\n\t\t\t\t        <div class=\"ngg-gallery-thumbnail\">\n            <a href=\"https:\/\/www.camperonline.it\/magazine\/wp-content\/gallery\/salone-del-camper-2021-elnagh\/E-Van-Duo-XL-1024marchiate-4.jpg\"\n               title=\"\"\n               data-src=\"https:\/\/www.camperonline.it\/magazine\/wp-content\/gallery\/salone-del-camper-2021-elnagh\/E-Van-Duo-XL-1024marchiate-4.jpg\"\n               data-thumbnail=\"https:\/\/www.camperonline.it\/magazine\/wp-content\/gallery\/salone-del-camper-2021-elnagh\/thumbs\/thumbs_E-Van-Duo-XL-1024marchiate-4.jpg\"\n               data-image-id=\"124198\"\n               data-title=\"E-Van-Duo-XL-1024marchiate-4\"\n               data-description=\"\"\n               data-image-slug=\"e-van-duo-xl-1024marchiate-4\"\n               class=\"ngg-fancybox\" rel=\"7914ae693bbe25259a8a8ac0efeb0f2d\">\n                <img\n                    title=\"E-Van-Duo-XL-1024marchiate-4\"\n                    alt=\"E-Van-Duo-XL-1024marchiate-4\"\n                    src=\"https:\/\/www.camperonline.it\/magazine\/wp-content\/gallery\/salone-del-camper-2021-elnagh\/thumbs\/thumbs_E-Van-Duo-XL-1024marchiate-4.jpg\"\n                    width=\"240\"\n                    height=\"160\"\n                    style=\"max-width:100%;\"\n                \/>\n            <\/a>\n        <\/div>\n\t\t\t\t\t\t\t<\/div> \n\t\t\t\n\t\t\t\t<div id=\"ngg-image-36\" class=\"ngg-gallery-thumbnail-box ngg-5-columns\" >\n\t\t\t\t        <div class=\"ngg-gallery-thumbnail\">\n            <a href=\"https:\/\/www.camperonline.it\/magazine\/wp-content\/gallery\/salone-del-camper-2021-elnagh\/E-Van-Duo-XL-1024marchiate-5.jpg\"\n               title=\"\"\n               data-src=\"https:\/\/www.camperonline.it\/magazine\/wp-content\/gallery\/salone-del-camper-2021-elnagh\/E-Van-Duo-XL-1024marchiate-5.jpg\"\n               data-thumbnail=\"https:\/\/www.camperonline.it\/magazine\/wp-content\/gallery\/salone-del-camper-2021-elnagh\/thumbs\/thumbs_E-Van-Duo-XL-1024marchiate-5.jpg\"\n               data-image-id=\"124199\"\n               data-title=\"E-Van-Duo-XL-1024marchiate-5\"\n               data-description=\"\"\n               data-image-slug=\"e-van-duo-xl-1024marchiate-5\"\n               class=\"ngg-fancybox\" rel=\"7914ae693bbe25259a8a8ac0efeb0f2d\">\n                <img\n                    title=\"E-Van-Duo-XL-1024marchiate-5\"\n                    alt=\"E-Van-Duo-XL-1024marchiate-5\"\n                    src=\"https:\/\/www.camperonline.it\/magazine\/wp-content\/gallery\/salone-del-camper-2021-elnagh\/thumbs\/thumbs_E-Van-Duo-XL-1024marchiate-5.jpg\"\n                    width=\"240\"\n                    height=\"160\"\n                    style=\"max-width:100%;\"\n                \/>\n            <\/a>\n        <\/div>\n\t\t\t\t\t\t\t<\/div> \n\t\t\t\n\t\t\t\t<div id=\"ngg-image-37\" class=\"ngg-gallery-thumbnail-box ngg-5-columns\" >\n\t\t\t\t        <div class=\"ngg-gallery-thumbnail\">\n            <a href=\"https:\/\/www.camperonline.it\/magazine\/wp-content\/gallery\/salone-del-camper-2021-elnagh\/E-Van-Duo-XL-1024marchiate-6.jpg\"\n               title=\"\"\n               data-src=\"https:\/\/www.camperonline.it\/magazine\/wp-content\/gallery\/salone-del-camper-2021-elnagh\/E-Van-Duo-XL-1024marchiate-6.jpg\"\n               data-thumbnail=\"https:\/\/www.camperonline.it\/magazine\/wp-content\/gallery\/salone-del-camper-2021-elnagh\/thumbs\/thumbs_E-Van-Duo-XL-1024marchiate-6.jpg\"\n               data-image-id=\"124200\"\n               data-title=\"E-Van-Duo-XL-1024marchiate-6\"\n               data-description=\"\"\n               data-image-slug=\"e-van-duo-xl-1024marchiate-6\"\n               class=\"ngg-fancybox\" rel=\"7914ae693bbe25259a8a8ac0efeb0f2d\">\n                <img\n                    title=\"E-Van-Duo-XL-1024marchiate-6\"\n                    alt=\"E-Van-Duo-XL-1024marchiate-6\"\n                    src=\"https:\/\/www.camperonline.it\/magazine\/wp-content\/gallery\/salone-del-camper-2021-elnagh\/thumbs\/thumbs_E-Van-Duo-XL-1024marchiate-6.jpg\"\n                    width=\"240\"\n                    height=\"160\"\n                    style=\"max-width:100%;\"\n                \/>\n            <\/a>\n        <\/div>\n\t\t\t\t\t\t\t<\/div> \n\t\t\t\n\t\t\t\t<div id=\"ngg-image-38\" class=\"ngg-gallery-thumbnail-box ngg-5-columns\" >\n\t\t\t\t        <div class=\"ngg-gallery-thumbnail\">\n            <a href=\"https:\/\/www.camperonline.it\/magazine\/wp-content\/gallery\/salone-del-camper-2021-elnagh\/E-Van-Duo-XL-1024marchiate-7.jpg\"\n               title=\"\"\n               data-src=\"https:\/\/www.camperonline.it\/magazine\/wp-content\/gallery\/salone-del-camper-2021-elnagh\/E-Van-Duo-XL-1024marchiate-7.jpg\"\n               data-thumbnail=\"https:\/\/www.camperonline.it\/magazine\/wp-content\/gallery\/salone-del-camper-2021-elnagh\/thumbs\/thumbs_E-Van-Duo-XL-1024marchiate-7.jpg\"\n               data-image-id=\"124201\"\n               data-title=\"E-Van-Duo-XL-1024marchiate-7\"\n               data-description=\"\"\n               data-image-slug=\"e-van-duo-xl-1024marchiate-7\"\n               class=\"ngg-fancybox\" rel=\"7914ae693bbe25259a8a8ac0efeb0f2d\">\n                <img\n                    title=\"E-Van-Duo-XL-1024marchiate-7\"\n                    alt=\"E-Van-Duo-XL-1024marchiate-7\"\n                    src=\"https:\/\/www.camperonline.it\/magazine\/wp-content\/gallery\/salone-del-camper-2021-elnagh\/thumbs\/thumbs_E-Van-Duo-XL-1024marchiate-7.jpg\"\n                    width=\"240\"\n                    height=\"160\"\n                    style=\"max-width:100%;\"\n                \/>\n            <\/a>\n        <\/div>\n\t\t\t\t\t\t\t<\/div> \n\t\t\t\n\t\t\t\t<div id=\"ngg-image-39\" class=\"ngg-gallery-thumbnail-box ngg-5-columns\" >\n\t\t\t\t        <div class=\"ngg-gallery-thumbnail\">\n            <a href=\"https:\/\/www.camperonline.it\/magazine\/wp-content\/gallery\/salone-del-camper-2021-elnagh\/E-Van-Duo-XL-1024marchiate-8.jpg\"\n               title=\"\"\n               data-src=\"https:\/\/www.camperonline.it\/magazine\/wp-content\/gallery\/salone-del-camper-2021-elnagh\/E-Van-Duo-XL-1024marchiate-8.jpg\"\n               data-thumbnail=\"https:\/\/www.camperonline.it\/magazine\/wp-content\/gallery\/salone-del-camper-2021-elnagh\/thumbs\/thumbs_E-Van-Duo-XL-1024marchiate-8.jpg\"\n               data-image-id=\"124202\"\n               data-title=\"E-Van-Duo-XL-1024marchiate-8\"\n               data-description=\"\"\n               data-image-slug=\"e-van-duo-xl-1024marchiate-8\"\n               class=\"ngg-fancybox\" rel=\"7914ae693bbe25259a8a8ac0efeb0f2d\">\n                <img\n                    title=\"E-Van-Duo-XL-1024marchiate-8\"\n                    alt=\"E-Van-Duo-XL-1024marchiate-8\"\n                    src=\"https:\/\/www.camperonline.it\/magazine\/wp-content\/gallery\/salone-del-camper-2021-elnagh\/thumbs\/thumbs_E-Van-Duo-XL-1024marchiate-8.jpg\"\n                    width=\"240\"\n                    height=\"160\"\n                    style=\"max-width:100%;\"\n                \/>\n            <\/a>\n        <\/div>\n\t\t\t\t\t\t\t<\/div> \n\t\t\t\n\t\t\t\t<div id=\"ngg-image-40\" class=\"ngg-gallery-thumbnail-box ngg-5-columns\" >\n\t\t\t\t        <div class=\"ngg-gallery-thumbnail\">\n            <a href=\"https:\/\/www.camperonline.it\/magazine\/wp-content\/gallery\/salone-del-camper-2021-elnagh\/E-Van-Duo-XL-1024marchiate-9.jpg\"\n               title=\"\"\n               data-src=\"https:\/\/www.camperonline.it\/magazine\/wp-content\/gallery\/salone-del-camper-2021-elnagh\/E-Van-Duo-XL-1024marchiate-9.jpg\"\n               data-thumbnail=\"https:\/\/www.camperonline.it\/magazine\/wp-content\/gallery\/salone-del-camper-2021-elnagh\/thumbs\/thumbs_E-Van-Duo-XL-1024marchiate-9.jpg\"\n               data-image-id=\"124203\"\n               data-title=\"E-Van-Duo-XL-1024marchiate-9\"\n               data-description=\"\"\n               data-image-slug=\"e-van-duo-xl-1024marchiate-9\"\n               class=\"ngg-fancybox\" rel=\"7914ae693bbe25259a8a8ac0efeb0f2d\">\n                <img\n                    title=\"E-Van-Duo-XL-1024marchiate-9\"\n                    alt=\"E-Van-Duo-XL-1024marchiate-9\"\n                    src=\"https:\/\/www.camperonline.it\/magazine\/wp-content\/gallery\/salone-del-camper-2021-elnagh\/thumbs\/thumbs_E-Van-Duo-XL-1024marchiate-9.jpg\"\n                    width=\"240\"\n                    height=\"160\"\n                    style=\"max-width:100%;\"\n                \/>\n            <\/a>\n        <\/div>\n\t\t\t\t\t\t\t<\/div> \n\t\t\t\n\t\t\t\t<div id=\"ngg-image-41\" class=\"ngg-gallery-thumbnail-box ngg-5-columns\" >\n\t\t\t\t        <div class=\"ngg-gallery-thumbnail\">\n            <a href=\"https:\/\/www.camperonline.it\/magazine\/wp-content\/gallery\/salone-del-camper-2021-elnagh\/E-Van-Duo-XL-1024marchiate-10.jpg\"\n               title=\"\"\n               data-src=\"https:\/\/www.camperonline.it\/magazine\/wp-content\/gallery\/salone-del-camper-2021-elnagh\/E-Van-Duo-XL-1024marchiate-10.jpg\"\n               data-thumbnail=\"https:\/\/www.camperonline.it\/magazine\/wp-content\/gallery\/salone-del-camper-2021-elnagh\/thumbs\/thumbs_E-Van-Duo-XL-1024marchiate-10.jpg\"\n               data-image-id=\"124204\"\n               data-title=\"E-Van-Duo-XL-1024marchiate-10\"\n               data-description=\"\"\n               data-image-slug=\"e-van-duo-xl-1024marchiate-10\"\n               class=\"ngg-fancybox\" rel=\"7914ae693bbe25259a8a8ac0efeb0f2d\">\n                <img\n                    title=\"E-Van-Duo-XL-1024marchiate-10\"\n                    alt=\"E-Van-Duo-XL-1024marchiate-10\"\n                    src=\"https:\/\/www.camperonline.it\/magazine\/wp-content\/gallery\/salone-del-camper-2021-elnagh\/thumbs\/thumbs_E-Van-Duo-XL-1024marchiate-10.jpg\"\n                    width=\"240\"\n                    height=\"160\"\n                    style=\"max-width:100%;\"\n                \/>\n            <\/a>\n        <\/div>\n\t\t\t\t\t\t\t<\/div> \n\t\t\t\n\t\n\t<br style=\"clear: both\" \/>\n\n\t\t<div class=\"slideshowlink\">\n        <a href='https:\/\/www.camperonline.it\/magazine\/2021\/10\/03\/salone-del-camper-elnagh-2\/nggallery\/slideshow'>[Mostra slideshow]<\/a>\n\t\t\n\t<\/div>\n\t\n\t\t<!-- Pagination -->\n\t<div class='ngg-clear'><\/div>\t<\/div>\n\n","protected":false},"excerpt":{"rendered":"<p>In casa Elnagh arrivano i furgonati: abbiamo visto gli E-Van Premium nelle versioni 5 e Duo XL. Ma possiamo mostrare in anteprima anche il motorhome Magnum 582 e il semintegrale T-Loft 532<\/p>\n","protected":false},"author":23,"featured_media":324250,"comment_status":"closed","ping_status":"open","sticky":false,"template":"","format":"standard","meta":{"ngg_post_thumbnail":0},"categories":[284,484,7,6390],"tags":[4690,6392],"yoast_head":"<!-- This site is optimized with the Yoast SEO plugin v18.6 - https:\/\/yoast.com\/wordpress\/plugins\/seo\/ -->\n<title>Salone del Camper 2021: Elnagh - CamperOnLine Magazine<\/title>\n<meta name=\"description\" content=\"In casa Elnagh arrivano i furgonati: abbiamo visto gli E-Van Premium nelle versioni 5 e Duo XL. Ma possiamo mostrare in anteprima anche il motorhome\" \/>\n<meta name=\"robots\" content=\"index, follow, max-snippet:-1, max-image-preview:large, max-video-preview:-1\" \/>\n<link rel=\"canonical\" href=\"https:\/\/www.camperonline.it\/magazine\/2021\/10\/03\/salone-del-camper-elnagh-2\/\" \/>\n<meta property=\"og:locale\" content=\"it_IT\" \/>\n<meta property=\"og:type\" content=\"article\" \/>\n<meta property=\"og:title\" content=\"Salone del Camper 2021: Elnagh - CamperOnLine Magazine\" \/>\n<meta property=\"og:description\" content=\"In casa Elnagh arrivano i furgonati: abbiamo visto gli E-Van Premium nelle versioni 5 e Duo XL. Ma possiamo mostrare in anteprima anche il motorhome\" \/>\n<meta property=\"og:url\" content=\"https:\/\/www.camperonline.it\/magazine\/2021\/10\/03\/salone-del-camper-elnagh-2\/\" \/>\n<meta property=\"og:site_name\" content=\"CamperOnLine Magazine\" \/>\n<meta property=\"article:published_time\" content=\"2021-10-02T22:00:03+00:00\" \/>\n<meta property=\"article:modified_time\" content=\"2021-10-04T13:04:30+00:00\" \/>\n<meta property=\"og:image\" content=\"https:\/\/www.camperonline.it\/magazine\/wp-content\/uploads\/2021\/10\/SDC2021_Elnagh-cover.jpg\" \/>\n\t<meta property=\"og:image:width\" content=\"630\" \/>\n\t<meta property=\"og:image:height\" content=\"354\" \/>\n\t<meta property=\"og:image:type\" content=\"image\/jpeg\" \/>\n<meta name=\"twitter:card\" content=\"summary_large_image\" \/>\n<script type=\"application\/ld+json\" class=\"yoast-schema-graph\">{\"@context\":\"https:\/\/schema.org\",\"@graph\":[{\"@type\":\"WebSite\",\"@id\":\"https:\/\/www.camperonline.it\/magazine\/#website\",\"url\":\"https:\/\/www.camperonline.it\/magazine\/\",\"name\":\"CamperOnLine Magazine\",\"description\":\"Viaggi in camper, test, video, destinazioni, vacanze\",\"potentialAction\":[{\"@type\":\"SearchAction\",\"target\":{\"@type\":\"EntryPoint\",\"urlTemplate\":\"https:\/\/www.camperonline.it\/magazine\/?s={search_term_string}\"},\"query-input\":\"required name=search_term_string\"}],\"inLanguage\":\"it-IT\"},{\"@type\":\"ImageObject\",\"@id\":\"https:\/\/www.camperonline.it\/magazine\/2021\/10\/03\/salone-del-camper-elnagh-2\/#primaryimage\",\"inLanguage\":\"it-IT\",\"url\":\"https:\/\/www.camperonline.it\/magazine\/wp-content\/uploads\/2021\/10\/SDC2021_Elnagh-cover.jpg\",\"contentUrl\":\"https:\/\/www.camperonline.it\/magazine\/wp-content\/uploads\/2021\/10\/SDC2021_Elnagh-cover.jpg\",\"width\":630,\"height\":354},{\"@type\":\"WebPage\",\"@id\":\"https:\/\/www.camperonline.it\/magazine\/2021\/10\/03\/salone-del-camper-elnagh-2\/#webpage\",\"url\":\"https:\/\/www.camperonline.it\/magazine\/2021\/10\/03\/salone-del-camper-elnagh-2\/\",\"name\":\"Salone del Camper 2021: Elnagh - CamperOnLine Magazine\",\"isPartOf\":{\"@id\":\"https:\/\/www.camperonline.it\/magazine\/#website\"},\"primaryImageOfPage\":{\"@id\":\"https:\/\/www.camperonline.it\/magazine\/2021\/10\/03\/salone-del-camper-elnagh-2\/#primaryimage\"},\"datePublished\":\"2021-10-02T22:00:03+00:00\",\"dateModified\":\"2021-10-04T13:04:30+00:00\",\"author\":{\"@id\":\"https:\/\/www.camperonline.it\/magazine\/#\/schema\/person\/cc776d866d3248597db92e2aa8bfc3f3\"},\"description\":\"In casa Elnagh arrivano i furgonati: abbiamo visto gli E-Van Premium nelle versioni 5 e Duo XL. Ma possiamo mostrare in anteprima anche il motorhome\",\"breadcrumb\":{\"@id\":\"https:\/\/www.camperonline.it\/magazine\/2021\/10\/03\/salone-del-camper-elnagh-2\/#breadcrumb\"},\"inLanguage\":\"it-IT\",\"potentialAction\":[{\"@type\":\"ReadAction\",\"target\":[\"https:\/\/www.camperonline.it\/magazine\/2021\/10\/03\/salone-del-camper-elnagh-2\/\"]}]},{\"@type\":\"BreadcrumbList\",\"@id\":\"https:\/\/www.camperonline.it\/magazine\/2021\/10\/03\/salone-del-camper-elnagh-2\/#breadcrumb\",\"itemListElement\":[{\"@type\":\"ListItem\",\"position\":1,\"name\":\"Home\",\"item\":\"https:\/\/www.camperonline.it\/magazine\/\"},{\"@type\":\"ListItem\",\"position\":2,\"name\":\"Salone del Camper 2021: Elnagh\"}]},{\"@type\":\"Person\",\"@id\":\"https:\/\/www.camperonline.it\/magazine\/#\/schema\/person\/cc776d866d3248597db92e2aa8bfc3f3\",\"name\":\"Renato Antonini\",\"url\":\"https:\/\/www.camperonline.it\/magazine\/author\/renato\/\"}]}<\/script>\n<!-- \/ Yoast SEO plugin. -->","yoast_head_json":{"title":"Salone del Camper 2021: Elnagh - CamperOnLine Magazine","description":"In casa Elnagh arrivano i furgonati: abbiamo visto gli E-Van Premium nelle versioni 5 e Duo XL. Ma possiamo mostrare in anteprima anche il motorhome","robots":{"index":"index","follow":"follow","max-snippet":"max-snippet:-1","max-image-preview":"max-image-preview:large","max-video-preview":"max-video-preview:-1"},"canonical":"https:\/\/www.camperonline.it\/magazine\/2021\/10\/03\/salone-del-camper-elnagh-2\/","og_locale":"it_IT","og_type":"article","og_title":"Salone del Camper 2021: Elnagh - CamperOnLine Magazine","og_description":"In casa Elnagh arrivano i furgonati: abbiamo visto gli E-Van Premium nelle versioni 5 e Duo XL. Ma possiamo mostrare in anteprima anche il motorhome","og_url":"https:\/\/www.camperonline.it\/magazine\/2021\/10\/03\/salone-del-camper-elnagh-2\/","og_site_name":"CamperOnLine Magazine","article_published_time":"2021-10-02T22:00:03+00:00","article_modified_time":"2021-10-04T13:04:30+00:00","og_image":[{"width":630,"height":354,"url":"https:\/\/www.camperonline.it\/magazine\/wp-content\/uploads\/2021\/10\/SDC2021_Elnagh-cover.jpg","type":"image\/jpeg"}],"twitter_card":"summary_large_image","schema":{"@context":"https:\/\/schema.org","@graph":[{"@type":"WebSite","@id":"https:\/\/www.camperonline.it\/magazine\/#website","url":"https:\/\/www.camperonline.it\/magazine\/","name":"CamperOnLine Magazine","description":"Viaggi in camper, test, video, destinazioni, vacanze","potentialAction":[{"@type":"SearchAction","target":{"@type":"EntryPoint","urlTemplate":"https:\/\/www.camperonline.it\/magazine\/?s={search_term_string}"},"query-input":"required name=search_term_string"}],"inLanguage":"it-IT"},{"@type":"ImageObject","@id":"https:\/\/www.camperonline.it\/magazine\/2021\/10\/03\/salone-del-camper-elnagh-2\/#primaryimage","inLanguage":"it-IT","url":"https:\/\/www.camperonline.it\/magazine\/wp-content\/uploads\/2021\/10\/SDC2021_Elnagh-cover.jpg","contentUrl":"https:\/\/www.camperonline.it\/magazine\/wp-content\/uploads\/2021\/10\/SDC2021_Elnagh-cover.jpg","width":630,"height":354},{"@type":"WebPage","@id":"https:\/\/www.camperonline.it\/magazine\/2021\/10\/03\/salone-del-camper-elnagh-2\/#webpage","url":"https:\/\/www.camperonline.it\/magazine\/2021\/10\/03\/salone-del-camper-elnagh-2\/","name":"Salone del Camper 2021: Elnagh - CamperOnLine Magazine","isPartOf":{"@id":"https:\/\/www.camperonline.it\/magazine\/#website"},"primaryImageOfPage":{"@id":"https:\/\/www.camperonline.it\/magazine\/2021\/10\/03\/salone-del-camper-elnagh-2\/#primaryimage"},"datePublished":"2021-10-02T22:00:03+00:00","dateModified":"2021-10-04T13:04:30+00:00","author":{"@id":"https:\/\/www.camperonline.it\/magazine\/#\/schema\/person\/cc776d866d3248597db92e2aa8bfc3f3"},"description":"In casa Elnagh arrivano i furgonati: abbiamo visto gli E-Van Premium nelle versioni 5 e Duo XL. Ma possiamo mostrare in anteprima anche il motorhome","breadcrumb":{"@id":"https:\/\/www.camperonline.it\/magazine\/2021\/10\/03\/salone-del-camper-elnagh-2\/#breadcrumb"},"inLanguage":"it-IT","potentialAction":[{"@type":"ReadAction","target":["https:\/\/www.camperonline.it\/magazine\/2021\/10\/03\/salone-del-camper-elnagh-2\/"]}]},{"@type":"BreadcrumbList","@id":"https:\/\/www.camperonline.it\/magazine\/2021\/10\/03\/salone-del-camper-elnagh-2\/#breadcrumb","itemListElement":[{"@type":"ListItem","position":1,"name":"Home","item":"https:\/\/www.camperonline.it\/magazine\/"},{"@type":"ListItem","position":2,"name":"Salone del Camper 2021: Elnagh"}]},{"@type":"Person","@id":"https:\/\/www.camperonline.it\/magazine\/#\/schema\/person\/cc776d866d3248597db92e2aa8bfc3f3","name":"Renato Antonini","url":"https:\/\/www.camperonline.it\/magazine\/author\/renato\/"}]}},"_links":{"self":[{"href":"https:\/\/www.camperonline.it\/magazine\/wp-json\/wp\/v2\/posts\/324249"}],"collection":[{"href":"https:\/\/www.camperonline.it\/magazine\/wp-json\/wp\/v2\/posts"}],"about":[{"href":"https:\/\/www.camperonline.it\/magazine\/wp-json\/wp\/v2\/types\/post"}],"author":[{"embeddable":true,"href":"https:\/\/www.camperonline.it\/magazine\/wp-json\/wp\/v2\/users\/23"}],"replies":[{"embeddable":true,"href":"https:\/\/www.camperonline.it\/magazine\/wp-json\/wp\/v2\/comments?post=324249"}],"version-history":[{"count":0,"href":"https:\/\/www.camperonline.it\/magazine\/wp-json\/wp\/v2\/posts\/324249\/revisions"}],"wp:featuredmedia":[{"embeddable":true,"href":"https:\/\/www.camperonline.it\/magazine\/wp-json\/wp\/v2\/media\/324250"}],"wp:attachment":[{"href":"https:\/\/www.camperonline.it\/magazine\/wp-json\/wp\/v2\/media?parent=324249"}],"wp:term":[{"taxonomy":"category","embeddable":true,"href":"https:\/\/www.camperonline.it\/magazine\/wp-json\/wp\/v2\/categories?post=324249"},{"taxonomy":"post_tag","embeddable":true,"href":"https:\/\/www.camperonline.it\/magazine\/wp-json\/wp\/v2\/tags?post=324249"}],"curies":[{"name":"wp","href":"https:\/\/api.w.org\/{rel}","templated":true}]}}