{"id":326321,"date":"2021-06-10T11:00:53","date_gmt":"2021-06-10T09:00:53","guid":{"rendered":"https:\/\/www.camperonline.it\/magazine\/?p=326321"},"modified":"2022-02-28T11:57:11","modified_gmt":"2022-02-28T10:57:11","slug":"speciale-sardegna-isola-di-santantioco-e-isola-di-san-pietro","status":"publish","type":"post","link":"https:\/\/www.camperonline.it\/magazine\/2021\/06\/10\/speciale-sardegna-isola-di-santantioco-e-isola-di-san-pietro\/","title":{"rendered":"Speciale Sardegna: Isola di Sant&#8217;Antioco e Isola di San Pietro"},"content":{"rendered":"<h2><img loading=\"lazy\" class=\"aligncenter size-full wp-image-326322\" src=\"https:\/\/www.camperonline.it\/magazine\/wp-content\/uploads\/2022\/02\/Cover-Sardegna-6\u00b0Tappa.jpg\" alt=\"\" width=\"630\" height=\"354\" srcset=\"https:\/\/www.camperonline.it\/magazine\/wp-content\/uploads\/2022\/02\/Cover-Sardegna-6\u00b0Tappa.jpg 630w, https:\/\/www.camperonline.it\/magazine\/wp-content\/uploads\/2022\/02\/Cover-Sardegna-6\u00b0Tappa-300x169.jpg 300w\" sizes=\"(max-width: 630px) 100vw, 630px\" \/><\/h2>\n<h2>Lasciamo per qualche giorno l&#8217;isola principale per esplorare due piccole isole minori: Sant&#8217;Antioco, collegata direttamente da un ponte, e la pittoresca San Pietro, raggiungibile con una breve traversata in traghetto<\/h2>\n<p><!--more--><\/p>\n<p>Lasciamo temporaneamente la costa ovest della Sardegna per un visita alle piccole isole di <strong>Sant\u2019Antioco<\/strong> e <strong>San Pietro<\/strong>. Raggiungiamo facilmente la prima grazie al collegamento con l\u2019isola principale tramite un ponte che conduce direttamente al suo omonimo centro principale. Decidiamo di non fermarci per una visita, scendendo subito verso sud, alla ricerca di qualche baia tranquilla. Ci appoggiamo per la notte all\u2019ampio parcheggio della frequentata spiaggia di <em>Maladroxia<\/em> (Coordinate GPS: N 38.997295 ; E 8.446996) che, a fine giornata, si svuota completamente dalle auto permettendo di dormire quasi con vista mare. Ma non molto distante da questa localit\u00e0 si trova la <strong>Spiaggia di Coaquaddus<\/strong>, una vera e propria piscina naturale immersa nella tipica vegetazione sarda, anch\u2019essa servita da un comodo parcheggio, ottimo anche per la sosta notturna (Coordinate GPS: N 38.98304 ; E 8.44191).<\/p>\n<p><img loading=\"lazy\" class=\"aligncenter size-full wp-image-326393\" src=\"https:\/\/www.camperonline.it\/magazine\/wp-content\/uploads\/2022\/02\/IMG_20200817_123231.jpg\" alt=\"\" width=\"630\" height=\"471\" srcset=\"https:\/\/www.camperonline.it\/magazine\/wp-content\/uploads\/2022\/02\/IMG_20200817_123231.jpg 630w, https:\/\/www.camperonline.it\/magazine\/wp-content\/uploads\/2022\/02\/IMG_20200817_123231-300x224.jpg 300w\" sizes=\"(max-width: 630px) 100vw, 630px\" \/><\/p>\n<p><img loading=\"lazy\" class=\"aligncenter size-full wp-image-326394\" src=\"https:\/\/www.camperonline.it\/magazine\/wp-content\/uploads\/2022\/02\/IMG_20200817_110847.jpg\" alt=\"\" width=\"630\" height=\"471\" srcset=\"https:\/\/www.camperonline.it\/magazine\/wp-content\/uploads\/2022\/02\/IMG_20200817_110847.jpg 630w, https:\/\/www.camperonline.it\/magazine\/wp-content\/uploads\/2022\/02\/IMG_20200817_110847-300x224.jpg 300w\" sizes=\"(max-width: 630px) 100vw, 630px\" \/><\/p>\n<p>Risaliamo il versante ovest dell\u2019isola per raggiungere il caratteristico centro <strong>Calasetta<\/strong>, dal quale partono regolarmente e pi\u00f9 volte al giorno traghetti per la vicina isola di San Pietro. Non serve dunque alcuna prenotazione anticipata, ma basta recarsi alla biglietteria del piccolo porto e scegliere tra gli orari disponibili. Prima per\u00f2 di raggiungere il centro del paese facciamo una veloce sosta alle sue <strong>saline<\/strong> (Coordinate GPS: N 39.093749 ; E 8.358593), dalle quali prende il nome anche la vicina spiaggia. Non ci rilassiamo al sole, ma facciamo due passi e qualche scatto fotografico letteralmente circondati dal colore bianco del sale.<\/p>\n<p><img loading=\"lazy\" class=\"aligncenter size-full wp-image-326395\" src=\"https:\/\/www.camperonline.it\/magazine\/wp-content\/uploads\/2022\/02\/IMG_20200817_145748.jpg\" alt=\"\" width=\"630\" height=\"471\" srcset=\"https:\/\/www.camperonline.it\/magazine\/wp-content\/uploads\/2022\/02\/IMG_20200817_145748.jpg 630w, https:\/\/www.camperonline.it\/magazine\/wp-content\/uploads\/2022\/02\/IMG_20200817_145748-300x224.jpg 300w\" sizes=\"(max-width: 630px) 100vw, 630px\" \/><\/p>\n<p><img loading=\"lazy\" class=\"aligncenter size-full wp-image-326396\" src=\"https:\/\/www.camperonline.it\/magazine\/wp-content\/uploads\/2022\/02\/P1050154.jpg\" alt=\"\" width=\"630\" height=\"473\" srcset=\"https:\/\/www.camperonline.it\/magazine\/wp-content\/uploads\/2022\/02\/P1050154.jpg 630w, https:\/\/www.camperonline.it\/magazine\/wp-content\/uploads\/2022\/02\/P1050154-300x225.jpg 300w\" sizes=\"(max-width: 630px) 100vw, 630px\" \/><\/p>\n<p><img loading=\"lazy\" class=\"aligncenter size-full wp-image-326397\" src=\"https:\/\/www.camperonline.it\/magazine\/wp-content\/uploads\/2022\/02\/P1050159.jpg\" alt=\"\" width=\"630\" height=\"473\" srcset=\"https:\/\/www.camperonline.it\/magazine\/wp-content\/uploads\/2022\/02\/P1050159.jpg 630w, https:\/\/www.camperonline.it\/magazine\/wp-content\/uploads\/2022\/02\/P1050159-300x225.jpg 300w\" sizes=\"(max-width: 630px) 100vw, 630px\" \/><\/p>\n<p>Attraversiamo il centro di Calasetta per raggiungere il comodo parcheggio del porto, proprio sul lungomare. In attesa del traghetto, ci concediamo una passeggiata tra le vie ordinate di questo borgo, rigorosamente circondate da particolari edifici dal colore bianco, fino a raggiungere la cima della collina, dominata da un\u2019antica torre in pietra.<\/p>\n<p><img loading=\"lazy\" class=\"aligncenter size-full wp-image-326398\" src=\"https:\/\/www.camperonline.it\/magazine\/wp-content\/uploads\/2022\/02\/IMG_20200817_162650.jpg\" alt=\"\" width=\"630\" height=\"471\" srcset=\"https:\/\/www.camperonline.it\/magazine\/wp-content\/uploads\/2022\/02\/IMG_20200817_162650.jpg 630w, https:\/\/www.camperonline.it\/magazine\/wp-content\/uploads\/2022\/02\/IMG_20200817_162650-300x224.jpg 300w\" sizes=\"(max-width: 630px) 100vw, 630px\" \/><\/p>\n<p><img loading=\"lazy\" class=\"aligncenter size-full wp-image-326399\" src=\"https:\/\/www.camperonline.it\/magazine\/wp-content\/uploads\/2022\/02\/IMG_20200817_162752.jpg\" alt=\"\" width=\"630\" height=\"471\" srcset=\"https:\/\/www.camperonline.it\/magazine\/wp-content\/uploads\/2022\/02\/IMG_20200817_162752.jpg 630w, https:\/\/www.camperonline.it\/magazine\/wp-content\/uploads\/2022\/02\/IMG_20200817_162752-300x224.jpg 300w\" sizes=\"(max-width: 630px) 100vw, 630px\" \/><\/p>\n<p><img loading=\"lazy\" class=\"aligncenter size-full wp-image-326400\" src=\"https:\/\/www.camperonline.it\/magazine\/wp-content\/uploads\/2022\/02\/P1050181.jpg\" alt=\"\" width=\"630\" height=\"473\" srcset=\"https:\/\/www.camperonline.it\/magazine\/wp-content\/uploads\/2022\/02\/P1050181.jpg 630w, https:\/\/www.camperonline.it\/magazine\/wp-content\/uploads\/2022\/02\/P1050181-300x225.jpg 300w\" sizes=\"(max-width: 630px) 100vw, 630px\" \/><\/p>\n<p><img loading=\"lazy\" class=\"aligncenter size-full wp-image-326401\" src=\"https:\/\/www.camperonline.it\/magazine\/wp-content\/uploads\/2022\/02\/P1050192.jpg\" alt=\"\" width=\"630\" height=\"473\" srcset=\"https:\/\/www.camperonline.it\/magazine\/wp-content\/uploads\/2022\/02\/P1050192.jpg 630w, https:\/\/www.camperonline.it\/magazine\/wp-content\/uploads\/2022\/02\/P1050192-300x225.jpg 300w\" sizes=\"(max-width: 630px) 100vw, 630px\" \/><\/p>\n<p>La traversata dal porto di Calasetta a quello di Carloforte, principale centro dell\u2019<strong>Isola di San Pietro<\/strong>, \u00e8 veloce, dura una quarantina di minuti circa. Si sbarca direttamente nel cuore di questa pittoresca e autentica cittadina, imperdibile e suggestiva a tutte le ore della giornata. Seguiamo la banchina fino a raggiungere un grande parcheggio sterrato che si affaccia direttamente sul mare alla fine del centro abitato. Un punto strategico sia per la visita alla centro storico, distante circa 10 minuti a piedi, sia per passare la notte.<\/p>\n<p><img loading=\"lazy\" class=\"aligncenter size-full wp-image-326403\" src=\"https:\/\/www.camperonline.it\/magazine\/wp-content\/uploads\/2022\/02\/IMG_20200819_094647.jpg\" alt=\"\" width=\"630\" height=\"471\" srcset=\"https:\/\/www.camperonline.it\/magazine\/wp-content\/uploads\/2022\/02\/IMG_20200819_094647.jpg 630w, https:\/\/www.camperonline.it\/magazine\/wp-content\/uploads\/2022\/02\/IMG_20200819_094647-300x224.jpg 300w\" sizes=\"(max-width: 630px) 100vw, 630px\" \/><\/p>\n<p>Purtroppo l\u2019Isola di San Pietro non \u00e8 particolarmente attrezzata per i camper, non sono presenti campeggi ne tantomeno aree di sosta attrezzate, ma cercando bene \u00e8 possibile trovare qualche soluzione alternativa per poterci tranquillamente passare un paio di giorni esplorandola da nord a sud. E come non iniziare l\u2019esplorazione dell\u2019isola dal suo affascinate capoluogo, Carloforte. Il suo cuore \u00e8 un dedalo di vicoli colorati, gradinate e saliscendi, tra cui perdersi con piacere alla ricerca degli scorci pi\u00f9 suggestivi. A fare da contorno ci pensano i numerosi negozietti di artigianato, i ristorantini, il lungomare e le piazze dove sedersi per assaporare un po\u2019 di vita quotidiana del luogo.<\/p>\n<p><img loading=\"lazy\" class=\"aligncenter size-full wp-image-326402\" src=\"https:\/\/www.camperonline.it\/magazine\/wp-content\/uploads\/2022\/02\/P1050266.jpg\" alt=\"\" width=\"630\" height=\"473\" srcset=\"https:\/\/www.camperonline.it\/magazine\/wp-content\/uploads\/2022\/02\/P1050266.jpg 630w, https:\/\/www.camperonline.it\/magazine\/wp-content\/uploads\/2022\/02\/P1050266-300x225.jpg 300w\" sizes=\"(max-width: 630px) 100vw, 630px\" \/><\/p>\n<p><img loading=\"lazy\" class=\"aligncenter size-full wp-image-326404\" src=\"https:\/\/www.camperonline.it\/magazine\/wp-content\/uploads\/2022\/02\/IMG_20200817_194342.jpg\" alt=\"\" width=\"630\" height=\"471\" srcset=\"https:\/\/www.camperonline.it\/magazine\/wp-content\/uploads\/2022\/02\/IMG_20200817_194342.jpg 630w, https:\/\/www.camperonline.it\/magazine\/wp-content\/uploads\/2022\/02\/IMG_20200817_194342-300x224.jpg 300w\" sizes=\"(max-width: 630px) 100vw, 630px\" \/><\/p>\n<p><img loading=\"lazy\" class=\"aligncenter size-full wp-image-326405\" src=\"https:\/\/www.camperonline.it\/magazine\/wp-content\/uploads\/2022\/02\/IMG_20200817_194457.jpg\" alt=\"\" width=\"630\" height=\"471\" srcset=\"https:\/\/www.camperonline.it\/magazine\/wp-content\/uploads\/2022\/02\/IMG_20200817_194457.jpg 630w, https:\/\/www.camperonline.it\/magazine\/wp-content\/uploads\/2022\/02\/IMG_20200817_194457-300x224.jpg 300w\" sizes=\"(max-width: 630px) 100vw, 630px\" \/><\/p>\n<p><img loading=\"lazy\" class=\"aligncenter size-full wp-image-326406\" src=\"https:\/\/www.camperonline.it\/magazine\/wp-content\/uploads\/2022\/02\/IMG_20200817_194926.jpg\" alt=\"\" width=\"630\" height=\"471\" srcset=\"https:\/\/www.camperonline.it\/magazine\/wp-content\/uploads\/2022\/02\/IMG_20200817_194926.jpg 630w, https:\/\/www.camperonline.it\/magazine\/wp-content\/uploads\/2022\/02\/IMG_20200817_194926-300x224.jpg 300w\" sizes=\"(max-width: 630px) 100vw, 630px\" \/><\/p>\n<p><img loading=\"lazy\" class=\"aligncenter size-full wp-image-326408\" src=\"https:\/\/www.camperonline.it\/magazine\/wp-content\/uploads\/2022\/02\/IMG_20200818_102238.jpg\" alt=\"\" width=\"630\" height=\"471\" srcset=\"https:\/\/www.camperonline.it\/magazine\/wp-content\/uploads\/2022\/02\/IMG_20200818_102238.jpg 630w, https:\/\/www.camperonline.it\/magazine\/wp-content\/uploads\/2022\/02\/IMG_20200818_102238-300x224.jpg 300w\" sizes=\"(max-width: 630px) 100vw, 630px\" \/><\/p>\n<p><img loading=\"lazy\" class=\"aligncenter size-full wp-image-326407\" src=\"https:\/\/www.camperonline.it\/magazine\/wp-content\/uploads\/2022\/02\/P1050220.jpg\" alt=\"\" width=\"630\" height=\"473\" srcset=\"https:\/\/www.camperonline.it\/magazine\/wp-content\/uploads\/2022\/02\/P1050220.jpg 630w, https:\/\/www.camperonline.it\/magazine\/wp-content\/uploads\/2022\/02\/P1050220-300x225.jpg 300w\" sizes=\"(max-width: 630px) 100vw, 630px\" \/><\/p>\n<p>Ma l\u2019Isola di San Pietro custodisce tante bellezze da scoprire, tra cui la sua storia legata alla pesca dei tonni. E\u2019 infatti dal lontano 1738 che quest\u2019isola inizi\u00f2 a diventare famosa per questa attivit\u00e0 e, attualmente, si attesta ai vertici internazionali della&nbsp;pesca del tonno di qualit\u00e0. Alcune testimonianze di questo passato sono visibili nella punta nord, dove \u00e8 possibile raggiungere le <strong>antiche tonnare<\/strong> magari per una scenografica pausa pranzo in camper con vista mare.<\/p>\n<p><img loading=\"lazy\" class=\"aligncenter size-full wp-image-326410\" src=\"https:\/\/www.camperonline.it\/magazine\/wp-content\/uploads\/2022\/02\/P1050295.jpg\" alt=\"\" width=\"630\" height=\"473\" srcset=\"https:\/\/www.camperonline.it\/magazine\/wp-content\/uploads\/2022\/02\/P1050295.jpg 630w, https:\/\/www.camperonline.it\/magazine\/wp-content\/uploads\/2022\/02\/P1050295-300x225.jpg 300w\" sizes=\"(max-width: 630px) 100vw, 630px\" \/><\/p>\n<p><img loading=\"lazy\" class=\"aligncenter size-full wp-image-326411\" src=\"https:\/\/www.camperonline.it\/magazine\/wp-content\/uploads\/2022\/02\/P1050280.jpg\" alt=\"\" width=\"630\" height=\"473\" srcset=\"https:\/\/www.camperonline.it\/magazine\/wp-content\/uploads\/2022\/02\/P1050280.jpg 630w, https:\/\/www.camperonline.it\/magazine\/wp-content\/uploads\/2022\/02\/P1050280-300x225.jpg 300w\" sizes=\"(max-width: 630px) 100vw, 630px\" \/><\/p>\n<p><img loading=\"lazy\" class=\"aligncenter size-full wp-image-326412\" src=\"https:\/\/www.camperonline.it\/magazine\/wp-content\/uploads\/2022\/02\/P1050284.jpg\" alt=\"\" width=\"630\" height=\"473\" srcset=\"https:\/\/www.camperonline.it\/magazine\/wp-content\/uploads\/2022\/02\/P1050284.jpg 630w, https:\/\/www.camperonline.it\/magazine\/wp-content\/uploads\/2022\/02\/P1050284-300x225.jpg 300w\" sizes=\"(max-width: 630px) 100vw, 630px\" \/><\/p>\n<p>Dirigendosi invece verso la costa ovest ritroviamo due tappe imperdibili: la prima \u00e8 l\u2019incantevole <strong>Spiaggia di Cala Fico<\/strong>, un vero e proprio gioiello incastonato in questo tratto di costa. Si tratta di un profondo fiordo calcareo che termina con una piccola spiaggetta di grossi ciottoli, abbracciata da una ripida scogliera e immersa in un\u2019atmosfera selvaggia e incontaminata.<\/p>\n<p><img loading=\"lazy\" class=\"aligncenter size-full wp-image-326413\" src=\"https:\/\/www.camperonline.it\/magazine\/wp-content\/uploads\/2022\/02\/P1050303.jpg\" alt=\"\" width=\"630\" height=\"473\" srcset=\"https:\/\/www.camperonline.it\/magazine\/wp-content\/uploads\/2022\/02\/P1050303.jpg 630w, https:\/\/www.camperonline.it\/magazine\/wp-content\/uploads\/2022\/02\/P1050303-300x225.jpg 300w\" sizes=\"(max-width: 630px) 100vw, 630px\" \/><\/p>\n<p><img loading=\"lazy\" class=\"aligncenter size-full wp-image-326414\" src=\"https:\/\/www.camperonline.it\/magazine\/wp-content\/uploads\/2022\/02\/P1050309.jpg\" alt=\"\" width=\"630\" height=\"473\" srcset=\"https:\/\/www.camperonline.it\/magazine\/wp-content\/uploads\/2022\/02\/P1050309.jpg 630w, https:\/\/www.camperonline.it\/magazine\/wp-content\/uploads\/2022\/02\/P1050309-300x225.jpg 300w\" sizes=\"(max-width: 630px) 100vw, 630px\" \/><\/p>\n<p>Proseguendo lungo la strada si raggiunge lo scenografico belvedere di <strong>Capo Sandalo<\/strong>, nelle vicinanze dell\u2019omonimo faro ottocentesco. La vista che si apre dalla cima di quest\u2019imponente scogliera a strapiombo sul mare blu&nbsp;\u200b\u00e8 meravigliosa, ancor di pi\u00f9 se si pensa che Capo Sandalo \u00e8 la punta pi\u00f9 occidentale dell\u2019isola di San Pietro.<\/p>\n<p><img loading=\"lazy\" class=\"aligncenter size-full wp-image-326415\" src=\"https:\/\/www.camperonline.it\/magazine\/wp-content\/uploads\/2022\/02\/P1050318.jpg\" alt=\"\" width=\"630\" height=\"473\" srcset=\"https:\/\/www.camperonline.it\/magazine\/wp-content\/uploads\/2022\/02\/P1050318.jpg 630w, https:\/\/www.camperonline.it\/magazine\/wp-content\/uploads\/2022\/02\/P1050318-300x225.jpg 300w\" sizes=\"(max-width: 630px) 100vw, 630px\" \/><\/p>\n<p><img loading=\"lazy\" class=\"aligncenter size-full wp-image-326416\" src=\"https:\/\/www.camperonline.it\/magazine\/wp-content\/uploads\/2022\/02\/P1050332.jpg\" alt=\"\" width=\"630\" height=\"473\" srcset=\"https:\/\/www.camperonline.it\/magazine\/wp-content\/uploads\/2022\/02\/P1050332.jpg 630w, https:\/\/www.camperonline.it\/magazine\/wp-content\/uploads\/2022\/02\/P1050332-300x225.jpg 300w\" sizes=\"(max-width: 630px) 100vw, 630px\" \/><\/p>\n<p><img loading=\"lazy\" class=\"aligncenter size-full wp-image-326417\" src=\"https:\/\/www.camperonline.it\/magazine\/wp-content\/uploads\/2022\/02\/P1050325.jpg\" alt=\"\" width=\"630\" height=\"473\" srcset=\"https:\/\/www.camperonline.it\/magazine\/wp-content\/uploads\/2022\/02\/P1050325.jpg 630w, https:\/\/www.camperonline.it\/magazine\/wp-content\/uploads\/2022\/02\/P1050325-300x225.jpg 300w\" sizes=\"(max-width: 630px) 100vw, 630px\" \/><\/p>\n<p>Ci dirigiamo infine verso la costa meridionale dell\u2019isola, dove sono concentrate le spiagge di sabbia pi\u00f9 belle dell\u2019isola. Ma la nostra meta \u00e8 in realt\u00e0 un monumento naturale divenuto simbolo dell\u2019estremit\u00e0 sud-occidentale della Sardegna: le <strong>Colonne di Carloforte<\/strong>. Devono il nome alla loro forma imponente e slanciata, modellata da vento e mare; ma non solo, a questi due faraglioni di pietra vulcanica una leggenda attribuisce un\u2019origine miracolosa. Lasciamo quindi il mezzo nel parcheggio a pagamento di una pizzeria che offre ospitalit\u00e0 ai camper (Coordinate GPS: N 39.10243 ; E 8.29462) e iniziamo una piacevole passeggiata sulla cima delle scogliere per raggiungere queste famose colonne, regalandoci viste davvero suggestive.<\/p>\n<p><img loading=\"lazy\" class=\"aligncenter size-full wp-image-326418\" src=\"https:\/\/www.camperonline.it\/magazine\/wp-content\/uploads\/2022\/02\/P1050350.jpg\" alt=\"\" width=\"630\" height=\"473\" srcset=\"https:\/\/www.camperonline.it\/magazine\/wp-content\/uploads\/2022\/02\/P1050350.jpg 630w, https:\/\/www.camperonline.it\/magazine\/wp-content\/uploads\/2022\/02\/P1050350-300x225.jpg 300w\" sizes=\"(max-width: 630px) 100vw, 630px\" \/><\/p>\n<p><img loading=\"lazy\" class=\"aligncenter size-full wp-image-326419\" src=\"https:\/\/www.camperonline.it\/magazine\/wp-content\/uploads\/2022\/02\/IMG_20200818_172603.jpg\" alt=\"\" width=\"630\" height=\"471\" srcset=\"https:\/\/www.camperonline.it\/magazine\/wp-content\/uploads\/2022\/02\/IMG_20200818_172603.jpg 630w, https:\/\/www.camperonline.it\/magazine\/wp-content\/uploads\/2022\/02\/IMG_20200818_172603-300x224.jpg 300w\" sizes=\"(max-width: 630px) 100vw, 630px\" \/><\/p>\n<p><img loading=\"lazy\" class=\"aligncenter size-full wp-image-326420\" src=\"https:\/\/www.camperonline.it\/magazine\/wp-content\/uploads\/2022\/02\/P1050340.jpg\" alt=\"\" width=\"630\" height=\"473\" srcset=\"https:\/\/www.camperonline.it\/magazine\/wp-content\/uploads\/2022\/02\/P1050340.jpg 630w, https:\/\/www.camperonline.it\/magazine\/wp-content\/uploads\/2022\/02\/P1050340-300x225.jpg 300w\" sizes=\"(max-width: 630px) 100vw, 630px\" \/><\/p>\n<p><img loading=\"lazy\" class=\"aligncenter size-full wp-image-326421\" src=\"https:\/\/www.camperonline.it\/magazine\/wp-content\/uploads\/2022\/02\/P1050346.jpg\" alt=\"\" width=\"630\" height=\"473\" srcset=\"https:\/\/www.camperonline.it\/magazine\/wp-content\/uploads\/2022\/02\/P1050346.jpg 630w, https:\/\/www.camperonline.it\/magazine\/wp-content\/uploads\/2022\/02\/P1050346-300x225.jpg 300w\" sizes=\"(max-width: 630px) 100vw, 630px\" \/><\/p>\n<div class=\"row\">\n<div class=\"span6\" style=\"position: relative;\">\n<div class=\"widget-title\">\n<h3>Dove sostare<\/h3>\n<\/div>\n<\/div>\n<\/div>\n<p><b><u>Isola di Sant&#8217;Antioco &#8211; Spiaggia Coaquaddus:<\/u><\/b> parcheggio della spiaggia a pagamento (Coordinate GPS: N 38.98304 ; E 8.44191). In zona tranquilla, su fondo erboso, non offre alcun servizio specifico per camper, ma ci si trova a poche decine di metri dalla spiaggia.<\/p>\n<p><img loading=\"lazy\" class=\"aligncenter size-full wp-image-326323\" src=\"https:\/\/www.camperonline.it\/magazine\/wp-content\/uploads\/2022\/02\/P1050115.jpg\" alt=\"\" width=\"630\" height=\"473\" srcset=\"https:\/\/www.camperonline.it\/magazine\/wp-content\/uploads\/2022\/02\/P1050115.jpg 630w, https:\/\/www.camperonline.it\/magazine\/wp-content\/uploads\/2022\/02\/P1050115-300x225.jpg 300w\" sizes=\"(max-width: 630px) 100vw, 630px\" \/><\/p>\n<p><img loading=\"lazy\" class=\"aligncenter size-full wp-image-326324\" src=\"https:\/\/www.camperonline.it\/magazine\/wp-content\/uploads\/2022\/02\/P1050116.jpg\" alt=\"\" width=\"630\" height=\"473\" srcset=\"https:\/\/www.camperonline.it\/magazine\/wp-content\/uploads\/2022\/02\/P1050116.jpg 630w, https:\/\/www.camperonline.it\/magazine\/wp-content\/uploads\/2022\/02\/P1050116-300x225.jpg 300w\" sizes=\"(max-width: 630px) 100vw, 630px\" \/><\/p>\n<p><strong><span style=\"text-decoration: underline;\">Isola di San Pietro &#8211; Carloforte:<\/span> <\/strong>parcheggio cittadino gratuito alla fine del porto (Coordinate GPS: N 39.15062 ; E 8.31.098). Posto tranquillo su fondo in ghiaino fronte mare, distante poche centinaia di metri dal centro cittadino. Non sono presenti servizi specifici per camper.<\/p>\n<p><img loading=\"lazy\" class=\"aligncenter size-full wp-image-326325\" src=\"https:\/\/www.camperonline.it\/magazine\/wp-content\/uploads\/2022\/02\/IMG_20200817_192051.jpg\" alt=\"\" width=\"630\" height=\"471\" srcset=\"https:\/\/www.camperonline.it\/magazine\/wp-content\/uploads\/2022\/02\/IMG_20200817_192051.jpg 630w, https:\/\/www.camperonline.it\/magazine\/wp-content\/uploads\/2022\/02\/IMG_20200817_192051-300x224.jpg 300w\" sizes=\"(max-width: 630px) 100vw, 630px\" \/><\/p>\n<p><img loading=\"lazy\" class=\"aligncenter size-full wp-image-326326\" src=\"https:\/\/www.camperonline.it\/magazine\/wp-content\/uploads\/2022\/02\/IMG_20200818_115009.jpg\" alt=\"\" width=\"630\" height=\"471\" srcset=\"https:\/\/www.camperonline.it\/magazine\/wp-content\/uploads\/2022\/02\/IMG_20200818_115009.jpg 630w, https:\/\/www.camperonline.it\/magazine\/wp-content\/uploads\/2022\/02\/IMG_20200818_115009-300x224.jpg 300w\" sizes=\"(max-width: 630px) 100vw, 630px\" \/><\/p>\n<p><strong><span style=\"text-decoration: underline;\">Isola di San Pietro &#8211; Pizzeria Guidi Park:<\/span> <\/strong>nella zona meridionale dell&#8217;isola, parcheggio a pagamento riservato ai camper (Coordinate GPS: N 39.10243 ; E 8.29462). Parcheggio custodito su fondo erboso a ridosso della pizzeria. Non sono previsti servizi specifici per camper, ma con un costo extra \u00e8 possibile effettuare il carico d&#8217;acqua.<\/p>\n<p><img loading=\"lazy\" class=\"aligncenter size-full wp-image-326327\" src=\"https:\/\/www.camperonline.it\/magazine\/wp-content\/uploads\/2022\/02\/IMG_20200818_193516.jpg\" alt=\"\" width=\"630\" height=\"471\" srcset=\"https:\/\/www.camperonline.it\/magazine\/wp-content\/uploads\/2022\/02\/IMG_20200818_193516.jpg 630w, https:\/\/www.camperonline.it\/magazine\/wp-content\/uploads\/2022\/02\/IMG_20200818_193516-300x224.jpg 300w\" sizes=\"(max-width: 630px) 100vw, 630px\" \/><\/p>\n<p><img loading=\"lazy\" class=\"aligncenter size-full wp-image-326328\" src=\"https:\/\/www.camperonline.it\/magazine\/wp-content\/uploads\/2022\/02\/IMG_20200818_194043.jpg\" alt=\"\" width=\"630\" height=\"471\" srcset=\"https:\/\/www.camperonline.it\/magazine\/wp-content\/uploads\/2022\/02\/IMG_20200818_194043.jpg 630w, https:\/\/www.camperonline.it\/magazine\/wp-content\/uploads\/2022\/02\/IMG_20200818_194043-300x224.jpg 300w\" sizes=\"(max-width: 630px) 100vw, 630px\" \/><\/p>\n<div class=\"row\">\n<div class=\"span6\" style=\"position: relative;\">\n<div class=\"widget-title\">\n<h3>Fotogallery<\/h3>\n<!-- default-view.php -->\n<div\n\tclass=\"ngg-galleryoverview default-view  ngg-ajax-pagination-none\"\n\tid=\"ngg-gallery-981bb35bcf1b53200d0974e4959afd00-1\">\n\n\t\t<!-- Thumbnails -->\n\t\t\t\t<div id=\"ngg-image-0\" class=\"ngg-gallery-thumbnail-box ngg-5-columns\" >\n\t\t\t\t        <div class=\"ngg-gallery-thumbnail\">\n            <a href=\"https:\/\/www.camperonline.it\/magazine\/wp-content\/gallery\/sardegna-6tappa\/P1050309.jpg\"\n               title=\"\"\n               data-src=\"https:\/\/www.camperonline.it\/magazine\/wp-content\/gallery\/sardegna-6tappa\/P1050309.jpg\"\n               data-thumbnail=\"https:\/\/www.camperonline.it\/magazine\/wp-content\/gallery\/sardegna-6tappa\/thumbs\/thumbs_P1050309.jpg\"\n               data-image-id=\"125076\"\n               data-title=\"P1050309\"\n               data-description=\"\"\n               data-image-slug=\"p1050309\"\n               class=\"ngg-fancybox\" rel=\"981bb35bcf1b53200d0974e4959afd00\">\n                <img\n                    title=\"P1050309\"\n                    alt=\"P1050309\"\n                    src=\"https:\/\/www.camperonline.it\/magazine\/wp-content\/gallery\/sardegna-6tappa\/thumbs\/thumbs_P1050309.jpg\"\n                    width=\"240\"\n                    height=\"160\"\n                    style=\"max-width:100%;\"\n                \/>\n            <\/a>\n        <\/div>\n\t\t\t\t\t\t\t<\/div> \n\t\t\t\n\t\t\t\t<div id=\"ngg-image-1\" class=\"ngg-gallery-thumbnail-box ngg-5-columns\" >\n\t\t\t\t        <div class=\"ngg-gallery-thumbnail\">\n            <a href=\"https:\/\/www.camperonline.it\/magazine\/wp-content\/gallery\/sardegna-6tappa\/IMG_20200817_193230.jpg\"\n               title=\"\"\n               data-src=\"https:\/\/www.camperonline.it\/magazine\/wp-content\/gallery\/sardegna-6tappa\/IMG_20200817_193230.jpg\"\n               data-thumbnail=\"https:\/\/www.camperonline.it\/magazine\/wp-content\/gallery\/sardegna-6tappa\/thumbs\/thumbs_IMG_20200817_193230.jpg\"\n               data-image-id=\"125062\"\n               data-title=\"IMG_20200817_193230\"\n               data-description=\"\"\n               data-image-slug=\"img_20200817_193230\"\n               class=\"ngg-fancybox\" rel=\"981bb35bcf1b53200d0974e4959afd00\">\n                <img\n                    title=\"IMG_20200817_193230\"\n                    alt=\"IMG_20200817_193230\"\n                    src=\"https:\/\/www.camperonline.it\/magazine\/wp-content\/gallery\/sardegna-6tappa\/thumbs\/thumbs_IMG_20200817_193230.jpg\"\n                    width=\"240\"\n                    height=\"160\"\n                    style=\"max-width:100%;\"\n                \/>\n            <\/a>\n        <\/div>\n\t\t\t\t\t\t\t<\/div> \n\t\t\t\n\t\t\t\t<div id=\"ngg-image-2\" class=\"ngg-gallery-thumbnail-box ngg-5-columns\" >\n\t\t\t\t        <div class=\"ngg-gallery-thumbnail\">\n            <a href=\"https:\/\/www.camperonline.it\/magazine\/wp-content\/gallery\/sardegna-6tappa\/IMG_20200817_194926.jpg\"\n               title=\"\"\n               data-src=\"https:\/\/www.camperonline.it\/magazine\/wp-content\/gallery\/sardegna-6tappa\/IMG_20200817_194926.jpg\"\n               data-thumbnail=\"https:\/\/www.camperonline.it\/magazine\/wp-content\/gallery\/sardegna-6tappa\/thumbs\/thumbs_IMG_20200817_194926.jpg\"\n               data-image-id=\"125063\"\n               data-title=\"IMG_20200817_194926\"\n               data-description=\"\"\n               data-image-slug=\"img_20200817_194926\"\n               class=\"ngg-fancybox\" rel=\"981bb35bcf1b53200d0974e4959afd00\">\n                <img\n                    title=\"IMG_20200817_194926\"\n                    alt=\"IMG_20200817_194926\"\n                    src=\"https:\/\/www.camperonline.it\/magazine\/wp-content\/gallery\/sardegna-6tappa\/thumbs\/thumbs_IMG_20200817_194926.jpg\"\n                    width=\"240\"\n                    height=\"160\"\n                    style=\"max-width:100%;\"\n                \/>\n            <\/a>\n        <\/div>\n\t\t\t\t\t\t\t<\/div> \n\t\t\t\n\t\t\t\t<div id=\"ngg-image-3\" class=\"ngg-gallery-thumbnail-box ngg-5-columns\" >\n\t\t\t\t        <div class=\"ngg-gallery-thumbnail\">\n            <a href=\"https:\/\/www.camperonline.it\/magazine\/wp-content\/gallery\/sardegna-6tappa\/IMG_20200818_091403.jpg\"\n               title=\"\"\n               data-src=\"https:\/\/www.camperonline.it\/magazine\/wp-content\/gallery\/sardegna-6tappa\/IMG_20200818_091403.jpg\"\n               data-thumbnail=\"https:\/\/www.camperonline.it\/magazine\/wp-content\/gallery\/sardegna-6tappa\/thumbs\/thumbs_IMG_20200818_091403.jpg\"\n               data-image-id=\"125064\"\n               data-title=\"IMG_20200818_091403\"\n               data-description=\"\"\n               data-image-slug=\"img_20200818_091403\"\n               class=\"ngg-fancybox\" rel=\"981bb35bcf1b53200d0974e4959afd00\">\n                <img\n                    title=\"IMG_20200818_091403\"\n                    alt=\"IMG_20200818_091403\"\n                    src=\"https:\/\/www.camperonline.it\/magazine\/wp-content\/gallery\/sardegna-6tappa\/thumbs\/thumbs_IMG_20200818_091403.jpg\"\n                    width=\"240\"\n                    height=\"160\"\n                    style=\"max-width:100%;\"\n                \/>\n            <\/a>\n        <\/div>\n\t\t\t\t\t\t\t<\/div> \n\t\t\t\n\t\t\t\t<div id=\"ngg-image-4\" class=\"ngg-gallery-thumbnail-box ngg-5-columns\" >\n\t\t\t\t        <div class=\"ngg-gallery-thumbnail\">\n            <a href=\"https:\/\/www.camperonline.it\/magazine\/wp-content\/gallery\/sardegna-6tappa\/IMG_20200818_101953.jpg\"\n               title=\"\"\n               data-src=\"https:\/\/www.camperonline.it\/magazine\/wp-content\/gallery\/sardegna-6tappa\/IMG_20200818_101953.jpg\"\n               data-thumbnail=\"https:\/\/www.camperonline.it\/magazine\/wp-content\/gallery\/sardegna-6tappa\/thumbs\/thumbs_IMG_20200818_101953.jpg\"\n               data-image-id=\"125065\"\n               data-title=\"IMG_20200818_101953\"\n               data-description=\"\"\n               data-image-slug=\"img_20200818_101953\"\n               class=\"ngg-fancybox\" rel=\"981bb35bcf1b53200d0974e4959afd00\">\n                <img\n                    title=\"IMG_20200818_101953\"\n                    alt=\"IMG_20200818_101953\"\n                    src=\"https:\/\/www.camperonline.it\/magazine\/wp-content\/gallery\/sardegna-6tappa\/thumbs\/thumbs_IMG_20200818_101953.jpg\"\n                    width=\"240\"\n                    height=\"160\"\n                    style=\"max-width:100%;\"\n                \/>\n            <\/a>\n        <\/div>\n\t\t\t\t\t\t\t<\/div> \n\t\t\t\n\t\t\t\t<div id=\"ngg-image-5\" class=\"ngg-gallery-thumbnail-box ngg-5-columns\" >\n\t\t\t\t        <div class=\"ngg-gallery-thumbnail\">\n            <a href=\"https:\/\/www.camperonline.it\/magazine\/wp-content\/gallery\/sardegna-6tappa\/IMG_20200818_102238.jpg\"\n               title=\"\"\n               data-src=\"https:\/\/www.camperonline.it\/magazine\/wp-content\/gallery\/sardegna-6tappa\/IMG_20200818_102238.jpg\"\n               data-thumbnail=\"https:\/\/www.camperonline.it\/magazine\/wp-content\/gallery\/sardegna-6tappa\/thumbs\/thumbs_IMG_20200818_102238.jpg\"\n               data-image-id=\"125066\"\n               data-title=\"IMG_20200818_102238\"\n               data-description=\"\"\n               data-image-slug=\"img_20200818_102238\"\n               class=\"ngg-fancybox\" rel=\"981bb35bcf1b53200d0974e4959afd00\">\n                <img\n                    title=\"IMG_20200818_102238\"\n                    alt=\"IMG_20200818_102238\"\n                    src=\"https:\/\/www.camperonline.it\/magazine\/wp-content\/gallery\/sardegna-6tappa\/thumbs\/thumbs_IMG_20200818_102238.jpg\"\n                    width=\"240\"\n                    height=\"160\"\n                    style=\"max-width:100%;\"\n                \/>\n            <\/a>\n        <\/div>\n\t\t\t\t\t\t\t<\/div> \n\t\t\t\n\t\t\t\t<div id=\"ngg-image-6\" class=\"ngg-gallery-thumbnail-box ngg-5-columns\" >\n\t\t\t\t        <div class=\"ngg-gallery-thumbnail\">\n            <a href=\"https:\/\/www.camperonline.it\/magazine\/wp-content\/gallery\/sardegna-6tappa\/P1050220.jpg\"\n               title=\"\"\n               data-src=\"https:\/\/www.camperonline.it\/magazine\/wp-content\/gallery\/sardegna-6tappa\/P1050220.jpg\"\n               data-thumbnail=\"https:\/\/www.camperonline.it\/magazine\/wp-content\/gallery\/sardegna-6tappa\/thumbs\/thumbs_P1050220.jpg\"\n               data-image-id=\"125067\"\n               data-title=\"P1050220\"\n               data-description=\"\"\n               data-image-slug=\"p1050220\"\n               class=\"ngg-fancybox\" rel=\"981bb35bcf1b53200d0974e4959afd00\">\n                <img\n                    title=\"P1050220\"\n                    alt=\"P1050220\"\n                    src=\"https:\/\/www.camperonline.it\/magazine\/wp-content\/gallery\/sardegna-6tappa\/thumbs\/thumbs_P1050220.jpg\"\n                    width=\"240\"\n                    height=\"160\"\n                    style=\"max-width:100%;\"\n                \/>\n            <\/a>\n        <\/div>\n\t\t\t\t\t\t\t<\/div> \n\t\t\t\n\t\t\t\t<div id=\"ngg-image-7\" class=\"ngg-gallery-thumbnail-box ngg-5-columns\" >\n\t\t\t\t        <div class=\"ngg-gallery-thumbnail\">\n            <a href=\"https:\/\/www.camperonline.it\/magazine\/wp-content\/gallery\/sardegna-6tappa\/P1050270.jpg\"\n               title=\"\"\n               data-src=\"https:\/\/www.camperonline.it\/magazine\/wp-content\/gallery\/sardegna-6tappa\/P1050270.jpg\"\n               data-thumbnail=\"https:\/\/www.camperonline.it\/magazine\/wp-content\/gallery\/sardegna-6tappa\/thumbs\/thumbs_P1050270.jpg\"\n               data-image-id=\"125068\"\n               data-title=\"P1050270\"\n               data-description=\"\"\n               data-image-slug=\"p1050270\"\n               class=\"ngg-fancybox\" rel=\"981bb35bcf1b53200d0974e4959afd00\">\n                <img\n                    title=\"P1050270\"\n                    alt=\"P1050270\"\n                    src=\"https:\/\/www.camperonline.it\/magazine\/wp-content\/gallery\/sardegna-6tappa\/thumbs\/thumbs_P1050270.jpg\"\n                    width=\"240\"\n                    height=\"160\"\n                    style=\"max-width:100%;\"\n                \/>\n            <\/a>\n        <\/div>\n\t\t\t\t\t\t\t<\/div> \n\t\t\t\n\t\t\t\t<div id=\"ngg-image-8\" class=\"ngg-gallery-thumbnail-box ngg-5-columns\" >\n\t\t\t\t        <div class=\"ngg-gallery-thumbnail\">\n            <a href=\"https:\/\/www.camperonline.it\/magazine\/wp-content\/gallery\/sardegna-6tappa\/P1050280.jpg\"\n               title=\"\"\n               data-src=\"https:\/\/www.camperonline.it\/magazine\/wp-content\/gallery\/sardegna-6tappa\/P1050280.jpg\"\n               data-thumbnail=\"https:\/\/www.camperonline.it\/magazine\/wp-content\/gallery\/sardegna-6tappa\/thumbs\/thumbs_P1050280.jpg\"\n               data-image-id=\"125069\"\n               data-title=\"P1050280\"\n               data-description=\"\"\n               data-image-slug=\"p1050280\"\n               class=\"ngg-fancybox\" rel=\"981bb35bcf1b53200d0974e4959afd00\">\n                <img\n                    title=\"P1050280\"\n                    alt=\"P1050280\"\n                    src=\"https:\/\/www.camperonline.it\/magazine\/wp-content\/gallery\/sardegna-6tappa\/thumbs\/thumbs_P1050280.jpg\"\n                    width=\"240\"\n                    height=\"160\"\n                    style=\"max-width:100%;\"\n                \/>\n            <\/a>\n        <\/div>\n\t\t\t\t\t\t\t<\/div> \n\t\t\t\n\t\t\t\t<div id=\"ngg-image-9\" class=\"ngg-gallery-thumbnail-box ngg-5-columns\" >\n\t\t\t\t        <div class=\"ngg-gallery-thumbnail\">\n            <a href=\"https:\/\/www.camperonline.it\/magazine\/wp-content\/gallery\/sardegna-6tappa\/P1050295.jpg\"\n               title=\"\"\n               data-src=\"https:\/\/www.camperonline.it\/magazine\/wp-content\/gallery\/sardegna-6tappa\/P1050295.jpg\"\n               data-thumbnail=\"https:\/\/www.camperonline.it\/magazine\/wp-content\/gallery\/sardegna-6tappa\/thumbs\/thumbs_P1050295.jpg\"\n               data-image-id=\"125070\"\n               data-title=\"P1050295\"\n               data-description=\"\"\n               data-image-slug=\"p1050295\"\n               class=\"ngg-fancybox\" rel=\"981bb35bcf1b53200d0974e4959afd00\">\n                <img\n                    title=\"P1050295\"\n                    alt=\"P1050295\"\n                    src=\"https:\/\/www.camperonline.it\/magazine\/wp-content\/gallery\/sardegna-6tappa\/thumbs\/thumbs_P1050295.jpg\"\n                    width=\"240\"\n                    height=\"160\"\n                    style=\"max-width:100%;\"\n                \/>\n            <\/a>\n        <\/div>\n\t\t\t\t\t\t\t<\/div> \n\t\t\t\n\t\t\t\t<div id=\"ngg-image-10\" class=\"ngg-gallery-thumbnail-box ngg-5-columns\" >\n\t\t\t\t        <div class=\"ngg-gallery-thumbnail\">\n            <a href=\"https:\/\/www.camperonline.it\/magazine\/wp-content\/gallery\/sardegna-6tappa\/P1050296.jpg\"\n               title=\"\"\n               data-src=\"https:\/\/www.camperonline.it\/magazine\/wp-content\/gallery\/sardegna-6tappa\/P1050296.jpg\"\n               data-thumbnail=\"https:\/\/www.camperonline.it\/magazine\/wp-content\/gallery\/sardegna-6tappa\/thumbs\/thumbs_P1050296.jpg\"\n               data-image-id=\"125071\"\n               data-title=\"P1050296\"\n               data-description=\"\"\n               data-image-slug=\"p1050296\"\n               class=\"ngg-fancybox\" rel=\"981bb35bcf1b53200d0974e4959afd00\">\n                <img\n                    title=\"P1050296\"\n                    alt=\"P1050296\"\n                    src=\"https:\/\/www.camperonline.it\/magazine\/wp-content\/gallery\/sardegna-6tappa\/thumbs\/thumbs_P1050296.jpg\"\n                    width=\"240\"\n                    height=\"160\"\n                    style=\"max-width:100%;\"\n                \/>\n            <\/a>\n        <\/div>\n\t\t\t\t\t\t\t<\/div> \n\t\t\t\n\t\t\t\t<div id=\"ngg-image-11\" class=\"ngg-gallery-thumbnail-box ngg-5-columns\" >\n\t\t\t\t        <div class=\"ngg-gallery-thumbnail\">\n            <a href=\"https:\/\/www.camperonline.it\/magazine\/wp-content\/gallery\/sardegna-6tappa\/P1050275.jpg\"\n               title=\"\"\n               data-src=\"https:\/\/www.camperonline.it\/magazine\/wp-content\/gallery\/sardegna-6tappa\/P1050275.jpg\"\n               data-thumbnail=\"https:\/\/www.camperonline.it\/magazine\/wp-content\/gallery\/sardegna-6tappa\/thumbs\/thumbs_P1050275.jpg\"\n               data-image-id=\"125072\"\n               data-title=\"P1050275\"\n               data-description=\"\"\n               data-image-slug=\"p1050275\"\n               class=\"ngg-fancybox\" rel=\"981bb35bcf1b53200d0974e4959afd00\">\n                <img\n                    title=\"P1050275\"\n                    alt=\"P1050275\"\n                    src=\"https:\/\/www.camperonline.it\/magazine\/wp-content\/gallery\/sardegna-6tappa\/thumbs\/thumbs_P1050275.jpg\"\n                    width=\"240\"\n                    height=\"160\"\n                    style=\"max-width:100%;\"\n                \/>\n            <\/a>\n        <\/div>\n\t\t\t\t\t\t\t<\/div> \n\t\t\t\n\t\t\t\t<div id=\"ngg-image-12\" class=\"ngg-gallery-thumbnail-box ngg-5-columns\" >\n\t\t\t\t        <div class=\"ngg-gallery-thumbnail\">\n            <a href=\"https:\/\/www.camperonline.it\/magazine\/wp-content\/gallery\/sardegna-6tappa\/P1050284.jpg\"\n               title=\"\"\n               data-src=\"https:\/\/www.camperonline.it\/magazine\/wp-content\/gallery\/sardegna-6tappa\/P1050284.jpg\"\n               data-thumbnail=\"https:\/\/www.camperonline.it\/magazine\/wp-content\/gallery\/sardegna-6tappa\/thumbs\/thumbs_P1050284.jpg\"\n               data-image-id=\"125073\"\n               data-title=\"P1050284\"\n               data-description=\"\"\n               data-image-slug=\"p1050284\"\n               class=\"ngg-fancybox\" rel=\"981bb35bcf1b53200d0974e4959afd00\">\n                <img\n                    title=\"P1050284\"\n                    alt=\"P1050284\"\n                    src=\"https:\/\/www.camperonline.it\/magazine\/wp-content\/gallery\/sardegna-6tappa\/thumbs\/thumbs_P1050284.jpg\"\n                    width=\"240\"\n                    height=\"160\"\n                    style=\"max-width:100%;\"\n                \/>\n            <\/a>\n        <\/div>\n\t\t\t\t\t\t\t<\/div> \n\t\t\t\n\t\t\t\t<div id=\"ngg-image-13\" class=\"ngg-gallery-thumbnail-box ngg-5-columns\" >\n\t\t\t\t        <div class=\"ngg-gallery-thumbnail\">\n            <a href=\"https:\/\/www.camperonline.it\/magazine\/wp-content\/gallery\/sardegna-6tappa\/P1050303.jpg\"\n               title=\"\"\n               data-src=\"https:\/\/www.camperonline.it\/magazine\/wp-content\/gallery\/sardegna-6tappa\/P1050303.jpg\"\n               data-thumbnail=\"https:\/\/www.camperonline.it\/magazine\/wp-content\/gallery\/sardegna-6tappa\/thumbs\/thumbs_P1050303.jpg\"\n               data-image-id=\"125074\"\n               data-title=\"P1050303\"\n               data-description=\"\"\n               data-image-slug=\"p1050303\"\n               class=\"ngg-fancybox\" rel=\"981bb35bcf1b53200d0974e4959afd00\">\n                <img\n                    title=\"P1050303\"\n                    alt=\"P1050303\"\n                    src=\"https:\/\/www.camperonline.it\/magazine\/wp-content\/gallery\/sardegna-6tappa\/thumbs\/thumbs_P1050303.jpg\"\n                    width=\"240\"\n                    height=\"160\"\n                    style=\"max-width:100%;\"\n                \/>\n            <\/a>\n        <\/div>\n\t\t\t\t\t\t\t<\/div> \n\t\t\t\n\t\t\t\t<div id=\"ngg-image-14\" class=\"ngg-gallery-thumbnail-box ngg-5-columns\" >\n\t\t\t\t        <div class=\"ngg-gallery-thumbnail\">\n            <a href=\"https:\/\/www.camperonline.it\/magazine\/wp-content\/gallery\/sardegna-6tappa\/P1050307.jpg\"\n               title=\"\"\n               data-src=\"https:\/\/www.camperonline.it\/magazine\/wp-content\/gallery\/sardegna-6tappa\/P1050307.jpg\"\n               data-thumbnail=\"https:\/\/www.camperonline.it\/magazine\/wp-content\/gallery\/sardegna-6tappa\/thumbs\/thumbs_P1050307.jpg\"\n               data-image-id=\"125075\"\n               data-title=\"P1050307\"\n               data-description=\"\"\n               data-image-slug=\"p1050307\"\n               class=\"ngg-fancybox\" rel=\"981bb35bcf1b53200d0974e4959afd00\">\n                <img\n                    title=\"P1050307\"\n                    alt=\"P1050307\"\n                    src=\"https:\/\/www.camperonline.it\/magazine\/wp-content\/gallery\/sardegna-6tappa\/thumbs\/thumbs_P1050307.jpg\"\n                    width=\"240\"\n                    height=\"160\"\n                    style=\"max-width:100%;\"\n                \/>\n            <\/a>\n        <\/div>\n\t\t\t\t\t\t\t<\/div> \n\t\t\t\n\t\t\t\t<div id=\"ngg-image-15\" class=\"ngg-gallery-thumbnail-box ngg-5-columns\" >\n\t\t\t\t        <div class=\"ngg-gallery-thumbnail\">\n            <a href=\"https:\/\/www.camperonline.it\/magazine\/wp-content\/gallery\/sardegna-6tappa\/IMG_20200817_194457.jpg\"\n               title=\"\"\n               data-src=\"https:\/\/www.camperonline.it\/magazine\/wp-content\/gallery\/sardegna-6tappa\/IMG_20200817_194457.jpg\"\n               data-thumbnail=\"https:\/\/www.camperonline.it\/magazine\/wp-content\/gallery\/sardegna-6tappa\/thumbs\/thumbs_IMG_20200817_194457.jpg\"\n               data-image-id=\"125061\"\n               data-title=\"IMG_20200817_194457\"\n               data-description=\"\"\n               data-image-slug=\"img_20200817_194457\"\n               class=\"ngg-fancybox\" rel=\"981bb35bcf1b53200d0974e4959afd00\">\n                <img\n                    title=\"IMG_20200817_194457\"\n                    alt=\"IMG_20200817_194457\"\n                    src=\"https:\/\/www.camperonline.it\/magazine\/wp-content\/gallery\/sardegna-6tappa\/thumbs\/thumbs_IMG_20200817_194457.jpg\"\n                    width=\"240\"\n                    height=\"160\"\n                    style=\"max-width:100%;\"\n                \/>\n            <\/a>\n        <\/div>\n\t\t\t\t\t\t\t<\/div> \n\t\t\t\n\t\t\t\t<div id=\"ngg-image-16\" class=\"ngg-gallery-thumbnail-box ngg-5-columns\" >\n\t\t\t\t        <div class=\"ngg-gallery-thumbnail\">\n            <a href=\"https:\/\/www.camperonline.it\/magazine\/wp-content\/gallery\/sardegna-6tappa\/P1050315.jpg\"\n               title=\"\"\n               data-src=\"https:\/\/www.camperonline.it\/magazine\/wp-content\/gallery\/sardegna-6tappa\/P1050315.jpg\"\n               data-thumbnail=\"https:\/\/www.camperonline.it\/magazine\/wp-content\/gallery\/sardegna-6tappa\/thumbs\/thumbs_P1050315.jpg\"\n               data-image-id=\"125077\"\n               data-title=\"P1050315\"\n               data-description=\"\"\n               data-image-slug=\"p1050315\"\n               class=\"ngg-fancybox\" rel=\"981bb35bcf1b53200d0974e4959afd00\">\n                <img\n                    title=\"P1050315\"\n                    alt=\"P1050315\"\n                    src=\"https:\/\/www.camperonline.it\/magazine\/wp-content\/gallery\/sardegna-6tappa\/thumbs\/thumbs_P1050315.jpg\"\n                    width=\"240\"\n                    height=\"160\"\n                    style=\"max-width:100%;\"\n                \/>\n            <\/a>\n        <\/div>\n\t\t\t\t\t\t\t<\/div> \n\t\t\t\n\t\t\t\t<div id=\"ngg-image-17\" class=\"ngg-gallery-thumbnail-box ngg-5-columns\" >\n\t\t\t\t        <div class=\"ngg-gallery-thumbnail\">\n            <a href=\"https:\/\/www.camperonline.it\/magazine\/wp-content\/gallery\/sardegna-6tappa\/P1050318.jpg\"\n               title=\"\"\n               data-src=\"https:\/\/www.camperonline.it\/magazine\/wp-content\/gallery\/sardegna-6tappa\/P1050318.jpg\"\n               data-thumbnail=\"https:\/\/www.camperonline.it\/magazine\/wp-content\/gallery\/sardegna-6tappa\/thumbs\/thumbs_P1050318.jpg\"\n               data-image-id=\"125078\"\n               data-title=\"P1050318\"\n               data-description=\"\"\n               data-image-slug=\"p1050318\"\n               class=\"ngg-fancybox\" rel=\"981bb35bcf1b53200d0974e4959afd00\">\n                <img\n                    title=\"P1050318\"\n                    alt=\"P1050318\"\n                    src=\"https:\/\/www.camperonline.it\/magazine\/wp-content\/gallery\/sardegna-6tappa\/thumbs\/thumbs_P1050318.jpg\"\n                    width=\"240\"\n                    height=\"160\"\n                    style=\"max-width:100%;\"\n                \/>\n            <\/a>\n        <\/div>\n\t\t\t\t\t\t\t<\/div> \n\t\t\t\n\t\t\t\t<div id=\"ngg-image-18\" class=\"ngg-gallery-thumbnail-box ngg-5-columns\" >\n\t\t\t\t        <div class=\"ngg-gallery-thumbnail\">\n            <a href=\"https:\/\/www.camperonline.it\/magazine\/wp-content\/gallery\/sardegna-6tappa\/P1050332.jpg\"\n               title=\"\"\n               data-src=\"https:\/\/www.camperonline.it\/magazine\/wp-content\/gallery\/sardegna-6tappa\/P1050332.jpg\"\n               data-thumbnail=\"https:\/\/www.camperonline.it\/magazine\/wp-content\/gallery\/sardegna-6tappa\/thumbs\/thumbs_P1050332.jpg\"\n               data-image-id=\"125079\"\n               data-title=\"P1050332\"\n               data-description=\"\"\n               data-image-slug=\"p1050332\"\n               class=\"ngg-fancybox\" rel=\"981bb35bcf1b53200d0974e4959afd00\">\n                <img\n                    title=\"P1050332\"\n                    alt=\"P1050332\"\n                    src=\"https:\/\/www.camperonline.it\/magazine\/wp-content\/gallery\/sardegna-6tappa\/thumbs\/thumbs_P1050332.jpg\"\n                    width=\"240\"\n                    height=\"160\"\n                    style=\"max-width:100%;\"\n                \/>\n            <\/a>\n        <\/div>\n\t\t\t\t\t\t\t<\/div> \n\t\t\t\n\t\t\t\t<div id=\"ngg-image-19\" class=\"ngg-gallery-thumbnail-box ngg-5-columns\" >\n\t\t\t\t        <div class=\"ngg-gallery-thumbnail\">\n            <a href=\"https:\/\/www.camperonline.it\/magazine\/wp-content\/gallery\/sardegna-6tappa\/P1050325.jpg\"\n               title=\"\"\n               data-src=\"https:\/\/www.camperonline.it\/magazine\/wp-content\/gallery\/sardegna-6tappa\/P1050325.jpg\"\n               data-thumbnail=\"https:\/\/www.camperonline.it\/magazine\/wp-content\/gallery\/sardegna-6tappa\/thumbs\/thumbs_P1050325.jpg\"\n               data-image-id=\"125080\"\n               data-title=\"P1050325\"\n               data-description=\"\"\n               data-image-slug=\"p1050325\"\n               class=\"ngg-fancybox\" rel=\"981bb35bcf1b53200d0974e4959afd00\">\n                <img\n                    title=\"P1050325\"\n                    alt=\"P1050325\"\n                    src=\"https:\/\/www.camperonline.it\/magazine\/wp-content\/gallery\/sardegna-6tappa\/thumbs\/thumbs_P1050325.jpg\"\n                    width=\"240\"\n                    height=\"160\"\n                    style=\"max-width:100%;\"\n                \/>\n            <\/a>\n        <\/div>\n\t\t\t\t\t\t\t<\/div> \n\t\t\t\n\t\t\t\t<div id=\"ngg-image-20\" class=\"ngg-gallery-thumbnail-box ngg-5-columns\" >\n\t\t\t\t        <div class=\"ngg-gallery-thumbnail\">\n            <a href=\"https:\/\/www.camperonline.it\/magazine\/wp-content\/gallery\/sardegna-6tappa\/P1050329.jpg\"\n               title=\"\"\n               data-src=\"https:\/\/www.camperonline.it\/magazine\/wp-content\/gallery\/sardegna-6tappa\/P1050329.jpg\"\n               data-thumbnail=\"https:\/\/www.camperonline.it\/magazine\/wp-content\/gallery\/sardegna-6tappa\/thumbs\/thumbs_P1050329.jpg\"\n               data-image-id=\"125081\"\n               data-title=\"P1050329\"\n               data-description=\"\"\n               data-image-slug=\"p1050329\"\n               class=\"ngg-fancybox\" rel=\"981bb35bcf1b53200d0974e4959afd00\">\n                <img\n                    title=\"P1050329\"\n                    alt=\"P1050329\"\n                    src=\"https:\/\/www.camperonline.it\/magazine\/wp-content\/gallery\/sardegna-6tappa\/thumbs\/thumbs_P1050329.jpg\"\n                    width=\"240\"\n                    height=\"160\"\n                    style=\"max-width:100%;\"\n                \/>\n            <\/a>\n        <\/div>\n\t\t\t\t\t\t\t<\/div> \n\t\t\t\n\t\t\t\t<div id=\"ngg-image-21\" class=\"ngg-gallery-thumbnail-box ngg-5-columns\" >\n\t\t\t\t        <div class=\"ngg-gallery-thumbnail\">\n            <a href=\"https:\/\/www.camperonline.it\/magazine\/wp-content\/gallery\/sardegna-6tappa\/IMG_20200818_193516.jpg\"\n               title=\"\"\n               data-src=\"https:\/\/www.camperonline.it\/magazine\/wp-content\/gallery\/sardegna-6tappa\/IMG_20200818_193516.jpg\"\n               data-thumbnail=\"https:\/\/www.camperonline.it\/magazine\/wp-content\/gallery\/sardegna-6tappa\/thumbs\/thumbs_IMG_20200818_193516.jpg\"\n               data-image-id=\"125082\"\n               data-title=\"IMG_20200818_193516\"\n               data-description=\"\"\n               data-image-slug=\"img_20200818_193516\"\n               class=\"ngg-fancybox\" rel=\"981bb35bcf1b53200d0974e4959afd00\">\n                <img\n                    title=\"IMG_20200818_193516\"\n                    alt=\"IMG_20200818_193516\"\n                    src=\"https:\/\/www.camperonline.it\/magazine\/wp-content\/gallery\/sardegna-6tappa\/thumbs\/thumbs_IMG_20200818_193516.jpg\"\n                    width=\"240\"\n                    height=\"160\"\n                    style=\"max-width:100%;\"\n                \/>\n            <\/a>\n        <\/div>\n\t\t\t\t\t\t\t<\/div> \n\t\t\t\n\t\t\t\t<div id=\"ngg-image-22\" class=\"ngg-gallery-thumbnail-box ngg-5-columns\" >\n\t\t\t\t        <div class=\"ngg-gallery-thumbnail\">\n            <a href=\"https:\/\/www.camperonline.it\/magazine\/wp-content\/gallery\/sardegna-6tappa\/IMG_20200818_194043.jpg\"\n               title=\"\"\n               data-src=\"https:\/\/www.camperonline.it\/magazine\/wp-content\/gallery\/sardegna-6tappa\/IMG_20200818_194043.jpg\"\n               data-thumbnail=\"https:\/\/www.camperonline.it\/magazine\/wp-content\/gallery\/sardegna-6tappa\/thumbs\/thumbs_IMG_20200818_194043.jpg\"\n               data-image-id=\"125083\"\n               data-title=\"IMG_20200818_194043\"\n               data-description=\"\"\n               data-image-slug=\"img_20200818_194043\"\n               class=\"ngg-fancybox\" rel=\"981bb35bcf1b53200d0974e4959afd00\">\n                <img\n                    title=\"IMG_20200818_194043\"\n                    alt=\"IMG_20200818_194043\"\n                    src=\"https:\/\/www.camperonline.it\/magazine\/wp-content\/gallery\/sardegna-6tappa\/thumbs\/thumbs_IMG_20200818_194043.jpg\"\n                    width=\"240\"\n                    height=\"160\"\n                    style=\"max-width:100%;\"\n                \/>\n            <\/a>\n        <\/div>\n\t\t\t\t\t\t\t<\/div> \n\t\t\t\n\t\t\t\t<div id=\"ngg-image-23\" class=\"ngg-gallery-thumbnail-box ngg-5-columns\" >\n\t\t\t\t        <div class=\"ngg-gallery-thumbnail\">\n            <a href=\"https:\/\/www.camperonline.it\/magazine\/wp-content\/gallery\/sardegna-6tappa\/IMG_20200818_191140.jpg\"\n               title=\"\"\n               data-src=\"https:\/\/www.camperonline.it\/magazine\/wp-content\/gallery\/sardegna-6tappa\/IMG_20200818_191140.jpg\"\n               data-thumbnail=\"https:\/\/www.camperonline.it\/magazine\/wp-content\/gallery\/sardegna-6tappa\/thumbs\/thumbs_IMG_20200818_191140.jpg\"\n               data-image-id=\"125084\"\n               data-title=\"IMG_20200818_191140\"\n               data-description=\"\"\n               data-image-slug=\"img_20200818_191140\"\n               class=\"ngg-fancybox\" rel=\"981bb35bcf1b53200d0974e4959afd00\">\n                <img\n                    title=\"IMG_20200818_191140\"\n                    alt=\"IMG_20200818_191140\"\n                    src=\"https:\/\/www.camperonline.it\/magazine\/wp-content\/gallery\/sardegna-6tappa\/thumbs\/thumbs_IMG_20200818_191140.jpg\"\n                    width=\"240\"\n                    height=\"160\"\n                    style=\"max-width:100%;\"\n                \/>\n            <\/a>\n        <\/div>\n\t\t\t\t\t\t\t<\/div> \n\t\t\t\n\t\t\t\t<div id=\"ngg-image-24\" class=\"ngg-gallery-thumbnail-box ngg-5-columns\" >\n\t\t\t\t        <div class=\"ngg-gallery-thumbnail\">\n            <a href=\"https:\/\/www.camperonline.it\/magazine\/wp-content\/gallery\/sardegna-6tappa\/P1050350.jpg\"\n               title=\"\"\n               data-src=\"https:\/\/www.camperonline.it\/magazine\/wp-content\/gallery\/sardegna-6tappa\/P1050350.jpg\"\n               data-thumbnail=\"https:\/\/www.camperonline.it\/magazine\/wp-content\/gallery\/sardegna-6tappa\/thumbs\/thumbs_P1050350.jpg\"\n               data-image-id=\"125085\"\n               data-title=\"P1050350\"\n               data-description=\"\"\n               data-image-slug=\"p1050350\"\n               class=\"ngg-fancybox\" rel=\"981bb35bcf1b53200d0974e4959afd00\">\n                <img\n                    title=\"P1050350\"\n                    alt=\"P1050350\"\n                    src=\"https:\/\/www.camperonline.it\/magazine\/wp-content\/gallery\/sardegna-6tappa\/thumbs\/thumbs_P1050350.jpg\"\n                    width=\"240\"\n                    height=\"160\"\n                    style=\"max-width:100%;\"\n                \/>\n            <\/a>\n        <\/div>\n\t\t\t\t\t\t\t<\/div> \n\t\t\t\n\t\t\t\t<div id=\"ngg-image-25\" class=\"ngg-gallery-thumbnail-box ngg-5-columns\" >\n\t\t\t\t        <div class=\"ngg-gallery-thumbnail\">\n            <a href=\"https:\/\/www.camperonline.it\/magazine\/wp-content\/gallery\/sardegna-6tappa\/IMG_20200818_173257.jpg\"\n               title=\"\"\n               data-src=\"https:\/\/www.camperonline.it\/magazine\/wp-content\/gallery\/sardegna-6tappa\/IMG_20200818_173257.jpg\"\n               data-thumbnail=\"https:\/\/www.camperonline.it\/magazine\/wp-content\/gallery\/sardegna-6tappa\/thumbs\/thumbs_IMG_20200818_173257.jpg\"\n               data-image-id=\"125086\"\n               data-title=\"IMG_20200818_173257\"\n               data-description=\"\"\n               data-image-slug=\"img_20200818_173257\"\n               class=\"ngg-fancybox\" rel=\"981bb35bcf1b53200d0974e4959afd00\">\n                <img\n                    title=\"IMG_20200818_173257\"\n                    alt=\"IMG_20200818_173257\"\n                    src=\"https:\/\/www.camperonline.it\/magazine\/wp-content\/gallery\/sardegna-6tappa\/thumbs\/thumbs_IMG_20200818_173257.jpg\"\n                    width=\"240\"\n                    height=\"160\"\n                    style=\"max-width:100%;\"\n                \/>\n            <\/a>\n        <\/div>\n\t\t\t\t\t\t\t<\/div> \n\t\t\t\n\t\t\t\t<div id=\"ngg-image-26\" class=\"ngg-gallery-thumbnail-box ngg-5-columns\" >\n\t\t\t\t        <div class=\"ngg-gallery-thumbnail\">\n            <a href=\"https:\/\/www.camperonline.it\/magazine\/wp-content\/gallery\/sardegna-6tappa\/IMG_20200818_172603.jpg\"\n               title=\"\"\n               data-src=\"https:\/\/www.camperonline.it\/magazine\/wp-content\/gallery\/sardegna-6tappa\/IMG_20200818_172603.jpg\"\n               data-thumbnail=\"https:\/\/www.camperonline.it\/magazine\/wp-content\/gallery\/sardegna-6tappa\/thumbs\/thumbs_IMG_20200818_172603.jpg\"\n               data-image-id=\"125087\"\n               data-title=\"IMG_20200818_172603\"\n               data-description=\"\"\n               data-image-slug=\"img_20200818_172603\"\n               class=\"ngg-fancybox\" rel=\"981bb35bcf1b53200d0974e4959afd00\">\n                <img\n                    title=\"IMG_20200818_172603\"\n                    alt=\"IMG_20200818_172603\"\n                    src=\"https:\/\/www.camperonline.it\/magazine\/wp-content\/gallery\/sardegna-6tappa\/thumbs\/thumbs_IMG_20200818_172603.jpg\"\n                    width=\"240\"\n                    height=\"160\"\n                    style=\"max-width:100%;\"\n                \/>\n            <\/a>\n        <\/div>\n\t\t\t\t\t\t\t<\/div> \n\t\t\t\n\t\t\t\t<div id=\"ngg-image-27\" class=\"ngg-gallery-thumbnail-box ngg-5-columns\" >\n\t\t\t\t        <div class=\"ngg-gallery-thumbnail\">\n            <a href=\"https:\/\/www.camperonline.it\/magazine\/wp-content\/gallery\/sardegna-6tappa\/IMG_20200818_172537.jpg\"\n               title=\"\"\n               data-src=\"https:\/\/www.camperonline.it\/magazine\/wp-content\/gallery\/sardegna-6tappa\/IMG_20200818_172537.jpg\"\n               data-thumbnail=\"https:\/\/www.camperonline.it\/magazine\/wp-content\/gallery\/sardegna-6tappa\/thumbs\/thumbs_IMG_20200818_172537.jpg\"\n               data-image-id=\"125088\"\n               data-title=\"IMG_20200818_172537\"\n               data-description=\"\"\n               data-image-slug=\"img_20200818_172537\"\n               class=\"ngg-fancybox\" rel=\"981bb35bcf1b53200d0974e4959afd00\">\n                <img\n                    title=\"IMG_20200818_172537\"\n                    alt=\"IMG_20200818_172537\"\n                    src=\"https:\/\/www.camperonline.it\/magazine\/wp-content\/gallery\/sardegna-6tappa\/thumbs\/thumbs_IMG_20200818_172537.jpg\"\n                    width=\"240\"\n                    height=\"160\"\n                    style=\"max-width:100%;\"\n                \/>\n            <\/a>\n        <\/div>\n\t\t\t\t\t\t\t<\/div> \n\t\t\t\n\t\t\t\t<div id=\"ngg-image-28\" class=\"ngg-gallery-thumbnail-box ngg-5-columns\" >\n\t\t\t\t        <div class=\"ngg-gallery-thumbnail\">\n            <a href=\"https:\/\/www.camperonline.it\/magazine\/wp-content\/gallery\/sardegna-6tappa\/P1050340.jpg\"\n               title=\"\"\n               data-src=\"https:\/\/www.camperonline.it\/magazine\/wp-content\/gallery\/sardegna-6tappa\/P1050340.jpg\"\n               data-thumbnail=\"https:\/\/www.camperonline.it\/magazine\/wp-content\/gallery\/sardegna-6tappa\/thumbs\/thumbs_P1050340.jpg\"\n               data-image-id=\"125089\"\n               data-title=\"P1050340\"\n               data-description=\"\"\n               data-image-slug=\"p1050340\"\n               class=\"ngg-fancybox\" rel=\"981bb35bcf1b53200d0974e4959afd00\">\n                <img\n                    title=\"P1050340\"\n                    alt=\"P1050340\"\n                    src=\"https:\/\/www.camperonline.it\/magazine\/wp-content\/gallery\/sardegna-6tappa\/thumbs\/thumbs_P1050340.jpg\"\n                    width=\"240\"\n                    height=\"160\"\n                    style=\"max-width:100%;\"\n                \/>\n            <\/a>\n        <\/div>\n\t\t\t\t\t\t\t<\/div> \n\t\t\t\n\t\t\t\t<div id=\"ngg-image-29\" class=\"ngg-gallery-thumbnail-box ngg-5-columns\" >\n\t\t\t\t        <div class=\"ngg-gallery-thumbnail\">\n            <a href=\"https:\/\/www.camperonline.it\/magazine\/wp-content\/gallery\/sardegna-6tappa\/P1050346.jpg\"\n               title=\"\"\n               data-src=\"https:\/\/www.camperonline.it\/magazine\/wp-content\/gallery\/sardegna-6tappa\/P1050346.jpg\"\n               data-thumbnail=\"https:\/\/www.camperonline.it\/magazine\/wp-content\/gallery\/sardegna-6tappa\/thumbs\/thumbs_P1050346.jpg\"\n               data-image-id=\"125090\"\n               data-title=\"P1050346\"\n               data-description=\"\"\n               data-image-slug=\"p1050346\"\n               class=\"ngg-fancybox\" rel=\"981bb35bcf1b53200d0974e4959afd00\">\n                <img\n                    title=\"P1050346\"\n                    alt=\"P1050346\"\n                    src=\"https:\/\/www.camperonline.it\/magazine\/wp-content\/gallery\/sardegna-6tappa\/thumbs\/thumbs_P1050346.jpg\"\n                    width=\"240\"\n                    height=\"160\"\n                    style=\"max-width:100%;\"\n                \/>\n            <\/a>\n        <\/div>\n\t\t\t\t\t\t\t<\/div> \n\t\t\t\n\t\t\t\t<div id=\"ngg-image-30\" class=\"ngg-gallery-thumbnail-box ngg-5-columns\" >\n\t\t\t\t        <div class=\"ngg-gallery-thumbnail\">\n            <a href=\"https:\/\/www.camperonline.it\/magazine\/wp-content\/gallery\/sardegna-6tappa\/IMG_20200817_162650.jpg\"\n               title=\"\"\n               data-src=\"https:\/\/www.camperonline.it\/magazine\/wp-content\/gallery\/sardegna-6tappa\/IMG_20200817_162650.jpg\"\n               data-thumbnail=\"https:\/\/www.camperonline.it\/magazine\/wp-content\/gallery\/sardegna-6tappa\/thumbs\/thumbs_IMG_20200817_162650.jpg\"\n               data-image-id=\"125046\"\n               data-title=\"IMG_20200817_162650\"\n               data-description=\"\"\n               data-image-slug=\"img_20200817_162650\"\n               class=\"ngg-fancybox\" rel=\"981bb35bcf1b53200d0974e4959afd00\">\n                <img\n                    title=\"IMG_20200817_162650\"\n                    alt=\"IMG_20200817_162650\"\n                    src=\"https:\/\/www.camperonline.it\/magazine\/wp-content\/gallery\/sardegna-6tappa\/thumbs\/thumbs_IMG_20200817_162650.jpg\"\n                    width=\"240\"\n                    height=\"160\"\n                    style=\"max-width:100%;\"\n                \/>\n            <\/a>\n        <\/div>\n\t\t\t\t\t\t\t<\/div> \n\t\t\t\n\t\t\t\t<div id=\"ngg-image-31\" class=\"ngg-gallery-thumbnail-box ngg-5-columns\" >\n\t\t\t\t        <div class=\"ngg-gallery-thumbnail\">\n            <a href=\"https:\/\/www.camperonline.it\/magazine\/wp-content\/gallery\/sardegna-6tappa\/P1050116.jpg\"\n               title=\"\"\n               data-src=\"https:\/\/www.camperonline.it\/magazine\/wp-content\/gallery\/sardegna-6tappa\/P1050116.jpg\"\n               data-thumbnail=\"https:\/\/www.camperonline.it\/magazine\/wp-content\/gallery\/sardegna-6tappa\/thumbs\/thumbs_P1050116.jpg\"\n               data-image-id=\"125032\"\n               data-title=\"P1050116\"\n               data-description=\"\"\n               data-image-slug=\"p1050116\"\n               class=\"ngg-fancybox\" rel=\"981bb35bcf1b53200d0974e4959afd00\">\n                <img\n                    title=\"P1050116\"\n                    alt=\"P1050116\"\n                    src=\"https:\/\/www.camperonline.it\/magazine\/wp-content\/gallery\/sardegna-6tappa\/thumbs\/thumbs_P1050116.jpg\"\n                    width=\"240\"\n                    height=\"160\"\n                    style=\"max-width:100%;\"\n                \/>\n            <\/a>\n        <\/div>\n\t\t\t\t\t\t\t<\/div> \n\t\t\t\n\t\t\t\t<div id=\"ngg-image-32\" class=\"ngg-gallery-thumbnail-box ngg-5-columns\" >\n\t\t\t\t        <div class=\"ngg-gallery-thumbnail\">\n            <a href=\"https:\/\/www.camperonline.it\/magazine\/wp-content\/gallery\/sardegna-6tappa\/IMG_20200817_110847.jpg\"\n               title=\"\"\n               data-src=\"https:\/\/www.camperonline.it\/magazine\/wp-content\/gallery\/sardegna-6tappa\/IMG_20200817_110847.jpg\"\n               data-thumbnail=\"https:\/\/www.camperonline.it\/magazine\/wp-content\/gallery\/sardegna-6tappa\/thumbs\/thumbs_IMG_20200817_110847.jpg\"\n               data-image-id=\"125033\"\n               data-title=\"IMG_20200817_110847\"\n               data-description=\"\"\n               data-image-slug=\"img_20200817_110847\"\n               class=\"ngg-fancybox\" rel=\"981bb35bcf1b53200d0974e4959afd00\">\n                <img\n                    title=\"IMG_20200817_110847\"\n                    alt=\"IMG_20200817_110847\"\n                    src=\"https:\/\/www.camperonline.it\/magazine\/wp-content\/gallery\/sardegna-6tappa\/thumbs\/thumbs_IMG_20200817_110847.jpg\"\n                    width=\"240\"\n                    height=\"160\"\n                    style=\"max-width:100%;\"\n                \/>\n            <\/a>\n        <\/div>\n\t\t\t\t\t\t\t<\/div> \n\t\t\t\n\t\t\t\t<div id=\"ngg-image-33\" class=\"ngg-gallery-thumbnail-box ngg-5-columns\" >\n\t\t\t\t        <div class=\"ngg-gallery-thumbnail\">\n            <a href=\"https:\/\/www.camperonline.it\/magazine\/wp-content\/gallery\/sardegna-6tappa\/IMG_20200817_110739.jpg\"\n               title=\"\"\n               data-src=\"https:\/\/www.camperonline.it\/magazine\/wp-content\/gallery\/sardegna-6tappa\/IMG_20200817_110739.jpg\"\n               data-thumbnail=\"https:\/\/www.camperonline.it\/magazine\/wp-content\/gallery\/sardegna-6tappa\/thumbs\/thumbs_IMG_20200817_110739.jpg\"\n               data-image-id=\"125034\"\n               data-title=\"IMG_20200817_110739\"\n               data-description=\"\"\n               data-image-slug=\"img_20200817_110739\"\n               class=\"ngg-fancybox\" rel=\"981bb35bcf1b53200d0974e4959afd00\">\n                <img\n                    title=\"IMG_20200817_110739\"\n                    alt=\"IMG_20200817_110739\"\n                    src=\"https:\/\/www.camperonline.it\/magazine\/wp-content\/gallery\/sardegna-6tappa\/thumbs\/thumbs_IMG_20200817_110739.jpg\"\n                    width=\"240\"\n                    height=\"160\"\n                    style=\"max-width:100%;\"\n                \/>\n            <\/a>\n        <\/div>\n\t\t\t\t\t\t\t<\/div> \n\t\t\t\n\t\t\t\t<div id=\"ngg-image-34\" class=\"ngg-gallery-thumbnail-box ngg-5-columns\" >\n\t\t\t\t        <div class=\"ngg-gallery-thumbnail\">\n            <a href=\"https:\/\/www.camperonline.it\/magazine\/wp-content\/gallery\/sardegna-6tappa\/IMG_20200817_112146.jpg\"\n               title=\"\"\n               data-src=\"https:\/\/www.camperonline.it\/magazine\/wp-content\/gallery\/sardegna-6tappa\/IMG_20200817_112146.jpg\"\n               data-thumbnail=\"https:\/\/www.camperonline.it\/magazine\/wp-content\/gallery\/sardegna-6tappa\/thumbs\/thumbs_IMG_20200817_112146.jpg\"\n               data-image-id=\"125035\"\n               data-title=\"IMG_20200817_112146\"\n               data-description=\"\"\n               data-image-slug=\"img_20200817_112146\"\n               class=\"ngg-fancybox\" rel=\"981bb35bcf1b53200d0974e4959afd00\">\n                <img\n                    title=\"IMG_20200817_112146\"\n                    alt=\"IMG_20200817_112146\"\n                    src=\"https:\/\/www.camperonline.it\/magazine\/wp-content\/gallery\/sardegna-6tappa\/thumbs\/thumbs_IMG_20200817_112146.jpg\"\n                    width=\"240\"\n                    height=\"160\"\n                    style=\"max-width:100%;\"\n                \/>\n            <\/a>\n        <\/div>\n\t\t\t\t\t\t\t<\/div> \n\t\t\t\n\t\t\t\t<div id=\"ngg-image-35\" class=\"ngg-gallery-thumbnail-box ngg-5-columns\" >\n\t\t\t\t        <div class=\"ngg-gallery-thumbnail\">\n            <a href=\"https:\/\/www.camperonline.it\/magazine\/wp-content\/gallery\/sardegna-6tappa\/IMG_20200817_123231.jpg\"\n               title=\"\"\n               data-src=\"https:\/\/www.camperonline.it\/magazine\/wp-content\/gallery\/sardegna-6tappa\/IMG_20200817_123231.jpg\"\n               data-thumbnail=\"https:\/\/www.camperonline.it\/magazine\/wp-content\/gallery\/sardegna-6tappa\/thumbs\/thumbs_IMG_20200817_123231.jpg\"\n               data-image-id=\"125036\"\n               data-title=\"IMG_20200817_123231\"\n               data-description=\"\"\n               data-image-slug=\"img_20200817_123231\"\n               class=\"ngg-fancybox\" rel=\"981bb35bcf1b53200d0974e4959afd00\">\n                <img\n                    title=\"IMG_20200817_123231\"\n                    alt=\"IMG_20200817_123231\"\n                    src=\"https:\/\/www.camperonline.it\/magazine\/wp-content\/gallery\/sardegna-6tappa\/thumbs\/thumbs_IMG_20200817_123231.jpg\"\n                    width=\"240\"\n                    height=\"160\"\n                    style=\"max-width:100%;\"\n                \/>\n            <\/a>\n        <\/div>\n\t\t\t\t\t\t\t<\/div> \n\t\t\t\n\t\t\t\t<div id=\"ngg-image-36\" class=\"ngg-gallery-thumbnail-box ngg-5-columns\" >\n\t\t\t\t        <div class=\"ngg-gallery-thumbnail\">\n            <a href=\"https:\/\/www.camperonline.it\/magazine\/wp-content\/gallery\/sardegna-6tappa\/IMG_20200817_135703.jpg\"\n               title=\"\"\n               data-src=\"https:\/\/www.camperonline.it\/magazine\/wp-content\/gallery\/sardegna-6tappa\/IMG_20200817_135703.jpg\"\n               data-thumbnail=\"https:\/\/www.camperonline.it\/magazine\/wp-content\/gallery\/sardegna-6tappa\/thumbs\/thumbs_IMG_20200817_135703.jpg\"\n               data-image-id=\"125037\"\n               data-title=\"IMG_20200817_135703\"\n               data-description=\"\"\n               data-image-slug=\"img_20200817_135703\"\n               class=\"ngg-fancybox\" rel=\"981bb35bcf1b53200d0974e4959afd00\">\n                <img\n                    title=\"IMG_20200817_135703\"\n                    alt=\"IMG_20200817_135703\"\n                    src=\"https:\/\/www.camperonline.it\/magazine\/wp-content\/gallery\/sardegna-6tappa\/thumbs\/thumbs_IMG_20200817_135703.jpg\"\n                    width=\"240\"\n                    height=\"160\"\n                    style=\"max-width:100%;\"\n                \/>\n            <\/a>\n        <\/div>\n\t\t\t\t\t\t\t<\/div> \n\t\t\t\n\t\t\t\t<div id=\"ngg-image-37\" class=\"ngg-gallery-thumbnail-box ngg-5-columns\" >\n\t\t\t\t        <div class=\"ngg-gallery-thumbnail\">\n            <a href=\"https:\/\/www.camperonline.it\/magazine\/wp-content\/gallery\/sardegna-6tappa\/P1050126.jpg\"\n               title=\"\"\n               data-src=\"https:\/\/www.camperonline.it\/magazine\/wp-content\/gallery\/sardegna-6tappa\/P1050126.jpg\"\n               data-thumbnail=\"https:\/\/www.camperonline.it\/magazine\/wp-content\/gallery\/sardegna-6tappa\/thumbs\/thumbs_P1050126.jpg\"\n               data-image-id=\"125038\"\n               data-title=\"P1050126\"\n               data-description=\"\"\n               data-image-slug=\"p1050126\"\n               class=\"ngg-fancybox\" rel=\"981bb35bcf1b53200d0974e4959afd00\">\n                <img\n                    title=\"P1050126\"\n                    alt=\"P1050126\"\n                    src=\"https:\/\/www.camperonline.it\/magazine\/wp-content\/gallery\/sardegna-6tappa\/thumbs\/thumbs_P1050126.jpg\"\n                    width=\"240\"\n                    height=\"160\"\n                    style=\"max-width:100%;\"\n                \/>\n            <\/a>\n        <\/div>\n\t\t\t\t\t\t\t<\/div> \n\t\t\t\n\t\t\t\t<div id=\"ngg-image-38\" class=\"ngg-gallery-thumbnail-box ngg-5-columns\" >\n\t\t\t\t        <div class=\"ngg-gallery-thumbnail\">\n            <a href=\"https:\/\/www.camperonline.it\/magazine\/wp-content\/gallery\/sardegna-6tappa\/IMG_20200817_145748.jpg\"\n               title=\"\"\n               data-src=\"https:\/\/www.camperonline.it\/magazine\/wp-content\/gallery\/sardegna-6tappa\/IMG_20200817_145748.jpg\"\n               data-thumbnail=\"https:\/\/www.camperonline.it\/magazine\/wp-content\/gallery\/sardegna-6tappa\/thumbs\/thumbs_IMG_20200817_145748.jpg\"\n               data-image-id=\"125039\"\n               data-title=\"IMG_20200817_145748\"\n               data-description=\"\"\n               data-image-slug=\"img_20200817_145748\"\n               class=\"ngg-fancybox\" rel=\"981bb35bcf1b53200d0974e4959afd00\">\n                <img\n                    title=\"IMG_20200817_145748\"\n                    alt=\"IMG_20200817_145748\"\n                    src=\"https:\/\/www.camperonline.it\/magazine\/wp-content\/gallery\/sardegna-6tappa\/thumbs\/thumbs_IMG_20200817_145748.jpg\"\n                    width=\"240\"\n                    height=\"160\"\n                    style=\"max-width:100%;\"\n                \/>\n            <\/a>\n        <\/div>\n\t\t\t\t\t\t\t<\/div> \n\t\t\t\n\t\t\t\t<div id=\"ngg-image-39\" class=\"ngg-gallery-thumbnail-box ngg-5-columns\" >\n\t\t\t\t        <div class=\"ngg-gallery-thumbnail\">\n            <a href=\"https:\/\/www.camperonline.it\/magazine\/wp-content\/gallery\/sardegna-6tappa\/P1050129.jpg\"\n               title=\"\"\n               data-src=\"https:\/\/www.camperonline.it\/magazine\/wp-content\/gallery\/sardegna-6tappa\/P1050129.jpg\"\n               data-thumbnail=\"https:\/\/www.camperonline.it\/magazine\/wp-content\/gallery\/sardegna-6tappa\/thumbs\/thumbs_P1050129.jpg\"\n               data-image-id=\"125040\"\n               data-title=\"P1050129\"\n               data-description=\"\"\n               data-image-slug=\"p1050129\"\n               class=\"ngg-fancybox\" rel=\"981bb35bcf1b53200d0974e4959afd00\">\n                <img\n                    title=\"P1050129\"\n                    alt=\"P1050129\"\n                    src=\"https:\/\/www.camperonline.it\/magazine\/wp-content\/gallery\/sardegna-6tappa\/thumbs\/thumbs_P1050129.jpg\"\n                    width=\"240\"\n                    height=\"160\"\n                    style=\"max-width:100%;\"\n                \/>\n            <\/a>\n        <\/div>\n\t\t\t\t\t\t\t<\/div> \n\t\t\t\n\t\t\t\t<div id=\"ngg-image-40\" class=\"ngg-gallery-thumbnail-box ngg-5-columns\" >\n\t\t\t\t        <div class=\"ngg-gallery-thumbnail\">\n            <a href=\"https:\/\/www.camperonline.it\/magazine\/wp-content\/gallery\/sardegna-6tappa\/P1050134.jpg\"\n               title=\"\"\n               data-src=\"https:\/\/www.camperonline.it\/magazine\/wp-content\/gallery\/sardegna-6tappa\/P1050134.jpg\"\n               data-thumbnail=\"https:\/\/www.camperonline.it\/magazine\/wp-content\/gallery\/sardegna-6tappa\/thumbs\/thumbs_P1050134.jpg\"\n               data-image-id=\"125041\"\n               data-title=\"P1050134\"\n               data-description=\"\"\n               data-image-slug=\"p1050134\"\n               class=\"ngg-fancybox\" rel=\"981bb35bcf1b53200d0974e4959afd00\">\n                <img\n                    title=\"P1050134\"\n                    alt=\"P1050134\"\n                    src=\"https:\/\/www.camperonline.it\/magazine\/wp-content\/gallery\/sardegna-6tappa\/thumbs\/thumbs_P1050134.jpg\"\n                    width=\"240\"\n                    height=\"160\"\n                    style=\"max-width:100%;\"\n                \/>\n            <\/a>\n        <\/div>\n\t\t\t\t\t\t\t<\/div> \n\t\t\t\n\t\t\t\t<div id=\"ngg-image-41\" class=\"ngg-gallery-thumbnail-box ngg-5-columns\" >\n\t\t\t\t        <div class=\"ngg-gallery-thumbnail\">\n            <a href=\"https:\/\/www.camperonline.it\/magazine\/wp-content\/gallery\/sardegna-6tappa\/P1050151.jpg\"\n               title=\"\"\n               data-src=\"https:\/\/www.camperonline.it\/magazine\/wp-content\/gallery\/sardegna-6tappa\/P1050151.jpg\"\n               data-thumbnail=\"https:\/\/www.camperonline.it\/magazine\/wp-content\/gallery\/sardegna-6tappa\/thumbs\/thumbs_P1050151.jpg\"\n               data-image-id=\"125042\"\n               data-title=\"P1050151\"\n               data-description=\"\"\n               data-image-slug=\"p1050151\"\n               class=\"ngg-fancybox\" rel=\"981bb35bcf1b53200d0974e4959afd00\">\n                <img\n                    title=\"P1050151\"\n                    alt=\"P1050151\"\n                    src=\"https:\/\/www.camperonline.it\/magazine\/wp-content\/gallery\/sardegna-6tappa\/thumbs\/thumbs_P1050151.jpg\"\n                    width=\"240\"\n                    height=\"160\"\n                    style=\"max-width:100%;\"\n                \/>\n            <\/a>\n        <\/div>\n\t\t\t\t\t\t\t<\/div> \n\t\t\t\n\t\t\t\t<div id=\"ngg-image-42\" class=\"ngg-gallery-thumbnail-box ngg-5-columns\" >\n\t\t\t\t        <div class=\"ngg-gallery-thumbnail\">\n            <a href=\"https:\/\/www.camperonline.it\/magazine\/wp-content\/gallery\/sardegna-6tappa\/P1050154.jpg\"\n               title=\"\"\n               data-src=\"https:\/\/www.camperonline.it\/magazine\/wp-content\/gallery\/sardegna-6tappa\/P1050154.jpg\"\n               data-thumbnail=\"https:\/\/www.camperonline.it\/magazine\/wp-content\/gallery\/sardegna-6tappa\/thumbs\/thumbs_P1050154.jpg\"\n               data-image-id=\"125043\"\n               data-title=\"P1050154\"\n               data-description=\"\"\n               data-image-slug=\"p1050154\"\n               class=\"ngg-fancybox\" rel=\"981bb35bcf1b53200d0974e4959afd00\">\n                <img\n                    title=\"P1050154\"\n                    alt=\"P1050154\"\n                    src=\"https:\/\/www.camperonline.it\/magazine\/wp-content\/gallery\/sardegna-6tappa\/thumbs\/thumbs_P1050154.jpg\"\n                    width=\"240\"\n                    height=\"160\"\n                    style=\"max-width:100%;\"\n                \/>\n            <\/a>\n        <\/div>\n\t\t\t\t\t\t\t<\/div> \n\t\t\t\n\t\t\t\t<div id=\"ngg-image-43\" class=\"ngg-gallery-thumbnail-box ngg-5-columns\" >\n\t\t\t\t        <div class=\"ngg-gallery-thumbnail\">\n            <a href=\"https:\/\/www.camperonline.it\/magazine\/wp-content\/gallery\/sardegna-6tappa\/P1050159.jpg\"\n               title=\"\"\n               data-src=\"https:\/\/www.camperonline.it\/magazine\/wp-content\/gallery\/sardegna-6tappa\/P1050159.jpg\"\n               data-thumbnail=\"https:\/\/www.camperonline.it\/magazine\/wp-content\/gallery\/sardegna-6tappa\/thumbs\/thumbs_P1050159.jpg\"\n               data-image-id=\"125044\"\n               data-title=\"P1050159\"\n               data-description=\"\"\n               data-image-slug=\"p1050159\"\n               class=\"ngg-fancybox\" rel=\"981bb35bcf1b53200d0974e4959afd00\">\n                <img\n                    title=\"P1050159\"\n                    alt=\"P1050159\"\n                    src=\"https:\/\/www.camperonline.it\/magazine\/wp-content\/gallery\/sardegna-6tappa\/thumbs\/thumbs_P1050159.jpg\"\n                    width=\"240\"\n                    height=\"160\"\n                    style=\"max-width:100%;\"\n                \/>\n            <\/a>\n        <\/div>\n\t\t\t\t\t\t\t<\/div> \n\t\t\t\n\t\t\t\t<div id=\"ngg-image-44\" class=\"ngg-gallery-thumbnail-box ngg-5-columns\" >\n\t\t\t\t        <div class=\"ngg-gallery-thumbnail\">\n            <a href=\"https:\/\/www.camperonline.it\/magazine\/wp-content\/gallery\/sardegna-6tappa\/P1050202.jpg\"\n               title=\"\"\n               data-src=\"https:\/\/www.camperonline.it\/magazine\/wp-content\/gallery\/sardegna-6tappa\/P1050202.jpg\"\n               data-thumbnail=\"https:\/\/www.camperonline.it\/magazine\/wp-content\/gallery\/sardegna-6tappa\/thumbs\/thumbs_P1050202.jpg\"\n               data-image-id=\"125045\"\n               data-title=\"P1050202\"\n               data-description=\"\"\n               data-image-slug=\"p1050202\"\n               class=\"ngg-fancybox\" rel=\"981bb35bcf1b53200d0974e4959afd00\">\n                <img\n                    title=\"P1050202\"\n                    alt=\"P1050202\"\n                    src=\"https:\/\/www.camperonline.it\/magazine\/wp-content\/gallery\/sardegna-6tappa\/thumbs\/thumbs_P1050202.jpg\"\n                    width=\"240\"\n                    height=\"160\"\n                    style=\"max-width:100%;\"\n                \/>\n            <\/a>\n        <\/div>\n\t\t\t\t\t\t\t<\/div> \n\t\t\t\n\t\t\t\t<div id=\"ngg-image-45\" class=\"ngg-gallery-thumbnail-box ngg-5-columns\" >\n\t\t\t\t        <div class=\"ngg-gallery-thumbnail\">\n            <a href=\"https:\/\/www.camperonline.it\/magazine\/wp-content\/gallery\/sardegna-6tappa\/P1050115.jpg\"\n               title=\"\"\n               data-src=\"https:\/\/www.camperonline.it\/magazine\/wp-content\/gallery\/sardegna-6tappa\/P1050115.jpg\"\n               data-thumbnail=\"https:\/\/www.camperonline.it\/magazine\/wp-content\/gallery\/sardegna-6tappa\/thumbs\/thumbs_P1050115.jpg\"\n               data-image-id=\"125031\"\n               data-title=\"P1050115\"\n               data-description=\"\"\n               data-image-slug=\"p1050115\"\n               class=\"ngg-fancybox\" rel=\"981bb35bcf1b53200d0974e4959afd00\">\n                <img\n                    title=\"P1050115\"\n                    alt=\"P1050115\"\n                    src=\"https:\/\/www.camperonline.it\/magazine\/wp-content\/gallery\/sardegna-6tappa\/thumbs\/thumbs_P1050115.jpg\"\n                    width=\"240\"\n                    height=\"160\"\n                    style=\"max-width:100%;\"\n                \/>\n            <\/a>\n        <\/div>\n\t\t\t\t\t\t\t<\/div> \n\t\t\t\n\t\t\t\t<div id=\"ngg-image-46\" class=\"ngg-gallery-thumbnail-box ngg-5-columns\" >\n\t\t\t\t        <div class=\"ngg-gallery-thumbnail\">\n            <a href=\"https:\/\/www.camperonline.it\/magazine\/wp-content\/gallery\/sardegna-6tappa\/IMG_20200817_162752.jpg\"\n               title=\"\"\n               data-src=\"https:\/\/www.camperonline.it\/magazine\/wp-content\/gallery\/sardegna-6tappa\/IMG_20200817_162752.jpg\"\n               data-thumbnail=\"https:\/\/www.camperonline.it\/magazine\/wp-content\/gallery\/sardegna-6tappa\/thumbs\/thumbs_IMG_20200817_162752.jpg\"\n               data-image-id=\"125047\"\n               data-title=\"IMG_20200817_162752\"\n               data-description=\"\"\n               data-image-slug=\"img_20200817_162752\"\n               class=\"ngg-fancybox\" rel=\"981bb35bcf1b53200d0974e4959afd00\">\n                <img\n                    title=\"IMG_20200817_162752\"\n                    alt=\"IMG_20200817_162752\"\n                    src=\"https:\/\/www.camperonline.it\/magazine\/wp-content\/gallery\/sardegna-6tappa\/thumbs\/thumbs_IMG_20200817_162752.jpg\"\n                    width=\"240\"\n                    height=\"160\"\n                    style=\"max-width:100%;\"\n                \/>\n            <\/a>\n        <\/div>\n\t\t\t\t\t\t\t<\/div> \n\t\t\t\n\t\t\t\t<div id=\"ngg-image-47\" class=\"ngg-gallery-thumbnail-box ngg-5-columns\" >\n\t\t\t\t        <div class=\"ngg-gallery-thumbnail\">\n            <a href=\"https:\/\/www.camperonline.it\/magazine\/wp-content\/gallery\/sardegna-6tappa\/IMG_20200817_163205.jpg\"\n               title=\"\"\n               data-src=\"https:\/\/www.camperonline.it\/magazine\/wp-content\/gallery\/sardegna-6tappa\/IMG_20200817_163205.jpg\"\n               data-thumbnail=\"https:\/\/www.camperonline.it\/magazine\/wp-content\/gallery\/sardegna-6tappa\/thumbs\/thumbs_IMG_20200817_163205.jpg\"\n               data-image-id=\"125048\"\n               data-title=\"IMG_20200817_163205\"\n               data-description=\"\"\n               data-image-slug=\"img_20200817_163205\"\n               class=\"ngg-fancybox\" rel=\"981bb35bcf1b53200d0974e4959afd00\">\n                <img\n                    title=\"IMG_20200817_163205\"\n                    alt=\"IMG_20200817_163205\"\n                    src=\"https:\/\/www.camperonline.it\/magazine\/wp-content\/gallery\/sardegna-6tappa\/thumbs\/thumbs_IMG_20200817_163205.jpg\"\n                    width=\"240\"\n                    height=\"160\"\n                    style=\"max-width:100%;\"\n                \/>\n            <\/a>\n        <\/div>\n\t\t\t\t\t\t\t<\/div> \n\t\t\t\n\t\t\t\t<div id=\"ngg-image-48\" class=\"ngg-gallery-thumbnail-box ngg-5-columns\" >\n\t\t\t\t        <div class=\"ngg-gallery-thumbnail\">\n            <a href=\"https:\/\/www.camperonline.it\/magazine\/wp-content\/gallery\/sardegna-6tappa\/IMG_20200817_160746.jpg\"\n               title=\"\"\n               data-src=\"https:\/\/www.camperonline.it\/magazine\/wp-content\/gallery\/sardegna-6tappa\/IMG_20200817_160746.jpg\"\n               data-thumbnail=\"https:\/\/www.camperonline.it\/magazine\/wp-content\/gallery\/sardegna-6tappa\/thumbs\/thumbs_IMG_20200817_160746.jpg\"\n               data-image-id=\"125049\"\n               data-title=\"IMG_20200817_160746\"\n               data-description=\"\"\n               data-image-slug=\"img_20200817_160746\"\n               class=\"ngg-fancybox\" rel=\"981bb35bcf1b53200d0974e4959afd00\">\n                <img\n                    title=\"IMG_20200817_160746\"\n                    alt=\"IMG_20200817_160746\"\n                    src=\"https:\/\/www.camperonline.it\/magazine\/wp-content\/gallery\/sardegna-6tappa\/thumbs\/thumbs_IMG_20200817_160746.jpg\"\n                    width=\"240\"\n                    height=\"160\"\n                    style=\"max-width:100%;\"\n                \/>\n            <\/a>\n        <\/div>\n\t\t\t\t\t\t\t<\/div> \n\t\t\t\n\t\t\t\t<div id=\"ngg-image-49\" class=\"ngg-gallery-thumbnail-box ngg-5-columns\" >\n\t\t\t\t        <div class=\"ngg-gallery-thumbnail\">\n            <a href=\"https:\/\/www.camperonline.it\/magazine\/wp-content\/gallery\/sardegna-6tappa\/P1050181.jpg\"\n               title=\"\"\n               data-src=\"https:\/\/www.camperonline.it\/magazine\/wp-content\/gallery\/sardegna-6tappa\/P1050181.jpg\"\n               data-thumbnail=\"https:\/\/www.camperonline.it\/magazine\/wp-content\/gallery\/sardegna-6tappa\/thumbs\/thumbs_P1050181.jpg\"\n               data-image-id=\"125050\"\n               data-title=\"P1050181\"\n               data-description=\"\"\n               data-image-slug=\"p1050181\"\n               class=\"ngg-fancybox\" rel=\"981bb35bcf1b53200d0974e4959afd00\">\n                <img\n                    title=\"P1050181\"\n                    alt=\"P1050181\"\n                    src=\"https:\/\/www.camperonline.it\/magazine\/wp-content\/gallery\/sardegna-6tappa\/thumbs\/thumbs_P1050181.jpg\"\n                    width=\"240\"\n                    height=\"160\"\n                    style=\"max-width:100%;\"\n                \/>\n            <\/a>\n        <\/div>\n\t\t\t\t\t\t\t<\/div> \n\t\t\t\n\t\t\t\t<div id=\"ngg-image-50\" class=\"ngg-gallery-thumbnail-box ngg-5-columns\" >\n\t\t\t\t        <div class=\"ngg-gallery-thumbnail\">\n            <a href=\"https:\/\/www.camperonline.it\/magazine\/wp-content\/gallery\/sardegna-6tappa\/IMG_20200817_175222.jpg\"\n               title=\"\"\n               data-src=\"https:\/\/www.camperonline.it\/magazine\/wp-content\/gallery\/sardegna-6tappa\/IMG_20200817_175222.jpg\"\n               data-thumbnail=\"https:\/\/www.camperonline.it\/magazine\/wp-content\/gallery\/sardegna-6tappa\/thumbs\/thumbs_IMG_20200817_175222.jpg\"\n               data-image-id=\"125051\"\n               data-title=\"IMG_20200817_175222\"\n               data-description=\"\"\n               data-image-slug=\"img_20200817_175222\"\n               class=\"ngg-fancybox\" rel=\"981bb35bcf1b53200d0974e4959afd00\">\n                <img\n                    title=\"IMG_20200817_175222\"\n                    alt=\"IMG_20200817_175222\"\n                    src=\"https:\/\/www.camperonline.it\/magazine\/wp-content\/gallery\/sardegna-6tappa\/thumbs\/thumbs_IMG_20200817_175222.jpg\"\n                    width=\"240\"\n                    height=\"160\"\n                    style=\"max-width:100%;\"\n                \/>\n            <\/a>\n        <\/div>\n\t\t\t\t\t\t\t<\/div> \n\t\t\t\n\t\t\t\t<div id=\"ngg-image-51\" class=\"ngg-gallery-thumbnail-box ngg-5-columns\" >\n\t\t\t\t        <div class=\"ngg-gallery-thumbnail\">\n            <a href=\"https:\/\/www.camperonline.it\/magazine\/wp-content\/gallery\/sardegna-6tappa\/P1050192.jpg\"\n               title=\"\"\n               data-src=\"https:\/\/www.camperonline.it\/magazine\/wp-content\/gallery\/sardegna-6tappa\/P1050192.jpg\"\n               data-thumbnail=\"https:\/\/www.camperonline.it\/magazine\/wp-content\/gallery\/sardegna-6tappa\/thumbs\/thumbs_P1050192.jpg\"\n               data-image-id=\"125052\"\n               data-title=\"P1050192\"\n               data-description=\"\"\n               data-image-slug=\"p1050192\"\n               class=\"ngg-fancybox\" rel=\"981bb35bcf1b53200d0974e4959afd00\">\n                <img\n                    title=\"P1050192\"\n                    alt=\"P1050192\"\n                    src=\"https:\/\/www.camperonline.it\/magazine\/wp-content\/gallery\/sardegna-6tappa\/thumbs\/thumbs_P1050192.jpg\"\n                    width=\"240\"\n                    height=\"160\"\n                    style=\"max-width:100%;\"\n                \/>\n            <\/a>\n        <\/div>\n\t\t\t\t\t\t\t<\/div> \n\t\t\t\n\t\t\t\t<div id=\"ngg-image-52\" class=\"ngg-gallery-thumbnail-box ngg-5-columns\" >\n\t\t\t\t        <div class=\"ngg-gallery-thumbnail\">\n            <a href=\"https:\/\/www.camperonline.it\/magazine\/wp-content\/gallery\/sardegna-6tappa\/IMG_20200819_094647.jpg\"\n               title=\"\"\n               data-src=\"https:\/\/www.camperonline.it\/magazine\/wp-content\/gallery\/sardegna-6tappa\/IMG_20200819_094647.jpg\"\n               data-thumbnail=\"https:\/\/www.camperonline.it\/magazine\/wp-content\/gallery\/sardegna-6tappa\/thumbs\/thumbs_IMG_20200819_094647.jpg\"\n               data-image-id=\"125053\"\n               data-title=\"IMG_20200819_094647\"\n               data-description=\"\"\n               data-image-slug=\"img_20200819_094647\"\n               class=\"ngg-fancybox\" rel=\"981bb35bcf1b53200d0974e4959afd00\">\n                <img\n                    title=\"IMG_20200819_094647\"\n                    alt=\"IMG_20200819_094647\"\n                    src=\"https:\/\/www.camperonline.it\/magazine\/wp-content\/gallery\/sardegna-6tappa\/thumbs\/thumbs_IMG_20200819_094647.jpg\"\n                    width=\"240\"\n                    height=\"160\"\n                    style=\"max-width:100%;\"\n                \/>\n            <\/a>\n        <\/div>\n\t\t\t\t\t\t\t<\/div> \n\t\t\t\n\t\t\t\t<div id=\"ngg-image-53\" class=\"ngg-gallery-thumbnail-box ngg-5-columns\" >\n\t\t\t\t        <div class=\"ngg-gallery-thumbnail\">\n            <a href=\"https:\/\/www.camperonline.it\/magazine\/wp-content\/gallery\/sardegna-6tappa\/IMG_20200818_115009.jpg\"\n               title=\"\"\n               data-src=\"https:\/\/www.camperonline.it\/magazine\/wp-content\/gallery\/sardegna-6tappa\/IMG_20200818_115009.jpg\"\n               data-thumbnail=\"https:\/\/www.camperonline.it\/magazine\/wp-content\/gallery\/sardegna-6tappa\/thumbs\/thumbs_IMG_20200818_115009.jpg\"\n               data-image-id=\"125054\"\n               data-title=\"IMG_20200818_115009\"\n               data-description=\"\"\n               data-image-slug=\"img_20200818_115009\"\n               class=\"ngg-fancybox\" rel=\"981bb35bcf1b53200d0974e4959afd00\">\n                <img\n                    title=\"IMG_20200818_115009\"\n                    alt=\"IMG_20200818_115009\"\n                    src=\"https:\/\/www.camperonline.it\/magazine\/wp-content\/gallery\/sardegna-6tappa\/thumbs\/thumbs_IMG_20200818_115009.jpg\"\n                    width=\"240\"\n                    height=\"160\"\n                    style=\"max-width:100%;\"\n                \/>\n            <\/a>\n        <\/div>\n\t\t\t\t\t\t\t<\/div> \n\t\t\t\n\t\t\t\t<div id=\"ngg-image-54\" class=\"ngg-gallery-thumbnail-box ngg-5-columns\" >\n\t\t\t\t        <div class=\"ngg-gallery-thumbnail\">\n            <a href=\"https:\/\/www.camperonline.it\/magazine\/wp-content\/gallery\/sardegna-6tappa\/IMG_20200817_192051.jpg\"\n               title=\"\"\n               data-src=\"https:\/\/www.camperonline.it\/magazine\/wp-content\/gallery\/sardegna-6tappa\/IMG_20200817_192051.jpg\"\n               data-thumbnail=\"https:\/\/www.camperonline.it\/magazine\/wp-content\/gallery\/sardegna-6tappa\/thumbs\/thumbs_IMG_20200817_192051.jpg\"\n               data-image-id=\"125055\"\n               data-title=\"IMG_20200817_192051\"\n               data-description=\"\"\n               data-image-slug=\"img_20200817_192051\"\n               class=\"ngg-fancybox\" rel=\"981bb35bcf1b53200d0974e4959afd00\">\n                <img\n                    title=\"IMG_20200817_192051\"\n                    alt=\"IMG_20200817_192051\"\n                    src=\"https:\/\/www.camperonline.it\/magazine\/wp-content\/gallery\/sardegna-6tappa\/thumbs\/thumbs_IMG_20200817_192051.jpg\"\n                    width=\"240\"\n                    height=\"160\"\n                    style=\"max-width:100%;\"\n                \/>\n            <\/a>\n        <\/div>\n\t\t\t\t\t\t\t<\/div> \n\t\t\t\n\t\t\t\t<div id=\"ngg-image-55\" class=\"ngg-gallery-thumbnail-box ngg-5-columns\" >\n\t\t\t\t        <div class=\"ngg-gallery-thumbnail\">\n            <a href=\"https:\/\/www.camperonline.it\/magazine\/wp-content\/gallery\/sardegna-6tappa\/P1050266.jpg\"\n               title=\"\"\n               data-src=\"https:\/\/www.camperonline.it\/magazine\/wp-content\/gallery\/sardegna-6tappa\/P1050266.jpg\"\n               data-thumbnail=\"https:\/\/www.camperonline.it\/magazine\/wp-content\/gallery\/sardegna-6tappa\/thumbs\/thumbs_P1050266.jpg\"\n               data-image-id=\"125056\"\n               data-title=\"P1050266\"\n               data-description=\"\"\n               data-image-slug=\"p1050266\"\n               class=\"ngg-fancybox\" rel=\"981bb35bcf1b53200d0974e4959afd00\">\n                <img\n                    title=\"P1050266\"\n                    alt=\"P1050266\"\n                    src=\"https:\/\/www.camperonline.it\/magazine\/wp-content\/gallery\/sardegna-6tappa\/thumbs\/thumbs_P1050266.jpg\"\n                    width=\"240\"\n                    height=\"160\"\n                    style=\"max-width:100%;\"\n                \/>\n            <\/a>\n        <\/div>\n\t\t\t\t\t\t\t<\/div> \n\t\t\t\n\t\t\t\t<div id=\"ngg-image-56\" class=\"ngg-gallery-thumbnail-box ngg-5-columns\" >\n\t\t\t\t        <div class=\"ngg-gallery-thumbnail\">\n            <a href=\"https:\/\/www.camperonline.it\/magazine\/wp-content\/gallery\/sardegna-6tappa\/IMG_20200817_193024.jpg\"\n               title=\"\"\n               data-src=\"https:\/\/www.camperonline.it\/magazine\/wp-content\/gallery\/sardegna-6tappa\/IMG_20200817_193024.jpg\"\n               data-thumbnail=\"https:\/\/www.camperonline.it\/magazine\/wp-content\/gallery\/sardegna-6tappa\/thumbs\/thumbs_IMG_20200817_193024.jpg\"\n               data-image-id=\"125057\"\n               data-title=\"IMG_20200817_193024\"\n               data-description=\"\"\n               data-image-slug=\"img_20200817_193024\"\n               class=\"ngg-fancybox\" rel=\"981bb35bcf1b53200d0974e4959afd00\">\n                <img\n                    title=\"IMG_20200817_193024\"\n                    alt=\"IMG_20200817_193024\"\n                    src=\"https:\/\/www.camperonline.it\/magazine\/wp-content\/gallery\/sardegna-6tappa\/thumbs\/thumbs_IMG_20200817_193024.jpg\"\n                    width=\"240\"\n                    height=\"160\"\n                    style=\"max-width:100%;\"\n                \/>\n            <\/a>\n        <\/div>\n\t\t\t\t\t\t\t<\/div> \n\t\t\t\n\t\t\t\t<div id=\"ngg-image-57\" class=\"ngg-gallery-thumbnail-box ngg-5-columns\" >\n\t\t\t\t        <div class=\"ngg-gallery-thumbnail\">\n            <a href=\"https:\/\/www.camperonline.it\/magazine\/wp-content\/gallery\/sardegna-6tappa\/IMG_20200817_193124.jpg\"\n               title=\"\"\n               data-src=\"https:\/\/www.camperonline.it\/magazine\/wp-content\/gallery\/sardegna-6tappa\/IMG_20200817_193124.jpg\"\n               data-thumbnail=\"https:\/\/www.camperonline.it\/magazine\/wp-content\/gallery\/sardegna-6tappa\/thumbs\/thumbs_IMG_20200817_193124.jpg\"\n               data-image-id=\"125058\"\n               data-title=\"IMG_20200817_193124\"\n               data-description=\"\"\n               data-image-slug=\"img_20200817_193124\"\n               class=\"ngg-fancybox\" rel=\"981bb35bcf1b53200d0974e4959afd00\">\n                <img\n                    title=\"IMG_20200817_193124\"\n                    alt=\"IMG_20200817_193124\"\n                    src=\"https:\/\/www.camperonline.it\/magazine\/wp-content\/gallery\/sardegna-6tappa\/thumbs\/thumbs_IMG_20200817_193124.jpg\"\n                    width=\"240\"\n                    height=\"160\"\n                    style=\"max-width:100%;\"\n                \/>\n            <\/a>\n        <\/div>\n\t\t\t\t\t\t\t<\/div> \n\t\t\t\n\t\t\t\t<div id=\"ngg-image-58\" class=\"ngg-gallery-thumbnail-box ngg-5-columns\" >\n\t\t\t\t        <div class=\"ngg-gallery-thumbnail\">\n            <a href=\"https:\/\/www.camperonline.it\/magazine\/wp-content\/gallery\/sardegna-6tappa\/IMG_20200817_194342.jpg\"\n               title=\"\"\n               data-src=\"https:\/\/www.camperonline.it\/magazine\/wp-content\/gallery\/sardegna-6tappa\/IMG_20200817_194342.jpg\"\n               data-thumbnail=\"https:\/\/www.camperonline.it\/magazine\/wp-content\/gallery\/sardegna-6tappa\/thumbs\/thumbs_IMG_20200817_194342.jpg\"\n               data-image-id=\"125059\"\n               data-title=\"IMG_20200817_194342\"\n               data-description=\"\"\n               data-image-slug=\"img_20200817_194342\"\n               class=\"ngg-fancybox\" rel=\"981bb35bcf1b53200d0974e4959afd00\">\n                <img\n                    title=\"IMG_20200817_194342\"\n                    alt=\"IMG_20200817_194342\"\n                    src=\"https:\/\/www.camperonline.it\/magazine\/wp-content\/gallery\/sardegna-6tappa\/thumbs\/thumbs_IMG_20200817_194342.jpg\"\n                    width=\"240\"\n                    height=\"160\"\n                    style=\"max-width:100%;\"\n                \/>\n            <\/a>\n        <\/div>\n\t\t\t\t\t\t\t<\/div> \n\t\t\t\n\t\t\t\t<div id=\"ngg-image-59\" class=\"ngg-gallery-thumbnail-box ngg-5-columns\" >\n\t\t\t\t        <div class=\"ngg-gallery-thumbnail\">\n            <a href=\"https:\/\/www.camperonline.it\/magazine\/wp-content\/gallery\/sardegna-6tappa\/IMG_20200817_194444.jpg\"\n               title=\"\"\n               data-src=\"https:\/\/www.camperonline.it\/magazine\/wp-content\/gallery\/sardegna-6tappa\/IMG_20200817_194444.jpg\"\n               data-thumbnail=\"https:\/\/www.camperonline.it\/magazine\/wp-content\/gallery\/sardegna-6tappa\/thumbs\/thumbs_IMG_20200817_194444.jpg\"\n               data-image-id=\"125060\"\n               data-title=\"IMG_20200817_194444\"\n               data-description=\"\"\n               data-image-slug=\"img_20200817_194444\"\n               class=\"ngg-fancybox\" rel=\"981bb35bcf1b53200d0974e4959afd00\">\n                <img\n                    title=\"IMG_20200817_194444\"\n                    alt=\"IMG_20200817_194444\"\n                    src=\"https:\/\/www.camperonline.it\/magazine\/wp-content\/gallery\/sardegna-6tappa\/thumbs\/thumbs_IMG_20200817_194444.jpg\"\n                    width=\"240\"\n                    height=\"160\"\n                    style=\"max-width:100%;\"\n                \/>\n            <\/a>\n        <\/div>\n\t\t\t\t\t\t\t<\/div> \n\t\t\t\n\t\n\t<br style=\"clear: both\" \/>\n\n\t\t<div class=\"slideshowlink\">\n        <a href='https:\/\/www.camperonline.it\/magazine\/2021\/06\/10\/speciale-sardegna-isola-di-santantioco-e-isola-di-san-pietro\/nggallery\/slideshow'>[Mostra slideshow]<\/a>\n\t\t\n\t<\/div>\n\t\n\t\t<!-- Pagination -->\n\t<div class='ngg-clear'><\/div>\t<\/div>\n<\/div>\n<\/div>\n<\/div>\n","protected":false},"excerpt":{"rendered":"<p>Lasciamo per qualche giorno l&#8217;isola principale per esplorare due piccole isole minori: Sant&#8217;Antioco, collegata direttamente da un ponte, e la pittoresca San Pietro, raggiungibile con una breve traversata in traghetto<\/p>\n","protected":false},"author":21,"featured_media":326322,"comment_status":"closed","ping_status":"open","sticky":false,"template":"","format":"standard","meta":{"ngg_post_thumbnail":0},"categories":[6284,5580,79],"tags":[4483,4689,1902,3472],"yoast_head":"<!-- This site is optimized with the Yoast SEO plugin v18.6 - https:\/\/yoast.com\/wordpress\/plugins\/seo\/ -->\n<title>Speciale Sardegna: Isola di Sant&#039;Antioco e Isola di San Pietro - CamperOnLine Magazine<\/title>\n<meta name=\"description\" content=\"Lasciamo per qualche giorno l&#039;isola principale per esplorare due piccole isole minori: Sant&#039;Antioco, collegata direttamente da un ponte, e la pittoresca\" \/>\n<meta name=\"robots\" content=\"index, follow, max-snippet:-1, max-image-preview:large, max-video-preview:-1\" \/>\n<link rel=\"canonical\" href=\"https:\/\/www.camperonline.it\/magazine\/2021\/06\/10\/speciale-sardegna-isola-di-santantioco-e-isola-di-san-pietro\/\" \/>\n<meta property=\"og:locale\" content=\"it_IT\" \/>\n<meta property=\"og:type\" content=\"article\" \/>\n<meta property=\"og:title\" content=\"Speciale Sardegna: Isola di Sant&#039;Antioco e Isola di San Pietro - CamperOnLine Magazine\" \/>\n<meta property=\"og:description\" content=\"Lasciamo per qualche giorno l&#039;isola principale per esplorare due piccole isole minori: Sant&#039;Antioco, collegata direttamente da un ponte, e la pittoresca\" \/>\n<meta property=\"og:url\" content=\"https:\/\/www.camperonline.it\/magazine\/2021\/06\/10\/speciale-sardegna-isola-di-santantioco-e-isola-di-san-pietro\/\" \/>\n<meta property=\"og:site_name\" content=\"CamperOnLine Magazine\" \/>\n<meta property=\"article:published_time\" content=\"2021-06-10T09:00:53+00:00\" \/>\n<meta property=\"article:modified_time\" content=\"2022-02-28T10:57:11+00:00\" \/>\n<meta property=\"og:image\" content=\"https:\/\/www.camperonline.it\/magazine\/wp-content\/uploads\/2022\/02\/Cover-Sardegna-6\u00b0Tappa.jpg\" \/>\n\t<meta property=\"og:image:width\" content=\"630\" \/>\n\t<meta property=\"og:image:height\" content=\"354\" \/>\n\t<meta property=\"og:image:type\" content=\"image\/jpeg\" \/>\n<meta name=\"twitter:card\" content=\"summary_large_image\" \/>\n<script type=\"application\/ld+json\" class=\"yoast-schema-graph\">{\"@context\":\"https:\/\/schema.org\",\"@graph\":[{\"@type\":\"WebSite\",\"@id\":\"https:\/\/www.camperonline.it\/magazine\/#website\",\"url\":\"https:\/\/www.camperonline.it\/magazine\/\",\"name\":\"CamperOnLine Magazine\",\"description\":\"Viaggi in camper, test, video, destinazioni, vacanze\",\"potentialAction\":[{\"@type\":\"SearchAction\",\"target\":{\"@type\":\"EntryPoint\",\"urlTemplate\":\"https:\/\/www.camperonline.it\/magazine\/?s={search_term_string}\"},\"query-input\":\"required name=search_term_string\"}],\"inLanguage\":\"it-IT\"},{\"@type\":\"ImageObject\",\"@id\":\"https:\/\/www.camperonline.it\/magazine\/2021\/06\/10\/speciale-sardegna-isola-di-santantioco-e-isola-di-san-pietro\/#primaryimage\",\"inLanguage\":\"it-IT\",\"url\":\"https:\/\/www.camperonline.it\/magazine\/wp-content\/uploads\/2022\/02\/Cover-Sardegna-6\u00b0Tappa.jpg\",\"contentUrl\":\"https:\/\/www.camperonline.it\/magazine\/wp-content\/uploads\/2022\/02\/Cover-Sardegna-6\u00b0Tappa.jpg\",\"width\":630,\"height\":354},{\"@type\":\"WebPage\",\"@id\":\"https:\/\/www.camperonline.it\/magazine\/2021\/06\/10\/speciale-sardegna-isola-di-santantioco-e-isola-di-san-pietro\/#webpage\",\"url\":\"https:\/\/www.camperonline.it\/magazine\/2021\/06\/10\/speciale-sardegna-isola-di-santantioco-e-isola-di-san-pietro\/\",\"name\":\"Speciale Sardegna: Isola di Sant'Antioco e Isola di San Pietro - CamperOnLine Magazine\",\"isPartOf\":{\"@id\":\"https:\/\/www.camperonline.it\/magazine\/#website\"},\"primaryImageOfPage\":{\"@id\":\"https:\/\/www.camperonline.it\/magazine\/2021\/06\/10\/speciale-sardegna-isola-di-santantioco-e-isola-di-san-pietro\/#primaryimage\"},\"datePublished\":\"2021-06-10T09:00:53+00:00\",\"dateModified\":\"2022-02-28T10:57:11+00:00\",\"author\":{\"@id\":\"https:\/\/www.camperonline.it\/magazine\/#\/schema\/person\/c90be17d75a09ba611f120cef80c1067\"},\"description\":\"Lasciamo per qualche giorno l'isola principale per esplorare due piccole isole minori: Sant'Antioco, collegata direttamente da un ponte, e la pittoresca\",\"breadcrumb\":{\"@id\":\"https:\/\/www.camperonline.it\/magazine\/2021\/06\/10\/speciale-sardegna-isola-di-santantioco-e-isola-di-san-pietro\/#breadcrumb\"},\"inLanguage\":\"it-IT\",\"potentialAction\":[{\"@type\":\"ReadAction\",\"target\":[\"https:\/\/www.camperonline.it\/magazine\/2021\/06\/10\/speciale-sardegna-isola-di-santantioco-e-isola-di-san-pietro\/\"]}]},{\"@type\":\"BreadcrumbList\",\"@id\":\"https:\/\/www.camperonline.it\/magazine\/2021\/06\/10\/speciale-sardegna-isola-di-santantioco-e-isola-di-san-pietro\/#breadcrumb\",\"itemListElement\":[{\"@type\":\"ListItem\",\"position\":1,\"name\":\"Home\",\"item\":\"https:\/\/www.camperonline.it\/magazine\/\"},{\"@type\":\"ListItem\",\"position\":2,\"name\":\"Speciale Sardegna: Isola di Sant&#8217;Antioco e Isola di San Pietro\"}]},{\"@type\":\"Person\",\"@id\":\"https:\/\/www.camperonline.it\/magazine\/#\/schema\/person\/c90be17d75a09ba611f120cef80c1067\",\"name\":\"Davide Bon\",\"sameAs\":[\"https:\/\/www.camperonline.it\/magazine\/\"],\"url\":\"https:\/\/www.camperonline.it\/magazine\/author\/davide\/\"}]}<\/script>\n<!-- \/ Yoast SEO plugin. -->","yoast_head_json":{"title":"Speciale Sardegna: Isola di Sant'Antioco e Isola di San Pietro - CamperOnLine Magazine","description":"Lasciamo per qualche giorno l'isola principale per esplorare due piccole isole minori: Sant'Antioco, collegata direttamente da un ponte, e la pittoresca","robots":{"index":"index","follow":"follow","max-snippet":"max-snippet:-1","max-image-preview":"max-image-preview:large","max-video-preview":"max-video-preview:-1"},"canonical":"https:\/\/www.camperonline.it\/magazine\/2021\/06\/10\/speciale-sardegna-isola-di-santantioco-e-isola-di-san-pietro\/","og_locale":"it_IT","og_type":"article","og_title":"Speciale Sardegna: Isola di Sant'Antioco e Isola di San Pietro - CamperOnLine Magazine","og_description":"Lasciamo per qualche giorno l'isola principale per esplorare due piccole isole minori: Sant'Antioco, collegata direttamente da un ponte, e la pittoresca","og_url":"https:\/\/www.camperonline.it\/magazine\/2021\/06\/10\/speciale-sardegna-isola-di-santantioco-e-isola-di-san-pietro\/","og_site_name":"CamperOnLine Magazine","article_published_time":"2021-06-10T09:00:53+00:00","article_modified_time":"2022-02-28T10:57:11+00:00","og_image":[{"width":630,"height":354,"url":"https:\/\/www.camperonline.it\/magazine\/wp-content\/uploads\/2022\/02\/Cover-Sardegna-6\u00b0Tappa.jpg","type":"image\/jpeg"}],"twitter_card":"summary_large_image","schema":{"@context":"https:\/\/schema.org","@graph":[{"@type":"WebSite","@id":"https:\/\/www.camperonline.it\/magazine\/#website","url":"https:\/\/www.camperonline.it\/magazine\/","name":"CamperOnLine Magazine","description":"Viaggi in camper, test, video, destinazioni, vacanze","potentialAction":[{"@type":"SearchAction","target":{"@type":"EntryPoint","urlTemplate":"https:\/\/www.camperonline.it\/magazine\/?s={search_term_string}"},"query-input":"required name=search_term_string"}],"inLanguage":"it-IT"},{"@type":"ImageObject","@id":"https:\/\/www.camperonline.it\/magazine\/2021\/06\/10\/speciale-sardegna-isola-di-santantioco-e-isola-di-san-pietro\/#primaryimage","inLanguage":"it-IT","url":"https:\/\/www.camperonline.it\/magazine\/wp-content\/uploads\/2022\/02\/Cover-Sardegna-6\u00b0Tappa.jpg","contentUrl":"https:\/\/www.camperonline.it\/magazine\/wp-content\/uploads\/2022\/02\/Cover-Sardegna-6\u00b0Tappa.jpg","width":630,"height":354},{"@type":"WebPage","@id":"https:\/\/www.camperonline.it\/magazine\/2021\/06\/10\/speciale-sardegna-isola-di-santantioco-e-isola-di-san-pietro\/#webpage","url":"https:\/\/www.camperonline.it\/magazine\/2021\/06\/10\/speciale-sardegna-isola-di-santantioco-e-isola-di-san-pietro\/","name":"Speciale Sardegna: Isola di Sant'Antioco e Isola di San Pietro - CamperOnLine Magazine","isPartOf":{"@id":"https:\/\/www.camperonline.it\/magazine\/#website"},"primaryImageOfPage":{"@id":"https:\/\/www.camperonline.it\/magazine\/2021\/06\/10\/speciale-sardegna-isola-di-santantioco-e-isola-di-san-pietro\/#primaryimage"},"datePublished":"2021-06-10T09:00:53+00:00","dateModified":"2022-02-28T10:57:11+00:00","author":{"@id":"https:\/\/www.camperonline.it\/magazine\/#\/schema\/person\/c90be17d75a09ba611f120cef80c1067"},"description":"Lasciamo per qualche giorno l'isola principale per esplorare due piccole isole minori: Sant'Antioco, collegata direttamente da un ponte, e la pittoresca","breadcrumb":{"@id":"https:\/\/www.camperonline.it\/magazine\/2021\/06\/10\/speciale-sardegna-isola-di-santantioco-e-isola-di-san-pietro\/#breadcrumb"},"inLanguage":"it-IT","potentialAction":[{"@type":"ReadAction","target":["https:\/\/www.camperonline.it\/magazine\/2021\/06\/10\/speciale-sardegna-isola-di-santantioco-e-isola-di-san-pietro\/"]}]},{"@type":"BreadcrumbList","@id":"https:\/\/www.camperonline.it\/magazine\/2021\/06\/10\/speciale-sardegna-isola-di-santantioco-e-isola-di-san-pietro\/#breadcrumb","itemListElement":[{"@type":"ListItem","position":1,"name":"Home","item":"https:\/\/www.camperonline.it\/magazine\/"},{"@type":"ListItem","position":2,"name":"Speciale Sardegna: Isola di Sant&#8217;Antioco e Isola di San Pietro"}]},{"@type":"Person","@id":"https:\/\/www.camperonline.it\/magazine\/#\/schema\/person\/c90be17d75a09ba611f120cef80c1067","name":"Davide Bon","sameAs":["https:\/\/www.camperonline.it\/magazine\/"],"url":"https:\/\/www.camperonline.it\/magazine\/author\/davide\/"}]}},"_links":{"self":[{"href":"https:\/\/www.camperonline.it\/magazine\/wp-json\/wp\/v2\/posts\/326321"}],"collection":[{"href":"https:\/\/www.camperonline.it\/magazine\/wp-json\/wp\/v2\/posts"}],"about":[{"href":"https:\/\/www.camperonline.it\/magazine\/wp-json\/wp\/v2\/types\/post"}],"author":[{"embeddable":true,"href":"https:\/\/www.camperonline.it\/magazine\/wp-json\/wp\/v2\/users\/21"}],"replies":[{"embeddable":true,"href":"https:\/\/www.camperonline.it\/magazine\/wp-json\/wp\/v2\/comments?post=326321"}],"version-history":[{"count":0,"href":"https:\/\/www.camperonline.it\/magazine\/wp-json\/wp\/v2\/posts\/326321\/revisions"}],"wp:featuredmedia":[{"embeddable":true,"href":"https:\/\/www.camperonline.it\/magazine\/wp-json\/wp\/v2\/media\/326322"}],"wp:attachment":[{"href":"https:\/\/www.camperonline.it\/magazine\/wp-json\/wp\/v2\/media?parent=326321"}],"wp:term":[{"taxonomy":"category","embeddable":true,"href":"https:\/\/www.camperonline.it\/magazine\/wp-json\/wp\/v2\/categories?post=326321"},{"taxonomy":"post_tag","embeddable":true,"href":"https:\/\/www.camperonline.it\/magazine\/wp-json\/wp\/v2\/tags?post=326321"}],"curies":[{"name":"wp","href":"https:\/\/api.w.org\/{rel}","templated":true}]}}