{"id":327720,"date":"2022-05-19T00:01:03","date_gmt":"2022-05-18T22:01:03","guid":{"rendered":"https:\/\/www.camperonline.it\/magazine\/?p=327720"},"modified":"2022-05-19T10:39:34","modified_gmt":"2022-05-19T08:39:34","slug":"mobilvetta-admiral-k-6-5","status":"publish","type":"post","link":"https:\/\/www.camperonline.it\/magazine\/2022\/05\/19\/mobilvetta-admiral-k-6-5\/","title":{"rendered":"Mobilvetta Admiral K 6.5"},"content":{"rendered":"<p style=\"text-align: center;\"><img loading=\"lazy\" class=\"aligncenter size-full wp-image-327722\" src=\"https:\/\/www.camperonline.it\/magazine\/wp-content\/uploads\/2022\/05\/COVER-2.jpg\" alt=\"\" width=\"630\" height=\"354\" srcset=\"https:\/\/www.camperonline.it\/magazine\/wp-content\/uploads\/2022\/05\/COVER-2.jpg 630w, https:\/\/www.camperonline.it\/magazine\/wp-content\/uploads\/2022\/05\/COVER-2-300x169.jpg 300w\" sizes=\"(max-width: 630px) 100vw, 630px\" \/><\/p>\n<h2>Vano di carico modulabile per questo nuovo van, che si distingue per uno stile ricercato e soluzioni d&#8217;arredo funzionali<\/h2>\n<p><!--more--><\/p>\n<div class=\"row\">\n<div class=\"span6\">\n<div class=\"widget-title\">\n<h3>In sintesi<\/h3>\n<\/div>\n<\/div>\n<\/div>\n<div class=\"row\">\n<div class=\"span3\">\n<table id=\"cot\" style=\"height: 288px; width: 90.6115%;\">\n<tbody>\n<tr style=\"height: 24px;\">\n<td class=\"cot1\" style=\"height: 24px; width: 205.617px;\"><strong>Tipologia<\/strong><\/td>\n<td class=\"cot2\" style=\"height: 24px; width: 532.367px;\">Furgonato<\/td>\n<\/tr>\n<tr style=\"height: 24px;\">\n<td class=\"cot1\" style=\"height: 24px; width: 205.617px;\"><strong>Meccanica<\/strong><\/td>\n<td class=\"cot2\" style=\"height: 24px; width: 532.367px;\">Fiat Ducato 35 con passo da 403 cm<\/td>\n<\/tr>\n<tr style=\"height: 24px;\">\n<td class=\"cot1\" style=\"height: 24px; width: 205.617px;\"><strong>Motorizzazione di base <\/strong><\/td>\n<td class=\"cot2\" style=\"height: 24px; width: 532.367px;\">2.184 cc &#8211; 103 kW\/140 cv<\/td>\n<\/tr>\n<tr style=\"height: 24px;\">\n<td class=\"cot1\" style=\"height: 24px; width: 205.617px;\"><strong>Motorizzazioni opt<\/strong><\/td>\n<td class=\"cot2\" style=\"height: 24px; width: 532.367px;\">2.184 cc \u2013 118 kW\/160 cv; 2.184 &#8211; 130kW\/177cv<\/td>\n<\/tr>\n<tr style=\"height: 24px;\">\n<td class=\"cot1\" style=\"height: 24px; width: 205.617px;\"><strong>Dotazioni di sicurezza<\/strong><\/td>\n<td class=\"cot2\" style=\"height: 24px; width: 532.367px;\">ABS, ASR, ESC, Traction+, airbag conducente e passeggero<\/td>\n<\/tr>\n<tr style=\"height: 24px;\">\n<td class=\"cot1\" style=\"height: 24px; width: 205.617px;\"><strong>Posti omologati<\/strong><\/td>\n<td class=\"cot2\" style=\"height: 24px; width: 532.367px;\">4<\/td>\n<\/tr>\n<tr style=\"height: 24px;\">\n<td class=\"cot1\" style=\"height: 24px; width: 205.617px;\"><strong>Posti letto<\/strong><\/td>\n<td class=\"cot2\" style=\"height: 24px; width: 532.367px;\">2<\/td>\n<\/tr>\n<tr style=\"height: 24px;\">\n<td class=\"cot1\" style=\"height: 24px; width: 205.617px;\"><strong>Dimensioni<\/strong><\/td>\n<td class=\"cot2\" style=\"height: 24px; width: 532.367px;\">636x205x265 cm<\/td>\n<\/tr>\n<tr style=\"height: 24px;\">\n<td class=\"cot1\" style=\"height: 24px; width: 205.617px;\"><strong>Peso massimo ammesso<\/strong><\/td>\n<td class=\"cot2\" style=\"height: 24px; width: 532.367px;\">3.500 kg<\/td>\n<\/tr>\n<tr style=\"height: 24px;\">\n<td class=\"cot1\" style=\"height: 24px; width: 205.617px;\"><strong>Peso dichiarato in o.d.m.<\/strong><\/td>\n<td class=\"cot2\" style=\"height: 24px; width: 532.367px;\">3.035 Kg<\/td>\n<\/tr>\n<tr style=\"height: 24px;\">\n<td class=\"cot1\" style=\"height: 24px; width: 205.617px;\"><strong>Prezzo base <\/strong><\/td>\n<td class=\"cot2\" style=\"height: 24px; width: 532.367px;\">Euro 63.850 con IVA<\/td>\n<\/tr>\n<tr style=\"height: 24px;\">\n<td style=\"height: 24px; width: 743.983px;\" colspan=\"2\">&nbsp;<\/td>\n<\/tr>\n<\/tbody>\n<\/table>\n<\/div>\n<div class=\"span3\">\n<table id=\"cot\">\n<tbody>\n<tr>\n<td>Costruzione<\/td>\n<td><img loading=\"lazy\" class=\"alignnone size-full wp-image-201003\" src=\"https:\/\/www.camperonline.it\/magazine\/wp-content\/uploads\/2015\/03\/starY.gif\" alt=\"starY\" width=\"24\" height=\"39\"><img loading=\"lazy\" class=\"alignnone size-full wp-image-201003\" src=\"https:\/\/www.camperonline.it\/magazine\/wp-content\/uploads\/2015\/03\/starY.gif\" alt=\"starY\" width=\"24\" height=\"39\"><img loading=\"lazy\" class=\"alignnone size-full wp-image-201003\" src=\"https:\/\/www.camperonline.it\/magazine\/wp-content\/uploads\/2015\/03\/starY.gif\" alt=\"starY\" width=\"24\" height=\"39\"><img loading=\"lazy\" class=\"alignnone size-full wp-image-201004\" src=\"https:\/\/www.camperonline.it\/magazine\/wp-content\/uploads\/2015\/03\/starH.gif\" alt=\"starH\" width=\"24\" height=\"39\"><img loading=\"lazy\" class=\"alignnone size-full wp-image-201004\" src=\"https:\/\/www.camperonline.it\/magazine\/wp-content\/uploads\/2015\/03\/starG.gif\" alt=\"starG\" width=\"24\" height=\"39\"><\/td>\n<\/tr>\n<tr>\n<td>Meccanica<\/td>\n<td><img loading=\"lazy\" class=\"alignnone size-full wp-image-201003\" src=\"https:\/\/www.camperonline.it\/magazine\/wp-content\/uploads\/2015\/03\/starY.gif\" alt=\"starY\" width=\"24\" height=\"39\"><img loading=\"lazy\" class=\"alignnone size-full wp-image-201003\" src=\"https:\/\/www.camperonline.it\/magazine\/wp-content\/uploads\/2015\/03\/starY.gif\" alt=\"starY\" width=\"24\" height=\"39\"><img loading=\"lazy\" class=\"alignnone size-full wp-image-201003\" src=\"https:\/\/www.camperonline.it\/magazine\/wp-content\/uploads\/2015\/03\/starY.gif\" alt=\"starY\" width=\"24\" height=\"39\"><img loading=\"lazy\" class=\"alignnone size-full wp-image-201004\" src=\"https:\/\/www.camperonline.it\/magazine\/wp-content\/uploads\/2015\/03\/starH.gif\" alt=\"starH\" width=\"24\" height=\"39\"><img loading=\"lazy\" class=\"alignnone size-full wp-image-201004\" src=\"https:\/\/www.camperonline.it\/magazine\/wp-content\/uploads\/2015\/03\/starG.gif\" alt=\"starG\" width=\"24\" height=\"39\"><\/td>\n<\/tr>\n<tr>\n<td>Dotazioni di sicurezza<\/td>\n<td><img loading=\"lazy\" class=\"alignnone size-full wp-image-201003\" src=\"https:\/\/www.camperonline.it\/magazine\/wp-content\/uploads\/2015\/03\/starY.gif\" alt=\"starY\" width=\"24\" height=\"39\"><img loading=\"lazy\" class=\"alignnone size-full wp-image-201003\" src=\"https:\/\/www.camperonline.it\/magazine\/wp-content\/uploads\/2015\/03\/starY.gif\" alt=\"starY\" width=\"24\" height=\"39\"><img loading=\"lazy\" class=\"alignnone size-full wp-image-201003\" src=\"https:\/\/www.camperonline.it\/magazine\/wp-content\/uploads\/2015\/03\/starY.gif\" alt=\"starY\" width=\"24\" height=\"39\"><img loading=\"lazy\" class=\"alignnone size-full wp-image-201003\" src=\"https:\/\/www.camperonline.it\/magazine\/wp-content\/uploads\/2015\/03\/starG.gif\" alt=\"starG\" width=\"24\" height=\"39\"><img loading=\"lazy\" class=\"alignnone size-full wp-image-201003\" src=\"https:\/\/www.camperonline.it\/magazine\/wp-content\/uploads\/2015\/03\/starG.gif\" alt=\"starG\" width=\"24\" height=\"39\"><\/td>\n<\/tr>\n<tr>\n<td>Abitabilit\u00e0 giorno<\/td>\n<td><img loading=\"lazy\" class=\"alignnone size-full wp-image-201003\" src=\"https:\/\/www.camperonline.it\/magazine\/wp-content\/uploads\/2015\/03\/starY.gif\" alt=\"starY\" width=\"24\" height=\"39\"><img loading=\"lazy\" class=\"alignnone size-full wp-image-201003\" src=\"https:\/\/www.camperonline.it\/magazine\/wp-content\/uploads\/2015\/03\/starY.gif\" alt=\"starY\" width=\"24\" height=\"39\"><img loading=\"lazy\" class=\"alignnone size-full wp-image-201003\" src=\"https:\/\/www.camperonline.it\/magazine\/wp-content\/uploads\/2015\/03\/starY.gif\" alt=\"starY\" width=\"24\" height=\"39\"><img loading=\"lazy\" class=\"alignnone size-full wp-image-201004\" src=\"https:\/\/www.camperonline.it\/magazine\/wp-content\/uploads\/2015\/03\/starH.gif\" alt=\"starH\" width=\"24\" height=\"39\"><img loading=\"lazy\" class=\"alignnone size-full wp-image-201003\" src=\"https:\/\/www.camperonline.it\/magazine\/wp-content\/uploads\/2015\/03\/starG.gif\" alt=\"starG\" width=\"24\" height=\"39\"><\/td>\n<\/tr>\n<tr>\n<td>Abitabilit\u00e0 notte<\/td>\n<td><img loading=\"lazy\" class=\"alignnone size-full wp-image-201003\" src=\"https:\/\/www.camperonline.it\/magazine\/wp-content\/uploads\/2015\/03\/starY.gif\" alt=\"starY\" width=\"24\" height=\"39\"><img loading=\"lazy\" class=\"alignnone size-full wp-image-201003\" src=\"https:\/\/www.camperonline.it\/magazine\/wp-content\/uploads\/2015\/03\/starY.gif\" alt=\"starY\" width=\"24\" height=\"39\"><img loading=\"lazy\" class=\"alignnone size-full wp-image-201003\" src=\"https:\/\/www.camperonline.it\/magazine\/wp-content\/uploads\/2015\/03\/starY.gif\" alt=\"starY\" width=\"24\" height=\"39\"><img loading=\"lazy\" class=\"alignnone size-full wp-image-201004\" src=\"https:\/\/www.camperonline.it\/magazine\/wp-content\/uploads\/2015\/03\/starH.gif\" alt=\"starH\" width=\"24\" height=\"39\"><img loading=\"lazy\" class=\"alignnone size-full wp-image-201003\" src=\"https:\/\/www.camperonline.it\/magazine\/wp-content\/uploads\/2015\/03\/starG.gif\" alt=\"starG\" width=\"24\" height=\"39\"><\/td>\n<\/tr>\n<tr>\n<td>Cucina<\/td>\n<td><img loading=\"lazy\" class=\"alignnone size-full wp-image-201003\" src=\"https:\/\/www.camperonline.it\/magazine\/wp-content\/uploads\/2015\/03\/starY.gif\" alt=\"starY\" width=\"24\" height=\"39\"><img loading=\"lazy\" class=\"alignnone size-full wp-image-201003\" src=\"https:\/\/www.camperonline.it\/magazine\/wp-content\/uploads\/2015\/03\/starY.gif\" alt=\"starY\" width=\"24\" height=\"39\"><img loading=\"lazy\" class=\"alignnone size-full wp-image-201003\" src=\"https:\/\/www.camperonline.it\/magazine\/wp-content\/uploads\/2015\/03\/starY.gif\" alt=\"starY\" width=\"24\" height=\"39\"><img loading=\"lazy\" class=\"alignnone size-full wp-image-201003\" src=\"https:\/\/www.camperonline.it\/magazine\/wp-content\/uploads\/2015\/03\/starY.gif\" alt=\"starY\" width=\"24\" height=\"39\"><img loading=\"lazy\" class=\"alignnone size-full wp-image-201004\" src=\"https:\/\/www.camperonline.it\/magazine\/wp-content\/uploads\/2015\/03\/starG.gif\" alt=\"starG\" width=\"24\" height=\"39\"><\/td>\n<\/tr>\n<tr>\n<td>Bagno<\/td>\n<td><img loading=\"lazy\" class=\"alignnone size-full wp-image-201003\" src=\"https:\/\/www.camperonline.it\/magazine\/wp-content\/uploads\/2015\/03\/starY.gif\" alt=\"starY\" width=\"24\" height=\"39\"><img loading=\"lazy\" class=\"alignnone size-full wp-image-201003\" src=\"https:\/\/www.camperonline.it\/magazine\/wp-content\/uploads\/2015\/03\/starY.gif\" alt=\"starY\" width=\"24\" height=\"39\"><img loading=\"lazy\" class=\"alignnone size-full wp-image-201003\" src=\"https:\/\/www.camperonline.it\/magazine\/wp-content\/uploads\/2015\/03\/starY.gif\" alt=\"starY\" width=\"24\" height=\"39\"><img loading=\"lazy\" class=\"alignnone size-full wp-image-201003\" src=\"https:\/\/www.camperonline.it\/magazine\/wp-content\/uploads\/2015\/03\/starY.gif\" alt=\"starY\" width=\"24\" height=\"39\"><img loading=\"lazy\" class=\"alignnone size-full wp-image-201004\" src=\"https:\/\/www.camperonline.it\/magazine\/wp-content\/uploads\/2015\/03\/starH.gif\" alt=\"starH\" width=\"24\" height=\"39\"><\/td>\n<\/tr>\n<tr>\n<td>Impiantistica<\/td>\n<td><img loading=\"lazy\" class=\"alignnone size-full wp-image-201003\" src=\"https:\/\/www.camperonline.it\/magazine\/wp-content\/uploads\/2015\/03\/starY.gif\" alt=\"starY\" width=\"24\" height=\"39\"><img loading=\"lazy\" class=\"alignnone size-full wp-image-201003\" src=\"https:\/\/www.camperonline.it\/magazine\/wp-content\/uploads\/2015\/03\/starY.gif\" alt=\"starY\" width=\"24\" height=\"39\"><img loading=\"lazy\" class=\"alignnone size-full wp-image-201003\" src=\"https:\/\/www.camperonline.it\/magazine\/wp-content\/uploads\/2015\/03\/starY.gif\" alt=\"starY\" width=\"24\" height=\"39\"><img loading=\"lazy\" class=\"alignnone size-full wp-image-201004\" src=\"https:\/\/www.camperonline.it\/magazine\/wp-content\/uploads\/2015\/03\/starH.gif\" alt=\"starH\" width=\"24\" height=\"39\"><img loading=\"lazy\" class=\"alignnone size-full wp-image-201004\" src=\"https:\/\/www.camperonline.it\/magazine\/wp-content\/uploads\/2015\/03\/starG.gif\" alt=\"starG\" width=\"24\" height=\"39\"><\/td>\n<\/tr>\n<tr>\n<td>Stivaggio<\/td>\n<td><img loading=\"lazy\" class=\"alignnone size-full wp-image-201003\" src=\"https:\/\/www.camperonline.it\/magazine\/wp-content\/uploads\/2015\/03\/starY.gif\" alt=\"starY\" width=\"24\" height=\"39\"><img loading=\"lazy\" class=\"alignnone size-full wp-image-201003\" src=\"https:\/\/www.camperonline.it\/magazine\/wp-content\/uploads\/2015\/03\/starY.gif\" alt=\"starY\" width=\"24\" height=\"39\"><img loading=\"lazy\" class=\"alignnone size-full wp-image-201003\" src=\"https:\/\/www.camperonline.it\/magazine\/wp-content\/uploads\/2015\/03\/starY.gif\" alt=\"starY\" width=\"24\" height=\"39\"><img loading=\"lazy\" class=\"alignnone size-full wp-image-201003\" src=\"https:\/\/www.camperonline.it\/magazine\/wp-content\/uploads\/2015\/03\/starY.gif\" alt=\"starY\" width=\"24\" height=\"39\"><img loading=\"lazy\" class=\"alignnone size-full wp-image-201004\" src=\"https:\/\/www.camperonline.it\/magazine\/wp-content\/uploads\/2015\/03\/starH.gif\" alt=\"starH\" width=\"24\" height=\"39\"><\/td>\n<\/tr>\n<tr>\n<td>Rapporto qualit\u00e0\/prezzo<\/td>\n<td><img loading=\"lazy\" class=\"alignnone size-full wp-image-201003\" src=\"https:\/\/www.camperonline.it\/magazine\/wp-content\/uploads\/2015\/03\/starY.gif\" alt=\"starY\" width=\"24\" height=\"39\"><img loading=\"lazy\" class=\"alignnone size-full wp-image-201003\" src=\"https:\/\/www.camperonline.it\/magazine\/wp-content\/uploads\/2015\/03\/starY.gif\" alt=\"starY\" width=\"24\" height=\"39\"><img loading=\"lazy\" class=\"alignnone size-full wp-image-201003\" src=\"https:\/\/www.camperonline.it\/magazine\/wp-content\/uploads\/2015\/03\/starY.gif\" alt=\"starY\" width=\"24\" height=\"39\"><img loading=\"lazy\" class=\"alignnone size-full wp-image-201004\" src=\"https:\/\/www.camperonline.it\/magazine\/wp-content\/uploads\/2015\/03\/starH.gif\" alt=\"starH\" width=\"24\" height=\"39\"><img loading=\"lazy\" class=\"alignnone size-full wp-image-201004\" src=\"https:\/\/www.camperonline.it\/magazine\/wp-content\/uploads\/2015\/03\/starG.gif\" alt=\"starG\" width=\"24\" height=\"39\"><\/td>\n<\/tr>\n<tr>\n<td colspan=\"2\">&nbsp;<\/td>\n<\/tr>\n<\/tbody>\n<\/table>\n<\/div>\n<\/div>\n<h6><em>Le valutazioni sono il risultato dell\u2019analisi del veicolo fatta nel momento del test, alla luce delle informazioni disponibili sulle dotazioni di serie, e rapportate alla tipologia e alla fascia di prezzo di appartenenza.<\/em><\/h6>\n<p>Presentato ufficialmente al pubblico alla fine dell&#8217;estate 2021, l&#8217;<strong>Admiral<\/strong> decreta l&#8217;ingresso di <strong>Mobilvetta<\/strong> italiana nel segmento van, ovvero nella tipologia dei camper furgonati che \u00e8 ormai diventata la preferita dal pubblico di tutta Europa. Se \u00e8 vero che sotto un certo punto di vista <strong>Mobilvetta<\/strong> \u00e8 arrivata tardi in questo segmento di mercato, \u00e8 altrettanto vero che entra in scena con una serie di modelli che non passano inosservati, accattivanti, singolari, per certi versi unici. La gamma <strong>Admiral<\/strong> si posiziona nella fascia alta del segmento dei furgonati, a ribadire il prestigio dello storico marchio italiano. Abbiamo testato l&#8217;<strong>Admiral K 6.5<\/strong>, uno dei tre modelli che compongono la gamma: si tratta di un van di generose dimensioni, allestito su base Fiat Ducato. Ha una lunghezza da 636 cm e si caratterizza per il letto basculante posteriore e il garage a volume variabile. Una soluzione che permette di gestire a proprio piacimento sia lo spazio abitativo, sia il vano di carico. L&#8217;arredo interno non delude gli estimatori di <strong>Mobilvetta<\/strong>, riproponendo su un van quel buon design che \u00e8 da sempre uno dei punti forti dei motorhome e dei semintegrali di questo brand. Ma non c&#8217;\u00e8 solo il lato estetico a caratterizzare questo veicolo. Troviamo infatti anche soluzioni d&#8217;arredo particolari, pensate per offrire una buona fruibilit\u00e0 dell&#8217;abitacolo nonostante gli spazi ridotti. Particolare \u00e8 sicuramente la cucina, con un sistema di elementi scorrevoli, mentre per il bagno viene adottata la sempre pi\u00f9 apprezzata soluzione della parete rotante, in grado di realizzare all&#8217;occorrenza un vano doccia separato.<\/p>\n<h2>Ecco in video la descrizione dettagliata, le immagini e le peculiarit\u00e0 del Mobilvetta Admiral K 6.5<\/h2>\n<p style=\"text-align: center;\"><a href=\"https:\/\/www.youtube.com\/watch?v=8rYJz20zgbM\" rel=\"nofollow\"><img loading=\"lazy\" class=\"aligncenter size-full wp-image-327729\" src=\"https:\/\/www.camperonline.it\/magazine\/wp-content\/uploads\/2022\/05\/cover_admiral630.jpg\" alt=\"\" width=\"630\" height=\"354\" srcset=\"https:\/\/www.camperonline.it\/magazine\/wp-content\/uploads\/2022\/05\/cover_admiral630.jpg 630w, https:\/\/www.camperonline.it\/magazine\/wp-content\/uploads\/2022\/05\/cover_admiral630-300x169.jpg 300w\" sizes=\"(max-width: 630px) 100vw, 630px\" \/><\/a><\/p>\n<h3>Piantina e misure<\/h3>\n<p><img loading=\"lazy\" class=\"aligncenter size-full wp-image-327723\" src=\"https:\/\/www.camperonline.it\/magazine\/wp-content\/uploads\/2022\/05\/MISURE-ESTERNE.jpg\" alt=\"\" width=\"630\" height=\"418\" srcset=\"https:\/\/www.camperonline.it\/magazine\/wp-content\/uploads\/2022\/05\/MISURE-ESTERNE.jpg 630w, https:\/\/www.camperonline.it\/magazine\/wp-content\/uploads\/2022\/05\/MISURE-ESTERNE-300x199.jpg 300w\" sizes=\"(max-width: 630px) 100vw, 630px\" \/><\/p>\n<p><img loading=\"lazy\" class=\"aligncenter size-full wp-image-327724\" src=\"https:\/\/www.camperonline.it\/magazine\/wp-content\/uploads\/2022\/05\/DISPOSIZIONE-INTERNA-7.jpg\" alt=\"\" width=\"830\" height=\"500\" srcset=\"https:\/\/www.camperonline.it\/magazine\/wp-content\/uploads\/2022\/05\/DISPOSIZIONE-INTERNA-7.jpg 830w, https:\/\/www.camperonline.it\/magazine\/wp-content\/uploads\/2022\/05\/DISPOSIZIONE-INTERNA-7-300x181.jpg 300w, https:\/\/www.camperonline.it\/magazine\/wp-content\/uploads\/2022\/05\/DISPOSIZIONE-INTERNA-7-768x463.jpg 768w\" sizes=\"(max-width: 830px) 100vw, 830px\" \/><\/p>\n<h3>Dotazione&nbsp;<\/h3>\n<p>ABS, ASR, ESC, Traction+, cruise control, airbag conducente e passeggero, climatizzatore cabina, gradino elettrico,&nbsp; paraurti verniciato.<\/p>\n<h3>Conclusioni<\/h3>\n<p>L&#8217;arrivo della serie <strong>Admiral<\/strong> rappresenta per certi versi la novit\u00e0 principale di <strong>Mobilvetta<\/strong> per la stagione 2022. E&#8217; il naturale completamento di una gamma ben strutturata e il modello <strong>Admiral K 6.5<\/strong> si fa certamente notare per alcune peculiarit\u00e0. Gradevole esternamente, mostra all&#8217;interno dell&#8217;abitacolo le sue carte migliori, con un design particolare e di buon gusto, a cui si somma la presenza di materiali di qualit\u00e0 come il laminato HPL e la pietra acrilica. Oltre al lato estetico si apprezza la buona vivibilit\u00e0 delle varie zone, ottenuta grazie ad una riuscita modella zone dello spazio e a elementi d&#8217;arredo particolari. Spiccano soprattutto il bagno con parete rotante e la cucina con elementi scorrevoli. Ma certamente non va dimenticato il letto posteriore ad altezza variabile, che non \u00e8 solo grande, ma anche capace di variare la volumetria del vano di carico sottostante. La dotazione di serie \u00e8 soddisfacente, ma visto che parliamo di un van di tono superiore deve sicuramente essere completata con i vari accessori del Pack Grand Tour, come cupolino panoramico, retrocamera, oscuranti plissettati cabina, zanzariera porta d&#8217;ingresso e comandi radio al volante.&nbsp;&nbsp;<\/p>\n<div class=\"widget-title\">\n<h3 style=\"background-color: #03702c;\">Cosa ci \u00e8 piaciuto di pi\u00f9<\/h3>\n<\/div>\n<ul>\n<li>Garage posteriore ampio e a volume variabile<\/li>\n<li>Stile dell&#8217;arredo personale e raffinato&nbsp;<\/li>\n<li>Bagno ben sfruttabile<\/li>\n<li>Cucina fuori dal comune<\/li>\n<li>Buona aerazione della zona notte<\/li>\n<\/ul>\n<div class=\"widget-title\">\n<h3 style=\"background-color: #fcd418;\">Cosa ci \u00e8 piaciuto di meno<\/h3>\n<\/div>\n<ul>\n<li>Maneggevolezza penalizzata da lunghezza e passo<\/li>\n<li>Ridotta agibilit\u00e0 letto con garage al massimo del volume<\/li>\n<li>La dotazione di serie deve essere completata con il Pack Grand Tour<\/li>\n<li>Soltanto optional il riscaldamento del serbatoio acque grigie<\/li>\n<\/ul>\n<p><strong>Riferimenti e contatti del costruttore<\/strong><\/p>\n<p><a href=\"https:\/\/www.mobilvetta.it\/IT-it\/\" rel=\"nofollow\"><strong>Mobilvetta<\/strong><\/a><\/p>\n<p>Via Val d&#8217;Aosta, 4 , 53036, Poggibonsi, SI<\/p>\n<p>Telefono: +39 0577 99511<br \/>\nFax: +39 0577 995218<\/p>\n<p><a href=\"https:\/\/www.camperonline.it\/produttori\/mobilvetta\" rel=\"nofollow\"><strong>Tutto su Mobilvetta<\/strong><\/a><\/p>\n<p><strong>Fotogallery<\/strong><\/p>\n<!-- default-view.php -->\n<div\n\tclass=\"ngg-galleryoverview default-view  ngg-ajax-pagination-none\"\n\tid=\"ngg-gallery-c69f304024db1e53faf7db115bedbe9c-1\">\n\n\t\t<!-- Thumbnails -->\n\t\t\t\t<div id=\"ngg-image-0\" class=\"ngg-gallery-thumbnail-box ngg-5-columns\" >\n\t\t\t\t        <div class=\"ngg-gallery-thumbnail\">\n            <a href=\"https:\/\/www.camperonline.it\/magazine\/wp-content\/gallery\/mobilvetta-admiral-k-6-5\/7-Admiral-K6-18.jpg\"\n               title=\"\"\n               data-src=\"https:\/\/www.camperonline.it\/magazine\/wp-content\/gallery\/mobilvetta-admiral-k-6-5\/7-Admiral-K6-18.jpg\"\n               data-thumbnail=\"https:\/\/www.camperonline.it\/magazine\/wp-content\/gallery\/mobilvetta-admiral-k-6-5\/thumbs\/thumbs_7-Admiral-K6-18.jpg\"\n               data-image-id=\"125640\"\n               data-title=\"7-Admiral-K6-18\"\n               data-description=\"\"\n               data-image-slug=\"7-admiral-k6-18\"\n               class=\"ngg-fancybox\" rel=\"c69f304024db1e53faf7db115bedbe9c\">\n                <img\n                    title=\"7-Admiral-K6-18\"\n                    alt=\"7-Admiral-K6-18\"\n                    src=\"https:\/\/www.camperonline.it\/magazine\/wp-content\/gallery\/mobilvetta-admiral-k-6-5\/thumbs\/thumbs_7-Admiral-K6-18.jpg\"\n                    width=\"240\"\n                    height=\"160\"\n                    style=\"max-width:100%;\"\n                \/>\n            <\/a>\n        <\/div>\n\t\t\t\t\t\t\t<\/div> \n\t\t\t\n\t\t\t\t<div id=\"ngg-image-1\" class=\"ngg-gallery-thumbnail-box ngg-5-columns\" >\n\t\t\t\t        <div class=\"ngg-gallery-thumbnail\">\n            <a href=\"https:\/\/www.camperonline.it\/magazine\/wp-content\/gallery\/mobilvetta-admiral-k-6-5\/14-Admiral-K6-61.jpg\"\n               title=\"\"\n               data-src=\"https:\/\/www.camperonline.it\/magazine\/wp-content\/gallery\/mobilvetta-admiral-k-6-5\/14-Admiral-K6-61.jpg\"\n               data-thumbnail=\"https:\/\/www.camperonline.it\/magazine\/wp-content\/gallery\/mobilvetta-admiral-k-6-5\/thumbs\/thumbs_14-Admiral-K6-61.jpg\"\n               data-image-id=\"125631\"\n               data-title=\"14-Admiral-K6-61\"\n               data-description=\"\"\n               data-image-slug=\"14-admiral-k6-61\"\n               class=\"ngg-fancybox\" rel=\"c69f304024db1e53faf7db115bedbe9c\">\n                <img\n                    title=\"14-Admiral-K6-61\"\n                    alt=\"14-Admiral-K6-61\"\n                    src=\"https:\/\/www.camperonline.it\/magazine\/wp-content\/gallery\/mobilvetta-admiral-k-6-5\/thumbs\/thumbs_14-Admiral-K6-61.jpg\"\n                    width=\"240\"\n                    height=\"160\"\n                    style=\"max-width:100%;\"\n                \/>\n            <\/a>\n        <\/div>\n\t\t\t\t\t\t\t<\/div> \n\t\t\t\n\t\t\t\t<div id=\"ngg-image-2\" class=\"ngg-gallery-thumbnail-box ngg-5-columns\" >\n\t\t\t\t        <div class=\"ngg-gallery-thumbnail\">\n            <a href=\"https:\/\/www.camperonline.it\/magazine\/wp-content\/gallery\/mobilvetta-admiral-k-6-5\/13-Mobilvetta_Admiral_K65_03.jpg\"\n               title=\"\"\n               data-src=\"https:\/\/www.camperonline.it\/magazine\/wp-content\/gallery\/mobilvetta-admiral-k-6-5\/13-Mobilvetta_Admiral_K65_03.jpg\"\n               data-thumbnail=\"https:\/\/www.camperonline.it\/magazine\/wp-content\/gallery\/mobilvetta-admiral-k-6-5\/thumbs\/thumbs_13-Mobilvetta_Admiral_K65_03.jpg\"\n               data-image-id=\"125632\"\n               data-title=\"13-Mobilvetta_Admiral_K65_03\"\n               data-description=\"\"\n               data-image-slug=\"13-mobilvetta_admiral_k65_03\"\n               class=\"ngg-fancybox\" rel=\"c69f304024db1e53faf7db115bedbe9c\">\n                <img\n                    title=\"13-Mobilvetta_Admiral_K65_03\"\n                    alt=\"13-Mobilvetta_Admiral_K65_03\"\n                    src=\"https:\/\/www.camperonline.it\/magazine\/wp-content\/gallery\/mobilvetta-admiral-k-6-5\/thumbs\/thumbs_13-Mobilvetta_Admiral_K65_03.jpg\"\n                    width=\"240\"\n                    height=\"160\"\n                    style=\"max-width:100%;\"\n                \/>\n            <\/a>\n        <\/div>\n\t\t\t\t\t\t\t<\/div> \n\t\t\t\n\t\t\t\t<div id=\"ngg-image-3\" class=\"ngg-gallery-thumbnail-box ngg-5-columns\" >\n\t\t\t\t        <div class=\"ngg-gallery-thumbnail\">\n            <a href=\"https:\/\/www.camperonline.it\/magazine\/wp-content\/gallery\/mobilvetta-admiral-k-6-5\/13-Admiral-K6-34.jpg\"\n               title=\"\"\n               data-src=\"https:\/\/www.camperonline.it\/magazine\/wp-content\/gallery\/mobilvetta-admiral-k-6-5\/13-Admiral-K6-34.jpg\"\n               data-thumbnail=\"https:\/\/www.camperonline.it\/magazine\/wp-content\/gallery\/mobilvetta-admiral-k-6-5\/thumbs\/thumbs_13-Admiral-K6-34.jpg\"\n               data-image-id=\"125633\"\n               data-title=\"13-Admiral-K6-34\"\n               data-description=\"\"\n               data-image-slug=\"13-admiral-k6-34\"\n               class=\"ngg-fancybox\" rel=\"c69f304024db1e53faf7db115bedbe9c\">\n                <img\n                    title=\"13-Admiral-K6-34\"\n                    alt=\"13-Admiral-K6-34\"\n                    src=\"https:\/\/www.camperonline.it\/magazine\/wp-content\/gallery\/mobilvetta-admiral-k-6-5\/thumbs\/thumbs_13-Admiral-K6-34.jpg\"\n                    width=\"240\"\n                    height=\"160\"\n                    style=\"max-width:100%;\"\n                \/>\n            <\/a>\n        <\/div>\n\t\t\t\t\t\t\t<\/div> \n\t\t\t\n\t\t\t\t<div id=\"ngg-image-4\" class=\"ngg-gallery-thumbnail-box ngg-5-columns\" >\n\t\t\t\t        <div class=\"ngg-gallery-thumbnail\">\n            <a href=\"https:\/\/www.camperonline.it\/magazine\/wp-content\/gallery\/mobilvetta-admiral-k-6-5\/12-Admiral-K6-37.jpg\"\n               title=\"\"\n               data-src=\"https:\/\/www.camperonline.it\/magazine\/wp-content\/gallery\/mobilvetta-admiral-k-6-5\/12-Admiral-K6-37.jpg\"\n               data-thumbnail=\"https:\/\/www.camperonline.it\/magazine\/wp-content\/gallery\/mobilvetta-admiral-k-6-5\/thumbs\/thumbs_12-Admiral-K6-37.jpg\"\n               data-image-id=\"125634\"\n               data-title=\"12-Admiral-K6-37\"\n               data-description=\"\"\n               data-image-slug=\"12-admiral-k6-37\"\n               class=\"ngg-fancybox\" rel=\"c69f304024db1e53faf7db115bedbe9c\">\n                <img\n                    title=\"12-Admiral-K6-37\"\n                    alt=\"12-Admiral-K6-37\"\n                    src=\"https:\/\/www.camperonline.it\/magazine\/wp-content\/gallery\/mobilvetta-admiral-k-6-5\/thumbs\/thumbs_12-Admiral-K6-37.jpg\"\n                    width=\"240\"\n                    height=\"160\"\n                    style=\"max-width:100%;\"\n                \/>\n            <\/a>\n        <\/div>\n\t\t\t\t\t\t\t<\/div> \n\t\t\t\n\t\t\t\t<div id=\"ngg-image-5\" class=\"ngg-gallery-thumbnail-box ngg-5-columns\" >\n\t\t\t\t        <div class=\"ngg-gallery-thumbnail\">\n            <a href=\"https:\/\/www.camperonline.it\/magazine\/wp-content\/gallery\/mobilvetta-admiral-k-6-5\/11-Mobilvetta_Admiral_K65_06.jpg\"\n               title=\"\"\n               data-src=\"https:\/\/www.camperonline.it\/magazine\/wp-content\/gallery\/mobilvetta-admiral-k-6-5\/11-Mobilvetta_Admiral_K65_06.jpg\"\n               data-thumbnail=\"https:\/\/www.camperonline.it\/magazine\/wp-content\/gallery\/mobilvetta-admiral-k-6-5\/thumbs\/thumbs_11-Mobilvetta_Admiral_K65_06.jpg\"\n               data-image-id=\"125635\"\n               data-title=\"11-Mobilvetta_Admiral_K65_06\"\n               data-description=\"\"\n               data-image-slug=\"11-mobilvetta_admiral_k65_06\"\n               class=\"ngg-fancybox\" rel=\"c69f304024db1e53faf7db115bedbe9c\">\n                <img\n                    title=\"11-Mobilvetta_Admiral_K65_06\"\n                    alt=\"11-Mobilvetta_Admiral_K65_06\"\n                    src=\"https:\/\/www.camperonline.it\/magazine\/wp-content\/gallery\/mobilvetta-admiral-k-6-5\/thumbs\/thumbs_11-Mobilvetta_Admiral_K65_06.jpg\"\n                    width=\"240\"\n                    height=\"160\"\n                    style=\"max-width:100%;\"\n                \/>\n            <\/a>\n        <\/div>\n\t\t\t\t\t\t\t<\/div> \n\t\t\t\n\t\t\t\t<div id=\"ngg-image-6\" class=\"ngg-gallery-thumbnail-box ngg-5-columns\" >\n\t\t\t\t        <div class=\"ngg-gallery-thumbnail\">\n            <a href=\"https:\/\/www.camperonline.it\/magazine\/wp-content\/gallery\/mobilvetta-admiral-k-6-5\/11-Admiral-K6-35.jpg\"\n               title=\"\"\n               data-src=\"https:\/\/www.camperonline.it\/magazine\/wp-content\/gallery\/mobilvetta-admiral-k-6-5\/11-Admiral-K6-35.jpg\"\n               data-thumbnail=\"https:\/\/www.camperonline.it\/magazine\/wp-content\/gallery\/mobilvetta-admiral-k-6-5\/thumbs\/thumbs_11-Admiral-K6-35.jpg\"\n               data-image-id=\"125636\"\n               data-title=\"11-Admiral-K6-35\"\n               data-description=\"\"\n               data-image-slug=\"11-admiral-k6-35\"\n               class=\"ngg-fancybox\" rel=\"c69f304024db1e53faf7db115bedbe9c\">\n                <img\n                    title=\"11-Admiral-K6-35\"\n                    alt=\"11-Admiral-K6-35\"\n                    src=\"https:\/\/www.camperonline.it\/magazine\/wp-content\/gallery\/mobilvetta-admiral-k-6-5\/thumbs\/thumbs_11-Admiral-K6-35.jpg\"\n                    width=\"240\"\n                    height=\"160\"\n                    style=\"max-width:100%;\"\n                \/>\n            <\/a>\n        <\/div>\n\t\t\t\t\t\t\t<\/div> \n\t\t\t\n\t\t\t\t<div id=\"ngg-image-7\" class=\"ngg-gallery-thumbnail-box ngg-5-columns\" >\n\t\t\t\t        <div class=\"ngg-gallery-thumbnail\">\n            <a href=\"https:\/\/www.camperonline.it\/magazine\/wp-content\/gallery\/mobilvetta-admiral-k-6-5\/10-Admiral-K6-33.jpg\"\n               title=\"\"\n               data-src=\"https:\/\/www.camperonline.it\/magazine\/wp-content\/gallery\/mobilvetta-admiral-k-6-5\/10-Admiral-K6-33.jpg\"\n               data-thumbnail=\"https:\/\/www.camperonline.it\/magazine\/wp-content\/gallery\/mobilvetta-admiral-k-6-5\/thumbs\/thumbs_10-Admiral-K6-33.jpg\"\n               data-image-id=\"125637\"\n               data-title=\"10-Admiral-K6-33\"\n               data-description=\"\"\n               data-image-slug=\"10-admiral-k6-33\"\n               class=\"ngg-fancybox\" rel=\"c69f304024db1e53faf7db115bedbe9c\">\n                <img\n                    title=\"10-Admiral-K6-33\"\n                    alt=\"10-Admiral-K6-33\"\n                    src=\"https:\/\/www.camperonline.it\/magazine\/wp-content\/gallery\/mobilvetta-admiral-k-6-5\/thumbs\/thumbs_10-Admiral-K6-33.jpg\"\n                    width=\"240\"\n                    height=\"160\"\n                    style=\"max-width:100%;\"\n                \/>\n            <\/a>\n        <\/div>\n\t\t\t\t\t\t\t<\/div> \n\t\t\t\n\t\t\t\t<div id=\"ngg-image-8\" class=\"ngg-gallery-thumbnail-box ngg-5-columns\" >\n\t\t\t\t        <div class=\"ngg-gallery-thumbnail\">\n            <a href=\"https:\/\/www.camperonline.it\/magazine\/wp-content\/gallery\/mobilvetta-admiral-k-6-5\/9-Admiral-K6-59.jpg\"\n               title=\"\"\n               data-src=\"https:\/\/www.camperonline.it\/magazine\/wp-content\/gallery\/mobilvetta-admiral-k-6-5\/9-Admiral-K6-59.jpg\"\n               data-thumbnail=\"https:\/\/www.camperonline.it\/magazine\/wp-content\/gallery\/mobilvetta-admiral-k-6-5\/thumbs\/thumbs_9-Admiral-K6-59.jpg\"\n               data-image-id=\"125638\"\n               data-title=\"9-Admiral-K6-59\"\n               data-description=\"\"\n               data-image-slug=\"9-admiral-k6-59\"\n               class=\"ngg-fancybox\" rel=\"c69f304024db1e53faf7db115bedbe9c\">\n                <img\n                    title=\"9-Admiral-K6-59\"\n                    alt=\"9-Admiral-K6-59\"\n                    src=\"https:\/\/www.camperonline.it\/magazine\/wp-content\/gallery\/mobilvetta-admiral-k-6-5\/thumbs\/thumbs_9-Admiral-K6-59.jpg\"\n                    width=\"240\"\n                    height=\"160\"\n                    style=\"max-width:100%;\"\n                \/>\n            <\/a>\n        <\/div>\n\t\t\t\t\t\t\t<\/div> \n\t\t\t\n\t\t\t\t<div id=\"ngg-image-9\" class=\"ngg-gallery-thumbnail-box ngg-5-columns\" >\n\t\t\t\t        <div class=\"ngg-gallery-thumbnail\">\n            <a href=\"https:\/\/www.camperonline.it\/magazine\/wp-content\/gallery\/mobilvetta-admiral-k-6-5\/8-Admiral-K6-58.jpg\"\n               title=\"\"\n               data-src=\"https:\/\/www.camperonline.it\/magazine\/wp-content\/gallery\/mobilvetta-admiral-k-6-5\/8-Admiral-K6-58.jpg\"\n               data-thumbnail=\"https:\/\/www.camperonline.it\/magazine\/wp-content\/gallery\/mobilvetta-admiral-k-6-5\/thumbs\/thumbs_8-Admiral-K6-58.jpg\"\n               data-image-id=\"125639\"\n               data-title=\"8-Admiral-K6-58\"\n               data-description=\"\"\n               data-image-slug=\"8-admiral-k6-58\"\n               class=\"ngg-fancybox\" rel=\"c69f304024db1e53faf7db115bedbe9c\">\n                <img\n                    title=\"8-Admiral-K6-58\"\n                    alt=\"8-Admiral-K6-58\"\n                    src=\"https:\/\/www.camperonline.it\/magazine\/wp-content\/gallery\/mobilvetta-admiral-k-6-5\/thumbs\/thumbs_8-Admiral-K6-58.jpg\"\n                    width=\"240\"\n                    height=\"160\"\n                    style=\"max-width:100%;\"\n                \/>\n            <\/a>\n        <\/div>\n\t\t\t\t\t\t\t<\/div> \n\t\t\t\n\t\t\t\t<div id=\"ngg-image-10\" class=\"ngg-gallery-thumbnail-box ngg-5-columns\" >\n\t\t\t\t        <div class=\"ngg-gallery-thumbnail\">\n            <a href=\"https:\/\/www.camperonline.it\/magazine\/wp-content\/gallery\/mobilvetta-admiral-k-6-5\/15-Admiral-K6-63.jpg\"\n               title=\"\"\n               data-src=\"https:\/\/www.camperonline.it\/magazine\/wp-content\/gallery\/mobilvetta-admiral-k-6-5\/15-Admiral-K6-63.jpg\"\n               data-thumbnail=\"https:\/\/www.camperonline.it\/magazine\/wp-content\/gallery\/mobilvetta-admiral-k-6-5\/thumbs\/thumbs_15-Admiral-K6-63.jpg\"\n               data-image-id=\"125630\"\n               data-title=\"15-Admiral-K6-63\"\n               data-description=\"\"\n               data-image-slug=\"15-admiral-k6-63\"\n               class=\"ngg-fancybox\" rel=\"c69f304024db1e53faf7db115bedbe9c\">\n                <img\n                    title=\"15-Admiral-K6-63\"\n                    alt=\"15-Admiral-K6-63\"\n                    src=\"https:\/\/www.camperonline.it\/magazine\/wp-content\/gallery\/mobilvetta-admiral-k-6-5\/thumbs\/thumbs_15-Admiral-K6-63.jpg\"\n                    width=\"240\"\n                    height=\"160\"\n                    style=\"max-width:100%;\"\n                \/>\n            <\/a>\n        <\/div>\n\t\t\t\t\t\t\t<\/div> \n\t\t\t\n\t\t\t\t<div id=\"ngg-image-11\" class=\"ngg-gallery-thumbnail-box ngg-5-columns\" >\n\t\t\t\t        <div class=\"ngg-gallery-thumbnail\">\n            <a href=\"https:\/\/www.camperonline.it\/magazine\/wp-content\/gallery\/mobilvetta-admiral-k-6-5\/6-Admiral-K6-41.jpg\"\n               title=\"\"\n               data-src=\"https:\/\/www.camperonline.it\/magazine\/wp-content\/gallery\/mobilvetta-admiral-k-6-5\/6-Admiral-K6-41.jpg\"\n               data-thumbnail=\"https:\/\/www.camperonline.it\/magazine\/wp-content\/gallery\/mobilvetta-admiral-k-6-5\/thumbs\/thumbs_6-Admiral-K6-41.jpg\"\n               data-image-id=\"125641\"\n               data-title=\"6-Admiral-K6-41\"\n               data-description=\"\"\n               data-image-slug=\"6-admiral-k6-41\"\n               class=\"ngg-fancybox\" rel=\"c69f304024db1e53faf7db115bedbe9c\">\n                <img\n                    title=\"6-Admiral-K6-41\"\n                    alt=\"6-Admiral-K6-41\"\n                    src=\"https:\/\/www.camperonline.it\/magazine\/wp-content\/gallery\/mobilvetta-admiral-k-6-5\/thumbs\/thumbs_6-Admiral-K6-41.jpg\"\n                    width=\"240\"\n                    height=\"160\"\n                    style=\"max-width:100%;\"\n                \/>\n            <\/a>\n        <\/div>\n\t\t\t\t\t\t\t<\/div> \n\t\t\t\n\t\t\t\t<div id=\"ngg-image-12\" class=\"ngg-gallery-thumbnail-box ngg-5-columns\" >\n\t\t\t\t        <div class=\"ngg-gallery-thumbnail\">\n            <a href=\"https:\/\/www.camperonline.it\/magazine\/wp-content\/gallery\/mobilvetta-admiral-k-6-5\/5-Admiral-K6-64.jpg\"\n               title=\"\"\n               data-src=\"https:\/\/www.camperonline.it\/magazine\/wp-content\/gallery\/mobilvetta-admiral-k-6-5\/5-Admiral-K6-64.jpg\"\n               data-thumbnail=\"https:\/\/www.camperonline.it\/magazine\/wp-content\/gallery\/mobilvetta-admiral-k-6-5\/thumbs\/thumbs_5-Admiral-K6-64.jpg\"\n               data-image-id=\"125642\"\n               data-title=\"5-Admiral-K6-64\"\n               data-description=\"\"\n               data-image-slug=\"5-admiral-k6-64\"\n               class=\"ngg-fancybox\" rel=\"c69f304024db1e53faf7db115bedbe9c\">\n                <img\n                    title=\"5-Admiral-K6-64\"\n                    alt=\"5-Admiral-K6-64\"\n                    src=\"https:\/\/www.camperonline.it\/magazine\/wp-content\/gallery\/mobilvetta-admiral-k-6-5\/thumbs\/thumbs_5-Admiral-K6-64.jpg\"\n                    width=\"240\"\n                    height=\"160\"\n                    style=\"max-width:100%;\"\n                \/>\n            <\/a>\n        <\/div>\n\t\t\t\t\t\t\t<\/div> \n\t\t\t\n\t\t\t\t<div id=\"ngg-image-13\" class=\"ngg-gallery-thumbnail-box ngg-5-columns\" >\n\t\t\t\t        <div class=\"ngg-gallery-thumbnail\">\n            <a href=\"https:\/\/www.camperonline.it\/magazine\/wp-content\/gallery\/mobilvetta-admiral-k-6-5\/4-Admiral-K6-12.jpg\"\n               title=\"\"\n               data-src=\"https:\/\/www.camperonline.it\/magazine\/wp-content\/gallery\/mobilvetta-admiral-k-6-5\/4-Admiral-K6-12.jpg\"\n               data-thumbnail=\"https:\/\/www.camperonline.it\/magazine\/wp-content\/gallery\/mobilvetta-admiral-k-6-5\/thumbs\/thumbs_4-Admiral-K6-12.jpg\"\n               data-image-id=\"125643\"\n               data-title=\"4-Admiral-K6-12\"\n               data-description=\"\"\n               data-image-slug=\"4-admiral-k6-12\"\n               class=\"ngg-fancybox\" rel=\"c69f304024db1e53faf7db115bedbe9c\">\n                <img\n                    title=\"4-Admiral-K6-12\"\n                    alt=\"4-Admiral-K6-12\"\n                    src=\"https:\/\/www.camperonline.it\/magazine\/wp-content\/gallery\/mobilvetta-admiral-k-6-5\/thumbs\/thumbs_4-Admiral-K6-12.jpg\"\n                    width=\"240\"\n                    height=\"160\"\n                    style=\"max-width:100%;\"\n                \/>\n            <\/a>\n        <\/div>\n\t\t\t\t\t\t\t<\/div> \n\t\t\t\n\t\t\t\t<div id=\"ngg-image-14\" class=\"ngg-gallery-thumbnail-box ngg-5-columns\" >\n\t\t\t\t        <div class=\"ngg-gallery-thumbnail\">\n            <a href=\"https:\/\/www.camperonline.it\/magazine\/wp-content\/gallery\/mobilvetta-admiral-k-6-5\/3-Admiral-K6-15.jpg\"\n               title=\"\"\n               data-src=\"https:\/\/www.camperonline.it\/magazine\/wp-content\/gallery\/mobilvetta-admiral-k-6-5\/3-Admiral-K6-15.jpg\"\n               data-thumbnail=\"https:\/\/www.camperonline.it\/magazine\/wp-content\/gallery\/mobilvetta-admiral-k-6-5\/thumbs\/thumbs_3-Admiral-K6-15.jpg\"\n               data-image-id=\"125644\"\n               data-title=\"3-Admiral-K6-15\"\n               data-description=\"\"\n               data-image-slug=\"3-admiral-k6-15\"\n               class=\"ngg-fancybox\" rel=\"c69f304024db1e53faf7db115bedbe9c\">\n                <img\n                    title=\"3-Admiral-K6-15\"\n                    alt=\"3-Admiral-K6-15\"\n                    src=\"https:\/\/www.camperonline.it\/magazine\/wp-content\/gallery\/mobilvetta-admiral-k-6-5\/thumbs\/thumbs_3-Admiral-K6-15.jpg\"\n                    width=\"240\"\n                    height=\"160\"\n                    style=\"max-width:100%;\"\n                \/>\n            <\/a>\n        <\/div>\n\t\t\t\t\t\t\t<\/div> \n\t\t\t\n\t\t\t\t<div id=\"ngg-image-15\" class=\"ngg-gallery-thumbnail-box ngg-5-columns\" >\n\t\t\t\t        <div class=\"ngg-gallery-thumbnail\">\n            <a href=\"https:\/\/www.camperonline.it\/magazine\/wp-content\/gallery\/mobilvetta-admiral-k-6-5\/3-Admiral-K6-13.jpg\"\n               title=\"\"\n               data-src=\"https:\/\/www.camperonline.it\/magazine\/wp-content\/gallery\/mobilvetta-admiral-k-6-5\/3-Admiral-K6-13.jpg\"\n               data-thumbnail=\"https:\/\/www.camperonline.it\/magazine\/wp-content\/gallery\/mobilvetta-admiral-k-6-5\/thumbs\/thumbs_3-Admiral-K6-13.jpg\"\n               data-image-id=\"125645\"\n               data-title=\"3-Admiral-K6-13\"\n               data-description=\"\"\n               data-image-slug=\"3-admiral-k6-13\"\n               class=\"ngg-fancybox\" rel=\"c69f304024db1e53faf7db115bedbe9c\">\n                <img\n                    title=\"3-Admiral-K6-13\"\n                    alt=\"3-Admiral-K6-13\"\n                    src=\"https:\/\/www.camperonline.it\/magazine\/wp-content\/gallery\/mobilvetta-admiral-k-6-5\/thumbs\/thumbs_3-Admiral-K6-13.jpg\"\n                    width=\"240\"\n                    height=\"160\"\n                    style=\"max-width:100%;\"\n                \/>\n            <\/a>\n        <\/div>\n\t\t\t\t\t\t\t<\/div> \n\t\t\t\n\t\t\t\t<div id=\"ngg-image-16\" class=\"ngg-gallery-thumbnail-box ngg-5-columns\" >\n\t\t\t\t        <div class=\"ngg-gallery-thumbnail\">\n            <a href=\"https:\/\/www.camperonline.it\/magazine\/wp-content\/gallery\/mobilvetta-admiral-k-6-5\/2-Admiral-K6-39.jpg\"\n               title=\"\"\n               data-src=\"https:\/\/www.camperonline.it\/magazine\/wp-content\/gallery\/mobilvetta-admiral-k-6-5\/2-Admiral-K6-39.jpg\"\n               data-thumbnail=\"https:\/\/www.camperonline.it\/magazine\/wp-content\/gallery\/mobilvetta-admiral-k-6-5\/thumbs\/thumbs_2-Admiral-K6-39.jpg\"\n               data-image-id=\"125646\"\n               data-title=\"2-Admiral-K6-39\"\n               data-description=\"\"\n               data-image-slug=\"2-admiral-k6-39\"\n               class=\"ngg-fancybox\" rel=\"c69f304024db1e53faf7db115bedbe9c\">\n                <img\n                    title=\"2-Admiral-K6-39\"\n                    alt=\"2-Admiral-K6-39\"\n                    src=\"https:\/\/www.camperonline.it\/magazine\/wp-content\/gallery\/mobilvetta-admiral-k-6-5\/thumbs\/thumbs_2-Admiral-K6-39.jpg\"\n                    width=\"240\"\n                    height=\"160\"\n                    style=\"max-width:100%;\"\n                \/>\n            <\/a>\n        <\/div>\n\t\t\t\t\t\t\t<\/div> \n\t\t\t\n\t\t\t\t<div id=\"ngg-image-17\" class=\"ngg-gallery-thumbnail-box ngg-5-columns\" >\n\t\t\t\t        <div class=\"ngg-gallery-thumbnail\">\n            <a href=\"https:\/\/www.camperonline.it\/magazine\/wp-content\/gallery\/mobilvetta-admiral-k-6-5\/2-Admiral-K6-16.jpg\"\n               title=\"\"\n               data-src=\"https:\/\/www.camperonline.it\/magazine\/wp-content\/gallery\/mobilvetta-admiral-k-6-5\/2-Admiral-K6-16.jpg\"\n               data-thumbnail=\"https:\/\/www.camperonline.it\/magazine\/wp-content\/gallery\/mobilvetta-admiral-k-6-5\/thumbs\/thumbs_2-Admiral-K6-16.jpg\"\n               data-image-id=\"125647\"\n               data-title=\"2-Admiral-K6-16\"\n               data-description=\"\"\n               data-image-slug=\"2-admiral-k6-16\"\n               class=\"ngg-fancybox\" rel=\"c69f304024db1e53faf7db115bedbe9c\">\n                <img\n                    title=\"2-Admiral-K6-16\"\n                    alt=\"2-Admiral-K6-16\"\n                    src=\"https:\/\/www.camperonline.it\/magazine\/wp-content\/gallery\/mobilvetta-admiral-k-6-5\/thumbs\/thumbs_2-Admiral-K6-16.jpg\"\n                    width=\"240\"\n                    height=\"160\"\n                    style=\"max-width:100%;\"\n                \/>\n            <\/a>\n        <\/div>\n\t\t\t\t\t\t\t<\/div> \n\t\t\t\n\t\t\t\t<div id=\"ngg-image-18\" class=\"ngg-gallery-thumbnail-box ngg-5-columns\" >\n\t\t\t\t        <div class=\"ngg-gallery-thumbnail\">\n            <a href=\"https:\/\/www.camperonline.it\/magazine\/wp-content\/gallery\/mobilvetta-admiral-k-6-5\/1-Admiral-K6-14.jpg\"\n               title=\"\"\n               data-src=\"https:\/\/www.camperonline.it\/magazine\/wp-content\/gallery\/mobilvetta-admiral-k-6-5\/1-Admiral-K6-14.jpg\"\n               data-thumbnail=\"https:\/\/www.camperonline.it\/magazine\/wp-content\/gallery\/mobilvetta-admiral-k-6-5\/thumbs\/thumbs_1-Admiral-K6-14.jpg\"\n               data-image-id=\"125648\"\n               data-title=\"1-Admiral-K6-14\"\n               data-description=\"\"\n               data-image-slug=\"1-admiral-k6-14\"\n               class=\"ngg-fancybox\" rel=\"c69f304024db1e53faf7db115bedbe9c\">\n                <img\n                    title=\"1-Admiral-K6-14\"\n                    alt=\"1-Admiral-K6-14\"\n                    src=\"https:\/\/www.camperonline.it\/magazine\/wp-content\/gallery\/mobilvetta-admiral-k-6-5\/thumbs\/thumbs_1-Admiral-K6-14.jpg\"\n                    width=\"240\"\n                    height=\"160\"\n                    style=\"max-width:100%;\"\n                \/>\n            <\/a>\n        <\/div>\n\t\t\t\t\t\t\t<\/div> \n\t\t\t\n\t\t\t\t<div id=\"ngg-image-19\" class=\"ngg-gallery-thumbnail-box ngg-5-columns\" >\n\t\t\t\t        <div class=\"ngg-gallery-thumbnail\">\n            <a href=\"https:\/\/www.camperonline.it\/magazine\/wp-content\/gallery\/mobilvetta-admiral-k-6-5\/22-2-Mobilvetta_Admiral_K65_12.jpg\"\n               title=\"\"\n               data-src=\"https:\/\/www.camperonline.it\/magazine\/wp-content\/gallery\/mobilvetta-admiral-k-6-5\/22-2-Mobilvetta_Admiral_K65_12.jpg\"\n               data-thumbnail=\"https:\/\/www.camperonline.it\/magazine\/wp-content\/gallery\/mobilvetta-admiral-k-6-5\/thumbs\/thumbs_22-2-Mobilvetta_Admiral_K65_12.jpg\"\n               data-image-id=\"125621\"\n               data-title=\"22-2-Mobilvetta_Admiral_K65_12\"\n               data-description=\"\"\n               data-image-slug=\"22-2-mobilvetta_admiral_k65_12\"\n               class=\"ngg-fancybox\" rel=\"c69f304024db1e53faf7db115bedbe9c\">\n                <img\n                    title=\"22-2-Mobilvetta_Admiral_K65_12\"\n                    alt=\"22-2-Mobilvetta_Admiral_K65_12\"\n                    src=\"https:\/\/www.camperonline.it\/magazine\/wp-content\/gallery\/mobilvetta-admiral-k-6-5\/thumbs\/thumbs_22-2-Mobilvetta_Admiral_K65_12.jpg\"\n                    width=\"240\"\n                    height=\"160\"\n                    style=\"max-width:100%;\"\n                \/>\n            <\/a>\n        <\/div>\n\t\t\t\t\t\t\t<\/div> \n\t\t\t\n\t\t\t\t<div id=\"ngg-image-20\" class=\"ngg-gallery-thumbnail-box ngg-5-columns\" >\n\t\t\t\t        <div class=\"ngg-gallery-thumbnail\">\n            <a href=\"https:\/\/www.camperonline.it\/magazine\/wp-content\/gallery\/mobilvetta-admiral-k-6-5\/24-3-Mobilvetta_Admiral_K65_17.jpg\"\n               title=\"\"\n               data-src=\"https:\/\/www.camperonline.it\/magazine\/wp-content\/gallery\/mobilvetta-admiral-k-6-5\/24-3-Mobilvetta_Admiral_K65_17.jpg\"\n               data-thumbnail=\"https:\/\/www.camperonline.it\/magazine\/wp-content\/gallery\/mobilvetta-admiral-k-6-5\/thumbs\/thumbs_24-3-Mobilvetta_Admiral_K65_17.jpg\"\n               data-image-id=\"125613\"\n               data-title=\"24-3-Mobilvetta_Admiral_K65_17\"\n               data-description=\"\"\n               data-image-slug=\"24-3-mobilvetta_admiral_k65_17\"\n               class=\"ngg-fancybox\" rel=\"c69f304024db1e53faf7db115bedbe9c\">\n                <img\n                    title=\"24-3-Mobilvetta_Admiral_K65_17\"\n                    alt=\"24-3-Mobilvetta_Admiral_K65_17\"\n                    src=\"https:\/\/www.camperonline.it\/magazine\/wp-content\/gallery\/mobilvetta-admiral-k-6-5\/thumbs\/thumbs_24-3-Mobilvetta_Admiral_K65_17.jpg\"\n                    width=\"240\"\n                    height=\"160\"\n                    style=\"max-width:100%;\"\n                \/>\n            <\/a>\n        <\/div>\n\t\t\t\t\t\t\t<\/div> \n\t\t\t\n\t\t\t\t<div id=\"ngg-image-21\" class=\"ngg-gallery-thumbnail-box ngg-5-columns\" >\n\t\t\t\t        <div class=\"ngg-gallery-thumbnail\">\n            <a href=\"https:\/\/www.camperonline.it\/magazine\/wp-content\/gallery\/mobilvetta-admiral-k-6-5\/24-2-Mobilvetta_Admiral_K65_15.jpg\"\n               title=\"\"\n               data-src=\"https:\/\/www.camperonline.it\/magazine\/wp-content\/gallery\/mobilvetta-admiral-k-6-5\/24-2-Mobilvetta_Admiral_K65_15.jpg\"\n               data-thumbnail=\"https:\/\/www.camperonline.it\/magazine\/wp-content\/gallery\/mobilvetta-admiral-k-6-5\/thumbs\/thumbs_24-2-Mobilvetta_Admiral_K65_15.jpg\"\n               data-image-id=\"125614\"\n               data-title=\"24-2-Mobilvetta_Admiral_K65_15\"\n               data-description=\"\"\n               data-image-slug=\"24-2-mobilvetta_admiral_k65_15\"\n               class=\"ngg-fancybox\" rel=\"c69f304024db1e53faf7db115bedbe9c\">\n                <img\n                    title=\"24-2-Mobilvetta_Admiral_K65_15\"\n                    alt=\"24-2-Mobilvetta_Admiral_K65_15\"\n                    src=\"https:\/\/www.camperonline.it\/magazine\/wp-content\/gallery\/mobilvetta-admiral-k-6-5\/thumbs\/thumbs_24-2-Mobilvetta_Admiral_K65_15.jpg\"\n                    width=\"240\"\n                    height=\"160\"\n                    style=\"max-width:100%;\"\n                \/>\n            <\/a>\n        <\/div>\n\t\t\t\t\t\t\t<\/div> \n\t\t\t\n\t\t\t\t<div id=\"ngg-image-22\" class=\"ngg-gallery-thumbnail-box ngg-5-columns\" >\n\t\t\t\t        <div class=\"ngg-gallery-thumbnail\">\n            <a href=\"https:\/\/www.camperonline.it\/magazine\/wp-content\/gallery\/mobilvetta-admiral-k-6-5\/24-1-Mobilvetta_Admiral_K65_14.jpg\"\n               title=\"\"\n               data-src=\"https:\/\/www.camperonline.it\/magazine\/wp-content\/gallery\/mobilvetta-admiral-k-6-5\/24-1-Mobilvetta_Admiral_K65_14.jpg\"\n               data-thumbnail=\"https:\/\/www.camperonline.it\/magazine\/wp-content\/gallery\/mobilvetta-admiral-k-6-5\/thumbs\/thumbs_24-1-Mobilvetta_Admiral_K65_14.jpg\"\n               data-image-id=\"125615\"\n               data-title=\"24-1-Mobilvetta_Admiral_K65_14\"\n               data-description=\"\"\n               data-image-slug=\"24-1-mobilvetta_admiral_k65_14\"\n               class=\"ngg-fancybox\" rel=\"c69f304024db1e53faf7db115bedbe9c\">\n                <img\n                    title=\"24-1-Mobilvetta_Admiral_K65_14\"\n                    alt=\"24-1-Mobilvetta_Admiral_K65_14\"\n                    src=\"https:\/\/www.camperonline.it\/magazine\/wp-content\/gallery\/mobilvetta-admiral-k-6-5\/thumbs\/thumbs_24-1-Mobilvetta_Admiral_K65_14.jpg\"\n                    width=\"240\"\n                    height=\"160\"\n                    style=\"max-width:100%;\"\n                \/>\n            <\/a>\n        <\/div>\n\t\t\t\t\t\t\t<\/div> \n\t\t\t\n\t\t\t\t<div id=\"ngg-image-23\" class=\"ngg-gallery-thumbnail-box ngg-5-columns\" >\n\t\t\t\t        <div class=\"ngg-gallery-thumbnail\">\n            <a href=\"https:\/\/www.camperonline.it\/magazine\/wp-content\/gallery\/mobilvetta-admiral-k-6-5\/23-3-Admiral-K6-7.jpg\"\n               title=\"\"\n               data-src=\"https:\/\/www.camperonline.it\/magazine\/wp-content\/gallery\/mobilvetta-admiral-k-6-5\/23-3-Admiral-K6-7.jpg\"\n               data-thumbnail=\"https:\/\/www.camperonline.it\/magazine\/wp-content\/gallery\/mobilvetta-admiral-k-6-5\/thumbs\/thumbs_23-3-Admiral-K6-7.jpg\"\n               data-image-id=\"125616\"\n               data-title=\"23-3-Admiral-K6-7\"\n               data-description=\"\"\n               data-image-slug=\"23-3-admiral-k6-7\"\n               class=\"ngg-fancybox\" rel=\"c69f304024db1e53faf7db115bedbe9c\">\n                <img\n                    title=\"23-3-Admiral-K6-7\"\n                    alt=\"23-3-Admiral-K6-7\"\n                    src=\"https:\/\/www.camperonline.it\/magazine\/wp-content\/gallery\/mobilvetta-admiral-k-6-5\/thumbs\/thumbs_23-3-Admiral-K6-7.jpg\"\n                    width=\"240\"\n                    height=\"160\"\n                    style=\"max-width:100%;\"\n                \/>\n            <\/a>\n        <\/div>\n\t\t\t\t\t\t\t<\/div> \n\t\t\t\n\t\t\t\t<div id=\"ngg-image-24\" class=\"ngg-gallery-thumbnail-box ngg-5-columns\" >\n\t\t\t\t        <div class=\"ngg-gallery-thumbnail\">\n            <a href=\"https:\/\/www.camperonline.it\/magazine\/wp-content\/gallery\/mobilvetta-admiral-k-6-5\/23-2-Admiral-K6-50.jpg\"\n               title=\"\"\n               data-src=\"https:\/\/www.camperonline.it\/magazine\/wp-content\/gallery\/mobilvetta-admiral-k-6-5\/23-2-Admiral-K6-50.jpg\"\n               data-thumbnail=\"https:\/\/www.camperonline.it\/magazine\/wp-content\/gallery\/mobilvetta-admiral-k-6-5\/thumbs\/thumbs_23-2-Admiral-K6-50.jpg\"\n               data-image-id=\"125617\"\n               data-title=\"23-2-Admiral-K6-50\"\n               data-description=\"\"\n               data-image-slug=\"23-2-admiral-k6-50\"\n               class=\"ngg-fancybox\" rel=\"c69f304024db1e53faf7db115bedbe9c\">\n                <img\n                    title=\"23-2-Admiral-K6-50\"\n                    alt=\"23-2-Admiral-K6-50\"\n                    src=\"https:\/\/www.camperonline.it\/magazine\/wp-content\/gallery\/mobilvetta-admiral-k-6-5\/thumbs\/thumbs_23-2-Admiral-K6-50.jpg\"\n                    width=\"240\"\n                    height=\"160\"\n                    style=\"max-width:100%;\"\n                \/>\n            <\/a>\n        <\/div>\n\t\t\t\t\t\t\t<\/div> \n\t\t\t\n\t\t\t\t<div id=\"ngg-image-25\" class=\"ngg-gallery-thumbnail-box ngg-5-columns\" >\n\t\t\t\t        <div class=\"ngg-gallery-thumbnail\">\n            <a href=\"https:\/\/www.camperonline.it\/magazine\/wp-content\/gallery\/mobilvetta-admiral-k-6-5\/23-2-Admiral-K6-5.jpg\"\n               title=\"\"\n               data-src=\"https:\/\/www.camperonline.it\/magazine\/wp-content\/gallery\/mobilvetta-admiral-k-6-5\/23-2-Admiral-K6-5.jpg\"\n               data-thumbnail=\"https:\/\/www.camperonline.it\/magazine\/wp-content\/gallery\/mobilvetta-admiral-k-6-5\/thumbs\/thumbs_23-2-Admiral-K6-5.jpg\"\n               data-image-id=\"125618\"\n               data-title=\"23-2-Admiral-K6-5\"\n               data-description=\"\"\n               data-image-slug=\"23-2-admiral-k6-5\"\n               class=\"ngg-fancybox\" rel=\"c69f304024db1e53faf7db115bedbe9c\">\n                <img\n                    title=\"23-2-Admiral-K6-5\"\n                    alt=\"23-2-Admiral-K6-5\"\n                    src=\"https:\/\/www.camperonline.it\/magazine\/wp-content\/gallery\/mobilvetta-admiral-k-6-5\/thumbs\/thumbs_23-2-Admiral-K6-5.jpg\"\n                    width=\"240\"\n                    height=\"160\"\n                    style=\"max-width:100%;\"\n                \/>\n            <\/a>\n        <\/div>\n\t\t\t\t\t\t\t<\/div> \n\t\t\t\n\t\t\t\t<div id=\"ngg-image-26\" class=\"ngg-gallery-thumbnail-box ngg-5-columns\" >\n\t\t\t\t        <div class=\"ngg-gallery-thumbnail\">\n            <a href=\"https:\/\/www.camperonline.it\/magazine\/wp-content\/gallery\/mobilvetta-admiral-k-6-5\/23-1-Admiral-K6-6.jpg\"\n               title=\"\"\n               data-src=\"https:\/\/www.camperonline.it\/magazine\/wp-content\/gallery\/mobilvetta-admiral-k-6-5\/23-1-Admiral-K6-6.jpg\"\n               data-thumbnail=\"https:\/\/www.camperonline.it\/magazine\/wp-content\/gallery\/mobilvetta-admiral-k-6-5\/thumbs\/thumbs_23-1-Admiral-K6-6.jpg\"\n               data-image-id=\"125619\"\n               data-title=\"23-1-Admiral-K6-6\"\n               data-description=\"\"\n               data-image-slug=\"23-1-admiral-k6-6\"\n               class=\"ngg-fancybox\" rel=\"c69f304024db1e53faf7db115bedbe9c\">\n                <img\n                    title=\"23-1-Admiral-K6-6\"\n                    alt=\"23-1-Admiral-K6-6\"\n                    src=\"https:\/\/www.camperonline.it\/magazine\/wp-content\/gallery\/mobilvetta-admiral-k-6-5\/thumbs\/thumbs_23-1-Admiral-K6-6.jpg\"\n                    width=\"240\"\n                    height=\"160\"\n                    style=\"max-width:100%;\"\n                \/>\n            <\/a>\n        <\/div>\n\t\t\t\t\t\t\t<\/div> \n\t\t\t\n\t\t\t\t<div id=\"ngg-image-27\" class=\"ngg-gallery-thumbnail-box ngg-5-columns\" >\n\t\t\t\t        <div class=\"ngg-gallery-thumbnail\">\n            <a href=\"https:\/\/www.camperonline.it\/magazine\/wp-content\/gallery\/mobilvetta-admiral-k-6-5\/23-Mobilvetta_Admiral_K65_11.jpg\"\n               title=\"\"\n               data-src=\"https:\/\/www.camperonline.it\/magazine\/wp-content\/gallery\/mobilvetta-admiral-k-6-5\/23-Mobilvetta_Admiral_K65_11.jpg\"\n               data-thumbnail=\"https:\/\/www.camperonline.it\/magazine\/wp-content\/gallery\/mobilvetta-admiral-k-6-5\/thumbs\/thumbs_23-Mobilvetta_Admiral_K65_11.jpg\"\n               data-image-id=\"125620\"\n               data-title=\"23-Mobilvetta_Admiral_K65_11\"\n               data-description=\"\"\n               data-image-slug=\"23-mobilvetta_admiral_k65_11\"\n               class=\"ngg-fancybox\" rel=\"c69f304024db1e53faf7db115bedbe9c\">\n                <img\n                    title=\"23-Mobilvetta_Admiral_K65_11\"\n                    alt=\"23-Mobilvetta_Admiral_K65_11\"\n                    src=\"https:\/\/www.camperonline.it\/magazine\/wp-content\/gallery\/mobilvetta-admiral-k-6-5\/thumbs\/thumbs_23-Mobilvetta_Admiral_K65_11.jpg\"\n                    width=\"240\"\n                    height=\"160\"\n                    style=\"max-width:100%;\"\n                \/>\n            <\/a>\n        <\/div>\n\t\t\t\t\t\t\t<\/div> \n\t\t\t\n\t\t\t\t<div id=\"ngg-image-28\" class=\"ngg-gallery-thumbnail-box ngg-5-columns\" >\n\t\t\t\t        <div class=\"ngg-gallery-thumbnail\">\n            <a href=\"https:\/\/www.camperonline.it\/magazine\/wp-content\/gallery\/mobilvetta-admiral-k-6-5\/25-Admiral-K6-43.jpg\"\n               title=\"\"\n               data-src=\"https:\/\/www.camperonline.it\/magazine\/wp-content\/gallery\/mobilvetta-admiral-k-6-5\/25-Admiral-K6-43.jpg\"\n               data-thumbnail=\"https:\/\/www.camperonline.it\/magazine\/wp-content\/gallery\/mobilvetta-admiral-k-6-5\/thumbs\/thumbs_25-Admiral-K6-43.jpg\"\n               data-image-id=\"125612\"\n               data-title=\"25-Admiral-K6-43\"\n               data-description=\"\"\n               data-image-slug=\"25-admiral-k6-43\"\n               class=\"ngg-fancybox\" rel=\"c69f304024db1e53faf7db115bedbe9c\">\n                <img\n                    title=\"25-Admiral-K6-43\"\n                    alt=\"25-Admiral-K6-43\"\n                    src=\"https:\/\/www.camperonline.it\/magazine\/wp-content\/gallery\/mobilvetta-admiral-k-6-5\/thumbs\/thumbs_25-Admiral-K6-43.jpg\"\n                    width=\"240\"\n                    height=\"160\"\n                    style=\"max-width:100%;\"\n                \/>\n            <\/a>\n        <\/div>\n\t\t\t\t\t\t\t<\/div> \n\t\t\t\n\t\t\t\t<div id=\"ngg-image-29\" class=\"ngg-gallery-thumbnail-box ngg-5-columns\" >\n\t\t\t\t        <div class=\"ngg-gallery-thumbnail\">\n            <a href=\"https:\/\/www.camperonline.it\/magazine\/wp-content\/gallery\/mobilvetta-admiral-k-6-5\/22-Mobilvetta_Admiral_K65_10.jpg\"\n               title=\"\"\n               data-src=\"https:\/\/www.camperonline.it\/magazine\/wp-content\/gallery\/mobilvetta-admiral-k-6-5\/22-Mobilvetta_Admiral_K65_10.jpg\"\n               data-thumbnail=\"https:\/\/www.camperonline.it\/magazine\/wp-content\/gallery\/mobilvetta-admiral-k-6-5\/thumbs\/thumbs_22-Mobilvetta_Admiral_K65_10.jpg\"\n               data-image-id=\"125622\"\n               data-title=\"22-Mobilvetta_Admiral_K65_10\"\n               data-description=\"\"\n               data-image-slug=\"22-mobilvetta_admiral_k65_10\"\n               class=\"ngg-fancybox\" rel=\"c69f304024db1e53faf7db115bedbe9c\">\n                <img\n                    title=\"22-Mobilvetta_Admiral_K65_10\"\n                    alt=\"22-Mobilvetta_Admiral_K65_10\"\n                    src=\"https:\/\/www.camperonline.it\/magazine\/wp-content\/gallery\/mobilvetta-admiral-k-6-5\/thumbs\/thumbs_22-Mobilvetta_Admiral_K65_10.jpg\"\n                    width=\"240\"\n                    height=\"160\"\n                    style=\"max-width:100%;\"\n                \/>\n            <\/a>\n        <\/div>\n\t\t\t\t\t\t\t<\/div> \n\t\t\t\n\t\t\t\t<div id=\"ngg-image-30\" class=\"ngg-gallery-thumbnail-box ngg-5-columns\" >\n\t\t\t\t        <div class=\"ngg-gallery-thumbnail\">\n            <a href=\"https:\/\/www.camperonline.it\/magazine\/wp-content\/gallery\/mobilvetta-admiral-k-6-5\/20-1-2-Mobilvetta_Admiral_K65.jpg\"\n               title=\"\"\n               data-src=\"https:\/\/www.camperonline.it\/magazine\/wp-content\/gallery\/mobilvetta-admiral-k-6-5\/20-1-2-Mobilvetta_Admiral_K65.jpg\"\n               data-thumbnail=\"https:\/\/www.camperonline.it\/magazine\/wp-content\/gallery\/mobilvetta-admiral-k-6-5\/thumbs\/thumbs_20-1-2-Mobilvetta_Admiral_K65.jpg\"\n               data-image-id=\"125623\"\n               data-title=\"20-1-2-Mobilvetta_Admiral_K65\"\n               data-description=\"\"\n               data-image-slug=\"20-1-2-mobilvetta_admiral_k65\"\n               class=\"ngg-fancybox\" rel=\"c69f304024db1e53faf7db115bedbe9c\">\n                <img\n                    title=\"20-1-2-Mobilvetta_Admiral_K65\"\n                    alt=\"20-1-2-Mobilvetta_Admiral_K65\"\n                    src=\"https:\/\/www.camperonline.it\/magazine\/wp-content\/gallery\/mobilvetta-admiral-k-6-5\/thumbs\/thumbs_20-1-2-Mobilvetta_Admiral_K65.jpg\"\n                    width=\"240\"\n                    height=\"160\"\n                    style=\"max-width:100%;\"\n                \/>\n            <\/a>\n        <\/div>\n\t\t\t\t\t\t\t<\/div> \n\t\t\t\n\t\t\t\t<div id=\"ngg-image-31\" class=\"ngg-gallery-thumbnail-box ngg-5-columns\" >\n\t\t\t\t        <div class=\"ngg-gallery-thumbnail\">\n            <a href=\"https:\/\/www.camperonline.it\/magazine\/wp-content\/gallery\/mobilvetta-admiral-k-6-5\/20-1-Admiral_K65.jpg\"\n               title=\"\"\n               data-src=\"https:\/\/www.camperonline.it\/magazine\/wp-content\/gallery\/mobilvetta-admiral-k-6-5\/20-1-Admiral_K65.jpg\"\n               data-thumbnail=\"https:\/\/www.camperonline.it\/magazine\/wp-content\/gallery\/mobilvetta-admiral-k-6-5\/thumbs\/thumbs_20-1-Admiral_K65.jpg\"\n               data-image-id=\"125624\"\n               data-title=\"20-1-Admiral_K65\"\n               data-description=\"\"\n               data-image-slug=\"20-1-admiral_k65\"\n               class=\"ngg-fancybox\" rel=\"c69f304024db1e53faf7db115bedbe9c\">\n                <img\n                    title=\"20-1-Admiral_K65\"\n                    alt=\"20-1-Admiral_K65\"\n                    src=\"https:\/\/www.camperonline.it\/magazine\/wp-content\/gallery\/mobilvetta-admiral-k-6-5\/thumbs\/thumbs_20-1-Admiral_K65.jpg\"\n                    width=\"240\"\n                    height=\"160\"\n                    style=\"max-width:100%;\"\n                \/>\n            <\/a>\n        <\/div>\n\t\t\t\t\t\t\t<\/div> \n\t\t\t\n\t\t\t\t<div id=\"ngg-image-32\" class=\"ngg-gallery-thumbnail-box ngg-5-columns\" >\n\t\t\t\t        <div class=\"ngg-gallery-thumbnail\">\n            <a href=\"https:\/\/www.camperonline.it\/magazine\/wp-content\/gallery\/mobilvetta-admiral-k-6-5\/19-Admiral-K6-31.jpg\"\n               title=\"\"\n               data-src=\"https:\/\/www.camperonline.it\/magazine\/wp-content\/gallery\/mobilvetta-admiral-k-6-5\/19-Admiral-K6-31.jpg\"\n               data-thumbnail=\"https:\/\/www.camperonline.it\/magazine\/wp-content\/gallery\/mobilvetta-admiral-k-6-5\/thumbs\/thumbs_19-Admiral-K6-31.jpg\"\n               data-image-id=\"125625\"\n               data-title=\"19-Admiral-K6-31\"\n               data-description=\"\"\n               data-image-slug=\"19-admiral-k6-31\"\n               class=\"ngg-fancybox\" rel=\"c69f304024db1e53faf7db115bedbe9c\">\n                <img\n                    title=\"19-Admiral-K6-31\"\n                    alt=\"19-Admiral-K6-31\"\n                    src=\"https:\/\/www.camperonline.it\/magazine\/wp-content\/gallery\/mobilvetta-admiral-k-6-5\/thumbs\/thumbs_19-Admiral-K6-31.jpg\"\n                    width=\"240\"\n                    height=\"160\"\n                    style=\"max-width:100%;\"\n                \/>\n            <\/a>\n        <\/div>\n\t\t\t\t\t\t\t<\/div> \n\t\t\t\n\t\t\t\t<div id=\"ngg-image-33\" class=\"ngg-gallery-thumbnail-box ngg-5-columns\" >\n\t\t\t\t        <div class=\"ngg-gallery-thumbnail\">\n            <a href=\"https:\/\/www.camperonline.it\/magazine\/wp-content\/gallery\/mobilvetta-admiral-k-6-5\/18-Admiral-K6-10.jpg\"\n               title=\"\"\n               data-src=\"https:\/\/www.camperonline.it\/magazine\/wp-content\/gallery\/mobilvetta-admiral-k-6-5\/18-Admiral-K6-10.jpg\"\n               data-thumbnail=\"https:\/\/www.camperonline.it\/magazine\/wp-content\/gallery\/mobilvetta-admiral-k-6-5\/thumbs\/thumbs_18-Admiral-K6-10.jpg\"\n               data-image-id=\"125626\"\n               data-title=\"18-Admiral-K6-10\"\n               data-description=\"\"\n               data-image-slug=\"18-admiral-k6-10\"\n               class=\"ngg-fancybox\" rel=\"c69f304024db1e53faf7db115bedbe9c\">\n                <img\n                    title=\"18-Admiral-K6-10\"\n                    alt=\"18-Admiral-K6-10\"\n                    src=\"https:\/\/www.camperonline.it\/magazine\/wp-content\/gallery\/mobilvetta-admiral-k-6-5\/thumbs\/thumbs_18-Admiral-K6-10.jpg\"\n                    width=\"240\"\n                    height=\"160\"\n                    style=\"max-width:100%;\"\n                \/>\n            <\/a>\n        <\/div>\n\t\t\t\t\t\t\t<\/div> \n\t\t\t\n\t\t\t\t<div id=\"ngg-image-34\" class=\"ngg-gallery-thumbnail-box ngg-5-columns\" >\n\t\t\t\t        <div class=\"ngg-gallery-thumbnail\">\n            <a href=\"https:\/\/www.camperonline.it\/magazine\/wp-content\/gallery\/mobilvetta-admiral-k-6-5\/17-Mobilvetta_Admiral_K65_05.jpg\"\n               title=\"\"\n               data-src=\"https:\/\/www.camperonline.it\/magazine\/wp-content\/gallery\/mobilvetta-admiral-k-6-5\/17-Mobilvetta_Admiral_K65_05.jpg\"\n               data-thumbnail=\"https:\/\/www.camperonline.it\/magazine\/wp-content\/gallery\/mobilvetta-admiral-k-6-5\/thumbs\/thumbs_17-Mobilvetta_Admiral_K65_05.jpg\"\n               data-image-id=\"125627\"\n               data-title=\"17-Mobilvetta_Admiral_K65_05\"\n               data-description=\"\"\n               data-image-slug=\"17-mobilvetta_admiral_k65_05\"\n               class=\"ngg-fancybox\" rel=\"c69f304024db1e53faf7db115bedbe9c\">\n                <img\n                    title=\"17-Mobilvetta_Admiral_K65_05\"\n                    alt=\"17-Mobilvetta_Admiral_K65_05\"\n                    src=\"https:\/\/www.camperonline.it\/magazine\/wp-content\/gallery\/mobilvetta-admiral-k-6-5\/thumbs\/thumbs_17-Mobilvetta_Admiral_K65_05.jpg\"\n                    width=\"240\"\n                    height=\"160\"\n                    style=\"max-width:100%;\"\n                \/>\n            <\/a>\n        <\/div>\n\t\t\t\t\t\t\t<\/div> \n\t\t\t\n\t\t\t\t<div id=\"ngg-image-35\" class=\"ngg-gallery-thumbnail-box ngg-5-columns\" >\n\t\t\t\t        <div class=\"ngg-gallery-thumbnail\">\n            <a href=\"https:\/\/www.camperonline.it\/magazine\/wp-content\/gallery\/mobilvetta-admiral-k-6-5\/17-Admiral-K6-9.jpg\"\n               title=\"\"\n               data-src=\"https:\/\/www.camperonline.it\/magazine\/wp-content\/gallery\/mobilvetta-admiral-k-6-5\/17-Admiral-K6-9.jpg\"\n               data-thumbnail=\"https:\/\/www.camperonline.it\/magazine\/wp-content\/gallery\/mobilvetta-admiral-k-6-5\/thumbs\/thumbs_17-Admiral-K6-9.jpg\"\n               data-image-id=\"125628\"\n               data-title=\"17-Admiral-K6-9\"\n               data-description=\"\"\n               data-image-slug=\"17-admiral-k6-9\"\n               class=\"ngg-fancybox\" rel=\"c69f304024db1e53faf7db115bedbe9c\">\n                <img\n                    title=\"17-Admiral-K6-9\"\n                    alt=\"17-Admiral-K6-9\"\n                    src=\"https:\/\/www.camperonline.it\/magazine\/wp-content\/gallery\/mobilvetta-admiral-k-6-5\/thumbs\/thumbs_17-Admiral-K6-9.jpg\"\n                    width=\"240\"\n                    height=\"160\"\n                    style=\"max-width:100%;\"\n                \/>\n            <\/a>\n        <\/div>\n\t\t\t\t\t\t\t<\/div> \n\t\t\t\n\t\t\t\t<div id=\"ngg-image-36\" class=\"ngg-gallery-thumbnail-box ngg-5-columns\" >\n\t\t\t\t        <div class=\"ngg-gallery-thumbnail\">\n            <a href=\"https:\/\/www.camperonline.it\/magazine\/wp-content\/gallery\/mobilvetta-admiral-k-6-5\/16-Admiral-K6-62.jpg\"\n               title=\"\"\n               data-src=\"https:\/\/www.camperonline.it\/magazine\/wp-content\/gallery\/mobilvetta-admiral-k-6-5\/16-Admiral-K6-62.jpg\"\n               data-thumbnail=\"https:\/\/www.camperonline.it\/magazine\/wp-content\/gallery\/mobilvetta-admiral-k-6-5\/thumbs\/thumbs_16-Admiral-K6-62.jpg\"\n               data-image-id=\"125629\"\n               data-title=\"16-Admiral-K6-62\"\n               data-description=\"\"\n               data-image-slug=\"16-admiral-k6-62\"\n               class=\"ngg-fancybox\" rel=\"c69f304024db1e53faf7db115bedbe9c\">\n                <img\n                    title=\"16-Admiral-K6-62\"\n                    alt=\"16-Admiral-K6-62\"\n                    src=\"https:\/\/www.camperonline.it\/magazine\/wp-content\/gallery\/mobilvetta-admiral-k-6-5\/thumbs\/thumbs_16-Admiral-K6-62.jpg\"\n                    width=\"240\"\n                    height=\"160\"\n                    style=\"max-width:100%;\"\n                \/>\n            <\/a>\n        <\/div>\n\t\t\t\t\t\t\t<\/div> \n\t\t\t\n\t\n\t<br style=\"clear: both\" \/>\n\n\t\t<div class=\"slideshowlink\">\n        <a href='https:\/\/www.camperonline.it\/magazine\/2022\/05\/19\/mobilvetta-admiral-k-6-5\/nggallery\/slideshow'>[Mostra slideshow]<\/a>\n\t\t\n\t<\/div>\n\t\n\t\t<!-- Pagination -->\n\t<div class='ngg-clear'><\/div>\t<\/div>\n\n","protected":false},"excerpt":{"rendered":"<p>Vano di carico modulabile per questo nuovo van, che si distingue per uno stile ricercato e soluzioni d&#8217;arredo funzionali<\/p>\n","protected":false},"author":23,"featured_media":327722,"comment_status":"closed","ping_status":"open","sticky":false,"template":"","format":"standard","meta":{"ngg_post_thumbnail":0},"categories":[7,4293,5632,280,6468,4340,1],"tags":[4296,4689,6292],"yoast_head":"<!-- This site is optimized with the Yoast SEO plugin v18.6 - https:\/\/yoast.com\/wordpress\/plugins\/seo\/ -->\n<title>Mobilvetta Admiral K 6.5 - CamperOnLine Magazine<\/title>\n<meta name=\"description\" content=\"Vano di carico modulabile per questo nuovo van, che si distingue per uno stile ricercato e soluzioni d&#039;arredo funzionali In sintesi Tipologia Furgonato\" \/>\n<meta name=\"robots\" content=\"index, follow, max-snippet:-1, max-image-preview:large, max-video-preview:-1\" \/>\n<link rel=\"canonical\" href=\"https:\/\/www.camperonline.it\/magazine\/2022\/05\/19\/mobilvetta-admiral-k-6-5\/\" \/>\n<meta property=\"og:locale\" content=\"it_IT\" \/>\n<meta property=\"og:type\" content=\"article\" \/>\n<meta property=\"og:title\" content=\"Mobilvetta Admiral K 6.5 - CamperOnLine Magazine\" \/>\n<meta property=\"og:description\" content=\"Vano di carico modulabile per questo nuovo van, che si distingue per uno stile ricercato e soluzioni d&#039;arredo funzionali In sintesi Tipologia Furgonato\" \/>\n<meta property=\"og:url\" content=\"https:\/\/www.camperonline.it\/magazine\/2022\/05\/19\/mobilvetta-admiral-k-6-5\/\" \/>\n<meta property=\"og:site_name\" content=\"CamperOnLine Magazine\" \/>\n<meta property=\"article:published_time\" content=\"2022-05-18T22:01:03+00:00\" \/>\n<meta property=\"article:modified_time\" content=\"2022-05-19T08:39:34+00:00\" \/>\n<meta property=\"og:image\" content=\"https:\/\/www.camperonline.it\/magazine\/wp-content\/uploads\/2022\/05\/COVER-2.jpg\" \/>\n\t<meta property=\"og:image:width\" content=\"630\" \/>\n\t<meta property=\"og:image:height\" content=\"354\" \/>\n\t<meta property=\"og:image:type\" content=\"image\/jpeg\" \/>\n<meta name=\"twitter:card\" content=\"summary_large_image\" \/>\n<script type=\"application\/ld+json\" class=\"yoast-schema-graph\">{\"@context\":\"https:\/\/schema.org\",\"@graph\":[{\"@type\":\"WebSite\",\"@id\":\"https:\/\/www.camperonline.it\/magazine\/#website\",\"url\":\"https:\/\/www.camperonline.it\/magazine\/\",\"name\":\"CamperOnLine Magazine\",\"description\":\"Viaggi in camper, test, video, destinazioni, vacanze\",\"potentialAction\":[{\"@type\":\"SearchAction\",\"target\":{\"@type\":\"EntryPoint\",\"urlTemplate\":\"https:\/\/www.camperonline.it\/magazine\/?s={search_term_string}\"},\"query-input\":\"required name=search_term_string\"}],\"inLanguage\":\"it-IT\"},{\"@type\":\"ImageObject\",\"@id\":\"https:\/\/www.camperonline.it\/magazine\/2022\/05\/19\/mobilvetta-admiral-k-6-5\/#primaryimage\",\"inLanguage\":\"it-IT\",\"url\":\"https:\/\/www.camperonline.it\/magazine\/wp-content\/uploads\/2022\/05\/COVER-2.jpg\",\"contentUrl\":\"https:\/\/www.camperonline.it\/magazine\/wp-content\/uploads\/2022\/05\/COVER-2.jpg\",\"width\":630,\"height\":354},{\"@type\":\"WebPage\",\"@id\":\"https:\/\/www.camperonline.it\/magazine\/2022\/05\/19\/mobilvetta-admiral-k-6-5\/#webpage\",\"url\":\"https:\/\/www.camperonline.it\/magazine\/2022\/05\/19\/mobilvetta-admiral-k-6-5\/\",\"name\":\"Mobilvetta Admiral K 6.5 - CamperOnLine Magazine\",\"isPartOf\":{\"@id\":\"https:\/\/www.camperonline.it\/magazine\/#website\"},\"primaryImageOfPage\":{\"@id\":\"https:\/\/www.camperonline.it\/magazine\/2022\/05\/19\/mobilvetta-admiral-k-6-5\/#primaryimage\"},\"datePublished\":\"2022-05-18T22:01:03+00:00\",\"dateModified\":\"2022-05-19T08:39:34+00:00\",\"author\":{\"@id\":\"https:\/\/www.camperonline.it\/magazine\/#\/schema\/person\/cc776d866d3248597db92e2aa8bfc3f3\"},\"description\":\"Vano di carico modulabile per questo nuovo van, che si distingue per uno stile ricercato e soluzioni d'arredo funzionali In sintesi Tipologia Furgonato\",\"breadcrumb\":{\"@id\":\"https:\/\/www.camperonline.it\/magazine\/2022\/05\/19\/mobilvetta-admiral-k-6-5\/#breadcrumb\"},\"inLanguage\":\"it-IT\",\"potentialAction\":[{\"@type\":\"ReadAction\",\"target\":[\"https:\/\/www.camperonline.it\/magazine\/2022\/05\/19\/mobilvetta-admiral-k-6-5\/\"]}]},{\"@type\":\"BreadcrumbList\",\"@id\":\"https:\/\/www.camperonline.it\/magazine\/2022\/05\/19\/mobilvetta-admiral-k-6-5\/#breadcrumb\",\"itemListElement\":[{\"@type\":\"ListItem\",\"position\":1,\"name\":\"Home\",\"item\":\"https:\/\/www.camperonline.it\/magazine\/\"},{\"@type\":\"ListItem\",\"position\":2,\"name\":\"Mobilvetta Admiral K 6.5\"}]},{\"@type\":\"Person\",\"@id\":\"https:\/\/www.camperonline.it\/magazine\/#\/schema\/person\/cc776d866d3248597db92e2aa8bfc3f3\",\"name\":\"Renato Antonini\",\"url\":\"https:\/\/www.camperonline.it\/magazine\/author\/renato\/\"}]}<\/script>\n<!-- \/ Yoast SEO plugin. -->","yoast_head_json":{"title":"Mobilvetta Admiral K 6.5 - CamperOnLine Magazine","description":"Vano di carico modulabile per questo nuovo van, che si distingue per uno stile ricercato e soluzioni d'arredo funzionali In sintesi Tipologia Furgonato","robots":{"index":"index","follow":"follow","max-snippet":"max-snippet:-1","max-image-preview":"max-image-preview:large","max-video-preview":"max-video-preview:-1"},"canonical":"https:\/\/www.camperonline.it\/magazine\/2022\/05\/19\/mobilvetta-admiral-k-6-5\/","og_locale":"it_IT","og_type":"article","og_title":"Mobilvetta Admiral K 6.5 - CamperOnLine Magazine","og_description":"Vano di carico modulabile per questo nuovo van, che si distingue per uno stile ricercato e soluzioni d'arredo funzionali In sintesi Tipologia Furgonato","og_url":"https:\/\/www.camperonline.it\/magazine\/2022\/05\/19\/mobilvetta-admiral-k-6-5\/","og_site_name":"CamperOnLine Magazine","article_published_time":"2022-05-18T22:01:03+00:00","article_modified_time":"2022-05-19T08:39:34+00:00","og_image":[{"width":630,"height":354,"url":"https:\/\/www.camperonline.it\/magazine\/wp-content\/uploads\/2022\/05\/COVER-2.jpg","type":"image\/jpeg"}],"twitter_card":"summary_large_image","schema":{"@context":"https:\/\/schema.org","@graph":[{"@type":"WebSite","@id":"https:\/\/www.camperonline.it\/magazine\/#website","url":"https:\/\/www.camperonline.it\/magazine\/","name":"CamperOnLine Magazine","description":"Viaggi in camper, test, video, destinazioni, vacanze","potentialAction":[{"@type":"SearchAction","target":{"@type":"EntryPoint","urlTemplate":"https:\/\/www.camperonline.it\/magazine\/?s={search_term_string}"},"query-input":"required name=search_term_string"}],"inLanguage":"it-IT"},{"@type":"ImageObject","@id":"https:\/\/www.camperonline.it\/magazine\/2022\/05\/19\/mobilvetta-admiral-k-6-5\/#primaryimage","inLanguage":"it-IT","url":"https:\/\/www.camperonline.it\/magazine\/wp-content\/uploads\/2022\/05\/COVER-2.jpg","contentUrl":"https:\/\/www.camperonline.it\/magazine\/wp-content\/uploads\/2022\/05\/COVER-2.jpg","width":630,"height":354},{"@type":"WebPage","@id":"https:\/\/www.camperonline.it\/magazine\/2022\/05\/19\/mobilvetta-admiral-k-6-5\/#webpage","url":"https:\/\/www.camperonline.it\/magazine\/2022\/05\/19\/mobilvetta-admiral-k-6-5\/","name":"Mobilvetta Admiral K 6.5 - CamperOnLine Magazine","isPartOf":{"@id":"https:\/\/www.camperonline.it\/magazine\/#website"},"primaryImageOfPage":{"@id":"https:\/\/www.camperonline.it\/magazine\/2022\/05\/19\/mobilvetta-admiral-k-6-5\/#primaryimage"},"datePublished":"2022-05-18T22:01:03+00:00","dateModified":"2022-05-19T08:39:34+00:00","author":{"@id":"https:\/\/www.camperonline.it\/magazine\/#\/schema\/person\/cc776d866d3248597db92e2aa8bfc3f3"},"description":"Vano di carico modulabile per questo nuovo van, che si distingue per uno stile ricercato e soluzioni d'arredo funzionali In sintesi Tipologia Furgonato","breadcrumb":{"@id":"https:\/\/www.camperonline.it\/magazine\/2022\/05\/19\/mobilvetta-admiral-k-6-5\/#breadcrumb"},"inLanguage":"it-IT","potentialAction":[{"@type":"ReadAction","target":["https:\/\/www.camperonline.it\/magazine\/2022\/05\/19\/mobilvetta-admiral-k-6-5\/"]}]},{"@type":"BreadcrumbList","@id":"https:\/\/www.camperonline.it\/magazine\/2022\/05\/19\/mobilvetta-admiral-k-6-5\/#breadcrumb","itemListElement":[{"@type":"ListItem","position":1,"name":"Home","item":"https:\/\/www.camperonline.it\/magazine\/"},{"@type":"ListItem","position":2,"name":"Mobilvetta Admiral K 6.5"}]},{"@type":"Person","@id":"https:\/\/www.camperonline.it\/magazine\/#\/schema\/person\/cc776d866d3248597db92e2aa8bfc3f3","name":"Renato Antonini","url":"https:\/\/www.camperonline.it\/magazine\/author\/renato\/"}]}},"_links":{"self":[{"href":"https:\/\/www.camperonline.it\/magazine\/wp-json\/wp\/v2\/posts\/327720"}],"collection":[{"href":"https:\/\/www.camperonline.it\/magazine\/wp-json\/wp\/v2\/posts"}],"about":[{"href":"https:\/\/www.camperonline.it\/magazine\/wp-json\/wp\/v2\/types\/post"}],"author":[{"embeddable":true,"href":"https:\/\/www.camperonline.it\/magazine\/wp-json\/wp\/v2\/users\/23"}],"replies":[{"embeddable":true,"href":"https:\/\/www.camperonline.it\/magazine\/wp-json\/wp\/v2\/comments?post=327720"}],"version-history":[{"count":0,"href":"https:\/\/www.camperonline.it\/magazine\/wp-json\/wp\/v2\/posts\/327720\/revisions"}],"wp:featuredmedia":[{"embeddable":true,"href":"https:\/\/www.camperonline.it\/magazine\/wp-json\/wp\/v2\/media\/327722"}],"wp:attachment":[{"href":"https:\/\/www.camperonline.it\/magazine\/wp-json\/wp\/v2\/media?parent=327720"}],"wp:term":[{"taxonomy":"category","embeddable":true,"href":"https:\/\/www.camperonline.it\/magazine\/wp-json\/wp\/v2\/categories?post=327720"},{"taxonomy":"post_tag","embeddable":true,"href":"https:\/\/www.camperonline.it\/magazine\/wp-json\/wp\/v2\/tags?post=327720"}],"curies":[{"name":"wp","href":"https:\/\/api.w.org\/{rel}","templated":true}]}}