{"id":328130,"date":"2022-06-20T16:06:48","date_gmt":"2022-06-20T14:06:48","guid":{"rendered":"https:\/\/www.camperonline.it\/magazine\/?p=328130"},"modified":"2022-06-20T16:06:48","modified_gmt":"2022-06-20T14:06:48","slug":"anteprime-2023-robeta","status":"publish","type":"post","link":"https:\/\/www.camperonline.it\/magazine\/2022\/06\/20\/anteprime-2023-robeta\/","title":{"rendered":"Anteprime 2023: Robeta"},"content":{"rendered":"<p style=\"text-align: center;\" align=\"JUSTIFY\"><img loading=\"lazy\" class=\"aligncenter size-full wp-image-328133\" src=\"https:\/\/www.camperonline.it\/magazine\/wp-content\/uploads\/2022\/06\/Cover_Robeta_2023_2_630.jpg\" alt=\"\" width=\"630\" height=\"354\" srcset=\"https:\/\/www.camperonline.it\/magazine\/wp-content\/uploads\/2022\/06\/Cover_Robeta_2023_2_630.jpg 630w, https:\/\/www.camperonline.it\/magazine\/wp-content\/uploads\/2022\/06\/Cover_Robeta_2023_2_630-300x169.jpg 300w\" sizes=\"(max-width: 630px) 100vw, 630px\" \/><\/p>\n<h2 style=\"text-align: left;\"><span style=\"font-size: 18pt;\">Per la stagione 2023 Robeta amplia la propria offerta con l&#8217;introduzione della meccanica del Mercedes-Benz Sprinter e conferma la conosciuta collezione realizzata su base Citroen Jumper o, in alternativa, del Fiat Ducato<\/span><\/h2>\n<p><!--more--><\/p>\n<p>Per la stagione 2023 cresce l\u2019offerta del brand <strong>Robeta<\/strong>, innanzitutto con l\u2019arrivo di una nuova base meccanica utilizzata per la realizzazione dei suoi modelli, parliamo del prestigioso <strong>Mercedes-Benz Sprinter<\/strong>, e con la nascita dell\u2019importante progetto Schumacher, una collaborazione tra il brand sloveno e Ralf Schumacher, il noto ex pilota di Formula 1. Due i modelli attualmente annunciati, tra cui una particolarissima ed esclusiva \u201cLimited Edition\u201d, che puntano a inserirsi a pieni voti nella classe premium del mercato e che faranno il loro esordio in occasione dei saloni di inizio stagione.<\/p>\n<p><img loading=\"lazy\" class=\"aligncenter size-full wp-image-328181\" src=\"https:\/\/www.camperonline.it\/magazine\/wp-content\/uploads\/2022\/06\/DSC_3549_00026.jpg\" alt=\"\" width=\"630\" height=\"418\" srcset=\"https:\/\/www.camperonline.it\/magazine\/wp-content\/uploads\/2022\/06\/DSC_3549_00026.jpg 630w, https:\/\/www.camperonline.it\/magazine\/wp-content\/uploads\/2022\/06\/DSC_3549_00026-300x199.jpg 300w\" sizes=\"(max-width: 630px) 100vw, 630px\" \/><\/p>\n<p>Confermata invece la conosciuta collezione che adotta la base meccanica del Citroen Jumper o, in alternativa, del Fiat Ducato. Modelli dallo spirito innovativo e altamente personalizzabili, dove l\u2019attenzione al dettaglio rappresenta la mission principale del brand. Ne rappresenta un interessante esempio la cura posta nell\u2019isolamento termico delle lamiere originali dei van, attraverso l\u2019utilizzo di un materassino di Armaflex, dedicato non solamente al soffitto e alle pareti, ma anche alle porte posteriori e al portellone scorrevole laterale. Elementi che beneficiano inoltre di un rivestimento integrale soft-touch che rende l\u2019ambiente interno ancora pi\u00f9 piacevole e curato. Grazie poi alle numerose varianti disponibili, possono essere configurati a piacere in molte delle loro parti, assecondando cos\u00ec le proprie esigenze. Scelte che riguardano principalmente la configurazione della cucina, del bagno e della zona notte, con la possibilit\u00e0 di avere letti fissi oppure basculanti nella parte posteriore. A tutto ci\u00f2 si aggiungono il tetto a soffietto opzionale e differenti stili dedicati sia all\u2019arredo degli ambienti interni, sia alla linea esterna del veicolo.<br \/>\nE a tal proposito ecco tre modelli rappresentativi delle altrettante lunghezze esterne previste dalle basi meccaniche utilizzate per la loro realizzazione, che nel loro cuore racchiudono alcune delle numerose possibilit\u00e0 di allestimento offerte dal produttore sloveno. Partiamo dal pi\u00f9 piccolo: l\u2019<strong>Ares<\/strong>, qui nella nuova versione disponibile denominata<strong> Bike Edition<\/strong>.<\/p>\n<p><img loading=\"lazy\" class=\"aligncenter size-full wp-image-328182\" src=\"https:\/\/www.camperonline.it\/magazine\/wp-content\/uploads\/2022\/06\/DSC_3468_00001.jpg\" alt=\"\" width=\"630\" height=\"418\" srcset=\"https:\/\/www.camperonline.it\/magazine\/wp-content\/uploads\/2022\/06\/DSC_3468_00001.jpg 630w, https:\/\/www.camperonline.it\/magazine\/wp-content\/uploads\/2022\/06\/DSC_3468_00001-300x199.jpg 300w\" sizes=\"(max-width: 630px) 100vw, 630px\" \/><\/p>\n<p>La sua lunghezza \u00e8 pari a soli 541 cm, ma nonostante ci\u00f2 \u00e8 in grado di offrire fino a quattro reali posti letto la suo interno, grazie a un\u2019organizzazione altamente versatile della parte posteriore dell\u2019abitacolo. Su questo specifico esemplare ritroviamo infatti un primo matrimoniale basculante a movimentazione elettrica posizionabile all\u2019altezza desiderata e un secondo letto, sempre matrimoniale, installato all\u2019interno dello spazio di carico inferiore.<\/p>\n<p><img loading=\"lazy\" class=\"aligncenter size-full wp-image-328183\" src=\"https:\/\/www.camperonline.it\/magazine\/wp-content\/uploads\/2022\/06\/DSC_3473_00003.jpg\" alt=\"\" width=\"630\" height=\"418\" srcset=\"https:\/\/www.camperonline.it\/magazine\/wp-content\/uploads\/2022\/06\/DSC_3473_00003.jpg 630w, https:\/\/www.camperonline.it\/magazine\/wp-content\/uploads\/2022\/06\/DSC_3473_00003-300x199.jpg 300w\" sizes=\"(max-width: 630px) 100vw, 630px\" \/><\/p>\n<p><img loading=\"lazy\" class=\"aligncenter size-full wp-image-328184\" src=\"https:\/\/www.camperonline.it\/magazine\/wp-content\/uploads\/2022\/06\/DSC_3484_00009.jpg\" alt=\"\" width=\"630\" height=\"418\" srcset=\"https:\/\/www.camperonline.it\/magazine\/wp-content\/uploads\/2022\/06\/DSC_3484_00009.jpg 630w, https:\/\/www.camperonline.it\/magazine\/wp-content\/uploads\/2022\/06\/DSC_3484_00009-300x199.jpg 300w\" sizes=\"(max-width: 630px) 100vw, 630px\" \/><\/p>\n<p>All\u2019occorrenza il suo piano pu\u00f2 essere completamente rimosso, oppure ripiegato a libro, per aumentare il volume complessivo del gavone, rendendolo cos\u00ec di fatto adatto a trasportare anche due bicilette, stivabili in senso trasversale.<\/p>\n<p><img loading=\"lazy\" class=\"aligncenter size-full wp-image-328185\" src=\"https:\/\/www.camperonline.it\/magazine\/wp-content\/uploads\/2022\/06\/DSC_3611_00016.jpg\" alt=\"\" width=\"630\" height=\"418\" srcset=\"https:\/\/www.camperonline.it\/magazine\/wp-content\/uploads\/2022\/06\/DSC_3611_00016.jpg 630w, https:\/\/www.camperonline.it\/magazine\/wp-content\/uploads\/2022\/06\/DSC_3611_00016-300x199.jpg 300w\" sizes=\"(max-width: 630px) 100vw, 630px\" \/><\/p>\n<p><img loading=\"lazy\" class=\"aligncenter size-full wp-image-328186\" src=\"https:\/\/www.camperonline.it\/magazine\/wp-content\/uploads\/2022\/06\/DSC_3636_00020.jpg\" alt=\"\" width=\"630\" height=\"418\" srcset=\"https:\/\/www.camperonline.it\/magazine\/wp-content\/uploads\/2022\/06\/DSC_3636_00020.jpg 630w, https:\/\/www.camperonline.it\/magazine\/wp-content\/uploads\/2022\/06\/DSC_3636_00020-300x199.jpg 300w\" sizes=\"(max-width: 630px) 100vw, 630px\" \/><\/p>\n<p>Pi\u00f9 tradizionale la distribuzione della restante parte dell\u2019abitacolo, dove ritroviamo una semidinette integrata con la cabina di guida, un piccolo locale bagno separato da una porta scorrevole e un mobile cucina affiancato da una colonna che integra un\u2019insolita vetrinetta e l\u2019armadietto che funge da guardaroba.<\/p>\n<p><img loading=\"lazy\" class=\"aligncenter size-full wp-image-328187\" src=\"https:\/\/www.camperonline.it\/magazine\/wp-content\/uploads\/2022\/06\/DSC_3479_00006.jpg\" alt=\"\" width=\"630\" height=\"418\" srcset=\"https:\/\/www.camperonline.it\/magazine\/wp-content\/uploads\/2022\/06\/DSC_3479_00006.jpg 630w, https:\/\/www.camperonline.it\/magazine\/wp-content\/uploads\/2022\/06\/DSC_3479_00006-300x199.jpg 300w\" sizes=\"(max-width: 630px) 100vw, 630px\" \/><\/p>\n<p><img loading=\"lazy\" class=\"aligncenter size-full wp-image-328188\" src=\"https:\/\/www.camperonline.it\/magazine\/wp-content\/uploads\/2022\/06\/DSC_3480_00007.jpg\" alt=\"\" width=\"630\" height=\"418\" srcset=\"https:\/\/www.camperonline.it\/magazine\/wp-content\/uploads\/2022\/06\/DSC_3480_00007.jpg 630w, https:\/\/www.camperonline.it\/magazine\/wp-content\/uploads\/2022\/06\/DSC_3480_00007-300x199.jpg 300w\" sizes=\"(max-width: 630px) 100vw, 630px\" \/><\/p>\n<p><img loading=\"lazy\" class=\"aligncenter size-full wp-image-328189\" src=\"https:\/\/www.camperonline.it\/magazine\/wp-content\/uploads\/2022\/06\/DSC_3486_00010.jpg\" alt=\"\" width=\"630\" height=\"418\" srcset=\"https:\/\/www.camperonline.it\/magazine\/wp-content\/uploads\/2022\/06\/DSC_3486_00010.jpg 630w, https:\/\/www.camperonline.it\/magazine\/wp-content\/uploads\/2022\/06\/DSC_3486_00010-300x199.jpg 300w\" sizes=\"(max-width: 630px) 100vw, 630px\" \/><\/p>\n<p>Di lunghezza intermedia pari a 599 cm, invece, il <strong>Robeta Helios<\/strong>, un classico intramontabile di questa categoria. Il layout di base proposto da questo modello \u00e8 quello con letto matrimoniale trasversale in coda, ma molti sono gli elementi personalizzabili a piacere.<\/p>\n<p><img loading=\"lazy\" class=\"aligncenter size-full wp-image-328190\" src=\"https:\/\/www.camperonline.it\/magazine\/wp-content\/uploads\/2022\/06\/DSC_3552_00001-2.jpg\" alt=\"\" width=\"630\" height=\"418\" srcset=\"https:\/\/www.camperonline.it\/magazine\/wp-content\/uploads\/2022\/06\/DSC_3552_00001-2.jpg 630w, https:\/\/www.camperonline.it\/magazine\/wp-content\/uploads\/2022\/06\/DSC_3552_00001-2-300x199.jpg 300w\" sizes=\"(max-width: 630px) 100vw, 630px\" \/><\/p>\n<p>Questo mezzo, in particolare, adotta il letto posteriore basculante elettrico, che consente di ottenere un vano di carico a volume variabile, e l\u2019esclusivo tetto a soffietto opzionale, con spot da lettura e orologio digitale integrati al suo interno.<\/p>\n<p><img loading=\"lazy\" class=\"aligncenter size-full wp-image-328191\" src=\"https:\/\/www.camperonline.it\/magazine\/wp-content\/uploads\/2022\/06\/DSC_3623_00021.jpg\" alt=\"\" width=\"630\" height=\"418\" srcset=\"https:\/\/www.camperonline.it\/magazine\/wp-content\/uploads\/2022\/06\/DSC_3623_00021.jpg 630w, https:\/\/www.camperonline.it\/magazine\/wp-content\/uploads\/2022\/06\/DSC_3623_00021-300x199.jpg 300w\" sizes=\"(max-width: 630px) 100vw, 630px\" \/><\/p>\n<p><img loading=\"lazy\" class=\"aligncenter size-full wp-image-328192\" src=\"https:\/\/www.camperonline.it\/magazine\/wp-content\/uploads\/2022\/06\/DSC_3627_00023.jpg\" alt=\"\" width=\"630\" height=\"418\" srcset=\"https:\/\/www.camperonline.it\/magazine\/wp-content\/uploads\/2022\/06\/DSC_3627_00023.jpg 630w, https:\/\/www.camperonline.it\/magazine\/wp-content\/uploads\/2022\/06\/DSC_3627_00023-300x199.jpg 300w\" sizes=\"(max-width: 630px) 100vw, 630px\" \/><\/p>\n<p><img loading=\"lazy\" class=\"aligncenter size-full wp-image-328193\" src=\"https:\/\/www.camperonline.it\/magazine\/wp-content\/uploads\/2022\/06\/DSC_3581_00011.jpg\" alt=\"\" width=\"630\" height=\"418\" srcset=\"https:\/\/www.camperonline.it\/magazine\/wp-content\/uploads\/2022\/06\/DSC_3581_00011.jpg 630w, https:\/\/www.camperonline.it\/magazine\/wp-content\/uploads\/2022\/06\/DSC_3581_00011-300x199.jpg 300w\" sizes=\"(max-width: 630px) 100vw, 630px\" \/><\/p>\n<p><img loading=\"lazy\" class=\"aligncenter size-full wp-image-328194\" src=\"https:\/\/www.camperonline.it\/magazine\/wp-content\/uploads\/2022\/06\/DSC_3572_00009.jpg\" alt=\"\" width=\"630\" height=\"418\" srcset=\"https:\/\/www.camperonline.it\/magazine\/wp-content\/uploads\/2022\/06\/DSC_3572_00009.jpg 630w, https:\/\/www.camperonline.it\/magazine\/wp-content\/uploads\/2022\/06\/DSC_3572_00009-300x199.jpg 300w\" sizes=\"(max-width: 630px) 100vw, 630px\" \/><\/p>\n<p>Da notare il mobile cucina dotato di piastre a induzione, frigorifero a compressore estraibile e senza elementi a colonna divisori dalla camera di coda. Non manca un piccolo gradino a scomparsa che aiuta la salita al letto basculante. Il locale bagno qui adottato \u00e8 invece la variante con lavello ruotabile, che facilita la creazione della doccia.<\/p>\n<p><img loading=\"lazy\" class=\"aligncenter size-full wp-image-328195\" src=\"https:\/\/www.camperonline.it\/magazine\/wp-content\/uploads\/2022\/06\/DSC_3571_00008.jpg\" alt=\"\" width=\"630\" height=\"418\" srcset=\"https:\/\/www.camperonline.it\/magazine\/wp-content\/uploads\/2022\/06\/DSC_3571_00008.jpg 630w, https:\/\/www.camperonline.it\/magazine\/wp-content\/uploads\/2022\/06\/DSC_3571_00008-300x199.jpg 300w\" sizes=\"(max-width: 630px) 100vw, 630px\" \/><\/p>\n<p><img loading=\"lazy\" class=\"aligncenter size-full wp-image-328196\" src=\"https:\/\/www.camperonline.it\/magazine\/wp-content\/uploads\/2022\/06\/DSC_3597_00014.jpg\" alt=\"\" width=\"630\" height=\"418\" srcset=\"https:\/\/www.camperonline.it\/magazine\/wp-content\/uploads\/2022\/06\/DSC_3597_00014.jpg 630w, https:\/\/www.camperonline.it\/magazine\/wp-content\/uploads\/2022\/06\/DSC_3597_00014-300x199.jpg 300w\" sizes=\"(max-width: 630px) 100vw, 630px\" \/><\/p>\n<p><img loading=\"lazy\" class=\"aligncenter size-full wp-image-328197\" src=\"https:\/\/www.camperonline.it\/magazine\/wp-content\/uploads\/2022\/06\/DSC_3567_00007.jpg\" alt=\"\" width=\"630\" height=\"418\" srcset=\"https:\/\/www.camperonline.it\/magazine\/wp-content\/uploads\/2022\/06\/DSC_3567_00007.jpg 630w, https:\/\/www.camperonline.it\/magazine\/wp-content\/uploads\/2022\/06\/DSC_3567_00007-300x199.jpg 300w\" sizes=\"(max-width: 630px) 100vw, 630px\" \/><\/p>\n<p>Con la sua lunghezza di 636 cm, il <strong>Robeta Apollo<\/strong> \u00e8 il modello pi\u00f9 lungo della collezione. La disposizione interna prevede un maxi matrimoniale posteriore, che consente di dormire sia in senso longitudinale, sia trasversale; \u00e8 abbinato a un ampio gavone di carico ricavato nella sua parte inferiore, coadiuvato a sua volta da vani laterali e un pratico cassettone estraibile.<\/p>\n<p><img loading=\"lazy\" class=\"aligncenter size-full wp-image-328198\" src=\"https:\/\/www.camperonline.it\/magazine\/wp-content\/uploads\/2022\/06\/DSC_3500_00001.jpg\" alt=\"\" width=\"630\" height=\"418\" srcset=\"https:\/\/www.camperonline.it\/magazine\/wp-content\/uploads\/2022\/06\/DSC_3500_00001.jpg 630w, https:\/\/www.camperonline.it\/magazine\/wp-content\/uploads\/2022\/06\/DSC_3500_00001-300x199.jpg 300w\" sizes=\"(max-width: 630px) 100vw, 630px\" \/><\/p>\n<p><img loading=\"lazy\" class=\"aligncenter size-full wp-image-328199\" src=\"https:\/\/www.camperonline.it\/magazine\/wp-content\/uploads\/2022\/06\/DSC_3504_00003.jpg\" alt=\"\" width=\"630\" height=\"418\" srcset=\"https:\/\/www.camperonline.it\/magazine\/wp-content\/uploads\/2022\/06\/DSC_3504_00003.jpg 630w, https:\/\/www.camperonline.it\/magazine\/wp-content\/uploads\/2022\/06\/DSC_3504_00003-300x199.jpg 300w\" sizes=\"(max-width: 630px) 100vw, 630px\" \/><\/p>\n<p><img loading=\"lazy\" class=\"aligncenter size-full wp-image-328200\" src=\"https:\/\/www.camperonline.it\/magazine\/wp-content\/uploads\/2022\/06\/DSC_3509_00005.jpg\" alt=\"\" width=\"630\" height=\"418\" srcset=\"https:\/\/www.camperonline.it\/magazine\/wp-content\/uploads\/2022\/06\/DSC_3509_00005.jpg 630w, https:\/\/www.camperonline.it\/magazine\/wp-content\/uploads\/2022\/06\/DSC_3509_00005-300x199.jpg 300w\" sizes=\"(max-width: 630px) 100vw, 630px\" \/><\/p>\n<p>L\u2019allestimento si completa con un ampio living integrato con la cabina di guida e, come di consueto, una zona servizi posta al centro dell\u2019abitacolo. In particolare, su questo esemplare si nota l\u2019adozione della variante di cucina provvista di frigorifero a colonna in conformazione slim, dotato di pratico cestello portabottiglie inferiore.<\/p>\n<p><img loading=\"lazy\" class=\"aligncenter size-full wp-image-328201\" src=\"https:\/\/www.camperonline.it\/magazine\/wp-content\/uploads\/2022\/06\/DSC_3516_00008.jpg\" alt=\"\" width=\"630\" height=\"418\" srcset=\"https:\/\/www.camperonline.it\/magazine\/wp-content\/uploads\/2022\/06\/DSC_3516_00008.jpg 630w, https:\/\/www.camperonline.it\/magazine\/wp-content\/uploads\/2022\/06\/DSC_3516_00008-300x199.jpg 300w\" sizes=\"(max-width: 630px) 100vw, 630px\" \/><\/p>\n<p><img loading=\"lazy\" class=\"aligncenter size-full wp-image-328202\" src=\"https:\/\/www.camperonline.it\/magazine\/wp-content\/uploads\/2022\/06\/DSC_3515_00007.jpg\" alt=\"\" width=\"630\" height=\"418\" srcset=\"https:\/\/www.camperonline.it\/magazine\/wp-content\/uploads\/2022\/06\/DSC_3515_00007.jpg 630w, https:\/\/www.camperonline.it\/magazine\/wp-content\/uploads\/2022\/06\/DSC_3515_00007-300x199.jpg 300w\" sizes=\"(max-width: 630px) 100vw, 630px\" \/><\/p>\n<p><img loading=\"lazy\" class=\"aligncenter size-full wp-image-328203\" src=\"https:\/\/www.camperonline.it\/magazine\/wp-content\/uploads\/2022\/06\/DSC_3518_00009.jpg\" alt=\"\" width=\"630\" height=\"418\" srcset=\"https:\/\/www.camperonline.it\/magazine\/wp-content\/uploads\/2022\/06\/DSC_3518_00009.jpg 630w, https:\/\/www.camperonline.it\/magazine\/wp-content\/uploads\/2022\/06\/DSC_3518_00009-300x199.jpg 300w\" sizes=\"(max-width: 630px) 100vw, 630px\" \/><\/p>\n<p><img loading=\"lazy\" class=\"aligncenter size-full wp-image-328204\" src=\"https:\/\/www.camperonline.it\/magazine\/wp-content\/uploads\/2022\/06\/DSC_3524_00012.jpg\" alt=\"\" width=\"630\" height=\"418\" srcset=\"https:\/\/www.camperonline.it\/magazine\/wp-content\/uploads\/2022\/06\/DSC_3524_00012.jpg 630w, https:\/\/www.camperonline.it\/magazine\/wp-content\/uploads\/2022\/06\/DSC_3524_00012-300x199.jpg 300w\" sizes=\"(max-width: 630px) 100vw, 630px\" \/><\/p>\n<h3>Fotogallery<\/h3>\n<!-- default-view.php -->\n<div\n\tclass=\"ngg-galleryoverview default-view  ngg-ajax-pagination-none\"\n\tid=\"ngg-gallery-aaa64d503fbbf75678635eecfb6dfa18-1\">\n\n\t\t<!-- Thumbnails -->\n\t\t\t\t<div id=\"ngg-image-0\" class=\"ngg-gallery-thumbnail-box ngg-5-columns\" >\n\t\t\t\t        <div class=\"ngg-gallery-thumbnail\">\n            <a href=\"https:\/\/www.camperonline.it\/magazine\/wp-content\/gallery\/anteprime-2023-robeta\/DSC_3549_00026.jpg\"\n               title=\"\"\n               data-src=\"https:\/\/www.camperonline.it\/magazine\/wp-content\/gallery\/anteprime-2023-robeta\/DSC_3549_00026.jpg\"\n               data-thumbnail=\"https:\/\/www.camperonline.it\/magazine\/wp-content\/gallery\/anteprime-2023-robeta\/thumbs\/thumbs_DSC_3549_00026.jpg\"\n               data-image-id=\"125738\"\n               data-title=\"DSC_3549_00026\"\n               data-description=\"\"\n               data-image-slug=\"dsc_3549_00026\"\n               class=\"ngg-fancybox\" rel=\"aaa64d503fbbf75678635eecfb6dfa18\">\n                <img\n                    title=\"DSC_3549_00026\"\n                    alt=\"DSC_3549_00026\"\n                    src=\"https:\/\/www.camperonline.it\/magazine\/wp-content\/gallery\/anteprime-2023-robeta\/thumbs\/thumbs_DSC_3549_00026.jpg\"\n                    width=\"240\"\n                    height=\"160\"\n                    style=\"max-width:100%;\"\n                \/>\n            <\/a>\n        <\/div>\n\t\t\t\t\t\t\t<\/div> \n\t\t\t\n\t\t\t\t<div id=\"ngg-image-1\" class=\"ngg-gallery-thumbnail-box ngg-5-columns\" >\n\t\t\t\t        <div class=\"ngg-gallery-thumbnail\">\n            <a href=\"https:\/\/www.camperonline.it\/magazine\/wp-content\/gallery\/anteprime-2023-robeta\/ares-01.jpg\"\n               title=\"\"\n               data-src=\"https:\/\/www.camperonline.it\/magazine\/wp-content\/gallery\/anteprime-2023-robeta\/ares-01.jpg\"\n               data-thumbnail=\"https:\/\/www.camperonline.it\/magazine\/wp-content\/gallery\/anteprime-2023-robeta\/thumbs\/thumbs_ares-01.jpg\"\n               data-image-id=\"125698\"\n               data-title=\"ares-01\"\n               data-description=\"\"\n               data-image-slug=\"ares-01\"\n               class=\"ngg-fancybox\" rel=\"aaa64d503fbbf75678635eecfb6dfa18\">\n                <img\n                    title=\"ares-01\"\n                    alt=\"ares-01\"\n                    src=\"https:\/\/www.camperonline.it\/magazine\/wp-content\/gallery\/anteprime-2023-robeta\/thumbs\/thumbs_ares-01.jpg\"\n                    width=\"240\"\n                    height=\"160\"\n                    style=\"max-width:100%;\"\n                \/>\n            <\/a>\n        <\/div>\n\t\t\t\t\t\t\t<\/div> \n\t\t\t\n\t\t\t\t<div id=\"ngg-image-2\" class=\"ngg-gallery-thumbnail-box ngg-5-columns\" >\n\t\t\t\t        <div class=\"ngg-gallery-thumbnail\">\n            <a href=\"https:\/\/www.camperonline.it\/magazine\/wp-content\/gallery\/anteprime-2023-robeta\/ares-02.jpg\"\n               title=\"\"\n               data-src=\"https:\/\/www.camperonline.it\/magazine\/wp-content\/gallery\/anteprime-2023-robeta\/ares-02.jpg\"\n               data-thumbnail=\"https:\/\/www.camperonline.it\/magazine\/wp-content\/gallery\/anteprime-2023-robeta\/thumbs\/thumbs_ares-02.jpg\"\n               data-image-id=\"125696\"\n               data-title=\"ares-02\"\n               data-description=\"\"\n               data-image-slug=\"ares-02\"\n               class=\"ngg-fancybox\" rel=\"aaa64d503fbbf75678635eecfb6dfa18\">\n                <img\n                    title=\"ares-02\"\n                    alt=\"ares-02\"\n                    src=\"https:\/\/www.camperonline.it\/magazine\/wp-content\/gallery\/anteprime-2023-robeta\/thumbs\/thumbs_ares-02.jpg\"\n                    width=\"240\"\n                    height=\"160\"\n                    style=\"max-width:100%;\"\n                \/>\n            <\/a>\n        <\/div>\n\t\t\t\t\t\t\t<\/div> \n\t\t\t\n\t\t\t\t<div id=\"ngg-image-3\" class=\"ngg-gallery-thumbnail-box ngg-5-columns\" >\n\t\t\t\t        <div class=\"ngg-gallery-thumbnail\">\n            <a href=\"https:\/\/www.camperonline.it\/magazine\/wp-content\/gallery\/anteprime-2023-robeta\/ares-03.jpg\"\n               title=\"\"\n               data-src=\"https:\/\/www.camperonline.it\/magazine\/wp-content\/gallery\/anteprime-2023-robeta\/ares-03.jpg\"\n               data-thumbnail=\"https:\/\/www.camperonline.it\/magazine\/wp-content\/gallery\/anteprime-2023-robeta\/thumbs\/thumbs_ares-03.jpg\"\n               data-image-id=\"125697\"\n               data-title=\"ares-03\"\n               data-description=\"\"\n               data-image-slug=\"ares-03\"\n               class=\"ngg-fancybox\" rel=\"aaa64d503fbbf75678635eecfb6dfa18\">\n                <img\n                    title=\"ares-03\"\n                    alt=\"ares-03\"\n                    src=\"https:\/\/www.camperonline.it\/magazine\/wp-content\/gallery\/anteprime-2023-robeta\/thumbs\/thumbs_ares-03.jpg\"\n                    width=\"240\"\n                    height=\"160\"\n                    style=\"max-width:100%;\"\n                \/>\n            <\/a>\n        <\/div>\n\t\t\t\t\t\t\t<\/div> \n\t\t\t\n\t\t\t\t<div id=\"ngg-image-4\" class=\"ngg-gallery-thumbnail-box ngg-5-columns\" >\n\t\t\t\t        <div class=\"ngg-gallery-thumbnail\">\n            <a href=\"https:\/\/www.camperonline.it\/magazine\/wp-content\/gallery\/anteprime-2023-robeta\/ares-04.jpg\"\n               title=\"\"\n               data-src=\"https:\/\/www.camperonline.it\/magazine\/wp-content\/gallery\/anteprime-2023-robeta\/ares-04.jpg\"\n               data-thumbnail=\"https:\/\/www.camperonline.it\/magazine\/wp-content\/gallery\/anteprime-2023-robeta\/thumbs\/thumbs_ares-04.jpg\"\n               data-image-id=\"125699\"\n               data-title=\"ares-04\"\n               data-description=\"\"\n               data-image-slug=\"ares-04\"\n               class=\"ngg-fancybox\" rel=\"aaa64d503fbbf75678635eecfb6dfa18\">\n                <img\n                    title=\"ares-04\"\n                    alt=\"ares-04\"\n                    src=\"https:\/\/www.camperonline.it\/magazine\/wp-content\/gallery\/anteprime-2023-robeta\/thumbs\/thumbs_ares-04.jpg\"\n                    width=\"240\"\n                    height=\"160\"\n                    style=\"max-width:100%;\"\n                \/>\n            <\/a>\n        <\/div>\n\t\t\t\t\t\t\t<\/div> \n\t\t\t\n\t\t\t\t<div id=\"ngg-image-5\" class=\"ngg-gallery-thumbnail-box ngg-5-columns\" >\n\t\t\t\t        <div class=\"ngg-gallery-thumbnail\">\n            <a href=\"https:\/\/www.camperonline.it\/magazine\/wp-content\/gallery\/anteprime-2023-robeta\/ares-05.jpg\"\n               title=\"\"\n               data-src=\"https:\/\/www.camperonline.it\/magazine\/wp-content\/gallery\/anteprime-2023-robeta\/ares-05.jpg\"\n               data-thumbnail=\"https:\/\/www.camperonline.it\/magazine\/wp-content\/gallery\/anteprime-2023-robeta\/thumbs\/thumbs_ares-05.jpg\"\n               data-image-id=\"125700\"\n               data-title=\"ares-05\"\n               data-description=\"\"\n               data-image-slug=\"ares-05\"\n               class=\"ngg-fancybox\" rel=\"aaa64d503fbbf75678635eecfb6dfa18\">\n                <img\n                    title=\"ares-05\"\n                    alt=\"ares-05\"\n                    src=\"https:\/\/www.camperonline.it\/magazine\/wp-content\/gallery\/anteprime-2023-robeta\/thumbs\/thumbs_ares-05.jpg\"\n                    width=\"240\"\n                    height=\"160\"\n                    style=\"max-width:100%;\"\n                \/>\n            <\/a>\n        <\/div>\n\t\t\t\t\t\t\t<\/div> \n\t\t\t\n\t\t\t\t<div id=\"ngg-image-6\" class=\"ngg-gallery-thumbnail-box ngg-5-columns\" >\n\t\t\t\t        <div class=\"ngg-gallery-thumbnail\">\n            <a href=\"https:\/\/www.camperonline.it\/magazine\/wp-content\/gallery\/anteprime-2023-robeta\/ares-06.jpg\"\n               title=\"\"\n               data-src=\"https:\/\/www.camperonline.it\/magazine\/wp-content\/gallery\/anteprime-2023-robeta\/ares-06.jpg\"\n               data-thumbnail=\"https:\/\/www.camperonline.it\/magazine\/wp-content\/gallery\/anteprime-2023-robeta\/thumbs\/thumbs_ares-06.jpg\"\n               data-image-id=\"125701\"\n               data-title=\"ares-06\"\n               data-description=\"\"\n               data-image-slug=\"ares-06\"\n               class=\"ngg-fancybox\" rel=\"aaa64d503fbbf75678635eecfb6dfa18\">\n                <img\n                    title=\"ares-06\"\n                    alt=\"ares-06\"\n                    src=\"https:\/\/www.camperonline.it\/magazine\/wp-content\/gallery\/anteprime-2023-robeta\/thumbs\/thumbs_ares-06.jpg\"\n                    width=\"240\"\n                    height=\"160\"\n                    style=\"max-width:100%;\"\n                \/>\n            <\/a>\n        <\/div>\n\t\t\t\t\t\t\t<\/div> \n\t\t\t\n\t\t\t\t<div id=\"ngg-image-7\" class=\"ngg-gallery-thumbnail-box ngg-5-columns\" >\n\t\t\t\t        <div class=\"ngg-gallery-thumbnail\">\n            <a href=\"https:\/\/www.camperonline.it\/magazine\/wp-content\/gallery\/anteprime-2023-robeta\/ares-07.jpg\"\n               title=\"\"\n               data-src=\"https:\/\/www.camperonline.it\/magazine\/wp-content\/gallery\/anteprime-2023-robeta\/ares-07.jpg\"\n               data-thumbnail=\"https:\/\/www.camperonline.it\/magazine\/wp-content\/gallery\/anteprime-2023-robeta\/thumbs\/thumbs_ares-07.jpg\"\n               data-image-id=\"125702\"\n               data-title=\"ares-07\"\n               data-description=\"\"\n               data-image-slug=\"ares-07\"\n               class=\"ngg-fancybox\" rel=\"aaa64d503fbbf75678635eecfb6dfa18\">\n                <img\n                    title=\"ares-07\"\n                    alt=\"ares-07\"\n                    src=\"https:\/\/www.camperonline.it\/magazine\/wp-content\/gallery\/anteprime-2023-robeta\/thumbs\/thumbs_ares-07.jpg\"\n                    width=\"240\"\n                    height=\"160\"\n                    style=\"max-width:100%;\"\n                \/>\n            <\/a>\n        <\/div>\n\t\t\t\t\t\t\t<\/div> \n\t\t\t\n\t\t\t\t<div id=\"ngg-image-8\" class=\"ngg-gallery-thumbnail-box ngg-5-columns\" >\n\t\t\t\t        <div class=\"ngg-gallery-thumbnail\">\n            <a href=\"https:\/\/www.camperonline.it\/magazine\/wp-content\/gallery\/anteprime-2023-robeta\/ares-08.jpg\"\n               title=\"\"\n               data-src=\"https:\/\/www.camperonline.it\/magazine\/wp-content\/gallery\/anteprime-2023-robeta\/ares-08.jpg\"\n               data-thumbnail=\"https:\/\/www.camperonline.it\/magazine\/wp-content\/gallery\/anteprime-2023-robeta\/thumbs\/thumbs_ares-08.jpg\"\n               data-image-id=\"125703\"\n               data-title=\"ares-08\"\n               data-description=\"\"\n               data-image-slug=\"ares-08\"\n               class=\"ngg-fancybox\" rel=\"aaa64d503fbbf75678635eecfb6dfa18\">\n                <img\n                    title=\"ares-08\"\n                    alt=\"ares-08\"\n                    src=\"https:\/\/www.camperonline.it\/magazine\/wp-content\/gallery\/anteprime-2023-robeta\/thumbs\/thumbs_ares-08.jpg\"\n                    width=\"240\"\n                    height=\"160\"\n                    style=\"max-width:100%;\"\n                \/>\n            <\/a>\n        <\/div>\n\t\t\t\t\t\t\t<\/div> \n\t\t\t\n\t\t\t\t<div id=\"ngg-image-9\" class=\"ngg-gallery-thumbnail-box ngg-5-columns\" >\n\t\t\t\t        <div class=\"ngg-gallery-thumbnail\">\n            <a href=\"https:\/\/www.camperonline.it\/magazine\/wp-content\/gallery\/anteprime-2023-robeta\/ares-09.jpg\"\n               title=\"\"\n               data-src=\"https:\/\/www.camperonline.it\/magazine\/wp-content\/gallery\/anteprime-2023-robeta\/ares-09.jpg\"\n               data-thumbnail=\"https:\/\/www.camperonline.it\/magazine\/wp-content\/gallery\/anteprime-2023-robeta\/thumbs\/thumbs_ares-09.jpg\"\n               data-image-id=\"125704\"\n               data-title=\"ares-09\"\n               data-description=\"\"\n               data-image-slug=\"ares-09\"\n               class=\"ngg-fancybox\" rel=\"aaa64d503fbbf75678635eecfb6dfa18\">\n                <img\n                    title=\"ares-09\"\n                    alt=\"ares-09\"\n                    src=\"https:\/\/www.camperonline.it\/magazine\/wp-content\/gallery\/anteprime-2023-robeta\/thumbs\/thumbs_ares-09.jpg\"\n                    width=\"240\"\n                    height=\"160\"\n                    style=\"max-width:100%;\"\n                \/>\n            <\/a>\n        <\/div>\n\t\t\t\t\t\t\t<\/div> \n\t\t\t\n\t\t\t\t<div id=\"ngg-image-10\" class=\"ngg-gallery-thumbnail-box ngg-5-columns\" >\n\t\t\t\t        <div class=\"ngg-gallery-thumbnail\">\n            <a href=\"https:\/\/www.camperonline.it\/magazine\/wp-content\/gallery\/anteprime-2023-robeta\/ares-10.jpg\"\n               title=\"\"\n               data-src=\"https:\/\/www.camperonline.it\/magazine\/wp-content\/gallery\/anteprime-2023-robeta\/ares-10.jpg\"\n               data-thumbnail=\"https:\/\/www.camperonline.it\/magazine\/wp-content\/gallery\/anteprime-2023-robeta\/thumbs\/thumbs_ares-10.jpg\"\n               data-image-id=\"125706\"\n               data-title=\"ares-10\"\n               data-description=\"\"\n               data-image-slug=\"ares-10\"\n               class=\"ngg-fancybox\" rel=\"aaa64d503fbbf75678635eecfb6dfa18\">\n                <img\n                    title=\"ares-10\"\n                    alt=\"ares-10\"\n                    src=\"https:\/\/www.camperonline.it\/magazine\/wp-content\/gallery\/anteprime-2023-robeta\/thumbs\/thumbs_ares-10.jpg\"\n                    width=\"240\"\n                    height=\"160\"\n                    style=\"max-width:100%;\"\n                \/>\n            <\/a>\n        <\/div>\n\t\t\t\t\t\t\t<\/div> \n\t\t\t\n\t\t\t\t<div id=\"ngg-image-11\" class=\"ngg-gallery-thumbnail-box ngg-5-columns\" >\n\t\t\t\t        <div class=\"ngg-gallery-thumbnail\">\n            <a href=\"https:\/\/www.camperonline.it\/magazine\/wp-content\/gallery\/anteprime-2023-robeta\/ares-11.jpg\"\n               title=\"\"\n               data-src=\"https:\/\/www.camperonline.it\/magazine\/wp-content\/gallery\/anteprime-2023-robeta\/ares-11.jpg\"\n               data-thumbnail=\"https:\/\/www.camperonline.it\/magazine\/wp-content\/gallery\/anteprime-2023-robeta\/thumbs\/thumbs_ares-11.jpg\"\n               data-image-id=\"125705\"\n               data-title=\"ares-11\"\n               data-description=\"\"\n               data-image-slug=\"ares-11\"\n               class=\"ngg-fancybox\" rel=\"aaa64d503fbbf75678635eecfb6dfa18\">\n                <img\n                    title=\"ares-11\"\n                    alt=\"ares-11\"\n                    src=\"https:\/\/www.camperonline.it\/magazine\/wp-content\/gallery\/anteprime-2023-robeta\/thumbs\/thumbs_ares-11.jpg\"\n                    width=\"240\"\n                    height=\"160\"\n                    style=\"max-width:100%;\"\n                \/>\n            <\/a>\n        <\/div>\n\t\t\t\t\t\t\t<\/div> \n\t\t\t\n\t\t\t\t<div id=\"ngg-image-12\" class=\"ngg-gallery-thumbnail-box ngg-5-columns\" >\n\t\t\t\t        <div class=\"ngg-gallery-thumbnail\">\n            <a href=\"https:\/\/www.camperonline.it\/magazine\/wp-content\/gallery\/anteprime-2023-robeta\/helios-01.jpg\"\n               title=\"\"\n               data-src=\"https:\/\/www.camperonline.it\/magazine\/wp-content\/gallery\/anteprime-2023-robeta\/helios-01.jpg\"\n               data-thumbnail=\"https:\/\/www.camperonline.it\/magazine\/wp-content\/gallery\/anteprime-2023-robeta\/thumbs\/thumbs_helios-01.jpg\"\n               data-image-id=\"125707\"\n               data-title=\"helios-01\"\n               data-description=\"\"\n               data-image-slug=\"helios-01-1\"\n               class=\"ngg-fancybox\" rel=\"aaa64d503fbbf75678635eecfb6dfa18\">\n                <img\n                    title=\"helios-01\"\n                    alt=\"helios-01\"\n                    src=\"https:\/\/www.camperonline.it\/magazine\/wp-content\/gallery\/anteprime-2023-robeta\/thumbs\/thumbs_helios-01.jpg\"\n                    width=\"240\"\n                    height=\"160\"\n                    style=\"max-width:100%;\"\n                \/>\n            <\/a>\n        <\/div>\n\t\t\t\t\t\t\t<\/div> \n\t\t\t\n\t\t\t\t<div id=\"ngg-image-13\" class=\"ngg-gallery-thumbnail-box ngg-5-columns\" >\n\t\t\t\t        <div class=\"ngg-gallery-thumbnail\">\n            <a href=\"https:\/\/www.camperonline.it\/magazine\/wp-content\/gallery\/anteprime-2023-robeta\/helios-02.jpg\"\n               title=\"\"\n               data-src=\"https:\/\/www.camperonline.it\/magazine\/wp-content\/gallery\/anteprime-2023-robeta\/helios-02.jpg\"\n               data-thumbnail=\"https:\/\/www.camperonline.it\/magazine\/wp-content\/gallery\/anteprime-2023-robeta\/thumbs\/thumbs_helios-02.jpg\"\n               data-image-id=\"125708\"\n               data-title=\"helios-02\"\n               data-description=\"\"\n               data-image-slug=\"helios-02\"\n               class=\"ngg-fancybox\" rel=\"aaa64d503fbbf75678635eecfb6dfa18\">\n                <img\n                    title=\"helios-02\"\n                    alt=\"helios-02\"\n                    src=\"https:\/\/www.camperonline.it\/magazine\/wp-content\/gallery\/anteprime-2023-robeta\/thumbs\/thumbs_helios-02.jpg\"\n                    width=\"240\"\n                    height=\"160\"\n                    style=\"max-width:100%;\"\n                \/>\n            <\/a>\n        <\/div>\n\t\t\t\t\t\t\t<\/div> \n\t\t\t\n\t\t\t\t<div id=\"ngg-image-14\" class=\"ngg-gallery-thumbnail-box ngg-5-columns\" >\n\t\t\t\t        <div class=\"ngg-gallery-thumbnail\">\n            <a href=\"https:\/\/www.camperonline.it\/magazine\/wp-content\/gallery\/anteprime-2023-robeta\/helios-03.jpg\"\n               title=\"\"\n               data-src=\"https:\/\/www.camperonline.it\/magazine\/wp-content\/gallery\/anteprime-2023-robeta\/helios-03.jpg\"\n               data-thumbnail=\"https:\/\/www.camperonline.it\/magazine\/wp-content\/gallery\/anteprime-2023-robeta\/thumbs\/thumbs_helios-03.jpg\"\n               data-image-id=\"125709\"\n               data-title=\"helios-03\"\n               data-description=\"\"\n               data-image-slug=\"helios-03\"\n               class=\"ngg-fancybox\" rel=\"aaa64d503fbbf75678635eecfb6dfa18\">\n                <img\n                    title=\"helios-03\"\n                    alt=\"helios-03\"\n                    src=\"https:\/\/www.camperonline.it\/magazine\/wp-content\/gallery\/anteprime-2023-robeta\/thumbs\/thumbs_helios-03.jpg\"\n                    width=\"240\"\n                    height=\"160\"\n                    style=\"max-width:100%;\"\n                \/>\n            <\/a>\n        <\/div>\n\t\t\t\t\t\t\t<\/div> \n\t\t\t\n\t\t\t\t<div id=\"ngg-image-15\" class=\"ngg-gallery-thumbnail-box ngg-5-columns\" >\n\t\t\t\t        <div class=\"ngg-gallery-thumbnail\">\n            <a href=\"https:\/\/www.camperonline.it\/magazine\/wp-content\/gallery\/anteprime-2023-robeta\/helios-04.jpg\"\n               title=\"\"\n               data-src=\"https:\/\/www.camperonline.it\/magazine\/wp-content\/gallery\/anteprime-2023-robeta\/helios-04.jpg\"\n               data-thumbnail=\"https:\/\/www.camperonline.it\/magazine\/wp-content\/gallery\/anteprime-2023-robeta\/thumbs\/thumbs_helios-04.jpg\"\n               data-image-id=\"125711\"\n               data-title=\"helios-04\"\n               data-description=\"\"\n               data-image-slug=\"helios-04\"\n               class=\"ngg-fancybox\" rel=\"aaa64d503fbbf75678635eecfb6dfa18\">\n                <img\n                    title=\"helios-04\"\n                    alt=\"helios-04\"\n                    src=\"https:\/\/www.camperonline.it\/magazine\/wp-content\/gallery\/anteprime-2023-robeta\/thumbs\/thumbs_helios-04.jpg\"\n                    width=\"240\"\n                    height=\"160\"\n                    style=\"max-width:100%;\"\n                \/>\n            <\/a>\n        <\/div>\n\t\t\t\t\t\t\t<\/div> \n\t\t\t\n\t\t\t\t<div id=\"ngg-image-16\" class=\"ngg-gallery-thumbnail-box ngg-5-columns\" >\n\t\t\t\t        <div class=\"ngg-gallery-thumbnail\">\n            <a href=\"https:\/\/www.camperonline.it\/magazine\/wp-content\/gallery\/anteprime-2023-robeta\/helios-05.jpg\"\n               title=\"\"\n               data-src=\"https:\/\/www.camperonline.it\/magazine\/wp-content\/gallery\/anteprime-2023-robeta\/helios-05.jpg\"\n               data-thumbnail=\"https:\/\/www.camperonline.it\/magazine\/wp-content\/gallery\/anteprime-2023-robeta\/thumbs\/thumbs_helios-05.jpg\"\n               data-image-id=\"125710\"\n               data-title=\"helios-05\"\n               data-description=\"\"\n               data-image-slug=\"helios-05\"\n               class=\"ngg-fancybox\" rel=\"aaa64d503fbbf75678635eecfb6dfa18\">\n                <img\n                    title=\"helios-05\"\n                    alt=\"helios-05\"\n                    src=\"https:\/\/www.camperonline.it\/magazine\/wp-content\/gallery\/anteprime-2023-robeta\/thumbs\/thumbs_helios-05.jpg\"\n                    width=\"240\"\n                    height=\"160\"\n                    style=\"max-width:100%;\"\n                \/>\n            <\/a>\n        <\/div>\n\t\t\t\t\t\t\t<\/div> \n\t\t\t\n\t\t\t\t<div id=\"ngg-image-17\" class=\"ngg-gallery-thumbnail-box ngg-5-columns\" >\n\t\t\t\t        <div class=\"ngg-gallery-thumbnail\">\n            <a href=\"https:\/\/www.camperonline.it\/magazine\/wp-content\/gallery\/anteprime-2023-robeta\/helios-06.jpg\"\n               title=\"\"\n               data-src=\"https:\/\/www.camperonline.it\/magazine\/wp-content\/gallery\/anteprime-2023-robeta\/helios-06.jpg\"\n               data-thumbnail=\"https:\/\/www.camperonline.it\/magazine\/wp-content\/gallery\/anteprime-2023-robeta\/thumbs\/thumbs_helios-06.jpg\"\n               data-image-id=\"125712\"\n               data-title=\"helios-06\"\n               data-description=\"\"\n               data-image-slug=\"helios-06\"\n               class=\"ngg-fancybox\" rel=\"aaa64d503fbbf75678635eecfb6dfa18\">\n                <img\n                    title=\"helios-06\"\n                    alt=\"helios-06\"\n                    src=\"https:\/\/www.camperonline.it\/magazine\/wp-content\/gallery\/anteprime-2023-robeta\/thumbs\/thumbs_helios-06.jpg\"\n                    width=\"240\"\n                    height=\"160\"\n                    style=\"max-width:100%;\"\n                \/>\n            <\/a>\n        <\/div>\n\t\t\t\t\t\t\t<\/div> \n\t\t\t\n\t\t\t\t<div id=\"ngg-image-18\" class=\"ngg-gallery-thumbnail-box ngg-5-columns\" >\n\t\t\t\t        <div class=\"ngg-gallery-thumbnail\">\n            <a href=\"https:\/\/www.camperonline.it\/magazine\/wp-content\/gallery\/anteprime-2023-robeta\/helios-07.jpg\"\n               title=\"\"\n               data-src=\"https:\/\/www.camperonline.it\/magazine\/wp-content\/gallery\/anteprime-2023-robeta\/helios-07.jpg\"\n               data-thumbnail=\"https:\/\/www.camperonline.it\/magazine\/wp-content\/gallery\/anteprime-2023-robeta\/thumbs\/thumbs_helios-07.jpg\"\n               data-image-id=\"125713\"\n               data-title=\"helios-07\"\n               data-description=\"\"\n               data-image-slug=\"helios-07\"\n               class=\"ngg-fancybox\" rel=\"aaa64d503fbbf75678635eecfb6dfa18\">\n                <img\n                    title=\"helios-07\"\n                    alt=\"helios-07\"\n                    src=\"https:\/\/www.camperonline.it\/magazine\/wp-content\/gallery\/anteprime-2023-robeta\/thumbs\/thumbs_helios-07.jpg\"\n                    width=\"240\"\n                    height=\"160\"\n                    style=\"max-width:100%;\"\n                \/>\n            <\/a>\n        <\/div>\n\t\t\t\t\t\t\t<\/div> \n\t\t\t\n\t\t\t\t<div id=\"ngg-image-19\" class=\"ngg-gallery-thumbnail-box ngg-5-columns\" >\n\t\t\t\t        <div class=\"ngg-gallery-thumbnail\">\n            <a href=\"https:\/\/www.camperonline.it\/magazine\/wp-content\/gallery\/anteprime-2023-robeta\/helios-08.jpg\"\n               title=\"\"\n               data-src=\"https:\/\/www.camperonline.it\/magazine\/wp-content\/gallery\/anteprime-2023-robeta\/helios-08.jpg\"\n               data-thumbnail=\"https:\/\/www.camperonline.it\/magazine\/wp-content\/gallery\/anteprime-2023-robeta\/thumbs\/thumbs_helios-08.jpg\"\n               data-image-id=\"125714\"\n               data-title=\"helios-08\"\n               data-description=\"\"\n               data-image-slug=\"helios-08\"\n               class=\"ngg-fancybox\" rel=\"aaa64d503fbbf75678635eecfb6dfa18\">\n                <img\n                    title=\"helios-08\"\n                    alt=\"helios-08\"\n                    src=\"https:\/\/www.camperonline.it\/magazine\/wp-content\/gallery\/anteprime-2023-robeta\/thumbs\/thumbs_helios-08.jpg\"\n                    width=\"240\"\n                    height=\"160\"\n                    style=\"max-width:100%;\"\n                \/>\n            <\/a>\n        <\/div>\n\t\t\t\t\t\t\t<\/div> \n\t\t\t\n\t\t\t\t<div id=\"ngg-image-20\" class=\"ngg-gallery-thumbnail-box ngg-5-columns\" >\n\t\t\t\t        <div class=\"ngg-gallery-thumbnail\">\n            <a href=\"https:\/\/www.camperonline.it\/magazine\/wp-content\/gallery\/anteprime-2023-robeta\/helios-09.jpg\"\n               title=\"\"\n               data-src=\"https:\/\/www.camperonline.it\/magazine\/wp-content\/gallery\/anteprime-2023-robeta\/helios-09.jpg\"\n               data-thumbnail=\"https:\/\/www.camperonline.it\/magazine\/wp-content\/gallery\/anteprime-2023-robeta\/thumbs\/thumbs_helios-09.jpg\"\n               data-image-id=\"125715\"\n               data-title=\"helios-09\"\n               data-description=\"\"\n               data-image-slug=\"helios-09\"\n               class=\"ngg-fancybox\" rel=\"aaa64d503fbbf75678635eecfb6dfa18\">\n                <img\n                    title=\"helios-09\"\n                    alt=\"helios-09\"\n                    src=\"https:\/\/www.camperonline.it\/magazine\/wp-content\/gallery\/anteprime-2023-robeta\/thumbs\/thumbs_helios-09.jpg\"\n                    width=\"240\"\n                    height=\"160\"\n                    style=\"max-width:100%;\"\n                \/>\n            <\/a>\n        <\/div>\n\t\t\t\t\t\t\t<\/div> \n\t\t\t\n\t\t\t\t<div id=\"ngg-image-21\" class=\"ngg-gallery-thumbnail-box ngg-5-columns\" >\n\t\t\t\t        <div class=\"ngg-gallery-thumbnail\">\n            <a href=\"https:\/\/www.camperonline.it\/magazine\/wp-content\/gallery\/anteprime-2023-robeta\/helios-10.jpg\"\n               title=\"\"\n               data-src=\"https:\/\/www.camperonline.it\/magazine\/wp-content\/gallery\/anteprime-2023-robeta\/helios-10.jpg\"\n               data-thumbnail=\"https:\/\/www.camperonline.it\/magazine\/wp-content\/gallery\/anteprime-2023-robeta\/thumbs\/thumbs_helios-10.jpg\"\n               data-image-id=\"125716\"\n               data-title=\"helios-10\"\n               data-description=\"\"\n               data-image-slug=\"helios-10-7\"\n               class=\"ngg-fancybox\" rel=\"aaa64d503fbbf75678635eecfb6dfa18\">\n                <img\n                    title=\"helios-10\"\n                    alt=\"helios-10\"\n                    src=\"https:\/\/www.camperonline.it\/magazine\/wp-content\/gallery\/anteprime-2023-robeta\/thumbs\/thumbs_helios-10.jpg\"\n                    width=\"240\"\n                    height=\"160\"\n                    style=\"max-width:100%;\"\n                \/>\n            <\/a>\n        <\/div>\n\t\t\t\t\t\t\t<\/div> \n\t\t\t\n\t\t\t\t<div id=\"ngg-image-22\" class=\"ngg-gallery-thumbnail-box ngg-5-columns\" >\n\t\t\t\t        <div class=\"ngg-gallery-thumbnail\">\n            <a href=\"https:\/\/www.camperonline.it\/magazine\/wp-content\/gallery\/anteprime-2023-robeta\/helios-11.jpg\"\n               title=\"\"\n               data-src=\"https:\/\/www.camperonline.it\/magazine\/wp-content\/gallery\/anteprime-2023-robeta\/helios-11.jpg\"\n               data-thumbnail=\"https:\/\/www.camperonline.it\/magazine\/wp-content\/gallery\/anteprime-2023-robeta\/thumbs\/thumbs_helios-11.jpg\"\n               data-image-id=\"125717\"\n               data-title=\"helios-11\"\n               data-description=\"\"\n               data-image-slug=\"helios-11-3\"\n               class=\"ngg-fancybox\" rel=\"aaa64d503fbbf75678635eecfb6dfa18\">\n                <img\n                    title=\"helios-11\"\n                    alt=\"helios-11\"\n                    src=\"https:\/\/www.camperonline.it\/magazine\/wp-content\/gallery\/anteprime-2023-robeta\/thumbs\/thumbs_helios-11.jpg\"\n                    width=\"240\"\n                    height=\"160\"\n                    style=\"max-width:100%;\"\n                \/>\n            <\/a>\n        <\/div>\n\t\t\t\t\t\t\t<\/div> \n\t\t\t\n\t\t\t\t<div id=\"ngg-image-23\" class=\"ngg-gallery-thumbnail-box ngg-5-columns\" >\n\t\t\t\t        <div class=\"ngg-gallery-thumbnail\">\n            <a href=\"https:\/\/www.camperonline.it\/magazine\/wp-content\/gallery\/anteprime-2023-robeta\/helios-12.jpg\"\n               title=\"\"\n               data-src=\"https:\/\/www.camperonline.it\/magazine\/wp-content\/gallery\/anteprime-2023-robeta\/helios-12.jpg\"\n               data-thumbnail=\"https:\/\/www.camperonline.it\/magazine\/wp-content\/gallery\/anteprime-2023-robeta\/thumbs\/thumbs_helios-12.jpg\"\n               data-image-id=\"125718\"\n               data-title=\"helios-12\"\n               data-description=\"\"\n               data-image-slug=\"helios-12-2\"\n               class=\"ngg-fancybox\" rel=\"aaa64d503fbbf75678635eecfb6dfa18\">\n                <img\n                    title=\"helios-12\"\n                    alt=\"helios-12\"\n                    src=\"https:\/\/www.camperonline.it\/magazine\/wp-content\/gallery\/anteprime-2023-robeta\/thumbs\/thumbs_helios-12.jpg\"\n                    width=\"240\"\n                    height=\"160\"\n                    style=\"max-width:100%;\"\n                \/>\n            <\/a>\n        <\/div>\n\t\t\t\t\t\t\t<\/div> \n\t\t\t\n\t\t\t\t<div id=\"ngg-image-24\" class=\"ngg-gallery-thumbnail-box ngg-5-columns\" >\n\t\t\t\t        <div class=\"ngg-gallery-thumbnail\">\n            <a href=\"https:\/\/www.camperonline.it\/magazine\/wp-content\/gallery\/anteprime-2023-robeta\/helios-13.jpg\"\n               title=\"\"\n               data-src=\"https:\/\/www.camperonline.it\/magazine\/wp-content\/gallery\/anteprime-2023-robeta\/helios-13.jpg\"\n               data-thumbnail=\"https:\/\/www.camperonline.it\/magazine\/wp-content\/gallery\/anteprime-2023-robeta\/thumbs\/thumbs_helios-13.jpg\"\n               data-image-id=\"125719\"\n               data-title=\"helios-13\"\n               data-description=\"\"\n               data-image-slug=\"helios-13-2\"\n               class=\"ngg-fancybox\" rel=\"aaa64d503fbbf75678635eecfb6dfa18\">\n                <img\n                    title=\"helios-13\"\n                    alt=\"helios-13\"\n                    src=\"https:\/\/www.camperonline.it\/magazine\/wp-content\/gallery\/anteprime-2023-robeta\/thumbs\/thumbs_helios-13.jpg\"\n                    width=\"240\"\n                    height=\"160\"\n                    style=\"max-width:100%;\"\n                \/>\n            <\/a>\n        <\/div>\n\t\t\t\t\t\t\t<\/div> \n\t\t\t\n\t\t\t\t<div id=\"ngg-image-25\" class=\"ngg-gallery-thumbnail-box ngg-5-columns\" >\n\t\t\t\t        <div class=\"ngg-gallery-thumbnail\">\n            <a href=\"https:\/\/www.camperonline.it\/magazine\/wp-content\/gallery\/anteprime-2023-robeta\/helios-14.jpg\"\n               title=\"\"\n               data-src=\"https:\/\/www.camperonline.it\/magazine\/wp-content\/gallery\/anteprime-2023-robeta\/helios-14.jpg\"\n               data-thumbnail=\"https:\/\/www.camperonline.it\/magazine\/wp-content\/gallery\/anteprime-2023-robeta\/thumbs\/thumbs_helios-14.jpg\"\n               data-image-id=\"125720\"\n               data-title=\"helios-14\"\n               data-description=\"\"\n               data-image-slug=\"helios-14-2\"\n               class=\"ngg-fancybox\" rel=\"aaa64d503fbbf75678635eecfb6dfa18\">\n                <img\n                    title=\"helios-14\"\n                    alt=\"helios-14\"\n                    src=\"https:\/\/www.camperonline.it\/magazine\/wp-content\/gallery\/anteprime-2023-robeta\/thumbs\/thumbs_helios-14.jpg\"\n                    width=\"240\"\n                    height=\"160\"\n                    style=\"max-width:100%;\"\n                \/>\n            <\/a>\n        <\/div>\n\t\t\t\t\t\t\t<\/div> \n\t\t\t\n\t\t\t\t<div id=\"ngg-image-26\" class=\"ngg-gallery-thumbnail-box ngg-5-columns\" >\n\t\t\t\t        <div class=\"ngg-gallery-thumbnail\">\n            <a href=\"https:\/\/www.camperonline.it\/magazine\/wp-content\/gallery\/anteprime-2023-robeta\/helios-15.jpg\"\n               title=\"\"\n               data-src=\"https:\/\/www.camperonline.it\/magazine\/wp-content\/gallery\/anteprime-2023-robeta\/helios-15.jpg\"\n               data-thumbnail=\"https:\/\/www.camperonline.it\/magazine\/wp-content\/gallery\/anteprime-2023-robeta\/thumbs\/thumbs_helios-15.jpg\"\n               data-image-id=\"125721\"\n               data-title=\"helios-15\"\n               data-description=\"\"\n               data-image-slug=\"helios-15\"\n               class=\"ngg-fancybox\" rel=\"aaa64d503fbbf75678635eecfb6dfa18\">\n                <img\n                    title=\"helios-15\"\n                    alt=\"helios-15\"\n                    src=\"https:\/\/www.camperonline.it\/magazine\/wp-content\/gallery\/anteprime-2023-robeta\/thumbs\/thumbs_helios-15.jpg\"\n                    width=\"240\"\n                    height=\"160\"\n                    style=\"max-width:100%;\"\n                \/>\n            <\/a>\n        <\/div>\n\t\t\t\t\t\t\t<\/div> \n\t\t\t\n\t\t\t\t<div id=\"ngg-image-27\" class=\"ngg-gallery-thumbnail-box ngg-5-columns\" >\n\t\t\t\t        <div class=\"ngg-gallery-thumbnail\">\n            <a href=\"https:\/\/www.camperonline.it\/magazine\/wp-content\/gallery\/anteprime-2023-robeta\/helios-16.jpg\"\n               title=\"\"\n               data-src=\"https:\/\/www.camperonline.it\/magazine\/wp-content\/gallery\/anteprime-2023-robeta\/helios-16.jpg\"\n               data-thumbnail=\"https:\/\/www.camperonline.it\/magazine\/wp-content\/gallery\/anteprime-2023-robeta\/thumbs\/thumbs_helios-16.jpg\"\n               data-image-id=\"125722\"\n               data-title=\"helios-16\"\n               data-description=\"\"\n               data-image-slug=\"helios-16\"\n               class=\"ngg-fancybox\" rel=\"aaa64d503fbbf75678635eecfb6dfa18\">\n                <img\n                    title=\"helios-16\"\n                    alt=\"helios-16\"\n                    src=\"https:\/\/www.camperonline.it\/magazine\/wp-content\/gallery\/anteprime-2023-robeta\/thumbs\/thumbs_helios-16.jpg\"\n                    width=\"240\"\n                    height=\"160\"\n                    style=\"max-width:100%;\"\n                \/>\n            <\/a>\n        <\/div>\n\t\t\t\t\t\t\t<\/div> \n\t\t\t\n\t\t\t\t<div id=\"ngg-image-28\" class=\"ngg-gallery-thumbnail-box ngg-5-columns\" >\n\t\t\t\t        <div class=\"ngg-gallery-thumbnail\">\n            <a href=\"https:\/\/www.camperonline.it\/magazine\/wp-content\/gallery\/anteprime-2023-robeta\/helios-17.jpg\"\n               title=\"\"\n               data-src=\"https:\/\/www.camperonline.it\/magazine\/wp-content\/gallery\/anteprime-2023-robeta\/helios-17.jpg\"\n               data-thumbnail=\"https:\/\/www.camperonline.it\/magazine\/wp-content\/gallery\/anteprime-2023-robeta\/thumbs\/thumbs_helios-17.jpg\"\n               data-image-id=\"125723\"\n               data-title=\"helios-17\"\n               data-description=\"\"\n               data-image-slug=\"helios-17\"\n               class=\"ngg-fancybox\" rel=\"aaa64d503fbbf75678635eecfb6dfa18\">\n                <img\n                    title=\"helios-17\"\n                    alt=\"helios-17\"\n                    src=\"https:\/\/www.camperonline.it\/magazine\/wp-content\/gallery\/anteprime-2023-robeta\/thumbs\/thumbs_helios-17.jpg\"\n                    width=\"240\"\n                    height=\"160\"\n                    style=\"max-width:100%;\"\n                \/>\n            <\/a>\n        <\/div>\n\t\t\t\t\t\t\t<\/div> \n\t\t\t\n\t\t\t\t<div id=\"ngg-image-29\" class=\"ngg-gallery-thumbnail-box ngg-5-columns\" >\n\t\t\t\t        <div class=\"ngg-gallery-thumbnail\">\n            <a href=\"https:\/\/www.camperonline.it\/magazine\/wp-content\/gallery\/anteprime-2023-robeta\/apollo-01.jpg\"\n               title=\"\"\n               data-src=\"https:\/\/www.camperonline.it\/magazine\/wp-content\/gallery\/anteprime-2023-robeta\/apollo-01.jpg\"\n               data-thumbnail=\"https:\/\/www.camperonline.it\/magazine\/wp-content\/gallery\/anteprime-2023-robeta\/thumbs\/thumbs_apollo-01.jpg\"\n               data-image-id=\"125724\"\n               data-title=\"apollo-01\"\n               data-description=\"\"\n               data-image-slug=\"apollo-01\"\n               class=\"ngg-fancybox\" rel=\"aaa64d503fbbf75678635eecfb6dfa18\">\n                <img\n                    title=\"apollo-01\"\n                    alt=\"apollo-01\"\n                    src=\"https:\/\/www.camperonline.it\/magazine\/wp-content\/gallery\/anteprime-2023-robeta\/thumbs\/thumbs_apollo-01.jpg\"\n                    width=\"240\"\n                    height=\"160\"\n                    style=\"max-width:100%;\"\n                \/>\n            <\/a>\n        <\/div>\n\t\t\t\t\t\t\t<\/div> \n\t\t\t\n\t\t\t\t<div id=\"ngg-image-30\" class=\"ngg-gallery-thumbnail-box ngg-5-columns\" >\n\t\t\t\t        <div class=\"ngg-gallery-thumbnail\">\n            <a href=\"https:\/\/www.camperonline.it\/magazine\/wp-content\/gallery\/anteprime-2023-robeta\/apollo-02.jpg\"\n               title=\"\"\n               data-src=\"https:\/\/www.camperonline.it\/magazine\/wp-content\/gallery\/anteprime-2023-robeta\/apollo-02.jpg\"\n               data-thumbnail=\"https:\/\/www.camperonline.it\/magazine\/wp-content\/gallery\/anteprime-2023-robeta\/thumbs\/thumbs_apollo-02.jpg\"\n               data-image-id=\"125725\"\n               data-title=\"apollo-02\"\n               data-description=\"\"\n               data-image-slug=\"apollo-02\"\n               class=\"ngg-fancybox\" rel=\"aaa64d503fbbf75678635eecfb6dfa18\">\n                <img\n                    title=\"apollo-02\"\n                    alt=\"apollo-02\"\n                    src=\"https:\/\/www.camperonline.it\/magazine\/wp-content\/gallery\/anteprime-2023-robeta\/thumbs\/thumbs_apollo-02.jpg\"\n                    width=\"240\"\n                    height=\"160\"\n                    style=\"max-width:100%;\"\n                \/>\n            <\/a>\n        <\/div>\n\t\t\t\t\t\t\t<\/div> \n\t\t\t\n\t\t\t\t<div id=\"ngg-image-31\" class=\"ngg-gallery-thumbnail-box ngg-5-columns\" >\n\t\t\t\t        <div class=\"ngg-gallery-thumbnail\">\n            <a href=\"https:\/\/www.camperonline.it\/magazine\/wp-content\/gallery\/anteprime-2023-robeta\/apollo-03.jpg\"\n               title=\"\"\n               data-src=\"https:\/\/www.camperonline.it\/magazine\/wp-content\/gallery\/anteprime-2023-robeta\/apollo-03.jpg\"\n               data-thumbnail=\"https:\/\/www.camperonline.it\/magazine\/wp-content\/gallery\/anteprime-2023-robeta\/thumbs\/thumbs_apollo-03.jpg\"\n               data-image-id=\"125726\"\n               data-title=\"apollo-03\"\n               data-description=\"\"\n               data-image-slug=\"apollo-03\"\n               class=\"ngg-fancybox\" rel=\"aaa64d503fbbf75678635eecfb6dfa18\">\n                <img\n                    title=\"apollo-03\"\n                    alt=\"apollo-03\"\n                    src=\"https:\/\/www.camperonline.it\/magazine\/wp-content\/gallery\/anteprime-2023-robeta\/thumbs\/thumbs_apollo-03.jpg\"\n                    width=\"240\"\n                    height=\"160\"\n                    style=\"max-width:100%;\"\n                \/>\n            <\/a>\n        <\/div>\n\t\t\t\t\t\t\t<\/div> \n\t\t\t\n\t\t\t\t<div id=\"ngg-image-32\" class=\"ngg-gallery-thumbnail-box ngg-5-columns\" >\n\t\t\t\t        <div class=\"ngg-gallery-thumbnail\">\n            <a href=\"https:\/\/www.camperonline.it\/magazine\/wp-content\/gallery\/anteprime-2023-robeta\/apollo-04.jpg\"\n               title=\"\"\n               data-src=\"https:\/\/www.camperonline.it\/magazine\/wp-content\/gallery\/anteprime-2023-robeta\/apollo-04.jpg\"\n               data-thumbnail=\"https:\/\/www.camperonline.it\/magazine\/wp-content\/gallery\/anteprime-2023-robeta\/thumbs\/thumbs_apollo-04.jpg\"\n               data-image-id=\"125727\"\n               data-title=\"apollo-04\"\n               data-description=\"\"\n               data-image-slug=\"apollo-04\"\n               class=\"ngg-fancybox\" rel=\"aaa64d503fbbf75678635eecfb6dfa18\">\n                <img\n                    title=\"apollo-04\"\n                    alt=\"apollo-04\"\n                    src=\"https:\/\/www.camperonline.it\/magazine\/wp-content\/gallery\/anteprime-2023-robeta\/thumbs\/thumbs_apollo-04.jpg\"\n                    width=\"240\"\n                    height=\"160\"\n                    style=\"max-width:100%;\"\n                \/>\n            <\/a>\n        <\/div>\n\t\t\t\t\t\t\t<\/div> \n\t\t\t\n\t\t\t\t<div id=\"ngg-image-33\" class=\"ngg-gallery-thumbnail-box ngg-5-columns\" >\n\t\t\t\t        <div class=\"ngg-gallery-thumbnail\">\n            <a href=\"https:\/\/www.camperonline.it\/magazine\/wp-content\/gallery\/anteprime-2023-robeta\/apollo-05.jpg\"\n               title=\"\"\n               data-src=\"https:\/\/www.camperonline.it\/magazine\/wp-content\/gallery\/anteprime-2023-robeta\/apollo-05.jpg\"\n               data-thumbnail=\"https:\/\/www.camperonline.it\/magazine\/wp-content\/gallery\/anteprime-2023-robeta\/thumbs\/thumbs_apollo-05.jpg\"\n               data-image-id=\"125728\"\n               data-title=\"apollo-05\"\n               data-description=\"\"\n               data-image-slug=\"apollo-05\"\n               class=\"ngg-fancybox\" rel=\"aaa64d503fbbf75678635eecfb6dfa18\">\n                <img\n                    title=\"apollo-05\"\n                    alt=\"apollo-05\"\n                    src=\"https:\/\/www.camperonline.it\/magazine\/wp-content\/gallery\/anteprime-2023-robeta\/thumbs\/thumbs_apollo-05.jpg\"\n                    width=\"240\"\n                    height=\"160\"\n                    style=\"max-width:100%;\"\n                \/>\n            <\/a>\n        <\/div>\n\t\t\t\t\t\t\t<\/div> \n\t\t\t\n\t\t\t\t<div id=\"ngg-image-34\" class=\"ngg-gallery-thumbnail-box ngg-5-columns\" >\n\t\t\t\t        <div class=\"ngg-gallery-thumbnail\">\n            <a href=\"https:\/\/www.camperonline.it\/magazine\/wp-content\/gallery\/anteprime-2023-robeta\/apollo-06.jpg\"\n               title=\"\"\n               data-src=\"https:\/\/www.camperonline.it\/magazine\/wp-content\/gallery\/anteprime-2023-robeta\/apollo-06.jpg\"\n               data-thumbnail=\"https:\/\/www.camperonline.it\/magazine\/wp-content\/gallery\/anteprime-2023-robeta\/thumbs\/thumbs_apollo-06.jpg\"\n               data-image-id=\"125729\"\n               data-title=\"apollo-06\"\n               data-description=\"\"\n               data-image-slug=\"apollo-06\"\n               class=\"ngg-fancybox\" rel=\"aaa64d503fbbf75678635eecfb6dfa18\">\n                <img\n                    title=\"apollo-06\"\n                    alt=\"apollo-06\"\n                    src=\"https:\/\/www.camperonline.it\/magazine\/wp-content\/gallery\/anteprime-2023-robeta\/thumbs\/thumbs_apollo-06.jpg\"\n                    width=\"240\"\n                    height=\"160\"\n                    style=\"max-width:100%;\"\n                \/>\n            <\/a>\n        <\/div>\n\t\t\t\t\t\t\t<\/div> \n\t\t\t\n\t\t\t\t<div id=\"ngg-image-35\" class=\"ngg-gallery-thumbnail-box ngg-5-columns\" >\n\t\t\t\t        <div class=\"ngg-gallery-thumbnail\">\n            <a href=\"https:\/\/www.camperonline.it\/magazine\/wp-content\/gallery\/anteprime-2023-robeta\/apollo-07.jpg\"\n               title=\"\"\n               data-src=\"https:\/\/www.camperonline.it\/magazine\/wp-content\/gallery\/anteprime-2023-robeta\/apollo-07.jpg\"\n               data-thumbnail=\"https:\/\/www.camperonline.it\/magazine\/wp-content\/gallery\/anteprime-2023-robeta\/thumbs\/thumbs_apollo-07.jpg\"\n               data-image-id=\"125730\"\n               data-title=\"apollo-07\"\n               data-description=\"\"\n               data-image-slug=\"apollo-07\"\n               class=\"ngg-fancybox\" rel=\"aaa64d503fbbf75678635eecfb6dfa18\">\n                <img\n                    title=\"apollo-07\"\n                    alt=\"apollo-07\"\n                    src=\"https:\/\/www.camperonline.it\/magazine\/wp-content\/gallery\/anteprime-2023-robeta\/thumbs\/thumbs_apollo-07.jpg\"\n                    width=\"240\"\n                    height=\"160\"\n                    style=\"max-width:100%;\"\n                \/>\n            <\/a>\n        <\/div>\n\t\t\t\t\t\t\t<\/div> \n\t\t\t\n\t\t\t\t<div id=\"ngg-image-36\" class=\"ngg-gallery-thumbnail-box ngg-5-columns\" >\n\t\t\t\t        <div class=\"ngg-gallery-thumbnail\">\n            <a href=\"https:\/\/www.camperonline.it\/magazine\/wp-content\/gallery\/anteprime-2023-robeta\/apollo-07-2.jpg\"\n               title=\"\"\n               data-src=\"https:\/\/www.camperonline.it\/magazine\/wp-content\/gallery\/anteprime-2023-robeta\/apollo-07-2.jpg\"\n               data-thumbnail=\"https:\/\/www.camperonline.it\/magazine\/wp-content\/gallery\/anteprime-2023-robeta\/thumbs\/thumbs_apollo-07-2.jpg\"\n               data-image-id=\"125731\"\n               data-title=\"apollo-07-2\"\n               data-description=\"\"\n               data-image-slug=\"apollo-07-2\"\n               class=\"ngg-fancybox\" rel=\"aaa64d503fbbf75678635eecfb6dfa18\">\n                <img\n                    title=\"apollo-07-2\"\n                    alt=\"apollo-07-2\"\n                    src=\"https:\/\/www.camperonline.it\/magazine\/wp-content\/gallery\/anteprime-2023-robeta\/thumbs\/thumbs_apollo-07-2.jpg\"\n                    width=\"240\"\n                    height=\"160\"\n                    style=\"max-width:100%;\"\n                \/>\n            <\/a>\n        <\/div>\n\t\t\t\t\t\t\t<\/div> \n\t\t\t\n\t\t\t\t<div id=\"ngg-image-37\" class=\"ngg-gallery-thumbnail-box ngg-5-columns\" >\n\t\t\t\t        <div class=\"ngg-gallery-thumbnail\">\n            <a href=\"https:\/\/www.camperonline.it\/magazine\/wp-content\/gallery\/anteprime-2023-robeta\/apollo-08.jpg\"\n               title=\"\"\n               data-src=\"https:\/\/www.camperonline.it\/magazine\/wp-content\/gallery\/anteprime-2023-robeta\/apollo-08.jpg\"\n               data-thumbnail=\"https:\/\/www.camperonline.it\/magazine\/wp-content\/gallery\/anteprime-2023-robeta\/thumbs\/thumbs_apollo-08.jpg\"\n               data-image-id=\"125732\"\n               data-title=\"apollo-08\"\n               data-description=\"\"\n               data-image-slug=\"apollo-08\"\n               class=\"ngg-fancybox\" rel=\"aaa64d503fbbf75678635eecfb6dfa18\">\n                <img\n                    title=\"apollo-08\"\n                    alt=\"apollo-08\"\n                    src=\"https:\/\/www.camperonline.it\/magazine\/wp-content\/gallery\/anteprime-2023-robeta\/thumbs\/thumbs_apollo-08.jpg\"\n                    width=\"240\"\n                    height=\"160\"\n                    style=\"max-width:100%;\"\n                \/>\n            <\/a>\n        <\/div>\n\t\t\t\t\t\t\t<\/div> \n\t\t\t\n\t\t\t\t<div id=\"ngg-image-38\" class=\"ngg-gallery-thumbnail-box ngg-5-columns\" >\n\t\t\t\t        <div class=\"ngg-gallery-thumbnail\">\n            <a href=\"https:\/\/www.camperonline.it\/magazine\/wp-content\/gallery\/anteprime-2023-robeta\/apollo-09.jpg\"\n               title=\"\"\n               data-src=\"https:\/\/www.camperonline.it\/magazine\/wp-content\/gallery\/anteprime-2023-robeta\/apollo-09.jpg\"\n               data-thumbnail=\"https:\/\/www.camperonline.it\/magazine\/wp-content\/gallery\/anteprime-2023-robeta\/thumbs\/thumbs_apollo-09.jpg\"\n               data-image-id=\"125733\"\n               data-title=\"apollo-09\"\n               data-description=\"\"\n               data-image-slug=\"apollo-09\"\n               class=\"ngg-fancybox\" rel=\"aaa64d503fbbf75678635eecfb6dfa18\">\n                <img\n                    title=\"apollo-09\"\n                    alt=\"apollo-09\"\n                    src=\"https:\/\/www.camperonline.it\/magazine\/wp-content\/gallery\/anteprime-2023-robeta\/thumbs\/thumbs_apollo-09.jpg\"\n                    width=\"240\"\n                    height=\"160\"\n                    style=\"max-width:100%;\"\n                \/>\n            <\/a>\n        <\/div>\n\t\t\t\t\t\t\t<\/div> \n\t\t\t\n\t\t\t\t<div id=\"ngg-image-39\" class=\"ngg-gallery-thumbnail-box ngg-5-columns\" >\n\t\t\t\t        <div class=\"ngg-gallery-thumbnail\">\n            <a href=\"https:\/\/www.camperonline.it\/magazine\/wp-content\/gallery\/anteprime-2023-robeta\/apollo-10.jpg\"\n               title=\"\"\n               data-src=\"https:\/\/www.camperonline.it\/magazine\/wp-content\/gallery\/anteprime-2023-robeta\/apollo-10.jpg\"\n               data-thumbnail=\"https:\/\/www.camperonline.it\/magazine\/wp-content\/gallery\/anteprime-2023-robeta\/thumbs\/thumbs_apollo-10.jpg\"\n               data-image-id=\"125734\"\n               data-title=\"apollo-10\"\n               data-description=\"\"\n               data-image-slug=\"apollo-10\"\n               class=\"ngg-fancybox\" rel=\"aaa64d503fbbf75678635eecfb6dfa18\">\n                <img\n                    title=\"apollo-10\"\n                    alt=\"apollo-10\"\n                    src=\"https:\/\/www.camperonline.it\/magazine\/wp-content\/gallery\/anteprime-2023-robeta\/thumbs\/thumbs_apollo-10.jpg\"\n                    width=\"240\"\n                    height=\"160\"\n                    style=\"max-width:100%;\"\n                \/>\n            <\/a>\n        <\/div>\n\t\t\t\t\t\t\t<\/div> \n\t\t\t\n\t\t\t\t<div id=\"ngg-image-40\" class=\"ngg-gallery-thumbnail-box ngg-5-columns\" >\n\t\t\t\t        <div class=\"ngg-gallery-thumbnail\">\n            <a href=\"https:\/\/www.camperonline.it\/magazine\/wp-content\/gallery\/anteprime-2023-robeta\/apollo-11.jpg\"\n               title=\"\"\n               data-src=\"https:\/\/www.camperonline.it\/magazine\/wp-content\/gallery\/anteprime-2023-robeta\/apollo-11.jpg\"\n               data-thumbnail=\"https:\/\/www.camperonline.it\/magazine\/wp-content\/gallery\/anteprime-2023-robeta\/thumbs\/thumbs_apollo-11.jpg\"\n               data-image-id=\"125736\"\n               data-title=\"apollo-11\"\n               data-description=\"\"\n               data-image-slug=\"apollo-11\"\n               class=\"ngg-fancybox\" rel=\"aaa64d503fbbf75678635eecfb6dfa18\">\n                <img\n                    title=\"apollo-11\"\n                    alt=\"apollo-11\"\n                    src=\"https:\/\/www.camperonline.it\/magazine\/wp-content\/gallery\/anteprime-2023-robeta\/thumbs\/thumbs_apollo-11.jpg\"\n                    width=\"240\"\n                    height=\"160\"\n                    style=\"max-width:100%;\"\n                \/>\n            <\/a>\n        <\/div>\n\t\t\t\t\t\t\t<\/div> \n\t\t\t\n\t\t\t\t<div id=\"ngg-image-41\" class=\"ngg-gallery-thumbnail-box ngg-5-columns\" >\n\t\t\t\t        <div class=\"ngg-gallery-thumbnail\">\n            <a href=\"https:\/\/www.camperonline.it\/magazine\/wp-content\/gallery\/anteprime-2023-robeta\/apollo-12.jpg\"\n               title=\"\"\n               data-src=\"https:\/\/www.camperonline.it\/magazine\/wp-content\/gallery\/anteprime-2023-robeta\/apollo-12.jpg\"\n               data-thumbnail=\"https:\/\/www.camperonline.it\/magazine\/wp-content\/gallery\/anteprime-2023-robeta\/thumbs\/thumbs_apollo-12.jpg\"\n               data-image-id=\"125735\"\n               data-title=\"apollo-12\"\n               data-description=\"\"\n               data-image-slug=\"apollo-12\"\n               class=\"ngg-fancybox\" rel=\"aaa64d503fbbf75678635eecfb6dfa18\">\n                <img\n                    title=\"apollo-12\"\n                    alt=\"apollo-12\"\n                    src=\"https:\/\/www.camperonline.it\/magazine\/wp-content\/gallery\/anteprime-2023-robeta\/thumbs\/thumbs_apollo-12.jpg\"\n                    width=\"240\"\n                    height=\"160\"\n                    style=\"max-width:100%;\"\n                \/>\n            <\/a>\n        <\/div>\n\t\t\t\t\t\t\t<\/div> \n\t\t\t\n\t\t\t\t<div id=\"ngg-image-42\" class=\"ngg-gallery-thumbnail-box ngg-5-columns\" >\n\t\t\t\t        <div class=\"ngg-gallery-thumbnail\">\n            <a href=\"https:\/\/www.camperonline.it\/magazine\/wp-content\/gallery\/anteprime-2023-robeta\/apollo-13.jpg\"\n               title=\"\"\n               data-src=\"https:\/\/www.camperonline.it\/magazine\/wp-content\/gallery\/anteprime-2023-robeta\/apollo-13.jpg\"\n               data-thumbnail=\"https:\/\/www.camperonline.it\/magazine\/wp-content\/gallery\/anteprime-2023-robeta\/thumbs\/thumbs_apollo-13.jpg\"\n               data-image-id=\"125737\"\n               data-title=\"apollo-13\"\n               data-description=\"\"\n               data-image-slug=\"apollo-13\"\n               class=\"ngg-fancybox\" rel=\"aaa64d503fbbf75678635eecfb6dfa18\">\n                <img\n                    title=\"apollo-13\"\n                    alt=\"apollo-13\"\n                    src=\"https:\/\/www.camperonline.it\/magazine\/wp-content\/gallery\/anteprime-2023-robeta\/thumbs\/thumbs_apollo-13.jpg\"\n                    width=\"240\"\n                    height=\"160\"\n                    style=\"max-width:100%;\"\n                \/>\n            <\/a>\n        <\/div>\n\t\t\t\t\t\t\t<\/div> \n\t\t\t\n\t\n\t<br style=\"clear: both\" \/>\n\n\t\t<div class=\"slideshowlink\">\n        <a href='https:\/\/www.camperonline.it\/magazine\/2022\/06\/20\/anteprime-2023-robeta\/nggallery\/slideshow'>[Mostra slideshow]<\/a>\n\t\t\n\t<\/div>\n\t\n\t\t<!-- Pagination -->\n\t<div class='ngg-clear'><\/div>\t<\/div>\n\n","protected":false},"excerpt":{"rendered":"<p>Per la stagione 2023 Robeta amplia la propria offerta con l&#8217;introduzione della meccanica del Mercedes-Benz Sprinter e conferma la conosciuta collezione realizzata su base Citroen Jumper o, in alternativa, del Fiat Ducato<\/p>\n","protected":false},"author":21,"featured_media":328133,"comment_status":"closed","ping_status":"open","sticky":false,"template":"","format":"standard","meta":{"ngg_post_thumbnail":0},"categories":[6462,217,7,5882],"tags":[6464,5883],"yoast_head":"<!-- This site is optimized with the Yoast SEO plugin v18.6 - https:\/\/yoast.com\/wordpress\/plugins\/seo\/ -->\n<title>Anteprime 2023: Robeta - CamperOnLine Magazine<\/title>\n<meta name=\"description\" content=\"Per la stagione 2023 Robeta amplia la propria offerta con l&#039;introduzione della meccanica del Mercedes-Benz Sprinter e conferma la conosciuta collezione\" \/>\n<meta name=\"robots\" content=\"index, follow, max-snippet:-1, max-image-preview:large, max-video-preview:-1\" \/>\n<link rel=\"canonical\" href=\"https:\/\/www.camperonline.it\/magazine\/2022\/06\/20\/anteprime-2023-robeta\/\" \/>\n<meta property=\"og:locale\" content=\"it_IT\" \/>\n<meta property=\"og:type\" content=\"article\" \/>\n<meta property=\"og:title\" content=\"Anteprime 2023: Robeta - CamperOnLine Magazine\" \/>\n<meta property=\"og:description\" content=\"Per la stagione 2023 Robeta amplia la propria offerta con l&#039;introduzione della meccanica del Mercedes-Benz Sprinter e conferma la conosciuta collezione\" \/>\n<meta property=\"og:url\" content=\"https:\/\/www.camperonline.it\/magazine\/2022\/06\/20\/anteprime-2023-robeta\/\" \/>\n<meta property=\"og:site_name\" content=\"CamperOnLine Magazine\" \/>\n<meta property=\"article:published_time\" content=\"2022-06-20T14:06:48+00:00\" \/>\n<meta property=\"og:image\" content=\"https:\/\/www.camperonline.it\/magazine\/wp-content\/uploads\/2022\/06\/Cover_Robeta_2023_2_630.jpg\" \/>\n\t<meta property=\"og:image:width\" content=\"630\" \/>\n\t<meta property=\"og:image:height\" content=\"354\" \/>\n\t<meta property=\"og:image:type\" content=\"image\/jpeg\" \/>\n<meta name=\"twitter:card\" content=\"summary_large_image\" \/>\n<script type=\"application\/ld+json\" class=\"yoast-schema-graph\">{\"@context\":\"https:\/\/schema.org\",\"@graph\":[{\"@type\":\"WebSite\",\"@id\":\"https:\/\/www.camperonline.it\/magazine\/#website\",\"url\":\"https:\/\/www.camperonline.it\/magazine\/\",\"name\":\"CamperOnLine Magazine\",\"description\":\"Viaggi in camper, test, video, destinazioni, vacanze\",\"potentialAction\":[{\"@type\":\"SearchAction\",\"target\":{\"@type\":\"EntryPoint\",\"urlTemplate\":\"https:\/\/www.camperonline.it\/magazine\/?s={search_term_string}\"},\"query-input\":\"required name=search_term_string\"}],\"inLanguage\":\"it-IT\"},{\"@type\":\"ImageObject\",\"@id\":\"https:\/\/www.camperonline.it\/magazine\/2022\/06\/20\/anteprime-2023-robeta\/#primaryimage\",\"inLanguage\":\"it-IT\",\"url\":\"https:\/\/www.camperonline.it\/magazine\/wp-content\/uploads\/2022\/06\/Cover_Robeta_2023_2_630.jpg\",\"contentUrl\":\"https:\/\/www.camperonline.it\/magazine\/wp-content\/uploads\/2022\/06\/Cover_Robeta_2023_2_630.jpg\",\"width\":630,\"height\":354},{\"@type\":\"WebPage\",\"@id\":\"https:\/\/www.camperonline.it\/magazine\/2022\/06\/20\/anteprime-2023-robeta\/#webpage\",\"url\":\"https:\/\/www.camperonline.it\/magazine\/2022\/06\/20\/anteprime-2023-robeta\/\",\"name\":\"Anteprime 2023: Robeta - CamperOnLine Magazine\",\"isPartOf\":{\"@id\":\"https:\/\/www.camperonline.it\/magazine\/#website\"},\"primaryImageOfPage\":{\"@id\":\"https:\/\/www.camperonline.it\/magazine\/2022\/06\/20\/anteprime-2023-robeta\/#primaryimage\"},\"datePublished\":\"2022-06-20T14:06:48+00:00\",\"dateModified\":\"2022-06-20T14:06:48+00:00\",\"author\":{\"@id\":\"https:\/\/www.camperonline.it\/magazine\/#\/schema\/person\/c90be17d75a09ba611f120cef80c1067\"},\"description\":\"Per la stagione 2023 Robeta amplia la propria offerta con l'introduzione della meccanica del Mercedes-Benz Sprinter e conferma la conosciuta collezione\",\"breadcrumb\":{\"@id\":\"https:\/\/www.camperonline.it\/magazine\/2022\/06\/20\/anteprime-2023-robeta\/#breadcrumb\"},\"inLanguage\":\"it-IT\",\"potentialAction\":[{\"@type\":\"ReadAction\",\"target\":[\"https:\/\/www.camperonline.it\/magazine\/2022\/06\/20\/anteprime-2023-robeta\/\"]}]},{\"@type\":\"BreadcrumbList\",\"@id\":\"https:\/\/www.camperonline.it\/magazine\/2022\/06\/20\/anteprime-2023-robeta\/#breadcrumb\",\"itemListElement\":[{\"@type\":\"ListItem\",\"position\":1,\"name\":\"Home\",\"item\":\"https:\/\/www.camperonline.it\/magazine\/\"},{\"@type\":\"ListItem\",\"position\":2,\"name\":\"Anteprime 2023: Robeta\"}]},{\"@type\":\"Person\",\"@id\":\"https:\/\/www.camperonline.it\/magazine\/#\/schema\/person\/c90be17d75a09ba611f120cef80c1067\",\"name\":\"Davide Bon\",\"sameAs\":[\"https:\/\/www.camperonline.it\/magazine\/\"],\"url\":\"https:\/\/www.camperonline.it\/magazine\/author\/davide\/\"}]}<\/script>\n<!-- \/ Yoast SEO plugin. -->","yoast_head_json":{"title":"Anteprime 2023: Robeta - CamperOnLine Magazine","description":"Per la stagione 2023 Robeta amplia la propria offerta con l'introduzione della meccanica del Mercedes-Benz Sprinter e conferma la conosciuta collezione","robots":{"index":"index","follow":"follow","max-snippet":"max-snippet:-1","max-image-preview":"max-image-preview:large","max-video-preview":"max-video-preview:-1"},"canonical":"https:\/\/www.camperonline.it\/magazine\/2022\/06\/20\/anteprime-2023-robeta\/","og_locale":"it_IT","og_type":"article","og_title":"Anteprime 2023: Robeta - CamperOnLine Magazine","og_description":"Per la stagione 2023 Robeta amplia la propria offerta con l'introduzione della meccanica del Mercedes-Benz Sprinter e conferma la conosciuta collezione","og_url":"https:\/\/www.camperonline.it\/magazine\/2022\/06\/20\/anteprime-2023-robeta\/","og_site_name":"CamperOnLine Magazine","article_published_time":"2022-06-20T14:06:48+00:00","og_image":[{"width":630,"height":354,"url":"https:\/\/www.camperonline.it\/magazine\/wp-content\/uploads\/2022\/06\/Cover_Robeta_2023_2_630.jpg","type":"image\/jpeg"}],"twitter_card":"summary_large_image","schema":{"@context":"https:\/\/schema.org","@graph":[{"@type":"WebSite","@id":"https:\/\/www.camperonline.it\/magazine\/#website","url":"https:\/\/www.camperonline.it\/magazine\/","name":"CamperOnLine Magazine","description":"Viaggi in camper, test, video, destinazioni, vacanze","potentialAction":[{"@type":"SearchAction","target":{"@type":"EntryPoint","urlTemplate":"https:\/\/www.camperonline.it\/magazine\/?s={search_term_string}"},"query-input":"required name=search_term_string"}],"inLanguage":"it-IT"},{"@type":"ImageObject","@id":"https:\/\/www.camperonline.it\/magazine\/2022\/06\/20\/anteprime-2023-robeta\/#primaryimage","inLanguage":"it-IT","url":"https:\/\/www.camperonline.it\/magazine\/wp-content\/uploads\/2022\/06\/Cover_Robeta_2023_2_630.jpg","contentUrl":"https:\/\/www.camperonline.it\/magazine\/wp-content\/uploads\/2022\/06\/Cover_Robeta_2023_2_630.jpg","width":630,"height":354},{"@type":"WebPage","@id":"https:\/\/www.camperonline.it\/magazine\/2022\/06\/20\/anteprime-2023-robeta\/#webpage","url":"https:\/\/www.camperonline.it\/magazine\/2022\/06\/20\/anteprime-2023-robeta\/","name":"Anteprime 2023: Robeta - CamperOnLine Magazine","isPartOf":{"@id":"https:\/\/www.camperonline.it\/magazine\/#website"},"primaryImageOfPage":{"@id":"https:\/\/www.camperonline.it\/magazine\/2022\/06\/20\/anteprime-2023-robeta\/#primaryimage"},"datePublished":"2022-06-20T14:06:48+00:00","dateModified":"2022-06-20T14:06:48+00:00","author":{"@id":"https:\/\/www.camperonline.it\/magazine\/#\/schema\/person\/c90be17d75a09ba611f120cef80c1067"},"description":"Per la stagione 2023 Robeta amplia la propria offerta con l'introduzione della meccanica del Mercedes-Benz Sprinter e conferma la conosciuta collezione","breadcrumb":{"@id":"https:\/\/www.camperonline.it\/magazine\/2022\/06\/20\/anteprime-2023-robeta\/#breadcrumb"},"inLanguage":"it-IT","potentialAction":[{"@type":"ReadAction","target":["https:\/\/www.camperonline.it\/magazine\/2022\/06\/20\/anteprime-2023-robeta\/"]}]},{"@type":"BreadcrumbList","@id":"https:\/\/www.camperonline.it\/magazine\/2022\/06\/20\/anteprime-2023-robeta\/#breadcrumb","itemListElement":[{"@type":"ListItem","position":1,"name":"Home","item":"https:\/\/www.camperonline.it\/magazine\/"},{"@type":"ListItem","position":2,"name":"Anteprime 2023: Robeta"}]},{"@type":"Person","@id":"https:\/\/www.camperonline.it\/magazine\/#\/schema\/person\/c90be17d75a09ba611f120cef80c1067","name":"Davide Bon","sameAs":["https:\/\/www.camperonline.it\/magazine\/"],"url":"https:\/\/www.camperonline.it\/magazine\/author\/davide\/"}]}},"_links":{"self":[{"href":"https:\/\/www.camperonline.it\/magazine\/wp-json\/wp\/v2\/posts\/328130"}],"collection":[{"href":"https:\/\/www.camperonline.it\/magazine\/wp-json\/wp\/v2\/posts"}],"about":[{"href":"https:\/\/www.camperonline.it\/magazine\/wp-json\/wp\/v2\/types\/post"}],"author":[{"embeddable":true,"href":"https:\/\/www.camperonline.it\/magazine\/wp-json\/wp\/v2\/users\/21"}],"replies":[{"embeddable":true,"href":"https:\/\/www.camperonline.it\/magazine\/wp-json\/wp\/v2\/comments?post=328130"}],"version-history":[{"count":4,"href":"https:\/\/www.camperonline.it\/magazine\/wp-json\/wp\/v2\/posts\/328130\/revisions"}],"predecessor-version":[{"id":328206,"href":"https:\/\/www.camperonline.it\/magazine\/wp-json\/wp\/v2\/posts\/328130\/revisions\/328206"}],"wp:featuredmedia":[{"embeddable":true,"href":"https:\/\/www.camperonline.it\/magazine\/wp-json\/wp\/v2\/media\/328133"}],"wp:attachment":[{"href":"https:\/\/www.camperonline.it\/magazine\/wp-json\/wp\/v2\/media?parent=328130"}],"wp:term":[{"taxonomy":"category","embeddable":true,"href":"https:\/\/www.camperonline.it\/magazine\/wp-json\/wp\/v2\/categories?post=328130"},{"taxonomy":"post_tag","embeddable":true,"href":"https:\/\/www.camperonline.it\/magazine\/wp-json\/wp\/v2\/tags?post=328130"}],"curies":[{"name":"wp","href":"https:\/\/api.w.org\/{rel}","templated":true}]}}