{"id":328931,"date":"2022-07-22T00:00:16","date_gmt":"2022-07-21T22:00:16","guid":{"rendered":"https:\/\/www.camperonline.it\/magazine\/?p=328931"},"modified":"2022-07-20T18:45:10","modified_gmt":"2022-07-20T16:45:10","slug":"anteprime-2023-giottiline","status":"publish","type":"post","link":"https:\/\/www.camperonline.it\/magazine\/2022\/07\/22\/anteprime-2023-giottiline\/","title":{"rendered":"Anteprime 2023: GiottiLine"},"content":{"rendered":"<p style=\"text-align: center;\" align=\"JUSTIFY\"><img loading=\"lazy\" class=\"aligncenter size-full wp-image-328933\" src=\"https:\/\/www.camperonline.it\/magazine\/wp-content\/uploads\/2022\/07\/CoverGiotti2023-2.jpg\" alt=\"\" width=\"630\" height=\"354\" srcset=\"https:\/\/www.camperonline.it\/magazine\/wp-content\/uploads\/2022\/07\/CoverGiotti2023-2.jpg 630w, https:\/\/www.camperonline.it\/magazine\/wp-content\/uploads\/2022\/07\/CoverGiotti2023-2-300x169.jpg 300w\" sizes=\"(max-width: 630px) 100vw, 630px\" \/><\/p>\n<h2 style=\"text-align: left;\"><span style=\"font-size: 18pt;\">Per la stagione 2023 cresce la collezione targata GiottiLine: arriva l&#8217;inedita serie di semintegrali Compact, contraddistinti da dimensioni esterne ridotte, e aumenta l&#8217;offerta di meccaniche utilizzate, introducendo la base del Ford Transit su alcuni modelli della gamma Siena<\/span><\/h2>\n<p><!--more--><\/p>\n<p>Il 2023 di casa <strong>GiottiLine<\/strong> non \u00e8 solamente una stagione di conferme, ma numerose sono anche le novit\u00e0 presentate dal brand toscano. Cresce in primis la sua collezione, con l\u2019arrivo di una gamma completamente inedita che andr\u00e0 a completare la sua nutrita offerta. Si chiama <strong>Compact<\/strong> e, come il nome suggerisce, si tratta di una serie di profilati dagli ingombri esterni decisamente contenuti. Ma il 2023 segna anche l\u2019arrivo in casa <strong>GiottiLine<\/strong> di una nuova base meccanica: parliamo del <strong>Ford Transit<\/strong>. Sar\u00e0 infatti ora utilizzato come base di partenza per la realizzazione dei modelli pi\u00f9 lunghi della conosciuta gamma di semintegrali <strong>Siena<\/strong>.<\/p>\n<p><img loading=\"lazy\" class=\"aligncenter size-full wp-image-329013\" src=\"https:\/\/www.camperonline.it\/magazine\/wp-content\/uploads\/2022\/07\/DSC_4284_00037.jpg\" alt=\"\" width=\"630\" height=\"418\" srcset=\"https:\/\/www.camperonline.it\/magazine\/wp-content\/uploads\/2022\/07\/DSC_4284_00037.jpg 630w, https:\/\/www.camperonline.it\/magazine\/wp-content\/uploads\/2022\/07\/DSC_4284_00037-300x199.jpg 300w\" sizes=\"(max-width: 630px) 100vw, 630px\" \/><\/p>\n<p style=\"text-align: left;\" align=\"JUSTIFY\"><span style=\"font-size: 18.72px;\"><b>Semintegrali &#8220;Compact&#8221;<\/b><\/span><\/p>\n<p>I semintegrali compatti sono divenuti negli anni non solo un vero e proprio segmento di mercato, ma si tratta di una tipologia di veicoli dalle peculiarit\u00e0 ben precise alla quale l\u2019utenza finale sta rivolgendo con interesse sempre maggiore la propria attenzione, soprattutto come possibile e valida alternativa al mondo dei van. Sempre pi\u00f9 aziende produttrici stanno dunque inserendo tali veicoli nelle proprie collezioni e la toscana <strong>GiottiLine<\/strong> non \u00e8 da meno, con l\u2019arrivo della nuova gamma denominata <strong>Compact<\/strong>. Attualmente \u00e8 composta da due modelli contraddistinti da una larghezza complessiva contenuta in appena 215 cm.<\/p>\n<p><img loading=\"lazy\" class=\"aligncenter size-full wp-image-329015\" src=\"https:\/\/www.camperonline.it\/magazine\/wp-content\/uploads\/2022\/07\/DSC_4396_00039.jpg\" alt=\"\" width=\"630\" height=\"418\" srcset=\"https:\/\/www.camperonline.it\/magazine\/wp-content\/uploads\/2022\/07\/DSC_4396_00039.jpg 630w, https:\/\/www.camperonline.it\/magazine\/wp-content\/uploads\/2022\/07\/DSC_4396_00039-300x199.jpg 300w\" sizes=\"(max-width: 630px) 100vw, 630px\" \/><\/p>\n<p>Originale anche la loro linea esterna, dai tratti piuttosto squadrati, lineari e decisi, che ricreano nel loro complesso un moderno dinamismo dalle forme affusolate. Elementi distintivi sono sicuramente il cupolino di raccordo anteriore, dalle forme arrotondate ai lati che incorniciano una superficie piana centrale \u2013 nella quale \u00e8 stato inserito un piccolo sky-roof apribile \u2013 e l\u2019accattivante specchio di coda, dove spicca il claim \u201cTuscany Style\u201d. Esternamente si notano poi dettagli come l\u2019adozione delle nuove finestre Polyplastic a filo carrozzeria dotate di telaio e la porta cellula e i portelloni d\u2019accesso ai gavoni provvisti di cerniere fini e poco impattanti.<\/p>\n<p><img loading=\"lazy\" class=\"aligncenter size-full wp-image-329019\" src=\"https:\/\/www.camperonline.it\/magazine\/wp-content\/uploads\/2022\/07\/DSC_4580_00027.jpg\" alt=\"\" width=\"630\" height=\"418\" srcset=\"https:\/\/www.camperonline.it\/magazine\/wp-content\/uploads\/2022\/07\/DSC_4580_00027.jpg 630w, https:\/\/www.camperonline.it\/magazine\/wp-content\/uploads\/2022\/07\/DSC_4580_00027-300x199.jpg 300w\" sizes=\"(max-width: 630px) 100vw, 630px\" \/><\/p>\n<p><img loading=\"lazy\" class=\"aligncenter size-full wp-image-329017\" src=\"https:\/\/www.camperonline.it\/magazine\/wp-content\/uploads\/2022\/07\/DSC_4567_00022.jpg\" alt=\"\" width=\"630\" height=\"418\" srcset=\"https:\/\/www.camperonline.it\/magazine\/wp-content\/uploads\/2022\/07\/DSC_4567_00022.jpg 630w, https:\/\/www.camperonline.it\/magazine\/wp-content\/uploads\/2022\/07\/DSC_4567_00022-300x199.jpg 300w\" sizes=\"(max-width: 630px) 100vw, 630px\" \/><\/p>\n<p><img loading=\"lazy\" class=\"aligncenter size-full wp-image-329020\" src=\"https:\/\/www.camperonline.it\/magazine\/wp-content\/uploads\/2022\/07\/DSC_4592_00033.jpg\" alt=\"\" width=\"630\" height=\"418\" srcset=\"https:\/\/www.camperonline.it\/magazine\/wp-content\/uploads\/2022\/07\/DSC_4592_00033.jpg 630w, https:\/\/www.camperonline.it\/magazine\/wp-content\/uploads\/2022\/07\/DSC_4592_00033-300x199.jpg 300w\" sizes=\"(max-width: 630px) 100vw, 630px\" \/><\/p>\n<p>La base meccanica prevista per i nuovi <strong>GiottiLine Compact<\/strong> non \u00e8 una sola, bens\u00ec \u00e8 possibile scegliere tra il Citroen Jumper, il Puegeot Boxer o il sempre ricercato Fiat Ducato, in quest\u2019ultimo caso abbinabile anche al cambio automatico. Inedito anche il design del loro arredo interno, che abbina un\u2019essenza calda del legno a piani pi\u00f9 scuri di colore grigio, impreziosito dalle luci d\u2019ambiente a LED e dalle ante dei pensili senza maniglia a vista, con chiusura push-lock.<br \/>\nPartiamo dal modello pi\u00f9 compatto della gamma, il <strong>Compact C60<\/strong>. La sua lunghezza \u00e8 pari a soli 599 cm e l\u2019adozione del passo corto da 345 cm dona a questo veicolo ottime doti stradali e di maneggevolezza in tutte le situazioni.<\/p>\n<p><img loading=\"lazy\" class=\"aligncenter size-full wp-image-329021\" src=\"https:\/\/www.camperonline.it\/magazine\/wp-content\/uploads\/2022\/07\/DSC_4253_00001.jpg\" alt=\"\" width=\"630\" height=\"418\" srcset=\"https:\/\/www.camperonline.it\/magazine\/wp-content\/uploads\/2022\/07\/DSC_4253_00001.jpg 630w, https:\/\/www.camperonline.it\/magazine\/wp-content\/uploads\/2022\/07\/DSC_4253_00001-300x199.jpg 300w\" sizes=\"(max-width: 630px) 100vw, 630px\" \/><\/p>\n<p><img loading=\"lazy\" class=\"aligncenter size-full wp-image-329022\" src=\"https:\/\/www.camperonline.it\/magazine\/wp-content\/uploads\/2022\/07\/DSC_4254_00002.jpg\" alt=\"\" width=\"630\" height=\"418\" srcset=\"https:\/\/www.camperonline.it\/magazine\/wp-content\/uploads\/2022\/07\/DSC_4254_00002.jpg 630w, https:\/\/www.camperonline.it\/magazine\/wp-content\/uploads\/2022\/07\/DSC_4254_00002-300x199.jpg 300w\" sizes=\"(max-width: 630px) 100vw, 630px\" \/><\/p>\n<p><img loading=\"lazy\" class=\"aligncenter size-full wp-image-329023\" src=\"https:\/\/www.camperonline.it\/magazine\/wp-content\/uploads\/2022\/07\/DSC_4257_00003.jpg\" alt=\"\" width=\"630\" height=\"418\" srcset=\"https:\/\/www.camperonline.it\/magazine\/wp-content\/uploads\/2022\/07\/DSC_4257_00003.jpg 630w, https:\/\/www.camperonline.it\/magazine\/wp-content\/uploads\/2022\/07\/DSC_4257_00003-300x199.jpg 300w\" sizes=\"(max-width: 630px) 100vw, 630px\" \/><\/p>\n<p>All\u2019intero propone uno degli schemi abitativi classici per questa categoria, quello con letto matrimoniale trasversale in coda su garage, aggiungendoci per\u00f2 qualche tocco di originalit\u00e0. Salta subito all\u2019occhio il mobile cucina, che si sviluppa linearmente a lato dell\u2019ingresso.<\/p>\n<p><img loading=\"lazy\" class=\"aligncenter size-full wp-image-329028\" src=\"https:\/\/www.camperonline.it\/magazine\/wp-content\/uploads\/2022\/07\/DSC_4261_00005.jpg\" alt=\"\" width=\"630\" height=\"418\" srcset=\"https:\/\/www.camperonline.it\/magazine\/wp-content\/uploads\/2022\/07\/DSC_4261_00005.jpg 630w, https:\/\/www.camperonline.it\/magazine\/wp-content\/uploads\/2022\/07\/DSC_4261_00005-300x199.jpg 300w\" sizes=\"(max-width: 630px) 100vw, 630px\" \/><\/p>\n<p><img loading=\"lazy\" class=\"aligncenter size-full wp-image-329029\" src=\"https:\/\/www.camperonline.it\/magazine\/wp-content\/uploads\/2022\/07\/DSC_4265_00007.jpg\" alt=\"\" width=\"630\" height=\"418\" srcset=\"https:\/\/www.camperonline.it\/magazine\/wp-content\/uploads\/2022\/07\/DSC_4265_00007.jpg 630w, https:\/\/www.camperonline.it\/magazine\/wp-content\/uploads\/2022\/07\/DSC_4265_00007-300x199.jpg 300w\" sizes=\"(max-width: 630px) 100vw, 630px\" \/><\/p>\n<p>La sua superficie presenta dimensioni superiori alla media per la categoria e ospita un insolito lavello circolare non realizzato in acciaio inox, ma perfettamente integrato nel piano. E\u2019 servito da un miscelatore a canna alta d\u2019impronta domestica ed \u00e8 affiancato da un fornello a due fuochi. A lato della cucina sono stati inseriti due piccoli armadi guardaroba sovrapposti, in aggiunta a quello classico ricavato al di sotto del letto di coda, comunicate anche con il gavone garage.<\/p>\n<p><img loading=\"lazy\" class=\"aligncenter size-full wp-image-329024\" src=\"https:\/\/www.camperonline.it\/magazine\/wp-content\/uploads\/2022\/07\/DSC_4276_00013-2.jpg\" alt=\"\" width=\"630\" height=\"471\" srcset=\"https:\/\/www.camperonline.it\/magazine\/wp-content\/uploads\/2022\/07\/DSC_4276_00013-2.jpg 630w, https:\/\/www.camperonline.it\/magazine\/wp-content\/uploads\/2022\/07\/DSC_4276_00013-2-300x224.jpg 300w\" sizes=\"(max-width: 630px) 100vw, 630px\" \/><\/p>\n<p><img loading=\"lazy\" class=\"aligncenter size-full wp-image-329025\" src=\"https:\/\/www.camperonline.it\/magazine\/wp-content\/uploads\/2022\/07\/DSC_4273_00011-2.jpg\" alt=\"\" width=\"630\" height=\"470\" srcset=\"https:\/\/www.camperonline.it\/magazine\/wp-content\/uploads\/2022\/07\/DSC_4273_00011-2.jpg 630w, https:\/\/www.camperonline.it\/magazine\/wp-content\/uploads\/2022\/07\/DSC_4273_00011-2-300x224.jpg 300w, https:\/\/www.camperonline.it\/magazine\/wp-content\/uploads\/2022\/07\/DSC_4273_00011-2-270x200.jpg 270w\" sizes=\"(max-width: 630px) 100vw, 630px\" \/><\/p>\n<p>L\u2019anta di quest\u2019ultimo integra inoltre la scaletta ripiegabile d\u2019accesso al letto. L\u2019allestimento si completa con una classica semidinette integrata con la cabina di guida e un locale bagno nella nuova versione a volume variabile, provvisto dunque di una parete ruotabile che consente la creazione di un box doccia separato.<\/p>\n<p><img loading=\"lazy\" class=\"aligncenter size-full wp-image-329026\" src=\"https:\/\/www.camperonline.it\/magazine\/wp-content\/uploads\/2022\/07\/DSC_4281_00015.jpg\" alt=\"\" width=\"630\" height=\"418\" srcset=\"https:\/\/www.camperonline.it\/magazine\/wp-content\/uploads\/2022\/07\/DSC_4281_00015.jpg 630w, https:\/\/www.camperonline.it\/magazine\/wp-content\/uploads\/2022\/07\/DSC_4281_00015-300x199.jpg 300w\" sizes=\"(max-width: 630px) 100vw, 630px\" \/><\/p>\n<p><img loading=\"lazy\" class=\"aligncenter size-full wp-image-329027\" src=\"https:\/\/www.camperonline.it\/magazine\/wp-content\/uploads\/2022\/07\/DSC_4282_00016.jpg\" alt=\"\" width=\"630\" height=\"418\" srcset=\"https:\/\/www.camperonline.it\/magazine\/wp-content\/uploads\/2022\/07\/DSC_4282_00016.jpg 630w, https:\/\/www.camperonline.it\/magazine\/wp-content\/uploads\/2022\/07\/DSC_4282_00016-300x199.jpg 300w\" sizes=\"(max-width: 630px) 100vw, 630px\" \/><\/p>\n<p>Il fratello maggiore, il <strong>Compact C66<\/strong>, opta invece per il layout con letti gemelli in coda dall\u2019accesso facilitato posizionati sempre su garage, sviluppato in 660 cm di lunghezza complessiva.<\/p>\n<p><img loading=\"lazy\" class=\"aligncenter size-full wp-image-329030\" src=\"https:\/\/www.camperonline.it\/magazine\/wp-content\/uploads\/2022\/07\/DSC_4566_00021.jpg\" alt=\"\" width=\"630\" height=\"418\" srcset=\"https:\/\/www.camperonline.it\/magazine\/wp-content\/uploads\/2022\/07\/DSC_4566_00021.jpg 630w, https:\/\/www.camperonline.it\/magazine\/wp-content\/uploads\/2022\/07\/DSC_4566_00021-300x199.jpg 300w\" sizes=\"(max-width: 630px) 100vw, 630px\" \/><\/p>\n<p><img loading=\"lazy\" class=\"aligncenter size-full wp-image-329031\" src=\"https:\/\/www.camperonline.it\/magazine\/wp-content\/uploads\/2022\/07\/DSC_4590_00032.jpg\" alt=\"\" width=\"630\" height=\"418\" srcset=\"https:\/\/www.camperonline.it\/magazine\/wp-content\/uploads\/2022\/07\/DSC_4590_00032.jpg 630w, https:\/\/www.camperonline.it\/magazine\/wp-content\/uploads\/2022\/07\/DSC_4590_00032-300x199.jpg 300w\" sizes=\"(max-width: 630px) 100vw, 630px\" \/><\/p>\n<p>Condivide in tutto e per tutto le medesime zone giorno e servizi del pi\u00f9 piccolo Compact C60, differenziandosi per\u00f2 per l\u2019organizzazione della camera padronale posteriore. Ed \u00e8 proprio in questa parte dell\u2019abitacolo che ritroviamo anche una delle principali peculiarit\u00e0 di questo modello, ovvero quella di mettere a disposizione dell\u2019equipaggio ben sei armadi guardaroba: oltre ai due sovrapposti, collocati a lato della cucina, sono infatti presenti altri quattro capienti vani ricavati al di sotto dei letti di coda.<\/p>\n<p><img loading=\"lazy\" class=\"aligncenter size-full wp-image-329032\" src=\"https:\/\/www.camperonline.it\/magazine\/wp-content\/uploads\/2022\/07\/DSC_4294_00002.jpg\" alt=\"\" width=\"630\" height=\"418\" srcset=\"https:\/\/www.camperonline.it\/magazine\/wp-content\/uploads\/2022\/07\/DSC_4294_00002.jpg 630w, https:\/\/www.camperonline.it\/magazine\/wp-content\/uploads\/2022\/07\/DSC_4294_00002-300x199.jpg 300w\" sizes=\"(max-width: 630px) 100vw, 630px\" \/><\/p>\n<p><img loading=\"lazy\" class=\"aligncenter size-full wp-image-329034\" src=\"https:\/\/www.camperonline.it\/magazine\/wp-content\/uploads\/2022\/07\/DSC_4295_00003-2.jpg\" alt=\"\" width=\"630\" height=\"470\" srcset=\"https:\/\/www.camperonline.it\/magazine\/wp-content\/uploads\/2022\/07\/DSC_4295_00003-2.jpg 630w, https:\/\/www.camperonline.it\/magazine\/wp-content\/uploads\/2022\/07\/DSC_4295_00003-2-300x224.jpg 300w, https:\/\/www.camperonline.it\/magazine\/wp-content\/uploads\/2022\/07\/DSC_4295_00003-2-270x200.jpg 270w\" sizes=\"(max-width: 630px) 100vw, 630px\" \/><\/p>\n<p><img loading=\"lazy\" class=\"aligncenter size-full wp-image-329035\" src=\"https:\/\/www.camperonline.it\/magazine\/wp-content\/uploads\/2022\/07\/DSC_4305_00008.jpg\" alt=\"\" width=\"630\" height=\"418\" srcset=\"https:\/\/www.camperonline.it\/magazine\/wp-content\/uploads\/2022\/07\/DSC_4305_00008.jpg 630w, https:\/\/www.camperonline.it\/magazine\/wp-content\/uploads\/2022\/07\/DSC_4305_00008-300x199.jpg 300w\" sizes=\"(max-width: 630px) 100vw, 630px\" \/><\/p>\n<p><img loading=\"lazy\" class=\"aligncenter size-full wp-image-329036\" src=\"https:\/\/www.camperonline.it\/magazine\/wp-content\/uploads\/2022\/07\/DSC_4312_00011.jpg\" alt=\"\" width=\"630\" height=\"418\" srcset=\"https:\/\/www.camperonline.it\/magazine\/wp-content\/uploads\/2022\/07\/DSC_4312_00011.jpg 630w, https:\/\/www.camperonline.it\/magazine\/wp-content\/uploads\/2022\/07\/DSC_4312_00011-300x199.jpg 300w\" sizes=\"(max-width: 630px) 100vw, 630px\" \/><\/p>\n<p><span style=\"font-size: 18.72px;\"><b>Semintegrali &#8220;Siena&#8221; su base Ford Transit<\/b><\/span><\/p>\n<p>Per la stagione 2023 la base meccanica del <strong>Ford Transit<\/strong> entra a far parte del mondo <strong>GiottiLine<\/strong>, una scelta ben mirata, volta ad ampliare l\u2019offerta di motorizzazioni presenti all\u2019interno della sua collezione. Andr\u00e0 per il momento a equipaggiare i tre semintegrali pi\u00f9 lunghi della gamma <strong>Siena<\/strong>, ossia quei modelli di lunghezza superiore ai sette metri, affiancando dunque i modelli pi\u00f9 compatti di questa serie, che mantengono inalterata la meccanica utilizzata, potendo scegliere tra il Citroen Jumper, il Peugeot Boxer oppure il Fiat Ducato.<\/p>\n<p><img loading=\"lazy\" class=\"aligncenter size-full wp-image-329016\" src=\"https:\/\/www.camperonline.it\/magazine\/wp-content\/uploads\/2022\/07\/DSC_4402_00042.jpg\" alt=\"\" width=\"630\" height=\"418\" srcset=\"https:\/\/www.camperonline.it\/magazine\/wp-content\/uploads\/2022\/07\/DSC_4402_00042.jpg 630w, https:\/\/www.camperonline.it\/magazine\/wp-content\/uploads\/2022\/07\/DSC_4402_00042-300x199.jpg 300w\" sizes=\"(max-width: 630px) 100vw, 630px\" \/><\/p>\n<p>Un\u2019evoluzione, questa, che ricorda e rispetta fedelmente il punto di partenza: da un lato infatti riprende in tutto e per tutto i conosciuti tratti distintivi della gamma <strong>Siena<\/strong>, dall\u2019altro questi ultimi sono stati ritoccati in modo tale da adattarsi al meglio alle forme della nuova meccanica adottata. Differenze che si notano soprattutto nella parte anteriore, dove ritroviamo un cupolino di raccordo dalle forme pi\u00f9 pronunciate.<\/p>\n<p><img loading=\"lazy\" class=\"aligncenter size-full wp-image-329039\" src=\"https:\/\/www.camperonline.it\/magazine\/wp-content\/uploads\/2022\/07\/DSC_4426_00005.jpg\" alt=\"\" width=\"630\" height=\"418\" srcset=\"https:\/\/www.camperonline.it\/magazine\/wp-content\/uploads\/2022\/07\/DSC_4426_00005.jpg 630w, https:\/\/www.camperonline.it\/magazine\/wp-content\/uploads\/2022\/07\/DSC_4426_00005-300x199.jpg 300w\" sizes=\"(max-width: 630px) 100vw, 630px\" \/><\/p>\n<p><img loading=\"lazy\" class=\"aligncenter size-full wp-image-329040\" src=\"https:\/\/www.camperonline.it\/magazine\/wp-content\/uploads\/2022\/07\/DSC_4461_00018.jpg\" alt=\"\" width=\"630\" height=\"418\" srcset=\"https:\/\/www.camperonline.it\/magazine\/wp-content\/uploads\/2022\/07\/DSC_4461_00018.jpg 630w, https:\/\/www.camperonline.it\/magazine\/wp-content\/uploads\/2022\/07\/DSC_4461_00018-300x199.jpg 300w\" sizes=\"(max-width: 630px) 100vw, 630px\" \/><\/p>\n<p>Ma vediamo ora pi\u00f9 nel dettaglio i tre modelli interessati, accomunati dalla medesima lunghezza esterna pari a 740 cm e dalla presenza del letto matrimoniale basculante anteriore a movimentazione elettrica.<br \/>\nPartiamo da quello che possiamo oggigiorno definire di tendenza per lo schema abitativo adottato, prestandosi come compagno di viaggio ideale principalmente per la coppia in cerca di spazio e comfort di bordo: il <strong>Siena 397<\/strong>.<\/p>\n<p><img loading=\"lazy\" class=\"aligncenter size-full wp-image-329041\" src=\"https:\/\/www.camperonline.it\/magazine\/wp-content\/uploads\/2022\/07\/DSC_4498_00036.jpg\" alt=\"\" width=\"630\" height=\"418\" srcset=\"https:\/\/www.camperonline.it\/magazine\/wp-content\/uploads\/2022\/07\/DSC_4498_00036.jpg 630w, https:\/\/www.camperonline.it\/magazine\/wp-content\/uploads\/2022\/07\/DSC_4498_00036-300x199.jpg 300w\" sizes=\"(max-width: 630px) 100vw, 630px\" \/><\/p>\n<p><img loading=\"lazy\" class=\"aligncenter size-full wp-image-329042\" src=\"https:\/\/www.camperonline.it\/magazine\/wp-content\/uploads\/2022\/07\/DSC_4449_00014.jpg\" alt=\"\" width=\"630\" height=\"418\" srcset=\"https:\/\/www.camperonline.it\/magazine\/wp-content\/uploads\/2022\/07\/DSC_4449_00014.jpg 630w, https:\/\/www.camperonline.it\/magazine\/wp-content\/uploads\/2022\/07\/DSC_4449_00014-300x199.jpg 300w\" sizes=\"(max-width: 630px) 100vw, 630px\" \/><\/p>\n<p><img loading=\"lazy\" class=\"aligncenter size-full wp-image-329043\" src=\"https:\/\/www.camperonline.it\/magazine\/wp-content\/uploads\/2022\/07\/DSC_4443_00012.jpg\" alt=\"\" width=\"630\" height=\"418\" srcset=\"https:\/\/www.camperonline.it\/magazine\/wp-content\/uploads\/2022\/07\/DSC_4443_00012.jpg 630w, https:\/\/www.camperonline.it\/magazine\/wp-content\/uploads\/2022\/07\/DSC_4443_00012-300x199.jpg 300w\" sizes=\"(max-width: 630px) 100vw, 630px\" \/><\/p>\n<p>Lo schema abitativo proposto \u00e8 quello che unisce la presenza del letto centrale nautico posteriore su garage a un soggiorno in conformazione face-to-face, integrato con la cabina di guida. La zona giorno si completa poi con un blocco cucina dalla forma a \u201cL\u201d rovesciata, fronteggiata dal frigorifero a colonna. Non poteva mancare una toilette organizzata in locali indipendenti, che possono all\u2019occorrenza essere uniti in un unico vano passante.<\/p>\n<p><img loading=\"lazy\" class=\"aligncenter size-full wp-image-329044\" src=\"https:\/\/www.camperonline.it\/magazine\/wp-content\/uploads\/2022\/07\/DSC_4466_00021.jpg\" alt=\"\" width=\"630\" height=\"418\" srcset=\"https:\/\/www.camperonline.it\/magazine\/wp-content\/uploads\/2022\/07\/DSC_4466_00021.jpg 630w, https:\/\/www.camperonline.it\/magazine\/wp-content\/uploads\/2022\/07\/DSC_4466_00021-300x199.jpg 300w\" sizes=\"(max-width: 630px) 100vw, 630px\" \/><\/p>\n<p><img loading=\"lazy\" class=\"aligncenter size-full wp-image-329045\" src=\"https:\/\/www.camperonline.it\/magazine\/wp-content\/uploads\/2022\/07\/DSC_4465_00020.jpg\" alt=\"\" width=\"630\" height=\"418\" srcset=\"https:\/\/www.camperonline.it\/magazine\/wp-content\/uploads\/2022\/07\/DSC_4465_00020.jpg 630w, https:\/\/www.camperonline.it\/magazine\/wp-content\/uploads\/2022\/07\/DSC_4465_00020-300x199.jpg 300w\" sizes=\"(max-width: 630px) 100vw, 630px\" \/><\/p>\n<p><img loading=\"lazy\" class=\"aligncenter size-full wp-image-329046\" src=\"https:\/\/www.camperonline.it\/magazine\/wp-content\/uploads\/2022\/07\/DSC_4473_00024.jpg\" alt=\"\" width=\"630\" height=\"418\" srcset=\"https:\/\/www.camperonline.it\/magazine\/wp-content\/uploads\/2022\/07\/DSC_4473_00024.jpg 630w, https:\/\/www.camperonline.it\/magazine\/wp-content\/uploads\/2022\/07\/DSC_4473_00024-300x199.jpg 300w\" sizes=\"(max-width: 630px) 100vw, 630px\" \/><\/p>\n<p><img loading=\"lazy\" class=\"aligncenter size-full wp-image-329047\" src=\"https:\/\/www.camperonline.it\/magazine\/wp-content\/uploads\/2022\/07\/DSC_4477_00026.jpg\" alt=\"\" width=\"630\" height=\"418\" srcset=\"https:\/\/www.camperonline.it\/magazine\/wp-content\/uploads\/2022\/07\/DSC_4477_00026.jpg 630w, https:\/\/www.camperonline.it\/magazine\/wp-content\/uploads\/2022\/07\/DSC_4477_00026-300x199.jpg 300w\" sizes=\"(max-width: 630px) 100vw, 630px\" \/><\/p>\n<p><img loading=\"lazy\" class=\"aligncenter size-full wp-image-329048\" src=\"https:\/\/www.camperonline.it\/magazine\/wp-content\/uploads\/2022\/07\/DSC_4482_00029.jpg\" alt=\"\" width=\"630\" height=\"418\" srcset=\"https:\/\/www.camperonline.it\/magazine\/wp-content\/uploads\/2022\/07\/DSC_4482_00029.jpg 630w, https:\/\/www.camperonline.it\/magazine\/wp-content\/uploads\/2022\/07\/DSC_4482_00029-300x199.jpg 300w\" sizes=\"(max-width: 630px) 100vw, 630px\" \/><\/p>\n<p>Anche il <strong>Siena 390<\/strong> adotta la tipologia di camera da letto con matrimoniale a penisola su garage, inserito per\u00f2 in un allestimento che nel complesso possiamo definire pi\u00f9 tradizionale.<\/p>\n<p><img loading=\"lazy\" class=\"aligncenter size-full wp-image-329049\" src=\"https:\/\/www.camperonline.it\/magazine\/wp-content\/uploads\/2022\/07\/DSC_4319_00001.jpg\" alt=\"\" width=\"630\" height=\"418\" srcset=\"https:\/\/www.camperonline.it\/magazine\/wp-content\/uploads\/2022\/07\/DSC_4319_00001.jpg 630w, https:\/\/www.camperonline.it\/magazine\/wp-content\/uploads\/2022\/07\/DSC_4319_00001-300x199.jpg 300w\" sizes=\"(max-width: 630px) 100vw, 630px\" \/><\/p>\n<p>In questo caso ritroviamo infatti una classica semidinette coadiuvata da un divanetto laterale e dai sedili girevoli della cabina e un mobile cucina che accenna una comune forma a \u201cL\u201d. Su questo modello, per\u00f2, la toilette \u00e8 stata integrata nella camera padronale, pur prevedendo sempre due moduli separati.<\/p>\n<p><img loading=\"lazy\" class=\"aligncenter size-full wp-image-329052\" src=\"https:\/\/www.camperonline.it\/magazine\/wp-content\/uploads\/2022\/07\/DSC_4329_00006.jpg\" alt=\"\" width=\"630\" height=\"418\" srcset=\"https:\/\/www.camperonline.it\/magazine\/wp-content\/uploads\/2022\/07\/DSC_4329_00006.jpg 630w, https:\/\/www.camperonline.it\/magazine\/wp-content\/uploads\/2022\/07\/DSC_4329_00006-300x199.jpg 300w\" sizes=\"(max-width: 630px) 100vw, 630px\" \/><\/p>\n<p><img loading=\"lazy\" class=\"aligncenter size-full wp-image-329053\" src=\"https:\/\/www.camperonline.it\/magazine\/wp-content\/uploads\/2022\/07\/DSC_4328_00005.jpg\" alt=\"\" width=\"630\" height=\"418\" srcset=\"https:\/\/www.camperonline.it\/magazine\/wp-content\/uploads\/2022\/07\/DSC_4328_00005.jpg 630w, https:\/\/www.camperonline.it\/magazine\/wp-content\/uploads\/2022\/07\/DSC_4328_00005-300x199.jpg 300w\" sizes=\"(max-width: 630px) 100vw, 630px\" \/><\/p>\n<p><img loading=\"lazy\" class=\"aligncenter size-full wp-image-329054\" src=\"https:\/\/www.camperonline.it\/magazine\/wp-content\/uploads\/2022\/07\/DSC_4336_00009.jpg\" alt=\"\" width=\"630\" height=\"418\" srcset=\"https:\/\/www.camperonline.it\/magazine\/wp-content\/uploads\/2022\/07\/DSC_4336_00009.jpg 630w, https:\/\/www.camperonline.it\/magazine\/wp-content\/uploads\/2022\/07\/DSC_4336_00009-300x199.jpg 300w\" sizes=\"(max-width: 630px) 100vw, 630px\" \/><\/p>\n<p><img loading=\"lazy\" class=\"aligncenter size-full wp-image-329055\" src=\"https:\/\/www.camperonline.it\/magazine\/wp-content\/uploads\/2022\/07\/DSC_4340_00011.jpg\" alt=\"\" width=\"630\" height=\"418\" srcset=\"https:\/\/www.camperonline.it\/magazine\/wp-content\/uploads\/2022\/07\/DSC_4340_00011.jpg 630w, https:\/\/www.camperonline.it\/magazine\/wp-content\/uploads\/2022\/07\/DSC_4340_00011-300x199.jpg 300w\" sizes=\"(max-width: 630px) 100vw, 630px\" \/><\/p>\n<p>Da notare il particolare sfruttamento della parte inferiore del letto di coda dedicata allo stivaggio, contemplando numerosi vani e cassettoni accessibili sia dall\u2019interno dell\u2019abitacolo, sia direttamente dal gavone garage.<\/p>\n<p><img loading=\"lazy\" class=\"aligncenter size-full wp-image-329050\" src=\"https:\/\/www.camperonline.it\/magazine\/wp-content\/uploads\/2022\/07\/DSC_4409.jpg\" alt=\"\" width=\"630\" height=\"418\" srcset=\"https:\/\/www.camperonline.it\/magazine\/wp-content\/uploads\/2022\/07\/DSC_4409.jpg 630w, https:\/\/www.camperonline.it\/magazine\/wp-content\/uploads\/2022\/07\/DSC_4409-300x199.jpg 300w\" sizes=\"(max-width: 630px) 100vw, 630px\" \/><\/p>\n<p><img loading=\"lazy\" class=\"aligncenter size-full wp-image-329051\" src=\"https:\/\/www.camperonline.it\/magazine\/wp-content\/uploads\/2022\/07\/DSC_4411.jpg\" alt=\"\" width=\"630\" height=\"418\" srcset=\"https:\/\/www.camperonline.it\/magazine\/wp-content\/uploads\/2022\/07\/DSC_4411.jpg 630w, https:\/\/www.camperonline.it\/magazine\/wp-content\/uploads\/2022\/07\/DSC_4411-300x199.jpg 300w\" sizes=\"(max-width: 630px) 100vw, 630px\" \/><\/p>\n<p>Infine, il <strong>Siena 395<\/strong> condivide la medesima organizzazione della zona giorno del Siena 390, prevedendo per\u00f2 in coda i letti singoli gemelli.<\/p>\n<p><img loading=\"lazy\" class=\"aligncenter size-full wp-image-329056\" src=\"https:\/\/www.camperonline.it\/magazine\/wp-content\/uploads\/2022\/07\/DSC_4350_00001.jpg\" alt=\"\" width=\"630\" height=\"418\" srcset=\"https:\/\/www.camperonline.it\/magazine\/wp-content\/uploads\/2022\/07\/DSC_4350_00001.jpg 630w, https:\/\/www.camperonline.it\/magazine\/wp-content\/uploads\/2022\/07\/DSC_4350_00001-300x199.jpg 300w\" sizes=\"(max-width: 630px) 100vw, 630px\" \/><\/p>\n<p>Anche qui la toilette resta suddivisa in due locali indipendenti, mentre vale la pena citare particolari come uno sportello interno di comunicazione con il sottostante garage e la presenza di due piccoli armadi guardaroba sovrapposti, in aggiunta ai classici collocati al di sotto del piano dei letti gemelli.<\/p>\n<p><img loading=\"lazy\" class=\"aligncenter size-full wp-image-329057\" src=\"https:\/\/www.camperonline.it\/magazine\/wp-content\/uploads\/2022\/07\/DSC_4360_00006.jpg\" alt=\"\" width=\"630\" height=\"418\" srcset=\"https:\/\/www.camperonline.it\/magazine\/wp-content\/uploads\/2022\/07\/DSC_4360_00006.jpg 630w, https:\/\/www.camperonline.it\/magazine\/wp-content\/uploads\/2022\/07\/DSC_4360_00006-300x199.jpg 300w\" sizes=\"(max-width: 630px) 100vw, 630px\" \/><\/p>\n<p><img loading=\"lazy\" class=\"aligncenter size-full wp-image-329058\" src=\"https:\/\/www.camperonline.it\/magazine\/wp-content\/uploads\/2022\/07\/DSC_4356_00004.jpg\" alt=\"\" width=\"630\" height=\"418\" srcset=\"https:\/\/www.camperonline.it\/magazine\/wp-content\/uploads\/2022\/07\/DSC_4356_00004.jpg 630w, https:\/\/www.camperonline.it\/magazine\/wp-content\/uploads\/2022\/07\/DSC_4356_00004-300x199.jpg 300w\" sizes=\"(max-width: 630px) 100vw, 630px\" \/><\/p>\n<p><img loading=\"lazy\" class=\"aligncenter size-full wp-image-329059\" src=\"https:\/\/www.camperonline.it\/magazine\/wp-content\/uploads\/2022\/07\/DSC_4371_00012.jpg\" alt=\"\" width=\"630\" height=\"418\" srcset=\"https:\/\/www.camperonline.it\/magazine\/wp-content\/uploads\/2022\/07\/DSC_4371_00012.jpg 630w, https:\/\/www.camperonline.it\/magazine\/wp-content\/uploads\/2022\/07\/DSC_4371_00012-300x199.jpg 300w\" sizes=\"(max-width: 630px) 100vw, 630px\" \/><\/p>\n<p><img loading=\"lazy\" class=\"aligncenter size-full wp-image-329060\" src=\"https:\/\/www.camperonline.it\/magazine\/wp-content\/uploads\/2022\/07\/DSC_4384_00018-2.jpg\" alt=\"\" width=\"630\" height=\"471\" srcset=\"https:\/\/www.camperonline.it\/magazine\/wp-content\/uploads\/2022\/07\/DSC_4384_00018-2.jpg 630w, https:\/\/www.camperonline.it\/magazine\/wp-content\/uploads\/2022\/07\/DSC_4384_00018-2-300x224.jpg 300w\" sizes=\"(max-width: 630px) 100vw, 630px\" \/><\/p>\n<p>Ai nuovi modelli su meccanica Ford, l\u2019azienda toscana ha inoltre deciso di dedicare una \u201c<strong>Premiere Edition<\/strong>\u201d, una versione full-optional ideata per soddisfare anche le aspettative di una clientela pi\u00f9 esigente. Oltre ai conosciuti pacchetti \u201cSiena\u201d e \u201cPrivilege\u201d, infatti, questa \u201cPremiere Edition\u201d annovera equipaggiamenti come il pi\u00f9 performante propulsore da 170 CV abbinato al cambio automatico, i cerchi in lega da 16\u201d di colore nero, i fari fendinebbia, il paraurti anteriore verniciato in tinta, la stazione multimediale con schermo touch da 9\u201d, le luci diurne a LED e molto altro.<\/p>\n<p><img loading=\"lazy\" class=\"aligncenter size-full wp-image-329063\" src=\"https:\/\/www.camperonline.it\/magazine\/wp-content\/uploads\/2022\/07\/DSC_4421_00003.jpg\" alt=\"\" width=\"630\" height=\"418\" srcset=\"https:\/\/www.camperonline.it\/magazine\/wp-content\/uploads\/2022\/07\/DSC_4421_00003.jpg 630w, https:\/\/www.camperonline.it\/magazine\/wp-content\/uploads\/2022\/07\/DSC_4421_00003-300x199.jpg 300w\" sizes=\"(max-width: 630px) 100vw, 630px\" \/><\/p>\n<h3>Fotogallery<\/h3>\n<!-- default-view.php -->\n<div\n\tclass=\"ngg-galleryoverview default-view  ngg-ajax-pagination-none\"\n\tid=\"ngg-gallery-0107b832b32400db6ea87d436d2e37f2-1\">\n\n\t\t<!-- Thumbnails -->\n\t\t\t\t<div id=\"ngg-image-0\" class=\"ngg-gallery-thumbnail-box ngg-5-columns\" >\n\t\t\t\t        <div class=\"ngg-gallery-thumbnail\">\n            <a href=\"https:\/\/www.camperonline.it\/magazine\/wp-content\/gallery\/anteprime-2023-giottiline\/DSC_4253_00001.jpg\"\n               title=\"\"\n               data-src=\"https:\/\/www.camperonline.it\/magazine\/wp-content\/gallery\/anteprime-2023-giottiline\/DSC_4253_00001.jpg\"\n               data-thumbnail=\"https:\/\/www.camperonline.it\/magazine\/wp-content\/gallery\/anteprime-2023-giottiline\/thumbs\/thumbs_DSC_4253_00001.jpg\"\n               data-image-id=\"126057\"\n               data-title=\"DSC_4253_00001\"\n               data-description=\"\"\n               data-image-slug=\"dsc_4253_00001\"\n               class=\"ngg-fancybox\" rel=\"0107b832b32400db6ea87d436d2e37f2\">\n                <img\n                    title=\"DSC_4253_00001\"\n                    alt=\"DSC_4253_00001\"\n                    src=\"https:\/\/www.camperonline.it\/magazine\/wp-content\/gallery\/anteprime-2023-giottiline\/thumbs\/thumbs_DSC_4253_00001.jpg\"\n                    width=\"240\"\n                    height=\"160\"\n                    style=\"max-width:100%;\"\n                \/>\n            <\/a>\n        <\/div>\n\t\t\t\t\t\t\t<\/div> \n\t\t\t\n\t\t\t\t<div id=\"ngg-image-1\" class=\"ngg-gallery-thumbnail-box ngg-5-columns\" >\n\t\t\t\t        <div class=\"ngg-gallery-thumbnail\">\n            <a href=\"https:\/\/www.camperonline.it\/magazine\/wp-content\/gallery\/anteprime-2023-giottiline\/DSC_4254_00002.jpg\"\n               title=\"\"\n               data-src=\"https:\/\/www.camperonline.it\/magazine\/wp-content\/gallery\/anteprime-2023-giottiline\/DSC_4254_00002.jpg\"\n               data-thumbnail=\"https:\/\/www.camperonline.it\/magazine\/wp-content\/gallery\/anteprime-2023-giottiline\/thumbs\/thumbs_DSC_4254_00002.jpg\"\n               data-image-id=\"126056\"\n               data-title=\"DSC_4254_00002\"\n               data-description=\"\"\n               data-image-slug=\"dsc_4254_00002\"\n               class=\"ngg-fancybox\" rel=\"0107b832b32400db6ea87d436d2e37f2\">\n                <img\n                    title=\"DSC_4254_00002\"\n                    alt=\"DSC_4254_00002\"\n                    src=\"https:\/\/www.camperonline.it\/magazine\/wp-content\/gallery\/anteprime-2023-giottiline\/thumbs\/thumbs_DSC_4254_00002.jpg\"\n                    width=\"240\"\n                    height=\"160\"\n                    style=\"max-width:100%;\"\n                \/>\n            <\/a>\n        <\/div>\n\t\t\t\t\t\t\t<\/div> \n\t\t\t\n\t\t\t\t<div id=\"ngg-image-2\" class=\"ngg-gallery-thumbnail-box ngg-5-columns\" >\n\t\t\t\t        <div class=\"ngg-gallery-thumbnail\">\n            <a href=\"https:\/\/www.camperonline.it\/magazine\/wp-content\/gallery\/anteprime-2023-giottiline\/DSC_4257_00003.jpg\"\n               title=\"\"\n               data-src=\"https:\/\/www.camperonline.it\/magazine\/wp-content\/gallery\/anteprime-2023-giottiline\/DSC_4257_00003.jpg\"\n               data-thumbnail=\"https:\/\/www.camperonline.it\/magazine\/wp-content\/gallery\/anteprime-2023-giottiline\/thumbs\/thumbs_DSC_4257_00003.jpg\"\n               data-image-id=\"126058\"\n               data-title=\"DSC_4257_00003\"\n               data-description=\"\"\n               data-image-slug=\"dsc_4257_00003\"\n               class=\"ngg-fancybox\" rel=\"0107b832b32400db6ea87d436d2e37f2\">\n                <img\n                    title=\"DSC_4257_00003\"\n                    alt=\"DSC_4257_00003\"\n                    src=\"https:\/\/www.camperonline.it\/magazine\/wp-content\/gallery\/anteprime-2023-giottiline\/thumbs\/thumbs_DSC_4257_00003.jpg\"\n                    width=\"240\"\n                    height=\"160\"\n                    style=\"max-width:100%;\"\n                \/>\n            <\/a>\n        <\/div>\n\t\t\t\t\t\t\t<\/div> \n\t\t\t\n\t\t\t\t<div id=\"ngg-image-3\" class=\"ngg-gallery-thumbnail-box ngg-5-columns\" >\n\t\t\t\t        <div class=\"ngg-gallery-thumbnail\">\n            <a href=\"https:\/\/www.camperonline.it\/magazine\/wp-content\/gallery\/anteprime-2023-giottiline\/DSC_4261_00005.jpg\"\n               title=\"\"\n               data-src=\"https:\/\/www.camperonline.it\/magazine\/wp-content\/gallery\/anteprime-2023-giottiline\/DSC_4261_00005.jpg\"\n               data-thumbnail=\"https:\/\/www.camperonline.it\/magazine\/wp-content\/gallery\/anteprime-2023-giottiline\/thumbs\/thumbs_DSC_4261_00005.jpg\"\n               data-image-id=\"126059\"\n               data-title=\"DSC_4261_00005\"\n               data-description=\"\"\n               data-image-slug=\"dsc_4261_00005\"\n               class=\"ngg-fancybox\" rel=\"0107b832b32400db6ea87d436d2e37f2\">\n                <img\n                    title=\"DSC_4261_00005\"\n                    alt=\"DSC_4261_00005\"\n                    src=\"https:\/\/www.camperonline.it\/magazine\/wp-content\/gallery\/anteprime-2023-giottiline\/thumbs\/thumbs_DSC_4261_00005.jpg\"\n                    width=\"240\"\n                    height=\"160\"\n                    style=\"max-width:100%;\"\n                \/>\n            <\/a>\n        <\/div>\n\t\t\t\t\t\t\t<\/div> \n\t\t\t\n\t\t\t\t<div id=\"ngg-image-4\" class=\"ngg-gallery-thumbnail-box ngg-5-columns\" >\n\t\t\t\t        <div class=\"ngg-gallery-thumbnail\">\n            <a href=\"https:\/\/www.camperonline.it\/magazine\/wp-content\/gallery\/anteprime-2023-giottiline\/DSC_4279_00014.jpg\"\n               title=\"\"\n               data-src=\"https:\/\/www.camperonline.it\/magazine\/wp-content\/gallery\/anteprime-2023-giottiline\/DSC_4279_00014.jpg\"\n               data-thumbnail=\"https:\/\/www.camperonline.it\/magazine\/wp-content\/gallery\/anteprime-2023-giottiline\/thumbs\/thumbs_DSC_4279_00014.jpg\"\n               data-image-id=\"126060\"\n               data-title=\"DSC_4279_00014\"\n               data-description=\"\"\n               data-image-slug=\"dsc_4279_00014\"\n               class=\"ngg-fancybox\" rel=\"0107b832b32400db6ea87d436d2e37f2\">\n                <img\n                    title=\"DSC_4279_00014\"\n                    alt=\"DSC_4279_00014\"\n                    src=\"https:\/\/www.camperonline.it\/magazine\/wp-content\/gallery\/anteprime-2023-giottiline\/thumbs\/thumbs_DSC_4279_00014.jpg\"\n                    width=\"240\"\n                    height=\"160\"\n                    style=\"max-width:100%;\"\n                \/>\n            <\/a>\n        <\/div>\n\t\t\t\t\t\t\t<\/div> \n\t\t\t\n\t\t\t\t<div id=\"ngg-image-5\" class=\"ngg-gallery-thumbnail-box ngg-5-columns\" >\n\t\t\t\t        <div class=\"ngg-gallery-thumbnail\">\n            <a href=\"https:\/\/www.camperonline.it\/magazine\/wp-content\/gallery\/anteprime-2023-giottiline\/DSC_4258_00004.jpg\"\n               title=\"\"\n               data-src=\"https:\/\/www.camperonline.it\/magazine\/wp-content\/gallery\/anteprime-2023-giottiline\/DSC_4258_00004.jpg\"\n               data-thumbnail=\"https:\/\/www.camperonline.it\/magazine\/wp-content\/gallery\/anteprime-2023-giottiline\/thumbs\/thumbs_DSC_4258_00004.jpg\"\n               data-image-id=\"126061\"\n               data-title=\"DSC_4258_00004\"\n               data-description=\"\"\n               data-image-slug=\"dsc_4258_00004\"\n               class=\"ngg-fancybox\" rel=\"0107b832b32400db6ea87d436d2e37f2\">\n                <img\n                    title=\"DSC_4258_00004\"\n                    alt=\"DSC_4258_00004\"\n                    src=\"https:\/\/www.camperonline.it\/magazine\/wp-content\/gallery\/anteprime-2023-giottiline\/thumbs\/thumbs_DSC_4258_00004.jpg\"\n                    width=\"240\"\n                    height=\"160\"\n                    style=\"max-width:100%;\"\n                \/>\n            <\/a>\n        <\/div>\n\t\t\t\t\t\t\t<\/div> \n\t\t\t\n\t\t\t\t<div id=\"ngg-image-6\" class=\"ngg-gallery-thumbnail-box ngg-5-columns\" >\n\t\t\t\t        <div class=\"ngg-gallery-thumbnail\">\n            <a href=\"https:\/\/www.camperonline.it\/magazine\/wp-content\/gallery\/anteprime-2023-giottiline\/DSC_4262_00006.jpg\"\n               title=\"\"\n               data-src=\"https:\/\/www.camperonline.it\/magazine\/wp-content\/gallery\/anteprime-2023-giottiline\/DSC_4262_00006.jpg\"\n               data-thumbnail=\"https:\/\/www.camperonline.it\/magazine\/wp-content\/gallery\/anteprime-2023-giottiline\/thumbs\/thumbs_DSC_4262_00006.jpg\"\n               data-image-id=\"126062\"\n               data-title=\"DSC_4262_00006\"\n               data-description=\"\"\n               data-image-slug=\"dsc_4262_00006\"\n               class=\"ngg-fancybox\" rel=\"0107b832b32400db6ea87d436d2e37f2\">\n                <img\n                    title=\"DSC_4262_00006\"\n                    alt=\"DSC_4262_00006\"\n                    src=\"https:\/\/www.camperonline.it\/magazine\/wp-content\/gallery\/anteprime-2023-giottiline\/thumbs\/thumbs_DSC_4262_00006.jpg\"\n                    width=\"240\"\n                    height=\"160\"\n                    style=\"max-width:100%;\"\n                \/>\n            <\/a>\n        <\/div>\n\t\t\t\t\t\t\t<\/div> \n\t\t\t\n\t\t\t\t<div id=\"ngg-image-7\" class=\"ngg-gallery-thumbnail-box ngg-5-columns\" >\n\t\t\t\t        <div class=\"ngg-gallery-thumbnail\">\n            <a href=\"https:\/\/www.camperonline.it\/magazine\/wp-content\/gallery\/anteprime-2023-giottiline\/DSC_4265_00007.jpg\"\n               title=\"\"\n               data-src=\"https:\/\/www.camperonline.it\/magazine\/wp-content\/gallery\/anteprime-2023-giottiline\/DSC_4265_00007.jpg\"\n               data-thumbnail=\"https:\/\/www.camperonline.it\/magazine\/wp-content\/gallery\/anteprime-2023-giottiline\/thumbs\/thumbs_DSC_4265_00007.jpg\"\n               data-image-id=\"126063\"\n               data-title=\"DSC_4265_00007\"\n               data-description=\"\"\n               data-image-slug=\"dsc_4265_00007\"\n               class=\"ngg-fancybox\" rel=\"0107b832b32400db6ea87d436d2e37f2\">\n                <img\n                    title=\"DSC_4265_00007\"\n                    alt=\"DSC_4265_00007\"\n                    src=\"https:\/\/www.camperonline.it\/magazine\/wp-content\/gallery\/anteprime-2023-giottiline\/thumbs\/thumbs_DSC_4265_00007.jpg\"\n                    width=\"240\"\n                    height=\"160\"\n                    style=\"max-width:100%;\"\n                \/>\n            <\/a>\n        <\/div>\n\t\t\t\t\t\t\t<\/div> \n\t\t\t\n\t\t\t\t<div id=\"ngg-image-8\" class=\"ngg-gallery-thumbnail-box ngg-5-columns\" >\n\t\t\t\t        <div class=\"ngg-gallery-thumbnail\">\n            <a href=\"https:\/\/www.camperonline.it\/magazine\/wp-content\/gallery\/anteprime-2023-giottiline\/DSC_4267_00008.jpg\"\n               title=\"\"\n               data-src=\"https:\/\/www.camperonline.it\/magazine\/wp-content\/gallery\/anteprime-2023-giottiline\/DSC_4267_00008.jpg\"\n               data-thumbnail=\"https:\/\/www.camperonline.it\/magazine\/wp-content\/gallery\/anteprime-2023-giottiline\/thumbs\/thumbs_DSC_4267_00008.jpg\"\n               data-image-id=\"126064\"\n               data-title=\"DSC_4267_00008\"\n               data-description=\"\"\n               data-image-slug=\"dsc_4267_00008\"\n               class=\"ngg-fancybox\" rel=\"0107b832b32400db6ea87d436d2e37f2\">\n                <img\n                    title=\"DSC_4267_00008\"\n                    alt=\"DSC_4267_00008\"\n                    src=\"https:\/\/www.camperonline.it\/magazine\/wp-content\/gallery\/anteprime-2023-giottiline\/thumbs\/thumbs_DSC_4267_00008.jpg\"\n                    width=\"240\"\n                    height=\"160\"\n                    style=\"max-width:100%;\"\n                \/>\n            <\/a>\n        <\/div>\n\t\t\t\t\t\t\t<\/div> \n\t\t\t\n\t\t\t\t<div id=\"ngg-image-9\" class=\"ngg-gallery-thumbnail-box ngg-5-columns\" >\n\t\t\t\t        <div class=\"ngg-gallery-thumbnail\">\n            <a href=\"https:\/\/www.camperonline.it\/magazine\/wp-content\/gallery\/anteprime-2023-giottiline\/DSC_4276_00013-2.jpg\"\n               title=\"\"\n               data-src=\"https:\/\/www.camperonline.it\/magazine\/wp-content\/gallery\/anteprime-2023-giottiline\/DSC_4276_00013-2.jpg\"\n               data-thumbnail=\"https:\/\/www.camperonline.it\/magazine\/wp-content\/gallery\/anteprime-2023-giottiline\/thumbs\/thumbs_DSC_4276_00013-2.jpg\"\n               data-image-id=\"126065\"\n               data-title=\"DSC_4276_00013-2\"\n               data-description=\"\"\n               data-image-slug=\"dsc_4276_00013-2\"\n               class=\"ngg-fancybox\" rel=\"0107b832b32400db6ea87d436d2e37f2\">\n                <img\n                    title=\"DSC_4276_00013-2\"\n                    alt=\"DSC_4276_00013-2\"\n                    src=\"https:\/\/www.camperonline.it\/magazine\/wp-content\/gallery\/anteprime-2023-giottiline\/thumbs\/thumbs_DSC_4276_00013-2.jpg\"\n                    width=\"240\"\n                    height=\"160\"\n                    style=\"max-width:100%;\"\n                \/>\n            <\/a>\n        <\/div>\n\t\t\t\t\t\t\t<\/div> \n\t\t\t\n\t\t\t\t<div id=\"ngg-image-10\" class=\"ngg-gallery-thumbnail-box ngg-5-columns\" >\n\t\t\t\t        <div class=\"ngg-gallery-thumbnail\">\n            <a href=\"https:\/\/www.camperonline.it\/magazine\/wp-content\/gallery\/anteprime-2023-giottiline\/DSC_4269_00009.jpg\"\n               title=\"\"\n               data-src=\"https:\/\/www.camperonline.it\/magazine\/wp-content\/gallery\/anteprime-2023-giottiline\/DSC_4269_00009.jpg\"\n               data-thumbnail=\"https:\/\/www.camperonline.it\/magazine\/wp-content\/gallery\/anteprime-2023-giottiline\/thumbs\/thumbs_DSC_4269_00009.jpg\"\n               data-image-id=\"126066\"\n               data-title=\"DSC_4269_00009\"\n               data-description=\"\"\n               data-image-slug=\"dsc_4269_00009\"\n               class=\"ngg-fancybox\" rel=\"0107b832b32400db6ea87d436d2e37f2\">\n                <img\n                    title=\"DSC_4269_00009\"\n                    alt=\"DSC_4269_00009\"\n                    src=\"https:\/\/www.camperonline.it\/magazine\/wp-content\/gallery\/anteprime-2023-giottiline\/thumbs\/thumbs_DSC_4269_00009.jpg\"\n                    width=\"240\"\n                    height=\"160\"\n                    style=\"max-width:100%;\"\n                \/>\n            <\/a>\n        <\/div>\n\t\t\t\t\t\t\t<\/div> \n\t\t\t\n\t\t\t\t<div id=\"ngg-image-11\" class=\"ngg-gallery-thumbnail-box ngg-5-columns\" >\n\t\t\t\t        <div class=\"ngg-gallery-thumbnail\">\n            <a href=\"https:\/\/www.camperonline.it\/magazine\/wp-content\/gallery\/anteprime-2023-giottiline\/DSC_4273_00011-2.jpg\"\n               title=\"\"\n               data-src=\"https:\/\/www.camperonline.it\/magazine\/wp-content\/gallery\/anteprime-2023-giottiline\/DSC_4273_00011-2.jpg\"\n               data-thumbnail=\"https:\/\/www.camperonline.it\/magazine\/wp-content\/gallery\/anteprime-2023-giottiline\/thumbs\/thumbs_DSC_4273_00011-2.jpg\"\n               data-image-id=\"126067\"\n               data-title=\"DSC_4273_00011-2\"\n               data-description=\"\"\n               data-image-slug=\"dsc_4273_00011-2\"\n               class=\"ngg-fancybox\" rel=\"0107b832b32400db6ea87d436d2e37f2\">\n                <img\n                    title=\"DSC_4273_00011-2\"\n                    alt=\"DSC_4273_00011-2\"\n                    src=\"https:\/\/www.camperonline.it\/magazine\/wp-content\/gallery\/anteprime-2023-giottiline\/thumbs\/thumbs_DSC_4273_00011-2.jpg\"\n                    width=\"240\"\n                    height=\"160\"\n                    style=\"max-width:100%;\"\n                \/>\n            <\/a>\n        <\/div>\n\t\t\t\t\t\t\t<\/div> \n\t\t\t\n\t\t\t\t<div id=\"ngg-image-12\" class=\"ngg-gallery-thumbnail-box ngg-5-columns\" >\n\t\t\t\t        <div class=\"ngg-gallery-thumbnail\">\n            <a href=\"https:\/\/www.camperonline.it\/magazine\/wp-content\/gallery\/anteprime-2023-giottiline\/DSC_4394_00022.jpg\"\n               title=\"\"\n               data-src=\"https:\/\/www.camperonline.it\/magazine\/wp-content\/gallery\/anteprime-2023-giottiline\/DSC_4394_00022.jpg\"\n               data-thumbnail=\"https:\/\/www.camperonline.it\/magazine\/wp-content\/gallery\/anteprime-2023-giottiline\/thumbs\/thumbs_DSC_4394_00022.jpg\"\n               data-image-id=\"126068\"\n               data-title=\"DSC_4394_00022\"\n               data-description=\"\"\n               data-image-slug=\"dsc_4394_00022\"\n               class=\"ngg-fancybox\" rel=\"0107b832b32400db6ea87d436d2e37f2\">\n                <img\n                    title=\"DSC_4394_00022\"\n                    alt=\"DSC_4394_00022\"\n                    src=\"https:\/\/www.camperonline.it\/magazine\/wp-content\/gallery\/anteprime-2023-giottiline\/thumbs\/thumbs_DSC_4394_00022.jpg\"\n                    width=\"240\"\n                    height=\"160\"\n                    style=\"max-width:100%;\"\n                \/>\n            <\/a>\n        <\/div>\n\t\t\t\t\t\t\t<\/div> \n\t\t\t\n\t\t\t\t<div id=\"ngg-image-13\" class=\"ngg-gallery-thumbnail-box ngg-5-columns\" >\n\t\t\t\t        <div class=\"ngg-gallery-thumbnail\">\n            <a href=\"https:\/\/www.camperonline.it\/magazine\/wp-content\/gallery\/anteprime-2023-giottiline\/DSC_4281_00015.jpg\"\n               title=\"\"\n               data-src=\"https:\/\/www.camperonline.it\/magazine\/wp-content\/gallery\/anteprime-2023-giottiline\/DSC_4281_00015.jpg\"\n               data-thumbnail=\"https:\/\/www.camperonline.it\/magazine\/wp-content\/gallery\/anteprime-2023-giottiline\/thumbs\/thumbs_DSC_4281_00015.jpg\"\n               data-image-id=\"126069\"\n               data-title=\"DSC_4281_00015\"\n               data-description=\"\"\n               data-image-slug=\"dsc_4281_00015\"\n               class=\"ngg-fancybox\" rel=\"0107b832b32400db6ea87d436d2e37f2\">\n                <img\n                    title=\"DSC_4281_00015\"\n                    alt=\"DSC_4281_00015\"\n                    src=\"https:\/\/www.camperonline.it\/magazine\/wp-content\/gallery\/anteprime-2023-giottiline\/thumbs\/thumbs_DSC_4281_00015.jpg\"\n                    width=\"240\"\n                    height=\"160\"\n                    style=\"max-width:100%;\"\n                \/>\n            <\/a>\n        <\/div>\n\t\t\t\t\t\t\t<\/div> \n\t\t\t\n\t\t\t\t<div id=\"ngg-image-14\" class=\"ngg-gallery-thumbnail-box ngg-5-columns\" >\n\t\t\t\t        <div class=\"ngg-gallery-thumbnail\">\n            <a href=\"https:\/\/www.camperonline.it\/magazine\/wp-content\/gallery\/anteprime-2023-giottiline\/DSC_4282_00016.jpg\"\n               title=\"\"\n               data-src=\"https:\/\/www.camperonline.it\/magazine\/wp-content\/gallery\/anteprime-2023-giottiline\/DSC_4282_00016.jpg\"\n               data-thumbnail=\"https:\/\/www.camperonline.it\/magazine\/wp-content\/gallery\/anteprime-2023-giottiline\/thumbs\/thumbs_DSC_4282_00016.jpg\"\n               data-image-id=\"126070\"\n               data-title=\"DSC_4282_00016\"\n               data-description=\"\"\n               data-image-slug=\"dsc_4282_00016\"\n               class=\"ngg-fancybox\" rel=\"0107b832b32400db6ea87d436d2e37f2\">\n                <img\n                    title=\"DSC_4282_00016\"\n                    alt=\"DSC_4282_00016\"\n                    src=\"https:\/\/www.camperonline.it\/magazine\/wp-content\/gallery\/anteprime-2023-giottiline\/thumbs\/thumbs_DSC_4282_00016.jpg\"\n                    width=\"240\"\n                    height=\"160\"\n                    style=\"max-width:100%;\"\n                \/>\n            <\/a>\n        <\/div>\n\t\t\t\t\t\t\t<\/div> \n\t\t\t\n\t\t\t\t<div id=\"ngg-image-15\" class=\"ngg-gallery-thumbnail-box ngg-5-columns\" >\n\t\t\t\t        <div class=\"ngg-gallery-thumbnail\">\n            <a href=\"https:\/\/www.camperonline.it\/magazine\/wp-content\/gallery\/anteprime-2023-giottiline\/DSC_4566_00021.jpg\"\n               title=\"\"\n               data-src=\"https:\/\/www.camperonline.it\/magazine\/wp-content\/gallery\/anteprime-2023-giottiline\/DSC_4566_00021.jpg\"\n               data-thumbnail=\"https:\/\/www.camperonline.it\/magazine\/wp-content\/gallery\/anteprime-2023-giottiline\/thumbs\/thumbs_DSC_4566_00021.jpg\"\n               data-image-id=\"126071\"\n               data-title=\"DSC_4566_00021\"\n               data-description=\"\"\n               data-image-slug=\"dsc_4566_00021\"\n               class=\"ngg-fancybox\" rel=\"0107b832b32400db6ea87d436d2e37f2\">\n                <img\n                    title=\"DSC_4566_00021\"\n                    alt=\"DSC_4566_00021\"\n                    src=\"https:\/\/www.camperonline.it\/magazine\/wp-content\/gallery\/anteprime-2023-giottiline\/thumbs\/thumbs_DSC_4566_00021.jpg\"\n                    width=\"240\"\n                    height=\"160\"\n                    style=\"max-width:100%;\"\n                \/>\n            <\/a>\n        <\/div>\n\t\t\t\t\t\t\t<\/div> \n\t\t\t\n\t\t\t\t<div id=\"ngg-image-16\" class=\"ngg-gallery-thumbnail-box ngg-5-columns\" >\n\t\t\t\t        <div class=\"ngg-gallery-thumbnail\">\n            <a href=\"https:\/\/www.camperonline.it\/magazine\/wp-content\/gallery\/anteprime-2023-giottiline\/DSC_4560_00018.jpg\"\n               title=\"\"\n               data-src=\"https:\/\/www.camperonline.it\/magazine\/wp-content\/gallery\/anteprime-2023-giottiline\/DSC_4560_00018.jpg\"\n               data-thumbnail=\"https:\/\/www.camperonline.it\/magazine\/wp-content\/gallery\/anteprime-2023-giottiline\/thumbs\/thumbs_DSC_4560_00018.jpg\"\n               data-image-id=\"126072\"\n               data-title=\"DSC_4560_00018\"\n               data-description=\"\"\n               data-image-slug=\"dsc_4560_00018\"\n               class=\"ngg-fancybox\" rel=\"0107b832b32400db6ea87d436d2e37f2\">\n                <img\n                    title=\"DSC_4560_00018\"\n                    alt=\"DSC_4560_00018\"\n                    src=\"https:\/\/www.camperonline.it\/magazine\/wp-content\/gallery\/anteprime-2023-giottiline\/thumbs\/thumbs_DSC_4560_00018.jpg\"\n                    width=\"240\"\n                    height=\"160\"\n                    style=\"max-width:100%;\"\n                \/>\n            <\/a>\n        <\/div>\n\t\t\t\t\t\t\t<\/div> \n\t\t\t\n\t\t\t\t<div id=\"ngg-image-17\" class=\"ngg-gallery-thumbnail-box ngg-5-columns\" >\n\t\t\t\t        <div class=\"ngg-gallery-thumbnail\">\n            <a href=\"https:\/\/www.camperonline.it\/magazine\/wp-content\/gallery\/anteprime-2023-giottiline\/DSC_4580_00027.jpg\"\n               title=\"\"\n               data-src=\"https:\/\/www.camperonline.it\/magazine\/wp-content\/gallery\/anteprime-2023-giottiline\/DSC_4580_00027.jpg\"\n               data-thumbnail=\"https:\/\/www.camperonline.it\/magazine\/wp-content\/gallery\/anteprime-2023-giottiline\/thumbs\/thumbs_DSC_4580_00027.jpg\"\n               data-image-id=\"126073\"\n               data-title=\"DSC_4580_00027\"\n               data-description=\"\"\n               data-image-slug=\"dsc_4580_00027\"\n               class=\"ngg-fancybox\" rel=\"0107b832b32400db6ea87d436d2e37f2\">\n                <img\n                    title=\"DSC_4580_00027\"\n                    alt=\"DSC_4580_00027\"\n                    src=\"https:\/\/www.camperonline.it\/magazine\/wp-content\/gallery\/anteprime-2023-giottiline\/thumbs\/thumbs_DSC_4580_00027.jpg\"\n                    width=\"240\"\n                    height=\"160\"\n                    style=\"max-width:100%;\"\n                \/>\n            <\/a>\n        <\/div>\n\t\t\t\t\t\t\t<\/div> \n\t\t\t\n\t\t\t\t<div id=\"ngg-image-18\" class=\"ngg-gallery-thumbnail-box ngg-5-columns\" >\n\t\t\t\t        <div class=\"ngg-gallery-thumbnail\">\n            <a href=\"https:\/\/www.camperonline.it\/magazine\/wp-content\/gallery\/anteprime-2023-giottiline\/DSC_4590_00032.jpg\"\n               title=\"\"\n               data-src=\"https:\/\/www.camperonline.it\/magazine\/wp-content\/gallery\/anteprime-2023-giottiline\/DSC_4590_00032.jpg\"\n               data-thumbnail=\"https:\/\/www.camperonline.it\/magazine\/wp-content\/gallery\/anteprime-2023-giottiline\/thumbs\/thumbs_DSC_4590_00032.jpg\"\n               data-image-id=\"126074\"\n               data-title=\"DSC_4590_00032\"\n               data-description=\"\"\n               data-image-slug=\"dsc_4590_00032\"\n               class=\"ngg-fancybox\" rel=\"0107b832b32400db6ea87d436d2e37f2\">\n                <img\n                    title=\"DSC_4590_00032\"\n                    alt=\"DSC_4590_00032\"\n                    src=\"https:\/\/www.camperonline.it\/magazine\/wp-content\/gallery\/anteprime-2023-giottiline\/thumbs\/thumbs_DSC_4590_00032.jpg\"\n                    width=\"240\"\n                    height=\"160\"\n                    style=\"max-width:100%;\"\n                \/>\n            <\/a>\n        <\/div>\n\t\t\t\t\t\t\t<\/div> \n\t\t\t\n\t\t\t\t<div id=\"ngg-image-19\" class=\"ngg-gallery-thumbnail-box ngg-5-columns\" >\n\t\t\t\t        <div class=\"ngg-gallery-thumbnail\">\n            <a href=\"https:\/\/www.camperonline.it\/magazine\/wp-content\/gallery\/anteprime-2023-giottiline\/DSC_4592_00033.jpg\"\n               title=\"\"\n               data-src=\"https:\/\/www.camperonline.it\/magazine\/wp-content\/gallery\/anteprime-2023-giottiline\/DSC_4592_00033.jpg\"\n               data-thumbnail=\"https:\/\/www.camperonline.it\/magazine\/wp-content\/gallery\/anteprime-2023-giottiline\/thumbs\/thumbs_DSC_4592_00033.jpg\"\n               data-image-id=\"126075\"\n               data-title=\"DSC_4592_00033\"\n               data-description=\"\"\n               data-image-slug=\"dsc_4592_00033\"\n               class=\"ngg-fancybox\" rel=\"0107b832b32400db6ea87d436d2e37f2\">\n                <img\n                    title=\"DSC_4592_00033\"\n                    alt=\"DSC_4592_00033\"\n                    src=\"https:\/\/www.camperonline.it\/magazine\/wp-content\/gallery\/anteprime-2023-giottiline\/thumbs\/thumbs_DSC_4592_00033.jpg\"\n                    width=\"240\"\n                    height=\"160\"\n                    style=\"max-width:100%;\"\n                \/>\n            <\/a>\n        <\/div>\n\t\t\t\t\t\t\t<\/div> \n\t\t\t\n\t\t\t\t<div id=\"ngg-image-20\" class=\"ngg-gallery-thumbnail-box ngg-5-columns\" >\n\t\t\t\t        <div class=\"ngg-gallery-thumbnail\">\n            <a href=\"https:\/\/www.camperonline.it\/magazine\/wp-content\/gallery\/anteprime-2023-giottiline\/DSC_4581_00028.jpg\"\n               title=\"\"\n               data-src=\"https:\/\/www.camperonline.it\/magazine\/wp-content\/gallery\/anteprime-2023-giottiline\/DSC_4581_00028.jpg\"\n               data-thumbnail=\"https:\/\/www.camperonline.it\/magazine\/wp-content\/gallery\/anteprime-2023-giottiline\/thumbs\/thumbs_DSC_4581_00028.jpg\"\n               data-image-id=\"126076\"\n               data-title=\"DSC_4581_00028\"\n               data-description=\"\"\n               data-image-slug=\"dsc_4581_00028\"\n               class=\"ngg-fancybox\" rel=\"0107b832b32400db6ea87d436d2e37f2\">\n                <img\n                    title=\"DSC_4581_00028\"\n                    alt=\"DSC_4581_00028\"\n                    src=\"https:\/\/www.camperonline.it\/magazine\/wp-content\/gallery\/anteprime-2023-giottiline\/thumbs\/thumbs_DSC_4581_00028.jpg\"\n                    width=\"240\"\n                    height=\"160\"\n                    style=\"max-width:100%;\"\n                \/>\n            <\/a>\n        <\/div>\n\t\t\t\t\t\t\t<\/div> \n\t\t\t\n\t\t\t\t<div id=\"ngg-image-21\" class=\"ngg-gallery-thumbnail-box ngg-5-columns\" >\n\t\t\t\t        <div class=\"ngg-gallery-thumbnail\">\n            <a href=\"https:\/\/www.camperonline.it\/magazine\/wp-content\/gallery\/anteprime-2023-giottiline\/DSC_4294_00002.jpg\"\n               title=\"\"\n               data-src=\"https:\/\/www.camperonline.it\/magazine\/wp-content\/gallery\/anteprime-2023-giottiline\/DSC_4294_00002.jpg\"\n               data-thumbnail=\"https:\/\/www.camperonline.it\/magazine\/wp-content\/gallery\/anteprime-2023-giottiline\/thumbs\/thumbs_DSC_4294_00002.jpg\"\n               data-image-id=\"126077\"\n               data-title=\"DSC_4294_00002\"\n               data-description=\"\"\n               data-image-slug=\"dsc_4294_00002\"\n               class=\"ngg-fancybox\" rel=\"0107b832b32400db6ea87d436d2e37f2\">\n                <img\n                    title=\"DSC_4294_00002\"\n                    alt=\"DSC_4294_00002\"\n                    src=\"https:\/\/www.camperonline.it\/magazine\/wp-content\/gallery\/anteprime-2023-giottiline\/thumbs\/thumbs_DSC_4294_00002.jpg\"\n                    width=\"240\"\n                    height=\"160\"\n                    style=\"max-width:100%;\"\n                \/>\n            <\/a>\n        <\/div>\n\t\t\t\t\t\t\t<\/div> \n\t\t\t\n\t\t\t\t<div id=\"ngg-image-22\" class=\"ngg-gallery-thumbnail-box ngg-5-columns\" >\n\t\t\t\t        <div class=\"ngg-gallery-thumbnail\">\n            <a href=\"https:\/\/www.camperonline.it\/magazine\/wp-content\/gallery\/anteprime-2023-giottiline\/DSC_4291_00001.jpg\"\n               title=\"\"\n               data-src=\"https:\/\/www.camperonline.it\/magazine\/wp-content\/gallery\/anteprime-2023-giottiline\/DSC_4291_00001.jpg\"\n               data-thumbnail=\"https:\/\/www.camperonline.it\/magazine\/wp-content\/gallery\/anteprime-2023-giottiline\/thumbs\/thumbs_DSC_4291_00001.jpg\"\n               data-image-id=\"126079\"\n               data-title=\"DSC_4291_00001\"\n               data-description=\"\"\n               data-image-slug=\"dsc_4291_00001\"\n               class=\"ngg-fancybox\" rel=\"0107b832b32400db6ea87d436d2e37f2\">\n                <img\n                    title=\"DSC_4291_00001\"\n                    alt=\"DSC_4291_00001\"\n                    src=\"https:\/\/www.camperonline.it\/magazine\/wp-content\/gallery\/anteprime-2023-giottiline\/thumbs\/thumbs_DSC_4291_00001.jpg\"\n                    width=\"240\"\n                    height=\"160\"\n                    style=\"max-width:100%;\"\n                \/>\n            <\/a>\n        <\/div>\n\t\t\t\t\t\t\t<\/div> \n\t\t\t\n\t\t\t\t<div id=\"ngg-image-23\" class=\"ngg-gallery-thumbnail-box ngg-5-columns\" >\n\t\t\t\t        <div class=\"ngg-gallery-thumbnail\">\n            <a href=\"https:\/\/www.camperonline.it\/magazine\/wp-content\/gallery\/anteprime-2023-giottiline\/DSC_4301_00006.jpg\"\n               title=\"\"\n               data-src=\"https:\/\/www.camperonline.it\/magazine\/wp-content\/gallery\/anteprime-2023-giottiline\/DSC_4301_00006.jpg\"\n               data-thumbnail=\"https:\/\/www.camperonline.it\/magazine\/wp-content\/gallery\/anteprime-2023-giottiline\/thumbs\/thumbs_DSC_4301_00006.jpg\"\n               data-image-id=\"126078\"\n               data-title=\"DSC_4301_00006\"\n               data-description=\"\"\n               data-image-slug=\"dsc_4301_00006\"\n               class=\"ngg-fancybox\" rel=\"0107b832b32400db6ea87d436d2e37f2\">\n                <img\n                    title=\"DSC_4301_00006\"\n                    alt=\"DSC_4301_00006\"\n                    src=\"https:\/\/www.camperonline.it\/magazine\/wp-content\/gallery\/anteprime-2023-giottiline\/thumbs\/thumbs_DSC_4301_00006.jpg\"\n                    width=\"240\"\n                    height=\"160\"\n                    style=\"max-width:100%;\"\n                \/>\n            <\/a>\n        <\/div>\n\t\t\t\t\t\t\t<\/div> \n\t\t\t\n\t\t\t\t<div id=\"ngg-image-24\" class=\"ngg-gallery-thumbnail-box ngg-5-columns\" >\n\t\t\t\t        <div class=\"ngg-gallery-thumbnail\">\n            <a href=\"https:\/\/www.camperonline.it\/magazine\/wp-content\/gallery\/anteprime-2023-giottiline\/DSC_4297_00004.jpg\"\n               title=\"\"\n               data-src=\"https:\/\/www.camperonline.it\/magazine\/wp-content\/gallery\/anteprime-2023-giottiline\/DSC_4297_00004.jpg\"\n               data-thumbnail=\"https:\/\/www.camperonline.it\/magazine\/wp-content\/gallery\/anteprime-2023-giottiline\/thumbs\/thumbs_DSC_4297_00004.jpg\"\n               data-image-id=\"126080\"\n               data-title=\"DSC_4297_00004\"\n               data-description=\"\"\n               data-image-slug=\"dsc_4297_00004\"\n               class=\"ngg-fancybox\" rel=\"0107b832b32400db6ea87d436d2e37f2\">\n                <img\n                    title=\"DSC_4297_00004\"\n                    alt=\"DSC_4297_00004\"\n                    src=\"https:\/\/www.camperonline.it\/magazine\/wp-content\/gallery\/anteprime-2023-giottiline\/thumbs\/thumbs_DSC_4297_00004.jpg\"\n                    width=\"240\"\n                    height=\"160\"\n                    style=\"max-width:100%;\"\n                \/>\n            <\/a>\n        <\/div>\n\t\t\t\t\t\t\t<\/div> \n\t\t\t\n\t\t\t\t<div id=\"ngg-image-25\" class=\"ngg-gallery-thumbnail-box ngg-5-columns\" >\n\t\t\t\t        <div class=\"ngg-gallery-thumbnail\">\n            <a href=\"https:\/\/www.camperonline.it\/magazine\/wp-content\/gallery\/anteprime-2023-giottiline\/DSC_4295_00003-2.jpg\"\n               title=\"\"\n               data-src=\"https:\/\/www.camperonline.it\/magazine\/wp-content\/gallery\/anteprime-2023-giottiline\/DSC_4295_00003-2.jpg\"\n               data-thumbnail=\"https:\/\/www.camperonline.it\/magazine\/wp-content\/gallery\/anteprime-2023-giottiline\/thumbs\/thumbs_DSC_4295_00003-2.jpg\"\n               data-image-id=\"126081\"\n               data-title=\"DSC_4295_00003-2\"\n               data-description=\"\"\n               data-image-slug=\"dsc_4295_00003-2\"\n               class=\"ngg-fancybox\" rel=\"0107b832b32400db6ea87d436d2e37f2\">\n                <img\n                    title=\"DSC_4295_00003-2\"\n                    alt=\"DSC_4295_00003-2\"\n                    src=\"https:\/\/www.camperonline.it\/magazine\/wp-content\/gallery\/anteprime-2023-giottiline\/thumbs\/thumbs_DSC_4295_00003-2.jpg\"\n                    width=\"240\"\n                    height=\"160\"\n                    style=\"max-width:100%;\"\n                \/>\n            <\/a>\n        <\/div>\n\t\t\t\t\t\t\t<\/div> \n\t\t\t\n\t\t\t\t<div id=\"ngg-image-26\" class=\"ngg-gallery-thumbnail-box ngg-5-columns\" >\n\t\t\t\t        <div class=\"ngg-gallery-thumbnail\">\n            <a href=\"https:\/\/www.camperonline.it\/magazine\/wp-content\/gallery\/anteprime-2023-giottiline\/DSC_4305_00008.jpg\"\n               title=\"\"\n               data-src=\"https:\/\/www.camperonline.it\/magazine\/wp-content\/gallery\/anteprime-2023-giottiline\/DSC_4305_00008.jpg\"\n               data-thumbnail=\"https:\/\/www.camperonline.it\/magazine\/wp-content\/gallery\/anteprime-2023-giottiline\/thumbs\/thumbs_DSC_4305_00008.jpg\"\n               data-image-id=\"126082\"\n               data-title=\"DSC_4305_00008\"\n               data-description=\"\"\n               data-image-slug=\"dsc_4305_00008\"\n               class=\"ngg-fancybox\" rel=\"0107b832b32400db6ea87d436d2e37f2\">\n                <img\n                    title=\"DSC_4305_00008\"\n                    alt=\"DSC_4305_00008\"\n                    src=\"https:\/\/www.camperonline.it\/magazine\/wp-content\/gallery\/anteprime-2023-giottiline\/thumbs\/thumbs_DSC_4305_00008.jpg\"\n                    width=\"240\"\n                    height=\"160\"\n                    style=\"max-width:100%;\"\n                \/>\n            <\/a>\n        <\/div>\n\t\t\t\t\t\t\t<\/div> \n\t\t\t\n\t\t\t\t<div id=\"ngg-image-27\" class=\"ngg-gallery-thumbnail-box ngg-5-columns\" >\n\t\t\t\t        <div class=\"ngg-gallery-thumbnail\">\n            <a href=\"https:\/\/www.camperonline.it\/magazine\/wp-content\/gallery\/anteprime-2023-giottiline\/DSC_4312_00011.jpg\"\n               title=\"\"\n               data-src=\"https:\/\/www.camperonline.it\/magazine\/wp-content\/gallery\/anteprime-2023-giottiline\/DSC_4312_00011.jpg\"\n               data-thumbnail=\"https:\/\/www.camperonline.it\/magazine\/wp-content\/gallery\/anteprime-2023-giottiline\/thumbs\/thumbs_DSC_4312_00011.jpg\"\n               data-image-id=\"126083\"\n               data-title=\"DSC_4312_00011\"\n               data-description=\"\"\n               data-image-slug=\"dsc_4312_00011\"\n               class=\"ngg-fancybox\" rel=\"0107b832b32400db6ea87d436d2e37f2\">\n                <img\n                    title=\"DSC_4312_00011\"\n                    alt=\"DSC_4312_00011\"\n                    src=\"https:\/\/www.camperonline.it\/magazine\/wp-content\/gallery\/anteprime-2023-giottiline\/thumbs\/thumbs_DSC_4312_00011.jpg\"\n                    width=\"240\"\n                    height=\"160\"\n                    style=\"max-width:100%;\"\n                \/>\n            <\/a>\n        <\/div>\n\t\t\t\t\t\t\t<\/div> \n\t\t\t\n\t\t\t\t<div id=\"ngg-image-28\" class=\"ngg-gallery-thumbnail-box ngg-5-columns\" >\n\t\t\t\t        <div class=\"ngg-gallery-thumbnail\">\n            <a href=\"https:\/\/www.camperonline.it\/magazine\/wp-content\/gallery\/anteprime-2023-giottiline\/DSC_4316_00013.jpg\"\n               title=\"\"\n               data-src=\"https:\/\/www.camperonline.it\/magazine\/wp-content\/gallery\/anteprime-2023-giottiline\/DSC_4316_00013.jpg\"\n               data-thumbnail=\"https:\/\/www.camperonline.it\/magazine\/wp-content\/gallery\/anteprime-2023-giottiline\/thumbs\/thumbs_DSC_4316_00013.jpg\"\n               data-image-id=\"126084\"\n               data-title=\"DSC_4316_00013\"\n               data-description=\"\"\n               data-image-slug=\"dsc_4316_00013\"\n               class=\"ngg-fancybox\" rel=\"0107b832b32400db6ea87d436d2e37f2\">\n                <img\n                    title=\"DSC_4316_00013\"\n                    alt=\"DSC_4316_00013\"\n                    src=\"https:\/\/www.camperonline.it\/magazine\/wp-content\/gallery\/anteprime-2023-giottiline\/thumbs\/thumbs_DSC_4316_00013.jpg\"\n                    width=\"240\"\n                    height=\"160\"\n                    style=\"max-width:100%;\"\n                \/>\n            <\/a>\n        <\/div>\n\t\t\t\t\t\t\t<\/div> \n\t\t\t\n\t\t\t\t<div id=\"ngg-image-29\" class=\"ngg-gallery-thumbnail-box ngg-5-columns\" >\n\t\t\t\t        <div class=\"ngg-gallery-thumbnail\">\n            <a href=\"https:\/\/www.camperonline.it\/magazine\/wp-content\/gallery\/anteprime-2023-giottiline\/DSC_4313_00012.jpg\"\n               title=\"\"\n               data-src=\"https:\/\/www.camperonline.it\/magazine\/wp-content\/gallery\/anteprime-2023-giottiline\/DSC_4313_00012.jpg\"\n               data-thumbnail=\"https:\/\/www.camperonline.it\/magazine\/wp-content\/gallery\/anteprime-2023-giottiline\/thumbs\/thumbs_DSC_4313_00012.jpg\"\n               data-image-id=\"126085\"\n               data-title=\"DSC_4313_00012\"\n               data-description=\"\"\n               data-image-slug=\"dsc_4313_00012\"\n               class=\"ngg-fancybox\" rel=\"0107b832b32400db6ea87d436d2e37f2\">\n                <img\n                    title=\"DSC_4313_00012\"\n                    alt=\"DSC_4313_00012\"\n                    src=\"https:\/\/www.camperonline.it\/magazine\/wp-content\/gallery\/anteprime-2023-giottiline\/thumbs\/thumbs_DSC_4313_00012.jpg\"\n                    width=\"240\"\n                    height=\"160\"\n                    style=\"max-width:100%;\"\n                \/>\n            <\/a>\n        <\/div>\n\t\t\t\t\t\t\t<\/div> \n\t\t\t\n\t\t\t\t<div id=\"ngg-image-30\" class=\"ngg-gallery-thumbnail-box ngg-5-columns\" >\n\t\t\t\t        <div class=\"ngg-gallery-thumbnail\">\n            <a href=\"https:\/\/www.camperonline.it\/magazine\/wp-content\/gallery\/anteprime-2023-giottiline\/DSC_4421_00003.jpg\"\n               title=\"\"\n               data-src=\"https:\/\/www.camperonline.it\/magazine\/wp-content\/gallery\/anteprime-2023-giottiline\/DSC_4421_00003.jpg\"\n               data-thumbnail=\"https:\/\/www.camperonline.it\/magazine\/wp-content\/gallery\/anteprime-2023-giottiline\/thumbs\/thumbs_DSC_4421_00003.jpg\"\n               data-image-id=\"126086\"\n               data-title=\"DSC_4421_00003\"\n               data-description=\"\"\n               data-image-slug=\"dsc_4421_00003\"\n               class=\"ngg-fancybox\" rel=\"0107b832b32400db6ea87d436d2e37f2\">\n                <img\n                    title=\"DSC_4421_00003\"\n                    alt=\"DSC_4421_00003\"\n                    src=\"https:\/\/www.camperonline.it\/magazine\/wp-content\/gallery\/anteprime-2023-giottiline\/thumbs\/thumbs_DSC_4421_00003.jpg\"\n                    width=\"240\"\n                    height=\"160\"\n                    style=\"max-width:100%;\"\n                \/>\n            <\/a>\n        <\/div>\n\t\t\t\t\t\t\t<\/div> \n\t\t\t\n\t\t\t\t<div id=\"ngg-image-31\" class=\"ngg-gallery-thumbnail-box ngg-5-columns\" >\n\t\t\t\t        <div class=\"ngg-gallery-thumbnail\">\n            <a href=\"https:\/\/www.camperonline.it\/magazine\/wp-content\/gallery\/anteprime-2023-giottiline\/DSC_4498_00036.jpg\"\n               title=\"\"\n               data-src=\"https:\/\/www.camperonline.it\/magazine\/wp-content\/gallery\/anteprime-2023-giottiline\/DSC_4498_00036.jpg\"\n               data-thumbnail=\"https:\/\/www.camperonline.it\/magazine\/wp-content\/gallery\/anteprime-2023-giottiline\/thumbs\/thumbs_DSC_4498_00036.jpg\"\n               data-image-id=\"126088\"\n               data-title=\"DSC_4498_00036\"\n               data-description=\"\"\n               data-image-slug=\"dsc_4498_00036\"\n               class=\"ngg-fancybox\" rel=\"0107b832b32400db6ea87d436d2e37f2\">\n                <img\n                    title=\"DSC_4498_00036\"\n                    alt=\"DSC_4498_00036\"\n                    src=\"https:\/\/www.camperonline.it\/magazine\/wp-content\/gallery\/anteprime-2023-giottiline\/thumbs\/thumbs_DSC_4498_00036.jpg\"\n                    width=\"240\"\n                    height=\"160\"\n                    style=\"max-width:100%;\"\n                \/>\n            <\/a>\n        <\/div>\n\t\t\t\t\t\t\t<\/div> \n\t\t\t\n\t\t\t\t<div id=\"ngg-image-32\" class=\"ngg-gallery-thumbnail-box ngg-5-columns\" >\n\t\t\t\t        <div class=\"ngg-gallery-thumbnail\">\n            <a href=\"https:\/\/www.camperonline.it\/magazine\/wp-content\/gallery\/anteprime-2023-giottiline\/DSC_4503_00038.jpg\"\n               title=\"\"\n               data-src=\"https:\/\/www.camperonline.it\/magazine\/wp-content\/gallery\/anteprime-2023-giottiline\/DSC_4503_00038.jpg\"\n               data-thumbnail=\"https:\/\/www.camperonline.it\/magazine\/wp-content\/gallery\/anteprime-2023-giottiline\/thumbs\/thumbs_DSC_4503_00038.jpg\"\n               data-image-id=\"126087\"\n               data-title=\"DSC_4503_00038\"\n               data-description=\"\"\n               data-image-slug=\"dsc_4503_00038\"\n               class=\"ngg-fancybox\" rel=\"0107b832b32400db6ea87d436d2e37f2\">\n                <img\n                    title=\"DSC_4503_00038\"\n                    alt=\"DSC_4503_00038\"\n                    src=\"https:\/\/www.camperonline.it\/magazine\/wp-content\/gallery\/anteprime-2023-giottiline\/thumbs\/thumbs_DSC_4503_00038.jpg\"\n                    width=\"240\"\n                    height=\"160\"\n                    style=\"max-width:100%;\"\n                \/>\n            <\/a>\n        <\/div>\n\t\t\t\t\t\t\t<\/div> \n\t\t\t\n\t\t\t\t<div id=\"ngg-image-33\" class=\"ngg-gallery-thumbnail-box ngg-5-columns\" >\n\t\t\t\t        <div class=\"ngg-gallery-thumbnail\">\n            <a href=\"https:\/\/www.camperonline.it\/magazine\/wp-content\/gallery\/anteprime-2023-giottiline\/DSC_4449_00014.jpg\"\n               title=\"\"\n               data-src=\"https:\/\/www.camperonline.it\/magazine\/wp-content\/gallery\/anteprime-2023-giottiline\/DSC_4449_00014.jpg\"\n               data-thumbnail=\"https:\/\/www.camperonline.it\/magazine\/wp-content\/gallery\/anteprime-2023-giottiline\/thumbs\/thumbs_DSC_4449_00014.jpg\"\n               data-image-id=\"126089\"\n               data-title=\"DSC_4449_00014\"\n               data-description=\"\"\n               data-image-slug=\"dsc_4449_00014\"\n               class=\"ngg-fancybox\" rel=\"0107b832b32400db6ea87d436d2e37f2\">\n                <img\n                    title=\"DSC_4449_00014\"\n                    alt=\"DSC_4449_00014\"\n                    src=\"https:\/\/www.camperonline.it\/magazine\/wp-content\/gallery\/anteprime-2023-giottiline\/thumbs\/thumbs_DSC_4449_00014.jpg\"\n                    width=\"240\"\n                    height=\"160\"\n                    style=\"max-width:100%;\"\n                \/>\n            <\/a>\n        <\/div>\n\t\t\t\t\t\t\t<\/div> \n\t\t\t\n\t\t\t\t<div id=\"ngg-image-34\" class=\"ngg-gallery-thumbnail-box ngg-5-columns\" >\n\t\t\t\t        <div class=\"ngg-gallery-thumbnail\">\n            <a href=\"https:\/\/www.camperonline.it\/magazine\/wp-content\/gallery\/anteprime-2023-giottiline\/DSC_4443_00012.jpg\"\n               title=\"\"\n               data-src=\"https:\/\/www.camperonline.it\/magazine\/wp-content\/gallery\/anteprime-2023-giottiline\/DSC_4443_00012.jpg\"\n               data-thumbnail=\"https:\/\/www.camperonline.it\/magazine\/wp-content\/gallery\/anteprime-2023-giottiline\/thumbs\/thumbs_DSC_4443_00012.jpg\"\n               data-image-id=\"126090\"\n               data-title=\"DSC_4443_00012\"\n               data-description=\"\"\n               data-image-slug=\"dsc_4443_00012\"\n               class=\"ngg-fancybox\" rel=\"0107b832b32400db6ea87d436d2e37f2\">\n                <img\n                    title=\"DSC_4443_00012\"\n                    alt=\"DSC_4443_00012\"\n                    src=\"https:\/\/www.camperonline.it\/magazine\/wp-content\/gallery\/anteprime-2023-giottiline\/thumbs\/thumbs_DSC_4443_00012.jpg\"\n                    width=\"240\"\n                    height=\"160\"\n                    style=\"max-width:100%;\"\n                \/>\n            <\/a>\n        <\/div>\n\t\t\t\t\t\t\t<\/div> \n\t\t\t\n\t\t\t\t<div id=\"ngg-image-35\" class=\"ngg-gallery-thumbnail-box ngg-5-columns\" >\n\t\t\t\t        <div class=\"ngg-gallery-thumbnail\">\n            <a href=\"https:\/\/www.camperonline.it\/magazine\/wp-content\/gallery\/anteprime-2023-giottiline\/DSC_4466_00021.jpg\"\n               title=\"\"\n               data-src=\"https:\/\/www.camperonline.it\/magazine\/wp-content\/gallery\/anteprime-2023-giottiline\/DSC_4466_00021.jpg\"\n               data-thumbnail=\"https:\/\/www.camperonline.it\/magazine\/wp-content\/gallery\/anteprime-2023-giottiline\/thumbs\/thumbs_DSC_4466_00021.jpg\"\n               data-image-id=\"126091\"\n               data-title=\"DSC_4466_00021\"\n               data-description=\"\"\n               data-image-slug=\"dsc_4466_00021\"\n               class=\"ngg-fancybox\" rel=\"0107b832b32400db6ea87d436d2e37f2\">\n                <img\n                    title=\"DSC_4466_00021\"\n                    alt=\"DSC_4466_00021\"\n                    src=\"https:\/\/www.camperonline.it\/magazine\/wp-content\/gallery\/anteprime-2023-giottiline\/thumbs\/thumbs_DSC_4466_00021.jpg\"\n                    width=\"240\"\n                    height=\"160\"\n                    style=\"max-width:100%;\"\n                \/>\n            <\/a>\n        <\/div>\n\t\t\t\t\t\t\t<\/div> \n\t\t\t\n\t\t\t\t<div id=\"ngg-image-36\" class=\"ngg-gallery-thumbnail-box ngg-5-columns\" >\n\t\t\t\t        <div class=\"ngg-gallery-thumbnail\">\n            <a href=\"https:\/\/www.camperonline.it\/magazine\/wp-content\/gallery\/anteprime-2023-giottiline\/DSC_4465_00020.jpg\"\n               title=\"\"\n               data-src=\"https:\/\/www.camperonline.it\/magazine\/wp-content\/gallery\/anteprime-2023-giottiline\/DSC_4465_00020.jpg\"\n               data-thumbnail=\"https:\/\/www.camperonline.it\/magazine\/wp-content\/gallery\/anteprime-2023-giottiline\/thumbs\/thumbs_DSC_4465_00020.jpg\"\n               data-image-id=\"126092\"\n               data-title=\"DSC_4465_00020\"\n               data-description=\"\"\n               data-image-slug=\"dsc_4465_00020\"\n               class=\"ngg-fancybox\" rel=\"0107b832b32400db6ea87d436d2e37f2\">\n                <img\n                    title=\"DSC_4465_00020\"\n                    alt=\"DSC_4465_00020\"\n                    src=\"https:\/\/www.camperonline.it\/magazine\/wp-content\/gallery\/anteprime-2023-giottiline\/thumbs\/thumbs_DSC_4465_00020.jpg\"\n                    width=\"240\"\n                    height=\"160\"\n                    style=\"max-width:100%;\"\n                \/>\n            <\/a>\n        <\/div>\n\t\t\t\t\t\t\t<\/div> \n\t\t\t\n\t\t\t\t<div id=\"ngg-image-37\" class=\"ngg-gallery-thumbnail-box ngg-5-columns\" >\n\t\t\t\t        <div class=\"ngg-gallery-thumbnail\">\n            <a href=\"https:\/\/www.camperonline.it\/magazine\/wp-content\/gallery\/anteprime-2023-giottiline\/DSC_4488_00032.jpg\"\n               title=\"\"\n               data-src=\"https:\/\/www.camperonline.it\/magazine\/wp-content\/gallery\/anteprime-2023-giottiline\/DSC_4488_00032.jpg\"\n               data-thumbnail=\"https:\/\/www.camperonline.it\/magazine\/wp-content\/gallery\/anteprime-2023-giottiline\/thumbs\/thumbs_DSC_4488_00032.jpg\"\n               data-image-id=\"126093\"\n               data-title=\"DSC_4488_00032\"\n               data-description=\"\"\n               data-image-slug=\"dsc_4488_00032\"\n               class=\"ngg-fancybox\" rel=\"0107b832b32400db6ea87d436d2e37f2\">\n                <img\n                    title=\"DSC_4488_00032\"\n                    alt=\"DSC_4488_00032\"\n                    src=\"https:\/\/www.camperonline.it\/magazine\/wp-content\/gallery\/anteprime-2023-giottiline\/thumbs\/thumbs_DSC_4488_00032.jpg\"\n                    width=\"240\"\n                    height=\"160\"\n                    style=\"max-width:100%;\"\n                \/>\n            <\/a>\n        <\/div>\n\t\t\t\t\t\t\t<\/div> \n\t\t\t\n\t\t\t\t<div id=\"ngg-image-38\" class=\"ngg-gallery-thumbnail-box ngg-5-columns\" >\n\t\t\t\t        <div class=\"ngg-gallery-thumbnail\">\n            <a href=\"https:\/\/www.camperonline.it\/magazine\/wp-content\/gallery\/anteprime-2023-giottiline\/DSC_4471_00023.jpg\"\n               title=\"\"\n               data-src=\"https:\/\/www.camperonline.it\/magazine\/wp-content\/gallery\/anteprime-2023-giottiline\/DSC_4471_00023.jpg\"\n               data-thumbnail=\"https:\/\/www.camperonline.it\/magazine\/wp-content\/gallery\/anteprime-2023-giottiline\/thumbs\/thumbs_DSC_4471_00023.jpg\"\n               data-image-id=\"126096\"\n               data-title=\"DSC_4471_00023\"\n               data-description=\"\"\n               data-image-slug=\"dsc_4471_00023\"\n               class=\"ngg-fancybox\" rel=\"0107b832b32400db6ea87d436d2e37f2\">\n                <img\n                    title=\"DSC_4471_00023\"\n                    alt=\"DSC_4471_00023\"\n                    src=\"https:\/\/www.camperonline.it\/magazine\/wp-content\/gallery\/anteprime-2023-giottiline\/thumbs\/thumbs_DSC_4471_00023.jpg\"\n                    width=\"240\"\n                    height=\"160\"\n                    style=\"max-width:100%;\"\n                \/>\n            <\/a>\n        <\/div>\n\t\t\t\t\t\t\t<\/div> \n\t\t\t\n\t\t\t\t<div id=\"ngg-image-39\" class=\"ngg-gallery-thumbnail-box ngg-5-columns\" >\n\t\t\t\t        <div class=\"ngg-gallery-thumbnail\">\n            <a href=\"https:\/\/www.camperonline.it\/magazine\/wp-content\/gallery\/anteprime-2023-giottiline\/DSC_4462_00019.jpg\"\n               title=\"\"\n               data-src=\"https:\/\/www.camperonline.it\/magazine\/wp-content\/gallery\/anteprime-2023-giottiline\/DSC_4462_00019.jpg\"\n               data-thumbnail=\"https:\/\/www.camperonline.it\/magazine\/wp-content\/gallery\/anteprime-2023-giottiline\/thumbs\/thumbs_DSC_4462_00019.jpg\"\n               data-image-id=\"126094\"\n               data-title=\"DSC_4462_00019\"\n               data-description=\"\"\n               data-image-slug=\"dsc_4462_00019\"\n               class=\"ngg-fancybox\" rel=\"0107b832b32400db6ea87d436d2e37f2\">\n                <img\n                    title=\"DSC_4462_00019\"\n                    alt=\"DSC_4462_00019\"\n                    src=\"https:\/\/www.camperonline.it\/magazine\/wp-content\/gallery\/anteprime-2023-giottiline\/thumbs\/thumbs_DSC_4462_00019.jpg\"\n                    width=\"240\"\n                    height=\"160\"\n                    style=\"max-width:100%;\"\n                \/>\n            <\/a>\n        <\/div>\n\t\t\t\t\t\t\t<\/div> \n\t\t\t\n\t\t\t\t<div id=\"ngg-image-40\" class=\"ngg-gallery-thumbnail-box ngg-5-columns\" >\n\t\t\t\t        <div class=\"ngg-gallery-thumbnail\">\n            <a href=\"https:\/\/www.camperonline.it\/magazine\/wp-content\/gallery\/anteprime-2023-giottiline\/DSC_4473_00024.jpg\"\n               title=\"\"\n               data-src=\"https:\/\/www.camperonline.it\/magazine\/wp-content\/gallery\/anteprime-2023-giottiline\/DSC_4473_00024.jpg\"\n               data-thumbnail=\"https:\/\/www.camperonline.it\/magazine\/wp-content\/gallery\/anteprime-2023-giottiline\/thumbs\/thumbs_DSC_4473_00024.jpg\"\n               data-image-id=\"126095\"\n               data-title=\"DSC_4473_00024\"\n               data-description=\"\"\n               data-image-slug=\"dsc_4473_00024\"\n               class=\"ngg-fancybox\" rel=\"0107b832b32400db6ea87d436d2e37f2\">\n                <img\n                    title=\"DSC_4473_00024\"\n                    alt=\"DSC_4473_00024\"\n                    src=\"https:\/\/www.camperonline.it\/magazine\/wp-content\/gallery\/anteprime-2023-giottiline\/thumbs\/thumbs_DSC_4473_00024.jpg\"\n                    width=\"240\"\n                    height=\"160\"\n                    style=\"max-width:100%;\"\n                \/>\n            <\/a>\n        <\/div>\n\t\t\t\t\t\t\t<\/div> \n\t\t\t\n\t\t\t\t<div id=\"ngg-image-41\" class=\"ngg-gallery-thumbnail-box ngg-5-columns\" >\n\t\t\t\t        <div class=\"ngg-gallery-thumbnail\">\n            <a href=\"https:\/\/www.camperonline.it\/magazine\/wp-content\/gallery\/anteprime-2023-giottiline\/DSC_4475_00025.jpg\"\n               title=\"\"\n               data-src=\"https:\/\/www.camperonline.it\/magazine\/wp-content\/gallery\/anteprime-2023-giottiline\/DSC_4475_00025.jpg\"\n               data-thumbnail=\"https:\/\/www.camperonline.it\/magazine\/wp-content\/gallery\/anteprime-2023-giottiline\/thumbs\/thumbs_DSC_4475_00025.jpg\"\n               data-image-id=\"126097\"\n               data-title=\"DSC_4475_00025\"\n               data-description=\"\"\n               data-image-slug=\"dsc_4475_00025\"\n               class=\"ngg-fancybox\" rel=\"0107b832b32400db6ea87d436d2e37f2\">\n                <img\n                    title=\"DSC_4475_00025\"\n                    alt=\"DSC_4475_00025\"\n                    src=\"https:\/\/www.camperonline.it\/magazine\/wp-content\/gallery\/anteprime-2023-giottiline\/thumbs\/thumbs_DSC_4475_00025.jpg\"\n                    width=\"240\"\n                    height=\"160\"\n                    style=\"max-width:100%;\"\n                \/>\n            <\/a>\n        <\/div>\n\t\t\t\t\t\t\t<\/div> \n\t\t\t\n\t\t\t\t<div id=\"ngg-image-42\" class=\"ngg-gallery-thumbnail-box ngg-5-columns\" >\n\t\t\t\t        <div class=\"ngg-gallery-thumbnail\">\n            <a href=\"https:\/\/www.camperonline.it\/magazine\/wp-content\/gallery\/anteprime-2023-giottiline\/DSC_4477_00026.jpg\"\n               title=\"\"\n               data-src=\"https:\/\/www.camperonline.it\/magazine\/wp-content\/gallery\/anteprime-2023-giottiline\/DSC_4477_00026.jpg\"\n               data-thumbnail=\"https:\/\/www.camperonline.it\/magazine\/wp-content\/gallery\/anteprime-2023-giottiline\/thumbs\/thumbs_DSC_4477_00026.jpg\"\n               data-image-id=\"126098\"\n               data-title=\"DSC_4477_00026\"\n               data-description=\"\"\n               data-image-slug=\"dsc_4477_00026\"\n               class=\"ngg-fancybox\" rel=\"0107b832b32400db6ea87d436d2e37f2\">\n                <img\n                    title=\"DSC_4477_00026\"\n                    alt=\"DSC_4477_00026\"\n                    src=\"https:\/\/www.camperonline.it\/magazine\/wp-content\/gallery\/anteprime-2023-giottiline\/thumbs\/thumbs_DSC_4477_00026.jpg\"\n                    width=\"240\"\n                    height=\"160\"\n                    style=\"max-width:100%;\"\n                \/>\n            <\/a>\n        <\/div>\n\t\t\t\t\t\t\t<\/div> \n\t\t\t\n\t\t\t\t<div id=\"ngg-image-43\" class=\"ngg-gallery-thumbnail-box ngg-5-columns\" >\n\t\t\t\t        <div class=\"ngg-gallery-thumbnail\">\n            <a href=\"https:\/\/www.camperonline.it\/magazine\/wp-content\/gallery\/anteprime-2023-giottiline\/DSC_4482_00029.jpg\"\n               title=\"\"\n               data-src=\"https:\/\/www.camperonline.it\/magazine\/wp-content\/gallery\/anteprime-2023-giottiline\/DSC_4482_00029.jpg\"\n               data-thumbnail=\"https:\/\/www.camperonline.it\/magazine\/wp-content\/gallery\/anteprime-2023-giottiline\/thumbs\/thumbs_DSC_4482_00029.jpg\"\n               data-image-id=\"126099\"\n               data-title=\"DSC_4482_00029\"\n               data-description=\"\"\n               data-image-slug=\"dsc_4482_00029\"\n               class=\"ngg-fancybox\" rel=\"0107b832b32400db6ea87d436d2e37f2\">\n                <img\n                    title=\"DSC_4482_00029\"\n                    alt=\"DSC_4482_00029\"\n                    src=\"https:\/\/www.camperonline.it\/magazine\/wp-content\/gallery\/anteprime-2023-giottiline\/thumbs\/thumbs_DSC_4482_00029.jpg\"\n                    width=\"240\"\n                    height=\"160\"\n                    style=\"max-width:100%;\"\n                \/>\n            <\/a>\n        <\/div>\n\t\t\t\t\t\t\t<\/div> \n\t\t\t\n\t\t\t\t<div id=\"ngg-image-44\" class=\"ngg-gallery-thumbnail-box ngg-5-columns\" >\n\t\t\t\t        <div class=\"ngg-gallery-thumbnail\">\n            <a href=\"https:\/\/www.camperonline.it\/magazine\/wp-content\/gallery\/anteprime-2023-giottiline\/DSC_4484_00030.jpg\"\n               title=\"\"\n               data-src=\"https:\/\/www.camperonline.it\/magazine\/wp-content\/gallery\/anteprime-2023-giottiline\/DSC_4484_00030.jpg\"\n               data-thumbnail=\"https:\/\/www.camperonline.it\/magazine\/wp-content\/gallery\/anteprime-2023-giottiline\/thumbs\/thumbs_DSC_4484_00030.jpg\"\n               data-image-id=\"126100\"\n               data-title=\"DSC_4484_00030\"\n               data-description=\"\"\n               data-image-slug=\"dsc_4484_00030\"\n               class=\"ngg-fancybox\" rel=\"0107b832b32400db6ea87d436d2e37f2\">\n                <img\n                    title=\"DSC_4484_00030\"\n                    alt=\"DSC_4484_00030\"\n                    src=\"https:\/\/www.camperonline.it\/magazine\/wp-content\/gallery\/anteprime-2023-giottiline\/thumbs\/thumbs_DSC_4484_00030.jpg\"\n                    width=\"240\"\n                    height=\"160\"\n                    style=\"max-width:100%;\"\n                \/>\n            <\/a>\n        <\/div>\n\t\t\t\t\t\t\t<\/div> \n\t\t\t\n\t\t\t\t<div id=\"ngg-image-45\" class=\"ngg-gallery-thumbnail-box ngg-5-columns\" >\n\t\t\t\t        <div class=\"ngg-gallery-thumbnail\">\n            <a href=\"https:\/\/www.camperonline.it\/magazine\/wp-content\/gallery\/anteprime-2023-giottiline\/DSC_4319_00001.jpg\"\n               title=\"\"\n               data-src=\"https:\/\/www.camperonline.it\/magazine\/wp-content\/gallery\/anteprime-2023-giottiline\/DSC_4319_00001.jpg\"\n               data-thumbnail=\"https:\/\/www.camperonline.it\/magazine\/wp-content\/gallery\/anteprime-2023-giottiline\/thumbs\/thumbs_DSC_4319_00001.jpg\"\n               data-image-id=\"126101\"\n               data-title=\"DSC_4319_00001\"\n               data-description=\"\"\n               data-image-slug=\"dsc_4319_00001\"\n               class=\"ngg-fancybox\" rel=\"0107b832b32400db6ea87d436d2e37f2\">\n                <img\n                    title=\"DSC_4319_00001\"\n                    alt=\"DSC_4319_00001\"\n                    src=\"https:\/\/www.camperonline.it\/magazine\/wp-content\/gallery\/anteprime-2023-giottiline\/thumbs\/thumbs_DSC_4319_00001.jpg\"\n                    width=\"240\"\n                    height=\"160\"\n                    style=\"max-width:100%;\"\n                \/>\n            <\/a>\n        <\/div>\n\t\t\t\t\t\t\t<\/div> \n\t\t\t\n\t\t\t\t<div id=\"ngg-image-46\" class=\"ngg-gallery-thumbnail-box ngg-5-columns\" >\n\t\t\t\t        <div class=\"ngg-gallery-thumbnail\">\n            <a href=\"https:\/\/www.camperonline.it\/magazine\/wp-content\/gallery\/anteprime-2023-giottiline\/DSC_4322_00002.jpg\"\n               title=\"\"\n               data-src=\"https:\/\/www.camperonline.it\/magazine\/wp-content\/gallery\/anteprime-2023-giottiline\/DSC_4322_00002.jpg\"\n               data-thumbnail=\"https:\/\/www.camperonline.it\/magazine\/wp-content\/gallery\/anteprime-2023-giottiline\/thumbs\/thumbs_DSC_4322_00002.jpg\"\n               data-image-id=\"126103\"\n               data-title=\"DSC_4322_00002\"\n               data-description=\"\"\n               data-image-slug=\"dsc_4322_00002\"\n               class=\"ngg-fancybox\" rel=\"0107b832b32400db6ea87d436d2e37f2\">\n                <img\n                    title=\"DSC_4322_00002\"\n                    alt=\"DSC_4322_00002\"\n                    src=\"https:\/\/www.camperonline.it\/magazine\/wp-content\/gallery\/anteprime-2023-giottiline\/thumbs\/thumbs_DSC_4322_00002.jpg\"\n                    width=\"240\"\n                    height=\"160\"\n                    style=\"max-width:100%;\"\n                \/>\n            <\/a>\n        <\/div>\n\t\t\t\t\t\t\t<\/div> \n\t\t\t\n\t\t\t\t<div id=\"ngg-image-47\" class=\"ngg-gallery-thumbnail-box ngg-5-columns\" >\n\t\t\t\t        <div class=\"ngg-gallery-thumbnail\">\n            <a href=\"https:\/\/www.camperonline.it\/magazine\/wp-content\/gallery\/anteprime-2023-giottiline\/DSC_4323_00003.jpg\"\n               title=\"\"\n               data-src=\"https:\/\/www.camperonline.it\/magazine\/wp-content\/gallery\/anteprime-2023-giottiline\/DSC_4323_00003.jpg\"\n               data-thumbnail=\"https:\/\/www.camperonline.it\/magazine\/wp-content\/gallery\/anteprime-2023-giottiline\/thumbs\/thumbs_DSC_4323_00003.jpg\"\n               data-image-id=\"126102\"\n               data-title=\"DSC_4323_00003\"\n               data-description=\"\"\n               data-image-slug=\"dsc_4323_00003\"\n               class=\"ngg-fancybox\" rel=\"0107b832b32400db6ea87d436d2e37f2\">\n                <img\n                    title=\"DSC_4323_00003\"\n                    alt=\"DSC_4323_00003\"\n                    src=\"https:\/\/www.camperonline.it\/magazine\/wp-content\/gallery\/anteprime-2023-giottiline\/thumbs\/thumbs_DSC_4323_00003.jpg\"\n                    width=\"240\"\n                    height=\"160\"\n                    style=\"max-width:100%;\"\n                \/>\n            <\/a>\n        <\/div>\n\t\t\t\t\t\t\t<\/div> \n\t\t\t\n\t\t\t\t<div id=\"ngg-image-48\" class=\"ngg-gallery-thumbnail-box ngg-5-columns\" >\n\t\t\t\t        <div class=\"ngg-gallery-thumbnail\">\n            <a href=\"https:\/\/www.camperonline.it\/magazine\/wp-content\/gallery\/anteprime-2023-giottiline\/DSC_4411.jpg\"\n               title=\"\"\n               data-src=\"https:\/\/www.camperonline.it\/magazine\/wp-content\/gallery\/anteprime-2023-giottiline\/DSC_4411.jpg\"\n               data-thumbnail=\"https:\/\/www.camperonline.it\/magazine\/wp-content\/gallery\/anteprime-2023-giottiline\/thumbs\/thumbs_DSC_4411.jpg\"\n               data-image-id=\"126117\"\n               data-title=\"DSC_4411\"\n               data-description=\"\"\n               data-image-slug=\"dsc_4411\"\n               class=\"ngg-fancybox\" rel=\"0107b832b32400db6ea87d436d2e37f2\">\n                <img\n                    title=\"DSC_4411\"\n                    alt=\"DSC_4411\"\n                    src=\"https:\/\/www.camperonline.it\/magazine\/wp-content\/gallery\/anteprime-2023-giottiline\/thumbs\/thumbs_DSC_4411.jpg\"\n                    width=\"240\"\n                    height=\"160\"\n                    style=\"max-width:100%;\"\n                \/>\n            <\/a>\n        <\/div>\n\t\t\t\t\t\t\t<\/div> \n\t\t\t\n\t\t\t\t<div id=\"ngg-image-49\" class=\"ngg-gallery-thumbnail-box ngg-5-columns\" >\n\t\t\t\t        <div class=\"ngg-gallery-thumbnail\">\n            <a href=\"https:\/\/www.camperonline.it\/magazine\/wp-content\/gallery\/anteprime-2023-giottiline\/DSC_4408.jpg\"\n               title=\"\"\n               data-src=\"https:\/\/www.camperonline.it\/magazine\/wp-content\/gallery\/anteprime-2023-giottiline\/DSC_4408.jpg\"\n               data-thumbnail=\"https:\/\/www.camperonline.it\/magazine\/wp-content\/gallery\/anteprime-2023-giottiline\/thumbs\/thumbs_DSC_4408.jpg\"\n               data-image-id=\"126114\"\n               data-title=\"DSC_4408\"\n               data-description=\"\"\n               data-image-slug=\"dsc_4408\"\n               class=\"ngg-fancybox\" rel=\"0107b832b32400db6ea87d436d2e37f2\">\n                <img\n                    title=\"DSC_4408\"\n                    alt=\"DSC_4408\"\n                    src=\"https:\/\/www.camperonline.it\/magazine\/wp-content\/gallery\/anteprime-2023-giottiline\/thumbs\/thumbs_DSC_4408.jpg\"\n                    width=\"240\"\n                    height=\"160\"\n                    style=\"max-width:100%;\"\n                \/>\n            <\/a>\n        <\/div>\n\t\t\t\t\t\t\t<\/div> \n\t\t\t\n\t\t\t\t<div id=\"ngg-image-50\" class=\"ngg-gallery-thumbnail-box ngg-5-columns\" >\n\t\t\t\t        <div class=\"ngg-gallery-thumbnail\">\n            <a href=\"https:\/\/www.camperonline.it\/magazine\/wp-content\/gallery\/anteprime-2023-giottiline\/DSC_4329_00006.jpg\"\n               title=\"\"\n               data-src=\"https:\/\/www.camperonline.it\/magazine\/wp-content\/gallery\/anteprime-2023-giottiline\/DSC_4329_00006.jpg\"\n               data-thumbnail=\"https:\/\/www.camperonline.it\/magazine\/wp-content\/gallery\/anteprime-2023-giottiline\/thumbs\/thumbs_DSC_4329_00006.jpg\"\n               data-image-id=\"126104\"\n               data-title=\"DSC_4329_00006\"\n               data-description=\"\"\n               data-image-slug=\"dsc_4329_00006\"\n               class=\"ngg-fancybox\" rel=\"0107b832b32400db6ea87d436d2e37f2\">\n                <img\n                    title=\"DSC_4329_00006\"\n                    alt=\"DSC_4329_00006\"\n                    src=\"https:\/\/www.camperonline.it\/magazine\/wp-content\/gallery\/anteprime-2023-giottiline\/thumbs\/thumbs_DSC_4329_00006.jpg\"\n                    width=\"240\"\n                    height=\"160\"\n                    style=\"max-width:100%;\"\n                \/>\n            <\/a>\n        <\/div>\n\t\t\t\t\t\t\t<\/div> \n\t\t\t\n\t\t\t\t<div id=\"ngg-image-51\" class=\"ngg-gallery-thumbnail-box ngg-5-columns\" >\n\t\t\t\t        <div class=\"ngg-gallery-thumbnail\">\n            <a href=\"https:\/\/www.camperonline.it\/magazine\/wp-content\/gallery\/anteprime-2023-giottiline\/DSC_4325_00004.jpg\"\n               title=\"\"\n               data-src=\"https:\/\/www.camperonline.it\/magazine\/wp-content\/gallery\/anteprime-2023-giottiline\/DSC_4325_00004.jpg\"\n               data-thumbnail=\"https:\/\/www.camperonline.it\/magazine\/wp-content\/gallery\/anteprime-2023-giottiline\/thumbs\/thumbs_DSC_4325_00004.jpg\"\n               data-image-id=\"126105\"\n               data-title=\"DSC_4325_00004\"\n               data-description=\"\"\n               data-image-slug=\"dsc_4325_00004\"\n               class=\"ngg-fancybox\" rel=\"0107b832b32400db6ea87d436d2e37f2\">\n                <img\n                    title=\"DSC_4325_00004\"\n                    alt=\"DSC_4325_00004\"\n                    src=\"https:\/\/www.camperonline.it\/magazine\/wp-content\/gallery\/anteprime-2023-giottiline\/thumbs\/thumbs_DSC_4325_00004.jpg\"\n                    width=\"240\"\n                    height=\"160\"\n                    style=\"max-width:100%;\"\n                \/>\n            <\/a>\n        <\/div>\n\t\t\t\t\t\t\t<\/div> \n\t\t\t\n\t\t\t\t<div id=\"ngg-image-52\" class=\"ngg-gallery-thumbnail-box ngg-5-columns\" >\n\t\t\t\t        <div class=\"ngg-gallery-thumbnail\">\n            <a href=\"https:\/\/www.camperonline.it\/magazine\/wp-content\/gallery\/anteprime-2023-giottiline\/DSC_4328_00005.jpg\"\n               title=\"\"\n               data-src=\"https:\/\/www.camperonline.it\/magazine\/wp-content\/gallery\/anteprime-2023-giottiline\/DSC_4328_00005.jpg\"\n               data-thumbnail=\"https:\/\/www.camperonline.it\/magazine\/wp-content\/gallery\/anteprime-2023-giottiline\/thumbs\/thumbs_DSC_4328_00005.jpg\"\n               data-image-id=\"126106\"\n               data-title=\"DSC_4328_00005\"\n               data-description=\"\"\n               data-image-slug=\"dsc_4328_00005\"\n               class=\"ngg-fancybox\" rel=\"0107b832b32400db6ea87d436d2e37f2\">\n                <img\n                    title=\"DSC_4328_00005\"\n                    alt=\"DSC_4328_00005\"\n                    src=\"https:\/\/www.camperonline.it\/magazine\/wp-content\/gallery\/anteprime-2023-giottiline\/thumbs\/thumbs_DSC_4328_00005.jpg\"\n                    width=\"240\"\n                    height=\"160\"\n                    style=\"max-width:100%;\"\n                \/>\n            <\/a>\n        <\/div>\n\t\t\t\t\t\t\t<\/div> \n\t\t\t\n\t\t\t\t<div id=\"ngg-image-53\" class=\"ngg-gallery-thumbnail-box ngg-5-columns\" >\n\t\t\t\t        <div class=\"ngg-gallery-thumbnail\">\n            <a href=\"https:\/\/www.camperonline.it\/magazine\/wp-content\/gallery\/anteprime-2023-giottiline\/DSC_4346.jpg\"\n               title=\"\"\n               data-src=\"https:\/\/www.camperonline.it\/magazine\/wp-content\/gallery\/anteprime-2023-giottiline\/DSC_4346.jpg\"\n               data-thumbnail=\"https:\/\/www.camperonline.it\/magazine\/wp-content\/gallery\/anteprime-2023-giottiline\/thumbs\/thumbs_DSC_4346.jpg\"\n               data-image-id=\"126113\"\n               data-title=\"DSC_4346\"\n               data-description=\"\"\n               data-image-slug=\"dsc_4346\"\n               class=\"ngg-fancybox\" rel=\"0107b832b32400db6ea87d436d2e37f2\">\n                <img\n                    title=\"DSC_4346\"\n                    alt=\"DSC_4346\"\n                    src=\"https:\/\/www.camperonline.it\/magazine\/wp-content\/gallery\/anteprime-2023-giottiline\/thumbs\/thumbs_DSC_4346.jpg\"\n                    width=\"240\"\n                    height=\"160\"\n                    style=\"max-width:100%;\"\n                \/>\n            <\/a>\n        <\/div>\n\t\t\t\t\t\t\t<\/div> \n\t\t\t\n\t\t\t\t<div id=\"ngg-image-54\" class=\"ngg-gallery-thumbnail-box ngg-5-columns\" >\n\t\t\t\t        <div class=\"ngg-gallery-thumbnail\">\n            <a href=\"https:\/\/www.camperonline.it\/magazine\/wp-content\/gallery\/anteprime-2023-giottiline\/DSC_4331_00007.jpg\"\n               title=\"\"\n               data-src=\"https:\/\/www.camperonline.it\/magazine\/wp-content\/gallery\/anteprime-2023-giottiline\/DSC_4331_00007.jpg\"\n               data-thumbnail=\"https:\/\/www.camperonline.it\/magazine\/wp-content\/gallery\/anteprime-2023-giottiline\/thumbs\/thumbs_DSC_4331_00007.jpg\"\n               data-image-id=\"126107\"\n               data-title=\"DSC_4331_00007\"\n               data-description=\"\"\n               data-image-slug=\"dsc_4331_00007\"\n               class=\"ngg-fancybox\" rel=\"0107b832b32400db6ea87d436d2e37f2\">\n                <img\n                    title=\"DSC_4331_00007\"\n                    alt=\"DSC_4331_00007\"\n                    src=\"https:\/\/www.camperonline.it\/magazine\/wp-content\/gallery\/anteprime-2023-giottiline\/thumbs\/thumbs_DSC_4331_00007.jpg\"\n                    width=\"240\"\n                    height=\"160\"\n                    style=\"max-width:100%;\"\n                \/>\n            <\/a>\n        <\/div>\n\t\t\t\t\t\t\t<\/div> \n\t\t\t\n\t\t\t\t<div id=\"ngg-image-55\" class=\"ngg-gallery-thumbnail-box ngg-5-columns\" >\n\t\t\t\t        <div class=\"ngg-gallery-thumbnail\">\n            <a href=\"https:\/\/www.camperonline.it\/magazine\/wp-content\/gallery\/anteprime-2023-giottiline\/DSC_4336_00009.jpg\"\n               title=\"\"\n               data-src=\"https:\/\/www.camperonline.it\/magazine\/wp-content\/gallery\/anteprime-2023-giottiline\/DSC_4336_00009.jpg\"\n               data-thumbnail=\"https:\/\/www.camperonline.it\/magazine\/wp-content\/gallery\/anteprime-2023-giottiline\/thumbs\/thumbs_DSC_4336_00009.jpg\"\n               data-image-id=\"126108\"\n               data-title=\"DSC_4336_00009\"\n               data-description=\"\"\n               data-image-slug=\"dsc_4336_00009\"\n               class=\"ngg-fancybox\" rel=\"0107b832b32400db6ea87d436d2e37f2\">\n                <img\n                    title=\"DSC_4336_00009\"\n                    alt=\"DSC_4336_00009\"\n                    src=\"https:\/\/www.camperonline.it\/magazine\/wp-content\/gallery\/anteprime-2023-giottiline\/thumbs\/thumbs_DSC_4336_00009.jpg\"\n                    width=\"240\"\n                    height=\"160\"\n                    style=\"max-width:100%;\"\n                \/>\n            <\/a>\n        <\/div>\n\t\t\t\t\t\t\t<\/div> \n\t\t\t\n\t\t\t\t<div id=\"ngg-image-56\" class=\"ngg-gallery-thumbnail-box ngg-5-columns\" >\n\t\t\t\t        <div class=\"ngg-gallery-thumbnail\">\n            <a href=\"https:\/\/www.camperonline.it\/magazine\/wp-content\/gallery\/anteprime-2023-giottiline\/DSC_4338_00010.jpg\"\n               title=\"\"\n               data-src=\"https:\/\/www.camperonline.it\/magazine\/wp-content\/gallery\/anteprime-2023-giottiline\/DSC_4338_00010.jpg\"\n               data-thumbnail=\"https:\/\/www.camperonline.it\/magazine\/wp-content\/gallery\/anteprime-2023-giottiline\/thumbs\/thumbs_DSC_4338_00010.jpg\"\n               data-image-id=\"126109\"\n               data-title=\"DSC_4338_00010\"\n               data-description=\"\"\n               data-image-slug=\"dsc_4338_00010\"\n               class=\"ngg-fancybox\" rel=\"0107b832b32400db6ea87d436d2e37f2\">\n                <img\n                    title=\"DSC_4338_00010\"\n                    alt=\"DSC_4338_00010\"\n                    src=\"https:\/\/www.camperonline.it\/magazine\/wp-content\/gallery\/anteprime-2023-giottiline\/thumbs\/thumbs_DSC_4338_00010.jpg\"\n                    width=\"240\"\n                    height=\"160\"\n                    style=\"max-width:100%;\"\n                \/>\n            <\/a>\n        <\/div>\n\t\t\t\t\t\t\t<\/div> \n\t\t\t\n\t\t\t\t<div id=\"ngg-image-57\" class=\"ngg-gallery-thumbnail-box ngg-5-columns\" >\n\t\t\t\t        <div class=\"ngg-gallery-thumbnail\">\n            <a href=\"https:\/\/www.camperonline.it\/magazine\/wp-content\/gallery\/anteprime-2023-giottiline\/DSC_4340_00011.jpg\"\n               title=\"\"\n               data-src=\"https:\/\/www.camperonline.it\/magazine\/wp-content\/gallery\/anteprime-2023-giottiline\/DSC_4340_00011.jpg\"\n               data-thumbnail=\"https:\/\/www.camperonline.it\/magazine\/wp-content\/gallery\/anteprime-2023-giottiline\/thumbs\/thumbs_DSC_4340_00011.jpg\"\n               data-image-id=\"126110\"\n               data-title=\"DSC_4340_00011\"\n               data-description=\"\"\n               data-image-slug=\"dsc_4340_00011\"\n               class=\"ngg-fancybox\" rel=\"0107b832b32400db6ea87d436d2e37f2\">\n                <img\n                    title=\"DSC_4340_00011\"\n                    alt=\"DSC_4340_00011\"\n                    src=\"https:\/\/www.camperonline.it\/magazine\/wp-content\/gallery\/anteprime-2023-giottiline\/thumbs\/thumbs_DSC_4340_00011.jpg\"\n                    width=\"240\"\n                    height=\"160\"\n                    style=\"max-width:100%;\"\n                \/>\n            <\/a>\n        <\/div>\n\t\t\t\t\t\t\t<\/div> \n\t\t\t\n\t\t\t\t<div id=\"ngg-image-58\" class=\"ngg-gallery-thumbnail-box ngg-5-columns\" >\n\t\t\t\t        <div class=\"ngg-gallery-thumbnail\">\n            <a href=\"https:\/\/www.camperonline.it\/magazine\/wp-content\/gallery\/anteprime-2023-giottiline\/DSC_4409.jpg\"\n               title=\"\"\n               data-src=\"https:\/\/www.camperonline.it\/magazine\/wp-content\/gallery\/anteprime-2023-giottiline\/DSC_4409.jpg\"\n               data-thumbnail=\"https:\/\/www.camperonline.it\/magazine\/wp-content\/gallery\/anteprime-2023-giottiline\/thumbs\/thumbs_DSC_4409.jpg\"\n               data-image-id=\"126115\"\n               data-title=\"DSC_4409\"\n               data-description=\"\"\n               data-image-slug=\"dsc_4409\"\n               class=\"ngg-fancybox\" rel=\"0107b832b32400db6ea87d436d2e37f2\">\n                <img\n                    title=\"DSC_4409\"\n                    alt=\"DSC_4409\"\n                    src=\"https:\/\/www.camperonline.it\/magazine\/wp-content\/gallery\/anteprime-2023-giottiline\/thumbs\/thumbs_DSC_4409.jpg\"\n                    width=\"240\"\n                    height=\"160\"\n                    style=\"max-width:100%;\"\n                \/>\n            <\/a>\n        <\/div>\n\t\t\t\t\t\t\t<\/div> \n\t\t\t\n\t\t\t\t<div id=\"ngg-image-59\" class=\"ngg-gallery-thumbnail-box ngg-5-columns\" >\n\t\t\t\t        <div class=\"ngg-gallery-thumbnail\">\n            <a href=\"https:\/\/www.camperonline.it\/magazine\/wp-content\/gallery\/anteprime-2023-giottiline\/DSC_4342.jpg\"\n               title=\"\"\n               data-src=\"https:\/\/www.camperonline.it\/magazine\/wp-content\/gallery\/anteprime-2023-giottiline\/DSC_4342.jpg\"\n               data-thumbnail=\"https:\/\/www.camperonline.it\/magazine\/wp-content\/gallery\/anteprime-2023-giottiline\/thumbs\/thumbs_DSC_4342.jpg\"\n               data-image-id=\"126111\"\n               data-title=\"DSC_4342\"\n               data-description=\"\"\n               data-image-slug=\"dsc_4342\"\n               class=\"ngg-fancybox\" rel=\"0107b832b32400db6ea87d436d2e37f2\">\n                <img\n                    title=\"DSC_4342\"\n                    alt=\"DSC_4342\"\n                    src=\"https:\/\/www.camperonline.it\/magazine\/wp-content\/gallery\/anteprime-2023-giottiline\/thumbs\/thumbs_DSC_4342.jpg\"\n                    width=\"240\"\n                    height=\"160\"\n                    style=\"max-width:100%;\"\n                \/>\n            <\/a>\n        <\/div>\n\t\t\t\t\t\t\t<\/div> \n\t\t\t\n\t\t\t\t<div id=\"ngg-image-60\" class=\"ngg-gallery-thumbnail-box ngg-5-columns\" >\n\t\t\t\t        <div class=\"ngg-gallery-thumbnail\">\n            <a href=\"https:\/\/www.camperonline.it\/magazine\/wp-content\/gallery\/anteprime-2023-giottiline\/DSC_4343.jpg\"\n               title=\"\"\n               data-src=\"https:\/\/www.camperonline.it\/magazine\/wp-content\/gallery\/anteprime-2023-giottiline\/DSC_4343.jpg\"\n               data-thumbnail=\"https:\/\/www.camperonline.it\/magazine\/wp-content\/gallery\/anteprime-2023-giottiline\/thumbs\/thumbs_DSC_4343.jpg\"\n               data-image-id=\"126112\"\n               data-title=\"DSC_4343\"\n               data-description=\"\"\n               data-image-slug=\"dsc_4343\"\n               class=\"ngg-fancybox\" rel=\"0107b832b32400db6ea87d436d2e37f2\">\n                <img\n                    title=\"DSC_4343\"\n                    alt=\"DSC_4343\"\n                    src=\"https:\/\/www.camperonline.it\/magazine\/wp-content\/gallery\/anteprime-2023-giottiline\/thumbs\/thumbs_DSC_4343.jpg\"\n                    width=\"240\"\n                    height=\"160\"\n                    style=\"max-width:100%;\"\n                \/>\n            <\/a>\n        <\/div>\n\t\t\t\t\t\t\t<\/div> \n\t\t\t\n\t\t\t\t<div id=\"ngg-image-61\" class=\"ngg-gallery-thumbnail-box ngg-5-columns\" >\n\t\t\t\t        <div class=\"ngg-gallery-thumbnail\">\n            <a href=\"https:\/\/www.camperonline.it\/magazine\/wp-content\/gallery\/anteprime-2023-giottiline\/DSC_4350_00001.jpg\"\n               title=\"\"\n               data-src=\"https:\/\/www.camperonline.it\/magazine\/wp-content\/gallery\/anteprime-2023-giottiline\/DSC_4350_00001.jpg\"\n               data-thumbnail=\"https:\/\/www.camperonline.it\/magazine\/wp-content\/gallery\/anteprime-2023-giottiline\/thumbs\/thumbs_DSC_4350_00001.jpg\"\n               data-image-id=\"126116\"\n               data-title=\"DSC_4350_00001\"\n               data-description=\"\"\n               data-image-slug=\"dsc_4350_00001\"\n               class=\"ngg-fancybox\" rel=\"0107b832b32400db6ea87d436d2e37f2\">\n                <img\n                    title=\"DSC_4350_00001\"\n                    alt=\"DSC_4350_00001\"\n                    src=\"https:\/\/www.camperonline.it\/magazine\/wp-content\/gallery\/anteprime-2023-giottiline\/thumbs\/thumbs_DSC_4350_00001.jpg\"\n                    width=\"240\"\n                    height=\"160\"\n                    style=\"max-width:100%;\"\n                \/>\n            <\/a>\n        <\/div>\n\t\t\t\t\t\t\t<\/div> \n\t\t\t\n\t\t\t\t<div id=\"ngg-image-62\" class=\"ngg-gallery-thumbnail-box ngg-5-columns\" >\n\t\t\t\t        <div class=\"ngg-gallery-thumbnail\">\n            <a href=\"https:\/\/www.camperonline.it\/magazine\/wp-content\/gallery\/anteprime-2023-giottiline\/DSC_4351_00002.jpg\"\n               title=\"\"\n               data-src=\"https:\/\/www.camperonline.it\/magazine\/wp-content\/gallery\/anteprime-2023-giottiline\/DSC_4351_00002.jpg\"\n               data-thumbnail=\"https:\/\/www.camperonline.it\/magazine\/wp-content\/gallery\/anteprime-2023-giottiline\/thumbs\/thumbs_DSC_4351_00002.jpg\"\n               data-image-id=\"126118\"\n               data-title=\"DSC_4351_00002\"\n               data-description=\"\"\n               data-image-slug=\"dsc_4351_00002\"\n               class=\"ngg-fancybox\" rel=\"0107b832b32400db6ea87d436d2e37f2\">\n                <img\n                    title=\"DSC_4351_00002\"\n                    alt=\"DSC_4351_00002\"\n                    src=\"https:\/\/www.camperonline.it\/magazine\/wp-content\/gallery\/anteprime-2023-giottiline\/thumbs\/thumbs_DSC_4351_00002.jpg\"\n                    width=\"240\"\n                    height=\"160\"\n                    style=\"max-width:100%;\"\n                \/>\n            <\/a>\n        <\/div>\n\t\t\t\t\t\t\t<\/div> \n\t\t\t\n\t\t\t\t<div id=\"ngg-image-63\" class=\"ngg-gallery-thumbnail-box ngg-5-columns\" >\n\t\t\t\t        <div class=\"ngg-gallery-thumbnail\">\n            <a href=\"https:\/\/www.camperonline.it\/magazine\/wp-content\/gallery\/anteprime-2023-giottiline\/DSC_4354_00003.jpg\"\n               title=\"\"\n               data-src=\"https:\/\/www.camperonline.it\/magazine\/wp-content\/gallery\/anteprime-2023-giottiline\/DSC_4354_00003.jpg\"\n               data-thumbnail=\"https:\/\/www.camperonline.it\/magazine\/wp-content\/gallery\/anteprime-2023-giottiline\/thumbs\/thumbs_DSC_4354_00003.jpg\"\n               data-image-id=\"126119\"\n               data-title=\"DSC_4354_00003\"\n               data-description=\"\"\n               data-image-slug=\"dsc_4354_00003\"\n               class=\"ngg-fancybox\" rel=\"0107b832b32400db6ea87d436d2e37f2\">\n                <img\n                    title=\"DSC_4354_00003\"\n                    alt=\"DSC_4354_00003\"\n                    src=\"https:\/\/www.camperonline.it\/magazine\/wp-content\/gallery\/anteprime-2023-giottiline\/thumbs\/thumbs_DSC_4354_00003.jpg\"\n                    width=\"240\"\n                    height=\"160\"\n                    style=\"max-width:100%;\"\n                \/>\n            <\/a>\n        <\/div>\n\t\t\t\t\t\t\t<\/div> \n\t\t\t\n\t\t\t\t<div id=\"ngg-image-64\" class=\"ngg-gallery-thumbnail-box ngg-5-columns\" >\n\t\t\t\t        <div class=\"ngg-gallery-thumbnail\">\n            <a href=\"https:\/\/www.camperonline.it\/magazine\/wp-content\/gallery\/anteprime-2023-giottiline\/DSC_4360_00006.jpg\"\n               title=\"\"\n               data-src=\"https:\/\/www.camperonline.it\/magazine\/wp-content\/gallery\/anteprime-2023-giottiline\/DSC_4360_00006.jpg\"\n               data-thumbnail=\"https:\/\/www.camperonline.it\/magazine\/wp-content\/gallery\/anteprime-2023-giottiline\/thumbs\/thumbs_DSC_4360_00006.jpg\"\n               data-image-id=\"126121\"\n               data-title=\"DSC_4360_00006\"\n               data-description=\"\"\n               data-image-slug=\"dsc_4360_00006\"\n               class=\"ngg-fancybox\" rel=\"0107b832b32400db6ea87d436d2e37f2\">\n                <img\n                    title=\"DSC_4360_00006\"\n                    alt=\"DSC_4360_00006\"\n                    src=\"https:\/\/www.camperonline.it\/magazine\/wp-content\/gallery\/anteprime-2023-giottiline\/thumbs\/thumbs_DSC_4360_00006.jpg\"\n                    width=\"240\"\n                    height=\"160\"\n                    style=\"max-width:100%;\"\n                \/>\n            <\/a>\n        <\/div>\n\t\t\t\t\t\t\t<\/div> \n\t\t\t\n\t\t\t\t<div id=\"ngg-image-65\" class=\"ngg-gallery-thumbnail-box ngg-5-columns\" >\n\t\t\t\t        <div class=\"ngg-gallery-thumbnail\">\n            <a href=\"https:\/\/www.camperonline.it\/magazine\/wp-content\/gallery\/anteprime-2023-giottiline\/DSC_4363_00008.jpg\"\n               title=\"\"\n               data-src=\"https:\/\/www.camperonline.it\/magazine\/wp-content\/gallery\/anteprime-2023-giottiline\/DSC_4363_00008.jpg\"\n               data-thumbnail=\"https:\/\/www.camperonline.it\/magazine\/wp-content\/gallery\/anteprime-2023-giottiline\/thumbs\/thumbs_DSC_4363_00008.jpg\"\n               data-image-id=\"126123\"\n               data-title=\"DSC_4363_00008\"\n               data-description=\"\"\n               data-image-slug=\"dsc_4363_00008\"\n               class=\"ngg-fancybox\" rel=\"0107b832b32400db6ea87d436d2e37f2\">\n                <img\n                    title=\"DSC_4363_00008\"\n                    alt=\"DSC_4363_00008\"\n                    src=\"https:\/\/www.camperonline.it\/magazine\/wp-content\/gallery\/anteprime-2023-giottiline\/thumbs\/thumbs_DSC_4363_00008.jpg\"\n                    width=\"240\"\n                    height=\"160\"\n                    style=\"max-width:100%;\"\n                \/>\n            <\/a>\n        <\/div>\n\t\t\t\t\t\t\t<\/div> \n\t\t\t\n\t\t\t\t<div id=\"ngg-image-66\" class=\"ngg-gallery-thumbnail-box ngg-5-columns\" >\n\t\t\t\t        <div class=\"ngg-gallery-thumbnail\">\n            <a href=\"https:\/\/www.camperonline.it\/magazine\/wp-content\/gallery\/anteprime-2023-giottiline\/DSC_4389_00021.jpg\"\n               title=\"\"\n               data-src=\"https:\/\/www.camperonline.it\/magazine\/wp-content\/gallery\/anteprime-2023-giottiline\/DSC_4389_00021.jpg\"\n               data-thumbnail=\"https:\/\/www.camperonline.it\/magazine\/wp-content\/gallery\/anteprime-2023-giottiline\/thumbs\/thumbs_DSC_4389_00021.jpg\"\n               data-image-id=\"126131\"\n               data-title=\"DSC_4389_00021\"\n               data-description=\"\"\n               data-image-slug=\"dsc_4389_00021\"\n               class=\"ngg-fancybox\" rel=\"0107b832b32400db6ea87d436d2e37f2\">\n                <img\n                    title=\"DSC_4389_00021\"\n                    alt=\"DSC_4389_00021\"\n                    src=\"https:\/\/www.camperonline.it\/magazine\/wp-content\/gallery\/anteprime-2023-giottiline\/thumbs\/thumbs_DSC_4389_00021.jpg\"\n                    width=\"240\"\n                    height=\"160\"\n                    style=\"max-width:100%;\"\n                \/>\n            <\/a>\n        <\/div>\n\t\t\t\t\t\t\t<\/div> \n\t\t\t\n\t\t\t\t<div id=\"ngg-image-67\" class=\"ngg-gallery-thumbnail-box ngg-5-columns\" >\n\t\t\t\t        <div class=\"ngg-gallery-thumbnail\">\n            <a href=\"https:\/\/www.camperonline.it\/magazine\/wp-content\/gallery\/anteprime-2023-giottiline\/DSC_4361_00007.jpg\"\n               title=\"\"\n               data-src=\"https:\/\/www.camperonline.it\/magazine\/wp-content\/gallery\/anteprime-2023-giottiline\/DSC_4361_00007.jpg\"\n               data-thumbnail=\"https:\/\/www.camperonline.it\/magazine\/wp-content\/gallery\/anteprime-2023-giottiline\/thumbs\/thumbs_DSC_4361_00007.jpg\"\n               data-image-id=\"126122\"\n               data-title=\"DSC_4361_00007\"\n               data-description=\"\"\n               data-image-slug=\"dsc_4361_00007\"\n               class=\"ngg-fancybox\" rel=\"0107b832b32400db6ea87d436d2e37f2\">\n                <img\n                    title=\"DSC_4361_00007\"\n                    alt=\"DSC_4361_00007\"\n                    src=\"https:\/\/www.camperonline.it\/magazine\/wp-content\/gallery\/anteprime-2023-giottiline\/thumbs\/thumbs_DSC_4361_00007.jpg\"\n                    width=\"240\"\n                    height=\"160\"\n                    style=\"max-width:100%;\"\n                \/>\n            <\/a>\n        <\/div>\n\t\t\t\t\t\t\t<\/div> \n\t\t\t\n\t\t\t\t<div id=\"ngg-image-68\" class=\"ngg-gallery-thumbnail-box ngg-5-columns\" >\n\t\t\t\t        <div class=\"ngg-gallery-thumbnail\">\n            <a href=\"https:\/\/www.camperonline.it\/magazine\/wp-content\/gallery\/anteprime-2023-giottiline\/DSC_4356_00004.jpg\"\n               title=\"\"\n               data-src=\"https:\/\/www.camperonline.it\/magazine\/wp-content\/gallery\/anteprime-2023-giottiline\/DSC_4356_00004.jpg\"\n               data-thumbnail=\"https:\/\/www.camperonline.it\/magazine\/wp-content\/gallery\/anteprime-2023-giottiline\/thumbs\/thumbs_DSC_4356_00004.jpg\"\n               data-image-id=\"126120\"\n               data-title=\"DSC_4356_00004\"\n               data-description=\"\"\n               data-image-slug=\"dsc_4356_00004\"\n               class=\"ngg-fancybox\" rel=\"0107b832b32400db6ea87d436d2e37f2\">\n                <img\n                    title=\"DSC_4356_00004\"\n                    alt=\"DSC_4356_00004\"\n                    src=\"https:\/\/www.camperonline.it\/magazine\/wp-content\/gallery\/anteprime-2023-giottiline\/thumbs\/thumbs_DSC_4356_00004.jpg\"\n                    width=\"240\"\n                    height=\"160\"\n                    style=\"max-width:100%;\"\n                \/>\n            <\/a>\n        <\/div>\n\t\t\t\t\t\t\t<\/div> \n\t\t\t\n\t\t\t\t<div id=\"ngg-image-69\" class=\"ngg-gallery-thumbnail-box ngg-5-columns\" >\n\t\t\t\t        <div class=\"ngg-gallery-thumbnail\">\n            <a href=\"https:\/\/www.camperonline.it\/magazine\/wp-content\/gallery\/anteprime-2023-giottiline\/DSC_4367_00010.jpg\"\n               title=\"\"\n               data-src=\"https:\/\/www.camperonline.it\/magazine\/wp-content\/gallery\/anteprime-2023-giottiline\/DSC_4367_00010.jpg\"\n               data-thumbnail=\"https:\/\/www.camperonline.it\/magazine\/wp-content\/gallery\/anteprime-2023-giottiline\/thumbs\/thumbs_DSC_4367_00010.jpg\"\n               data-image-id=\"126125\"\n               data-title=\"DSC_4367_00010\"\n               data-description=\"\"\n               data-image-slug=\"dsc_4367_00010\"\n               class=\"ngg-fancybox\" rel=\"0107b832b32400db6ea87d436d2e37f2\">\n                <img\n                    title=\"DSC_4367_00010\"\n                    alt=\"DSC_4367_00010\"\n                    src=\"https:\/\/www.camperonline.it\/magazine\/wp-content\/gallery\/anteprime-2023-giottiline\/thumbs\/thumbs_DSC_4367_00010.jpg\"\n                    width=\"240\"\n                    height=\"160\"\n                    style=\"max-width:100%;\"\n                \/>\n            <\/a>\n        <\/div>\n\t\t\t\t\t\t\t<\/div> \n\t\t\t\n\t\t\t\t<div id=\"ngg-image-70\" class=\"ngg-gallery-thumbnail-box ngg-5-columns\" >\n\t\t\t\t        <div class=\"ngg-gallery-thumbnail\">\n            <a href=\"https:\/\/www.camperonline.it\/magazine\/wp-content\/gallery\/anteprime-2023-giottiline\/DSC_4365_00009.jpg\"\n               title=\"\"\n               data-src=\"https:\/\/www.camperonline.it\/magazine\/wp-content\/gallery\/anteprime-2023-giottiline\/DSC_4365_00009.jpg\"\n               data-thumbnail=\"https:\/\/www.camperonline.it\/magazine\/wp-content\/gallery\/anteprime-2023-giottiline\/thumbs\/thumbs_DSC_4365_00009.jpg\"\n               data-image-id=\"126124\"\n               data-title=\"DSC_4365_00009\"\n               data-description=\"\"\n               data-image-slug=\"dsc_4365_00009\"\n               class=\"ngg-fancybox\" rel=\"0107b832b32400db6ea87d436d2e37f2\">\n                <img\n                    title=\"DSC_4365_00009\"\n                    alt=\"DSC_4365_00009\"\n                    src=\"https:\/\/www.camperonline.it\/magazine\/wp-content\/gallery\/anteprime-2023-giottiline\/thumbs\/thumbs_DSC_4365_00009.jpg\"\n                    width=\"240\"\n                    height=\"160\"\n                    style=\"max-width:100%;\"\n                \/>\n            <\/a>\n        <\/div>\n\t\t\t\t\t\t\t<\/div> \n\t\t\t\n\t\t\t\t<div id=\"ngg-image-71\" class=\"ngg-gallery-thumbnail-box ngg-5-columns\" >\n\t\t\t\t        <div class=\"ngg-gallery-thumbnail\">\n            <a href=\"https:\/\/www.camperonline.it\/magazine\/wp-content\/gallery\/anteprime-2023-giottiline\/DSC_4371_00012.jpg\"\n               title=\"\"\n               data-src=\"https:\/\/www.camperonline.it\/magazine\/wp-content\/gallery\/anteprime-2023-giottiline\/DSC_4371_00012.jpg\"\n               data-thumbnail=\"https:\/\/www.camperonline.it\/magazine\/wp-content\/gallery\/anteprime-2023-giottiline\/thumbs\/thumbs_DSC_4371_00012.jpg\"\n               data-image-id=\"126126\"\n               data-title=\"DSC_4371_00012\"\n               data-description=\"\"\n               data-image-slug=\"dsc_4371_00012\"\n               class=\"ngg-fancybox\" rel=\"0107b832b32400db6ea87d436d2e37f2\">\n                <img\n                    title=\"DSC_4371_00012\"\n                    alt=\"DSC_4371_00012\"\n                    src=\"https:\/\/www.camperonline.it\/magazine\/wp-content\/gallery\/anteprime-2023-giottiline\/thumbs\/thumbs_DSC_4371_00012.jpg\"\n                    width=\"240\"\n                    height=\"160\"\n                    style=\"max-width:100%;\"\n                \/>\n            <\/a>\n        <\/div>\n\t\t\t\t\t\t\t<\/div> \n\t\t\t\n\t\t\t\t<div id=\"ngg-image-72\" class=\"ngg-gallery-thumbnail-box ngg-5-columns\" >\n\t\t\t\t        <div class=\"ngg-gallery-thumbnail\">\n            <a href=\"https:\/\/www.camperonline.it\/magazine\/wp-content\/gallery\/anteprime-2023-giottiline\/DSC_4378_00015.jpg\"\n               title=\"\"\n               data-src=\"https:\/\/www.camperonline.it\/magazine\/wp-content\/gallery\/anteprime-2023-giottiline\/DSC_4378_00015.jpg\"\n               data-thumbnail=\"https:\/\/www.camperonline.it\/magazine\/wp-content\/gallery\/anteprime-2023-giottiline\/thumbs\/thumbs_DSC_4378_00015.jpg\"\n               data-image-id=\"126128\"\n               data-title=\"DSC_4378_00015\"\n               data-description=\"\"\n               data-image-slug=\"dsc_4378_00015\"\n               class=\"ngg-fancybox\" rel=\"0107b832b32400db6ea87d436d2e37f2\">\n                <img\n                    title=\"DSC_4378_00015\"\n                    alt=\"DSC_4378_00015\"\n                    src=\"https:\/\/www.camperonline.it\/magazine\/wp-content\/gallery\/anteprime-2023-giottiline\/thumbs\/thumbs_DSC_4378_00015.jpg\"\n                    width=\"240\"\n                    height=\"160\"\n                    style=\"max-width:100%;\"\n                \/>\n            <\/a>\n        <\/div>\n\t\t\t\t\t\t\t<\/div> \n\t\t\t\n\t\t\t\t<div id=\"ngg-image-73\" class=\"ngg-gallery-thumbnail-box ngg-5-columns\" >\n\t\t\t\t        <div class=\"ngg-gallery-thumbnail\">\n            <a href=\"https:\/\/www.camperonline.it\/magazine\/wp-content\/gallery\/anteprime-2023-giottiline\/DSC_4384_00018-2.jpg\"\n               title=\"\"\n               data-src=\"https:\/\/www.camperonline.it\/magazine\/wp-content\/gallery\/anteprime-2023-giottiline\/DSC_4384_00018-2.jpg\"\n               data-thumbnail=\"https:\/\/www.camperonline.it\/magazine\/wp-content\/gallery\/anteprime-2023-giottiline\/thumbs\/thumbs_DSC_4384_00018-2.jpg\"\n               data-image-id=\"126130\"\n               data-title=\"DSC_4384_00018-2\"\n               data-description=\"\"\n               data-image-slug=\"dsc_4384_00018-2\"\n               class=\"ngg-fancybox\" rel=\"0107b832b32400db6ea87d436d2e37f2\">\n                <img\n                    title=\"DSC_4384_00018-2\"\n                    alt=\"DSC_4384_00018-2\"\n                    src=\"https:\/\/www.camperonline.it\/magazine\/wp-content\/gallery\/anteprime-2023-giottiline\/thumbs\/thumbs_DSC_4384_00018-2.jpg\"\n                    width=\"240\"\n                    height=\"160\"\n                    style=\"max-width:100%;\"\n                \/>\n            <\/a>\n        <\/div>\n\t\t\t\t\t\t\t<\/div> \n\t\t\t\n\t\t\t\t<div id=\"ngg-image-74\" class=\"ngg-gallery-thumbnail-box ngg-5-columns\" >\n\t\t\t\t        <div class=\"ngg-gallery-thumbnail\">\n            <a href=\"https:\/\/www.camperonline.it\/magazine\/wp-content\/gallery\/anteprime-2023-giottiline\/DSC_4380_00016.jpg\"\n               title=\"\"\n               data-src=\"https:\/\/www.camperonline.it\/magazine\/wp-content\/gallery\/anteprime-2023-giottiline\/DSC_4380_00016.jpg\"\n               data-thumbnail=\"https:\/\/www.camperonline.it\/magazine\/wp-content\/gallery\/anteprime-2023-giottiline\/thumbs\/thumbs_DSC_4380_00016.jpg\"\n               data-image-id=\"126127\"\n               data-title=\"DSC_4380_00016\"\n               data-description=\"\"\n               data-image-slug=\"dsc_4380_00016\"\n               class=\"ngg-fancybox\" rel=\"0107b832b32400db6ea87d436d2e37f2\">\n                <img\n                    title=\"DSC_4380_00016\"\n                    alt=\"DSC_4380_00016\"\n                    src=\"https:\/\/www.camperonline.it\/magazine\/wp-content\/gallery\/anteprime-2023-giottiline\/thumbs\/thumbs_DSC_4380_00016.jpg\"\n                    width=\"240\"\n                    height=\"160\"\n                    style=\"max-width:100%;\"\n                \/>\n            <\/a>\n        <\/div>\n\t\t\t\t\t\t\t<\/div> \n\t\t\t\n\t\t\t\t<div id=\"ngg-image-75\" class=\"ngg-gallery-thumbnail-box ngg-5-columns\" >\n\t\t\t\t        <div class=\"ngg-gallery-thumbnail\">\n            <a href=\"https:\/\/www.camperonline.it\/magazine\/wp-content\/gallery\/anteprime-2023-giottiline\/DSC_4382_00017.jpg\"\n               title=\"\"\n               data-src=\"https:\/\/www.camperonline.it\/magazine\/wp-content\/gallery\/anteprime-2023-giottiline\/DSC_4382_00017.jpg\"\n               data-thumbnail=\"https:\/\/www.camperonline.it\/magazine\/wp-content\/gallery\/anteprime-2023-giottiline\/thumbs\/thumbs_DSC_4382_00017.jpg\"\n               data-image-id=\"126129\"\n               data-title=\"DSC_4382_00017\"\n               data-description=\"\"\n               data-image-slug=\"dsc_4382_00017\"\n               class=\"ngg-fancybox\" rel=\"0107b832b32400db6ea87d436d2e37f2\">\n                <img\n                    title=\"DSC_4382_00017\"\n                    alt=\"DSC_4382_00017\"\n                    src=\"https:\/\/www.camperonline.it\/magazine\/wp-content\/gallery\/anteprime-2023-giottiline\/thumbs\/thumbs_DSC_4382_00017.jpg\"\n                    width=\"240\"\n                    height=\"160\"\n                    style=\"max-width:100%;\"\n                \/>\n            <\/a>\n        <\/div>\n\t\t\t\t\t\t\t<\/div> \n\t\t\t\n\t\n\t<br style=\"clear: both\" \/>\n\n\t\t<div class=\"slideshowlink\">\n        <a href='https:\/\/www.camperonline.it\/magazine\/2022\/07\/22\/anteprime-2023-giottiline\/nggallery\/slideshow'>[Mostra slideshow]<\/a>\n\t\t\n\t<\/div>\n\t\n\t\t<!-- Pagination -->\n\t<div class='ngg-clear'><\/div>\t<\/div>\n\n","protected":false},"excerpt":{"rendered":"<p>Per la stagione 2023 cresce la collezione targata GiottiLine: arriva l&#8217;inedita serie di semintegrali Compact, contraddistinti da dimensioni esterne ridotte, e aumenta l&#8217;offerta di meccaniche utilizzate, introducendo la base del Ford Transit su alcuni modelli della gamma Siena<\/p>\n","protected":false},"author":21,"featured_media":328933,"comment_status":"closed","ping_status":"open","sticky":false,"template":"","format":"standard","meta":{"ngg_post_thumbnail":0},"categories":[6462,217,813,7,5517],"tags":[6464,405,6511,6223],"yoast_head":"<!-- This site is optimized with the Yoast SEO plugin v18.6 - https:\/\/yoast.com\/wordpress\/plugins\/seo\/ -->\n<title>Anteprime 2023: GiottiLine - CamperOnLine Magazine<\/title>\n<meta name=\"description\" content=\"Per la stagione 2023 cresce la collezione targata GiottiLine: arriva l&#039;inedita serie di semintegrali Compact, contraddistinti da dimensioni esterne\" \/>\n<meta name=\"robots\" content=\"index, follow, max-snippet:-1, max-image-preview:large, max-video-preview:-1\" \/>\n<link rel=\"canonical\" href=\"https:\/\/www.camperonline.it\/magazine\/2022\/07\/22\/anteprime-2023-giottiline\/\" \/>\n<meta property=\"og:locale\" content=\"it_IT\" \/>\n<meta property=\"og:type\" content=\"article\" \/>\n<meta property=\"og:title\" content=\"Anteprime 2023: GiottiLine - CamperOnLine Magazine\" \/>\n<meta property=\"og:description\" content=\"Per la stagione 2023 cresce la collezione targata GiottiLine: arriva l&#039;inedita serie di semintegrali Compact, contraddistinti da dimensioni esterne\" \/>\n<meta property=\"og:url\" content=\"https:\/\/www.camperonline.it\/magazine\/2022\/07\/22\/anteprime-2023-giottiline\/\" \/>\n<meta property=\"og:site_name\" content=\"CamperOnLine Magazine\" \/>\n<meta property=\"article:published_time\" content=\"2022-07-21T22:00:16+00:00\" \/>\n<meta property=\"article:modified_time\" content=\"2022-07-20T16:45:10+00:00\" \/>\n<meta property=\"og:image\" content=\"https:\/\/www.camperonline.it\/magazine\/wp-content\/uploads\/2022\/07\/CoverGiotti2023-2.jpg\" \/>\n\t<meta property=\"og:image:width\" content=\"630\" \/>\n\t<meta property=\"og:image:height\" content=\"354\" \/>\n\t<meta property=\"og:image:type\" content=\"image\/jpeg\" \/>\n<meta name=\"twitter:card\" content=\"summary_large_image\" \/>\n<script type=\"application\/ld+json\" class=\"yoast-schema-graph\">{\"@context\":\"https:\/\/schema.org\",\"@graph\":[{\"@type\":\"WebSite\",\"@id\":\"https:\/\/www.camperonline.it\/magazine\/#website\",\"url\":\"https:\/\/www.camperonline.it\/magazine\/\",\"name\":\"CamperOnLine Magazine\",\"description\":\"Viaggi in camper, test, video, destinazioni, vacanze\",\"potentialAction\":[{\"@type\":\"SearchAction\",\"target\":{\"@type\":\"EntryPoint\",\"urlTemplate\":\"https:\/\/www.camperonline.it\/magazine\/?s={search_term_string}\"},\"query-input\":\"required name=search_term_string\"}],\"inLanguage\":\"it-IT\"},{\"@type\":\"ImageObject\",\"@id\":\"https:\/\/www.camperonline.it\/magazine\/2022\/07\/22\/anteprime-2023-giottiline\/#primaryimage\",\"inLanguage\":\"it-IT\",\"url\":\"https:\/\/www.camperonline.it\/magazine\/wp-content\/uploads\/2022\/07\/CoverGiotti2023-2.jpg\",\"contentUrl\":\"https:\/\/www.camperonline.it\/magazine\/wp-content\/uploads\/2022\/07\/CoverGiotti2023-2.jpg\",\"width\":630,\"height\":354},{\"@type\":\"WebPage\",\"@id\":\"https:\/\/www.camperonline.it\/magazine\/2022\/07\/22\/anteprime-2023-giottiline\/#webpage\",\"url\":\"https:\/\/www.camperonline.it\/magazine\/2022\/07\/22\/anteprime-2023-giottiline\/\",\"name\":\"Anteprime 2023: GiottiLine - CamperOnLine Magazine\",\"isPartOf\":{\"@id\":\"https:\/\/www.camperonline.it\/magazine\/#website\"},\"primaryImageOfPage\":{\"@id\":\"https:\/\/www.camperonline.it\/magazine\/2022\/07\/22\/anteprime-2023-giottiline\/#primaryimage\"},\"datePublished\":\"2022-07-21T22:00:16+00:00\",\"dateModified\":\"2022-07-20T16:45:10+00:00\",\"author\":{\"@id\":\"https:\/\/www.camperonline.it\/magazine\/#\/schema\/person\/c90be17d75a09ba611f120cef80c1067\"},\"description\":\"Per la stagione 2023 cresce la collezione targata GiottiLine: arriva l'inedita serie di semintegrali Compact, contraddistinti da dimensioni esterne\",\"breadcrumb\":{\"@id\":\"https:\/\/www.camperonline.it\/magazine\/2022\/07\/22\/anteprime-2023-giottiline\/#breadcrumb\"},\"inLanguage\":\"it-IT\",\"potentialAction\":[{\"@type\":\"ReadAction\",\"target\":[\"https:\/\/www.camperonline.it\/magazine\/2022\/07\/22\/anteprime-2023-giottiline\/\"]}]},{\"@type\":\"BreadcrumbList\",\"@id\":\"https:\/\/www.camperonline.it\/magazine\/2022\/07\/22\/anteprime-2023-giottiline\/#breadcrumb\",\"itemListElement\":[{\"@type\":\"ListItem\",\"position\":1,\"name\":\"Home\",\"item\":\"https:\/\/www.camperonline.it\/magazine\/\"},{\"@type\":\"ListItem\",\"position\":2,\"name\":\"Anteprime 2023: GiottiLine\"}]},{\"@type\":\"Person\",\"@id\":\"https:\/\/www.camperonline.it\/magazine\/#\/schema\/person\/c90be17d75a09ba611f120cef80c1067\",\"name\":\"Davide Bon\",\"sameAs\":[\"https:\/\/www.camperonline.it\/magazine\/\"],\"url\":\"https:\/\/www.camperonline.it\/magazine\/author\/davide\/\"}]}<\/script>\n<!-- \/ Yoast SEO plugin. -->","yoast_head_json":{"title":"Anteprime 2023: GiottiLine - CamperOnLine Magazine","description":"Per la stagione 2023 cresce la collezione targata GiottiLine: arriva l'inedita serie di semintegrali Compact, contraddistinti da dimensioni esterne","robots":{"index":"index","follow":"follow","max-snippet":"max-snippet:-1","max-image-preview":"max-image-preview:large","max-video-preview":"max-video-preview:-1"},"canonical":"https:\/\/www.camperonline.it\/magazine\/2022\/07\/22\/anteprime-2023-giottiline\/","og_locale":"it_IT","og_type":"article","og_title":"Anteprime 2023: GiottiLine - CamperOnLine Magazine","og_description":"Per la stagione 2023 cresce la collezione targata GiottiLine: arriva l'inedita serie di semintegrali Compact, contraddistinti da dimensioni esterne","og_url":"https:\/\/www.camperonline.it\/magazine\/2022\/07\/22\/anteprime-2023-giottiline\/","og_site_name":"CamperOnLine Magazine","article_published_time":"2022-07-21T22:00:16+00:00","article_modified_time":"2022-07-20T16:45:10+00:00","og_image":[{"width":630,"height":354,"url":"https:\/\/www.camperonline.it\/magazine\/wp-content\/uploads\/2022\/07\/CoverGiotti2023-2.jpg","type":"image\/jpeg"}],"twitter_card":"summary_large_image","schema":{"@context":"https:\/\/schema.org","@graph":[{"@type":"WebSite","@id":"https:\/\/www.camperonline.it\/magazine\/#website","url":"https:\/\/www.camperonline.it\/magazine\/","name":"CamperOnLine Magazine","description":"Viaggi in camper, test, video, destinazioni, vacanze","potentialAction":[{"@type":"SearchAction","target":{"@type":"EntryPoint","urlTemplate":"https:\/\/www.camperonline.it\/magazine\/?s={search_term_string}"},"query-input":"required name=search_term_string"}],"inLanguage":"it-IT"},{"@type":"ImageObject","@id":"https:\/\/www.camperonline.it\/magazine\/2022\/07\/22\/anteprime-2023-giottiline\/#primaryimage","inLanguage":"it-IT","url":"https:\/\/www.camperonline.it\/magazine\/wp-content\/uploads\/2022\/07\/CoverGiotti2023-2.jpg","contentUrl":"https:\/\/www.camperonline.it\/magazine\/wp-content\/uploads\/2022\/07\/CoverGiotti2023-2.jpg","width":630,"height":354},{"@type":"WebPage","@id":"https:\/\/www.camperonline.it\/magazine\/2022\/07\/22\/anteprime-2023-giottiline\/#webpage","url":"https:\/\/www.camperonline.it\/magazine\/2022\/07\/22\/anteprime-2023-giottiline\/","name":"Anteprime 2023: GiottiLine - CamperOnLine Magazine","isPartOf":{"@id":"https:\/\/www.camperonline.it\/magazine\/#website"},"primaryImageOfPage":{"@id":"https:\/\/www.camperonline.it\/magazine\/2022\/07\/22\/anteprime-2023-giottiline\/#primaryimage"},"datePublished":"2022-07-21T22:00:16+00:00","dateModified":"2022-07-20T16:45:10+00:00","author":{"@id":"https:\/\/www.camperonline.it\/magazine\/#\/schema\/person\/c90be17d75a09ba611f120cef80c1067"},"description":"Per la stagione 2023 cresce la collezione targata GiottiLine: arriva l'inedita serie di semintegrali Compact, contraddistinti da dimensioni esterne","breadcrumb":{"@id":"https:\/\/www.camperonline.it\/magazine\/2022\/07\/22\/anteprime-2023-giottiline\/#breadcrumb"},"inLanguage":"it-IT","potentialAction":[{"@type":"ReadAction","target":["https:\/\/www.camperonline.it\/magazine\/2022\/07\/22\/anteprime-2023-giottiline\/"]}]},{"@type":"BreadcrumbList","@id":"https:\/\/www.camperonline.it\/magazine\/2022\/07\/22\/anteprime-2023-giottiline\/#breadcrumb","itemListElement":[{"@type":"ListItem","position":1,"name":"Home","item":"https:\/\/www.camperonline.it\/magazine\/"},{"@type":"ListItem","position":2,"name":"Anteprime 2023: GiottiLine"}]},{"@type":"Person","@id":"https:\/\/www.camperonline.it\/magazine\/#\/schema\/person\/c90be17d75a09ba611f120cef80c1067","name":"Davide Bon","sameAs":["https:\/\/www.camperonline.it\/magazine\/"],"url":"https:\/\/www.camperonline.it\/magazine\/author\/davide\/"}]}},"_links":{"self":[{"href":"https:\/\/www.camperonline.it\/magazine\/wp-json\/wp\/v2\/posts\/328931"}],"collection":[{"href":"https:\/\/www.camperonline.it\/magazine\/wp-json\/wp\/v2\/posts"}],"about":[{"href":"https:\/\/www.camperonline.it\/magazine\/wp-json\/wp\/v2\/types\/post"}],"author":[{"embeddable":true,"href":"https:\/\/www.camperonline.it\/magazine\/wp-json\/wp\/v2\/users\/21"}],"replies":[{"embeddable":true,"href":"https:\/\/www.camperonline.it\/magazine\/wp-json\/wp\/v2\/comments?post=328931"}],"version-history":[{"count":13,"href":"https:\/\/www.camperonline.it\/magazine\/wp-json\/wp\/v2\/posts\/328931\/revisions"}],"predecessor-version":[{"id":329199,"href":"https:\/\/www.camperonline.it\/magazine\/wp-json\/wp\/v2\/posts\/328931\/revisions\/329199"}],"wp:featuredmedia":[{"embeddable":true,"href":"https:\/\/www.camperonline.it\/magazine\/wp-json\/wp\/v2\/media\/328933"}],"wp:attachment":[{"href":"https:\/\/www.camperonline.it\/magazine\/wp-json\/wp\/v2\/media?parent=328931"}],"wp:term":[{"taxonomy":"category","embeddable":true,"href":"https:\/\/www.camperonline.it\/magazine\/wp-json\/wp\/v2\/categories?post=328931"},{"taxonomy":"post_tag","embeddable":true,"href":"https:\/\/www.camperonline.it\/magazine\/wp-json\/wp\/v2\/tags?post=328931"}],"curies":[{"name":"wp","href":"https:\/\/api.w.org\/{rel}","templated":true}]}}