{"id":329114,"date":"2022-07-26T00:00:57","date_gmt":"2022-07-25T22:00:57","guid":{"rendered":"https:\/\/www.camperonline.it\/magazine\/?p=329114"},"modified":"2022-07-19T15:45:15","modified_gmt":"2022-07-19T13:45:15","slug":"anteprime-2023-itineo","status":"publish","type":"post","link":"https:\/\/www.camperonline.it\/magazine\/2022\/07\/26\/anteprime-2023-itineo\/","title":{"rendered":"Anteprime 2023: Itineo"},"content":{"rendered":"<p style=\"text-align: center;\" align=\"JUSTIFY\"><img loading=\"lazy\" class=\"aligncenter size-full wp-image-329116\" src=\"https:\/\/www.camperonline.it\/magazine\/wp-content\/uploads\/2022\/07\/CoverAnteItineo2023-2.jpg\" alt=\"\" width=\"630\" height=\"354\" srcset=\"https:\/\/www.camperonline.it\/magazine\/wp-content\/uploads\/2022\/07\/CoverAnteItineo2023-2.jpg 630w, https:\/\/www.camperonline.it\/magazine\/wp-content\/uploads\/2022\/07\/CoverAnteItineo2023-2-300x169.jpg 300w\" sizes=\"(max-width: 630px) 100vw, 630px\" \/><\/p>\n<h2 style=\"text-align: left;\"><span style=\"font-size: 18pt;\">Il 2023 \u00e8 una stagione di conferme per Itineo, brand entry-level del Gruppo Rapido, che presenta la sua offerta in tema di semintegrali, motorhome compatti e integrali classici con qualche piccolo aggiornamento riservato agli ambienti interni<\/span><\/h2>\n<p><!--more--><\/p>\n<p>Itineo rappresenta ormai da molti anni il gradino d\u2019accesso all\u2019importate Gruppo Rapido, ma chi ha seguito passo dopo passo l\u2019evoluzione di questo brand, sa bene che i suoi attuali prodotti non sono pi\u00f9 semplici ed essenziali come lo erano un tempo, ma sono pian piano cresciuti, senza dimenticare quel rapporto tra qualit\u00e0 e prezzo che da sempre li contraddistingue. Il 2023 di casa Itineo \u00e8 principalmente una stagione di conferme. La sua offerta non ha subito grosse modifiche ed \u00e8 sempre suddivisa tra semintegrali, motorhome compatti e integrali pi\u00f9 tradizionali. Piccoli aggiornamenti riguardano invece gli ambienti interni, con l\u2019estensione all\u2019intera collezione dello stile d\u2019arredo denominato \u201cUrban\u201d.<\/p>\n<p style=\"text-align: left;\" align=\"JUSTIFY\"><span style=\"font-size: 18.72px;\"><b>Motorhome<\/b><\/span><\/p>\n<p>Sul fronte dei veicoli integrali, Itineo non dimentica assolutamente la sua mission: quella di offrire alcuni motorhome dedicati espressamente alla famiglia. E tra questi, uno dei modelli che pi\u00f9 esprime questa sua essenza, \u00e8 sicuramente l\u2019<strong>Itineo 740 SB<\/strong>, offerto nella versione speciale denominata Spirit Edition.<\/p>\n<p><img loading=\"lazy\" class=\"aligncenter size-full wp-image-329162\" src=\"https:\/\/www.camperonline.it\/magazine\/wp-content\/uploads\/2022\/07\/DSC_4478_00025.jpg\" alt=\"\" width=\"630\" height=\"418\" srcset=\"https:\/\/www.camperonline.it\/magazine\/wp-content\/uploads\/2022\/07\/DSC_4478_00025.jpg 630w, https:\/\/www.camperonline.it\/magazine\/wp-content\/uploads\/2022\/07\/DSC_4478_00025-300x199.jpg 300w\" sizes=\"(max-width: 630px) 100vw, 630px\" \/><\/p>\n<p><img loading=\"lazy\" class=\"aligncenter size-full wp-image-329163\" src=\"https:\/\/www.camperonline.it\/magazine\/wp-content\/uploads\/2022\/07\/DSC_4470_00022.jpg\" alt=\"\" width=\"630\" height=\"418\" srcset=\"https:\/\/www.camperonline.it\/magazine\/wp-content\/uploads\/2022\/07\/DSC_4470_00022.jpg 630w, https:\/\/www.camperonline.it\/magazine\/wp-content\/uploads\/2022\/07\/DSC_4470_00022-300x199.jpg 300w\" sizes=\"(max-width: 630px) 100vw, 630px\" \/><\/p>\n<p>Si tratta di un veicolo di taglia generosa, la sua lunghezza arriva infatti a ben 742 cm; dimensioni importanti dunque, che consentono di sviluppare un layout interno pensato per offrire il massimo comfort alla famiglia di tre, quattro o addirittura cinque persone. Ed \u00e8 proprio cos\u00ec, in quanto l\u2019Itineo 740 SB \u00e8 in grado di offrire non solamente cinque posti letto per la notte, ma anche cinque posti omologati per il viaggio.<\/p>\n<p><img loading=\"lazy\" class=\"aligncenter size-full wp-image-329165\" src=\"https:\/\/www.camperonline.it\/magazine\/wp-content\/uploads\/2022\/07\/DSC_4428_00003.jpg\" alt=\"\" width=\"630\" height=\"418\" srcset=\"https:\/\/www.camperonline.it\/magazine\/wp-content\/uploads\/2022\/07\/DSC_4428_00003.jpg 630w, https:\/\/www.camperonline.it\/magazine\/wp-content\/uploads\/2022\/07\/DSC_4428_00003-300x199.jpg 300w\" sizes=\"(max-width: 630px) 100vw, 630px\" \/><\/p>\n<p>La peculiarit\u00e0 di questo allestimento risiede nell\u2019organizzazione della parte posteriore dell\u2019abitacolo, pensata per offrire un ambiente dedicato principalmente ai pi\u00f9 piccoli. Spazio dunque a due letti a castello trasversali, abbinati a un gavone a volume variabile, a loro volta anticipati da una piccola dinette posta anch\u2019essa in senso trasversale. In questa zona ritroviamo anche i due capienti armadi guardaroba sviluppati a tutta altezza, mentre la doppia possibilit\u00e0 di battuta della porta del vicino locale bagno, consente di separarla dal resto dell\u2019abitacolo. Una toilette che \u00e8 stata organizzata in due locali indipendenti.<\/p>\n<p><img loading=\"lazy\" class=\"aligncenter size-full wp-image-329166\" src=\"https:\/\/www.camperonline.it\/magazine\/wp-content\/uploads\/2022\/07\/DSC_4442_00010.jpg\" alt=\"\" width=\"630\" height=\"418\" srcset=\"https:\/\/www.camperonline.it\/magazine\/wp-content\/uploads\/2022\/07\/DSC_4442_00010.jpg 630w, https:\/\/www.camperonline.it\/magazine\/wp-content\/uploads\/2022\/07\/DSC_4442_00010-300x199.jpg 300w\" sizes=\"(max-width: 630px) 100vw, 630px\" \/><\/p>\n<p><img loading=\"lazy\" class=\"aligncenter size-full wp-image-329167\" src=\"https:\/\/www.camperonline.it\/magazine\/wp-content\/uploads\/2022\/07\/DSC_4443_00011-2.jpg\" alt=\"\" width=\"630\" height=\"471\" srcset=\"https:\/\/www.camperonline.it\/magazine\/wp-content\/uploads\/2022\/07\/DSC_4443_00011-2.jpg 630w, https:\/\/www.camperonline.it\/magazine\/wp-content\/uploads\/2022\/07\/DSC_4443_00011-2-300x224.jpg 300w\" sizes=\"(max-width: 630px) 100vw, 630px\" \/><\/p>\n<p><img loading=\"lazy\" class=\"aligncenter size-full wp-image-329168\" src=\"https:\/\/www.camperonline.it\/magazine\/wp-content\/uploads\/2022\/07\/DSC_4458_00016-2.jpg\" alt=\"\" width=\"630\" height=\"470\" srcset=\"https:\/\/www.camperonline.it\/magazine\/wp-content\/uploads\/2022\/07\/DSC_4458_00016-2.jpg 630w, https:\/\/www.camperonline.it\/magazine\/wp-content\/uploads\/2022\/07\/DSC_4458_00016-2-300x224.jpg 300w, https:\/\/www.camperonline.it\/magazine\/wp-content\/uploads\/2022\/07\/DSC_4458_00016-2-270x200.jpg 270w\" sizes=\"(max-width: 630px) 100vw, 630px\" \/><\/p>\n<p>La zona giorno vede invece la presenza di un ampio e confortevole living integrato con la cabina di guida, provvisto ora di serie di attacchi Isofix, al cui fianco \u00e8 stato collocato il blocco cucina dallo sviluppo a \u201cL\u201d.<\/p>\n<p><img loading=\"lazy\" class=\"aligncenter size-full wp-image-329169\" src=\"https:\/\/www.camperonline.it\/magazine\/wp-content\/uploads\/2022\/07\/DSC_4432_00005.jpg\" alt=\"\" width=\"630\" height=\"418\" srcset=\"https:\/\/www.camperonline.it\/magazine\/wp-content\/uploads\/2022\/07\/DSC_4432_00005.jpg 630w, https:\/\/www.camperonline.it\/magazine\/wp-content\/uploads\/2022\/07\/DSC_4432_00005-300x199.jpg 300w\" sizes=\"(max-width: 630px) 100vw, 630px\" \/><\/p>\n<p><img loading=\"lazy\" class=\"aligncenter size-full wp-image-329170\" src=\"https:\/\/www.camperonline.it\/magazine\/wp-content\/uploads\/2022\/07\/DSC_4433_00006.jpg\" alt=\"\" width=\"630\" height=\"418\" srcset=\"https:\/\/www.camperonline.it\/magazine\/wp-content\/uploads\/2022\/07\/DSC_4433_00006.jpg 630w, https:\/\/www.camperonline.it\/magazine\/wp-content\/uploads\/2022\/07\/DSC_4433_00006-300x199.jpg 300w\" sizes=\"(max-width: 630px) 100vw, 630px\" \/><\/p>\n<p>Per la nuova stagione anche i motorhome di grandezza maggiore \u2013 incluso questo modello \u2013 beneficiano dello stile d\u2019arredo \u201cUrban\u201d, che abbina piani ed elementi di colore grigio a una calda essenza legno. Inoltre porta in dote l\u2019adozione di pensili senza maniglie a vista, dotati quindi di chiusura push-lock. L&#8217;allestimento Spirit Edition \u00e8 poi facilmente riconoscibile esternamente per una decorazione esclusiva nera opaca e silver e per le sellerie intere realizzate in Tep, tessuto sintetico similpelle, con eleganti ricami che richiamano la serie speciale.&nbsp;<\/p>\n<p><img loading=\"lazy\" class=\"aligncenter size-full wp-image-329171\" src=\"https:\/\/www.camperonline.it\/magazine\/wp-content\/uploads\/2022\/07\/DSC_4435_00007.jpg\" alt=\"\" width=\"630\" height=\"418\" srcset=\"https:\/\/www.camperonline.it\/magazine\/wp-content\/uploads\/2022\/07\/DSC_4435_00007.jpg 630w, https:\/\/www.camperonline.it\/magazine\/wp-content\/uploads\/2022\/07\/DSC_4435_00007-300x199.jpg 300w\" sizes=\"(max-width: 630px) 100vw, 630px\" \/><\/p>\n<p>Confermata totalmente la gamma di motorhome compatti introdotta la scorsa stagione, tre modelli allestiti a partire dalla base meccanica del Peugeot Boxer che condividono le medesime dimensioni esterne, decisamente contenute per la categoria: parliamo di 661 cm di lunghezza e una larghezza pari a soli 219 cm. Tra questi, il modello <strong>Itineo CM 660<\/strong> sviluppa un layout con comodo letto centrale nautico posteriore su garage.<\/p>\n<p><img loading=\"lazy\" class=\"aligncenter size-full wp-image-329172\" src=\"https:\/\/www.camperonline.it\/magazine\/wp-content\/uploads\/2022\/07\/DSC_3716_00013.jpg\" alt=\"\" width=\"630\" height=\"418\" srcset=\"https:\/\/www.camperonline.it\/magazine\/wp-content\/uploads\/2022\/07\/DSC_3716_00013.jpg 630w, https:\/\/www.camperonline.it\/magazine\/wp-content\/uploads\/2022\/07\/DSC_3716_00013-300x199.jpg 300w\" sizes=\"(max-width: 630px) 100vw, 630px\" \/><\/p>\n<p><img loading=\"lazy\" class=\"aligncenter size-full wp-image-329173\" src=\"https:\/\/www.camperonline.it\/magazine\/wp-content\/uploads\/2022\/07\/DSC_3723_00017.jpg\" alt=\"\" width=\"630\" height=\"418\" srcset=\"https:\/\/www.camperonline.it\/magazine\/wp-content\/uploads\/2022\/07\/DSC_3723_00017.jpg 630w, https:\/\/www.camperonline.it\/magazine\/wp-content\/uploads\/2022\/07\/DSC_3723_00017-300x199.jpg 300w\" sizes=\"(max-width: 630px) 100vw, 630px\" \/><\/p>\n<p>All\u2019interno offre un living formato da una semidinette a \u201cL\u201d integrata con la cabina di guida, fronteggiato dal mobile cucina a sviluppo lineare, a sua volta provvisto di frigorifero a colonna. Il bagno invece adotta la soluzione salvaspazio a volume variabile, provvisto dunque di parete ruotabile che consente la creazione di un box doccia separato. All\u2019occorrenza, la porta del locale bagno pu\u00f2 anche isolare completamente la camera padronale di coda.<\/p>\n<p><img loading=\"lazy\" class=\"aligncenter size-full wp-image-329174\" src=\"https:\/\/www.camperonline.it\/magazine\/wp-content\/uploads\/2022\/07\/DSC_3694_00002.jpg\" alt=\"\" width=\"630\" height=\"418\" srcset=\"https:\/\/www.camperonline.it\/magazine\/wp-content\/uploads\/2022\/07\/DSC_3694_00002.jpg 630w, https:\/\/www.camperonline.it\/magazine\/wp-content\/uploads\/2022\/07\/DSC_3694_00002-300x199.jpg 300w\" sizes=\"(max-width: 630px) 100vw, 630px\" \/><\/p>\n<p><img loading=\"lazy\" class=\"aligncenter size-full wp-image-329175\" src=\"https:\/\/www.camperonline.it\/magazine\/wp-content\/uploads\/2022\/07\/DSC_3697_00004.jpg\" alt=\"\" width=\"630\" height=\"418\" srcset=\"https:\/\/www.camperonline.it\/magazine\/wp-content\/uploads\/2022\/07\/DSC_3697_00004.jpg 630w, https:\/\/www.camperonline.it\/magazine\/wp-content\/uploads\/2022\/07\/DSC_3697_00004-300x199.jpg 300w\" sizes=\"(max-width: 630px) 100vw, 630px\" \/><\/p>\n<p><img loading=\"lazy\" class=\"aligncenter size-full wp-image-329176\" src=\"https:\/\/www.camperonline.it\/magazine\/wp-content\/uploads\/2022\/07\/DSC_3704_00007.jpg\" alt=\"\" width=\"630\" height=\"418\" srcset=\"https:\/\/www.camperonline.it\/magazine\/wp-content\/uploads\/2022\/07\/DSC_3704_00007.jpg 630w, https:\/\/www.camperonline.it\/magazine\/wp-content\/uploads\/2022\/07\/DSC_3704_00007-300x199.jpg 300w\" sizes=\"(max-width: 630px) 100vw, 630px\" \/><\/p>\n<p><img loading=\"lazy\" class=\"aligncenter size-full wp-image-329177\" src=\"https:\/\/www.camperonline.it\/magazine\/wp-content\/uploads\/2022\/07\/DSC_3708_00009.jpg\" alt=\"\" width=\"630\" height=\"418\" srcset=\"https:\/\/www.camperonline.it\/magazine\/wp-content\/uploads\/2022\/07\/DSC_3708_00009.jpg 630w, https:\/\/www.camperonline.it\/magazine\/wp-content\/uploads\/2022\/07\/DSC_3708_00009-300x199.jpg 300w\" sizes=\"(max-width: 630px) 100vw, 630px\" \/><\/p>\n<p><span style=\"font-size: 18.72px;\"><b>Semintegrali<\/b><\/span><\/p>\n<p>Non solo motorhome all\u2019intero dell\u2019offerta del brand entry-level del Gruppo Rapido, ma da anni \u00e8 presente nella sua collezione anche una gamma di semintegrali, che per la nuova stagione adotta la base meccanica del Peugeot Boxer e il citato stile dell\u2019arredo interno \u201cUrban\u201d. Dei tre modelli confermati che compongono questa serie, la proposta pi\u00f9 particolare \u00e8 l\u2019<strong>Itineo PC 640<\/strong>, offerto nella versione speciale denominata Spirit Edition. Si tratta di un profilato lungo appena 636 cm, che rinuncia volutamente alla presenza di un letto sempre pronto in coda, a tutto vantaggio cos\u00ec dello spazio e del comfort di bordo.<\/p>\n<p><img loading=\"lazy\" class=\"aligncenter size-full wp-image-329180\" src=\"https:\/\/www.camperonline.it\/magazine\/wp-content\/uploads\/2022\/07\/DSC_3726_00019.jpg\" alt=\"\" width=\"630\" height=\"418\" srcset=\"https:\/\/www.camperonline.it\/magazine\/wp-content\/uploads\/2022\/07\/DSC_3726_00019.jpg 630w, https:\/\/www.camperonline.it\/magazine\/wp-content\/uploads\/2022\/07\/DSC_3726_00019-300x199.jpg 300w\" sizes=\"(max-width: 630px) 100vw, 630px\" \/><\/p>\n<p><img loading=\"lazy\" class=\"aligncenter size-full wp-image-329181\" src=\"https:\/\/www.camperonline.it\/magazine\/wp-content\/uploads\/2022\/07\/DSC_3731_00021.jpg\" alt=\"\" width=\"630\" height=\"418\" srcset=\"https:\/\/www.camperonline.it\/magazine\/wp-content\/uploads\/2022\/07\/DSC_3731_00021.jpg 630w, https:\/\/www.camperonline.it\/magazine\/wp-content\/uploads\/2022\/07\/DSC_3731_00021-300x199.jpg 300w\" sizes=\"(max-width: 630px) 100vw, 630px\" \/><\/p>\n<p>Una delle sue caratteristiche principali \u00e8 sicuramente l\u2019ampio living anteriore, che adotta qui l\u2019immancabile configurazione face-to-face. I due grandi divani longitudinali contrapposti, infatti, uniti ai sedili girevoli della cabina, consentono di ospitare comodamente fino a sette persone attorno al tavolo centrale provvisto di un piano decisamente generoso. In perfetta continuit\u00e0 con il soggiorno si sviluppa il mobile cucina, che accenna una forma di \u201cL\u201d, fronteggiato a sua volta dal frigorifero a colonna.<\/p>\n<p><img loading=\"lazy\" class=\"aligncenter size-full wp-image-329182\" src=\"https:\/\/www.camperonline.it\/magazine\/wp-content\/uploads\/2022\/07\/DSC_3737_00024.jpg\" alt=\"\" width=\"630\" height=\"418\" srcset=\"https:\/\/www.camperonline.it\/magazine\/wp-content\/uploads\/2022\/07\/DSC_3737_00024.jpg 630w, https:\/\/www.camperonline.it\/magazine\/wp-content\/uploads\/2022\/07\/DSC_3737_00024-300x199.jpg 300w\" sizes=\"(max-width: 630px) 100vw, 630px\" \/><\/p>\n<p><img loading=\"lazy\" class=\"aligncenter size-full wp-image-329183\" src=\"https:\/\/www.camperonline.it\/magazine\/wp-content\/uploads\/2022\/07\/DSC_3738_00025.jpg\" alt=\"\" width=\"630\" height=\"418\" srcset=\"https:\/\/www.camperonline.it\/magazine\/wp-content\/uploads\/2022\/07\/DSC_3738_00025.jpg 630w, https:\/\/www.camperonline.it\/magazine\/wp-content\/uploads\/2022\/07\/DSC_3738_00025-300x199.jpg 300w\" sizes=\"(max-width: 630px) 100vw, 630px\" \/><\/p>\n<p><img loading=\"lazy\" class=\"aligncenter size-full wp-image-329184\" src=\"https:\/\/www.camperonline.it\/magazine\/wp-content\/uploads\/2022\/07\/DSC_3745_00028.jpg\" alt=\"\" width=\"630\" height=\"418\" srcset=\"https:\/\/www.camperonline.it\/magazine\/wp-content\/uploads\/2022\/07\/DSC_3745_00028.jpg 630w, https:\/\/www.camperonline.it\/magazine\/wp-content\/uploads\/2022\/07\/DSC_3745_00028-300x199.jpg 300w\" sizes=\"(max-width: 630px) 100vw, 630px\" \/><\/p>\n<p>L\u2019intera parte posteriore ospita in primis la grande sala da bagno trasversale, che sfrutta l\u2019intera larghezza del mezzo. Al suo interno ritroviamo anche la capiente cabina armadio a doppia anta, posizionata al di sopra del piccolo gavone garage.<\/p>\n<p><img loading=\"lazy\" class=\"aligncenter size-full wp-image-329185\" src=\"https:\/\/www.camperonline.it\/magazine\/wp-content\/uploads\/2022\/07\/DSC_3747_00029.jpg\" alt=\"\" width=\"630\" height=\"418\" srcset=\"https:\/\/www.camperonline.it\/magazine\/wp-content\/uploads\/2022\/07\/DSC_3747_00029.jpg 630w, https:\/\/www.camperonline.it\/magazine\/wp-content\/uploads\/2022\/07\/DSC_3747_00029-300x199.jpg 300w\" sizes=\"(max-width: 630px) 100vw, 630px\" \/><\/p>\n<p><img loading=\"lazy\" class=\"aligncenter size-full wp-image-329186\" src=\"https:\/\/www.camperonline.it\/magazine\/wp-content\/uploads\/2022\/07\/DSC_3752_00032.jpg\" alt=\"\" width=\"630\" height=\"418\" srcset=\"https:\/\/www.camperonline.it\/magazine\/wp-content\/uploads\/2022\/07\/DSC_3752_00032.jpg 630w, https:\/\/www.camperonline.it\/magazine\/wp-content\/uploads\/2022\/07\/DSC_3752_00032-300x199.jpg 300w\" sizes=\"(max-width: 630px) 100vw, 630px\" \/><\/p>\n<h3>Fotogallery<\/h3>\n<!-- default-view.php -->\n<div\n\tclass=\"ngg-galleryoverview default-view  ngg-ajax-pagination-none\"\n\tid=\"ngg-gallery-6cb5187eaacc3dd6d28f6d532e2088d6-1\">\n\n\t\t<!-- Thumbnails -->\n\t\t\t\t<div id=\"ngg-image-0\" class=\"ngg-gallery-thumbnail-box ngg-5-columns\" >\n\t\t\t\t        <div class=\"ngg-gallery-thumbnail\">\n            <a href=\"https:\/\/www.camperonline.it\/magazine\/wp-content\/gallery\/anteprime-2023-itineo\/DSC_4478_00025.jpg\"\n               title=\"\"\n               data-src=\"https:\/\/www.camperonline.it\/magazine\/wp-content\/gallery\/anteprime-2023-itineo\/DSC_4478_00025.jpg\"\n               data-thumbnail=\"https:\/\/www.camperonline.it\/magazine\/wp-content\/gallery\/anteprime-2023-itineo\/thumbs\/thumbs_DSC_4478_00025.jpg\"\n               data-image-id=\"126185\"\n               data-title=\"DSC_4478_00025\"\n               data-description=\"\"\n               data-image-slug=\"dsc_4478_00025\"\n               class=\"ngg-fancybox\" rel=\"6cb5187eaacc3dd6d28f6d532e2088d6\">\n                <img\n                    title=\"DSC_4478_00025\"\n                    alt=\"DSC_4478_00025\"\n                    src=\"https:\/\/www.camperonline.it\/magazine\/wp-content\/gallery\/anteprime-2023-itineo\/thumbs\/thumbs_DSC_4478_00025.jpg\"\n                    width=\"240\"\n                    height=\"160\"\n                    style=\"max-width:100%;\"\n                \/>\n            <\/a>\n        <\/div>\n\t\t\t\t\t\t\t<\/div> \n\t\t\t\n\t\t\t\t<div id=\"ngg-image-1\" class=\"ngg-gallery-thumbnail-box ngg-5-columns\" >\n\t\t\t\t        <div class=\"ngg-gallery-thumbnail\">\n            <a href=\"https:\/\/www.camperonline.it\/magazine\/wp-content\/gallery\/anteprime-2023-itineo\/DSC_4470_00022.jpg\"\n               title=\"\"\n               data-src=\"https:\/\/www.camperonline.it\/magazine\/wp-content\/gallery\/anteprime-2023-itineo\/DSC_4470_00022.jpg\"\n               data-thumbnail=\"https:\/\/www.camperonline.it\/magazine\/wp-content\/gallery\/anteprime-2023-itineo\/thumbs\/thumbs_DSC_4470_00022.jpg\"\n               data-image-id=\"126170\"\n               data-title=\"DSC_4470_00022\"\n               data-description=\"\"\n               data-image-slug=\"dsc_4470_00022\"\n               class=\"ngg-fancybox\" rel=\"6cb5187eaacc3dd6d28f6d532e2088d6\">\n                <img\n                    title=\"DSC_4470_00022\"\n                    alt=\"DSC_4470_00022\"\n                    src=\"https:\/\/www.camperonline.it\/magazine\/wp-content\/gallery\/anteprime-2023-itineo\/thumbs\/thumbs_DSC_4470_00022.jpg\"\n                    width=\"240\"\n                    height=\"160\"\n                    style=\"max-width:100%;\"\n                \/>\n            <\/a>\n        <\/div>\n\t\t\t\t\t\t\t<\/div> \n\t\t\t\n\t\t\t\t<div id=\"ngg-image-2\" class=\"ngg-gallery-thumbnail-box ngg-5-columns\" >\n\t\t\t\t        <div class=\"ngg-gallery-thumbnail\">\n            <a href=\"https:\/\/www.camperonline.it\/magazine\/wp-content\/gallery\/anteprime-2023-itineo\/DSC_4467_00021.jpg\"\n               title=\"\"\n               data-src=\"https:\/\/www.camperonline.it\/magazine\/wp-content\/gallery\/anteprime-2023-itineo\/DSC_4467_00021.jpg\"\n               data-thumbnail=\"https:\/\/www.camperonline.it\/magazine\/wp-content\/gallery\/anteprime-2023-itineo\/thumbs\/thumbs_DSC_4467_00021.jpg\"\n               data-image-id=\"126184\"\n               data-title=\"DSC_4467_00021\"\n               data-description=\"\"\n               data-image-slug=\"dsc_4467_00021\"\n               class=\"ngg-fancybox\" rel=\"6cb5187eaacc3dd6d28f6d532e2088d6\">\n                <img\n                    title=\"DSC_4467_00021\"\n                    alt=\"DSC_4467_00021\"\n                    src=\"https:\/\/www.camperonline.it\/magazine\/wp-content\/gallery\/anteprime-2023-itineo\/thumbs\/thumbs_DSC_4467_00021.jpg\"\n                    width=\"240\"\n                    height=\"160\"\n                    style=\"max-width:100%;\"\n                \/>\n            <\/a>\n        <\/div>\n\t\t\t\t\t\t\t<\/div> \n\t\t\t\n\t\t\t\t<div id=\"ngg-image-3\" class=\"ngg-gallery-thumbnail-box ngg-5-columns\" >\n\t\t\t\t        <div class=\"ngg-gallery-thumbnail\">\n            <a href=\"https:\/\/www.camperonline.it\/magazine\/wp-content\/gallery\/anteprime-2023-itineo\/DSC_4428_00003.jpg\"\n               title=\"\"\n               data-src=\"https:\/\/www.camperonline.it\/magazine\/wp-content\/gallery\/anteprime-2023-itineo\/DSC_4428_00003.jpg\"\n               data-thumbnail=\"https:\/\/www.camperonline.it\/magazine\/wp-content\/gallery\/anteprime-2023-itineo\/thumbs\/thumbs_DSC_4428_00003.jpg\"\n               data-image-id=\"126171\"\n               data-title=\"DSC_4428_00003\"\n               data-description=\"\"\n               data-image-slug=\"dsc_4428_00003\"\n               class=\"ngg-fancybox\" rel=\"6cb5187eaacc3dd6d28f6d532e2088d6\">\n                <img\n                    title=\"DSC_4428_00003\"\n                    alt=\"DSC_4428_00003\"\n                    src=\"https:\/\/www.camperonline.it\/magazine\/wp-content\/gallery\/anteprime-2023-itineo\/thumbs\/thumbs_DSC_4428_00003.jpg\"\n                    width=\"240\"\n                    height=\"160\"\n                    style=\"max-width:100%;\"\n                \/>\n            <\/a>\n        <\/div>\n\t\t\t\t\t\t\t<\/div> \n\t\t\t\n\t\t\t\t<div id=\"ngg-image-4\" class=\"ngg-gallery-thumbnail-box ngg-5-columns\" >\n\t\t\t\t        <div class=\"ngg-gallery-thumbnail\">\n            <a href=\"https:\/\/www.camperonline.it\/magazine\/wp-content\/gallery\/anteprime-2023-itineo\/DSC_4423_00001.jpg\"\n               title=\"\"\n               data-src=\"https:\/\/www.camperonline.it\/magazine\/wp-content\/gallery\/anteprime-2023-itineo\/DSC_4423_00001.jpg\"\n               data-thumbnail=\"https:\/\/www.camperonline.it\/magazine\/wp-content\/gallery\/anteprime-2023-itineo\/thumbs\/thumbs_DSC_4423_00001.jpg\"\n               data-image-id=\"126173\"\n               data-title=\"DSC_4423_00001\"\n               data-description=\"\"\n               data-image-slug=\"dsc_4423_00001\"\n               class=\"ngg-fancybox\" rel=\"6cb5187eaacc3dd6d28f6d532e2088d6\">\n                <img\n                    title=\"DSC_4423_00001\"\n                    alt=\"DSC_4423_00001\"\n                    src=\"https:\/\/www.camperonline.it\/magazine\/wp-content\/gallery\/anteprime-2023-itineo\/thumbs\/thumbs_DSC_4423_00001.jpg\"\n                    width=\"240\"\n                    height=\"160\"\n                    style=\"max-width:100%;\"\n                \/>\n            <\/a>\n        <\/div>\n\t\t\t\t\t\t\t<\/div> \n\t\t\t\n\t\t\t\t<div id=\"ngg-image-5\" class=\"ngg-gallery-thumbnail-box ngg-5-columns\" >\n\t\t\t\t        <div class=\"ngg-gallery-thumbnail\">\n            <a href=\"https:\/\/www.camperonline.it\/magazine\/wp-content\/gallery\/anteprime-2023-itineo\/DSC_4432_00005.jpg\"\n               title=\"\"\n               data-src=\"https:\/\/www.camperonline.it\/magazine\/wp-content\/gallery\/anteprime-2023-itineo\/DSC_4432_00005.jpg\"\n               data-thumbnail=\"https:\/\/www.camperonline.it\/magazine\/wp-content\/gallery\/anteprime-2023-itineo\/thumbs\/thumbs_DSC_4432_00005.jpg\"\n               data-image-id=\"126172\"\n               data-title=\"DSC_4432_00005\"\n               data-description=\"\"\n               data-image-slug=\"dsc_4432_00005\"\n               class=\"ngg-fancybox\" rel=\"6cb5187eaacc3dd6d28f6d532e2088d6\">\n                <img\n                    title=\"DSC_4432_00005\"\n                    alt=\"DSC_4432_00005\"\n                    src=\"https:\/\/www.camperonline.it\/magazine\/wp-content\/gallery\/anteprime-2023-itineo\/thumbs\/thumbs_DSC_4432_00005.jpg\"\n                    width=\"240\"\n                    height=\"160\"\n                    style=\"max-width:100%;\"\n                \/>\n            <\/a>\n        <\/div>\n\t\t\t\t\t\t\t<\/div> \n\t\t\t\n\t\t\t\t<div id=\"ngg-image-6\" class=\"ngg-gallery-thumbnail-box ngg-5-columns\" >\n\t\t\t\t        <div class=\"ngg-gallery-thumbnail\">\n            <a href=\"https:\/\/www.camperonline.it\/magazine\/wp-content\/gallery\/anteprime-2023-itineo\/DSC_4466_00020.jpg\"\n               title=\"\"\n               data-src=\"https:\/\/www.camperonline.it\/magazine\/wp-content\/gallery\/anteprime-2023-itineo\/DSC_4466_00020.jpg\"\n               data-thumbnail=\"https:\/\/www.camperonline.it\/magazine\/wp-content\/gallery\/anteprime-2023-itineo\/thumbs\/thumbs_DSC_4466_00020.jpg\"\n               data-image-id=\"126183\"\n               data-title=\"DSC_4466_00020\"\n               data-description=\"\"\n               data-image-slug=\"dsc_4466_00020\"\n               class=\"ngg-fancybox\" rel=\"6cb5187eaacc3dd6d28f6d532e2088d6\">\n                <img\n                    title=\"DSC_4466_00020\"\n                    alt=\"DSC_4466_00020\"\n                    src=\"https:\/\/www.camperonline.it\/magazine\/wp-content\/gallery\/anteprime-2023-itineo\/thumbs\/thumbs_DSC_4466_00020.jpg\"\n                    width=\"240\"\n                    height=\"160\"\n                    style=\"max-width:100%;\"\n                \/>\n            <\/a>\n        <\/div>\n\t\t\t\t\t\t\t<\/div> \n\t\t\t\n\t\t\t\t<div id=\"ngg-image-7\" class=\"ngg-gallery-thumbnail-box ngg-5-columns\" >\n\t\t\t\t        <div class=\"ngg-gallery-thumbnail\">\n            <a href=\"https:\/\/www.camperonline.it\/magazine\/wp-content\/gallery\/anteprime-2023-itineo\/DSC_4435_00007.jpg\"\n               title=\"\"\n               data-src=\"https:\/\/www.camperonline.it\/magazine\/wp-content\/gallery\/anteprime-2023-itineo\/DSC_4435_00007.jpg\"\n               data-thumbnail=\"https:\/\/www.camperonline.it\/magazine\/wp-content\/gallery\/anteprime-2023-itineo\/thumbs\/thumbs_DSC_4435_00007.jpg\"\n               data-image-id=\"126174\"\n               data-title=\"DSC_4435_00007\"\n               data-description=\"\"\n               data-image-slug=\"dsc_4435_00007\"\n               class=\"ngg-fancybox\" rel=\"6cb5187eaacc3dd6d28f6d532e2088d6\">\n                <img\n                    title=\"DSC_4435_00007\"\n                    alt=\"DSC_4435_00007\"\n                    src=\"https:\/\/www.camperonline.it\/magazine\/wp-content\/gallery\/anteprime-2023-itineo\/thumbs\/thumbs_DSC_4435_00007.jpg\"\n                    width=\"240\"\n                    height=\"160\"\n                    style=\"max-width:100%;\"\n                \/>\n            <\/a>\n        <\/div>\n\t\t\t\t\t\t\t<\/div> \n\t\t\t\n\t\t\t\t<div id=\"ngg-image-8\" class=\"ngg-gallery-thumbnail-box ngg-5-columns\" >\n\t\t\t\t        <div class=\"ngg-gallery-thumbnail\">\n            <a href=\"https:\/\/www.camperonline.it\/magazine\/wp-content\/gallery\/anteprime-2023-itineo\/DSC_4433_00006.jpg\"\n               title=\"\"\n               data-src=\"https:\/\/www.camperonline.it\/magazine\/wp-content\/gallery\/anteprime-2023-itineo\/DSC_4433_00006.jpg\"\n               data-thumbnail=\"https:\/\/www.camperonline.it\/magazine\/wp-content\/gallery\/anteprime-2023-itineo\/thumbs\/thumbs_DSC_4433_00006.jpg\"\n               data-image-id=\"126175\"\n               data-title=\"DSC_4433_00006\"\n               data-description=\"\"\n               data-image-slug=\"dsc_4433_00006\"\n               class=\"ngg-fancybox\" rel=\"6cb5187eaacc3dd6d28f6d532e2088d6\">\n                <img\n                    title=\"DSC_4433_00006\"\n                    alt=\"DSC_4433_00006\"\n                    src=\"https:\/\/www.camperonline.it\/magazine\/wp-content\/gallery\/anteprime-2023-itineo\/thumbs\/thumbs_DSC_4433_00006.jpg\"\n                    width=\"240\"\n                    height=\"160\"\n                    style=\"max-width:100%;\"\n                \/>\n            <\/a>\n        <\/div>\n\t\t\t\t\t\t\t<\/div> \n\t\t\t\n\t\t\t\t<div id=\"ngg-image-9\" class=\"ngg-gallery-thumbnail-box ngg-5-columns\" >\n\t\t\t\t        <div class=\"ngg-gallery-thumbnail\">\n            <a href=\"https:\/\/www.camperonline.it\/magazine\/wp-content\/gallery\/anteprime-2023-itineo\/DSC_4461_00018.jpg\"\n               title=\"\"\n               data-src=\"https:\/\/www.camperonline.it\/magazine\/wp-content\/gallery\/anteprime-2023-itineo\/DSC_4461_00018.jpg\"\n               data-thumbnail=\"https:\/\/www.camperonline.it\/magazine\/wp-content\/gallery\/anteprime-2023-itineo\/thumbs\/thumbs_DSC_4461_00018.jpg\"\n               data-image-id=\"126181\"\n               data-title=\"DSC_4461_00018\"\n               data-description=\"\"\n               data-image-slug=\"dsc_4461_00018\"\n               class=\"ngg-fancybox\" rel=\"6cb5187eaacc3dd6d28f6d532e2088d6\">\n                <img\n                    title=\"DSC_4461_00018\"\n                    alt=\"DSC_4461_00018\"\n                    src=\"https:\/\/www.camperonline.it\/magazine\/wp-content\/gallery\/anteprime-2023-itineo\/thumbs\/thumbs_DSC_4461_00018.jpg\"\n                    width=\"240\"\n                    height=\"160\"\n                    style=\"max-width:100%;\"\n                \/>\n            <\/a>\n        <\/div>\n\t\t\t\t\t\t\t<\/div> \n\t\t\t\n\t\t\t\t<div id=\"ngg-image-10\" class=\"ngg-gallery-thumbnail-box ngg-5-columns\" >\n\t\t\t\t        <div class=\"ngg-gallery-thumbnail\">\n            <a href=\"https:\/\/www.camperonline.it\/magazine\/wp-content\/gallery\/anteprime-2023-itineo\/DSC_4439_00009.jpg\"\n               title=\"\"\n               data-src=\"https:\/\/www.camperonline.it\/magazine\/wp-content\/gallery\/anteprime-2023-itineo\/DSC_4439_00009.jpg\"\n               data-thumbnail=\"https:\/\/www.camperonline.it\/magazine\/wp-content\/gallery\/anteprime-2023-itineo\/thumbs\/thumbs_DSC_4439_00009.jpg\"\n               data-image-id=\"126176\"\n               data-title=\"DSC_4439_00009\"\n               data-description=\"\"\n               data-image-slug=\"dsc_4439_00009\"\n               class=\"ngg-fancybox\" rel=\"6cb5187eaacc3dd6d28f6d532e2088d6\">\n                <img\n                    title=\"DSC_4439_00009\"\n                    alt=\"DSC_4439_00009\"\n                    src=\"https:\/\/www.camperonline.it\/magazine\/wp-content\/gallery\/anteprime-2023-itineo\/thumbs\/thumbs_DSC_4439_00009.jpg\"\n                    width=\"240\"\n                    height=\"160\"\n                    style=\"max-width:100%;\"\n                \/>\n            <\/a>\n        <\/div>\n\t\t\t\t\t\t\t<\/div> \n\t\t\t\n\t\t\t\t<div id=\"ngg-image-11\" class=\"ngg-gallery-thumbnail-box ngg-5-columns\" >\n\t\t\t\t        <div class=\"ngg-gallery-thumbnail\">\n            <a href=\"https:\/\/www.camperonline.it\/magazine\/wp-content\/gallery\/anteprime-2023-itineo\/DSC_4442_00010.jpg\"\n               title=\"\"\n               data-src=\"https:\/\/www.camperonline.it\/magazine\/wp-content\/gallery\/anteprime-2023-itineo\/DSC_4442_00010.jpg\"\n               data-thumbnail=\"https:\/\/www.camperonline.it\/magazine\/wp-content\/gallery\/anteprime-2023-itineo\/thumbs\/thumbs_DSC_4442_00010.jpg\"\n               data-image-id=\"126178\"\n               data-title=\"DSC_4442_00010\"\n               data-description=\"\"\n               data-image-slug=\"dsc_4442_00010\"\n               class=\"ngg-fancybox\" rel=\"6cb5187eaacc3dd6d28f6d532e2088d6\">\n                <img\n                    title=\"DSC_4442_00010\"\n                    alt=\"DSC_4442_00010\"\n                    src=\"https:\/\/www.camperonline.it\/magazine\/wp-content\/gallery\/anteprime-2023-itineo\/thumbs\/thumbs_DSC_4442_00010.jpg\"\n                    width=\"240\"\n                    height=\"160\"\n                    style=\"max-width:100%;\"\n                \/>\n            <\/a>\n        <\/div>\n\t\t\t\t\t\t\t<\/div> \n\t\t\t\n\t\t\t\t<div id=\"ngg-image-12\" class=\"ngg-gallery-thumbnail-box ngg-5-columns\" >\n\t\t\t\t        <div class=\"ngg-gallery-thumbnail\">\n            <a href=\"https:\/\/www.camperonline.it\/magazine\/wp-content\/gallery\/anteprime-2023-itineo\/DSC_4463_00019.jpg\"\n               title=\"\"\n               data-src=\"https:\/\/www.camperonline.it\/magazine\/wp-content\/gallery\/anteprime-2023-itineo\/DSC_4463_00019.jpg\"\n               data-thumbnail=\"https:\/\/www.camperonline.it\/magazine\/wp-content\/gallery\/anteprime-2023-itineo\/thumbs\/thumbs_DSC_4463_00019.jpg\"\n               data-image-id=\"126182\"\n               data-title=\"DSC_4463_00019\"\n               data-description=\"\"\n               data-image-slug=\"dsc_4463_00019\"\n               class=\"ngg-fancybox\" rel=\"6cb5187eaacc3dd6d28f6d532e2088d6\">\n                <img\n                    title=\"DSC_4463_00019\"\n                    alt=\"DSC_4463_00019\"\n                    src=\"https:\/\/www.camperonline.it\/magazine\/wp-content\/gallery\/anteprime-2023-itineo\/thumbs\/thumbs_DSC_4463_00019.jpg\"\n                    width=\"240\"\n                    height=\"160\"\n                    style=\"max-width:100%;\"\n                \/>\n            <\/a>\n        <\/div>\n\t\t\t\t\t\t\t<\/div> \n\t\t\t\n\t\t\t\t<div id=\"ngg-image-13\" class=\"ngg-gallery-thumbnail-box ngg-5-columns\" >\n\t\t\t\t        <div class=\"ngg-gallery-thumbnail\">\n            <a href=\"https:\/\/www.camperonline.it\/magazine\/wp-content\/gallery\/anteprime-2023-itineo\/DSC_4443_00011-2.jpg\"\n               title=\"\"\n               data-src=\"https:\/\/www.camperonline.it\/magazine\/wp-content\/gallery\/anteprime-2023-itineo\/DSC_4443_00011-2.jpg\"\n               data-thumbnail=\"https:\/\/www.camperonline.it\/magazine\/wp-content\/gallery\/anteprime-2023-itineo\/thumbs\/thumbs_DSC_4443_00011-2.jpg\"\n               data-image-id=\"126177\"\n               data-title=\"DSC_4443_00011-2\"\n               data-description=\"\"\n               data-image-slug=\"dsc_4443_00011-2\"\n               class=\"ngg-fancybox\" rel=\"6cb5187eaacc3dd6d28f6d532e2088d6\">\n                <img\n                    title=\"DSC_4443_00011-2\"\n                    alt=\"DSC_4443_00011-2\"\n                    src=\"https:\/\/www.camperonline.it\/magazine\/wp-content\/gallery\/anteprime-2023-itineo\/thumbs\/thumbs_DSC_4443_00011-2.jpg\"\n                    width=\"240\"\n                    height=\"160\"\n                    style=\"max-width:100%;\"\n                \/>\n            <\/a>\n        <\/div>\n\t\t\t\t\t\t\t<\/div> \n\t\t\t\n\t\t\t\t<div id=\"ngg-image-14\" class=\"ngg-gallery-thumbnail-box ngg-5-columns\" >\n\t\t\t\t        <div class=\"ngg-gallery-thumbnail\">\n            <a href=\"https:\/\/www.camperonline.it\/magazine\/wp-content\/gallery\/anteprime-2023-itineo\/DSC_4458_00016-2.jpg\"\n               title=\"\"\n               data-src=\"https:\/\/www.camperonline.it\/magazine\/wp-content\/gallery\/anteprime-2023-itineo\/DSC_4458_00016-2.jpg\"\n               data-thumbnail=\"https:\/\/www.camperonline.it\/magazine\/wp-content\/gallery\/anteprime-2023-itineo\/thumbs\/thumbs_DSC_4458_00016-2.jpg\"\n               data-image-id=\"126180\"\n               data-title=\"DSC_4458_00016-2\"\n               data-description=\"\"\n               data-image-slug=\"dsc_4458_00016-2\"\n               class=\"ngg-fancybox\" rel=\"6cb5187eaacc3dd6d28f6d532e2088d6\">\n                <img\n                    title=\"DSC_4458_00016-2\"\n                    alt=\"DSC_4458_00016-2\"\n                    src=\"https:\/\/www.camperonline.it\/magazine\/wp-content\/gallery\/anteprime-2023-itineo\/thumbs\/thumbs_DSC_4458_00016-2.jpg\"\n                    width=\"240\"\n                    height=\"160\"\n                    style=\"max-width:100%;\"\n                \/>\n            <\/a>\n        <\/div>\n\t\t\t\t\t\t\t<\/div> \n\t\t\t\n\t\t\t\t<div id=\"ngg-image-15\" class=\"ngg-gallery-thumbnail-box ngg-5-columns\" >\n\t\t\t\t        <div class=\"ngg-gallery-thumbnail\">\n            <a href=\"https:\/\/www.camperonline.it\/magazine\/wp-content\/gallery\/anteprime-2023-itineo\/DSC_4456_00015.jpg\"\n               title=\"\"\n               data-src=\"https:\/\/www.camperonline.it\/magazine\/wp-content\/gallery\/anteprime-2023-itineo\/DSC_4456_00015.jpg\"\n               data-thumbnail=\"https:\/\/www.camperonline.it\/magazine\/wp-content\/gallery\/anteprime-2023-itineo\/thumbs\/thumbs_DSC_4456_00015.jpg\"\n               data-image-id=\"126179\"\n               data-title=\"DSC_4456_00015\"\n               data-description=\"\"\n               data-image-slug=\"dsc_4456_00015\"\n               class=\"ngg-fancybox\" rel=\"6cb5187eaacc3dd6d28f6d532e2088d6\">\n                <img\n                    title=\"DSC_4456_00015\"\n                    alt=\"DSC_4456_00015\"\n                    src=\"https:\/\/www.camperonline.it\/magazine\/wp-content\/gallery\/anteprime-2023-itineo\/thumbs\/thumbs_DSC_4456_00015.jpg\"\n                    width=\"240\"\n                    height=\"160\"\n                    style=\"max-width:100%;\"\n                \/>\n            <\/a>\n        <\/div>\n\t\t\t\t\t\t\t<\/div> \n\t\t\t\n\t\t\t\t<div id=\"ngg-image-16\" class=\"ngg-gallery-thumbnail-box ngg-5-columns\" >\n\t\t\t\t        <div class=\"ngg-gallery-thumbnail\">\n            <a href=\"https:\/\/www.camperonline.it\/magazine\/wp-content\/gallery\/anteprime-2023-itineo\/DSC_3716_00013.jpg\"\n               title=\"\"\n               data-src=\"https:\/\/www.camperonline.it\/magazine\/wp-content\/gallery\/anteprime-2023-itineo\/DSC_3716_00013.jpg\"\n               data-thumbnail=\"https:\/\/www.camperonline.it\/magazine\/wp-content\/gallery\/anteprime-2023-itineo\/thumbs\/thumbs_DSC_3716_00013.jpg\"\n               data-image-id=\"126195\"\n               data-title=\"DSC_3716_00013\"\n               data-description=\"\"\n               data-image-slug=\"dsc_3716_00013\"\n               class=\"ngg-fancybox\" rel=\"6cb5187eaacc3dd6d28f6d532e2088d6\">\n                <img\n                    title=\"DSC_3716_00013\"\n                    alt=\"DSC_3716_00013\"\n                    src=\"https:\/\/www.camperonline.it\/magazine\/wp-content\/gallery\/anteprime-2023-itineo\/thumbs\/thumbs_DSC_3716_00013.jpg\"\n                    width=\"240\"\n                    height=\"160\"\n                    style=\"max-width:100%;\"\n                \/>\n            <\/a>\n        <\/div>\n\t\t\t\t\t\t\t<\/div> \n\t\t\t\n\t\t\t\t<div id=\"ngg-image-17\" class=\"ngg-gallery-thumbnail-box ngg-5-columns\" >\n\t\t\t\t        <div class=\"ngg-gallery-thumbnail\">\n            <a href=\"https:\/\/www.camperonline.it\/magazine\/wp-content\/gallery\/anteprime-2023-itineo\/DSC_3723_00017.jpg\"\n               title=\"\"\n               data-src=\"https:\/\/www.camperonline.it\/magazine\/wp-content\/gallery\/anteprime-2023-itineo\/DSC_3723_00017.jpg\"\n               data-thumbnail=\"https:\/\/www.camperonline.it\/magazine\/wp-content\/gallery\/anteprime-2023-itineo\/thumbs\/thumbs_DSC_3723_00017.jpg\"\n               data-image-id=\"126196\"\n               data-title=\"DSC_3723_00017\"\n               data-description=\"\"\n               data-image-slug=\"dsc_3723_00017\"\n               class=\"ngg-fancybox\" rel=\"6cb5187eaacc3dd6d28f6d532e2088d6\">\n                <img\n                    title=\"DSC_3723_00017\"\n                    alt=\"DSC_3723_00017\"\n                    src=\"https:\/\/www.camperonline.it\/magazine\/wp-content\/gallery\/anteprime-2023-itineo\/thumbs\/thumbs_DSC_3723_00017.jpg\"\n                    width=\"240\"\n                    height=\"160\"\n                    style=\"max-width:100%;\"\n                \/>\n            <\/a>\n        <\/div>\n\t\t\t\t\t\t\t<\/div> \n\t\t\t\n\t\t\t\t<div id=\"ngg-image-18\" class=\"ngg-gallery-thumbnail-box ngg-5-columns\" >\n\t\t\t\t        <div class=\"ngg-gallery-thumbnail\">\n            <a href=\"https:\/\/www.camperonline.it\/magazine\/wp-content\/gallery\/anteprime-2023-itineo\/DSC_3718_00015.jpg\"\n               title=\"\"\n               data-src=\"https:\/\/www.camperonline.it\/magazine\/wp-content\/gallery\/anteprime-2023-itineo\/DSC_3718_00015.jpg\"\n               data-thumbnail=\"https:\/\/www.camperonline.it\/magazine\/wp-content\/gallery\/anteprime-2023-itineo\/thumbs\/thumbs_DSC_3718_00015.jpg\"\n               data-image-id=\"126197\"\n               data-title=\"DSC_3718_00015\"\n               data-description=\"\"\n               data-image-slug=\"dsc_3718_00015\"\n               class=\"ngg-fancybox\" rel=\"6cb5187eaacc3dd6d28f6d532e2088d6\">\n                <img\n                    title=\"DSC_3718_00015\"\n                    alt=\"DSC_3718_00015\"\n                    src=\"https:\/\/www.camperonline.it\/magazine\/wp-content\/gallery\/anteprime-2023-itineo\/thumbs\/thumbs_DSC_3718_00015.jpg\"\n                    width=\"240\"\n                    height=\"160\"\n                    style=\"max-width:100%;\"\n                \/>\n            <\/a>\n        <\/div>\n\t\t\t\t\t\t\t<\/div> \n\t\t\t\n\t\t\t\t<div id=\"ngg-image-19\" class=\"ngg-gallery-thumbnail-box ngg-5-columns\" >\n\t\t\t\t        <div class=\"ngg-gallery-thumbnail\">\n            <a href=\"https:\/\/www.camperonline.it\/magazine\/wp-content\/gallery\/anteprime-2023-itineo\/DSC_3694_00002.jpg\"\n               title=\"\"\n               data-src=\"https:\/\/www.camperonline.it\/magazine\/wp-content\/gallery\/anteprime-2023-itineo\/DSC_3694_00002.jpg\"\n               data-thumbnail=\"https:\/\/www.camperonline.it\/magazine\/wp-content\/gallery\/anteprime-2023-itineo\/thumbs\/thumbs_DSC_3694_00002.jpg\"\n               data-image-id=\"126187\"\n               data-title=\"DSC_3694_00002\"\n               data-description=\"\"\n               data-image-slug=\"dsc_3694_00002\"\n               class=\"ngg-fancybox\" rel=\"6cb5187eaacc3dd6d28f6d532e2088d6\">\n                <img\n                    title=\"DSC_3694_00002\"\n                    alt=\"DSC_3694_00002\"\n                    src=\"https:\/\/www.camperonline.it\/magazine\/wp-content\/gallery\/anteprime-2023-itineo\/thumbs\/thumbs_DSC_3694_00002.jpg\"\n                    width=\"240\"\n                    height=\"160\"\n                    style=\"max-width:100%;\"\n                \/>\n            <\/a>\n        <\/div>\n\t\t\t\t\t\t\t<\/div> \n\t\t\t\n\t\t\t\t<div id=\"ngg-image-20\" class=\"ngg-gallery-thumbnail-box ngg-5-columns\" >\n\t\t\t\t        <div class=\"ngg-gallery-thumbnail\">\n            <a href=\"https:\/\/www.camperonline.it\/magazine\/wp-content\/gallery\/anteprime-2023-itineo\/DSC_3691_00001.jpg\"\n               title=\"\"\n               data-src=\"https:\/\/www.camperonline.it\/magazine\/wp-content\/gallery\/anteprime-2023-itineo\/DSC_3691_00001.jpg\"\n               data-thumbnail=\"https:\/\/www.camperonline.it\/magazine\/wp-content\/gallery\/anteprime-2023-itineo\/thumbs\/thumbs_DSC_3691_00001.jpg\"\n               data-image-id=\"126186\"\n               data-title=\"DSC_3691_00001\"\n               data-description=\"\"\n               data-image-slug=\"dsc_3691_00001\"\n               class=\"ngg-fancybox\" rel=\"6cb5187eaacc3dd6d28f6d532e2088d6\">\n                <img\n                    title=\"DSC_3691_00001\"\n                    alt=\"DSC_3691_00001\"\n                    src=\"https:\/\/www.camperonline.it\/magazine\/wp-content\/gallery\/anteprime-2023-itineo\/thumbs\/thumbs_DSC_3691_00001.jpg\"\n                    width=\"240\"\n                    height=\"160\"\n                    style=\"max-width:100%;\"\n                \/>\n            <\/a>\n        <\/div>\n\t\t\t\t\t\t\t<\/div> \n\t\t\t\n\t\t\t\t<div id=\"ngg-image-21\" class=\"ngg-gallery-thumbnail-box ngg-5-columns\" >\n\t\t\t\t        <div class=\"ngg-gallery-thumbnail\">\n            <a href=\"https:\/\/www.camperonline.it\/magazine\/wp-content\/gallery\/anteprime-2023-itineo\/DSC_3696_00003.jpg\"\n               title=\"\"\n               data-src=\"https:\/\/www.camperonline.it\/magazine\/wp-content\/gallery\/anteprime-2023-itineo\/DSC_3696_00003.jpg\"\n               data-thumbnail=\"https:\/\/www.camperonline.it\/magazine\/wp-content\/gallery\/anteprime-2023-itineo\/thumbs\/thumbs_DSC_3696_00003.jpg\"\n               data-image-id=\"126188\"\n               data-title=\"DSC_3696_00003\"\n               data-description=\"\"\n               data-image-slug=\"dsc_3696_00003\"\n               class=\"ngg-fancybox\" rel=\"6cb5187eaacc3dd6d28f6d532e2088d6\">\n                <img\n                    title=\"DSC_3696_00003\"\n                    alt=\"DSC_3696_00003\"\n                    src=\"https:\/\/www.camperonline.it\/magazine\/wp-content\/gallery\/anteprime-2023-itineo\/thumbs\/thumbs_DSC_3696_00003.jpg\"\n                    width=\"240\"\n                    height=\"160\"\n                    style=\"max-width:100%;\"\n                \/>\n            <\/a>\n        <\/div>\n\t\t\t\t\t\t\t<\/div> \n\t\t\t\n\t\t\t\t<div id=\"ngg-image-22\" class=\"ngg-gallery-thumbnail-box ngg-5-columns\" >\n\t\t\t\t        <div class=\"ngg-gallery-thumbnail\">\n            <a href=\"https:\/\/www.camperonline.it\/magazine\/wp-content\/gallery\/anteprime-2023-itineo\/DSC_3711_00011.jpg\"\n               title=\"\"\n               data-src=\"https:\/\/www.camperonline.it\/magazine\/wp-content\/gallery\/anteprime-2023-itineo\/DSC_3711_00011.jpg\"\n               data-thumbnail=\"https:\/\/www.camperonline.it\/magazine\/wp-content\/gallery\/anteprime-2023-itineo\/thumbs\/thumbs_DSC_3711_00011.jpg\"\n               data-image-id=\"126194\"\n               data-title=\"DSC_3711_00011\"\n               data-description=\"\"\n               data-image-slug=\"dsc_3711_00011\"\n               class=\"ngg-fancybox\" rel=\"6cb5187eaacc3dd6d28f6d532e2088d6\">\n                <img\n                    title=\"DSC_3711_00011\"\n                    alt=\"DSC_3711_00011\"\n                    src=\"https:\/\/www.camperonline.it\/magazine\/wp-content\/gallery\/anteprime-2023-itineo\/thumbs\/thumbs_DSC_3711_00011.jpg\"\n                    width=\"240\"\n                    height=\"160\"\n                    style=\"max-width:100%;\"\n                \/>\n            <\/a>\n        <\/div>\n\t\t\t\t\t\t\t<\/div> \n\t\t\t\n\t\t\t\t<div id=\"ngg-image-23\" class=\"ngg-gallery-thumbnail-box ngg-5-columns\" >\n\t\t\t\t        <div class=\"ngg-gallery-thumbnail\">\n            <a href=\"https:\/\/www.camperonline.it\/magazine\/wp-content\/gallery\/anteprime-2023-itineo\/DSC_3699_00005.jpg\"\n               title=\"\"\n               data-src=\"https:\/\/www.camperonline.it\/magazine\/wp-content\/gallery\/anteprime-2023-itineo\/DSC_3699_00005.jpg\"\n               data-thumbnail=\"https:\/\/www.camperonline.it\/magazine\/wp-content\/gallery\/anteprime-2023-itineo\/thumbs\/thumbs_DSC_3699_00005.jpg\"\n               data-image-id=\"126190\"\n               data-title=\"DSC_3699_00005\"\n               data-description=\"\"\n               data-image-slug=\"dsc_3699_00005\"\n               class=\"ngg-fancybox\" rel=\"6cb5187eaacc3dd6d28f6d532e2088d6\">\n                <img\n                    title=\"DSC_3699_00005\"\n                    alt=\"DSC_3699_00005\"\n                    src=\"https:\/\/www.camperonline.it\/magazine\/wp-content\/gallery\/anteprime-2023-itineo\/thumbs\/thumbs_DSC_3699_00005.jpg\"\n                    width=\"240\"\n                    height=\"160\"\n                    style=\"max-width:100%;\"\n                \/>\n            <\/a>\n        <\/div>\n\t\t\t\t\t\t\t<\/div> \n\t\t\t\n\t\t\t\t<div id=\"ngg-image-24\" class=\"ngg-gallery-thumbnail-box ngg-5-columns\" >\n\t\t\t\t        <div class=\"ngg-gallery-thumbnail\">\n            <a href=\"https:\/\/www.camperonline.it\/magazine\/wp-content\/gallery\/anteprime-2023-itineo\/DSC_3697_00004.jpg\"\n               title=\"\"\n               data-src=\"https:\/\/www.camperonline.it\/magazine\/wp-content\/gallery\/anteprime-2023-itineo\/DSC_3697_00004.jpg\"\n               data-thumbnail=\"https:\/\/www.camperonline.it\/magazine\/wp-content\/gallery\/anteprime-2023-itineo\/thumbs\/thumbs_DSC_3697_00004.jpg\"\n               data-image-id=\"126189\"\n               data-title=\"DSC_3697_00004\"\n               data-description=\"\"\n               data-image-slug=\"dsc_3697_00004\"\n               class=\"ngg-fancybox\" rel=\"6cb5187eaacc3dd6d28f6d532e2088d6\">\n                <img\n                    title=\"DSC_3697_00004\"\n                    alt=\"DSC_3697_00004\"\n                    src=\"https:\/\/www.camperonline.it\/magazine\/wp-content\/gallery\/anteprime-2023-itineo\/thumbs\/thumbs_DSC_3697_00004.jpg\"\n                    width=\"240\"\n                    height=\"160\"\n                    style=\"max-width:100%;\"\n                \/>\n            <\/a>\n        <\/div>\n\t\t\t\t\t\t\t<\/div> \n\t\t\t\n\t\t\t\t<div id=\"ngg-image-25\" class=\"ngg-gallery-thumbnail-box ngg-5-columns\" >\n\t\t\t\t        <div class=\"ngg-gallery-thumbnail\">\n            <a href=\"https:\/\/www.camperonline.it\/magazine\/wp-content\/gallery\/anteprime-2023-itineo\/DSC_3704_00007.jpg\"\n               title=\"\"\n               data-src=\"https:\/\/www.camperonline.it\/magazine\/wp-content\/gallery\/anteprime-2023-itineo\/DSC_3704_00007.jpg\"\n               data-thumbnail=\"https:\/\/www.camperonline.it\/magazine\/wp-content\/gallery\/anteprime-2023-itineo\/thumbs\/thumbs_DSC_3704_00007.jpg\"\n               data-image-id=\"126191\"\n               data-title=\"DSC_3704_00007\"\n               data-description=\"\"\n               data-image-slug=\"dsc_3704_00007\"\n               class=\"ngg-fancybox\" rel=\"6cb5187eaacc3dd6d28f6d532e2088d6\">\n                <img\n                    title=\"DSC_3704_00007\"\n                    alt=\"DSC_3704_00007\"\n                    src=\"https:\/\/www.camperonline.it\/magazine\/wp-content\/gallery\/anteprime-2023-itineo\/thumbs\/thumbs_DSC_3704_00007.jpg\"\n                    width=\"240\"\n                    height=\"160\"\n                    style=\"max-width:100%;\"\n                \/>\n            <\/a>\n        <\/div>\n\t\t\t\t\t\t\t<\/div> \n\t\t\t\n\t\t\t\t<div id=\"ngg-image-26\" class=\"ngg-gallery-thumbnail-box ngg-5-columns\" >\n\t\t\t\t        <div class=\"ngg-gallery-thumbnail\">\n            <a href=\"https:\/\/www.camperonline.it\/magazine\/wp-content\/gallery\/anteprime-2023-itineo\/DSC_3708_00009.jpg\"\n               title=\"\"\n               data-src=\"https:\/\/www.camperonline.it\/magazine\/wp-content\/gallery\/anteprime-2023-itineo\/DSC_3708_00009.jpg\"\n               data-thumbnail=\"https:\/\/www.camperonline.it\/magazine\/wp-content\/gallery\/anteprime-2023-itineo\/thumbs\/thumbs_DSC_3708_00009.jpg\"\n               data-image-id=\"126192\"\n               data-title=\"DSC_3708_00009\"\n               data-description=\"\"\n               data-image-slug=\"dsc_3708_00009\"\n               class=\"ngg-fancybox\" rel=\"6cb5187eaacc3dd6d28f6d532e2088d6\">\n                <img\n                    title=\"DSC_3708_00009\"\n                    alt=\"DSC_3708_00009\"\n                    src=\"https:\/\/www.camperonline.it\/magazine\/wp-content\/gallery\/anteprime-2023-itineo\/thumbs\/thumbs_DSC_3708_00009.jpg\"\n                    width=\"240\"\n                    height=\"160\"\n                    style=\"max-width:100%;\"\n                \/>\n            <\/a>\n        <\/div>\n\t\t\t\t\t\t\t<\/div> \n\t\t\t\n\t\t\t\t<div id=\"ngg-image-27\" class=\"ngg-gallery-thumbnail-box ngg-5-columns\" >\n\t\t\t\t        <div class=\"ngg-gallery-thumbnail\">\n            <a href=\"https:\/\/www.camperonline.it\/magazine\/wp-content\/gallery\/anteprime-2023-itineo\/DSC_3710_00010.jpg\"\n               title=\"\"\n               data-src=\"https:\/\/www.camperonline.it\/magazine\/wp-content\/gallery\/anteprime-2023-itineo\/DSC_3710_00010.jpg\"\n               data-thumbnail=\"https:\/\/www.camperonline.it\/magazine\/wp-content\/gallery\/anteprime-2023-itineo\/thumbs\/thumbs_DSC_3710_00010.jpg\"\n               data-image-id=\"126193\"\n               data-title=\"DSC_3710_00010\"\n               data-description=\"\"\n               data-image-slug=\"dsc_3710_00010\"\n               class=\"ngg-fancybox\" rel=\"6cb5187eaacc3dd6d28f6d532e2088d6\">\n                <img\n                    title=\"DSC_3710_00010\"\n                    alt=\"DSC_3710_00010\"\n                    src=\"https:\/\/www.camperonline.it\/magazine\/wp-content\/gallery\/anteprime-2023-itineo\/thumbs\/thumbs_DSC_3710_00010.jpg\"\n                    width=\"240\"\n                    height=\"160\"\n                    style=\"max-width:100%;\"\n                \/>\n            <\/a>\n        <\/div>\n\t\t\t\t\t\t\t<\/div> \n\t\t\t\n\t\t\t\t<div id=\"ngg-image-28\" class=\"ngg-gallery-thumbnail-box ngg-5-columns\" >\n\t\t\t\t        <div class=\"ngg-gallery-thumbnail\">\n            <a href=\"https:\/\/www.camperonline.it\/magazine\/wp-content\/gallery\/anteprime-2023-itineo\/DSC_3732_00022.jpg\"\n               title=\"\"\n               data-src=\"https:\/\/www.camperonline.it\/magazine\/wp-content\/gallery\/anteprime-2023-itineo\/DSC_3732_00022.jpg\"\n               data-thumbnail=\"https:\/\/www.camperonline.it\/magazine\/wp-content\/gallery\/anteprime-2023-itineo\/thumbs\/thumbs_DSC_3732_00022.jpg\"\n               data-image-id=\"126201\"\n               data-title=\"DSC_3732_00022\"\n               data-description=\"\"\n               data-image-slug=\"dsc_3732_00022\"\n               class=\"ngg-fancybox\" rel=\"6cb5187eaacc3dd6d28f6d532e2088d6\">\n                <img\n                    title=\"DSC_3732_00022\"\n                    alt=\"DSC_3732_00022\"\n                    src=\"https:\/\/www.camperonline.it\/magazine\/wp-content\/gallery\/anteprime-2023-itineo\/thumbs\/thumbs_DSC_3732_00022.jpg\"\n                    width=\"240\"\n                    height=\"160\"\n                    style=\"max-width:100%;\"\n                \/>\n            <\/a>\n        <\/div>\n\t\t\t\t\t\t\t<\/div> \n\t\t\t\n\t\t\t\t<div id=\"ngg-image-29\" class=\"ngg-gallery-thumbnail-box ngg-5-columns\" >\n\t\t\t\t        <div class=\"ngg-gallery-thumbnail\">\n            <a href=\"https:\/\/www.camperonline.it\/magazine\/wp-content\/gallery\/anteprime-2023-itineo\/DSC_3726_00019.jpg\"\n               title=\"\"\n               data-src=\"https:\/\/www.camperonline.it\/magazine\/wp-content\/gallery\/anteprime-2023-itineo\/DSC_3726_00019.jpg\"\n               data-thumbnail=\"https:\/\/www.camperonline.it\/magazine\/wp-content\/gallery\/anteprime-2023-itineo\/thumbs\/thumbs_DSC_3726_00019.jpg\"\n               data-image-id=\"126198\"\n               data-title=\"DSC_3726_00019\"\n               data-description=\"\"\n               data-image-slug=\"dsc_3726_00019\"\n               class=\"ngg-fancybox\" rel=\"6cb5187eaacc3dd6d28f6d532e2088d6\">\n                <img\n                    title=\"DSC_3726_00019\"\n                    alt=\"DSC_3726_00019\"\n                    src=\"https:\/\/www.camperonline.it\/magazine\/wp-content\/gallery\/anteprime-2023-itineo\/thumbs\/thumbs_DSC_3726_00019.jpg\"\n                    width=\"240\"\n                    height=\"160\"\n                    style=\"max-width:100%;\"\n                \/>\n            <\/a>\n        <\/div>\n\t\t\t\t\t\t\t<\/div> \n\t\t\t\n\t\t\t\t<div id=\"ngg-image-30\" class=\"ngg-gallery-thumbnail-box ngg-5-columns\" >\n\t\t\t\t        <div class=\"ngg-gallery-thumbnail\">\n            <a href=\"https:\/\/www.camperonline.it\/magazine\/wp-content\/gallery\/anteprime-2023-itineo\/DSC_3729_00020.jpg\"\n               title=\"\"\n               data-src=\"https:\/\/www.camperonline.it\/magazine\/wp-content\/gallery\/anteprime-2023-itineo\/DSC_3729_00020.jpg\"\n               data-thumbnail=\"https:\/\/www.camperonline.it\/magazine\/wp-content\/gallery\/anteprime-2023-itineo\/thumbs\/thumbs_DSC_3729_00020.jpg\"\n               data-image-id=\"126199\"\n               data-title=\"DSC_3729_00020\"\n               data-description=\"\"\n               data-image-slug=\"dsc_3729_00020\"\n               class=\"ngg-fancybox\" rel=\"6cb5187eaacc3dd6d28f6d532e2088d6\">\n                <img\n                    title=\"DSC_3729_00020\"\n                    alt=\"DSC_3729_00020\"\n                    src=\"https:\/\/www.camperonline.it\/magazine\/wp-content\/gallery\/anteprime-2023-itineo\/thumbs\/thumbs_DSC_3729_00020.jpg\"\n                    width=\"240\"\n                    height=\"160\"\n                    style=\"max-width:100%;\"\n                \/>\n            <\/a>\n        <\/div>\n\t\t\t\t\t\t\t<\/div> \n\t\t\t\n\t\t\t\t<div id=\"ngg-image-31\" class=\"ngg-gallery-thumbnail-box ngg-5-columns\" >\n\t\t\t\t        <div class=\"ngg-gallery-thumbnail\">\n            <a href=\"https:\/\/www.camperonline.it\/magazine\/wp-content\/gallery\/anteprime-2023-itineo\/DSC_3731_00021.jpg\"\n               title=\"\"\n               data-src=\"https:\/\/www.camperonline.it\/magazine\/wp-content\/gallery\/anteprime-2023-itineo\/DSC_3731_00021.jpg\"\n               data-thumbnail=\"https:\/\/www.camperonline.it\/magazine\/wp-content\/gallery\/anteprime-2023-itineo\/thumbs\/thumbs_DSC_3731_00021.jpg\"\n               data-image-id=\"126200\"\n               data-title=\"DSC_3731_00021\"\n               data-description=\"\"\n               data-image-slug=\"dsc_3731_00021\"\n               class=\"ngg-fancybox\" rel=\"6cb5187eaacc3dd6d28f6d532e2088d6\">\n                <img\n                    title=\"DSC_3731_00021\"\n                    alt=\"DSC_3731_00021\"\n                    src=\"https:\/\/www.camperonline.it\/magazine\/wp-content\/gallery\/anteprime-2023-itineo\/thumbs\/thumbs_DSC_3731_00021.jpg\"\n                    width=\"240\"\n                    height=\"160\"\n                    style=\"max-width:100%;\"\n                \/>\n            <\/a>\n        <\/div>\n\t\t\t\t\t\t\t<\/div> \n\t\t\t\n\t\t\t\t<div id=\"ngg-image-32\" class=\"ngg-gallery-thumbnail-box ngg-5-columns\" >\n\t\t\t\t        <div class=\"ngg-gallery-thumbnail\">\n            <a href=\"https:\/\/www.camperonline.it\/magazine\/wp-content\/gallery\/anteprime-2023-itineo\/DSC_3737_00024.jpg\"\n               title=\"\"\n               data-src=\"https:\/\/www.camperonline.it\/magazine\/wp-content\/gallery\/anteprime-2023-itineo\/DSC_3737_00024.jpg\"\n               data-thumbnail=\"https:\/\/www.camperonline.it\/magazine\/wp-content\/gallery\/anteprime-2023-itineo\/thumbs\/thumbs_DSC_3737_00024.jpg\"\n               data-image-id=\"126203\"\n               data-title=\"DSC_3737_00024\"\n               data-description=\"\"\n               data-image-slug=\"dsc_3737_00024\"\n               class=\"ngg-fancybox\" rel=\"6cb5187eaacc3dd6d28f6d532e2088d6\">\n                <img\n                    title=\"DSC_3737_00024\"\n                    alt=\"DSC_3737_00024\"\n                    src=\"https:\/\/www.camperonline.it\/magazine\/wp-content\/gallery\/anteprime-2023-itineo\/thumbs\/thumbs_DSC_3737_00024.jpg\"\n                    width=\"240\"\n                    height=\"160\"\n                    style=\"max-width:100%;\"\n                \/>\n            <\/a>\n        <\/div>\n\t\t\t\t\t\t\t<\/div> \n\t\t\t\n\t\t\t\t<div id=\"ngg-image-33\" class=\"ngg-gallery-thumbnail-box ngg-5-columns\" >\n\t\t\t\t        <div class=\"ngg-gallery-thumbnail\">\n            <a href=\"https:\/\/www.camperonline.it\/magazine\/wp-content\/gallery\/anteprime-2023-itineo\/DSC_3735_00023.jpg\"\n               title=\"\"\n               data-src=\"https:\/\/www.camperonline.it\/magazine\/wp-content\/gallery\/anteprime-2023-itineo\/DSC_3735_00023.jpg\"\n               data-thumbnail=\"https:\/\/www.camperonline.it\/magazine\/wp-content\/gallery\/anteprime-2023-itineo\/thumbs\/thumbs_DSC_3735_00023.jpg\"\n               data-image-id=\"126202\"\n               data-title=\"DSC_3735_00023\"\n               data-description=\"\"\n               data-image-slug=\"dsc_3735_00023\"\n               class=\"ngg-fancybox\" rel=\"6cb5187eaacc3dd6d28f6d532e2088d6\">\n                <img\n                    title=\"DSC_3735_00023\"\n                    alt=\"DSC_3735_00023\"\n                    src=\"https:\/\/www.camperonline.it\/magazine\/wp-content\/gallery\/anteprime-2023-itineo\/thumbs\/thumbs_DSC_3735_00023.jpg\"\n                    width=\"240\"\n                    height=\"160\"\n                    style=\"max-width:100%;\"\n                \/>\n            <\/a>\n        <\/div>\n\t\t\t\t\t\t\t<\/div> \n\t\t\t\n\t\t\t\t<div id=\"ngg-image-34\" class=\"ngg-gallery-thumbnail-box ngg-5-columns\" >\n\t\t\t\t        <div class=\"ngg-gallery-thumbnail\">\n            <a href=\"https:\/\/www.camperonline.it\/magazine\/wp-content\/gallery\/anteprime-2023-itineo\/DSC_3738_00025.jpg\"\n               title=\"\"\n               data-src=\"https:\/\/www.camperonline.it\/magazine\/wp-content\/gallery\/anteprime-2023-itineo\/DSC_3738_00025.jpg\"\n               data-thumbnail=\"https:\/\/www.camperonline.it\/magazine\/wp-content\/gallery\/anteprime-2023-itineo\/thumbs\/thumbs_DSC_3738_00025.jpg\"\n               data-image-id=\"126204\"\n               data-title=\"DSC_3738_00025\"\n               data-description=\"\"\n               data-image-slug=\"dsc_3738_00025\"\n               class=\"ngg-fancybox\" rel=\"6cb5187eaacc3dd6d28f6d532e2088d6\">\n                <img\n                    title=\"DSC_3738_00025\"\n                    alt=\"DSC_3738_00025\"\n                    src=\"https:\/\/www.camperonline.it\/magazine\/wp-content\/gallery\/anteprime-2023-itineo\/thumbs\/thumbs_DSC_3738_00025.jpg\"\n                    width=\"240\"\n                    height=\"160\"\n                    style=\"max-width:100%;\"\n                \/>\n            <\/a>\n        <\/div>\n\t\t\t\t\t\t\t<\/div> \n\t\t\t\n\t\t\t\t<div id=\"ngg-image-35\" class=\"ngg-gallery-thumbnail-box ngg-5-columns\" >\n\t\t\t\t        <div class=\"ngg-gallery-thumbnail\">\n            <a href=\"https:\/\/www.camperonline.it\/magazine\/wp-content\/gallery\/anteprime-2023-itineo\/DSC_3740_00026.jpg\"\n               title=\"\"\n               data-src=\"https:\/\/www.camperonline.it\/magazine\/wp-content\/gallery\/anteprime-2023-itineo\/DSC_3740_00026.jpg\"\n               data-thumbnail=\"https:\/\/www.camperonline.it\/magazine\/wp-content\/gallery\/anteprime-2023-itineo\/thumbs\/thumbs_DSC_3740_00026.jpg\"\n               data-image-id=\"126205\"\n               data-title=\"DSC_3740_00026\"\n               data-description=\"\"\n               data-image-slug=\"dsc_3740_00026\"\n               class=\"ngg-fancybox\" rel=\"6cb5187eaacc3dd6d28f6d532e2088d6\">\n                <img\n                    title=\"DSC_3740_00026\"\n                    alt=\"DSC_3740_00026\"\n                    src=\"https:\/\/www.camperonline.it\/magazine\/wp-content\/gallery\/anteprime-2023-itineo\/thumbs\/thumbs_DSC_3740_00026.jpg\"\n                    width=\"240\"\n                    height=\"160\"\n                    style=\"max-width:100%;\"\n                \/>\n            <\/a>\n        <\/div>\n\t\t\t\t\t\t\t<\/div> \n\t\t\t\n\t\t\t\t<div id=\"ngg-image-36\" class=\"ngg-gallery-thumbnail-box ngg-5-columns\" >\n\t\t\t\t        <div class=\"ngg-gallery-thumbnail\">\n            <a href=\"https:\/\/www.camperonline.it\/magazine\/wp-content\/gallery\/anteprime-2023-itineo\/DSC_3745_00028.jpg\"\n               title=\"\"\n               data-src=\"https:\/\/www.camperonline.it\/magazine\/wp-content\/gallery\/anteprime-2023-itineo\/DSC_3745_00028.jpg\"\n               data-thumbnail=\"https:\/\/www.camperonline.it\/magazine\/wp-content\/gallery\/anteprime-2023-itineo\/thumbs\/thumbs_DSC_3745_00028.jpg\"\n               data-image-id=\"126206\"\n               data-title=\"DSC_3745_00028\"\n               data-description=\"\"\n               data-image-slug=\"dsc_3745_00028\"\n               class=\"ngg-fancybox\" rel=\"6cb5187eaacc3dd6d28f6d532e2088d6\">\n                <img\n                    title=\"DSC_3745_00028\"\n                    alt=\"DSC_3745_00028\"\n                    src=\"https:\/\/www.camperonline.it\/magazine\/wp-content\/gallery\/anteprime-2023-itineo\/thumbs\/thumbs_DSC_3745_00028.jpg\"\n                    width=\"240\"\n                    height=\"160\"\n                    style=\"max-width:100%;\"\n                \/>\n            <\/a>\n        <\/div>\n\t\t\t\t\t\t\t<\/div> \n\t\t\t\n\t\t\t\t<div id=\"ngg-image-37\" class=\"ngg-gallery-thumbnail-box ngg-5-columns\" >\n\t\t\t\t        <div class=\"ngg-gallery-thumbnail\">\n            <a href=\"https:\/\/www.camperonline.it\/magazine\/wp-content\/gallery\/anteprime-2023-itineo\/DSC_3747_00029.jpg\"\n               title=\"\"\n               data-src=\"https:\/\/www.camperonline.it\/magazine\/wp-content\/gallery\/anteprime-2023-itineo\/DSC_3747_00029.jpg\"\n               data-thumbnail=\"https:\/\/www.camperonline.it\/magazine\/wp-content\/gallery\/anteprime-2023-itineo\/thumbs\/thumbs_DSC_3747_00029.jpg\"\n               data-image-id=\"126207\"\n               data-title=\"DSC_3747_00029\"\n               data-description=\"\"\n               data-image-slug=\"dsc_3747_00029\"\n               class=\"ngg-fancybox\" rel=\"6cb5187eaacc3dd6d28f6d532e2088d6\">\n                <img\n                    title=\"DSC_3747_00029\"\n                    alt=\"DSC_3747_00029\"\n                    src=\"https:\/\/www.camperonline.it\/magazine\/wp-content\/gallery\/anteprime-2023-itineo\/thumbs\/thumbs_DSC_3747_00029.jpg\"\n                    width=\"240\"\n                    height=\"160\"\n                    style=\"max-width:100%;\"\n                \/>\n            <\/a>\n        <\/div>\n\t\t\t\t\t\t\t<\/div> \n\t\t\t\n\t\t\t\t<div id=\"ngg-image-38\" class=\"ngg-gallery-thumbnail-box ngg-5-columns\" >\n\t\t\t\t        <div class=\"ngg-gallery-thumbnail\">\n            <a href=\"https:\/\/www.camperonline.it\/magazine\/wp-content\/gallery\/anteprime-2023-itineo\/DSC_3750_00031-2.jpg\"\n               title=\"\"\n               data-src=\"https:\/\/www.camperonline.it\/magazine\/wp-content\/gallery\/anteprime-2023-itineo\/DSC_3750_00031-2.jpg\"\n               data-thumbnail=\"https:\/\/www.camperonline.it\/magazine\/wp-content\/gallery\/anteprime-2023-itineo\/thumbs\/thumbs_DSC_3750_00031-2.jpg\"\n               data-image-id=\"126208\"\n               data-title=\"DSC_3750_00031-2\"\n               data-description=\"\"\n               data-image-slug=\"dsc_3750_00031-2\"\n               class=\"ngg-fancybox\" rel=\"6cb5187eaacc3dd6d28f6d532e2088d6\">\n                <img\n                    title=\"DSC_3750_00031-2\"\n                    alt=\"DSC_3750_00031-2\"\n                    src=\"https:\/\/www.camperonline.it\/magazine\/wp-content\/gallery\/anteprime-2023-itineo\/thumbs\/thumbs_DSC_3750_00031-2.jpg\"\n                    width=\"240\"\n                    height=\"160\"\n                    style=\"max-width:100%;\"\n                \/>\n            <\/a>\n        <\/div>\n\t\t\t\t\t\t\t<\/div> \n\t\t\t\n\t\t\t\t<div id=\"ngg-image-39\" class=\"ngg-gallery-thumbnail-box ngg-5-columns\" >\n\t\t\t\t        <div class=\"ngg-gallery-thumbnail\">\n            <a href=\"https:\/\/www.camperonline.it\/magazine\/wp-content\/gallery\/anteprime-2023-itineo\/DSC_3752_00032.jpg\"\n               title=\"\"\n               data-src=\"https:\/\/www.camperonline.it\/magazine\/wp-content\/gallery\/anteprime-2023-itineo\/DSC_3752_00032.jpg\"\n               data-thumbnail=\"https:\/\/www.camperonline.it\/magazine\/wp-content\/gallery\/anteprime-2023-itineo\/thumbs\/thumbs_DSC_3752_00032.jpg\"\n               data-image-id=\"126209\"\n               data-title=\"DSC_3752_00032\"\n               data-description=\"\"\n               data-image-slug=\"dsc_3752_00032\"\n               class=\"ngg-fancybox\" rel=\"6cb5187eaacc3dd6d28f6d532e2088d6\">\n                <img\n                    title=\"DSC_3752_00032\"\n                    alt=\"DSC_3752_00032\"\n                    src=\"https:\/\/www.camperonline.it\/magazine\/wp-content\/gallery\/anteprime-2023-itineo\/thumbs\/thumbs_DSC_3752_00032.jpg\"\n                    width=\"240\"\n                    height=\"160\"\n                    style=\"max-width:100%;\"\n                \/>\n            <\/a>\n        <\/div>\n\t\t\t\t\t\t\t<\/div> \n\t\t\t\n\t\n\t<br style=\"clear: both\" \/>\n\n\t\t<div class=\"slideshowlink\">\n        <a href='https:\/\/www.camperonline.it\/magazine\/2022\/07\/26\/anteprime-2023-itineo\/nggallery\/slideshow'>[Mostra slideshow]<\/a>\n\t\t\n\t<\/div>\n\t\n\t\t<!-- Pagination -->\n\t<div class='ngg-clear'><\/div>\t<\/div>\n\n","protected":false},"excerpt":{"rendered":"<p>Il 2023 \u00e8 una stagione di conferme per Itineo, brand entry-level del Gruppo Rapido, che presenta la sua offerta in tema di semintegrali, motorhome compatti e integrali classici con qualche piccolo aggiornamento riservato agli ambienti interni<\/p>\n","protected":false},"author":21,"featured_media":329116,"comment_status":"closed","ping_status":"open","sticky":false,"template":"","format":"standard","meta":{"ngg_post_thumbnail":0},"categories":[6462,217,7,416,5518],"tags":[6464,4708],"yoast_head":"<!-- This site is optimized with the Yoast SEO plugin v18.6 - https:\/\/yoast.com\/wordpress\/plugins\/seo\/ -->\n<title>Anteprime 2023: Itineo - CamperOnLine Magazine<\/title>\n<meta name=\"description\" content=\"Il 2023 \u00e8 una stagione di conferme per Itineo, brand entry-level del Gruppo Rapido, che presenta la sua offerta in tema di semintegrali, motorhome\" \/>\n<meta name=\"robots\" content=\"index, follow, max-snippet:-1, max-image-preview:large, max-video-preview:-1\" \/>\n<link rel=\"canonical\" href=\"https:\/\/www.camperonline.it\/magazine\/2022\/07\/26\/anteprime-2023-itineo\/\" \/>\n<meta property=\"og:locale\" content=\"it_IT\" \/>\n<meta property=\"og:type\" content=\"article\" \/>\n<meta property=\"og:title\" content=\"Anteprime 2023: Itineo - CamperOnLine Magazine\" \/>\n<meta property=\"og:description\" content=\"Il 2023 \u00e8 una stagione di conferme per Itineo, brand entry-level del Gruppo Rapido, che presenta la sua offerta in tema di semintegrali, motorhome\" \/>\n<meta property=\"og:url\" content=\"https:\/\/www.camperonline.it\/magazine\/2022\/07\/26\/anteprime-2023-itineo\/\" \/>\n<meta property=\"og:site_name\" content=\"CamperOnLine Magazine\" \/>\n<meta property=\"article:published_time\" content=\"2022-07-25T22:00:57+00:00\" \/>\n<meta property=\"article:modified_time\" content=\"2022-07-19T13:45:15+00:00\" \/>\n<meta property=\"og:image\" content=\"https:\/\/www.camperonline.it\/magazine\/wp-content\/uploads\/2022\/07\/CoverAnteItineo2023-2.jpg\" \/>\n\t<meta property=\"og:image:width\" content=\"630\" \/>\n\t<meta property=\"og:image:height\" content=\"354\" \/>\n\t<meta property=\"og:image:type\" content=\"image\/jpeg\" \/>\n<meta name=\"twitter:card\" content=\"summary_large_image\" \/>\n<script type=\"application\/ld+json\" class=\"yoast-schema-graph\">{\"@context\":\"https:\/\/schema.org\",\"@graph\":[{\"@type\":\"WebSite\",\"@id\":\"https:\/\/www.camperonline.it\/magazine\/#website\",\"url\":\"https:\/\/www.camperonline.it\/magazine\/\",\"name\":\"CamperOnLine Magazine\",\"description\":\"Viaggi in camper, test, video, destinazioni, vacanze\",\"potentialAction\":[{\"@type\":\"SearchAction\",\"target\":{\"@type\":\"EntryPoint\",\"urlTemplate\":\"https:\/\/www.camperonline.it\/magazine\/?s={search_term_string}\"},\"query-input\":\"required name=search_term_string\"}],\"inLanguage\":\"it-IT\"},{\"@type\":\"ImageObject\",\"@id\":\"https:\/\/www.camperonline.it\/magazine\/2022\/07\/26\/anteprime-2023-itineo\/#primaryimage\",\"inLanguage\":\"it-IT\",\"url\":\"https:\/\/www.camperonline.it\/magazine\/wp-content\/uploads\/2022\/07\/CoverAnteItineo2023-2.jpg\",\"contentUrl\":\"https:\/\/www.camperonline.it\/magazine\/wp-content\/uploads\/2022\/07\/CoverAnteItineo2023-2.jpg\",\"width\":630,\"height\":354},{\"@type\":\"WebPage\",\"@id\":\"https:\/\/www.camperonline.it\/magazine\/2022\/07\/26\/anteprime-2023-itineo\/#webpage\",\"url\":\"https:\/\/www.camperonline.it\/magazine\/2022\/07\/26\/anteprime-2023-itineo\/\",\"name\":\"Anteprime 2023: Itineo - CamperOnLine Magazine\",\"isPartOf\":{\"@id\":\"https:\/\/www.camperonline.it\/magazine\/#website\"},\"primaryImageOfPage\":{\"@id\":\"https:\/\/www.camperonline.it\/magazine\/2022\/07\/26\/anteprime-2023-itineo\/#primaryimage\"},\"datePublished\":\"2022-07-25T22:00:57+00:00\",\"dateModified\":\"2022-07-19T13:45:15+00:00\",\"author\":{\"@id\":\"https:\/\/www.camperonline.it\/magazine\/#\/schema\/person\/c90be17d75a09ba611f120cef80c1067\"},\"description\":\"Il 2023 \u00e8 una stagione di conferme per Itineo, brand entry-level del Gruppo Rapido, che presenta la sua offerta in tema di semintegrali, motorhome\",\"breadcrumb\":{\"@id\":\"https:\/\/www.camperonline.it\/magazine\/2022\/07\/26\/anteprime-2023-itineo\/#breadcrumb\"},\"inLanguage\":\"it-IT\",\"potentialAction\":[{\"@type\":\"ReadAction\",\"target\":[\"https:\/\/www.camperonline.it\/magazine\/2022\/07\/26\/anteprime-2023-itineo\/\"]}]},{\"@type\":\"BreadcrumbList\",\"@id\":\"https:\/\/www.camperonline.it\/magazine\/2022\/07\/26\/anteprime-2023-itineo\/#breadcrumb\",\"itemListElement\":[{\"@type\":\"ListItem\",\"position\":1,\"name\":\"Home\",\"item\":\"https:\/\/www.camperonline.it\/magazine\/\"},{\"@type\":\"ListItem\",\"position\":2,\"name\":\"Anteprime 2023: Itineo\"}]},{\"@type\":\"Person\",\"@id\":\"https:\/\/www.camperonline.it\/magazine\/#\/schema\/person\/c90be17d75a09ba611f120cef80c1067\",\"name\":\"Davide Bon\",\"sameAs\":[\"https:\/\/www.camperonline.it\/magazine\/\"],\"url\":\"https:\/\/www.camperonline.it\/magazine\/author\/davide\/\"}]}<\/script>\n<!-- \/ Yoast SEO plugin. -->","yoast_head_json":{"title":"Anteprime 2023: Itineo - CamperOnLine Magazine","description":"Il 2023 \u00e8 una stagione di conferme per Itineo, brand entry-level del Gruppo Rapido, che presenta la sua offerta in tema di semintegrali, motorhome","robots":{"index":"index","follow":"follow","max-snippet":"max-snippet:-1","max-image-preview":"max-image-preview:large","max-video-preview":"max-video-preview:-1"},"canonical":"https:\/\/www.camperonline.it\/magazine\/2022\/07\/26\/anteprime-2023-itineo\/","og_locale":"it_IT","og_type":"article","og_title":"Anteprime 2023: Itineo - CamperOnLine Magazine","og_description":"Il 2023 \u00e8 una stagione di conferme per Itineo, brand entry-level del Gruppo Rapido, che presenta la sua offerta in tema di semintegrali, motorhome","og_url":"https:\/\/www.camperonline.it\/magazine\/2022\/07\/26\/anteprime-2023-itineo\/","og_site_name":"CamperOnLine Magazine","article_published_time":"2022-07-25T22:00:57+00:00","article_modified_time":"2022-07-19T13:45:15+00:00","og_image":[{"width":630,"height":354,"url":"https:\/\/www.camperonline.it\/magazine\/wp-content\/uploads\/2022\/07\/CoverAnteItineo2023-2.jpg","type":"image\/jpeg"}],"twitter_card":"summary_large_image","schema":{"@context":"https:\/\/schema.org","@graph":[{"@type":"WebSite","@id":"https:\/\/www.camperonline.it\/magazine\/#website","url":"https:\/\/www.camperonline.it\/magazine\/","name":"CamperOnLine Magazine","description":"Viaggi in camper, test, video, destinazioni, vacanze","potentialAction":[{"@type":"SearchAction","target":{"@type":"EntryPoint","urlTemplate":"https:\/\/www.camperonline.it\/magazine\/?s={search_term_string}"},"query-input":"required name=search_term_string"}],"inLanguage":"it-IT"},{"@type":"ImageObject","@id":"https:\/\/www.camperonline.it\/magazine\/2022\/07\/26\/anteprime-2023-itineo\/#primaryimage","inLanguage":"it-IT","url":"https:\/\/www.camperonline.it\/magazine\/wp-content\/uploads\/2022\/07\/CoverAnteItineo2023-2.jpg","contentUrl":"https:\/\/www.camperonline.it\/magazine\/wp-content\/uploads\/2022\/07\/CoverAnteItineo2023-2.jpg","width":630,"height":354},{"@type":"WebPage","@id":"https:\/\/www.camperonline.it\/magazine\/2022\/07\/26\/anteprime-2023-itineo\/#webpage","url":"https:\/\/www.camperonline.it\/magazine\/2022\/07\/26\/anteprime-2023-itineo\/","name":"Anteprime 2023: Itineo - CamperOnLine Magazine","isPartOf":{"@id":"https:\/\/www.camperonline.it\/magazine\/#website"},"primaryImageOfPage":{"@id":"https:\/\/www.camperonline.it\/magazine\/2022\/07\/26\/anteprime-2023-itineo\/#primaryimage"},"datePublished":"2022-07-25T22:00:57+00:00","dateModified":"2022-07-19T13:45:15+00:00","author":{"@id":"https:\/\/www.camperonline.it\/magazine\/#\/schema\/person\/c90be17d75a09ba611f120cef80c1067"},"description":"Il 2023 \u00e8 una stagione di conferme per Itineo, brand entry-level del Gruppo Rapido, che presenta la sua offerta in tema di semintegrali, motorhome","breadcrumb":{"@id":"https:\/\/www.camperonline.it\/magazine\/2022\/07\/26\/anteprime-2023-itineo\/#breadcrumb"},"inLanguage":"it-IT","potentialAction":[{"@type":"ReadAction","target":["https:\/\/www.camperonline.it\/magazine\/2022\/07\/26\/anteprime-2023-itineo\/"]}]},{"@type":"BreadcrumbList","@id":"https:\/\/www.camperonline.it\/magazine\/2022\/07\/26\/anteprime-2023-itineo\/#breadcrumb","itemListElement":[{"@type":"ListItem","position":1,"name":"Home","item":"https:\/\/www.camperonline.it\/magazine\/"},{"@type":"ListItem","position":2,"name":"Anteprime 2023: Itineo"}]},{"@type":"Person","@id":"https:\/\/www.camperonline.it\/magazine\/#\/schema\/person\/c90be17d75a09ba611f120cef80c1067","name":"Davide Bon","sameAs":["https:\/\/www.camperonline.it\/magazine\/"],"url":"https:\/\/www.camperonline.it\/magazine\/author\/davide\/"}]}},"_links":{"self":[{"href":"https:\/\/www.camperonline.it\/magazine\/wp-json\/wp\/v2\/posts\/329114"}],"collection":[{"href":"https:\/\/www.camperonline.it\/magazine\/wp-json\/wp\/v2\/posts"}],"about":[{"href":"https:\/\/www.camperonline.it\/magazine\/wp-json\/wp\/v2\/types\/post"}],"author":[{"embeddable":true,"href":"https:\/\/www.camperonline.it\/magazine\/wp-json\/wp\/v2\/users\/21"}],"replies":[{"embeddable":true,"href":"https:\/\/www.camperonline.it\/magazine\/wp-json\/wp\/v2\/comments?post=329114"}],"version-history":[{"count":7,"href":"https:\/\/www.camperonline.it\/magazine\/wp-json\/wp\/v2\/posts\/329114\/revisions"}],"predecessor-version":[{"id":329187,"href":"https:\/\/www.camperonline.it\/magazine\/wp-json\/wp\/v2\/posts\/329114\/revisions\/329187"}],"wp:featuredmedia":[{"embeddable":true,"href":"https:\/\/www.camperonline.it\/magazine\/wp-json\/wp\/v2\/media\/329116"}],"wp:attachment":[{"href":"https:\/\/www.camperonline.it\/magazine\/wp-json\/wp\/v2\/media?parent=329114"}],"wp:term":[{"taxonomy":"category","embeddable":true,"href":"https:\/\/www.camperonline.it\/magazine\/wp-json\/wp\/v2\/categories?post=329114"},{"taxonomy":"post_tag","embeddable":true,"href":"https:\/\/www.camperonline.it\/magazine\/wp-json\/wp\/v2\/tags?post=329114"}],"curies":[{"name":"wp","href":"https:\/\/api.w.org\/{rel}","templated":true}]}}