{"id":330412,"date":"2022-09-26T11:47:07","date_gmt":"2022-09-26T09:47:07","guid":{"rendered":"https:\/\/www.camperonline.it\/magazine\/?p=330412"},"modified":"2022-09-26T11:47:07","modified_gmt":"2022-09-26T09:47:07","slug":"salone-del-camper-2022-le-novita-xgo","status":"publish","type":"post","link":"https:\/\/www.camperonline.it\/magazine\/2022\/09\/26\/salone-del-camper-2022-le-novita-xgo\/","title":{"rendered":"Salone del Camper 2022: le novit\u00e0 XGO"},"content":{"rendered":"<p style=\"text-align: center;\"><img loading=\"lazy\" class=\"aligncenter size-full wp-image-330898\" src=\"https:\/\/www.camperonline.it\/magazine\/wp-content\/uploads\/2022\/09\/CoverXGOParma3.jpg\" alt=\"\" width=\"630\" height=\"354\" srcset=\"https:\/\/www.camperonline.it\/magazine\/wp-content\/uploads\/2022\/09\/CoverXGOParma3.jpg 630w, https:\/\/www.camperonline.it\/magazine\/wp-content\/uploads\/2022\/09\/CoverXGOParma3-300x169.jpg 300w\" sizes=\"(max-width: 630px) 100vw, 630px\" \/><\/p>\n<h2 align=\"JUSTIFY\"><span style=\"font-size: 18pt;\">Grandi cambiamenti in casa XGO, con l&#8217;obiettivo di affrontare al meglio la stagione 2023: cambiano il logo, le grafiche, gli arredi interni e arriva la meccanica Ford Transit<\/span><\/h2>\n<p><!--more--><\/p>\n<p>Continuit\u00e0 con i valori del passato, ma anche rinnovamento su pi\u00f9 fronti: per la stagione 2023 il marchio <strong>XGO<\/strong> propone cambiamenti di varia natura, a cominciare dal logo, ma continua a presentarsi al pubblico con veicoli dai prezzi molto allettanti, prezzi che sono tra i pi\u00f9 bassi del mercato. Gli <strong>XGO<\/strong> sono camper entry level, semplici ma completi di tutto ci\u00f2 che serve per la normale vacanza, dotati di un abitacolo che non \u00e8 affatto spoglio e austero. Emanazione del gruppo Rimor e brand controllato dal potente gruppo Trigano, <strong>XGO<\/strong> si rivolge essenzialmente a una clientela giovane, alla prima esperienza, che non vuole impegnarsi nell&#8217;acquisto di camper costosi ma allo stesso tempo preferisce un mezzo nuovo ad uno usato. Il nuovo logo interpreta in maniera semplice e immediata, ma originale, i valori di dinamismo e di scoperta di <strong>XGO<\/strong>: due barrette diagonali simboleggiano una strada, ma sono anche il simbolo matematico di \u201cuguale\u201d, e quindi XGO = viaggio, movimento, avventura, come del resto \u00e8 insito nel nome stesso (dall&#8217;inglese TO GO, andare, muoversi). Ma cambia anche il nome della gamma <strong>XGO<\/strong> che comprende semintegrali e mansardati: non pi\u00f9 Dynamic, ma <strong>XCamp<\/strong>. Rimane invece invariato il nome dei modelli furgonati, <strong>XVan. <\/strong><\/p>\n<p><img loading=\"lazy\" class=\"aligncenter size-full wp-image-330844\" src=\"https:\/\/www.camperonline.it\/magazine\/wp-content\/uploads\/2022\/08\/DSC_4751.jpg\" alt=\"\" width=\"630\" height=\"418\" srcset=\"https:\/\/www.camperonline.it\/magazine\/wp-content\/uploads\/2022\/08\/DSC_4751.jpg 630w, https:\/\/www.camperonline.it\/magazine\/wp-content\/uploads\/2022\/08\/DSC_4751-300x199.jpg 300w\" sizes=\"(max-width: 630px) 100vw, 630px\" \/><\/p>\n<p>E questo \u00e8 solo l&#8217;inizio, perch\u00e9 per tutti i semintegrali e i mansardati viene abbandonata la meccanica Fiat a favore di quella Ford. Il Transit a trazione anteriore equipaggia dunque i vari modelli <strong>XCamp<\/strong>: ci sono sei mansardati e cinque semintegrali. Rispetto alla scorsa stagione cambia leggermente anche l&#8217;immagine esterna, perch\u00e9 viene adottato un cupolino di nuovo disegno sopra la cabina dei profilati e compare una inedita fanaleria posteriore, integrata nel paraurti, con tre elementi circolari su ogni lato. Ci\u00f2 che per\u00f2 balza maggiormente all&#8217;occhio \u00e8 il diverso stile dell&#8217;arredo interno, decisamente pi\u00f9 accattivante. Si tratta sempre di un arredo semplice, senza particolari preziosismi, ma \u00e8 un arredo moderno, di buon gusto, con un accorto utilizzo di materiali e colori. Le tonalit\u00e0 chiare dominanti vengono vivacizzate dall&#8217;introduzione di numerosi elementi azzurri, come le fasce presenti nei pensili, le bande sui tessuti delle sedute e gli elementi decorativi a parete.<br \/>\nI mansardati sono proposti in tre lunghezze differenti, a partire dai soli 595 cm del compatto <strong>XCamp 4<\/strong>, dotato di semi-dinette anteriore e letto matrimoniale trasversale posteriore, a cui ovviamente si aggiunge il matrimoniale in mansarda.<\/p>\n<p style=\"text-align: center;\"><img loading=\"lazy\" class=\"aligncenter size-full wp-image-330845\" src=\"https:\/\/www.camperonline.it\/magazine\/wp-content\/uploads\/2022\/08\/DSC_4639_00001.jpg\" alt=\"\" width=\"630\" height=\"418\" srcset=\"https:\/\/www.camperonline.it\/magazine\/wp-content\/uploads\/2022\/08\/DSC_4639_00001.jpg 630w, https:\/\/www.camperonline.it\/magazine\/wp-content\/uploads\/2022\/08\/DSC_4639_00001-300x199.jpg 300w\" sizes=\"(max-width: 630px) 100vw, 630px\" \/><\/p>\n<p style=\"text-align: center;\"><img loading=\"lazy\" class=\"aligncenter size-full wp-image-330846\" src=\"https:\/\/www.camperonline.it\/magazine\/wp-content\/uploads\/2022\/08\/DSC_4643_00002.jpg\" alt=\"\" width=\"630\" height=\"418\" srcset=\"https:\/\/www.camperonline.it\/magazine\/wp-content\/uploads\/2022\/08\/DSC_4643_00002.jpg 630w, https:\/\/www.camperonline.it\/magazine\/wp-content\/uploads\/2022\/08\/DSC_4643_00002-300x199.jpg 300w\" sizes=\"(max-width: 630px) 100vw, 630px\" \/><\/p>\n<p style=\"text-align: center;\"><img loading=\"lazy\" class=\"aligncenter size-full wp-image-330847\" src=\"https:\/\/www.camperonline.it\/magazine\/wp-content\/uploads\/2022\/08\/DSC_4650_00005.jpg\" alt=\"\" width=\"630\" height=\"418\" srcset=\"https:\/\/www.camperonline.it\/magazine\/wp-content\/uploads\/2022\/08\/DSC_4650_00005.jpg 630w, https:\/\/www.camperonline.it\/magazine\/wp-content\/uploads\/2022\/08\/DSC_4650_00005-300x199.jpg 300w\" sizes=\"(max-width: 630px) 100vw, 630px\" \/><\/p>\n<p><img loading=\"lazy\" class=\"aligncenter size-full wp-image-330848\" src=\"https:\/\/www.camperonline.it\/magazine\/wp-content\/uploads\/2022\/08\/DSC_4648_00004.jpg\" alt=\"\" width=\"630\" height=\"418\" srcset=\"https:\/\/www.camperonline.it\/magazine\/wp-content\/uploads\/2022\/08\/DSC_4648_00004.jpg 630w, https:\/\/www.camperonline.it\/magazine\/wp-content\/uploads\/2022\/08\/DSC_4648_00004-300x199.jpg 300w\" sizes=\"(max-width: 630px) 100vw, 630px\" \/><\/p>\n<p>Nella classica taglia 7 metri (697 cm di lunghezza, per l&#8217;esattezza) troviamo l&#8217;<strong>XCamp 5<\/strong>, con dinette di stampo tradizionale a divani contrapposti con tavolo centrale, e letto trasversale posteriore posizionato sopra un garage di notevoli dimensioni.&nbsp;<\/p>\n<p><img loading=\"lazy\" class=\"aligncenter size-full wp-image-330849\" src=\"https:\/\/www.camperonline.it\/magazine\/wp-content\/uploads\/2022\/08\/DSC_4701_00010.jpg\" alt=\"\" width=\"630\" height=\"418\" srcset=\"https:\/\/www.camperonline.it\/magazine\/wp-content\/uploads\/2022\/08\/DSC_4701_00010.jpg 630w, https:\/\/www.camperonline.it\/magazine\/wp-content\/uploads\/2022\/08\/DSC_4701_00010-300x199.jpg 300w\" sizes=\"(max-width: 630px) 100vw, 630px\" \/><\/p>\n<p><img loading=\"lazy\" class=\"aligncenter size-full wp-image-330850\" src=\"https:\/\/www.camperonline.it\/magazine\/wp-content\/uploads\/2022\/08\/DSC_4681_00003.jpg\" alt=\"\" width=\"630\" height=\"418\" srcset=\"https:\/\/www.camperonline.it\/magazine\/wp-content\/uploads\/2022\/08\/DSC_4681_00003.jpg 630w, https:\/\/www.camperonline.it\/magazine\/wp-content\/uploads\/2022\/08\/DSC_4681_00003-300x199.jpg 300w\" sizes=\"(max-width: 630px) 100vw, 630px\" \/><\/p>\n<p><img loading=\"lazy\" class=\"aligncenter size-full wp-image-330851\" src=\"https:\/\/www.camperonline.it\/magazine\/wp-content\/uploads\/2022\/08\/DSC_4686_00005.jpg\" alt=\"\" width=\"630\" height=\"418\" srcset=\"https:\/\/www.camperonline.it\/magazine\/wp-content\/uploads\/2022\/08\/DSC_4686_00005.jpg 630w, https:\/\/www.camperonline.it\/magazine\/wp-content\/uploads\/2022\/08\/DSC_4686_00005-300x199.jpg 300w\" sizes=\"(max-width: 630px) 100vw, 630px\" \/><\/p>\n<p><img loading=\"lazy\" class=\"aligncenter size-full wp-image-330852\" src=\"https:\/\/www.camperonline.it\/magazine\/wp-content\/uploads\/2022\/08\/DSC_4689_00007.jpg\" alt=\"\" width=\"630\" height=\"418\" srcset=\"https:\/\/www.camperonline.it\/magazine\/wp-content\/uploads\/2022\/08\/DSC_4689_00007.jpg 630w, https:\/\/www.camperonline.it\/magazine\/wp-content\/uploads\/2022\/08\/DSC_4689_00007-300x199.jpg 300w\" sizes=\"(max-width: 630px) 100vw, 630px\" \/><\/p>\n<p>Di uguale lunghezza anche l&#8217;<strong>XCamp 9<\/strong>, che propone uno schema abitativo classico per la famiglia: living formato da una doppia dinette e letti a castello trasversali in coda.<\/p>\n<p><img loading=\"lazy\" class=\"aligncenter size-full wp-image-330853\" src=\"https:\/\/www.camperonline.it\/magazine\/wp-content\/uploads\/2022\/08\/DSC_4659_00011.jpg\" alt=\"\" width=\"630\" height=\"418\" srcset=\"https:\/\/www.camperonline.it\/magazine\/wp-content\/uploads\/2022\/08\/DSC_4659_00011.jpg 630w, https:\/\/www.camperonline.it\/magazine\/wp-content\/uploads\/2022\/08\/DSC_4659_00011-300x199.jpg 300w\" sizes=\"(max-width: 630px) 100vw, 630px\" \/><\/p>\n<p><img loading=\"lazy\" class=\"aligncenter size-full wp-image-330854\" src=\"https:\/\/www.camperonline.it\/magazine\/wp-content\/uploads\/2022\/08\/DSC_4664_00013.jpg\" alt=\"\" width=\"630\" height=\"418\" srcset=\"https:\/\/www.camperonline.it\/magazine\/wp-content\/uploads\/2022\/08\/DSC_4664_00013.jpg 630w, https:\/\/www.camperonline.it\/magazine\/wp-content\/uploads\/2022\/08\/DSC_4664_00013-300x199.jpg 300w\" sizes=\"(max-width: 630px) 100vw, 630px\" \/><\/p>\n<p><img loading=\"lazy\" class=\"aligncenter size-full wp-image-330855\" src=\"https:\/\/www.camperonline.it\/magazine\/wp-content\/uploads\/2022\/08\/DSC_4672_00017.jpg\" alt=\"\" width=\"630\" height=\"418\" srcset=\"https:\/\/www.camperonline.it\/magazine\/wp-content\/uploads\/2022\/08\/DSC_4672_00017.jpg 630w, https:\/\/www.camperonline.it\/magazine\/wp-content\/uploads\/2022\/08\/DSC_4672_00017-300x199.jpg 300w\" sizes=\"(max-width: 630px) 100vw, 630px\" \/><\/p>\n<p style=\"text-align: center;\"><img loading=\"lazy\" class=\"aligncenter size-full wp-image-330856\" src=\"https:\/\/www.camperonline.it\/magazine\/wp-content\/uploads\/2022\/08\/DSC_4667_00015.jpg\" alt=\"\" width=\"630\" height=\"418\" srcset=\"https:\/\/www.camperonline.it\/magazine\/wp-content\/uploads\/2022\/08\/DSC_4667_00015.jpg 630w, https:\/\/www.camperonline.it\/magazine\/wp-content\/uploads\/2022\/08\/DSC_4667_00015-300x199.jpg 300w\" sizes=\"(max-width: 630px) 100vw, 630px\" \/><\/p>\n<p>Pensato per garantire un ottimo comfort il pi\u00f9 grande&nbsp;<strong>XCamp 695<\/strong>, lungo 730 cm di lunghezza e caratterizzato dalla presenza dei comodi letti gemelli in coda su garage e un bagno suddiviso in due locali indipendenti. Da notare la particolare porta di separazione tra la zona notte e quella giorno, completamente autonoma e non legata a uno dei vani della toilette.<\/p>\n<p style=\"text-align: center;\"><img loading=\"lazy\" class=\"aligncenter size-full wp-image-330857\" src=\"https:\/\/www.camperonline.it\/magazine\/wp-content\/uploads\/2022\/08\/DSC_4695_00001.jpg\" alt=\"\" width=\"630\" height=\"418\" srcset=\"https:\/\/www.camperonline.it\/magazine\/wp-content\/uploads\/2022\/08\/DSC_4695_00001.jpg 630w, https:\/\/www.camperonline.it\/magazine\/wp-content\/uploads\/2022\/08\/DSC_4695_00001-300x199.jpg 300w\" sizes=\"(max-width: 630px) 100vw, 630px\" \/><\/p>\n<p style=\"text-align: center;\"><img loading=\"lazy\" class=\"aligncenter size-full wp-image-330858\" src=\"https:\/\/www.camperonline.it\/magazine\/wp-content\/uploads\/2022\/08\/DSC_4706_00005.jpg\" alt=\"\" width=\"630\" height=\"418\" srcset=\"https:\/\/www.camperonline.it\/magazine\/wp-content\/uploads\/2022\/08\/DSC_4706_00005.jpg 630w, https:\/\/www.camperonline.it\/magazine\/wp-content\/uploads\/2022\/08\/DSC_4706_00005-300x199.jpg 300w\" sizes=\"(max-width: 630px) 100vw, 630px\" \/><\/p>\n<p style=\"text-align: center;\"><img loading=\"lazy\" class=\"aligncenter size-full wp-image-330859\" src=\"https:\/\/www.camperonline.it\/magazine\/wp-content\/uploads\/2022\/08\/DSC_4713_00008.jpg\" alt=\"\" width=\"630\" height=\"418\" srcset=\"https:\/\/www.camperonline.it\/magazine\/wp-content\/uploads\/2022\/08\/DSC_4713_00008.jpg 630w, https:\/\/www.camperonline.it\/magazine\/wp-content\/uploads\/2022\/08\/DSC_4713_00008-300x199.jpg 300w\" sizes=\"(max-width: 630px) 100vw, 630px\" \/><\/p>\n<p style=\"text-align: center;\"><img loading=\"lazy\" class=\"aligncenter size-full wp-image-330860\" src=\"https:\/\/www.camperonline.it\/magazine\/wp-content\/uploads\/2022\/08\/DSC_4715_00009.jpg\" alt=\"\" width=\"630\" height=\"418\" srcset=\"https:\/\/www.camperonline.it\/magazine\/wp-content\/uploads\/2022\/08\/DSC_4715_00009.jpg 630w, https:\/\/www.camperonline.it\/magazine\/wp-content\/uploads\/2022\/08\/DSC_4715_00009-300x199.jpg 300w\" sizes=\"(max-width: 630px) 100vw, 630px\" \/><\/p>\n<p style=\"text-align: center;\"><img loading=\"lazy\" class=\"aligncenter size-full wp-image-330861\" src=\"https:\/\/www.camperonline.it\/magazine\/wp-content\/uploads\/2022\/08\/DSC_4718_00010.jpg\" alt=\"\" width=\"630\" height=\"418\" srcset=\"https:\/\/www.camperonline.it\/magazine\/wp-content\/uploads\/2022\/08\/DSC_4718_00010.jpg 630w, https:\/\/www.camperonline.it\/magazine\/wp-content\/uploads\/2022\/08\/DSC_4718_00010-300x199.jpg 300w\" sizes=\"(max-width: 630px) 100vw, 630px\" \/><\/p>\n<p>Fa storia a s\u00e9 invece l&#8217;<strong>XCamp 50<\/strong>, progettato per accogliere equipaggi numerosi offrendo sei posti letto sempre pronti (uno dei pochissimi veicoli sul mercato ad arrivare a questo risultato): oltre alla mansarda e un grande living, offre una singolare zona notte posteriore con ben quattro letti a castello longitudinali, che si sviluppano lungo entrambe le fiancate e accolgono, nel centro, il locale bagno.<\/p>\n<p style=\"text-align: center;\"><img loading=\"lazy\" class=\"aligncenter size-full wp-image-330862\" src=\"https:\/\/www.camperonline.it\/magazine\/wp-content\/uploads\/2022\/08\/DSC_4615_00001.jpg\" alt=\"\" width=\"630\" height=\"418\" srcset=\"https:\/\/www.camperonline.it\/magazine\/wp-content\/uploads\/2022\/08\/DSC_4615_00001.jpg 630w, https:\/\/www.camperonline.it\/magazine\/wp-content\/uploads\/2022\/08\/DSC_4615_00001-300x199.jpg 300w\" sizes=\"(max-width: 630px) 100vw, 630px\" \/><\/p>\n<p style=\"text-align: center;\"><img loading=\"lazy\" class=\"aligncenter size-full wp-image-330863\" src=\"https:\/\/www.camperonline.it\/magazine\/wp-content\/uploads\/2022\/08\/DSC_4623_00005.jpg\" alt=\"\" width=\"630\" height=\"418\" srcset=\"https:\/\/www.camperonline.it\/magazine\/wp-content\/uploads\/2022\/08\/DSC_4623_00005.jpg 630w, https:\/\/www.camperonline.it\/magazine\/wp-content\/uploads\/2022\/08\/DSC_4623_00005-300x199.jpg 300w\" sizes=\"(max-width: 630px) 100vw, 630px\" \/><\/p>\n<p><img loading=\"lazy\" class=\"aligncenter size-full wp-image-330864\" src=\"https:\/\/www.camperonline.it\/magazine\/wp-content\/uploads\/2022\/08\/DSC_4621_00004.jpg\" alt=\"\" width=\"630\" height=\"418\" srcset=\"https:\/\/www.camperonline.it\/magazine\/wp-content\/uploads\/2022\/08\/DSC_4621_00004.jpg 630w, https:\/\/www.camperonline.it\/magazine\/wp-content\/uploads\/2022\/08\/DSC_4621_00004-300x199.jpg 300w\" sizes=\"(max-width: 630px) 100vw, 630px\" \/><\/p>\n<p><img loading=\"lazy\" class=\"aligncenter size-full wp-image-330865\" src=\"https:\/\/www.camperonline.it\/magazine\/wp-content\/uploads\/2022\/08\/DSC_4633_00010.jpg\" alt=\"\" width=\"630\" height=\"418\" srcset=\"https:\/\/www.camperonline.it\/magazine\/wp-content\/uploads\/2022\/08\/DSC_4633_00010.jpg 630w, https:\/\/www.camperonline.it\/magazine\/wp-content\/uploads\/2022\/08\/DSC_4633_00010-300x199.jpg 300w\" sizes=\"(max-width: 630px) 100vw, 630px\" \/><\/p>\n<p>I quattro semintegrali sono tutti dotati di letto basculante anteriore, ma propongono quattro schemi abitativi completamente diversi.&nbsp; Tra questi spicca l&#8217;<strong>XCamp<\/strong>&nbsp;<strong>67 Plus<\/strong> (644 cm di lunghezza), che rinuncia al letto fisso posteriore optando per un basculante che scende sopra la dinette face-to-face, lasciando libera la zona di coda per un grande bagno con capiente armadio annesso. Non rinuncia alla presenza di un sempre utile gavone garage.<\/p>\n<p style=\"text-align: center;\"><img loading=\"lazy\" class=\"aligncenter size-full wp-image-330866\" src=\"https:\/\/www.camperonline.it\/magazine\/wp-content\/uploads\/2022\/08\/DSC_4749_00001.jpg\" alt=\"\" width=\"630\" height=\"418\" srcset=\"https:\/\/www.camperonline.it\/magazine\/wp-content\/uploads\/2022\/08\/DSC_4749_00001.jpg 630w, https:\/\/www.camperonline.it\/magazine\/wp-content\/uploads\/2022\/08\/DSC_4749_00001-300x199.jpg 300w\" sizes=\"(max-width: 630px) 100vw, 630px\" \/><\/p>\n<p><img loading=\"lazy\" class=\"aligncenter size-full wp-image-330872\" src=\"https:\/\/www.camperonline.it\/magazine\/wp-content\/uploads\/2022\/08\/DSC_4755_00003-1.jpg\" alt=\"\" width=\"630\" height=\"418\" srcset=\"https:\/\/www.camperonline.it\/magazine\/wp-content\/uploads\/2022\/08\/DSC_4755_00003-1.jpg 630w, https:\/\/www.camperonline.it\/magazine\/wp-content\/uploads\/2022\/08\/DSC_4755_00003-1-300x199.jpg 300w\" sizes=\"(max-width: 630px) 100vw, 630px\" \/><\/p>\n<p style=\"text-align: center;\"><img loading=\"lazy\" class=\"aligncenter size-full wp-image-330868\" src=\"https:\/\/www.camperonline.it\/magazine\/wp-content\/uploads\/2022\/08\/DSC_4762_00006.jpg\" alt=\"\" width=\"630\" height=\"418\" srcset=\"https:\/\/www.camperonline.it\/magazine\/wp-content\/uploads\/2022\/08\/DSC_4762_00006.jpg 630w, https:\/\/www.camperonline.it\/magazine\/wp-content\/uploads\/2022\/08\/DSC_4762_00006-300x199.jpg 300w\" sizes=\"(max-width: 630px) 100vw, 630px\" \/><\/p>\n<p style=\"text-align: center;\"><img loading=\"lazy\" class=\"aligncenter size-full wp-image-330869\" src=\"https:\/\/www.camperonline.it\/magazine\/wp-content\/uploads\/2022\/08\/DSC_4765_00008.jpg\" alt=\"\" width=\"630\" height=\"418\" srcset=\"https:\/\/www.camperonline.it\/magazine\/wp-content\/uploads\/2022\/08\/DSC_4765_00008.jpg 630w, https:\/\/www.camperonline.it\/magazine\/wp-content\/uploads\/2022\/08\/DSC_4765_00008-300x199.jpg 300w\" sizes=\"(max-width: 630px) 100vw, 630px\" \/><\/p>\n<p style=\"text-align: center;\"><img loading=\"lazy\" class=\"aligncenter size-full wp-image-330870\" src=\"https:\/\/www.camperonline.it\/magazine\/wp-content\/uploads\/2022\/08\/DSC_4770_00010.jpg\" alt=\"\" width=\"630\" height=\"418\" srcset=\"https:\/\/www.camperonline.it\/magazine\/wp-content\/uploads\/2022\/08\/DSC_4770_00010.jpg 630w, https:\/\/www.camperonline.it\/magazine\/wp-content\/uploads\/2022\/08\/DSC_4770_00010-300x199.jpg 300w\" sizes=\"(max-width: 630px) 100vw, 630px\" \/><\/p>\n<p style=\"text-align: center;\"><img loading=\"lazy\" class=\"aligncenter size-full wp-image-330871\" src=\"https:\/\/www.camperonline.it\/magazine\/wp-content\/uploads\/2022\/08\/DSC_4775_00013.jpg\" alt=\"\" width=\"630\" height=\"418\" srcset=\"https:\/\/www.camperonline.it\/magazine\/wp-content\/uploads\/2022\/08\/DSC_4775_00013.jpg 630w, https:\/\/www.camperonline.it\/magazine\/wp-content\/uploads\/2022\/08\/DSC_4775_00013-300x199.jpg 300w\" sizes=\"(max-width: 630px) 100vw, 630px\" \/><\/p>\n<p>Il pi\u00f9 grande <strong>XCamp 69 Plus<\/strong> offre il letto centrale posteriore basso abbinato a una pi\u00f9 tradizionale semidinette a L integrata con la cabina di guida. Notevole lo spazio di movimento ricreato all&#8217;interno della camera padronale di coda, che integra anche il box doccia indipendente e il locale bagno separabile tramite una serranda scorrevole. Anche su questo modello \u00e8 possibile dividere la zona notte da quella giorno attraverso una porta a battente indipendente.<\/p>\n<p style=\"text-align: center;\"><img loading=\"lazy\" class=\"aligncenter size-full wp-image-330874\" src=\"https:\/\/www.camperonline.it\/magazine\/wp-content\/uploads\/2022\/09\/DSC_4723_00001.jpg\" alt=\"\" width=\"630\" height=\"418\" srcset=\"https:\/\/www.camperonline.it\/magazine\/wp-content\/uploads\/2022\/09\/DSC_4723_00001.jpg 630w, https:\/\/www.camperonline.it\/magazine\/wp-content\/uploads\/2022\/09\/DSC_4723_00001-300x199.jpg 300w\" sizes=\"(max-width: 630px) 100vw, 630px\" \/><\/p>\n<p style=\"text-align: center;\"><img loading=\"lazy\" class=\"aligncenter size-full wp-image-330875\" src=\"https:\/\/www.camperonline.it\/magazine\/wp-content\/uploads\/2022\/09\/DSC_4733_00006.jpg\" alt=\"\" width=\"630\" height=\"418\" srcset=\"https:\/\/www.camperonline.it\/magazine\/wp-content\/uploads\/2022\/09\/DSC_4733_00006.jpg 630w, https:\/\/www.camperonline.it\/magazine\/wp-content\/uploads\/2022\/09\/DSC_4733_00006-300x199.jpg 300w\" sizes=\"(max-width: 630px) 100vw, 630px\" \/><\/p>\n<p><img loading=\"lazy\" class=\"aligncenter size-full wp-image-330876\" src=\"https:\/\/www.camperonline.it\/magazine\/wp-content\/uploads\/2022\/09\/DSC_4729_00004.jpg\" alt=\"\" width=\"630\" height=\"418\" srcset=\"https:\/\/www.camperonline.it\/magazine\/wp-content\/uploads\/2022\/09\/DSC_4729_00004.jpg 630w, https:\/\/www.camperonline.it\/magazine\/wp-content\/uploads\/2022\/09\/DSC_4729_00004-300x199.jpg 300w\" sizes=\"(max-width: 630px) 100vw, 630px\" \/><\/p>\n<p><img loading=\"lazy\" class=\"aligncenter size-full wp-image-330877\" src=\"https:\/\/www.camperonline.it\/magazine\/wp-content\/uploads\/2022\/09\/DSC_4739_00009.jpg\" alt=\"\" width=\"630\" height=\"418\" srcset=\"https:\/\/www.camperonline.it\/magazine\/wp-content\/uploads\/2022\/09\/DSC_4739_00009.jpg 630w, https:\/\/www.camperonline.it\/magazine\/wp-content\/uploads\/2022\/09\/DSC_4739_00009-300x199.jpg 300w\" sizes=\"(max-width: 630px) 100vw, 630px\" \/><\/p>\n<p><img loading=\"lazy\" class=\"aligncenter size-full wp-image-330878\" src=\"https:\/\/www.camperonline.it\/magazine\/wp-content\/uploads\/2022\/09\/DSC_4744_00011.jpg\" alt=\"\" width=\"630\" height=\"418\" srcset=\"https:\/\/www.camperonline.it\/magazine\/wp-content\/uploads\/2022\/09\/DSC_4744_00011.jpg 630w, https:\/\/www.camperonline.it\/magazine\/wp-content\/uploads\/2022\/09\/DSC_4744_00011-300x199.jpg 300w\" sizes=\"(max-width: 630px) 100vw, 630px\" \/><\/p>\n<p>Sono sempre tre le piante disponibili, che mantengono la base meccanica del Fiat Ducato. Gli <strong>XVan 102<\/strong> e <strong>105<\/strong> hanno una lunghezza di 599 cm: il primo ha il letto matrimoniale trasversale posteriore, il secondo ha due matrimoniali a castello. Pi\u00f9 lungo l&#8217;<strong>XVan 104<\/strong>, da 636 cm, che offre maggiore spazio nella zona posteriore con due letti singoli gemellati.<\/p>\n<p><img loading=\"lazy\" class=\"aligncenter size-full wp-image-330843\" src=\"https:\/\/www.camperonline.it\/magazine\/wp-content\/uploads\/2022\/08\/DSC_4779_00001.jpg\" alt=\"\" width=\"630\" height=\"418\" srcset=\"https:\/\/www.camperonline.it\/magazine\/wp-content\/uploads\/2022\/08\/DSC_4779_00001.jpg 630w, https:\/\/www.camperonline.it\/magazine\/wp-content\/uploads\/2022\/08\/DSC_4779_00001-300x199.jpg 300w\" sizes=\"(max-width: 630px) 100vw, 630px\" \/><\/p>\n<h3>Fotogallery<\/h3>\n<!-- default-view.php -->\n<div\n\tclass=\"ngg-galleryoverview default-view  ngg-ajax-pagination-none\"\n\tid=\"ngg-gallery-3a8bddcef5996ae659f92e67c83088b2-1\">\n\n\t\t<!-- Thumbnails -->\n\t\t\t\t<div id=\"ngg-image-0\" class=\"ngg-gallery-thumbnail-box ngg-5-columns\" >\n\t\t\t\t        <div class=\"ngg-gallery-thumbnail\">\n            <a href=\"https:\/\/www.camperonline.it\/magazine\/wp-content\/gallery\/salone-del-camper-2022-xgo\/DSC_4639_00001.jpg\"\n               title=\"\"\n               data-src=\"https:\/\/www.camperonline.it\/magazine\/wp-content\/gallery\/salone-del-camper-2022-xgo\/DSC_4639_00001.jpg\"\n               data-thumbnail=\"https:\/\/www.camperonline.it\/magazine\/wp-content\/gallery\/salone-del-camper-2022-xgo\/thumbs\/thumbs_DSC_4639_00001.jpg\"\n               data-image-id=\"127075\"\n               data-title=\"DSC_4639_00001\"\n               data-description=\"\"\n               data-image-slug=\"dsc_4639_00001\"\n               class=\"ngg-fancybox\" rel=\"3a8bddcef5996ae659f92e67c83088b2\">\n                <img\n                    title=\"DSC_4639_00001\"\n                    alt=\"DSC_4639_00001\"\n                    src=\"https:\/\/www.camperonline.it\/magazine\/wp-content\/gallery\/salone-del-camper-2022-xgo\/thumbs\/thumbs_DSC_4639_00001.jpg\"\n                    width=\"240\"\n                    height=\"160\"\n                    style=\"max-width:100%;\"\n                \/>\n            <\/a>\n        <\/div>\n\t\t\t\t\t\t\t<\/div> \n\t\t\t\n\t\t\t\t<div id=\"ngg-image-1\" class=\"ngg-gallery-thumbnail-box ngg-5-columns\" >\n\t\t\t\t        <div class=\"ngg-gallery-thumbnail\">\n            <a href=\"https:\/\/www.camperonline.it\/magazine\/wp-content\/gallery\/salone-del-camper-2022-xgo\/DSC_4643_00002.jpg\"\n               title=\"\"\n               data-src=\"https:\/\/www.camperonline.it\/magazine\/wp-content\/gallery\/salone-del-camper-2022-xgo\/DSC_4643_00002.jpg\"\n               data-thumbnail=\"https:\/\/www.camperonline.it\/magazine\/wp-content\/gallery\/salone-del-camper-2022-xgo\/thumbs\/thumbs_DSC_4643_00002.jpg\"\n               data-image-id=\"127076\"\n               data-title=\"DSC_4643_00002\"\n               data-description=\"\"\n               data-image-slug=\"dsc_4643_00002\"\n               class=\"ngg-fancybox\" rel=\"3a8bddcef5996ae659f92e67c83088b2\">\n                <img\n                    title=\"DSC_4643_00002\"\n                    alt=\"DSC_4643_00002\"\n                    src=\"https:\/\/www.camperonline.it\/magazine\/wp-content\/gallery\/salone-del-camper-2022-xgo\/thumbs\/thumbs_DSC_4643_00002.jpg\"\n                    width=\"240\"\n                    height=\"160\"\n                    style=\"max-width:100%;\"\n                \/>\n            <\/a>\n        <\/div>\n\t\t\t\t\t\t\t<\/div> \n\t\t\t\n\t\t\t\t<div id=\"ngg-image-2\" class=\"ngg-gallery-thumbnail-box ngg-5-columns\" >\n\t\t\t\t        <div class=\"ngg-gallery-thumbnail\">\n            <a href=\"https:\/\/www.camperonline.it\/magazine\/wp-content\/gallery\/salone-del-camper-2022-xgo\/DSC_4645_00003.jpg\"\n               title=\"\"\n               data-src=\"https:\/\/www.camperonline.it\/magazine\/wp-content\/gallery\/salone-del-camper-2022-xgo\/DSC_4645_00003.jpg\"\n               data-thumbnail=\"https:\/\/www.camperonline.it\/magazine\/wp-content\/gallery\/salone-del-camper-2022-xgo\/thumbs\/thumbs_DSC_4645_00003.jpg\"\n               data-image-id=\"127077\"\n               data-title=\"DSC_4645_00003\"\n               data-description=\"\"\n               data-image-slug=\"dsc_4645_00003\"\n               class=\"ngg-fancybox\" rel=\"3a8bddcef5996ae659f92e67c83088b2\">\n                <img\n                    title=\"DSC_4645_00003\"\n                    alt=\"DSC_4645_00003\"\n                    src=\"https:\/\/www.camperonline.it\/magazine\/wp-content\/gallery\/salone-del-camper-2022-xgo\/thumbs\/thumbs_DSC_4645_00003.jpg\"\n                    width=\"240\"\n                    height=\"160\"\n                    style=\"max-width:100%;\"\n                \/>\n            <\/a>\n        <\/div>\n\t\t\t\t\t\t\t<\/div> \n\t\t\t\n\t\t\t\t<div id=\"ngg-image-3\" class=\"ngg-gallery-thumbnail-box ngg-5-columns\" >\n\t\t\t\t        <div class=\"ngg-gallery-thumbnail\">\n            <a href=\"https:\/\/www.camperonline.it\/magazine\/wp-content\/gallery\/salone-del-camper-2022-xgo\/DSC_4650_00005.jpg\"\n               title=\"\"\n               data-src=\"https:\/\/www.camperonline.it\/magazine\/wp-content\/gallery\/salone-del-camper-2022-xgo\/DSC_4650_00005.jpg\"\n               data-thumbnail=\"https:\/\/www.camperonline.it\/magazine\/wp-content\/gallery\/salone-del-camper-2022-xgo\/thumbs\/thumbs_DSC_4650_00005.jpg\"\n               data-image-id=\"127079\"\n               data-title=\"DSC_4650_00005\"\n               data-description=\"\"\n               data-image-slug=\"dsc_4650_00005\"\n               class=\"ngg-fancybox\" rel=\"3a8bddcef5996ae659f92e67c83088b2\">\n                <img\n                    title=\"DSC_4650_00005\"\n                    alt=\"DSC_4650_00005\"\n                    src=\"https:\/\/www.camperonline.it\/magazine\/wp-content\/gallery\/salone-del-camper-2022-xgo\/thumbs\/thumbs_DSC_4650_00005.jpg\"\n                    width=\"240\"\n                    height=\"160\"\n                    style=\"max-width:100%;\"\n                \/>\n            <\/a>\n        <\/div>\n\t\t\t\t\t\t\t<\/div> \n\t\t\t\n\t\t\t\t<div id=\"ngg-image-4\" class=\"ngg-gallery-thumbnail-box ngg-5-columns\" >\n\t\t\t\t        <div class=\"ngg-gallery-thumbnail\">\n            <a href=\"https:\/\/www.camperonline.it\/magazine\/wp-content\/gallery\/salone-del-camper-2022-xgo\/DSC_4648_00004.jpg\"\n               title=\"\"\n               data-src=\"https:\/\/www.camperonline.it\/magazine\/wp-content\/gallery\/salone-del-camper-2022-xgo\/DSC_4648_00004.jpg\"\n               data-thumbnail=\"https:\/\/www.camperonline.it\/magazine\/wp-content\/gallery\/salone-del-camper-2022-xgo\/thumbs\/thumbs_DSC_4648_00004.jpg\"\n               data-image-id=\"127080\"\n               data-title=\"DSC_4648_00004\"\n               data-description=\"\"\n               data-image-slug=\"dsc_4648_00004\"\n               class=\"ngg-fancybox\" rel=\"3a8bddcef5996ae659f92e67c83088b2\">\n                <img\n                    title=\"DSC_4648_00004\"\n                    alt=\"DSC_4648_00004\"\n                    src=\"https:\/\/www.camperonline.it\/magazine\/wp-content\/gallery\/salone-del-camper-2022-xgo\/thumbs\/thumbs_DSC_4648_00004.jpg\"\n                    width=\"240\"\n                    height=\"160\"\n                    style=\"max-width:100%;\"\n                \/>\n            <\/a>\n        <\/div>\n\t\t\t\t\t\t\t<\/div> \n\t\t\t\n\t\t\t\t<div id=\"ngg-image-5\" class=\"ngg-gallery-thumbnail-box ngg-5-columns\" >\n\t\t\t\t        <div class=\"ngg-gallery-thumbnail\">\n            <a href=\"https:\/\/www.camperonline.it\/magazine\/wp-content\/gallery\/salone-del-camper-2022-xgo\/DSC_4657_00009.jpg\"\n               title=\"\"\n               data-src=\"https:\/\/www.camperonline.it\/magazine\/wp-content\/gallery\/salone-del-camper-2022-xgo\/DSC_4657_00009.jpg\"\n               data-thumbnail=\"https:\/\/www.camperonline.it\/magazine\/wp-content\/gallery\/salone-del-camper-2022-xgo\/thumbs\/thumbs_DSC_4657_00009.jpg\"\n               data-image-id=\"127083\"\n               data-title=\"DSC_4657_00009\"\n               data-description=\"\"\n               data-image-slug=\"dsc_4657_00009\"\n               class=\"ngg-fancybox\" rel=\"3a8bddcef5996ae659f92e67c83088b2\">\n                <img\n                    title=\"DSC_4657_00009\"\n                    alt=\"DSC_4657_00009\"\n                    src=\"https:\/\/www.camperonline.it\/magazine\/wp-content\/gallery\/salone-del-camper-2022-xgo\/thumbs\/thumbs_DSC_4657_00009.jpg\"\n                    width=\"240\"\n                    height=\"160\"\n                    style=\"max-width:100%;\"\n                \/>\n            <\/a>\n        <\/div>\n\t\t\t\t\t\t\t<\/div> \n\t\t\t\n\t\t\t\t<div id=\"ngg-image-6\" class=\"ngg-gallery-thumbnail-box ngg-5-columns\" >\n\t\t\t\t        <div class=\"ngg-gallery-thumbnail\">\n            <a href=\"https:\/\/www.camperonline.it\/magazine\/wp-content\/gallery\/salone-del-camper-2022-xgo\/DSC_4652_00006.jpg\"\n               title=\"\"\n               data-src=\"https:\/\/www.camperonline.it\/magazine\/wp-content\/gallery\/salone-del-camper-2022-xgo\/DSC_4652_00006.jpg\"\n               data-thumbnail=\"https:\/\/www.camperonline.it\/magazine\/wp-content\/gallery\/salone-del-camper-2022-xgo\/thumbs\/thumbs_DSC_4652_00006.jpg\"\n               data-image-id=\"127078\"\n               data-title=\"DSC_4652_00006\"\n               data-description=\"\"\n               data-image-slug=\"dsc_4652_00006\"\n               class=\"ngg-fancybox\" rel=\"3a8bddcef5996ae659f92e67c83088b2\">\n                <img\n                    title=\"DSC_4652_00006\"\n                    alt=\"DSC_4652_00006\"\n                    src=\"https:\/\/www.camperonline.it\/magazine\/wp-content\/gallery\/salone-del-camper-2022-xgo\/thumbs\/thumbs_DSC_4652_00006.jpg\"\n                    width=\"240\"\n                    height=\"160\"\n                    style=\"max-width:100%;\"\n                \/>\n            <\/a>\n        <\/div>\n\t\t\t\t\t\t\t<\/div> \n\t\t\t\n\t\t\t\t<div id=\"ngg-image-7\" class=\"ngg-gallery-thumbnail-box ngg-5-columns\" >\n\t\t\t\t        <div class=\"ngg-gallery-thumbnail\">\n            <a href=\"https:\/\/www.camperonline.it\/magazine\/wp-content\/gallery\/salone-del-camper-2022-xgo\/DSC_4654_00007.jpg\"\n               title=\"\"\n               data-src=\"https:\/\/www.camperonline.it\/magazine\/wp-content\/gallery\/salone-del-camper-2022-xgo\/DSC_4654_00007.jpg\"\n               data-thumbnail=\"https:\/\/www.camperonline.it\/magazine\/wp-content\/gallery\/salone-del-camper-2022-xgo\/thumbs\/thumbs_DSC_4654_00007.jpg\"\n               data-image-id=\"127081\"\n               data-title=\"DSC_4654_00007\"\n               data-description=\"\"\n               data-image-slug=\"dsc_4654_00007\"\n               class=\"ngg-fancybox\" rel=\"3a8bddcef5996ae659f92e67c83088b2\">\n                <img\n                    title=\"DSC_4654_00007\"\n                    alt=\"DSC_4654_00007\"\n                    src=\"https:\/\/www.camperonline.it\/magazine\/wp-content\/gallery\/salone-del-camper-2022-xgo\/thumbs\/thumbs_DSC_4654_00007.jpg\"\n                    width=\"240\"\n                    height=\"160\"\n                    style=\"max-width:100%;\"\n                \/>\n            <\/a>\n        <\/div>\n\t\t\t\t\t\t\t<\/div> \n\t\t\t\n\t\t\t\t<div id=\"ngg-image-8\" class=\"ngg-gallery-thumbnail-box ngg-5-columns\" >\n\t\t\t\t        <div class=\"ngg-gallery-thumbnail\">\n            <a href=\"https:\/\/www.camperonline.it\/magazine\/wp-content\/gallery\/salone-del-camper-2022-xgo\/DSC_4656_00008.jpg\"\n               title=\"\"\n               data-src=\"https:\/\/www.camperonline.it\/magazine\/wp-content\/gallery\/salone-del-camper-2022-xgo\/DSC_4656_00008.jpg\"\n               data-thumbnail=\"https:\/\/www.camperonline.it\/magazine\/wp-content\/gallery\/salone-del-camper-2022-xgo\/thumbs\/thumbs_DSC_4656_00008.jpg\"\n               data-image-id=\"127082\"\n               data-title=\"DSC_4656_00008\"\n               data-description=\"\"\n               data-image-slug=\"dsc_4656_00008\"\n               class=\"ngg-fancybox\" rel=\"3a8bddcef5996ae659f92e67c83088b2\">\n                <img\n                    title=\"DSC_4656_00008\"\n                    alt=\"DSC_4656_00008\"\n                    src=\"https:\/\/www.camperonline.it\/magazine\/wp-content\/gallery\/salone-del-camper-2022-xgo\/thumbs\/thumbs_DSC_4656_00008.jpg\"\n                    width=\"240\"\n                    height=\"160\"\n                    style=\"max-width:100%;\"\n                \/>\n            <\/a>\n        <\/div>\n\t\t\t\t\t\t\t<\/div> \n\t\t\t\n\t\t\t\t<div id=\"ngg-image-9\" class=\"ngg-gallery-thumbnail-box ngg-5-columns\" >\n\t\t\t\t        <div class=\"ngg-gallery-thumbnail\">\n            <a href=\"https:\/\/www.camperonline.it\/magazine\/wp-content\/gallery\/salone-del-camper-2022-xgo\/DSC_4701_00010.jpg\"\n               title=\"\"\n               data-src=\"https:\/\/www.camperonline.it\/magazine\/wp-content\/gallery\/salone-del-camper-2022-xgo\/DSC_4701_00010.jpg\"\n               data-thumbnail=\"https:\/\/www.camperonline.it\/magazine\/wp-content\/gallery\/salone-del-camper-2022-xgo\/thumbs\/thumbs_DSC_4701_00010.jpg\"\n               data-image-id=\"127084\"\n               data-title=\"DSC_4701_00010\"\n               data-description=\"\"\n               data-image-slug=\"dsc_4701_00010\"\n               class=\"ngg-fancybox\" rel=\"3a8bddcef5996ae659f92e67c83088b2\">\n                <img\n                    title=\"DSC_4701_00010\"\n                    alt=\"DSC_4701_00010\"\n                    src=\"https:\/\/www.camperonline.it\/magazine\/wp-content\/gallery\/salone-del-camper-2022-xgo\/thumbs\/thumbs_DSC_4701_00010.jpg\"\n                    width=\"240\"\n                    height=\"160\"\n                    style=\"max-width:100%;\"\n                \/>\n            <\/a>\n        <\/div>\n\t\t\t\t\t\t\t<\/div> \n\t\t\t\n\t\t\t\t<div id=\"ngg-image-10\" class=\"ngg-gallery-thumbnail-box ngg-5-columns\" >\n\t\t\t\t        <div class=\"ngg-gallery-thumbnail\">\n            <a href=\"https:\/\/www.camperonline.it\/magazine\/wp-content\/gallery\/salone-del-camper-2022-xgo\/DSC_4677_00001.jpg\"\n               title=\"\"\n               data-src=\"https:\/\/www.camperonline.it\/magazine\/wp-content\/gallery\/salone-del-camper-2022-xgo\/DSC_4677_00001.jpg\"\n               data-thumbnail=\"https:\/\/www.camperonline.it\/magazine\/wp-content\/gallery\/salone-del-camper-2022-xgo\/thumbs\/thumbs_DSC_4677_00001.jpg\"\n               data-image-id=\"127085\"\n               data-title=\"DSC_4677_00001\"\n               data-description=\"\"\n               data-image-slug=\"dsc_4677_00001\"\n               class=\"ngg-fancybox\" rel=\"3a8bddcef5996ae659f92e67c83088b2\">\n                <img\n                    title=\"DSC_4677_00001\"\n                    alt=\"DSC_4677_00001\"\n                    src=\"https:\/\/www.camperonline.it\/magazine\/wp-content\/gallery\/salone-del-camper-2022-xgo\/thumbs\/thumbs_DSC_4677_00001.jpg\"\n                    width=\"240\"\n                    height=\"160\"\n                    style=\"max-width:100%;\"\n                \/>\n            <\/a>\n        <\/div>\n\t\t\t\t\t\t\t<\/div> \n\t\t\t\n\t\t\t\t<div id=\"ngg-image-11\" class=\"ngg-gallery-thumbnail-box ngg-5-columns\" >\n\t\t\t\t        <div class=\"ngg-gallery-thumbnail\">\n            <a href=\"https:\/\/www.camperonline.it\/magazine\/wp-content\/gallery\/salone-del-camper-2022-xgo\/DSC_4681_00003.jpg\"\n               title=\"\"\n               data-src=\"https:\/\/www.camperonline.it\/magazine\/wp-content\/gallery\/salone-del-camper-2022-xgo\/DSC_4681_00003.jpg\"\n               data-thumbnail=\"https:\/\/www.camperonline.it\/magazine\/wp-content\/gallery\/salone-del-camper-2022-xgo\/thumbs\/thumbs_DSC_4681_00003.jpg\"\n               data-image-id=\"127086\"\n               data-title=\"DSC_4681_00003\"\n               data-description=\"\"\n               data-image-slug=\"dsc_4681_00003\"\n               class=\"ngg-fancybox\" rel=\"3a8bddcef5996ae659f92e67c83088b2\">\n                <img\n                    title=\"DSC_4681_00003\"\n                    alt=\"DSC_4681_00003\"\n                    src=\"https:\/\/www.camperonline.it\/magazine\/wp-content\/gallery\/salone-del-camper-2022-xgo\/thumbs\/thumbs_DSC_4681_00003.jpg\"\n                    width=\"240\"\n                    height=\"160\"\n                    style=\"max-width:100%;\"\n                \/>\n            <\/a>\n        <\/div>\n\t\t\t\t\t\t\t<\/div> \n\t\t\t\n\t\t\t\t<div id=\"ngg-image-12\" class=\"ngg-gallery-thumbnail-box ngg-5-columns\" >\n\t\t\t\t        <div class=\"ngg-gallery-thumbnail\">\n            <a href=\"https:\/\/www.camperonline.it\/magazine\/wp-content\/gallery\/salone-del-camper-2022-xgo\/DSC_4680_00002.jpg\"\n               title=\"\"\n               data-src=\"https:\/\/www.camperonline.it\/magazine\/wp-content\/gallery\/salone-del-camper-2022-xgo\/DSC_4680_00002.jpg\"\n               data-thumbnail=\"https:\/\/www.camperonline.it\/magazine\/wp-content\/gallery\/salone-del-camper-2022-xgo\/thumbs\/thumbs_DSC_4680_00002.jpg\"\n               data-image-id=\"127087\"\n               data-title=\"DSC_4680_00002\"\n               data-description=\"\"\n               data-image-slug=\"dsc_4680_00002\"\n               class=\"ngg-fancybox\" rel=\"3a8bddcef5996ae659f92e67c83088b2\">\n                <img\n                    title=\"DSC_4680_00002\"\n                    alt=\"DSC_4680_00002\"\n                    src=\"https:\/\/www.camperonline.it\/magazine\/wp-content\/gallery\/salone-del-camper-2022-xgo\/thumbs\/thumbs_DSC_4680_00002.jpg\"\n                    width=\"240\"\n                    height=\"160\"\n                    style=\"max-width:100%;\"\n                \/>\n            <\/a>\n        <\/div>\n\t\t\t\t\t\t\t<\/div> \n\t\t\t\n\t\t\t\t<div id=\"ngg-image-13\" class=\"ngg-gallery-thumbnail-box ngg-5-columns\" >\n\t\t\t\t        <div class=\"ngg-gallery-thumbnail\">\n            <a href=\"https:\/\/www.camperonline.it\/magazine\/wp-content\/gallery\/salone-del-camper-2022-xgo\/DSC_4686_00005.jpg\"\n               title=\"\"\n               data-src=\"https:\/\/www.camperonline.it\/magazine\/wp-content\/gallery\/salone-del-camper-2022-xgo\/DSC_4686_00005.jpg\"\n               data-thumbnail=\"https:\/\/www.camperonline.it\/magazine\/wp-content\/gallery\/salone-del-camper-2022-xgo\/thumbs\/thumbs_DSC_4686_00005.jpg\"\n               data-image-id=\"127089\"\n               data-title=\"DSC_4686_00005\"\n               data-description=\"\"\n               data-image-slug=\"dsc_4686_00005\"\n               class=\"ngg-fancybox\" rel=\"3a8bddcef5996ae659f92e67c83088b2\">\n                <img\n                    title=\"DSC_4686_00005\"\n                    alt=\"DSC_4686_00005\"\n                    src=\"https:\/\/www.camperonline.it\/magazine\/wp-content\/gallery\/salone-del-camper-2022-xgo\/thumbs\/thumbs_DSC_4686_00005.jpg\"\n                    width=\"240\"\n                    height=\"160\"\n                    style=\"max-width:100%;\"\n                \/>\n            <\/a>\n        <\/div>\n\t\t\t\t\t\t\t<\/div> \n\t\t\t\n\t\t\t\t<div id=\"ngg-image-14\" class=\"ngg-gallery-thumbnail-box ngg-5-columns\" >\n\t\t\t\t        <div class=\"ngg-gallery-thumbnail\">\n            <a href=\"https:\/\/www.camperonline.it\/magazine\/wp-content\/gallery\/salone-del-camper-2022-xgo\/DSC_4684_00004.jpg\"\n               title=\"\"\n               data-src=\"https:\/\/www.camperonline.it\/magazine\/wp-content\/gallery\/salone-del-camper-2022-xgo\/DSC_4684_00004.jpg\"\n               data-thumbnail=\"https:\/\/www.camperonline.it\/magazine\/wp-content\/gallery\/salone-del-camper-2022-xgo\/thumbs\/thumbs_DSC_4684_00004.jpg\"\n               data-image-id=\"127088\"\n               data-title=\"DSC_4684_00004\"\n               data-description=\"\"\n               data-image-slug=\"dsc_4684_00004\"\n               class=\"ngg-fancybox\" rel=\"3a8bddcef5996ae659f92e67c83088b2\">\n                <img\n                    title=\"DSC_4684_00004\"\n                    alt=\"DSC_4684_00004\"\n                    src=\"https:\/\/www.camperonline.it\/magazine\/wp-content\/gallery\/salone-del-camper-2022-xgo\/thumbs\/thumbs_DSC_4684_00004.jpg\"\n                    width=\"240\"\n                    height=\"160\"\n                    style=\"max-width:100%;\"\n                \/>\n            <\/a>\n        <\/div>\n\t\t\t\t\t\t\t<\/div> \n\t\t\t\n\t\t\t\t<div id=\"ngg-image-15\" class=\"ngg-gallery-thumbnail-box ngg-5-columns\" >\n\t\t\t\t        <div class=\"ngg-gallery-thumbnail\">\n            <a href=\"https:\/\/www.camperonline.it\/magazine\/wp-content\/gallery\/salone-del-camper-2022-xgo\/DSC_4687_00006.jpg\"\n               title=\"\"\n               data-src=\"https:\/\/www.camperonline.it\/magazine\/wp-content\/gallery\/salone-del-camper-2022-xgo\/DSC_4687_00006.jpg\"\n               data-thumbnail=\"https:\/\/www.camperonline.it\/magazine\/wp-content\/gallery\/salone-del-camper-2022-xgo\/thumbs\/thumbs_DSC_4687_00006.jpg\"\n               data-image-id=\"127090\"\n               data-title=\"DSC_4687_00006\"\n               data-description=\"\"\n               data-image-slug=\"dsc_4687_00006\"\n               class=\"ngg-fancybox\" rel=\"3a8bddcef5996ae659f92e67c83088b2\">\n                <img\n                    title=\"DSC_4687_00006\"\n                    alt=\"DSC_4687_00006\"\n                    src=\"https:\/\/www.camperonline.it\/magazine\/wp-content\/gallery\/salone-del-camper-2022-xgo\/thumbs\/thumbs_DSC_4687_00006.jpg\"\n                    width=\"240\"\n                    height=\"160\"\n                    style=\"max-width:100%;\"\n                \/>\n            <\/a>\n        <\/div>\n\t\t\t\t\t\t\t<\/div> \n\t\t\t\n\t\t\t\t<div id=\"ngg-image-16\" class=\"ngg-gallery-thumbnail-box ngg-5-columns\" >\n\t\t\t\t        <div class=\"ngg-gallery-thumbnail\">\n            <a href=\"https:\/\/www.camperonline.it\/magazine\/wp-content\/gallery\/salone-del-camper-2022-xgo\/DSC_4689_00007.jpg\"\n               title=\"\"\n               data-src=\"https:\/\/www.camperonline.it\/magazine\/wp-content\/gallery\/salone-del-camper-2022-xgo\/DSC_4689_00007.jpg\"\n               data-thumbnail=\"https:\/\/www.camperonline.it\/magazine\/wp-content\/gallery\/salone-del-camper-2022-xgo\/thumbs\/thumbs_DSC_4689_00007.jpg\"\n               data-image-id=\"127091\"\n               data-title=\"DSC_4689_00007\"\n               data-description=\"\"\n               data-image-slug=\"dsc_4689_00007\"\n               class=\"ngg-fancybox\" rel=\"3a8bddcef5996ae659f92e67c83088b2\">\n                <img\n                    title=\"DSC_4689_00007\"\n                    alt=\"DSC_4689_00007\"\n                    src=\"https:\/\/www.camperonline.it\/magazine\/wp-content\/gallery\/salone-del-camper-2022-xgo\/thumbs\/thumbs_DSC_4689_00007.jpg\"\n                    width=\"240\"\n                    height=\"160\"\n                    style=\"max-width:100%;\"\n                \/>\n            <\/a>\n        <\/div>\n\t\t\t\t\t\t\t<\/div> \n\t\t\t\n\t\t\t\t<div id=\"ngg-image-17\" class=\"ngg-gallery-thumbnail-box ngg-5-columns\" >\n\t\t\t\t        <div class=\"ngg-gallery-thumbnail\">\n            <a href=\"https:\/\/www.camperonline.it\/magazine\/wp-content\/gallery\/salone-del-camper-2022-xgo\/DSC_4693_00009.jpg\"\n               title=\"\"\n               data-src=\"https:\/\/www.camperonline.it\/magazine\/wp-content\/gallery\/salone-del-camper-2022-xgo\/DSC_4693_00009.jpg\"\n               data-thumbnail=\"https:\/\/www.camperonline.it\/magazine\/wp-content\/gallery\/salone-del-camper-2022-xgo\/thumbs\/thumbs_DSC_4693_00009.jpg\"\n               data-image-id=\"127092\"\n               data-title=\"DSC_4693_00009\"\n               data-description=\"\"\n               data-image-slug=\"dsc_4693_00009\"\n               class=\"ngg-fancybox\" rel=\"3a8bddcef5996ae659f92e67c83088b2\">\n                <img\n                    title=\"DSC_4693_00009\"\n                    alt=\"DSC_4693_00009\"\n                    src=\"https:\/\/www.camperonline.it\/magazine\/wp-content\/gallery\/salone-del-camper-2022-xgo\/thumbs\/thumbs_DSC_4693_00009.jpg\"\n                    width=\"240\"\n                    height=\"160\"\n                    style=\"max-width:100%;\"\n                \/>\n            <\/a>\n        <\/div>\n\t\t\t\t\t\t\t<\/div> \n\t\t\t\n\t\t\t\t<div id=\"ngg-image-18\" class=\"ngg-gallery-thumbnail-box ngg-5-columns\" >\n\t\t\t\t        <div class=\"ngg-gallery-thumbnail\">\n            <a href=\"https:\/\/www.camperonline.it\/magazine\/wp-content\/gallery\/salone-del-camper-2022-xgo\/DSC_4659_00011.jpg\"\n               title=\"\"\n               data-src=\"https:\/\/www.camperonline.it\/magazine\/wp-content\/gallery\/salone-del-camper-2022-xgo\/DSC_4659_00011.jpg\"\n               data-thumbnail=\"https:\/\/www.camperonline.it\/magazine\/wp-content\/gallery\/salone-del-camper-2022-xgo\/thumbs\/thumbs_DSC_4659_00011.jpg\"\n               data-image-id=\"127093\"\n               data-title=\"DSC_4659_00011\"\n               data-description=\"\"\n               data-image-slug=\"dsc_4659_00011\"\n               class=\"ngg-fancybox\" rel=\"3a8bddcef5996ae659f92e67c83088b2\">\n                <img\n                    title=\"DSC_4659_00011\"\n                    alt=\"DSC_4659_00011\"\n                    src=\"https:\/\/www.camperonline.it\/magazine\/wp-content\/gallery\/salone-del-camper-2022-xgo\/thumbs\/thumbs_DSC_4659_00011.jpg\"\n                    width=\"240\"\n                    height=\"160\"\n                    style=\"max-width:100%;\"\n                \/>\n            <\/a>\n        <\/div>\n\t\t\t\t\t\t\t<\/div> \n\t\t\t\n\t\t\t\t<div id=\"ngg-image-19\" class=\"ngg-gallery-thumbnail-box ngg-5-columns\" >\n\t\t\t\t        <div class=\"ngg-gallery-thumbnail\">\n            <a href=\"https:\/\/www.camperonline.it\/magazine\/wp-content\/gallery\/salone-del-camper-2022-xgo\/DSC_4662_00012.jpg\"\n               title=\"\"\n               data-src=\"https:\/\/www.camperonline.it\/magazine\/wp-content\/gallery\/salone-del-camper-2022-xgo\/DSC_4662_00012.jpg\"\n               data-thumbnail=\"https:\/\/www.camperonline.it\/magazine\/wp-content\/gallery\/salone-del-camper-2022-xgo\/thumbs\/thumbs_DSC_4662_00012.jpg\"\n               data-image-id=\"127094\"\n               data-title=\"DSC_4662_00012\"\n               data-description=\"\"\n               data-image-slug=\"dsc_4662_00012\"\n               class=\"ngg-fancybox\" rel=\"3a8bddcef5996ae659f92e67c83088b2\">\n                <img\n                    title=\"DSC_4662_00012\"\n                    alt=\"DSC_4662_00012\"\n                    src=\"https:\/\/www.camperonline.it\/magazine\/wp-content\/gallery\/salone-del-camper-2022-xgo\/thumbs\/thumbs_DSC_4662_00012.jpg\"\n                    width=\"240\"\n                    height=\"160\"\n                    style=\"max-width:100%;\"\n                \/>\n            <\/a>\n        <\/div>\n\t\t\t\t\t\t\t<\/div> \n\t\t\t\n\t\t\t\t<div id=\"ngg-image-20\" class=\"ngg-gallery-thumbnail-box ngg-5-columns\" >\n\t\t\t\t        <div class=\"ngg-gallery-thumbnail\">\n            <a href=\"https:\/\/www.camperonline.it\/magazine\/wp-content\/gallery\/salone-del-camper-2022-xgo\/DSC_4672_00017.jpg\"\n               title=\"\"\n               data-src=\"https:\/\/www.camperonline.it\/magazine\/wp-content\/gallery\/salone-del-camper-2022-xgo\/DSC_4672_00017.jpg\"\n               data-thumbnail=\"https:\/\/www.camperonline.it\/magazine\/wp-content\/gallery\/salone-del-camper-2022-xgo\/thumbs\/thumbs_DSC_4672_00017.jpg\"\n               data-image-id=\"127098\"\n               data-title=\"DSC_4672_00017\"\n               data-description=\"\"\n               data-image-slug=\"dsc_4672_00017\"\n               class=\"ngg-fancybox\" rel=\"3a8bddcef5996ae659f92e67c83088b2\">\n                <img\n                    title=\"DSC_4672_00017\"\n                    alt=\"DSC_4672_00017\"\n                    src=\"https:\/\/www.camperonline.it\/magazine\/wp-content\/gallery\/salone-del-camper-2022-xgo\/thumbs\/thumbs_DSC_4672_00017.jpg\"\n                    width=\"240\"\n                    height=\"160\"\n                    style=\"max-width:100%;\"\n                \/>\n            <\/a>\n        <\/div>\n\t\t\t\t\t\t\t<\/div> \n\t\t\t\n\t\t\t\t<div id=\"ngg-image-21\" class=\"ngg-gallery-thumbnail-box ngg-5-columns\" >\n\t\t\t\t        <div class=\"ngg-gallery-thumbnail\">\n            <a href=\"https:\/\/www.camperonline.it\/magazine\/wp-content\/gallery\/salone-del-camper-2022-xgo\/DSC_4664_00013.jpg\"\n               title=\"\"\n               data-src=\"https:\/\/www.camperonline.it\/magazine\/wp-content\/gallery\/salone-del-camper-2022-xgo\/DSC_4664_00013.jpg\"\n               data-thumbnail=\"https:\/\/www.camperonline.it\/magazine\/wp-content\/gallery\/salone-del-camper-2022-xgo\/thumbs\/thumbs_DSC_4664_00013.jpg\"\n               data-image-id=\"127095\"\n               data-title=\"DSC_4664_00013\"\n               data-description=\"\"\n               data-image-slug=\"dsc_4664_00013\"\n               class=\"ngg-fancybox\" rel=\"3a8bddcef5996ae659f92e67c83088b2\">\n                <img\n                    title=\"DSC_4664_00013\"\n                    alt=\"DSC_4664_00013\"\n                    src=\"https:\/\/www.camperonline.it\/magazine\/wp-content\/gallery\/salone-del-camper-2022-xgo\/thumbs\/thumbs_DSC_4664_00013.jpg\"\n                    width=\"240\"\n                    height=\"160\"\n                    style=\"max-width:100%;\"\n                \/>\n            <\/a>\n        <\/div>\n\t\t\t\t\t\t\t<\/div> \n\t\t\t\n\t\t\t\t<div id=\"ngg-image-22\" class=\"ngg-gallery-thumbnail-box ngg-5-columns\" >\n\t\t\t\t        <div class=\"ngg-gallery-thumbnail\">\n            <a href=\"https:\/\/www.camperonline.it\/magazine\/wp-content\/gallery\/salone-del-camper-2022-xgo\/DSC_4673_00018.jpg\"\n               title=\"\"\n               data-src=\"https:\/\/www.camperonline.it\/magazine\/wp-content\/gallery\/salone-del-camper-2022-xgo\/DSC_4673_00018.jpg\"\n               data-thumbnail=\"https:\/\/www.camperonline.it\/magazine\/wp-content\/gallery\/salone-del-camper-2022-xgo\/thumbs\/thumbs_DSC_4673_00018.jpg\"\n               data-image-id=\"127099\"\n               data-title=\"DSC_4673_00018\"\n               data-description=\"\"\n               data-image-slug=\"dsc_4673_00018\"\n               class=\"ngg-fancybox\" rel=\"3a8bddcef5996ae659f92e67c83088b2\">\n                <img\n                    title=\"DSC_4673_00018\"\n                    alt=\"DSC_4673_00018\"\n                    src=\"https:\/\/www.camperonline.it\/magazine\/wp-content\/gallery\/salone-del-camper-2022-xgo\/thumbs\/thumbs_DSC_4673_00018.jpg\"\n                    width=\"240\"\n                    height=\"160\"\n                    style=\"max-width:100%;\"\n                \/>\n            <\/a>\n        <\/div>\n\t\t\t\t\t\t\t<\/div> \n\t\t\t\n\t\t\t\t<div id=\"ngg-image-23\" class=\"ngg-gallery-thumbnail-box ngg-5-columns\" >\n\t\t\t\t        <div class=\"ngg-gallery-thumbnail\">\n            <a href=\"https:\/\/www.camperonline.it\/magazine\/wp-content\/gallery\/salone-del-camper-2022-xgo\/DSC_4665_00014.jpg\"\n               title=\"\"\n               data-src=\"https:\/\/www.camperonline.it\/magazine\/wp-content\/gallery\/salone-del-camper-2022-xgo\/DSC_4665_00014.jpg\"\n               data-thumbnail=\"https:\/\/www.camperonline.it\/magazine\/wp-content\/gallery\/salone-del-camper-2022-xgo\/thumbs\/thumbs_DSC_4665_00014.jpg\"\n               data-image-id=\"127096\"\n               data-title=\"DSC_4665_00014\"\n               data-description=\"\"\n               data-image-slug=\"dsc_4665_00014\"\n               class=\"ngg-fancybox\" rel=\"3a8bddcef5996ae659f92e67c83088b2\">\n                <img\n                    title=\"DSC_4665_00014\"\n                    alt=\"DSC_4665_00014\"\n                    src=\"https:\/\/www.camperonline.it\/magazine\/wp-content\/gallery\/salone-del-camper-2022-xgo\/thumbs\/thumbs_DSC_4665_00014.jpg\"\n                    width=\"240\"\n                    height=\"160\"\n                    style=\"max-width:100%;\"\n                \/>\n            <\/a>\n        <\/div>\n\t\t\t\t\t\t\t<\/div> \n\t\t\t\n\t\t\t\t<div id=\"ngg-image-24\" class=\"ngg-gallery-thumbnail-box ngg-5-columns\" >\n\t\t\t\t        <div class=\"ngg-gallery-thumbnail\">\n            <a href=\"https:\/\/www.camperonline.it\/magazine\/wp-content\/gallery\/salone-del-camper-2022-xgo\/DSC_4667_00015.jpg\"\n               title=\"\"\n               data-src=\"https:\/\/www.camperonline.it\/magazine\/wp-content\/gallery\/salone-del-camper-2022-xgo\/DSC_4667_00015.jpg\"\n               data-thumbnail=\"https:\/\/www.camperonline.it\/magazine\/wp-content\/gallery\/salone-del-camper-2022-xgo\/thumbs\/thumbs_DSC_4667_00015.jpg\"\n               data-image-id=\"127097\"\n               data-title=\"DSC_4667_00015\"\n               data-description=\"\"\n               data-image-slug=\"dsc_4667_00015\"\n               class=\"ngg-fancybox\" rel=\"3a8bddcef5996ae659f92e67c83088b2\">\n                <img\n                    title=\"DSC_4667_00015\"\n                    alt=\"DSC_4667_00015\"\n                    src=\"https:\/\/www.camperonline.it\/magazine\/wp-content\/gallery\/salone-del-camper-2022-xgo\/thumbs\/thumbs_DSC_4667_00015.jpg\"\n                    width=\"240\"\n                    height=\"160\"\n                    style=\"max-width:100%;\"\n                \/>\n            <\/a>\n        <\/div>\n\t\t\t\t\t\t\t<\/div> \n\t\t\t\n\t\t\t\t<div id=\"ngg-image-25\" class=\"ngg-gallery-thumbnail-box ngg-5-columns\" >\n\t\t\t\t        <div class=\"ngg-gallery-thumbnail\">\n            <a href=\"https:\/\/www.camperonline.it\/magazine\/wp-content\/gallery\/salone-del-camper-2022-xgo\/DSC_4675_00019.jpg\"\n               title=\"\"\n               data-src=\"https:\/\/www.camperonline.it\/magazine\/wp-content\/gallery\/salone-del-camper-2022-xgo\/DSC_4675_00019.jpg\"\n               data-thumbnail=\"https:\/\/www.camperonline.it\/magazine\/wp-content\/gallery\/salone-del-camper-2022-xgo\/thumbs\/thumbs_DSC_4675_00019.jpg\"\n               data-image-id=\"127100\"\n               data-title=\"DSC_4675_00019\"\n               data-description=\"\"\n               data-image-slug=\"dsc_4675_00019\"\n               class=\"ngg-fancybox\" rel=\"3a8bddcef5996ae659f92e67c83088b2\">\n                <img\n                    title=\"DSC_4675_00019\"\n                    alt=\"DSC_4675_00019\"\n                    src=\"https:\/\/www.camperonline.it\/magazine\/wp-content\/gallery\/salone-del-camper-2022-xgo\/thumbs\/thumbs_DSC_4675_00019.jpg\"\n                    width=\"240\"\n                    height=\"160\"\n                    style=\"max-width:100%;\"\n                \/>\n            <\/a>\n        <\/div>\n\t\t\t\t\t\t\t<\/div> \n\t\t\t\n\t\t\t\t<div id=\"ngg-image-26\" class=\"ngg-gallery-thumbnail-box ngg-5-columns\" >\n\t\t\t\t        <div class=\"ngg-gallery-thumbnail\">\n            <a href=\"https:\/\/www.camperonline.it\/magazine\/wp-content\/gallery\/salone-del-camper-2022-xgo\/DSC_4615_00001.jpg\"\n               title=\"\"\n               data-src=\"https:\/\/www.camperonline.it\/magazine\/wp-content\/gallery\/salone-del-camper-2022-xgo\/DSC_4615_00001.jpg\"\n               data-thumbnail=\"https:\/\/www.camperonline.it\/magazine\/wp-content\/gallery\/salone-del-camper-2022-xgo\/thumbs\/thumbs_DSC_4615_00001.jpg\"\n               data-image-id=\"127101\"\n               data-title=\"DSC_4615_00001\"\n               data-description=\"\"\n               data-image-slug=\"dsc_4615_00001\"\n               class=\"ngg-fancybox\" rel=\"3a8bddcef5996ae659f92e67c83088b2\">\n                <img\n                    title=\"DSC_4615_00001\"\n                    alt=\"DSC_4615_00001\"\n                    src=\"https:\/\/www.camperonline.it\/magazine\/wp-content\/gallery\/salone-del-camper-2022-xgo\/thumbs\/thumbs_DSC_4615_00001.jpg\"\n                    width=\"240\"\n                    height=\"160\"\n                    style=\"max-width:100%;\"\n                \/>\n            <\/a>\n        <\/div>\n\t\t\t\t\t\t\t<\/div> \n\t\t\t\n\t\t\t\t<div id=\"ngg-image-27\" class=\"ngg-gallery-thumbnail-box ngg-5-columns\" >\n\t\t\t\t        <div class=\"ngg-gallery-thumbnail\">\n            <a href=\"https:\/\/www.camperonline.it\/magazine\/wp-content\/gallery\/salone-del-camper-2022-xgo\/DSC_4642_00013.jpg\"\n               title=\"\"\n               data-src=\"https:\/\/www.camperonline.it\/magazine\/wp-content\/gallery\/salone-del-camper-2022-xgo\/DSC_4642_00013.jpg\"\n               data-thumbnail=\"https:\/\/www.camperonline.it\/magazine\/wp-content\/gallery\/salone-del-camper-2022-xgo\/thumbs\/thumbs_DSC_4642_00013.jpg\"\n               data-image-id=\"127103\"\n               data-title=\"DSC_4642_00013\"\n               data-description=\"\"\n               data-image-slug=\"dsc_4642_00013\"\n               class=\"ngg-fancybox\" rel=\"3a8bddcef5996ae659f92e67c83088b2\">\n                <img\n                    title=\"DSC_4642_00013\"\n                    alt=\"DSC_4642_00013\"\n                    src=\"https:\/\/www.camperonline.it\/magazine\/wp-content\/gallery\/salone-del-camper-2022-xgo\/thumbs\/thumbs_DSC_4642_00013.jpg\"\n                    width=\"240\"\n                    height=\"160\"\n                    style=\"max-width:100%;\"\n                \/>\n            <\/a>\n        <\/div>\n\t\t\t\t\t\t\t<\/div> \n\t\t\t\n\t\t\t\t<div id=\"ngg-image-28\" class=\"ngg-gallery-thumbnail-box ngg-5-columns\" >\n\t\t\t\t        <div class=\"ngg-gallery-thumbnail\">\n            <a href=\"https:\/\/www.camperonline.it\/magazine\/wp-content\/gallery\/salone-del-camper-2022-xgo\/DSC_4637_00012.jpg\"\n               title=\"\"\n               data-src=\"https:\/\/www.camperonline.it\/magazine\/wp-content\/gallery\/salone-del-camper-2022-xgo\/DSC_4637_00012.jpg\"\n               data-thumbnail=\"https:\/\/www.camperonline.it\/magazine\/wp-content\/gallery\/salone-del-camper-2022-xgo\/thumbs\/thumbs_DSC_4637_00012.jpg\"\n               data-image-id=\"127102\"\n               data-title=\"DSC_4637_00012\"\n               data-description=\"\"\n               data-image-slug=\"dsc_4637_00012\"\n               class=\"ngg-fancybox\" rel=\"3a8bddcef5996ae659f92e67c83088b2\">\n                <img\n                    title=\"DSC_4637_00012\"\n                    alt=\"DSC_4637_00012\"\n                    src=\"https:\/\/www.camperonline.it\/magazine\/wp-content\/gallery\/salone-del-camper-2022-xgo\/thumbs\/thumbs_DSC_4637_00012.jpg\"\n                    width=\"240\"\n                    height=\"160\"\n                    style=\"max-width:100%;\"\n                \/>\n            <\/a>\n        <\/div>\n\t\t\t\t\t\t\t<\/div> \n\t\t\t\n\t\t\t\t<div id=\"ngg-image-29\" class=\"ngg-gallery-thumbnail-box ngg-5-columns\" >\n\t\t\t\t        <div class=\"ngg-gallery-thumbnail\">\n            <a href=\"https:\/\/www.camperonline.it\/magazine\/wp-content\/gallery\/salone-del-camper-2022-xgo\/DSC_4623_00005.jpg\"\n               title=\"\"\n               data-src=\"https:\/\/www.camperonline.it\/magazine\/wp-content\/gallery\/salone-del-camper-2022-xgo\/DSC_4623_00005.jpg\"\n               data-thumbnail=\"https:\/\/www.camperonline.it\/magazine\/wp-content\/gallery\/salone-del-camper-2022-xgo\/thumbs\/thumbs_DSC_4623_00005.jpg\"\n               data-image-id=\"127105\"\n               data-title=\"DSC_4623_00005\"\n               data-description=\"\"\n               data-image-slug=\"dsc_4623_00005\"\n               class=\"ngg-fancybox\" rel=\"3a8bddcef5996ae659f92e67c83088b2\">\n                <img\n                    title=\"DSC_4623_00005\"\n                    alt=\"DSC_4623_00005\"\n                    src=\"https:\/\/www.camperonline.it\/magazine\/wp-content\/gallery\/salone-del-camper-2022-xgo\/thumbs\/thumbs_DSC_4623_00005.jpg\"\n                    width=\"240\"\n                    height=\"160\"\n                    style=\"max-width:100%;\"\n                \/>\n            <\/a>\n        <\/div>\n\t\t\t\t\t\t\t<\/div> \n\t\t\t\n\t\t\t\t<div id=\"ngg-image-30\" class=\"ngg-gallery-thumbnail-box ngg-5-columns\" >\n\t\t\t\t        <div class=\"ngg-gallery-thumbnail\">\n            <a href=\"https:\/\/www.camperonline.it\/magazine\/wp-content\/gallery\/salone-del-camper-2022-xgo\/DSC_4621_00004.jpg\"\n               title=\"\"\n               data-src=\"https:\/\/www.camperonline.it\/magazine\/wp-content\/gallery\/salone-del-camper-2022-xgo\/DSC_4621_00004.jpg\"\n               data-thumbnail=\"https:\/\/www.camperonline.it\/magazine\/wp-content\/gallery\/salone-del-camper-2022-xgo\/thumbs\/thumbs_DSC_4621_00004.jpg\"\n               data-image-id=\"127106\"\n               data-title=\"DSC_4621_00004\"\n               data-description=\"\"\n               data-image-slug=\"dsc_4621_00004\"\n               class=\"ngg-fancybox\" rel=\"3a8bddcef5996ae659f92e67c83088b2\">\n                <img\n                    title=\"DSC_4621_00004\"\n                    alt=\"DSC_4621_00004\"\n                    src=\"https:\/\/www.camperonline.it\/magazine\/wp-content\/gallery\/salone-del-camper-2022-xgo\/thumbs\/thumbs_DSC_4621_00004.jpg\"\n                    width=\"240\"\n                    height=\"160\"\n                    style=\"max-width:100%;\"\n                \/>\n            <\/a>\n        <\/div>\n\t\t\t\t\t\t\t<\/div> \n\t\t\t\n\t\t\t\t<div id=\"ngg-image-31\" class=\"ngg-gallery-thumbnail-box ngg-5-columns\" >\n\t\t\t\t        <div class=\"ngg-gallery-thumbnail\">\n            <a href=\"https:\/\/www.camperonline.it\/magazine\/wp-content\/gallery\/salone-del-camper-2022-xgo\/DSC_4619_00003.jpg\"\n               title=\"\"\n               data-src=\"https:\/\/www.camperonline.it\/magazine\/wp-content\/gallery\/salone-del-camper-2022-xgo\/DSC_4619_00003.jpg\"\n               data-thumbnail=\"https:\/\/www.camperonline.it\/magazine\/wp-content\/gallery\/salone-del-camper-2022-xgo\/thumbs\/thumbs_DSC_4619_00003.jpg\"\n               data-image-id=\"127104\"\n               data-title=\"DSC_4619_00003\"\n               data-description=\"\"\n               data-image-slug=\"dsc_4619_00003\"\n               class=\"ngg-fancybox\" rel=\"3a8bddcef5996ae659f92e67c83088b2\">\n                <img\n                    title=\"DSC_4619_00003\"\n                    alt=\"DSC_4619_00003\"\n                    src=\"https:\/\/www.camperonline.it\/magazine\/wp-content\/gallery\/salone-del-camper-2022-xgo\/thumbs\/thumbs_DSC_4619_00003.jpg\"\n                    width=\"240\"\n                    height=\"160\"\n                    style=\"max-width:100%;\"\n                \/>\n            <\/a>\n        <\/div>\n\t\t\t\t\t\t\t<\/div> \n\t\t\t\n\t\t\t\t<div id=\"ngg-image-32\" class=\"ngg-gallery-thumbnail-box ngg-5-columns\" >\n\t\t\t\t        <div class=\"ngg-gallery-thumbnail\">\n            <a href=\"https:\/\/www.camperonline.it\/magazine\/wp-content\/gallery\/salone-del-camper-2022-xgo\/DSC_4631_00009.jpg\"\n               title=\"\"\n               data-src=\"https:\/\/www.camperonline.it\/magazine\/wp-content\/gallery\/salone-del-camper-2022-xgo\/DSC_4631_00009.jpg\"\n               data-thumbnail=\"https:\/\/www.camperonline.it\/magazine\/wp-content\/gallery\/salone-del-camper-2022-xgo\/thumbs\/thumbs_DSC_4631_00009.jpg\"\n               data-image-id=\"127108\"\n               data-title=\"DSC_4631_00009\"\n               data-description=\"\"\n               data-image-slug=\"dsc_4631_00009\"\n               class=\"ngg-fancybox\" rel=\"3a8bddcef5996ae659f92e67c83088b2\">\n                <img\n                    title=\"DSC_4631_00009\"\n                    alt=\"DSC_4631_00009\"\n                    src=\"https:\/\/www.camperonline.it\/magazine\/wp-content\/gallery\/salone-del-camper-2022-xgo\/thumbs\/thumbs_DSC_4631_00009.jpg\"\n                    width=\"240\"\n                    height=\"160\"\n                    style=\"max-width:100%;\"\n                \/>\n            <\/a>\n        <\/div>\n\t\t\t\t\t\t\t<\/div> \n\t\t\t\n\t\t\t\t<div id=\"ngg-image-33\" class=\"ngg-gallery-thumbnail-box ngg-5-columns\" >\n\t\t\t\t        <div class=\"ngg-gallery-thumbnail\">\n            <a href=\"https:\/\/www.camperonline.it\/magazine\/wp-content\/gallery\/salone-del-camper-2022-xgo\/DSC_4625_00006.jpg\"\n               title=\"\"\n               data-src=\"https:\/\/www.camperonline.it\/magazine\/wp-content\/gallery\/salone-del-camper-2022-xgo\/DSC_4625_00006.jpg\"\n               data-thumbnail=\"https:\/\/www.camperonline.it\/magazine\/wp-content\/gallery\/salone-del-camper-2022-xgo\/thumbs\/thumbs_DSC_4625_00006.jpg\"\n               data-image-id=\"127107\"\n               data-title=\"DSC_4625_00006\"\n               data-description=\"\"\n               data-image-slug=\"dsc_4625_00006\"\n               class=\"ngg-fancybox\" rel=\"3a8bddcef5996ae659f92e67c83088b2\">\n                <img\n                    title=\"DSC_4625_00006\"\n                    alt=\"DSC_4625_00006\"\n                    src=\"https:\/\/www.camperonline.it\/magazine\/wp-content\/gallery\/salone-del-camper-2022-xgo\/thumbs\/thumbs_DSC_4625_00006.jpg\"\n                    width=\"240\"\n                    height=\"160\"\n                    style=\"max-width:100%;\"\n                \/>\n            <\/a>\n        <\/div>\n\t\t\t\t\t\t\t<\/div> \n\t\t\t\n\t\t\t\t<div id=\"ngg-image-34\" class=\"ngg-gallery-thumbnail-box ngg-5-columns\" >\n\t\t\t\t        <div class=\"ngg-gallery-thumbnail\">\n            <a href=\"https:\/\/www.camperonline.it\/magazine\/wp-content\/gallery\/salone-del-camper-2022-xgo\/DSC_4633_00010.jpg\"\n               title=\"\"\n               data-src=\"https:\/\/www.camperonline.it\/magazine\/wp-content\/gallery\/salone-del-camper-2022-xgo\/DSC_4633_00010.jpg\"\n               data-thumbnail=\"https:\/\/www.camperonline.it\/magazine\/wp-content\/gallery\/salone-del-camper-2022-xgo\/thumbs\/thumbs_DSC_4633_00010.jpg\"\n               data-image-id=\"127109\"\n               data-title=\"DSC_4633_00010\"\n               data-description=\"\"\n               data-image-slug=\"dsc_4633_00010\"\n               class=\"ngg-fancybox\" rel=\"3a8bddcef5996ae659f92e67c83088b2\">\n                <img\n                    title=\"DSC_4633_00010\"\n                    alt=\"DSC_4633_00010\"\n                    src=\"https:\/\/www.camperonline.it\/magazine\/wp-content\/gallery\/salone-del-camper-2022-xgo\/thumbs\/thumbs_DSC_4633_00010.jpg\"\n                    width=\"240\"\n                    height=\"160\"\n                    style=\"max-width:100%;\"\n                \/>\n            <\/a>\n        <\/div>\n\t\t\t\t\t\t\t<\/div> \n\t\t\t\n\t\t\t\t<div id=\"ngg-image-35\" class=\"ngg-gallery-thumbnail-box ngg-5-columns\" >\n\t\t\t\t        <div class=\"ngg-gallery-thumbnail\">\n            <a href=\"https:\/\/www.camperonline.it\/magazine\/wp-content\/gallery\/salone-del-camper-2022-xgo\/DSC_4636_00011.jpg\"\n               title=\"\"\n               data-src=\"https:\/\/www.camperonline.it\/magazine\/wp-content\/gallery\/salone-del-camper-2022-xgo\/DSC_4636_00011.jpg\"\n               data-thumbnail=\"https:\/\/www.camperonline.it\/magazine\/wp-content\/gallery\/salone-del-camper-2022-xgo\/thumbs\/thumbs_DSC_4636_00011.jpg\"\n               data-image-id=\"127110\"\n               data-title=\"DSC_4636_00011\"\n               data-description=\"\"\n               data-image-slug=\"dsc_4636_00011\"\n               class=\"ngg-fancybox\" rel=\"3a8bddcef5996ae659f92e67c83088b2\">\n                <img\n                    title=\"DSC_4636_00011\"\n                    alt=\"DSC_4636_00011\"\n                    src=\"https:\/\/www.camperonline.it\/magazine\/wp-content\/gallery\/salone-del-camper-2022-xgo\/thumbs\/thumbs_DSC_4636_00011.jpg\"\n                    width=\"240\"\n                    height=\"160\"\n                    style=\"max-width:100%;\"\n                \/>\n            <\/a>\n        <\/div>\n\t\t\t\t\t\t\t<\/div> \n\t\t\t\n\t\t\t\t<div id=\"ngg-image-36\" class=\"ngg-gallery-thumbnail-box ngg-5-columns\" >\n\t\t\t\t        <div class=\"ngg-gallery-thumbnail\">\n            <a href=\"https:\/\/www.camperonline.it\/magazine\/wp-content\/gallery\/salone-del-camper-2022-xgo\/DSC_4695_00001.jpg\"\n               title=\"\"\n               data-src=\"https:\/\/www.camperonline.it\/magazine\/wp-content\/gallery\/salone-del-camper-2022-xgo\/DSC_4695_00001.jpg\"\n               data-thumbnail=\"https:\/\/www.camperonline.it\/magazine\/wp-content\/gallery\/salone-del-camper-2022-xgo\/thumbs\/thumbs_DSC_4695_00001.jpg\"\n               data-image-id=\"127111\"\n               data-title=\"DSC_4695_00001\"\n               data-description=\"\"\n               data-image-slug=\"dsc_4695_00001\"\n               class=\"ngg-fancybox\" rel=\"3a8bddcef5996ae659f92e67c83088b2\">\n                <img\n                    title=\"DSC_4695_00001\"\n                    alt=\"DSC_4695_00001\"\n                    src=\"https:\/\/www.camperonline.it\/magazine\/wp-content\/gallery\/salone-del-camper-2022-xgo\/thumbs\/thumbs_DSC_4695_00001.jpg\"\n                    width=\"240\"\n                    height=\"160\"\n                    style=\"max-width:100%;\"\n                \/>\n            <\/a>\n        <\/div>\n\t\t\t\t\t\t\t<\/div> \n\t\t\t\n\t\t\t\t<div id=\"ngg-image-37\" class=\"ngg-gallery-thumbnail-box ngg-5-columns\" >\n\t\t\t\t        <div class=\"ngg-gallery-thumbnail\">\n            <a href=\"https:\/\/www.camperonline.it\/magazine\/wp-content\/gallery\/salone-del-camper-2022-xgo\/DSC_4697_00002.jpg\"\n               title=\"\"\n               data-src=\"https:\/\/www.camperonline.it\/magazine\/wp-content\/gallery\/salone-del-camper-2022-xgo\/DSC_4697_00002.jpg\"\n               data-thumbnail=\"https:\/\/www.camperonline.it\/magazine\/wp-content\/gallery\/salone-del-camper-2022-xgo\/thumbs\/thumbs_DSC_4697_00002.jpg\"\n               data-image-id=\"127112\"\n               data-title=\"DSC_4697_00002\"\n               data-description=\"\"\n               data-image-slug=\"dsc_4697_00002\"\n               class=\"ngg-fancybox\" rel=\"3a8bddcef5996ae659f92e67c83088b2\">\n                <img\n                    title=\"DSC_4697_00002\"\n                    alt=\"DSC_4697_00002\"\n                    src=\"https:\/\/www.camperonline.it\/magazine\/wp-content\/gallery\/salone-del-camper-2022-xgo\/thumbs\/thumbs_DSC_4697_00002.jpg\"\n                    width=\"240\"\n                    height=\"160\"\n                    style=\"max-width:100%;\"\n                \/>\n            <\/a>\n        <\/div>\n\t\t\t\t\t\t\t<\/div> \n\t\t\t\n\t\t\t\t<div id=\"ngg-image-38\" class=\"ngg-gallery-thumbnail-box ngg-5-columns\" >\n\t\t\t\t        <div class=\"ngg-gallery-thumbnail\">\n            <a href=\"https:\/\/www.camperonline.it\/magazine\/wp-content\/gallery\/salone-del-camper-2022-xgo\/DSC_4708_00006.jpg\"\n               title=\"\"\n               data-src=\"https:\/\/www.camperonline.it\/magazine\/wp-content\/gallery\/salone-del-camper-2022-xgo\/DSC_4708_00006.jpg\"\n               data-thumbnail=\"https:\/\/www.camperonline.it\/magazine\/wp-content\/gallery\/salone-del-camper-2022-xgo\/thumbs\/thumbs_DSC_4708_00006.jpg\"\n               data-image-id=\"127115\"\n               data-title=\"DSC_4708_00006\"\n               data-description=\"\"\n               data-image-slug=\"dsc_4708_00006\"\n               class=\"ngg-fancybox\" rel=\"3a8bddcef5996ae659f92e67c83088b2\">\n                <img\n                    title=\"DSC_4708_00006\"\n                    alt=\"DSC_4708_00006\"\n                    src=\"https:\/\/www.camperonline.it\/magazine\/wp-content\/gallery\/salone-del-camper-2022-xgo\/thumbs\/thumbs_DSC_4708_00006.jpg\"\n                    width=\"240\"\n                    height=\"160\"\n                    style=\"max-width:100%;\"\n                \/>\n            <\/a>\n        <\/div>\n\t\t\t\t\t\t\t<\/div> \n\t\t\t\n\t\t\t\t<div id=\"ngg-image-39\" class=\"ngg-gallery-thumbnail-box ngg-5-columns\" >\n\t\t\t\t        <div class=\"ngg-gallery-thumbnail\">\n            <a href=\"https:\/\/www.camperonline.it\/magazine\/wp-content\/gallery\/salone-del-camper-2022-xgo\/DSC_4703_00004.jpg\"\n               title=\"\"\n               data-src=\"https:\/\/www.camperonline.it\/magazine\/wp-content\/gallery\/salone-del-camper-2022-xgo\/DSC_4703_00004.jpg\"\n               data-thumbnail=\"https:\/\/www.camperonline.it\/magazine\/wp-content\/gallery\/salone-del-camper-2022-xgo\/thumbs\/thumbs_DSC_4703_00004.jpg\"\n               data-image-id=\"127114\"\n               data-title=\"DSC_4703_00004\"\n               data-description=\"\"\n               data-image-slug=\"dsc_4703_00004\"\n               class=\"ngg-fancybox\" rel=\"3a8bddcef5996ae659f92e67c83088b2\">\n                <img\n                    title=\"DSC_4703_00004\"\n                    alt=\"DSC_4703_00004\"\n                    src=\"https:\/\/www.camperonline.it\/magazine\/wp-content\/gallery\/salone-del-camper-2022-xgo\/thumbs\/thumbs_DSC_4703_00004.jpg\"\n                    width=\"240\"\n                    height=\"160\"\n                    style=\"max-width:100%;\"\n                \/>\n            <\/a>\n        <\/div>\n\t\t\t\t\t\t\t<\/div> \n\t\t\t\n\t\t\t\t<div id=\"ngg-image-40\" class=\"ngg-gallery-thumbnail-box ngg-5-columns\" >\n\t\t\t\t        <div class=\"ngg-gallery-thumbnail\">\n            <a href=\"https:\/\/www.camperonline.it\/magazine\/wp-content\/gallery\/salone-del-camper-2022-xgo\/DSC_4706_00005.jpg\"\n               title=\"\"\n               data-src=\"https:\/\/www.camperonline.it\/magazine\/wp-content\/gallery\/salone-del-camper-2022-xgo\/DSC_4706_00005.jpg\"\n               data-thumbnail=\"https:\/\/www.camperonline.it\/magazine\/wp-content\/gallery\/salone-del-camper-2022-xgo\/thumbs\/thumbs_DSC_4706_00005.jpg\"\n               data-image-id=\"127113\"\n               data-title=\"DSC_4706_00005\"\n               data-description=\"\"\n               data-image-slug=\"dsc_4706_00005\"\n               class=\"ngg-fancybox\" rel=\"3a8bddcef5996ae659f92e67c83088b2\">\n                <img\n                    title=\"DSC_4706_00005\"\n                    alt=\"DSC_4706_00005\"\n                    src=\"https:\/\/www.camperonline.it\/magazine\/wp-content\/gallery\/salone-del-camper-2022-xgo\/thumbs\/thumbs_DSC_4706_00005.jpg\"\n                    width=\"240\"\n                    height=\"160\"\n                    style=\"max-width:100%;\"\n                \/>\n            <\/a>\n        <\/div>\n\t\t\t\t\t\t\t<\/div> \n\t\t\t\n\t\t\t\t<div id=\"ngg-image-41\" class=\"ngg-gallery-thumbnail-box ngg-5-columns\" >\n\t\t\t\t        <div class=\"ngg-gallery-thumbnail\">\n            <a href=\"https:\/\/www.camperonline.it\/magazine\/wp-content\/gallery\/salone-del-camper-2022-xgo\/DSC_4711_00007.jpg\"\n               title=\"\"\n               data-src=\"https:\/\/www.camperonline.it\/magazine\/wp-content\/gallery\/salone-del-camper-2022-xgo\/DSC_4711_00007.jpg\"\n               data-thumbnail=\"https:\/\/www.camperonline.it\/magazine\/wp-content\/gallery\/salone-del-camper-2022-xgo\/thumbs\/thumbs_DSC_4711_00007.jpg\"\n               data-image-id=\"127116\"\n               data-title=\"DSC_4711_00007\"\n               data-description=\"\"\n               data-image-slug=\"dsc_4711_00007\"\n               class=\"ngg-fancybox\" rel=\"3a8bddcef5996ae659f92e67c83088b2\">\n                <img\n                    title=\"DSC_4711_00007\"\n                    alt=\"DSC_4711_00007\"\n                    src=\"https:\/\/www.camperonline.it\/magazine\/wp-content\/gallery\/salone-del-camper-2022-xgo\/thumbs\/thumbs_DSC_4711_00007.jpg\"\n                    width=\"240\"\n                    height=\"160\"\n                    style=\"max-width:100%;\"\n                \/>\n            <\/a>\n        <\/div>\n\t\t\t\t\t\t\t<\/div> \n\t\t\t\n\t\t\t\t<div id=\"ngg-image-42\" class=\"ngg-gallery-thumbnail-box ngg-5-columns\" >\n\t\t\t\t        <div class=\"ngg-gallery-thumbnail\">\n            <a href=\"https:\/\/www.camperonline.it\/magazine\/wp-content\/gallery\/salone-del-camper-2022-xgo\/DSC_4713_00008.jpg\"\n               title=\"\"\n               data-src=\"https:\/\/www.camperonline.it\/magazine\/wp-content\/gallery\/salone-del-camper-2022-xgo\/DSC_4713_00008.jpg\"\n               data-thumbnail=\"https:\/\/www.camperonline.it\/magazine\/wp-content\/gallery\/salone-del-camper-2022-xgo\/thumbs\/thumbs_DSC_4713_00008.jpg\"\n               data-image-id=\"127117\"\n               data-title=\"DSC_4713_00008\"\n               data-description=\"\"\n               data-image-slug=\"dsc_4713_00008\"\n               class=\"ngg-fancybox\" rel=\"3a8bddcef5996ae659f92e67c83088b2\">\n                <img\n                    title=\"DSC_4713_00008\"\n                    alt=\"DSC_4713_00008\"\n                    src=\"https:\/\/www.camperonline.it\/magazine\/wp-content\/gallery\/salone-del-camper-2022-xgo\/thumbs\/thumbs_DSC_4713_00008.jpg\"\n                    width=\"240\"\n                    height=\"160\"\n                    style=\"max-width:100%;\"\n                \/>\n            <\/a>\n        <\/div>\n\t\t\t\t\t\t\t<\/div> \n\t\t\t\n\t\t\t\t<div id=\"ngg-image-43\" class=\"ngg-gallery-thumbnail-box ngg-5-columns\" >\n\t\t\t\t        <div class=\"ngg-gallery-thumbnail\">\n            <a href=\"https:\/\/www.camperonline.it\/magazine\/wp-content\/gallery\/salone-del-camper-2022-xgo\/DSC_4715_00009.jpg\"\n               title=\"\"\n               data-src=\"https:\/\/www.camperonline.it\/magazine\/wp-content\/gallery\/salone-del-camper-2022-xgo\/DSC_4715_00009.jpg\"\n               data-thumbnail=\"https:\/\/www.camperonline.it\/magazine\/wp-content\/gallery\/salone-del-camper-2022-xgo\/thumbs\/thumbs_DSC_4715_00009.jpg\"\n               data-image-id=\"127118\"\n               data-title=\"DSC_4715_00009\"\n               data-description=\"\"\n               data-image-slug=\"dsc_4715_00009\"\n               class=\"ngg-fancybox\" rel=\"3a8bddcef5996ae659f92e67c83088b2\">\n                <img\n                    title=\"DSC_4715_00009\"\n                    alt=\"DSC_4715_00009\"\n                    src=\"https:\/\/www.camperonline.it\/magazine\/wp-content\/gallery\/salone-del-camper-2022-xgo\/thumbs\/thumbs_DSC_4715_00009.jpg\"\n                    width=\"240\"\n                    height=\"160\"\n                    style=\"max-width:100%;\"\n                \/>\n            <\/a>\n        <\/div>\n\t\t\t\t\t\t\t<\/div> \n\t\t\t\n\t\t\t\t<div id=\"ngg-image-44\" class=\"ngg-gallery-thumbnail-box ngg-5-columns\" >\n\t\t\t\t        <div class=\"ngg-gallery-thumbnail\">\n            <a href=\"https:\/\/www.camperonline.it\/magazine\/wp-content\/gallery\/salone-del-camper-2022-xgo\/DSC_4719_00011.jpg\"\n               title=\"\"\n               data-src=\"https:\/\/www.camperonline.it\/magazine\/wp-content\/gallery\/salone-del-camper-2022-xgo\/DSC_4719_00011.jpg\"\n               data-thumbnail=\"https:\/\/www.camperonline.it\/magazine\/wp-content\/gallery\/salone-del-camper-2022-xgo\/thumbs\/thumbs_DSC_4719_00011.jpg\"\n               data-image-id=\"127119\"\n               data-title=\"DSC_4719_00011\"\n               data-description=\"\"\n               data-image-slug=\"dsc_4719_00011\"\n               class=\"ngg-fancybox\" rel=\"3a8bddcef5996ae659f92e67c83088b2\">\n                <img\n                    title=\"DSC_4719_00011\"\n                    alt=\"DSC_4719_00011\"\n                    src=\"https:\/\/www.camperonline.it\/magazine\/wp-content\/gallery\/salone-del-camper-2022-xgo\/thumbs\/thumbs_DSC_4719_00011.jpg\"\n                    width=\"240\"\n                    height=\"160\"\n                    style=\"max-width:100%;\"\n                \/>\n            <\/a>\n        <\/div>\n\t\t\t\t\t\t\t<\/div> \n\t\t\t\n\t\t\t\t<div id=\"ngg-image-45\" class=\"ngg-gallery-thumbnail-box ngg-5-columns\" >\n\t\t\t\t        <div class=\"ngg-gallery-thumbnail\">\n            <a href=\"https:\/\/www.camperonline.it\/magazine\/wp-content\/gallery\/salone-del-camper-2022-xgo\/DSC_4718_00010.jpg\"\n               title=\"\"\n               data-src=\"https:\/\/www.camperonline.it\/magazine\/wp-content\/gallery\/salone-del-camper-2022-xgo\/DSC_4718_00010.jpg\"\n               data-thumbnail=\"https:\/\/www.camperonline.it\/magazine\/wp-content\/gallery\/salone-del-camper-2022-xgo\/thumbs\/thumbs_DSC_4718_00010.jpg\"\n               data-image-id=\"127120\"\n               data-title=\"DSC_4718_00010\"\n               data-description=\"\"\n               data-image-slug=\"dsc_4718_00010\"\n               class=\"ngg-fancybox\" rel=\"3a8bddcef5996ae659f92e67c83088b2\">\n                <img\n                    title=\"DSC_4718_00010\"\n                    alt=\"DSC_4718_00010\"\n                    src=\"https:\/\/www.camperonline.it\/magazine\/wp-content\/gallery\/salone-del-camper-2022-xgo\/thumbs\/thumbs_DSC_4718_00010.jpg\"\n                    width=\"240\"\n                    height=\"160\"\n                    style=\"max-width:100%;\"\n                \/>\n            <\/a>\n        <\/div>\n\t\t\t\t\t\t\t<\/div> \n\t\t\t\n\t\t\t\t<div id=\"ngg-image-46\" class=\"ngg-gallery-thumbnail-box ngg-5-columns\" >\n\t\t\t\t        <div class=\"ngg-gallery-thumbnail\">\n            <a href=\"https:\/\/www.camperonline.it\/magazine\/wp-content\/gallery\/salone-del-camper-2022-xgo\/DSC_4749_00001.jpg\"\n               title=\"\"\n               data-src=\"https:\/\/www.camperonline.it\/magazine\/wp-content\/gallery\/salone-del-camper-2022-xgo\/DSC_4749_00001.jpg\"\n               data-thumbnail=\"https:\/\/www.camperonline.it\/magazine\/wp-content\/gallery\/salone-del-camper-2022-xgo\/thumbs\/thumbs_DSC_4749_00001.jpg\"\n               data-image-id=\"127121\"\n               data-title=\"DSC_4749_00001\"\n               data-description=\"\"\n               data-image-slug=\"dsc_4749_00001\"\n               class=\"ngg-fancybox\" rel=\"3a8bddcef5996ae659f92e67c83088b2\">\n                <img\n                    title=\"DSC_4749_00001\"\n                    alt=\"DSC_4749_00001\"\n                    src=\"https:\/\/www.camperonline.it\/magazine\/wp-content\/gallery\/salone-del-camper-2022-xgo\/thumbs\/thumbs_DSC_4749_00001.jpg\"\n                    width=\"240\"\n                    height=\"160\"\n                    style=\"max-width:100%;\"\n                \/>\n            <\/a>\n        <\/div>\n\t\t\t\t\t\t\t<\/div> \n\t\t\t\n\t\t\t\t<div id=\"ngg-image-47\" class=\"ngg-gallery-thumbnail-box ngg-5-columns\" >\n\t\t\t\t        <div class=\"ngg-gallery-thumbnail\">\n            <a href=\"https:\/\/www.camperonline.it\/magazine\/wp-content\/gallery\/salone-del-camper-2022-xgo\/DSC_4755_00003.jpg\"\n               title=\"\"\n               data-src=\"https:\/\/www.camperonline.it\/magazine\/wp-content\/gallery\/salone-del-camper-2022-xgo\/DSC_4755_00003.jpg\"\n               data-thumbnail=\"https:\/\/www.camperonline.it\/magazine\/wp-content\/gallery\/salone-del-camper-2022-xgo\/thumbs\/thumbs_DSC_4755_00003.jpg\"\n               data-image-id=\"127123\"\n               data-title=\"DSC_4755_00003\"\n               data-description=\"\"\n               data-image-slug=\"dsc_4755_00003\"\n               class=\"ngg-fancybox\" rel=\"3a8bddcef5996ae659f92e67c83088b2\">\n                <img\n                    title=\"DSC_4755_00003\"\n                    alt=\"DSC_4755_00003\"\n                    src=\"https:\/\/www.camperonline.it\/magazine\/wp-content\/gallery\/salone-del-camper-2022-xgo\/thumbs\/thumbs_DSC_4755_00003.jpg\"\n                    width=\"240\"\n                    height=\"160\"\n                    style=\"max-width:100%;\"\n                \/>\n            <\/a>\n        <\/div>\n\t\t\t\t\t\t\t<\/div> \n\t\t\t\n\t\t\t\t<div id=\"ngg-image-48\" class=\"ngg-gallery-thumbnail-box ngg-5-columns\" >\n\t\t\t\t        <div class=\"ngg-gallery-thumbnail\">\n            <a href=\"https:\/\/www.camperonline.it\/magazine\/wp-content\/gallery\/salone-del-camper-2022-xgo\/DSC_4754_00002.jpg\"\n               title=\"\"\n               data-src=\"https:\/\/www.camperonline.it\/magazine\/wp-content\/gallery\/salone-del-camper-2022-xgo\/DSC_4754_00002.jpg\"\n               data-thumbnail=\"https:\/\/www.camperonline.it\/magazine\/wp-content\/gallery\/salone-del-camper-2022-xgo\/thumbs\/thumbs_DSC_4754_00002.jpg\"\n               data-image-id=\"127122\"\n               data-title=\"DSC_4754_00002\"\n               data-description=\"\"\n               data-image-slug=\"dsc_4754_00002\"\n               class=\"ngg-fancybox\" rel=\"3a8bddcef5996ae659f92e67c83088b2\">\n                <img\n                    title=\"DSC_4754_00002\"\n                    alt=\"DSC_4754_00002\"\n                    src=\"https:\/\/www.camperonline.it\/magazine\/wp-content\/gallery\/salone-del-camper-2022-xgo\/thumbs\/thumbs_DSC_4754_00002.jpg\"\n                    width=\"240\"\n                    height=\"160\"\n                    style=\"max-width:100%;\"\n                \/>\n            <\/a>\n        <\/div>\n\t\t\t\t\t\t\t<\/div> \n\t\t\t\n\t\t\t\t<div id=\"ngg-image-49\" class=\"ngg-gallery-thumbnail-box ngg-5-columns\" >\n\t\t\t\t        <div class=\"ngg-gallery-thumbnail\">\n            <a href=\"https:\/\/www.camperonline.it\/magazine\/wp-content\/gallery\/salone-del-camper-2022-xgo\/DSC_4765_00008.jpg\"\n               title=\"\"\n               data-src=\"https:\/\/www.camperonline.it\/magazine\/wp-content\/gallery\/salone-del-camper-2022-xgo\/DSC_4765_00008.jpg\"\n               data-thumbnail=\"https:\/\/www.camperonline.it\/magazine\/wp-content\/gallery\/salone-del-camper-2022-xgo\/thumbs\/thumbs_DSC_4765_00008.jpg\"\n               data-image-id=\"127128\"\n               data-title=\"DSC_4765_00008\"\n               data-description=\"\"\n               data-image-slug=\"dsc_4765_00008\"\n               class=\"ngg-fancybox\" rel=\"3a8bddcef5996ae659f92e67c83088b2\">\n                <img\n                    title=\"DSC_4765_00008\"\n                    alt=\"DSC_4765_00008\"\n                    src=\"https:\/\/www.camperonline.it\/magazine\/wp-content\/gallery\/salone-del-camper-2022-xgo\/thumbs\/thumbs_DSC_4765_00008.jpg\"\n                    width=\"240\"\n                    height=\"160\"\n                    style=\"max-width:100%;\"\n                \/>\n            <\/a>\n        <\/div>\n\t\t\t\t\t\t\t<\/div> \n\t\t\t\n\t\t\t\t<div id=\"ngg-image-50\" class=\"ngg-gallery-thumbnail-box ngg-5-columns\" >\n\t\t\t\t        <div class=\"ngg-gallery-thumbnail\">\n            <a href=\"https:\/\/www.camperonline.it\/magazine\/wp-content\/gallery\/salone-del-camper-2022-xgo\/DSC_4762_00006.jpg\"\n               title=\"\"\n               data-src=\"https:\/\/www.camperonline.it\/magazine\/wp-content\/gallery\/salone-del-camper-2022-xgo\/DSC_4762_00006.jpg\"\n               data-thumbnail=\"https:\/\/www.camperonline.it\/magazine\/wp-content\/gallery\/salone-del-camper-2022-xgo\/thumbs\/thumbs_DSC_4762_00006.jpg\"\n               data-image-id=\"127125\"\n               data-title=\"DSC_4762_00006\"\n               data-description=\"\"\n               data-image-slug=\"dsc_4762_00006\"\n               class=\"ngg-fancybox\" rel=\"3a8bddcef5996ae659f92e67c83088b2\">\n                <img\n                    title=\"DSC_4762_00006\"\n                    alt=\"DSC_4762_00006\"\n                    src=\"https:\/\/www.camperonline.it\/magazine\/wp-content\/gallery\/salone-del-camper-2022-xgo\/thumbs\/thumbs_DSC_4762_00006.jpg\"\n                    width=\"240\"\n                    height=\"160\"\n                    style=\"max-width:100%;\"\n                \/>\n            <\/a>\n        <\/div>\n\t\t\t\t\t\t\t<\/div> \n\t\t\t\n\t\t\t\t<div id=\"ngg-image-51\" class=\"ngg-gallery-thumbnail-box ngg-5-columns\" >\n\t\t\t\t        <div class=\"ngg-gallery-thumbnail\">\n            <a href=\"https:\/\/www.camperonline.it\/magazine\/wp-content\/gallery\/salone-del-camper-2022-xgo\/DSC_4763_00007.jpg\"\n               title=\"\"\n               data-src=\"https:\/\/www.camperonline.it\/magazine\/wp-content\/gallery\/salone-del-camper-2022-xgo\/DSC_4763_00007.jpg\"\n               data-thumbnail=\"https:\/\/www.camperonline.it\/magazine\/wp-content\/gallery\/salone-del-camper-2022-xgo\/thumbs\/thumbs_DSC_4763_00007.jpg\"\n               data-image-id=\"127126\"\n               data-title=\"DSC_4763_00007\"\n               data-description=\"\"\n               data-image-slug=\"dsc_4763_00007\"\n               class=\"ngg-fancybox\" rel=\"3a8bddcef5996ae659f92e67c83088b2\">\n                <img\n                    title=\"DSC_4763_00007\"\n                    alt=\"DSC_4763_00007\"\n                    src=\"https:\/\/www.camperonline.it\/magazine\/wp-content\/gallery\/salone-del-camper-2022-xgo\/thumbs\/thumbs_DSC_4763_00007.jpg\"\n                    width=\"240\"\n                    height=\"160\"\n                    style=\"max-width:100%;\"\n                \/>\n            <\/a>\n        <\/div>\n\t\t\t\t\t\t\t<\/div> \n\t\t\t\n\t\t\t\t<div id=\"ngg-image-52\" class=\"ngg-gallery-thumbnail-box ngg-5-columns\" >\n\t\t\t\t        <div class=\"ngg-gallery-thumbnail\">\n            <a href=\"https:\/\/www.camperonline.it\/magazine\/wp-content\/gallery\/salone-del-camper-2022-xgo\/DSC_4759_00005.jpg\"\n               title=\"\"\n               data-src=\"https:\/\/www.camperonline.it\/magazine\/wp-content\/gallery\/salone-del-camper-2022-xgo\/DSC_4759_00005.jpg\"\n               data-thumbnail=\"https:\/\/www.camperonline.it\/magazine\/wp-content\/gallery\/salone-del-camper-2022-xgo\/thumbs\/thumbs_DSC_4759_00005.jpg\"\n               data-image-id=\"127124\"\n               data-title=\"DSC_4759_00005\"\n               data-description=\"\"\n               data-image-slug=\"dsc_4759_00005\"\n               class=\"ngg-fancybox\" rel=\"3a8bddcef5996ae659f92e67c83088b2\">\n                <img\n                    title=\"DSC_4759_00005\"\n                    alt=\"DSC_4759_00005\"\n                    src=\"https:\/\/www.camperonline.it\/magazine\/wp-content\/gallery\/salone-del-camper-2022-xgo\/thumbs\/thumbs_DSC_4759_00005.jpg\"\n                    width=\"240\"\n                    height=\"160\"\n                    style=\"max-width:100%;\"\n                \/>\n            <\/a>\n        <\/div>\n\t\t\t\t\t\t\t<\/div> \n\t\t\t\n\t\t\t\t<div id=\"ngg-image-53\" class=\"ngg-gallery-thumbnail-box ngg-5-columns\" >\n\t\t\t\t        <div class=\"ngg-gallery-thumbnail\">\n            <a href=\"https:\/\/www.camperonline.it\/magazine\/wp-content\/gallery\/salone-del-camper-2022-xgo\/DSC_4768_00009.jpg\"\n               title=\"\"\n               data-src=\"https:\/\/www.camperonline.it\/magazine\/wp-content\/gallery\/salone-del-camper-2022-xgo\/DSC_4768_00009.jpg\"\n               data-thumbnail=\"https:\/\/www.camperonline.it\/magazine\/wp-content\/gallery\/salone-del-camper-2022-xgo\/thumbs\/thumbs_DSC_4768_00009.jpg\"\n               data-image-id=\"127127\"\n               data-title=\"DSC_4768_00009\"\n               data-description=\"\"\n               data-image-slug=\"dsc_4768_00009\"\n               class=\"ngg-fancybox\" rel=\"3a8bddcef5996ae659f92e67c83088b2\">\n                <img\n                    title=\"DSC_4768_00009\"\n                    alt=\"DSC_4768_00009\"\n                    src=\"https:\/\/www.camperonline.it\/magazine\/wp-content\/gallery\/salone-del-camper-2022-xgo\/thumbs\/thumbs_DSC_4768_00009.jpg\"\n                    width=\"240\"\n                    height=\"160\"\n                    style=\"max-width:100%;\"\n                \/>\n            <\/a>\n        <\/div>\n\t\t\t\t\t\t\t<\/div> \n\t\t\t\n\t\t\t\t<div id=\"ngg-image-54\" class=\"ngg-gallery-thumbnail-box ngg-5-columns\" >\n\t\t\t\t        <div class=\"ngg-gallery-thumbnail\">\n            <a href=\"https:\/\/www.camperonline.it\/magazine\/wp-content\/gallery\/salone-del-camper-2022-xgo\/DSC_4770_00010.jpg\"\n               title=\"\"\n               data-src=\"https:\/\/www.camperonline.it\/magazine\/wp-content\/gallery\/salone-del-camper-2022-xgo\/DSC_4770_00010.jpg\"\n               data-thumbnail=\"https:\/\/www.camperonline.it\/magazine\/wp-content\/gallery\/salone-del-camper-2022-xgo\/thumbs\/thumbs_DSC_4770_00010.jpg\"\n               data-image-id=\"127129\"\n               data-title=\"DSC_4770_00010\"\n               data-description=\"\"\n               data-image-slug=\"dsc_4770_00010\"\n               class=\"ngg-fancybox\" rel=\"3a8bddcef5996ae659f92e67c83088b2\">\n                <img\n                    title=\"DSC_4770_00010\"\n                    alt=\"DSC_4770_00010\"\n                    src=\"https:\/\/www.camperonline.it\/magazine\/wp-content\/gallery\/salone-del-camper-2022-xgo\/thumbs\/thumbs_DSC_4770_00010.jpg\"\n                    width=\"240\"\n                    height=\"160\"\n                    style=\"max-width:100%;\"\n                \/>\n            <\/a>\n        <\/div>\n\t\t\t\t\t\t\t<\/div> \n\t\t\t\n\t\t\t\t<div id=\"ngg-image-55\" class=\"ngg-gallery-thumbnail-box ngg-5-columns\" >\n\t\t\t\t        <div class=\"ngg-gallery-thumbnail\">\n            <a href=\"https:\/\/www.camperonline.it\/magazine\/wp-content\/gallery\/salone-del-camper-2022-xgo\/DSC_4771_00011-2.jpg\"\n               title=\"\"\n               data-src=\"https:\/\/www.camperonline.it\/magazine\/wp-content\/gallery\/salone-del-camper-2022-xgo\/DSC_4771_00011-2.jpg\"\n               data-thumbnail=\"https:\/\/www.camperonline.it\/magazine\/wp-content\/gallery\/salone-del-camper-2022-xgo\/thumbs\/thumbs_DSC_4771_00011-2.jpg\"\n               data-image-id=\"127130\"\n               data-title=\"DSC_4771_00011-2\"\n               data-description=\"\"\n               data-image-slug=\"dsc_4771_00011-2\"\n               class=\"ngg-fancybox\" rel=\"3a8bddcef5996ae659f92e67c83088b2\">\n                <img\n                    title=\"DSC_4771_00011-2\"\n                    alt=\"DSC_4771_00011-2\"\n                    src=\"https:\/\/www.camperonline.it\/magazine\/wp-content\/gallery\/salone-del-camper-2022-xgo\/thumbs\/thumbs_DSC_4771_00011-2.jpg\"\n                    width=\"240\"\n                    height=\"160\"\n                    style=\"max-width:100%;\"\n                \/>\n            <\/a>\n        <\/div>\n\t\t\t\t\t\t\t<\/div> \n\t\t\t\n\t\t\t\t<div id=\"ngg-image-56\" class=\"ngg-gallery-thumbnail-box ngg-5-columns\" >\n\t\t\t\t        <div class=\"ngg-gallery-thumbnail\">\n            <a href=\"https:\/\/www.camperonline.it\/magazine\/wp-content\/gallery\/salone-del-camper-2022-xgo\/DSC_4775_00013.jpg\"\n               title=\"\"\n               data-src=\"https:\/\/www.camperonline.it\/magazine\/wp-content\/gallery\/salone-del-camper-2022-xgo\/DSC_4775_00013.jpg\"\n               data-thumbnail=\"https:\/\/www.camperonline.it\/magazine\/wp-content\/gallery\/salone-del-camper-2022-xgo\/thumbs\/thumbs_DSC_4775_00013.jpg\"\n               data-image-id=\"127131\"\n               data-title=\"DSC_4775_00013\"\n               data-description=\"\"\n               data-image-slug=\"dsc_4775_00013\"\n               class=\"ngg-fancybox\" rel=\"3a8bddcef5996ae659f92e67c83088b2\">\n                <img\n                    title=\"DSC_4775_00013\"\n                    alt=\"DSC_4775_00013\"\n                    src=\"https:\/\/www.camperonline.it\/magazine\/wp-content\/gallery\/salone-del-camper-2022-xgo\/thumbs\/thumbs_DSC_4775_00013.jpg\"\n                    width=\"240\"\n                    height=\"160\"\n                    style=\"max-width:100%;\"\n                \/>\n            <\/a>\n        <\/div>\n\t\t\t\t\t\t\t<\/div> \n\t\t\t\n\t\t\t\t<div id=\"ngg-image-57\" class=\"ngg-gallery-thumbnail-box ngg-5-columns\" >\n\t\t\t\t        <div class=\"ngg-gallery-thumbnail\">\n            <a href=\"https:\/\/www.camperonline.it\/magazine\/wp-content\/gallery\/salone-del-camper-2022-xgo\/DSC_4723_00001.jpg\"\n               title=\"\"\n               data-src=\"https:\/\/www.camperonline.it\/magazine\/wp-content\/gallery\/salone-del-camper-2022-xgo\/DSC_4723_00001.jpg\"\n               data-thumbnail=\"https:\/\/www.camperonline.it\/magazine\/wp-content\/gallery\/salone-del-camper-2022-xgo\/thumbs\/thumbs_DSC_4723_00001.jpg\"\n               data-image-id=\"127132\"\n               data-title=\"DSC_4723_00001\"\n               data-description=\"\"\n               data-image-slug=\"dsc_4723_00001\"\n               class=\"ngg-fancybox\" rel=\"3a8bddcef5996ae659f92e67c83088b2\">\n                <img\n                    title=\"DSC_4723_00001\"\n                    alt=\"DSC_4723_00001\"\n                    src=\"https:\/\/www.camperonline.it\/magazine\/wp-content\/gallery\/salone-del-camper-2022-xgo\/thumbs\/thumbs_DSC_4723_00001.jpg\"\n                    width=\"240\"\n                    height=\"160\"\n                    style=\"max-width:100%;\"\n                \/>\n            <\/a>\n        <\/div>\n\t\t\t\t\t\t\t<\/div> \n\t\t\t\n\t\t\t\t<div id=\"ngg-image-58\" class=\"ngg-gallery-thumbnail-box ngg-5-columns\" >\n\t\t\t\t        <div class=\"ngg-gallery-thumbnail\">\n            <a href=\"https:\/\/www.camperonline.it\/magazine\/wp-content\/gallery\/salone-del-camper-2022-xgo\/DSC_4725_00002.jpg\"\n               title=\"\"\n               data-src=\"https:\/\/www.camperonline.it\/magazine\/wp-content\/gallery\/salone-del-camper-2022-xgo\/DSC_4725_00002.jpg\"\n               data-thumbnail=\"https:\/\/www.camperonline.it\/magazine\/wp-content\/gallery\/salone-del-camper-2022-xgo\/thumbs\/thumbs_DSC_4725_00002.jpg\"\n               data-image-id=\"127133\"\n               data-title=\"DSC_4725_00002\"\n               data-description=\"\"\n               data-image-slug=\"dsc_4725_00002\"\n               class=\"ngg-fancybox\" rel=\"3a8bddcef5996ae659f92e67c83088b2\">\n                <img\n                    title=\"DSC_4725_00002\"\n                    alt=\"DSC_4725_00002\"\n                    src=\"https:\/\/www.camperonline.it\/magazine\/wp-content\/gallery\/salone-del-camper-2022-xgo\/thumbs\/thumbs_DSC_4725_00002.jpg\"\n                    width=\"240\"\n                    height=\"160\"\n                    style=\"max-width:100%;\"\n                \/>\n            <\/a>\n        <\/div>\n\t\t\t\t\t\t\t<\/div> \n\t\t\t\n\t\t\t\t<div id=\"ngg-image-59\" class=\"ngg-gallery-thumbnail-box ngg-5-columns\" >\n\t\t\t\t        <div class=\"ngg-gallery-thumbnail\">\n            <a href=\"https:\/\/www.camperonline.it\/magazine\/wp-content\/gallery\/salone-del-camper-2022-xgo\/DSC_4727_00003.jpg\"\n               title=\"\"\n               data-src=\"https:\/\/www.camperonline.it\/magazine\/wp-content\/gallery\/salone-del-camper-2022-xgo\/DSC_4727_00003.jpg\"\n               data-thumbnail=\"https:\/\/www.camperonline.it\/magazine\/wp-content\/gallery\/salone-del-camper-2022-xgo\/thumbs\/thumbs_DSC_4727_00003.jpg\"\n               data-image-id=\"127134\"\n               data-title=\"DSC_4727_00003\"\n               data-description=\"\"\n               data-image-slug=\"dsc_4727_00003\"\n               class=\"ngg-fancybox\" rel=\"3a8bddcef5996ae659f92e67c83088b2\">\n                <img\n                    title=\"DSC_4727_00003\"\n                    alt=\"DSC_4727_00003\"\n                    src=\"https:\/\/www.camperonline.it\/magazine\/wp-content\/gallery\/salone-del-camper-2022-xgo\/thumbs\/thumbs_DSC_4727_00003.jpg\"\n                    width=\"240\"\n                    height=\"160\"\n                    style=\"max-width:100%;\"\n                \/>\n            <\/a>\n        <\/div>\n\t\t\t\t\t\t\t<\/div> \n\t\t\t\n\t\t\t\t<div id=\"ngg-image-60\" class=\"ngg-gallery-thumbnail-box ngg-5-columns\" >\n\t\t\t\t        <div class=\"ngg-gallery-thumbnail\">\n            <a href=\"https:\/\/www.camperonline.it\/magazine\/wp-content\/gallery\/salone-del-camper-2022-xgo\/DSC_4733_00006.jpg\"\n               title=\"\"\n               data-src=\"https:\/\/www.camperonline.it\/magazine\/wp-content\/gallery\/salone-del-camper-2022-xgo\/DSC_4733_00006.jpg\"\n               data-thumbnail=\"https:\/\/www.camperonline.it\/magazine\/wp-content\/gallery\/salone-del-camper-2022-xgo\/thumbs\/thumbs_DSC_4733_00006.jpg\"\n               data-image-id=\"127136\"\n               data-title=\"DSC_4733_00006\"\n               data-description=\"\"\n               data-image-slug=\"dsc_4733_00006\"\n               class=\"ngg-fancybox\" rel=\"3a8bddcef5996ae659f92e67c83088b2\">\n                <img\n                    title=\"DSC_4733_00006\"\n                    alt=\"DSC_4733_00006\"\n                    src=\"https:\/\/www.camperonline.it\/magazine\/wp-content\/gallery\/salone-del-camper-2022-xgo\/thumbs\/thumbs_DSC_4733_00006.jpg\"\n                    width=\"240\"\n                    height=\"160\"\n                    style=\"max-width:100%;\"\n                \/>\n            <\/a>\n        <\/div>\n\t\t\t\t\t\t\t<\/div> \n\t\t\t\n\t\t\t\t<div id=\"ngg-image-61\" class=\"ngg-gallery-thumbnail-box ngg-5-columns\" >\n\t\t\t\t        <div class=\"ngg-gallery-thumbnail\">\n            <a href=\"https:\/\/www.camperonline.it\/magazine\/wp-content\/gallery\/salone-del-camper-2022-xgo\/DSC_4732_00005.jpg\"\n               title=\"\"\n               data-src=\"https:\/\/www.camperonline.it\/magazine\/wp-content\/gallery\/salone-del-camper-2022-xgo\/DSC_4732_00005.jpg\"\n               data-thumbnail=\"https:\/\/www.camperonline.it\/magazine\/wp-content\/gallery\/salone-del-camper-2022-xgo\/thumbs\/thumbs_DSC_4732_00005.jpg\"\n               data-image-id=\"127135\"\n               data-title=\"DSC_4732_00005\"\n               data-description=\"\"\n               data-image-slug=\"dsc_4732_00005\"\n               class=\"ngg-fancybox\" rel=\"3a8bddcef5996ae659f92e67c83088b2\">\n                <img\n                    title=\"DSC_4732_00005\"\n                    alt=\"DSC_4732_00005\"\n                    src=\"https:\/\/www.camperonline.it\/magazine\/wp-content\/gallery\/salone-del-camper-2022-xgo\/thumbs\/thumbs_DSC_4732_00005.jpg\"\n                    width=\"240\"\n                    height=\"160\"\n                    style=\"max-width:100%;\"\n                \/>\n            <\/a>\n        <\/div>\n\t\t\t\t\t\t\t<\/div> \n\t\t\t\n\t\t\t\t<div id=\"ngg-image-62\" class=\"ngg-gallery-thumbnail-box ngg-5-columns\" >\n\t\t\t\t        <div class=\"ngg-gallery-thumbnail\">\n            <a href=\"https:\/\/www.camperonline.it\/magazine\/wp-content\/gallery\/salone-del-camper-2022-xgo\/DSC_4748_00013.jpg\"\n               title=\"\"\n               data-src=\"https:\/\/www.camperonline.it\/magazine\/wp-content\/gallery\/salone-del-camper-2022-xgo\/DSC_4748_00013.jpg\"\n               data-thumbnail=\"https:\/\/www.camperonline.it\/magazine\/wp-content\/gallery\/salone-del-camper-2022-xgo\/thumbs\/thumbs_DSC_4748_00013.jpg\"\n               data-image-id=\"127142\"\n               data-title=\"DSC_4748_00013\"\n               data-description=\"\"\n               data-image-slug=\"dsc_4748_00013\"\n               class=\"ngg-fancybox\" rel=\"3a8bddcef5996ae659f92e67c83088b2\">\n                <img\n                    title=\"DSC_4748_00013\"\n                    alt=\"DSC_4748_00013\"\n                    src=\"https:\/\/www.camperonline.it\/magazine\/wp-content\/gallery\/salone-del-camper-2022-xgo\/thumbs\/thumbs_DSC_4748_00013.jpg\"\n                    width=\"240\"\n                    height=\"160\"\n                    style=\"max-width:100%;\"\n                \/>\n            <\/a>\n        <\/div>\n\t\t\t\t\t\t\t<\/div> \n\t\t\t\n\t\t\t\t<div id=\"ngg-image-63\" class=\"ngg-gallery-thumbnail-box ngg-5-columns\" >\n\t\t\t\t        <div class=\"ngg-gallery-thumbnail\">\n            <a href=\"https:\/\/www.camperonline.it\/magazine\/wp-content\/gallery\/salone-del-camper-2022-xgo\/DSC_4735_00007.jpg\"\n               title=\"\"\n               data-src=\"https:\/\/www.camperonline.it\/magazine\/wp-content\/gallery\/salone-del-camper-2022-xgo\/DSC_4735_00007.jpg\"\n               data-thumbnail=\"https:\/\/www.camperonline.it\/magazine\/wp-content\/gallery\/salone-del-camper-2022-xgo\/thumbs\/thumbs_DSC_4735_00007.jpg\"\n               data-image-id=\"127137\"\n               data-title=\"DSC_4735_00007\"\n               data-description=\"\"\n               data-image-slug=\"dsc_4735_00007\"\n               class=\"ngg-fancybox\" rel=\"3a8bddcef5996ae659f92e67c83088b2\">\n                <img\n                    title=\"DSC_4735_00007\"\n                    alt=\"DSC_4735_00007\"\n                    src=\"https:\/\/www.camperonline.it\/magazine\/wp-content\/gallery\/salone-del-camper-2022-xgo\/thumbs\/thumbs_DSC_4735_00007.jpg\"\n                    width=\"240\"\n                    height=\"160\"\n                    style=\"max-width:100%;\"\n                \/>\n            <\/a>\n        <\/div>\n\t\t\t\t\t\t\t<\/div> \n\t\t\t\n\t\t\t\t<div id=\"ngg-image-64\" class=\"ngg-gallery-thumbnail-box ngg-5-columns\" >\n\t\t\t\t        <div class=\"ngg-gallery-thumbnail\">\n            <a href=\"https:\/\/www.camperonline.it\/magazine\/wp-content\/gallery\/salone-del-camper-2022-xgo\/DSC_4737_00008.jpg\"\n               title=\"\"\n               data-src=\"https:\/\/www.camperonline.it\/magazine\/wp-content\/gallery\/salone-del-camper-2022-xgo\/DSC_4737_00008.jpg\"\n               data-thumbnail=\"https:\/\/www.camperonline.it\/magazine\/wp-content\/gallery\/salone-del-camper-2022-xgo\/thumbs\/thumbs_DSC_4737_00008.jpg\"\n               data-image-id=\"127138\"\n               data-title=\"DSC_4737_00008\"\n               data-description=\"\"\n               data-image-slug=\"dsc_4737_00008\"\n               class=\"ngg-fancybox\" rel=\"3a8bddcef5996ae659f92e67c83088b2\">\n                <img\n                    title=\"DSC_4737_00008\"\n                    alt=\"DSC_4737_00008\"\n                    src=\"https:\/\/www.camperonline.it\/magazine\/wp-content\/gallery\/salone-del-camper-2022-xgo\/thumbs\/thumbs_DSC_4737_00008.jpg\"\n                    width=\"240\"\n                    height=\"160\"\n                    style=\"max-width:100%;\"\n                \/>\n            <\/a>\n        <\/div>\n\t\t\t\t\t\t\t<\/div> \n\t\t\t\n\t\t\t\t<div id=\"ngg-image-65\" class=\"ngg-gallery-thumbnail-box ngg-5-columns\" >\n\t\t\t\t        <div class=\"ngg-gallery-thumbnail\">\n            <a href=\"https:\/\/www.camperonline.it\/magazine\/wp-content\/gallery\/salone-del-camper-2022-xgo\/DSC_4739_00009.jpg\"\n               title=\"\"\n               data-src=\"https:\/\/www.camperonline.it\/magazine\/wp-content\/gallery\/salone-del-camper-2022-xgo\/DSC_4739_00009.jpg\"\n               data-thumbnail=\"https:\/\/www.camperonline.it\/magazine\/wp-content\/gallery\/salone-del-camper-2022-xgo\/thumbs\/thumbs_DSC_4739_00009.jpg\"\n               data-image-id=\"127139\"\n               data-title=\"DSC_4739_00009\"\n               data-description=\"\"\n               data-image-slug=\"dsc_4739_00009\"\n               class=\"ngg-fancybox\" rel=\"3a8bddcef5996ae659f92e67c83088b2\">\n                <img\n                    title=\"DSC_4739_00009\"\n                    alt=\"DSC_4739_00009\"\n                    src=\"https:\/\/www.camperonline.it\/magazine\/wp-content\/gallery\/salone-del-camper-2022-xgo\/thumbs\/thumbs_DSC_4739_00009.jpg\"\n                    width=\"240\"\n                    height=\"160\"\n                    style=\"max-width:100%;\"\n                \/>\n            <\/a>\n        <\/div>\n\t\t\t\t\t\t\t<\/div> \n\t\t\t\n\t\t\t\t<div id=\"ngg-image-66\" class=\"ngg-gallery-thumbnail-box ngg-5-columns\" >\n\t\t\t\t        <div class=\"ngg-gallery-thumbnail\">\n            <a href=\"https:\/\/www.camperonline.it\/magazine\/wp-content\/gallery\/salone-del-camper-2022-xgo\/DSC_4744_00011.jpg\"\n               title=\"\"\n               data-src=\"https:\/\/www.camperonline.it\/magazine\/wp-content\/gallery\/salone-del-camper-2022-xgo\/DSC_4744_00011.jpg\"\n               data-thumbnail=\"https:\/\/www.camperonline.it\/magazine\/wp-content\/gallery\/salone-del-camper-2022-xgo\/thumbs\/thumbs_DSC_4744_00011.jpg\"\n               data-image-id=\"127140\"\n               data-title=\"DSC_4744_00011\"\n               data-description=\"\"\n               data-image-slug=\"dsc_4744_00011\"\n               class=\"ngg-fancybox\" rel=\"3a8bddcef5996ae659f92e67c83088b2\">\n                <img\n                    title=\"DSC_4744_00011\"\n                    alt=\"DSC_4744_00011\"\n                    src=\"https:\/\/www.camperonline.it\/magazine\/wp-content\/gallery\/salone-del-camper-2022-xgo\/thumbs\/thumbs_DSC_4744_00011.jpg\"\n                    width=\"240\"\n                    height=\"160\"\n                    style=\"max-width:100%;\"\n                \/>\n            <\/a>\n        <\/div>\n\t\t\t\t\t\t\t<\/div> \n\t\t\t\n\t\t\t\t<div id=\"ngg-image-67\" class=\"ngg-gallery-thumbnail-box ngg-5-columns\" >\n\t\t\t\t        <div class=\"ngg-gallery-thumbnail\">\n            <a href=\"https:\/\/www.camperonline.it\/magazine\/wp-content\/gallery\/salone-del-camper-2022-xgo\/DSC_4746_00012.jpg\"\n               title=\"\"\n               data-src=\"https:\/\/www.camperonline.it\/magazine\/wp-content\/gallery\/salone-del-camper-2022-xgo\/DSC_4746_00012.jpg\"\n               data-thumbnail=\"https:\/\/www.camperonline.it\/magazine\/wp-content\/gallery\/salone-del-camper-2022-xgo\/thumbs\/thumbs_DSC_4746_00012.jpg\"\n               data-image-id=\"127141\"\n               data-title=\"DSC_4746_00012\"\n               data-description=\"\"\n               data-image-slug=\"dsc_4746_00012\"\n               class=\"ngg-fancybox\" rel=\"3a8bddcef5996ae659f92e67c83088b2\">\n                <img\n                    title=\"DSC_4746_00012\"\n                    alt=\"DSC_4746_00012\"\n                    src=\"https:\/\/www.camperonline.it\/magazine\/wp-content\/gallery\/salone-del-camper-2022-xgo\/thumbs\/thumbs_DSC_4746_00012.jpg\"\n                    width=\"240\"\n                    height=\"160\"\n                    style=\"max-width:100%;\"\n                \/>\n            <\/a>\n        <\/div>\n\t\t\t\t\t\t\t<\/div> \n\t\t\t\n\t\n\t<br style=\"clear: both\" \/>\n\n\t\t<div class=\"slideshowlink\">\n        <a href='https:\/\/www.camperonline.it\/magazine\/2022\/09\/26\/salone-del-camper-2022-le-novita-xgo\/nggallery\/slideshow'>[Mostra slideshow]<\/a>\n\t\t\n\t<\/div>\n\t\n\t\t<!-- Pagination -->\n\t<div class='ngg-clear'><\/div>\t<\/div>\n\n","protected":false},"excerpt":{"rendered":"<p>Grandi cambiamenti in casa XGO, con l&#8217;obiettivo di affrontare al meglio la stagione 2023: cambiano il logo, le grafiche, gli arredi interni e arriva la meccanica Ford Transit<\/p>\n","protected":false},"author":23,"featured_media":330898,"comment_status":"closed","ping_status":"open","sticky":false,"template":"","format":"standard","meta":{"ngg_post_thumbnail":0},"categories":[6462,217,484,7,6591,571],"tags":[6464,4722,6602,6592,4731],"yoast_head":"<!-- This site is optimized with the Yoast SEO plugin v18.6 - https:\/\/yoast.com\/wordpress\/plugins\/seo\/ -->\n<title>Salone del Camper 2022: le novit\u00e0 XGO - CamperOnLine Magazine<\/title>\n<meta name=\"description\" content=\"Grandi cambiamenti in casa XGO, con l&#039;obiettivo di affrontare al meglio la stagione 2023: cambiano il logo, le grafiche, gli arredi interni e arriva la\" \/>\n<meta name=\"robots\" content=\"index, follow, max-snippet:-1, max-image-preview:large, max-video-preview:-1\" \/>\n<link rel=\"canonical\" href=\"https:\/\/www.camperonline.it\/magazine\/2022\/09\/26\/salone-del-camper-2022-le-novita-xgo\/\" \/>\n<meta property=\"og:locale\" content=\"it_IT\" \/>\n<meta property=\"og:type\" content=\"article\" \/>\n<meta property=\"og:title\" content=\"Salone del Camper 2022: le novit\u00e0 XGO - CamperOnLine Magazine\" \/>\n<meta property=\"og:description\" content=\"Grandi cambiamenti in casa XGO, con l&#039;obiettivo di affrontare al meglio la stagione 2023: cambiano il logo, le grafiche, gli arredi interni e arriva la\" \/>\n<meta property=\"og:url\" content=\"https:\/\/www.camperonline.it\/magazine\/2022\/09\/26\/salone-del-camper-2022-le-novita-xgo\/\" \/>\n<meta property=\"og:site_name\" content=\"CamperOnLine Magazine\" \/>\n<meta property=\"article:published_time\" content=\"2022-09-26T09:47:07+00:00\" \/>\n<meta property=\"og:image\" content=\"https:\/\/www.camperonline.it\/magazine\/wp-content\/uploads\/2022\/09\/CoverXGOParma3.jpg\" \/>\n\t<meta property=\"og:image:width\" content=\"630\" \/>\n\t<meta property=\"og:image:height\" content=\"354\" \/>\n\t<meta property=\"og:image:type\" content=\"image\/jpeg\" \/>\n<meta name=\"twitter:card\" content=\"summary_large_image\" \/>\n<script type=\"application\/ld+json\" class=\"yoast-schema-graph\">{\"@context\":\"https:\/\/schema.org\",\"@graph\":[{\"@type\":\"WebSite\",\"@id\":\"https:\/\/www.camperonline.it\/magazine\/#website\",\"url\":\"https:\/\/www.camperonline.it\/magazine\/\",\"name\":\"CamperOnLine Magazine\",\"description\":\"Viaggi in camper, test, video, destinazioni, vacanze\",\"potentialAction\":[{\"@type\":\"SearchAction\",\"target\":{\"@type\":\"EntryPoint\",\"urlTemplate\":\"https:\/\/www.camperonline.it\/magazine\/?s={search_term_string}\"},\"query-input\":\"required name=search_term_string\"}],\"inLanguage\":\"it-IT\"},{\"@type\":\"ImageObject\",\"@id\":\"https:\/\/www.camperonline.it\/magazine\/2022\/09\/26\/salone-del-camper-2022-le-novita-xgo\/#primaryimage\",\"inLanguage\":\"it-IT\",\"url\":\"https:\/\/www.camperonline.it\/magazine\/wp-content\/uploads\/2022\/09\/CoverXGOParma3.jpg\",\"contentUrl\":\"https:\/\/www.camperonline.it\/magazine\/wp-content\/uploads\/2022\/09\/CoverXGOParma3.jpg\",\"width\":630,\"height\":354},{\"@type\":\"WebPage\",\"@id\":\"https:\/\/www.camperonline.it\/magazine\/2022\/09\/26\/salone-del-camper-2022-le-novita-xgo\/#webpage\",\"url\":\"https:\/\/www.camperonline.it\/magazine\/2022\/09\/26\/salone-del-camper-2022-le-novita-xgo\/\",\"name\":\"Salone del Camper 2022: le novit\u00e0 XGO - CamperOnLine Magazine\",\"isPartOf\":{\"@id\":\"https:\/\/www.camperonline.it\/magazine\/#website\"},\"primaryImageOfPage\":{\"@id\":\"https:\/\/www.camperonline.it\/magazine\/2022\/09\/26\/salone-del-camper-2022-le-novita-xgo\/#primaryimage\"},\"datePublished\":\"2022-09-26T09:47:07+00:00\",\"dateModified\":\"2022-09-26T09:47:07+00:00\",\"author\":{\"@id\":\"https:\/\/www.camperonline.it\/magazine\/#\/schema\/person\/cc776d866d3248597db92e2aa8bfc3f3\"},\"description\":\"Grandi cambiamenti in casa XGO, con l'obiettivo di affrontare al meglio la stagione 2023: cambiano il logo, le grafiche, gli arredi interni e arriva la\",\"breadcrumb\":{\"@id\":\"https:\/\/www.camperonline.it\/magazine\/2022\/09\/26\/salone-del-camper-2022-le-novita-xgo\/#breadcrumb\"},\"inLanguage\":\"it-IT\",\"potentialAction\":[{\"@type\":\"ReadAction\",\"target\":[\"https:\/\/www.camperonline.it\/magazine\/2022\/09\/26\/salone-del-camper-2022-le-novita-xgo\/\"]}]},{\"@type\":\"BreadcrumbList\",\"@id\":\"https:\/\/www.camperonline.it\/magazine\/2022\/09\/26\/salone-del-camper-2022-le-novita-xgo\/#breadcrumb\",\"itemListElement\":[{\"@type\":\"ListItem\",\"position\":1,\"name\":\"Home\",\"item\":\"https:\/\/www.camperonline.it\/magazine\/\"},{\"@type\":\"ListItem\",\"position\":2,\"name\":\"Salone del Camper 2022: le novit\u00e0 XGO\"}]},{\"@type\":\"Person\",\"@id\":\"https:\/\/www.camperonline.it\/magazine\/#\/schema\/person\/cc776d866d3248597db92e2aa8bfc3f3\",\"name\":\"Renato Antonini\",\"url\":\"https:\/\/www.camperonline.it\/magazine\/author\/renato\/\"}]}<\/script>\n<!-- \/ Yoast SEO plugin. -->","yoast_head_json":{"title":"Salone del Camper 2022: le novit\u00e0 XGO - CamperOnLine Magazine","description":"Grandi cambiamenti in casa XGO, con l'obiettivo di affrontare al meglio la stagione 2023: cambiano il logo, le grafiche, gli arredi interni e arriva la","robots":{"index":"index","follow":"follow","max-snippet":"max-snippet:-1","max-image-preview":"max-image-preview:large","max-video-preview":"max-video-preview:-1"},"canonical":"https:\/\/www.camperonline.it\/magazine\/2022\/09\/26\/salone-del-camper-2022-le-novita-xgo\/","og_locale":"it_IT","og_type":"article","og_title":"Salone del Camper 2022: le novit\u00e0 XGO - CamperOnLine Magazine","og_description":"Grandi cambiamenti in casa XGO, con l'obiettivo di affrontare al meglio la stagione 2023: cambiano il logo, le grafiche, gli arredi interni e arriva la","og_url":"https:\/\/www.camperonline.it\/magazine\/2022\/09\/26\/salone-del-camper-2022-le-novita-xgo\/","og_site_name":"CamperOnLine Magazine","article_published_time":"2022-09-26T09:47:07+00:00","og_image":[{"width":630,"height":354,"url":"https:\/\/www.camperonline.it\/magazine\/wp-content\/uploads\/2022\/09\/CoverXGOParma3.jpg","type":"image\/jpeg"}],"twitter_card":"summary_large_image","schema":{"@context":"https:\/\/schema.org","@graph":[{"@type":"WebSite","@id":"https:\/\/www.camperonline.it\/magazine\/#website","url":"https:\/\/www.camperonline.it\/magazine\/","name":"CamperOnLine Magazine","description":"Viaggi in camper, test, video, destinazioni, vacanze","potentialAction":[{"@type":"SearchAction","target":{"@type":"EntryPoint","urlTemplate":"https:\/\/www.camperonline.it\/magazine\/?s={search_term_string}"},"query-input":"required name=search_term_string"}],"inLanguage":"it-IT"},{"@type":"ImageObject","@id":"https:\/\/www.camperonline.it\/magazine\/2022\/09\/26\/salone-del-camper-2022-le-novita-xgo\/#primaryimage","inLanguage":"it-IT","url":"https:\/\/www.camperonline.it\/magazine\/wp-content\/uploads\/2022\/09\/CoverXGOParma3.jpg","contentUrl":"https:\/\/www.camperonline.it\/magazine\/wp-content\/uploads\/2022\/09\/CoverXGOParma3.jpg","width":630,"height":354},{"@type":"WebPage","@id":"https:\/\/www.camperonline.it\/magazine\/2022\/09\/26\/salone-del-camper-2022-le-novita-xgo\/#webpage","url":"https:\/\/www.camperonline.it\/magazine\/2022\/09\/26\/salone-del-camper-2022-le-novita-xgo\/","name":"Salone del Camper 2022: le novit\u00e0 XGO - CamperOnLine Magazine","isPartOf":{"@id":"https:\/\/www.camperonline.it\/magazine\/#website"},"primaryImageOfPage":{"@id":"https:\/\/www.camperonline.it\/magazine\/2022\/09\/26\/salone-del-camper-2022-le-novita-xgo\/#primaryimage"},"datePublished":"2022-09-26T09:47:07+00:00","dateModified":"2022-09-26T09:47:07+00:00","author":{"@id":"https:\/\/www.camperonline.it\/magazine\/#\/schema\/person\/cc776d866d3248597db92e2aa8bfc3f3"},"description":"Grandi cambiamenti in casa XGO, con l'obiettivo di affrontare al meglio la stagione 2023: cambiano il logo, le grafiche, gli arredi interni e arriva la","breadcrumb":{"@id":"https:\/\/www.camperonline.it\/magazine\/2022\/09\/26\/salone-del-camper-2022-le-novita-xgo\/#breadcrumb"},"inLanguage":"it-IT","potentialAction":[{"@type":"ReadAction","target":["https:\/\/www.camperonline.it\/magazine\/2022\/09\/26\/salone-del-camper-2022-le-novita-xgo\/"]}]},{"@type":"BreadcrumbList","@id":"https:\/\/www.camperonline.it\/magazine\/2022\/09\/26\/salone-del-camper-2022-le-novita-xgo\/#breadcrumb","itemListElement":[{"@type":"ListItem","position":1,"name":"Home","item":"https:\/\/www.camperonline.it\/magazine\/"},{"@type":"ListItem","position":2,"name":"Salone del Camper 2022: le novit\u00e0 XGO"}]},{"@type":"Person","@id":"https:\/\/www.camperonline.it\/magazine\/#\/schema\/person\/cc776d866d3248597db92e2aa8bfc3f3","name":"Renato Antonini","url":"https:\/\/www.camperonline.it\/magazine\/author\/renato\/"}]}},"_links":{"self":[{"href":"https:\/\/www.camperonline.it\/magazine\/wp-json\/wp\/v2\/posts\/330412"}],"collection":[{"href":"https:\/\/www.camperonline.it\/magazine\/wp-json\/wp\/v2\/posts"}],"about":[{"href":"https:\/\/www.camperonline.it\/magazine\/wp-json\/wp\/v2\/types\/post"}],"author":[{"embeddable":true,"href":"https:\/\/www.camperonline.it\/magazine\/wp-json\/wp\/v2\/users\/23"}],"replies":[{"embeddable":true,"href":"https:\/\/www.camperonline.it\/magazine\/wp-json\/wp\/v2\/comments?post=330412"}],"version-history":[{"count":7,"href":"https:\/\/www.camperonline.it\/magazine\/wp-json\/wp\/v2\/posts\/330412\/revisions"}],"predecessor-version":[{"id":330841,"href":"https:\/\/www.camperonline.it\/magazine\/wp-json\/wp\/v2\/posts\/330412\/revisions\/330841"}],"wp:featuredmedia":[{"embeddable":true,"href":"https:\/\/www.camperonline.it\/magazine\/wp-json\/wp\/v2\/media\/330898"}],"wp:attachment":[{"href":"https:\/\/www.camperonline.it\/magazine\/wp-json\/wp\/v2\/media?parent=330412"}],"wp:term":[{"taxonomy":"category","embeddable":true,"href":"https:\/\/www.camperonline.it\/magazine\/wp-json\/wp\/v2\/categories?post=330412"},{"taxonomy":"post_tag","embeddable":true,"href":"https:\/\/www.camperonline.it\/magazine\/wp-json\/wp\/v2\/tags?post=330412"}],"curies":[{"name":"wp","href":"https:\/\/api.w.org\/{rel}","templated":true}]}}