{"id":336278,"date":"2023-08-13T00:01:57","date_gmt":"2023-08-12T22:01:57","guid":{"rendered":"https:\/\/www.camperonline.it\/magazine\/?p=336278"},"modified":"2023-07-26T11:47:14","modified_gmt":"2023-07-26T09:47:14","slug":"anteprime-2024-malibu-van","status":"publish","type":"post","link":"https:\/\/www.camperonline.it\/magazine\/2023\/08\/13\/anteprime-2024-malibu-van\/","title":{"rendered":"Anteprime 2024: Malibu Van"},"content":{"rendered":"<p style=\"text-align: center;\"><img loading=\"lazy\" class=\"alignnone size-full wp-image-336279\" src=\"https:\/\/www.camperonline.it\/magazine\/wp-content\/uploads\/2023\/07\/Cover_MalibuVan-ante24_Mag_2-1.jpg\" alt=\"\" width=\"630\" height=\"354\" srcset=\"https:\/\/www.camperonline.it\/magazine\/wp-content\/uploads\/2023\/07\/Cover_MalibuVan-ante24_Mag_2-1.jpg 630w, https:\/\/www.camperonline.it\/magazine\/wp-content\/uploads\/2023\/07\/Cover_MalibuVan-ante24_Mag_2-1-300x169.jpg 300w\" sizes=\"(max-width: 630px) 100vw, 630px\" \/><\/p>\n<h2 align=\"JUSTIFY\"><span style=\"color: #000000; font-size: 18pt;\"><span style=\"font-family: Times New Roman, serif;\">2013-2023: sono passati solo dieci anni della nascita di Malibu, ma la crescita \u00e8 stata sorprendente e il gruppo Carthago investe in un nuovo sito produttivo interamente dedicato proprio ai van<\/span><\/span><\/h2>\n<p><!--more--><\/p>\n<p><strong>Malibu Van<\/strong> festeggia dieci anni: era infatti il 2013 quando il gruppo <strong>Carthago<\/strong> decise di ritornare alle proprie origini creando un brand di Van separato da quello dei lussuosi motorhome. Separato, ma con la stessa filosofia di fondo: qualit\u00e0 elevata per primeggiare nello specifico segmento di mercato. In questi dieci anni <strong>Malibu<\/strong> ha saputo imporsi all&#8217;attenzione del pubblico diventando un punto di riferimento nella tipologia dei furgoni camperizzati. Per la stagione 2024 la gamma <strong>Malibu Van<\/strong> \u00e8 confermata, ma sono previste piccole migliorie e un ampliamento delle varianti offerte in opzione.<\/p>\n<p style=\"text-align: center;\"><img loading=\"lazy\" class=\"alignnone size-full wp-image-336322\" src=\"https:\/\/www.camperonline.it\/magazine\/wp-content\/uploads\/2023\/07\/Malibu-Van-3.jpg\" alt=\"\" width=\"630\" height=\"420\" srcset=\"https:\/\/www.camperonline.it\/magazine\/wp-content\/uploads\/2023\/07\/Malibu-Van-3.jpg 630w, https:\/\/www.camperonline.it\/magazine\/wp-content\/uploads\/2023\/07\/Malibu-Van-3-300x200.jpg 300w\" sizes=\"(max-width: 630px) 100vw, 630px\" \/><\/p>\n<p>I modelli <strong>Malibu Van comfort 600 DB e 640 LE<\/strong> sono ora disponibili con <strong>tetto sollevabile a soffietto<\/strong>, quindi nella variante family-for-4, dimostrando una notevole versatilit\u00e0 per diversi tipi di equipaggio. Il 600 DB \u00e8 lungo 599 cm e ha il letto matrimoniale trasversale posteriore, mentre il 640 LE arriva a 636 cm e adotta i letti singoli longitudinali. Il tetto a soffietto, sviluppato e prodotto all&#8217;interno dell&#8217;azienda, \u00e8 realizzato come i tetti dei motorhome Carthago, quindi \u00e8 costituito da un rivestimento del tetto in vetroresina, un isolamento in XPS di alta qualit\u00e0 e uno strato interno in alluminio. Una costruzione leggera ma allo stesso tempo robusta, a prova di grandine. Malibu Van viene proposto in sette modelli base, disponibili in diverse varianti.<\/p>\n<p style=\"text-align: center;\"><img loading=\"lazy\" class=\"alignnone size-full wp-image-336323\" src=\"https:\/\/www.camperonline.it\/magazine\/wp-content\/uploads\/2023\/07\/640-LE-K-3.jpg\" alt=\"\" width=\"601\" height=\"401\" srcset=\"https:\/\/www.camperonline.it\/magazine\/wp-content\/uploads\/2023\/07\/640-LE-K-3.jpg 601w, https:\/\/www.camperonline.it\/magazine\/wp-content\/uploads\/2023\/07\/640-LE-K-3-300x200.jpg 300w\" sizes=\"(max-width: 601px) 100vw, 601px\" \/><\/p>\n<p>&nbsp;<\/p>\n<p style=\"text-align: center;\"><img loading=\"lazy\" class=\"alignnone size-full wp-image-336325\" src=\"https:\/\/www.camperonline.it\/magazine\/wp-content\/uploads\/2023\/07\/Malibu-Van-Tetto-soffietto.jpg\" alt=\"\" width=\"630\" height=\"420\" srcset=\"https:\/\/www.camperonline.it\/magazine\/wp-content\/uploads\/2023\/07\/Malibu-Van-Tetto-soffietto.jpg 630w, https:\/\/www.camperonline.it\/magazine\/wp-content\/uploads\/2023\/07\/Malibu-Van-Tetto-soffietto-300x200.jpg 300w\" sizes=\"(max-width: 630px) 100vw, 630px\" \/><\/p>\n<p>Tutti i <strong>Malibu Van<\/strong> delle serie Comfort, Diversity e First class \u2013 two rooms sono disponibili anche con l\u2019esclusiva linea di equipaggiamento <strong>Charming Coup\u00e9<\/strong>, che prevede la soluzione open space con eliminazione della cappelliera sopra la cabina. Una piacevole sensazione di spazio esaltata ancor pi\u00f9 nelle versioni <strong>Charming GT skyview<\/strong>, con il cupolino vetrato panoramico seguito dall&#8217;obl\u00f2 panoramico centrale. Sommando tutti i modelli base, le linee di equipaggiamento, le versioni family-for-4 e i diversi stili, si ottengono oltre trenta varianti del Malibu Van, tutte su base Fiat Ducato.<\/p>\n<p style=\"text-align: center;\"><img loading=\"lazy\" class=\"alignnone size-full wp-image-336324\" src=\"https:\/\/www.camperonline.it\/magazine\/wp-content\/uploads\/2023\/07\/640-LE-RB-1.jpg\" alt=\"\" width=\"630\" height=\"420\" srcset=\"https:\/\/www.camperonline.it\/magazine\/wp-content\/uploads\/2023\/07\/640-LE-RB-1.jpg 630w, https:\/\/www.camperonline.it\/magazine\/wp-content\/uploads\/2023\/07\/640-LE-RB-1-300x200.jpg 300w\" sizes=\"(max-width: 630px) 100vw, 630px\" \/><\/p>\n<p>&nbsp;<\/p>\n<p style=\"text-align: center;\"><img loading=\"lazy\" class=\"alignnone size-full wp-image-336326\" src=\"https:\/\/www.camperonline.it\/magazine\/wp-content\/uploads\/2023\/07\/640-LE-RB-2.jpg\" alt=\"\" width=\"630\" height=\"420\" srcset=\"https:\/\/www.camperonline.it\/magazine\/wp-content\/uploads\/2023\/07\/640-LE-RB-2.jpg 630w, https:\/\/www.camperonline.it\/magazine\/wp-content\/uploads\/2023\/07\/640-LE-RB-2-300x200.jpg 300w\" sizes=\"(max-width: 630px) 100vw, 630px\" \/><\/p>\n<p>L&#8217;importanza di <strong>Malibu Van<\/strong> per il <strong>gruppo Carthago<\/strong> \u00e8 evidente, tanto \u00e8 vero che l&#8217;azienda tedesca ha deciso di creare un polo produttivo specifico, interamente dedicato ai furgoni camperizzati. E&#8217;&nbsp; il nuovo sito produttivo di Ormoz, inaugurato poche settimane fa alla presenza della presidente della Repubblica di Slovenia.<\/p>\n<p style=\"text-align: center;\"><img loading=\"lazy\" class=\"alignnone size-full wp-image-336328\" src=\"https:\/\/www.camperonline.it\/magazine\/wp-content\/uploads\/2023\/07\/carthago2-1.jpg\" alt=\"\" width=\"630\" height=\"420\" srcset=\"https:\/\/www.camperonline.it\/magazine\/wp-content\/uploads\/2023\/07\/carthago2-1.jpg 630w, https:\/\/www.camperonline.it\/magazine\/wp-content\/uploads\/2023\/07\/carthago2-1-300x200.jpg 300w\" sizes=\"(max-width: 630px) 100vw, 630px\" \/><\/p>\n<p>E&#8217; la seconda fabbrica Carthago in Slovenia. Gi\u00e0 da 15 anni infatti una parte della sua produzione viene realizzata in maniera impeccabile dalla fabbrica di Odranci. Ora il sito produttivo di Odranci sar\u00e0 dedicato unicamente alla produzione di alcuni modelli di motorhome e semintegrali del Gruppo Carthago, mentre a Ormoz confluir\u00e0 l&#8217;intera produzione di furgonati. Una scelta attuata anche per far fronte alla sempre maggiore richiesta di van sul mercato europeo. Il nuovo stabilimento avr\u00e0 inizialmente una capacit\u00e0 produttiva annuale di 3.000 van, ma potr\u00e0 andare ancora oltre quando il sito produttivo sar\u00e0 nel pieno delle sue possibilit\u00e0.<\/p>\n<p style=\"text-align: center;\"><img loading=\"lazy\" class=\"alignnone size-full wp-image-336329\" src=\"https:\/\/www.camperonline.it\/magazine\/wp-content\/uploads\/2023\/07\/Fabbrica-di-Ormoz-6.jpg\" alt=\"\" width=\"630\" height=\"420\" srcset=\"https:\/\/www.camperonline.it\/magazine\/wp-content\/uploads\/2023\/07\/Fabbrica-di-Ormoz-6.jpg 630w, https:\/\/www.camperonline.it\/magazine\/wp-content\/uploads\/2023\/07\/Fabbrica-di-Ormoz-6-300x200.jpg 300w\" sizes=\"(max-width: 630px) 100vw, 630px\" \/><\/p>\n<p>La storia del Gruppo Carthago \u00e8 fatta anche di una continua successione di siti produttivi, nati al crescere dell&#8217;apprezzamento dell&#8217;azienda sullo scenario europeo. Dopo circa 20 anni dalla fondazione viene creata la fabbrica di Ravensburg-Schmalegg, nel Baden-W\u00fcrttemberg, nella parte sud della Germania, una fabbrica necessaria a gestire il sempre maggiore aumento di produzione.<\/p>\n<p style=\"text-align: center;\"><img loading=\"lazy\" class=\"alignnone size-full wp-image-337606\" src=\"https:\/\/www.camperonline.it\/magazine\/wp-content\/uploads\/2023\/07\/Produzione_Carthago_nel_2006.jpg\" alt=\"\" width=\"630\" height=\"420\" srcset=\"https:\/\/www.camperonline.it\/magazine\/wp-content\/uploads\/2023\/07\/Produzione_Carthago_nel_2006.jpg 630w, https:\/\/www.camperonline.it\/magazine\/wp-content\/uploads\/2023\/07\/Produzione_Carthago_nel_2006-300x200.jpg 300w\" sizes=\"(max-width: 630px) 100vw, 630px\" \/><\/p>\n<p>In seguito viene realizzata la prestigiosa sede di <strong>Carthago City<\/strong> ad&nbsp; <strong>Aulendorf<\/strong>, un moderno complesso che oggi riunisce diverse linee di produzione e tutti gli uffici: \u00e8 il 2013, siamo nel pieno successo di Carthago.<\/p>\n<p style=\"text-align: center;\"><img loading=\"lazy\" class=\"alignnone size-full wp-image-337607\" src=\"https:\/\/www.camperonline.it\/magazine\/wp-content\/uploads\/2023\/07\/Carthago_City_oggi.jpg\" alt=\"\" width=\"630\" height=\"420\" srcset=\"https:\/\/www.camperonline.it\/magazine\/wp-content\/uploads\/2023\/07\/Carthago_City_oggi.jpg 630w, https:\/\/www.camperonline.it\/magazine\/wp-content\/uploads\/2023\/07\/Carthago_City_oggi-300x200.jpg 300w\" sizes=\"(max-width: 630px) 100vw, 630px\" \/><\/p>\n<p>Il 2013 \u00e8 un anno fondamentale per l&#8217;azienda tedesca, perch\u00e9 viene creato anche il brand <strong>Malibu<\/strong> con cui inizia la rapida scalata al segmento van. Il primo Malibu Van aveva gi\u00f9 le caratteristiche distintive che ne hanno decretato il successo, ma il prototipo aveva ancora sul cofano il marchio Carthago.<\/p>\n<p style=\"text-align: center;\"><img loading=\"lazy\" class=\"alignnone size-full wp-image-337165\" src=\"https:\/\/www.camperonline.it\/magazine\/wp-content\/uploads\/2023\/07\/Malibu-2013.jpg\" alt=\"\" width=\"630\" height=\"420\" srcset=\"https:\/\/www.camperonline.it\/magazine\/wp-content\/uploads\/2023\/07\/Malibu-2013.jpg 630w, https:\/\/www.camperonline.it\/magazine\/wp-content\/uploads\/2023\/07\/Malibu-2013-300x200.jpg 300w\" sizes=\"(max-width: 630px) 100vw, 630px\" \/><\/p>\n<p><strong>Malibu<\/strong> oggi festeggia dunque 10 anni di vita, ma attenzione, perch\u00e9 il legame tra il gruppo Carthago e i camper furgonati va molto pi\u00f9 indietro nel tempo. Era infatti il 1979 quando veniva fondata l&#8217;azienda, con una piccola produzione proprio di furgoni trasformati in camper. Nel 1985 veniva strutturata una vera e propria gamma su base Volkswagen Transporter, subito apprezzata dal mercato.<\/p>\n<p style=\"text-align: center;\"><img loading=\"lazy\" class=\"alignnone size-full wp-image-337164\" src=\"https:\/\/www.camperonline.it\/magazine\/wp-content\/uploads\/2023\/07\/Malibu-storico.jpg\" alt=\"\" width=\"630\" height=\"420\" srcset=\"https:\/\/www.camperonline.it\/magazine\/wp-content\/uploads\/2023\/07\/Malibu-storico.jpg 630w, https:\/\/www.camperonline.it\/magazine\/wp-content\/uploads\/2023\/07\/Malibu-storico-300x200.jpg 300w\" sizes=\"(max-width: 630px) 100vw, 630px\" \/><\/p>\n<p>Ed \u00e8 qui che entra in gioco per la prima volta il nome <strong>Malibu<\/strong>. Un nome che ancora oggi rappresenta un punto di riferimento nel segmento dei van.<\/p>\n<p style=\"text-align: center;\"><img loading=\"lazy\" class=\"alignnone size-full wp-image-337608\" src=\"https:\/\/www.camperonline.it\/magazine\/wp-content\/uploads\/2023\/07\/Malibu-Van-1.jpg\" alt=\"\" width=\"630\" height=\"420\" srcset=\"https:\/\/www.camperonline.it\/magazine\/wp-content\/uploads\/2023\/07\/Malibu-Van-1.jpg 630w, https:\/\/www.camperonline.it\/magazine\/wp-content\/uploads\/2023\/07\/Malibu-Van-1-300x200.jpg 300w\" sizes=\"(max-width: 630px) 100vw, 630px\" \/><\/p>\n<p>&nbsp;<\/p>\n<p><strong>Fotogallery<\/strong><\/p>\n<p>&nbsp;<\/p>\n<!-- default-view.php -->\n<div\n\tclass=\"ngg-galleryoverview default-view  ngg-ajax-pagination-none\"\n\tid=\"ngg-gallery-30f360a80c56b6d97952a0d9ce7445ea-1\">\n\n\t\t<!-- Thumbnails -->\n\t\t\t\t<div id=\"ngg-image-0\" class=\"ngg-gallery-thumbnail-box ngg-5-columns\" >\n\t\t\t\t        <div class=\"ngg-gallery-thumbnail\">\n            <a href=\"https:\/\/www.camperonline.it\/magazine\/wp-content\/gallery\/anteprime-2024-malibu-van\/Carthago-Schmalegg-2006.jpg\"\n               title=\"\"\n               data-src=\"https:\/\/www.camperonline.it\/magazine\/wp-content\/gallery\/anteprime-2024-malibu-van\/Carthago-Schmalegg-2006.jpg\"\n               data-thumbnail=\"https:\/\/www.camperonline.it\/magazine\/wp-content\/gallery\/anteprime-2024-malibu-van\/thumbs\/thumbs_Carthago-Schmalegg-2006.jpg\"\n               data-image-id=\"130291\"\n               data-title=\"Carthago-Schmalegg-2006\"\n               data-description=\"\"\n               data-image-slug=\"carthago-schmalegg-2006\"\n               class=\"ngg-fancybox\" rel=\"30f360a80c56b6d97952a0d9ce7445ea\">\n                <img\n                    title=\"Carthago-Schmalegg-2006\"\n                    alt=\"Carthago-Schmalegg-2006\"\n                    src=\"https:\/\/www.camperonline.it\/magazine\/wp-content\/gallery\/anteprime-2024-malibu-van\/thumbs\/thumbs_Carthago-Schmalegg-2006.jpg\"\n                    width=\"240\"\n                    height=\"160\"\n                    style=\"max-width:100%;\"\n                \/>\n            <\/a>\n        <\/div>\n\t\t\t\t\t\t\t<\/div> \n\t\t\t\n\t\t\t\t<div id=\"ngg-image-1\" class=\"ngg-gallery-thumbnail-box ngg-5-columns\" >\n\t\t\t\t        <div class=\"ngg-gallery-thumbnail\">\n            <a href=\"https:\/\/www.camperonline.it\/magazine\/wp-content\/gallery\/anteprime-2024-malibu-van\/Malibu-Van-1.JPG\"\n               title=\"\"\n               data-src=\"https:\/\/www.camperonline.it\/magazine\/wp-content\/gallery\/anteprime-2024-malibu-van\/Malibu-Van-1.JPG\"\n               data-thumbnail=\"https:\/\/www.camperonline.it\/magazine\/wp-content\/gallery\/anteprime-2024-malibu-van\/thumbs\/thumbs_Malibu-Van-1.JPG\"\n               data-image-id=\"130305\"\n               data-title=\"Malibu-Van-1\"\n               data-description=\"\"\n               data-image-slug=\"malibu-van-1\"\n               class=\"ngg-fancybox\" rel=\"30f360a80c56b6d97952a0d9ce7445ea\">\n                <img\n                    title=\"Malibu-Van-1\"\n                    alt=\"Malibu-Van-1\"\n                    src=\"https:\/\/www.camperonline.it\/magazine\/wp-content\/gallery\/anteprime-2024-malibu-van\/thumbs\/thumbs_Malibu-Van-1.JPG\"\n                    width=\"240\"\n                    height=\"160\"\n                    style=\"max-width:100%;\"\n                \/>\n            <\/a>\n        <\/div>\n\t\t\t\t\t\t\t<\/div> \n\t\t\t\n\t\t\t\t<div id=\"ngg-image-2\" class=\"ngg-gallery-thumbnail-box ngg-5-columns\" >\n\t\t\t\t        <div class=\"ngg-gallery-thumbnail\">\n            <a href=\"https:\/\/www.camperonline.it\/magazine\/wp-content\/gallery\/anteprime-2024-malibu-van\/Malibu-Van-Tetto-soffietto.jpg\"\n               title=\"\"\n               data-src=\"https:\/\/www.camperonline.it\/magazine\/wp-content\/gallery\/anteprime-2024-malibu-van\/Malibu-Van-Tetto-soffietto.jpg\"\n               data-thumbnail=\"https:\/\/www.camperonline.it\/magazine\/wp-content\/gallery\/anteprime-2024-malibu-van\/thumbs\/thumbs_Malibu-Van-Tetto-soffietto.jpg\"\n               data-image-id=\"130304\"\n               data-title=\"Malibu-Van-Tetto-soffietto\"\n               data-description=\"\"\n               data-image-slug=\"malibu-van-tetto-soffietto\"\n               class=\"ngg-fancybox\" rel=\"30f360a80c56b6d97952a0d9ce7445ea\">\n                <img\n                    title=\"Malibu-Van-Tetto-soffietto\"\n                    alt=\"Malibu-Van-Tetto-soffietto\"\n                    src=\"https:\/\/www.camperonline.it\/magazine\/wp-content\/gallery\/anteprime-2024-malibu-van\/thumbs\/thumbs_Malibu-Van-Tetto-soffietto.jpg\"\n                    width=\"240\"\n                    height=\"160\"\n                    style=\"max-width:100%;\"\n                \/>\n            <\/a>\n        <\/div>\n\t\t\t\t\t\t\t<\/div> \n\t\t\t\n\t\t\t\t<div id=\"ngg-image-3\" class=\"ngg-gallery-thumbnail-box ngg-5-columns\" >\n\t\t\t\t        <div class=\"ngg-gallery-thumbnail\">\n            <a href=\"https:\/\/www.camperonline.it\/magazine\/wp-content\/gallery\/anteprime-2024-malibu-van\/Fabbrica-di-Ormoz.jpg\"\n               title=\"\"\n               data-src=\"https:\/\/www.camperonline.it\/magazine\/wp-content\/gallery\/anteprime-2024-malibu-van\/Fabbrica-di-Ormoz.jpg\"\n               data-thumbnail=\"https:\/\/www.camperonline.it\/magazine\/wp-content\/gallery\/anteprime-2024-malibu-van\/thumbs\/thumbs_Fabbrica-di-Ormoz.jpg\"\n               data-image-id=\"130303\"\n               data-title=\"Fabbrica-di-Ormoz\"\n               data-description=\"\"\n               data-image-slug=\"fabbrica-di-ormoz-12\"\n               class=\"ngg-fancybox\" rel=\"30f360a80c56b6d97952a0d9ce7445ea\">\n                <img\n                    title=\"Fabbrica-di-Ormoz\"\n                    alt=\"Fabbrica-di-Ormoz\"\n                    src=\"https:\/\/www.camperonline.it\/magazine\/wp-content\/gallery\/anteprime-2024-malibu-van\/thumbs\/thumbs_Fabbrica-di-Ormoz.jpg\"\n                    width=\"240\"\n                    height=\"160\"\n                    style=\"max-width:100%;\"\n                \/>\n            <\/a>\n        <\/div>\n\t\t\t\t\t\t\t<\/div> \n\t\t\t\n\t\t\t\t<div id=\"ngg-image-4\" class=\"ngg-gallery-thumbnail-box ngg-5-columns\" >\n\t\t\t\t        <div class=\"ngg-gallery-thumbnail\">\n            <a href=\"https:\/\/www.camperonline.it\/magazine\/wp-content\/gallery\/anteprime-2024-malibu-van\/Malibu-Van-3.JPG\"\n               title=\"\"\n               data-src=\"https:\/\/www.camperonline.it\/magazine\/wp-content\/gallery\/anteprime-2024-malibu-van\/Malibu-Van-3.JPG\"\n               data-thumbnail=\"https:\/\/www.camperonline.it\/magazine\/wp-content\/gallery\/anteprime-2024-malibu-van\/thumbs\/thumbs_Malibu-Van-3.JPG\"\n               data-image-id=\"130302\"\n               data-title=\"Malibu-Van-3\"\n               data-description=\"\"\n               data-image-slug=\"malibu-van-3\"\n               class=\"ngg-fancybox\" rel=\"30f360a80c56b6d97952a0d9ce7445ea\">\n                <img\n                    title=\"Malibu-Van-3\"\n                    alt=\"Malibu-Van-3\"\n                    src=\"https:\/\/www.camperonline.it\/magazine\/wp-content\/gallery\/anteprime-2024-malibu-van\/thumbs\/thumbs_Malibu-Van-3.JPG\"\n                    width=\"240\"\n                    height=\"160\"\n                    style=\"max-width:100%;\"\n                \/>\n            <\/a>\n        <\/div>\n\t\t\t\t\t\t\t<\/div> \n\t\t\t\n\t\t\t\t<div id=\"ngg-image-5\" class=\"ngg-gallery-thumbnail-box ngg-5-columns\" >\n\t\t\t\t        <div class=\"ngg-gallery-thumbnail\">\n            <a href=\"https:\/\/www.camperonline.it\/magazine\/wp-content\/gallery\/anteprime-2024-malibu-van\/Malibu-storico.JPG\"\n               title=\"\"\n               data-src=\"https:\/\/www.camperonline.it\/magazine\/wp-content\/gallery\/anteprime-2024-malibu-van\/Malibu-storico.JPG\"\n               data-thumbnail=\"https:\/\/www.camperonline.it\/magazine\/wp-content\/gallery\/anteprime-2024-malibu-van\/thumbs\/thumbs_Malibu-storico.JPG\"\n               data-image-id=\"130301\"\n               data-title=\"Malibu-storico\"\n               data-description=\"\"\n               data-image-slug=\"malibu-storico\"\n               class=\"ngg-fancybox\" rel=\"30f360a80c56b6d97952a0d9ce7445ea\">\n                <img\n                    title=\"Malibu-storico\"\n                    alt=\"Malibu-storico\"\n                    src=\"https:\/\/www.camperonline.it\/magazine\/wp-content\/gallery\/anteprime-2024-malibu-van\/thumbs\/thumbs_Malibu-storico.JPG\"\n                    width=\"240\"\n                    height=\"160\"\n                    style=\"max-width:100%;\"\n                \/>\n            <\/a>\n        <\/div>\n\t\t\t\t\t\t\t<\/div> \n\t\t\t\n\t\t\t\t<div id=\"ngg-image-6\" class=\"ngg-gallery-thumbnail-box ngg-5-columns\" >\n\t\t\t\t        <div class=\"ngg-gallery-thumbnail\">\n            <a href=\"https:\/\/www.camperonline.it\/magazine\/wp-content\/gallery\/anteprime-2024-malibu-van\/Fabbrica-di-Ormoz-6.JPG\"\n               title=\"\"\n               data-src=\"https:\/\/www.camperonline.it\/magazine\/wp-content\/gallery\/anteprime-2024-malibu-van\/Fabbrica-di-Ormoz-6.JPG\"\n               data-thumbnail=\"https:\/\/www.camperonline.it\/magazine\/wp-content\/gallery\/anteprime-2024-malibu-van\/thumbs\/thumbs_Fabbrica-di-Ormoz-6.JPG\"\n               data-image-id=\"130300\"\n               data-title=\"Fabbrica-di-Ormoz-6\"\n               data-description=\"\"\n               data-image-slug=\"fabbrica-di-ormoz-6\"\n               class=\"ngg-fancybox\" rel=\"30f360a80c56b6d97952a0d9ce7445ea\">\n                <img\n                    title=\"Fabbrica-di-Ormoz-6\"\n                    alt=\"Fabbrica-di-Ormoz-6\"\n                    src=\"https:\/\/www.camperonline.it\/magazine\/wp-content\/gallery\/anteprime-2024-malibu-van\/thumbs\/thumbs_Fabbrica-di-Ormoz-6.JPG\"\n                    width=\"240\"\n                    height=\"160\"\n                    style=\"max-width:100%;\"\n                \/>\n            <\/a>\n        <\/div>\n\t\t\t\t\t\t\t<\/div> \n\t\t\t\n\t\t\t\t<div id=\"ngg-image-7\" class=\"ngg-gallery-thumbnail-box ngg-5-columns\" >\n\t\t\t\t        <div class=\"ngg-gallery-thumbnail\">\n            <a href=\"https:\/\/www.camperonline.it\/magazine\/wp-content\/gallery\/anteprime-2024-malibu-van\/Fabbrica-di-Ormoz-11.jpg\"\n               title=\"\"\n               data-src=\"https:\/\/www.camperonline.it\/magazine\/wp-content\/gallery\/anteprime-2024-malibu-van\/Fabbrica-di-Ormoz-11.jpg\"\n               data-thumbnail=\"https:\/\/www.camperonline.it\/magazine\/wp-content\/gallery\/anteprime-2024-malibu-van\/thumbs\/thumbs_Fabbrica-di-Ormoz-11.jpg\"\n               data-image-id=\"130299\"\n               data-title=\"Fabbrica-di-Ormoz-11\"\n               data-description=\"\"\n               data-image-slug=\"fabbrica-di-ormoz-11\"\n               class=\"ngg-fancybox\" rel=\"30f360a80c56b6d97952a0d9ce7445ea\">\n                <img\n                    title=\"Fabbrica-di-Ormoz-11\"\n                    alt=\"Fabbrica-di-Ormoz-11\"\n                    src=\"https:\/\/www.camperonline.it\/magazine\/wp-content\/gallery\/anteprime-2024-malibu-van\/thumbs\/thumbs_Fabbrica-di-Ormoz-11.jpg\"\n                    width=\"240\"\n                    height=\"160\"\n                    style=\"max-width:100%;\"\n                \/>\n            <\/a>\n        <\/div>\n\t\t\t\t\t\t\t<\/div> \n\t\t\t\n\t\t\t\t<div id=\"ngg-image-8\" class=\"ngg-gallery-thumbnail-box ngg-5-columns\" >\n\t\t\t\t        <div class=\"ngg-gallery-thumbnail\">\n            <a href=\"https:\/\/www.camperonline.it\/magazine\/wp-content\/gallery\/anteprime-2024-malibu-van\/Malibu-2013.jpg\"\n               title=\"\"\n               data-src=\"https:\/\/www.camperonline.it\/magazine\/wp-content\/gallery\/anteprime-2024-malibu-van\/Malibu-2013.jpg\"\n               data-thumbnail=\"https:\/\/www.camperonline.it\/magazine\/wp-content\/gallery\/anteprime-2024-malibu-van\/thumbs\/thumbs_Malibu-2013.jpg\"\n               data-image-id=\"130298\"\n               data-title=\"Malibu-2013\"\n               data-description=\"\"\n               data-image-slug=\"malibu-2013\"\n               class=\"ngg-fancybox\" rel=\"30f360a80c56b6d97952a0d9ce7445ea\">\n                <img\n                    title=\"Malibu-2013\"\n                    alt=\"Malibu-2013\"\n                    src=\"https:\/\/www.camperonline.it\/magazine\/wp-content\/gallery\/anteprime-2024-malibu-van\/thumbs\/thumbs_Malibu-2013.jpg\"\n                    width=\"240\"\n                    height=\"160\"\n                    style=\"max-width:100%;\"\n                \/>\n            <\/a>\n        <\/div>\n\t\t\t\t\t\t\t<\/div> \n\t\t\t\n\t\t\t\t<div id=\"ngg-image-9\" class=\"ngg-gallery-thumbnail-box ngg-5-columns\" >\n\t\t\t\t        <div class=\"ngg-gallery-thumbnail\">\n            <a href=\"https:\/\/www.camperonline.it\/magazine\/wp-content\/gallery\/anteprime-2024-malibu-van\/Fabbrica-di-Ormoz-7.jpg\"\n               title=\"\"\n               data-src=\"https:\/\/www.camperonline.it\/magazine\/wp-content\/gallery\/anteprime-2024-malibu-van\/Fabbrica-di-Ormoz-7.jpg\"\n               data-thumbnail=\"https:\/\/www.camperonline.it\/magazine\/wp-content\/gallery\/anteprime-2024-malibu-van\/thumbs\/thumbs_Fabbrica-di-Ormoz-7.jpg\"\n               data-image-id=\"130297\"\n               data-title=\"Fabbrica-di-Ormoz-7\"\n               data-description=\"\"\n               data-image-slug=\"fabbrica-di-ormoz-7\"\n               class=\"ngg-fancybox\" rel=\"30f360a80c56b6d97952a0d9ce7445ea\">\n                <img\n                    title=\"Fabbrica-di-Ormoz-7\"\n                    alt=\"Fabbrica-di-Ormoz-7\"\n                    src=\"https:\/\/www.camperonline.it\/magazine\/wp-content\/gallery\/anteprime-2024-malibu-van\/thumbs\/thumbs_Fabbrica-di-Ormoz-7.jpg\"\n                    width=\"240\"\n                    height=\"160\"\n                    style=\"max-width:100%;\"\n                \/>\n            <\/a>\n        <\/div>\n\t\t\t\t\t\t\t<\/div> \n\t\t\t\n\t\t\t\t<div id=\"ngg-image-10\" class=\"ngg-gallery-thumbnail-box ngg-5-columns\" >\n\t\t\t\t        <div class=\"ngg-gallery-thumbnail\">\n            <a href=\"https:\/\/www.camperonline.it\/magazine\/wp-content\/gallery\/anteprime-2024-malibu-van\/Fabbrica-di-Ormoz-5.JPG\"\n               title=\"\"\n               data-src=\"https:\/\/www.camperonline.it\/magazine\/wp-content\/gallery\/anteprime-2024-malibu-van\/Fabbrica-di-Ormoz-5.JPG\"\n               data-thumbnail=\"https:\/\/www.camperonline.it\/magazine\/wp-content\/gallery\/anteprime-2024-malibu-van\/thumbs\/thumbs_Fabbrica-di-Ormoz-5.JPG\"\n               data-image-id=\"130296\"\n               data-title=\"Fabbrica-di-Ormoz-5\"\n               data-description=\"\"\n               data-image-slug=\"fabbrica-di-ormoz-5\"\n               class=\"ngg-fancybox\" rel=\"30f360a80c56b6d97952a0d9ce7445ea\">\n                <img\n                    title=\"Fabbrica-di-Ormoz-5\"\n                    alt=\"Fabbrica-di-Ormoz-5\"\n                    src=\"https:\/\/www.camperonline.it\/magazine\/wp-content\/gallery\/anteprime-2024-malibu-van\/thumbs\/thumbs_Fabbrica-di-Ormoz-5.JPG\"\n                    width=\"240\"\n                    height=\"160\"\n                    style=\"max-width:100%;\"\n                \/>\n            <\/a>\n        <\/div>\n\t\t\t\t\t\t\t<\/div> \n\t\t\t\n\t\t\t\t<div id=\"ngg-image-11\" class=\"ngg-gallery-thumbnail-box ngg-5-columns\" >\n\t\t\t\t        <div class=\"ngg-gallery-thumbnail\">\n            <a href=\"https:\/\/www.camperonline.it\/magazine\/wp-content\/gallery\/anteprime-2024-malibu-van\/Fabbrica-di-Ormoz-9.jpg\"\n               title=\"\"\n               data-src=\"https:\/\/www.camperonline.it\/magazine\/wp-content\/gallery\/anteprime-2024-malibu-van\/Fabbrica-di-Ormoz-9.jpg\"\n               data-thumbnail=\"https:\/\/www.camperonline.it\/magazine\/wp-content\/gallery\/anteprime-2024-malibu-van\/thumbs\/thumbs_Fabbrica-di-Ormoz-9.jpg\"\n               data-image-id=\"130295\"\n               data-title=\"Fabbrica-di-Ormoz-9\"\n               data-description=\"\"\n               data-image-slug=\"fabbrica-di-ormoz-9\"\n               class=\"ngg-fancybox\" rel=\"30f360a80c56b6d97952a0d9ce7445ea\">\n                <img\n                    title=\"Fabbrica-di-Ormoz-9\"\n                    alt=\"Fabbrica-di-Ormoz-9\"\n                    src=\"https:\/\/www.camperonline.it\/magazine\/wp-content\/gallery\/anteprime-2024-malibu-van\/thumbs\/thumbs_Fabbrica-di-Ormoz-9.jpg\"\n                    width=\"240\"\n                    height=\"160\"\n                    style=\"max-width:100%;\"\n                \/>\n            <\/a>\n        <\/div>\n\t\t\t\t\t\t\t<\/div> \n\t\t\t\n\t\t\t\t<div id=\"ngg-image-12\" class=\"ngg-gallery-thumbnail-box ngg-5-columns\" >\n\t\t\t\t        <div class=\"ngg-gallery-thumbnail\">\n            <a href=\"https:\/\/www.camperonline.it\/magazine\/wp-content\/gallery\/anteprime-2024-malibu-van\/Fabbrica-di-Ormoz-4.JPG\"\n               title=\"\"\n               data-src=\"https:\/\/www.camperonline.it\/magazine\/wp-content\/gallery\/anteprime-2024-malibu-van\/Fabbrica-di-Ormoz-4.JPG\"\n               data-thumbnail=\"https:\/\/www.camperonline.it\/magazine\/wp-content\/gallery\/anteprime-2024-malibu-van\/thumbs\/thumbs_Fabbrica-di-Ormoz-4.JPG\"\n               data-image-id=\"130294\"\n               data-title=\"Fabbrica-di-Ormoz-4\"\n               data-description=\"\"\n               data-image-slug=\"fabbrica-di-ormoz-4\"\n               class=\"ngg-fancybox\" rel=\"30f360a80c56b6d97952a0d9ce7445ea\">\n                <img\n                    title=\"Fabbrica-di-Ormoz-4\"\n                    alt=\"Fabbrica-di-Ormoz-4\"\n                    src=\"https:\/\/www.camperonline.it\/magazine\/wp-content\/gallery\/anteprime-2024-malibu-van\/thumbs\/thumbs_Fabbrica-di-Ormoz-4.JPG\"\n                    width=\"240\"\n                    height=\"160\"\n                    style=\"max-width:100%;\"\n                \/>\n            <\/a>\n        <\/div>\n\t\t\t\t\t\t\t<\/div> \n\t\t\t\n\t\t\t\t<div id=\"ngg-image-13\" class=\"ngg-gallery-thumbnail-box ngg-5-columns\" >\n\t\t\t\t        <div class=\"ngg-gallery-thumbnail\">\n            <a href=\"https:\/\/www.camperonline.it\/magazine\/wp-content\/gallery\/anteprime-2024-malibu-van\/Fabbrica-di-Ormoz-3.JPG\"\n               title=\"\"\n               data-src=\"https:\/\/www.camperonline.it\/magazine\/wp-content\/gallery\/anteprime-2024-malibu-van\/Fabbrica-di-Ormoz-3.JPG\"\n               data-thumbnail=\"https:\/\/www.camperonline.it\/magazine\/wp-content\/gallery\/anteprime-2024-malibu-van\/thumbs\/thumbs_Fabbrica-di-Ormoz-3.JPG\"\n               data-image-id=\"130293\"\n               data-title=\"Fabbrica-di-Ormoz-3\"\n               data-description=\"\"\n               data-image-slug=\"fabbrica-di-ormoz-3\"\n               class=\"ngg-fancybox\" rel=\"30f360a80c56b6d97952a0d9ce7445ea\">\n                <img\n                    title=\"Fabbrica-di-Ormoz-3\"\n                    alt=\"Fabbrica-di-Ormoz-3\"\n                    src=\"https:\/\/www.camperonline.it\/magazine\/wp-content\/gallery\/anteprime-2024-malibu-van\/thumbs\/thumbs_Fabbrica-di-Ormoz-3.JPG\"\n                    width=\"240\"\n                    height=\"160\"\n                    style=\"max-width:100%;\"\n                \/>\n            <\/a>\n        <\/div>\n\t\t\t\t\t\t\t<\/div> \n\t\t\t\n\t\t\t\t<div id=\"ngg-image-14\" class=\"ngg-gallery-thumbnail-box ngg-5-columns\" >\n\t\t\t\t        <div class=\"ngg-gallery-thumbnail\">\n            <a href=\"https:\/\/www.camperonline.it\/magazine\/wp-content\/gallery\/anteprime-2024-malibu-van\/Fabbrica-di-Ormoz-2.JPG\"\n               title=\"\"\n               data-src=\"https:\/\/www.camperonline.it\/magazine\/wp-content\/gallery\/anteprime-2024-malibu-van\/Fabbrica-di-Ormoz-2.JPG\"\n               data-thumbnail=\"https:\/\/www.camperonline.it\/magazine\/wp-content\/gallery\/anteprime-2024-malibu-van\/thumbs\/thumbs_Fabbrica-di-Ormoz-2.JPG\"\n               data-image-id=\"130292\"\n               data-title=\"Fabbrica-di-Ormoz-2\"\n               data-description=\"\"\n               data-image-slug=\"fabbrica-di-ormoz-2\"\n               class=\"ngg-fancybox\" rel=\"30f360a80c56b6d97952a0d9ce7445ea\">\n                <img\n                    title=\"Fabbrica-di-Ormoz-2\"\n                    alt=\"Fabbrica-di-Ormoz-2\"\n                    src=\"https:\/\/www.camperonline.it\/magazine\/wp-content\/gallery\/anteprime-2024-malibu-van\/thumbs\/thumbs_Fabbrica-di-Ormoz-2.JPG\"\n                    width=\"240\"\n                    height=\"160\"\n                    style=\"max-width:100%;\"\n                \/>\n            <\/a>\n        <\/div>\n\t\t\t\t\t\t\t<\/div> \n\t\t\t\n\t\t\t\t<div id=\"ngg-image-15\" class=\"ngg-gallery-thumbnail-box ngg-5-columns\" >\n\t\t\t\t        <div class=\"ngg-gallery-thumbnail\">\n            <a href=\"https:\/\/www.camperonline.it\/magazine\/wp-content\/gallery\/anteprime-2024-malibu-van\/600-DB-2.JPG\"\n               title=\"\"\n               data-src=\"https:\/\/www.camperonline.it\/magazine\/wp-content\/gallery\/anteprime-2024-malibu-van\/600-DB-2.JPG\"\n               data-thumbnail=\"https:\/\/www.camperonline.it\/magazine\/wp-content\/gallery\/anteprime-2024-malibu-van\/thumbs\/thumbs_600-DB-2.JPG\"\n               data-image-id=\"130276\"\n               data-title=\"600-DB-2\"\n               data-description=\"\"\n               data-image-slug=\"600-db-2\"\n               class=\"ngg-fancybox\" rel=\"30f360a80c56b6d97952a0d9ce7445ea\">\n                <img\n                    title=\"600-DB-2\"\n                    alt=\"600-DB-2\"\n                    src=\"https:\/\/www.camperonline.it\/magazine\/wp-content\/gallery\/anteprime-2024-malibu-van\/thumbs\/thumbs_600-DB-2.JPG\"\n                    width=\"240\"\n                    height=\"160\"\n                    style=\"max-width:100%;\"\n                \/>\n            <\/a>\n        <\/div>\n\t\t\t\t\t\t\t<\/div> \n\t\t\t\n\t\t\t\t<div id=\"ngg-image-16\" class=\"ngg-gallery-thumbnail-box ngg-5-columns\" >\n\t\t\t\t        <div class=\"ngg-gallery-thumbnail\">\n            <a href=\"https:\/\/www.camperonline.it\/magazine\/wp-content\/gallery\/anteprime-2024-malibu-van\/640-LE-RB-2.jpg\"\n               title=\"\"\n               data-src=\"https:\/\/www.camperonline.it\/magazine\/wp-content\/gallery\/anteprime-2024-malibu-van\/640-LE-RB-2.jpg\"\n               data-thumbnail=\"https:\/\/www.camperonline.it\/magazine\/wp-content\/gallery\/anteprime-2024-malibu-van\/thumbs\/thumbs_640-LE-RB-2.jpg\"\n               data-image-id=\"130290\"\n               data-title=\"640-LE-RB-2\"\n               data-description=\"\"\n               data-image-slug=\"640-le-rb-2-1\"\n               class=\"ngg-fancybox\" rel=\"30f360a80c56b6d97952a0d9ce7445ea\">\n                <img\n                    title=\"640-LE-RB-2\"\n                    alt=\"640-LE-RB-2\"\n                    src=\"https:\/\/www.camperonline.it\/magazine\/wp-content\/gallery\/anteprime-2024-malibu-van\/thumbs\/thumbs_640-LE-RB-2.jpg\"\n                    width=\"240\"\n                    height=\"160\"\n                    style=\"max-width:100%;\"\n                \/>\n            <\/a>\n        <\/div>\n\t\t\t\t\t\t\t<\/div> \n\t\t\t\n\t\t\t\t<div id=\"ngg-image-17\" class=\"ngg-gallery-thumbnail-box ngg-5-columns\" >\n\t\t\t\t        <div class=\"ngg-gallery-thumbnail\">\n            <a href=\"https:\/\/www.camperonline.it\/magazine\/wp-content\/gallery\/anteprime-2024-malibu-van\/Carthago_City_oggi.jpg\"\n               title=\"\"\n               data-src=\"https:\/\/www.camperonline.it\/magazine\/wp-content\/gallery\/anteprime-2024-malibu-van\/Carthago_City_oggi.jpg\"\n               data-thumbnail=\"https:\/\/www.camperonline.it\/magazine\/wp-content\/gallery\/anteprime-2024-malibu-van\/thumbs\/thumbs_Carthago_City_oggi.jpg\"\n               data-image-id=\"130289\"\n               data-title=\"Carthago_City_oggi\"\n               data-description=\"\"\n               data-image-slug=\"carthago_city_oggi\"\n               class=\"ngg-fancybox\" rel=\"30f360a80c56b6d97952a0d9ce7445ea\">\n                <img\n                    title=\"Carthago_City_oggi\"\n                    alt=\"Carthago_City_oggi\"\n                    src=\"https:\/\/www.camperonline.it\/magazine\/wp-content\/gallery\/anteprime-2024-malibu-van\/thumbs\/thumbs_Carthago_City_oggi.jpg\"\n                    width=\"240\"\n                    height=\"160\"\n                    style=\"max-width:100%;\"\n                \/>\n            <\/a>\n        <\/div>\n\t\t\t\t\t\t\t<\/div> \n\t\t\t\n\t\t\t\t<div id=\"ngg-image-18\" class=\"ngg-gallery-thumbnail-box ngg-5-columns\" >\n\t\t\t\t        <div class=\"ngg-gallery-thumbnail\">\n            <a href=\"https:\/\/www.camperonline.it\/magazine\/wp-content\/gallery\/anteprime-2024-malibu-van\/640-LE-RB.jpg\"\n               title=\"\"\n               data-src=\"https:\/\/www.camperonline.it\/magazine\/wp-content\/gallery\/anteprime-2024-malibu-van\/640-LE-RB.jpg\"\n               data-thumbnail=\"https:\/\/www.camperonline.it\/magazine\/wp-content\/gallery\/anteprime-2024-malibu-van\/thumbs\/thumbs_640-LE-RB.jpg\"\n               data-image-id=\"130288\"\n               data-title=\"640-LE-RB\"\n               data-description=\"\"\n               data-image-slug=\"640-le-rb-2\"\n               class=\"ngg-fancybox\" rel=\"30f360a80c56b6d97952a0d9ce7445ea\">\n                <img\n                    title=\"640-LE-RB\"\n                    alt=\"640-LE-RB\"\n                    src=\"https:\/\/www.camperonline.it\/magazine\/wp-content\/gallery\/anteprime-2024-malibu-van\/thumbs\/thumbs_640-LE-RB.jpg\"\n                    width=\"240\"\n                    height=\"160\"\n                    style=\"max-width:100%;\"\n                \/>\n            <\/a>\n        <\/div>\n\t\t\t\t\t\t\t<\/div> \n\t\t\t\n\t\t\t\t<div id=\"ngg-image-19\" class=\"ngg-gallery-thumbnail-box ngg-5-columns\" >\n\t\t\t\t        <div class=\"ngg-gallery-thumbnail\">\n            <a href=\"https:\/\/www.camperonline.it\/magazine\/wp-content\/gallery\/anteprime-2024-malibu-van\/640-LE-RB-1.JPG\"\n               title=\"\"\n               data-src=\"https:\/\/www.camperonline.it\/magazine\/wp-content\/gallery\/anteprime-2024-malibu-van\/640-LE-RB-1.JPG\"\n               data-thumbnail=\"https:\/\/www.camperonline.it\/magazine\/wp-content\/gallery\/anteprime-2024-malibu-van\/thumbs\/thumbs_640-LE-RB-1.JPG\"\n               data-image-id=\"130287\"\n               data-title=\"640-LE-RB-1\"\n               data-description=\"\"\n               data-image-slug=\"640-le-rb-1\"\n               class=\"ngg-fancybox\" rel=\"30f360a80c56b6d97952a0d9ce7445ea\">\n                <img\n                    title=\"640-LE-RB-1\"\n                    alt=\"640-LE-RB-1\"\n                    src=\"https:\/\/www.camperonline.it\/magazine\/wp-content\/gallery\/anteprime-2024-malibu-van\/thumbs\/thumbs_640-LE-RB-1.JPG\"\n                    width=\"240\"\n                    height=\"160\"\n                    style=\"max-width:100%;\"\n                \/>\n            <\/a>\n        <\/div>\n\t\t\t\t\t\t\t<\/div> \n\t\t\t\n\t\t\t\t<div id=\"ngg-image-20\" class=\"ngg-gallery-thumbnail-box ngg-5-columns\" >\n\t\t\t\t        <div class=\"ngg-gallery-thumbnail\">\n            <a href=\"https:\/\/www.camperonline.it\/magazine\/wp-content\/gallery\/anteprime-2024-malibu-van\/640-LE-K.jpg\"\n               title=\"\"\n               data-src=\"https:\/\/www.camperonline.it\/magazine\/wp-content\/gallery\/anteprime-2024-malibu-van\/640-LE-K.jpg\"\n               data-thumbnail=\"https:\/\/www.camperonline.it\/magazine\/wp-content\/gallery\/anteprime-2024-malibu-van\/thumbs\/thumbs_640-LE-K.jpg\"\n               data-image-id=\"130286\"\n               data-title=\"640-LE-K\"\n               data-description=\"\"\n               data-image-slug=\"640-le-k-5\"\n               class=\"ngg-fancybox\" rel=\"30f360a80c56b6d97952a0d9ce7445ea\">\n                <img\n                    title=\"640-LE-K\"\n                    alt=\"640-LE-K\"\n                    src=\"https:\/\/www.camperonline.it\/magazine\/wp-content\/gallery\/anteprime-2024-malibu-van\/thumbs\/thumbs_640-LE-K.jpg\"\n                    width=\"240\"\n                    height=\"160\"\n                    style=\"max-width:100%;\"\n                \/>\n            <\/a>\n        <\/div>\n\t\t\t\t\t\t\t<\/div> \n\t\t\t\n\t\t\t\t<div id=\"ngg-image-21\" class=\"ngg-gallery-thumbnail-box ngg-5-columns\" >\n\t\t\t\t        <div class=\"ngg-gallery-thumbnail\">\n            <a href=\"https:\/\/www.camperonline.it\/magazine\/wp-content\/gallery\/anteprime-2024-malibu-van\/640-LE-K-4.jpg\"\n               title=\"\"\n               data-src=\"https:\/\/www.camperonline.it\/magazine\/wp-content\/gallery\/anteprime-2024-malibu-van\/640-LE-K-4.jpg\"\n               data-thumbnail=\"https:\/\/www.camperonline.it\/magazine\/wp-content\/gallery\/anteprime-2024-malibu-van\/thumbs\/thumbs_640-LE-K-4.jpg\"\n               data-image-id=\"130285\"\n               data-title=\"640-LE-K-4\"\n               data-description=\"\"\n               data-image-slug=\"640-le-k-4\"\n               class=\"ngg-fancybox\" rel=\"30f360a80c56b6d97952a0d9ce7445ea\">\n                <img\n                    title=\"640-LE-K-4\"\n                    alt=\"640-LE-K-4\"\n                    src=\"https:\/\/www.camperonline.it\/magazine\/wp-content\/gallery\/anteprime-2024-malibu-van\/thumbs\/thumbs_640-LE-K-4.jpg\"\n                    width=\"240\"\n                    height=\"160\"\n                    style=\"max-width:100%;\"\n                \/>\n            <\/a>\n        <\/div>\n\t\t\t\t\t\t\t<\/div> \n\t\t\t\n\t\t\t\t<div id=\"ngg-image-22\" class=\"ngg-gallery-thumbnail-box ngg-5-columns\" >\n\t\t\t\t        <div class=\"ngg-gallery-thumbnail\">\n            <a href=\"https:\/\/www.camperonline.it\/magazine\/wp-content\/gallery\/anteprime-2024-malibu-van\/640-LE-K-1.JPG\"\n               title=\"\"\n               data-src=\"https:\/\/www.camperonline.it\/magazine\/wp-content\/gallery\/anteprime-2024-malibu-van\/640-LE-K-1.JPG\"\n               data-thumbnail=\"https:\/\/www.camperonline.it\/magazine\/wp-content\/gallery\/anteprime-2024-malibu-van\/thumbs\/thumbs_640-LE-K-1.JPG\"\n               data-image-id=\"130284\"\n               data-title=\"640-LE-K-1\"\n               data-description=\"\"\n               data-image-slug=\"640-le-k-1\"\n               class=\"ngg-fancybox\" rel=\"30f360a80c56b6d97952a0d9ce7445ea\">\n                <img\n                    title=\"640-LE-K-1\"\n                    alt=\"640-LE-K-1\"\n                    src=\"https:\/\/www.camperonline.it\/magazine\/wp-content\/gallery\/anteprime-2024-malibu-van\/thumbs\/thumbs_640-LE-K-1.JPG\"\n                    width=\"240\"\n                    height=\"160\"\n                    style=\"max-width:100%;\"\n                \/>\n            <\/a>\n        <\/div>\n\t\t\t\t\t\t\t<\/div> \n\t\t\t\n\t\t\t\t<div id=\"ngg-image-23\" class=\"ngg-gallery-thumbnail-box ngg-5-columns\" >\n\t\t\t\t        <div class=\"ngg-gallery-thumbnail\">\n            <a href=\"https:\/\/www.camperonline.it\/magazine\/wp-content\/gallery\/anteprime-2024-malibu-van\/640-LE-K-2.jpg\"\n               title=\"\"\n               data-src=\"https:\/\/www.camperonline.it\/magazine\/wp-content\/gallery\/anteprime-2024-malibu-van\/640-LE-K-2.jpg\"\n               data-thumbnail=\"https:\/\/www.camperonline.it\/magazine\/wp-content\/gallery\/anteprime-2024-malibu-van\/thumbs\/thumbs_640-LE-K-2.jpg\"\n               data-image-id=\"130283\"\n               data-title=\"640-LE-K-2\"\n               data-description=\"\"\n               data-image-slug=\"640-le-k-2\"\n               class=\"ngg-fancybox\" rel=\"30f360a80c56b6d97952a0d9ce7445ea\">\n                <img\n                    title=\"640-LE-K-2\"\n                    alt=\"640-LE-K-2\"\n                    src=\"https:\/\/www.camperonline.it\/magazine\/wp-content\/gallery\/anteprime-2024-malibu-van\/thumbs\/thumbs_640-LE-K-2.jpg\"\n                    width=\"240\"\n                    height=\"160\"\n                    style=\"max-width:100%;\"\n                \/>\n            <\/a>\n        <\/div>\n\t\t\t\t\t\t\t<\/div> \n\t\t\t\n\t\t\t\t<div id=\"ngg-image-24\" class=\"ngg-gallery-thumbnail-box ngg-5-columns\" >\n\t\t\t\t        <div class=\"ngg-gallery-thumbnail\">\n            <a href=\"https:\/\/www.camperonline.it\/magazine\/wp-content\/gallery\/anteprime-2024-malibu-van\/640-LE-K-3.JPG\"\n               title=\"\"\n               data-src=\"https:\/\/www.camperonline.it\/magazine\/wp-content\/gallery\/anteprime-2024-malibu-van\/640-LE-K-3.JPG\"\n               data-thumbnail=\"https:\/\/www.camperonline.it\/magazine\/wp-content\/gallery\/anteprime-2024-malibu-van\/thumbs\/thumbs_640-LE-K-3.JPG\"\n               data-image-id=\"130282\"\n               data-title=\"640-LE-K-3\"\n               data-description=\"\"\n               data-image-slug=\"640-le-k-3\"\n               class=\"ngg-fancybox\" rel=\"30f360a80c56b6d97952a0d9ce7445ea\">\n                <img\n                    title=\"640-LE-K-3\"\n                    alt=\"640-LE-K-3\"\n                    src=\"https:\/\/www.camperonline.it\/magazine\/wp-content\/gallery\/anteprime-2024-malibu-van\/thumbs\/thumbs_640-LE-K-3.JPG\"\n                    width=\"240\"\n                    height=\"160\"\n                    style=\"max-width:100%;\"\n                \/>\n            <\/a>\n        <\/div>\n\t\t\t\t\t\t\t<\/div> \n\t\t\t\n\t\t\t\t<div id=\"ngg-image-25\" class=\"ngg-gallery-thumbnail-box ngg-5-columns\" >\n\t\t\t\t        <div class=\"ngg-gallery-thumbnail\">\n            <a href=\"https:\/\/www.camperonline.it\/magazine\/wp-content\/gallery\/anteprime-2024-malibu-van\/600-LE-4.JPG\"\n               title=\"\"\n               data-src=\"https:\/\/www.camperonline.it\/magazine\/wp-content\/gallery\/anteprime-2024-malibu-van\/600-LE-4.JPG\"\n               data-thumbnail=\"https:\/\/www.camperonline.it\/magazine\/wp-content\/gallery\/anteprime-2024-malibu-van\/thumbs\/thumbs_600-LE-4.JPG\"\n               data-image-id=\"130281\"\n               data-title=\"600-LE-4\"\n               data-description=\"\"\n               data-image-slug=\"600-le-4\"\n               class=\"ngg-fancybox\" rel=\"30f360a80c56b6d97952a0d9ce7445ea\">\n                <img\n                    title=\"600-LE-4\"\n                    alt=\"600-LE-4\"\n                    src=\"https:\/\/www.camperonline.it\/magazine\/wp-content\/gallery\/anteprime-2024-malibu-van\/thumbs\/thumbs_600-LE-4.JPG\"\n                    width=\"240\"\n                    height=\"160\"\n                    style=\"max-width:100%;\"\n                \/>\n            <\/a>\n        <\/div>\n\t\t\t\t\t\t\t<\/div> \n\t\t\t\n\t\t\t\t<div id=\"ngg-image-26\" class=\"ngg-gallery-thumbnail-box ngg-5-columns\" >\n\t\t\t\t        <div class=\"ngg-gallery-thumbnail\">\n            <a href=\"https:\/\/www.camperonline.it\/magazine\/wp-content\/gallery\/anteprime-2024-malibu-van\/600-LE-2.JPG\"\n               title=\"\"\n               data-src=\"https:\/\/www.camperonline.it\/magazine\/wp-content\/gallery\/anteprime-2024-malibu-van\/600-LE-2.JPG\"\n               data-thumbnail=\"https:\/\/www.camperonline.it\/magazine\/wp-content\/gallery\/anteprime-2024-malibu-van\/thumbs\/thumbs_600-LE-2.JPG\"\n               data-image-id=\"130280\"\n               data-title=\"600-LE-2\"\n               data-description=\"\"\n               data-image-slug=\"600-le-2\"\n               class=\"ngg-fancybox\" rel=\"30f360a80c56b6d97952a0d9ce7445ea\">\n                <img\n                    title=\"600-LE-2\"\n                    alt=\"600-LE-2\"\n                    src=\"https:\/\/www.camperonline.it\/magazine\/wp-content\/gallery\/anteprime-2024-malibu-van\/thumbs\/thumbs_600-LE-2.JPG\"\n                    width=\"240\"\n                    height=\"160\"\n                    style=\"max-width:100%;\"\n                \/>\n            <\/a>\n        <\/div>\n\t\t\t\t\t\t\t<\/div> \n\t\t\t\n\t\t\t\t<div id=\"ngg-image-27\" class=\"ngg-gallery-thumbnail-box ngg-5-columns\" >\n\t\t\t\t        <div class=\"ngg-gallery-thumbnail\">\n            <a href=\"https:\/\/www.camperonline.it\/magazine\/wp-content\/gallery\/anteprime-2024-malibu-van\/640-LE-3.JPG\"\n               title=\"\"\n               data-src=\"https:\/\/www.camperonline.it\/magazine\/wp-content\/gallery\/anteprime-2024-malibu-van\/640-LE-3.JPG\"\n               data-thumbnail=\"https:\/\/www.camperonline.it\/magazine\/wp-content\/gallery\/anteprime-2024-malibu-van\/thumbs\/thumbs_640-LE-3.JPG\"\n               data-image-id=\"130279\"\n               data-title=\"640-LE-3\"\n               data-description=\"\"\n               data-image-slug=\"640-le-3\"\n               class=\"ngg-fancybox\" rel=\"30f360a80c56b6d97952a0d9ce7445ea\">\n                <img\n                    title=\"640-LE-3\"\n                    alt=\"640-LE-3\"\n                    src=\"https:\/\/www.camperonline.it\/magazine\/wp-content\/gallery\/anteprime-2024-malibu-van\/thumbs\/thumbs_640-LE-3.JPG\"\n                    width=\"240\"\n                    height=\"160\"\n                    style=\"max-width:100%;\"\n                \/>\n            <\/a>\n        <\/div>\n\t\t\t\t\t\t\t<\/div> \n\t\t\t\n\t\t\t\t<div id=\"ngg-image-28\" class=\"ngg-gallery-thumbnail-box ngg-5-columns\" >\n\t\t\t\t        <div class=\"ngg-gallery-thumbnail\">\n            <a href=\"https:\/\/www.camperonline.it\/magazine\/wp-content\/gallery\/anteprime-2024-malibu-van\/600-DB-5.JPG\"\n               title=\"\"\n               data-src=\"https:\/\/www.camperonline.it\/magazine\/wp-content\/gallery\/anteprime-2024-malibu-van\/600-DB-5.JPG\"\n               data-thumbnail=\"https:\/\/www.camperonline.it\/magazine\/wp-content\/gallery\/anteprime-2024-malibu-van\/thumbs\/thumbs_600-DB-5.JPG\"\n               data-image-id=\"130278\"\n               data-title=\"600-DB-5\"\n               data-description=\"\"\n               data-image-slug=\"600-db-5\"\n               class=\"ngg-fancybox\" rel=\"30f360a80c56b6d97952a0d9ce7445ea\">\n                <img\n                    title=\"600-DB-5\"\n                    alt=\"600-DB-5\"\n                    src=\"https:\/\/www.camperonline.it\/magazine\/wp-content\/gallery\/anteprime-2024-malibu-van\/thumbs\/thumbs_600-DB-5.JPG\"\n                    width=\"240\"\n                    height=\"160\"\n                    style=\"max-width:100%;\"\n                \/>\n            <\/a>\n        <\/div>\n\t\t\t\t\t\t\t<\/div> \n\t\t\t\n\t\t\t\t<div id=\"ngg-image-29\" class=\"ngg-gallery-thumbnail-box ngg-5-columns\" >\n\t\t\t\t        <div class=\"ngg-gallery-thumbnail\">\n            <a href=\"https:\/\/www.camperonline.it\/magazine\/wp-content\/gallery\/anteprime-2024-malibu-van\/600-LE.jpg\"\n               title=\"\"\n               data-src=\"https:\/\/www.camperonline.it\/magazine\/wp-content\/gallery\/anteprime-2024-malibu-van\/600-LE.jpg\"\n               data-thumbnail=\"https:\/\/www.camperonline.it\/magazine\/wp-content\/gallery\/anteprime-2024-malibu-van\/thumbs\/thumbs_600-LE.jpg\"\n               data-image-id=\"130277\"\n               data-title=\"600-LE\"\n               data-description=\"\"\n               data-image-slug=\"600-le\"\n               class=\"ngg-fancybox\" rel=\"30f360a80c56b6d97952a0d9ce7445ea\">\n                <img\n                    title=\"600-LE\"\n                    alt=\"600-LE\"\n                    src=\"https:\/\/www.camperonline.it\/magazine\/wp-content\/gallery\/anteprime-2024-malibu-van\/thumbs\/thumbs_600-LE.jpg\"\n                    width=\"240\"\n                    height=\"160\"\n                    style=\"max-width:100%;\"\n                \/>\n            <\/a>\n        <\/div>\n\t\t\t\t\t\t\t<\/div> \n\t\t\t\n\t\n\t<br style=\"clear: both\" \/>\n\n\t\t<div class=\"slideshowlink\">\n        <a href='https:\/\/www.camperonline.it\/magazine\/2023\/08\/13\/anteprime-2024-malibu-van\/nggallery\/slideshow'>[Mostra slideshow]<\/a>\n\t\t\n\t<\/div>\n\t\n\t\t<!-- Pagination -->\n\t<div class='ngg-clear'><\/div>\t<\/div>\n\n<p><a href=\"https:\/\/www.camperonline.it\/produttori\/malibu\" rel=\"nofollow\"><strong>Tutto su Malibu: video, prove, notizie<\/strong><\/a><\/p>\n","protected":false},"excerpt":{"rendered":"<p>2013-2023: sono passati solo dieci anni della nascita di Malibu, ma la crescita \u00e8 stata sorprendente e il gruppo Carthago investe in un nuovo sito produttivo interamente dedicato proprio ai van<\/p>\n","protected":false},"author":23,"featured_media":336279,"comment_status":"closed","ping_status":"open","sticky":false,"template":"","format":"standard","meta":{"ngg_post_thumbnail":0},"categories":[6689,217,376,7,2695,3642],"tags":[6690,2694,4833],"yoast_head":"<!-- This site is optimized with the Yoast SEO plugin v18.6 - https:\/\/yoast.com\/wordpress\/plugins\/seo\/ -->\n<title>Anteprime 2024: Malibu Van - CamperOnLine Magazine<\/title>\n<meta name=\"description\" content=\"2013-2023: sono passati solo dieci anni della nascita di Malibu, ma la crescita \u00e8 stata sorprendente e il gruppo Carthago investe in un nuovo sito\" \/>\n<meta name=\"robots\" content=\"index, follow, max-snippet:-1, max-image-preview:large, max-video-preview:-1\" \/>\n<link rel=\"canonical\" href=\"https:\/\/www.camperonline.it\/magazine\/2023\/08\/13\/anteprime-2024-malibu-van\/\" \/>\n<meta property=\"og:locale\" content=\"it_IT\" \/>\n<meta property=\"og:type\" content=\"article\" \/>\n<meta property=\"og:title\" content=\"Anteprime 2024: Malibu Van - CamperOnLine Magazine\" \/>\n<meta property=\"og:description\" content=\"2013-2023: sono passati solo dieci anni della nascita di Malibu, ma la crescita \u00e8 stata sorprendente e il gruppo Carthago investe in un nuovo sito\" \/>\n<meta property=\"og:url\" content=\"https:\/\/www.camperonline.it\/magazine\/2023\/08\/13\/anteprime-2024-malibu-van\/\" \/>\n<meta property=\"og:site_name\" content=\"CamperOnLine Magazine\" \/>\n<meta property=\"article:published_time\" content=\"2023-08-12T22:01:57+00:00\" \/>\n<meta property=\"article:modified_time\" content=\"2023-07-26T09:47:14+00:00\" \/>\n<meta property=\"og:image\" content=\"https:\/\/www.camperonline.it\/magazine\/wp-content\/uploads\/2023\/07\/Cover_MalibuVan-ante24_Mag_2-1.jpg\" \/>\n\t<meta property=\"og:image:width\" content=\"630\" \/>\n\t<meta property=\"og:image:height\" content=\"354\" \/>\n\t<meta property=\"og:image:type\" content=\"image\/jpeg\" \/>\n<meta name=\"twitter:card\" content=\"summary_large_image\" \/>\n<script type=\"application\/ld+json\" class=\"yoast-schema-graph\">{\"@context\":\"https:\/\/schema.org\",\"@graph\":[{\"@type\":\"WebSite\",\"@id\":\"https:\/\/www.camperonline.it\/magazine\/#website\",\"url\":\"https:\/\/www.camperonline.it\/magazine\/\",\"name\":\"CamperOnLine Magazine\",\"description\":\"Viaggi in camper, test, video, destinazioni, vacanze\",\"potentialAction\":[{\"@type\":\"SearchAction\",\"target\":{\"@type\":\"EntryPoint\",\"urlTemplate\":\"https:\/\/www.camperonline.it\/magazine\/?s={search_term_string}\"},\"query-input\":\"required name=search_term_string\"}],\"inLanguage\":\"it-IT\"},{\"@type\":\"ImageObject\",\"@id\":\"https:\/\/www.camperonline.it\/magazine\/2023\/08\/13\/anteprime-2024-malibu-van\/#primaryimage\",\"inLanguage\":\"it-IT\",\"url\":\"https:\/\/www.camperonline.it\/magazine\/wp-content\/uploads\/2023\/07\/Cover_MalibuVan-ante24_Mag_2-1.jpg\",\"contentUrl\":\"https:\/\/www.camperonline.it\/magazine\/wp-content\/uploads\/2023\/07\/Cover_MalibuVan-ante24_Mag_2-1.jpg\",\"width\":630,\"height\":354},{\"@type\":\"WebPage\",\"@id\":\"https:\/\/www.camperonline.it\/magazine\/2023\/08\/13\/anteprime-2024-malibu-van\/#webpage\",\"url\":\"https:\/\/www.camperonline.it\/magazine\/2023\/08\/13\/anteprime-2024-malibu-van\/\",\"name\":\"Anteprime 2024: Malibu Van - CamperOnLine Magazine\",\"isPartOf\":{\"@id\":\"https:\/\/www.camperonline.it\/magazine\/#website\"},\"primaryImageOfPage\":{\"@id\":\"https:\/\/www.camperonline.it\/magazine\/2023\/08\/13\/anteprime-2024-malibu-van\/#primaryimage\"},\"datePublished\":\"2023-08-12T22:01:57+00:00\",\"dateModified\":\"2023-07-26T09:47:14+00:00\",\"author\":{\"@id\":\"https:\/\/www.camperonline.it\/magazine\/#\/schema\/person\/cc776d866d3248597db92e2aa8bfc3f3\"},\"description\":\"2013-2023: sono passati solo dieci anni della nascita di Malibu, ma la crescita \u00e8 stata sorprendente e il gruppo Carthago investe in un nuovo sito\",\"breadcrumb\":{\"@id\":\"https:\/\/www.camperonline.it\/magazine\/2023\/08\/13\/anteprime-2024-malibu-van\/#breadcrumb\"},\"inLanguage\":\"it-IT\",\"potentialAction\":[{\"@type\":\"ReadAction\",\"target\":[\"https:\/\/www.camperonline.it\/magazine\/2023\/08\/13\/anteprime-2024-malibu-van\/\"]}]},{\"@type\":\"BreadcrumbList\",\"@id\":\"https:\/\/www.camperonline.it\/magazine\/2023\/08\/13\/anteprime-2024-malibu-van\/#breadcrumb\",\"itemListElement\":[{\"@type\":\"ListItem\",\"position\":1,\"name\":\"Home\",\"item\":\"https:\/\/www.camperonline.it\/magazine\/\"},{\"@type\":\"ListItem\",\"position\":2,\"name\":\"Anteprime 2024: Malibu Van\"}]},{\"@type\":\"Person\",\"@id\":\"https:\/\/www.camperonline.it\/magazine\/#\/schema\/person\/cc776d866d3248597db92e2aa8bfc3f3\",\"name\":\"Renato Antonini\",\"url\":\"https:\/\/www.camperonline.it\/magazine\/author\/renato\/\"}]}<\/script>\n<!-- \/ Yoast SEO plugin. -->","yoast_head_json":{"title":"Anteprime 2024: Malibu Van - CamperOnLine Magazine","description":"2013-2023: sono passati solo dieci anni della nascita di Malibu, ma la crescita \u00e8 stata sorprendente e il gruppo Carthago investe in un nuovo sito","robots":{"index":"index","follow":"follow","max-snippet":"max-snippet:-1","max-image-preview":"max-image-preview:large","max-video-preview":"max-video-preview:-1"},"canonical":"https:\/\/www.camperonline.it\/magazine\/2023\/08\/13\/anteprime-2024-malibu-van\/","og_locale":"it_IT","og_type":"article","og_title":"Anteprime 2024: Malibu Van - CamperOnLine Magazine","og_description":"2013-2023: sono passati solo dieci anni della nascita di Malibu, ma la crescita \u00e8 stata sorprendente e il gruppo Carthago investe in un nuovo sito","og_url":"https:\/\/www.camperonline.it\/magazine\/2023\/08\/13\/anteprime-2024-malibu-van\/","og_site_name":"CamperOnLine Magazine","article_published_time":"2023-08-12T22:01:57+00:00","article_modified_time":"2023-07-26T09:47:14+00:00","og_image":[{"width":630,"height":354,"url":"https:\/\/www.camperonline.it\/magazine\/wp-content\/uploads\/2023\/07\/Cover_MalibuVan-ante24_Mag_2-1.jpg","type":"image\/jpeg"}],"twitter_card":"summary_large_image","schema":{"@context":"https:\/\/schema.org","@graph":[{"@type":"WebSite","@id":"https:\/\/www.camperonline.it\/magazine\/#website","url":"https:\/\/www.camperonline.it\/magazine\/","name":"CamperOnLine Magazine","description":"Viaggi in camper, test, video, destinazioni, vacanze","potentialAction":[{"@type":"SearchAction","target":{"@type":"EntryPoint","urlTemplate":"https:\/\/www.camperonline.it\/magazine\/?s={search_term_string}"},"query-input":"required name=search_term_string"}],"inLanguage":"it-IT"},{"@type":"ImageObject","@id":"https:\/\/www.camperonline.it\/magazine\/2023\/08\/13\/anteprime-2024-malibu-van\/#primaryimage","inLanguage":"it-IT","url":"https:\/\/www.camperonline.it\/magazine\/wp-content\/uploads\/2023\/07\/Cover_MalibuVan-ante24_Mag_2-1.jpg","contentUrl":"https:\/\/www.camperonline.it\/magazine\/wp-content\/uploads\/2023\/07\/Cover_MalibuVan-ante24_Mag_2-1.jpg","width":630,"height":354},{"@type":"WebPage","@id":"https:\/\/www.camperonline.it\/magazine\/2023\/08\/13\/anteprime-2024-malibu-van\/#webpage","url":"https:\/\/www.camperonline.it\/magazine\/2023\/08\/13\/anteprime-2024-malibu-van\/","name":"Anteprime 2024: Malibu Van - CamperOnLine Magazine","isPartOf":{"@id":"https:\/\/www.camperonline.it\/magazine\/#website"},"primaryImageOfPage":{"@id":"https:\/\/www.camperonline.it\/magazine\/2023\/08\/13\/anteprime-2024-malibu-van\/#primaryimage"},"datePublished":"2023-08-12T22:01:57+00:00","dateModified":"2023-07-26T09:47:14+00:00","author":{"@id":"https:\/\/www.camperonline.it\/magazine\/#\/schema\/person\/cc776d866d3248597db92e2aa8bfc3f3"},"description":"2013-2023: sono passati solo dieci anni della nascita di Malibu, ma la crescita \u00e8 stata sorprendente e il gruppo Carthago investe in un nuovo sito","breadcrumb":{"@id":"https:\/\/www.camperonline.it\/magazine\/2023\/08\/13\/anteprime-2024-malibu-van\/#breadcrumb"},"inLanguage":"it-IT","potentialAction":[{"@type":"ReadAction","target":["https:\/\/www.camperonline.it\/magazine\/2023\/08\/13\/anteprime-2024-malibu-van\/"]}]},{"@type":"BreadcrumbList","@id":"https:\/\/www.camperonline.it\/magazine\/2023\/08\/13\/anteprime-2024-malibu-van\/#breadcrumb","itemListElement":[{"@type":"ListItem","position":1,"name":"Home","item":"https:\/\/www.camperonline.it\/magazine\/"},{"@type":"ListItem","position":2,"name":"Anteprime 2024: Malibu Van"}]},{"@type":"Person","@id":"https:\/\/www.camperonline.it\/magazine\/#\/schema\/person\/cc776d866d3248597db92e2aa8bfc3f3","name":"Renato Antonini","url":"https:\/\/www.camperonline.it\/magazine\/author\/renato\/"}]}},"_links":{"self":[{"href":"https:\/\/www.camperonline.it\/magazine\/wp-json\/wp\/v2\/posts\/336278"}],"collection":[{"href":"https:\/\/www.camperonline.it\/magazine\/wp-json\/wp\/v2\/posts"}],"about":[{"href":"https:\/\/www.camperonline.it\/magazine\/wp-json\/wp\/v2\/types\/post"}],"author":[{"embeddable":true,"href":"https:\/\/www.camperonline.it\/magazine\/wp-json\/wp\/v2\/users\/23"}],"replies":[{"embeddable":true,"href":"https:\/\/www.camperonline.it\/magazine\/wp-json\/wp\/v2\/comments?post=336278"}],"version-history":[{"count":7,"href":"https:\/\/www.camperonline.it\/magazine\/wp-json\/wp\/v2\/posts\/336278\/revisions"}],"predecessor-version":[{"id":337609,"href":"https:\/\/www.camperonline.it\/magazine\/wp-json\/wp\/v2\/posts\/336278\/revisions\/337609"}],"wp:featuredmedia":[{"embeddable":true,"href":"https:\/\/www.camperonline.it\/magazine\/wp-json\/wp\/v2\/media\/336279"}],"wp:attachment":[{"href":"https:\/\/www.camperonline.it\/magazine\/wp-json\/wp\/v2\/media?parent=336278"}],"wp:term":[{"taxonomy":"category","embeddable":true,"href":"https:\/\/www.camperonline.it\/magazine\/wp-json\/wp\/v2\/categories?post=336278"},{"taxonomy":"post_tag","embeddable":true,"href":"https:\/\/www.camperonline.it\/magazine\/wp-json\/wp\/v2\/tags?post=336278"}],"curies":[{"name":"wp","href":"https:\/\/api.w.org\/{rel}","templated":true}]}}