{"id":34075,"date":"2012-08-31T14:30:43","date_gmt":"2012-08-31T13:30:43","guid":{"rendered":"https:\/\/www.camperonline.it\/magazine\/?p=34075"},"modified":"2016-03-21T12:25:00","modified_gmt":"2016-03-21T11:25:00","slug":"il-viaggio-di-pippo-baudo","status":"publish","type":"post","link":"https:\/\/www.camperonline.it\/magazine\/2012\/08\/31\/il-viaggio-di-pippo-baudo\/","title":{"rendered":"Il Viaggio di Pippo Baudo"},"content":{"rendered":"<p style=\"text-align: center;\">Il nuovo programma condotto da Pippo Baudo per la Rai<\/p>\n<p><img loading=\"lazy\" class=\"size-full wp-image-34085 alignright\" style=\"border: 1px solid black; margin: 4px;\" title=\"baudo-1\" src=\"https:\/\/www.camperonline.it\/magazine\/wp-content\/uploads\/2012\/07\/baudo-1.jpg\" alt=\"Pippo Baudo indica il suo compagno di viaggio\" width=\"450\" height=\"676\" \/>Che un programma televisivo veda il coinvolgimento di un camper, non \u00e8 pi\u00f9 forse una novit\u00e0 assoluta.<br \/>\nMa che il camper sia il protagonista, insieme al conduttore, \u00e8 un fatto inusuale ed apprezzabile. Ed \u00e8 proprio questo che accade nel nuovo format a puntate, <strong>Il Viaggio<\/strong>, che vede <strong>Pippo Baudo<\/strong> andare alla scoperta di amici, personaggi della cultura e dello spettacolo, e borghi remoti in varie regioni d&#8217;Italia proprio a bordo di un veicolo ricreazionale dalla appariscente livrea in tono con il programma.<\/p>\n<p>E l&#8217;incontro con il nostro settore ci ha permesso di rivolgere al grande conduttore alcune domande che hanno messo in luce interessanti aspetti del suo rapporto con il camper.<\/p>\n<p><!--more-->Innazitutto, parlando con Pippo Baudo ci si rende immediatamente conto della sua cultura, che viene da lontano &#8211; e non solo per ragioni anagrafiche, e che gli permette citazioni e ricordi esclusivi. Pippo inizi\u00f2, infatti, a viaggiare in camper gi\u00e0 nei primi anni &#8217;60, quando i camper erano pochi e rari. Ma gi\u00e0 venivano utilizzati nel mondo dello spettacolo, in virt\u00f9 della loro intrinseca efficienza, data dalla mobilit\u00e0 e del comfort: per girare quelli che oggi chiamiamo spot, e che allora erano puntate di Carosello, con grandi nomi del tempo &#8211; come Alberto Rabagliati &#8211; Pippo inizi\u00f2 ad apprezzare la comodit\u00e0 di avere un camper d&#8217;appoggio durante le riprese in esterni.<\/p>\n<p>Da allora, il rapporto di Pippo Baudo con il camper si \u00e8 sviluppato e intensificato, e ricorda con piacere, tra i tanti ricordi di esperienze, l&#8217; &#8220;invidiatissimo&#8221; motorhome di Monica Vitti, cos\u00ec come il grattacielo viaggiante &#8211; come l&#8217;ha definito lui stesso &#8211; di Moira Orfei, spettacolare per le dimensioni e le dotazioni, ma anche intimamente parte della vita della famiglia Orfei, che lo preferisce alle case senza ruote, considerandolo parte essenziale della propria esistenza.<\/p>\n<p>E&#8217; la conferma che tante sono le motivazioni che legano le case viaggianti al mondo dello spettacolo in senso lato: come giustamente ci ricorda Pippo Baudo, gi\u00e0 le compagnie &#8220;scavalca-montagne&#8221; di teatranti del passato si muovevano su carri che erano al tempo stesso case, veicoli da trasporto, talvolta anche set o teatri. E in qualche misura il concetto, il legame si \u00e8 attualizzato con gli strumenti dei giorni nostri: moderni motorhome attrezzati per il viaggio, il trucco e parrucco, la sosta, il ristoro, il ripasso della parte o la revisione del girato, il riposo.<\/p>\n<p>Si pu\u00f2 quindi definire &#8220;insostituibile&#8221; il camper nella vita di un artista, e le sue peculiarit\u00e0 lo hanno reso non solo idoneo a questa trasmissione, ma proprio il cardine stesso del progetto. Senza camper, autentico strumento di connessione tra i vari set, probabilmente questo programma non si sarebbe fatto.<\/p>\n<p>Durante il nostro cordiale colloquio, mi ha colpito la sensibilit\u00e0 di Pippo Baudo quando mi ha confessato che l&#8217;aspetto che pi\u00f9 apprezzava del camper \u00e8 la possibilit\u00e0 di socializzare che assicura, assai superiore a qualsiasi altro veicolo: il poter parlare agevolmente con pi\u00f9 persone, il relazionarsi, il confrontarsi con agio e serenit\u00e0 \u00e8 certo un aspetto che spesso ricordiamo ma sul quale \u00e8 giusta l&#8217;enfasi posta durante il nostro colloquio: il camper facilita i rapporti,\u00a0 li sollecita quasi, invita al dialogo. Infatti, dice, nel realizzare questo programma si \u00e8 creato uno splendido rapporto con il conducente, Pasquale (in arte, perche in realt\u00e0 si chiama Luigi), di confidenza, di scambio di impressioni, di vedute, quasi di complicit\u00e0. E tutto il personale che talvolta \u00e8 a bordo, a supporto delle riprese (come chi si occupa di trucco e parrucco, di sartoria, ecc.) vive in un contesto quasi familiare, che agevola la collaborazione e il lavoro stesso.<\/p>\n<p>In conclusione, scopriamo di avere un convinto camperista in pi\u00f9, che consiglierebbe a chi glielo domandasse di usare il camper per la sua comodit\u00e0, innazitutto, per la convivialit\u00e0 di bordo anche in viaggio, e per il l&#8217;insieme di prestazioni che lo rendono unico come strumento, ed elemento di fraternizzazione con gli altri camperisti, che spesso salutano incrociandosi al volante, sono pronti a dare una indicazione o anche una mano se occorre, e costituiscono un gruppo del quale si \u00e8 felici di far parte.<\/p>\n<p>Grazie Pippo, uno di noi!<\/p>\n<p style=\"text-align: center;\"><img loading=\"lazy\" class=\"aligncenter size-full wp-image-34084\" style=\"border: 1px solid black; margin-top: 4px; margin-bottom: 4px;\" title=\"baudo-2\" src=\"https:\/\/www.camperonline.it\/magazine\/wp-content\/uploads\/2012\/07\/baudo-2.jpg\" alt=\"Pippo Baudo di fronte al camper, protagonista con lui nel programma Rai &quot;Il Viaggio&quot;\" width=\"500\" height=\"333\" \/><\/p>\n<p>La trasmissione<\/p>\n<p>La trasmissione &#8220;Il Viaggio&#8221; andr\u00e0 in onda da luned\u00ec 3 settembre, in prima serata, su Raitre.<br \/>\nLa traccia \u00e8 quella che il &#8216;grand tour&#8217; era per i viaggiatori dell&#8217;Ottocento, una scoperta continua.<br \/>\nA bordo di un motorhome personalizzato Pippo Baudo percorre le strade italiane come osservatore di un Paese in continuo cambiamento, puntando l&#8217;attenzione di volta in volta su una regione alla ricerca di storie e personaggi nei posti della loro vita, disegnando un quadro del passato, del presente e del futuro.<br \/>\nIn ogni regione Baudo ha incontrato oltre venti personaggi, tra scrittori, registi, cantautori, attori, filosofi, giornalisti, come\u00a0 Jovanotti, Sergio Rubini, Gianna Nannini, Gian Antonio Stella, Pier Luigi Celli, Edoardo Nesi, Matteo Renzi e tanti altri.<br \/>\nBaudo visiter\u00e0 progressivamente tutte le regioni italiane. A settembre andranno in onda le prime quattro puntate dedicate alla Toscana, alla Romagna, alla Puglia e con un secondo appuntamento in Toscana.<\/p>\n<p>Altre informazioni sono disponibili su <a href=\"http:\/\/www.ilviaggio.rai.it\">www.ilviaggio.rai.it<\/a> o su Twitter @ilviaggio_rai3.<\/p>\n","protected":false},"excerpt":{"rendered":"<p>Il nuovo programma condotto da Pippo Baudo per la Rai Che un programma televisivo veda il coinvolgimento di un camper, non \u00e8 pi\u00f9 forse una novit\u00e0 assoluta. Ma che il camper sia il protagonista, insieme al conduttore, \u00e8 un fatto inusuale ed apprezzabile. Ed \u00e8 proprio questo che accade nel nuovo format a puntate, Il Viaggio, che vede Pippo Baudo andare alla scoperta di amici, personaggi della cultura e dello spettacolo, e borghi remoti in varie regioni d&#8217;Italia proprio a bordo di un veicolo ricreazionale dalla appariscente livrea in tono con il programma. E l&#8217;incontro con il nostro settore ci ha permesso di rivolgere al grande conduttore alcune domande che hanno messo in luce interessanti aspetti del suo rapporto con il camper.<\/p>\n","protected":false},"author":6,"featured_media":0,"comment_status":"open","ping_status":"open","sticky":false,"template":"","format":"standard","meta":{"ngg_post_thumbnail":0},"categories":[10],"tags":[4660,1972,1970,1971,942],"yoast_head":"<!-- This site is optimized with the Yoast SEO plugin v18.6 - https:\/\/yoast.com\/wordpress\/plugins\/seo\/ -->\n<title>Il Viaggio di Pippo Baudo - CamperOnLine Magazine<\/title>\n<meta name=\"description\" content=\"Il nuovo programma condotto da Pippo Baudo per la Rai Che un programma televisivo veda il coinvolgimento di un camper, non \u00e8 pi\u00f9 forse una novit\u00e0\" \/>\n<meta name=\"robots\" content=\"index, follow, max-snippet:-1, max-image-preview:large, max-video-preview:-1\" \/>\n<link rel=\"canonical\" href=\"https:\/\/www.camperonline.it\/magazine\/2012\/08\/31\/il-viaggio-di-pippo-baudo\/\" \/>\n<meta property=\"og:locale\" content=\"it_IT\" \/>\n<meta property=\"og:type\" content=\"article\" \/>\n<meta property=\"og:title\" content=\"Il Viaggio di Pippo Baudo - CamperOnLine Magazine\" \/>\n<meta property=\"og:description\" content=\"Il nuovo programma condotto da Pippo Baudo per la Rai Che un programma televisivo veda il coinvolgimento di un camper, non \u00e8 pi\u00f9 forse una novit\u00e0\" \/>\n<meta property=\"og:url\" content=\"https:\/\/www.camperonline.it\/magazine\/2012\/08\/31\/il-viaggio-di-pippo-baudo\/\" \/>\n<meta property=\"og:site_name\" content=\"CamperOnLine Magazine\" \/>\n<meta property=\"article:published_time\" content=\"2012-08-31T13:30:43+00:00\" \/>\n<meta property=\"article:modified_time\" content=\"2016-03-21T11:25:00+00:00\" \/>\n<meta property=\"og:image\" content=\"https:\/\/www.camperonline.it\/magazine\/wp-content\/uploads\/2012\/07\/baudo-1.jpg\" \/>\n<meta name=\"twitter:card\" content=\"summary_large_image\" \/>\n<script type=\"application\/ld+json\" class=\"yoast-schema-graph\">{\"@context\":\"https:\/\/schema.org\",\"@graph\":[{\"@type\":\"WebSite\",\"@id\":\"https:\/\/www.camperonline.it\/magazine\/#website\",\"url\":\"https:\/\/www.camperonline.it\/magazine\/\",\"name\":\"CamperOnLine Magazine\",\"description\":\"Viaggi in camper, test, video, destinazioni, vacanze\",\"potentialAction\":[{\"@type\":\"SearchAction\",\"target\":{\"@type\":\"EntryPoint\",\"urlTemplate\":\"https:\/\/www.camperonline.it\/magazine\/?s={search_term_string}\"},\"query-input\":\"required name=search_term_string\"}],\"inLanguage\":\"it-IT\"},{\"@type\":\"ImageObject\",\"@id\":\"https:\/\/www.camperonline.it\/magazine\/2012\/08\/31\/il-viaggio-di-pippo-baudo\/#primaryimage\",\"inLanguage\":\"it-IT\",\"url\":\"https:\/\/www.camperonline.it\/magazine\/wp-content\/uploads\/2012\/07\/baudo-1.jpg\",\"contentUrl\":\"https:\/\/www.camperonline.it\/magazine\/wp-content\/uploads\/2012\/07\/baudo-1.jpg\"},{\"@type\":\"WebPage\",\"@id\":\"https:\/\/www.camperonline.it\/magazine\/2012\/08\/31\/il-viaggio-di-pippo-baudo\/#webpage\",\"url\":\"https:\/\/www.camperonline.it\/magazine\/2012\/08\/31\/il-viaggio-di-pippo-baudo\/\",\"name\":\"Il Viaggio di Pippo Baudo - CamperOnLine Magazine\",\"isPartOf\":{\"@id\":\"https:\/\/www.camperonline.it\/magazine\/#website\"},\"primaryImageOfPage\":{\"@id\":\"https:\/\/www.camperonline.it\/magazine\/2012\/08\/31\/il-viaggio-di-pippo-baudo\/#primaryimage\"},\"datePublished\":\"2012-08-31T13:30:43+00:00\",\"dateModified\":\"2016-03-21T11:25:00+00:00\",\"author\":{\"@id\":\"https:\/\/www.camperonline.it\/magazine\/#\/schema\/person\/1c21919382438f4a8a3a130e89b92acf\"},\"description\":\"Il nuovo programma condotto da Pippo Baudo per la Rai Che un programma televisivo veda il coinvolgimento di un camper, non \u00e8 pi\u00f9 forse una novit\u00e0\",\"breadcrumb\":{\"@id\":\"https:\/\/www.camperonline.it\/magazine\/2012\/08\/31\/il-viaggio-di-pippo-baudo\/#breadcrumb\"},\"inLanguage\":\"it-IT\",\"potentialAction\":[{\"@type\":\"ReadAction\",\"target\":[\"https:\/\/www.camperonline.it\/magazine\/2012\/08\/31\/il-viaggio-di-pippo-baudo\/\"]}]},{\"@type\":\"BreadcrumbList\",\"@id\":\"https:\/\/www.camperonline.it\/magazine\/2012\/08\/31\/il-viaggio-di-pippo-baudo\/#breadcrumb\",\"itemListElement\":[{\"@type\":\"ListItem\",\"position\":1,\"name\":\"Home\",\"item\":\"https:\/\/www.camperonline.it\/magazine\/\"},{\"@type\":\"ListItem\",\"position\":2,\"name\":\"Il Viaggio di Pippo Baudo\"}]},{\"@type\":\"Person\",\"@id\":\"https:\/\/www.camperonline.it\/magazine\/#\/schema\/person\/1c21919382438f4a8a3a130e89b92acf\",\"name\":\"Paolo\",\"sameAs\":[\"https:\/\/www.camperonline.it\/magazine\/\"],\"url\":\"https:\/\/www.camperonline.it\/magazine\/author\/paolo\/\"}]}<\/script>\n<!-- \/ Yoast SEO plugin. -->","yoast_head_json":{"title":"Il Viaggio di Pippo Baudo - CamperOnLine Magazine","description":"Il nuovo programma condotto da Pippo Baudo per la Rai Che un programma televisivo veda il coinvolgimento di un camper, non \u00e8 pi\u00f9 forse una novit\u00e0","robots":{"index":"index","follow":"follow","max-snippet":"max-snippet:-1","max-image-preview":"max-image-preview:large","max-video-preview":"max-video-preview:-1"},"canonical":"https:\/\/www.camperonline.it\/magazine\/2012\/08\/31\/il-viaggio-di-pippo-baudo\/","og_locale":"it_IT","og_type":"article","og_title":"Il Viaggio di Pippo Baudo - CamperOnLine Magazine","og_description":"Il nuovo programma condotto da Pippo Baudo per la Rai Che un programma televisivo veda il coinvolgimento di un camper, non \u00e8 pi\u00f9 forse una novit\u00e0","og_url":"https:\/\/www.camperonline.it\/magazine\/2012\/08\/31\/il-viaggio-di-pippo-baudo\/","og_site_name":"CamperOnLine Magazine","article_published_time":"2012-08-31T13:30:43+00:00","article_modified_time":"2016-03-21T11:25:00+00:00","og_image":[{"url":"https:\/\/www.camperonline.it\/magazine\/wp-content\/uploads\/2012\/07\/baudo-1.jpg"}],"twitter_card":"summary_large_image","schema":{"@context":"https:\/\/schema.org","@graph":[{"@type":"WebSite","@id":"https:\/\/www.camperonline.it\/magazine\/#website","url":"https:\/\/www.camperonline.it\/magazine\/","name":"CamperOnLine Magazine","description":"Viaggi in camper, test, video, destinazioni, vacanze","potentialAction":[{"@type":"SearchAction","target":{"@type":"EntryPoint","urlTemplate":"https:\/\/www.camperonline.it\/magazine\/?s={search_term_string}"},"query-input":"required name=search_term_string"}],"inLanguage":"it-IT"},{"@type":"ImageObject","@id":"https:\/\/www.camperonline.it\/magazine\/2012\/08\/31\/il-viaggio-di-pippo-baudo\/#primaryimage","inLanguage":"it-IT","url":"https:\/\/www.camperonline.it\/magazine\/wp-content\/uploads\/2012\/07\/baudo-1.jpg","contentUrl":"https:\/\/www.camperonline.it\/magazine\/wp-content\/uploads\/2012\/07\/baudo-1.jpg"},{"@type":"WebPage","@id":"https:\/\/www.camperonline.it\/magazine\/2012\/08\/31\/il-viaggio-di-pippo-baudo\/#webpage","url":"https:\/\/www.camperonline.it\/magazine\/2012\/08\/31\/il-viaggio-di-pippo-baudo\/","name":"Il Viaggio di Pippo Baudo - CamperOnLine Magazine","isPartOf":{"@id":"https:\/\/www.camperonline.it\/magazine\/#website"},"primaryImageOfPage":{"@id":"https:\/\/www.camperonline.it\/magazine\/2012\/08\/31\/il-viaggio-di-pippo-baudo\/#primaryimage"},"datePublished":"2012-08-31T13:30:43+00:00","dateModified":"2016-03-21T11:25:00+00:00","author":{"@id":"https:\/\/www.camperonline.it\/magazine\/#\/schema\/person\/1c21919382438f4a8a3a130e89b92acf"},"description":"Il nuovo programma condotto da Pippo Baudo per la Rai Che un programma televisivo veda il coinvolgimento di un camper, non \u00e8 pi\u00f9 forse una novit\u00e0","breadcrumb":{"@id":"https:\/\/www.camperonline.it\/magazine\/2012\/08\/31\/il-viaggio-di-pippo-baudo\/#breadcrumb"},"inLanguage":"it-IT","potentialAction":[{"@type":"ReadAction","target":["https:\/\/www.camperonline.it\/magazine\/2012\/08\/31\/il-viaggio-di-pippo-baudo\/"]}]},{"@type":"BreadcrumbList","@id":"https:\/\/www.camperonline.it\/magazine\/2012\/08\/31\/il-viaggio-di-pippo-baudo\/#breadcrumb","itemListElement":[{"@type":"ListItem","position":1,"name":"Home","item":"https:\/\/www.camperonline.it\/magazine\/"},{"@type":"ListItem","position":2,"name":"Il Viaggio di Pippo Baudo"}]},{"@type":"Person","@id":"https:\/\/www.camperonline.it\/magazine\/#\/schema\/person\/1c21919382438f4a8a3a130e89b92acf","name":"Paolo","sameAs":["https:\/\/www.camperonline.it\/magazine\/"],"url":"https:\/\/www.camperonline.it\/magazine\/author\/paolo\/"}]}},"_links":{"self":[{"href":"https:\/\/www.camperonline.it\/magazine\/wp-json\/wp\/v2\/posts\/34075"}],"collection":[{"href":"https:\/\/www.camperonline.it\/magazine\/wp-json\/wp\/v2\/posts"}],"about":[{"href":"https:\/\/www.camperonline.it\/magazine\/wp-json\/wp\/v2\/types\/post"}],"author":[{"embeddable":true,"href":"https:\/\/www.camperonline.it\/magazine\/wp-json\/wp\/v2\/users\/6"}],"replies":[{"embeddable":true,"href":"https:\/\/www.camperonline.it\/magazine\/wp-json\/wp\/v2\/comments?post=34075"}],"version-history":[{"count":0,"href":"https:\/\/www.camperonline.it\/magazine\/wp-json\/wp\/v2\/posts\/34075\/revisions"}],"wp:attachment":[{"href":"https:\/\/www.camperonline.it\/magazine\/wp-json\/wp\/v2\/media?parent=34075"}],"wp:term":[{"taxonomy":"category","embeddable":true,"href":"https:\/\/www.camperonline.it\/magazine\/wp-json\/wp\/v2\/categories?post=34075"},{"taxonomy":"post_tag","embeddable":true,"href":"https:\/\/www.camperonline.it\/magazine\/wp-json\/wp\/v2\/tags?post=34075"}],"curies":[{"name":"wp","href":"https:\/\/api.w.org\/{rel}","templated":true}]}}