{"id":343665,"date":"2024-07-01T18:08:29","date_gmt":"2024-07-01T16:08:29","guid":{"rendered":"https:\/\/www.camperonline.it\/magazine\/?p=343665"},"modified":"2024-07-12T10:18:29","modified_gmt":"2024-07-12T08:18:29","slug":"anteprime-e-novita-camper-e-caravan-2025-adria","status":"publish","type":"post","link":"https:\/\/www.camperonline.it\/magazine\/2024\/07\/01\/anteprime-e-novita-camper-e-caravan-2025-adria\/","title":{"rendered":"Anteprime e novit\u00e0 camper e caravan 2025: Adria"},"content":{"rendered":"<h2><strong><span class=\"yt-core-attributed-string yt-core-attributed-string--white-space-pre-wrap\" dir=\"auto\" role=\"text\">Si rinnovano i van di Adria della serie Twin, ma la gamma 2025 riserva anche altre novit\u00e0 Dai van ai motorhome, dai semintegrali alle caravan: Adria \u00e8 in grado di dare una risposta completa alle varie esigenze di chi cerca la vacanza all\u2019aria aperta. Adria si conferma uno dei pricipali costruttori europei con una gamma davvero vasta. Una gamma dove i van hanno un ruolo di primo piano, ed ecco quindi il rinnovamento delle serie Twin, Twin Sport e Twin Supreme. Non dimentichiamo che Adria \u00e8 stata tra le prime a credere nella tipologia dei van, e questo gi\u00e0 negli Anni \u201890. Per i nuovi van Adria ha messo in campo davvero molte modifiche ed \u00e8 ben evidente l\u2019ottima qualit\u00e0 dei prodotti. Come base viene utilizzato il nuovo Fiat Ducato. Al vertice della produzione Adria troviamo sempre il motorhome Supersonic, mentre tra le caravan compare un modello davvero piccolo e leggero, la nuova Aviva Lite 300 LH, che riesce a contenere la massa in 750 kg. E questo ha indubbi vantaggi per il traino, anche con vetture elettriche<\/span><\/strong><a href=\"https:\/\/youtu.be\/JIrsjVZLn7E\" target=\"_blank\" rel=\"noopener\"><img loading=\"lazy\" class=\"aligncenter size-full wp-image-343666\" src=\"https:\/\/www.camperonline.it\/magazine\/wp-content\/uploads\/2024\/07\/Anteprime-Adria-YT.jpg\" alt=\"\" width=\"1920\" height=\"1080\" srcset=\"https:\/\/www.camperonline.it\/magazine\/wp-content\/uploads\/2024\/07\/Anteprime-Adria-YT.jpg 1920w, https:\/\/www.camperonline.it\/magazine\/wp-content\/uploads\/2024\/07\/Anteprime-Adria-YT-300x169.jpg 300w, https:\/\/www.camperonline.it\/magazine\/wp-content\/uploads\/2024\/07\/Anteprime-Adria-YT-1024x576.jpg 1024w, https:\/\/www.camperonline.it\/magazine\/wp-content\/uploads\/2024\/07\/Anteprime-Adria-YT-768x432.jpg 768w, https:\/\/www.camperonline.it\/magazine\/wp-content\/uploads\/2024\/07\/Anteprime-Adria-YT-1536x864.jpg 1536w\" sizes=\"(max-width: 1920px) 100vw, 1920px\" \/><\/a><\/h2>\n<p>&nbsp;<\/p>\n<p style=\"text-align: center;\">&nbsp;<\/p>\n<div id=\"snippet\" class=\"style-scope ytd-text-inline-expander\">&nbsp;<\/div>\n<div class=\"style-scope ytd-watch-metadata\">\n<div id=\"items\" class=\"style-scope ytd-structured-description-content-renderer\">\n<div id=\"header-container\" class=\"style-scope ytd-horizontal-card-list-renderer\">\n<div class=\"title-row style-scope ytd-rich-list-header-renderer\">\n<div id=\"avatar\" class=\"style-scope ytd-rich-list-header-renderer\">&nbsp;<\/div>\n<div id=\"title-text\" class=\"style-scope ytd-rich-list-header-renderer\">&nbsp;<\/div>\n<\/div>\n<\/div>\n<\/div>\n<\/div>\n","protected":false},"excerpt":{"rendered":"<p>Si rinnovano i van di Adria della serie Twin, ma la gamma 2025 riserva anche altre novit\u00e0 Dai van ai motorhome, dai semintegrali alle caravan: Adria \u00e8 in grado di dare una risposta completa alle varie esigenze di chi cerca la vacanza all\u2019aria aperta. Adria si conferma uno dei pricipali costruttori europei con una gamma davvero vasta. Una gamma dove i van hanno un ruolo di primo piano, ed ecco quindi il rinnovamento delle serie Twin, Twin Sport e Twin Supreme. Non dimentichiamo che Adria \u00e8 stata tra le prime a credere nella tipologia dei van, e questo gi\u00e0 negli Anni \u201890. Per i nuovi van Adria ha messo in campo davvero molte modifiche ed \u00e8 ben evidente l\u2019ottima qualit\u00e0 dei prodotti. Come base viene utilizzato il nuovo Fiat Ducato. Al vertice della produzione Adria troviamo sempre il motorhome Supersonic, mentre tra le caravan compare un modello davvero piccolo e leggero, la nuova Aviva Lite 300 LH, che riesce a contenere la massa in 750 kg. E questo ha indubbi&#8230;<\/p>\n","protected":false},"author":14,"featured_media":343666,"comment_status":"closed","ping_status":"open","sticky":false,"template":"","format":"standard","meta":{"ngg_post_thumbnail":0},"categories":[504,217,3076,3073,3110,5517,3642,7035],"tags":[4723,1134,7067],"yoast_head":"<!-- This site is optimized with the Yoast SEO plugin v18.6 - https:\/\/yoast.com\/wordpress\/plugins\/seo\/ -->\n<title>Anteprime e novit\u00e0 camper e caravan 2025: Adria - CamperOnLine Magazine<\/title>\n<meta name=\"description\" content=\"Si rinnovano i van di Adria della serie Twin, ma la gamma 2025 riserva anche altre novit\u00e0 Dai van ai motorhome, dai semintegrali alle caravan: Adria \u00e8 in in video le anteprima e novit\u00e0 del brand Sloveno Adria.\" \/>\n<meta name=\"robots\" content=\"index, follow, max-snippet:-1, max-image-preview:large, max-video-preview:-1\" \/>\n<link rel=\"canonical\" href=\"https:\/\/www.camperonline.it\/magazine\/2024\/07\/01\/anteprime-e-novita-camper-e-caravan-2025-adria\/\" \/>\n<meta property=\"og:locale\" content=\"it_IT\" \/>\n<meta property=\"og:type\" content=\"article\" \/>\n<meta property=\"og:title\" content=\"Anteprime e novit\u00e0 camper e caravan 2025: Adria - CamperOnLine Magazine\" \/>\n<meta property=\"og:description\" content=\"Si rinnovano i van di Adria della serie Twin, ma la gamma 2025 riserva anche altre novit\u00e0 Dai van ai motorhome, dai semintegrali alle caravan: Adria \u00e8 in in video le anteprima e novit\u00e0 del brand Sloveno Adria.\" \/>\n<meta property=\"og:url\" content=\"https:\/\/www.camperonline.it\/magazine\/2024\/07\/01\/anteprime-e-novita-camper-e-caravan-2025-adria\/\" \/>\n<meta property=\"og:site_name\" content=\"CamperOnLine Magazine\" \/>\n<meta property=\"article:published_time\" content=\"2024-07-01T16:08:29+00:00\" \/>\n<meta property=\"article:modified_time\" content=\"2024-07-12T08:18:29+00:00\" \/>\n<meta property=\"og:image\" content=\"https:\/\/www.camperonline.it\/magazine\/wp-content\/uploads\/2024\/07\/Anteprime-Adria-YT.jpg\" \/>\n\t<meta property=\"og:image:width\" content=\"1920\" \/>\n\t<meta property=\"og:image:height\" content=\"1080\" \/>\n\t<meta property=\"og:image:type\" content=\"image\/jpeg\" \/>\n<meta name=\"twitter:card\" content=\"summary_large_image\" \/>\n<script type=\"application\/ld+json\" class=\"yoast-schema-graph\">{\"@context\":\"https:\/\/schema.org\",\"@graph\":[{\"@type\":\"WebSite\",\"@id\":\"https:\/\/www.camperonline.it\/magazine\/#website\",\"url\":\"https:\/\/www.camperonline.it\/magazine\/\",\"name\":\"CamperOnLine Magazine\",\"description\":\"Viaggi in camper, test, video, destinazioni, vacanze\",\"potentialAction\":[{\"@type\":\"SearchAction\",\"target\":{\"@type\":\"EntryPoint\",\"urlTemplate\":\"https:\/\/www.camperonline.it\/magazine\/?s={search_term_string}\"},\"query-input\":\"required name=search_term_string\"}],\"inLanguage\":\"it-IT\"},{\"@type\":\"ImageObject\",\"@id\":\"https:\/\/www.camperonline.it\/magazine\/2024\/07\/01\/anteprime-e-novita-camper-e-caravan-2025-adria\/#primaryimage\",\"inLanguage\":\"it-IT\",\"url\":\"https:\/\/www.camperonline.it\/magazine\/wp-content\/uploads\/2024\/07\/Anteprime-Adria-YT.jpg\",\"contentUrl\":\"https:\/\/www.camperonline.it\/magazine\/wp-content\/uploads\/2024\/07\/Anteprime-Adria-YT.jpg\",\"width\":1920,\"height\":1080},{\"@type\":\"WebPage\",\"@id\":\"https:\/\/www.camperonline.it\/magazine\/2024\/07\/01\/anteprime-e-novita-camper-e-caravan-2025-adria\/#webpage\",\"url\":\"https:\/\/www.camperonline.it\/magazine\/2024\/07\/01\/anteprime-e-novita-camper-e-caravan-2025-adria\/\",\"name\":\"Anteprime e novit\u00e0 camper e caravan 2025: Adria - CamperOnLine Magazine\",\"isPartOf\":{\"@id\":\"https:\/\/www.camperonline.it\/magazine\/#website\"},\"primaryImageOfPage\":{\"@id\":\"https:\/\/www.camperonline.it\/magazine\/2024\/07\/01\/anteprime-e-novita-camper-e-caravan-2025-adria\/#primaryimage\"},\"datePublished\":\"2024-07-01T16:08:29+00:00\",\"dateModified\":\"2024-07-12T08:18:29+00:00\",\"author\":{\"@id\":\"https:\/\/www.camperonline.it\/magazine\/#\/schema\/person\/d68cda3e423641741040679aca865de6\"},\"description\":\"Si rinnovano i van di Adria della serie Twin, ma la gamma 2025 riserva anche altre novit\u00e0 Dai van ai motorhome, dai semintegrali alle caravan: Adria \u00e8 in in video le anteprima e novit\u00e0 del brand Sloveno Adria.\",\"breadcrumb\":{\"@id\":\"https:\/\/www.camperonline.it\/magazine\/2024\/07\/01\/anteprime-e-novita-camper-e-caravan-2025-adria\/#breadcrumb\"},\"inLanguage\":\"it-IT\",\"potentialAction\":[{\"@type\":\"ReadAction\",\"target\":[\"https:\/\/www.camperonline.it\/magazine\/2024\/07\/01\/anteprime-e-novita-camper-e-caravan-2025-adria\/\"]}]},{\"@type\":\"BreadcrumbList\",\"@id\":\"https:\/\/www.camperonline.it\/magazine\/2024\/07\/01\/anteprime-e-novita-camper-e-caravan-2025-adria\/#breadcrumb\",\"itemListElement\":[{\"@type\":\"ListItem\",\"position\":1,\"name\":\"Home\",\"item\":\"https:\/\/www.camperonline.it\/magazine\/\"},{\"@type\":\"ListItem\",\"position\":2,\"name\":\"Anteprime e novit\u00e0 camper e caravan 2025: Adria\"}]},{\"@type\":\"Person\",\"@id\":\"https:\/\/www.camperonline.it\/magazine\/#\/schema\/person\/d68cda3e423641741040679aca865de6\",\"name\":\"Andrea\",\"url\":\"https:\/\/www.camperonline.it\/magazine\/author\/andrea\/\"}]}<\/script>\n<!-- \/ Yoast SEO plugin. -->","yoast_head_json":{"title":"Anteprime e novit\u00e0 camper e caravan 2025: Adria - CamperOnLine Magazine","description":"Si rinnovano i van di Adria della serie Twin, ma la gamma 2025 riserva anche altre novit\u00e0 Dai van ai motorhome, dai semintegrali alle caravan: Adria \u00e8 in in video le anteprima e novit\u00e0 del brand Sloveno Adria.","robots":{"index":"index","follow":"follow","max-snippet":"max-snippet:-1","max-image-preview":"max-image-preview:large","max-video-preview":"max-video-preview:-1"},"canonical":"https:\/\/www.camperonline.it\/magazine\/2024\/07\/01\/anteprime-e-novita-camper-e-caravan-2025-adria\/","og_locale":"it_IT","og_type":"article","og_title":"Anteprime e novit\u00e0 camper e caravan 2025: Adria - CamperOnLine Magazine","og_description":"Si rinnovano i van di Adria della serie Twin, ma la gamma 2025 riserva anche altre novit\u00e0 Dai van ai motorhome, dai semintegrali alle caravan: Adria \u00e8 in in video le anteprima e novit\u00e0 del brand Sloveno Adria.","og_url":"https:\/\/www.camperonline.it\/magazine\/2024\/07\/01\/anteprime-e-novita-camper-e-caravan-2025-adria\/","og_site_name":"CamperOnLine Magazine","article_published_time":"2024-07-01T16:08:29+00:00","article_modified_time":"2024-07-12T08:18:29+00:00","og_image":[{"width":1920,"height":1080,"url":"https:\/\/www.camperonline.it\/magazine\/wp-content\/uploads\/2024\/07\/Anteprime-Adria-YT.jpg","type":"image\/jpeg"}],"twitter_card":"summary_large_image","schema":{"@context":"https:\/\/schema.org","@graph":[{"@type":"WebSite","@id":"https:\/\/www.camperonline.it\/magazine\/#website","url":"https:\/\/www.camperonline.it\/magazine\/","name":"CamperOnLine Magazine","description":"Viaggi in camper, test, video, destinazioni, vacanze","potentialAction":[{"@type":"SearchAction","target":{"@type":"EntryPoint","urlTemplate":"https:\/\/www.camperonline.it\/magazine\/?s={search_term_string}"},"query-input":"required name=search_term_string"}],"inLanguage":"it-IT"},{"@type":"ImageObject","@id":"https:\/\/www.camperonline.it\/magazine\/2024\/07\/01\/anteprime-e-novita-camper-e-caravan-2025-adria\/#primaryimage","inLanguage":"it-IT","url":"https:\/\/www.camperonline.it\/magazine\/wp-content\/uploads\/2024\/07\/Anteprime-Adria-YT.jpg","contentUrl":"https:\/\/www.camperonline.it\/magazine\/wp-content\/uploads\/2024\/07\/Anteprime-Adria-YT.jpg","width":1920,"height":1080},{"@type":"WebPage","@id":"https:\/\/www.camperonline.it\/magazine\/2024\/07\/01\/anteprime-e-novita-camper-e-caravan-2025-adria\/#webpage","url":"https:\/\/www.camperonline.it\/magazine\/2024\/07\/01\/anteprime-e-novita-camper-e-caravan-2025-adria\/","name":"Anteprime e novit\u00e0 camper e caravan 2025: Adria - CamperOnLine Magazine","isPartOf":{"@id":"https:\/\/www.camperonline.it\/magazine\/#website"},"primaryImageOfPage":{"@id":"https:\/\/www.camperonline.it\/magazine\/2024\/07\/01\/anteprime-e-novita-camper-e-caravan-2025-adria\/#primaryimage"},"datePublished":"2024-07-01T16:08:29+00:00","dateModified":"2024-07-12T08:18:29+00:00","author":{"@id":"https:\/\/www.camperonline.it\/magazine\/#\/schema\/person\/d68cda3e423641741040679aca865de6"},"description":"Si rinnovano i van di Adria della serie Twin, ma la gamma 2025 riserva anche altre novit\u00e0 Dai van ai motorhome, dai semintegrali alle caravan: Adria \u00e8 in in video le anteprima e novit\u00e0 del brand Sloveno Adria.","breadcrumb":{"@id":"https:\/\/www.camperonline.it\/magazine\/2024\/07\/01\/anteprime-e-novita-camper-e-caravan-2025-adria\/#breadcrumb"},"inLanguage":"it-IT","potentialAction":[{"@type":"ReadAction","target":["https:\/\/www.camperonline.it\/magazine\/2024\/07\/01\/anteprime-e-novita-camper-e-caravan-2025-adria\/"]}]},{"@type":"BreadcrumbList","@id":"https:\/\/www.camperonline.it\/magazine\/2024\/07\/01\/anteprime-e-novita-camper-e-caravan-2025-adria\/#breadcrumb","itemListElement":[{"@type":"ListItem","position":1,"name":"Home","item":"https:\/\/www.camperonline.it\/magazine\/"},{"@type":"ListItem","position":2,"name":"Anteprime e novit\u00e0 camper e caravan 2025: Adria"}]},{"@type":"Person","@id":"https:\/\/www.camperonline.it\/magazine\/#\/schema\/person\/d68cda3e423641741040679aca865de6","name":"Andrea","url":"https:\/\/www.camperonline.it\/magazine\/author\/andrea\/"}]}},"_links":{"self":[{"href":"https:\/\/www.camperonline.it\/magazine\/wp-json\/wp\/v2\/posts\/343665"}],"collection":[{"href":"https:\/\/www.camperonline.it\/magazine\/wp-json\/wp\/v2\/posts"}],"about":[{"href":"https:\/\/www.camperonline.it\/magazine\/wp-json\/wp\/v2\/types\/post"}],"author":[{"embeddable":true,"href":"https:\/\/www.camperonline.it\/magazine\/wp-json\/wp\/v2\/users\/14"}],"replies":[{"embeddable":true,"href":"https:\/\/www.camperonline.it\/magazine\/wp-json\/wp\/v2\/comments?post=343665"}],"version-history":[{"count":4,"href":"https:\/\/www.camperonline.it\/magazine\/wp-json\/wp\/v2\/posts\/343665\/revisions"}],"predecessor-version":[{"id":343794,"href":"https:\/\/www.camperonline.it\/magazine\/wp-json\/wp\/v2\/posts\/343665\/revisions\/343794"}],"wp:featuredmedia":[{"embeddable":true,"href":"https:\/\/www.camperonline.it\/magazine\/wp-json\/wp\/v2\/media\/343666"}],"wp:attachment":[{"href":"https:\/\/www.camperonline.it\/magazine\/wp-json\/wp\/v2\/media?parent=343665"}],"wp:term":[{"taxonomy":"category","embeddable":true,"href":"https:\/\/www.camperonline.it\/magazine\/wp-json\/wp\/v2\/categories?post=343665"},{"taxonomy":"post_tag","embeddable":true,"href":"https:\/\/www.camperonline.it\/magazine\/wp-json\/wp\/v2\/tags?post=343665"}],"curies":[{"name":"wp","href":"https:\/\/api.w.org\/{rel}","templated":true}]}}