{"id":350239,"date":"2025-01-29T19:34:31","date_gmt":"2025-01-29T18:34:31","guid":{"rendered":"https:\/\/www.camperonline.it\/magazine\/?p=350239"},"modified":"2025-01-29T19:34:31","modified_gmt":"2025-01-29T18:34:31","slug":"cmt-2025-le-novita-pilote","status":"publish","type":"post","link":"https:\/\/www.camperonline.it\/magazine\/2025\/01\/29\/cmt-2025-le-novita-pilote\/","title":{"rendered":"CMT 2025: le novit\u00e0 Pilote"},"content":{"rendered":"<p><img loading=\"lazy\" class=\"aligncenter size-full wp-image-350240\" src=\"https:\/\/www.camperonline.it\/magazine\/wp-content\/uploads\/2025\/01\/CMT_cover2025Pilote.jpg\" alt=\"\" width=\"630\" height=\"354\" srcset=\"https:\/\/www.camperonline.it\/magazine\/wp-content\/uploads\/2025\/01\/CMT_cover2025Pilote.jpg 630w, https:\/\/www.camperonline.it\/magazine\/wp-content\/uploads\/2025\/01\/CMT_cover2025Pilote-300x169.jpg 300w\" sizes=\"(max-width: 630px) 100vw, 630px\" \/><\/p>\n<h2>C&#8217;\u00e8 aria di primavera in casa Pilote: svelate in occasione della kermesse tedesca le Spring Edition, versioni full optional qui rappresentate dal rinnovato Pacific 720 FC e dal nuovo Galaxy 720 FGJ<br \/>\n<!--more--><\/h2>\n<p>C\u2019\u00e8 aria di primavera in casa <strong>Pilote<\/strong>. In occasione del CMT, infatti, l\u2019azienda francese lancia la sua nuova serie speciale <strong>Spring Edition<\/strong> dedicata a due differenti planimetrie interne proposte sia in versione motorhome, sia semintegrale. E partiamo proprio da questi ultimi, qui rappresentati dal modello <strong>Pacific 720 FC Selection<\/strong>, in quanto non solo possono beneficiare di questo allestimento, ma si fanno portavoce anche di alcuni ritocchi dedicati al suo look esterno.<\/p>\n<p><img loading=\"lazy\" class=\"aligncenter size-full wp-image-350281\" src=\"https:\/\/www.camperonline.it\/magazine\/wp-content\/uploads\/2025\/01\/DSC_4837.jpg\" alt=\"\" width=\"630\" height=\"420\" srcset=\"https:\/\/www.camperonline.it\/magazine\/wp-content\/uploads\/2025\/01\/DSC_4837.jpg 630w, https:\/\/www.camperonline.it\/magazine\/wp-content\/uploads\/2025\/01\/DSC_4837-300x200.jpg 300w\" sizes=\"(max-width: 630px) 100vw, 630px\" \/><\/p>\n<p><img loading=\"lazy\" class=\"aligncenter size-full wp-image-350282\" src=\"https:\/\/www.camperonline.it\/magazine\/wp-content\/uploads\/2025\/01\/DSC_4844.jpg\" alt=\"\" width=\"630\" height=\"420\" srcset=\"https:\/\/www.camperonline.it\/magazine\/wp-content\/uploads\/2025\/01\/DSC_4844.jpg 630w, https:\/\/www.camperonline.it\/magazine\/wp-content\/uploads\/2025\/01\/DSC_4844-300x200.jpg 300w\" sizes=\"(max-width: 630px) 100vw, 630px\" \/><\/p>\n<p>E il pi\u00f9 evidente \u00e8 lo specchio di coda, completamente ridisegnato, contraddistinto ora da uno stile moderno complici le sue forme pi\u00f9 decise e marcate e il un paraurti inferiore dal design inedito con fanaleria a LED orizzontale integrata. Ci pensano poi grafiche specifiche, i cerchi in lega da 16\u201d e la cabina di guida di colore nero a donare ancor pi\u00f9 carattere ai semintegrali <strong>Spring Edition<\/strong>. Ma le dotazioni proposte di serie sono davvero numerose, figurano anche il cambio automatico, il tendalino, la stazione multimediale con telecamera di retromarcia, la batteria dei servizi al litio da 200 Ah, due pannelli solari da 100 W l\u2019uno, un inverter da 1.500 W, il potente sistema di riscaldamento Truma Combi 6E alimentato a gasolio e molto altro.<\/p>\n<p><img loading=\"lazy\" class=\"aligncenter size-full wp-image-350283\" src=\"https:\/\/www.camperonline.it\/magazine\/wp-content\/uploads\/2025\/01\/DSC_4808.jpg\" alt=\"\" width=\"630\" height=\"420\" srcset=\"https:\/\/www.camperonline.it\/magazine\/wp-content\/uploads\/2025\/01\/DSC_4808.jpg 630w, https:\/\/www.camperonline.it\/magazine\/wp-content\/uploads\/2025\/01\/DSC_4808-300x200.jpg 300w\" sizes=\"(max-width: 630px) 100vw, 630px\" \/><\/p>\n<p>Per quanto riguarda invece lo schema abitativo proposto da questo modello, nei suoi 720 cm di lunghezza ritroviamo una camera padronale con letto centrale a penisola variabile in altezza, abbinato quindi a un gavone garage, un living in conformazione face-to-face \u2013 al di sopra \u00e8 possibile richiedere in opzione un letto matrimoniale basculante \u2013 e un bagno passante suddiviso in due locali autonomi, nonch\u00e9 la possibilit\u00e0 di separare i singoli ambienti interni per ricreare la necessaria privacy.<\/p>\n<p><img loading=\"lazy\" class=\"aligncenter size-full wp-image-350284\" src=\"https:\/\/www.camperonline.it\/magazine\/wp-content\/uploads\/2025\/01\/DSC_4805.jpg\" alt=\"\" width=\"630\" height=\"420\" srcset=\"https:\/\/www.camperonline.it\/magazine\/wp-content\/uploads\/2025\/01\/DSC_4805.jpg 630w, https:\/\/www.camperonline.it\/magazine\/wp-content\/uploads\/2025\/01\/DSC_4805-300x200.jpg 300w\" sizes=\"(max-width: 630px) 100vw, 630px\" \/><\/p>\n<p><img loading=\"lazy\" class=\"aligncenter size-full wp-image-350285\" src=\"https:\/\/www.camperonline.it\/magazine\/wp-content\/uploads\/2025\/01\/DSC_4814.jpg\" alt=\"\" width=\"630\" height=\"420\" srcset=\"https:\/\/www.camperonline.it\/magazine\/wp-content\/uploads\/2025\/01\/DSC_4814.jpg 630w, https:\/\/www.camperonline.it\/magazine\/wp-content\/uploads\/2025\/01\/DSC_4814-300x200.jpg 300w\" sizes=\"(max-width: 630px) 100vw, 630px\" \/><\/p>\n<p><img loading=\"lazy\" class=\"aligncenter size-full wp-image-350286\" src=\"https:\/\/www.camperonline.it\/magazine\/wp-content\/uploads\/2025\/01\/DSC_4820.jpg\" alt=\"\" width=\"630\" height=\"420\" srcset=\"https:\/\/www.camperonline.it\/magazine\/wp-content\/uploads\/2025\/01\/DSC_4820.jpg 630w, https:\/\/www.camperonline.it\/magazine\/wp-content\/uploads\/2025\/01\/DSC_4820-300x200.jpg 300w\" sizes=\"(max-width: 630px) 100vw, 630px\" \/><\/p>\n<p><img loading=\"lazy\" class=\"aligncenter size-full wp-image-350287\" src=\"https:\/\/www.camperonline.it\/magazine\/wp-content\/uploads\/2025\/01\/DSC_4823.jpg\" alt=\"\" width=\"630\" height=\"420\" srcset=\"https:\/\/www.camperonline.it\/magazine\/wp-content\/uploads\/2025\/01\/DSC_4823.jpg 630w, https:\/\/www.camperonline.it\/magazine\/wp-content\/uploads\/2025\/01\/DSC_4823-300x200.jpg 300w\" sizes=\"(max-width: 630px) 100vw, 630px\" \/><\/p>\n<p>Ad affiancarlo ecco il motorhome <strong>Galaxy 720 FGJ Selection<\/strong>, un modello che coglie la palla al balzo di questa edizione speciale per fare la sua prima apparizione all\u2019interno della collezione di casa Pilote. La ricca dotazione portata in dote dalla Spring Edition rimane pressoch\u00e8 invariata anche nelle versioni integrali, ma la motorizzazione offerta come standard del Fiat Ducato \u00e8 qui rappresentata dal pi\u00f9 potente 2.2 MJ da 180 CV, sempre abbinata al cambio automatico. Nessun cambiamento, invece, per lo specchio di coda che mantiene l\u2019attuale conosciuto design.<\/p>\n<p><img loading=\"lazy\" class=\"aligncenter size-full wp-image-350288\" src=\"https:\/\/www.camperonline.it\/magazine\/wp-content\/uploads\/2025\/01\/DSC_4750.jpg\" alt=\"\" width=\"630\" height=\"420\" srcset=\"https:\/\/www.camperonline.it\/magazine\/wp-content\/uploads\/2025\/01\/DSC_4750.jpg 630w, https:\/\/www.camperonline.it\/magazine\/wp-content\/uploads\/2025\/01\/DSC_4750-300x200.jpg 300w\" sizes=\"(max-width: 630px) 100vw, 630px\" \/><\/p>\n<p><img loading=\"lazy\" class=\"aligncenter size-full wp-image-350289\" src=\"https:\/\/www.camperonline.it\/magazine\/wp-content\/uploads\/2025\/01\/DSC_4752.jpg\" alt=\"\" width=\"630\" height=\"420\" srcset=\"https:\/\/www.camperonline.it\/magazine\/wp-content\/uploads\/2025\/01\/DSC_4752.jpg 630w, https:\/\/www.camperonline.it\/magazine\/wp-content\/uploads\/2025\/01\/DSC_4752-300x200.jpg 300w\" sizes=\"(max-width: 630px) 100vw, 630px\" \/><\/p>\n<p>Per quanto riguarda invece il suo layout, il nuovo arrivato sviluppa nella lunghezza intermedia di 724 cm uno degli schemi abitativi oggigiorno pi\u00f9 ricercati sul mercato, ovvero quello che unisce il comfort notturno dei letti singoli gemelli, all\u2019ampio living in conformazione face-to-face. Un mobile cucina dalla forma rettangolare dalla notevole profondit\u00e0, fronteggiato dal frigorifero a compressore a colonna, e una toilette con box doccia completamente separato completano il suo allestimento.<\/p>\n<p><img loading=\"lazy\" class=\"aligncenter size-full wp-image-350290\" src=\"https:\/\/www.camperonline.it\/magazine\/wp-content\/uploads\/2025\/01\/DSC_4773.jpg\" alt=\"\" width=\"630\" height=\"420\" srcset=\"https:\/\/www.camperonline.it\/magazine\/wp-content\/uploads\/2025\/01\/DSC_4773.jpg 630w, https:\/\/www.camperonline.it\/magazine\/wp-content\/uploads\/2025\/01\/DSC_4773-300x200.jpg 300w\" sizes=\"(max-width: 630px) 100vw, 630px\" \/><\/p>\n<p><img loading=\"lazy\" class=\"aligncenter size-full wp-image-350291\" src=\"https:\/\/www.camperonline.it\/magazine\/wp-content\/uploads\/2025\/01\/DSC_4767.jpg\" alt=\"\" width=\"630\" height=\"420\" srcset=\"https:\/\/www.camperonline.it\/magazine\/wp-content\/uploads\/2025\/01\/DSC_4767.jpg 630w, https:\/\/www.camperonline.it\/magazine\/wp-content\/uploads\/2025\/01\/DSC_4767-300x200.jpg 300w\" sizes=\"(max-width: 630px) 100vw, 630px\" \/><\/p>\n<p><img loading=\"lazy\" class=\"aligncenter size-full wp-image-350292\" src=\"https:\/\/www.camperonline.it\/magazine\/wp-content\/uploads\/2025\/01\/DSC_4768.jpg\" alt=\"\" width=\"630\" height=\"420\" srcset=\"https:\/\/www.camperonline.it\/magazine\/wp-content\/uploads\/2025\/01\/DSC_4768.jpg 630w, https:\/\/www.camperonline.it\/magazine\/wp-content\/uploads\/2025\/01\/DSC_4768-300x200.jpg 300w\" sizes=\"(max-width: 630px) 100vw, 630px\" \/><\/p>\n<p><img loading=\"lazy\" class=\"aligncenter size-full wp-image-350293\" src=\"https:\/\/www.camperonline.it\/magazine\/wp-content\/uploads\/2025\/01\/DSC_4784.jpg\" alt=\"\" width=\"630\" height=\"420\" srcset=\"https:\/\/www.camperonline.it\/magazine\/wp-content\/uploads\/2025\/01\/DSC_4784.jpg 630w, https:\/\/www.camperonline.it\/magazine\/wp-content\/uploads\/2025\/01\/DSC_4784-300x200.jpg 300w\" sizes=\"(max-width: 630px) 100vw, 630px\" \/><\/p>\n<h2>Fotogallery<\/h2>\n<!-- default-view.php -->\n<div\n\tclass=\"ngg-galleryoverview default-view  ngg-ajax-pagination-none\"\n\tid=\"ngg-gallery-da8a4c8a141585af410399e9e20a206e-1\">\n\n\t\t<!-- Thumbnails -->\n\t\t\t\t<div id=\"ngg-image-0\" class=\"ngg-gallery-thumbnail-box ngg-5-columns\" >\n\t\t\t\t        <div class=\"ngg-gallery-thumbnail\">\n            <a href=\"https:\/\/www.camperonline.it\/magazine\/wp-content\/gallery\/cmt-2025-pilote\/DSC_4837.JPG\"\n               title=\"\"\n               data-src=\"https:\/\/www.camperonline.it\/magazine\/wp-content\/gallery\/cmt-2025-pilote\/DSC_4837.JPG\"\n               data-thumbnail=\"https:\/\/www.camperonline.it\/magazine\/wp-content\/gallery\/cmt-2025-pilote\/thumbs\/thumbs_DSC_4837.JPG\"\n               data-image-id=\"136088\"\n               data-title=\"DSC_4837\"\n               data-description=\"\"\n               data-image-slug=\"dsc_4837\"\n               class=\"ngg-fancybox\" rel=\"da8a4c8a141585af410399e9e20a206e\">\n                <img\n                    title=\"DSC_4837\"\n                    alt=\"DSC_4837\"\n                    src=\"https:\/\/www.camperonline.it\/magazine\/wp-content\/gallery\/cmt-2025-pilote\/thumbs\/thumbs_DSC_4837.JPG\"\n                    width=\"240\"\n                    height=\"160\"\n                    style=\"max-width:100%;\"\n                \/>\n            <\/a>\n        <\/div>\n\t\t\t\t\t\t\t<\/div> \n\t\t\t\n\t\t\t\t<div id=\"ngg-image-1\" class=\"ngg-gallery-thumbnail-box ngg-5-columns\" >\n\t\t\t\t        <div class=\"ngg-gallery-thumbnail\">\n            <a href=\"https:\/\/www.camperonline.it\/magazine\/wp-content\/gallery\/cmt-2025-pilote\/DSC_4842.JPG\"\n               title=\"\"\n               data-src=\"https:\/\/www.camperonline.it\/magazine\/wp-content\/gallery\/cmt-2025-pilote\/DSC_4842.JPG\"\n               data-thumbnail=\"https:\/\/www.camperonline.it\/magazine\/wp-content\/gallery\/cmt-2025-pilote\/thumbs\/thumbs_DSC_4842.JPG\"\n               data-image-id=\"136089\"\n               data-title=\"DSC_4842\"\n               data-description=\"\"\n               data-image-slug=\"dsc_4842\"\n               class=\"ngg-fancybox\" rel=\"da8a4c8a141585af410399e9e20a206e\">\n                <img\n                    title=\"DSC_4842\"\n                    alt=\"DSC_4842\"\n                    src=\"https:\/\/www.camperonline.it\/magazine\/wp-content\/gallery\/cmt-2025-pilote\/thumbs\/thumbs_DSC_4842.JPG\"\n                    width=\"240\"\n                    height=\"160\"\n                    style=\"max-width:100%;\"\n                \/>\n            <\/a>\n        <\/div>\n\t\t\t\t\t\t\t<\/div> \n\t\t\t\n\t\t\t\t<div id=\"ngg-image-2\" class=\"ngg-gallery-thumbnail-box ngg-5-columns\" >\n\t\t\t\t        <div class=\"ngg-gallery-thumbnail\">\n            <a href=\"https:\/\/www.camperonline.it\/magazine\/wp-content\/gallery\/cmt-2025-pilote\/DSC_4848.JPG\"\n               title=\"\"\n               data-src=\"https:\/\/www.camperonline.it\/magazine\/wp-content\/gallery\/cmt-2025-pilote\/DSC_4848.JPG\"\n               data-thumbnail=\"https:\/\/www.camperonline.it\/magazine\/wp-content\/gallery\/cmt-2025-pilote\/thumbs\/thumbs_DSC_4848.JPG\"\n               data-image-id=\"136092\"\n               data-title=\"DSC_4848\"\n               data-description=\"\"\n               data-image-slug=\"dsc_4848\"\n               class=\"ngg-fancybox\" rel=\"da8a4c8a141585af410399e9e20a206e\">\n                <img\n                    title=\"DSC_4848\"\n                    alt=\"DSC_4848\"\n                    src=\"https:\/\/www.camperonline.it\/magazine\/wp-content\/gallery\/cmt-2025-pilote\/thumbs\/thumbs_DSC_4848.JPG\"\n                    width=\"240\"\n                    height=\"160\"\n                    style=\"max-width:100%;\"\n                \/>\n            <\/a>\n        <\/div>\n\t\t\t\t\t\t\t<\/div> \n\t\t\t\n\t\t\t\t<div id=\"ngg-image-3\" class=\"ngg-gallery-thumbnail-box ngg-5-columns\" >\n\t\t\t\t        <div class=\"ngg-gallery-thumbnail\">\n            <a href=\"https:\/\/www.camperonline.it\/magazine\/wp-content\/gallery\/cmt-2025-pilote\/DSC_4844.JPG\"\n               title=\"\"\n               data-src=\"https:\/\/www.camperonline.it\/magazine\/wp-content\/gallery\/cmt-2025-pilote\/DSC_4844.JPG\"\n               data-thumbnail=\"https:\/\/www.camperonline.it\/magazine\/wp-content\/gallery\/cmt-2025-pilote\/thumbs\/thumbs_DSC_4844.JPG\"\n               data-image-id=\"136091\"\n               data-title=\"DSC_4844\"\n               data-description=\"\"\n               data-image-slug=\"dsc_4844\"\n               class=\"ngg-fancybox\" rel=\"da8a4c8a141585af410399e9e20a206e\">\n                <img\n                    title=\"DSC_4844\"\n                    alt=\"DSC_4844\"\n                    src=\"https:\/\/www.camperonline.it\/magazine\/wp-content\/gallery\/cmt-2025-pilote\/thumbs\/thumbs_DSC_4844.JPG\"\n                    width=\"240\"\n                    height=\"160\"\n                    style=\"max-width:100%;\"\n                \/>\n            <\/a>\n        <\/div>\n\t\t\t\t\t\t\t<\/div> \n\t\t\t\n\t\t\t\t<div id=\"ngg-image-4\" class=\"ngg-gallery-thumbnail-box ngg-5-columns\" >\n\t\t\t\t        <div class=\"ngg-gallery-thumbnail\">\n            <a href=\"https:\/\/www.camperonline.it\/magazine\/wp-content\/gallery\/cmt-2025-pilote\/DSC_4850.JPG\"\n               title=\"\"\n               data-src=\"https:\/\/www.camperonline.it\/magazine\/wp-content\/gallery\/cmt-2025-pilote\/DSC_4850.JPG\"\n               data-thumbnail=\"https:\/\/www.camperonline.it\/magazine\/wp-content\/gallery\/cmt-2025-pilote\/thumbs\/thumbs_DSC_4850.JPG\"\n               data-image-id=\"136090\"\n               data-title=\"DSC_4850\"\n               data-description=\"\"\n               data-image-slug=\"dsc_4850\"\n               class=\"ngg-fancybox\" rel=\"da8a4c8a141585af410399e9e20a206e\">\n                <img\n                    title=\"DSC_4850\"\n                    alt=\"DSC_4850\"\n                    src=\"https:\/\/www.camperonline.it\/magazine\/wp-content\/gallery\/cmt-2025-pilote\/thumbs\/thumbs_DSC_4850.JPG\"\n                    width=\"240\"\n                    height=\"160\"\n                    style=\"max-width:100%;\"\n                \/>\n            <\/a>\n        <\/div>\n\t\t\t\t\t\t\t<\/div> \n\t\t\t\n\t\t\t\t<div id=\"ngg-image-5\" class=\"ngg-gallery-thumbnail-box ngg-5-columns\" >\n\t\t\t\t        <div class=\"ngg-gallery-thumbnail\">\n            <a href=\"https:\/\/www.camperonline.it\/magazine\/wp-content\/gallery\/cmt-2025-pilote\/DSC_4808.JPG\"\n               title=\"\"\n               data-src=\"https:\/\/www.camperonline.it\/magazine\/wp-content\/gallery\/cmt-2025-pilote\/DSC_4808.JPG\"\n               data-thumbnail=\"https:\/\/www.camperonline.it\/magazine\/wp-content\/gallery\/cmt-2025-pilote\/thumbs\/thumbs_DSC_4808.JPG\"\n               data-image-id=\"136079\"\n               data-title=\"DSC_4808\"\n               data-description=\"\"\n               data-image-slug=\"dsc_4808\"\n               class=\"ngg-fancybox\" rel=\"da8a4c8a141585af410399e9e20a206e\">\n                <img\n                    title=\"DSC_4808\"\n                    alt=\"DSC_4808\"\n                    src=\"https:\/\/www.camperonline.it\/magazine\/wp-content\/gallery\/cmt-2025-pilote\/thumbs\/thumbs_DSC_4808.JPG\"\n                    width=\"240\"\n                    height=\"160\"\n                    style=\"max-width:100%;\"\n                \/>\n            <\/a>\n        <\/div>\n\t\t\t\t\t\t\t<\/div> \n\t\t\t\n\t\t\t\t<div id=\"ngg-image-6\" class=\"ngg-gallery-thumbnail-box ngg-5-columns\" >\n\t\t\t\t        <div class=\"ngg-gallery-thumbnail\">\n            <a href=\"https:\/\/www.camperonline.it\/magazine\/wp-content\/gallery\/cmt-2025-pilote\/DSC_4800.JPG\"\n               title=\"\"\n               data-src=\"https:\/\/www.camperonline.it\/magazine\/wp-content\/gallery\/cmt-2025-pilote\/DSC_4800.JPG\"\n               data-thumbnail=\"https:\/\/www.camperonline.it\/magazine\/wp-content\/gallery\/cmt-2025-pilote\/thumbs\/thumbs_DSC_4800.JPG\"\n               data-image-id=\"136075\"\n               data-title=\"DSC_4800\"\n               data-description=\"\"\n               data-image-slug=\"dsc_4800\"\n               class=\"ngg-fancybox\" rel=\"da8a4c8a141585af410399e9e20a206e\">\n                <img\n                    title=\"DSC_4800\"\n                    alt=\"DSC_4800\"\n                    src=\"https:\/\/www.camperonline.it\/magazine\/wp-content\/gallery\/cmt-2025-pilote\/thumbs\/thumbs_DSC_4800.JPG\"\n                    width=\"240\"\n                    height=\"160\"\n                    style=\"max-width:100%;\"\n                \/>\n            <\/a>\n        <\/div>\n\t\t\t\t\t\t\t<\/div> \n\t\t\t\n\t\t\t\t<div id=\"ngg-image-7\" class=\"ngg-gallery-thumbnail-box ngg-5-columns\" >\n\t\t\t\t        <div class=\"ngg-gallery-thumbnail\">\n            <a href=\"https:\/\/www.camperonline.it\/magazine\/wp-content\/gallery\/cmt-2025-pilote\/DSC_4814.JPG\"\n               title=\"\"\n               data-src=\"https:\/\/www.camperonline.it\/magazine\/wp-content\/gallery\/cmt-2025-pilote\/DSC_4814.JPG\"\n               data-thumbnail=\"https:\/\/www.camperonline.it\/magazine\/wp-content\/gallery\/cmt-2025-pilote\/thumbs\/thumbs_DSC_4814.JPG\"\n               data-image-id=\"136077\"\n               data-title=\"DSC_4814\"\n               data-description=\"\"\n               data-image-slug=\"dsc_4814\"\n               class=\"ngg-fancybox\" rel=\"da8a4c8a141585af410399e9e20a206e\">\n                <img\n                    title=\"DSC_4814\"\n                    alt=\"DSC_4814\"\n                    src=\"https:\/\/www.camperonline.it\/magazine\/wp-content\/gallery\/cmt-2025-pilote\/thumbs\/thumbs_DSC_4814.JPG\"\n                    width=\"240\"\n                    height=\"160\"\n                    style=\"max-width:100%;\"\n                \/>\n            <\/a>\n        <\/div>\n\t\t\t\t\t\t\t<\/div> \n\t\t\t\n\t\t\t\t<div id=\"ngg-image-8\" class=\"ngg-gallery-thumbnail-box ngg-5-columns\" >\n\t\t\t\t        <div class=\"ngg-gallery-thumbnail\">\n            <a href=\"https:\/\/www.camperonline.it\/magazine\/wp-content\/gallery\/cmt-2025-pilote\/DSC_4810.JPG\"\n               title=\"\"\n               data-src=\"https:\/\/www.camperonline.it\/magazine\/wp-content\/gallery\/cmt-2025-pilote\/DSC_4810.JPG\"\n               data-thumbnail=\"https:\/\/www.camperonline.it\/magazine\/wp-content\/gallery\/cmt-2025-pilote\/thumbs\/thumbs_DSC_4810.JPG\"\n               data-image-id=\"136076\"\n               data-title=\"DSC_4810\"\n               data-description=\"\"\n               data-image-slug=\"dsc_4810\"\n               class=\"ngg-fancybox\" rel=\"da8a4c8a141585af410399e9e20a206e\">\n                <img\n                    title=\"DSC_4810\"\n                    alt=\"DSC_4810\"\n                    src=\"https:\/\/www.camperonline.it\/magazine\/wp-content\/gallery\/cmt-2025-pilote\/thumbs\/thumbs_DSC_4810.JPG\"\n                    width=\"240\"\n                    height=\"160\"\n                    style=\"max-width:100%;\"\n                \/>\n            <\/a>\n        <\/div>\n\t\t\t\t\t\t\t<\/div> \n\t\t\t\n\t\t\t\t<div id=\"ngg-image-9\" class=\"ngg-gallery-thumbnail-box ngg-5-columns\" >\n\t\t\t\t        <div class=\"ngg-gallery-thumbnail\">\n            <a href=\"https:\/\/www.camperonline.it\/magazine\/wp-content\/gallery\/cmt-2025-pilote\/DSC_4836.JPG\"\n               title=\"\"\n               data-src=\"https:\/\/www.camperonline.it\/magazine\/wp-content\/gallery\/cmt-2025-pilote\/DSC_4836.JPG\"\n               data-thumbnail=\"https:\/\/www.camperonline.it\/magazine\/wp-content\/gallery\/cmt-2025-pilote\/thumbs\/thumbs_DSC_4836.JPG\"\n               data-image-id=\"136087\"\n               data-title=\"DSC_4836\"\n               data-description=\"\"\n               data-image-slug=\"dsc_4836\"\n               class=\"ngg-fancybox\" rel=\"da8a4c8a141585af410399e9e20a206e\">\n                <img\n                    title=\"DSC_4836\"\n                    alt=\"DSC_4836\"\n                    src=\"https:\/\/www.camperonline.it\/magazine\/wp-content\/gallery\/cmt-2025-pilote\/thumbs\/thumbs_DSC_4836.JPG\"\n                    width=\"240\"\n                    height=\"160\"\n                    style=\"max-width:100%;\"\n                \/>\n            <\/a>\n        <\/div>\n\t\t\t\t\t\t\t<\/div> \n\t\t\t\n\t\t\t\t<div id=\"ngg-image-10\" class=\"ngg-gallery-thumbnail-box ngg-5-columns\" >\n\t\t\t\t        <div class=\"ngg-gallery-thumbnail\">\n            <a href=\"https:\/\/www.camperonline.it\/magazine\/wp-content\/gallery\/cmt-2025-pilote\/DSC_4805.JPG\"\n               title=\"\"\n               data-src=\"https:\/\/www.camperonline.it\/magazine\/wp-content\/gallery\/cmt-2025-pilote\/DSC_4805.JPG\"\n               data-thumbnail=\"https:\/\/www.camperonline.it\/magazine\/wp-content\/gallery\/cmt-2025-pilote\/thumbs\/thumbs_DSC_4805.JPG\"\n               data-image-id=\"136074\"\n               data-title=\"DSC_4805\"\n               data-description=\"\"\n               data-image-slug=\"dsc_4805\"\n               class=\"ngg-fancybox\" rel=\"da8a4c8a141585af410399e9e20a206e\">\n                <img\n                    title=\"DSC_4805\"\n                    alt=\"DSC_4805\"\n                    src=\"https:\/\/www.camperonline.it\/magazine\/wp-content\/gallery\/cmt-2025-pilote\/thumbs\/thumbs_DSC_4805.JPG\"\n                    width=\"240\"\n                    height=\"160\"\n                    style=\"max-width:100%;\"\n                \/>\n            <\/a>\n        <\/div>\n\t\t\t\t\t\t\t<\/div> \n\t\t\t\n\t\t\t\t<div id=\"ngg-image-11\" class=\"ngg-gallery-thumbnail-box ngg-5-columns\" >\n\t\t\t\t        <div class=\"ngg-gallery-thumbnail\">\n            <a href=\"https:\/\/www.camperonline.it\/magazine\/wp-content\/gallery\/cmt-2025-pilote\/DSC_4816.JPG\"\n               title=\"\"\n               data-src=\"https:\/\/www.camperonline.it\/magazine\/wp-content\/gallery\/cmt-2025-pilote\/DSC_4816.JPG\"\n               data-thumbnail=\"https:\/\/www.camperonline.it\/magazine\/wp-content\/gallery\/cmt-2025-pilote\/thumbs\/thumbs_DSC_4816.JPG\"\n               data-image-id=\"136078\"\n               data-title=\"DSC_4816\"\n               data-description=\"\"\n               data-image-slug=\"dsc_4816\"\n               class=\"ngg-fancybox\" rel=\"da8a4c8a141585af410399e9e20a206e\">\n                <img\n                    title=\"DSC_4816\"\n                    alt=\"DSC_4816\"\n                    src=\"https:\/\/www.camperonline.it\/magazine\/wp-content\/gallery\/cmt-2025-pilote\/thumbs\/thumbs_DSC_4816.JPG\"\n                    width=\"240\"\n                    height=\"160\"\n                    style=\"max-width:100%;\"\n                \/>\n            <\/a>\n        <\/div>\n\t\t\t\t\t\t\t<\/div> \n\t\t\t\n\t\t\t\t<div id=\"ngg-image-12\" class=\"ngg-gallery-thumbnail-box ngg-5-columns\" >\n\t\t\t\t        <div class=\"ngg-gallery-thumbnail\">\n            <a href=\"https:\/\/www.camperonline.it\/magazine\/wp-content\/gallery\/cmt-2025-pilote\/DSC_4818.JPG\"\n               title=\"\"\n               data-src=\"https:\/\/www.camperonline.it\/magazine\/wp-content\/gallery\/cmt-2025-pilote\/DSC_4818.JPG\"\n               data-thumbnail=\"https:\/\/www.camperonline.it\/magazine\/wp-content\/gallery\/cmt-2025-pilote\/thumbs\/thumbs_DSC_4818.JPG\"\n               data-image-id=\"136080\"\n               data-title=\"DSC_4818\"\n               data-description=\"\"\n               data-image-slug=\"dsc_4818\"\n               class=\"ngg-fancybox\" rel=\"da8a4c8a141585af410399e9e20a206e\">\n                <img\n                    title=\"DSC_4818\"\n                    alt=\"DSC_4818\"\n                    src=\"https:\/\/www.camperonline.it\/magazine\/wp-content\/gallery\/cmt-2025-pilote\/thumbs\/thumbs_DSC_4818.JPG\"\n                    width=\"240\"\n                    height=\"160\"\n                    style=\"max-width:100%;\"\n                \/>\n            <\/a>\n        <\/div>\n\t\t\t\t\t\t\t<\/div> \n\t\t\t\n\t\t\t\t<div id=\"ngg-image-13\" class=\"ngg-gallery-thumbnail-box ngg-5-columns\" >\n\t\t\t\t        <div class=\"ngg-gallery-thumbnail\">\n            <a href=\"https:\/\/www.camperonline.it\/magazine\/wp-content\/gallery\/cmt-2025-pilote\/DSC_4820.JPG\"\n               title=\"\"\n               data-src=\"https:\/\/www.camperonline.it\/magazine\/wp-content\/gallery\/cmt-2025-pilote\/DSC_4820.JPG\"\n               data-thumbnail=\"https:\/\/www.camperonline.it\/magazine\/wp-content\/gallery\/cmt-2025-pilote\/thumbs\/thumbs_DSC_4820.JPG\"\n               data-image-id=\"136081\"\n               data-title=\"DSC_4820\"\n               data-description=\"\"\n               data-image-slug=\"dsc_4820\"\n               class=\"ngg-fancybox\" rel=\"da8a4c8a141585af410399e9e20a206e\">\n                <img\n                    title=\"DSC_4820\"\n                    alt=\"DSC_4820\"\n                    src=\"https:\/\/www.camperonline.it\/magazine\/wp-content\/gallery\/cmt-2025-pilote\/thumbs\/thumbs_DSC_4820.JPG\"\n                    width=\"240\"\n                    height=\"160\"\n                    style=\"max-width:100%;\"\n                \/>\n            <\/a>\n        <\/div>\n\t\t\t\t\t\t\t<\/div> \n\t\t\t\n\t\t\t\t<div id=\"ngg-image-14\" class=\"ngg-gallery-thumbnail-box ngg-5-columns\" >\n\t\t\t\t        <div class=\"ngg-gallery-thumbnail\">\n            <a href=\"https:\/\/www.camperonline.it\/magazine\/wp-content\/gallery\/cmt-2025-pilote\/DSC_4822.JPG\"\n               title=\"\"\n               data-src=\"https:\/\/www.camperonline.it\/magazine\/wp-content\/gallery\/cmt-2025-pilote\/DSC_4822.JPG\"\n               data-thumbnail=\"https:\/\/www.camperonline.it\/magazine\/wp-content\/gallery\/cmt-2025-pilote\/thumbs\/thumbs_DSC_4822.JPG\"\n               data-image-id=\"136085\"\n               data-title=\"DSC_4822\"\n               data-description=\"\"\n               data-image-slug=\"dsc_4822\"\n               class=\"ngg-fancybox\" rel=\"da8a4c8a141585af410399e9e20a206e\">\n                <img\n                    title=\"DSC_4822\"\n                    alt=\"DSC_4822\"\n                    src=\"https:\/\/www.camperonline.it\/magazine\/wp-content\/gallery\/cmt-2025-pilote\/thumbs\/thumbs_DSC_4822.JPG\"\n                    width=\"240\"\n                    height=\"160\"\n                    style=\"max-width:100%;\"\n                \/>\n            <\/a>\n        <\/div>\n\t\t\t\t\t\t\t<\/div> \n\t\t\t\n\t\t\t\t<div id=\"ngg-image-15\" class=\"ngg-gallery-thumbnail-box ngg-5-columns\" >\n\t\t\t\t        <div class=\"ngg-gallery-thumbnail\">\n            <a href=\"https:\/\/www.camperonline.it\/magazine\/wp-content\/gallery\/cmt-2025-pilote\/DSC_4833.JPG\"\n               title=\"\"\n               data-src=\"https:\/\/www.camperonline.it\/magazine\/wp-content\/gallery\/cmt-2025-pilote\/DSC_4833.JPG\"\n               data-thumbnail=\"https:\/\/www.camperonline.it\/magazine\/wp-content\/gallery\/cmt-2025-pilote\/thumbs\/thumbs_DSC_4833.JPG\"\n               data-image-id=\"136086\"\n               data-title=\"DSC_4833\"\n               data-description=\"\"\n               data-image-slug=\"dsc_4833\"\n               class=\"ngg-fancybox\" rel=\"da8a4c8a141585af410399e9e20a206e\">\n                <img\n                    title=\"DSC_4833\"\n                    alt=\"DSC_4833\"\n                    src=\"https:\/\/www.camperonline.it\/magazine\/wp-content\/gallery\/cmt-2025-pilote\/thumbs\/thumbs_DSC_4833.JPG\"\n                    width=\"240\"\n                    height=\"160\"\n                    style=\"max-width:100%;\"\n                \/>\n            <\/a>\n        <\/div>\n\t\t\t\t\t\t\t<\/div> \n\t\t\t\n\t\t\t\t<div id=\"ngg-image-16\" class=\"ngg-gallery-thumbnail-box ngg-5-columns\" >\n\t\t\t\t        <div class=\"ngg-gallery-thumbnail\">\n            <a href=\"https:\/\/www.camperonline.it\/magazine\/wp-content\/gallery\/cmt-2025-pilote\/DSC_4823.JPG\"\n               title=\"\"\n               data-src=\"https:\/\/www.camperonline.it\/magazine\/wp-content\/gallery\/cmt-2025-pilote\/DSC_4823.JPG\"\n               data-thumbnail=\"https:\/\/www.camperonline.it\/magazine\/wp-content\/gallery\/cmt-2025-pilote\/thumbs\/thumbs_DSC_4823.JPG\"\n               data-image-id=\"136083\"\n               data-title=\"DSC_4823\"\n               data-description=\"\"\n               data-image-slug=\"dsc_4823\"\n               class=\"ngg-fancybox\" rel=\"da8a4c8a141585af410399e9e20a206e\">\n                <img\n                    title=\"DSC_4823\"\n                    alt=\"DSC_4823\"\n                    src=\"https:\/\/www.camperonline.it\/magazine\/wp-content\/gallery\/cmt-2025-pilote\/thumbs\/thumbs_DSC_4823.JPG\"\n                    width=\"240\"\n                    height=\"160\"\n                    style=\"max-width:100%;\"\n                \/>\n            <\/a>\n        <\/div>\n\t\t\t\t\t\t\t<\/div> \n\t\t\t\n\t\t\t\t<div id=\"ngg-image-17\" class=\"ngg-gallery-thumbnail-box ngg-5-columns\" >\n\t\t\t\t        <div class=\"ngg-gallery-thumbnail\">\n            <a href=\"https:\/\/www.camperonline.it\/magazine\/wp-content\/gallery\/cmt-2025-pilote\/DSC_4829.JPG\"\n               title=\"\"\n               data-src=\"https:\/\/www.camperonline.it\/magazine\/wp-content\/gallery\/cmt-2025-pilote\/DSC_4829.JPG\"\n               data-thumbnail=\"https:\/\/www.camperonline.it\/magazine\/wp-content\/gallery\/cmt-2025-pilote\/thumbs\/thumbs_DSC_4829.JPG\"\n               data-image-id=\"136082\"\n               data-title=\"DSC_4829\"\n               data-description=\"\"\n               data-image-slug=\"dsc_4829\"\n               class=\"ngg-fancybox\" rel=\"da8a4c8a141585af410399e9e20a206e\">\n                <img\n                    title=\"DSC_4829\"\n                    alt=\"DSC_4829\"\n                    src=\"https:\/\/www.camperonline.it\/magazine\/wp-content\/gallery\/cmt-2025-pilote\/thumbs\/thumbs_DSC_4829.JPG\"\n                    width=\"240\"\n                    height=\"160\"\n                    style=\"max-width:100%;\"\n                \/>\n            <\/a>\n        <\/div>\n\t\t\t\t\t\t\t<\/div> \n\t\t\t\n\t\t\t\t<div id=\"ngg-image-18\" class=\"ngg-gallery-thumbnail-box ngg-5-columns\" >\n\t\t\t\t        <div class=\"ngg-gallery-thumbnail\">\n            <a href=\"https:\/\/www.camperonline.it\/magazine\/wp-content\/gallery\/cmt-2025-pilote\/DSC_4832.JPG\"\n               title=\"\"\n               data-src=\"https:\/\/www.camperonline.it\/magazine\/wp-content\/gallery\/cmt-2025-pilote\/DSC_4832.JPG\"\n               data-thumbnail=\"https:\/\/www.camperonline.it\/magazine\/wp-content\/gallery\/cmt-2025-pilote\/thumbs\/thumbs_DSC_4832.JPG\"\n               data-image-id=\"136084\"\n               data-title=\"DSC_4832\"\n               data-description=\"\"\n               data-image-slug=\"dsc_4832\"\n               class=\"ngg-fancybox\" rel=\"da8a4c8a141585af410399e9e20a206e\">\n                <img\n                    title=\"DSC_4832\"\n                    alt=\"DSC_4832\"\n                    src=\"https:\/\/www.camperonline.it\/magazine\/wp-content\/gallery\/cmt-2025-pilote\/thumbs\/thumbs_DSC_4832.JPG\"\n                    width=\"240\"\n                    height=\"160\"\n                    style=\"max-width:100%;\"\n                \/>\n            <\/a>\n        <\/div>\n\t\t\t\t\t\t\t<\/div> \n\t\t\t\n\t\t\t\t<div id=\"ngg-image-19\" class=\"ngg-gallery-thumbnail-box ngg-5-columns\" >\n\t\t\t\t        <div class=\"ngg-gallery-thumbnail\">\n            <a href=\"https:\/\/www.camperonline.it\/magazine\/wp-content\/gallery\/cmt-2025-pilote\/DSC_4750.JPG\"\n               title=\"\"\n               data-src=\"https:\/\/www.camperonline.it\/magazine\/wp-content\/gallery\/cmt-2025-pilote\/DSC_4750.JPG\"\n               data-thumbnail=\"https:\/\/www.camperonline.it\/magazine\/wp-content\/gallery\/cmt-2025-pilote\/thumbs\/thumbs_DSC_4750.JPG\"\n               data-image-id=\"136093\"\n               data-title=\"DSC_4750\"\n               data-description=\"\"\n               data-image-slug=\"dsc_4750\"\n               class=\"ngg-fancybox\" rel=\"da8a4c8a141585af410399e9e20a206e\">\n                <img\n                    title=\"DSC_4750\"\n                    alt=\"DSC_4750\"\n                    src=\"https:\/\/www.camperonline.it\/magazine\/wp-content\/gallery\/cmt-2025-pilote\/thumbs\/thumbs_DSC_4750.JPG\"\n                    width=\"240\"\n                    height=\"160\"\n                    style=\"max-width:100%;\"\n                \/>\n            <\/a>\n        <\/div>\n\t\t\t\t\t\t\t<\/div> \n\t\t\t\n\t\t\t\t<div id=\"ngg-image-20\" class=\"ngg-gallery-thumbnail-box ngg-5-columns\" >\n\t\t\t\t        <div class=\"ngg-gallery-thumbnail\">\n            <a href=\"https:\/\/www.camperonline.it\/magazine\/wp-content\/gallery\/cmt-2025-pilote\/DSC_4752.JPG\"\n               title=\"\"\n               data-src=\"https:\/\/www.camperonline.it\/magazine\/wp-content\/gallery\/cmt-2025-pilote\/DSC_4752.JPG\"\n               data-thumbnail=\"https:\/\/www.camperonline.it\/magazine\/wp-content\/gallery\/cmt-2025-pilote\/thumbs\/thumbs_DSC_4752.JPG\"\n               data-image-id=\"136094\"\n               data-title=\"DSC_4752\"\n               data-description=\"\"\n               data-image-slug=\"dsc_4752\"\n               class=\"ngg-fancybox\" rel=\"da8a4c8a141585af410399e9e20a206e\">\n                <img\n                    title=\"DSC_4752\"\n                    alt=\"DSC_4752\"\n                    src=\"https:\/\/www.camperonline.it\/magazine\/wp-content\/gallery\/cmt-2025-pilote\/thumbs\/thumbs_DSC_4752.JPG\"\n                    width=\"240\"\n                    height=\"160\"\n                    style=\"max-width:100%;\"\n                \/>\n            <\/a>\n        <\/div>\n\t\t\t\t\t\t\t<\/div> \n\t\t\t\n\t\t\t\t<div id=\"ngg-image-21\" class=\"ngg-gallery-thumbnail-box ngg-5-columns\" >\n\t\t\t\t        <div class=\"ngg-gallery-thumbnail\">\n            <a href=\"https:\/\/www.camperonline.it\/magazine\/wp-content\/gallery\/cmt-2025-pilote\/DSC_4756.JPG\"\n               title=\"\"\n               data-src=\"https:\/\/www.camperonline.it\/magazine\/wp-content\/gallery\/cmt-2025-pilote\/DSC_4756.JPG\"\n               data-thumbnail=\"https:\/\/www.camperonline.it\/magazine\/wp-content\/gallery\/cmt-2025-pilote\/thumbs\/thumbs_DSC_4756.JPG\"\n               data-image-id=\"136095\"\n               data-title=\"DSC_4756\"\n               data-description=\"\"\n               data-image-slug=\"dsc_4756\"\n               class=\"ngg-fancybox\" rel=\"da8a4c8a141585af410399e9e20a206e\">\n                <img\n                    title=\"DSC_4756\"\n                    alt=\"DSC_4756\"\n                    src=\"https:\/\/www.camperonline.it\/magazine\/wp-content\/gallery\/cmt-2025-pilote\/thumbs\/thumbs_DSC_4756.JPG\"\n                    width=\"240\"\n                    height=\"160\"\n                    style=\"max-width:100%;\"\n                \/>\n            <\/a>\n        <\/div>\n\t\t\t\t\t\t\t<\/div> \n\t\t\t\n\t\t\t\t<div id=\"ngg-image-22\" class=\"ngg-gallery-thumbnail-box ngg-5-columns\" >\n\t\t\t\t        <div class=\"ngg-gallery-thumbnail\">\n            <a href=\"https:\/\/www.camperonline.it\/magazine\/wp-content\/gallery\/cmt-2025-pilote\/DSC_4773.JPG\"\n               title=\"\"\n               data-src=\"https:\/\/www.camperonline.it\/magazine\/wp-content\/gallery\/cmt-2025-pilote\/DSC_4773.JPG\"\n               data-thumbnail=\"https:\/\/www.camperonline.it\/magazine\/wp-content\/gallery\/cmt-2025-pilote\/thumbs\/thumbs_DSC_4773.JPG\"\n               data-image-id=\"136100\"\n               data-title=\"DSC_4773\"\n               data-description=\"\"\n               data-image-slug=\"dsc_4773\"\n               class=\"ngg-fancybox\" rel=\"da8a4c8a141585af410399e9e20a206e\">\n                <img\n                    title=\"DSC_4773\"\n                    alt=\"DSC_4773\"\n                    src=\"https:\/\/www.camperonline.it\/magazine\/wp-content\/gallery\/cmt-2025-pilote\/thumbs\/thumbs_DSC_4773.JPG\"\n                    width=\"240\"\n                    height=\"160\"\n                    style=\"max-width:100%;\"\n                \/>\n            <\/a>\n        <\/div>\n\t\t\t\t\t\t\t<\/div> \n\t\t\t\n\t\t\t\t<div id=\"ngg-image-23\" class=\"ngg-gallery-thumbnail-box ngg-5-columns\" >\n\t\t\t\t        <div class=\"ngg-gallery-thumbnail\">\n            <a href=\"https:\/\/www.camperonline.it\/magazine\/wp-content\/gallery\/cmt-2025-pilote\/DSC_4776.JPG\"\n               title=\"\"\n               data-src=\"https:\/\/www.camperonline.it\/magazine\/wp-content\/gallery\/cmt-2025-pilote\/DSC_4776.JPG\"\n               data-thumbnail=\"https:\/\/www.camperonline.it\/magazine\/wp-content\/gallery\/cmt-2025-pilote\/thumbs\/thumbs_DSC_4776.JPG\"\n               data-image-id=\"136102\"\n               data-title=\"DSC_4776\"\n               data-description=\"\"\n               data-image-slug=\"dsc_4776\"\n               class=\"ngg-fancybox\" rel=\"da8a4c8a141585af410399e9e20a206e\">\n                <img\n                    title=\"DSC_4776\"\n                    alt=\"DSC_4776\"\n                    src=\"https:\/\/www.camperonline.it\/magazine\/wp-content\/gallery\/cmt-2025-pilote\/thumbs\/thumbs_DSC_4776.JPG\"\n                    width=\"240\"\n                    height=\"160\"\n                    style=\"max-width:100%;\"\n                \/>\n            <\/a>\n        <\/div>\n\t\t\t\t\t\t\t<\/div> \n\t\t\t\n\t\t\t\t<div id=\"ngg-image-24\" class=\"ngg-gallery-thumbnail-box ngg-5-columns\" >\n\t\t\t\t        <div class=\"ngg-gallery-thumbnail\">\n            <a href=\"https:\/\/www.camperonline.it\/magazine\/wp-content\/gallery\/cmt-2025-pilote\/DSC_4767.JPG\"\n               title=\"\"\n               data-src=\"https:\/\/www.camperonline.it\/magazine\/wp-content\/gallery\/cmt-2025-pilote\/DSC_4767.JPG\"\n               data-thumbnail=\"https:\/\/www.camperonline.it\/magazine\/wp-content\/gallery\/cmt-2025-pilote\/thumbs\/thumbs_DSC_4767.JPG\"\n               data-image-id=\"136099\"\n               data-title=\"DSC_4767\"\n               data-description=\"\"\n               data-image-slug=\"dsc_4767\"\n               class=\"ngg-fancybox\" rel=\"da8a4c8a141585af410399e9e20a206e\">\n                <img\n                    title=\"DSC_4767\"\n                    alt=\"DSC_4767\"\n                    src=\"https:\/\/www.camperonline.it\/magazine\/wp-content\/gallery\/cmt-2025-pilote\/thumbs\/thumbs_DSC_4767.JPG\"\n                    width=\"240\"\n                    height=\"160\"\n                    style=\"max-width:100%;\"\n                \/>\n            <\/a>\n        <\/div>\n\t\t\t\t\t\t\t<\/div> \n\t\t\t\n\t\t\t\t<div id=\"ngg-image-25\" class=\"ngg-gallery-thumbnail-box ngg-5-columns\" >\n\t\t\t\t        <div class=\"ngg-gallery-thumbnail\">\n            <a href=\"https:\/\/www.camperonline.it\/magazine\/wp-content\/gallery\/cmt-2025-pilote\/DSC_4794.JPG\"\n               title=\"\"\n               data-src=\"https:\/\/www.camperonline.it\/magazine\/wp-content\/gallery\/cmt-2025-pilote\/DSC_4794.JPG\"\n               data-thumbnail=\"https:\/\/www.camperonline.it\/magazine\/wp-content\/gallery\/cmt-2025-pilote\/thumbs\/thumbs_DSC_4794.JPG\"\n               data-image-id=\"136109\"\n               data-title=\"DSC_4794\"\n               data-description=\"\"\n               data-image-slug=\"dsc_4794\"\n               class=\"ngg-fancybox\" rel=\"da8a4c8a141585af410399e9e20a206e\">\n                <img\n                    title=\"DSC_4794\"\n                    alt=\"DSC_4794\"\n                    src=\"https:\/\/www.camperonline.it\/magazine\/wp-content\/gallery\/cmt-2025-pilote\/thumbs\/thumbs_DSC_4794.JPG\"\n                    width=\"240\"\n                    height=\"160\"\n                    style=\"max-width:100%;\"\n                \/>\n            <\/a>\n        <\/div>\n\t\t\t\t\t\t\t<\/div> \n\t\t\t\n\t\t\t\t<div id=\"ngg-image-26\" class=\"ngg-gallery-thumbnail-box ngg-5-columns\" >\n\t\t\t\t        <div class=\"ngg-gallery-thumbnail\">\n            <a href=\"https:\/\/www.camperonline.it\/magazine\/wp-content\/gallery\/cmt-2025-pilote\/DSC_4780.JPG\"\n               title=\"\"\n               data-src=\"https:\/\/www.camperonline.it\/magazine\/wp-content\/gallery\/cmt-2025-pilote\/DSC_4780.JPG\"\n               data-thumbnail=\"https:\/\/www.camperonline.it\/magazine\/wp-content\/gallery\/cmt-2025-pilote\/thumbs\/thumbs_DSC_4780.JPG\"\n               data-image-id=\"136104\"\n               data-title=\"DSC_4780\"\n               data-description=\"\"\n               data-image-slug=\"dsc_4780\"\n               class=\"ngg-fancybox\" rel=\"da8a4c8a141585af410399e9e20a206e\">\n                <img\n                    title=\"DSC_4780\"\n                    alt=\"DSC_4780\"\n                    src=\"https:\/\/www.camperonline.it\/magazine\/wp-content\/gallery\/cmt-2025-pilote\/thumbs\/thumbs_DSC_4780.JPG\"\n                    width=\"240\"\n                    height=\"160\"\n                    style=\"max-width:100%;\"\n                \/>\n            <\/a>\n        <\/div>\n\t\t\t\t\t\t\t<\/div> \n\t\t\t\n\t\t\t\t<div id=\"ngg-image-27\" class=\"ngg-gallery-thumbnail-box ngg-5-columns\" >\n\t\t\t\t        <div class=\"ngg-gallery-thumbnail\">\n            <a href=\"https:\/\/www.camperonline.it\/magazine\/wp-content\/gallery\/cmt-2025-pilote\/DSC_4778.JPG\"\n               title=\"\"\n               data-src=\"https:\/\/www.camperonline.it\/magazine\/wp-content\/gallery\/cmt-2025-pilote\/DSC_4778.JPG\"\n               data-thumbnail=\"https:\/\/www.camperonline.it\/magazine\/wp-content\/gallery\/cmt-2025-pilote\/thumbs\/thumbs_DSC_4778.JPG\"\n               data-image-id=\"136101\"\n               data-title=\"DSC_4778\"\n               data-description=\"\"\n               data-image-slug=\"dsc_4778\"\n               class=\"ngg-fancybox\" rel=\"da8a4c8a141585af410399e9e20a206e\">\n                <img\n                    title=\"DSC_4778\"\n                    alt=\"DSC_4778\"\n                    src=\"https:\/\/www.camperonline.it\/magazine\/wp-content\/gallery\/cmt-2025-pilote\/thumbs\/thumbs_DSC_4778.JPG\"\n                    width=\"240\"\n                    height=\"160\"\n                    style=\"max-width:100%;\"\n                \/>\n            <\/a>\n        <\/div>\n\t\t\t\t\t\t\t<\/div> \n\t\t\t\n\t\t\t\t<div id=\"ngg-image-28\" class=\"ngg-gallery-thumbnail-box ngg-5-columns\" >\n\t\t\t\t        <div class=\"ngg-gallery-thumbnail\">\n            <a href=\"https:\/\/www.camperonline.it\/magazine\/wp-content\/gallery\/cmt-2025-pilote\/DSC_4768.JPG\"\n               title=\"\"\n               data-src=\"https:\/\/www.camperonline.it\/magazine\/wp-content\/gallery\/cmt-2025-pilote\/DSC_4768.JPG\"\n               data-thumbnail=\"https:\/\/www.camperonline.it\/magazine\/wp-content\/gallery\/cmt-2025-pilote\/thumbs\/thumbs_DSC_4768.JPG\"\n               data-image-id=\"136098\"\n               data-title=\"DSC_4768\"\n               data-description=\"\"\n               data-image-slug=\"dsc_4768\"\n               class=\"ngg-fancybox\" rel=\"da8a4c8a141585af410399e9e20a206e\">\n                <img\n                    title=\"DSC_4768\"\n                    alt=\"DSC_4768\"\n                    src=\"https:\/\/www.camperonline.it\/magazine\/wp-content\/gallery\/cmt-2025-pilote\/thumbs\/thumbs_DSC_4768.JPG\"\n                    width=\"240\"\n                    height=\"160\"\n                    style=\"max-width:100%;\"\n                \/>\n            <\/a>\n        <\/div>\n\t\t\t\t\t\t\t<\/div> \n\t\t\t\n\t\t\t\t<div id=\"ngg-image-29\" class=\"ngg-gallery-thumbnail-box ngg-5-columns\" >\n\t\t\t\t        <div class=\"ngg-gallery-thumbnail\">\n            <a href=\"https:\/\/www.camperonline.it\/magazine\/wp-content\/gallery\/cmt-2025-pilote\/DSC_4765.JPG\"\n               title=\"\"\n               data-src=\"https:\/\/www.camperonline.it\/magazine\/wp-content\/gallery\/cmt-2025-pilote\/DSC_4765.JPG\"\n               data-thumbnail=\"https:\/\/www.camperonline.it\/magazine\/wp-content\/gallery\/cmt-2025-pilote\/thumbs\/thumbs_DSC_4765.JPG\"\n               data-image-id=\"136096\"\n               data-title=\"DSC_4765\"\n               data-description=\"\"\n               data-image-slug=\"dsc_4765\"\n               class=\"ngg-fancybox\" rel=\"da8a4c8a141585af410399e9e20a206e\">\n                <img\n                    title=\"DSC_4765\"\n                    alt=\"DSC_4765\"\n                    src=\"https:\/\/www.camperonline.it\/magazine\/wp-content\/gallery\/cmt-2025-pilote\/thumbs\/thumbs_DSC_4765.JPG\"\n                    width=\"240\"\n                    height=\"160\"\n                    style=\"max-width:100%;\"\n                \/>\n            <\/a>\n        <\/div>\n\t\t\t\t\t\t\t<\/div> \n\t\t\t\n\t\t\t\t<div id=\"ngg-image-30\" class=\"ngg-gallery-thumbnail-box ngg-5-columns\" >\n\t\t\t\t        <div class=\"ngg-gallery-thumbnail\">\n            <a href=\"https:\/\/www.camperonline.it\/magazine\/wp-content\/gallery\/cmt-2025-pilote\/DSC_4784.JPG\"\n               title=\"\"\n               data-src=\"https:\/\/www.camperonline.it\/magazine\/wp-content\/gallery\/cmt-2025-pilote\/DSC_4784.JPG\"\n               data-thumbnail=\"https:\/\/www.camperonline.it\/magazine\/wp-content\/gallery\/cmt-2025-pilote\/thumbs\/thumbs_DSC_4784.JPG\"\n               data-image-id=\"136103\"\n               data-title=\"DSC_4784\"\n               data-description=\"\"\n               data-image-slug=\"dsc_4784\"\n               class=\"ngg-fancybox\" rel=\"da8a4c8a141585af410399e9e20a206e\">\n                <img\n                    title=\"DSC_4784\"\n                    alt=\"DSC_4784\"\n                    src=\"https:\/\/www.camperonline.it\/magazine\/wp-content\/gallery\/cmt-2025-pilote\/thumbs\/thumbs_DSC_4784.JPG\"\n                    width=\"240\"\n                    height=\"160\"\n                    style=\"max-width:100%;\"\n                \/>\n            <\/a>\n        <\/div>\n\t\t\t\t\t\t\t<\/div> \n\t\t\t\n\t\t\t\t<div id=\"ngg-image-31\" class=\"ngg-gallery-thumbnail-box ngg-5-columns\" >\n\t\t\t\t        <div class=\"ngg-gallery-thumbnail\">\n            <a href=\"https:\/\/www.camperonline.it\/magazine\/wp-content\/gallery\/cmt-2025-pilote\/DSC_4771.JPG\"\n               title=\"\"\n               data-src=\"https:\/\/www.camperonline.it\/magazine\/wp-content\/gallery\/cmt-2025-pilote\/DSC_4771.JPG\"\n               data-thumbnail=\"https:\/\/www.camperonline.it\/magazine\/wp-content\/gallery\/cmt-2025-pilote\/thumbs\/thumbs_DSC_4771.JPG\"\n               data-image-id=\"136097\"\n               data-title=\"DSC_4771\"\n               data-description=\"\"\n               data-image-slug=\"dsc_4771\"\n               class=\"ngg-fancybox\" rel=\"da8a4c8a141585af410399e9e20a206e\">\n                <img\n                    title=\"DSC_4771\"\n                    alt=\"DSC_4771\"\n                    src=\"https:\/\/www.camperonline.it\/magazine\/wp-content\/gallery\/cmt-2025-pilote\/thumbs\/thumbs_DSC_4771.JPG\"\n                    width=\"240\"\n                    height=\"160\"\n                    style=\"max-width:100%;\"\n                \/>\n            <\/a>\n        <\/div>\n\t\t\t\t\t\t\t<\/div> \n\t\t\t\n\t\t\t\t<div id=\"ngg-image-32\" class=\"ngg-gallery-thumbnail-box ngg-5-columns\" >\n\t\t\t\t        <div class=\"ngg-gallery-thumbnail\">\n            <a href=\"https:\/\/www.camperonline.it\/magazine\/wp-content\/gallery\/cmt-2025-pilote\/DSC_4791.JPG\"\n               title=\"\"\n               data-src=\"https:\/\/www.camperonline.it\/magazine\/wp-content\/gallery\/cmt-2025-pilote\/DSC_4791.JPG\"\n               data-thumbnail=\"https:\/\/www.camperonline.it\/magazine\/wp-content\/gallery\/cmt-2025-pilote\/thumbs\/thumbs_DSC_4791.JPG\"\n               data-image-id=\"136108\"\n               data-title=\"DSC_4791\"\n               data-description=\"\"\n               data-image-slug=\"dsc_4791\"\n               class=\"ngg-fancybox\" rel=\"da8a4c8a141585af410399e9e20a206e\">\n                <img\n                    title=\"DSC_4791\"\n                    alt=\"DSC_4791\"\n                    src=\"https:\/\/www.camperonline.it\/magazine\/wp-content\/gallery\/cmt-2025-pilote\/thumbs\/thumbs_DSC_4791.JPG\"\n                    width=\"240\"\n                    height=\"160\"\n                    style=\"max-width:100%;\"\n                \/>\n            <\/a>\n        <\/div>\n\t\t\t\t\t\t\t<\/div> \n\t\t\t\n\t\t\t\t<div id=\"ngg-image-33\" class=\"ngg-gallery-thumbnail-box ngg-5-columns\" >\n\t\t\t\t        <div class=\"ngg-gallery-thumbnail\">\n            <a href=\"https:\/\/www.camperonline.it\/magazine\/wp-content\/gallery\/cmt-2025-pilote\/DSC_4786.JPG\"\n               title=\"\"\n               data-src=\"https:\/\/www.camperonline.it\/magazine\/wp-content\/gallery\/cmt-2025-pilote\/DSC_4786.JPG\"\n               data-thumbnail=\"https:\/\/www.camperonline.it\/magazine\/wp-content\/gallery\/cmt-2025-pilote\/thumbs\/thumbs_DSC_4786.JPG\"\n               data-image-id=\"136105\"\n               data-title=\"DSC_4786\"\n               data-description=\"\"\n               data-image-slug=\"dsc_4786\"\n               class=\"ngg-fancybox\" rel=\"da8a4c8a141585af410399e9e20a206e\">\n                <img\n                    title=\"DSC_4786\"\n                    alt=\"DSC_4786\"\n                    src=\"https:\/\/www.camperonline.it\/magazine\/wp-content\/gallery\/cmt-2025-pilote\/thumbs\/thumbs_DSC_4786.JPG\"\n                    width=\"240\"\n                    height=\"160\"\n                    style=\"max-width:100%;\"\n                \/>\n            <\/a>\n        <\/div>\n\t\t\t\t\t\t\t<\/div> \n\t\t\t\n\t\t\t\t<div id=\"ngg-image-34\" class=\"ngg-gallery-thumbnail-box ngg-5-columns\" >\n\t\t\t\t        <div class=\"ngg-gallery-thumbnail\">\n            <a href=\"https:\/\/www.camperonline.it\/magazine\/wp-content\/gallery\/cmt-2025-pilote\/DSC_4790.JPG\"\n               title=\"\"\n               data-src=\"https:\/\/www.camperonline.it\/magazine\/wp-content\/gallery\/cmt-2025-pilote\/DSC_4790.JPG\"\n               data-thumbnail=\"https:\/\/www.camperonline.it\/magazine\/wp-content\/gallery\/cmt-2025-pilote\/thumbs\/thumbs_DSC_4790.JPG\"\n               data-image-id=\"136107\"\n               data-title=\"DSC_4790\"\n               data-description=\"\"\n               data-image-slug=\"dsc_4790\"\n               class=\"ngg-fancybox\" rel=\"da8a4c8a141585af410399e9e20a206e\">\n                <img\n                    title=\"DSC_4790\"\n                    alt=\"DSC_4790\"\n                    src=\"https:\/\/www.camperonline.it\/magazine\/wp-content\/gallery\/cmt-2025-pilote\/thumbs\/thumbs_DSC_4790.JPG\"\n                    width=\"240\"\n                    height=\"160\"\n                    style=\"max-width:100%;\"\n                \/>\n            <\/a>\n        <\/div>\n\t\t\t\t\t\t\t<\/div> \n\t\t\t\n\t\t\t\t<div id=\"ngg-image-35\" class=\"ngg-gallery-thumbnail-box ngg-5-columns\" >\n\t\t\t\t        <div class=\"ngg-gallery-thumbnail\">\n            <a href=\"https:\/\/www.camperonline.it\/magazine\/wp-content\/gallery\/cmt-2025-pilote\/DSC_4788.JPG\"\n               title=\"\"\n               data-src=\"https:\/\/www.camperonline.it\/magazine\/wp-content\/gallery\/cmt-2025-pilote\/DSC_4788.JPG\"\n               data-thumbnail=\"https:\/\/www.camperonline.it\/magazine\/wp-content\/gallery\/cmt-2025-pilote\/thumbs\/thumbs_DSC_4788.JPG\"\n               data-image-id=\"136106\"\n               data-title=\"DSC_4788\"\n               data-description=\"\"\n               data-image-slug=\"dsc_4788\"\n               class=\"ngg-fancybox\" rel=\"da8a4c8a141585af410399e9e20a206e\">\n                <img\n                    title=\"DSC_4788\"\n                    alt=\"DSC_4788\"\n                    src=\"https:\/\/www.camperonline.it\/magazine\/wp-content\/gallery\/cmt-2025-pilote\/thumbs\/thumbs_DSC_4788.JPG\"\n                    width=\"240\"\n                    height=\"160\"\n                    style=\"max-width:100%;\"\n                \/>\n            <\/a>\n        <\/div>\n\t\t\t\t\t\t\t<\/div> \n\t\t\t\n\t\t\t\t<div id=\"ngg-image-36\" class=\"ngg-gallery-thumbnail-box ngg-5-columns\" >\n\t\t\t\t        <div class=\"ngg-gallery-thumbnail\">\n            <a href=\"https:\/\/www.camperonline.it\/magazine\/wp-content\/gallery\/cmt-2025-pilote\/DSC_4797.JPG\"\n               title=\"\"\n               data-src=\"https:\/\/www.camperonline.it\/magazine\/wp-content\/gallery\/cmt-2025-pilote\/DSC_4797.JPG\"\n               data-thumbnail=\"https:\/\/www.camperonline.it\/magazine\/wp-content\/gallery\/cmt-2025-pilote\/thumbs\/thumbs_DSC_4797.JPG\"\n               data-image-id=\"136110\"\n               data-title=\"DSC_4797\"\n               data-description=\"\"\n               data-image-slug=\"dsc_4797\"\n               class=\"ngg-fancybox\" rel=\"da8a4c8a141585af410399e9e20a206e\">\n                <img\n                    title=\"DSC_4797\"\n                    alt=\"DSC_4797\"\n                    src=\"https:\/\/www.camperonline.it\/magazine\/wp-content\/gallery\/cmt-2025-pilote\/thumbs\/thumbs_DSC_4797.JPG\"\n                    width=\"240\"\n                    height=\"160\"\n                    style=\"max-width:100%;\"\n                \/>\n            <\/a>\n        <\/div>\n\t\t\t\t\t\t\t<\/div> \n\t\t\t\n\t\n\t<br style=\"clear: both\" \/>\n\n\t\t<div class=\"slideshowlink\">\n        <a href='https:\/\/www.camperonline.it\/magazine\/2025\/01\/29\/cmt-2025-le-novita-pilote\/nggallery\/slideshow'>[Mostra slideshow]<\/a>\n\t\t\n\t<\/div>\n\t\n\t\t<!-- Pagination -->\n\t<div class='ngg-clear'><\/div>\t<\/div>\n\n","protected":false},"excerpt":{"rendered":"<p>C&#8217;\u00e8 aria di primavera in casa Pilote: svelate in occasione della kermesse tedesca le Spring Edition, versioni full optional qui rappresentate dal rinnovato Pacific 720 FC e dal nuovo Galaxy 720 FGJ<\/p>\n","protected":false},"author":21,"featured_media":350240,"comment_status":"closed","ping_status":"open","sticky":false,"template":"","format":"standard","meta":{"ngg_post_thumbnail":0},"categories":[217,1633,7282,7,236],"tags":[7283,4681,7287,7288,7289],"yoast_head":"<!-- This site is optimized with the Yoast SEO plugin v18.6 - https:\/\/yoast.com\/wordpress\/plugins\/seo\/ -->\n<title>CMT 2025: le novit\u00e0 Pilote - CamperOnLine Magazine<\/title>\n<meta name=\"description\" content=\"C&#039;\u00e8 aria di primavera in casa Pilote: svelate in occasione della kermesse tedesca le Spring Edition, versioni full optional qui rappresentate dal\" \/>\n<meta name=\"robots\" content=\"index, follow, max-snippet:-1, max-image-preview:large, max-video-preview:-1\" \/>\n<link rel=\"canonical\" href=\"https:\/\/www.camperonline.it\/magazine\/2025\/01\/29\/cmt-2025-le-novita-pilote\/\" \/>\n<meta property=\"og:locale\" content=\"it_IT\" \/>\n<meta property=\"og:type\" content=\"article\" \/>\n<meta property=\"og:title\" content=\"CMT 2025: le novit\u00e0 Pilote - CamperOnLine Magazine\" \/>\n<meta property=\"og:description\" content=\"C&#039;\u00e8 aria di primavera in casa Pilote: svelate in occasione della kermesse tedesca le Spring Edition, versioni full optional qui rappresentate dal\" \/>\n<meta property=\"og:url\" content=\"https:\/\/www.camperonline.it\/magazine\/2025\/01\/29\/cmt-2025-le-novita-pilote\/\" \/>\n<meta property=\"og:site_name\" content=\"CamperOnLine Magazine\" \/>\n<meta property=\"article:published_time\" content=\"2025-01-29T18:34:31+00:00\" \/>\n<meta property=\"og:image\" content=\"https:\/\/www.camperonline.it\/magazine\/wp-content\/uploads\/2025\/01\/CMT_cover2025Pilote.jpg\" \/>\n\t<meta property=\"og:image:width\" content=\"630\" \/>\n\t<meta property=\"og:image:height\" content=\"354\" \/>\n\t<meta property=\"og:image:type\" content=\"image\/jpeg\" \/>\n<meta name=\"twitter:card\" content=\"summary_large_image\" \/>\n<script type=\"application\/ld+json\" class=\"yoast-schema-graph\">{\"@context\":\"https:\/\/schema.org\",\"@graph\":[{\"@type\":\"WebSite\",\"@id\":\"https:\/\/www.camperonline.it\/magazine\/#website\",\"url\":\"https:\/\/www.camperonline.it\/magazine\/\",\"name\":\"CamperOnLine Magazine\",\"description\":\"Viaggi in camper, test, video, destinazioni, vacanze\",\"potentialAction\":[{\"@type\":\"SearchAction\",\"target\":{\"@type\":\"EntryPoint\",\"urlTemplate\":\"https:\/\/www.camperonline.it\/magazine\/?s={search_term_string}\"},\"query-input\":\"required name=search_term_string\"}],\"inLanguage\":\"it-IT\"},{\"@type\":\"ImageObject\",\"@id\":\"https:\/\/www.camperonline.it\/magazine\/2025\/01\/29\/cmt-2025-le-novita-pilote\/#primaryimage\",\"inLanguage\":\"it-IT\",\"url\":\"https:\/\/www.camperonline.it\/magazine\/wp-content\/uploads\/2025\/01\/CMT_cover2025Pilote.jpg\",\"contentUrl\":\"https:\/\/www.camperonline.it\/magazine\/wp-content\/uploads\/2025\/01\/CMT_cover2025Pilote.jpg\",\"width\":630,\"height\":354},{\"@type\":\"WebPage\",\"@id\":\"https:\/\/www.camperonline.it\/magazine\/2025\/01\/29\/cmt-2025-le-novita-pilote\/#webpage\",\"url\":\"https:\/\/www.camperonline.it\/magazine\/2025\/01\/29\/cmt-2025-le-novita-pilote\/\",\"name\":\"CMT 2025: le novit\u00e0 Pilote - CamperOnLine Magazine\",\"isPartOf\":{\"@id\":\"https:\/\/www.camperonline.it\/magazine\/#website\"},\"primaryImageOfPage\":{\"@id\":\"https:\/\/www.camperonline.it\/magazine\/2025\/01\/29\/cmt-2025-le-novita-pilote\/#primaryimage\"},\"datePublished\":\"2025-01-29T18:34:31+00:00\",\"dateModified\":\"2025-01-29T18:34:31+00:00\",\"author\":{\"@id\":\"https:\/\/www.camperonline.it\/magazine\/#\/schema\/person\/c90be17d75a09ba611f120cef80c1067\"},\"description\":\"C'\u00e8 aria di primavera in casa Pilote: svelate in occasione della kermesse tedesca le Spring Edition, versioni full optional qui rappresentate dal\",\"breadcrumb\":{\"@id\":\"https:\/\/www.camperonline.it\/magazine\/2025\/01\/29\/cmt-2025-le-novita-pilote\/#breadcrumb\"},\"inLanguage\":\"it-IT\",\"potentialAction\":[{\"@type\":\"ReadAction\",\"target\":[\"https:\/\/www.camperonline.it\/magazine\/2025\/01\/29\/cmt-2025-le-novita-pilote\/\"]}]},{\"@type\":\"BreadcrumbList\",\"@id\":\"https:\/\/www.camperonline.it\/magazine\/2025\/01\/29\/cmt-2025-le-novita-pilote\/#breadcrumb\",\"itemListElement\":[{\"@type\":\"ListItem\",\"position\":1,\"name\":\"Home\",\"item\":\"https:\/\/www.camperonline.it\/magazine\/\"},{\"@type\":\"ListItem\",\"position\":2,\"name\":\"CMT 2025: le novit\u00e0 Pilote\"}]},{\"@type\":\"Person\",\"@id\":\"https:\/\/www.camperonline.it\/magazine\/#\/schema\/person\/c90be17d75a09ba611f120cef80c1067\",\"name\":\"Davide Bon\",\"sameAs\":[\"https:\/\/www.camperonline.it\/magazine\/\"],\"url\":\"https:\/\/www.camperonline.it\/magazine\/author\/davide\/\"}]}<\/script>\n<!-- \/ Yoast SEO plugin. -->","yoast_head_json":{"title":"CMT 2025: le novit\u00e0 Pilote - CamperOnLine Magazine","description":"C'\u00e8 aria di primavera in casa Pilote: svelate in occasione della kermesse tedesca le Spring Edition, versioni full optional qui rappresentate dal","robots":{"index":"index","follow":"follow","max-snippet":"max-snippet:-1","max-image-preview":"max-image-preview:large","max-video-preview":"max-video-preview:-1"},"canonical":"https:\/\/www.camperonline.it\/magazine\/2025\/01\/29\/cmt-2025-le-novita-pilote\/","og_locale":"it_IT","og_type":"article","og_title":"CMT 2025: le novit\u00e0 Pilote - CamperOnLine Magazine","og_description":"C'\u00e8 aria di primavera in casa Pilote: svelate in occasione della kermesse tedesca le Spring Edition, versioni full optional qui rappresentate dal","og_url":"https:\/\/www.camperonline.it\/magazine\/2025\/01\/29\/cmt-2025-le-novita-pilote\/","og_site_name":"CamperOnLine Magazine","article_published_time":"2025-01-29T18:34:31+00:00","og_image":[{"width":630,"height":354,"url":"https:\/\/www.camperonline.it\/magazine\/wp-content\/uploads\/2025\/01\/CMT_cover2025Pilote.jpg","type":"image\/jpeg"}],"twitter_card":"summary_large_image","schema":{"@context":"https:\/\/schema.org","@graph":[{"@type":"WebSite","@id":"https:\/\/www.camperonline.it\/magazine\/#website","url":"https:\/\/www.camperonline.it\/magazine\/","name":"CamperOnLine Magazine","description":"Viaggi in camper, test, video, destinazioni, vacanze","potentialAction":[{"@type":"SearchAction","target":{"@type":"EntryPoint","urlTemplate":"https:\/\/www.camperonline.it\/magazine\/?s={search_term_string}"},"query-input":"required name=search_term_string"}],"inLanguage":"it-IT"},{"@type":"ImageObject","@id":"https:\/\/www.camperonline.it\/magazine\/2025\/01\/29\/cmt-2025-le-novita-pilote\/#primaryimage","inLanguage":"it-IT","url":"https:\/\/www.camperonline.it\/magazine\/wp-content\/uploads\/2025\/01\/CMT_cover2025Pilote.jpg","contentUrl":"https:\/\/www.camperonline.it\/magazine\/wp-content\/uploads\/2025\/01\/CMT_cover2025Pilote.jpg","width":630,"height":354},{"@type":"WebPage","@id":"https:\/\/www.camperonline.it\/magazine\/2025\/01\/29\/cmt-2025-le-novita-pilote\/#webpage","url":"https:\/\/www.camperonline.it\/magazine\/2025\/01\/29\/cmt-2025-le-novita-pilote\/","name":"CMT 2025: le novit\u00e0 Pilote - CamperOnLine Magazine","isPartOf":{"@id":"https:\/\/www.camperonline.it\/magazine\/#website"},"primaryImageOfPage":{"@id":"https:\/\/www.camperonline.it\/magazine\/2025\/01\/29\/cmt-2025-le-novita-pilote\/#primaryimage"},"datePublished":"2025-01-29T18:34:31+00:00","dateModified":"2025-01-29T18:34:31+00:00","author":{"@id":"https:\/\/www.camperonline.it\/magazine\/#\/schema\/person\/c90be17d75a09ba611f120cef80c1067"},"description":"C'\u00e8 aria di primavera in casa Pilote: svelate in occasione della kermesse tedesca le Spring Edition, versioni full optional qui rappresentate dal","breadcrumb":{"@id":"https:\/\/www.camperonline.it\/magazine\/2025\/01\/29\/cmt-2025-le-novita-pilote\/#breadcrumb"},"inLanguage":"it-IT","potentialAction":[{"@type":"ReadAction","target":["https:\/\/www.camperonline.it\/magazine\/2025\/01\/29\/cmt-2025-le-novita-pilote\/"]}]},{"@type":"BreadcrumbList","@id":"https:\/\/www.camperonline.it\/magazine\/2025\/01\/29\/cmt-2025-le-novita-pilote\/#breadcrumb","itemListElement":[{"@type":"ListItem","position":1,"name":"Home","item":"https:\/\/www.camperonline.it\/magazine\/"},{"@type":"ListItem","position":2,"name":"CMT 2025: le novit\u00e0 Pilote"}]},{"@type":"Person","@id":"https:\/\/www.camperonline.it\/magazine\/#\/schema\/person\/c90be17d75a09ba611f120cef80c1067","name":"Davide Bon","sameAs":["https:\/\/www.camperonline.it\/magazine\/"],"url":"https:\/\/www.camperonline.it\/magazine\/author\/davide\/"}]}},"_links":{"self":[{"href":"https:\/\/www.camperonline.it\/magazine\/wp-json\/wp\/v2\/posts\/350239"}],"collection":[{"href":"https:\/\/www.camperonline.it\/magazine\/wp-json\/wp\/v2\/posts"}],"about":[{"href":"https:\/\/www.camperonline.it\/magazine\/wp-json\/wp\/v2\/types\/post"}],"author":[{"embeddable":true,"href":"https:\/\/www.camperonline.it\/magazine\/wp-json\/wp\/v2\/users\/21"}],"replies":[{"embeddable":true,"href":"https:\/\/www.camperonline.it\/magazine\/wp-json\/wp\/v2\/comments?post=350239"}],"version-history":[{"count":4,"href":"https:\/\/www.camperonline.it\/magazine\/wp-json\/wp\/v2\/posts\/350239\/revisions"}],"predecessor-version":[{"id":350295,"href":"https:\/\/www.camperonline.it\/magazine\/wp-json\/wp\/v2\/posts\/350239\/revisions\/350295"}],"wp:featuredmedia":[{"embeddable":true,"href":"https:\/\/www.camperonline.it\/magazine\/wp-json\/wp\/v2\/media\/350240"}],"wp:attachment":[{"href":"https:\/\/www.camperonline.it\/magazine\/wp-json\/wp\/v2\/media?parent=350239"}],"wp:term":[{"taxonomy":"category","embeddable":true,"href":"https:\/\/www.camperonline.it\/magazine\/wp-json\/wp\/v2\/categories?post=350239"},{"taxonomy":"post_tag","embeddable":true,"href":"https:\/\/www.camperonline.it\/magazine\/wp-json\/wp\/v2\/tags?post=350239"}],"curies":[{"name":"wp","href":"https:\/\/api.w.org\/{rel}","templated":true}]}}