{"id":3527,"date":"2010-04-08T13:11:24","date_gmt":"2010-04-08T12:11:24","guid":{"rendered":"https:\/\/www.camperonline.it\/magazine\/?p=3527"},"modified":"2010-04-09T13:49:47","modified_gmt":"2010-04-09T12:49:47","slug":"a-maggio-per-lappennino-tosco-emiliano","status":"publish","type":"post","link":"https:\/\/www.camperonline.it\/magazine\/2010\/04\/08\/a-maggio-per-lappennino-tosco-emiliano\/","title":{"rendered":"A maggio per l&#8217;appennino tosco-emiliano"},"content":{"rendered":"<p>Nel mese di maggio, il calendario di escursioni della rassegna Itinerando Emilia Romagna 2010 \u00a0entra nel vivo.<\/p>\n<p><img loading=\"lazy\" class=\"alignleft size-medium wp-image-3538\" title=\"escursione\" src=\"https:\/\/www.camperonline.it\/magazine\/wp-content\/uploads\/2010\/04\/escursione2-300x201.jpg\" alt=\"\" width=\"300\" height=\"201\" \/>Il punto di partenza di tutte le\u00a0escursioni \u00e8 comodamente raggiungibile con il proprio camper. Un&#8217;ottima occasione per coniugare weekend en plein air e movimento.<\/p>\n<p><strong>Per l&#8217;Appennino bolognese<\/strong><\/p>\n<p>Si comincia sabato 1\u00b0 maggio, a San Lazzaro di Savena si va \u201cA spasso tra i Gessi di Monte Croara e la Dolina della Spipola\u201d.\u00a0 L\u2019escursione inizia sulla via Emilia e, costeggiando il torrente Savena, risale la collina percorrendo i pi\u00f9 significativi affioramenti gessosi della Spipola e della Croara fino a raggiungere la Val di Zena. E\u2019 prevista una sosta presso il Centro Parco Casa Fantini e presso l\u2019Azienda Agricola \u201cColombarola\u201d con possibilit\u00e0 di degustazionee acquisto di prodotti biologici.<\/p>\n<p><!--more-->Il ritrovo per la partenza \u00e8 alle ore 9 in via Emilia, presso il cimitero dei Polacchi. Portare il pranzo al sacco. Il rientro \u00e8 previsto per le 18.30 circa al Parco dei Cedri. Si consiglia di indossare pedule da trekking a causa del possibile terreno fangoso. Prenotazione obbligatoria. Quota di partecipazione: adulti 10 euro, minorenni 5 euro.\u00a0 Info:\u00a0 Parco dei Gessi, Tel. 051\/6254821 (orari di ufficio), <a href=\"mailto:info@parcodeigessi.it\">info@parcodeigessi.it<\/a> .<\/p>\n<p>Sempre sabato 1\u00b0 maggio, ma a Vedegheto di Vergato, si va alla scoperta dei \u201dPaesaggi e assaggi della Val Samoggia\u201d , una facile passeggiata panoramica nella media montagna bolognese. Si tratta di una bella scampagnata mattutina fra campi e boschetti per ammirare per intero la bella valle del Venola e le vicine vette del crinale appenninico. Al rientro, i partecipanti saranno ospitati dall\u2019organizzazione della locale Festa di San Pietro martire per gustare un pranzetto a base di specialit\u00e0 tipiche al prezzo convenzionato di 15 euro. Nel pomeriggio, si potranno visitare autonomamente i numerosi stand della sagra. Il ritrovo per la partenza \u00e8 alle ore 8.45 presso la Chiesa di Vedegheto L\u2019escursione termina alle 12.30. Quota di partecipazione: adulti 10 euro, bambini 5 euro. Speciale famiglia: due adulti e un bambino 20 euro. Prenotazione obbligatoria Info: Stefano Barbieri, tel. 333\/3728356, <a href=\"mailto:scaccomatto@tele2.it\">scaccomatto@tele2.it<\/a><\/p>\n<p>Il giorno successivo, domenica 2 maggio, si cammina \u201cDal Monte Croara, ammirando le valli attorno\u201d . Il ritrovo \u00e8 alle ore 9 presso la Pro Loco di Roffeno, localit\u00e0 di Castel d\u2019Aiano. Durante l\u2019escursione, si potranno visitare le case torri tra le pi\u00f9 belle della Valle del Reno, il castagneto secolare lungo il percorso dei Lamari e del Monte Rocca, per ammirare un meraviglioso paesaggio e scoprire le testimonianze del secondo conflitto mondiale. Rientro previsto per le ore 13.\u00a0 Quota di partecipazione: adulti 10 euro, bambini 5 euro. Speciale famiglia: due adulti e un bambino 20 euro. Prenotazione obbligatoria. Info: Pietro degli Esposti, tel. 051\/914794 \u2013 333\/4015060.<\/p>\n<p>Domenica 9 maggio, si va, invece, alla scoperta della Vena del Gesso Romagnola con l\u2019escursione \u201cLe due facce del gioiello naturalistico selenitico\u201d . Si tratta di un itinerario attraverso i due versanti della spettacolare Riva San Biagio, perla naturalistica del Parco della Vena del Gesso e percorso di grande interesse geoinerario e botanico. Alcuni tratti sono leggermente esposti, ma spettacolarmente panoramici. Il ritrovo \u00e8 alle ore 10 presso l\u2019abitato di Borgo Tossignano. Indossare un equipaggiamento adeguato e portare il pranzo al sacco. Il percorso non \u00e8 adatto ai bambini. Quota di partecipazione: adulti 10 euro, bambini 5 euro. Prenotazione obbligatoria. Info: Andrea Righetti, tel. 335\/8050301 \u2013 <a href=\"mailto:arigh.gae@alice.it\">arigh.gae@alice.it<\/a><\/p>\n<p>Sabato 15 maggio, si pu\u00f2 sperimentare il \u201cNordic Walking sui calanchi di Ozzano\u201d , nel Parco Regionale dei Gessi Bolognesi. Il Nordic Walking \u00e8 un nuovo modo di camminare alla scoperta delle bellezze naturali del parco ed un\u2019occasione per divertirsi ed allenare tutti i muscoli del corpo. Il percorso permette di ammirare l\u2019imponente formazione dei Calanchi dell\u2019Abbadessa: ripide valli che solcano i pendii argillosi in continua trasformazione, segnati da frane e profondi solchi di erosioni, tra le spettacolari fioriture di ginestra. Il ritrovo per la partenza \u00e8 alle ore 9 presso il Centro Visita del Parco Villa Torre. Rientro previsto per le 12.30. Per partecipare occorre avere la conoscenza base delle tecniche di Nordic Walking. Quota di partecipazione: adulti 10 euro, bambini 5 euro. Prenotazione obbligatoria. Info: Parco dei Gessi, Tel. 051\/6254821 (orari di ufficio), <a href=\"mailto:info@parcodeigessi.it\">info@parcodeigessi.it<\/a> .<\/p>\n<p>Domenica 16 maggio, \u00e8 in programma una piacevole passeggiata \u201cSulle colline di Marzabotto tra natura, borghi e cucina\u201d . Il percorso ad anello si snoda nei dintorni di Malfolle, tra campi, vigneti, boschi e frutteti, fino a raggiungere l\u2019antico borgo di Sanguinea- Da l\u00ec, si prosegue per il crinale che porta a Monte Radicchio, da dove si pu\u00f2 ammirare una superba vista sulla Valle del Reno. Al ritorno a Malfolle, si pu\u00f2 pranzare nel giardino dell\u2019agriturismo C\u00e0 di Malfolle con un men\u00f9 a base di prodotti tipici. Il ritrovo per la partenza \u00e8 alle ore 9 in via Malfolle\u00a0 9 A a Marzabotto. Il percorso \u00e8 di circa 9 km, il rientro \u00e8 previsto per le 12.30.\u00a0 Quota di partecipazione: adulti 10 euro, bambini 5 euro. Speciale famiglia: due adulti e un bambino 20 euro. Pranzo facoltativo all\u2019agriturismo C\u00e0 di Malfolle al prezzo convenzionato di 12 euro. Prenotazione obbligatoria. Info: Maren Von Appen, tel. 051\/931465 \u2013 346\/2319603 \u2013 in <a href=\"mailto:giro@ingiro.de\">giro@ingiro.de<\/a><\/p>\n<p>Sempre domenica 16 maggio, ma a Zola Predosa, in localit\u00e0 Lavino di Sopra, \u00e8 in programma un itinerario tra\u00a0 \u201dRocche e castelli\u2026che non ci sono pi\u00f9\u201d. . Il percorso si svolge attraverso i vari ambienti della Valle del Lavino, splendide colline che\u00a0 si affacciano sulla Pianura Padana e che, in passato, furono sedi di potenti fortilizi. I pi\u00f9 curiosi potranno anche scoprire il variegato universo minerario legato al gesso. Il ritrovo per la partenza \u00e8 alle ore 10 presso l\u2019abitato di Zola Predosa. Si raccomanda di indossare un abbigliamento adeguato. Pranzo al sacco con possibilit\u00e0 di rifornimento alla partenza. Prenotazione obbligatoria. Quota di partecipazione: adulti 10 euro, bambini 5 euro. Speciale famiglia: due adulti e un bambino 20 euro. Info: Andrea Righetti, tel. 335\/8050301 \u2013 <a href=\"mailto:arigh.gae@alice.it\">arigh.gae@alice.it<\/a><\/p>\n<p>L\u2019 ultimo appuntamento di maggio, domenica 23, \u00e8 a Piamaggio di Monghidoro\u00a0 per una bella scarpinata sull\u2019\u201dAlpe di Monghidoro\u201d , dove piante e animali sono in piena attivit\u00e0, boschi e prati mostrano tutti i colori della primavera, vecchi mulini di montagna,\u00a0 querce, i castagni, faggi e spaziosi panorami tra l\u2019Emilia e la Toscana. Portare il pranzo al sacco. Il rientro \u00e8 previsto nel pomeriggio. Ritrovo alle ore 9.15 presso il parcheggio di Piamaggio sulla SP60. Prenotazione obbligatoria. Quota di partecipazione: adulti 10 euro, bambini 5 euro. Speciale famiglia: due adulti e un bambino 20 euro. Info: Roberto Piancastelli, tel. 339\/4876053 \u2013 <a href=\"mailto:terre.emerse@libero.it\">terre.emerse@libero.it<\/a><\/p>\n<p><strong>Per l&#8217;Appennino Reggiano<\/strong><\/p>\n<p>Sabato 1\u00b0 maggio, a Leguigno di Casina, si pu\u00f2 assistere al \u201cRisveglio della natura tra mulini e pievi\u201d, passeggiando in un singolare angolo del territorio canossano, che possiede un\u2019eccezionale importanza storica, culturale e naturale. Partendo dall\u2019antico maniero di Leguigno si potr\u00e0 conoscere la singolare variet\u00e0 naturale di questi luoghi caratterizzati da molteplici ambienti, come preziose paludi popolati da tritoni e salamandre, pini silvestri residui dell\u2019era glaciale e altre piante tipiche del clima continentale, sino alle piante mediterranee, come il leccio, che sul Monte Barandone forma una delle rare stazioni spontanee dell\u2019Appennino Emiliano. Il ritrovo per la partenza \u00e8 alle ore 9 presso il parcheggio del Parco Pineta di Vezzano. Portare il pranzo al sacco. Quota di partecipazione: adulti 10 euro, bambini 5 euro. Speciale famiglia: due adulti e un bambini 20 euro. Prenotazione obbligatoria. Info: Roberto Montanari, tel. 348\/7915178; Fabio Simonazzi, tel. 347\/7079453 \u2013 <a href=\"mailto:info@incia.coop.it\">info@incia.coop.it<\/a><\/p>\n<p>Domenica 15 maggio, invece, \u201cMontasi a Bismantova e discendesi a Poaino\u201d\u2026con una bella passeggiata nel Parco Nazionale dell\u2019Appennino Tosco Emiliano. L\u2019itinerario prevede un percorso ad anello intorno alla Rupe di Bismantova e la salita al Pianoro sommitale, con visita alle emergenze storiche, paesaggistiche ed ambientali. Il percorso \u00e8 di circa 2 ore e 30. Nel pomeriggio, \u00e8 prevista, invece, la visita alle Fonti di Poiano ed alle sue risorgive, da cui sgorga l\u2019acqua salata del sistema carsico dei Gessi triassici; a seguire, si visiter\u00e0 l\u2019alveo del fiume Secchia. Il ritrovo per la partenza \u00e8 alle ore 9.30 presso il parcheggio di Piazzale Dante. Sotto la Pietra di Bismantova. Si consiglia un abbigliamento leggero da trekking. Pranzo al sacco a carico dei partecipanti, con possibilit\u00e0 di acquistarlo presso i locali della Pietra e delle Fonti. Quota di partecipazione: adulti 10 euro, bambini 5 euro. Prenotazione obbligatoria. Info: Associazione Altripassi, tel. 334\/5753400, GAE, Roberto Barbantini, tel. 338\/9730861.<\/p>\n<p><strong>Per l&#8217;Appennino modenese<\/strong><\/p>\n<p>Il primo appuntamento in calendario, domenica 9 maggio, \u00e8 a Guiglia, \u201cAlla ricerca della flora selvatica per la salute e la cucina\u201d. Si cammina andando alla ricerca delle erbe che curano, per sentire gli odori ed i sapori delle piante preparare qualche tisana o infuso particolare. Il ritrovo per la partenza \u00e8 alle ore 9.30 presso il parcheggio del Centro Parco \u201cIl Fontanazzo\u201d di Pieve di Trebbio. Quota di partecipazione: adulti 10 euro, bambini 5 euro. Speciale famiglia: due adulti e un bambini 20 euro. Prenotazione obbligatoria. Pranzetto vegetariano presso la \u201cLocanda del Parco\u201d al costo convenzionato di 18 euro (facoltativo). L\u2019animazione della giornata \u00e8 a cura di Lorena Gibellini, esperta di piante officinali, ed \u00e8 offerta dalla Pro Loco di Guiglia. Info: Gianni Genzale, tel. 059\/535477 \u2013 340\/2576781 \u2013 gianni.gen@tiscali.it<br \/>\nUna suggestiva uscita notturna \u00e8 in programma, invece, sabato 29 maggio, nel Parco dei Sassi di Roccamalatina, sempre a Guiglia. L\u2019escursione \u201cE la luna ci racconta\u201d consentir\u00e0 ai partecipanti di camminare ed osservare il luminoso astro, compagno indivisibile della Terra. Ci si soffermer\u00e0 per cercare di comprendere le sue origini ed i suoi misteri in compagni di Roberto Calastri, esperto relatore del cielo stellato. Senza dubbio, sar\u00e0 una serata da sogno! Il ritrovo per la partenza \u00e8 alle ore 21.30 presso il parcheggio del campo sportivo di Roccamalatina (via Sassi). Munirsi di una torcia elettrica e di un panno per sedersi. Quota di partecipazione: adulti 10 euro, bambini 5 euro. Speciale famiglia: due adulti e un bambino 20 euro. Prenotazione obbligatoria. Info: Gianni Genzale, tel. 059\/535477 \u2013 340\/2576781 \u2013 gianni.gen@tiscali.it .<br \/>\nIl giorno successivo, domenica 30, il mese di maggio si conclude con \u201cLa Festa della Terra: un\u2019occasione per sintonizzarsi con la natura\u201d , una giornata in compagnia nel Parco dei Sassi di Roccamalatina, in localit\u00e0 Pieve di Trebbio. Durante la giornata, dedicata a grandi e piccini, si potr\u00e0 partecipare gratuitamente ai numerosi appuntamenti in programma tra passeggiate, convegni, giochi e laboratori. Tutte le proposte sono dedicate alla riscoperta e all\u2019incontro con il mondo intorno e dentro di noi. Il ritrovo \u00e8 presso il Centro Parco \u201cIl Fontanazzo\u201d di Pieve di Trebbio, al numero 1287. Le attivit\u00e0 si svolgeranno dalle 10 alle 19 e saranno condotte da guide abili ne fare entrare i partecipanti in comunicazione con la propria autenticit\u00e0 e ritrovare il benessere psicofsico. Il progetto \u00e8 finanziato dalla Regione Emilia Romagna nell\u2019ambito del bando 2009-10 per l\u2019educazione Ambientale. Lo spazio gastronomico \u00e8 a pagamento. Info: Parco dei Sassi, tel. 059\/795721 \u2013 cea@parcosassi.it \u2013 www.parcosassi.it<\/p>\n<p><strong>Per l&#8217;Appennino parmense<\/strong><\/p>\n<p>Domenica 23 maggio, \u00e8 in programma l\u2019uscita sull\u2019Appennino parmense dedicata a \u201cLa luna dietro l\u2019angolo. Il Groppo della donna\u201d. Si tratta di un\u2019escursione ad anello sulle rupi ofiolitiche che circondano l\u2019antico borgo di Corchia, a 650 m.s.l.m. Attraversando una grande variet\u00e0 di ambienti, caratterizzati da una peculiare fioritura, si arriver\u00e0 sul Monte Binagh\u00e8 (1162 m.s.l.m) e, successivamente, sul Groppo della Donna, dove le rocce assumono colori e forme decisamente lunari. Da qui in poi, la strada sar\u00e0 tutta in discesa per fare rientro a Corchia, dove si effettuer\u00e0 una visita al villaggio medievale e dal suo museo e dove si potr\u00e0 sostare per una meritata merenda ed un bicchier di vino in compagnia. Il ritrovo per la partenza \u00e8 alle ore 9 presso il parcheggio all\u2019ingresso di Corchia. Rientro previsto per le 16 circa. Pranzo al sacco a carico dei partecipanti. Quota di partecipazione: adulti 10 euro, bambini 5 euro. Speciale famiglia: due adulti e un bambino 20 euro. Prenotazione obbligatoria.<br \/>\nInfo: Roberto Piancastelli, tel. 339\/4876053 \u2013 terre.emerse\u00f2libero.it<\/p>\n<p><strong>Dove sostare: <\/strong><a href=\"https:\/\/www.camperonline.it?PageTo=area_elenco.asp?tipos=AA&amp;regione=Emilia%20Romagna\" target=\"_blank\">Aree di sosta in Emilia Romagna<\/a><\/p>\n","protected":false},"excerpt":{"rendered":"<p>Nel mese di maggio, il calendario di escursioni della rassegna Itinerando Emilia Romagna 2010 \u00a0entra nel vivo. Il punto di partenza di tutte le\u00a0escursioni \u00e8 comodamente raggiungibile con il proprio camper. Un&#8217;ottima occasione per coniugare weekend en plein air e movimento. Per l&#8217;Appennino bolognese Si comincia sabato 1\u00b0 maggio, a San Lazzaro di Savena si va \u201cA spasso tra i Gessi di Monte Croara e la Dolina della Spipola\u201d.\u00a0 L\u2019escursione inizia sulla via Emilia e, costeggiando il torrente Savena, risale la collina percorrendo i pi\u00f9 significativi affioramenti gessosi della Spipola e della Croara fino a raggiungere la Val di Zena. E\u2019 prevista una sosta presso il Centro Parco Casa Fantini e presso l\u2019Azienda Agricola \u201cColombarola\u201d con possibilit\u00e0 di degustazionee acquisto di prodotti biologici.<\/p>\n","protected":false},"author":4,"featured_media":0,"comment_status":"closed","ping_status":"closed","sticky":false,"template":"","format":"standard","meta":{"ngg_post_thumbnail":0},"categories":[48],"tags":[96,142,131,25],"yoast_head":"<!-- This site is optimized with the Yoast SEO plugin v18.6 - https:\/\/yoast.com\/wordpress\/plugins\/seo\/ -->\n<title>A maggio per l&#039;appennino tosco-emiliano - CamperOnLine Magazine<\/title>\n<meta name=\"description\" content=\"Nel mese di maggio, il calendario di escursioni della rassegna Itinerando Emilia Romagna 2010 \u00a0entra nel vivo. Il punto di partenza di tutte le\u00a0escursioni\" \/>\n<meta name=\"robots\" content=\"index, follow, max-snippet:-1, max-image-preview:large, max-video-preview:-1\" \/>\n<link rel=\"canonical\" href=\"https:\/\/www.camperonline.it\/magazine\/2010\/04\/08\/a-maggio-per-lappennino-tosco-emiliano\/\" \/>\n<meta property=\"og:locale\" content=\"it_IT\" \/>\n<meta property=\"og:type\" content=\"article\" \/>\n<meta property=\"og:title\" content=\"A maggio per l&#039;appennino tosco-emiliano - CamperOnLine Magazine\" \/>\n<meta property=\"og:description\" content=\"Nel mese di maggio, il calendario di escursioni della rassegna Itinerando Emilia Romagna 2010 \u00a0entra nel vivo. Il punto di partenza di tutte le\u00a0escursioni\" \/>\n<meta property=\"og:url\" content=\"https:\/\/www.camperonline.it\/magazine\/2010\/04\/08\/a-maggio-per-lappennino-tosco-emiliano\/\" \/>\n<meta property=\"og:site_name\" content=\"CamperOnLine Magazine\" \/>\n<meta property=\"article:published_time\" content=\"2010-04-08T12:11:24+00:00\" \/>\n<meta property=\"article:modified_time\" content=\"2010-04-09T12:49:47+00:00\" \/>\n<meta property=\"og:image\" content=\"https:\/\/www.camperonline.it\/magazine\/wp-content\/uploads\/2010\/04\/escursione2-300x201.jpg\" \/>\n<meta name=\"twitter:card\" content=\"summary_large_image\" \/>\n<script type=\"application\/ld+json\" class=\"yoast-schema-graph\">{\"@context\":\"https:\/\/schema.org\",\"@graph\":[{\"@type\":\"WebSite\",\"@id\":\"https:\/\/www.camperonline.it\/magazine\/#website\",\"url\":\"https:\/\/www.camperonline.it\/magazine\/\",\"name\":\"CamperOnLine Magazine\",\"description\":\"Viaggi in camper, test, video, destinazioni, vacanze\",\"potentialAction\":[{\"@type\":\"SearchAction\",\"target\":{\"@type\":\"EntryPoint\",\"urlTemplate\":\"https:\/\/www.camperonline.it\/magazine\/?s={search_term_string}\"},\"query-input\":\"required name=search_term_string\"}],\"inLanguage\":\"it-IT\"},{\"@type\":\"ImageObject\",\"@id\":\"https:\/\/www.camperonline.it\/magazine\/2010\/04\/08\/a-maggio-per-lappennino-tosco-emiliano\/#primaryimage\",\"inLanguage\":\"it-IT\",\"url\":\"https:\/\/www.camperonline.it\/magazine\/wp-content\/uploads\/2010\/04\/escursione2-300x201.jpg\",\"contentUrl\":\"https:\/\/www.camperonline.it\/magazine\/wp-content\/uploads\/2010\/04\/escursione2-300x201.jpg\"},{\"@type\":\"WebPage\",\"@id\":\"https:\/\/www.camperonline.it\/magazine\/2010\/04\/08\/a-maggio-per-lappennino-tosco-emiliano\/#webpage\",\"url\":\"https:\/\/www.camperonline.it\/magazine\/2010\/04\/08\/a-maggio-per-lappennino-tosco-emiliano\/\",\"name\":\"A maggio per l'appennino tosco-emiliano - CamperOnLine Magazine\",\"isPartOf\":{\"@id\":\"https:\/\/www.camperonline.it\/magazine\/#website\"},\"primaryImageOfPage\":{\"@id\":\"https:\/\/www.camperonline.it\/magazine\/2010\/04\/08\/a-maggio-per-lappennino-tosco-emiliano\/#primaryimage\"},\"datePublished\":\"2010-04-08T12:11:24+00:00\",\"dateModified\":\"2010-04-09T12:49:47+00:00\",\"author\":{\"@id\":\"https:\/\/www.camperonline.it\/magazine\/#\/schema\/person\/c377bddcceec6c03e78c4dcb0d1886e2\"},\"description\":\"Nel mese di maggio, il calendario di escursioni della rassegna Itinerando Emilia Romagna 2010 \u00a0entra nel vivo. Il punto di partenza di tutte le\u00a0escursioni\",\"breadcrumb\":{\"@id\":\"https:\/\/www.camperonline.it\/magazine\/2010\/04\/08\/a-maggio-per-lappennino-tosco-emiliano\/#breadcrumb\"},\"inLanguage\":\"it-IT\",\"potentialAction\":[{\"@type\":\"ReadAction\",\"target\":[\"https:\/\/www.camperonline.it\/magazine\/2010\/04\/08\/a-maggio-per-lappennino-tosco-emiliano\/\"]}]},{\"@type\":\"BreadcrumbList\",\"@id\":\"https:\/\/www.camperonline.it\/magazine\/2010\/04\/08\/a-maggio-per-lappennino-tosco-emiliano\/#breadcrumb\",\"itemListElement\":[{\"@type\":\"ListItem\",\"position\":1,\"name\":\"Home\",\"item\":\"https:\/\/www.camperonline.it\/magazine\/\"},{\"@type\":\"ListItem\",\"position\":2,\"name\":\"A maggio per l&#8217;appennino tosco-emiliano\"}]},{\"@type\":\"Person\",\"@id\":\"https:\/\/www.camperonline.it\/magazine\/#\/schema\/person\/c377bddcceec6c03e78c4dcb0d1886e2\",\"name\":\"Luisa\",\"sameAs\":[\"http:\/\/www.netsurf.it\"],\"url\":\"https:\/\/www.camperonline.it\/magazine\/author\/luisa\/\"}]}<\/script>\n<!-- \/ Yoast SEO plugin. -->","yoast_head_json":{"title":"A maggio per l'appennino tosco-emiliano - CamperOnLine Magazine","description":"Nel mese di maggio, il calendario di escursioni della rassegna Itinerando Emilia Romagna 2010 \u00a0entra nel vivo. Il punto di partenza di tutte le\u00a0escursioni","robots":{"index":"index","follow":"follow","max-snippet":"max-snippet:-1","max-image-preview":"max-image-preview:large","max-video-preview":"max-video-preview:-1"},"canonical":"https:\/\/www.camperonline.it\/magazine\/2010\/04\/08\/a-maggio-per-lappennino-tosco-emiliano\/","og_locale":"it_IT","og_type":"article","og_title":"A maggio per l'appennino tosco-emiliano - CamperOnLine Magazine","og_description":"Nel mese di maggio, il calendario di escursioni della rassegna Itinerando Emilia Romagna 2010 \u00a0entra nel vivo. Il punto di partenza di tutte le\u00a0escursioni","og_url":"https:\/\/www.camperonline.it\/magazine\/2010\/04\/08\/a-maggio-per-lappennino-tosco-emiliano\/","og_site_name":"CamperOnLine Magazine","article_published_time":"2010-04-08T12:11:24+00:00","article_modified_time":"2010-04-09T12:49:47+00:00","og_image":[{"url":"https:\/\/www.camperonline.it\/magazine\/wp-content\/uploads\/2010\/04\/escursione2-300x201.jpg"}],"twitter_card":"summary_large_image","schema":{"@context":"https:\/\/schema.org","@graph":[{"@type":"WebSite","@id":"https:\/\/www.camperonline.it\/magazine\/#website","url":"https:\/\/www.camperonline.it\/magazine\/","name":"CamperOnLine Magazine","description":"Viaggi in camper, test, video, destinazioni, vacanze","potentialAction":[{"@type":"SearchAction","target":{"@type":"EntryPoint","urlTemplate":"https:\/\/www.camperonline.it\/magazine\/?s={search_term_string}"},"query-input":"required name=search_term_string"}],"inLanguage":"it-IT"},{"@type":"ImageObject","@id":"https:\/\/www.camperonline.it\/magazine\/2010\/04\/08\/a-maggio-per-lappennino-tosco-emiliano\/#primaryimage","inLanguage":"it-IT","url":"https:\/\/www.camperonline.it\/magazine\/wp-content\/uploads\/2010\/04\/escursione2-300x201.jpg","contentUrl":"https:\/\/www.camperonline.it\/magazine\/wp-content\/uploads\/2010\/04\/escursione2-300x201.jpg"},{"@type":"WebPage","@id":"https:\/\/www.camperonline.it\/magazine\/2010\/04\/08\/a-maggio-per-lappennino-tosco-emiliano\/#webpage","url":"https:\/\/www.camperonline.it\/magazine\/2010\/04\/08\/a-maggio-per-lappennino-tosco-emiliano\/","name":"A maggio per l'appennino tosco-emiliano - CamperOnLine Magazine","isPartOf":{"@id":"https:\/\/www.camperonline.it\/magazine\/#website"},"primaryImageOfPage":{"@id":"https:\/\/www.camperonline.it\/magazine\/2010\/04\/08\/a-maggio-per-lappennino-tosco-emiliano\/#primaryimage"},"datePublished":"2010-04-08T12:11:24+00:00","dateModified":"2010-04-09T12:49:47+00:00","author":{"@id":"https:\/\/www.camperonline.it\/magazine\/#\/schema\/person\/c377bddcceec6c03e78c4dcb0d1886e2"},"description":"Nel mese di maggio, il calendario di escursioni della rassegna Itinerando Emilia Romagna 2010 \u00a0entra nel vivo. Il punto di partenza di tutte le\u00a0escursioni","breadcrumb":{"@id":"https:\/\/www.camperonline.it\/magazine\/2010\/04\/08\/a-maggio-per-lappennino-tosco-emiliano\/#breadcrumb"},"inLanguage":"it-IT","potentialAction":[{"@type":"ReadAction","target":["https:\/\/www.camperonline.it\/magazine\/2010\/04\/08\/a-maggio-per-lappennino-tosco-emiliano\/"]}]},{"@type":"BreadcrumbList","@id":"https:\/\/www.camperonline.it\/magazine\/2010\/04\/08\/a-maggio-per-lappennino-tosco-emiliano\/#breadcrumb","itemListElement":[{"@type":"ListItem","position":1,"name":"Home","item":"https:\/\/www.camperonline.it\/magazine\/"},{"@type":"ListItem","position":2,"name":"A maggio per l&#8217;appennino tosco-emiliano"}]},{"@type":"Person","@id":"https:\/\/www.camperonline.it\/magazine\/#\/schema\/person\/c377bddcceec6c03e78c4dcb0d1886e2","name":"Luisa","sameAs":["http:\/\/www.netsurf.it"],"url":"https:\/\/www.camperonline.it\/magazine\/author\/luisa\/"}]}},"_links":{"self":[{"href":"https:\/\/www.camperonline.it\/magazine\/wp-json\/wp\/v2\/posts\/3527"}],"collection":[{"href":"https:\/\/www.camperonline.it\/magazine\/wp-json\/wp\/v2\/posts"}],"about":[{"href":"https:\/\/www.camperonline.it\/magazine\/wp-json\/wp\/v2\/types\/post"}],"author":[{"embeddable":true,"href":"https:\/\/www.camperonline.it\/magazine\/wp-json\/wp\/v2\/users\/4"}],"replies":[{"embeddable":true,"href":"https:\/\/www.camperonline.it\/magazine\/wp-json\/wp\/v2\/comments?post=3527"}],"version-history":[{"count":0,"href":"https:\/\/www.camperonline.it\/magazine\/wp-json\/wp\/v2\/posts\/3527\/revisions"}],"wp:attachment":[{"href":"https:\/\/www.camperonline.it\/magazine\/wp-json\/wp\/v2\/media?parent=3527"}],"wp:term":[{"taxonomy":"category","embeddable":true,"href":"https:\/\/www.camperonline.it\/magazine\/wp-json\/wp\/v2\/categories?post=3527"},{"taxonomy":"post_tag","embeddable":true,"href":"https:\/\/www.camperonline.it\/magazine\/wp-json\/wp\/v2\/tags?post=3527"}],"curies":[{"name":"wp","href":"https:\/\/api.w.org\/{rel}","templated":true}]}}