{"id":355568,"date":"2025-08-15T18:01:47","date_gmt":"2025-08-15T16:01:47","guid":{"rendered":"https:\/\/www.camperonline.it\/magazine\/?p=355568"},"modified":"2025-07-28T16:16:08","modified_gmt":"2025-07-28T14:16:08","slug":"anteprime-e-novita-2026-carthago","status":"publish","type":"post","link":"https:\/\/www.camperonline.it\/magazine\/2025\/08\/15\/anteprime-e-novita-2026-carthago\/","title":{"rendered":"Anteprime e Novit\u00e0 2026: Carthago"},"content":{"rendered":"<p style=\"text-align: center;\"><img loading=\"lazy\" class=\"alignnone size-full wp-image-355569\" src=\"https:\/\/www.camperonline.it\/magazine\/wp-content\/uploads\/2025\/07\/COVER-ANTE-SCRITTE-2026_carthago.jpg\" alt=\"\" width=\"630\" height=\"355\" srcset=\"https:\/\/www.camperonline.it\/magazine\/wp-content\/uploads\/2025\/07\/COVER-ANTE-SCRITTE-2026_carthago.jpg 630w, https:\/\/www.camperonline.it\/magazine\/wp-content\/uploads\/2025\/07\/COVER-ANTE-SCRITTE-2026_carthago-300x169.jpg 300w\" sizes=\"(max-width: 630px) 100vw, 630px\" \/><\/p>\n<h2 class=\"western\" align=\"justify\"><span style=\"font-size: 18pt;\">Riuscito restyling per gli Chic C-line e altri modelli di alta gamma, ma arrivano anche i motorhome C2-tourer su base Fiat Ducato<\/span><\/h2>\n<p><!--more--><\/p>\n<p>La stagione 2026 di <strong>Carthago<\/strong> riserva molte novit\u00e0: gi\u00e0 lo scorso anno il costruttore tedesco aveva ampliato la gamma, ma ora procede ad un deciso rinnovamento di alcune serie di veicoli e inserisce nuove versioni. Ribadisce quindi la sua posizione di leader nel segmento alto del mercato. Vediamo in dettaglio le varie proposte di <strong>Carthago<\/strong> per la stagione 2026. Innanzitutto, lo stile di grande fascino creato da <strong>Carthago<\/strong> lo scorso anno per le versioni Mercedes-Benz della serie E-line ha fatto scuola e viene ora proposto su tutti i motorhome delle gamme pi\u00f9 elevate della casa tedesca.<\/p>\n<p style=\"text-align: center;\"><img loading=\"lazy\" class=\"alignnone size-full wp-image-355685\" src=\"https:\/\/www.camperonline.it\/magazine\/wp-content\/uploads\/2025\/07\/C.-line-I-5.9-XL-LE-1.jpg\" alt=\"\" width=\"630\" height=\"420\" srcset=\"https:\/\/www.camperonline.it\/magazine\/wp-content\/uploads\/2025\/07\/C.-line-I-5.9-XL-LE-1.jpg 630w, https:\/\/www.camperonline.it\/magazine\/wp-content\/uploads\/2025\/07\/C.-line-I-5.9-XL-LE-1-300x200.jpg 300w\" sizes=\"(max-width: 630px) 100vw, 630px\" \/><\/p>\n<p>Per prima cosa, si rinnova la serie <strong>Chic C-Line<\/strong>, asse portante dell\u2019offerta <strong>Carthago<\/strong>. Vent\u2019anni fa Carthago ha iniziato la sua scalata alla fascia alta del mercato grazie alla linea di motorhome Chic. Una gamma che non \u00e8 stata solo aggiornata nel corso del tempo, ma anche notevolmente ampliata. Per la stagione 2026, <strong>Carthago<\/strong> aggiorna quella che \u00e8 la sua serie di maggior successo, denominata proprio <strong>Chic C-line<\/strong>. A cambiare sono soprattutto le versioni su base <strong>Mercedes<\/strong>, con un deciso restyling esterno. Abbiamo potuto vedere in anteprima lo <strong>Chic C-line I 5.9 XL LE<\/strong>, su base Mercedes-Benz Sprinter a trazione anteriore.<\/p>\n<p style=\"text-align: center;\"><img loading=\"lazy\" class=\"alignnone size-full wp-image-355686\" src=\"https:\/\/www.camperonline.it\/magazine\/wp-content\/uploads\/2025\/07\/C.-line-I-5.9-XL-LE-2.jpg\" alt=\"\" width=\"630\" height=\"420\" srcset=\"https:\/\/www.camperonline.it\/magazine\/wp-content\/uploads\/2025\/07\/C.-line-I-5.9-XL-LE-2.jpg 630w, https:\/\/www.camperonline.it\/magazine\/wp-content\/uploads\/2025\/07\/C.-line-I-5.9-XL-LE-2-300x200.jpg 300w\" sizes=\"(max-width: 630px) 100vw, 630px\" \/><\/p>\n<p>E\u2019 un veicolo di notevole lunghezza, 852 cm, con telaio AL-KO a doppio assale posteriore e dotato di doppio pavimento. Si nota il nuovo frontale, decisamente dinamico, con la mascherina dalla sagoma esagonale affiancata dai fanali dal taglio inclinato e dai fari fendinebbia. A caratterizzare i nuovi Chic C-line Mercedes sono anche i passaruota sporgenti e le scalfiture sulle fiancate in corrispondenza della parte anteriore.<\/p>\n<p style=\"text-align: center;\"><img loading=\"lazy\" class=\"alignnone size-full wp-image-355687\" src=\"https:\/\/www.camperonline.it\/magazine\/wp-content\/uploads\/2025\/07\/C-line-5.9-XL-LE-Mercedes-4.jpg\" alt=\"\" width=\"630\" height=\"420\" srcset=\"https:\/\/www.camperonline.it\/magazine\/wp-content\/uploads\/2025\/07\/C-line-5.9-XL-LE-Mercedes-4.jpg 630w, https:\/\/www.camperonline.it\/magazine\/wp-content\/uploads\/2025\/07\/C-line-5.9-XL-LE-Mercedes-4-300x200.jpg 300w\" sizes=\"(max-width: 630px) 100vw, 630px\" \/><\/p>\n<p>Nei nuovi <strong>Chic C-line<\/strong> possiamo osservare un arredo moderno, elegante, decisamente all\u2019altezza del prestigio del marchio. Possiamo notare la piacevole forma dei pensili, che non hanno pi\u00f9 le maniglie in vista. Cambia anche la zona delle finestre, che mostrano ora una cornice in tessuto. Vengono abbandonate le classiche tende, si possono avere solo in opzione.<\/p>\n<p style=\"text-align: center;\"><img loading=\"lazy\" class=\"alignnone size-full wp-image-355688\" src=\"https:\/\/www.camperonline.it\/magazine\/wp-content\/uploads\/2025\/07\/C-line-5.9-XL-LE-Mercedes-37.jpg\" alt=\"\" width=\"630\" height=\"420\" srcset=\"https:\/\/www.camperonline.it\/magazine\/wp-content\/uploads\/2025\/07\/C-line-5.9-XL-LE-Mercedes-37.jpg 630w, https:\/\/www.camperonline.it\/magazine\/wp-content\/uploads\/2025\/07\/C-line-5.9-XL-LE-Mercedes-37-300x200.jpg 300w\" sizes=\"(max-width: 630px) 100vw, 630px\" \/><\/p>\n<p>Sul modello in esame vediamo una confortevole zona notte con letti gemelli, preceduta da un bagno passante davvero generoso, con tanto di mobile lavabo accanto alla cabina doccia.<\/p>\n<p style=\"text-align: center;\"><img loading=\"lazy\" class=\"alignnone size-full wp-image-355689\" src=\"https:\/\/www.camperonline.it\/magazine\/wp-content\/uploads\/2025\/07\/C-line-5.9-XL-LE-Mercedes-46.jpg\" alt=\"\" width=\"630\" height=\"420\" srcset=\"https:\/\/www.camperonline.it\/magazine\/wp-content\/uploads\/2025\/07\/C-line-5.9-XL-LE-Mercedes-46.jpg 630w, https:\/\/www.camperonline.it\/magazine\/wp-content\/uploads\/2025\/07\/C-line-5.9-XL-LE-Mercedes-46-300x200.jpg 300w\" sizes=\"(max-width: 630px) 100vw, 630px\" \/><\/p>\n<p>&nbsp;<\/p>\n<p style=\"text-align: center;\"><img loading=\"lazy\" class=\"alignnone size-full wp-image-355692\" src=\"https:\/\/www.camperonline.it\/magazine\/wp-content\/uploads\/2025\/07\/C-line-5.9-XL-LE-Mercedes-24.jpg\" alt=\"\" width=\"630\" height=\"420\" srcset=\"https:\/\/www.camperonline.it\/magazine\/wp-content\/uploads\/2025\/07\/C-line-5.9-XL-LE-Mercedes-24.jpg 630w, https:\/\/www.camperonline.it\/magazine\/wp-content\/uploads\/2025\/07\/C-line-5.9-XL-LE-Mercedes-24-300x200.jpg 300w\" sizes=\"(max-width: 630px) 100vw, 630px\" \/><\/p>\n<p>Nella zona living del modello proposto possiamo notare l\u2019ambientazione Cortina, una delle due disponibili, improntata su colori chiari a cui fanno da contrasto i piani orizzontali effetto legno. Il divano a L \u00e8 stato accorciato sul fianco per avere maggiore spazio di passaggio, ma in opzione si pu\u00f2 avere anche pi\u00f9 ampio. Il letto basculante sopra la cabina si pu\u00f2 anche eliminare, per avere pi\u00f9 ariosit\u00e0 dell\u2019ambiente.<\/p>\n<p style=\"text-align: center;\"><img loading=\"lazy\" class=\"alignnone size-full wp-image-355693\" src=\"https:\/\/www.camperonline.it\/magazine\/wp-content\/uploads\/2025\/07\/C-line-5.9-XL-LE-Mercedes-15.jpg\" alt=\"\" width=\"630\" height=\"420\" srcset=\"https:\/\/www.camperonline.it\/magazine\/wp-content\/uploads\/2025\/07\/C-line-5.9-XL-LE-Mercedes-15.jpg 630w, https:\/\/www.camperonline.it\/magazine\/wp-content\/uploads\/2025\/07\/C-line-5.9-XL-LE-Mercedes-15-300x200.jpg 300w\" sizes=\"(max-width: 630px) 100vw, 630px\" \/><\/p>\n<p>La cucina \u00e8 avvolgente, dotata di un piano di lavoro aggiuntivo inserito nella parete che separa la dinette. E non manca un mobile bar illuminato, con spazio per i calici e le bottiglie di vino.<\/p>\n<p style=\"text-align: center;\"><img loading=\"lazy\" class=\"alignnone size-full wp-image-355690\" src=\"https:\/\/www.camperonline.it\/magazine\/wp-content\/uploads\/2025\/07\/C-line-5.9-XL-LE-Mercedes-32.jpg\" alt=\"\" width=\"630\" height=\"420\" srcset=\"https:\/\/www.camperonline.it\/magazine\/wp-content\/uploads\/2025\/07\/C-line-5.9-XL-LE-Mercedes-32.jpg 630w, https:\/\/www.camperonline.it\/magazine\/wp-content\/uploads\/2025\/07\/C-line-5.9-XL-LE-Mercedes-32-300x200.jpg 300w\" sizes=\"(max-width: 630px) 100vw, 630px\" \/><\/p>\n<p>Sono minori i cambiamenti della serie <strong>Chic C-line<\/strong> su base <strong>Fiat<\/strong> Ducato AL-KO. In questo caso come esempio vi proponiamo lo <strong>Chic C-line I 4.9 LE<\/strong>, da 739 cm di lunghezza.<\/p>\n<p style=\"text-align: center;\"><img loading=\"lazy\" class=\"alignnone size-full wp-image-355691\" src=\"https:\/\/www.camperonline.it\/magazine\/wp-content\/uploads\/2025\/07\/C-line-4.9-LE-Fiat-4.jpg\" alt=\"\" width=\"630\" height=\"420\" srcset=\"https:\/\/www.camperonline.it\/magazine\/wp-content\/uploads\/2025\/07\/C-line-4.9-LE-Fiat-4.jpg 630w, https:\/\/www.camperonline.it\/magazine\/wp-content\/uploads\/2025\/07\/C-line-4.9-LE-Fiat-4-300x200.jpg 300w\" sizes=\"(max-width: 630px) 100vw, 630px\" \/><\/p>\n<p>L\u2019esterno rimane pressoch\u00e9 invariato, ma all\u2019interno troviamo l\u2019arredo moderno che abbiamo visto sulle versioni su base Mercedes. Qui possiamo osservare l\u2019altra ambientazione prevista per la serie C-Line: si chiama Amalfi e presenta ante dei pensili bicolore e piani orizzontali grigi effetto pietra. Le ante dei pensili ristilizzate sono senza maniglie in vista. In questo caso \u00e8 stato montato il letto matrimoniale basculante anteriore, che integra la pregevole camera da letto posteriore con letti singoli.<\/p>\n<p style=\"text-align: center;\"><img loading=\"lazy\" class=\"alignnone size-full wp-image-355696\" src=\"https:\/\/www.camperonline.it\/magazine\/wp-content\/uploads\/2025\/07\/C-line-4.9-LE-Fiat-6.jpg\" alt=\"\" width=\"630\" height=\"420\" srcset=\"https:\/\/www.camperonline.it\/magazine\/wp-content\/uploads\/2025\/07\/C-line-4.9-LE-Fiat-6.jpg 630w, https:\/\/www.camperonline.it\/magazine\/wp-content\/uploads\/2025\/07\/C-line-4.9-LE-Fiat-6-300x200.jpg 300w\" sizes=\"(max-width: 630px) 100vw, 630px\" \/><\/p>\n<p>&nbsp;<\/p>\n<p style=\"text-align: center;\"><img loading=\"lazy\" class=\"alignnone size-full wp-image-355694\" src=\"https:\/\/www.camperonline.it\/magazine\/wp-content\/uploads\/2025\/07\/C-line-4.9-LE-Fiat-7.jpg\" alt=\"\" width=\"630\" height=\"420\" srcset=\"https:\/\/www.camperonline.it\/magazine\/wp-content\/uploads\/2025\/07\/C-line-4.9-LE-Fiat-7.jpg 630w, https:\/\/www.camperonline.it\/magazine\/wp-content\/uploads\/2025\/07\/C-line-4.9-LE-Fiat-7-300x200.jpg 300w\" sizes=\"(max-width: 630px) 100vw, 630px\" \/><\/p>\n<p>&nbsp;<\/p>\n<p style=\"text-align: center;\"><img loading=\"lazy\" class=\"alignnone size-full wp-image-355695\" src=\"https:\/\/www.camperonline.it\/magazine\/wp-content\/uploads\/2025\/07\/C-line-4.9-LE-Fiat-4-1.jpg\" alt=\"\" width=\"630\" height=\"420\" srcset=\"https:\/\/www.camperonline.it\/magazine\/wp-content\/uploads\/2025\/07\/C-line-4.9-LE-Fiat-4-1.jpg 630w, https:\/\/www.camperonline.it\/magazine\/wp-content\/uploads\/2025\/07\/C-line-4.9-LE-Fiat-4-1-300x200.jpg 300w\" sizes=\"(max-width: 630px) 100vw, 630px\" \/><\/p>\n<p>Ma il rinnovamento della gamma <strong>Carthago<\/strong> riguarda anche la serie <strong>Chic S-plus<\/strong> su base Iveco Daily. Questi modelli sono caratterizzati da trazione posteriore ed elevata massa rimorchiabile. Le piante si rifanno a quelle dello Chic E-line e le lunghezze arrivano a 885 cm, come questo <strong>Chic S-plus I 64 XL QB<\/strong>.<\/p>\n<p style=\"text-align: center;\"><img loading=\"lazy\" class=\"alignnone size-full wp-image-355697\" src=\"https:\/\/www.camperonline.it\/magazine\/wp-content\/uploads\/2025\/07\/S-Plus-64-XL-QB-3.jpg\" alt=\"\" width=\"630\" height=\"420\" srcset=\"https:\/\/www.camperonline.it\/magazine\/wp-content\/uploads\/2025\/07\/S-Plus-64-XL-QB-3.jpg 630w, https:\/\/www.camperonline.it\/magazine\/wp-content\/uploads\/2025\/07\/S-Plus-64-XL-QB-3-300x200.jpg 300w\" sizes=\"(max-width: 630px) 100vw, 630px\" \/><\/p>\n<p>Vengono recepite le migliorie apportate da Iveco al posto guida. Ecco quindi base di ricarica wireless, doppia regolazione del piantone di guida e nuova leva del cambio Hi-Matic, ma anche display da 10\u201d con navigatore e sofisticato pacchetto assistenza alla guida. Vengono inoltre introdotti i sedili ad aria per conducente e passeggero, che offrono un ottimo comfort. All\u2019interno gli spazi sono generosi, sia nella zona notte, sia nel bagno, ma anche in tutta la zona giorno.<\/p>\n<p style=\"text-align: center;\"><img loading=\"lazy\" class=\"alignnone size-full wp-image-355698\" src=\"https:\/\/www.camperonline.it\/magazine\/wp-content\/uploads\/2025\/07\/S-Plus-64-XL-QB-19.jpg\" alt=\"\" width=\"630\" height=\"420\" srcset=\"https:\/\/www.camperonline.it\/magazine\/wp-content\/uploads\/2025\/07\/S-Plus-64-XL-QB-19.jpg 630w, https:\/\/www.camperonline.it\/magazine\/wp-content\/uploads\/2025\/07\/S-Plus-64-XL-QB-19-300x200.jpg 300w\" sizes=\"(max-width: 630px) 100vw, 630px\" \/><\/p>\n<p>&nbsp;<\/p>\n<p style=\"text-align: center;\"><img loading=\"lazy\" class=\"alignnone size-full wp-image-355699\" src=\"https:\/\/www.camperonline.it\/magazine\/wp-content\/uploads\/2025\/07\/S-Plus-64-XL-QB-24.jpg\" alt=\"\" width=\"630\" height=\"420\" srcset=\"https:\/\/www.camperonline.it\/magazine\/wp-content\/uploads\/2025\/07\/S-Plus-64-XL-QB-24.jpg 630w, https:\/\/www.camperonline.it\/magazine\/wp-content\/uploads\/2025\/07\/S-Plus-64-XL-QB-24-300x200.jpg 300w\" sizes=\"(max-width: 630px) 100vw, 630px\" \/><\/p>\n<p>Restyling anche per i modelli <strong>Liner-for-two<\/strong>, motorhome di alta gamma destinati espressamente alla coppia. Lo stile esterno \u00e8 lo stesso degli altri modelli di alta gamma Carthago, lo si nota chiaramente dalla parte anteriore dinamica e ben caratterizzata. Come base \u00e8 disponibile sia l\u2019Iveco Daily, sia il Fiat Ducato con telaio AL-KO (nella versione a due o tre assi).<\/p>\n<p style=\"text-align: center;\"><img loading=\"lazy\" class=\"alignnone size-full wp-image-355700\" src=\"https:\/\/www.camperonline.it\/magazine\/wp-content\/uploads\/2025\/07\/Liner-for-two-I-53-14.jpg\" alt=\"\" width=\"630\" height=\"420\" srcset=\"https:\/\/www.camperonline.it\/magazine\/wp-content\/uploads\/2025\/07\/Liner-for-two-I-53-14.jpg 630w, https:\/\/www.camperonline.it\/magazine\/wp-content\/uploads\/2025\/07\/Liner-for-two-I-53-14-300x200.jpg 300w\" sizes=\"(max-width: 630px) 100vw, 630px\" \/><\/p>\n<p>Abbiamo visto il <strong>Liner-for-two I 53<\/strong> su Ducato, lungo 783 cm. Il Liner-for-two presenta uno schema abitativo con quattro ambienti: nella zona di coda possiamo osservare un enorme living circolare, al centro troviamo la cucina ben sviluppata, poi c\u2019\u00e8 il bagno a ridosso della cabina e sopra quest\u2019ultima si abbassano elettricamente i letti singoli.<\/p>\n<p style=\"text-align: center;\"><img loading=\"lazy\" class=\"alignnone size-full wp-image-355701\" src=\"https:\/\/www.camperonline.it\/magazine\/wp-content\/uploads\/2025\/07\/Liner-for-two-I-53-18.jpg\" alt=\"\" width=\"630\" height=\"420\" srcset=\"https:\/\/www.camperonline.it\/magazine\/wp-content\/uploads\/2025\/07\/Liner-for-two-I-53-18.jpg 630w, https:\/\/www.camperonline.it\/magazine\/wp-content\/uploads\/2025\/07\/Liner-for-two-I-53-18-300x200.jpg 300w\" sizes=\"(max-width: 630px) 100vw, 630px\" \/><\/p>\n<p style=\"text-align: center;\">&nbsp;<\/p>\n<p style=\"text-align: center;\"><img loading=\"lazy\" class=\"alignnone size-full wp-image-355703\" src=\"https:\/\/www.camperonline.it\/magazine\/wp-content\/uploads\/2025\/07\/Liner-for-two-I-53-8.jpg\" alt=\"\" width=\"630\" height=\"420\" srcset=\"https:\/\/www.camperonline.it\/magazine\/wp-content\/uploads\/2025\/07\/Liner-for-two-I-53-8.jpg 630w, https:\/\/www.camperonline.it\/magazine\/wp-content\/uploads\/2025\/07\/Liner-for-two-I-53-8-300x200.jpg 300w\" sizes=\"(max-width: 630px) 100vw, 630px\" \/><\/p>\n<p>Per la stagione 2026, le gamme Chic C-line, Chic E-line, Chic S-plus e Liner-for-two vengono dotate di un nuovo pannello comandi digitale con touch display e controllo tramite app sullo smartphone. Riconfermata la serie <strong>Chic E-line<\/strong>, che nelle versioni su Mercedes-Benz, mostra lo stile da cui cui \u00e8 scaturito il design degli altri <strong>Carthago<\/strong> posti al vertice della gamma.<\/p>\n<p style=\"text-align: center;\"><img loading=\"lazy\" class=\"alignnone size-full wp-image-355704\" src=\"https:\/\/www.camperonline.it\/magazine\/wp-content\/uploads\/2025\/07\/C-line-E-line-S-plus-Liner-forTwo-1.jpg\" alt=\"\" width=\"630\" height=\"420\" srcset=\"https:\/\/www.camperonline.it\/magazine\/wp-content\/uploads\/2025\/07\/C-line-E-line-S-plus-Liner-forTwo-1.jpg 630w, https:\/\/www.camperonline.it\/magazine\/wp-content\/uploads\/2025\/07\/C-line-E-line-S-plus-Liner-forTwo-1-300x200.jpg 300w\" sizes=\"(max-width: 630px) 100vw, 630px\" \/><\/p>\n<p>Ma attenzione, viene ampliata anche la serie <strong>C2-tourer<\/strong>, con l\u2019inserimento delle versioni su base <strong>Ducato<\/strong>. Appare chiara la volont\u00e0 di <strong>Carthago<\/strong> di sviluppare ulteriormente la costruzione leggera, con motorhome che pur rientando nella fascia alta del mercato rimangono entro i 3.500 kg di massa complessiva garantendo comunque 4 posti omologati.<\/p>\n<p>Nascono inoltre due nuovi modelli <strong>C2-tourer<\/strong>, disponibili anche in versione lightweight da 3 tonnellate e mezzo, ed entrambi proposti su base Fiat e su telaio Mercedes: sono il C2-tourer 141 I KB-LE e il C2-tourer 143 I KB-LE. Abbiamo potuto vedere in anteprima il <strong>C2-tourer I 141 KB-LE<\/strong> su base Mercedes.<\/p>\n<p><img loading=\"lazy\" class=\"size-full wp-image-355705 aligncenter\" src=\"https:\/\/www.camperonline.it\/magazine\/wp-content\/uploads\/2025\/07\/C2-tourer-I-141-KB-LE.jpg\" alt=\"\" width=\"630\" height=\"420\" srcset=\"https:\/\/www.camperonline.it\/magazine\/wp-content\/uploads\/2025\/07\/C2-tourer-I-141-KB-LE.jpg 630w, https:\/\/www.camperonline.it\/magazine\/wp-content\/uploads\/2025\/07\/C2-tourer-I-141-KB-LE-300x200.jpg 300w\" sizes=\"(max-width: 630px) 100vw, 630px\" \/><\/p>\n<p>Questo modello offre davvero molto all\u2019interno, ma con dimensioni esterne non elevate. In coda troviamo due letti singoli gemelli, preceduti da un bagno che pur non avendo la doccia indipendente \u00e8 ampio e ha una porta generosa che pu\u00f2 separare la zone notte dalla zona giorno. Il living riesce a offrire 5 posti grazie a una poltroncina che si aggiunge alla dinette a L e ai sedili girevoli della cabina. Ben modellata la cucina con frigorifero posto in alto.<\/p>\n<p style=\"text-align: center;\"><img loading=\"lazy\" class=\"alignnone size-full wp-image-355713\" src=\"https:\/\/www.camperonline.it\/magazine\/wp-content\/uploads\/2025\/07\/C2-tourer-I-141-KB-LE-3.jpg\" alt=\"\" width=\"630\" height=\"420\" srcset=\"https:\/\/www.camperonline.it\/magazine\/wp-content\/uploads\/2025\/07\/C2-tourer-I-141-KB-LE-3.jpg 630w, https:\/\/www.camperonline.it\/magazine\/wp-content\/uploads\/2025\/07\/C2-tourer-I-141-KB-LE-3-300x200.jpg 300w\" sizes=\"(max-width: 630px) 100vw, 630px\" \/><\/p>\n<p>&nbsp;<\/p>\n<p style=\"text-align: center;\"><img loading=\"lazy\" class=\"alignnone size-full wp-image-355714\" src=\"https:\/\/www.camperonline.it\/magazine\/wp-content\/uploads\/2025\/07\/C2-tourer-I-141-KB-LE-7.jpg\" alt=\"\" width=\"630\" height=\"420\" srcset=\"https:\/\/www.camperonline.it\/magazine\/wp-content\/uploads\/2025\/07\/C2-tourer-I-141-KB-LE-7.jpg 630w, https:\/\/www.camperonline.it\/magazine\/wp-content\/uploads\/2025\/07\/C2-tourer-I-141-KB-LE-7-300x200.jpg 300w\" sizes=\"(max-width: 630px) 100vw, 630px\" \/><\/p>\n<p>&nbsp;<\/p>\n<p style=\"text-align: center;\"><img loading=\"lazy\" class=\"alignnone size-full wp-image-355715\" src=\"https:\/\/www.camperonline.it\/magazine\/wp-content\/uploads\/2025\/07\/C2-tourer-I-141-KB-LE-10.jpg\" alt=\"\" width=\"630\" height=\"420\" srcset=\"https:\/\/www.camperonline.it\/magazine\/wp-content\/uploads\/2025\/07\/C2-tourer-I-141-KB-LE-10.jpg 630w, https:\/\/www.camperonline.it\/magazine\/wp-content\/uploads\/2025\/07\/C2-tourer-I-141-KB-LE-10-300x200.jpg 300w\" sizes=\"(max-width: 630px) 100vw, 630px\" \/><\/p>\n<p>Della serie <strong>C2-tourer<\/strong> abbiamo visto anche la versione <strong>I 147 RB-LE L<\/strong> su base Mercedes, la cui lunghezza arriva a 740 cm. Sono stati migliorati alcuni elementi, come la cucina che \u00e8 pi\u00f9 larga e ha il frigorifero pi\u00f9 grande, il bagno che \u00e8 meglio rifinito e gli armadi che sono pi\u00f9 alti, posti sotto ai letti gemelli in coda.<\/p>\n<p style=\"text-align: center;\"><img loading=\"lazy\" class=\"alignnone size-full wp-image-355716\" src=\"https:\/\/www.camperonline.it\/magazine\/wp-content\/uploads\/2025\/07\/C2-tourer-I-147-RB-LE-L-7.jpg\" alt=\"\" width=\"630\" height=\"420\" srcset=\"https:\/\/www.camperonline.it\/magazine\/wp-content\/uploads\/2025\/07\/C2-tourer-I-147-RB-LE-L-7.jpg 630w, https:\/\/www.camperonline.it\/magazine\/wp-content\/uploads\/2025\/07\/C2-tourer-I-147-RB-LE-L-7-300x200.jpg 300w\" sizes=\"(max-width: 630px) 100vw, 630px\" \/><\/p>\n<p>&nbsp;<\/p>\n<p style=\"text-align: center;\"><img loading=\"lazy\" class=\"alignnone size-full wp-image-355717\" src=\"https:\/\/www.camperonline.it\/magazine\/wp-content\/uploads\/2025\/07\/C2-tourer-I-147-RB-LE-L-18.jpg\" alt=\"\" width=\"630\" height=\"420\" srcset=\"https:\/\/www.camperonline.it\/magazine\/wp-content\/uploads\/2025\/07\/C2-tourer-I-147-RB-LE-L-18.jpg 630w, https:\/\/www.camperonline.it\/magazine\/wp-content\/uploads\/2025\/07\/C2-tourer-I-147-RB-LE-L-18-300x200.jpg 300w\" sizes=\"(max-width: 630px) 100vw, 630px\" \/><\/p>\n<p>&nbsp;<\/p>\n<p style=\"text-align: center;\"><img loading=\"lazy\" class=\"alignnone size-full wp-image-355718\" src=\"https:\/\/www.camperonline.it\/magazine\/wp-content\/uploads\/2025\/07\/C2-tourer-I-147-RB-LE-L-12.jpg\" alt=\"\" width=\"630\" height=\"420\" srcset=\"https:\/\/www.camperonline.it\/magazine\/wp-content\/uploads\/2025\/07\/C2-tourer-I-147-RB-LE-L-12.jpg 630w, https:\/\/www.camperonline.it\/magazine\/wp-content\/uploads\/2025\/07\/C2-tourer-I-147-RB-LE-L-12-300x200.jpg 300w\" sizes=\"(max-width: 630px) 100vw, 630px\" \/><\/p>\n<p>Con l\u2019arrivo dei nuovi C2-tourer su Fiat viene pressoch\u00e9 abbandonata la serie di motorhome C1-tourer su base Ducato. Rimane a catalogo solo un modello, il <strong>C1-tourer Edition+ 149 RB-LE<\/strong>, disponibile sia su Fiat Ducato, sia su Mercedes-Benz Sprinter. E\u2019 dotato di zona notte con letti gemelli e bagno con doccia indipendente.<\/p>\n<p style=\"text-align: center;\">&nbsp;<\/p>\n<p style=\"text-align: center;\"><img loading=\"lazy\" class=\"alignnone size-full wp-image-356385\" src=\"https:\/\/www.camperonline.it\/magazine\/wp-content\/uploads\/2025\/07\/C1-tourer-149-Editoin-RB-LE-1.jpg\" alt=\"\" width=\"630\" height=\"354\" srcset=\"https:\/\/www.camperonline.it\/magazine\/wp-content\/uploads\/2025\/07\/C1-tourer-149-Editoin-RB-LE-1.jpg 630w, https:\/\/www.camperonline.it\/magazine\/wp-content\/uploads\/2025\/07\/C1-tourer-149-Editoin-RB-LE-1-300x169.jpg 300w\" sizes=\"(max-width: 630px) 100vw, 630px\" \/><\/p>\n<p>&nbsp;<\/p>\n<p style=\"text-align: center;\"><img loading=\"lazy\" class=\"alignnone size-full wp-image-356384\" src=\"https:\/\/www.camperonline.it\/magazine\/wp-content\/uploads\/2025\/07\/C1-tourer-Edition-149-RB-LE-Comfort-6.jpg\" alt=\"\" width=\"630\" height=\"420\" srcset=\"https:\/\/www.camperonline.it\/magazine\/wp-content\/uploads\/2025\/07\/C1-tourer-Edition-149-RB-LE-Comfort-6.jpg 630w, https:\/\/www.camperonline.it\/magazine\/wp-content\/uploads\/2025\/07\/C1-tourer-Edition-149-RB-LE-Comfort-6-300x200.jpg 300w\" sizes=\"(max-width: 630px) 100vw, 630px\" \/><\/p>\n<p>Ma nella gamma <strong>Carthago<\/strong> non mancano i semintegrali, abbiamo potuto vedere in anteprima il <strong>C1-tourer T 148 RB-QB K<\/strong>, su base Ducato: propone uno schema abitativo che mancava in questa gamma.<\/p>\n<p style=\"text-align: center;\"><img loading=\"lazy\" class=\"alignnone size-full wp-image-356386\" src=\"https:\/\/www.camperonline.it\/magazine\/wp-content\/uploads\/2025\/07\/C1-Tourer-T-148-RB-QB-K-est-1.jpg\" alt=\"\" width=\"630\" height=\"420\" srcset=\"https:\/\/www.camperonline.it\/magazine\/wp-content\/uploads\/2025\/07\/C1-Tourer-T-148-RB-QB-K-est-1.jpg 630w, https:\/\/www.camperonline.it\/magazine\/wp-content\/uploads\/2025\/07\/C1-Tourer-T-148-RB-QB-K-est-1-300x200.jpg 300w\" sizes=\"(max-width: 630px) 100vw, 630px\" \/><\/p>\n<p>Viene riproposta anche su un semintegrale della serie C1-tourer l\u2019apprezzata pianta con letto matrimoniale posteriore e bagno con vano doccia indipendente. Per la stagjone 2026 i C1-tourer T presentano passaruota posteriori pi\u00f9 marcati e sono disponibili anche con cabina nera.<\/p>\n<p style=\"text-align: center;\"><img loading=\"lazy\" class=\"alignnone size-full wp-image-356387\" src=\"https:\/\/www.camperonline.it\/magazine\/wp-content\/uploads\/2025\/07\/C1-tourer-T-148-RB-QB-K-5.jpg\" alt=\"\" width=\"630\" height=\"420\" srcset=\"https:\/\/www.camperonline.it\/magazine\/wp-content\/uploads\/2025\/07\/C1-tourer-T-148-RB-QB-K-5.jpg 630w, https:\/\/www.camperonline.it\/magazine\/wp-content\/uploads\/2025\/07\/C1-tourer-T-148-RB-QB-K-5-300x200.jpg 300w\" sizes=\"(max-width: 630px) 100vw, 630px\" \/><\/p>\n<p>Nuova nella serie di semintegrali C1-Tourer \u00e8 anche la versione T 147 RB-LE \u201cK\u201d, che invece offre i letti gemelli abbinati al bagno con doccia indipendente. Amplia la gamma di semitegrali anche lo Chic C-line T 4.9 LE, con letti gemelli posteriori.<\/p>\n<h3>Fotogallery<\/h3>\n<!-- default-view.php -->\n<div\n\tclass=\"ngg-galleryoverview default-view  ngg-ajax-pagination-none\"\n\tid=\"ngg-gallery-9b57dbfb98573f106fd45a9f86060297-1\">\n\n\t\t<!-- Thumbnails -->\n\t\t\t\t<div id=\"ngg-image-0\" class=\"ngg-gallery-thumbnail-box ngg-5-columns\" >\n\t\t\t\t        <div class=\"ngg-gallery-thumbnail\">\n            <a href=\"https:\/\/www.camperonline.it\/magazine\/wp-content\/gallery\/anteprime-2026-carthago\/01-C.-line-I-5.9-XL-LE-1.jpg\"\n               title=\"\"\n               data-src=\"https:\/\/www.camperonline.it\/magazine\/wp-content\/gallery\/anteprime-2026-carthago\/01-C.-line-I-5.9-XL-LE-1.jpg\"\n               data-thumbnail=\"https:\/\/www.camperonline.it\/magazine\/wp-content\/gallery\/anteprime-2026-carthago\/thumbs\/thumbs_01-C.-line-I-5.9-XL-LE-1.jpg\"\n               data-image-id=\"138756\"\n               data-title=\"01-C.-line-I-5.9-XL-LE-1\"\n               data-description=\"\"\n               data-image-slug=\"01-c-line-i-5-9-xl-le-1\"\n               class=\"ngg-fancybox\" rel=\"9b57dbfb98573f106fd45a9f86060297\">\n                <img\n                    title=\"01-C.-line-I-5.9-XL-LE-1\"\n                    alt=\"01-C.-line-I-5.9-XL-LE-1\"\n                    src=\"https:\/\/www.camperonline.it\/magazine\/wp-content\/gallery\/anteprime-2026-carthago\/thumbs\/thumbs_01-C.-line-I-5.9-XL-LE-1.jpg\"\n                    width=\"240\"\n                    height=\"160\"\n                    style=\"max-width:100%;\"\n                \/>\n            <\/a>\n        <\/div>\n\t\t\t\t\t\t\t<\/div> \n\t\t\t\n\t\t\t\t<div id=\"ngg-image-1\" class=\"ngg-gallery-thumbnail-box ngg-5-columns\" >\n\t\t\t\t        <div class=\"ngg-gallery-thumbnail\">\n            <a href=\"https:\/\/www.camperonline.it\/magazine\/wp-content\/gallery\/anteprime-2026-carthago\/02-C.-line-I-5.9-XL-LE-2.jpg\"\n               title=\"\"\n               data-src=\"https:\/\/www.camperonline.it\/magazine\/wp-content\/gallery\/anteprime-2026-carthago\/02-C.-line-I-5.9-XL-LE-2.jpg\"\n               data-thumbnail=\"https:\/\/www.camperonline.it\/magazine\/wp-content\/gallery\/anteprime-2026-carthago\/thumbs\/thumbs_02-C.-line-I-5.9-XL-LE-2.jpg\"\n               data-image-id=\"138753\"\n               data-title=\"02-C.-line-I-5.9-XL-LE-2\"\n               data-description=\"\"\n               data-image-slug=\"02-c-line-i-5-9-xl-le-2\"\n               class=\"ngg-fancybox\" rel=\"9b57dbfb98573f106fd45a9f86060297\">\n                <img\n                    title=\"02-C.-line-I-5.9-XL-LE-2\"\n                    alt=\"02-C.-line-I-5.9-XL-LE-2\"\n                    src=\"https:\/\/www.camperonline.it\/magazine\/wp-content\/gallery\/anteprime-2026-carthago\/thumbs\/thumbs_02-C.-line-I-5.9-XL-LE-2.jpg\"\n                    width=\"240\"\n                    height=\"160\"\n                    style=\"max-width:100%;\"\n                \/>\n            <\/a>\n        <\/div>\n\t\t\t\t\t\t\t<\/div> \n\t\t\t\n\t\t\t\t<div id=\"ngg-image-2\" class=\"ngg-gallery-thumbnail-box ngg-5-columns\" >\n\t\t\t\t        <div class=\"ngg-gallery-thumbnail\">\n            <a href=\"https:\/\/www.camperonline.it\/magazine\/wp-content\/gallery\/anteprime-2026-carthago\/02-C.-line-I-5.9-XL-LE-3.jpg\"\n               title=\"\"\n               data-src=\"https:\/\/www.camperonline.it\/magazine\/wp-content\/gallery\/anteprime-2026-carthago\/02-C.-line-I-5.9-XL-LE-3.jpg\"\n               data-thumbnail=\"https:\/\/www.camperonline.it\/magazine\/wp-content\/gallery\/anteprime-2026-carthago\/thumbs\/thumbs_02-C.-line-I-5.9-XL-LE-3.jpg\"\n               data-image-id=\"138751\"\n               data-title=\"02-C.-line-I-5.9-XL-LE-3\"\n               data-description=\"\"\n               data-image-slug=\"02-c-line-i-5-9-xl-le-3\"\n               class=\"ngg-fancybox\" rel=\"9b57dbfb98573f106fd45a9f86060297\">\n                <img\n                    title=\"02-C.-line-I-5.9-XL-LE-3\"\n                    alt=\"02-C.-line-I-5.9-XL-LE-3\"\n                    src=\"https:\/\/www.camperonline.it\/magazine\/wp-content\/gallery\/anteprime-2026-carthago\/thumbs\/thumbs_02-C.-line-I-5.9-XL-LE-3.jpg\"\n                    width=\"240\"\n                    height=\"160\"\n                    style=\"max-width:100%;\"\n                \/>\n            <\/a>\n        <\/div>\n\t\t\t\t\t\t\t<\/div> \n\t\t\t\n\t\t\t\t<div id=\"ngg-image-3\" class=\"ngg-gallery-thumbnail-box ngg-5-columns\" >\n\t\t\t\t        <div class=\"ngg-gallery-thumbnail\">\n            <a href=\"https:\/\/www.camperonline.it\/magazine\/wp-content\/gallery\/anteprime-2026-carthago\/03-C-line-5.9-XL-LE-Mercedes-1.jpg\"\n               title=\"\"\n               data-src=\"https:\/\/www.camperonline.it\/magazine\/wp-content\/gallery\/anteprime-2026-carthago\/03-C-line-5.9-XL-LE-Mercedes-1.jpg\"\n               data-thumbnail=\"https:\/\/www.camperonline.it\/magazine\/wp-content\/gallery\/anteprime-2026-carthago\/thumbs\/thumbs_03-C-line-5.9-XL-LE-Mercedes-1.jpg\"\n               data-image-id=\"138754\"\n               data-title=\"03-C-line-5.9-XL-LE-Mercedes-1\"\n               data-description=\"\"\n               data-image-slug=\"03-c-line-5-9-xl-le-mercedes-1\"\n               class=\"ngg-fancybox\" rel=\"9b57dbfb98573f106fd45a9f86060297\">\n                <img\n                    title=\"03-C-line-5.9-XL-LE-Mercedes-1\"\n                    alt=\"03-C-line-5.9-XL-LE-Mercedes-1\"\n                    src=\"https:\/\/www.camperonline.it\/magazine\/wp-content\/gallery\/anteprime-2026-carthago\/thumbs\/thumbs_03-C-line-5.9-XL-LE-Mercedes-1.jpg\"\n                    width=\"240\"\n                    height=\"160\"\n                    style=\"max-width:100%;\"\n                \/>\n            <\/a>\n        <\/div>\n\t\t\t\t\t\t\t<\/div> \n\t\t\t\n\t\t\t\t<div id=\"ngg-image-4\" class=\"ngg-gallery-thumbnail-box ngg-5-columns\" >\n\t\t\t\t        <div class=\"ngg-gallery-thumbnail\">\n            <a href=\"https:\/\/www.camperonline.it\/magazine\/wp-content\/gallery\/anteprime-2026-carthago\/03-C-line-5.9-XL-LE-Mercedes-2.jpg\"\n               title=\"\"\n               data-src=\"https:\/\/www.camperonline.it\/magazine\/wp-content\/gallery\/anteprime-2026-carthago\/03-C-line-5.9-XL-LE-Mercedes-2.jpg\"\n               data-thumbnail=\"https:\/\/www.camperonline.it\/magazine\/wp-content\/gallery\/anteprime-2026-carthago\/thumbs\/thumbs_03-C-line-5.9-XL-LE-Mercedes-2.jpg\"\n               data-image-id=\"138752\"\n               data-title=\"03-C-line-5.9-XL-LE-Mercedes-2\"\n               data-description=\"\"\n               data-image-slug=\"03-c-line-5-9-xl-le-mercedes-2\"\n               class=\"ngg-fancybox\" rel=\"9b57dbfb98573f106fd45a9f86060297\">\n                <img\n                    title=\"03-C-line-5.9-XL-LE-Mercedes-2\"\n                    alt=\"03-C-line-5.9-XL-LE-Mercedes-2\"\n                    src=\"https:\/\/www.camperonline.it\/magazine\/wp-content\/gallery\/anteprime-2026-carthago\/thumbs\/thumbs_03-C-line-5.9-XL-LE-Mercedes-2.jpg\"\n                    width=\"240\"\n                    height=\"160\"\n                    style=\"max-width:100%;\"\n                \/>\n            <\/a>\n        <\/div>\n\t\t\t\t\t\t\t<\/div> \n\t\t\t\n\t\t\t\t<div id=\"ngg-image-5\" class=\"ngg-gallery-thumbnail-box ngg-5-columns\" >\n\t\t\t\t        <div class=\"ngg-gallery-thumbnail\">\n            <a href=\"https:\/\/www.camperonline.it\/magazine\/wp-content\/gallery\/anteprime-2026-carthago\/03-C-line-5.9-XL-LE-Mercedes-3.jpg\"\n               title=\"\"\n               data-src=\"https:\/\/www.camperonline.it\/magazine\/wp-content\/gallery\/anteprime-2026-carthago\/03-C-line-5.9-XL-LE-Mercedes-3.jpg\"\n               data-thumbnail=\"https:\/\/www.camperonline.it\/magazine\/wp-content\/gallery\/anteprime-2026-carthago\/thumbs\/thumbs_03-C-line-5.9-XL-LE-Mercedes-3.jpg\"\n               data-image-id=\"138755\"\n               data-title=\"03-C-line-5.9-XL-LE-Mercedes-3\"\n               data-description=\"\"\n               data-image-slug=\"03-c-line-5-9-xl-le-mercedes-3\"\n               class=\"ngg-fancybox\" rel=\"9b57dbfb98573f106fd45a9f86060297\">\n                <img\n                    title=\"03-C-line-5.9-XL-LE-Mercedes-3\"\n                    alt=\"03-C-line-5.9-XL-LE-Mercedes-3\"\n                    src=\"https:\/\/www.camperonline.it\/magazine\/wp-content\/gallery\/anteprime-2026-carthago\/thumbs\/thumbs_03-C-line-5.9-XL-LE-Mercedes-3.jpg\"\n                    width=\"240\"\n                    height=\"160\"\n                    style=\"max-width:100%;\"\n                \/>\n            <\/a>\n        <\/div>\n\t\t\t\t\t\t\t<\/div> \n\t\t\t\n\t\t\t\t<div id=\"ngg-image-6\" class=\"ngg-gallery-thumbnail-box ngg-5-columns\" >\n\t\t\t\t        <div class=\"ngg-gallery-thumbnail\">\n            <a href=\"https:\/\/www.camperonline.it\/magazine\/wp-content\/gallery\/anteprime-2026-carthago\/03-C-line-5.9-XL-LE-Mercedes-4.jpg\"\n               title=\"\"\n               data-src=\"https:\/\/www.camperonline.it\/magazine\/wp-content\/gallery\/anteprime-2026-carthago\/03-C-line-5.9-XL-LE-Mercedes-4.jpg\"\n               data-thumbnail=\"https:\/\/www.camperonline.it\/magazine\/wp-content\/gallery\/anteprime-2026-carthago\/thumbs\/thumbs_03-C-line-5.9-XL-LE-Mercedes-4.jpg\"\n               data-image-id=\"138757\"\n               data-title=\"03-C-line-5.9-XL-LE-Mercedes-4\"\n               data-description=\"\"\n               data-image-slug=\"03-c-line-5-9-xl-le-mercedes-4\"\n               class=\"ngg-fancybox\" rel=\"9b57dbfb98573f106fd45a9f86060297\">\n                <img\n                    title=\"03-C-line-5.9-XL-LE-Mercedes-4\"\n                    alt=\"03-C-line-5.9-XL-LE-Mercedes-4\"\n                    src=\"https:\/\/www.camperonline.it\/magazine\/wp-content\/gallery\/anteprime-2026-carthago\/thumbs\/thumbs_03-C-line-5.9-XL-LE-Mercedes-4.jpg\"\n                    width=\"240\"\n                    height=\"160\"\n                    style=\"max-width:100%;\"\n                \/>\n            <\/a>\n        <\/div>\n\t\t\t\t\t\t\t<\/div> \n\t\t\t\n\t\t\t\t<div id=\"ngg-image-7\" class=\"ngg-gallery-thumbnail-box ngg-5-columns\" >\n\t\t\t\t        <div class=\"ngg-gallery-thumbnail\">\n            <a href=\"https:\/\/www.camperonline.it\/magazine\/wp-content\/gallery\/anteprime-2026-carthago\/03-C-line-5.9-XL-LE-Mercedes-5.jpg\"\n               title=\"\"\n               data-src=\"https:\/\/www.camperonline.it\/magazine\/wp-content\/gallery\/anteprime-2026-carthago\/03-C-line-5.9-XL-LE-Mercedes-5.jpg\"\n               data-thumbnail=\"https:\/\/www.camperonline.it\/magazine\/wp-content\/gallery\/anteprime-2026-carthago\/thumbs\/thumbs_03-C-line-5.9-XL-LE-Mercedes-5.jpg\"\n               data-image-id=\"138758\"\n               data-title=\"03-C-line-5.9-XL-LE-Mercedes-5\"\n               data-description=\"\"\n               data-image-slug=\"03-c-line-5-9-xl-le-mercedes-5\"\n               class=\"ngg-fancybox\" rel=\"9b57dbfb98573f106fd45a9f86060297\">\n                <img\n                    title=\"03-C-line-5.9-XL-LE-Mercedes-5\"\n                    alt=\"03-C-line-5.9-XL-LE-Mercedes-5\"\n                    src=\"https:\/\/www.camperonline.it\/magazine\/wp-content\/gallery\/anteprime-2026-carthago\/thumbs\/thumbs_03-C-line-5.9-XL-LE-Mercedes-5.jpg\"\n                    width=\"240\"\n                    height=\"160\"\n                    style=\"max-width:100%;\"\n                \/>\n            <\/a>\n        <\/div>\n\t\t\t\t\t\t\t<\/div> \n\t\t\t\n\t\t\t\t<div id=\"ngg-image-8\" class=\"ngg-gallery-thumbnail-box ngg-5-columns\" >\n\t\t\t\t        <div class=\"ngg-gallery-thumbnail\">\n            <a href=\"https:\/\/www.camperonline.it\/magazine\/wp-content\/gallery\/anteprime-2026-carthago\/03-C-line-5.9-XL-LE-Mercedes-6.jpg\"\n               title=\"\"\n               data-src=\"https:\/\/www.camperonline.it\/magazine\/wp-content\/gallery\/anteprime-2026-carthago\/03-C-line-5.9-XL-LE-Mercedes-6.jpg\"\n               data-thumbnail=\"https:\/\/www.camperonline.it\/magazine\/wp-content\/gallery\/anteprime-2026-carthago\/thumbs\/thumbs_03-C-line-5.9-XL-LE-Mercedes-6.jpg\"\n               data-image-id=\"138759\"\n               data-title=\"03-C-line-5.9-XL-LE-Mercedes-6\"\n               data-description=\"\"\n               data-image-slug=\"03-c-line-5-9-xl-le-mercedes-6\"\n               class=\"ngg-fancybox\" rel=\"9b57dbfb98573f106fd45a9f86060297\">\n                <img\n                    title=\"03-C-line-5.9-XL-LE-Mercedes-6\"\n                    alt=\"03-C-line-5.9-XL-LE-Mercedes-6\"\n                    src=\"https:\/\/www.camperonline.it\/magazine\/wp-content\/gallery\/anteprime-2026-carthago\/thumbs\/thumbs_03-C-line-5.9-XL-LE-Mercedes-6.jpg\"\n                    width=\"240\"\n                    height=\"160\"\n                    style=\"max-width:100%;\"\n                \/>\n            <\/a>\n        <\/div>\n\t\t\t\t\t\t\t<\/div> \n\t\t\t\n\t\t\t\t<div id=\"ngg-image-9\" class=\"ngg-gallery-thumbnail-box ngg-5-columns\" >\n\t\t\t\t        <div class=\"ngg-gallery-thumbnail\">\n            <a href=\"https:\/\/www.camperonline.it\/magazine\/wp-content\/gallery\/anteprime-2026-carthago\/04-C-line-5.9-XL-LE-Mercedes-48.jpg\"\n               title=\"\"\n               data-src=\"https:\/\/www.camperonline.it\/magazine\/wp-content\/gallery\/anteprime-2026-carthago\/04-C-line-5.9-XL-LE-Mercedes-48.jpg\"\n               data-thumbnail=\"https:\/\/www.camperonline.it\/magazine\/wp-content\/gallery\/anteprime-2026-carthago\/thumbs\/thumbs_04-C-line-5.9-XL-LE-Mercedes-48.jpg\"\n               data-image-id=\"138762\"\n               data-title=\"04-C-line-5.9-XL-LE-Mercedes-48\"\n               data-description=\"\"\n               data-image-slug=\"04-c-line-5-9-xl-le-mercedes-48\"\n               class=\"ngg-fancybox\" rel=\"9b57dbfb98573f106fd45a9f86060297\">\n                <img\n                    title=\"04-C-line-5.9-XL-LE-Mercedes-48\"\n                    alt=\"04-C-line-5.9-XL-LE-Mercedes-48\"\n                    src=\"https:\/\/www.camperonline.it\/magazine\/wp-content\/gallery\/anteprime-2026-carthago\/thumbs\/thumbs_04-C-line-5.9-XL-LE-Mercedes-48.jpg\"\n                    width=\"240\"\n                    height=\"160\"\n                    style=\"max-width:100%;\"\n                \/>\n            <\/a>\n        <\/div>\n\t\t\t\t\t\t\t<\/div> \n\t\t\t\n\t\t\t\t<div id=\"ngg-image-10\" class=\"ngg-gallery-thumbnail-box ngg-5-columns\" >\n\t\t\t\t        <div class=\"ngg-gallery-thumbnail\">\n            <a href=\"https:\/\/www.camperonline.it\/magazine\/wp-content\/gallery\/anteprime-2026-carthago\/05-C-line-5.9-XL-LE-Mercedes-37.jpg\"\n               title=\"\"\n               data-src=\"https:\/\/www.camperonline.it\/magazine\/wp-content\/gallery\/anteprime-2026-carthago\/05-C-line-5.9-XL-LE-Mercedes-37.jpg\"\n               data-thumbnail=\"https:\/\/www.camperonline.it\/magazine\/wp-content\/gallery\/anteprime-2026-carthago\/thumbs\/thumbs_05-C-line-5.9-XL-LE-Mercedes-37.jpg\"\n               data-image-id=\"138760\"\n               data-title=\"05-C-line-5.9-XL-LE-Mercedes-37\"\n               data-description=\"\"\n               data-image-slug=\"05-c-line-5-9-xl-le-mercedes-37\"\n               class=\"ngg-fancybox\" rel=\"9b57dbfb98573f106fd45a9f86060297\">\n                <img\n                    title=\"05-C-line-5.9-XL-LE-Mercedes-37\"\n                    alt=\"05-C-line-5.9-XL-LE-Mercedes-37\"\n                    src=\"https:\/\/www.camperonline.it\/magazine\/wp-content\/gallery\/anteprime-2026-carthago\/thumbs\/thumbs_05-C-line-5.9-XL-LE-Mercedes-37.jpg\"\n                    width=\"240\"\n                    height=\"160\"\n                    style=\"max-width:100%;\"\n                \/>\n            <\/a>\n        <\/div>\n\t\t\t\t\t\t\t<\/div> \n\t\t\t\n\t\t\t\t<div id=\"ngg-image-11\" class=\"ngg-gallery-thumbnail-box ngg-5-columns\" >\n\t\t\t\t        <div class=\"ngg-gallery-thumbnail\">\n            <a href=\"https:\/\/www.camperonline.it\/magazine\/wp-content\/gallery\/anteprime-2026-carthago\/06-C-line-5.9-XL-LE-Mercedes-1.jpg\"\n               title=\"\"\n               data-src=\"https:\/\/www.camperonline.it\/magazine\/wp-content\/gallery\/anteprime-2026-carthago\/06-C-line-5.9-XL-LE-Mercedes-1.jpg\"\n               data-thumbnail=\"https:\/\/www.camperonline.it\/magazine\/wp-content\/gallery\/anteprime-2026-carthago\/thumbs\/thumbs_06-C-line-5.9-XL-LE-Mercedes-1.jpg\"\n               data-image-id=\"138761\"\n               data-title=\"06-C-line-5.9-XL-LE-Mercedes-1\"\n               data-description=\"\"\n               data-image-slug=\"06-c-line-5-9-xl-le-mercedes-1\"\n               class=\"ngg-fancybox\" rel=\"9b57dbfb98573f106fd45a9f86060297\">\n                <img\n                    title=\"06-C-line-5.9-XL-LE-Mercedes-1\"\n                    alt=\"06-C-line-5.9-XL-LE-Mercedes-1\"\n                    src=\"https:\/\/www.camperonline.it\/magazine\/wp-content\/gallery\/anteprime-2026-carthago\/thumbs\/thumbs_06-C-line-5.9-XL-LE-Mercedes-1.jpg\"\n                    width=\"240\"\n                    height=\"160\"\n                    style=\"max-width:100%;\"\n                \/>\n            <\/a>\n        <\/div>\n\t\t\t\t\t\t\t<\/div> \n\t\t\t\n\t\t\t\t<div id=\"ngg-image-12\" class=\"ngg-gallery-thumbnail-box ngg-5-columns\" >\n\t\t\t\t        <div class=\"ngg-gallery-thumbnail\">\n            <a href=\"https:\/\/www.camperonline.it\/magazine\/wp-content\/gallery\/anteprime-2026-carthago\/06-C-line-5.9-XL-LE-Mercedes-2.jpg\"\n               title=\"\"\n               data-src=\"https:\/\/www.camperonline.it\/magazine\/wp-content\/gallery\/anteprime-2026-carthago\/06-C-line-5.9-XL-LE-Mercedes-2.jpg\"\n               data-thumbnail=\"https:\/\/www.camperonline.it\/magazine\/wp-content\/gallery\/anteprime-2026-carthago\/thumbs\/thumbs_06-C-line-5.9-XL-LE-Mercedes-2.jpg\"\n               data-image-id=\"138763\"\n               data-title=\"06-C-line-5.9-XL-LE-Mercedes-2\"\n               data-description=\"\"\n               data-image-slug=\"06-c-line-5-9-xl-le-mercedes-2\"\n               class=\"ngg-fancybox\" rel=\"9b57dbfb98573f106fd45a9f86060297\">\n                <img\n                    title=\"06-C-line-5.9-XL-LE-Mercedes-2\"\n                    alt=\"06-C-line-5.9-XL-LE-Mercedes-2\"\n                    src=\"https:\/\/www.camperonline.it\/magazine\/wp-content\/gallery\/anteprime-2026-carthago\/thumbs\/thumbs_06-C-line-5.9-XL-LE-Mercedes-2.jpg\"\n                    width=\"240\"\n                    height=\"160\"\n                    style=\"max-width:100%;\"\n                \/>\n            <\/a>\n        <\/div>\n\t\t\t\t\t\t\t<\/div> \n\t\t\t\n\t\t\t\t<div id=\"ngg-image-13\" class=\"ngg-gallery-thumbnail-box ngg-5-columns\" >\n\t\t\t\t        <div class=\"ngg-gallery-thumbnail\">\n            <a href=\"https:\/\/www.camperonline.it\/magazine\/wp-content\/gallery\/anteprime-2026-carthago\/06-C-line-5.9-XL-LE-Mercedes-3.jpg\"\n               title=\"\"\n               data-src=\"https:\/\/www.camperonline.it\/magazine\/wp-content\/gallery\/anteprime-2026-carthago\/06-C-line-5.9-XL-LE-Mercedes-3.jpg\"\n               data-thumbnail=\"https:\/\/www.camperonline.it\/magazine\/wp-content\/gallery\/anteprime-2026-carthago\/thumbs\/thumbs_06-C-line-5.9-XL-LE-Mercedes-3.jpg\"\n               data-image-id=\"138764\"\n               data-title=\"06-C-line-5.9-XL-LE-Mercedes-3\"\n               data-description=\"\"\n               data-image-slug=\"06-c-line-5-9-xl-le-mercedes-3\"\n               class=\"ngg-fancybox\" rel=\"9b57dbfb98573f106fd45a9f86060297\">\n                <img\n                    title=\"06-C-line-5.9-XL-LE-Mercedes-3\"\n                    alt=\"06-C-line-5.9-XL-LE-Mercedes-3\"\n                    src=\"https:\/\/www.camperonline.it\/magazine\/wp-content\/gallery\/anteprime-2026-carthago\/thumbs\/thumbs_06-C-line-5.9-XL-LE-Mercedes-3.jpg\"\n                    width=\"240\"\n                    height=\"160\"\n                    style=\"max-width:100%;\"\n                \/>\n            <\/a>\n        <\/div>\n\t\t\t\t\t\t\t<\/div> \n\t\t\t\n\t\t\t\t<div id=\"ngg-image-14\" class=\"ngg-gallery-thumbnail-box ngg-5-columns\" >\n\t\t\t\t        <div class=\"ngg-gallery-thumbnail\">\n            <a href=\"https:\/\/www.camperonline.it\/magazine\/wp-content\/gallery\/anteprime-2026-carthago\/06-C-line-5.9-XL-LE-Mercedes-4.jpg\"\n               title=\"\"\n               data-src=\"https:\/\/www.camperonline.it\/magazine\/wp-content\/gallery\/anteprime-2026-carthago\/06-C-line-5.9-XL-LE-Mercedes-4.jpg\"\n               data-thumbnail=\"https:\/\/www.camperonline.it\/magazine\/wp-content\/gallery\/anteprime-2026-carthago\/thumbs\/thumbs_06-C-line-5.9-XL-LE-Mercedes-4.jpg\"\n               data-image-id=\"138765\"\n               data-title=\"06-C-line-5.9-XL-LE-Mercedes-4\"\n               data-description=\"\"\n               data-image-slug=\"06-c-line-5-9-xl-le-mercedes-4\"\n               class=\"ngg-fancybox\" rel=\"9b57dbfb98573f106fd45a9f86060297\">\n                <img\n                    title=\"06-C-line-5.9-XL-LE-Mercedes-4\"\n                    alt=\"06-C-line-5.9-XL-LE-Mercedes-4\"\n                    src=\"https:\/\/www.camperonline.it\/magazine\/wp-content\/gallery\/anteprime-2026-carthago\/thumbs\/thumbs_06-C-line-5.9-XL-LE-Mercedes-4.jpg\"\n                    width=\"240\"\n                    height=\"160\"\n                    style=\"max-width:100%;\"\n                \/>\n            <\/a>\n        <\/div>\n\t\t\t\t\t\t\t<\/div> \n\t\t\t\n\t\t\t\t<div id=\"ngg-image-15\" class=\"ngg-gallery-thumbnail-box ngg-5-columns\" >\n\t\t\t\t        <div class=\"ngg-gallery-thumbnail\">\n            <a href=\"https:\/\/www.camperonline.it\/magazine\/wp-content\/gallery\/anteprime-2026-carthago\/06-C-line-5.9-XL-LE-Mercedes-5.jpg\"\n               title=\"\"\n               data-src=\"https:\/\/www.camperonline.it\/magazine\/wp-content\/gallery\/anteprime-2026-carthago\/06-C-line-5.9-XL-LE-Mercedes-5.jpg\"\n               data-thumbnail=\"https:\/\/www.camperonline.it\/magazine\/wp-content\/gallery\/anteprime-2026-carthago\/thumbs\/thumbs_06-C-line-5.9-XL-LE-Mercedes-5.jpg\"\n               data-image-id=\"138766\"\n               data-title=\"06-C-line-5.9-XL-LE-Mercedes-5\"\n               data-description=\"\"\n               data-image-slug=\"06-c-line-5-9-xl-le-mercedes-5\"\n               class=\"ngg-fancybox\" rel=\"9b57dbfb98573f106fd45a9f86060297\">\n                <img\n                    title=\"06-C-line-5.9-XL-LE-Mercedes-5\"\n                    alt=\"06-C-line-5.9-XL-LE-Mercedes-5\"\n                    src=\"https:\/\/www.camperonline.it\/magazine\/wp-content\/gallery\/anteprime-2026-carthago\/thumbs\/thumbs_06-C-line-5.9-XL-LE-Mercedes-5.jpg\"\n                    width=\"240\"\n                    height=\"160\"\n                    style=\"max-width:100%;\"\n                \/>\n            <\/a>\n        <\/div>\n\t\t\t\t\t\t\t<\/div> \n\t\t\t\n\t\t\t\t<div id=\"ngg-image-16\" class=\"ngg-gallery-thumbnail-box ngg-5-columns\" >\n\t\t\t\t        <div class=\"ngg-gallery-thumbnail\">\n            <a href=\"https:\/\/www.camperonline.it\/magazine\/wp-content\/gallery\/anteprime-2026-carthago\/06-C-line-5.9-XL-LE-Mercedes-6.jpg\"\n               title=\"\"\n               data-src=\"https:\/\/www.camperonline.it\/magazine\/wp-content\/gallery\/anteprime-2026-carthago\/06-C-line-5.9-XL-LE-Mercedes-6.jpg\"\n               data-thumbnail=\"https:\/\/www.camperonline.it\/magazine\/wp-content\/gallery\/anteprime-2026-carthago\/thumbs\/thumbs_06-C-line-5.9-XL-LE-Mercedes-6.jpg\"\n               data-image-id=\"138768\"\n               data-title=\"06-C-line-5.9-XL-LE-Mercedes-6\"\n               data-description=\"\"\n               data-image-slug=\"06-c-line-5-9-xl-le-mercedes-6\"\n               class=\"ngg-fancybox\" rel=\"9b57dbfb98573f106fd45a9f86060297\">\n                <img\n                    title=\"06-C-line-5.9-XL-LE-Mercedes-6\"\n                    alt=\"06-C-line-5.9-XL-LE-Mercedes-6\"\n                    src=\"https:\/\/www.camperonline.it\/magazine\/wp-content\/gallery\/anteprime-2026-carthago\/thumbs\/thumbs_06-C-line-5.9-XL-LE-Mercedes-6.jpg\"\n                    width=\"240\"\n                    height=\"160\"\n                    style=\"max-width:100%;\"\n                \/>\n            <\/a>\n        <\/div>\n\t\t\t\t\t\t\t<\/div> \n\t\t\t\n\t\t\t\t<div id=\"ngg-image-17\" class=\"ngg-gallery-thumbnail-box ngg-5-columns\" >\n\t\t\t\t        <div class=\"ngg-gallery-thumbnail\">\n            <a href=\"https:\/\/www.camperonline.it\/magazine\/wp-content\/gallery\/anteprime-2026-carthago\/06-C-line-5.9-XL-LE-Mercedes-7.jpg\"\n               title=\"\"\n               data-src=\"https:\/\/www.camperonline.it\/magazine\/wp-content\/gallery\/anteprime-2026-carthago\/06-C-line-5.9-XL-LE-Mercedes-7.jpg\"\n               data-thumbnail=\"https:\/\/www.camperonline.it\/magazine\/wp-content\/gallery\/anteprime-2026-carthago\/thumbs\/thumbs_06-C-line-5.9-XL-LE-Mercedes-7.jpg\"\n               data-image-id=\"138767\"\n               data-title=\"06-C-line-5.9-XL-LE-Mercedes-7\"\n               data-description=\"\"\n               data-image-slug=\"06-c-line-5-9-xl-le-mercedes-7\"\n               class=\"ngg-fancybox\" rel=\"9b57dbfb98573f106fd45a9f86060297\">\n                <img\n                    title=\"06-C-line-5.9-XL-LE-Mercedes-7\"\n                    alt=\"06-C-line-5.9-XL-LE-Mercedes-7\"\n                    src=\"https:\/\/www.camperonline.it\/magazine\/wp-content\/gallery\/anteprime-2026-carthago\/thumbs\/thumbs_06-C-line-5.9-XL-LE-Mercedes-7.jpg\"\n                    width=\"240\"\n                    height=\"160\"\n                    style=\"max-width:100%;\"\n                \/>\n            <\/a>\n        <\/div>\n\t\t\t\t\t\t\t<\/div> \n\t\t\t\n\t\t\t\t<div id=\"ngg-image-18\" class=\"ngg-gallery-thumbnail-box ngg-5-columns\" >\n\t\t\t\t        <div class=\"ngg-gallery-thumbnail\">\n            <a href=\"https:\/\/www.camperonline.it\/magazine\/wp-content\/gallery\/anteprime-2026-carthago\/06-C-line-5.9-XL-LE-Mercedes-8.jpg\"\n               title=\"\"\n               data-src=\"https:\/\/www.camperonline.it\/magazine\/wp-content\/gallery\/anteprime-2026-carthago\/06-C-line-5.9-XL-LE-Mercedes-8.jpg\"\n               data-thumbnail=\"https:\/\/www.camperonline.it\/magazine\/wp-content\/gallery\/anteprime-2026-carthago\/thumbs\/thumbs_06-C-line-5.9-XL-LE-Mercedes-8.jpg\"\n               data-image-id=\"138769\"\n               data-title=\"06-C-line-5.9-XL-LE-Mercedes-8\"\n               data-description=\"\"\n               data-image-slug=\"06-c-line-5-9-xl-le-mercedes-8\"\n               class=\"ngg-fancybox\" rel=\"9b57dbfb98573f106fd45a9f86060297\">\n                <img\n                    title=\"06-C-line-5.9-XL-LE-Mercedes-8\"\n                    alt=\"06-C-line-5.9-XL-LE-Mercedes-8\"\n                    src=\"https:\/\/www.camperonline.it\/magazine\/wp-content\/gallery\/anteprime-2026-carthago\/thumbs\/thumbs_06-C-line-5.9-XL-LE-Mercedes-8.jpg\"\n                    width=\"240\"\n                    height=\"160\"\n                    style=\"max-width:100%;\"\n                \/>\n            <\/a>\n        <\/div>\n\t\t\t\t\t\t\t<\/div> \n\t\t\t\n\t\t\t\t<div id=\"ngg-image-19\" class=\"ngg-gallery-thumbnail-box ngg-5-columns\" >\n\t\t\t\t        <div class=\"ngg-gallery-thumbnail\">\n            <a href=\"https:\/\/www.camperonline.it\/magazine\/wp-content\/gallery\/anteprime-2026-carthago\/06-C-line-5.9-XL-LE-Mercedes-9.jpg\"\n               title=\"\"\n               data-src=\"https:\/\/www.camperonline.it\/magazine\/wp-content\/gallery\/anteprime-2026-carthago\/06-C-line-5.9-XL-LE-Mercedes-9.jpg\"\n               data-thumbnail=\"https:\/\/www.camperonline.it\/magazine\/wp-content\/gallery\/anteprime-2026-carthago\/thumbs\/thumbs_06-C-line-5.9-XL-LE-Mercedes-9.jpg\"\n               data-image-id=\"138771\"\n               data-title=\"06-C-line-5.9-XL-LE-Mercedes-9\"\n               data-description=\"\"\n               data-image-slug=\"06-c-line-5-9-xl-le-mercedes-9\"\n               class=\"ngg-fancybox\" rel=\"9b57dbfb98573f106fd45a9f86060297\">\n                <img\n                    title=\"06-C-line-5.9-XL-LE-Mercedes-9\"\n                    alt=\"06-C-line-5.9-XL-LE-Mercedes-9\"\n                    src=\"https:\/\/www.camperonline.it\/magazine\/wp-content\/gallery\/anteprime-2026-carthago\/thumbs\/thumbs_06-C-line-5.9-XL-LE-Mercedes-9.jpg\"\n                    width=\"240\"\n                    height=\"160\"\n                    style=\"max-width:100%;\"\n                \/>\n            <\/a>\n        <\/div>\n\t\t\t\t\t\t\t<\/div> \n\t\t\t\n\t\t\t\t<div id=\"ngg-image-20\" class=\"ngg-gallery-thumbnail-box ngg-5-columns\" >\n\t\t\t\t        <div class=\"ngg-gallery-thumbnail\">\n            <a href=\"https:\/\/www.camperonline.it\/magazine\/wp-content\/gallery\/anteprime-2026-carthago\/07-C-line-4.9-LE-Fiat-1.jpg\"\n               title=\"\"\n               data-src=\"https:\/\/www.camperonline.it\/magazine\/wp-content\/gallery\/anteprime-2026-carthago\/07-C-line-4.9-LE-Fiat-1.jpg\"\n               data-thumbnail=\"https:\/\/www.camperonline.it\/magazine\/wp-content\/gallery\/anteprime-2026-carthago\/thumbs\/thumbs_07-C-line-4.9-LE-Fiat-1.jpg\"\n               data-image-id=\"138770\"\n               data-title=\"07-C-line-4.9-LE-Fiat-1\"\n               data-description=\"\"\n               data-image-slug=\"07-c-line-4-9-le-fiat-1\"\n               class=\"ngg-fancybox\" rel=\"9b57dbfb98573f106fd45a9f86060297\">\n                <img\n                    title=\"07-C-line-4.9-LE-Fiat-1\"\n                    alt=\"07-C-line-4.9-LE-Fiat-1\"\n                    src=\"https:\/\/www.camperonline.it\/magazine\/wp-content\/gallery\/anteprime-2026-carthago\/thumbs\/thumbs_07-C-line-4.9-LE-Fiat-1.jpg\"\n                    width=\"240\"\n                    height=\"160\"\n                    style=\"max-width:100%;\"\n                \/>\n            <\/a>\n        <\/div>\n\t\t\t\t\t\t\t<\/div> \n\t\t\t\n\t\t\t\t<div id=\"ngg-image-21\" class=\"ngg-gallery-thumbnail-box ngg-5-columns\" >\n\t\t\t\t        <div class=\"ngg-gallery-thumbnail\">\n            <a href=\"https:\/\/www.camperonline.it\/magazine\/wp-content\/gallery\/anteprime-2026-carthago\/07-C-line-4.9-LE-Fiat-2.jpg\"\n               title=\"\"\n               data-src=\"https:\/\/www.camperonline.it\/magazine\/wp-content\/gallery\/anteprime-2026-carthago\/07-C-line-4.9-LE-Fiat-2.jpg\"\n               data-thumbnail=\"https:\/\/www.camperonline.it\/magazine\/wp-content\/gallery\/anteprime-2026-carthago\/thumbs\/thumbs_07-C-line-4.9-LE-Fiat-2.jpg\"\n               data-image-id=\"138774\"\n               data-title=\"07-C-line-4.9-LE-Fiat-2\"\n               data-description=\"\"\n               data-image-slug=\"07-c-line-4-9-le-fiat-2\"\n               class=\"ngg-fancybox\" rel=\"9b57dbfb98573f106fd45a9f86060297\">\n                <img\n                    title=\"07-C-line-4.9-LE-Fiat-2\"\n                    alt=\"07-C-line-4.9-LE-Fiat-2\"\n                    src=\"https:\/\/www.camperonline.it\/magazine\/wp-content\/gallery\/anteprime-2026-carthago\/thumbs\/thumbs_07-C-line-4.9-LE-Fiat-2.jpg\"\n                    width=\"240\"\n                    height=\"160\"\n                    style=\"max-width:100%;\"\n                \/>\n            <\/a>\n        <\/div>\n\t\t\t\t\t\t\t<\/div> \n\t\t\t\n\t\t\t\t<div id=\"ngg-image-22\" class=\"ngg-gallery-thumbnail-box ngg-5-columns\" >\n\t\t\t\t        <div class=\"ngg-gallery-thumbnail\">\n            <a href=\"https:\/\/www.camperonline.it\/magazine\/wp-content\/gallery\/anteprime-2026-carthago\/08-C-line-4.9-LE-Fiat-6.jpg\"\n               title=\"\"\n               data-src=\"https:\/\/www.camperonline.it\/magazine\/wp-content\/gallery\/anteprime-2026-carthago\/08-C-line-4.9-LE-Fiat-6.jpg\"\n               data-thumbnail=\"https:\/\/www.camperonline.it\/magazine\/wp-content\/gallery\/anteprime-2026-carthago\/thumbs\/thumbs_08-C-line-4.9-LE-Fiat-6.jpg\"\n               data-image-id=\"138772\"\n               data-title=\"08-C-line-4.9-LE-Fiat-6\"\n               data-description=\"\"\n               data-image-slug=\"08-c-line-4-9-le-fiat-6\"\n               class=\"ngg-fancybox\" rel=\"9b57dbfb98573f106fd45a9f86060297\">\n                <img\n                    title=\"08-C-line-4.9-LE-Fiat-6\"\n                    alt=\"08-C-line-4.9-LE-Fiat-6\"\n                    src=\"https:\/\/www.camperonline.it\/magazine\/wp-content\/gallery\/anteprime-2026-carthago\/thumbs\/thumbs_08-C-line-4.9-LE-Fiat-6.jpg\"\n                    width=\"240\"\n                    height=\"160\"\n                    style=\"max-width:100%;\"\n                \/>\n            <\/a>\n        <\/div>\n\t\t\t\t\t\t\t<\/div> \n\t\t\t\n\t\t\t\t<div id=\"ngg-image-23\" class=\"ngg-gallery-thumbnail-box ngg-5-columns\" >\n\t\t\t\t        <div class=\"ngg-gallery-thumbnail\">\n            <a href=\"https:\/\/www.camperonline.it\/magazine\/wp-content\/gallery\/anteprime-2026-carthago\/08-C-line-4.9-LE-Fiat-7.jpg\"\n               title=\"\"\n               data-src=\"https:\/\/www.camperonline.it\/magazine\/wp-content\/gallery\/anteprime-2026-carthago\/08-C-line-4.9-LE-Fiat-7.jpg\"\n               data-thumbnail=\"https:\/\/www.camperonline.it\/magazine\/wp-content\/gallery\/anteprime-2026-carthago\/thumbs\/thumbs_08-C-line-4.9-LE-Fiat-7.jpg\"\n               data-image-id=\"138773\"\n               data-title=\"08-C-line-4.9-LE-Fiat-7\"\n               data-description=\"\"\n               data-image-slug=\"08-c-line-4-9-le-fiat-7\"\n               class=\"ngg-fancybox\" rel=\"9b57dbfb98573f106fd45a9f86060297\">\n                <img\n                    title=\"08-C-line-4.9-LE-Fiat-7\"\n                    alt=\"08-C-line-4.9-LE-Fiat-7\"\n                    src=\"https:\/\/www.camperonline.it\/magazine\/wp-content\/gallery\/anteprime-2026-carthago\/thumbs\/thumbs_08-C-line-4.9-LE-Fiat-7.jpg\"\n                    width=\"240\"\n                    height=\"160\"\n                    style=\"max-width:100%;\"\n                \/>\n            <\/a>\n        <\/div>\n\t\t\t\t\t\t\t<\/div> \n\t\t\t\n\t\t\t\t<div id=\"ngg-image-24\" class=\"ngg-gallery-thumbnail-box ngg-5-columns\" >\n\t\t\t\t        <div class=\"ngg-gallery-thumbnail\">\n            <a href=\"https:\/\/www.camperonline.it\/magazine\/wp-content\/gallery\/anteprime-2026-carthago\/09-C-line-4.9-LE-Fiat-3.jpg\"\n               title=\"\"\n               data-src=\"https:\/\/www.camperonline.it\/magazine\/wp-content\/gallery\/anteprime-2026-carthago\/09-C-line-4.9-LE-Fiat-3.jpg\"\n               data-thumbnail=\"https:\/\/www.camperonline.it\/magazine\/wp-content\/gallery\/anteprime-2026-carthago\/thumbs\/thumbs_09-C-line-4.9-LE-Fiat-3.jpg\"\n               data-image-id=\"138775\"\n               data-title=\"09-C-line-4.9-LE-Fiat-3\"\n               data-description=\"\"\n               data-image-slug=\"09-c-line-4-9-le-fiat-3\"\n               class=\"ngg-fancybox\" rel=\"9b57dbfb98573f106fd45a9f86060297\">\n                <img\n                    title=\"09-C-line-4.9-LE-Fiat-3\"\n                    alt=\"09-C-line-4.9-LE-Fiat-3\"\n                    src=\"https:\/\/www.camperonline.it\/magazine\/wp-content\/gallery\/anteprime-2026-carthago\/thumbs\/thumbs_09-C-line-4.9-LE-Fiat-3.jpg\"\n                    width=\"240\"\n                    height=\"160\"\n                    style=\"max-width:100%;\"\n                \/>\n            <\/a>\n        <\/div>\n\t\t\t\t\t\t\t<\/div> \n\t\t\t\n\t\t\t\t<div id=\"ngg-image-25\" class=\"ngg-gallery-thumbnail-box ngg-5-columns\" >\n\t\t\t\t        <div class=\"ngg-gallery-thumbnail\">\n            <a href=\"https:\/\/www.camperonline.it\/magazine\/wp-content\/gallery\/anteprime-2026-carthago\/09-C-line-4.9-LE-Fiat-4.jpg\"\n               title=\"\"\n               data-src=\"https:\/\/www.camperonline.it\/magazine\/wp-content\/gallery\/anteprime-2026-carthago\/09-C-line-4.9-LE-Fiat-4.jpg\"\n               data-thumbnail=\"https:\/\/www.camperonline.it\/magazine\/wp-content\/gallery\/anteprime-2026-carthago\/thumbs\/thumbs_09-C-line-4.9-LE-Fiat-4.jpg\"\n               data-image-id=\"138776\"\n               data-title=\"09-C-line-4.9-LE-Fiat-4\"\n               data-description=\"\"\n               data-image-slug=\"09-c-line-4-9-le-fiat-4\"\n               class=\"ngg-fancybox\" rel=\"9b57dbfb98573f106fd45a9f86060297\">\n                <img\n                    title=\"09-C-line-4.9-LE-Fiat-4\"\n                    alt=\"09-C-line-4.9-LE-Fiat-4\"\n                    src=\"https:\/\/www.camperonline.it\/magazine\/wp-content\/gallery\/anteprime-2026-carthago\/thumbs\/thumbs_09-C-line-4.9-LE-Fiat-4.jpg\"\n                    width=\"240\"\n                    height=\"160\"\n                    style=\"max-width:100%;\"\n                \/>\n            <\/a>\n        <\/div>\n\t\t\t\t\t\t\t<\/div> \n\t\t\t\n\t\t\t\t<div id=\"ngg-image-26\" class=\"ngg-gallery-thumbnail-box ngg-5-columns\" >\n\t\t\t\t        <div class=\"ngg-gallery-thumbnail\">\n            <a href=\"https:\/\/www.camperonline.it\/magazine\/wp-content\/gallery\/anteprime-2026-carthago\/10-S-Plus-64-XL-QB-2.jpg\"\n               title=\"\"\n               data-src=\"https:\/\/www.camperonline.it\/magazine\/wp-content\/gallery\/anteprime-2026-carthago\/10-S-Plus-64-XL-QB-2.jpg\"\n               data-thumbnail=\"https:\/\/www.camperonline.it\/magazine\/wp-content\/gallery\/anteprime-2026-carthago\/thumbs\/thumbs_10-S-Plus-64-XL-QB-2.jpg\"\n               data-image-id=\"138777\"\n               data-title=\"10-S-Plus-64-XL-QB-2\"\n               data-description=\"\"\n               data-image-slug=\"10-s-plus-64-xl-qb-2\"\n               class=\"ngg-fancybox\" rel=\"9b57dbfb98573f106fd45a9f86060297\">\n                <img\n                    title=\"10-S-Plus-64-XL-QB-2\"\n                    alt=\"10-S-Plus-64-XL-QB-2\"\n                    src=\"https:\/\/www.camperonline.it\/magazine\/wp-content\/gallery\/anteprime-2026-carthago\/thumbs\/thumbs_10-S-Plus-64-XL-QB-2.jpg\"\n                    width=\"240\"\n                    height=\"160\"\n                    style=\"max-width:100%;\"\n                \/>\n            <\/a>\n        <\/div>\n\t\t\t\t\t\t\t<\/div> \n\t\t\t\n\t\t\t\t<div id=\"ngg-image-27\" class=\"ngg-gallery-thumbnail-box ngg-5-columns\" >\n\t\t\t\t        <div class=\"ngg-gallery-thumbnail\">\n            <a href=\"https:\/\/www.camperonline.it\/magazine\/wp-content\/gallery\/anteprime-2026-carthago\/11-S-Plus-64-XL-QB-3.jpg\"\n               title=\"\"\n               data-src=\"https:\/\/www.camperonline.it\/magazine\/wp-content\/gallery\/anteprime-2026-carthago\/11-S-Plus-64-XL-QB-3.jpg\"\n               data-thumbnail=\"https:\/\/www.camperonline.it\/magazine\/wp-content\/gallery\/anteprime-2026-carthago\/thumbs\/thumbs_11-S-Plus-64-XL-QB-3.jpg\"\n               data-image-id=\"138778\"\n               data-title=\"11-S-Plus-64-XL-QB-3\"\n               data-description=\"\"\n               data-image-slug=\"11-s-plus-64-xl-qb-3\"\n               class=\"ngg-fancybox\" rel=\"9b57dbfb98573f106fd45a9f86060297\">\n                <img\n                    title=\"11-S-Plus-64-XL-QB-3\"\n                    alt=\"11-S-Plus-64-XL-QB-3\"\n                    src=\"https:\/\/www.camperonline.it\/magazine\/wp-content\/gallery\/anteprime-2026-carthago\/thumbs\/thumbs_11-S-Plus-64-XL-QB-3.jpg\"\n                    width=\"240\"\n                    height=\"160\"\n                    style=\"max-width:100%;\"\n                \/>\n            <\/a>\n        <\/div>\n\t\t\t\t\t\t\t<\/div> \n\t\t\t\n\t\t\t\t<div id=\"ngg-image-28\" class=\"ngg-gallery-thumbnail-box ngg-5-columns\" >\n\t\t\t\t        <div class=\"ngg-gallery-thumbnail\">\n            <a href=\"https:\/\/www.camperonline.it\/magazine\/wp-content\/gallery\/anteprime-2026-carthago\/12-S-Plus-64-XL-QB-10.jpg\"\n               title=\"\"\n               data-src=\"https:\/\/www.camperonline.it\/magazine\/wp-content\/gallery\/anteprime-2026-carthago\/12-S-Plus-64-XL-QB-10.jpg\"\n               data-thumbnail=\"https:\/\/www.camperonline.it\/magazine\/wp-content\/gallery\/anteprime-2026-carthago\/thumbs\/thumbs_12-S-Plus-64-XL-QB-10.jpg\"\n               data-image-id=\"138779\"\n               data-title=\"12-S-Plus-64-XL-QB-10\"\n               data-description=\"\"\n               data-image-slug=\"12-s-plus-64-xl-qb-10\"\n               class=\"ngg-fancybox\" rel=\"9b57dbfb98573f106fd45a9f86060297\">\n                <img\n                    title=\"12-S-Plus-64-XL-QB-10\"\n                    alt=\"12-S-Plus-64-XL-QB-10\"\n                    src=\"https:\/\/www.camperonline.it\/magazine\/wp-content\/gallery\/anteprime-2026-carthago\/thumbs\/thumbs_12-S-Plus-64-XL-QB-10.jpg\"\n                    width=\"240\"\n                    height=\"160\"\n                    style=\"max-width:100%;\"\n                \/>\n            <\/a>\n        <\/div>\n\t\t\t\t\t\t\t<\/div> \n\t\t\t\n\t\t\t\t<div id=\"ngg-image-29\" class=\"ngg-gallery-thumbnail-box ngg-5-columns\" >\n\t\t\t\t        <div class=\"ngg-gallery-thumbnail\">\n            <a href=\"https:\/\/www.camperonline.it\/magazine\/wp-content\/gallery\/anteprime-2026-carthago\/13-S-Plus-64-XL-QB-19.jpg\"\n               title=\"\"\n               data-src=\"https:\/\/www.camperonline.it\/magazine\/wp-content\/gallery\/anteprime-2026-carthago\/13-S-Plus-64-XL-QB-19.jpg\"\n               data-thumbnail=\"https:\/\/www.camperonline.it\/magazine\/wp-content\/gallery\/anteprime-2026-carthago\/thumbs\/thumbs_13-S-Plus-64-XL-QB-19.jpg\"\n               data-image-id=\"138780\"\n               data-title=\"13-S-Plus-64-XL-QB-19\"\n               data-description=\"\"\n               data-image-slug=\"13-s-plus-64-xl-qb-19\"\n               class=\"ngg-fancybox\" rel=\"9b57dbfb98573f106fd45a9f86060297\">\n                <img\n                    title=\"13-S-Plus-64-XL-QB-19\"\n                    alt=\"13-S-Plus-64-XL-QB-19\"\n                    src=\"https:\/\/www.camperonline.it\/magazine\/wp-content\/gallery\/anteprime-2026-carthago\/thumbs\/thumbs_13-S-Plus-64-XL-QB-19.jpg\"\n                    width=\"240\"\n                    height=\"160\"\n                    style=\"max-width:100%;\"\n                \/>\n            <\/a>\n        <\/div>\n\t\t\t\t\t\t\t<\/div> \n\t\t\t\n\t\t\t\t<div id=\"ngg-image-30\" class=\"ngg-gallery-thumbnail-box ngg-5-columns\" >\n\t\t\t\t        <div class=\"ngg-gallery-thumbnail\">\n            <a href=\"https:\/\/www.camperonline.it\/magazine\/wp-content\/gallery\/anteprime-2026-carthago\/14-S-Plus-64-XL-QB-11.jpg\"\n               title=\"\"\n               data-src=\"https:\/\/www.camperonline.it\/magazine\/wp-content\/gallery\/anteprime-2026-carthago\/14-S-Plus-64-XL-QB-11.jpg\"\n               data-thumbnail=\"https:\/\/www.camperonline.it\/magazine\/wp-content\/gallery\/anteprime-2026-carthago\/thumbs\/thumbs_14-S-Plus-64-XL-QB-11.jpg\"\n               data-image-id=\"138781\"\n               data-title=\"14-S-Plus-64-XL-QB-11\"\n               data-description=\"\"\n               data-image-slug=\"14-s-plus-64-xl-qb-11\"\n               class=\"ngg-fancybox\" rel=\"9b57dbfb98573f106fd45a9f86060297\">\n                <img\n                    title=\"14-S-Plus-64-XL-QB-11\"\n                    alt=\"14-S-Plus-64-XL-QB-11\"\n                    src=\"https:\/\/www.camperonline.it\/magazine\/wp-content\/gallery\/anteprime-2026-carthago\/thumbs\/thumbs_14-S-Plus-64-XL-QB-11.jpg\"\n                    width=\"240\"\n                    height=\"160\"\n                    style=\"max-width:100%;\"\n                \/>\n            <\/a>\n        <\/div>\n\t\t\t\t\t\t\t<\/div> \n\t\t\t\n\t\t\t\t<div id=\"ngg-image-31\" class=\"ngg-gallery-thumbnail-box ngg-5-columns\" >\n\t\t\t\t        <div class=\"ngg-gallery-thumbnail\">\n            <a href=\"https:\/\/www.camperonline.it\/magazine\/wp-content\/gallery\/anteprime-2026-carthago\/15-S-Plus-64-XL-QB-13.jpg\"\n               title=\"\"\n               data-src=\"https:\/\/www.camperonline.it\/magazine\/wp-content\/gallery\/anteprime-2026-carthago\/15-S-Plus-64-XL-QB-13.jpg\"\n               data-thumbnail=\"https:\/\/www.camperonline.it\/magazine\/wp-content\/gallery\/anteprime-2026-carthago\/thumbs\/thumbs_15-S-Plus-64-XL-QB-13.jpg\"\n               data-image-id=\"138782\"\n               data-title=\"15-S-Plus-64-XL-QB-13\"\n               data-description=\"\"\n               data-image-slug=\"15-s-plus-64-xl-qb-13\"\n               class=\"ngg-fancybox\" rel=\"9b57dbfb98573f106fd45a9f86060297\">\n                <img\n                    title=\"15-S-Plus-64-XL-QB-13\"\n                    alt=\"15-S-Plus-64-XL-QB-13\"\n                    src=\"https:\/\/www.camperonline.it\/magazine\/wp-content\/gallery\/anteprime-2026-carthago\/thumbs\/thumbs_15-S-Plus-64-XL-QB-13.jpg\"\n                    width=\"240\"\n                    height=\"160\"\n                    style=\"max-width:100%;\"\n                \/>\n            <\/a>\n        <\/div>\n\t\t\t\t\t\t\t<\/div> \n\t\t\t\n\t\t\t\t<div id=\"ngg-image-32\" class=\"ngg-gallery-thumbnail-box ngg-5-columns\" >\n\t\t\t\t        <div class=\"ngg-gallery-thumbnail\">\n            <a href=\"https:\/\/www.camperonline.it\/magazine\/wp-content\/gallery\/anteprime-2026-carthago\/16-S-Plus-64-XL-QB-24.jpg\"\n               title=\"\"\n               data-src=\"https:\/\/www.camperonline.it\/magazine\/wp-content\/gallery\/anteprime-2026-carthago\/16-S-Plus-64-XL-QB-24.jpg\"\n               data-thumbnail=\"https:\/\/www.camperonline.it\/magazine\/wp-content\/gallery\/anteprime-2026-carthago\/thumbs\/thumbs_16-S-Plus-64-XL-QB-24.jpg\"\n               data-image-id=\"138783\"\n               data-title=\"16-S-Plus-64-XL-QB-24\"\n               data-description=\"\"\n               data-image-slug=\"16-s-plus-64-xl-qb-24\"\n               class=\"ngg-fancybox\" rel=\"9b57dbfb98573f106fd45a9f86060297\">\n                <img\n                    title=\"16-S-Plus-64-XL-QB-24\"\n                    alt=\"16-S-Plus-64-XL-QB-24\"\n                    src=\"https:\/\/www.camperonline.it\/magazine\/wp-content\/gallery\/anteprime-2026-carthago\/thumbs\/thumbs_16-S-Plus-64-XL-QB-24.jpg\"\n                    width=\"240\"\n                    height=\"160\"\n                    style=\"max-width:100%;\"\n                \/>\n            <\/a>\n        <\/div>\n\t\t\t\t\t\t\t<\/div> \n\t\t\t\n\t\t\t\t<div id=\"ngg-image-33\" class=\"ngg-gallery-thumbnail-box ngg-5-columns\" >\n\t\t\t\t        <div class=\"ngg-gallery-thumbnail\">\n            <a href=\"https:\/\/www.camperonline.it\/magazine\/wp-content\/gallery\/anteprime-2026-carthago\/17-S-Plus-64-XL-QB-26.jpg\"\n               title=\"\"\n               data-src=\"https:\/\/www.camperonline.it\/magazine\/wp-content\/gallery\/anteprime-2026-carthago\/17-S-Plus-64-XL-QB-26.jpg\"\n               data-thumbnail=\"https:\/\/www.camperonline.it\/magazine\/wp-content\/gallery\/anteprime-2026-carthago\/thumbs\/thumbs_17-S-Plus-64-XL-QB-26.jpg\"\n               data-image-id=\"138784\"\n               data-title=\"17-S-Plus-64-XL-QB-26\"\n               data-description=\"\"\n               data-image-slug=\"17-s-plus-64-xl-qb-26\"\n               class=\"ngg-fancybox\" rel=\"9b57dbfb98573f106fd45a9f86060297\">\n                <img\n                    title=\"17-S-Plus-64-XL-QB-26\"\n                    alt=\"17-S-Plus-64-XL-QB-26\"\n                    src=\"https:\/\/www.camperonline.it\/magazine\/wp-content\/gallery\/anteprime-2026-carthago\/thumbs\/thumbs_17-S-Plus-64-XL-QB-26.jpg\"\n                    width=\"240\"\n                    height=\"160\"\n                    style=\"max-width:100%;\"\n                \/>\n            <\/a>\n        <\/div>\n\t\t\t\t\t\t\t<\/div> \n\t\t\t\n\t\t\t\t<div id=\"ngg-image-34\" class=\"ngg-gallery-thumbnail-box ngg-5-columns\" >\n\t\t\t\t        <div class=\"ngg-gallery-thumbnail\">\n            <a href=\"https:\/\/www.camperonline.it\/magazine\/wp-content\/gallery\/anteprime-2026-carthago\/18-S-Plus-64-XL-QB-28.jpg\"\n               title=\"\"\n               data-src=\"https:\/\/www.camperonline.it\/magazine\/wp-content\/gallery\/anteprime-2026-carthago\/18-S-Plus-64-XL-QB-28.jpg\"\n               data-thumbnail=\"https:\/\/www.camperonline.it\/magazine\/wp-content\/gallery\/anteprime-2026-carthago\/thumbs\/thumbs_18-S-Plus-64-XL-QB-28.jpg\"\n               data-image-id=\"138785\"\n               data-title=\"18-S-Plus-64-XL-QB-28\"\n               data-description=\"\"\n               data-image-slug=\"18-s-plus-64-xl-qb-28\"\n               class=\"ngg-fancybox\" rel=\"9b57dbfb98573f106fd45a9f86060297\">\n                <img\n                    title=\"18-S-Plus-64-XL-QB-28\"\n                    alt=\"18-S-Plus-64-XL-QB-28\"\n                    src=\"https:\/\/www.camperonline.it\/magazine\/wp-content\/gallery\/anteprime-2026-carthago\/thumbs\/thumbs_18-S-Plus-64-XL-QB-28.jpg\"\n                    width=\"240\"\n                    height=\"160\"\n                    style=\"max-width:100%;\"\n                \/>\n            <\/a>\n        <\/div>\n\t\t\t\t\t\t\t<\/div> \n\t\t\t\n\t\t\t\t<div id=\"ngg-image-35\" class=\"ngg-gallery-thumbnail-box ngg-5-columns\" >\n\t\t\t\t        <div class=\"ngg-gallery-thumbnail\">\n            <a href=\"https:\/\/www.camperonline.it\/magazine\/wp-content\/gallery\/anteprime-2026-carthago\/19-Liner-for-two-I-53-14.jpg\"\n               title=\"\"\n               data-src=\"https:\/\/www.camperonline.it\/magazine\/wp-content\/gallery\/anteprime-2026-carthago\/19-Liner-for-two-I-53-14.jpg\"\n               data-thumbnail=\"https:\/\/www.camperonline.it\/magazine\/wp-content\/gallery\/anteprime-2026-carthago\/thumbs\/thumbs_19-Liner-for-two-I-53-14.jpg\"\n               data-image-id=\"138786\"\n               data-title=\"19-Liner-for-two-I-53-14\"\n               data-description=\"\"\n               data-image-slug=\"19-liner-for-two-i-53-14\"\n               class=\"ngg-fancybox\" rel=\"9b57dbfb98573f106fd45a9f86060297\">\n                <img\n                    title=\"19-Liner-for-two-I-53-14\"\n                    alt=\"19-Liner-for-two-I-53-14\"\n                    src=\"https:\/\/www.camperonline.it\/magazine\/wp-content\/gallery\/anteprime-2026-carthago\/thumbs\/thumbs_19-Liner-for-two-I-53-14.jpg\"\n                    width=\"240\"\n                    height=\"160\"\n                    style=\"max-width:100%;\"\n                \/>\n            <\/a>\n        <\/div>\n\t\t\t\t\t\t\t<\/div> \n\t\t\t\n\t\t\t\t<div id=\"ngg-image-36\" class=\"ngg-gallery-thumbnail-box ngg-5-columns\" >\n\t\t\t\t        <div class=\"ngg-gallery-thumbnail\">\n            <a href=\"https:\/\/www.camperonline.it\/magazine\/wp-content\/gallery\/anteprime-2026-carthago\/20-Liner-for-two-I-53-3.jpg\"\n               title=\"\"\n               data-src=\"https:\/\/www.camperonline.it\/magazine\/wp-content\/gallery\/anteprime-2026-carthago\/20-Liner-for-two-I-53-3.jpg\"\n               data-thumbnail=\"https:\/\/www.camperonline.it\/magazine\/wp-content\/gallery\/anteprime-2026-carthago\/thumbs\/thumbs_20-Liner-for-two-I-53-3.jpg\"\n               data-image-id=\"138787\"\n               data-title=\"20-Liner-for-two-I-53-3\"\n               data-description=\"\"\n               data-image-slug=\"20-liner-for-two-i-53-3\"\n               class=\"ngg-fancybox\" rel=\"9b57dbfb98573f106fd45a9f86060297\">\n                <img\n                    title=\"20-Liner-for-two-I-53-3\"\n                    alt=\"20-Liner-for-two-I-53-3\"\n                    src=\"https:\/\/www.camperonline.it\/magazine\/wp-content\/gallery\/anteprime-2026-carthago\/thumbs\/thumbs_20-Liner-for-two-I-53-3.jpg\"\n                    width=\"240\"\n                    height=\"160\"\n                    style=\"max-width:100%;\"\n                \/>\n            <\/a>\n        <\/div>\n\t\t\t\t\t\t\t<\/div> \n\t\t\t\n\t\t\t\t<div id=\"ngg-image-37\" class=\"ngg-gallery-thumbnail-box ngg-5-columns\" >\n\t\t\t\t        <div class=\"ngg-gallery-thumbnail\">\n            <a href=\"https:\/\/www.camperonline.it\/magazine\/wp-content\/gallery\/anteprime-2026-carthago\/21-Liner-for-two-I-53-4.jpg\"\n               title=\"\"\n               data-src=\"https:\/\/www.camperonline.it\/magazine\/wp-content\/gallery\/anteprime-2026-carthago\/21-Liner-for-two-I-53-4.jpg\"\n               data-thumbnail=\"https:\/\/www.camperonline.it\/magazine\/wp-content\/gallery\/anteprime-2026-carthago\/thumbs\/thumbs_21-Liner-for-two-I-53-4.jpg\"\n               data-image-id=\"138791\"\n               data-title=\"21-Liner-for-two-I-53-4\"\n               data-description=\"\"\n               data-image-slug=\"21-liner-for-two-i-53-4\"\n               class=\"ngg-fancybox\" rel=\"9b57dbfb98573f106fd45a9f86060297\">\n                <img\n                    title=\"21-Liner-for-two-I-53-4\"\n                    alt=\"21-Liner-for-two-I-53-4\"\n                    src=\"https:\/\/www.camperonline.it\/magazine\/wp-content\/gallery\/anteprime-2026-carthago\/thumbs\/thumbs_21-Liner-for-two-I-53-4.jpg\"\n                    width=\"240\"\n                    height=\"160\"\n                    style=\"max-width:100%;\"\n                \/>\n            <\/a>\n        <\/div>\n\t\t\t\t\t\t\t<\/div> \n\t\t\t\n\t\t\t\t<div id=\"ngg-image-38\" class=\"ngg-gallery-thumbnail-box ngg-5-columns\" >\n\t\t\t\t        <div class=\"ngg-gallery-thumbnail\">\n            <a href=\"https:\/\/www.camperonline.it\/magazine\/wp-content\/gallery\/anteprime-2026-carthago\/22-Liner-for-two-I-53-18.jpg\"\n               title=\"\"\n               data-src=\"https:\/\/www.camperonline.it\/magazine\/wp-content\/gallery\/anteprime-2026-carthago\/22-Liner-for-two-I-53-18.jpg\"\n               data-thumbnail=\"https:\/\/www.camperonline.it\/magazine\/wp-content\/gallery\/anteprime-2026-carthago\/thumbs\/thumbs_22-Liner-for-two-I-53-18.jpg\"\n               data-image-id=\"138790\"\n               data-title=\"22-Liner-for-two-I-53-18\"\n               data-description=\"\"\n               data-image-slug=\"22-liner-for-two-i-53-18\"\n               class=\"ngg-fancybox\" rel=\"9b57dbfb98573f106fd45a9f86060297\">\n                <img\n                    title=\"22-Liner-for-two-I-53-18\"\n                    alt=\"22-Liner-for-two-I-53-18\"\n                    src=\"https:\/\/www.camperonline.it\/magazine\/wp-content\/gallery\/anteprime-2026-carthago\/thumbs\/thumbs_22-Liner-for-two-I-53-18.jpg\"\n                    width=\"240\"\n                    height=\"160\"\n                    style=\"max-width:100%;\"\n                \/>\n            <\/a>\n        <\/div>\n\t\t\t\t\t\t\t<\/div> \n\t\t\t\n\t\t\t\t<div id=\"ngg-image-39\" class=\"ngg-gallery-thumbnail-box ngg-5-columns\" >\n\t\t\t\t        <div class=\"ngg-gallery-thumbnail\">\n            <a href=\"https:\/\/www.camperonline.it\/magazine\/wp-content\/gallery\/anteprime-2026-carthago\/23-Liner-for-two-I-53-21.jpg\"\n               title=\"\"\n               data-src=\"https:\/\/www.camperonline.it\/magazine\/wp-content\/gallery\/anteprime-2026-carthago\/23-Liner-for-two-I-53-21.jpg\"\n               data-thumbnail=\"https:\/\/www.camperonline.it\/magazine\/wp-content\/gallery\/anteprime-2026-carthago\/thumbs\/thumbs_23-Liner-for-two-I-53-21.jpg\"\n               data-image-id=\"138788\"\n               data-title=\"23-Liner-for-two-I-53-21\"\n               data-description=\"\"\n               data-image-slug=\"23-liner-for-two-i-53-21\"\n               class=\"ngg-fancybox\" rel=\"9b57dbfb98573f106fd45a9f86060297\">\n                <img\n                    title=\"23-Liner-for-two-I-53-21\"\n                    alt=\"23-Liner-for-two-I-53-21\"\n                    src=\"https:\/\/www.camperonline.it\/magazine\/wp-content\/gallery\/anteprime-2026-carthago\/thumbs\/thumbs_23-Liner-for-two-I-53-21.jpg\"\n                    width=\"240\"\n                    height=\"160\"\n                    style=\"max-width:100%;\"\n                \/>\n            <\/a>\n        <\/div>\n\t\t\t\t\t\t\t<\/div> \n\t\t\t\n\t\t\t\t<div id=\"ngg-image-40\" class=\"ngg-gallery-thumbnail-box ngg-5-columns\" >\n\t\t\t\t        <div class=\"ngg-gallery-thumbnail\">\n            <a href=\"https:\/\/www.camperonline.it\/magazine\/wp-content\/gallery\/anteprime-2026-carthago\/24-Liner-for-two-I-53-16.jpg\"\n               title=\"\"\n               data-src=\"https:\/\/www.camperonline.it\/magazine\/wp-content\/gallery\/anteprime-2026-carthago\/24-Liner-for-two-I-53-16.jpg\"\n               data-thumbnail=\"https:\/\/www.camperonline.it\/magazine\/wp-content\/gallery\/anteprime-2026-carthago\/thumbs\/thumbs_24-Liner-for-two-I-53-16.jpg\"\n               data-image-id=\"138789\"\n               data-title=\"24-Liner-for-two-I-53-16\"\n               data-description=\"\"\n               data-image-slug=\"24-liner-for-two-i-53-16\"\n               class=\"ngg-fancybox\" rel=\"9b57dbfb98573f106fd45a9f86060297\">\n                <img\n                    title=\"24-Liner-for-two-I-53-16\"\n                    alt=\"24-Liner-for-two-I-53-16\"\n                    src=\"https:\/\/www.camperonline.it\/magazine\/wp-content\/gallery\/anteprime-2026-carthago\/thumbs\/thumbs_24-Liner-for-two-I-53-16.jpg\"\n                    width=\"240\"\n                    height=\"160\"\n                    style=\"max-width:100%;\"\n                \/>\n            <\/a>\n        <\/div>\n\t\t\t\t\t\t\t<\/div> \n\t\t\t\n\t\t\t\t<div id=\"ngg-image-41\" class=\"ngg-gallery-thumbnail-box ngg-5-columns\" >\n\t\t\t\t        <div class=\"ngg-gallery-thumbnail\">\n            <a href=\"https:\/\/www.camperonline.it\/magazine\/wp-content\/gallery\/anteprime-2026-carthago\/24-Liner-for-two-I-53-17.jpg\"\n               title=\"\"\n               data-src=\"https:\/\/www.camperonline.it\/magazine\/wp-content\/gallery\/anteprime-2026-carthago\/24-Liner-for-two-I-53-17.jpg\"\n               data-thumbnail=\"https:\/\/www.camperonline.it\/magazine\/wp-content\/gallery\/anteprime-2026-carthago\/thumbs\/thumbs_24-Liner-for-two-I-53-17.jpg\"\n               data-image-id=\"138793\"\n               data-title=\"24-Liner-for-two-I-53-17\"\n               data-description=\"\"\n               data-image-slug=\"24-liner-for-two-i-53-17\"\n               class=\"ngg-fancybox\" rel=\"9b57dbfb98573f106fd45a9f86060297\">\n                <img\n                    title=\"24-Liner-for-two-I-53-17\"\n                    alt=\"24-Liner-for-two-I-53-17\"\n                    src=\"https:\/\/www.camperonline.it\/magazine\/wp-content\/gallery\/anteprime-2026-carthago\/thumbs\/thumbs_24-Liner-for-two-I-53-17.jpg\"\n                    width=\"240\"\n                    height=\"160\"\n                    style=\"max-width:100%;\"\n                \/>\n            <\/a>\n        <\/div>\n\t\t\t\t\t\t\t<\/div> \n\t\t\t\n\t\t\t\t<div id=\"ngg-image-42\" class=\"ngg-gallery-thumbnail-box ngg-5-columns\" >\n\t\t\t\t        <div class=\"ngg-gallery-thumbnail\">\n            <a href=\"https:\/\/www.camperonline.it\/magazine\/wp-content\/gallery\/anteprime-2026-carthago\/24-Liner-for-two-I-53-18.jpg\"\n               title=\"\"\n               data-src=\"https:\/\/www.camperonline.it\/magazine\/wp-content\/gallery\/anteprime-2026-carthago\/24-Liner-for-two-I-53-18.jpg\"\n               data-thumbnail=\"https:\/\/www.camperonline.it\/magazine\/wp-content\/gallery\/anteprime-2026-carthago\/thumbs\/thumbs_24-Liner-for-two-I-53-18.jpg\"\n               data-image-id=\"138792\"\n               data-title=\"24-Liner-for-two-I-53-18\"\n               data-description=\"\"\n               data-image-slug=\"24-liner-for-two-i-53-18\"\n               class=\"ngg-fancybox\" rel=\"9b57dbfb98573f106fd45a9f86060297\">\n                <img\n                    title=\"24-Liner-for-two-I-53-18\"\n                    alt=\"24-Liner-for-two-I-53-18\"\n                    src=\"https:\/\/www.camperonline.it\/magazine\/wp-content\/gallery\/anteprime-2026-carthago\/thumbs\/thumbs_24-Liner-for-two-I-53-18.jpg\"\n                    width=\"240\"\n                    height=\"160\"\n                    style=\"max-width:100%;\"\n                \/>\n            <\/a>\n        <\/div>\n\t\t\t\t\t\t\t<\/div> \n\t\t\t\n\t\t\t\t<div id=\"ngg-image-43\" class=\"ngg-gallery-thumbnail-box ngg-5-columns\" >\n\t\t\t\t        <div class=\"ngg-gallery-thumbnail\">\n            <a href=\"https:\/\/www.camperonline.it\/magazine\/wp-content\/gallery\/anteprime-2026-carthago\/25-Liner-for-two-I-53-6.jpg\"\n               title=\"\"\n               data-src=\"https:\/\/www.camperonline.it\/magazine\/wp-content\/gallery\/anteprime-2026-carthago\/25-Liner-for-two-I-53-6.jpg\"\n               data-thumbnail=\"https:\/\/www.camperonline.it\/magazine\/wp-content\/gallery\/anteprime-2026-carthago\/thumbs\/thumbs_25-Liner-for-two-I-53-6.jpg\"\n               data-image-id=\"138795\"\n               data-title=\"25-Liner-for-two-I-53-6\"\n               data-description=\"\"\n               data-image-slug=\"25-liner-for-two-i-53-6\"\n               class=\"ngg-fancybox\" rel=\"9b57dbfb98573f106fd45a9f86060297\">\n                <img\n                    title=\"25-Liner-for-two-I-53-6\"\n                    alt=\"25-Liner-for-two-I-53-6\"\n                    src=\"https:\/\/www.camperonline.it\/magazine\/wp-content\/gallery\/anteprime-2026-carthago\/thumbs\/thumbs_25-Liner-for-two-I-53-6.jpg\"\n                    width=\"240\"\n                    height=\"160\"\n                    style=\"max-width:100%;\"\n                \/>\n            <\/a>\n        <\/div>\n\t\t\t\t\t\t\t<\/div> \n\t\t\t\n\t\t\t\t<div id=\"ngg-image-44\" class=\"ngg-gallery-thumbnail-box ngg-5-columns\" >\n\t\t\t\t        <div class=\"ngg-gallery-thumbnail\">\n            <a href=\"https:\/\/www.camperonline.it\/magazine\/wp-content\/gallery\/anteprime-2026-carthago\/26-Liner-for-two-I-53-15.jpg\"\n               title=\"\"\n               data-src=\"https:\/\/www.camperonline.it\/magazine\/wp-content\/gallery\/anteprime-2026-carthago\/26-Liner-for-two-I-53-15.jpg\"\n               data-thumbnail=\"https:\/\/www.camperonline.it\/magazine\/wp-content\/gallery\/anteprime-2026-carthago\/thumbs\/thumbs_26-Liner-for-two-I-53-15.jpg\"\n               data-image-id=\"138797\"\n               data-title=\"26-Liner-for-two-I-53-15\"\n               data-description=\"\"\n               data-image-slug=\"26-liner-for-two-i-53-15\"\n               class=\"ngg-fancybox\" rel=\"9b57dbfb98573f106fd45a9f86060297\">\n                <img\n                    title=\"26-Liner-for-two-I-53-15\"\n                    alt=\"26-Liner-for-two-I-53-15\"\n                    src=\"https:\/\/www.camperonline.it\/magazine\/wp-content\/gallery\/anteprime-2026-carthago\/thumbs\/thumbs_26-Liner-for-two-I-53-15.jpg\"\n                    width=\"240\"\n                    height=\"160\"\n                    style=\"max-width:100%;\"\n                \/>\n            <\/a>\n        <\/div>\n\t\t\t\t\t\t\t<\/div> \n\t\t\t\n\t\t\t\t<div id=\"ngg-image-45\" class=\"ngg-gallery-thumbnail-box ngg-5-columns\" >\n\t\t\t\t        <div class=\"ngg-gallery-thumbnail\">\n            <a href=\"https:\/\/www.camperonline.it\/magazine\/wp-content\/gallery\/anteprime-2026-carthago\/26-Liner-for-two-I-53-16.jpg\"\n               title=\"\"\n               data-src=\"https:\/\/www.camperonline.it\/magazine\/wp-content\/gallery\/anteprime-2026-carthago\/26-Liner-for-two-I-53-16.jpg\"\n               data-thumbnail=\"https:\/\/www.camperonline.it\/magazine\/wp-content\/gallery\/anteprime-2026-carthago\/thumbs\/thumbs_26-Liner-for-two-I-53-16.jpg\"\n               data-image-id=\"138794\"\n               data-title=\"26-Liner-for-two-I-53-16\"\n               data-description=\"\"\n               data-image-slug=\"26-liner-for-two-i-53-16\"\n               class=\"ngg-fancybox\" rel=\"9b57dbfb98573f106fd45a9f86060297\">\n                <img\n                    title=\"26-Liner-for-two-I-53-16\"\n                    alt=\"26-Liner-for-two-I-53-16\"\n                    src=\"https:\/\/www.camperonline.it\/magazine\/wp-content\/gallery\/anteprime-2026-carthago\/thumbs\/thumbs_26-Liner-for-two-I-53-16.jpg\"\n                    width=\"240\"\n                    height=\"160\"\n                    style=\"max-width:100%;\"\n                \/>\n            <\/a>\n        <\/div>\n\t\t\t\t\t\t\t<\/div> \n\t\t\t\n\t\t\t\t<div id=\"ngg-image-46\" class=\"ngg-gallery-thumbnail-box ngg-5-columns\" >\n\t\t\t\t        <div class=\"ngg-gallery-thumbnail\">\n            <a href=\"https:\/\/www.camperonline.it\/magazine\/wp-content\/gallery\/anteprime-2026-carthago\/27-Liner-for-two-I-53-10.jpg\"\n               title=\"\"\n               data-src=\"https:\/\/www.camperonline.it\/magazine\/wp-content\/gallery\/anteprime-2026-carthago\/27-Liner-for-two-I-53-10.jpg\"\n               data-thumbnail=\"https:\/\/www.camperonline.it\/magazine\/wp-content\/gallery\/anteprime-2026-carthago\/thumbs\/thumbs_27-Liner-for-two-I-53-10.jpg\"\n               data-image-id=\"138796\"\n               data-title=\"27-Liner-for-two-I-53-10\"\n               data-description=\"\"\n               data-image-slug=\"27-liner-for-two-i-53-10\"\n               class=\"ngg-fancybox\" rel=\"9b57dbfb98573f106fd45a9f86060297\">\n                <img\n                    title=\"27-Liner-for-two-I-53-10\"\n                    alt=\"27-Liner-for-two-I-53-10\"\n                    src=\"https:\/\/www.camperonline.it\/magazine\/wp-content\/gallery\/anteprime-2026-carthago\/thumbs\/thumbs_27-Liner-for-two-I-53-10.jpg\"\n                    width=\"240\"\n                    height=\"160\"\n                    style=\"max-width:100%;\"\n                \/>\n            <\/a>\n        <\/div>\n\t\t\t\t\t\t\t<\/div> \n\t\t\t\n\t\t\t\t<div id=\"ngg-image-47\" class=\"ngg-gallery-thumbnail-box ngg-5-columns\" >\n\t\t\t\t        <div class=\"ngg-gallery-thumbnail\">\n            <a href=\"https:\/\/www.camperonline.it\/magazine\/wp-content\/gallery\/anteprime-2026-carthago\/27-Liner-for-two-I-53-8.jpg\"\n               title=\"\"\n               data-src=\"https:\/\/www.camperonline.it\/magazine\/wp-content\/gallery\/anteprime-2026-carthago\/27-Liner-for-two-I-53-8.jpg\"\n               data-thumbnail=\"https:\/\/www.camperonline.it\/magazine\/wp-content\/gallery\/anteprime-2026-carthago\/thumbs\/thumbs_27-Liner-for-two-I-53-8.jpg\"\n               data-image-id=\"138798\"\n               data-title=\"27-Liner-for-two-I-53-8\"\n               data-description=\"\"\n               data-image-slug=\"27-liner-for-two-i-53-8\"\n               class=\"ngg-fancybox\" rel=\"9b57dbfb98573f106fd45a9f86060297\">\n                <img\n                    title=\"27-Liner-for-two-I-53-8\"\n                    alt=\"27-Liner-for-two-I-53-8\"\n                    src=\"https:\/\/www.camperonline.it\/magazine\/wp-content\/gallery\/anteprime-2026-carthago\/thumbs\/thumbs_27-Liner-for-two-I-53-8.jpg\"\n                    width=\"240\"\n                    height=\"160\"\n                    style=\"max-width:100%;\"\n                \/>\n            <\/a>\n        <\/div>\n\t\t\t\t\t\t\t<\/div> \n\t\t\t\n\t\t\t\t<div id=\"ngg-image-48\" class=\"ngg-gallery-thumbnail-box ngg-5-columns\" >\n\t\t\t\t        <div class=\"ngg-gallery-thumbnail\">\n            <a href=\"https:\/\/www.camperonline.it\/magazine\/wp-content\/gallery\/anteprime-2026-carthago\/27-Liner-for-two-I-53-9.jpg\"\n               title=\"\"\n               data-src=\"https:\/\/www.camperonline.it\/magazine\/wp-content\/gallery\/anteprime-2026-carthago\/27-Liner-for-two-I-53-9.jpg\"\n               data-thumbnail=\"https:\/\/www.camperonline.it\/magazine\/wp-content\/gallery\/anteprime-2026-carthago\/thumbs\/thumbs_27-Liner-for-two-I-53-9.jpg\"\n               data-image-id=\"138799\"\n               data-title=\"27-Liner-for-two-I-53-9\"\n               data-description=\"\"\n               data-image-slug=\"27-liner-for-two-i-53-9\"\n               class=\"ngg-fancybox\" rel=\"9b57dbfb98573f106fd45a9f86060297\">\n                <img\n                    title=\"27-Liner-for-two-I-53-9\"\n                    alt=\"27-Liner-for-two-I-53-9\"\n                    src=\"https:\/\/www.camperonline.it\/magazine\/wp-content\/gallery\/anteprime-2026-carthago\/thumbs\/thumbs_27-Liner-for-two-I-53-9.jpg\"\n                    width=\"240\"\n                    height=\"160\"\n                    style=\"max-width:100%;\"\n                \/>\n            <\/a>\n        <\/div>\n\t\t\t\t\t\t\t<\/div> \n\t\t\t\n\t\t\t\t<div id=\"ngg-image-49\" class=\"ngg-gallery-thumbnail-box ngg-5-columns\" >\n\t\t\t\t        <div class=\"ngg-gallery-thumbnail\">\n            <a href=\"https:\/\/www.camperonline.it\/magazine\/wp-content\/gallery\/anteprime-2026-carthago\/28-C-line-E-line-S-plus-Liner-forTwo.jpg\"\n               title=\"\"\n               data-src=\"https:\/\/www.camperonline.it\/magazine\/wp-content\/gallery\/anteprime-2026-carthago\/28-C-line-E-line-S-plus-Liner-forTwo.jpg\"\n               data-thumbnail=\"https:\/\/www.camperonline.it\/magazine\/wp-content\/gallery\/anteprime-2026-carthago\/thumbs\/thumbs_28-C-line-E-line-S-plus-Liner-forTwo.jpg\"\n               data-image-id=\"138800\"\n               data-title=\"28-C-line-E-line-S-plus-Liner-forTwo\"\n               data-description=\"\"\n               data-image-slug=\"28-c-line-e-line-s-plus-liner-fortwo\"\n               class=\"ngg-fancybox\" rel=\"9b57dbfb98573f106fd45a9f86060297\">\n                <img\n                    title=\"28-C-line-E-line-S-plus-Liner-forTwo\"\n                    alt=\"28-C-line-E-line-S-plus-Liner-forTwo\"\n                    src=\"https:\/\/www.camperonline.it\/magazine\/wp-content\/gallery\/anteprime-2026-carthago\/thumbs\/thumbs_28-C-line-E-line-S-plus-Liner-forTwo.jpg\"\n                    width=\"240\"\n                    height=\"160\"\n                    style=\"max-width:100%;\"\n                \/>\n            <\/a>\n        <\/div>\n\t\t\t\t\t\t\t<\/div> \n\t\t\t\n\t\t\t\t<div id=\"ngg-image-50\" class=\"ngg-gallery-thumbnail-box ngg-5-columns\" >\n\t\t\t\t        <div class=\"ngg-gallery-thumbnail\">\n            <a href=\"https:\/\/www.camperonline.it\/magazine\/wp-content\/gallery\/anteprime-2026-carthago\/29-E-line-I-50-LE-1.jpg\"\n               title=\"\"\n               data-src=\"https:\/\/www.camperonline.it\/magazine\/wp-content\/gallery\/anteprime-2026-carthago\/29-E-line-I-50-LE-1.jpg\"\n               data-thumbnail=\"https:\/\/www.camperonline.it\/magazine\/wp-content\/gallery\/anteprime-2026-carthago\/thumbs\/thumbs_29-E-line-I-50-LE-1.jpg\"\n               data-image-id=\"138801\"\n               data-title=\"29-E-line-I-50-LE-1\"\n               data-description=\"\"\n               data-image-slug=\"29-e-line-i-50-le-1\"\n               class=\"ngg-fancybox\" rel=\"9b57dbfb98573f106fd45a9f86060297\">\n                <img\n                    title=\"29-E-line-I-50-LE-1\"\n                    alt=\"29-E-line-I-50-LE-1\"\n                    src=\"https:\/\/www.camperonline.it\/magazine\/wp-content\/gallery\/anteprime-2026-carthago\/thumbs\/thumbs_29-E-line-I-50-LE-1.jpg\"\n                    width=\"240\"\n                    height=\"160\"\n                    style=\"max-width:100%;\"\n                \/>\n            <\/a>\n        <\/div>\n\t\t\t\t\t\t\t<\/div> \n\t\t\t\n\t\t\t\t<div id=\"ngg-image-51\" class=\"ngg-gallery-thumbnail-box ngg-5-columns\" >\n\t\t\t\t        <div class=\"ngg-gallery-thumbnail\">\n            <a href=\"https:\/\/www.camperonline.it\/magazine\/wp-content\/gallery\/anteprime-2026-carthago\/30-C2-tourer-Mercedes-est-.jpg\"\n               title=\"\"\n               data-src=\"https:\/\/www.camperonline.it\/magazine\/wp-content\/gallery\/anteprime-2026-carthago\/30-C2-tourer-Mercedes-est-.jpg\"\n               data-thumbnail=\"https:\/\/www.camperonline.it\/magazine\/wp-content\/gallery\/anteprime-2026-carthago\/thumbs\/thumbs_30-C2-tourer-Mercedes-est-.jpg\"\n               data-image-id=\"138804\"\n               data-title=\"30-C2-tourer-Mercedes-est-\"\n               data-description=\"\"\n               data-image-slug=\"30-c2-tourer-mercedes-est\"\n               class=\"ngg-fancybox\" rel=\"9b57dbfb98573f106fd45a9f86060297\">\n                <img\n                    title=\"30-C2-tourer-Mercedes-est-\"\n                    alt=\"30-C2-tourer-Mercedes-est-\"\n                    src=\"https:\/\/www.camperonline.it\/magazine\/wp-content\/gallery\/anteprime-2026-carthago\/thumbs\/thumbs_30-C2-tourer-Mercedes-est-.jpg\"\n                    width=\"240\"\n                    height=\"160\"\n                    style=\"max-width:100%;\"\n                \/>\n            <\/a>\n        <\/div>\n\t\t\t\t\t\t\t<\/div> \n\t\t\t\n\t\t\t\t<div id=\"ngg-image-52\" class=\"ngg-gallery-thumbnail-box ngg-5-columns\" >\n\t\t\t\t        <div class=\"ngg-gallery-thumbnail\">\n            <a href=\"https:\/\/www.camperonline.it\/magazine\/wp-content\/gallery\/anteprime-2026-carthago\/31-C2-tourer-I-141-KB-LE.jpg\"\n               title=\"\"\n               data-src=\"https:\/\/www.camperonline.it\/magazine\/wp-content\/gallery\/anteprime-2026-carthago\/31-C2-tourer-I-141-KB-LE.jpg\"\n               data-thumbnail=\"https:\/\/www.camperonline.it\/magazine\/wp-content\/gallery\/anteprime-2026-carthago\/thumbs\/thumbs_31-C2-tourer-I-141-KB-LE.jpg\"\n               data-image-id=\"138802\"\n               data-title=\"31-C2-tourer-I-141-KB-LE\"\n               data-description=\"\"\n               data-image-slug=\"31-c2-tourer-i-141-kb-le\"\n               class=\"ngg-fancybox\" rel=\"9b57dbfb98573f106fd45a9f86060297\">\n                <img\n                    title=\"31-C2-tourer-I-141-KB-LE\"\n                    alt=\"31-C2-tourer-I-141-KB-LE\"\n                    src=\"https:\/\/www.camperonline.it\/magazine\/wp-content\/gallery\/anteprime-2026-carthago\/thumbs\/thumbs_31-C2-tourer-I-141-KB-LE.jpg\"\n                    width=\"240\"\n                    height=\"160\"\n                    style=\"max-width:100%;\"\n                \/>\n            <\/a>\n        <\/div>\n\t\t\t\t\t\t\t<\/div> \n\t\t\t\n\t\t\t\t<div id=\"ngg-image-53\" class=\"ngg-gallery-thumbnail-box ngg-5-columns\" >\n\t\t\t\t        <div class=\"ngg-gallery-thumbnail\">\n            <a href=\"https:\/\/www.camperonline.it\/magazine\/wp-content\/gallery\/anteprime-2026-carthago\/32-C2-tourer-I-141-KB-LE.jpg\"\n               title=\"\"\n               data-src=\"https:\/\/www.camperonline.it\/magazine\/wp-content\/gallery\/anteprime-2026-carthago\/32-C2-tourer-I-141-KB-LE.jpg\"\n               data-thumbnail=\"https:\/\/www.camperonline.it\/magazine\/wp-content\/gallery\/anteprime-2026-carthago\/thumbs\/thumbs_32-C2-tourer-I-141-KB-LE.jpg\"\n               data-image-id=\"138803\"\n               data-title=\"32-C2-tourer-I-141-KB-LE\"\n               data-description=\"\"\n               data-image-slug=\"32-c2-tourer-i-141-kb-le\"\n               class=\"ngg-fancybox\" rel=\"9b57dbfb98573f106fd45a9f86060297\">\n                <img\n                    title=\"32-C2-tourer-I-141-KB-LE\"\n                    alt=\"32-C2-tourer-I-141-KB-LE\"\n                    src=\"https:\/\/www.camperonline.it\/magazine\/wp-content\/gallery\/anteprime-2026-carthago\/thumbs\/thumbs_32-C2-tourer-I-141-KB-LE.jpg\"\n                    width=\"240\"\n                    height=\"160\"\n                    style=\"max-width:100%;\"\n                \/>\n            <\/a>\n        <\/div>\n\t\t\t\t\t\t\t<\/div> \n\t\t\t\n\t\t\t\t<div id=\"ngg-image-54\" class=\"ngg-gallery-thumbnail-box ngg-5-columns\" >\n\t\t\t\t        <div class=\"ngg-gallery-thumbnail\">\n            <a href=\"https:\/\/www.camperonline.it\/magazine\/wp-content\/gallery\/anteprime-2026-carthago\/33-C2-tourer-I-141-KB-LE-3.jpg\"\n               title=\"\"\n               data-src=\"https:\/\/www.camperonline.it\/magazine\/wp-content\/gallery\/anteprime-2026-carthago\/33-C2-tourer-I-141-KB-LE-3.jpg\"\n               data-thumbnail=\"https:\/\/www.camperonline.it\/magazine\/wp-content\/gallery\/anteprime-2026-carthago\/thumbs\/thumbs_33-C2-tourer-I-141-KB-LE-3.jpg\"\n               data-image-id=\"138805\"\n               data-title=\"33-C2-tourer-I-141-KB-LE-3\"\n               data-description=\"\"\n               data-image-slug=\"33-c2-tourer-i-141-kb-le-3\"\n               class=\"ngg-fancybox\" rel=\"9b57dbfb98573f106fd45a9f86060297\">\n                <img\n                    title=\"33-C2-tourer-I-141-KB-LE-3\"\n                    alt=\"33-C2-tourer-I-141-KB-LE-3\"\n                    src=\"https:\/\/www.camperonline.it\/magazine\/wp-content\/gallery\/anteprime-2026-carthago\/thumbs\/thumbs_33-C2-tourer-I-141-KB-LE-3.jpg\"\n                    width=\"240\"\n                    height=\"160\"\n                    style=\"max-width:100%;\"\n                \/>\n            <\/a>\n        <\/div>\n\t\t\t\t\t\t\t<\/div> \n\t\t\t\n\t\t\t\t<div id=\"ngg-image-55\" class=\"ngg-gallery-thumbnail-box ngg-5-columns\" >\n\t\t\t\t        <div class=\"ngg-gallery-thumbnail\">\n            <a href=\"https:\/\/www.camperonline.it\/magazine\/wp-content\/gallery\/anteprime-2026-carthago\/34-C2-tourer-I-141-KB-LE-5.jpg\"\n               title=\"\"\n               data-src=\"https:\/\/www.camperonline.it\/magazine\/wp-content\/gallery\/anteprime-2026-carthago\/34-C2-tourer-I-141-KB-LE-5.jpg\"\n               data-thumbnail=\"https:\/\/www.camperonline.it\/magazine\/wp-content\/gallery\/anteprime-2026-carthago\/thumbs\/thumbs_34-C2-tourer-I-141-KB-LE-5.jpg\"\n               data-image-id=\"138806\"\n               data-title=\"34-C2-tourer-I-141-KB-LE-5\"\n               data-description=\"\"\n               data-image-slug=\"34-c2-tourer-i-141-kb-le-5\"\n               class=\"ngg-fancybox\" rel=\"9b57dbfb98573f106fd45a9f86060297\">\n                <img\n                    title=\"34-C2-tourer-I-141-KB-LE-5\"\n                    alt=\"34-C2-tourer-I-141-KB-LE-5\"\n                    src=\"https:\/\/www.camperonline.it\/magazine\/wp-content\/gallery\/anteprime-2026-carthago\/thumbs\/thumbs_34-C2-tourer-I-141-KB-LE-5.jpg\"\n                    width=\"240\"\n                    height=\"160\"\n                    style=\"max-width:100%;\"\n                \/>\n            <\/a>\n        <\/div>\n\t\t\t\t\t\t\t<\/div> \n\t\t\t\n\t\t\t\t<div id=\"ngg-image-56\" class=\"ngg-gallery-thumbnail-box ngg-5-columns\" >\n\t\t\t\t        <div class=\"ngg-gallery-thumbnail\">\n            <a href=\"https:\/\/www.camperonline.it\/magazine\/wp-content\/gallery\/anteprime-2026-carthago\/35-C2-tourer-I-141-KB-LE-8.jpg\"\n               title=\"\"\n               data-src=\"https:\/\/www.camperonline.it\/magazine\/wp-content\/gallery\/anteprime-2026-carthago\/35-C2-tourer-I-141-KB-LE-8.jpg\"\n               data-thumbnail=\"https:\/\/www.camperonline.it\/magazine\/wp-content\/gallery\/anteprime-2026-carthago\/thumbs\/thumbs_35-C2-tourer-I-141-KB-LE-8.jpg\"\n               data-image-id=\"138807\"\n               data-title=\"35-C2-tourer-I-141-KB-LE-8\"\n               data-description=\"\"\n               data-image-slug=\"35-c2-tourer-i-141-kb-le-8\"\n               class=\"ngg-fancybox\" rel=\"9b57dbfb98573f106fd45a9f86060297\">\n                <img\n                    title=\"35-C2-tourer-I-141-KB-LE-8\"\n                    alt=\"35-C2-tourer-I-141-KB-LE-8\"\n                    src=\"https:\/\/www.camperonline.it\/magazine\/wp-content\/gallery\/anteprime-2026-carthago\/thumbs\/thumbs_35-C2-tourer-I-141-KB-LE-8.jpg\"\n                    width=\"240\"\n                    height=\"160\"\n                    style=\"max-width:100%;\"\n                \/>\n            <\/a>\n        <\/div>\n\t\t\t\t\t\t\t<\/div> \n\t\t\t\n\t\t\t\t<div id=\"ngg-image-57\" class=\"ngg-gallery-thumbnail-box ngg-5-columns\" >\n\t\t\t\t        <div class=\"ngg-gallery-thumbnail\">\n            <a href=\"https:\/\/www.camperonline.it\/magazine\/wp-content\/gallery\/anteprime-2026-carthago\/36-C2-tourer-I-141-KB-LE-9.jpg\"\n               title=\"\"\n               data-src=\"https:\/\/www.camperonline.it\/magazine\/wp-content\/gallery\/anteprime-2026-carthago\/36-C2-tourer-I-141-KB-LE-9.jpg\"\n               data-thumbnail=\"https:\/\/www.camperonline.it\/magazine\/wp-content\/gallery\/anteprime-2026-carthago\/thumbs\/thumbs_36-C2-tourer-I-141-KB-LE-9.jpg\"\n               data-image-id=\"138810\"\n               data-title=\"36-C2-tourer-I-141-KB-LE-9\"\n               data-description=\"\"\n               data-image-slug=\"36-c2-tourer-i-141-kb-le-9\"\n               class=\"ngg-fancybox\" rel=\"9b57dbfb98573f106fd45a9f86060297\">\n                <img\n                    title=\"36-C2-tourer-I-141-KB-LE-9\"\n                    alt=\"36-C2-tourer-I-141-KB-LE-9\"\n                    src=\"https:\/\/www.camperonline.it\/magazine\/wp-content\/gallery\/anteprime-2026-carthago\/thumbs\/thumbs_36-C2-tourer-I-141-KB-LE-9.jpg\"\n                    width=\"240\"\n                    height=\"160\"\n                    style=\"max-width:100%;\"\n                \/>\n            <\/a>\n        <\/div>\n\t\t\t\t\t\t\t<\/div> \n\t\t\t\n\t\t\t\t<div id=\"ngg-image-58\" class=\"ngg-gallery-thumbnail-box ngg-5-columns\" >\n\t\t\t\t        <div class=\"ngg-gallery-thumbnail\">\n            <a href=\"https:\/\/www.camperonline.it\/magazine\/wp-content\/gallery\/anteprime-2026-carthago\/37-C2-tourer-I-141-KB-LE-7.jpg\"\n               title=\"\"\n               data-src=\"https:\/\/www.camperonline.it\/magazine\/wp-content\/gallery\/anteprime-2026-carthago\/37-C2-tourer-I-141-KB-LE-7.jpg\"\n               data-thumbnail=\"https:\/\/www.camperonline.it\/magazine\/wp-content\/gallery\/anteprime-2026-carthago\/thumbs\/thumbs_37-C2-tourer-I-141-KB-LE-7.jpg\"\n               data-image-id=\"138811\"\n               data-title=\"37-C2-tourer-I-141-KB-LE-7\"\n               data-description=\"\"\n               data-image-slug=\"37-c2-tourer-i-141-kb-le-7\"\n               class=\"ngg-fancybox\" rel=\"9b57dbfb98573f106fd45a9f86060297\">\n                <img\n                    title=\"37-C2-tourer-I-141-KB-LE-7\"\n                    alt=\"37-C2-tourer-I-141-KB-LE-7\"\n                    src=\"https:\/\/www.camperonline.it\/magazine\/wp-content\/gallery\/anteprime-2026-carthago\/thumbs\/thumbs_37-C2-tourer-I-141-KB-LE-7.jpg\"\n                    width=\"240\"\n                    height=\"160\"\n                    style=\"max-width:100%;\"\n                \/>\n            <\/a>\n        <\/div>\n\t\t\t\t\t\t\t<\/div> \n\t\t\t\n\t\t\t\t<div id=\"ngg-image-59\" class=\"ngg-gallery-thumbnail-box ngg-5-columns\" >\n\t\t\t\t        <div class=\"ngg-gallery-thumbnail\">\n            <a href=\"https:\/\/www.camperonline.it\/magazine\/wp-content\/gallery\/anteprime-2026-carthago\/38-C2-tourer-I-141-KB-LE-2.jpg\"\n               title=\"\"\n               data-src=\"https:\/\/www.camperonline.it\/magazine\/wp-content\/gallery\/anteprime-2026-carthago\/38-C2-tourer-I-141-KB-LE-2.jpg\"\n               data-thumbnail=\"https:\/\/www.camperonline.it\/magazine\/wp-content\/gallery\/anteprime-2026-carthago\/thumbs\/thumbs_38-C2-tourer-I-141-KB-LE-2.jpg\"\n               data-image-id=\"138808\"\n               data-title=\"38-C2-tourer-I-141-KB-LE-2\"\n               data-description=\"\"\n               data-image-slug=\"38-c2-tourer-i-141-kb-le-2\"\n               class=\"ngg-fancybox\" rel=\"9b57dbfb98573f106fd45a9f86060297\">\n                <img\n                    title=\"38-C2-tourer-I-141-KB-LE-2\"\n                    alt=\"38-C2-tourer-I-141-KB-LE-2\"\n                    src=\"https:\/\/www.camperonline.it\/magazine\/wp-content\/gallery\/anteprime-2026-carthago\/thumbs\/thumbs_38-C2-tourer-I-141-KB-LE-2.jpg\"\n                    width=\"240\"\n                    height=\"160\"\n                    style=\"max-width:100%;\"\n                \/>\n            <\/a>\n        <\/div>\n\t\t\t\t\t\t\t<\/div> \n\t\t\t\n\t\t\t\t<div id=\"ngg-image-60\" class=\"ngg-gallery-thumbnail-box ngg-5-columns\" >\n\t\t\t\t        <div class=\"ngg-gallery-thumbnail\">\n            <a href=\"https:\/\/www.camperonline.it\/magazine\/wp-content\/gallery\/anteprime-2026-carthago\/39-C2-tourer-I-141-KB-LE-10.jpg\"\n               title=\"\"\n               data-src=\"https:\/\/www.camperonline.it\/magazine\/wp-content\/gallery\/anteprime-2026-carthago\/39-C2-tourer-I-141-KB-LE-10.jpg\"\n               data-thumbnail=\"https:\/\/www.camperonline.it\/magazine\/wp-content\/gallery\/anteprime-2026-carthago\/thumbs\/thumbs_39-C2-tourer-I-141-KB-LE-10.jpg\"\n               data-image-id=\"138809\"\n               data-title=\"39-C2-tourer-I-141-KB-LE-10\"\n               data-description=\"\"\n               data-image-slug=\"39-c2-tourer-i-141-kb-le-10\"\n               class=\"ngg-fancybox\" rel=\"9b57dbfb98573f106fd45a9f86060297\">\n                <img\n                    title=\"39-C2-tourer-I-141-KB-LE-10\"\n                    alt=\"39-C2-tourer-I-141-KB-LE-10\"\n                    src=\"https:\/\/www.camperonline.it\/magazine\/wp-content\/gallery\/anteprime-2026-carthago\/thumbs\/thumbs_39-C2-tourer-I-141-KB-LE-10.jpg\"\n                    width=\"240\"\n                    height=\"160\"\n                    style=\"max-width:100%;\"\n                \/>\n            <\/a>\n        <\/div>\n\t\t\t\t\t\t\t<\/div> \n\t\t\t\n\t\t\t\t<div id=\"ngg-image-61\" class=\"ngg-gallery-thumbnail-box ngg-5-columns\" >\n\t\t\t\t        <div class=\"ngg-gallery-thumbnail\">\n            <a href=\"https:\/\/www.camperonline.it\/magazine\/wp-content\/gallery\/anteprime-2026-carthago\/40-C2-tourer-I-141-KB-LE-1.jpg\"\n               title=\"\"\n               data-src=\"https:\/\/www.camperonline.it\/magazine\/wp-content\/gallery\/anteprime-2026-carthago\/40-C2-tourer-I-141-KB-LE-1.jpg\"\n               data-thumbnail=\"https:\/\/www.camperonline.it\/magazine\/wp-content\/gallery\/anteprime-2026-carthago\/thumbs\/thumbs_40-C2-tourer-I-141-KB-LE-1.jpg\"\n               data-image-id=\"138812\"\n               data-title=\"40-C2-tourer-I-141-KB-LE-1\"\n               data-description=\"\"\n               data-image-slug=\"40-c2-tourer-i-141-kb-le-1\"\n               class=\"ngg-fancybox\" rel=\"9b57dbfb98573f106fd45a9f86060297\">\n                <img\n                    title=\"40-C2-tourer-I-141-KB-LE-1\"\n                    alt=\"40-C2-tourer-I-141-KB-LE-1\"\n                    src=\"https:\/\/www.camperonline.it\/magazine\/wp-content\/gallery\/anteprime-2026-carthago\/thumbs\/thumbs_40-C2-tourer-I-141-KB-LE-1.jpg\"\n                    width=\"240\"\n                    height=\"160\"\n                    style=\"max-width:100%;\"\n                \/>\n            <\/a>\n        <\/div>\n\t\t\t\t\t\t\t<\/div> \n\t\t\t\n\t\t\t\t<div id=\"ngg-image-62\" class=\"ngg-gallery-thumbnail-box ngg-5-columns\" >\n\t\t\t\t        <div class=\"ngg-gallery-thumbnail\">\n            <a href=\"https:\/\/www.camperonline.it\/magazine\/wp-content\/gallery\/anteprime-2026-carthago\/41-C2-tourer-I-147-RB-LE-L.jpg\"\n               title=\"\"\n               data-src=\"https:\/\/www.camperonline.it\/magazine\/wp-content\/gallery\/anteprime-2026-carthago\/41-C2-tourer-I-147-RB-LE-L.jpg\"\n               data-thumbnail=\"https:\/\/www.camperonline.it\/magazine\/wp-content\/gallery\/anteprime-2026-carthago\/thumbs\/thumbs_41-C2-tourer-I-147-RB-LE-L.jpg\"\n               data-image-id=\"138813\"\n               data-title=\"41-C2-tourer-I-147-RB-LE-L\"\n               data-description=\"\"\n               data-image-slug=\"41-c2-tourer-i-147-rb-le-l\"\n               class=\"ngg-fancybox\" rel=\"9b57dbfb98573f106fd45a9f86060297\">\n                <img\n                    title=\"41-C2-tourer-I-147-RB-LE-L\"\n                    alt=\"41-C2-tourer-I-147-RB-LE-L\"\n                    src=\"https:\/\/www.camperonline.it\/magazine\/wp-content\/gallery\/anteprime-2026-carthago\/thumbs\/thumbs_41-C2-tourer-I-147-RB-LE-L.jpg\"\n                    width=\"240\"\n                    height=\"160\"\n                    style=\"max-width:100%;\"\n                \/>\n            <\/a>\n        <\/div>\n\t\t\t\t\t\t\t<\/div> \n\t\t\t\n\t\t\t\t<div id=\"ngg-image-63\" class=\"ngg-gallery-thumbnail-box ngg-5-columns\" >\n\t\t\t\t        <div class=\"ngg-gallery-thumbnail\">\n            <a href=\"https:\/\/www.camperonline.it\/magazine\/wp-content\/gallery\/anteprime-2026-carthago\/42-C2-tourer-I-147-RB-LE-L-1.jpg\"\n               title=\"\"\n               data-src=\"https:\/\/www.camperonline.it\/magazine\/wp-content\/gallery\/anteprime-2026-carthago\/42-C2-tourer-I-147-RB-LE-L-1.jpg\"\n               data-thumbnail=\"https:\/\/www.camperonline.it\/magazine\/wp-content\/gallery\/anteprime-2026-carthago\/thumbs\/thumbs_42-C2-tourer-I-147-RB-LE-L-1.jpg\"\n               data-image-id=\"138816\"\n               data-title=\"42-C2-tourer-I-147-RB-LE-L-1\"\n               data-description=\"\"\n               data-image-slug=\"42-c2-tourer-i-147-rb-le-l-1\"\n               class=\"ngg-fancybox\" rel=\"9b57dbfb98573f106fd45a9f86060297\">\n                <img\n                    title=\"42-C2-tourer-I-147-RB-LE-L-1\"\n                    alt=\"42-C2-tourer-I-147-RB-LE-L-1\"\n                    src=\"https:\/\/www.camperonline.it\/magazine\/wp-content\/gallery\/anteprime-2026-carthago\/thumbs\/thumbs_42-C2-tourer-I-147-RB-LE-L-1.jpg\"\n                    width=\"240\"\n                    height=\"160\"\n                    style=\"max-width:100%;\"\n                \/>\n            <\/a>\n        <\/div>\n\t\t\t\t\t\t\t<\/div> \n\t\t\t\n\t\t\t\t<div id=\"ngg-image-64\" class=\"ngg-gallery-thumbnail-box ngg-5-columns\" >\n\t\t\t\t        <div class=\"ngg-gallery-thumbnail\">\n            <a href=\"https:\/\/www.camperonline.it\/magazine\/wp-content\/gallery\/anteprime-2026-carthago\/43-C2-tourer-I-147-RB-LE-L-14.jpg\"\n               title=\"\"\n               data-src=\"https:\/\/www.camperonline.it\/magazine\/wp-content\/gallery\/anteprime-2026-carthago\/43-C2-tourer-I-147-RB-LE-L-14.jpg\"\n               data-thumbnail=\"https:\/\/www.camperonline.it\/magazine\/wp-content\/gallery\/anteprime-2026-carthago\/thumbs\/thumbs_43-C2-tourer-I-147-RB-LE-L-14.jpg\"\n               data-image-id=\"138814\"\n               data-title=\"43-C2-tourer-I-147-RB-LE-L-14\"\n               data-description=\"\"\n               data-image-slug=\"43-c2-tourer-i-147-rb-le-l-14\"\n               class=\"ngg-fancybox\" rel=\"9b57dbfb98573f106fd45a9f86060297\">\n                <img\n                    title=\"43-C2-tourer-I-147-RB-LE-L-14\"\n                    alt=\"43-C2-tourer-I-147-RB-LE-L-14\"\n                    src=\"https:\/\/www.camperonline.it\/magazine\/wp-content\/gallery\/anteprime-2026-carthago\/thumbs\/thumbs_43-C2-tourer-I-147-RB-LE-L-14.jpg\"\n                    width=\"240\"\n                    height=\"160\"\n                    style=\"max-width:100%;\"\n                \/>\n            <\/a>\n        <\/div>\n\t\t\t\t\t\t\t<\/div> \n\t\t\t\n\t\t\t\t<div id=\"ngg-image-65\" class=\"ngg-gallery-thumbnail-box ngg-5-columns\" >\n\t\t\t\t        <div class=\"ngg-gallery-thumbnail\">\n            <a href=\"https:\/\/www.camperonline.it\/magazine\/wp-content\/gallery\/anteprime-2026-carthago\/44-C2-tourer-I-147-RB-LE-L-18.jpg\"\n               title=\"\"\n               data-src=\"https:\/\/www.camperonline.it\/magazine\/wp-content\/gallery\/anteprime-2026-carthago\/44-C2-tourer-I-147-RB-LE-L-18.jpg\"\n               data-thumbnail=\"https:\/\/www.camperonline.it\/magazine\/wp-content\/gallery\/anteprime-2026-carthago\/thumbs\/thumbs_44-C2-tourer-I-147-RB-LE-L-18.jpg\"\n               data-image-id=\"138817\"\n               data-title=\"44-C2-tourer-I-147-RB-LE-L-18\"\n               data-description=\"\"\n               data-image-slug=\"44-c2-tourer-i-147-rb-le-l-18\"\n               class=\"ngg-fancybox\" rel=\"9b57dbfb98573f106fd45a9f86060297\">\n                <img\n                    title=\"44-C2-tourer-I-147-RB-LE-L-18\"\n                    alt=\"44-C2-tourer-I-147-RB-LE-L-18\"\n                    src=\"https:\/\/www.camperonline.it\/magazine\/wp-content\/gallery\/anteprime-2026-carthago\/thumbs\/thumbs_44-C2-tourer-I-147-RB-LE-L-18.jpg\"\n                    width=\"240\"\n                    height=\"160\"\n                    style=\"max-width:100%;\"\n                \/>\n            <\/a>\n        <\/div>\n\t\t\t\t\t\t\t<\/div> \n\t\t\t\n\t\t\t\t<div id=\"ngg-image-66\" class=\"ngg-gallery-thumbnail-box ngg-5-columns\" >\n\t\t\t\t        <div class=\"ngg-gallery-thumbnail\">\n            <a href=\"https:\/\/www.camperonline.it\/magazine\/wp-content\/gallery\/anteprime-2026-carthago\/45-C2-tourer-I-147-RB-LE-L-7.jpg\"\n               title=\"\"\n               data-src=\"https:\/\/www.camperonline.it\/magazine\/wp-content\/gallery\/anteprime-2026-carthago\/45-C2-tourer-I-147-RB-LE-L-7.jpg\"\n               data-thumbnail=\"https:\/\/www.camperonline.it\/magazine\/wp-content\/gallery\/anteprime-2026-carthago\/thumbs\/thumbs_45-C2-tourer-I-147-RB-LE-L-7.jpg\"\n               data-image-id=\"138815\"\n               data-title=\"45-C2-tourer-I-147-RB-LE-L-7\"\n               data-description=\"\"\n               data-image-slug=\"45-c2-tourer-i-147-rb-le-l-7\"\n               class=\"ngg-fancybox\" rel=\"9b57dbfb98573f106fd45a9f86060297\">\n                <img\n                    title=\"45-C2-tourer-I-147-RB-LE-L-7\"\n                    alt=\"45-C2-tourer-I-147-RB-LE-L-7\"\n                    src=\"https:\/\/www.camperonline.it\/magazine\/wp-content\/gallery\/anteprime-2026-carthago\/thumbs\/thumbs_45-C2-tourer-I-147-RB-LE-L-7.jpg\"\n                    width=\"240\"\n                    height=\"160\"\n                    style=\"max-width:100%;\"\n                \/>\n            <\/a>\n        <\/div>\n\t\t\t\t\t\t\t<\/div> \n\t\t\t\n\t\t\t\t<div id=\"ngg-image-67\" class=\"ngg-gallery-thumbnail-box ngg-5-columns\" >\n\t\t\t\t        <div class=\"ngg-gallery-thumbnail\">\n            <a href=\"https:\/\/www.camperonline.it\/magazine\/wp-content\/gallery\/anteprime-2026-carthago\/46-C2-tourer-I-147-RB-LE-L-15.jpg\"\n               title=\"\"\n               data-src=\"https:\/\/www.camperonline.it\/magazine\/wp-content\/gallery\/anteprime-2026-carthago\/46-C2-tourer-I-147-RB-LE-L-15.jpg\"\n               data-thumbnail=\"https:\/\/www.camperonline.it\/magazine\/wp-content\/gallery\/anteprime-2026-carthago\/thumbs\/thumbs_46-C2-tourer-I-147-RB-LE-L-15.jpg\"\n               data-image-id=\"138818\"\n               data-title=\"46-C2-tourer-I-147-RB-LE-L-15\"\n               data-description=\"\"\n               data-image-slug=\"46-c2-tourer-i-147-rb-le-l-15\"\n               class=\"ngg-fancybox\" rel=\"9b57dbfb98573f106fd45a9f86060297\">\n                <img\n                    title=\"46-C2-tourer-I-147-RB-LE-L-15\"\n                    alt=\"46-C2-tourer-I-147-RB-LE-L-15\"\n                    src=\"https:\/\/www.camperonline.it\/magazine\/wp-content\/gallery\/anteprime-2026-carthago\/thumbs\/thumbs_46-C2-tourer-I-147-RB-LE-L-15.jpg\"\n                    width=\"240\"\n                    height=\"160\"\n                    style=\"max-width:100%;\"\n                \/>\n            <\/a>\n        <\/div>\n\t\t\t\t\t\t\t<\/div> \n\t\t\t\n\t\t\t\t<div id=\"ngg-image-68\" class=\"ngg-gallery-thumbnail-box ngg-5-columns\" >\n\t\t\t\t        <div class=\"ngg-gallery-thumbnail\">\n            <a href=\"https:\/\/www.camperonline.it\/magazine\/wp-content\/gallery\/anteprime-2026-carthago\/46-C2-tourer-I-147-RB-LE-L-16.jpg\"\n               title=\"\"\n               data-src=\"https:\/\/www.camperonline.it\/magazine\/wp-content\/gallery\/anteprime-2026-carthago\/46-C2-tourer-I-147-RB-LE-L-16.jpg\"\n               data-thumbnail=\"https:\/\/www.camperonline.it\/magazine\/wp-content\/gallery\/anteprime-2026-carthago\/thumbs\/thumbs_46-C2-tourer-I-147-RB-LE-L-16.jpg\"\n               data-image-id=\"138819\"\n               data-title=\"46-C2-tourer-I-147-RB-LE-L-16\"\n               data-description=\"\"\n               data-image-slug=\"46-c2-tourer-i-147-rb-le-l-16\"\n               class=\"ngg-fancybox\" rel=\"9b57dbfb98573f106fd45a9f86060297\">\n                <img\n                    title=\"46-C2-tourer-I-147-RB-LE-L-16\"\n                    alt=\"46-C2-tourer-I-147-RB-LE-L-16\"\n                    src=\"https:\/\/www.camperonline.it\/magazine\/wp-content\/gallery\/anteprime-2026-carthago\/thumbs\/thumbs_46-C2-tourer-I-147-RB-LE-L-16.jpg\"\n                    width=\"240\"\n                    height=\"160\"\n                    style=\"max-width:100%;\"\n                \/>\n            <\/a>\n        <\/div>\n\t\t\t\t\t\t\t<\/div> \n\t\t\t\n\t\t\t\t<div id=\"ngg-image-69\" class=\"ngg-gallery-thumbnail-box ngg-5-columns\" >\n\t\t\t\t        <div class=\"ngg-gallery-thumbnail\">\n            <a href=\"https:\/\/www.camperonline.it\/magazine\/wp-content\/gallery\/anteprime-2026-carthago\/47-C2-tourer-I-147-RB-LE-L-12.jpg\"\n               title=\"\"\n               data-src=\"https:\/\/www.camperonline.it\/magazine\/wp-content\/gallery\/anteprime-2026-carthago\/47-C2-tourer-I-147-RB-LE-L-12.jpg\"\n               data-thumbnail=\"https:\/\/www.camperonline.it\/magazine\/wp-content\/gallery\/anteprime-2026-carthago\/thumbs\/thumbs_47-C2-tourer-I-147-RB-LE-L-12.jpg\"\n               data-image-id=\"138820\"\n               data-title=\"47-C2-tourer-I-147-RB-LE-L-12\"\n               data-description=\"\"\n               data-image-slug=\"47-c2-tourer-i-147-rb-le-l-12\"\n               class=\"ngg-fancybox\" rel=\"9b57dbfb98573f106fd45a9f86060297\">\n                <img\n                    title=\"47-C2-tourer-I-147-RB-LE-L-12\"\n                    alt=\"47-C2-tourer-I-147-RB-LE-L-12\"\n                    src=\"https:\/\/www.camperonline.it\/magazine\/wp-content\/gallery\/anteprime-2026-carthago\/thumbs\/thumbs_47-C2-tourer-I-147-RB-LE-L-12.jpg\"\n                    width=\"240\"\n                    height=\"160\"\n                    style=\"max-width:100%;\"\n                \/>\n            <\/a>\n        <\/div>\n\t\t\t\t\t\t\t<\/div> \n\t\t\t\n\t\t\t\t<div id=\"ngg-image-70\" class=\"ngg-gallery-thumbnail-box ngg-5-columns\" >\n\t\t\t\t        <div class=\"ngg-gallery-thumbnail\">\n            <a href=\"https:\/\/www.camperonline.it\/magazine\/wp-content\/gallery\/anteprime-2026-carthago\/48-C2-tourer-I-147-RB-LE-L-5.jpg\"\n               title=\"\"\n               data-src=\"https:\/\/www.camperonline.it\/magazine\/wp-content\/gallery\/anteprime-2026-carthago\/48-C2-tourer-I-147-RB-LE-L-5.jpg\"\n               data-thumbnail=\"https:\/\/www.camperonline.it\/magazine\/wp-content\/gallery\/anteprime-2026-carthago\/thumbs\/thumbs_48-C2-tourer-I-147-RB-LE-L-5.jpg\"\n               data-image-id=\"138823\"\n               data-title=\"48-C2-tourer-I-147-RB-LE-L-5\"\n               data-description=\"\"\n               data-image-slug=\"48-c2-tourer-i-147-rb-le-l-5\"\n               class=\"ngg-fancybox\" rel=\"9b57dbfb98573f106fd45a9f86060297\">\n                <img\n                    title=\"48-C2-tourer-I-147-RB-LE-L-5\"\n                    alt=\"48-C2-tourer-I-147-RB-LE-L-5\"\n                    src=\"https:\/\/www.camperonline.it\/magazine\/wp-content\/gallery\/anteprime-2026-carthago\/thumbs\/thumbs_48-C2-tourer-I-147-RB-LE-L-5.jpg\"\n                    width=\"240\"\n                    height=\"160\"\n                    style=\"max-width:100%;\"\n                \/>\n            <\/a>\n        <\/div>\n\t\t\t\t\t\t\t<\/div> \n\t\t\t\n\t\t\t\t<div id=\"ngg-image-71\" class=\"ngg-gallery-thumbnail-box ngg-5-columns\" >\n\t\t\t\t        <div class=\"ngg-gallery-thumbnail\">\n            <a href=\"https:\/\/www.camperonline.it\/magazine\/wp-content\/gallery\/anteprime-2026-carthago\/49-C1-tourer-149-Editoin-RB-LE-1.jpg\"\n               title=\"\"\n               data-src=\"https:\/\/www.camperonline.it\/magazine\/wp-content\/gallery\/anteprime-2026-carthago\/49-C1-tourer-149-Editoin-RB-LE-1.jpg\"\n               data-thumbnail=\"https:\/\/www.camperonline.it\/magazine\/wp-content\/gallery\/anteprime-2026-carthago\/thumbs\/thumbs_49-C1-tourer-149-Editoin-RB-LE-1.jpg\"\n               data-image-id=\"138822\"\n               data-title=\"49-C1-tourer-149-Editoin-RB-LE-1\"\n               data-description=\"\"\n               data-image-slug=\"49-c1-tourer-149-editoin-rb-le-1\"\n               class=\"ngg-fancybox\" rel=\"9b57dbfb98573f106fd45a9f86060297\">\n                <img\n                    title=\"49-C1-tourer-149-Editoin-RB-LE-1\"\n                    alt=\"49-C1-tourer-149-Editoin-RB-LE-1\"\n                    src=\"https:\/\/www.camperonline.it\/magazine\/wp-content\/gallery\/anteprime-2026-carthago\/thumbs\/thumbs_49-C1-tourer-149-Editoin-RB-LE-1.jpg\"\n                    width=\"240\"\n                    height=\"160\"\n                    style=\"max-width:100%;\"\n                \/>\n            <\/a>\n        <\/div>\n\t\t\t\t\t\t\t<\/div> \n\t\t\t\n\t\t\t\t<div id=\"ngg-image-72\" class=\"ngg-gallery-thumbnail-box ngg-5-columns\" >\n\t\t\t\t        <div class=\"ngg-gallery-thumbnail\">\n            <a href=\"https:\/\/www.camperonline.it\/magazine\/wp-content\/gallery\/anteprime-2026-carthago\/50-C1-tourer-Edition-149-RB-LE-Comfort-4.jpg\"\n               title=\"\"\n               data-src=\"https:\/\/www.camperonline.it\/magazine\/wp-content\/gallery\/anteprime-2026-carthago\/50-C1-tourer-Edition-149-RB-LE-Comfort-4.jpg\"\n               data-thumbnail=\"https:\/\/www.camperonline.it\/magazine\/wp-content\/gallery\/anteprime-2026-carthago\/thumbs\/thumbs_50-C1-tourer-Edition-149-RB-LE-Comfort-4.jpg\"\n               data-image-id=\"138824\"\n               data-title=\"50-C1-tourer-Edition-149-RB-LE-Comfort-4\"\n               data-description=\"\"\n               data-image-slug=\"50-c1-tourer-edition-149-rb-le-comfort-4\"\n               class=\"ngg-fancybox\" rel=\"9b57dbfb98573f106fd45a9f86060297\">\n                <img\n                    title=\"50-C1-tourer-Edition-149-RB-LE-Comfort-4\"\n                    alt=\"50-C1-tourer-Edition-149-RB-LE-Comfort-4\"\n                    src=\"https:\/\/www.camperonline.it\/magazine\/wp-content\/gallery\/anteprime-2026-carthago\/thumbs\/thumbs_50-C1-tourer-Edition-149-RB-LE-Comfort-4.jpg\"\n                    width=\"240\"\n                    height=\"160\"\n                    style=\"max-width:100%;\"\n                \/>\n            <\/a>\n        <\/div>\n\t\t\t\t\t\t\t<\/div> \n\t\t\t\n\t\t\t\t<div id=\"ngg-image-73\" class=\"ngg-gallery-thumbnail-box ngg-5-columns\" >\n\t\t\t\t        <div class=\"ngg-gallery-thumbnail\">\n            <a href=\"https:\/\/www.camperonline.it\/magazine\/wp-content\/gallery\/anteprime-2026-carthago\/51-C1-tourer-Edition-149-RB-LE-Comfort-6.jpg\"\n               title=\"\"\n               data-src=\"https:\/\/www.camperonline.it\/magazine\/wp-content\/gallery\/anteprime-2026-carthago\/51-C1-tourer-Edition-149-RB-LE-Comfort-6.jpg\"\n               data-thumbnail=\"https:\/\/www.camperonline.it\/magazine\/wp-content\/gallery\/anteprime-2026-carthago\/thumbs\/thumbs_51-C1-tourer-Edition-149-RB-LE-Comfort-6.jpg\"\n               data-image-id=\"138821\"\n               data-title=\"51-C1-tourer-Edition-149-RB-LE-Comfort-6\"\n               data-description=\"\"\n               data-image-slug=\"51-c1-tourer-edition-149-rb-le-comfort-6\"\n               class=\"ngg-fancybox\" rel=\"9b57dbfb98573f106fd45a9f86060297\">\n                <img\n                    title=\"51-C1-tourer-Edition-149-RB-LE-Comfort-6\"\n                    alt=\"51-C1-tourer-Edition-149-RB-LE-Comfort-6\"\n                    src=\"https:\/\/www.camperonline.it\/magazine\/wp-content\/gallery\/anteprime-2026-carthago\/thumbs\/thumbs_51-C1-tourer-Edition-149-RB-LE-Comfort-6.jpg\"\n                    width=\"240\"\n                    height=\"160\"\n                    style=\"max-width:100%;\"\n                \/>\n            <\/a>\n        <\/div>\n\t\t\t\t\t\t\t<\/div> \n\t\t\t\n\t\t\t\t<div id=\"ngg-image-74\" class=\"ngg-gallery-thumbnail-box ngg-5-columns\" >\n\t\t\t\t        <div class=\"ngg-gallery-thumbnail\">\n            <a href=\"https:\/\/www.camperonline.it\/magazine\/wp-content\/gallery\/anteprime-2026-carthago\/51-C1-tourer-Edition-149-RB-LE-Comfort-7.jpg\"\n               title=\"\"\n               data-src=\"https:\/\/www.camperonline.it\/magazine\/wp-content\/gallery\/anteprime-2026-carthago\/51-C1-tourer-Edition-149-RB-LE-Comfort-7.jpg\"\n               data-thumbnail=\"https:\/\/www.camperonline.it\/magazine\/wp-content\/gallery\/anteprime-2026-carthago\/thumbs\/thumbs_51-C1-tourer-Edition-149-RB-LE-Comfort-7.jpg\"\n               data-image-id=\"138825\"\n               data-title=\"51-C1-tourer-Edition-149-RB-LE-Comfort-7\"\n               data-description=\"\"\n               data-image-slug=\"51-c1-tourer-edition-149-rb-le-comfort-7\"\n               class=\"ngg-fancybox\" rel=\"9b57dbfb98573f106fd45a9f86060297\">\n                <img\n                    title=\"51-C1-tourer-Edition-149-RB-LE-Comfort-7\"\n                    alt=\"51-C1-tourer-Edition-149-RB-LE-Comfort-7\"\n                    src=\"https:\/\/www.camperonline.it\/magazine\/wp-content\/gallery\/anteprime-2026-carthago\/thumbs\/thumbs_51-C1-tourer-Edition-149-RB-LE-Comfort-7.jpg\"\n                    width=\"240\"\n                    height=\"160\"\n                    style=\"max-width:100%;\"\n                \/>\n            <\/a>\n        <\/div>\n\t\t\t\t\t\t\t<\/div> \n\t\t\t\n\t\t\t\t<div id=\"ngg-image-75\" class=\"ngg-gallery-thumbnail-box ngg-5-columns\" >\n\t\t\t\t        <div class=\"ngg-gallery-thumbnail\">\n            <a href=\"https:\/\/www.camperonline.it\/magazine\/wp-content\/gallery\/anteprime-2026-carthago\/51-C1-tourer-Edition-149-RB-LE-Comfort-8.jpg\"\n               title=\"\"\n               data-src=\"https:\/\/www.camperonline.it\/magazine\/wp-content\/gallery\/anteprime-2026-carthago\/51-C1-tourer-Edition-149-RB-LE-Comfort-8.jpg\"\n               data-thumbnail=\"https:\/\/www.camperonline.it\/magazine\/wp-content\/gallery\/anteprime-2026-carthago\/thumbs\/thumbs_51-C1-tourer-Edition-149-RB-LE-Comfort-8.jpg\"\n               data-image-id=\"138826\"\n               data-title=\"51-C1-tourer-Edition-149-RB-LE-Comfort-8\"\n               data-description=\"\"\n               data-image-slug=\"51-c1-tourer-edition-149-rb-le-comfort-8\"\n               class=\"ngg-fancybox\" rel=\"9b57dbfb98573f106fd45a9f86060297\">\n                <img\n                    title=\"51-C1-tourer-Edition-149-RB-LE-Comfort-8\"\n                    alt=\"51-C1-tourer-Edition-149-RB-LE-Comfort-8\"\n                    src=\"https:\/\/www.camperonline.it\/magazine\/wp-content\/gallery\/anteprime-2026-carthago\/thumbs\/thumbs_51-C1-tourer-Edition-149-RB-LE-Comfort-8.jpg\"\n                    width=\"240\"\n                    height=\"160\"\n                    style=\"max-width:100%;\"\n                \/>\n            <\/a>\n        <\/div>\n\t\t\t\t\t\t\t<\/div> \n\t\t\t\n\t\t\t\t<div id=\"ngg-image-76\" class=\"ngg-gallery-thumbnail-box ngg-5-columns\" >\n\t\t\t\t        <div class=\"ngg-gallery-thumbnail\">\n            <a href=\"https:\/\/www.camperonline.it\/magazine\/wp-content\/gallery\/anteprime-2026-carthago\/52-C1-Tourer-T-148-RB-QB-K-est-1.jpg\"\n               title=\"\"\n               data-src=\"https:\/\/www.camperonline.it\/magazine\/wp-content\/gallery\/anteprime-2026-carthago\/52-C1-Tourer-T-148-RB-QB-K-est-1.jpg\"\n               data-thumbnail=\"https:\/\/www.camperonline.it\/magazine\/wp-content\/gallery\/anteprime-2026-carthago\/thumbs\/thumbs_52-C1-Tourer-T-148-RB-QB-K-est-1.jpg\"\n               data-image-id=\"138829\"\n               data-title=\"52-C1-Tourer-T-148-RB-QB-K-est-1\"\n               data-description=\"\"\n               data-image-slug=\"52-c1-tourer-t-148-rb-qb-k-est-1\"\n               class=\"ngg-fancybox\" rel=\"9b57dbfb98573f106fd45a9f86060297\">\n                <img\n                    title=\"52-C1-Tourer-T-148-RB-QB-K-est-1\"\n                    alt=\"52-C1-Tourer-T-148-RB-QB-K-est-1\"\n                    src=\"https:\/\/www.camperonline.it\/magazine\/wp-content\/gallery\/anteprime-2026-carthago\/thumbs\/thumbs_52-C1-Tourer-T-148-RB-QB-K-est-1.jpg\"\n                    width=\"240\"\n                    height=\"160\"\n                    style=\"max-width:100%;\"\n                \/>\n            <\/a>\n        <\/div>\n\t\t\t\t\t\t\t<\/div> \n\t\t\t\n\t\t\t\t<div id=\"ngg-image-77\" class=\"ngg-gallery-thumbnail-box ngg-5-columns\" >\n\t\t\t\t        <div class=\"ngg-gallery-thumbnail\">\n            <a href=\"https:\/\/www.camperonline.it\/magazine\/wp-content\/gallery\/anteprime-2026-carthago\/53-C1-tourer-T-148-RB-QB-K-1.jpg\"\n               title=\"\"\n               data-src=\"https:\/\/www.camperonline.it\/magazine\/wp-content\/gallery\/anteprime-2026-carthago\/53-C1-tourer-T-148-RB-QB-K-1.jpg\"\n               data-thumbnail=\"https:\/\/www.camperonline.it\/magazine\/wp-content\/gallery\/anteprime-2026-carthago\/thumbs\/thumbs_53-C1-tourer-T-148-RB-QB-K-1.jpg\"\n               data-image-id=\"138828\"\n               data-title=\"53-C1-tourer-T-148-RB-QB-K-1\"\n               data-description=\"\"\n               data-image-slug=\"53-c1-tourer-t-148-rb-qb-k-1\"\n               class=\"ngg-fancybox\" rel=\"9b57dbfb98573f106fd45a9f86060297\">\n                <img\n                    title=\"53-C1-tourer-T-148-RB-QB-K-1\"\n                    alt=\"53-C1-tourer-T-148-RB-QB-K-1\"\n                    src=\"https:\/\/www.camperonline.it\/magazine\/wp-content\/gallery\/anteprime-2026-carthago\/thumbs\/thumbs_53-C1-tourer-T-148-RB-QB-K-1.jpg\"\n                    width=\"240\"\n                    height=\"160\"\n                    style=\"max-width:100%;\"\n                \/>\n            <\/a>\n        <\/div>\n\t\t\t\t\t\t\t<\/div> \n\t\t\t\n\t\t\t\t<div id=\"ngg-image-78\" class=\"ngg-gallery-thumbnail-box ngg-5-columns\" >\n\t\t\t\t        <div class=\"ngg-gallery-thumbnail\">\n            <a href=\"https:\/\/www.camperonline.it\/magazine\/wp-content\/gallery\/anteprime-2026-carthago\/54-C1-tourer-T-148-RB-QB-K-8.jpg\"\n               title=\"\"\n               data-src=\"https:\/\/www.camperonline.it\/magazine\/wp-content\/gallery\/anteprime-2026-carthago\/54-C1-tourer-T-148-RB-QB-K-8.jpg\"\n               data-thumbnail=\"https:\/\/www.camperonline.it\/magazine\/wp-content\/gallery\/anteprime-2026-carthago\/thumbs\/thumbs_54-C1-tourer-T-148-RB-QB-K-8.jpg\"\n               data-image-id=\"138830\"\n               data-title=\"54-C1-tourer-T-148-RB-QB-K-8\"\n               data-description=\"\"\n               data-image-slug=\"54-c1-tourer-t-148-rb-qb-k-8\"\n               class=\"ngg-fancybox\" rel=\"9b57dbfb98573f106fd45a9f86060297\">\n                <img\n                    title=\"54-C1-tourer-T-148-RB-QB-K-8\"\n                    alt=\"54-C1-tourer-T-148-RB-QB-K-8\"\n                    src=\"https:\/\/www.camperonline.it\/magazine\/wp-content\/gallery\/anteprime-2026-carthago\/thumbs\/thumbs_54-C1-tourer-T-148-RB-QB-K-8.jpg\"\n                    width=\"240\"\n                    height=\"160\"\n                    style=\"max-width:100%;\"\n                \/>\n            <\/a>\n        <\/div>\n\t\t\t\t\t\t\t<\/div> \n\t\t\t\n\t\t\t\t<div id=\"ngg-image-79\" class=\"ngg-gallery-thumbnail-box ngg-5-columns\" >\n\t\t\t\t        <div class=\"ngg-gallery-thumbnail\">\n            <a href=\"https:\/\/www.camperonline.it\/magazine\/wp-content\/gallery\/anteprime-2026-carthago\/55-C1-tourer-T-148-RB-QB-K-9.jpg\"\n               title=\"\"\n               data-src=\"https:\/\/www.camperonline.it\/magazine\/wp-content\/gallery\/anteprime-2026-carthago\/55-C1-tourer-T-148-RB-QB-K-9.jpg\"\n               data-thumbnail=\"https:\/\/www.camperonline.it\/magazine\/wp-content\/gallery\/anteprime-2026-carthago\/thumbs\/thumbs_55-C1-tourer-T-148-RB-QB-K-9.jpg\"\n               data-image-id=\"138827\"\n               data-title=\"55-C1-tourer-T-148-RB-QB-K-9\"\n               data-description=\"\"\n               data-image-slug=\"55-c1-tourer-t-148-rb-qb-k-9\"\n               class=\"ngg-fancybox\" rel=\"9b57dbfb98573f106fd45a9f86060297\">\n                <img\n                    title=\"55-C1-tourer-T-148-RB-QB-K-9\"\n                    alt=\"55-C1-tourer-T-148-RB-QB-K-9\"\n                    src=\"https:\/\/www.camperonline.it\/magazine\/wp-content\/gallery\/anteprime-2026-carthago\/thumbs\/thumbs_55-C1-tourer-T-148-RB-QB-K-9.jpg\"\n                    width=\"240\"\n                    height=\"160\"\n                    style=\"max-width:100%;\"\n                \/>\n            <\/a>\n        <\/div>\n\t\t\t\t\t\t\t<\/div> \n\t\t\t\n\t\t\t\t<div id=\"ngg-image-80\" class=\"ngg-gallery-thumbnail-box ngg-5-columns\" >\n\t\t\t\t        <div class=\"ngg-gallery-thumbnail\">\n            <a href=\"https:\/\/www.camperonline.it\/magazine\/wp-content\/gallery\/anteprime-2026-carthago\/56-C1-tourer-T-148-RB-QB-K-7.jpg\"\n               title=\"\"\n               data-src=\"https:\/\/www.camperonline.it\/magazine\/wp-content\/gallery\/anteprime-2026-carthago\/56-C1-tourer-T-148-RB-QB-K-7.jpg\"\n               data-thumbnail=\"https:\/\/www.camperonline.it\/magazine\/wp-content\/gallery\/anteprime-2026-carthago\/thumbs\/thumbs_56-C1-tourer-T-148-RB-QB-K-7.jpg\"\n               data-image-id=\"138832\"\n               data-title=\"56-C1-tourer-T-148-RB-QB-K-7\"\n               data-description=\"\"\n               data-image-slug=\"56-c1-tourer-t-148-rb-qb-k-7\"\n               class=\"ngg-fancybox\" rel=\"9b57dbfb98573f106fd45a9f86060297\">\n                <img\n                    title=\"56-C1-tourer-T-148-RB-QB-K-7\"\n                    alt=\"56-C1-tourer-T-148-RB-QB-K-7\"\n                    src=\"https:\/\/www.camperonline.it\/magazine\/wp-content\/gallery\/anteprime-2026-carthago\/thumbs\/thumbs_56-C1-tourer-T-148-RB-QB-K-7.jpg\"\n                    width=\"240\"\n                    height=\"160\"\n                    style=\"max-width:100%;\"\n                \/>\n            <\/a>\n        <\/div>\n\t\t\t\t\t\t\t<\/div> \n\t\t\t\n\t\t\t\t<div id=\"ngg-image-81\" class=\"ngg-gallery-thumbnail-box ngg-5-columns\" >\n\t\t\t\t        <div class=\"ngg-gallery-thumbnail\">\n            <a href=\"https:\/\/www.camperonline.it\/magazine\/wp-content\/gallery\/anteprime-2026-carthago\/57-C1-tourer-T-148-RB-QB-K-6.jpg\"\n               title=\"\"\n               data-src=\"https:\/\/www.camperonline.it\/magazine\/wp-content\/gallery\/anteprime-2026-carthago\/57-C1-tourer-T-148-RB-QB-K-6.jpg\"\n               data-thumbnail=\"https:\/\/www.camperonline.it\/magazine\/wp-content\/gallery\/anteprime-2026-carthago\/thumbs\/thumbs_57-C1-tourer-T-148-RB-QB-K-6.jpg\"\n               data-image-id=\"138833\"\n               data-title=\"57-C1-tourer-T-148-RB-QB-K-6\"\n               data-description=\"\"\n               data-image-slug=\"57-c1-tourer-t-148-rb-qb-k-6\"\n               class=\"ngg-fancybox\" rel=\"9b57dbfb98573f106fd45a9f86060297\">\n                <img\n                    title=\"57-C1-tourer-T-148-RB-QB-K-6\"\n                    alt=\"57-C1-tourer-T-148-RB-QB-K-6\"\n                    src=\"https:\/\/www.camperonline.it\/magazine\/wp-content\/gallery\/anteprime-2026-carthago\/thumbs\/thumbs_57-C1-tourer-T-148-RB-QB-K-6.jpg\"\n                    width=\"240\"\n                    height=\"160\"\n                    style=\"max-width:100%;\"\n                \/>\n            <\/a>\n        <\/div>\n\t\t\t\t\t\t\t<\/div> \n\t\t\t\n\t\t\t\t<div id=\"ngg-image-82\" class=\"ngg-gallery-thumbnail-box ngg-5-columns\" >\n\t\t\t\t        <div class=\"ngg-gallery-thumbnail\">\n            <a href=\"https:\/\/www.camperonline.it\/magazine\/wp-content\/gallery\/anteprime-2026-carthago\/58-C1-tourer-T-148-RB-QB-K-5.jpg\"\n               title=\"\"\n               data-src=\"https:\/\/www.camperonline.it\/magazine\/wp-content\/gallery\/anteprime-2026-carthago\/58-C1-tourer-T-148-RB-QB-K-5.jpg\"\n               data-thumbnail=\"https:\/\/www.camperonline.it\/magazine\/wp-content\/gallery\/anteprime-2026-carthago\/thumbs\/thumbs_58-C1-tourer-T-148-RB-QB-K-5.jpg\"\n               data-image-id=\"138831\"\n               data-title=\"58-C1-tourer-T-148-RB-QB-K-5\"\n               data-description=\"\"\n               data-image-slug=\"58-c1-tourer-t-148-rb-qb-k-5\"\n               class=\"ngg-fancybox\" rel=\"9b57dbfb98573f106fd45a9f86060297\">\n                <img\n                    title=\"58-C1-tourer-T-148-RB-QB-K-5\"\n                    alt=\"58-C1-tourer-T-148-RB-QB-K-5\"\n                    src=\"https:\/\/www.camperonline.it\/magazine\/wp-content\/gallery\/anteprime-2026-carthago\/thumbs\/thumbs_58-C1-tourer-T-148-RB-QB-K-5.jpg\"\n                    width=\"240\"\n                    height=\"160\"\n                    style=\"max-width:100%;\"\n                \/>\n            <\/a>\n        <\/div>\n\t\t\t\t\t\t\t<\/div> \n\t\t\t\n\t\n\t<br style=\"clear: both\" \/>\n\n\t\t<div class=\"slideshowlink\">\n        <a href='https:\/\/www.camperonline.it\/magazine\/2025\/08\/15\/anteprime-e-novita-2026-carthago\/nggallery\/slideshow'>[Mostra slideshow]<\/a>\n\t\t\n\t<\/div>\n\t\n\t\t<!-- Pagination -->\n\t<div class='ngg-clear'><\/div>\t<\/div>\n\n<p>&nbsp;<\/p>\n","protected":false},"excerpt":{"rendered":"<p>Riuscito restyling per gli Chic C-line e altri modelli di alta gamma, ma arrivano anche i motorhome C2-tourer su base Fiat Ducato<\/p>\n","protected":false},"author":23,"featured_media":355569,"comment_status":"closed","ping_status":"open","sticky":false,"template":"","format":"standard","meta":{"ngg_post_thumbnail":0},"categories":[217,7488,376,7,5518],"tags":[7446,7483,4700,2843,7405,6411,7501],"yoast_head":"<!-- This site is optimized with the Yoast SEO plugin v18.6 - https:\/\/yoast.com\/wordpress\/plugins\/seo\/ -->\n<title>Anteprime e Novit\u00e0 2026: Carthago - CamperOnLine Magazine<\/title>\n<meta name=\"description\" content=\"Riuscito restyling per gli Chic C-line e altri modelli di alta gamma, ma arrivano anche i motorhome C2-tourer su base Fiat Ducato La stagione 2026 di\" \/>\n<meta name=\"robots\" content=\"index, follow, max-snippet:-1, max-image-preview:large, max-video-preview:-1\" \/>\n<link rel=\"canonical\" href=\"https:\/\/www.camperonline.it\/magazine\/2025\/08\/15\/anteprime-e-novita-2026-carthago\/\" \/>\n<meta property=\"og:locale\" content=\"it_IT\" \/>\n<meta property=\"og:type\" content=\"article\" \/>\n<meta property=\"og:title\" content=\"Anteprime e Novit\u00e0 2026: Carthago - CamperOnLine Magazine\" \/>\n<meta property=\"og:description\" content=\"Riuscito restyling per gli Chic C-line e altri modelli di alta gamma, ma arrivano anche i motorhome C2-tourer su base Fiat Ducato La stagione 2026 di\" \/>\n<meta property=\"og:url\" content=\"https:\/\/www.camperonline.it\/magazine\/2025\/08\/15\/anteprime-e-novita-2026-carthago\/\" \/>\n<meta property=\"og:site_name\" content=\"CamperOnLine Magazine\" \/>\n<meta property=\"article:published_time\" content=\"2025-08-15T16:01:47+00:00\" \/>\n<meta property=\"article:modified_time\" content=\"2025-07-28T14:16:08+00:00\" \/>\n<meta property=\"og:image\" content=\"https:\/\/www.camperonline.it\/magazine\/wp-content\/uploads\/2025\/07\/COVER-ANTE-SCRITTE-2026_carthago.jpg\" \/>\n\t<meta property=\"og:image:width\" content=\"630\" \/>\n\t<meta property=\"og:image:height\" content=\"355\" \/>\n\t<meta property=\"og:image:type\" content=\"image\/jpeg\" \/>\n<meta name=\"twitter:card\" content=\"summary_large_image\" \/>\n<script type=\"application\/ld+json\" class=\"yoast-schema-graph\">{\"@context\":\"https:\/\/schema.org\",\"@graph\":[{\"@type\":\"WebSite\",\"@id\":\"https:\/\/www.camperonline.it\/magazine\/#website\",\"url\":\"https:\/\/www.camperonline.it\/magazine\/\",\"name\":\"CamperOnLine Magazine\",\"description\":\"Viaggi in camper, test, video, destinazioni, vacanze\",\"potentialAction\":[{\"@type\":\"SearchAction\",\"target\":{\"@type\":\"EntryPoint\",\"urlTemplate\":\"https:\/\/www.camperonline.it\/magazine\/?s={search_term_string}\"},\"query-input\":\"required name=search_term_string\"}],\"inLanguage\":\"it-IT\"},{\"@type\":\"ImageObject\",\"@id\":\"https:\/\/www.camperonline.it\/magazine\/2025\/08\/15\/anteprime-e-novita-2026-carthago\/#primaryimage\",\"inLanguage\":\"it-IT\",\"url\":\"https:\/\/www.camperonline.it\/magazine\/wp-content\/uploads\/2025\/07\/COVER-ANTE-SCRITTE-2026_carthago.jpg\",\"contentUrl\":\"https:\/\/www.camperonline.it\/magazine\/wp-content\/uploads\/2025\/07\/COVER-ANTE-SCRITTE-2026_carthago.jpg\",\"width\":630,\"height\":355},{\"@type\":\"WebPage\",\"@id\":\"https:\/\/www.camperonline.it\/magazine\/2025\/08\/15\/anteprime-e-novita-2026-carthago\/#webpage\",\"url\":\"https:\/\/www.camperonline.it\/magazine\/2025\/08\/15\/anteprime-e-novita-2026-carthago\/\",\"name\":\"Anteprime e Novit\u00e0 2026: Carthago - CamperOnLine Magazine\",\"isPartOf\":{\"@id\":\"https:\/\/www.camperonline.it\/magazine\/#website\"},\"primaryImageOfPage\":{\"@id\":\"https:\/\/www.camperonline.it\/magazine\/2025\/08\/15\/anteprime-e-novita-2026-carthago\/#primaryimage\"},\"datePublished\":\"2025-08-15T16:01:47+00:00\",\"dateModified\":\"2025-07-28T14:16:08+00:00\",\"author\":{\"@id\":\"https:\/\/www.camperonline.it\/magazine\/#\/schema\/person\/cc776d866d3248597db92e2aa8bfc3f3\"},\"description\":\"Riuscito restyling per gli Chic C-line e altri modelli di alta gamma, ma arrivano anche i motorhome C2-tourer su base Fiat Ducato La stagione 2026 di\",\"breadcrumb\":{\"@id\":\"https:\/\/www.camperonline.it\/magazine\/2025\/08\/15\/anteprime-e-novita-2026-carthago\/#breadcrumb\"},\"inLanguage\":\"it-IT\",\"potentialAction\":[{\"@type\":\"ReadAction\",\"target\":[\"https:\/\/www.camperonline.it\/magazine\/2025\/08\/15\/anteprime-e-novita-2026-carthago\/\"]}]},{\"@type\":\"BreadcrumbList\",\"@id\":\"https:\/\/www.camperonline.it\/magazine\/2025\/08\/15\/anteprime-e-novita-2026-carthago\/#breadcrumb\",\"itemListElement\":[{\"@type\":\"ListItem\",\"position\":1,\"name\":\"Home\",\"item\":\"https:\/\/www.camperonline.it\/magazine\/\"},{\"@type\":\"ListItem\",\"position\":2,\"name\":\"Anteprime e Novit\u00e0 2026: Carthago\"}]},{\"@type\":\"Person\",\"@id\":\"https:\/\/www.camperonline.it\/magazine\/#\/schema\/person\/cc776d866d3248597db92e2aa8bfc3f3\",\"name\":\"Renato Antonini\",\"url\":\"https:\/\/www.camperonline.it\/magazine\/author\/renato\/\"}]}<\/script>\n<!-- \/ Yoast SEO plugin. -->","yoast_head_json":{"title":"Anteprime e Novit\u00e0 2026: Carthago - CamperOnLine Magazine","description":"Riuscito restyling per gli Chic C-line e altri modelli di alta gamma, ma arrivano anche i motorhome C2-tourer su base Fiat Ducato La stagione 2026 di","robots":{"index":"index","follow":"follow","max-snippet":"max-snippet:-1","max-image-preview":"max-image-preview:large","max-video-preview":"max-video-preview:-1"},"canonical":"https:\/\/www.camperonline.it\/magazine\/2025\/08\/15\/anteprime-e-novita-2026-carthago\/","og_locale":"it_IT","og_type":"article","og_title":"Anteprime e Novit\u00e0 2026: Carthago - CamperOnLine Magazine","og_description":"Riuscito restyling per gli Chic C-line e altri modelli di alta gamma, ma arrivano anche i motorhome C2-tourer su base Fiat Ducato La stagione 2026 di","og_url":"https:\/\/www.camperonline.it\/magazine\/2025\/08\/15\/anteprime-e-novita-2026-carthago\/","og_site_name":"CamperOnLine Magazine","article_published_time":"2025-08-15T16:01:47+00:00","article_modified_time":"2025-07-28T14:16:08+00:00","og_image":[{"width":630,"height":355,"url":"https:\/\/www.camperonline.it\/magazine\/wp-content\/uploads\/2025\/07\/COVER-ANTE-SCRITTE-2026_carthago.jpg","type":"image\/jpeg"}],"twitter_card":"summary_large_image","schema":{"@context":"https:\/\/schema.org","@graph":[{"@type":"WebSite","@id":"https:\/\/www.camperonline.it\/magazine\/#website","url":"https:\/\/www.camperonline.it\/magazine\/","name":"CamperOnLine Magazine","description":"Viaggi in camper, test, video, destinazioni, vacanze","potentialAction":[{"@type":"SearchAction","target":{"@type":"EntryPoint","urlTemplate":"https:\/\/www.camperonline.it\/magazine\/?s={search_term_string}"},"query-input":"required name=search_term_string"}],"inLanguage":"it-IT"},{"@type":"ImageObject","@id":"https:\/\/www.camperonline.it\/magazine\/2025\/08\/15\/anteprime-e-novita-2026-carthago\/#primaryimage","inLanguage":"it-IT","url":"https:\/\/www.camperonline.it\/magazine\/wp-content\/uploads\/2025\/07\/COVER-ANTE-SCRITTE-2026_carthago.jpg","contentUrl":"https:\/\/www.camperonline.it\/magazine\/wp-content\/uploads\/2025\/07\/COVER-ANTE-SCRITTE-2026_carthago.jpg","width":630,"height":355},{"@type":"WebPage","@id":"https:\/\/www.camperonline.it\/magazine\/2025\/08\/15\/anteprime-e-novita-2026-carthago\/#webpage","url":"https:\/\/www.camperonline.it\/magazine\/2025\/08\/15\/anteprime-e-novita-2026-carthago\/","name":"Anteprime e Novit\u00e0 2026: Carthago - CamperOnLine Magazine","isPartOf":{"@id":"https:\/\/www.camperonline.it\/magazine\/#website"},"primaryImageOfPage":{"@id":"https:\/\/www.camperonline.it\/magazine\/2025\/08\/15\/anteprime-e-novita-2026-carthago\/#primaryimage"},"datePublished":"2025-08-15T16:01:47+00:00","dateModified":"2025-07-28T14:16:08+00:00","author":{"@id":"https:\/\/www.camperonline.it\/magazine\/#\/schema\/person\/cc776d866d3248597db92e2aa8bfc3f3"},"description":"Riuscito restyling per gli Chic C-line e altri modelli di alta gamma, ma arrivano anche i motorhome C2-tourer su base Fiat Ducato La stagione 2026 di","breadcrumb":{"@id":"https:\/\/www.camperonline.it\/magazine\/2025\/08\/15\/anteprime-e-novita-2026-carthago\/#breadcrumb"},"inLanguage":"it-IT","potentialAction":[{"@type":"ReadAction","target":["https:\/\/www.camperonline.it\/magazine\/2025\/08\/15\/anteprime-e-novita-2026-carthago\/"]}]},{"@type":"BreadcrumbList","@id":"https:\/\/www.camperonline.it\/magazine\/2025\/08\/15\/anteprime-e-novita-2026-carthago\/#breadcrumb","itemListElement":[{"@type":"ListItem","position":1,"name":"Home","item":"https:\/\/www.camperonline.it\/magazine\/"},{"@type":"ListItem","position":2,"name":"Anteprime e Novit\u00e0 2026: Carthago"}]},{"@type":"Person","@id":"https:\/\/www.camperonline.it\/magazine\/#\/schema\/person\/cc776d866d3248597db92e2aa8bfc3f3","name":"Renato Antonini","url":"https:\/\/www.camperonline.it\/magazine\/author\/renato\/"}]}},"_links":{"self":[{"href":"https:\/\/www.camperonline.it\/magazine\/wp-json\/wp\/v2\/posts\/355568"}],"collection":[{"href":"https:\/\/www.camperonline.it\/magazine\/wp-json\/wp\/v2\/posts"}],"about":[{"href":"https:\/\/www.camperonline.it\/magazine\/wp-json\/wp\/v2\/types\/post"}],"author":[{"embeddable":true,"href":"https:\/\/www.camperonline.it\/magazine\/wp-json\/wp\/v2\/users\/23"}],"replies":[{"embeddable":true,"href":"https:\/\/www.camperonline.it\/magazine\/wp-json\/wp\/v2\/comments?post=355568"}],"version-history":[{"count":8,"href":"https:\/\/www.camperonline.it\/magazine\/wp-json\/wp\/v2\/posts\/355568\/revisions"}],"predecessor-version":[{"id":356389,"href":"https:\/\/www.camperonline.it\/magazine\/wp-json\/wp\/v2\/posts\/355568\/revisions\/356389"}],"wp:featuredmedia":[{"embeddable":true,"href":"https:\/\/www.camperonline.it\/magazine\/wp-json\/wp\/v2\/media\/355569"}],"wp:attachment":[{"href":"https:\/\/www.camperonline.it\/magazine\/wp-json\/wp\/v2\/media?parent=355568"}],"wp:term":[{"taxonomy":"category","embeddable":true,"href":"https:\/\/www.camperonline.it\/magazine\/wp-json\/wp\/v2\/categories?post=355568"},{"taxonomy":"post_tag","embeddable":true,"href":"https:\/\/www.camperonline.it\/magazine\/wp-json\/wp\/v2\/tags?post=355568"}],"curies":[{"name":"wp","href":"https:\/\/api.w.org\/{rel}","templated":true}]}}