{"id":358940,"date":"2026-01-07T18:05:40","date_gmt":"2026-01-07T17:05:40","guid":{"rendered":"https:\/\/www.camperonline.it\/magazine\/?p=358940"},"modified":"2025-12-29T13:56:48","modified_gmt":"2025-12-29T12:56:48","slug":"358940","status":"publish","type":"post","link":"https:\/\/www.camperonline.it\/magazine\/2026\/01\/07\/358940\/","title":{"rendered":"H\u00e9ritage 7.9 GJL: lusso, spazio e qualit\u00e0 Le Voyageur in 100 secondi"},"content":{"rendered":"<h2>Si chiama H\u00e9ritage 7.9 GJL il motorhome di casa Le Voyageur che segna l\u2019arrivo della tipologia di soggiorno con semidinette a \u201cL\u201d all\u2019interno della collezione allestita su base Mercedes-Benz Sprinter. Lunghezza importante, che raggiunge i 791 cm, e presenza sia del telaio AL-KO, sia di un doppio pavimento passante. Al suo interno sviluppa una soluzione abitativa con letti gemelli in coda, dove ogni singolo ambiente \u00e8 stato progettato per donare il massimo comfort di bordo ai suoi occupanti. Non mancano naturalmente importanti possibilit\u00e0 di stivaggio. Di livello elevato l\u2019impiantistica di bordo adottata, come anche la cura e la qualit\u00e0 costruttive<\/h2>\n<h2 style=\"text-align: center;\"><a href=\"https:\/\/youtu.be\/AVVxdKRE7Go\">Clicca qui per il video completo<\/a><\/h2>\n<p><a href=\"https:\/\/youtu.be\/AVVxdKRE7Go\"><img loading=\"lazy\" class=\"aligncenter size-full wp-image-358941\" src=\"https:\/\/www.camperonline.it\/magazine\/wp-content\/uploads\/2025\/12\/COVER-100-SECONDI-LE-VOYAGEUR-7-9-GJL-YT-scaled.jpg\" alt=\"\" width=\"2560\" height=\"1440\" srcset=\"https:\/\/www.camperonline.it\/magazine\/wp-content\/uploads\/2025\/12\/COVER-100-SECONDI-LE-VOYAGEUR-7-9-GJL-YT-scaled.jpg 2560w, https:\/\/www.camperonline.it\/magazine\/wp-content\/uploads\/2025\/12\/COVER-100-SECONDI-LE-VOYAGEUR-7-9-GJL-YT-300x169.jpg 300w, https:\/\/www.camperonline.it\/magazine\/wp-content\/uploads\/2025\/12\/COVER-100-SECONDI-LE-VOYAGEUR-7-9-GJL-YT-1024x576.jpg 1024w, https:\/\/www.camperonline.it\/magazine\/wp-content\/uploads\/2025\/12\/COVER-100-SECONDI-LE-VOYAGEUR-7-9-GJL-YT-768x432.jpg 768w, https:\/\/www.camperonline.it\/magazine\/wp-content\/uploads\/2025\/12\/COVER-100-SECONDI-LE-VOYAGEUR-7-9-GJL-YT-1536x864.jpg 1536w, https:\/\/www.camperonline.it\/magazine\/wp-content\/uploads\/2025\/12\/COVER-100-SECONDI-LE-VOYAGEUR-7-9-GJL-YT-2048x1152.jpg 2048w\" sizes=\"(max-width: 2560px) 100vw, 2560px\" \/><\/a><\/p>\n","protected":false},"excerpt":{"rendered":"<p>Si chiama H\u00e9ritage 7.9 GJL il motorhome di casa Le Voyageur che segna l\u2019arrivo della tipologia di soggiorno con semidinette a \u201cL\u201d all\u2019interno della collezione allestita su base Mercedes-Benz Sprinter. Lunghezza importante, che raggiunge i 791 cm, e presenza sia del telaio AL-KO, sia di un doppio pavimento passante. Al suo interno sviluppa una soluzione abitativa con letti gemelli in coda, dove ogni singolo ambiente \u00e8 stato progettato per donare il massimo comfort di bordo ai suoi occupanti. Non mancano naturalmente importanti possibilit\u00e0 di stivaggio. Di livello elevato l\u2019impiantistica di bordo adottata, come anche la cura e la qualit\u00e0 costruttive Clicca qui per il video completo<\/p>\n","protected":false},"author":22,"featured_media":358941,"comment_status":"closed","ping_status":"open","sticky":false,"template":"","format":"standard","meta":{"ngg_post_thumbnail":0},"categories":[3073,3110,589,5518],"tags":[1134,1325,6478,4296,4734,4661,3113],"yoast_head":"<!-- This site is optimized with the Yoast SEO plugin v18.6 - https:\/\/yoast.com\/wordpress\/plugins\/seo\/ -->\n<title>H\u00e9ritage 7.9 GJL: lusso, spazio e qualit\u00e0 Le Voyageur in 100 secondi - CamperOnLine Magazine<\/title>\n<meta name=\"description\" content=\"Si chiama H\u00e9ritage 7.9 GJL il motorhome di casa Le Voyageur che segna l\u2019arrivo della tipologia di soggiorno con semidinette a \u201cL\u201d all\u2019interno della\" \/>\n<meta name=\"robots\" content=\"index, follow, max-snippet:-1, max-image-preview:large, max-video-preview:-1\" \/>\n<link rel=\"canonical\" href=\"https:\/\/www.camperonline.it\/magazine\/2026\/01\/07\/358940\/\" \/>\n<meta property=\"og:locale\" content=\"it_IT\" \/>\n<meta property=\"og:type\" content=\"article\" \/>\n<meta property=\"og:title\" content=\"H\u00e9ritage 7.9 GJL: lusso, spazio e qualit\u00e0 Le Voyageur in 100 secondi - CamperOnLine Magazine\" \/>\n<meta property=\"og:description\" content=\"Si chiama H\u00e9ritage 7.9 GJL il motorhome di casa Le Voyageur che segna l\u2019arrivo della tipologia di soggiorno con semidinette a \u201cL\u201d all\u2019interno della\" \/>\n<meta property=\"og:url\" content=\"https:\/\/www.camperonline.it\/magazine\/2026\/01\/07\/358940\/\" \/>\n<meta property=\"og:site_name\" content=\"CamperOnLine Magazine\" \/>\n<meta property=\"article:published_time\" content=\"2026-01-07T17:05:40+00:00\" \/>\n<meta property=\"article:modified_time\" content=\"2025-12-29T12:56:48+00:00\" \/>\n<meta property=\"og:image\" content=\"https:\/\/www.camperonline.it\/magazine\/wp-content\/uploads\/2025\/12\/COVER-100-SECONDI-LE-VOYAGEUR-7-9-GJL-YT-scaled.jpg\" \/>\n\t<meta property=\"og:image:width\" content=\"2560\" \/>\n\t<meta property=\"og:image:height\" content=\"1440\" \/>\n\t<meta property=\"og:image:type\" content=\"image\/jpeg\" \/>\n<meta name=\"twitter:card\" content=\"summary_large_image\" \/>\n<script type=\"application\/ld+json\" class=\"yoast-schema-graph\">{\"@context\":\"https:\/\/schema.org\",\"@graph\":[{\"@type\":\"WebSite\",\"@id\":\"https:\/\/www.camperonline.it\/magazine\/#website\",\"url\":\"https:\/\/www.camperonline.it\/magazine\/\",\"name\":\"CamperOnLine Magazine\",\"description\":\"Viaggi in camper, test, video, destinazioni, vacanze\",\"potentialAction\":[{\"@type\":\"SearchAction\",\"target\":{\"@type\":\"EntryPoint\",\"urlTemplate\":\"https:\/\/www.camperonline.it\/magazine\/?s={search_term_string}\"},\"query-input\":\"required name=search_term_string\"}],\"inLanguage\":\"it-IT\"},{\"@type\":\"ImageObject\",\"@id\":\"https:\/\/www.camperonline.it\/magazine\/2026\/01\/07\/358940\/#primaryimage\",\"inLanguage\":\"it-IT\",\"url\":\"https:\/\/www.camperonline.it\/magazine\/wp-content\/uploads\/2025\/12\/COVER-100-SECONDI-LE-VOYAGEUR-7-9-GJL-YT-scaled.jpg\",\"contentUrl\":\"https:\/\/www.camperonline.it\/magazine\/wp-content\/uploads\/2025\/12\/COVER-100-SECONDI-LE-VOYAGEUR-7-9-GJL-YT-scaled.jpg\",\"width\":2560,\"height\":1440},{\"@type\":\"WebPage\",\"@id\":\"https:\/\/www.camperonline.it\/magazine\/2026\/01\/07\/358940\/#webpage\",\"url\":\"https:\/\/www.camperonline.it\/magazine\/2026\/01\/07\/358940\/\",\"name\":\"H\u00e9ritage 7.9 GJL: lusso, spazio e qualit\u00e0 Le Voyageur in 100 secondi - CamperOnLine Magazine\",\"isPartOf\":{\"@id\":\"https:\/\/www.camperonline.it\/magazine\/#website\"},\"primaryImageOfPage\":{\"@id\":\"https:\/\/www.camperonline.it\/magazine\/2026\/01\/07\/358940\/#primaryimage\"},\"datePublished\":\"2026-01-07T17:05:40+00:00\",\"dateModified\":\"2025-12-29T12:56:48+00:00\",\"author\":{\"@id\":\"https:\/\/www.camperonline.it\/magazine\/#\/schema\/person\/6169aaf540a840c8792701ff968ffe8d\"},\"description\":\"Si chiama H\u00e9ritage 7.9 GJL il motorhome di casa Le Voyageur che segna l\u2019arrivo della tipologia di soggiorno con semidinette a \u201cL\u201d all\u2019interno della\",\"breadcrumb\":{\"@id\":\"https:\/\/www.camperonline.it\/magazine\/2026\/01\/07\/358940\/#breadcrumb\"},\"inLanguage\":\"it-IT\",\"potentialAction\":[{\"@type\":\"ReadAction\",\"target\":[\"https:\/\/www.camperonline.it\/magazine\/2026\/01\/07\/358940\/\"]}]},{\"@type\":\"BreadcrumbList\",\"@id\":\"https:\/\/www.camperonline.it\/magazine\/2026\/01\/07\/358940\/#breadcrumb\",\"itemListElement\":[{\"@type\":\"ListItem\",\"position\":1,\"name\":\"Home\",\"item\":\"https:\/\/www.camperonline.it\/magazine\/\"},{\"@type\":\"ListItem\",\"position\":2,\"name\":\"H\u00e9ritage 7.9 GJL: lusso, spazio e qualit\u00e0 Le Voyageur in 100 secondi\"}]},{\"@type\":\"Person\",\"@id\":\"https:\/\/www.camperonline.it\/magazine\/#\/schema\/person\/6169aaf540a840c8792701ff968ffe8d\",\"name\":\"Danilo Colombo\",\"url\":\"https:\/\/www.camperonline.it\/magazine\/author\/danilo-colombo\/\"}]}<\/script>\n<!-- \/ Yoast SEO plugin. -->","yoast_head_json":{"title":"H\u00e9ritage 7.9 GJL: lusso, spazio e qualit\u00e0 Le Voyageur in 100 secondi - CamperOnLine Magazine","description":"Si chiama H\u00e9ritage 7.9 GJL il motorhome di casa Le Voyageur che segna l\u2019arrivo della tipologia di soggiorno con semidinette a \u201cL\u201d all\u2019interno della","robots":{"index":"index","follow":"follow","max-snippet":"max-snippet:-1","max-image-preview":"max-image-preview:large","max-video-preview":"max-video-preview:-1"},"canonical":"https:\/\/www.camperonline.it\/magazine\/2026\/01\/07\/358940\/","og_locale":"it_IT","og_type":"article","og_title":"H\u00e9ritage 7.9 GJL: lusso, spazio e qualit\u00e0 Le Voyageur in 100 secondi - CamperOnLine Magazine","og_description":"Si chiama H\u00e9ritage 7.9 GJL il motorhome di casa Le Voyageur che segna l\u2019arrivo della tipologia di soggiorno con semidinette a \u201cL\u201d all\u2019interno della","og_url":"https:\/\/www.camperonline.it\/magazine\/2026\/01\/07\/358940\/","og_site_name":"CamperOnLine Magazine","article_published_time":"2026-01-07T17:05:40+00:00","article_modified_time":"2025-12-29T12:56:48+00:00","og_image":[{"width":2560,"height":1440,"url":"https:\/\/www.camperonline.it\/magazine\/wp-content\/uploads\/2025\/12\/COVER-100-SECONDI-LE-VOYAGEUR-7-9-GJL-YT-scaled.jpg","type":"image\/jpeg"}],"twitter_card":"summary_large_image","schema":{"@context":"https:\/\/schema.org","@graph":[{"@type":"WebSite","@id":"https:\/\/www.camperonline.it\/magazine\/#website","url":"https:\/\/www.camperonline.it\/magazine\/","name":"CamperOnLine Magazine","description":"Viaggi in camper, test, video, destinazioni, vacanze","potentialAction":[{"@type":"SearchAction","target":{"@type":"EntryPoint","urlTemplate":"https:\/\/www.camperonline.it\/magazine\/?s={search_term_string}"},"query-input":"required name=search_term_string"}],"inLanguage":"it-IT"},{"@type":"ImageObject","@id":"https:\/\/www.camperonline.it\/magazine\/2026\/01\/07\/358940\/#primaryimage","inLanguage":"it-IT","url":"https:\/\/www.camperonline.it\/magazine\/wp-content\/uploads\/2025\/12\/COVER-100-SECONDI-LE-VOYAGEUR-7-9-GJL-YT-scaled.jpg","contentUrl":"https:\/\/www.camperonline.it\/magazine\/wp-content\/uploads\/2025\/12\/COVER-100-SECONDI-LE-VOYAGEUR-7-9-GJL-YT-scaled.jpg","width":2560,"height":1440},{"@type":"WebPage","@id":"https:\/\/www.camperonline.it\/magazine\/2026\/01\/07\/358940\/#webpage","url":"https:\/\/www.camperonline.it\/magazine\/2026\/01\/07\/358940\/","name":"H\u00e9ritage 7.9 GJL: lusso, spazio e qualit\u00e0 Le Voyageur in 100 secondi - CamperOnLine Magazine","isPartOf":{"@id":"https:\/\/www.camperonline.it\/magazine\/#website"},"primaryImageOfPage":{"@id":"https:\/\/www.camperonline.it\/magazine\/2026\/01\/07\/358940\/#primaryimage"},"datePublished":"2026-01-07T17:05:40+00:00","dateModified":"2025-12-29T12:56:48+00:00","author":{"@id":"https:\/\/www.camperonline.it\/magazine\/#\/schema\/person\/6169aaf540a840c8792701ff968ffe8d"},"description":"Si chiama H\u00e9ritage 7.9 GJL il motorhome di casa Le Voyageur che segna l\u2019arrivo della tipologia di soggiorno con semidinette a \u201cL\u201d all\u2019interno della","breadcrumb":{"@id":"https:\/\/www.camperonline.it\/magazine\/2026\/01\/07\/358940\/#breadcrumb"},"inLanguage":"it-IT","potentialAction":[{"@type":"ReadAction","target":["https:\/\/www.camperonline.it\/magazine\/2026\/01\/07\/358940\/"]}]},{"@type":"BreadcrumbList","@id":"https:\/\/www.camperonline.it\/magazine\/2026\/01\/07\/358940\/#breadcrumb","itemListElement":[{"@type":"ListItem","position":1,"name":"Home","item":"https:\/\/www.camperonline.it\/magazine\/"},{"@type":"ListItem","position":2,"name":"H\u00e9ritage 7.9 GJL: lusso, spazio e qualit\u00e0 Le Voyageur in 100 secondi"}]},{"@type":"Person","@id":"https:\/\/www.camperonline.it\/magazine\/#\/schema\/person\/6169aaf540a840c8792701ff968ffe8d","name":"Danilo Colombo","url":"https:\/\/www.camperonline.it\/magazine\/author\/danilo-colombo\/"}]}},"_links":{"self":[{"href":"https:\/\/www.camperonline.it\/magazine\/wp-json\/wp\/v2\/posts\/358940"}],"collection":[{"href":"https:\/\/www.camperonline.it\/magazine\/wp-json\/wp\/v2\/posts"}],"about":[{"href":"https:\/\/www.camperonline.it\/magazine\/wp-json\/wp\/v2\/types\/post"}],"author":[{"embeddable":true,"href":"https:\/\/www.camperonline.it\/magazine\/wp-json\/wp\/v2\/users\/22"}],"replies":[{"embeddable":true,"href":"https:\/\/www.camperonline.it\/magazine\/wp-json\/wp\/v2\/comments?post=358940"}],"version-history":[{"count":2,"href":"https:\/\/www.camperonline.it\/magazine\/wp-json\/wp\/v2\/posts\/358940\/revisions"}],"predecessor-version":[{"id":358943,"href":"https:\/\/www.camperonline.it\/magazine\/wp-json\/wp\/v2\/posts\/358940\/revisions\/358943"}],"wp:featuredmedia":[{"embeddable":true,"href":"https:\/\/www.camperonline.it\/magazine\/wp-json\/wp\/v2\/media\/358941"}],"wp:attachment":[{"href":"https:\/\/www.camperonline.it\/magazine\/wp-json\/wp\/v2\/media?parent=358940"}],"wp:term":[{"taxonomy":"category","embeddable":true,"href":"https:\/\/www.camperonline.it\/magazine\/wp-json\/wp\/v2\/categories?post=358940"},{"taxonomy":"post_tag","embeddable":true,"href":"https:\/\/www.camperonline.it\/magazine\/wp-json\/wp\/v2\/tags?post=358940"}],"curies":[{"name":"wp","href":"https:\/\/api.w.org\/{rel}","templated":true}]}}