{"id":360916,"date":"2026-04-23T18:05:52","date_gmt":"2026-04-23T16:05:52","guid":{"rendered":"https:\/\/www.camperonline.it\/magazine\/?p=360916"},"modified":"2026-04-24T08:38:14","modified_gmt":"2026-04-24T06:38:14","slug":"video-camperontest-special-malibu-relax-640-le-r","status":"publish","type":"post","link":"https:\/\/www.camperonline.it\/magazine\/2026\/04\/23\/video-camperontest-special-malibu-relax-640-le-r\/","title":{"rendered":"Video CamperOnTest Special: Malibu relax 640 LE R"},"content":{"rendered":"<h2>Abbiamo analizzato a fondo il Malibu relax 640 LE R: il nuovo van della casa tedesca ci ha accompagnato alla scoperta del lago d\u2019Orta, un incantevole angolo d\u2019Italia capace di offrire scenari indimenticabili. Il Malibu relax 640 LE R interpreta in maniera personale il concetto di van di taglia generosa. Permette di entrare nella prestigiosa gamma della casa tedesca (gruppo Carthago) con un prezzo allettante e con diverse possibilit\u00e0 di configurazione. Non \u00e8 per\u00f2 il prezzo la principale chiave di lettura di questo veicolo, bens\u00ec lo spazio, uno spazio interno modellato in maniera singolare. Abbiamo cercato di far trasparire tutto questo nel video che analizza ogni dettaglio del Malibu relax 640 LE R. Ma nel video potrete trovare anche qualche utile suggerimento per visitare Orta San Giulio, annoverata tra \u201cI Borghi pi\u00f9 Belli d\u2019Italia\u201d, fronteggiata dall\u2019Isola di San Giulio al centro del Lago d\u2019Orta<\/h2>\n<h2 style=\"text-align: center;\"><a href=\"https:\/\/youtu.be\/gJ0bv9hhPUk\">Clicca qui per il video completo<\/a><\/h2>\n<p><a href=\"https:\/\/youtu.be\/gJ0bv9hhPUk\"><img loading=\"lazy\" class=\"aligncenter size-full wp-image-360917\" src=\"https:\/\/www.camperonline.it\/magazine\/wp-content\/uploads\/2026\/03\/COVER-Malibu-va-Relax-YTpsd-scaled.jpg\" alt=\"\" width=\"2560\" height=\"1440\" srcset=\"https:\/\/www.camperonline.it\/magazine\/wp-content\/uploads\/2026\/03\/COVER-Malibu-va-Relax-YTpsd-scaled.jpg 2560w, https:\/\/www.camperonline.it\/magazine\/wp-content\/uploads\/2026\/03\/COVER-Malibu-va-Relax-YTpsd-300x169.jpg 300w, https:\/\/www.camperonline.it\/magazine\/wp-content\/uploads\/2026\/03\/COVER-Malibu-va-Relax-YTpsd-1024x576.jpg 1024w, https:\/\/www.camperonline.it\/magazine\/wp-content\/uploads\/2026\/03\/COVER-Malibu-va-Relax-YTpsd-768x432.jpg 768w, https:\/\/www.camperonline.it\/magazine\/wp-content\/uploads\/2026\/03\/COVER-Malibu-va-Relax-YTpsd-1536x864.jpg 1536w, https:\/\/www.camperonline.it\/magazine\/wp-content\/uploads\/2026\/03\/COVER-Malibu-va-Relax-YTpsd-2048x1152.jpg 2048w\" sizes=\"(max-width: 2560px) 100vw, 2560px\" \/><\/a><\/p>\n","protected":false},"excerpt":{"rendered":"<p>Abbiamo analizzato a fondo il Malibu relax 640 LE R: il nuovo van della casa tedesca ci ha accompagnato alla scoperta del lago d\u2019Orta, un incantevole angolo d\u2019Italia capace di offrire scenari indimenticabili. Il Malibu relax 640 LE R interpreta in maniera personale il concetto di van di taglia generosa. Permette di entrare nella prestigiosa gamma della casa tedesca (gruppo Carthago) con un prezzo allettante e con diverse possibilit\u00e0 di configurazione. Non \u00e8 per\u00f2 il prezzo la principale chiave di lettura di questo veicolo, bens\u00ec lo spazio, uno spazio interno modellato in maniera singolare. Abbiamo cercato di far trasparire tutto questo nel video che analizza ogni dettaglio del Malibu relax 640 LE R. Ma nel video potrete trovare anche qualche utile suggerimento per visitare Orta San Giulio, annoverata tra \u201cI Borghi pi\u00f9 Belli d\u2019Italia\u201d, fronteggiata dall\u2019Isola di San Giulio al centro del Lago d\u2019Orta Clicca qui per il video completo<\/p>\n","protected":false},"author":22,"featured_media":360917,"comment_status":"closed","ping_status":"open","sticky":false,"template":"","format":"standard","meta":{"ngg_post_thumbnail":0},"categories":[3110,2695,3327],"tags":[1134,1325,6478,2694,7508,6074],"yoast_head":"<!-- This site is optimized with the Yoast SEO plugin v18.6 - https:\/\/yoast.com\/wordpress\/plugins\/seo\/ -->\n<title>Video CamperOnTest Special: Malibu relax 640 LE R - CamperOnLine Magazine<\/title>\n<meta name=\"description\" content=\"Abbiamo analizzato a fondo il Malibu relax 640 LE R: il nuovo van della casa tedesca ci ha accompagnato alla scoperta del lago d\u2019Orta, un incantevole\" \/>\n<meta name=\"robots\" content=\"index, follow, max-snippet:-1, max-image-preview:large, max-video-preview:-1\" \/>\n<link rel=\"canonical\" href=\"https:\/\/www.camperonline.it\/magazine\/2026\/04\/23\/video-camperontest-special-malibu-relax-640-le-r\/\" \/>\n<meta property=\"og:locale\" content=\"it_IT\" \/>\n<meta property=\"og:type\" content=\"article\" \/>\n<meta property=\"og:title\" content=\"Video CamperOnTest Special: Malibu relax 640 LE R - CamperOnLine Magazine\" \/>\n<meta property=\"og:description\" content=\"Abbiamo analizzato a fondo il Malibu relax 640 LE R: il nuovo van della casa tedesca ci ha accompagnato alla scoperta del lago d\u2019Orta, un incantevole\" \/>\n<meta property=\"og:url\" content=\"https:\/\/www.camperonline.it\/magazine\/2026\/04\/23\/video-camperontest-special-malibu-relax-640-le-r\/\" \/>\n<meta property=\"og:site_name\" content=\"CamperOnLine Magazine\" \/>\n<meta property=\"article:published_time\" content=\"2026-04-23T16:05:52+00:00\" \/>\n<meta property=\"article:modified_time\" content=\"2026-04-24T06:38:14+00:00\" \/>\n<meta property=\"og:image\" content=\"https:\/\/www.camperonline.it\/magazine\/wp-content\/uploads\/2026\/03\/COVER-Malibu-va-Relax-YTpsd-scaled.jpg\" \/>\n\t<meta property=\"og:image:width\" content=\"2560\" \/>\n\t<meta property=\"og:image:height\" content=\"1440\" \/>\n\t<meta property=\"og:image:type\" content=\"image\/jpeg\" \/>\n<meta name=\"twitter:card\" content=\"summary_large_image\" \/>\n<script type=\"application\/ld+json\" class=\"yoast-schema-graph\">{\"@context\":\"https:\/\/schema.org\",\"@graph\":[{\"@type\":\"WebSite\",\"@id\":\"https:\/\/www.camperonline.it\/magazine\/#website\",\"url\":\"https:\/\/www.camperonline.it\/magazine\/\",\"name\":\"CamperOnLine Magazine\",\"description\":\"Viaggi in camper, test, video, destinazioni, vacanze\",\"potentialAction\":[{\"@type\":\"SearchAction\",\"target\":{\"@type\":\"EntryPoint\",\"urlTemplate\":\"https:\/\/www.camperonline.it\/magazine\/?s={search_term_string}\"},\"query-input\":\"required name=search_term_string\"}],\"inLanguage\":\"it-IT\"},{\"@type\":\"ImageObject\",\"@id\":\"https:\/\/www.camperonline.it\/magazine\/2026\/04\/23\/video-camperontest-special-malibu-relax-640-le-r\/#primaryimage\",\"inLanguage\":\"it-IT\",\"url\":\"https:\/\/www.camperonline.it\/magazine\/wp-content\/uploads\/2026\/03\/COVER-Malibu-va-Relax-YTpsd-scaled.jpg\",\"contentUrl\":\"https:\/\/www.camperonline.it\/magazine\/wp-content\/uploads\/2026\/03\/COVER-Malibu-va-Relax-YTpsd-scaled.jpg\",\"width\":2560,\"height\":1440},{\"@type\":\"WebPage\",\"@id\":\"https:\/\/www.camperonline.it\/magazine\/2026\/04\/23\/video-camperontest-special-malibu-relax-640-le-r\/#webpage\",\"url\":\"https:\/\/www.camperonline.it\/magazine\/2026\/04\/23\/video-camperontest-special-malibu-relax-640-le-r\/\",\"name\":\"Video CamperOnTest Special: Malibu relax 640 LE R - CamperOnLine Magazine\",\"isPartOf\":{\"@id\":\"https:\/\/www.camperonline.it\/magazine\/#website\"},\"primaryImageOfPage\":{\"@id\":\"https:\/\/www.camperonline.it\/magazine\/2026\/04\/23\/video-camperontest-special-malibu-relax-640-le-r\/#primaryimage\"},\"datePublished\":\"2026-04-23T16:05:52+00:00\",\"dateModified\":\"2026-04-24T06:38:14+00:00\",\"author\":{\"@id\":\"https:\/\/www.camperonline.it\/magazine\/#\/schema\/person\/6169aaf540a840c8792701ff968ffe8d\"},\"description\":\"Abbiamo analizzato a fondo il Malibu relax 640 LE R: il nuovo van della casa tedesca ci ha accompagnato alla scoperta del lago d\u2019Orta, un incantevole\",\"breadcrumb\":{\"@id\":\"https:\/\/www.camperonline.it\/magazine\/2026\/04\/23\/video-camperontest-special-malibu-relax-640-le-r\/#breadcrumb\"},\"inLanguage\":\"it-IT\",\"potentialAction\":[{\"@type\":\"ReadAction\",\"target\":[\"https:\/\/www.camperonline.it\/magazine\/2026\/04\/23\/video-camperontest-special-malibu-relax-640-le-r\/\"]}]},{\"@type\":\"BreadcrumbList\",\"@id\":\"https:\/\/www.camperonline.it\/magazine\/2026\/04\/23\/video-camperontest-special-malibu-relax-640-le-r\/#breadcrumb\",\"itemListElement\":[{\"@type\":\"ListItem\",\"position\":1,\"name\":\"Home\",\"item\":\"https:\/\/www.camperonline.it\/magazine\/\"},{\"@type\":\"ListItem\",\"position\":2,\"name\":\"Video CamperOnTest Special: Malibu relax 640 LE R\"}]},{\"@type\":\"Person\",\"@id\":\"https:\/\/www.camperonline.it\/magazine\/#\/schema\/person\/6169aaf540a840c8792701ff968ffe8d\",\"name\":\"Danilo Colombo\",\"url\":\"https:\/\/www.camperonline.it\/magazine\/author\/danilo-colombo\/\"}]}<\/script>\n<!-- \/ Yoast SEO plugin. -->","yoast_head_json":{"title":"Video CamperOnTest Special: Malibu relax 640 LE R - CamperOnLine Magazine","description":"Abbiamo analizzato a fondo il Malibu relax 640 LE R: il nuovo van della casa tedesca ci ha accompagnato alla scoperta del lago d\u2019Orta, un incantevole","robots":{"index":"index","follow":"follow","max-snippet":"max-snippet:-1","max-image-preview":"max-image-preview:large","max-video-preview":"max-video-preview:-1"},"canonical":"https:\/\/www.camperonline.it\/magazine\/2026\/04\/23\/video-camperontest-special-malibu-relax-640-le-r\/","og_locale":"it_IT","og_type":"article","og_title":"Video CamperOnTest Special: Malibu relax 640 LE R - CamperOnLine Magazine","og_description":"Abbiamo analizzato a fondo il Malibu relax 640 LE R: il nuovo van della casa tedesca ci ha accompagnato alla scoperta del lago d\u2019Orta, un incantevole","og_url":"https:\/\/www.camperonline.it\/magazine\/2026\/04\/23\/video-camperontest-special-malibu-relax-640-le-r\/","og_site_name":"CamperOnLine Magazine","article_published_time":"2026-04-23T16:05:52+00:00","article_modified_time":"2026-04-24T06:38:14+00:00","og_image":[{"width":2560,"height":1440,"url":"https:\/\/www.camperonline.it\/magazine\/wp-content\/uploads\/2026\/03\/COVER-Malibu-va-Relax-YTpsd-scaled.jpg","type":"image\/jpeg"}],"twitter_card":"summary_large_image","schema":{"@context":"https:\/\/schema.org","@graph":[{"@type":"WebSite","@id":"https:\/\/www.camperonline.it\/magazine\/#website","url":"https:\/\/www.camperonline.it\/magazine\/","name":"CamperOnLine Magazine","description":"Viaggi in camper, test, video, destinazioni, vacanze","potentialAction":[{"@type":"SearchAction","target":{"@type":"EntryPoint","urlTemplate":"https:\/\/www.camperonline.it\/magazine\/?s={search_term_string}"},"query-input":"required name=search_term_string"}],"inLanguage":"it-IT"},{"@type":"ImageObject","@id":"https:\/\/www.camperonline.it\/magazine\/2026\/04\/23\/video-camperontest-special-malibu-relax-640-le-r\/#primaryimage","inLanguage":"it-IT","url":"https:\/\/www.camperonline.it\/magazine\/wp-content\/uploads\/2026\/03\/COVER-Malibu-va-Relax-YTpsd-scaled.jpg","contentUrl":"https:\/\/www.camperonline.it\/magazine\/wp-content\/uploads\/2026\/03\/COVER-Malibu-va-Relax-YTpsd-scaled.jpg","width":2560,"height":1440},{"@type":"WebPage","@id":"https:\/\/www.camperonline.it\/magazine\/2026\/04\/23\/video-camperontest-special-malibu-relax-640-le-r\/#webpage","url":"https:\/\/www.camperonline.it\/magazine\/2026\/04\/23\/video-camperontest-special-malibu-relax-640-le-r\/","name":"Video CamperOnTest Special: Malibu relax 640 LE R - CamperOnLine Magazine","isPartOf":{"@id":"https:\/\/www.camperonline.it\/magazine\/#website"},"primaryImageOfPage":{"@id":"https:\/\/www.camperonline.it\/magazine\/2026\/04\/23\/video-camperontest-special-malibu-relax-640-le-r\/#primaryimage"},"datePublished":"2026-04-23T16:05:52+00:00","dateModified":"2026-04-24T06:38:14+00:00","author":{"@id":"https:\/\/www.camperonline.it\/magazine\/#\/schema\/person\/6169aaf540a840c8792701ff968ffe8d"},"description":"Abbiamo analizzato a fondo il Malibu relax 640 LE R: il nuovo van della casa tedesca ci ha accompagnato alla scoperta del lago d\u2019Orta, un incantevole","breadcrumb":{"@id":"https:\/\/www.camperonline.it\/magazine\/2026\/04\/23\/video-camperontest-special-malibu-relax-640-le-r\/#breadcrumb"},"inLanguage":"it-IT","potentialAction":[{"@type":"ReadAction","target":["https:\/\/www.camperonline.it\/magazine\/2026\/04\/23\/video-camperontest-special-malibu-relax-640-le-r\/"]}]},{"@type":"BreadcrumbList","@id":"https:\/\/www.camperonline.it\/magazine\/2026\/04\/23\/video-camperontest-special-malibu-relax-640-le-r\/#breadcrumb","itemListElement":[{"@type":"ListItem","position":1,"name":"Home","item":"https:\/\/www.camperonline.it\/magazine\/"},{"@type":"ListItem","position":2,"name":"Video CamperOnTest Special: Malibu relax 640 LE R"}]},{"@type":"Person","@id":"https:\/\/www.camperonline.it\/magazine\/#\/schema\/person\/6169aaf540a840c8792701ff968ffe8d","name":"Danilo Colombo","url":"https:\/\/www.camperonline.it\/magazine\/author\/danilo-colombo\/"}]}},"_links":{"self":[{"href":"https:\/\/www.camperonline.it\/magazine\/wp-json\/wp\/v2\/posts\/360916"}],"collection":[{"href":"https:\/\/www.camperonline.it\/magazine\/wp-json\/wp\/v2\/posts"}],"about":[{"href":"https:\/\/www.camperonline.it\/magazine\/wp-json\/wp\/v2\/types\/post"}],"author":[{"embeddable":true,"href":"https:\/\/www.camperonline.it\/magazine\/wp-json\/wp\/v2\/users\/22"}],"replies":[{"embeddable":true,"href":"https:\/\/www.camperonline.it\/magazine\/wp-json\/wp\/v2\/comments?post=360916"}],"version-history":[{"count":1,"href":"https:\/\/www.camperonline.it\/magazine\/wp-json\/wp\/v2\/posts\/360916\/revisions"}],"predecessor-version":[{"id":360918,"href":"https:\/\/www.camperonline.it\/magazine\/wp-json\/wp\/v2\/posts\/360916\/revisions\/360918"}],"wp:featuredmedia":[{"embeddable":true,"href":"https:\/\/www.camperonline.it\/magazine\/wp-json\/wp\/v2\/media\/360917"}],"wp:attachment":[{"href":"https:\/\/www.camperonline.it\/magazine\/wp-json\/wp\/v2\/media?parent=360916"}],"wp:term":[{"taxonomy":"category","embeddable":true,"href":"https:\/\/www.camperonline.it\/magazine\/wp-json\/wp\/v2\/categories?post=360916"},{"taxonomy":"post_tag","embeddable":true,"href":"https:\/\/www.camperonline.it\/magazine\/wp-json\/wp\/v2\/tags?post=360916"}],"curies":[{"name":"wp","href":"https:\/\/api.w.org\/{rel}","templated":true}]}}