{"id":365357,"date":"2026-09-02T16:49:38","date_gmt":"2026-09-02T14:49:38","guid":{"rendered":"https:\/\/www.camperonline.it\/magazine\/?p=365357"},"modified":"2026-09-02T16:48:21","modified_gmt":"2026-09-02T14:48:21","slug":"anteprime-e-novita-2027-autostar","status":"publish","type":"post","link":"https:\/\/www.camperonline.it\/magazine\/2026\/09\/02\/anteprime-e-novita-2027-autostar\/","title":{"rendered":"Anteprime e Novit\u00e0 2027: Autostar"},"content":{"rendered":"<p style=\"text-align: center;\"><img loading=\"lazy\" class=\"alignnone wp-image-365367 size-full\" src=\"https:\/\/www.camperonline.it\/magazine\/wp-content\/uploads\/2026\/07\/COVER-ANTE-SCRITTE-2027-AUTOSTAR-Copia.jpg\" alt=\"\" width=\"630\" height=\"355\" srcset=\"https:\/\/www.camperonline.it\/magazine\/wp-content\/uploads\/2026\/07\/COVER-ANTE-SCRITTE-2027-AUTOSTAR-Copia.jpg 630w, https:\/\/www.camperonline.it\/magazine\/wp-content\/uploads\/2026\/07\/COVER-ANTE-SCRITTE-2027-AUTOSTAR-Copia-300x169.jpg 300w\" sizes=\"(max-width: 630px) 100vw, 630px\" \/><\/p>\n<h2 class=\"western\" align=\"justify\"><span style=\"font-size: 18pt;\">Presentati i nuovi modelli Naeos, dallo stile particolare, e ci sono alcune modifiche alle gamme gi\u00e0 note<\/span><\/h2>\n<p><!--more--><\/p>\n<p>La stagione 2027 si preannuncia ricca di novit\u00e0 per <strong>Autostar<\/strong>. Per prima cosa, nasce la nuova gamma <strong>Naeos<\/strong>, che comprende sia semintegrali, sia motohome. Per questa inedita serie <strong>Autostar<\/strong> propone uno stile personale, una dotazione completa e, particolare non secondario, un prezzo invitante. Abbiamo visto in anteprima il Naeos P 745 LC.<\/p>\n<p style=\"text-align: center;\"><img loading=\"lazy\" class=\"alignnone wp-image-365358 size-full\" src=\"https:\/\/www.camperonline.it\/magazine\/wp-content\/uploads\/2026\/07\/04-Naeos-P745-LC-1.jpg\" alt=\"\" width=\"630\" height=\"420\" srcset=\"https:\/\/www.camperonline.it\/magazine\/wp-content\/uploads\/2026\/07\/04-Naeos-P745-LC-1.jpg 630w, https:\/\/www.camperonline.it\/magazine\/wp-content\/uploads\/2026\/07\/04-Naeos-P745-LC-1-300x200.jpg 300w\" sizes=\"(max-width: 630px) 100vw, 630px\" \/><\/p>\n<p>E\u2019 un semintegrale allestito sulla base meccanica Fiat Ducato. La lunghezza arriva a 745 cm, promettendo quindi comodi spazi interni. La cabina di colore grigio \u00e8 di serie e l\u2019inedito cupolino monoblocco in vetroresina integra un\u2019ampia superficie finestrata. E\u2019 una superficie in vetro, particolarmente brillante all\u2019esterno e capace di donare luminosit\u00e0 all\u2019interno. Non manca un valido garage posteriore, ed \u00e8 un garage capiente, all\u2019interno del quale troviamo lo sportello di ispezione dell\u2019unit\u00e0 termica Truma Combi D6E (la Combi di potenza pi\u00f9 elevata, con alimentazione a gasolio ed elettrica). La porta d\u2019ingresso \u00e8 a larghezza maggiorata.<\/p>\n<p style=\"text-align: center;\"><img loading=\"lazy\" class=\"alignnone wp-image-365359 size-full\" src=\"https:\/\/www.camperonline.it\/magazine\/wp-content\/uploads\/2026\/07\/07-Naeos-P745-LC-22.jpg\" alt=\"\" width=\"560\" height=\"420\" srcset=\"https:\/\/www.camperonline.it\/magazine\/wp-content\/uploads\/2026\/07\/07-Naeos-P745-LC-22.jpg 560w, https:\/\/www.camperonline.it\/magazine\/wp-content\/uploads\/2026\/07\/07-Naeos-P745-LC-22-300x225.jpg 300w\" sizes=\"(max-width: 560px) 100vw, 560px\" \/><\/p>\n<p>Una volta a bordo, scopriamo che i designer della casa francese hanno messo in campo uno stile differente rispetto a quello gi\u00e0 noto. Abbiamo davanti ai nostri occhi un abbinamento di forme e colori che colpisce, non lascia indifferenti.<\/p>\n<p style=\"text-align: center;\"><img loading=\"lazy\" class=\"alignnone wp-image-365360 size-full\" src=\"https:\/\/www.camperonline.it\/magazine\/wp-content\/uploads\/2026\/07\/10-Naeos-P745-LC-41.jpg\" alt=\"\" width=\"560\" height=\"420\" srcset=\"https:\/\/www.camperonline.it\/magazine\/wp-content\/uploads\/2026\/07\/10-Naeos-P745-LC-41.jpg 560w, https:\/\/www.camperonline.it\/magazine\/wp-content\/uploads\/2026\/07\/10-Naeos-P745-LC-41-300x225.jpg 300w\" sizes=\"(max-width: 560px) 100vw, 560px\" \/><\/p>\n<p>Ci sono linee moderne e colori molto attuali, intervallati da una rivisitazione a tratti simbolica di soluzioni classiche. Il living \u00e8 organizzato con due divani contrapposti, a cui si possono aggiungere i sedili girevoli della cabina.<\/p>\n<p style=\"text-align: center;\"><img loading=\"lazy\" class=\"alignnone wp-image-365361 size-full\" src=\"https:\/\/www.camperonline.it\/magazine\/wp-content\/uploads\/2026\/07\/13-4-Naeos-P745-LC-29.jpg\" alt=\"\" width=\"560\" height=\"420\" srcset=\"https:\/\/www.camperonline.it\/magazine\/wp-content\/uploads\/2026\/07\/13-4-Naeos-P745-LC-29.jpg 560w, https:\/\/www.camperonline.it\/magazine\/wp-content\/uploads\/2026\/07\/13-4-Naeos-P745-LC-29-300x225.jpg 300w\" sizes=\"(max-width: 560px) 100vw, 560px\" \/><\/p>\n<p>La cucina, dove lo stile particolare dell&#8217;arredo \u00e8 forse pi\u00f9 evidente che in altre zone, ha una larghezza ridotta ma \u00e8 molto profonda. Nella base ci sono due ampi cassettoni. Il frigorifero \u00e8 a compressore da 150 litri di capacit\u00e0.<\/p>\n<p style=\"text-align: center;\"><img loading=\"lazy\" class=\"alignnone wp-image-365362 size-full\" src=\"https:\/\/www.camperonline.it\/magazine\/wp-content\/uploads\/2026\/07\/11-Naeos-P745-LC-44.jpg\" alt=\"\" width=\"560\" height=\"420\" srcset=\"https:\/\/www.camperonline.it\/magazine\/wp-content\/uploads\/2026\/07\/11-Naeos-P745-LC-44.jpg 560w, https:\/\/www.camperonline.it\/magazine\/wp-content\/uploads\/2026\/07\/11-Naeos-P745-LC-44-300x225.jpg 300w\" sizes=\"(max-width: 560px) 100vw, 560px\" \/><\/p>\n<p>Su questa versione troviamo una zona notte con letto matrimoniale centrale a penisola e armadi sospesi. Disponibile anche la versione con letti gemelli. Il letto matrimoniale basculante anteriore garantisce due ulteriori posti letto. Non pu\u00f2 mancare un bagno generoso: al vano con toilette e lavabo si aggiunge la cabina doccia separata. E anche nel bagno colpisce la particolare ambientazione.<\/p>\n<p style=\"text-align: center;\"><img loading=\"lazy\" class=\"alignnone wp-image-365363 size-full\" src=\"https:\/\/www.camperonline.it\/magazine\/wp-content\/uploads\/2026\/07\/20-Naeos-P745-LC-27.jpg\" alt=\"\" width=\"560\" height=\"420\" srcset=\"https:\/\/www.camperonline.it\/magazine\/wp-content\/uploads\/2026\/07\/20-Naeos-P745-LC-27.jpg 560w, https:\/\/www.camperonline.it\/magazine\/wp-content\/uploads\/2026\/07\/20-Naeos-P745-LC-27-300x225.jpg 300w\" sizes=\"(max-width: 560px) 100vw, 560px\" \/><\/p>\n<p>&nbsp;<\/p>\n<p style=\"text-align: center;\"><img loading=\"lazy\" class=\"alignnone wp-image-365364 size-full\" src=\"https:\/\/www.camperonline.it\/magazine\/wp-content\/uploads\/2026\/07\/25-Naeos-P745-LC-32.jpg\" alt=\"\" width=\"560\" height=\"420\" srcset=\"https:\/\/www.camperonline.it\/magazine\/wp-content\/uploads\/2026\/07\/25-Naeos-P745-LC-32.jpg 560w, https:\/\/www.camperonline.it\/magazine\/wp-content\/uploads\/2026\/07\/25-Naeos-P745-LC-32-300x225.jpg 300w\" sizes=\"(max-width: 560px) 100vw, 560px\" \/><\/p>\n<p>Il prezzo dei <strong>Naeos<\/strong> si preannuncia competitivo. Si parte da una soluzione base, ma \u00e8 praticamente obbligatorio il Pack Naeos opzionale che comprende davvero molto: cambio automatico, batterie al Litio, pannello solare, stazione multimediale e tanto altro. Ma anche considerando il Pack opzionale, i semintegrali <strong>Naeos<\/strong> rimangono sotto agli 85.000 euro.<\/p>\n<p style=\"text-align: center;\"><img loading=\"lazy\" class=\"alignnone wp-image-365365 size-full\" src=\"https:\/\/www.camperonline.it\/magazine\/wp-content\/uploads\/2026\/07\/12-Naeos-P745-LC-17.jpg\" alt=\"\" width=\"560\" height=\"420\" srcset=\"https:\/\/www.camperonline.it\/magazine\/wp-content\/uploads\/2026\/07\/12-Naeos-P745-LC-17.jpg 560w, https:\/\/www.camperonline.it\/magazine\/wp-content\/uploads\/2026\/07\/12-Naeos-P745-LC-17-300x225.jpg 300w\" sizes=\"(max-width: 560px) 100vw, 560px\" \/><\/p>\n<p>Autostar per\u00f2 non abbandona i modelli di tono superiore, dove i motorhome hanno sempre avuto un ruolo importante. Ritroviamo la serie <strong>Passion<\/strong>, con divere migliorie: serbatoi protetti nel doppio pavimento, nuova porta d\u2019ingresso, frigorifero a compressore da 150 litri, nuovo colore dei pensili e altro ancora. Ma possiamo salitre ancora pi\u00f9 in alto con la gamma di motorhome <strong>Prestige<\/strong>, confermata ma con cambiamenti a diversi livelli. A cominciare dal prezzo, che diventa pi\u00f9 competitivo.<\/p>\n<p style=\"text-align: center;\"><img loading=\"lazy\" class=\"alignnone wp-image-365369 size-full\" src=\"https:\/\/www.camperonline.it\/magazine\/wp-content\/uploads\/2026\/07\/29-Prestige-760-LJ-21.jpg\" alt=\"\" width=\"630\" height=\"420\" srcset=\"https:\/\/www.camperonline.it\/magazine\/wp-content\/uploads\/2026\/07\/29-Prestige-760-LJ-21.jpg 630w, https:\/\/www.camperonline.it\/magazine\/wp-content\/uploads\/2026\/07\/29-Prestige-760-LJ-21-300x200.jpg 300w\" sizes=\"(max-width: 630px) 100vw, 630px\" \/><\/p>\n<p>Abbiamo visto il <strong>Prestige I 760 LJ<\/strong>, un motorhome di taglia generosa, che ha una lunghezza di 759 cm. E\u2019 allestito su base Fiat Ducato, in abbinamento al telaio Al-Ko ribassato. Di serie c\u2019\u00e8 il cambio automatico. Dal punto di vista tecnico segnaliamo il doppio pavimento e la possibilit\u00e0 di richiedere il riscaldamento Alde. Il frontale \u00e8 caratterizzato dalle fasce scure in contrasto con il bianco della scocca, ma notiamo anche i fanali di forma circolare.<\/p>\n<p style=\"text-align: center;\"><img loading=\"lazy\" class=\"alignnone wp-image-365370 size-full\" src=\"https:\/\/www.camperonline.it\/magazine\/wp-content\/uploads\/2026\/07\/30-Prestige-760-LJ-5.jpg\" alt=\"\" width=\"560\" height=\"420\" srcset=\"https:\/\/www.camperonline.it\/magazine\/wp-content\/uploads\/2026\/07\/30-Prestige-760-LJ-5.jpg 560w, https:\/\/www.camperonline.it\/magazine\/wp-content\/uploads\/2026\/07\/30-Prestige-760-LJ-5-300x225.jpg 300w\" sizes=\"(max-width: 560px) 100vw, 560px\" \/><\/p>\n<p>La serie <strong>Prestige<\/strong> \u00e8 stata oggetto di alcune migliorie per ridurre il peso. Pur trattandosi di un motorhome di alta gamma, di dimensioni generose e con doppio pavimento, il <strong>Prestige I 760 LJ<\/strong> \u00e8 omologato 4 posti viaggio rimanendo conducibile con la patente B. Nella parte posteriore \u00e8 predisposto un generoso vano di carico. La porta \u00e8 stata cambiata rispetto alla scorsa stagione.<\/p>\n<p style=\"text-align: center;\"><img loading=\"lazy\" class=\"alignnone wp-image-365371 size-full\" src=\"https:\/\/www.camperonline.it\/magazine\/wp-content\/uploads\/2026\/07\/31-Prestige-760-LJ-1.jpg\" alt=\"\" width=\"560\" height=\"420\" srcset=\"https:\/\/www.camperonline.it\/magazine\/wp-content\/uploads\/2026\/07\/31-Prestige-760-LJ-1.jpg 560w, https:\/\/www.camperonline.it\/magazine\/wp-content\/uploads\/2026\/07\/31-Prestige-760-LJ-1-300x225.jpg 300w\" sizes=\"(max-width: 560px) 100vw, 560px\" \/><\/p>\n<p>All\u2019interno possiamo notare alcuni cambiamenti nell\u2019arredo. Sono nuovi, ad esempio, i pulsanti di apertura e chiusura dei cassetti. Lo schema abitativo di questa versione prevede due letti gemelli in coda preceduti dal bagno sdoppiato con cabina doccia indipendente. Le botole mostrano il doppio pavimento, nel quale sono inseriti alcuni componenti dell\u2019impiantistica. La cucina \u00e8 di fronte alla porta d\u2019ingresso e accanto c\u2019\u00e8 il frigorifero.<\/p>\n<p style=\"text-align: center;\"><img loading=\"lazy\" class=\"alignnone wp-image-365372 size-full\" src=\"https:\/\/www.camperonline.it\/magazine\/wp-content\/uploads\/2026\/07\/34-Prestige-760-LJ-15.jpg\" alt=\"\" width=\"560\" height=\"420\" srcset=\"https:\/\/www.camperonline.it\/magazine\/wp-content\/uploads\/2026\/07\/34-Prestige-760-LJ-15.jpg 560w, https:\/\/www.camperonline.it\/magazine\/wp-content\/uploads\/2026\/07\/34-Prestige-760-LJ-15-300x225.jpg 300w\" sizes=\"(max-width: 560px) 100vw, 560px\" \/><\/p>\n<p>&nbsp;<\/p>\n<p style=\"text-align: center;\"><img loading=\"lazy\" class=\"alignnone wp-image-365373 size-full\" src=\"https:\/\/www.camperonline.it\/magazine\/wp-content\/uploads\/2026\/07\/37-Prestige-760-LJ-12.jpg\" alt=\"\" width=\"560\" height=\"420\" srcset=\"https:\/\/www.camperonline.it\/magazine\/wp-content\/uploads\/2026\/07\/37-Prestige-760-LJ-12.jpg 560w, https:\/\/www.camperonline.it\/magazine\/wp-content\/uploads\/2026\/07\/37-Prestige-760-LJ-12-300x225.jpg 300w\" sizes=\"(max-width: 560px) 100vw, 560px\" \/><\/p>\n<p>Nella zona anteriore troviamo il living con la comoda, ariosa e conviviale dinette face-to-face. Sopra la cabina \u00e8 fissato il letto matrimoniale basculante. Notiamo i rivestimenti chiari che si abbinano a vari elementi dell\u2019arredo, con il piacevole contrasto di alcune superfici in decoro legno. La zona notte della versione LJ mette a disposizione due letti gemelli.<\/p>\n<p style=\"text-align: center;\"><img loading=\"lazy\" class=\"alignnone wp-image-365366 size-full\" src=\"https:\/\/www.camperonline.it\/magazine\/wp-content\/uploads\/2026\/07\/43-Prestige-760-LJ-22.jpg\" alt=\"\" width=\"560\" height=\"420\" srcset=\"https:\/\/www.camperonline.it\/magazine\/wp-content\/uploads\/2026\/07\/43-Prestige-760-LJ-22.jpg 560w, https:\/\/www.camperonline.it\/magazine\/wp-content\/uploads\/2026\/07\/43-Prestige-760-LJ-22-300x225.jpg 300w\" sizes=\"(max-width: 560px) 100vw, 560px\" \/><\/p>\n<p>Chiudendo la porta del vano toilette possiamo separare la zona giorno dalla zona notte, ma c\u2019\u00e8 anche una porta scorrevole. Ampia la cabina doccia, indipendente dal vano toilette.<\/p>\n<h3>Fotogallery<\/h3>\n<!-- default-view.php -->\n<div\n\tclass=\"ngg-galleryoverview default-view  ngg-ajax-pagination-none\"\n\tid=\"ngg-gallery-e38282e3f8306dfad0ceedfd9809055d-1\">\n\n\t\t<!-- Thumbnails -->\n\t\t\t\t<div id=\"ngg-image-0\" class=\"ngg-gallery-thumbnail-box ngg-5-columns\" >\n\t\t\t\t        <div class=\"ngg-gallery-thumbnail\">\n            <a href=\"https:\/\/www.camperonline.it\/magazine\/wp-content\/gallery\/autostar-anteprime-2026\/01-Autostar-026-027.jpg\"\n               title=\"\"\n               data-src=\"https:\/\/www.camperonline.it\/magazine\/wp-content\/gallery\/autostar-anteprime-2026\/01-Autostar-026-027.jpg\"\n               data-thumbnail=\"https:\/\/www.camperonline.it\/magazine\/wp-content\/gallery\/autostar-anteprime-2026\/thumbs\/thumbs_01-Autostar-026-027.jpg\"\n               data-image-id=\"143644\"\n               data-title=\"01-Autostar-026-027\"\n               data-description=\"\"\n               data-image-slug=\"01-autostar-026-027\"\n               class=\"ngg-fancybox\" rel=\"e38282e3f8306dfad0ceedfd9809055d\">\n                <img\n                    title=\"01-Autostar-026-027\"\n                    alt=\"01-Autostar-026-027\"\n                    src=\"https:\/\/www.camperonline.it\/magazine\/wp-content\/gallery\/autostar-anteprime-2026\/thumbs\/thumbs_01-Autostar-026-027.jpg\"\n                    width=\"240\"\n                    height=\"160\"\n                    style=\"max-width:100%;\"\n                \/>\n            <\/a>\n        <\/div>\n\t\t\t\t\t\t\t<\/div> \n\t\t\t\n\t\t\t\t<div id=\"ngg-image-1\" class=\"ngg-gallery-thumbnail-box ngg-5-columns\" >\n\t\t\t\t        <div class=\"ngg-gallery-thumbnail\">\n            <a href=\"https:\/\/www.camperonline.it\/magazine\/wp-content\/gallery\/autostar-anteprime-2026\/02-Autostar-026-027.jpg\"\n               title=\"\"\n               data-src=\"https:\/\/www.camperonline.it\/magazine\/wp-content\/gallery\/autostar-anteprime-2026\/02-Autostar-026-027.jpg\"\n               data-thumbnail=\"https:\/\/www.camperonline.it\/magazine\/wp-content\/gallery\/autostar-anteprime-2026\/thumbs\/thumbs_02-Autostar-026-027.jpg\"\n               data-image-id=\"143641\"\n               data-title=\"02-Autostar-026-027\"\n               data-description=\"\"\n               data-image-slug=\"02-autostar-026-027\"\n               class=\"ngg-fancybox\" rel=\"e38282e3f8306dfad0ceedfd9809055d\">\n                <img\n                    title=\"02-Autostar-026-027\"\n                    alt=\"02-Autostar-026-027\"\n                    src=\"https:\/\/www.camperonline.it\/magazine\/wp-content\/gallery\/autostar-anteprime-2026\/thumbs\/thumbs_02-Autostar-026-027.jpg\"\n                    width=\"240\"\n                    height=\"160\"\n                    style=\"max-width:100%;\"\n                \/>\n            <\/a>\n        <\/div>\n\t\t\t\t\t\t\t<\/div> \n\t\t\t\n\t\t\t\t<div id=\"ngg-image-2\" class=\"ngg-gallery-thumbnail-box ngg-5-columns\" >\n\t\t\t\t        <div class=\"ngg-gallery-thumbnail\">\n            <a href=\"https:\/\/www.camperonline.it\/magazine\/wp-content\/gallery\/autostar-anteprime-2026\/03-Autostar-026-027.jpg\"\n               title=\"\"\n               data-src=\"https:\/\/www.camperonline.it\/magazine\/wp-content\/gallery\/autostar-anteprime-2026\/03-Autostar-026-027.jpg\"\n               data-thumbnail=\"https:\/\/www.camperonline.it\/magazine\/wp-content\/gallery\/autostar-anteprime-2026\/thumbs\/thumbs_03-Autostar-026-027.jpg\"\n               data-image-id=\"143683\"\n               data-title=\"03-Autostar-026-027\"\n               data-description=\"\"\n               data-image-slug=\"03-autostar-026-027\"\n               class=\"ngg-fancybox\" rel=\"e38282e3f8306dfad0ceedfd9809055d\">\n                <img\n                    title=\"03-Autostar-026-027\"\n                    alt=\"03-Autostar-026-027\"\n                    src=\"https:\/\/www.camperonline.it\/magazine\/wp-content\/gallery\/autostar-anteprime-2026\/thumbs\/thumbs_03-Autostar-026-027.jpg\"\n                    width=\"240\"\n                    height=\"160\"\n                    style=\"max-width:100%;\"\n                \/>\n            <\/a>\n        <\/div>\n\t\t\t\t\t\t\t<\/div> \n\t\t\t\n\t\t\t\t<div id=\"ngg-image-3\" class=\"ngg-gallery-thumbnail-box ngg-5-columns\" >\n\t\t\t\t        <div class=\"ngg-gallery-thumbnail\">\n            <a href=\"https:\/\/www.camperonline.it\/magazine\/wp-content\/gallery\/autostar-anteprime-2026\/04-Naeos-P745-LC-1.jpg\"\n               title=\"\"\n               data-src=\"https:\/\/www.camperonline.it\/magazine\/wp-content\/gallery\/autostar-anteprime-2026\/04-Naeos-P745-LC-1.jpg\"\n               data-thumbnail=\"https:\/\/www.camperonline.it\/magazine\/wp-content\/gallery\/autostar-anteprime-2026\/thumbs\/thumbs_04-Naeos-P745-LC-1.jpg\"\n               data-image-id=\"143646\"\n               data-title=\"04-Naeos-P745-LC-1\"\n               data-description=\"\"\n               data-image-slug=\"04-naeos-p745-lc-1\"\n               class=\"ngg-fancybox\" rel=\"e38282e3f8306dfad0ceedfd9809055d\">\n                <img\n                    title=\"04-Naeos-P745-LC-1\"\n                    alt=\"04-Naeos-P745-LC-1\"\n                    src=\"https:\/\/www.camperonline.it\/magazine\/wp-content\/gallery\/autostar-anteprime-2026\/thumbs\/thumbs_04-Naeos-P745-LC-1.jpg\"\n                    width=\"240\"\n                    height=\"160\"\n                    style=\"max-width:100%;\"\n                \/>\n            <\/a>\n        <\/div>\n\t\t\t\t\t\t\t<\/div> \n\t\t\t\n\t\t\t\t<div id=\"ngg-image-4\" class=\"ngg-gallery-thumbnail-box ngg-5-columns\" >\n\t\t\t\t        <div class=\"ngg-gallery-thumbnail\">\n            <a href=\"https:\/\/www.camperonline.it\/magazine\/wp-content\/gallery\/autostar-anteprime-2026\/05-Naeos-P745-LC-5.jpg\"\n               title=\"\"\n               data-src=\"https:\/\/www.camperonline.it\/magazine\/wp-content\/gallery\/autostar-anteprime-2026\/05-Naeos-P745-LC-5.jpg\"\n               data-thumbnail=\"https:\/\/www.camperonline.it\/magazine\/wp-content\/gallery\/autostar-anteprime-2026\/thumbs\/thumbs_05-Naeos-P745-LC-5.jpg\"\n               data-image-id=\"143643\"\n               data-title=\"05-Naeos-P745-LC-5\"\n               data-description=\"\"\n               data-image-slug=\"05-naeos-p745-lc-5\"\n               class=\"ngg-fancybox\" rel=\"e38282e3f8306dfad0ceedfd9809055d\">\n                <img\n                    title=\"05-Naeos-P745-LC-5\"\n                    alt=\"05-Naeos-P745-LC-5\"\n                    src=\"https:\/\/www.camperonline.it\/magazine\/wp-content\/gallery\/autostar-anteprime-2026\/thumbs\/thumbs_05-Naeos-P745-LC-5.jpg\"\n                    width=\"240\"\n                    height=\"160\"\n                    style=\"max-width:100%;\"\n                \/>\n            <\/a>\n        <\/div>\n\t\t\t\t\t\t\t<\/div> \n\t\t\t\n\t\t\t\t<div id=\"ngg-image-5\" class=\"ngg-gallery-thumbnail-box ngg-5-columns\" >\n\t\t\t\t        <div class=\"ngg-gallery-thumbnail\">\n            <a href=\"https:\/\/www.camperonline.it\/magazine\/wp-content\/gallery\/autostar-anteprime-2026\/06-Naeos-P745-LC-20.jpg\"\n               title=\"\"\n               data-src=\"https:\/\/www.camperonline.it\/magazine\/wp-content\/gallery\/autostar-anteprime-2026\/06-Naeos-P745-LC-20.jpg\"\n               data-thumbnail=\"https:\/\/www.camperonline.it\/magazine\/wp-content\/gallery\/autostar-anteprime-2026\/thumbs\/thumbs_06-Naeos-P745-LC-20.jpg\"\n               data-image-id=\"143645\"\n               data-title=\"06-Naeos-P745-LC-20\"\n               data-description=\"\"\n               data-image-slug=\"06-naeos-p745-lc-20\"\n               class=\"ngg-fancybox\" rel=\"e38282e3f8306dfad0ceedfd9809055d\">\n                <img\n                    title=\"06-Naeos-P745-LC-20\"\n                    alt=\"06-Naeos-P745-LC-20\"\n                    src=\"https:\/\/www.camperonline.it\/magazine\/wp-content\/gallery\/autostar-anteprime-2026\/thumbs\/thumbs_06-Naeos-P745-LC-20.jpg\"\n                    width=\"240\"\n                    height=\"160\"\n                    style=\"max-width:100%;\"\n                \/>\n            <\/a>\n        <\/div>\n\t\t\t\t\t\t\t<\/div> \n\t\t\t\n\t\t\t\t<div id=\"ngg-image-6\" class=\"ngg-gallery-thumbnail-box ngg-5-columns\" >\n\t\t\t\t        <div class=\"ngg-gallery-thumbnail\">\n            <a href=\"https:\/\/www.camperonline.it\/magazine\/wp-content\/gallery\/autostar-anteprime-2026\/07-Naeos-P745-LC-22.jpg\"\n               title=\"\"\n               data-src=\"https:\/\/www.camperonline.it\/magazine\/wp-content\/gallery\/autostar-anteprime-2026\/07-Naeos-P745-LC-22.jpg\"\n               data-thumbnail=\"https:\/\/www.camperonline.it\/magazine\/wp-content\/gallery\/autostar-anteprime-2026\/thumbs\/thumbs_07-Naeos-P745-LC-22.jpg\"\n               data-image-id=\"143642\"\n               data-title=\"07-Naeos-P745-LC-22\"\n               data-description=\"\"\n               data-image-slug=\"07-naeos-p745-lc-22\"\n               class=\"ngg-fancybox\" rel=\"e38282e3f8306dfad0ceedfd9809055d\">\n                <img\n                    title=\"07-Naeos-P745-LC-22\"\n                    alt=\"07-Naeos-P745-LC-22\"\n                    src=\"https:\/\/www.camperonline.it\/magazine\/wp-content\/gallery\/autostar-anteprime-2026\/thumbs\/thumbs_07-Naeos-P745-LC-22.jpg\"\n                    width=\"240\"\n                    height=\"160\"\n                    style=\"max-width:100%;\"\n                \/>\n            <\/a>\n        <\/div>\n\t\t\t\t\t\t\t<\/div> \n\t\t\t\n\t\t\t\t<div id=\"ngg-image-7\" class=\"ngg-gallery-thumbnail-box ngg-5-columns\" >\n\t\t\t\t        <div class=\"ngg-gallery-thumbnail\">\n            <a href=\"https:\/\/www.camperonline.it\/magazine\/wp-content\/gallery\/autostar-anteprime-2026\/08-Naeos-P745-LC-23.jpg\"\n               title=\"\"\n               data-src=\"https:\/\/www.camperonline.it\/magazine\/wp-content\/gallery\/autostar-anteprime-2026\/08-Naeos-P745-LC-23.jpg\"\n               data-thumbnail=\"https:\/\/www.camperonline.it\/magazine\/wp-content\/gallery\/autostar-anteprime-2026\/thumbs\/thumbs_08-Naeos-P745-LC-23.jpg\"\n               data-image-id=\"143647\"\n               data-title=\"08-Naeos-P745-LC-23\"\n               data-description=\"\"\n               data-image-slug=\"08-naeos-p745-lc-23\"\n               class=\"ngg-fancybox\" rel=\"e38282e3f8306dfad0ceedfd9809055d\">\n                <img\n                    title=\"08-Naeos-P745-LC-23\"\n                    alt=\"08-Naeos-P745-LC-23\"\n                    src=\"https:\/\/www.camperonline.it\/magazine\/wp-content\/gallery\/autostar-anteprime-2026\/thumbs\/thumbs_08-Naeos-P745-LC-23.jpg\"\n                    width=\"240\"\n                    height=\"160\"\n                    style=\"max-width:100%;\"\n                \/>\n            <\/a>\n        <\/div>\n\t\t\t\t\t\t\t<\/div> \n\t\t\t\n\t\t\t\t<div id=\"ngg-image-8\" class=\"ngg-gallery-thumbnail-box ngg-5-columns\" >\n\t\t\t\t        <div class=\"ngg-gallery-thumbnail\">\n            <a href=\"https:\/\/www.camperonline.it\/magazine\/wp-content\/gallery\/autostar-anteprime-2026\/09-Naeos-P745-LC-24.jpg\"\n               title=\"\"\n               data-src=\"https:\/\/www.camperonline.it\/magazine\/wp-content\/gallery\/autostar-anteprime-2026\/09-Naeos-P745-LC-24.jpg\"\n               data-thumbnail=\"https:\/\/www.camperonline.it\/magazine\/wp-content\/gallery\/autostar-anteprime-2026\/thumbs\/thumbs_09-Naeos-P745-LC-24.jpg\"\n               data-image-id=\"143648\"\n               data-title=\"09-Naeos-P745-LC-24\"\n               data-description=\"\"\n               data-image-slug=\"09-naeos-p745-lc-24\"\n               class=\"ngg-fancybox\" rel=\"e38282e3f8306dfad0ceedfd9809055d\">\n                <img\n                    title=\"09-Naeos-P745-LC-24\"\n                    alt=\"09-Naeos-P745-LC-24\"\n                    src=\"https:\/\/www.camperonline.it\/magazine\/wp-content\/gallery\/autostar-anteprime-2026\/thumbs\/thumbs_09-Naeos-P745-LC-24.jpg\"\n                    width=\"240\"\n                    height=\"160\"\n                    style=\"max-width:100%;\"\n                \/>\n            <\/a>\n        <\/div>\n\t\t\t\t\t\t\t<\/div> \n\t\t\t\n\t\t\t\t<div id=\"ngg-image-9\" class=\"ngg-gallery-thumbnail-box ngg-5-columns\" >\n\t\t\t\t        <div class=\"ngg-gallery-thumbnail\">\n            <a href=\"https:\/\/www.camperonline.it\/magazine\/wp-content\/gallery\/autostar-anteprime-2026\/10-Naeos-P745-LC-41.jpg\"\n               title=\"\"\n               data-src=\"https:\/\/www.camperonline.it\/magazine\/wp-content\/gallery\/autostar-anteprime-2026\/10-Naeos-P745-LC-41.jpg\"\n               data-thumbnail=\"https:\/\/www.camperonline.it\/magazine\/wp-content\/gallery\/autostar-anteprime-2026\/thumbs\/thumbs_10-Naeos-P745-LC-41.jpg\"\n               data-image-id=\"143650\"\n               data-title=\"10-Naeos-P745-LC-41\"\n               data-description=\"\"\n               data-image-slug=\"10-naeos-p745-lc-41\"\n               class=\"ngg-fancybox\" rel=\"e38282e3f8306dfad0ceedfd9809055d\">\n                <img\n                    title=\"10-Naeos-P745-LC-41\"\n                    alt=\"10-Naeos-P745-LC-41\"\n                    src=\"https:\/\/www.camperonline.it\/magazine\/wp-content\/gallery\/autostar-anteprime-2026\/thumbs\/thumbs_10-Naeos-P745-LC-41.jpg\"\n                    width=\"240\"\n                    height=\"160\"\n                    style=\"max-width:100%;\"\n                \/>\n            <\/a>\n        <\/div>\n\t\t\t\t\t\t\t<\/div> \n\t\t\t\n\t\t\t\t<div id=\"ngg-image-10\" class=\"ngg-gallery-thumbnail-box ngg-5-columns\" >\n\t\t\t\t        <div class=\"ngg-gallery-thumbnail\">\n            <a href=\"https:\/\/www.camperonline.it\/magazine\/wp-content\/gallery\/autostar-anteprime-2026\/11-Naeos-P745-LC-44.jpg\"\n               title=\"\"\n               data-src=\"https:\/\/www.camperonline.it\/magazine\/wp-content\/gallery\/autostar-anteprime-2026\/11-Naeos-P745-LC-44.jpg\"\n               data-thumbnail=\"https:\/\/www.camperonline.it\/magazine\/wp-content\/gallery\/autostar-anteprime-2026\/thumbs\/thumbs_11-Naeos-P745-LC-44.jpg\"\n               data-image-id=\"143651\"\n               data-title=\"11-Naeos-P745-LC-44\"\n               data-description=\"\"\n               data-image-slug=\"11-naeos-p745-lc-44\"\n               class=\"ngg-fancybox\" rel=\"e38282e3f8306dfad0ceedfd9809055d\">\n                <img\n                    title=\"11-Naeos-P745-LC-44\"\n                    alt=\"11-Naeos-P745-LC-44\"\n                    src=\"https:\/\/www.camperonline.it\/magazine\/wp-content\/gallery\/autostar-anteprime-2026\/thumbs\/thumbs_11-Naeos-P745-LC-44.jpg\"\n                    width=\"240\"\n                    height=\"160\"\n                    style=\"max-width:100%;\"\n                \/>\n            <\/a>\n        <\/div>\n\t\t\t\t\t\t\t<\/div> \n\t\t\t\n\t\t\t\t<div id=\"ngg-image-11\" class=\"ngg-gallery-thumbnail-box ngg-5-columns\" >\n\t\t\t\t        <div class=\"ngg-gallery-thumbnail\">\n            <a href=\"https:\/\/www.camperonline.it\/magazine\/wp-content\/gallery\/autostar-anteprime-2026\/12-Naeos-P745-LC-17.jpg\"\n               title=\"\"\n               data-src=\"https:\/\/www.camperonline.it\/magazine\/wp-content\/gallery\/autostar-anteprime-2026\/12-Naeos-P745-LC-17.jpg\"\n               data-thumbnail=\"https:\/\/www.camperonline.it\/magazine\/wp-content\/gallery\/autostar-anteprime-2026\/thumbs\/thumbs_12-Naeos-P745-LC-17.jpg\"\n               data-image-id=\"143649\"\n               data-title=\"12-Naeos-P745-LC-17\"\n               data-description=\"\"\n               data-image-slug=\"12-naeos-p745-lc-17\"\n               class=\"ngg-fancybox\" rel=\"e38282e3f8306dfad0ceedfd9809055d\">\n                <img\n                    title=\"12-Naeos-P745-LC-17\"\n                    alt=\"12-Naeos-P745-LC-17\"\n                    src=\"https:\/\/www.camperonline.it\/magazine\/wp-content\/gallery\/autostar-anteprime-2026\/thumbs\/thumbs_12-Naeos-P745-LC-17.jpg\"\n                    width=\"240\"\n                    height=\"160\"\n                    style=\"max-width:100%;\"\n                \/>\n            <\/a>\n        <\/div>\n\t\t\t\t\t\t\t<\/div> \n\t\t\t\n\t\t\t\t<div id=\"ngg-image-12\" class=\"ngg-gallery-thumbnail-box ngg-5-columns\" >\n\t\t\t\t        <div class=\"ngg-gallery-thumbnail\">\n            <a href=\"https:\/\/www.camperonline.it\/magazine\/wp-content\/gallery\/autostar-anteprime-2026\/13-4-Naeos-P745-LC-29.jpg\"\n               title=\"\"\n               data-src=\"https:\/\/www.camperonline.it\/magazine\/wp-content\/gallery\/autostar-anteprime-2026\/13-4-Naeos-P745-LC-29.jpg\"\n               data-thumbnail=\"https:\/\/www.camperonline.it\/magazine\/wp-content\/gallery\/autostar-anteprime-2026\/thumbs\/thumbs_13-4-Naeos-P745-LC-29.jpg\"\n               data-image-id=\"143682\"\n               data-title=\"13-4-Naeos-P745-LC-29\"\n               data-description=\"\"\n               data-image-slug=\"13-4-naeos-p745-lc-29\"\n               class=\"ngg-fancybox\" rel=\"e38282e3f8306dfad0ceedfd9809055d\">\n                <img\n                    title=\"13-4-Naeos-P745-LC-29\"\n                    alt=\"13-4-Naeos-P745-LC-29\"\n                    src=\"https:\/\/www.camperonline.it\/magazine\/wp-content\/gallery\/autostar-anteprime-2026\/thumbs\/thumbs_13-4-Naeos-P745-LC-29.jpg\"\n                    width=\"240\"\n                    height=\"160\"\n                    style=\"max-width:100%;\"\n                \/>\n            <\/a>\n        <\/div>\n\t\t\t\t\t\t\t<\/div> \n\t\t\t\n\t\t\t\t<div id=\"ngg-image-13\" class=\"ngg-gallery-thumbnail-box ngg-5-columns\" >\n\t\t\t\t        <div class=\"ngg-gallery-thumbnail\">\n            <a href=\"https:\/\/www.camperonline.it\/magazine\/wp-content\/gallery\/autostar-anteprime-2026\/13-Naeos-P745-LC-28.jpg\"\n               title=\"\"\n               data-src=\"https:\/\/www.camperonline.it\/magazine\/wp-content\/gallery\/autostar-anteprime-2026\/13-Naeos-P745-LC-28.jpg\"\n               data-thumbnail=\"https:\/\/www.camperonline.it\/magazine\/wp-content\/gallery\/autostar-anteprime-2026\/thumbs\/thumbs_13-Naeos-P745-LC-28.jpg\"\n               data-image-id=\"143684\"\n               data-title=\"13-Naeos-P745-LC-28\"\n               data-description=\"\"\n               data-image-slug=\"13-naeos-p745-lc-28\"\n               class=\"ngg-fancybox\" rel=\"e38282e3f8306dfad0ceedfd9809055d\">\n                <img\n                    title=\"13-Naeos-P745-LC-28\"\n                    alt=\"13-Naeos-P745-LC-28\"\n                    src=\"https:\/\/www.camperonline.it\/magazine\/wp-content\/gallery\/autostar-anteprime-2026\/thumbs\/thumbs_13-Naeos-P745-LC-28.jpg\"\n                    width=\"240\"\n                    height=\"160\"\n                    style=\"max-width:100%;\"\n                \/>\n            <\/a>\n        <\/div>\n\t\t\t\t\t\t\t<\/div> \n\t\t\t\n\t\t\t\t<div id=\"ngg-image-14\" class=\"ngg-gallery-thumbnail-box ngg-5-columns\" >\n\t\t\t\t        <div class=\"ngg-gallery-thumbnail\">\n            <a href=\"https:\/\/www.camperonline.it\/magazine\/wp-content\/gallery\/autostar-anteprime-2026\/14-2-Naeos-P745-LC-16.jpg\"\n               title=\"\"\n               data-src=\"https:\/\/www.camperonline.it\/magazine\/wp-content\/gallery\/autostar-anteprime-2026\/14-2-Naeos-P745-LC-16.jpg\"\n               data-thumbnail=\"https:\/\/www.camperonline.it\/magazine\/wp-content\/gallery\/autostar-anteprime-2026\/thumbs\/thumbs_14-2-Naeos-P745-LC-16.jpg\"\n               data-image-id=\"143653\"\n               data-title=\"14-2-Naeos-P745-LC-16\"\n               data-description=\"\"\n               data-image-slug=\"14-2-naeos-p745-lc-16\"\n               class=\"ngg-fancybox\" rel=\"e38282e3f8306dfad0ceedfd9809055d\">\n                <img\n                    title=\"14-2-Naeos-P745-LC-16\"\n                    alt=\"14-2-Naeos-P745-LC-16\"\n                    src=\"https:\/\/www.camperonline.it\/magazine\/wp-content\/gallery\/autostar-anteprime-2026\/thumbs\/thumbs_14-2-Naeos-P745-LC-16.jpg\"\n                    width=\"240\"\n                    height=\"160\"\n                    style=\"max-width:100%;\"\n                \/>\n            <\/a>\n        <\/div>\n\t\t\t\t\t\t\t<\/div> \n\t\t\t\n\t\t\t\t<div id=\"ngg-image-15\" class=\"ngg-gallery-thumbnail-box ngg-5-columns\" >\n\t\t\t\t        <div class=\"ngg-gallery-thumbnail\">\n            <a href=\"https:\/\/www.camperonline.it\/magazine\/wp-content\/gallery\/autostar-anteprime-2026\/14-Naeos-P745-LC-40.jpg\"\n               title=\"\"\n               data-src=\"https:\/\/www.camperonline.it\/magazine\/wp-content\/gallery\/autostar-anteprime-2026\/14-Naeos-P745-LC-40.jpg\"\n               data-thumbnail=\"https:\/\/www.camperonline.it\/magazine\/wp-content\/gallery\/autostar-anteprime-2026\/thumbs\/thumbs_14-Naeos-P745-LC-40.jpg\"\n               data-image-id=\"143652\"\n               data-title=\"14-Naeos-P745-LC-40\"\n               data-description=\"\"\n               data-image-slug=\"14-naeos-p745-lc-40\"\n               class=\"ngg-fancybox\" rel=\"e38282e3f8306dfad0ceedfd9809055d\">\n                <img\n                    title=\"14-Naeos-P745-LC-40\"\n                    alt=\"14-Naeos-P745-LC-40\"\n                    src=\"https:\/\/www.camperonline.it\/magazine\/wp-content\/gallery\/autostar-anteprime-2026\/thumbs\/thumbs_14-Naeos-P745-LC-40.jpg\"\n                    width=\"240\"\n                    height=\"160\"\n                    style=\"max-width:100%;\"\n                \/>\n            <\/a>\n        <\/div>\n\t\t\t\t\t\t\t<\/div> \n\t\t\t\n\t\t\t\t<div id=\"ngg-image-16\" class=\"ngg-gallery-thumbnail-box ngg-5-columns\" >\n\t\t\t\t        <div class=\"ngg-gallery-thumbnail\">\n            <a href=\"https:\/\/www.camperonline.it\/magazine\/wp-content\/gallery\/autostar-anteprime-2026\/15-Naeos-P745-LC-12.jpg\"\n               title=\"\"\n               data-src=\"https:\/\/www.camperonline.it\/magazine\/wp-content\/gallery\/autostar-anteprime-2026\/15-Naeos-P745-LC-12.jpg\"\n               data-thumbnail=\"https:\/\/www.camperonline.it\/magazine\/wp-content\/gallery\/autostar-anteprime-2026\/thumbs\/thumbs_15-Naeos-P745-LC-12.jpg\"\n               data-image-id=\"143654\"\n               data-title=\"15-Naeos-P745-LC-12\"\n               data-description=\"\"\n               data-image-slug=\"15-naeos-p745-lc-12\"\n               class=\"ngg-fancybox\" rel=\"e38282e3f8306dfad0ceedfd9809055d\">\n                <img\n                    title=\"15-Naeos-P745-LC-12\"\n                    alt=\"15-Naeos-P745-LC-12\"\n                    src=\"https:\/\/www.camperonline.it\/magazine\/wp-content\/gallery\/autostar-anteprime-2026\/thumbs\/thumbs_15-Naeos-P745-LC-12.jpg\"\n                    width=\"240\"\n                    height=\"160\"\n                    style=\"max-width:100%;\"\n                \/>\n            <\/a>\n        <\/div>\n\t\t\t\t\t\t\t<\/div> \n\t\t\t\n\t\t\t\t<div id=\"ngg-image-17\" class=\"ngg-gallery-thumbnail-box ngg-5-columns\" >\n\t\t\t\t        <div class=\"ngg-gallery-thumbnail\">\n            <a href=\"https:\/\/www.camperonline.it\/magazine\/wp-content\/gallery\/autostar-anteprime-2026\/16-Naeos-P745-LC-13.jpg\"\n               title=\"\"\n               data-src=\"https:\/\/www.camperonline.it\/magazine\/wp-content\/gallery\/autostar-anteprime-2026\/16-Naeos-P745-LC-13.jpg\"\n               data-thumbnail=\"https:\/\/www.camperonline.it\/magazine\/wp-content\/gallery\/autostar-anteprime-2026\/thumbs\/thumbs_16-Naeos-P745-LC-13.jpg\"\n               data-image-id=\"143656\"\n               data-title=\"16-Naeos-P745-LC-13\"\n               data-description=\"\"\n               data-image-slug=\"16-naeos-p745-lc-13\"\n               class=\"ngg-fancybox\" rel=\"e38282e3f8306dfad0ceedfd9809055d\">\n                <img\n                    title=\"16-Naeos-P745-LC-13\"\n                    alt=\"16-Naeos-P745-LC-13\"\n                    src=\"https:\/\/www.camperonline.it\/magazine\/wp-content\/gallery\/autostar-anteprime-2026\/thumbs\/thumbs_16-Naeos-P745-LC-13.jpg\"\n                    width=\"240\"\n                    height=\"160\"\n                    style=\"max-width:100%;\"\n                \/>\n            <\/a>\n        <\/div>\n\t\t\t\t\t\t\t<\/div> \n\t\t\t\n\t\t\t\t<div id=\"ngg-image-18\" class=\"ngg-gallery-thumbnail-box ngg-5-columns\" >\n\t\t\t\t        <div class=\"ngg-gallery-thumbnail\">\n            <a href=\"https:\/\/www.camperonline.it\/magazine\/wp-content\/gallery\/autostar-anteprime-2026\/17-Naeos-P745-LC-14.jpg\"\n               title=\"\"\n               data-src=\"https:\/\/www.camperonline.it\/magazine\/wp-content\/gallery\/autostar-anteprime-2026\/17-Naeos-P745-LC-14.jpg\"\n               data-thumbnail=\"https:\/\/www.camperonline.it\/magazine\/wp-content\/gallery\/autostar-anteprime-2026\/thumbs\/thumbs_17-Naeos-P745-LC-14.jpg\"\n               data-image-id=\"143658\"\n               data-title=\"17-Naeos-P745-LC-14\"\n               data-description=\"\"\n               data-image-slug=\"17-naeos-p745-lc-14\"\n               class=\"ngg-fancybox\" rel=\"e38282e3f8306dfad0ceedfd9809055d\">\n                <img\n                    title=\"17-Naeos-P745-LC-14\"\n                    alt=\"17-Naeos-P745-LC-14\"\n                    src=\"https:\/\/www.camperonline.it\/magazine\/wp-content\/gallery\/autostar-anteprime-2026\/thumbs\/thumbs_17-Naeos-P745-LC-14.jpg\"\n                    width=\"240\"\n                    height=\"160\"\n                    style=\"max-width:100%;\"\n                \/>\n            <\/a>\n        <\/div>\n\t\t\t\t\t\t\t<\/div> \n\t\t\t\n\t\t\t\t<div id=\"ngg-image-19\" class=\"ngg-gallery-thumbnail-box ngg-5-columns\" >\n\t\t\t\t        <div class=\"ngg-gallery-thumbnail\">\n            <a href=\"https:\/\/www.camperonline.it\/magazine\/wp-content\/gallery\/autostar-anteprime-2026\/18-Naeos-P745-LC-15.jpg\"\n               title=\"\"\n               data-src=\"https:\/\/www.camperonline.it\/magazine\/wp-content\/gallery\/autostar-anteprime-2026\/18-Naeos-P745-LC-15.jpg\"\n               data-thumbnail=\"https:\/\/www.camperonline.it\/magazine\/wp-content\/gallery\/autostar-anteprime-2026\/thumbs\/thumbs_18-Naeos-P745-LC-15.jpg\"\n               data-image-id=\"143681\"\n               data-title=\"18-Naeos-P745-LC-15\"\n               data-description=\"\"\n               data-image-slug=\"18-naeos-p745-lc-15\"\n               class=\"ngg-fancybox\" rel=\"e38282e3f8306dfad0ceedfd9809055d\">\n                <img\n                    title=\"18-Naeos-P745-LC-15\"\n                    alt=\"18-Naeos-P745-LC-15\"\n                    src=\"https:\/\/www.camperonline.it\/magazine\/wp-content\/gallery\/autostar-anteprime-2026\/thumbs\/thumbs_18-Naeos-P745-LC-15.jpg\"\n                    width=\"240\"\n                    height=\"160\"\n                    style=\"max-width:100%;\"\n                \/>\n            <\/a>\n        <\/div>\n\t\t\t\t\t\t\t<\/div> \n\t\t\t\n\t\t\t\t<div id=\"ngg-image-20\" class=\"ngg-gallery-thumbnail-box ngg-5-columns\" >\n\t\t\t\t        <div class=\"ngg-gallery-thumbnail\">\n            <a href=\"https:\/\/www.camperonline.it\/magazine\/wp-content\/gallery\/autostar-anteprime-2026\/19-Naeos-P745-LC-6.jpg\"\n               title=\"\"\n               data-src=\"https:\/\/www.camperonline.it\/magazine\/wp-content\/gallery\/autostar-anteprime-2026\/19-Naeos-P745-LC-6.jpg\"\n               data-thumbnail=\"https:\/\/www.camperonline.it\/magazine\/wp-content\/gallery\/autostar-anteprime-2026\/thumbs\/thumbs_19-Naeos-P745-LC-6.jpg\"\n               data-image-id=\"143655\"\n               data-title=\"19-Naeos-P745-LC-6\"\n               data-description=\"\"\n               data-image-slug=\"19-naeos-p745-lc-6\"\n               class=\"ngg-fancybox\" rel=\"e38282e3f8306dfad0ceedfd9809055d\">\n                <img\n                    title=\"19-Naeos-P745-LC-6\"\n                    alt=\"19-Naeos-P745-LC-6\"\n                    src=\"https:\/\/www.camperonline.it\/magazine\/wp-content\/gallery\/autostar-anteprime-2026\/thumbs\/thumbs_19-Naeos-P745-LC-6.jpg\"\n                    width=\"240\"\n                    height=\"160\"\n                    style=\"max-width:100%;\"\n                \/>\n            <\/a>\n        <\/div>\n\t\t\t\t\t\t\t<\/div> \n\t\t\t\n\t\t\t\t<div id=\"ngg-image-21\" class=\"ngg-gallery-thumbnail-box ngg-5-columns\" >\n\t\t\t\t        <div class=\"ngg-gallery-thumbnail\">\n            <a href=\"https:\/\/www.camperonline.it\/magazine\/wp-content\/gallery\/autostar-anteprime-2026\/20-Naeos-P745-LC-27.jpg\"\n               title=\"\"\n               data-src=\"https:\/\/www.camperonline.it\/magazine\/wp-content\/gallery\/autostar-anteprime-2026\/20-Naeos-P745-LC-27.jpg\"\n               data-thumbnail=\"https:\/\/www.camperonline.it\/magazine\/wp-content\/gallery\/autostar-anteprime-2026\/thumbs\/thumbs_20-Naeos-P745-LC-27.jpg\"\n               data-image-id=\"143657\"\n               data-title=\"20-Naeos-P745-LC-27\"\n               data-description=\"\"\n               data-image-slug=\"20-naeos-p745-lc-27\"\n               class=\"ngg-fancybox\" rel=\"e38282e3f8306dfad0ceedfd9809055d\">\n                <img\n                    title=\"20-Naeos-P745-LC-27\"\n                    alt=\"20-Naeos-P745-LC-27\"\n                    src=\"https:\/\/www.camperonline.it\/magazine\/wp-content\/gallery\/autostar-anteprime-2026\/thumbs\/thumbs_20-Naeos-P745-LC-27.jpg\"\n                    width=\"240\"\n                    height=\"160\"\n                    style=\"max-width:100%;\"\n                \/>\n            <\/a>\n        <\/div>\n\t\t\t\t\t\t\t<\/div> \n\t\t\t\n\t\t\t\t<div id=\"ngg-image-22\" class=\"ngg-gallery-thumbnail-box ngg-5-columns\" >\n\t\t\t\t        <div class=\"ngg-gallery-thumbnail\">\n            <a href=\"https:\/\/www.camperonline.it\/magazine\/wp-content\/gallery\/autostar-anteprime-2026\/21-Naeos-P745-LC-38.jpg\"\n               title=\"\"\n               data-src=\"https:\/\/www.camperonline.it\/magazine\/wp-content\/gallery\/autostar-anteprime-2026\/21-Naeos-P745-LC-38.jpg\"\n               data-thumbnail=\"https:\/\/www.camperonline.it\/magazine\/wp-content\/gallery\/autostar-anteprime-2026\/thumbs\/thumbs_21-Naeos-P745-LC-38.jpg\"\n               data-image-id=\"143659\"\n               data-title=\"21-Naeos-P745-LC-38\"\n               data-description=\"\"\n               data-image-slug=\"21-naeos-p745-lc-38\"\n               class=\"ngg-fancybox\" rel=\"e38282e3f8306dfad0ceedfd9809055d\">\n                <img\n                    title=\"21-Naeos-P745-LC-38\"\n                    alt=\"21-Naeos-P745-LC-38\"\n                    src=\"https:\/\/www.camperonline.it\/magazine\/wp-content\/gallery\/autostar-anteprime-2026\/thumbs\/thumbs_21-Naeos-P745-LC-38.jpg\"\n                    width=\"240\"\n                    height=\"160\"\n                    style=\"max-width:100%;\"\n                \/>\n            <\/a>\n        <\/div>\n\t\t\t\t\t\t\t<\/div> \n\t\t\t\n\t\t\t\t<div id=\"ngg-image-23\" class=\"ngg-gallery-thumbnail-box ngg-5-columns\" >\n\t\t\t\t        <div class=\"ngg-gallery-thumbnail\">\n            <a href=\"https:\/\/www.camperonline.it\/magazine\/wp-content\/gallery\/autostar-anteprime-2026\/22-Naeos-P745-LC-7.jpg\"\n               title=\"\"\n               data-src=\"https:\/\/www.camperonline.it\/magazine\/wp-content\/gallery\/autostar-anteprime-2026\/22-Naeos-P745-LC-7.jpg\"\n               data-thumbnail=\"https:\/\/www.camperonline.it\/magazine\/wp-content\/gallery\/autostar-anteprime-2026\/thumbs\/thumbs_22-Naeos-P745-LC-7.jpg\"\n               data-image-id=\"143686\"\n               data-title=\"22-Naeos-P745-LC-7\"\n               data-description=\"\"\n               data-image-slug=\"22-naeos-p745-lc-7\"\n               class=\"ngg-fancybox\" rel=\"e38282e3f8306dfad0ceedfd9809055d\">\n                <img\n                    title=\"22-Naeos-P745-LC-7\"\n                    alt=\"22-Naeos-P745-LC-7\"\n                    src=\"https:\/\/www.camperonline.it\/magazine\/wp-content\/gallery\/autostar-anteprime-2026\/thumbs\/thumbs_22-Naeos-P745-LC-7.jpg\"\n                    width=\"240\"\n                    height=\"160\"\n                    style=\"max-width:100%;\"\n                \/>\n            <\/a>\n        <\/div>\n\t\t\t\t\t\t\t<\/div> \n\t\t\t\n\t\t\t\t<div id=\"ngg-image-24\" class=\"ngg-gallery-thumbnail-box ngg-5-columns\" >\n\t\t\t\t        <div class=\"ngg-gallery-thumbnail\">\n            <a href=\"https:\/\/www.camperonline.it\/magazine\/wp-content\/gallery\/autostar-anteprime-2026\/23-Naeos-P745-LC-9.jpg\"\n               title=\"\"\n               data-src=\"https:\/\/www.camperonline.it\/magazine\/wp-content\/gallery\/autostar-anteprime-2026\/23-Naeos-P745-LC-9.jpg\"\n               data-thumbnail=\"https:\/\/www.camperonline.it\/magazine\/wp-content\/gallery\/autostar-anteprime-2026\/thumbs\/thumbs_23-Naeos-P745-LC-9.jpg\"\n               data-image-id=\"143660\"\n               data-title=\"23-Naeos-P745-LC-9\"\n               data-description=\"\"\n               data-image-slug=\"23-naeos-p745-lc-9\"\n               class=\"ngg-fancybox\" rel=\"e38282e3f8306dfad0ceedfd9809055d\">\n                <img\n                    title=\"23-Naeos-P745-LC-9\"\n                    alt=\"23-Naeos-P745-LC-9\"\n                    src=\"https:\/\/www.camperonline.it\/magazine\/wp-content\/gallery\/autostar-anteprime-2026\/thumbs\/thumbs_23-Naeos-P745-LC-9.jpg\"\n                    width=\"240\"\n                    height=\"160\"\n                    style=\"max-width:100%;\"\n                \/>\n            <\/a>\n        <\/div>\n\t\t\t\t\t\t\t<\/div> \n\t\t\t\n\t\t\t\t<div id=\"ngg-image-25\" class=\"ngg-gallery-thumbnail-box ngg-5-columns\" >\n\t\t\t\t        <div class=\"ngg-gallery-thumbnail\">\n            <a href=\"https:\/\/www.camperonline.it\/magazine\/wp-content\/gallery\/autostar-anteprime-2026\/24-Naeos-P745-LC-39.jpg\"\n               title=\"\"\n               data-src=\"https:\/\/www.camperonline.it\/magazine\/wp-content\/gallery\/autostar-anteprime-2026\/24-Naeos-P745-LC-39.jpg\"\n               data-thumbnail=\"https:\/\/www.camperonline.it\/magazine\/wp-content\/gallery\/autostar-anteprime-2026\/thumbs\/thumbs_24-Naeos-P745-LC-39.jpg\"\n               data-image-id=\"143685\"\n               data-title=\"24-Naeos-P745-LC-39\"\n               data-description=\"\"\n               data-image-slug=\"24-naeos-p745-lc-39\"\n               class=\"ngg-fancybox\" rel=\"e38282e3f8306dfad0ceedfd9809055d\">\n                <img\n                    title=\"24-Naeos-P745-LC-39\"\n                    alt=\"24-Naeos-P745-LC-39\"\n                    src=\"https:\/\/www.camperonline.it\/magazine\/wp-content\/gallery\/autostar-anteprime-2026\/thumbs\/thumbs_24-Naeos-P745-LC-39.jpg\"\n                    width=\"240\"\n                    height=\"160\"\n                    style=\"max-width:100%;\"\n                \/>\n            <\/a>\n        <\/div>\n\t\t\t\t\t\t\t<\/div> \n\t\t\t\n\t\t\t\t<div id=\"ngg-image-26\" class=\"ngg-gallery-thumbnail-box ngg-5-columns\" >\n\t\t\t\t        <div class=\"ngg-gallery-thumbnail\">\n            <a href=\"https:\/\/www.camperonline.it\/magazine\/wp-content\/gallery\/autostar-anteprime-2026\/25-Naeos-P745-LC-32.jpg\"\n               title=\"\"\n               data-src=\"https:\/\/www.camperonline.it\/magazine\/wp-content\/gallery\/autostar-anteprime-2026\/25-Naeos-P745-LC-32.jpg\"\n               data-thumbnail=\"https:\/\/www.camperonline.it\/magazine\/wp-content\/gallery\/autostar-anteprime-2026\/thumbs\/thumbs_25-Naeos-P745-LC-32.jpg\"\n               data-image-id=\"143687\"\n               data-title=\"25-Naeos-P745-LC-32\"\n               data-description=\"\"\n               data-image-slug=\"25-naeos-p745-lc-32\"\n               class=\"ngg-fancybox\" rel=\"e38282e3f8306dfad0ceedfd9809055d\">\n                <img\n                    title=\"25-Naeos-P745-LC-32\"\n                    alt=\"25-Naeos-P745-LC-32\"\n                    src=\"https:\/\/www.camperonline.it\/magazine\/wp-content\/gallery\/autostar-anteprime-2026\/thumbs\/thumbs_25-Naeos-P745-LC-32.jpg\"\n                    width=\"240\"\n                    height=\"160\"\n                    style=\"max-width:100%;\"\n                \/>\n            <\/a>\n        <\/div>\n\t\t\t\t\t\t\t<\/div> \n\t\t\t\n\t\t\t\t<div id=\"ngg-image-27\" class=\"ngg-gallery-thumbnail-box ngg-5-columns\" >\n\t\t\t\t        <div class=\"ngg-gallery-thumbnail\">\n            <a href=\"https:\/\/www.camperonline.it\/magazine\/wp-content\/gallery\/autostar-anteprime-2026\/27-Naeos-P745-LC-36.jpg\"\n               title=\"\"\n               data-src=\"https:\/\/www.camperonline.it\/magazine\/wp-content\/gallery\/autostar-anteprime-2026\/27-Naeos-P745-LC-36.jpg\"\n               data-thumbnail=\"https:\/\/www.camperonline.it\/magazine\/wp-content\/gallery\/autostar-anteprime-2026\/thumbs\/thumbs_27-Naeos-P745-LC-36.jpg\"\n               data-image-id=\"143661\"\n               data-title=\"27-Naeos-P745-LC-36\"\n               data-description=\"\"\n               data-image-slug=\"27-naeos-p745-lc-36\"\n               class=\"ngg-fancybox\" rel=\"e38282e3f8306dfad0ceedfd9809055d\">\n                <img\n                    title=\"27-Naeos-P745-LC-36\"\n                    alt=\"27-Naeos-P745-LC-36\"\n                    src=\"https:\/\/www.camperonline.it\/magazine\/wp-content\/gallery\/autostar-anteprime-2026\/thumbs\/thumbs_27-Naeos-P745-LC-36.jpg\"\n                    width=\"240\"\n                    height=\"160\"\n                    style=\"max-width:100%;\"\n                \/>\n            <\/a>\n        <\/div>\n\t\t\t\t\t\t\t<\/div> \n\t\t\t\n\t\t\t\t<div id=\"ngg-image-28\" class=\"ngg-gallery-thumbnail-box ngg-5-columns\" >\n\t\t\t\t        <div class=\"ngg-gallery-thumbnail\">\n            <a href=\"https:\/\/www.camperonline.it\/magazine\/wp-content\/gallery\/autostar-anteprime-2026\/28-Naeos-P745-LC-34.jpg\"\n               title=\"\"\n               data-src=\"https:\/\/www.camperonline.it\/magazine\/wp-content\/gallery\/autostar-anteprime-2026\/28-Naeos-P745-LC-34.jpg\"\n               data-thumbnail=\"https:\/\/www.camperonline.it\/magazine\/wp-content\/gallery\/autostar-anteprime-2026\/thumbs\/thumbs_28-Naeos-P745-LC-34.jpg\"\n               data-image-id=\"143662\"\n               data-title=\"28-Naeos-P745-LC-34\"\n               data-description=\"\"\n               data-image-slug=\"28-naeos-p745-lc-34\"\n               class=\"ngg-fancybox\" rel=\"e38282e3f8306dfad0ceedfd9809055d\">\n                <img\n                    title=\"28-Naeos-P745-LC-34\"\n                    alt=\"28-Naeos-P745-LC-34\"\n                    src=\"https:\/\/www.camperonline.it\/magazine\/wp-content\/gallery\/autostar-anteprime-2026\/thumbs\/thumbs_28-Naeos-P745-LC-34.jpg\"\n                    width=\"240\"\n                    height=\"160\"\n                    style=\"max-width:100%;\"\n                \/>\n            <\/a>\n        <\/div>\n\t\t\t\t\t\t\t<\/div> \n\t\t\t\n\t\t\t\t<div id=\"ngg-image-29\" class=\"ngg-gallery-thumbnail-box ngg-5-columns\" >\n\t\t\t\t        <div class=\"ngg-gallery-thumbnail\">\n            <a href=\"https:\/\/www.camperonline.it\/magazine\/wp-content\/gallery\/autostar-anteprime-2026\/29-Prestige-760-LJ-21.jpg\"\n               title=\"\"\n               data-src=\"https:\/\/www.camperonline.it\/magazine\/wp-content\/gallery\/autostar-anteprime-2026\/29-Prestige-760-LJ-21.jpg\"\n               data-thumbnail=\"https:\/\/www.camperonline.it\/magazine\/wp-content\/gallery\/autostar-anteprime-2026\/thumbs\/thumbs_29-Prestige-760-LJ-21.jpg\"\n               data-image-id=\"143664\"\n               data-title=\"29-Prestige-760-LJ-21\"\n               data-description=\"\"\n               data-image-slug=\"29-prestige-760-lj-21\"\n               class=\"ngg-fancybox\" rel=\"e38282e3f8306dfad0ceedfd9809055d\">\n                <img\n                    title=\"29-Prestige-760-LJ-21\"\n                    alt=\"29-Prestige-760-LJ-21\"\n                    src=\"https:\/\/www.camperonline.it\/magazine\/wp-content\/gallery\/autostar-anteprime-2026\/thumbs\/thumbs_29-Prestige-760-LJ-21.jpg\"\n                    width=\"240\"\n                    height=\"160\"\n                    style=\"max-width:100%;\"\n                \/>\n            <\/a>\n        <\/div>\n\t\t\t\t\t\t\t<\/div> \n\t\t\t\n\t\t\t\t<div id=\"ngg-image-30\" class=\"ngg-gallery-thumbnail-box ngg-5-columns\" >\n\t\t\t\t        <div class=\"ngg-gallery-thumbnail\">\n            <a href=\"https:\/\/www.camperonline.it\/magazine\/wp-content\/gallery\/autostar-anteprime-2026\/30-Prestige-760-LJ-5.jpg\"\n               title=\"\"\n               data-src=\"https:\/\/www.camperonline.it\/magazine\/wp-content\/gallery\/autostar-anteprime-2026\/30-Prestige-760-LJ-5.jpg\"\n               data-thumbnail=\"https:\/\/www.camperonline.it\/magazine\/wp-content\/gallery\/autostar-anteprime-2026\/thumbs\/thumbs_30-Prestige-760-LJ-5.jpg\"\n               data-image-id=\"143663\"\n               data-title=\"30-Prestige-760-LJ-5\"\n               data-description=\"\"\n               data-image-slug=\"30-prestige-760-lj-5\"\n               class=\"ngg-fancybox\" rel=\"e38282e3f8306dfad0ceedfd9809055d\">\n                <img\n                    title=\"30-Prestige-760-LJ-5\"\n                    alt=\"30-Prestige-760-LJ-5\"\n                    src=\"https:\/\/www.camperonline.it\/magazine\/wp-content\/gallery\/autostar-anteprime-2026\/thumbs\/thumbs_30-Prestige-760-LJ-5.jpg\"\n                    width=\"240\"\n                    height=\"160\"\n                    style=\"max-width:100%;\"\n                \/>\n            <\/a>\n        <\/div>\n\t\t\t\t\t\t\t<\/div> \n\t\t\t\n\t\t\t\t<div id=\"ngg-image-31\" class=\"ngg-gallery-thumbnail-box ngg-5-columns\" >\n\t\t\t\t        <div class=\"ngg-gallery-thumbnail\">\n            <a href=\"https:\/\/www.camperonline.it\/magazine\/wp-content\/gallery\/autostar-anteprime-2026\/31-Prestige-760-LJ-1.jpg\"\n               title=\"\"\n               data-src=\"https:\/\/www.camperonline.it\/magazine\/wp-content\/gallery\/autostar-anteprime-2026\/31-Prestige-760-LJ-1.jpg\"\n               data-thumbnail=\"https:\/\/www.camperonline.it\/magazine\/wp-content\/gallery\/autostar-anteprime-2026\/thumbs\/thumbs_31-Prestige-760-LJ-1.jpg\"\n               data-image-id=\"143665\"\n               data-title=\"31-Prestige-760-LJ-1\"\n               data-description=\"\"\n               data-image-slug=\"31-prestige-760-lj-1\"\n               class=\"ngg-fancybox\" rel=\"e38282e3f8306dfad0ceedfd9809055d\">\n                <img\n                    title=\"31-Prestige-760-LJ-1\"\n                    alt=\"31-Prestige-760-LJ-1\"\n                    src=\"https:\/\/www.camperonline.it\/magazine\/wp-content\/gallery\/autostar-anteprime-2026\/thumbs\/thumbs_31-Prestige-760-LJ-1.jpg\"\n                    width=\"240\"\n                    height=\"160\"\n                    style=\"max-width:100%;\"\n                \/>\n            <\/a>\n        <\/div>\n\t\t\t\t\t\t\t<\/div> \n\t\t\t\n\t\t\t\t<div id=\"ngg-image-32\" class=\"ngg-gallery-thumbnail-box ngg-5-columns\" >\n\t\t\t\t        <div class=\"ngg-gallery-thumbnail\">\n            <a href=\"https:\/\/www.camperonline.it\/magazine\/wp-content\/gallery\/autostar-anteprime-2026\/32-Prestige-760-LJ-2.jpg\"\n               title=\"\"\n               data-src=\"https:\/\/www.camperonline.it\/magazine\/wp-content\/gallery\/autostar-anteprime-2026\/32-Prestige-760-LJ-2.jpg\"\n               data-thumbnail=\"https:\/\/www.camperonline.it\/magazine\/wp-content\/gallery\/autostar-anteprime-2026\/thumbs\/thumbs_32-Prestige-760-LJ-2.jpg\"\n               data-image-id=\"143666\"\n               data-title=\"32-Prestige-760-LJ-2\"\n               data-description=\"\"\n               data-image-slug=\"32-prestige-760-lj-2\"\n               class=\"ngg-fancybox\" rel=\"e38282e3f8306dfad0ceedfd9809055d\">\n                <img\n                    title=\"32-Prestige-760-LJ-2\"\n                    alt=\"32-Prestige-760-LJ-2\"\n                    src=\"https:\/\/www.camperonline.it\/magazine\/wp-content\/gallery\/autostar-anteprime-2026\/thumbs\/thumbs_32-Prestige-760-LJ-2.jpg\"\n                    width=\"240\"\n                    height=\"160\"\n                    style=\"max-width:100%;\"\n                \/>\n            <\/a>\n        <\/div>\n\t\t\t\t\t\t\t<\/div> \n\t\t\t\n\t\t\t\t<div id=\"ngg-image-33\" class=\"ngg-gallery-thumbnail-box ngg-5-columns\" >\n\t\t\t\t        <div class=\"ngg-gallery-thumbnail\">\n            <a href=\"https:\/\/www.camperonline.it\/magazine\/wp-content\/gallery\/autostar-anteprime-2026\/33-Prestige-760-LJ-3.jpg\"\n               title=\"\"\n               data-src=\"https:\/\/www.camperonline.it\/magazine\/wp-content\/gallery\/autostar-anteprime-2026\/33-Prestige-760-LJ-3.jpg\"\n               data-thumbnail=\"https:\/\/www.camperonline.it\/magazine\/wp-content\/gallery\/autostar-anteprime-2026\/thumbs\/thumbs_33-Prestige-760-LJ-3.jpg\"\n               data-image-id=\"143667\"\n               data-title=\"33-Prestige-760-LJ-3\"\n               data-description=\"\"\n               data-image-slug=\"33-prestige-760-lj-3\"\n               class=\"ngg-fancybox\" rel=\"e38282e3f8306dfad0ceedfd9809055d\">\n                <img\n                    title=\"33-Prestige-760-LJ-3\"\n                    alt=\"33-Prestige-760-LJ-3\"\n                    src=\"https:\/\/www.camperonline.it\/magazine\/wp-content\/gallery\/autostar-anteprime-2026\/thumbs\/thumbs_33-Prestige-760-LJ-3.jpg\"\n                    width=\"240\"\n                    height=\"160\"\n                    style=\"max-width:100%;\"\n                \/>\n            <\/a>\n        <\/div>\n\t\t\t\t\t\t\t<\/div> \n\t\t\t\n\t\t\t\t<div id=\"ngg-image-34\" class=\"ngg-gallery-thumbnail-box ngg-5-columns\" >\n\t\t\t\t        <div class=\"ngg-gallery-thumbnail\">\n            <a href=\"https:\/\/www.camperonline.it\/magazine\/wp-content\/gallery\/autostar-anteprime-2026\/34-Prestige-760-LJ-15.jpg\"\n               title=\"\"\n               data-src=\"https:\/\/www.camperonline.it\/magazine\/wp-content\/gallery\/autostar-anteprime-2026\/34-Prestige-760-LJ-15.jpg\"\n               data-thumbnail=\"https:\/\/www.camperonline.it\/magazine\/wp-content\/gallery\/autostar-anteprime-2026\/thumbs\/thumbs_34-Prestige-760-LJ-15.jpg\"\n               data-image-id=\"143688\"\n               data-title=\"34-Prestige-760-LJ-15\"\n               data-description=\"\"\n               data-image-slug=\"34-prestige-760-lj-15\"\n               class=\"ngg-fancybox\" rel=\"e38282e3f8306dfad0ceedfd9809055d\">\n                <img\n                    title=\"34-Prestige-760-LJ-15\"\n                    alt=\"34-Prestige-760-LJ-15\"\n                    src=\"https:\/\/www.camperonline.it\/magazine\/wp-content\/gallery\/autostar-anteprime-2026\/thumbs\/thumbs_34-Prestige-760-LJ-15.jpg\"\n                    width=\"240\"\n                    height=\"160\"\n                    style=\"max-width:100%;\"\n                \/>\n            <\/a>\n        <\/div>\n\t\t\t\t\t\t\t<\/div> \n\t\t\t\n\t\t\t\t<div id=\"ngg-image-35\" class=\"ngg-gallery-thumbnail-box ngg-5-columns\" >\n\t\t\t\t        <div class=\"ngg-gallery-thumbnail\">\n            <a href=\"https:\/\/www.camperonline.it\/magazine\/wp-content\/gallery\/autostar-anteprime-2026\/35-Prestige-760-LJ-16.jpg\"\n               title=\"\"\n               data-src=\"https:\/\/www.camperonline.it\/magazine\/wp-content\/gallery\/autostar-anteprime-2026\/35-Prestige-760-LJ-16.jpg\"\n               data-thumbnail=\"https:\/\/www.camperonline.it\/magazine\/wp-content\/gallery\/autostar-anteprime-2026\/thumbs\/thumbs_35-Prestige-760-LJ-16.jpg\"\n               data-image-id=\"143668\"\n               data-title=\"35-Prestige-760-LJ-16\"\n               data-description=\"\"\n               data-image-slug=\"35-prestige-760-lj-16\"\n               class=\"ngg-fancybox\" rel=\"e38282e3f8306dfad0ceedfd9809055d\">\n                <img\n                    title=\"35-Prestige-760-LJ-16\"\n                    alt=\"35-Prestige-760-LJ-16\"\n                    src=\"https:\/\/www.camperonline.it\/magazine\/wp-content\/gallery\/autostar-anteprime-2026\/thumbs\/thumbs_35-Prestige-760-LJ-16.jpg\"\n                    width=\"240\"\n                    height=\"160\"\n                    style=\"max-width:100%;\"\n                \/>\n            <\/a>\n        <\/div>\n\t\t\t\t\t\t\t<\/div> \n\t\t\t\n\t\t\t\t<div id=\"ngg-image-36\" class=\"ngg-gallery-thumbnail-box ngg-5-columns\" >\n\t\t\t\t        <div class=\"ngg-gallery-thumbnail\">\n            <a href=\"https:\/\/www.camperonline.it\/magazine\/wp-content\/gallery\/autostar-anteprime-2026\/36-Prestige-760-LJ-13.jpg\"\n               title=\"\"\n               data-src=\"https:\/\/www.camperonline.it\/magazine\/wp-content\/gallery\/autostar-anteprime-2026\/36-Prestige-760-LJ-13.jpg\"\n               data-thumbnail=\"https:\/\/www.camperonline.it\/magazine\/wp-content\/gallery\/autostar-anteprime-2026\/thumbs\/thumbs_36-Prestige-760-LJ-13.jpg\"\n               data-image-id=\"143670\"\n               data-title=\"36-Prestige-760-LJ-13\"\n               data-description=\"\"\n               data-image-slug=\"36-prestige-760-lj-13\"\n               class=\"ngg-fancybox\" rel=\"e38282e3f8306dfad0ceedfd9809055d\">\n                <img\n                    title=\"36-Prestige-760-LJ-13\"\n                    alt=\"36-Prestige-760-LJ-13\"\n                    src=\"https:\/\/www.camperonline.it\/magazine\/wp-content\/gallery\/autostar-anteprime-2026\/thumbs\/thumbs_36-Prestige-760-LJ-13.jpg\"\n                    width=\"240\"\n                    height=\"160\"\n                    style=\"max-width:100%;\"\n                \/>\n            <\/a>\n        <\/div>\n\t\t\t\t\t\t\t<\/div> \n\t\t\t\n\t\t\t\t<div id=\"ngg-image-37\" class=\"ngg-gallery-thumbnail-box ngg-5-columns\" >\n\t\t\t\t        <div class=\"ngg-gallery-thumbnail\">\n            <a href=\"https:\/\/www.camperonline.it\/magazine\/wp-content\/gallery\/autostar-anteprime-2026\/37-Prestige-760-LJ-12.jpg\"\n               title=\"\"\n               data-src=\"https:\/\/www.camperonline.it\/magazine\/wp-content\/gallery\/autostar-anteprime-2026\/37-Prestige-760-LJ-12.jpg\"\n               data-thumbnail=\"https:\/\/www.camperonline.it\/magazine\/wp-content\/gallery\/autostar-anteprime-2026\/thumbs\/thumbs_37-Prestige-760-LJ-12.jpg\"\n               data-image-id=\"143669\"\n               data-title=\"37-Prestige-760-LJ-12\"\n               data-description=\"\"\n               data-image-slug=\"37-prestige-760-lj-12\"\n               class=\"ngg-fancybox\" rel=\"e38282e3f8306dfad0ceedfd9809055d\">\n                <img\n                    title=\"37-Prestige-760-LJ-12\"\n                    alt=\"37-Prestige-760-LJ-12\"\n                    src=\"https:\/\/www.camperonline.it\/magazine\/wp-content\/gallery\/autostar-anteprime-2026\/thumbs\/thumbs_37-Prestige-760-LJ-12.jpg\"\n                    width=\"240\"\n                    height=\"160\"\n                    style=\"max-width:100%;\"\n                \/>\n            <\/a>\n        <\/div>\n\t\t\t\t\t\t\t<\/div> \n\t\t\t\n\t\t\t\t<div id=\"ngg-image-38\" class=\"ngg-gallery-thumbnail-box ngg-5-columns\" >\n\t\t\t\t        <div class=\"ngg-gallery-thumbnail\">\n            <a href=\"https:\/\/www.camperonline.it\/magazine\/wp-content\/gallery\/autostar-anteprime-2026\/38-Prestige-760-LJ-8.jpg\"\n               title=\"\"\n               data-src=\"https:\/\/www.camperonline.it\/magazine\/wp-content\/gallery\/autostar-anteprime-2026\/38-Prestige-760-LJ-8.jpg\"\n               data-thumbnail=\"https:\/\/www.camperonline.it\/magazine\/wp-content\/gallery\/autostar-anteprime-2026\/thumbs\/thumbs_38-Prestige-760-LJ-8.jpg\"\n               data-image-id=\"143689\"\n               data-title=\"38-Prestige-760-LJ-8\"\n               data-description=\"\"\n               data-image-slug=\"38-prestige-760-lj-8\"\n               class=\"ngg-fancybox\" rel=\"e38282e3f8306dfad0ceedfd9809055d\">\n                <img\n                    title=\"38-Prestige-760-LJ-8\"\n                    alt=\"38-Prestige-760-LJ-8\"\n                    src=\"https:\/\/www.camperonline.it\/magazine\/wp-content\/gallery\/autostar-anteprime-2026\/thumbs\/thumbs_38-Prestige-760-LJ-8.jpg\"\n                    width=\"240\"\n                    height=\"160\"\n                    style=\"max-width:100%;\"\n                \/>\n            <\/a>\n        <\/div>\n\t\t\t\t\t\t\t<\/div> \n\t\t\t\n\t\t\t\t<div id=\"ngg-image-39\" class=\"ngg-gallery-thumbnail-box ngg-5-columns\" >\n\t\t\t\t        <div class=\"ngg-gallery-thumbnail\">\n            <a href=\"https:\/\/www.camperonline.it\/magazine\/wp-content\/gallery\/autostar-anteprime-2026\/39-Prestige-760-LJ-9.jpg\"\n               title=\"\"\n               data-src=\"https:\/\/www.camperonline.it\/magazine\/wp-content\/gallery\/autostar-anteprime-2026\/39-Prestige-760-LJ-9.jpg\"\n               data-thumbnail=\"https:\/\/www.camperonline.it\/magazine\/wp-content\/gallery\/autostar-anteprime-2026\/thumbs\/thumbs_39-Prestige-760-LJ-9.jpg\"\n               data-image-id=\"143671\"\n               data-title=\"39-Prestige-760-LJ-9\"\n               data-description=\"\"\n               data-image-slug=\"39-prestige-760-lj-9\"\n               class=\"ngg-fancybox\" rel=\"e38282e3f8306dfad0ceedfd9809055d\">\n                <img\n                    title=\"39-Prestige-760-LJ-9\"\n                    alt=\"39-Prestige-760-LJ-9\"\n                    src=\"https:\/\/www.camperonline.it\/magazine\/wp-content\/gallery\/autostar-anteprime-2026\/thumbs\/thumbs_39-Prestige-760-LJ-9.jpg\"\n                    width=\"240\"\n                    height=\"160\"\n                    style=\"max-width:100%;\"\n                \/>\n            <\/a>\n        <\/div>\n\t\t\t\t\t\t\t<\/div> \n\t\t\t\n\t\t\t\t<div id=\"ngg-image-40\" class=\"ngg-gallery-thumbnail-box ngg-5-columns\" >\n\t\t\t\t        <div class=\"ngg-gallery-thumbnail\">\n            <a href=\"https:\/\/www.camperonline.it\/magazine\/wp-content\/gallery\/autostar-anteprime-2026\/40-Prestige-760-LJ-11.jpg\"\n               title=\"\"\n               data-src=\"https:\/\/www.camperonline.it\/magazine\/wp-content\/gallery\/autostar-anteprime-2026\/40-Prestige-760-LJ-11.jpg\"\n               data-thumbnail=\"https:\/\/www.camperonline.it\/magazine\/wp-content\/gallery\/autostar-anteprime-2026\/thumbs\/thumbs_40-Prestige-760-LJ-11.jpg\"\n               data-image-id=\"143672\"\n               data-title=\"40-Prestige-760-LJ-11\"\n               data-description=\"\"\n               data-image-slug=\"40-prestige-760-lj-11\"\n               class=\"ngg-fancybox\" rel=\"e38282e3f8306dfad0ceedfd9809055d\">\n                <img\n                    title=\"40-Prestige-760-LJ-11\"\n                    alt=\"40-Prestige-760-LJ-11\"\n                    src=\"https:\/\/www.camperonline.it\/magazine\/wp-content\/gallery\/autostar-anteprime-2026\/thumbs\/thumbs_40-Prestige-760-LJ-11.jpg\"\n                    width=\"240\"\n                    height=\"160\"\n                    style=\"max-width:100%;\"\n                \/>\n            <\/a>\n        <\/div>\n\t\t\t\t\t\t\t<\/div> \n\t\t\t\n\t\t\t\t<div id=\"ngg-image-41\" class=\"ngg-gallery-thumbnail-box ngg-5-columns\" >\n\t\t\t\t        <div class=\"ngg-gallery-thumbnail\">\n            <a href=\"https:\/\/www.camperonline.it\/magazine\/wp-content\/gallery\/autostar-anteprime-2026\/41-Prestige-760-LJ-10.jpg\"\n               title=\"\"\n               data-src=\"https:\/\/www.camperonline.it\/magazine\/wp-content\/gallery\/autostar-anteprime-2026\/41-Prestige-760-LJ-10.jpg\"\n               data-thumbnail=\"https:\/\/www.camperonline.it\/magazine\/wp-content\/gallery\/autostar-anteprime-2026\/thumbs\/thumbs_41-Prestige-760-LJ-10.jpg\"\n               data-image-id=\"143675\"\n               data-title=\"41-Prestige-760-LJ-10\"\n               data-description=\"\"\n               data-image-slug=\"41-prestige-760-lj-10\"\n               class=\"ngg-fancybox\" rel=\"e38282e3f8306dfad0ceedfd9809055d\">\n                <img\n                    title=\"41-Prestige-760-LJ-10\"\n                    alt=\"41-Prestige-760-LJ-10\"\n                    src=\"https:\/\/www.camperonline.it\/magazine\/wp-content\/gallery\/autostar-anteprime-2026\/thumbs\/thumbs_41-Prestige-760-LJ-10.jpg\"\n                    width=\"240\"\n                    height=\"160\"\n                    style=\"max-width:100%;\"\n                \/>\n            <\/a>\n        <\/div>\n\t\t\t\t\t\t\t<\/div> \n\t\t\t\n\t\t\t\t<div id=\"ngg-image-42\" class=\"ngg-gallery-thumbnail-box ngg-5-columns\" >\n\t\t\t\t        <div class=\"ngg-gallery-thumbnail\">\n            <a href=\"https:\/\/www.camperonline.it\/magazine\/wp-content\/gallery\/autostar-anteprime-2026\/42-Prestige-760-LJ-17.jpg\"\n               title=\"\"\n               data-src=\"https:\/\/www.camperonline.it\/magazine\/wp-content\/gallery\/autostar-anteprime-2026\/42-Prestige-760-LJ-17.jpg\"\n               data-thumbnail=\"https:\/\/www.camperonline.it\/magazine\/wp-content\/gallery\/autostar-anteprime-2026\/thumbs\/thumbs_42-Prestige-760-LJ-17.jpg\"\n               data-image-id=\"143690\"\n               data-title=\"42-Prestige-760-LJ-17\"\n               data-description=\"\"\n               data-image-slug=\"42-prestige-760-lj-17\"\n               class=\"ngg-fancybox\" rel=\"e38282e3f8306dfad0ceedfd9809055d\">\n                <img\n                    title=\"42-Prestige-760-LJ-17\"\n                    alt=\"42-Prestige-760-LJ-17\"\n                    src=\"https:\/\/www.camperonline.it\/magazine\/wp-content\/gallery\/autostar-anteprime-2026\/thumbs\/thumbs_42-Prestige-760-LJ-17.jpg\"\n                    width=\"240\"\n                    height=\"160\"\n                    style=\"max-width:100%;\"\n                \/>\n            <\/a>\n        <\/div>\n\t\t\t\t\t\t\t<\/div> \n\t\t\t\n\t\t\t\t<div id=\"ngg-image-43\" class=\"ngg-gallery-thumbnail-box ngg-5-columns\" >\n\t\t\t\t        <div class=\"ngg-gallery-thumbnail\">\n            <a href=\"https:\/\/www.camperonline.it\/magazine\/wp-content\/gallery\/autostar-anteprime-2026\/43-Prestige-760-LJ-22.jpg\"\n               title=\"\"\n               data-src=\"https:\/\/www.camperonline.it\/magazine\/wp-content\/gallery\/autostar-anteprime-2026\/43-Prestige-760-LJ-22.jpg\"\n               data-thumbnail=\"https:\/\/www.camperonline.it\/magazine\/wp-content\/gallery\/autostar-anteprime-2026\/thumbs\/thumbs_43-Prestige-760-LJ-22.jpg\"\n               data-image-id=\"143673\"\n               data-title=\"43-Prestige-760-LJ-22\"\n               data-description=\"\"\n               data-image-slug=\"43-prestige-760-lj-22\"\n               class=\"ngg-fancybox\" rel=\"e38282e3f8306dfad0ceedfd9809055d\">\n                <img\n                    title=\"43-Prestige-760-LJ-22\"\n                    alt=\"43-Prestige-760-LJ-22\"\n                    src=\"https:\/\/www.camperonline.it\/magazine\/wp-content\/gallery\/autostar-anteprime-2026\/thumbs\/thumbs_43-Prestige-760-LJ-22.jpg\"\n                    width=\"240\"\n                    height=\"160\"\n                    style=\"max-width:100%;\"\n                \/>\n            <\/a>\n        <\/div>\n\t\t\t\t\t\t\t<\/div> \n\t\t\t\n\t\t\t\t<div id=\"ngg-image-44\" class=\"ngg-gallery-thumbnail-box ngg-5-columns\" >\n\t\t\t\t        <div class=\"ngg-gallery-thumbnail\">\n            <a href=\"https:\/\/www.camperonline.it\/magazine\/wp-content\/gallery\/autostar-anteprime-2026\/44-Prestige-760-LJ-32.jpg\"\n               title=\"\"\n               data-src=\"https:\/\/www.camperonline.it\/magazine\/wp-content\/gallery\/autostar-anteprime-2026\/44-Prestige-760-LJ-32.jpg\"\n               data-thumbnail=\"https:\/\/www.camperonline.it\/magazine\/wp-content\/gallery\/autostar-anteprime-2026\/thumbs\/thumbs_44-Prestige-760-LJ-32.jpg\"\n               data-image-id=\"143674\"\n               data-title=\"44-Prestige-760-LJ-32\"\n               data-description=\"\"\n               data-image-slug=\"44-prestige-760-lj-32\"\n               class=\"ngg-fancybox\" rel=\"e38282e3f8306dfad0ceedfd9809055d\">\n                <img\n                    title=\"44-Prestige-760-LJ-32\"\n                    alt=\"44-Prestige-760-LJ-32\"\n                    src=\"https:\/\/www.camperonline.it\/magazine\/wp-content\/gallery\/autostar-anteprime-2026\/thumbs\/thumbs_44-Prestige-760-LJ-32.jpg\"\n                    width=\"240\"\n                    height=\"160\"\n                    style=\"max-width:100%;\"\n                \/>\n            <\/a>\n        <\/div>\n\t\t\t\t\t\t\t<\/div> \n\t\t\t\n\t\t\t\t<div id=\"ngg-image-45\" class=\"ngg-gallery-thumbnail-box ngg-5-columns\" >\n\t\t\t\t        <div class=\"ngg-gallery-thumbnail\">\n            <a href=\"https:\/\/www.camperonline.it\/magazine\/wp-content\/gallery\/autostar-anteprime-2026\/45-Prestige-760-LJ-19.jpg\"\n               title=\"\"\n               data-src=\"https:\/\/www.camperonline.it\/magazine\/wp-content\/gallery\/autostar-anteprime-2026\/45-Prestige-760-LJ-19.jpg\"\n               data-thumbnail=\"https:\/\/www.camperonline.it\/magazine\/wp-content\/gallery\/autostar-anteprime-2026\/thumbs\/thumbs_45-Prestige-760-LJ-19.jpg\"\n               data-image-id=\"143676\"\n               data-title=\"45-Prestige-760-LJ-19\"\n               data-description=\"\"\n               data-image-slug=\"45-prestige-760-lj-19\"\n               class=\"ngg-fancybox\" rel=\"e38282e3f8306dfad0ceedfd9809055d\">\n                <img\n                    title=\"45-Prestige-760-LJ-19\"\n                    alt=\"45-Prestige-760-LJ-19\"\n                    src=\"https:\/\/www.camperonline.it\/magazine\/wp-content\/gallery\/autostar-anteprime-2026\/thumbs\/thumbs_45-Prestige-760-LJ-19.jpg\"\n                    width=\"240\"\n                    height=\"160\"\n                    style=\"max-width:100%;\"\n                \/>\n            <\/a>\n        <\/div>\n\t\t\t\t\t\t\t<\/div> \n\t\t\t\n\t\t\t\t<div id=\"ngg-image-46\" class=\"ngg-gallery-thumbnail-box ngg-5-columns\" >\n\t\t\t\t        <div class=\"ngg-gallery-thumbnail\">\n            <a href=\"https:\/\/www.camperonline.it\/magazine\/wp-content\/gallery\/autostar-anteprime-2026\/46-Prestige-760-LJ-26.jpg\"\n               title=\"\"\n               data-src=\"https:\/\/www.camperonline.it\/magazine\/wp-content\/gallery\/autostar-anteprime-2026\/46-Prestige-760-LJ-26.jpg\"\n               data-thumbnail=\"https:\/\/www.camperonline.it\/magazine\/wp-content\/gallery\/autostar-anteprime-2026\/thumbs\/thumbs_46-Prestige-760-LJ-26.jpg\"\n               data-image-id=\"143677\"\n               data-title=\"46-Prestige-760-LJ-26\"\n               data-description=\"\"\n               data-image-slug=\"46-prestige-760-lj-26\"\n               class=\"ngg-fancybox\" rel=\"e38282e3f8306dfad0ceedfd9809055d\">\n                <img\n                    title=\"46-Prestige-760-LJ-26\"\n                    alt=\"46-Prestige-760-LJ-26\"\n                    src=\"https:\/\/www.camperonline.it\/magazine\/wp-content\/gallery\/autostar-anteprime-2026\/thumbs\/thumbs_46-Prestige-760-LJ-26.jpg\"\n                    width=\"240\"\n                    height=\"160\"\n                    style=\"max-width:100%;\"\n                \/>\n            <\/a>\n        <\/div>\n\t\t\t\t\t\t\t<\/div> \n\t\t\t\n\t\t\t\t<div id=\"ngg-image-47\" class=\"ngg-gallery-thumbnail-box ngg-5-columns\" >\n\t\t\t\t        <div class=\"ngg-gallery-thumbnail\">\n            <a href=\"https:\/\/www.camperonline.it\/magazine\/wp-content\/gallery\/autostar-anteprime-2026\/47-Prestige-760-LJ-25.jpg\"\n               title=\"\"\n               data-src=\"https:\/\/www.camperonline.it\/magazine\/wp-content\/gallery\/autostar-anteprime-2026\/47-Prestige-760-LJ-25.jpg\"\n               data-thumbnail=\"https:\/\/www.camperonline.it\/magazine\/wp-content\/gallery\/autostar-anteprime-2026\/thumbs\/thumbs_47-Prestige-760-LJ-25.jpg\"\n               data-image-id=\"143678\"\n               data-title=\"47-Prestige-760-LJ-25\"\n               data-description=\"\"\n               data-image-slug=\"47-prestige-760-lj-25\"\n               class=\"ngg-fancybox\" rel=\"e38282e3f8306dfad0ceedfd9809055d\">\n                <img\n                    title=\"47-Prestige-760-LJ-25\"\n                    alt=\"47-Prestige-760-LJ-25\"\n                    src=\"https:\/\/www.camperonline.it\/magazine\/wp-content\/gallery\/autostar-anteprime-2026\/thumbs\/thumbs_47-Prestige-760-LJ-25.jpg\"\n                    width=\"240\"\n                    height=\"160\"\n                    style=\"max-width:100%;\"\n                \/>\n            <\/a>\n        <\/div>\n\t\t\t\t\t\t\t<\/div> \n\t\t\t\n\t\t\t\t<div id=\"ngg-image-48\" class=\"ngg-gallery-thumbnail-box ngg-5-columns\" >\n\t\t\t\t        <div class=\"ngg-gallery-thumbnail\">\n            <a href=\"https:\/\/www.camperonline.it\/magazine\/wp-content\/gallery\/autostar-anteprime-2026\/48-Prestige-760-LJ-27.jpg\"\n               title=\"\"\n               data-src=\"https:\/\/www.camperonline.it\/magazine\/wp-content\/gallery\/autostar-anteprime-2026\/48-Prestige-760-LJ-27.jpg\"\n               data-thumbnail=\"https:\/\/www.camperonline.it\/magazine\/wp-content\/gallery\/autostar-anteprime-2026\/thumbs\/thumbs_48-Prestige-760-LJ-27.jpg\"\n               data-image-id=\"143679\"\n               data-title=\"48-Prestige-760-LJ-27\"\n               data-description=\"\"\n               data-image-slug=\"48-prestige-760-lj-27\"\n               class=\"ngg-fancybox\" rel=\"e38282e3f8306dfad0ceedfd9809055d\">\n                <img\n                    title=\"48-Prestige-760-LJ-27\"\n                    alt=\"48-Prestige-760-LJ-27\"\n                    src=\"https:\/\/www.camperonline.it\/magazine\/wp-content\/gallery\/autostar-anteprime-2026\/thumbs\/thumbs_48-Prestige-760-LJ-27.jpg\"\n                    width=\"240\"\n                    height=\"160\"\n                    style=\"max-width:100%;\"\n                \/>\n            <\/a>\n        <\/div>\n\t\t\t\t\t\t\t<\/div> \n\t\t\t\n\t\t\t\t<div id=\"ngg-image-49\" class=\"ngg-gallery-thumbnail-box ngg-5-columns\" >\n\t\t\t\t        <div class=\"ngg-gallery-thumbnail\">\n            <a href=\"https:\/\/www.camperonline.it\/magazine\/wp-content\/gallery\/autostar-anteprime-2026\/49-Prestige-760-LJ-30.jpg\"\n               title=\"\"\n               data-src=\"https:\/\/www.camperonline.it\/magazine\/wp-content\/gallery\/autostar-anteprime-2026\/49-Prestige-760-LJ-30.jpg\"\n               data-thumbnail=\"https:\/\/www.camperonline.it\/magazine\/wp-content\/gallery\/autostar-anteprime-2026\/thumbs\/thumbs_49-Prestige-760-LJ-30.jpg\"\n               data-image-id=\"143680\"\n               data-title=\"49-Prestige-760-LJ-30\"\n               data-description=\"\"\n               data-image-slug=\"49-prestige-760-lj-30\"\n               class=\"ngg-fancybox\" rel=\"e38282e3f8306dfad0ceedfd9809055d\">\n                <img\n                    title=\"49-Prestige-760-LJ-30\"\n                    alt=\"49-Prestige-760-LJ-30\"\n                    src=\"https:\/\/www.camperonline.it\/magazine\/wp-content\/gallery\/autostar-anteprime-2026\/thumbs\/thumbs_49-Prestige-760-LJ-30.jpg\"\n                    width=\"240\"\n                    height=\"160\"\n                    style=\"max-width:100%;\"\n                \/>\n            <\/a>\n        <\/div>\n\t\t\t\t\t\t\t<\/div> \n\t\t\t\n\t\n\t<br style=\"clear: both\" \/>\n\n\t\t<div class=\"slideshowlink\">\n        <a href='https:\/\/www.camperonline.it\/magazine\/2026\/09\/02\/anteprime-e-novita-2027-autostar\/nggallery\/slideshow'>[Mostra slideshow]<\/a>\n\t\t\n\t<\/div>\n\t\n\t\t<!-- Pagination -->\n\t<div class='ngg-clear'><\/div>\t<\/div>\n\n","protected":false},"excerpt":{"rendered":"<p>Presentati i nuovi modelli Naeos, dallo stile particolare, e ci sono alcune modifiche alle gamme gi\u00e0 note<\/p>\n","protected":false},"author":23,"featured_media":365367,"comment_status":"closed","ping_status":"open","sticky":false,"template":"","format":"standard","meta":{"ngg_post_thumbnail":0},"categories":[7775,217,1000,7],"tags":[7780,2676,715,7809,3016],"yoast_head":"<!-- This site is optimized with the Yoast SEO plugin v18.6 - https:\/\/yoast.com\/wordpress\/plugins\/seo\/ -->\n<title>Anteprime e Novit\u00e0 2027: Autostar - CamperOnLine Magazine<\/title>\n<meta name=\"description\" content=\"Presentati i nuovi modelli Naeos, dallo stile particolare, e ci sono alcune modifiche alle gamme gi\u00e0 note La stagione 2027 si preannuncia ricca di novit\u00e0\" \/>\n<meta name=\"robots\" content=\"index, follow, max-snippet:-1, max-image-preview:large, max-video-preview:-1\" \/>\n<link rel=\"canonical\" href=\"https:\/\/www.camperonline.it\/magazine\/2026\/09\/02\/anteprime-e-novita-2027-autostar\/\" \/>\n<meta property=\"og:locale\" content=\"it_IT\" \/>\n<meta property=\"og:type\" content=\"article\" \/>\n<meta property=\"og:title\" content=\"Anteprime e Novit\u00e0 2027: Autostar - CamperOnLine Magazine\" \/>\n<meta property=\"og:description\" content=\"Presentati i nuovi modelli Naeos, dallo stile particolare, e ci sono alcune modifiche alle gamme gi\u00e0 note La stagione 2027 si preannuncia ricca di novit\u00e0\" \/>\n<meta property=\"og:url\" content=\"https:\/\/www.camperonline.it\/magazine\/2026\/09\/02\/anteprime-e-novita-2027-autostar\/\" \/>\n<meta property=\"og:site_name\" content=\"CamperOnLine Magazine\" \/>\n<meta property=\"article:published_time\" content=\"2026-09-02T14:49:38+00:00\" \/>\n<meta property=\"article:modified_time\" content=\"2026-09-02T14:48:21+00:00\" \/>\n<meta property=\"og:image\" content=\"https:\/\/www.camperonline.it\/magazine\/wp-content\/uploads\/2026\/07\/COVER-ANTE-SCRITTE-2027-AUTOSTAR-Copia.jpg\" \/>\n\t<meta property=\"og:image:width\" content=\"630\" \/>\n\t<meta property=\"og:image:height\" content=\"355\" \/>\n\t<meta property=\"og:image:type\" content=\"image\/jpeg\" \/>\n<meta name=\"twitter:card\" content=\"summary_large_image\" \/>\n<script type=\"application\/ld+json\" class=\"yoast-schema-graph\">{\"@context\":\"https:\/\/schema.org\",\"@graph\":[{\"@type\":\"WebSite\",\"@id\":\"https:\/\/www.camperonline.it\/magazine\/#website\",\"url\":\"https:\/\/www.camperonline.it\/magazine\/\",\"name\":\"CamperOnLine Magazine\",\"description\":\"Viaggi in camper, test, video, destinazioni, vacanze\",\"potentialAction\":[{\"@type\":\"SearchAction\",\"target\":{\"@type\":\"EntryPoint\",\"urlTemplate\":\"https:\/\/www.camperonline.it\/magazine\/?s={search_term_string}\"},\"query-input\":\"required name=search_term_string\"}],\"inLanguage\":\"it-IT\"},{\"@type\":\"ImageObject\",\"@id\":\"https:\/\/www.camperonline.it\/magazine\/2026\/09\/02\/anteprime-e-novita-2027-autostar\/#primaryimage\",\"inLanguage\":\"it-IT\",\"url\":\"https:\/\/www.camperonline.it\/magazine\/wp-content\/uploads\/2026\/07\/COVER-ANTE-SCRITTE-2027-AUTOSTAR-Copia.jpg\",\"contentUrl\":\"https:\/\/www.camperonline.it\/magazine\/wp-content\/uploads\/2026\/07\/COVER-ANTE-SCRITTE-2027-AUTOSTAR-Copia.jpg\",\"width\":630,\"height\":355},{\"@type\":\"WebPage\",\"@id\":\"https:\/\/www.camperonline.it\/magazine\/2026\/09\/02\/anteprime-e-novita-2027-autostar\/#webpage\",\"url\":\"https:\/\/www.camperonline.it\/magazine\/2026\/09\/02\/anteprime-e-novita-2027-autostar\/\",\"name\":\"Anteprime e Novit\u00e0 2027: Autostar - CamperOnLine Magazine\",\"isPartOf\":{\"@id\":\"https:\/\/www.camperonline.it\/magazine\/#website\"},\"primaryImageOfPage\":{\"@id\":\"https:\/\/www.camperonline.it\/magazine\/2026\/09\/02\/anteprime-e-novita-2027-autostar\/#primaryimage\"},\"datePublished\":\"2026-09-02T14:49:38+00:00\",\"dateModified\":\"2026-09-02T14:48:21+00:00\",\"author\":{\"@id\":\"https:\/\/www.camperonline.it\/magazine\/#\/schema\/person\/cc776d866d3248597db92e2aa8bfc3f3\"},\"description\":\"Presentati i nuovi modelli Naeos, dallo stile particolare, e ci sono alcune modifiche alle gamme gi\u00e0 note La stagione 2027 si preannuncia ricca di novit\u00e0\",\"breadcrumb\":{\"@id\":\"https:\/\/www.camperonline.it\/magazine\/2026\/09\/02\/anteprime-e-novita-2027-autostar\/#breadcrumb\"},\"inLanguage\":\"it-IT\",\"potentialAction\":[{\"@type\":\"ReadAction\",\"target\":[\"https:\/\/www.camperonline.it\/magazine\/2026\/09\/02\/anteprime-e-novita-2027-autostar\/\"]}]},{\"@type\":\"BreadcrumbList\",\"@id\":\"https:\/\/www.camperonline.it\/magazine\/2026\/09\/02\/anteprime-e-novita-2027-autostar\/#breadcrumb\",\"itemListElement\":[{\"@type\":\"ListItem\",\"position\":1,\"name\":\"Home\",\"item\":\"https:\/\/www.camperonline.it\/magazine\/\"},{\"@type\":\"ListItem\",\"position\":2,\"name\":\"Anteprime e Novit\u00e0 2027: Autostar\"}]},{\"@type\":\"Person\",\"@id\":\"https:\/\/www.camperonline.it\/magazine\/#\/schema\/person\/cc776d866d3248597db92e2aa8bfc3f3\",\"name\":\"Renato Antonini\",\"url\":\"https:\/\/www.camperonline.it\/magazine\/author\/renato\/\"}]}<\/script>\n<!-- \/ Yoast SEO plugin. -->","yoast_head_json":{"title":"Anteprime e Novit\u00e0 2027: Autostar - CamperOnLine Magazine","description":"Presentati i nuovi modelli Naeos, dallo stile particolare, e ci sono alcune modifiche alle gamme gi\u00e0 note La stagione 2027 si preannuncia ricca di novit\u00e0","robots":{"index":"index","follow":"follow","max-snippet":"max-snippet:-1","max-image-preview":"max-image-preview:large","max-video-preview":"max-video-preview:-1"},"canonical":"https:\/\/www.camperonline.it\/magazine\/2026\/09\/02\/anteprime-e-novita-2027-autostar\/","og_locale":"it_IT","og_type":"article","og_title":"Anteprime e Novit\u00e0 2027: Autostar - CamperOnLine Magazine","og_description":"Presentati i nuovi modelli Naeos, dallo stile particolare, e ci sono alcune modifiche alle gamme gi\u00e0 note La stagione 2027 si preannuncia ricca di novit\u00e0","og_url":"https:\/\/www.camperonline.it\/magazine\/2026\/09\/02\/anteprime-e-novita-2027-autostar\/","og_site_name":"CamperOnLine Magazine","article_published_time":"2026-09-02T14:49:38+00:00","article_modified_time":"2026-09-02T14:48:21+00:00","og_image":[{"width":630,"height":355,"url":"https:\/\/www.camperonline.it\/magazine\/wp-content\/uploads\/2026\/07\/COVER-ANTE-SCRITTE-2027-AUTOSTAR-Copia.jpg","type":"image\/jpeg"}],"twitter_card":"summary_large_image","schema":{"@context":"https:\/\/schema.org","@graph":[{"@type":"WebSite","@id":"https:\/\/www.camperonline.it\/magazine\/#website","url":"https:\/\/www.camperonline.it\/magazine\/","name":"CamperOnLine Magazine","description":"Viaggi in camper, test, video, destinazioni, vacanze","potentialAction":[{"@type":"SearchAction","target":{"@type":"EntryPoint","urlTemplate":"https:\/\/www.camperonline.it\/magazine\/?s={search_term_string}"},"query-input":"required name=search_term_string"}],"inLanguage":"it-IT"},{"@type":"ImageObject","@id":"https:\/\/www.camperonline.it\/magazine\/2026\/09\/02\/anteprime-e-novita-2027-autostar\/#primaryimage","inLanguage":"it-IT","url":"https:\/\/www.camperonline.it\/magazine\/wp-content\/uploads\/2026\/07\/COVER-ANTE-SCRITTE-2027-AUTOSTAR-Copia.jpg","contentUrl":"https:\/\/www.camperonline.it\/magazine\/wp-content\/uploads\/2026\/07\/COVER-ANTE-SCRITTE-2027-AUTOSTAR-Copia.jpg","width":630,"height":355},{"@type":"WebPage","@id":"https:\/\/www.camperonline.it\/magazine\/2026\/09\/02\/anteprime-e-novita-2027-autostar\/#webpage","url":"https:\/\/www.camperonline.it\/magazine\/2026\/09\/02\/anteprime-e-novita-2027-autostar\/","name":"Anteprime e Novit\u00e0 2027: Autostar - CamperOnLine Magazine","isPartOf":{"@id":"https:\/\/www.camperonline.it\/magazine\/#website"},"primaryImageOfPage":{"@id":"https:\/\/www.camperonline.it\/magazine\/2026\/09\/02\/anteprime-e-novita-2027-autostar\/#primaryimage"},"datePublished":"2026-09-02T14:49:38+00:00","dateModified":"2026-09-02T14:48:21+00:00","author":{"@id":"https:\/\/www.camperonline.it\/magazine\/#\/schema\/person\/cc776d866d3248597db92e2aa8bfc3f3"},"description":"Presentati i nuovi modelli Naeos, dallo stile particolare, e ci sono alcune modifiche alle gamme gi\u00e0 note La stagione 2027 si preannuncia ricca di novit\u00e0","breadcrumb":{"@id":"https:\/\/www.camperonline.it\/magazine\/2026\/09\/02\/anteprime-e-novita-2027-autostar\/#breadcrumb"},"inLanguage":"it-IT","potentialAction":[{"@type":"ReadAction","target":["https:\/\/www.camperonline.it\/magazine\/2026\/09\/02\/anteprime-e-novita-2027-autostar\/"]}]},{"@type":"BreadcrumbList","@id":"https:\/\/www.camperonline.it\/magazine\/2026\/09\/02\/anteprime-e-novita-2027-autostar\/#breadcrumb","itemListElement":[{"@type":"ListItem","position":1,"name":"Home","item":"https:\/\/www.camperonline.it\/magazine\/"},{"@type":"ListItem","position":2,"name":"Anteprime e Novit\u00e0 2027: Autostar"}]},{"@type":"Person","@id":"https:\/\/www.camperonline.it\/magazine\/#\/schema\/person\/cc776d866d3248597db92e2aa8bfc3f3","name":"Renato Antonini","url":"https:\/\/www.camperonline.it\/magazine\/author\/renato\/"}]}},"_links":{"self":[{"href":"https:\/\/www.camperonline.it\/magazine\/wp-json\/wp\/v2\/posts\/365357"}],"collection":[{"href":"https:\/\/www.camperonline.it\/magazine\/wp-json\/wp\/v2\/posts"}],"about":[{"href":"https:\/\/www.camperonline.it\/magazine\/wp-json\/wp\/v2\/types\/post"}],"author":[{"embeddable":true,"href":"https:\/\/www.camperonline.it\/magazine\/wp-json\/wp\/v2\/users\/23"}],"replies":[{"embeddable":true,"href":"https:\/\/www.camperonline.it\/magazine\/wp-json\/wp\/v2\/comments?post=365357"}],"version-history":[{"count":2,"href":"https:\/\/www.camperonline.it\/magazine\/wp-json\/wp\/v2\/posts\/365357\/revisions"}],"predecessor-version":[{"id":365374,"href":"https:\/\/www.camperonline.it\/magazine\/wp-json\/wp\/v2\/posts\/365357\/revisions\/365374"}],"wp:featuredmedia":[{"embeddable":true,"href":"https:\/\/www.camperonline.it\/magazine\/wp-json\/wp\/v2\/media\/365367"}],"wp:attachment":[{"href":"https:\/\/www.camperonline.it\/magazine\/wp-json\/wp\/v2\/media?parent=365357"}],"wp:term":[{"taxonomy":"category","embeddable":true,"href":"https:\/\/www.camperonline.it\/magazine\/wp-json\/wp\/v2\/categories?post=365357"},{"taxonomy":"post_tag","embeddable":true,"href":"https:\/\/www.camperonline.it\/magazine\/wp-json\/wp\/v2\/tags?post=365357"}],"curies":[{"name":"wp","href":"https:\/\/api.w.org\/{rel}","templated":true}]}}