{"id":365801,"date":"2026-07-16T13:35:43","date_gmt":"2026-07-16T11:35:43","guid":{"rendered":"https:\/\/www.camperonline.it\/magazine\/?p=365801"},"modified":"2026-08-27T13:36:45","modified_gmt":"2026-08-27T11:36:45","slug":"camper-dellanno-2026","status":"publish","type":"post","link":"https:\/\/www.camperonline.it\/magazine\/2026\/07\/16\/camper-dellanno-2026\/","title":{"rendered":"Camper dell&#8217;Anno 2026"},"content":{"rendered":"<p style=\"text-align: center;\"><img loading=\"lazy\" class=\"alignnone wp-image-365830 size-full\" src=\"https:\/\/www.camperonline.it\/magazine\/wp-content\/uploads\/2026\/08\/CDA2026-630-cov.jpg\" alt=\"\" width=\"630\" height=\"610\" srcset=\"https:\/\/www.camperonline.it\/magazine\/wp-content\/uploads\/2026\/08\/CDA2026-630-cov.jpg 630w, https:\/\/www.camperonline.it\/magazine\/wp-content\/uploads\/2026\/08\/CDA2026-630-cov-300x290.jpg 300w\" sizes=\"(max-width: 630px) 100vw, 630px\" \/><\/p>\n<h2 class=\"western\" align=\"justify\"><span style=\"font-family: 'Times New Roman', serif; font-size: 18pt;\"><span style=\"color: #3c3c3c;\">Come ogni anno, torna i<\/span><span style=\"color: #3c3c3c;\">l contest online <\/span><span style=\"color: #3c3c3c;\">Camper dell\u2019Anno, giunto o<\/span><span style=\"color: #3c3c3c;\">rmai all\u2019edizione numero <\/span><span style=\"color: #3c3c3c;\">dodici<\/span><span style=\"color: #3c3c3c;\">. <\/span><span style=\"color: #3c3c3c;\">Le votazioni del pubblico, <\/span><span style=\"color: #3c3c3c;\">all\u2019interno della<\/span><span style=\"color: #3c3c3c;\"> community<\/span><span style=\"color: #3c3c3c;\"> di CamperOnLine,<\/span><span style=\"color: #3c3c3c;\"> hanno portato ai risultati <\/span><span style=\"color: #3c3c3c;\">finali<\/span><span style=\"color: #3c3c3c;\">: sono <\/span><span style=\"color: #3c3c3c;\">i <\/span><span style=\"color: #3c3c3c;\">modelli <\/span><span style=\"color: #3c3c3c;\">di camper<\/span><span style=\"color: #3c3c3c;\">&nbsp;che <\/span><span style=\"color: #3c3c3c;\">si s<\/span><span style=\"color: #3c3c3c;\">o<\/span><span style=\"color: #3c3c3c;\">no distinti <\/span><span style=\"color: #3c3c3c;\">nelle rispettive categorie. <\/span><span style=\"color: #3c3c3c;\">Oltre all<\/span><span style=\"color: #3c3c3c;\">a suddivisione per<\/span><span style=\"color: #3c3c3c;\"> tipologie e <\/span><span style=\"color: #3c3c3c;\">fasce di<\/span><span style=\"color: #3c3c3c;\"> prezz<\/span><span style=\"color: #3c3c3c;\">o<\/span><span style=\"color: #3c3c3c;\">, propo<\/span><span style=\"color: #3c3c3c;\">niamo <\/span><span style=\"color: #3c3c3c;\">alcune categorie particolari, <\/span><span style=\"color: #3c3c3c;\">per premiare <\/span><span style=\"color: #3c3c3c;\">l\u2019impegno dei costruttori in det<\/span><span style=\"color: #3c3c3c;\">e<\/span><span style=\"color: #3c3c3c;\">rminati ambiti: \u201cInnovazione\u201d, \u201cDesign\u201d e \u201cRapporto dimensioni-comfort\u201d.<\/span><\/span><\/h2>\n<p><!--more--><\/p>\n<p><span style=\"font-family: helvetica, arial, sans-serif; font-size: 10pt;\">Il contest ha avuto come candidati <a href=\"https:\/\/www.camperonline.it\/listino\/\"><strong>i&nbsp;veicoli presenti nel nostro listino<\/strong>.<\/a> Hanno potuto votare \u2013 una sola volta ciascuno \u2013 i nostri utenti registrati che hanno scelto di esprimere la propria opinione sul miglior veicolo sul mercato nelle varie categorie previste.<\/span><br \/>\n<span style=\"font-family: helvetica, arial, sans-serif; font-size: 10pt;\">Sia chiaro, il risultato non ha pretese di esaustivit\u00e0 o di valore assoluto, ma rappresenta un fedele termometro delle opinioni della maggiore community del settore, quella di CamperOnLine.it.<\/span><\/p>\n<p>&nbsp;<\/p>\n<p>&nbsp;<\/p>\n<div class=\"widget-title\">\n<h3>Van &#8220;entry level&#8221;<\/h3>\n<\/div>\n<h2>Roller Team Livingstone Go<\/h2>\n<p>&nbsp;<\/p>\n<p><img loading=\"lazy\" class=\"aligncenter wp-image-365805 size-full\" src=\"https:\/\/www.camperonline.it\/magazine\/wp-content\/uploads\/2026\/08\/Roller-Team-Livingstone.jpg\" alt=\"\" width=\"630\" height=\"420\" srcset=\"https:\/\/www.camperonline.it\/magazine\/wp-content\/uploads\/2026\/08\/Roller-Team-Livingstone.jpg 630w, https:\/\/www.camperonline.it\/magazine\/wp-content\/uploads\/2026\/08\/Roller-Team-Livingstone-300x200.jpg 300w\" sizes=\"(max-width: 630px) 100vw, 630px\" \/><\/p>\n<p>&nbsp;<\/p>\n<p class=\"western\" align=\"justify\"><span style=\"font-size: medium;\">Ormai da molti anni <strong>Roller Team<\/strong> propone una gamma di van ben differenziata, dove troviamo anche modelli dal prezzo invitante come i <strong>Livingstone Go<\/strong>. Quattro le versioni a catalogo nella stagione 2026, con le tre classiche lunghezze del Fiat Ducato: 541, 599 e 636 cm. Disponibile in opzione il tetto sollevabile a soffietto. Tra i van entry-level, che non sono pochi, si sono distinte anche altre gamme di produzione italiana: McLouis Menfys, CI Kyros e Giottiline Giotti Van. Tra gli stranieri, ha destato senza dubbio interesse il B<span style=\"font-family: Times New Roman, serif;\">\u00fc<\/span>rstner Papillon, una proposta dirompente della csaa tedesca, con un prezzo davvero basso e una dotazione scarna ma incrementabile a piacere.<\/span><\/p>\n<p class=\"western\" align=\"justify\">&nbsp;<\/p>\n<p>&nbsp;<\/p>\n<div class=\"widget-title\">\n<h3>Van &#8220;medium&#8221;<\/h3>\n<\/div>\n<h2>Knaus Boxlife<\/h2>\n<p style=\"text-align: center;\">&nbsp;<\/p>\n<p style=\"text-align: center;\"><img loading=\"lazy\" class=\"alignnone wp-image-365807 size-full\" src=\"https:\/\/www.camperonline.it\/magazine\/wp-content\/uploads\/2026\/08\/Knaus-BoxLife.jpg\" alt=\"\" width=\"630\" height=\"420\" srcset=\"https:\/\/www.camperonline.it\/magazine\/wp-content\/uploads\/2026\/08\/Knaus-BoxLife.jpg 630w, https:\/\/www.camperonline.it\/magazine\/wp-content\/uploads\/2026\/08\/Knaus-BoxLife-300x200.jpg 300w\" sizes=\"(max-width: 630px) 100vw, 630px\" \/><\/p>\n<p>&nbsp;<\/p>\n<p class=\"western\" align=\"justify\"><span style=\"font-size: medium;\">I vari modelli <strong>Knaus Boxlife<\/strong> sono un vero punto di riferimento nella categoria van e confermano l\u2019impegno della casa tedesca in questo segmento di mercato. Si tratta di van ben collaudati a cui, per la stagione 2026, \u00e8 stato variato il bagno introducendo la soluzione della parete rotante, per realizzare il vano doccia. I Boxlife sono altamente configurabili: si pu\u00f2 avere il letto posteriore sollevabile, per ottenere un gavone ad altezza variabile, cos\u00ec come il tetto sollevabile a soffietto. In questa categoria si sono distinti anche i nuovi Malibu Relax, i sempre convincenti Possl D-Line e gli accattivanti Laika Kosmo Supremo Camper Van.<\/span><\/p>\n<p class=\"western\" align=\"justify\">&nbsp;<\/p>\n<p>&nbsp;<\/p>\n<div class=\"widget-title\">\n<h3>Van &#8220;Top&#8221;<\/h3>\n<\/div>\n<h2>Malibu Van<\/h2>\n<p>&nbsp;<\/p>\n<p style=\"text-align: center;\"><img loading=\"lazy\" class=\"alignnone wp-image-365808 size-full\" src=\"https:\/\/www.camperonline.it\/magazine\/wp-content\/uploads\/2026\/08\/Malibu-Van.jpg\" alt=\"\" width=\"630\" height=\"420\" srcset=\"https:\/\/www.camperonline.it\/magazine\/wp-content\/uploads\/2026\/08\/Malibu-Van.jpg 630w, https:\/\/www.camperonline.it\/magazine\/wp-content\/uploads\/2026\/08\/Malibu-Van-300x200.jpg 300w\" sizes=\"(max-width: 630px) 100vw, 630px\" \/><\/p>\n<p>&nbsp;<\/p>\n<p class=\"western\" align=\"justify\"><span style=\"font-size: medium;\">Sono sempre loro a conquistare il pubblico nel segmento alto del comparto van: i <strong>Malibu Van<\/strong> su base Fiat Ducato si distinguono per l\u2019arredo ricercato e di buona qualit\u00e0, nonch\u00e9 per le luci interne ad effetto, ma accontentano anche per le soluzioni abitative proposte, nelle tre classiche lunghezze (541, 599 e 636 cm). Ampie le possibilit\u00e0 di configurazione, in base alle richieste e alla capacit\u00e0 di spesa dell\u2019acquirente. Tra i Van Top ha ottenuto un buon piazzamento anche l\u2019Hymer Grand Canyon S su base Mercedes-Benz.<\/span><\/p>\n<p class=\"western\" align=\"justify\">&nbsp;<\/p>\n<p>&nbsp;<\/p>\n<div class=\"widget-title\">\n<h3>Van &#8220;tetto alto con basculante&#8221;<\/h3>\n<\/div>\n<h2>Dreamer van con tetto alto<\/h2>\n<p>&nbsp;<\/p>\n<p style=\"text-align: center;\"><img loading=\"lazy\" class=\"alignnone size-full wp-image-357059\" src=\"https:\/\/www.camperonline.it\/magazine\/wp-content\/uploads\/2025\/09\/Dreamer-CamperFive.jpg\" alt=\"\" width=\"630\" height=\"420\" srcset=\"https:\/\/www.camperonline.it\/magazine\/wp-content\/uploads\/2025\/09\/Dreamer-CamperFive.jpg 630w, https:\/\/www.camperonline.it\/magazine\/wp-content\/uploads\/2025\/09\/Dreamer-CamperFive-300x200.jpg 300w\" sizes=\"(max-width: 630px) 100vw, 630px\" \/><\/p>\n<p>&nbsp;<\/p>\n<p class=\"western\" align=\"justify\"><span style=\"font-size: medium;\">Abbiamo voluto riunire in una categoria a s\u00e9 i camper furgonati con tetto pi\u00f9 alto della media (Ducato con altezza H3, quindi, oppure con tetto extra serie in vetroresina), che grazie al letto basculante riescono ad offrire almeno quattro posti letto all\u2019interno di un involucro ben definito, senza utilizzare l\u2019estensione del tetto sollevabile. I modelli di <strong>Dreamer<\/strong> attraggono e fanno capire che il brand francese (gruppo Rapido) \u00e8 padrone della materia, proponendo soluzioni valide dal punto di vista funzionale e stilistico. In questa categoria hanno comunque ottenuto buoni risultati anche i Knaus Boxlife, i Possl H-line e i Font Vendome Horizon H.<\/span><\/p>\n<p align=\"justify\">&nbsp;<\/p>\n<div class=\"widget-title\">\n<h3>Semintegrali &#8220;entry-level&#8221;<\/h3>\n<\/div>\n<h2>Giottiline Siena<\/h2>\n<p>&nbsp;<\/p>\n<p><img loading=\"lazy\" class=\"aligncenter wp-image-365811 size-full\" src=\"https:\/\/www.camperonline.it\/magazine\/wp-content\/uploads\/2026\/08\/Giottiline-Siena.jpg\" alt=\"\" width=\"630\" height=\"420\" srcset=\"https:\/\/www.camperonline.it\/magazine\/wp-content\/uploads\/2026\/08\/Giottiline-Siena.jpg 630w, https:\/\/www.camperonline.it\/magazine\/wp-content\/uploads\/2026\/08\/Giottiline-Siena-300x200.jpg 300w\" sizes=\"(max-width: 630px) 100vw, 630px\" \/><\/p>\n<p style=\"text-align: center;\">&nbsp;<\/p>\n<p class=\"western\" align=\"justify\"><span style=\"font-size: medium;\">Per chi vuole risparmiare, i semintegrali entry-level rappresentano un\u2019occasione ghiotta: ci sono modelli pensati per la coppia e altri adatti anche alla famiglia, tutti con un prezzo abbordabile. Si aggiudica il primo posto la gamma <strong>Giottiline Siena<\/strong>, che negli ultimi anni \u00e8 diventata sempre pi\u00f9 un imprescindibile punto di riferimento in questo ambito. Si va dai modelli pi\u00f9 piccoli, da 599 cm di lunghezza, a quelli pi\u00f9 generosi che si avvicinano ai 7 metri e mezzo: ce n\u2019\u00e8 per tutti i gusti. Ottengono risultati interessanti anche: CI Horon XT, Roller Team Kronos TL e Benimar Tessoro.<\/span><\/p>\n<p>&nbsp;<\/p>\n<div class=\"widget-title\">\n<h3>Semintegrali &#8220;medium&#8221;<\/h3>\n<\/div>\n<h2>Benimar Mileo<\/h2>\n<p style=\"text-align: center;\">&nbsp;<\/p>\n<p style=\"text-align: center;\"><img loading=\"lazy\" class=\"aligncenter wp-image-365812 size-full\" src=\"https:\/\/www.camperonline.it\/magazine\/wp-content\/uploads\/2026\/08\/Benimar-Mileo.jpg\" alt=\"\" width=\"630\" height=\"473\" srcset=\"https:\/\/www.camperonline.it\/magazine\/wp-content\/uploads\/2026\/08\/Benimar-Mileo.jpg 630w, https:\/\/www.camperonline.it\/magazine\/wp-content\/uploads\/2026\/08\/Benimar-Mileo-300x225.jpg 300w\" sizes=\"(max-width: 630px) 100vw, 630px\" \/><\/p>\n<p>&nbsp;<\/p>\n<p class=\"western\" align=\"justify\"><span style=\"font-size: medium;\">La categoria dei semintegrali Medium, di medio livello, rappresenta per certi versi il baricentro del mercato e comprende svariati modelli di costruttori italiani e stranieri. Si aggiudica il primo posto nelle preferenze il <strong>Benimar Mileo<\/strong>, a testimonianaza di come la casa spagnola negli ultimi anni abbia saputo creare veicoli apprezzabili dal punto di vista stilistico e con un prezzo concorrenziale. La gamma Mileo adotta la base meccanica Fiat Ducato e propone semintegrali di taglia media e medio-grande. Seguono, con un buon piazzamento, i molti semintegrali di Challenger, nonch\u00e9 i CI Magis Elite XT e i Roller Team Zefiro Advance TL.<\/span><\/p>\n<p align=\"justify\">&nbsp;<\/p>\n<div class=\"widget-title\">\n<h3>Semintegrali &#8220;medium-high&#8221;<\/h3>\n<\/div>\n<h2>Arca America P<\/h2>\n<p>&nbsp;<\/p>\n<p style=\"text-align: center;\"><img loading=\"lazy\" class=\"alignnone size-full wp-image-357085\" src=\"https:\/\/www.camperonline.it\/magazine\/wp-content\/uploads\/2025\/09\/America-745-GLG-011.jpg\" alt=\"\" width=\"630\" height=\"400\" srcset=\"https:\/\/www.camperonline.it\/magazine\/wp-content\/uploads\/2025\/09\/America-745-GLG-011.jpg 630w, https:\/\/www.camperonline.it\/magazine\/wp-content\/uploads\/2025\/09\/America-745-GLG-011-300x190.jpg 300w, https:\/\/www.camperonline.it\/magazine\/wp-content\/uploads\/2025\/09\/America-745-GLG-011-112x70.jpg 112w\" sizes=\"(max-width: 630px) 100vw, 630px\" \/><\/p>\n<p>&nbsp;<\/p>\n<p class=\"western\" align=\"justify\"><span style=\"font-size: medium;\">Viene confermato il primo posto della gamma <strong>Arca America P<\/strong>, con cui gi\u00e0 dallo scorso anno la storica casa italiana si \u00e8 fatta notare per l\u2019interessante rapporto prezzo-dotazione, ma senza tralasciare un apprezzabile design degli interni. Sulle dimensioni \u00e8 stata fatta una scelta ben precisa: ci avviciniamo ai 7 metri e mezzo, puntando sulla generosit\u00e0 degli spazi interni. Piazzamento interessante anche per i Mobilvetta Kea P e per i Pilote Pacific. Ma ha catturato l\u2019interesse del pubblico anche la serie Progress di Notin, da poco arrivata sul mercato italiano.<\/span><\/p>\n<p>&nbsp;<\/p>\n<div class=\"widget-title\">\n<h3>Semintegrali &#8220;Top&#8221;<\/h3>\n<\/div>\n<h2>Malibu semintegrali Mercedes<\/h2>\n<p style=\"text-align: center;\">&nbsp;<\/p>\n<p style=\"text-align: center;\"><img loading=\"lazy\" class=\"alignnone wp-image-365832 size-full\" src=\"https:\/\/www.camperonline.it\/magazine\/wp-content\/uploads\/2026\/08\/2022_Malibu_T450RBLE-MB_Fahraufnahme.jpg\" alt=\"\" width=\"630\" height=\"420\" srcset=\"https:\/\/www.camperonline.it\/magazine\/wp-content\/uploads\/2026\/08\/2022_Malibu_T450RBLE-MB_Fahraufnahme.jpg 630w, https:\/\/www.camperonline.it\/magazine\/wp-content\/uploads\/2026\/08\/2022_Malibu_T450RBLE-MB_Fahraufnahme-300x200.jpg 300w\" sizes=\"(max-width: 630px) 100vw, 630px\" \/><\/p>\n<p>&nbsp;<\/p>\n<p class=\"western\" align=\"justify\"><span style=\"font-size: medium;\">Parlando di camper di alta gamma, siamo soliti pensare ai motorhome, ma la categoria dei semintegrali Top non \u00e8 affatto sguarnita e attrae il pubblico. In vetta, la community di CamperOnLine ha posto i semintegrali di <strong>Malibu<\/strong>, in particolare quelli su base <strong>Mercedes-Benz<\/strong> Sprinter. La qualit\u00e0 elevata, della cellula abitativa e dell\u2019arredo interno, fa la differenza. Ma in questa categoria i prodotti di eccellenza sono molti, e ottengono buoni piazzamenti anche Atlantis Carbon, Carthago Chic C-Line T e Hymer B-Klasse ML-T.<\/span><\/p>\n<p>&nbsp;<\/p>\n<div class=\"widget-title\">\n<h3>Semintegrali compatti &#8220;Entry-level&#8221;<\/h3>\n<\/div>\n<h2>CI Horon Fit<\/h2>\n<p style=\"text-align: center;\">&nbsp;<\/p>\n<p style=\"text-align: center;\"><img loading=\"lazy\" class=\"alignnone wp-image-365815 size-full\" src=\"https:\/\/www.camperonline.it\/magazine\/wp-content\/uploads\/2026\/08\/CI-Horon-Fit.jpg\" alt=\"\" width=\"630\" height=\"420\" srcset=\"https:\/\/www.camperonline.it\/magazine\/wp-content\/uploads\/2026\/08\/CI-Horon-Fit.jpg 630w, https:\/\/www.camperonline.it\/magazine\/wp-content\/uploads\/2026\/08\/CI-Horon-Fit-300x200.jpg 300w\" sizes=\"(max-width: 630px) 100vw, 630px\" \/><\/p>\n<p>&nbsp;<\/p>\n<p class=\"western\" align=\"justify\"><span style=\"font-size: medium;\">Cresciuta molto negli ultimi anni, la categoria dei semintegrali compatti comprende diverse proposte dal prezzo piutttosto basso. Tra i modelli \u201cslim\u201d di fascia entry-level, la community di CamperOnLine ha scelto la gamma <strong>CI Horon Fit<\/strong>. E\u2019 su base Ford Transit ed \u00e8 disponibile anche con letto basculante anteriore. Ottimi piazzamenti anche per McLouis Mc4 Slim, Giottiline Compact e Roller Team Kronos Fit.<\/span><\/p>\n<p>&nbsp;<\/p>\n<div class=\"widget-title\">\n<h3>Semintegrali compatti &#8220;medium-high&#8221;<\/h3>\n<\/div>\n<h2>Rapido serie C<\/h2>\n<p>&nbsp;<\/p>\n<p style=\"text-align: center;\"><img loading=\"lazy\" class=\"alignnone wp-image-365816 size-full\" src=\"https:\/\/www.camperonline.it\/magazine\/wp-content\/uploads\/2026\/08\/Rapido-C.jpg\" alt=\"\" width=\"630\" height=\"420\" srcset=\"https:\/\/www.camperonline.it\/magazine\/wp-content\/uploads\/2026\/08\/Rapido-C.jpg 630w, https:\/\/www.camperonline.it\/magazine\/wp-content\/uploads\/2026\/08\/Rapido-C-300x200.jpg 300w\" sizes=\"(max-width: 630px) 100vw, 630px\" \/><\/p>\n<p>&nbsp;<\/p>\n<p class=\"western\" align=\"justify\"><span style=\"font-size: medium;\">Sempre pi\u00f9 appassionati camperisti guardano con favore alla categoria dei semintegrali compatti di livello medio e medio-elevato. Lo fanno perch\u00e9 trovano veicoli di buona qualit\u00e0, con un peso ridotto e anche con un interessante rapporto tra dimensioni esterne e abitabilit\u00e0 interna, spesso con soluzioni abitative particolari. Al primo posto abbiamo un veicolo che ha fatto scuola in questo ambito, il <strong>Rapido serie C<\/strong>: larghezza ridotta e lunghezza che va dai 619 ai 699 cm a seconda delle versioni. Si sono distinti anche l\u2019Arca America Compact e il Challenger serie X.<\/span><\/p>\n<p>&nbsp;<\/p>\n<div class=\"widget-title\">\n<h3>Motorhome &#8220;Entry-level&#8221;<\/h3>\n<\/div>\n<h2>Itineo Famili<\/h2>\n<p>&nbsp;<\/p>\n<p style=\"text-align: center;\"><img loading=\"lazy\" class=\"alignnone wp-image-365817 size-full\" src=\"https:\/\/www.camperonline.it\/magazine\/wp-content\/uploads\/2026\/08\/Itineo-Famili.jpg\" alt=\"\" width=\"630\" height=\"420\" srcset=\"https:\/\/www.camperonline.it\/magazine\/wp-content\/uploads\/2026\/08\/Itineo-Famili.jpg 630w, https:\/\/www.camperonline.it\/magazine\/wp-content\/uploads\/2026\/08\/Itineo-Famili-300x200.jpg 300w\" sizes=\"(max-width: 630px) 100vw, 630px\" \/><\/p>\n<p style=\"text-align: center;\">&nbsp;<\/p>\n<p class=\"western\" align=\"justify\"><span style=\"font-size: medium;\">Anche quest\u2019anno la serie <strong>Itineo Famili<\/strong> si aggiudica il primo posto tra i motorhome Entry-level. Del resto, proprio Itineo ha contribuito in maniera determinante alla nascita e allo sviluppo di questa particolare tipologia: gi\u00e0 nel 2006, vent\u2019anni fa dunque, la casa francese ha creduto che i motorhome non dovessero essere necessariamente costosi, ha pensato che ci fosse spazio anche per veicoli a scocca integrali dal prezzo piuttosto basso. In questa categoria piazzamento interessante anche per i motorhome Etrusco serie I.<\/span><\/p>\n<p>&nbsp;<\/p>\n<div class=\"widget-title\">\n<h3>Motorhome &#8220;Medium&#8221;<\/h3>\n<\/div>\n<h2>Elnagh Magnum<\/h2>\n<p>&nbsp;<\/p>\n<p style=\"text-align: center;\"><img loading=\"lazy\" class=\"alignnone wp-image-365818 size-full\" src=\"https:\/\/www.camperonline.it\/magazine\/wp-content\/uploads\/2026\/08\/Magnum.jpg\" alt=\"\" width=\"630\" height=\"400\" srcset=\"https:\/\/www.camperonline.it\/magazine\/wp-content\/uploads\/2026\/08\/Magnum.jpg 630w, https:\/\/www.camperonline.it\/magazine\/wp-content\/uploads\/2026\/08\/Magnum-300x190.jpg 300w, https:\/\/www.camperonline.it\/magazine\/wp-content\/uploads\/2026\/08\/Magnum-112x70.jpg 112w\" sizes=\"(max-width: 630px) 100vw, 630px\" \/><\/p>\n<p>&nbsp;<\/p>\n<p class=\"western\" align=\"justify\"><span style=\"font-size: medium;\">Rinnovato all\u2019inizio della stagione 2026, l\u2019<strong>Elnagh Magnum<\/strong> si aggiudica il primo posto nella categoria dei motorhome di medio livello. Attenzione: il Magnum \u00e8 un modello che ha fatto la storia del camper in Italia, proposto da Elnagh per la prima volta nel 1980, poi ripresentato pi\u00f9 di recente e costantemente aggiornato. Spazi interni ampi, stile sobrio ed equilibrato, prezzo non elevato: questi gli ingredienti di una ricetta di successo. Ma ottiene un ottimo piazzamento anche il Benimar Amphitryon, che aveva vinto lo scorso anno.<\/span><\/p>\n<p>&nbsp;<\/p>\n<div class=\"widget-title\">\n<h3>Motorhome &#8220;Medium-high&#8221;<\/h3>\n<\/div>\n<h2>Mobilvetta Kea I<\/h2>\n<p>&nbsp;<\/p>\n<p style=\"text-align: center;\"><img loading=\"lazy\" class=\"alignnone wp-image-365819 size-full\" src=\"https:\/\/www.camperonline.it\/magazine\/wp-content\/uploads\/2026\/08\/Mobilvetta-Kea-I.jpg\" alt=\"\" width=\"630\" height=\"420\" srcset=\"https:\/\/www.camperonline.it\/magazine\/wp-content\/uploads\/2026\/08\/Mobilvetta-Kea-I.jpg 630w, https:\/\/www.camperonline.it\/magazine\/wp-content\/uploads\/2026\/08\/Mobilvetta-Kea-I-300x200.jpg 300w\" sizes=\"(max-width: 630px) 100vw, 630px\" \/><\/p>\n<p>&nbsp;<\/p>\n<p class=\"western\" align=\"justify\"><span style=\"font-size: medium;\">Categoria estremamente interessante, quella dei motorhome di livello medio-alto, dove troviamo modelli che pur non salendo troppo in alto con il prezzo, assicurano un look accattivante, uno stile dell\u2019arredo elegante e spazi interni confortevoli. Spicca un prodotto italiano di successo, il <strong>Mobilvetta Kea I<\/strong>, su base Fiat Ducato: \u00e8 proposto in due varianti della medesima lunghezza, ovvero con letti gemelli e con letto centrale a penisola. Buon piazzamento anche per i francesi di Pilote (serie Galaxy) e di Rapido (gamme 8 F e 80 dF).<\/span><\/p>\n<p align=\"justify\">&nbsp;<\/p>\n<div class=\"widget-title\">\n<h3>Motorhome &#8220;Top&#8221;<\/h3>\n<\/div>\n<h2>Carthago Chic E-line<\/h2>\n<p>&nbsp;<\/p>\n<p style=\"text-align: center;\"><img loading=\"lazy\" class=\"alignnone wp-image-365820 size-full\" src=\"https:\/\/www.camperonline.it\/magazine\/wp-content\/uploads\/2026\/08\/E-Line-64-XL-QB-3-3.jpg\" alt=\"\" width=\"630\" height=\"420\" srcset=\"https:\/\/www.camperonline.it\/magazine\/wp-content\/uploads\/2026\/08\/E-Line-64-XL-QB-3-3.jpg 630w, https:\/\/www.camperonline.it\/magazine\/wp-content\/uploads\/2026\/08\/E-Line-64-XL-QB-3-3-300x200.jpg 300w\" sizes=\"(max-width: 630px) 100vw, 630px\" \/><\/p>\n<p>&nbsp;<\/p>\n<p class=\"western\" align=\"justify\"><span style=\"font-size: medium;\">Categoria decisamente densa di proposte, quella dei motorhome Top \u00e8 una delle pi\u00f9 rappresentative del mercato: chi cerca un camper prestigioso, di elevata qualit\u00e0 e dallo stile eccellente, qui trova tante soluzioni. Quest\u2019anno si aggiudica il primo posto, in base ai voti della community di CamperOnLine, il <strong>Carthago Chic E-line<\/strong>. La gamma \u00e8 vasta, ci sono versioni su base Fiat e modelli su Mercedes-Benz, in entrambi i casi con telaio Al-Ko, anche con doppio asse posteriore. C\u2019\u00e8 tutto ci\u00f2 che si pu\u00f2 desiderare: doppio pavimento, pannelli sandwich a doppia lastra di alluminio, spazi interni generosi e arredo di alta qualit\u00e0. Buon piazzamento anche per un costruttore che ha sempre puntato molto sui motorhome di alta gamma, Hymer, con le serie B-Klasse MC-I e B-Klasse ML-I.<\/span><\/p>\n<p>&nbsp;<\/p>\n<div class=\"widget-title\">\n<h3>Motorhome &#8220;Liner&#8221;<\/h3>\n<\/div>\n<h2>Morelo Home<\/h2>\n<p style=\"text-align: center;\">&nbsp;<\/p>\n<p><img loading=\"lazy\" class=\"wp-image-365821 size-full aligncenter\" src=\"https:\/\/www.camperonline.it\/magazine\/wp-content\/uploads\/2026\/08\/Home_Fahraufnahme_2025.jpg\" alt=\"\" width=\"630\" height=\"420\" srcset=\"https:\/\/www.camperonline.it\/magazine\/wp-content\/uploads\/2026\/08\/Home_Fahraufnahme_2025.jpg 630w, https:\/\/www.camperonline.it\/magazine\/wp-content\/uploads\/2026\/08\/Home_Fahraufnahme_2025-300x200.jpg 300w\" sizes=\"(max-width: 630px) 100vw, 630px\" \/><\/p>\n<p>&nbsp;<\/p>\n<p class=\"western\" align=\"justify\"><span style=\"font-size: medium;\">In questa categoria sono compresi i motorhome pi\u00f9 costosi oggi sul mercato, con soluzioni tecniche d\u2019eccellenza e dimensioni importanti, che assicurano spazi interni davvero generosi. E\u2019 un terreno su cui, fin dalla sua fondazione, si \u00e8 mossa con maestria <strong>Morelo<\/strong>. La casa tedesca propone diverse serie: la gamma <strong>Home<\/strong> \u00e8 la pi\u00f9 abbordabile, ma parliamo pur sempre di veicoli che superano i 200.000 euro. Hanno lunghezze che gravitano nella fascia 8 metri, tutti con meccanica Iveco Daily, di base nela versione 50C18, a richiesta con portata e potenza superiori. In questa categoria il pubblico ha date molte preferenze anche al Carthago Chic S-Plus e al Niesmann+Bischoff Flair.<\/span><\/p>\n<p>&nbsp;<\/p>\n<div class=\"widget-title\">\n<h3>Motorhome compatti<\/h3>\n<\/div>\n<h2>Dethleffs Globebus I<\/h2>\n<p>&nbsp;<\/p>\n<p style=\"text-align: center;\">&nbsp;<\/p>\n<p><img loading=\"lazy\" class=\"aligncenter wp-image-365824 size-full\" src=\"https:\/\/www.camperonline.it\/magazine\/wp-content\/uploads\/2026\/08\/DET_Globebus_I4_25808001_FS-Seite_3_Extrasteil_082224_RET-Print.jpg\" alt=\"\" width=\"630\" height=\"420\" srcset=\"https:\/\/www.camperonline.it\/magazine\/wp-content\/uploads\/2026\/08\/DET_Globebus_I4_25808001_FS-Seite_3_Extrasteil_082224_RET-Print.jpg 630w, https:\/\/www.camperonline.it\/magazine\/wp-content\/uploads\/2026\/08\/DET_Globebus_I4_25808001_FS-Seite_3_Extrasteil_082224_RET-Print-300x200.jpg 300w\" sizes=\"(max-width: 630px) 100vw, 630px\" \/><\/p>\n<p>&nbsp;<\/p>\n<p class=\"western\" align=\"justify\"><span style=\"font-size: medium;\">Non sono molti i motorhome \u201ccompatti\u201d, che abbinano larghezza ridotta e lunghezza contenuta, ma ci sono e rappresemtano una proposta interessante per chi cerca un veicolo dalla maggiore abitabilit\u00e0 rispetto a un semintegrale compatto. Il primo posto se lo aggiudica un modello che ha fatto scuola in questo ambito, il <strong>Dethleffs Globebus I<\/strong>, che nella versione I 1 parte da soli 599 cm di lunghezza, una vera rarit\u00e0. Il pubblico di CamperOnLine ha espresso il suo forte apprezzamento anche per il Rapido serie C i, che si era aggiudicato il primo posto lo scorso anno.<\/span><\/p>\n<p class=\"western\" align=\"justify\">&nbsp;<\/p>\n<p>&nbsp;<\/p>\n<div class=\"widget-title\">\n<h3>Mansardati<\/h3>\n<\/div>\n<h2>McLouis Glamys 300<\/h2>\n<p style=\"text-align: center;\">&nbsp;<\/p>\n<p style=\"text-align: center;\"><img loading=\"lazy\" class=\"alignnone wp-image-365825 size-full\" src=\"https:\/\/www.camperonline.it\/magazine\/wp-content\/uploads\/2026\/08\/McLouis-Glamys-365-001.png\" alt=\"\" width=\"630\" height=\"400\" srcset=\"https:\/\/www.camperonline.it\/magazine\/wp-content\/uploads\/2026\/08\/McLouis-Glamys-365-001.png 630w, https:\/\/www.camperonline.it\/magazine\/wp-content\/uploads\/2026\/08\/McLouis-Glamys-365-001-300x190.png 300w, https:\/\/www.camperonline.it\/magazine\/wp-content\/uploads\/2026\/08\/McLouis-Glamys-365-001-112x70.png 112w\" sizes=\"(max-width: 630px) 100vw, 630px\" \/><\/p>\n<p>&nbsp;<\/p>\n<p class=\"western\" align=\"justify\"><span style=\"font-size: medium;\">Nonostante non siano pi\u00f9 richiesti come un tempo, i mansardati restano veicoli estremamente validi per le famiglie, grazie ai molti posti letto (in rapporto alle dimensioni esterne) e agli spazi abitativi ben strutturati. Le proposte dei costruttori europei si concentrano soprattutto nella fascia medio-bassa del mercato. Al primo posto nelle preferenze troviamo la gamma <strong>McLouis Glamys 300<\/strong>, con tre modelli disponibili sia su base Fiat Ducato, sia su chassis Ford Transit. Tutti i modelli hanno una lunghezza di 699 cm, una classica taglia media dunque, ma variano le soluzioni abitative. Un buon numero di preferenze \u00e8 andato anche alle gamme Roller Team Kronos M e Giottiline Siena.<\/span><\/p>\n<p class=\"western\" align=\"justify\">&nbsp;<\/p>\n<p>&nbsp;<\/p>\n<div class=\"widget-title\">\n<h3>Polivalenti<\/h3>\n<\/div>\n<h2>Panama Peak<\/h2>\n<p>&nbsp;<\/p>\n<p style=\"text-align: center;\"><img loading=\"lazy\" class=\"alignnone wp-image-365822 size-full\" src=\"https:\/\/www.camperonline.it\/magazine\/wp-content\/uploads\/2026\/08\/10-Peak-P12-4.jpg\" alt=\"\" width=\"630\" height=\"420\" srcset=\"https:\/\/www.camperonline.it\/magazine\/wp-content\/uploads\/2026\/08\/10-Peak-P12-4.jpg 630w, https:\/\/www.camperonline.it\/magazine\/wp-content\/uploads\/2026\/08\/10-Peak-P12-4-300x200.jpg 300w\" sizes=\"(max-width: 630px) 100vw, 630px\" \/><\/p>\n<p>&nbsp;<\/p>\n<p class=\"western\" align=\"justify\"><span style=\"font-size: medium;\">I modelli <strong>Panama Peak<\/strong> mantengono ben salda la prima posizione: sono i preferiti dalla community di CamperOnLine. Prezzo interessante e variet\u00e0 di soluzioni abitative: questa le armi vincenti della serie Peak. Sono veicoli con dimensioni di poco superiori a quelle di un\u2019automobile e riescono dunque ad offrire un maneggevolezza notevole in ogni contensto, riuscendo a districarsi bene anche in citt\u00e0. Vere automobili abitabili, si possono usare tutto l\u2019anno, a 360 gradi, per il trasporto personale, per lavoro come ufficio mobile e per periodi di vacanza brevi o prolungati.<\/span><\/p>\n<p>&nbsp;<\/p>\n<div class=\"widget-title\">\n<h3>Design<\/h3>\n<\/div>\n<h2>Laika Kreos<\/h2>\n<p>&nbsp;<\/p>\n<p style=\"text-align: center;\"><img loading=\"lazy\" class=\"alignnone wp-image-365826 size-full\" src=\"https:\/\/www.camperonline.it\/magazine\/wp-content\/uploads\/2026\/08\/Laika-Kreos.jpg\" alt=\"\" width=\"630\" height=\"420\" srcset=\"https:\/\/www.camperonline.it\/magazine\/wp-content\/uploads\/2026\/08\/Laika-Kreos.jpg 630w, https:\/\/www.camperonline.it\/magazine\/wp-content\/uploads\/2026\/08\/Laika-Kreos-300x200.jpg 300w\" sizes=\"(max-width: 630px) 100vw, 630px\" \/><\/p>\n<p>&nbsp;<\/p>\n<p class=\"western\" align=\"justify\"><span style=\"font-size: medium;\">Da poco introdotta nel contest Camper dell\u2019Anno, la categoria \u201cDesign\u201d vuole dare risalto a quei modelli che pi\u00f9 di altri si distinguono per lo \u201cstile\u201d, ma anche per soluzioni abitative di alto livello e per funzionalit\u00e0 ed ergonomia superiori alla media. Tutto ci\u00f2 \u00e8 possibile con un lavoro progettuale intenso e investimenti specifici del costruttore. Al primo posto, secondo il giudizio della community di CamperOnLine, c\u2019\u00e8 il <strong>Laika Kreos<\/strong>. Se Laika ha sempre puntato molto sul design, il Kreos rappresenta lo stato dell\u2019arte, l\u2019espressione pi\u00f9 alta dello stile e della personalit\u00e0 della casa.<\/span><\/p>\n<p class=\"western\" align=\"justify\">&nbsp;<\/p>\n<p>&nbsp;<\/p>\n<div class=\"widget-title\">\n<h3>Innovazione<\/h3>\n<\/div>\n<h2>Burstner Signature<\/h2>\n<p style=\"text-align: center;\">&nbsp;<\/p>\n<p style=\"text-align: center;\"><img loading=\"lazy\" class=\"alignnone wp-image-365827 size-full\" src=\"https:\/\/www.camperonline.it\/magazine\/wp-content\/uploads\/2026\/08\/Burstner-Signature.jpg\" alt=\"\" width=\"630\" height=\"420\" srcset=\"https:\/\/www.camperonline.it\/magazine\/wp-content\/uploads\/2026\/08\/Burstner-Signature.jpg 630w, https:\/\/www.camperonline.it\/magazine\/wp-content\/uploads\/2026\/08\/Burstner-Signature-300x200.jpg 300w\" sizes=\"(max-width: 630px) 100vw, 630px\" \/><\/p>\n<p>&nbsp;<\/p>\n<p class=\"western\" align=\"justify\"><span style=\"font-size: medium;\">Quest\u2019anno il premio per l\u2019innovazione non poteva che aggiudicarselo <strong>B<span style=\"font-family: Times New Roman, serif;\">\u00fc<\/span>rstner<\/strong>, che con il <strong>Signature<\/strong> ha creato un modello di camper fuori dal comune: ha portato infatti su un semintegrale di livello medio-alto alcune soluzioni di tono decisamente superiore, normalmente possibili solo (e non sempre) su veicoli di altissimo livello. Il Signature \u00e8 il modello che pi\u00f9 interpreta il nuovo corso di B<span style=\"font-family: Times New Roman, serif;\">\u00fc<\/span><span style=\"font-family: Times New Roman, serif;\">rstner<\/span>, una rottura con il passato e un chiaro messaggio a chi vuole qualcosa di diverso dalla norma.<\/span><\/p>\n<p>&nbsp;<\/p>\n<p>&nbsp;<\/p>\n<div class=\"widget-title\">\n<h3>Van 4&#215;4<\/h3>\n<\/div>\n<h2>Possl RoadStar 4&#215;4<\/h2>\n<p>&nbsp;<\/p>\n<p style=\"text-align: center;\"><img loading=\"lazy\" class=\"alignnone wp-image-365836 size-full\" src=\"https:\/\/www.camperonline.it\/magazine\/wp-content\/uploads\/2026\/08\/Possl-RoadStar.jpg\" alt=\"\" width=\"630\" height=\"420\" srcset=\"https:\/\/www.camperonline.it\/magazine\/wp-content\/uploads\/2026\/08\/Possl-RoadStar.jpg 630w, https:\/\/www.camperonline.it\/magazine\/wp-content\/uploads\/2026\/08\/Possl-RoadStar-300x200.jpg 300w\" sizes=\"(max-width: 630px) 100vw, 630px\" \/><\/p>\n<p>&nbsp;<\/p>\n<p class=\"western\" align=\"justify\"><span style=\"font-size: medium;\">I van 4&#215;4 sono sempre pi\u00f9 sotto i riflettori: hanno un fascino indiscusso e interpretano nella maniera pi\u00f9 completa l\u2019immagine di libert\u00e0 e indipendenza che sta alla base della \u201cvanlife\u201d. Quest\u2019anno la community di CamperOnLine ha votato per il <strong>Possl RoadStar 4&#215;4<\/strong>. Possiamo definirlo il top dei van della casa tedesca: viene trasposto su un furgone 4&#215;4 tutta l\u2019esperienza del costruttore nella creazione di van. La meccanica \u00e8 quella del Mercedes-Benz Sprinter a trazione integrale e il prezzo, se pur alto, non appare esagerato. Buon piazzamento per l\u2019Hymer Grand Canyon S 4&#215;4 e numeri interessanti anche per il Weinsberg Xpedition 4&#215;4.<\/span><\/p>\n<p>&nbsp;<\/p>\n<div class=\"widget-title\">\n<h3>Semintegrali 4&#215;4<\/h3>\n<\/div>\n<h2>Hymer ML-T 4&#215;4<\/h2>\n<p>&nbsp;<\/p>\n<p style=\"text-align: center;\"><img loading=\"lazy\" class=\"alignnone wp-image-365828 size-full\" src=\"https:\/\/www.camperonline.it\/magazine\/wp-content\/uploads\/2026\/08\/14-ML-T-580-CrossTrail-1.jpg\" alt=\"\" width=\"630\" height=\"420\" srcset=\"https:\/\/www.camperonline.it\/magazine\/wp-content\/uploads\/2026\/08\/14-ML-T-580-CrossTrail-1.jpg 630w, https:\/\/www.camperonline.it\/magazine\/wp-content\/uploads\/2026\/08\/14-ML-T-580-CrossTrail-1-300x200.jpg 300w\" sizes=\"(max-width: 630px) 100vw, 630px\" \/><\/p>\n<p>&nbsp;<\/p>\n<p class=\"western\" align=\"justify\"><span style=\"font-size: medium;\">I semintegrali 4&#215;4 si rivolgono a chi cerca un mezzo per affrontare strade alternative, ma allo stesso tempo non si accontenta degli spazi un po\u2019 ridotti offerti dai van 4&#215;4. Lo sa bene <strong>Hymer<\/strong>, che da anni lavora su questo tema: in questo contest si aggiudica il podio con i modelli <strong>ML-T 4&#215;4<\/strong>. Fascino, funzionalit\u00e0, avventura e indipendenza: tutto questo sta alla base della gamma Hymer ML-T 4&#215;4. Un buon riscontro del pubblico di CamperOnLine lo ha ottenuto anche il Dethleffs Globebus Performance 4&#215;4.<\/span><\/p>\n<p>&nbsp;<\/p>\n<div class=\"widget-title\">\n<h3>Rapporto dimensioni-comfort<\/h3>\n<\/div>\n<h2>Challenger serie S<\/h2>\n<p>&nbsp;<\/p>\n<p style=\"text-align: center;\"><img loading=\"lazy\" class=\"alignnone wp-image-365833 size-full\" src=\"https:\/\/www.camperonline.it\/magazine\/wp-content\/uploads\/2026\/08\/Challenger-S294.jpg\" alt=\"\" width=\"630\" height=\"420\" srcset=\"https:\/\/www.camperonline.it\/magazine\/wp-content\/uploads\/2026\/08\/Challenger-S294.jpg 630w, https:\/\/www.camperonline.it\/magazine\/wp-content\/uploads\/2026\/08\/Challenger-S294-300x200.jpg 300w\" sizes=\"(max-width: 630px) 100vw, 630px\" \/><\/p>\n<p>&nbsp;<\/p>\n<p class=\"western\" align=\"justify\"><span style=\"font-size: medium;\">Questa categoria, che abbiamo introdotto di recente, vuole premiare i modelli che pi\u00f9 di altri offrono un interessante rapporto tra dimensioni esterne e abitabilit\u00e0 interna. Tutti sono capaci di realizzare un camper confortevole lavorando su dimensioni esterne generose, ben altra cosa \u00e8 creare un interno funzionale e sufficientemente conforevole rimanendo entro dimensini medie o addirittra ridotte. <strong>Challenger<\/strong> si aggiudica il primo posto con la <strong>serie S<\/strong>, dove \u00e8 recentemente stato inserito l\u2019S 294, un semintegrale compatto (larghezza ridotta e lunghezza contenuta) che riesce ad offrire quattro posti letto sempre pronti. Dalle votazioni emergono anche il Giottiline Siena 330 e il Rapido C66.<\/span><\/p>\n<p class=\"western\" align=\"justify\">&nbsp;<\/p>\n<p align=\"justify\">&nbsp;<\/p>\n<p>&nbsp;<\/p>\n<p>&nbsp;<\/p>\n<p>&nbsp;<\/p>\n","protected":false},"excerpt":{"rendered":"<p>Come ogni anno, torna il contest online Camper dell\u2019Anno, giunto ormai all\u2019edizione numero dodici. Le votazioni del pubblico, all\u2019interno della community di CamperOnLine, hanno portato ai risultati finali: sono i modelli di camper&nbsp;che si sono distinti nelle rispettive categorie. Oltre alla suddivisione per tipologie e fasce di prezzo, proponiamo alcune categorie particolari, per premiare l\u2019impegno dei costruttori in determinati ambiti: \u201cInnovazione\u201d, \u201cDesign\u201d e \u201cRapporto dimensioni-comfort\u201d.<\/p>\n","protected":false},"author":23,"featured_media":365810,"comment_status":"closed","ping_status":"open","sticky":false,"template":"","format":"standard","meta":{"ngg_post_thumbnail":0},"categories":[4068,7625,7],"tags":[5633,7820],"yoast_head":"<!-- This site is optimized with the Yoast SEO plugin v18.6 - https:\/\/yoast.com\/wordpress\/plugins\/seo\/ -->\n<title>Camper dell&#039;Anno 2026 - CamperOnLine Magazine<\/title>\n<meta name=\"description\" content=\"Come ogni anno, torna il contest online Camper dell\u2019Anno, giunto ormai all\u2019edizione numero dodici. Le votazioni del pubblico, all\u2019interno della community\" \/>\n<meta name=\"robots\" content=\"index, follow, max-snippet:-1, max-image-preview:large, max-video-preview:-1\" \/>\n<link rel=\"canonical\" href=\"https:\/\/www.camperonline.it\/magazine\/2026\/07\/16\/camper-dellanno-2026\/\" \/>\n<meta property=\"og:locale\" content=\"it_IT\" \/>\n<meta property=\"og:type\" content=\"article\" \/>\n<meta property=\"og:title\" content=\"Camper dell&#039;Anno 2026 - CamperOnLine Magazine\" \/>\n<meta property=\"og:description\" content=\"Come ogni anno, torna il contest online Camper dell\u2019Anno, giunto ormai all\u2019edizione numero dodici. Le votazioni del pubblico, all\u2019interno della community\" \/>\n<meta property=\"og:url\" content=\"https:\/\/www.camperonline.it\/magazine\/2026\/07\/16\/camper-dellanno-2026\/\" \/>\n<meta property=\"og:site_name\" content=\"CamperOnLine Magazine\" \/>\n<meta property=\"article:published_time\" content=\"2026-07-16T11:35:43+00:00\" \/>\n<meta property=\"article:modified_time\" content=\"2026-08-27T11:36:45+00:00\" \/>\n<meta property=\"og:image\" content=\"https:\/\/www.camperonline.it\/magazine\/wp-content\/uploads\/2026\/08\/Camper-dellanno-2026-630.jpg\" \/>\n\t<meta property=\"og:image:width\" content=\"630\" \/>\n\t<meta property=\"og:image:height\" content=\"355\" \/>\n\t<meta property=\"og:image:type\" content=\"image\/jpeg\" \/>\n<meta name=\"twitter:card\" content=\"summary_large_image\" \/>\n<script type=\"application\/ld+json\" class=\"yoast-schema-graph\">{\"@context\":\"https:\/\/schema.org\",\"@graph\":[{\"@type\":\"WebSite\",\"@id\":\"https:\/\/www.camperonline.it\/magazine\/#website\",\"url\":\"https:\/\/www.camperonline.it\/magazine\/\",\"name\":\"CamperOnLine Magazine\",\"description\":\"Viaggi in camper, test, video, destinazioni, vacanze\",\"potentialAction\":[{\"@type\":\"SearchAction\",\"target\":{\"@type\":\"EntryPoint\",\"urlTemplate\":\"https:\/\/www.camperonline.it\/magazine\/?s={search_term_string}\"},\"query-input\":\"required name=search_term_string\"}],\"inLanguage\":\"it-IT\"},{\"@type\":\"ImageObject\",\"@id\":\"https:\/\/www.camperonline.it\/magazine\/2026\/07\/16\/camper-dellanno-2026\/#primaryimage\",\"inLanguage\":\"it-IT\",\"url\":\"https:\/\/www.camperonline.it\/magazine\/wp-content\/uploads\/2026\/08\/Camper-dellanno-2026-630.jpg\",\"contentUrl\":\"https:\/\/www.camperonline.it\/magazine\/wp-content\/uploads\/2026\/08\/Camper-dellanno-2026-630.jpg\",\"width\":630,\"height\":355},{\"@type\":\"WebPage\",\"@id\":\"https:\/\/www.camperonline.it\/magazine\/2026\/07\/16\/camper-dellanno-2026\/#webpage\",\"url\":\"https:\/\/www.camperonline.it\/magazine\/2026\/07\/16\/camper-dellanno-2026\/\",\"name\":\"Camper dell'Anno 2026 - CamperOnLine Magazine\",\"isPartOf\":{\"@id\":\"https:\/\/www.camperonline.it\/magazine\/#website\"},\"primaryImageOfPage\":{\"@id\":\"https:\/\/www.camperonline.it\/magazine\/2026\/07\/16\/camper-dellanno-2026\/#primaryimage\"},\"datePublished\":\"2026-07-16T11:35:43+00:00\",\"dateModified\":\"2026-08-27T11:36:45+00:00\",\"author\":{\"@id\":\"https:\/\/www.camperonline.it\/magazine\/#\/schema\/person\/cc776d866d3248597db92e2aa8bfc3f3\"},\"description\":\"Come ogni anno, torna il contest online Camper dell\u2019Anno, giunto ormai all\u2019edizione numero dodici. Le votazioni del pubblico, all\u2019interno della community\",\"breadcrumb\":{\"@id\":\"https:\/\/www.camperonline.it\/magazine\/2026\/07\/16\/camper-dellanno-2026\/#breadcrumb\"},\"inLanguage\":\"it-IT\",\"potentialAction\":[{\"@type\":\"ReadAction\",\"target\":[\"https:\/\/www.camperonline.it\/magazine\/2026\/07\/16\/camper-dellanno-2026\/\"]}]},{\"@type\":\"BreadcrumbList\",\"@id\":\"https:\/\/www.camperonline.it\/magazine\/2026\/07\/16\/camper-dellanno-2026\/#breadcrumb\",\"itemListElement\":[{\"@type\":\"ListItem\",\"position\":1,\"name\":\"Home\",\"item\":\"https:\/\/www.camperonline.it\/magazine\/\"},{\"@type\":\"ListItem\",\"position\":2,\"name\":\"Camper dell&#8217;Anno 2026\"}]},{\"@type\":\"Person\",\"@id\":\"https:\/\/www.camperonline.it\/magazine\/#\/schema\/person\/cc776d866d3248597db92e2aa8bfc3f3\",\"name\":\"Renato Antonini\",\"url\":\"https:\/\/www.camperonline.it\/magazine\/author\/renato\/\"}]}<\/script>\n<!-- \/ Yoast SEO plugin. -->","yoast_head_json":{"title":"Camper dell'Anno 2026 - CamperOnLine Magazine","description":"Come ogni anno, torna il contest online Camper dell\u2019Anno, giunto ormai all\u2019edizione numero dodici. Le votazioni del pubblico, all\u2019interno della community","robots":{"index":"index","follow":"follow","max-snippet":"max-snippet:-1","max-image-preview":"max-image-preview:large","max-video-preview":"max-video-preview:-1"},"canonical":"https:\/\/www.camperonline.it\/magazine\/2026\/07\/16\/camper-dellanno-2026\/","og_locale":"it_IT","og_type":"article","og_title":"Camper dell'Anno 2026 - CamperOnLine Magazine","og_description":"Come ogni anno, torna il contest online Camper dell\u2019Anno, giunto ormai all\u2019edizione numero dodici. Le votazioni del pubblico, all\u2019interno della community","og_url":"https:\/\/www.camperonline.it\/magazine\/2026\/07\/16\/camper-dellanno-2026\/","og_site_name":"CamperOnLine Magazine","article_published_time":"2026-07-16T11:35:43+00:00","article_modified_time":"2026-08-27T11:36:45+00:00","og_image":[{"width":630,"height":355,"url":"https:\/\/www.camperonline.it\/magazine\/wp-content\/uploads\/2026\/08\/Camper-dellanno-2026-630.jpg","type":"image\/jpeg"}],"twitter_card":"summary_large_image","schema":{"@context":"https:\/\/schema.org","@graph":[{"@type":"WebSite","@id":"https:\/\/www.camperonline.it\/magazine\/#website","url":"https:\/\/www.camperonline.it\/magazine\/","name":"CamperOnLine Magazine","description":"Viaggi in camper, test, video, destinazioni, vacanze","potentialAction":[{"@type":"SearchAction","target":{"@type":"EntryPoint","urlTemplate":"https:\/\/www.camperonline.it\/magazine\/?s={search_term_string}"},"query-input":"required name=search_term_string"}],"inLanguage":"it-IT"},{"@type":"ImageObject","@id":"https:\/\/www.camperonline.it\/magazine\/2026\/07\/16\/camper-dellanno-2026\/#primaryimage","inLanguage":"it-IT","url":"https:\/\/www.camperonline.it\/magazine\/wp-content\/uploads\/2026\/08\/Camper-dellanno-2026-630.jpg","contentUrl":"https:\/\/www.camperonline.it\/magazine\/wp-content\/uploads\/2026\/08\/Camper-dellanno-2026-630.jpg","width":630,"height":355},{"@type":"WebPage","@id":"https:\/\/www.camperonline.it\/magazine\/2026\/07\/16\/camper-dellanno-2026\/#webpage","url":"https:\/\/www.camperonline.it\/magazine\/2026\/07\/16\/camper-dellanno-2026\/","name":"Camper dell'Anno 2026 - CamperOnLine Magazine","isPartOf":{"@id":"https:\/\/www.camperonline.it\/magazine\/#website"},"primaryImageOfPage":{"@id":"https:\/\/www.camperonline.it\/magazine\/2026\/07\/16\/camper-dellanno-2026\/#primaryimage"},"datePublished":"2026-07-16T11:35:43+00:00","dateModified":"2026-08-27T11:36:45+00:00","author":{"@id":"https:\/\/www.camperonline.it\/magazine\/#\/schema\/person\/cc776d866d3248597db92e2aa8bfc3f3"},"description":"Come ogni anno, torna il contest online Camper dell\u2019Anno, giunto ormai all\u2019edizione numero dodici. Le votazioni del pubblico, all\u2019interno della community","breadcrumb":{"@id":"https:\/\/www.camperonline.it\/magazine\/2026\/07\/16\/camper-dellanno-2026\/#breadcrumb"},"inLanguage":"it-IT","potentialAction":[{"@type":"ReadAction","target":["https:\/\/www.camperonline.it\/magazine\/2026\/07\/16\/camper-dellanno-2026\/"]}]},{"@type":"BreadcrumbList","@id":"https:\/\/www.camperonline.it\/magazine\/2026\/07\/16\/camper-dellanno-2026\/#breadcrumb","itemListElement":[{"@type":"ListItem","position":1,"name":"Home","item":"https:\/\/www.camperonline.it\/magazine\/"},{"@type":"ListItem","position":2,"name":"Camper dell&#8217;Anno 2026"}]},{"@type":"Person","@id":"https:\/\/www.camperonline.it\/magazine\/#\/schema\/person\/cc776d866d3248597db92e2aa8bfc3f3","name":"Renato Antonini","url":"https:\/\/www.camperonline.it\/magazine\/author\/renato\/"}]}},"_links":{"self":[{"href":"https:\/\/www.camperonline.it\/magazine\/wp-json\/wp\/v2\/posts\/365801"}],"collection":[{"href":"https:\/\/www.camperonline.it\/magazine\/wp-json\/wp\/v2\/posts"}],"about":[{"href":"https:\/\/www.camperonline.it\/magazine\/wp-json\/wp\/v2\/types\/post"}],"author":[{"embeddable":true,"href":"https:\/\/www.camperonline.it\/magazine\/wp-json\/wp\/v2\/users\/23"}],"replies":[{"embeddable":true,"href":"https:\/\/www.camperonline.it\/magazine\/wp-json\/wp\/v2\/comments?post=365801"}],"version-history":[{"count":11,"href":"https:\/\/www.camperonline.it\/magazine\/wp-json\/wp\/v2\/posts\/365801\/revisions"}],"predecessor-version":[{"id":365837,"href":"https:\/\/www.camperonline.it\/magazine\/wp-json\/wp\/v2\/posts\/365801\/revisions\/365837"}],"wp:featuredmedia":[{"embeddable":true,"href":"https:\/\/www.camperonline.it\/magazine\/wp-json\/wp\/v2\/media\/365810"}],"wp:attachment":[{"href":"https:\/\/www.camperonline.it\/magazine\/wp-json\/wp\/v2\/media?parent=365801"}],"wp:term":[{"taxonomy":"category","embeddable":true,"href":"https:\/\/www.camperonline.it\/magazine\/wp-json\/wp\/v2\/categories?post=365801"},{"taxonomy":"post_tag","embeddable":true,"href":"https:\/\/www.camperonline.it\/magazine\/wp-json\/wp\/v2\/tags?post=365801"}],"curies":[{"name":"wp","href":"https:\/\/api.w.org\/{rel}","templated":true}]}}