{"id":37679,"date":"2012-09-18T11:00:09","date_gmt":"2012-09-18T09:00:09","guid":{"rendered":"https:\/\/www.camperonline.it\/magazine\/?p=37679"},"modified":"2016-06-15T19:55:08","modified_gmt":"2016-06-15T17:55:08","slug":"speciale-salone-del-camper-2012-helix-camper","status":"publish","type":"post","link":"https:\/\/www.camperonline.it\/magazine\/2012\/09\/18\/speciale-salone-del-camper-2012-helix-camper\/","title":{"rendered":"Speciale Salone del Camper 2012 &#8211; Helix Camper"},"content":{"rendered":"<p><img loading=\"lazy\" class=\"aligncenter size-full wp-image-37680\" title=\"01\" src=\"https:\/\/www.camperonline.it\/magazine\/wp-content\/uploads\/2012\/09\/01106.jpg\" alt=\"\" width=\"570\" height=\"450\" srcset=\"https:\/\/www.camperonline.it\/magazine\/wp-content\/uploads\/2012\/09\/01106.jpg 570w, https:\/\/www.camperonline.it\/magazine\/wp-content\/uploads\/2012\/09\/01106-300x236.jpg 300w\" sizes=\"(max-width: 570px) 100vw, 570px\" \/><\/p>\n<p>Lo specialista di camper puri Helix Camper, allestitore torinese rinomato per le sue accurate realizzazioni in cui impiantistica e coibentazione vengono curate in maniera quasi maniacale, ha fatto le cose in grande e al Salone del Camper ha portato una folta rappresentanza della sua produzione, tutta rigorosamente allestita su meccanica Renault Master e Trafic. Tra le altre caratteristiche dei veicoli Helix occorre menzionare le straordinarie capacit\u00e0 di stivaggio, quasi impensabili su veicoli di questa categoria, e le possibilit\u00e0 di personalizzazione da parte del cliente.<!--more--><\/p>\n<p><img loading=\"lazy\" class=\"aligncenter size-full wp-image-37713\" title=\"02\" src=\"https:\/\/www.camperonline.it\/magazine\/wp-content\/uploads\/2012\/09\/0287.jpg\" alt=\"\" width=\"500\" height=\"334\" srcset=\"https:\/\/www.camperonline.it\/magazine\/wp-content\/uploads\/2012\/09\/0287.jpg 500w, https:\/\/www.camperonline.it\/magazine\/wp-content\/uploads\/2012\/09\/0287-300x200.jpg 300w\" sizes=\"(max-width: 500px) 100vw, 500px\" \/>Tra i veicoli che adottano la meccanica pi\u00f9 grande figura l&#8217;Izoard 555 S, un veicolo di 555 cm con quattro posti omologati per il viaggio e altrettanti \u00a0a letto. Il layout prevede il consueto matrimoniale basculante disposto longitudinalmente, un sedile full time della Rib a ridosso della cabina di guida, oltre ad un letto singolo longitudinale alle spalle del living.<\/p>\n<p>La cucina, come capita spesso su questa tipologia di veicoli, sporge in parte nel vano del portellone, mentre il vano toilette, praticamente una costante nei veicoli dell&#8217;allestitore piemontese, \u00e8 alloggiato in coda e risulta accessibile anche dal doppio portellone posteriore.<\/p>\n<p><img loading=\"lazy\" class=\"aligncenter size-full wp-image-37683\" title=\"03\" src=\"https:\/\/www.camperonline.it\/magazine\/wp-content\/uploads\/2012\/09\/0360.jpg\" alt=\"\" width=\"500\" height=\"334\" srcset=\"https:\/\/www.camperonline.it\/magazine\/wp-content\/uploads\/2012\/09\/0360.jpg 500w, https:\/\/www.camperonline.it\/magazine\/wp-content\/uploads\/2012\/09\/0360-300x200.jpg 300w\" sizes=\"(max-width: 500px) 100vw, 500px\" \/><\/p>\n<p><img loading=\"lazy\" class=\"aligncenter size-full wp-image-37684\" title=\"04\" src=\"https:\/\/www.camperonline.it\/magazine\/wp-content\/uploads\/2012\/09\/0458.jpg\" alt=\"\" width=\"500\" height=\"334\" srcset=\"https:\/\/www.camperonline.it\/magazine\/wp-content\/uploads\/2012\/09\/0458.jpg 500w, https:\/\/www.camperonline.it\/magazine\/wp-content\/uploads\/2012\/09\/0458-300x200.jpg 300w\" sizes=\"(max-width: 500px) 100vw, 500px\" \/><\/p>\n<p><img loading=\"lazy\" class=\"aligncenter size-full wp-image-37685\" title=\"05\" src=\"https:\/\/www.camperonline.it\/magazine\/wp-content\/uploads\/2012\/09\/0557.jpg\" alt=\"\" width=\"500\" height=\"663\" srcset=\"https:\/\/www.camperonline.it\/magazine\/wp-content\/uploads\/2012\/09\/0557.jpg 500w, https:\/\/www.camperonline.it\/magazine\/wp-content\/uploads\/2012\/09\/0557-226x300.jpg 226w\" sizes=\"(max-width: 500px) 100vw, 500px\" \/><\/p>\n<p><img loading=\"lazy\" class=\"aligncenter size-full wp-image-37686\" title=\"06\" src=\"https:\/\/www.camperonline.it\/magazine\/wp-content\/uploads\/2012\/09\/0649.jpg\" alt=\"\" width=\"500\" height=\"747\" srcset=\"https:\/\/www.camperonline.it\/magazine\/wp-content\/uploads\/2012\/09\/0649.jpg 500w, https:\/\/www.camperonline.it\/magazine\/wp-content\/uploads\/2012\/09\/0649-200x300.jpg 200w\" sizes=\"(max-width: 500px) 100vw, 500px\" \/>\u00c8 su meccanica del Master anche il nuovissimo Stelvio 555, cinque posti omologati per il viaggio e ben 4+1 posti letto. Oltre al basculante longitudinale, troviamo un sedile full time a tre posti trasformabile ingegnosamente in letto con l&#8217;ausilio dei grandi poggiatesta, mentre un letto singolo lo si pu\u00f2 ricavare longitudinalmente sulla fiancata sinistra.<\/p>\n<p><img loading=\"lazy\" class=\"aligncenter size-full wp-image-37687\" title=\"07\" src=\"https:\/\/www.camperonline.it\/magazine\/wp-content\/uploads\/2012\/09\/0737.jpg\" alt=\"\" width=\"500\" height=\"325\" srcset=\"https:\/\/www.camperonline.it\/magazine\/wp-content\/uploads\/2012\/09\/0737.jpg 500w, https:\/\/www.camperonline.it\/magazine\/wp-content\/uploads\/2012\/09\/0737-300x195.jpg 300w\" sizes=\"(max-width: 500px) 100vw, 500px\" \/><\/p>\n<p><img loading=\"lazy\" class=\"aligncenter size-full wp-image-37688\" title=\"08\" src=\"https:\/\/www.camperonline.it\/magazine\/wp-content\/uploads\/2012\/09\/0829.jpg\" alt=\"\" width=\"500\" height=\"334\" srcset=\"https:\/\/www.camperonline.it\/magazine\/wp-content\/uploads\/2012\/09\/0829.jpg 500w, https:\/\/www.camperonline.it\/magazine\/wp-content\/uploads\/2012\/09\/0829-300x200.jpg 300w\" sizes=\"(max-width: 500px) 100vw, 500px\" \/><\/p>\n<p><img loading=\"lazy\" class=\"aligncenter size-full wp-image-37689\" title=\"09\" src=\"https:\/\/www.camperonline.it\/magazine\/wp-content\/uploads\/2012\/09\/0933.jpg\" alt=\"\" width=\"500\" height=\"334\" srcset=\"https:\/\/www.camperonline.it\/magazine\/wp-content\/uploads\/2012\/09\/0933.jpg 500w, https:\/\/www.camperonline.it\/magazine\/wp-content\/uploads\/2012\/09\/0933-300x200.jpg 300w\" sizes=\"(max-width: 500px) 100vw, 500px\" \/><\/p>\n<p><img loading=\"lazy\" class=\"aligncenter size-full wp-image-37690\" title=\"10\" src=\"https:\/\/www.camperonline.it\/magazine\/wp-content\/uploads\/2012\/09\/1032.jpg\" alt=\"\" width=\"500\" height=\"639\" srcset=\"https:\/\/www.camperonline.it\/magazine\/wp-content\/uploads\/2012\/09\/1032.jpg 500w, https:\/\/www.camperonline.it\/magazine\/wp-content\/uploads\/2012\/09\/1032-234x300.jpg 234w\" sizes=\"(max-width: 500px) 100vw, 500px\" \/><\/p>\n<p><img loading=\"lazy\" class=\"aligncenter size-full wp-image-37691\" title=\"11\" src=\"https:\/\/www.camperonline.it\/magazine\/wp-content\/uploads\/2012\/09\/1128.jpg\" alt=\"\" width=\"500\" height=\"334\" srcset=\"https:\/\/www.camperonline.it\/magazine\/wp-content\/uploads\/2012\/09\/1128.jpg 500w, https:\/\/www.camperonline.it\/magazine\/wp-content\/uploads\/2012\/09\/1128-300x200.jpg 300w\" sizes=\"(max-width: 500px) 100vw, 500px\" \/><\/p>\n<p><img loading=\"lazy\" class=\"aligncenter size-full wp-image-37692\" title=\"12\" src=\"https:\/\/www.camperonline.it\/magazine\/wp-content\/uploads\/2012\/09\/1227.jpg\" alt=\"\" width=\"500\" height=\"655\" srcset=\"https:\/\/www.camperonline.it\/magazine\/wp-content\/uploads\/2012\/09\/1227.jpg 500w, https:\/\/www.camperonline.it\/magazine\/wp-content\/uploads\/2012\/09\/1227-229x300.jpg 229w\" sizes=\"(max-width: 500px) 100vw, 500px\" \/><\/p>\n<p><img loading=\"lazy\" class=\"aligncenter size-full wp-image-37693\" title=\"13\" src=\"https:\/\/www.camperonline.it\/magazine\/wp-content\/uploads\/2012\/09\/1328.jpg\" alt=\"\" width=\"500\" height=\"334\" srcset=\"https:\/\/www.camperonline.it\/magazine\/wp-content\/uploads\/2012\/09\/1328.jpg 500w, https:\/\/www.camperonline.it\/magazine\/wp-content\/uploads\/2012\/09\/1328-300x200.jpg 300w\" sizes=\"(max-width: 500px) 100vw, 500px\" \/><img loading=\"lazy\" class=\"aligncenter size-full wp-image-37694\" title=\"14\" src=\"https:\/\/www.camperonline.it\/magazine\/wp-content\/uploads\/2012\/09\/1426.jpg\" alt=\"\" width=\"500\" height=\"672\" srcset=\"https:\/\/www.camperonline.it\/magazine\/wp-content\/uploads\/2012\/09\/1426.jpg 500w, https:\/\/www.camperonline.it\/magazine\/wp-content\/uploads\/2012\/09\/1426-223x300.jpg 223w\" sizes=\"(max-width: 500px) 100vw, 500px\" \/>Inaspettato per l&#8217;allestitore, ma pi\u00f9 che meritato per l&#8217;originalit\u00e0 e la qualit\u00e0 di ogni singolo prodotto, \u00e8 arrivato il premio &#8220;Salone del Camper Award&#8221;, assegnato da un giuria di esperti al Nivolet 505, un veicolo di poco pi\u00f9 di 5 metri con 2 poltrone full time trasformabili in letti singoli e il consueto basculante; in totale i posti letto sono 4 e coincidono con quelli omologati in viaggio. La cucina \u00e8 alle spalle della poltrona sinistra e la toilette \u00e8 ovviamente in coda.<\/p>\n<p><img loading=\"lazy\" class=\"aligncenter size-full wp-image-37695\" title=\"15\" src=\"https:\/\/www.camperonline.it\/magazine\/wp-content\/uploads\/2012\/09\/1526.jpg\" alt=\"\" width=\"500\" height=\"334\" srcset=\"https:\/\/www.camperonline.it\/magazine\/wp-content\/uploads\/2012\/09\/1526.jpg 500w, https:\/\/www.camperonline.it\/magazine\/wp-content\/uploads\/2012\/09\/1526-300x200.jpg 300w\" sizes=\"(max-width: 500px) 100vw, 500px\" \/><\/p>\n<p><img loading=\"lazy\" class=\"aligncenter size-full wp-image-37696\" title=\"16\" src=\"https:\/\/www.camperonline.it\/magazine\/wp-content\/uploads\/2012\/09\/1625.jpg\" alt=\"\" width=\"500\" height=\"332\" srcset=\"https:\/\/www.camperonline.it\/magazine\/wp-content\/uploads\/2012\/09\/1625.jpg 500w, https:\/\/www.camperonline.it\/magazine\/wp-content\/uploads\/2012\/09\/1625-300x199.jpg 300w\" sizes=\"(max-width: 500px) 100vw, 500px\" \/><\/p>\n<p><img loading=\"lazy\" class=\"aligncenter size-full wp-image-37697\" title=\"17\" src=\"https:\/\/www.camperonline.it\/magazine\/wp-content\/uploads\/2012\/09\/1723.jpg\" alt=\"\" width=\"500\" height=\"334\" srcset=\"https:\/\/www.camperonline.it\/magazine\/wp-content\/uploads\/2012\/09\/1723.jpg 500w, https:\/\/www.camperonline.it\/magazine\/wp-content\/uploads\/2012\/09\/1723-300x200.jpg 300w\" sizes=\"(max-width: 500px) 100vw, 500px\" \/><\/p>\n<p><img loading=\"lazy\" class=\"aligncenter size-full wp-image-37698\" title=\"18\" src=\"https:\/\/www.camperonline.it\/magazine\/wp-content\/uploads\/2012\/09\/1821.jpg\" alt=\"\" width=\"500\" height=\"334\" srcset=\"https:\/\/www.camperonline.it\/magazine\/wp-content\/uploads\/2012\/09\/1821.jpg 500w, https:\/\/www.camperonline.it\/magazine\/wp-content\/uploads\/2012\/09\/1821-300x200.jpg 300w\" sizes=\"(max-width: 500px) 100vw, 500px\" \/><\/p>\n<p><img loading=\"lazy\" class=\"aligncenter size-full wp-image-37699\" title=\"19\" src=\"https:\/\/www.camperonline.it\/magazine\/wp-content\/uploads\/2012\/09\/1920.jpg\" alt=\"\" width=\"500\" height=\"630\" srcset=\"https:\/\/www.camperonline.it\/magazine\/wp-content\/uploads\/2012\/09\/1920.jpg 500w, https:\/\/www.camperonline.it\/magazine\/wp-content\/uploads\/2012\/09\/1920-238x300.jpg 238w\" sizes=\"(max-width: 500px) 100vw, 500px\" \/><\/p>\n<p><img loading=\"lazy\" class=\"aligncenter size-full wp-image-37700\" title=\"20\" src=\"https:\/\/www.camperonline.it\/magazine\/wp-content\/uploads\/2012\/09\/2016.jpg\" alt=\"\" width=\"500\" height=\"658\" srcset=\"https:\/\/www.camperonline.it\/magazine\/wp-content\/uploads\/2012\/09\/2016.jpg 500w, https:\/\/www.camperonline.it\/magazine\/wp-content\/uploads\/2012\/09\/2016-227x300.jpg 227w\" sizes=\"(max-width: 500px) 100vw, 500px\" \/>Il primo dei veicoli su Trafic \u00e8 il Turini 478, un compatto veicolo con tetto a soffietto capace di ospitare 4 persone in viaggio e a letto. Con gli ingombri di una grossa monovolume offre, oltre al basculante, due poltrone full time trasformabili in letti singoli.<\/p>\n<p><img loading=\"lazy\" class=\"aligncenter size-full wp-image-37701\" title=\"21\" src=\"https:\/\/www.camperonline.it\/magazine\/wp-content\/uploads\/2012\/09\/2115.jpg\" alt=\"\" width=\"500\" height=\"334\" srcset=\"https:\/\/www.camperonline.it\/magazine\/wp-content\/uploads\/2012\/09\/2115.jpg 500w, https:\/\/www.camperonline.it\/magazine\/wp-content\/uploads\/2012\/09\/2115-300x200.jpg 300w\" sizes=\"(max-width: 500px) 100vw, 500px\" \/><\/p>\n<p><img loading=\"lazy\" class=\"aligncenter size-full wp-image-37702\" title=\"22\" src=\"https:\/\/www.camperonline.it\/magazine\/wp-content\/uploads\/2012\/09\/2213.jpg\" alt=\"\" width=\"500\" height=\"334\" srcset=\"https:\/\/www.camperonline.it\/magazine\/wp-content\/uploads\/2012\/09\/2213.jpg 500w, https:\/\/www.camperonline.it\/magazine\/wp-content\/uploads\/2012\/09\/2213-300x200.jpg 300w\" sizes=\"(max-width: 500px) 100vw, 500px\" \/><\/p>\n<p><img loading=\"lazy\" class=\"aligncenter size-full wp-image-37703\" title=\"23\" src=\"https:\/\/www.camperonline.it\/magazine\/wp-content\/uploads\/2012\/09\/2311.jpg\" alt=\"\" width=\"500\" height=\"611\" srcset=\"https:\/\/www.camperonline.it\/magazine\/wp-content\/uploads\/2012\/09\/2311.jpg 500w, https:\/\/www.camperonline.it\/magazine\/wp-content\/uploads\/2012\/09\/2311-245x300.jpg 245w\" sizes=\"(max-width: 500px) 100vw, 500px\" \/><\/p>\n<p><img loading=\"lazy\" class=\"aligncenter size-full wp-image-37704\" title=\"24\" src=\"https:\/\/www.camperonline.it\/magazine\/wp-content\/uploads\/2012\/09\/2412.jpg\" alt=\"\" width=\"500\" height=\"646\" srcset=\"https:\/\/www.camperonline.it\/magazine\/wp-content\/uploads\/2012\/09\/2412.jpg 500w, https:\/\/www.camperonline.it\/magazine\/wp-content\/uploads\/2012\/09\/2412-232x300.jpg 232w\" sizes=\"(max-width: 500px) 100vw, 500px\" \/>\u00c8 su Renault Trafic anche il Vars 478 a tetto alto di serie, ma in questo caso, se il posti omologati per il viaggio sono 4, i posti letto sono solo 2, in quanto \u00e8 assente il basculante e sono presenti solo le due poltrone full time.<\/p>\n<p><img loading=\"lazy\" class=\"aligncenter size-full wp-image-37705\" title=\"25\" src=\"https:\/\/www.camperonline.it\/magazine\/wp-content\/uploads\/2012\/09\/2510.jpg\" alt=\"\" width=\"500\" height=\"334\" srcset=\"https:\/\/www.camperonline.it\/magazine\/wp-content\/uploads\/2012\/09\/2510.jpg 500w, https:\/\/www.camperonline.it\/magazine\/wp-content\/uploads\/2012\/09\/2510-300x200.jpg 300w\" sizes=\"(max-width: 500px) 100vw, 500px\" \/><\/p>\n<p><img loading=\"lazy\" class=\"aligncenter size-full wp-image-37706\" title=\"26\" src=\"https:\/\/www.camperonline.it\/magazine\/wp-content\/uploads\/2012\/09\/269.jpg\" alt=\"\" width=\"500\" height=\"334\" srcset=\"https:\/\/www.camperonline.it\/magazine\/wp-content\/uploads\/2012\/09\/269.jpg 500w, https:\/\/www.camperonline.it\/magazine\/wp-content\/uploads\/2012\/09\/269-300x200.jpg 300w\" sizes=\"(max-width: 500px) 100vw, 500px\" \/><\/p>\n<p><img loading=\"lazy\" class=\"aligncenter size-full wp-image-37707\" title=\"27\" src=\"https:\/\/www.camperonline.it\/magazine\/wp-content\/uploads\/2012\/09\/278.jpg\" alt=\"\" width=\"500\" height=\"334\" srcset=\"https:\/\/www.camperonline.it\/magazine\/wp-content\/uploads\/2012\/09\/278.jpg 500w, https:\/\/www.camperonline.it\/magazine\/wp-content\/uploads\/2012\/09\/278-300x200.jpg 300w\" sizes=\"(max-width: 500px) 100vw, 500px\" \/><\/p>\n<p><img loading=\"lazy\" class=\"aligncenter size-full wp-image-37708\" title=\"28\" src=\"https:\/\/www.camperonline.it\/magazine\/wp-content\/uploads\/2012\/09\/288.jpg\" alt=\"\" width=\"500\" height=\"688\" srcset=\"https:\/\/www.camperonline.it\/magazine\/wp-content\/uploads\/2012\/09\/288.jpg 500w, https:\/\/www.camperonline.it\/magazine\/wp-content\/uploads\/2012\/09\/288-218x300.jpg 218w\" sizes=\"(max-width: 500px) 100vw, 500px\" \/><\/p>\n<p>&nbsp;<\/p>\n<p><strong>Fotogallery<\/strong><\/p>\n<!-- default-view.php -->\n<div\n\tclass=\"ngg-galleryoverview default-view  ngg-ajax-pagination-none\"\n\tid=\"ngg-gallery-129ad2fe3a28daa615eb38f55ac020ec-1\">\n\n\t\t<!-- Thumbnails -->\n\t\t\t\t<div id=\"ngg-image-0\" class=\"ngg-gallery-thumbnail-box \" >\n\t\t\t\t        <div class=\"ngg-gallery-thumbnail\">\n            <a href=\"https:\/\/www.camperonline.it\/magazine\/wp-content\/gallery\/sdc-2012-helix-camper\/15.jpg\"\n               title=\"\"\n               data-src=\"https:\/\/www.camperonline.it\/magazine\/wp-content\/gallery\/sdc-2012-helix-camper\/15.jpg\"\n               data-thumbnail=\"https:\/\/www.camperonline.it\/magazine\/wp-content\/gallery\/sdc-2012-helix-camper\/thumbs\/thumbs_15.jpg\"\n               data-image-id=\"26744\"\n               data-title=\"15\"\n               data-description=\"\"\n               data-image-slug=\"15-29\"\n               class=\"ngg-fancybox\" rel=\"129ad2fe3a28daa615eb38f55ac020ec\">\n                <img\n                    title=\"15\"\n                    alt=\"15\"\n                    src=\"https:\/\/www.camperonline.it\/magazine\/wp-content\/gallery\/sdc-2012-helix-camper\/thumbs\/thumbs_15.jpg\"\n                    width=\"100\"\n                    height=\"75\"\n                    style=\"max-width:100%;\"\n                \/>\n            <\/a>\n        <\/div>\n\t\t\t\t\t\t\t<\/div> \n\t\t\t\n\t\t\t\t<div id=\"ngg-image-1\" class=\"ngg-gallery-thumbnail-box \" >\n\t\t\t\t        <div class=\"ngg-gallery-thumbnail\">\n            <a href=\"https:\/\/www.camperonline.it\/magazine\/wp-content\/gallery\/sdc-2012-helix-camper\/28.jpg\"\n               title=\"\"\n               data-src=\"https:\/\/www.camperonline.it\/magazine\/wp-content\/gallery\/sdc-2012-helix-camper\/28.jpg\"\n               data-thumbnail=\"https:\/\/www.camperonline.it\/magazine\/wp-content\/gallery\/sdc-2012-helix-camper\/thumbs\/thumbs_28.jpg\"\n               data-image-id=\"26757\"\n               data-title=\"28\"\n               data-description=\"\"\n               data-image-slug=\"28-11\"\n               class=\"ngg-fancybox\" rel=\"129ad2fe3a28daa615eb38f55ac020ec\">\n                <img\n                    title=\"28\"\n                    alt=\"28\"\n                    src=\"https:\/\/www.camperonline.it\/magazine\/wp-content\/gallery\/sdc-2012-helix-camper\/thumbs\/thumbs_28.jpg\"\n                    width=\"100\"\n                    height=\"75\"\n                    style=\"max-width:100%;\"\n                \/>\n            <\/a>\n        <\/div>\n\t\t\t\t\t\t\t<\/div> \n\t\t\t\n\t\t\t\t<div id=\"ngg-image-2\" class=\"ngg-gallery-thumbnail-box \" >\n\t\t\t\t        <div class=\"ngg-gallery-thumbnail\">\n            <a href=\"https:\/\/www.camperonline.it\/magazine\/wp-content\/gallery\/sdc-2012-helix-camper\/27.jpg\"\n               title=\"\"\n               data-src=\"https:\/\/www.camperonline.it\/magazine\/wp-content\/gallery\/sdc-2012-helix-camper\/27.jpg\"\n               data-thumbnail=\"https:\/\/www.camperonline.it\/magazine\/wp-content\/gallery\/sdc-2012-helix-camper\/thumbs\/thumbs_27.jpg\"\n               data-image-id=\"26756\"\n               data-title=\"27\"\n               data-description=\"\"\n               data-image-slug=\"27-11\"\n               class=\"ngg-fancybox\" rel=\"129ad2fe3a28daa615eb38f55ac020ec\">\n                <img\n                    title=\"27\"\n                    alt=\"27\"\n                    src=\"https:\/\/www.camperonline.it\/magazine\/wp-content\/gallery\/sdc-2012-helix-camper\/thumbs\/thumbs_27.jpg\"\n                    width=\"100\"\n                    height=\"75\"\n                    style=\"max-width:100%;\"\n                \/>\n            <\/a>\n        <\/div>\n\t\t\t\t\t\t\t<\/div> \n\t\t\t\n\t\t\t\t<div id=\"ngg-image-3\" class=\"ngg-gallery-thumbnail-box \" >\n\t\t\t\t        <div class=\"ngg-gallery-thumbnail\">\n            <a href=\"https:\/\/www.camperonline.it\/magazine\/wp-content\/gallery\/sdc-2012-helix-camper\/26.jpg\"\n               title=\"\"\n               data-src=\"https:\/\/www.camperonline.it\/magazine\/wp-content\/gallery\/sdc-2012-helix-camper\/26.jpg\"\n               data-thumbnail=\"https:\/\/www.camperonline.it\/magazine\/wp-content\/gallery\/sdc-2012-helix-camper\/thumbs\/thumbs_26.jpg\"\n               data-image-id=\"26755\"\n               data-title=\"26\"\n               data-description=\"\"\n               data-image-slug=\"26-13\"\n               class=\"ngg-fancybox\" rel=\"129ad2fe3a28daa615eb38f55ac020ec\">\n                <img\n                    title=\"26\"\n                    alt=\"26\"\n                    src=\"https:\/\/www.camperonline.it\/magazine\/wp-content\/gallery\/sdc-2012-helix-camper\/thumbs\/thumbs_26.jpg\"\n                    width=\"100\"\n                    height=\"75\"\n                    style=\"max-width:100%;\"\n                \/>\n            <\/a>\n        <\/div>\n\t\t\t\t\t\t\t<\/div> \n\t\t\t\n\t\t\t\t<div id=\"ngg-image-4\" class=\"ngg-gallery-thumbnail-box \" >\n\t\t\t\t        <div class=\"ngg-gallery-thumbnail\">\n            <a href=\"https:\/\/www.camperonline.it\/magazine\/wp-content\/gallery\/sdc-2012-helix-camper\/25.jpg\"\n               title=\"\"\n               data-src=\"https:\/\/www.camperonline.it\/magazine\/wp-content\/gallery\/sdc-2012-helix-camper\/25.jpg\"\n               data-thumbnail=\"https:\/\/www.camperonline.it\/magazine\/wp-content\/gallery\/sdc-2012-helix-camper\/thumbs\/thumbs_25.jpg\"\n               data-image-id=\"26754\"\n               data-title=\"25\"\n               data-description=\"\"\n               data-image-slug=\"25-14\"\n               class=\"ngg-fancybox\" rel=\"129ad2fe3a28daa615eb38f55ac020ec\">\n                <img\n                    title=\"25\"\n                    alt=\"25\"\n                    src=\"https:\/\/www.camperonline.it\/magazine\/wp-content\/gallery\/sdc-2012-helix-camper\/thumbs\/thumbs_25.jpg\"\n                    width=\"100\"\n                    height=\"75\"\n                    style=\"max-width:100%;\"\n                \/>\n            <\/a>\n        <\/div>\n\t\t\t\t\t\t\t<\/div> \n\t\t\t\n\t\t\t\t<div id=\"ngg-image-5\" class=\"ngg-gallery-thumbnail-box \" >\n\t\t\t\t        <div class=\"ngg-gallery-thumbnail\">\n            <a href=\"https:\/\/www.camperonline.it\/magazine\/wp-content\/gallery\/sdc-2012-helix-camper\/24.jpg\"\n               title=\"\"\n               data-src=\"https:\/\/www.camperonline.it\/magazine\/wp-content\/gallery\/sdc-2012-helix-camper\/24.jpg\"\n               data-thumbnail=\"https:\/\/www.camperonline.it\/magazine\/wp-content\/gallery\/sdc-2012-helix-camper\/thumbs\/thumbs_24.jpg\"\n               data-image-id=\"26753\"\n               data-title=\"24\"\n               data-description=\"\"\n               data-image-slug=\"24-14\"\n               class=\"ngg-fancybox\" rel=\"129ad2fe3a28daa615eb38f55ac020ec\">\n                <img\n                    title=\"24\"\n                    alt=\"24\"\n                    src=\"https:\/\/www.camperonline.it\/magazine\/wp-content\/gallery\/sdc-2012-helix-camper\/thumbs\/thumbs_24.jpg\"\n                    width=\"100\"\n                    height=\"75\"\n                    style=\"max-width:100%;\"\n                \/>\n            <\/a>\n        <\/div>\n\t\t\t\t\t\t\t<\/div> \n\t\t\t\n\t\t\t\t<div id=\"ngg-image-6\" class=\"ngg-gallery-thumbnail-box \" >\n\t\t\t\t        <div class=\"ngg-gallery-thumbnail\">\n            <a href=\"https:\/\/www.camperonline.it\/magazine\/wp-content\/gallery\/sdc-2012-helix-camper\/23.jpg\"\n               title=\"\"\n               data-src=\"https:\/\/www.camperonline.it\/magazine\/wp-content\/gallery\/sdc-2012-helix-camper\/23.jpg\"\n               data-thumbnail=\"https:\/\/www.camperonline.it\/magazine\/wp-content\/gallery\/sdc-2012-helix-camper\/thumbs\/thumbs_23.jpg\"\n               data-image-id=\"26752\"\n               data-title=\"23\"\n               data-description=\"\"\n               data-image-slug=\"23-15\"\n               class=\"ngg-fancybox\" rel=\"129ad2fe3a28daa615eb38f55ac020ec\">\n                <img\n                    title=\"23\"\n                    alt=\"23\"\n                    src=\"https:\/\/www.camperonline.it\/magazine\/wp-content\/gallery\/sdc-2012-helix-camper\/thumbs\/thumbs_23.jpg\"\n                    width=\"100\"\n                    height=\"75\"\n                    style=\"max-width:100%;\"\n                \/>\n            <\/a>\n        <\/div>\n\t\t\t\t\t\t\t<\/div> \n\t\t\t\n\t\t\t\t<div id=\"ngg-image-7\" class=\"ngg-gallery-thumbnail-box \" >\n\t\t\t\t        <div class=\"ngg-gallery-thumbnail\">\n            <a href=\"https:\/\/www.camperonline.it\/magazine\/wp-content\/gallery\/sdc-2012-helix-camper\/22.jpg\"\n               title=\"\"\n               data-src=\"https:\/\/www.camperonline.it\/magazine\/wp-content\/gallery\/sdc-2012-helix-camper\/22.jpg\"\n               data-thumbnail=\"https:\/\/www.camperonline.it\/magazine\/wp-content\/gallery\/sdc-2012-helix-camper\/thumbs\/thumbs_22.jpg\"\n               data-image-id=\"26751\"\n               data-title=\"22\"\n               data-description=\"\"\n               data-image-slug=\"22-18\"\n               class=\"ngg-fancybox\" rel=\"129ad2fe3a28daa615eb38f55ac020ec\">\n                <img\n                    title=\"22\"\n                    alt=\"22\"\n                    src=\"https:\/\/www.camperonline.it\/magazine\/wp-content\/gallery\/sdc-2012-helix-camper\/thumbs\/thumbs_22.jpg\"\n                    width=\"100\"\n                    height=\"75\"\n                    style=\"max-width:100%;\"\n                \/>\n            <\/a>\n        <\/div>\n\t\t\t\t\t\t\t<\/div> \n\t\t\t\n\t\t\t\t<div id=\"ngg-image-8\" class=\"ngg-gallery-thumbnail-box \" >\n\t\t\t\t        <div class=\"ngg-gallery-thumbnail\">\n            <a href=\"https:\/\/www.camperonline.it\/magazine\/wp-content\/gallery\/sdc-2012-helix-camper\/21.jpg\"\n               title=\"\"\n               data-src=\"https:\/\/www.camperonline.it\/magazine\/wp-content\/gallery\/sdc-2012-helix-camper\/21.jpg\"\n               data-thumbnail=\"https:\/\/www.camperonline.it\/magazine\/wp-content\/gallery\/sdc-2012-helix-camper\/thumbs\/thumbs_21.jpg\"\n               data-image-id=\"26750\"\n               data-title=\"21\"\n               data-description=\"\"\n               data-image-slug=\"21-20\"\n               class=\"ngg-fancybox\" rel=\"129ad2fe3a28daa615eb38f55ac020ec\">\n                <img\n                    title=\"21\"\n                    alt=\"21\"\n                    src=\"https:\/\/www.camperonline.it\/magazine\/wp-content\/gallery\/sdc-2012-helix-camper\/thumbs\/thumbs_21.jpg\"\n                    width=\"100\"\n                    height=\"75\"\n                    style=\"max-width:100%;\"\n                \/>\n            <\/a>\n        <\/div>\n\t\t\t\t\t\t\t<\/div> \n\t\t\t\n\t\t\t\t<div id=\"ngg-image-9\" class=\"ngg-gallery-thumbnail-box \" >\n\t\t\t\t        <div class=\"ngg-gallery-thumbnail\">\n            <a href=\"https:\/\/www.camperonline.it\/magazine\/wp-content\/gallery\/sdc-2012-helix-camper\/20.jpg\"\n               title=\"\"\n               data-src=\"https:\/\/www.camperonline.it\/magazine\/wp-content\/gallery\/sdc-2012-helix-camper\/20.jpg\"\n               data-thumbnail=\"https:\/\/www.camperonline.it\/magazine\/wp-content\/gallery\/sdc-2012-helix-camper\/thumbs\/thumbs_20.jpg\"\n               data-image-id=\"26749\"\n               data-title=\"20\"\n               data-description=\"\"\n               data-image-slug=\"20-22\"\n               class=\"ngg-fancybox\" rel=\"129ad2fe3a28daa615eb38f55ac020ec\">\n                <img\n                    title=\"20\"\n                    alt=\"20\"\n                    src=\"https:\/\/www.camperonline.it\/magazine\/wp-content\/gallery\/sdc-2012-helix-camper\/thumbs\/thumbs_20.jpg\"\n                    width=\"100\"\n                    height=\"75\"\n                    style=\"max-width:100%;\"\n                \/>\n            <\/a>\n        <\/div>\n\t\t\t\t\t\t\t<\/div> \n\t\t\t\n\t\t\t\t<div id=\"ngg-image-10\" class=\"ngg-gallery-thumbnail-box \" >\n\t\t\t\t        <div class=\"ngg-gallery-thumbnail\">\n            <a href=\"https:\/\/www.camperonline.it\/magazine\/wp-content\/gallery\/sdc-2012-helix-camper\/19.jpg\"\n               title=\"\"\n               data-src=\"https:\/\/www.camperonline.it\/magazine\/wp-content\/gallery\/sdc-2012-helix-camper\/19.jpg\"\n               data-thumbnail=\"https:\/\/www.camperonline.it\/magazine\/wp-content\/gallery\/sdc-2012-helix-camper\/thumbs\/thumbs_19.jpg\"\n               data-image-id=\"26748\"\n               data-title=\"19\"\n               data-description=\"\"\n               data-image-slug=\"19-26\"\n               class=\"ngg-fancybox\" rel=\"129ad2fe3a28daa615eb38f55ac020ec\">\n                <img\n                    title=\"19\"\n                    alt=\"19\"\n                    src=\"https:\/\/www.camperonline.it\/magazine\/wp-content\/gallery\/sdc-2012-helix-camper\/thumbs\/thumbs_19.jpg\"\n                    width=\"100\"\n                    height=\"75\"\n                    style=\"max-width:100%;\"\n                \/>\n            <\/a>\n        <\/div>\n\t\t\t\t\t\t\t<\/div> \n\t\t\t\n\t\t\t\t<div id=\"ngg-image-11\" class=\"ngg-gallery-thumbnail-box \" >\n\t\t\t\t        <div class=\"ngg-gallery-thumbnail\">\n            <a href=\"https:\/\/www.camperonline.it\/magazine\/wp-content\/gallery\/sdc-2012-helix-camper\/18.jpg\"\n               title=\"\"\n               data-src=\"https:\/\/www.camperonline.it\/magazine\/wp-content\/gallery\/sdc-2012-helix-camper\/18.jpg\"\n               data-thumbnail=\"https:\/\/www.camperonline.it\/magazine\/wp-content\/gallery\/sdc-2012-helix-camper\/thumbs\/thumbs_18.jpg\"\n               data-image-id=\"26747\"\n               data-title=\"18\"\n               data-description=\"\"\n               data-image-slug=\"18-27\"\n               class=\"ngg-fancybox\" rel=\"129ad2fe3a28daa615eb38f55ac020ec\">\n                <img\n                    title=\"18\"\n                    alt=\"18\"\n                    src=\"https:\/\/www.camperonline.it\/magazine\/wp-content\/gallery\/sdc-2012-helix-camper\/thumbs\/thumbs_18.jpg\"\n                    width=\"100\"\n                    height=\"75\"\n                    style=\"max-width:100%;\"\n                \/>\n            <\/a>\n        <\/div>\n\t\t\t\t\t\t\t<\/div> \n\t\t\t\n\t\t\t\t<div id=\"ngg-image-12\" class=\"ngg-gallery-thumbnail-box \" >\n\t\t\t\t        <div class=\"ngg-gallery-thumbnail\">\n            <a href=\"https:\/\/www.camperonline.it\/magazine\/wp-content\/gallery\/sdc-2012-helix-camper\/17.jpg\"\n               title=\"\"\n               data-src=\"https:\/\/www.camperonline.it\/magazine\/wp-content\/gallery\/sdc-2012-helix-camper\/17.jpg\"\n               data-thumbnail=\"https:\/\/www.camperonline.it\/magazine\/wp-content\/gallery\/sdc-2012-helix-camper\/thumbs\/thumbs_17.jpg\"\n               data-image-id=\"26746\"\n               data-title=\"17\"\n               data-description=\"\"\n               data-image-slug=\"17-29\"\n               class=\"ngg-fancybox\" rel=\"129ad2fe3a28daa615eb38f55ac020ec\">\n                <img\n                    title=\"17\"\n                    alt=\"17\"\n                    src=\"https:\/\/www.camperonline.it\/magazine\/wp-content\/gallery\/sdc-2012-helix-camper\/thumbs\/thumbs_17.jpg\"\n                    width=\"100\"\n                    height=\"75\"\n                    style=\"max-width:100%;\"\n                \/>\n            <\/a>\n        <\/div>\n\t\t\t\t\t\t\t<\/div> \n\t\t\t\n\t\t\t\t<div id=\"ngg-image-13\" class=\"ngg-gallery-thumbnail-box \" >\n\t\t\t\t        <div class=\"ngg-gallery-thumbnail\">\n            <a href=\"https:\/\/www.camperonline.it\/magazine\/wp-content\/gallery\/sdc-2012-helix-camper\/16.jpg\"\n               title=\"\"\n               data-src=\"https:\/\/www.camperonline.it\/magazine\/wp-content\/gallery\/sdc-2012-helix-camper\/16.jpg\"\n               data-thumbnail=\"https:\/\/www.camperonline.it\/magazine\/wp-content\/gallery\/sdc-2012-helix-camper\/thumbs\/thumbs_16.jpg\"\n               data-image-id=\"26745\"\n               data-title=\"16\"\n               data-description=\"\"\n               data-image-slug=\"16-30\"\n               class=\"ngg-fancybox\" rel=\"129ad2fe3a28daa615eb38f55ac020ec\">\n                <img\n                    title=\"16\"\n                    alt=\"16\"\n                    src=\"https:\/\/www.camperonline.it\/magazine\/wp-content\/gallery\/sdc-2012-helix-camper\/thumbs\/thumbs_16.jpg\"\n                    width=\"100\"\n                    height=\"75\"\n                    style=\"max-width:100%;\"\n                \/>\n            <\/a>\n        <\/div>\n\t\t\t\t\t\t\t<\/div> \n\t\t\t\n\t\t\t\t<div id=\"ngg-image-14\" class=\"ngg-gallery-thumbnail-box \" >\n\t\t\t\t        <div class=\"ngg-gallery-thumbnail\">\n            <a href=\"https:\/\/www.camperonline.it\/magazine\/wp-content\/gallery\/sdc-2012-helix-camper\/01.jpg\"\n               title=\"\"\n               data-src=\"https:\/\/www.camperonline.it\/magazine\/wp-content\/gallery\/sdc-2012-helix-camper\/01.jpg\"\n               data-thumbnail=\"https:\/\/www.camperonline.it\/magazine\/wp-content\/gallery\/sdc-2012-helix-camper\/thumbs\/thumbs_01.jpg\"\n               data-image-id=\"26730\"\n               data-title=\"01\"\n               data-description=\"\"\n               data-image-slug=\"01-36\"\n               class=\"ngg-fancybox\" rel=\"129ad2fe3a28daa615eb38f55ac020ec\">\n                <img\n                    title=\"01\"\n                    alt=\"01\"\n                    src=\"https:\/\/www.camperonline.it\/magazine\/wp-content\/gallery\/sdc-2012-helix-camper\/thumbs\/thumbs_01.jpg\"\n                    width=\"100\"\n                    height=\"75\"\n                    style=\"max-width:100%;\"\n                \/>\n            <\/a>\n        <\/div>\n\t\t\t\t\t\t\t<\/div> \n\t\t\t\n\t\t\t\t<div id=\"ngg-image-15\" class=\"ngg-gallery-thumbnail-box \" >\n\t\t\t\t        <div class=\"ngg-gallery-thumbnail\">\n            <a href=\"https:\/\/www.camperonline.it\/magazine\/wp-content\/gallery\/sdc-2012-helix-camper\/14.jpg\"\n               title=\"\"\n               data-src=\"https:\/\/www.camperonline.it\/magazine\/wp-content\/gallery\/sdc-2012-helix-camper\/14.jpg\"\n               data-thumbnail=\"https:\/\/www.camperonline.it\/magazine\/wp-content\/gallery\/sdc-2012-helix-camper\/thumbs\/thumbs_14.jpg\"\n               data-image-id=\"26743\"\n               data-title=\"14\"\n               data-description=\"\"\n               data-image-slug=\"14-31\"\n               class=\"ngg-fancybox\" rel=\"129ad2fe3a28daa615eb38f55ac020ec\">\n                <img\n                    title=\"14\"\n                    alt=\"14\"\n                    src=\"https:\/\/www.camperonline.it\/magazine\/wp-content\/gallery\/sdc-2012-helix-camper\/thumbs\/thumbs_14.jpg\"\n                    width=\"100\"\n                    height=\"75\"\n                    style=\"max-width:100%;\"\n                \/>\n            <\/a>\n        <\/div>\n\t\t\t\t\t\t\t<\/div> \n\t\t\t\n\t\t\t\t<div id=\"ngg-image-16\" class=\"ngg-gallery-thumbnail-box \" >\n\t\t\t\t        <div class=\"ngg-gallery-thumbnail\">\n            <a href=\"https:\/\/www.camperonline.it\/magazine\/wp-content\/gallery\/sdc-2012-helix-camper\/13.jpg\"\n               title=\"\"\n               data-src=\"https:\/\/www.camperonline.it\/magazine\/wp-content\/gallery\/sdc-2012-helix-camper\/13.jpg\"\n               data-thumbnail=\"https:\/\/www.camperonline.it\/magazine\/wp-content\/gallery\/sdc-2012-helix-camper\/thumbs\/thumbs_13.jpg\"\n               data-image-id=\"26742\"\n               data-title=\"13\"\n               data-description=\"\"\n               data-image-slug=\"13-32\"\n               class=\"ngg-fancybox\" rel=\"129ad2fe3a28daa615eb38f55ac020ec\">\n                <img\n                    title=\"13\"\n                    alt=\"13\"\n                    src=\"https:\/\/www.camperonline.it\/magazine\/wp-content\/gallery\/sdc-2012-helix-camper\/thumbs\/thumbs_13.jpg\"\n                    width=\"100\"\n                    height=\"75\"\n                    style=\"max-width:100%;\"\n                \/>\n            <\/a>\n        <\/div>\n\t\t\t\t\t\t\t<\/div> \n\t\t\t\n\t\t\t\t<div id=\"ngg-image-17\" class=\"ngg-gallery-thumbnail-box \" >\n\t\t\t\t        <div class=\"ngg-gallery-thumbnail\">\n            <a href=\"https:\/\/www.camperonline.it\/magazine\/wp-content\/gallery\/sdc-2012-helix-camper\/12.jpg\"\n               title=\"\"\n               data-src=\"https:\/\/www.camperonline.it\/magazine\/wp-content\/gallery\/sdc-2012-helix-camper\/12.jpg\"\n               data-thumbnail=\"https:\/\/www.camperonline.it\/magazine\/wp-content\/gallery\/sdc-2012-helix-camper\/thumbs\/thumbs_12.jpg\"\n               data-image-id=\"26741\"\n               data-title=\"12\"\n               data-description=\"\"\n               data-image-slug=\"12-32\"\n               class=\"ngg-fancybox\" rel=\"129ad2fe3a28daa615eb38f55ac020ec\">\n                <img\n                    title=\"12\"\n                    alt=\"12\"\n                    src=\"https:\/\/www.camperonline.it\/magazine\/wp-content\/gallery\/sdc-2012-helix-camper\/thumbs\/thumbs_12.jpg\"\n                    width=\"100\"\n                    height=\"75\"\n                    style=\"max-width:100%;\"\n                \/>\n            <\/a>\n        <\/div>\n\t\t\t\t\t\t\t<\/div> \n\t\t\t\n\t\t\t\t<div id=\"ngg-image-18\" class=\"ngg-gallery-thumbnail-box \" >\n\t\t\t\t        <div class=\"ngg-gallery-thumbnail\">\n            <a href=\"https:\/\/www.camperonline.it\/magazine\/wp-content\/gallery\/sdc-2012-helix-camper\/11.jpg\"\n               title=\"\"\n               data-src=\"https:\/\/www.camperonline.it\/magazine\/wp-content\/gallery\/sdc-2012-helix-camper\/11.jpg\"\n               data-thumbnail=\"https:\/\/www.camperonline.it\/magazine\/wp-content\/gallery\/sdc-2012-helix-camper\/thumbs\/thumbs_11.jpg\"\n               data-image-id=\"26740\"\n               data-title=\"11\"\n               data-description=\"\"\n               data-image-slug=\"11-33\"\n               class=\"ngg-fancybox\" rel=\"129ad2fe3a28daa615eb38f55ac020ec\">\n                <img\n                    title=\"11\"\n                    alt=\"11\"\n                    src=\"https:\/\/www.camperonline.it\/magazine\/wp-content\/gallery\/sdc-2012-helix-camper\/thumbs\/thumbs_11.jpg\"\n                    width=\"100\"\n                    height=\"75\"\n                    style=\"max-width:100%;\"\n                \/>\n            <\/a>\n        <\/div>\n\t\t\t\t\t\t\t<\/div> \n\t\t\t\n\t\t\t\t<div id=\"ngg-image-19\" class=\"ngg-gallery-thumbnail-box \" >\n\t\t\t\t        <div class=\"ngg-gallery-thumbnail\">\n            <a href=\"https:\/\/www.camperonline.it\/magazine\/wp-content\/gallery\/sdc-2012-helix-camper\/10.jpg\"\n               title=\"\"\n               data-src=\"https:\/\/www.camperonline.it\/magazine\/wp-content\/gallery\/sdc-2012-helix-camper\/10.jpg\"\n               data-thumbnail=\"https:\/\/www.camperonline.it\/magazine\/wp-content\/gallery\/sdc-2012-helix-camper\/thumbs\/thumbs_10.jpg\"\n               data-image-id=\"26739\"\n               data-title=\"10\"\n               data-description=\"\"\n               data-image-slug=\"10-33\"\n               class=\"ngg-fancybox\" rel=\"129ad2fe3a28daa615eb38f55ac020ec\">\n                <img\n                    title=\"10\"\n                    alt=\"10\"\n                    src=\"https:\/\/www.camperonline.it\/magazine\/wp-content\/gallery\/sdc-2012-helix-camper\/thumbs\/thumbs_10.jpg\"\n                    width=\"100\"\n                    height=\"75\"\n                    style=\"max-width:100%;\"\n                \/>\n            <\/a>\n        <\/div>\n\t\t\t\t\t\t\t<\/div> \n\t\t\t\n\t\n\t<br style=\"clear: both\" \/>\n\n\t\t<div class=\"slideshowlink\">\n        <a href='https:\/\/www.camperonline.it\/magazine\/2012\/09\/18\/speciale-salone-del-camper-2012-helix-camper\/nggallery\/slideshow'>[Mostra slideshow]<\/a>\n\t\t\n\t<\/div>\n\t\n\t\t<!-- Pagination -->\n\t<div class='ngg-navigation'><span class='current'>1<\/span>\n<a class='page-numbers' data-pageid='2' href='https:\/\/www.camperonline.it\/magazine\/2012\/09\/18\/speciale-salone-del-camper-2012-helix-camper\/nggallery\/page\/2'>2<\/a>\n<a class='prev' href='https:\/\/www.camperonline.it\/magazine\/2012\/09\/18\/speciale-salone-del-camper-2012-helix-camper\/nggallery\/page\/2' data-pageid=2>&#9658;<\/a><\/div>\t<\/div>\n\n","protected":false},"excerpt":{"rendered":"<p>Lo specialista di camper puri Helix Camper, allestitore torinese rinomato per le sue accurate realizzazioni in cui impiantistica e coibentazione vengono curate in maniera quasi maniacale, ha fatto le cose in grande e al Salone del Camper ha portato una folta rappresentanza della sua produzione, tutta rigorosamente allestita su meccanica Renault Master e Trafic. Tra le altre caratteristiche dei veicoli Helix occorre menzionare le straordinarie capacit\u00e0 di stivaggio, quasi impensabili su veicoli di questa categoria, e le possibilit\u00e0 di personalizzazione da parte del cliente.<\/p>\n","protected":false},"author":16,"featured_media":37680,"comment_status":"closed","ping_status":"open","sticky":false,"template":"","format":"standard","meta":{"ngg_post_thumbnail":0},"categories":[544,484,3642],"tags":[4730,2203,545,1476,2204,2205,2206],"yoast_head":"<!-- This site is optimized with the Yoast SEO plugin v18.6 - https:\/\/yoast.com\/wordpress\/plugins\/seo\/ -->\n<title>Speciale Salone del Camper 2012 - Helix Camper - CamperOnLine Magazine<\/title>\n<meta name=\"description\" content=\"Lo specialista di camper puri Helix Camper, allestitore torinese rinomato per le sue accurate realizzazioni in cui impiantistica e coibentazione vengono\" \/>\n<meta name=\"robots\" content=\"index, follow, max-snippet:-1, max-image-preview:large, max-video-preview:-1\" \/>\n<link rel=\"canonical\" href=\"https:\/\/www.camperonline.it\/magazine\/2012\/09\/18\/speciale-salone-del-camper-2012-helix-camper\/\" \/>\n<meta property=\"og:locale\" content=\"it_IT\" \/>\n<meta property=\"og:type\" content=\"article\" \/>\n<meta property=\"og:title\" content=\"Speciale Salone del Camper 2012 - Helix Camper - CamperOnLine Magazine\" \/>\n<meta property=\"og:description\" content=\"Lo specialista di camper puri Helix Camper, allestitore torinese rinomato per le sue accurate realizzazioni in cui impiantistica e coibentazione vengono\" \/>\n<meta property=\"og:url\" content=\"https:\/\/www.camperonline.it\/magazine\/2012\/09\/18\/speciale-salone-del-camper-2012-helix-camper\/\" \/>\n<meta property=\"og:site_name\" content=\"CamperOnLine Magazine\" \/>\n<meta property=\"article:published_time\" content=\"2012-09-18T09:00:09+00:00\" \/>\n<meta property=\"article:modified_time\" content=\"2016-06-15T17:55:08+00:00\" \/>\n<meta property=\"og:image\" content=\"https:\/\/www.camperonline.it\/magazine\/wp-content\/uploads\/2012\/09\/01106.jpg\" \/>\n\t<meta property=\"og:image:width\" content=\"570\" \/>\n\t<meta property=\"og:image:height\" content=\"450\" \/>\n\t<meta property=\"og:image:type\" content=\"image\/jpeg\" \/>\n<meta name=\"twitter:card\" content=\"summary_large_image\" \/>\n<script type=\"application\/ld+json\" class=\"yoast-schema-graph\">{\"@context\":\"https:\/\/schema.org\",\"@graph\":[{\"@type\":\"WebSite\",\"@id\":\"https:\/\/www.camperonline.it\/magazine\/#website\",\"url\":\"https:\/\/www.camperonline.it\/magazine\/\",\"name\":\"CamperOnLine Magazine\",\"description\":\"Viaggi in camper, test, video, destinazioni, vacanze\",\"potentialAction\":[{\"@type\":\"SearchAction\",\"target\":{\"@type\":\"EntryPoint\",\"urlTemplate\":\"https:\/\/www.camperonline.it\/magazine\/?s={search_term_string}\"},\"query-input\":\"required name=search_term_string\"}],\"inLanguage\":\"it-IT\"},{\"@type\":\"ImageObject\",\"@id\":\"https:\/\/www.camperonline.it\/magazine\/2012\/09\/18\/speciale-salone-del-camper-2012-helix-camper\/#primaryimage\",\"inLanguage\":\"it-IT\",\"url\":\"https:\/\/www.camperonline.it\/magazine\/wp-content\/uploads\/2012\/09\/01106.jpg\",\"contentUrl\":\"https:\/\/www.camperonline.it\/magazine\/wp-content\/uploads\/2012\/09\/01106.jpg\",\"width\":\"570\",\"height\":\"450\"},{\"@type\":\"WebPage\",\"@id\":\"https:\/\/www.camperonline.it\/magazine\/2012\/09\/18\/speciale-salone-del-camper-2012-helix-camper\/#webpage\",\"url\":\"https:\/\/www.camperonline.it\/magazine\/2012\/09\/18\/speciale-salone-del-camper-2012-helix-camper\/\",\"name\":\"Speciale Salone del Camper 2012 - Helix Camper - CamperOnLine Magazine\",\"isPartOf\":{\"@id\":\"https:\/\/www.camperonline.it\/magazine\/#website\"},\"primaryImageOfPage\":{\"@id\":\"https:\/\/www.camperonline.it\/magazine\/2012\/09\/18\/speciale-salone-del-camper-2012-helix-camper\/#primaryimage\"},\"datePublished\":\"2012-09-18T09:00:09+00:00\",\"dateModified\":\"2016-06-15T17:55:08+00:00\",\"author\":{\"@id\":\"https:\/\/www.camperonline.it\/magazine\/#\/schema\/person\/bde736ffedda893a3f747fae6b8cf8b4\"},\"description\":\"Lo specialista di camper puri Helix Camper, allestitore torinese rinomato per le sue accurate realizzazioni in cui impiantistica e coibentazione vengono\",\"breadcrumb\":{\"@id\":\"https:\/\/www.camperonline.it\/magazine\/2012\/09\/18\/speciale-salone-del-camper-2012-helix-camper\/#breadcrumb\"},\"inLanguage\":\"it-IT\",\"potentialAction\":[{\"@type\":\"ReadAction\",\"target\":[\"https:\/\/www.camperonline.it\/magazine\/2012\/09\/18\/speciale-salone-del-camper-2012-helix-camper\/\"]}]},{\"@type\":\"BreadcrumbList\",\"@id\":\"https:\/\/www.camperonline.it\/magazine\/2012\/09\/18\/speciale-salone-del-camper-2012-helix-camper\/#breadcrumb\",\"itemListElement\":[{\"@type\":\"ListItem\",\"position\":1,\"name\":\"Home\",\"item\":\"https:\/\/www.camperonline.it\/magazine\/\"},{\"@type\":\"ListItem\",\"position\":2,\"name\":\"Speciale Salone del Camper 2012 &#8211; Helix Camper\"}]},{\"@type\":\"Person\",\"@id\":\"https:\/\/www.camperonline.it\/magazine\/#\/schema\/person\/bde736ffedda893a3f747fae6b8cf8b4\",\"name\":\"Gianfranco\",\"url\":\"https:\/\/www.camperonline.it\/magazine\/author\/prodotti\/\"}]}<\/script>\n<!-- \/ Yoast SEO plugin. -->","yoast_head_json":{"title":"Speciale Salone del Camper 2012 - Helix Camper - CamperOnLine Magazine","description":"Lo specialista di camper puri Helix Camper, allestitore torinese rinomato per le sue accurate realizzazioni in cui impiantistica e coibentazione vengono","robots":{"index":"index","follow":"follow","max-snippet":"max-snippet:-1","max-image-preview":"max-image-preview:large","max-video-preview":"max-video-preview:-1"},"canonical":"https:\/\/www.camperonline.it\/magazine\/2012\/09\/18\/speciale-salone-del-camper-2012-helix-camper\/","og_locale":"it_IT","og_type":"article","og_title":"Speciale Salone del Camper 2012 - Helix Camper - CamperOnLine Magazine","og_description":"Lo specialista di camper puri Helix Camper, allestitore torinese rinomato per le sue accurate realizzazioni in cui impiantistica e coibentazione vengono","og_url":"https:\/\/www.camperonline.it\/magazine\/2012\/09\/18\/speciale-salone-del-camper-2012-helix-camper\/","og_site_name":"CamperOnLine Magazine","article_published_time":"2012-09-18T09:00:09+00:00","article_modified_time":"2016-06-15T17:55:08+00:00","og_image":[{"width":"570","height":"450","url":"https:\/\/www.camperonline.it\/magazine\/wp-content\/uploads\/2012\/09\/01106.jpg","type":"image\/jpeg"}],"twitter_card":"summary_large_image","schema":{"@context":"https:\/\/schema.org","@graph":[{"@type":"WebSite","@id":"https:\/\/www.camperonline.it\/magazine\/#website","url":"https:\/\/www.camperonline.it\/magazine\/","name":"CamperOnLine Magazine","description":"Viaggi in camper, test, video, destinazioni, vacanze","potentialAction":[{"@type":"SearchAction","target":{"@type":"EntryPoint","urlTemplate":"https:\/\/www.camperonline.it\/magazine\/?s={search_term_string}"},"query-input":"required name=search_term_string"}],"inLanguage":"it-IT"},{"@type":"ImageObject","@id":"https:\/\/www.camperonline.it\/magazine\/2012\/09\/18\/speciale-salone-del-camper-2012-helix-camper\/#primaryimage","inLanguage":"it-IT","url":"https:\/\/www.camperonline.it\/magazine\/wp-content\/uploads\/2012\/09\/01106.jpg","contentUrl":"https:\/\/www.camperonline.it\/magazine\/wp-content\/uploads\/2012\/09\/01106.jpg","width":"570","height":"450"},{"@type":"WebPage","@id":"https:\/\/www.camperonline.it\/magazine\/2012\/09\/18\/speciale-salone-del-camper-2012-helix-camper\/#webpage","url":"https:\/\/www.camperonline.it\/magazine\/2012\/09\/18\/speciale-salone-del-camper-2012-helix-camper\/","name":"Speciale Salone del Camper 2012 - Helix Camper - CamperOnLine Magazine","isPartOf":{"@id":"https:\/\/www.camperonline.it\/magazine\/#website"},"primaryImageOfPage":{"@id":"https:\/\/www.camperonline.it\/magazine\/2012\/09\/18\/speciale-salone-del-camper-2012-helix-camper\/#primaryimage"},"datePublished":"2012-09-18T09:00:09+00:00","dateModified":"2016-06-15T17:55:08+00:00","author":{"@id":"https:\/\/www.camperonline.it\/magazine\/#\/schema\/person\/bde736ffedda893a3f747fae6b8cf8b4"},"description":"Lo specialista di camper puri Helix Camper, allestitore torinese rinomato per le sue accurate realizzazioni in cui impiantistica e coibentazione vengono","breadcrumb":{"@id":"https:\/\/www.camperonline.it\/magazine\/2012\/09\/18\/speciale-salone-del-camper-2012-helix-camper\/#breadcrumb"},"inLanguage":"it-IT","potentialAction":[{"@type":"ReadAction","target":["https:\/\/www.camperonline.it\/magazine\/2012\/09\/18\/speciale-salone-del-camper-2012-helix-camper\/"]}]},{"@type":"BreadcrumbList","@id":"https:\/\/www.camperonline.it\/magazine\/2012\/09\/18\/speciale-salone-del-camper-2012-helix-camper\/#breadcrumb","itemListElement":[{"@type":"ListItem","position":1,"name":"Home","item":"https:\/\/www.camperonline.it\/magazine\/"},{"@type":"ListItem","position":2,"name":"Speciale Salone del Camper 2012 &#8211; Helix Camper"}]},{"@type":"Person","@id":"https:\/\/www.camperonline.it\/magazine\/#\/schema\/person\/bde736ffedda893a3f747fae6b8cf8b4","name":"Gianfranco","url":"https:\/\/www.camperonline.it\/magazine\/author\/prodotti\/"}]}},"_links":{"self":[{"href":"https:\/\/www.camperonline.it\/magazine\/wp-json\/wp\/v2\/posts\/37679"}],"collection":[{"href":"https:\/\/www.camperonline.it\/magazine\/wp-json\/wp\/v2\/posts"}],"about":[{"href":"https:\/\/www.camperonline.it\/magazine\/wp-json\/wp\/v2\/types\/post"}],"author":[{"embeddable":true,"href":"https:\/\/www.camperonline.it\/magazine\/wp-json\/wp\/v2\/users\/16"}],"replies":[{"embeddable":true,"href":"https:\/\/www.camperonline.it\/magazine\/wp-json\/wp\/v2\/comments?post=37679"}],"version-history":[{"count":0,"href":"https:\/\/www.camperonline.it\/magazine\/wp-json\/wp\/v2\/posts\/37679\/revisions"}],"wp:featuredmedia":[{"embeddable":true,"href":"https:\/\/www.camperonline.it\/magazine\/wp-json\/wp\/v2\/media\/37680"}],"wp:attachment":[{"href":"https:\/\/www.camperonline.it\/magazine\/wp-json\/wp\/v2\/media?parent=37679"}],"wp:term":[{"taxonomy":"category","embeddable":true,"href":"https:\/\/www.camperonline.it\/magazine\/wp-json\/wp\/v2\/categories?post=37679"},{"taxonomy":"post_tag","embeddable":true,"href":"https:\/\/www.camperonline.it\/magazine\/wp-json\/wp\/v2\/tags?post=37679"}],"curies":[{"name":"wp","href":"https:\/\/api.w.org\/{rel}","templated":true}]}}