{"id":3773,"date":"2010-04-21T15:44:48","date_gmt":"2010-04-21T14:44:48","guid":{"rendered":"https:\/\/www.camperonline.it\/magazine\/?p=3773"},"modified":"2010-05-07T13:26:47","modified_gmt":"2010-05-07T11:26:47","slug":"camper-e-speleologia","status":"publish","type":"post","link":"https:\/\/www.camperonline.it\/magazine\/2010\/04\/21\/camper-e-speleologia\/","title":{"rendered":"Camper e speleologia"},"content":{"rendered":"<h2>Grotte e non solo: il pi\u00f9 grande Parco carsico dell&#8217;Emilia-Romagna<\/h2>\n<p>Usare il camper per coltivare nuove passioni!<\/p>\n<p><img loading=\"lazy\" class=\"alignleft size-medium wp-image-3775\" title=\"Spipola\" src=\"https:\/\/www.camperonline.it\/magazine\/wp-content\/uploads\/2010\/04\/Autunno.Spipola3-800-300x225.jpg\" alt=\"\" width=\"300\" height=\"225\" \/>Cos\u00ec possiamo utilizzarlo, ad esempio, per raggiungere una zona ricca di grotte e passare un weekend a fare gli speleologi.<\/p>\n<p>Cominciamo con un&#8217;escursione\u00a0 nuova e nel contempo sicura. Andiamo\u00a0 a\u00a0 visitare dunque il Parco dei Gessi Bolognesi e Calanchi dell&#8217;Abbadessa.<\/p>\n<p>I parco si estende sulle prime pendici collinari a sud-est di Bologna, tra i torrenti Savena, Zena, Idice e Quaderna, e racchiude un territorio composito in cui spiccano gli spettacolari affioramenti dei gessi\u00a0 e i caratteristici calanchi del Passo dell&#8217;Abbadessa.<!--more--><br \/>\nLe strade e i sentieri che attraversano quest&#8217;area protetta consentono di avvicinare scenari di inaspettata bellezza, rupi rocciose denudate che si affacciano su grandi conche simili a anfiteatri naturali, angoli all&#8217;apparenza inaccessibili che nascondono ingressi di grotte, aspre dorsali calanchive che, come scuri monti in miniatura, interrompono dolci pendii argillosi.<\/p>\n<p>Nelle zone di affioramento del gesso le sommit\u00e0 corrispondono a dossi argentei dove risalta la struttura cristallina della roccia la cui luminosit\u00e0 madreperlacea le ha meritato il nome di s\u00e9lenite (pietra lunare).<\/p>\n<p>Per la natura carsica del gesso, in queste aree si osservano doline, valli cieche, inghiottitoi, erosioni a candela e sono celati gli ingressi di oltre 100 grotte tra cui quelle famosissime del Farneto e della Spipola.<\/p>\n<p>Il parco, situato sulle prime colline bolognesi, comprende una fascia di affioramenti gessosi, che hanno dato vita ad un complesso carsico di estremo interesse, e i suggestivi Calanchi dell&#8217;Abbadessa. Per quanto intaccati dalle passate attivit\u00e0 estrattive, i gessi bolognesi rappresentano una delle principali emergenze naturalistiche della regione, con doline, altipiani, valli cieche e rupi che modellano il paesaggio e ospitano una vegetazione caratterizzata da presenze mediterranee e specie legate a fasce altitudinali pi\u00f9 elevate.<\/p>\n<p>In collaborazione con\u00a0 il Parco naturale regionale dei Gessi Bolognesi e Calanchi dell\u2019Abbadessa (Bologna),\u00a0 nel mese di maggio, si prevedono escursioni guidate alle grotte della Spipola e del Farneto.<br \/>\nSi tratta di due formazioni molto diverse tra loro, con due storie differenti, ma con una caratteristica che le accomuna: il gesso.<\/p>\n<p>Le escursioni alla Grotta della Spipola si effettuano nelle domeniche 9, 23 e 30 maggio, alle ore 9.30. Si tratta di una vera e propria esperienza speleologica avventurosa, ma adatta anche ai bambini a partire dai 7 anni. Le quote di partecipazione sono di 15 euro per i maggiorenni e di 7 euro per i minorenni e per gli over 65. Il ritrovo per la partenza \u00e8 presso il parcheggio \u201cLa Palazza\u201d\u00a0 (via Benassi, angolo Via la Palazza) a Ponticella di San Lazzaro di Savena.<\/p>\n<p>Le esplorazioni guidate alla Grotta del Farneto, invece, sono in programma nelle domeniche 2 e 16 maggio e sabato 22 maggio (alle 14 e alle 16).\u00a0 La gita alla grotta, ricca di storia, rappresenta un vero e proprio tuffo nel passato ed \u00e8 adatta a tutti per la semplicit\u00e0 del percorso. La quota di partecipazione \u00e8 di\u00a0 10 euro per i maggiorenni e 5 euro per i minorenni e gli over 65. Il ritrovo per la partenza \u00e8 presso il Centro Parco \u201cC\u00e0 Fantini\u201d (via Jussi 171) a Farneto di San Lazzaro di Savena.<\/p>\n<p>Per partecipare ad entrambe le escursioni \u00e8 necessario un abbigliamento particolare che verr\u00e0 comunicato al momento della prenotazione.<\/p>\n<p>Prenotazione obbligatoria entro il venerd\u00ec precedente la visita al 051\/6254821<br \/>\nAltre informazioni possono essere richieste allo stesso numero o scrivendo a <a href=\"mailto:info@parcodeigessi.it\">info@parcodeigessi.it<\/a><\/p>\n<p><strong>Come arrivarci col camper<\/strong>: dalla tangenziale di Bologna prendere l&#8217;uscita n. 12 ed andare verso la citt\u00e0.\u00a0 Alla prima rotonda si prosegue dritto, incrociando la via Emilia (andando a sinistra si arriva a San Lazzaro), alla seconda rotonda si ha a destra viale Roma (direzione Bologna), dritto viale Lungosavena (direzione Ponticella) ed a sinistra via Bellaria (direzione S. Lazzaro di Savena) che prosegue poi verso il Farneto col nome di Via Jussi.<\/p>\n<p><strong>Dove sostare: <\/strong><a href=\"https:\/\/www.camperonline.it?PageTo=area_elenco.asp?tipos=AA&amp;regione=Emilia%20Romagna\" target=\"_blank\">Aree di sosta in Emilia Romagna<\/a><\/p>\n","protected":false},"excerpt":{"rendered":"<p>Grotte e non solo: il pi\u00f9 grande Parco carsico dell&#8217;Emilia-Romagna Usare il camper per coltivare nuove passioni! Cos\u00ec possiamo utilizzarlo, ad esempio, per raggiungere una zona ricca di grotte e passare un weekend a fare gli speleologi. Cominciamo con un&#8217;escursione\u00a0 nuova e nel contempo sicura. Andiamo\u00a0 a\u00a0 visitare dunque il Parco dei Gessi Bolognesi e Calanchi dell&#8217;Abbadessa. I parco si estende sulle prime pendici collinari a sud-est di Bologna, tra i torrenti Savena, Zena, Idice e Quaderna, e racchiude un territorio composito in cui spiccano gli spettacolari affioramenti dei gessi\u00a0 e i caratteristici calanchi del Passo dell&#8217;Abbadessa.<\/p>\n","protected":false},"author":4,"featured_media":0,"comment_status":"closed","ping_status":"closed","sticky":false,"template":"","format":"standard","meta":{"ngg_post_thumbnail":0},"categories":[48],"tags":[50,142],"yoast_head":"<!-- This site is optimized with the Yoast SEO plugin v18.6 - https:\/\/yoast.com\/wordpress\/plugins\/seo\/ -->\n<title>Camper e speleologia - CamperOnLine Magazine<\/title>\n<meta name=\"description\" content=\"Grotte e non solo: il pi\u00f9 grande Parco carsico dell&#039;Emilia-Romagna Usare il camper per coltivare nuove passioni! Cos\u00ec possiamo utilizzarlo, ad esempio,\" \/>\n<meta name=\"robots\" content=\"index, follow, max-snippet:-1, max-image-preview:large, max-video-preview:-1\" \/>\n<link rel=\"canonical\" href=\"https:\/\/www.camperonline.it\/magazine\/2010\/04\/21\/camper-e-speleologia\/\" \/>\n<meta property=\"og:locale\" content=\"it_IT\" \/>\n<meta property=\"og:type\" content=\"article\" \/>\n<meta property=\"og:title\" content=\"Camper e speleologia - CamperOnLine Magazine\" \/>\n<meta property=\"og:description\" content=\"Grotte e non solo: il pi\u00f9 grande Parco carsico dell&#039;Emilia-Romagna Usare il camper per coltivare nuove passioni! Cos\u00ec possiamo utilizzarlo, ad esempio,\" \/>\n<meta property=\"og:url\" content=\"https:\/\/www.camperonline.it\/magazine\/2010\/04\/21\/camper-e-speleologia\/\" \/>\n<meta property=\"og:site_name\" content=\"CamperOnLine Magazine\" \/>\n<meta property=\"article:published_time\" content=\"2010-04-21T14:44:48+00:00\" \/>\n<meta property=\"article:modified_time\" content=\"2010-05-07T11:26:47+00:00\" \/>\n<meta property=\"og:image\" content=\"https:\/\/www.camperonline.it\/magazine\/wp-content\/uploads\/2010\/04\/Autunno.Spipola3-800-300x225.jpg\" \/>\n<meta name=\"twitter:card\" content=\"summary_large_image\" \/>\n<script type=\"application\/ld+json\" class=\"yoast-schema-graph\">{\"@context\":\"https:\/\/schema.org\",\"@graph\":[{\"@type\":\"WebSite\",\"@id\":\"https:\/\/www.camperonline.it\/magazine\/#website\",\"url\":\"https:\/\/www.camperonline.it\/magazine\/\",\"name\":\"CamperOnLine Magazine\",\"description\":\"Viaggi in camper, test, video, destinazioni, vacanze\",\"potentialAction\":[{\"@type\":\"SearchAction\",\"target\":{\"@type\":\"EntryPoint\",\"urlTemplate\":\"https:\/\/www.camperonline.it\/magazine\/?s={search_term_string}\"},\"query-input\":\"required name=search_term_string\"}],\"inLanguage\":\"it-IT\"},{\"@type\":\"ImageObject\",\"@id\":\"https:\/\/www.camperonline.it\/magazine\/2010\/04\/21\/camper-e-speleologia\/#primaryimage\",\"inLanguage\":\"it-IT\",\"url\":\"https:\/\/www.camperonline.it\/magazine\/wp-content\/uploads\/2010\/04\/Autunno.Spipola3-800-300x225.jpg\",\"contentUrl\":\"https:\/\/www.camperonline.it\/magazine\/wp-content\/uploads\/2010\/04\/Autunno.Spipola3-800-300x225.jpg\"},{\"@type\":\"WebPage\",\"@id\":\"https:\/\/www.camperonline.it\/magazine\/2010\/04\/21\/camper-e-speleologia\/#webpage\",\"url\":\"https:\/\/www.camperonline.it\/magazine\/2010\/04\/21\/camper-e-speleologia\/\",\"name\":\"Camper e speleologia - CamperOnLine Magazine\",\"isPartOf\":{\"@id\":\"https:\/\/www.camperonline.it\/magazine\/#website\"},\"primaryImageOfPage\":{\"@id\":\"https:\/\/www.camperonline.it\/magazine\/2010\/04\/21\/camper-e-speleologia\/#primaryimage\"},\"datePublished\":\"2010-04-21T14:44:48+00:00\",\"dateModified\":\"2010-05-07T11:26:47+00:00\",\"author\":{\"@id\":\"https:\/\/www.camperonline.it\/magazine\/#\/schema\/person\/c377bddcceec6c03e78c4dcb0d1886e2\"},\"description\":\"Grotte e non solo: il pi\u00f9 grande Parco carsico dell'Emilia-Romagna Usare il camper per coltivare nuove passioni! Cos\u00ec possiamo utilizzarlo, ad esempio,\",\"breadcrumb\":{\"@id\":\"https:\/\/www.camperonline.it\/magazine\/2010\/04\/21\/camper-e-speleologia\/#breadcrumb\"},\"inLanguage\":\"it-IT\",\"potentialAction\":[{\"@type\":\"ReadAction\",\"target\":[\"https:\/\/www.camperonline.it\/magazine\/2010\/04\/21\/camper-e-speleologia\/\"]}]},{\"@type\":\"BreadcrumbList\",\"@id\":\"https:\/\/www.camperonline.it\/magazine\/2010\/04\/21\/camper-e-speleologia\/#breadcrumb\",\"itemListElement\":[{\"@type\":\"ListItem\",\"position\":1,\"name\":\"Home\",\"item\":\"https:\/\/www.camperonline.it\/magazine\/\"},{\"@type\":\"ListItem\",\"position\":2,\"name\":\"Camper e speleologia\"}]},{\"@type\":\"Person\",\"@id\":\"https:\/\/www.camperonline.it\/magazine\/#\/schema\/person\/c377bddcceec6c03e78c4dcb0d1886e2\",\"name\":\"Luisa\",\"sameAs\":[\"http:\/\/www.netsurf.it\"],\"url\":\"https:\/\/www.camperonline.it\/magazine\/author\/luisa\/\"}]}<\/script>\n<!-- \/ Yoast SEO plugin. -->","yoast_head_json":{"title":"Camper e speleologia - CamperOnLine Magazine","description":"Grotte e non solo: il pi\u00f9 grande Parco carsico dell'Emilia-Romagna Usare il camper per coltivare nuove passioni! Cos\u00ec possiamo utilizzarlo, ad esempio,","robots":{"index":"index","follow":"follow","max-snippet":"max-snippet:-1","max-image-preview":"max-image-preview:large","max-video-preview":"max-video-preview:-1"},"canonical":"https:\/\/www.camperonline.it\/magazine\/2010\/04\/21\/camper-e-speleologia\/","og_locale":"it_IT","og_type":"article","og_title":"Camper e speleologia - CamperOnLine Magazine","og_description":"Grotte e non solo: il pi\u00f9 grande Parco carsico dell'Emilia-Romagna Usare il camper per coltivare nuove passioni! Cos\u00ec possiamo utilizzarlo, ad esempio,","og_url":"https:\/\/www.camperonline.it\/magazine\/2010\/04\/21\/camper-e-speleologia\/","og_site_name":"CamperOnLine Magazine","article_published_time":"2010-04-21T14:44:48+00:00","article_modified_time":"2010-05-07T11:26:47+00:00","og_image":[{"url":"https:\/\/www.camperonline.it\/magazine\/wp-content\/uploads\/2010\/04\/Autunno.Spipola3-800-300x225.jpg"}],"twitter_card":"summary_large_image","schema":{"@context":"https:\/\/schema.org","@graph":[{"@type":"WebSite","@id":"https:\/\/www.camperonline.it\/magazine\/#website","url":"https:\/\/www.camperonline.it\/magazine\/","name":"CamperOnLine Magazine","description":"Viaggi in camper, test, video, destinazioni, vacanze","potentialAction":[{"@type":"SearchAction","target":{"@type":"EntryPoint","urlTemplate":"https:\/\/www.camperonline.it\/magazine\/?s={search_term_string}"},"query-input":"required name=search_term_string"}],"inLanguage":"it-IT"},{"@type":"ImageObject","@id":"https:\/\/www.camperonline.it\/magazine\/2010\/04\/21\/camper-e-speleologia\/#primaryimage","inLanguage":"it-IT","url":"https:\/\/www.camperonline.it\/magazine\/wp-content\/uploads\/2010\/04\/Autunno.Spipola3-800-300x225.jpg","contentUrl":"https:\/\/www.camperonline.it\/magazine\/wp-content\/uploads\/2010\/04\/Autunno.Spipola3-800-300x225.jpg"},{"@type":"WebPage","@id":"https:\/\/www.camperonline.it\/magazine\/2010\/04\/21\/camper-e-speleologia\/#webpage","url":"https:\/\/www.camperonline.it\/magazine\/2010\/04\/21\/camper-e-speleologia\/","name":"Camper e speleologia - CamperOnLine Magazine","isPartOf":{"@id":"https:\/\/www.camperonline.it\/magazine\/#website"},"primaryImageOfPage":{"@id":"https:\/\/www.camperonline.it\/magazine\/2010\/04\/21\/camper-e-speleologia\/#primaryimage"},"datePublished":"2010-04-21T14:44:48+00:00","dateModified":"2010-05-07T11:26:47+00:00","author":{"@id":"https:\/\/www.camperonline.it\/magazine\/#\/schema\/person\/c377bddcceec6c03e78c4dcb0d1886e2"},"description":"Grotte e non solo: il pi\u00f9 grande Parco carsico dell'Emilia-Romagna Usare il camper per coltivare nuove passioni! Cos\u00ec possiamo utilizzarlo, ad esempio,","breadcrumb":{"@id":"https:\/\/www.camperonline.it\/magazine\/2010\/04\/21\/camper-e-speleologia\/#breadcrumb"},"inLanguage":"it-IT","potentialAction":[{"@type":"ReadAction","target":["https:\/\/www.camperonline.it\/magazine\/2010\/04\/21\/camper-e-speleologia\/"]}]},{"@type":"BreadcrumbList","@id":"https:\/\/www.camperonline.it\/magazine\/2010\/04\/21\/camper-e-speleologia\/#breadcrumb","itemListElement":[{"@type":"ListItem","position":1,"name":"Home","item":"https:\/\/www.camperonline.it\/magazine\/"},{"@type":"ListItem","position":2,"name":"Camper e speleologia"}]},{"@type":"Person","@id":"https:\/\/www.camperonline.it\/magazine\/#\/schema\/person\/c377bddcceec6c03e78c4dcb0d1886e2","name":"Luisa","sameAs":["http:\/\/www.netsurf.it"],"url":"https:\/\/www.camperonline.it\/magazine\/author\/luisa\/"}]}},"_links":{"self":[{"href":"https:\/\/www.camperonline.it\/magazine\/wp-json\/wp\/v2\/posts\/3773"}],"collection":[{"href":"https:\/\/www.camperonline.it\/magazine\/wp-json\/wp\/v2\/posts"}],"about":[{"href":"https:\/\/www.camperonline.it\/magazine\/wp-json\/wp\/v2\/types\/post"}],"author":[{"embeddable":true,"href":"https:\/\/www.camperonline.it\/magazine\/wp-json\/wp\/v2\/users\/4"}],"replies":[{"embeddable":true,"href":"https:\/\/www.camperonline.it\/magazine\/wp-json\/wp\/v2\/comments?post=3773"}],"version-history":[{"count":0,"href":"https:\/\/www.camperonline.it\/magazine\/wp-json\/wp\/v2\/posts\/3773\/revisions"}],"wp:attachment":[{"href":"https:\/\/www.camperonline.it\/magazine\/wp-json\/wp\/v2\/media?parent=3773"}],"wp:term":[{"taxonomy":"category","embeddable":true,"href":"https:\/\/www.camperonline.it\/magazine\/wp-json\/wp\/v2\/categories?post=3773"},{"taxonomy":"post_tag","embeddable":true,"href":"https:\/\/www.camperonline.it\/magazine\/wp-json\/wp\/v2\/tags?post=3773"}],"curies":[{"name":"wp","href":"https:\/\/api.w.org\/{rel}","templated":true}]}}