{"id":39127,"date":"2012-09-24T09:00:36","date_gmt":"2012-09-24T08:00:36","guid":{"rendered":"https:\/\/www.camperonline.it\/magazine\/?p=39127"},"modified":"2013-09-26T12:16:21","modified_gmt":"2013-09-26T11:16:21","slug":"speciale-salone-del-camper-2012-agora-sistemi","status":"publish","type":"post","link":"https:\/\/www.camperonline.it\/magazine\/2012\/09\/24\/speciale-salone-del-camper-2012-agora-sistemi\/","title":{"rendered":"Speciale Salone del Camper 2012 &#8211; Agor\u00e0 Sistemi"},"content":{"rendered":"<p><img loading=\"lazy\" class=\"aligncenter size-full wp-image-39129\" title=\"01\" src=\"https:\/\/www.camperonline.it\/magazine\/wp-content\/uploads\/2012\/09\/01139.jpg\" alt=\"\" width=\"570\" height=\"450\" srcset=\"https:\/\/www.camperonline.it\/magazine\/wp-content\/uploads\/2012\/09\/01139.jpg 570w, https:\/\/www.camperonline.it\/magazine\/wp-content\/uploads\/2012\/09\/01139-300x236.jpg 300w\" sizes=\"(max-width: 570px) 100vw, 570px\" \/>Nata oltre 20 fa nel settore informatico, Agor\u00e0 Sistemi ha nel tempo allargato i propri orizzonti e dal 2007 si \u00e8 rivolta al settore dei veicoli ricreazionali, della nautica e dei veicoli industriali. I prodotti trattati spaziano dalle retrocamere agli antifurti, dai sensori di parcheggio alle pellicole colorate per il Car Wrapping, passando per le autoradio e i navigatori satellitari, le lampade a Led e i sistemi antincendio o i dispositivi per il carico degli scooter.<!--more--><\/p>\n<p>Realizzato in lega leggera del peso di soli 9 Kg, il sistema di carico Ramp Cibieffe per motociclette e scooter \u00e8 adatto ad essere installato nei gavoni garage ed \u00e8 costituito da una rampa di lunghezza 180-190 cm e da una rotaia con dispositivo per il bloccaggio di una ruota.<\/p>\n<p><img loading=\"lazy\" class=\"aligncenter size-full wp-image-39130\" title=\"02\" src=\"https:\/\/www.camperonline.it\/magazine\/wp-content\/uploads\/2012\/09\/02109.jpg\" alt=\"\" width=\"500\" height=\"747\" srcset=\"https:\/\/www.camperonline.it\/magazine\/wp-content\/uploads\/2012\/09\/02109.jpg 500w, https:\/\/www.camperonline.it\/magazine\/wp-content\/uploads\/2012\/09\/02109-200x300.jpg 200w\" sizes=\"(max-width: 500px) 100vw, 500px\" \/><\/p>\n<p><img loading=\"lazy\" class=\"aligncenter size-full wp-image-39131\" title=\"03\" src=\"https:\/\/www.camperonline.it\/magazine\/wp-content\/uploads\/2012\/09\/03102.jpg\" alt=\"\" width=\"500\" height=\"334\" srcset=\"https:\/\/www.camperonline.it\/magazine\/wp-content\/uploads\/2012\/09\/03102.jpg 500w, https:\/\/www.camperonline.it\/magazine\/wp-content\/uploads\/2012\/09\/03102-300x200.jpg 300w\" sizes=\"(max-width: 500px) 100vw, 500px\" \/>Decisamente innovativo il sistema antincendio Aerpro ad attivazione completamente automatica. Il dispositivo non necessita di alimentazione elettrica ed \u00e8 a base di aerosol condensato di carbonato di potassio.<\/p>\n<p><img loading=\"lazy\" class=\"aligncenter size-full wp-image-39132\" title=\"04\" src=\"https:\/\/www.camperonline.it\/magazine\/wp-content\/uploads\/2012\/09\/0498.jpg\" alt=\"\" width=\"500\" height=\"343\" srcset=\"https:\/\/www.camperonline.it\/magazine\/wp-content\/uploads\/2012\/09\/0498.jpg 500w, https:\/\/www.camperonline.it\/magazine\/wp-content\/uploads\/2012\/09\/0498-300x205.jpg 300w\" sizes=\"(max-width: 500px) 100vw, 500px\" \/>Disponibile nella versione da 200, 500 e 1.200 grammi, \u00e8 assolutamente ecocompatibile, non lascia residui dopo l&#8217;uso e non \u00e8 dannoso n\u00e9 per le persone, n\u00e9 per l&#8217;ambiente.<\/p>\n<p><img loading=\"lazy\" class=\"aligncenter size-full wp-image-39133\" title=\"05\" src=\"https:\/\/www.camperonline.it\/magazine\/wp-content\/uploads\/2012\/09\/0576.jpg\" alt=\"\" width=\"500\" height=\"773\" srcset=\"https:\/\/www.camperonline.it\/magazine\/wp-content\/uploads\/2012\/09\/0576.jpg 500w, https:\/\/www.camperonline.it\/magazine\/wp-content\/uploads\/2012\/09\/0576-194x300.jpg 194w\" sizes=\"(max-width: 500px) 100vw, 500px\" \/><\/p>\n<p>Numerose le autoradio, sia di tipo tradizionale che con schermo LCD da collegarsi ad una retrocamera. Molte quelle con GPS e mappe stradali pre-caricate e tra le novit\u00e0 va segnalato un modello con sistema operativo Android e possibilit\u00e0 di navigazione Internet attraverso rete Wi-Fi.<\/p>\n<p><img loading=\"lazy\" class=\"aligncenter size-full wp-image-39134\" title=\"06\" src=\"https:\/\/www.camperonline.it\/magazine\/wp-content\/uploads\/2012\/09\/0666.jpg\" alt=\"\" width=\"500\" height=\"327\" srcset=\"https:\/\/www.camperonline.it\/magazine\/wp-content\/uploads\/2012\/09\/0666.jpg 500w, https:\/\/www.camperonline.it\/magazine\/wp-content\/uploads\/2012\/09\/0666-300x196.jpg 300w\" sizes=\"(max-width: 500px) 100vw, 500px\" \/>Vasta anche l&#8217;offerta di retrocamere con monitor dedicati: da applicare allo specchietto retrovisore, da montare a cruscotto e addirittura con possibilit\u00e0 di registrazione del video ripreso dalle telecamere.<\/p>\n<p><img loading=\"lazy\" class=\"aligncenter size-full wp-image-39135\" title=\"07\" src=\"https:\/\/www.camperonline.it\/magazine\/wp-content\/uploads\/2012\/09\/0749.jpg\" alt=\"\" width=\"500\" height=\"334\" srcset=\"https:\/\/www.camperonline.it\/magazine\/wp-content\/uploads\/2012\/09\/0749.jpg 500w, https:\/\/www.camperonline.it\/magazine\/wp-content\/uploads\/2012\/09\/0749-300x200.jpg 300w\" sizes=\"(max-width: 500px) 100vw, 500px\" \/>Interessante e semplice da installare, l&#8217;antifurto Magic si inserisce automaticamente al momento in cui si spegne il motore e si estrae la chiave dal quadro. La sua attivazione toglie tensione al motorino di avviamento, impedendo di fatto la messa in moto, e per disinserirlo \u00e8 sufficiente toccare con le proprie mani il blocchetto di avviamento e un punto metallico (collegato elettricamente con la centralina) che \u00e8 stato scelto al momento dell&#8217;installazione.<\/p>\n<p><img loading=\"lazy\" class=\"aligncenter size-full wp-image-39136\" title=\"08\" src=\"https:\/\/www.camperonline.it\/magazine\/wp-content\/uploads\/2012\/09\/0839.jpg\" alt=\"\" width=\"500\" height=\"429\" srcset=\"https:\/\/www.camperonline.it\/magazine\/wp-content\/uploads\/2012\/09\/0839.jpg 500w, https:\/\/www.camperonline.it\/magazine\/wp-content\/uploads\/2012\/09\/0839-300x257.jpg 300w\" sizes=\"(max-width: 500px) 100vw, 500px\" \/>Imbarazzo nella scelta nei sistemi di illuminazione a Led, sia tra le lampade da sostituire a quelle di serie, sia tra le plafoniere complete, le barre o i faretti.<\/p>\n<p><img loading=\"lazy\" class=\"aligncenter size-full wp-image-39137\" title=\"09\" src=\"https:\/\/www.camperonline.it\/magazine\/wp-content\/uploads\/2012\/09\/0945.jpg\" alt=\"\" width=\"500\" height=\"328\" srcset=\"https:\/\/www.camperonline.it\/magazine\/wp-content\/uploads\/2012\/09\/0945.jpg 500w, https:\/\/www.camperonline.it\/magazine\/wp-content\/uploads\/2012\/09\/0945-300x196.jpg 300w\" sizes=\"(max-width: 500px) 100vw, 500px\" \/><\/p>\n<p><img loading=\"lazy\" class=\"aligncenter size-full wp-image-39138\" title=\"10\" src=\"https:\/\/www.camperonline.it\/magazine\/wp-content\/uploads\/2012\/09\/1043.jpg\" alt=\"\" width=\"500\" height=\"658\" srcset=\"https:\/\/www.camperonline.it\/magazine\/wp-content\/uploads\/2012\/09\/1043.jpg 500w, https:\/\/www.camperonline.it\/magazine\/wp-content\/uploads\/2012\/09\/1043-227x300.jpg 227w\" sizes=\"(max-width: 500px) 100vw, 500px\" \/><\/p>\n<p>&nbsp;<\/p>\n<p><strong>Fotogallery<\/strong><\/p>\n<!-- default-view.php -->\n<div\n\tclass=\"ngg-galleryoverview default-view  ngg-ajax-pagination-none\"\n\tid=\"ngg-gallery-a8e513380d04fa0cc5dbdbf0a88e7a7e-1\">\n\n\t\t<!-- Thumbnails -->\n\t\t\t\t<div id=\"ngg-image-0\" class=\"ngg-gallery-thumbnail-box \" >\n\t\t\t\t        <div class=\"ngg-gallery-thumbnail\">\n            <a href=\"https:\/\/www.camperonline.it\/magazine\/wp-content\/gallery\/sdc-2012-agora\/01.jpg\"\n               title=\"\"\n               data-src=\"https:\/\/www.camperonline.it\/magazine\/wp-content\/gallery\/sdc-2012-agora\/01.jpg\"\n               data-thumbnail=\"https:\/\/www.camperonline.it\/magazine\/wp-content\/gallery\/sdc-2012-agora\/thumbs\/thumbs_01.jpg\"\n               data-image-id=\"27904\"\n               data-title=\"01\"\n               data-description=\"\"\n               data-image-slug=\"01-49\"\n               class=\"ngg-fancybox\" rel=\"a8e513380d04fa0cc5dbdbf0a88e7a7e\">\n                <img\n                    title=\"01\"\n                    alt=\"01\"\n                    src=\"https:\/\/www.camperonline.it\/magazine\/wp-content\/gallery\/sdc-2012-agora\/thumbs\/thumbs_01.jpg\"\n                    width=\"100\"\n                    height=\"75\"\n                    style=\"max-width:100%;\"\n                \/>\n            <\/a>\n        <\/div>\n\t\t\t\t\t\t\t<\/div> \n\t\t\t\n\t\t\t\t<div id=\"ngg-image-1\" class=\"ngg-gallery-thumbnail-box \" >\n\t\t\t\t        <div class=\"ngg-gallery-thumbnail\">\n            <a href=\"https:\/\/www.camperonline.it\/magazine\/wp-content\/gallery\/sdc-2012-agora\/02.jpg\"\n               title=\"\"\n               data-src=\"https:\/\/www.camperonline.it\/magazine\/wp-content\/gallery\/sdc-2012-agora\/02.jpg\"\n               data-thumbnail=\"https:\/\/www.camperonline.it\/magazine\/wp-content\/gallery\/sdc-2012-agora\/thumbs\/thumbs_02.jpg\"\n               data-image-id=\"27905\"\n               data-title=\"02\"\n               data-description=\"\"\n               data-image-slug=\"02-49\"\n               class=\"ngg-fancybox\" rel=\"a8e513380d04fa0cc5dbdbf0a88e7a7e\">\n                <img\n                    title=\"02\"\n                    alt=\"02\"\n                    src=\"https:\/\/www.camperonline.it\/magazine\/wp-content\/gallery\/sdc-2012-agora\/thumbs\/thumbs_02.jpg\"\n                    width=\"100\"\n                    height=\"75\"\n                    style=\"max-width:100%;\"\n                \/>\n            <\/a>\n        <\/div>\n\t\t\t\t\t\t\t<\/div> \n\t\t\t\n\t\t\t\t<div id=\"ngg-image-2\" class=\"ngg-gallery-thumbnail-box \" >\n\t\t\t\t        <div class=\"ngg-gallery-thumbnail\">\n            <a href=\"https:\/\/www.camperonline.it\/magazine\/wp-content\/gallery\/sdc-2012-agora\/03.jpg\"\n               title=\"\"\n               data-src=\"https:\/\/www.camperonline.it\/magazine\/wp-content\/gallery\/sdc-2012-agora\/03.jpg\"\n               data-thumbnail=\"https:\/\/www.camperonline.it\/magazine\/wp-content\/gallery\/sdc-2012-agora\/thumbs\/thumbs_03.jpg\"\n               data-image-id=\"27906\"\n               data-title=\"03\"\n               data-description=\"\"\n               data-image-slug=\"03-48\"\n               class=\"ngg-fancybox\" rel=\"a8e513380d04fa0cc5dbdbf0a88e7a7e\">\n                <img\n                    title=\"03\"\n                    alt=\"03\"\n                    src=\"https:\/\/www.camperonline.it\/magazine\/wp-content\/gallery\/sdc-2012-agora\/thumbs\/thumbs_03.jpg\"\n                    width=\"100\"\n                    height=\"75\"\n                    style=\"max-width:100%;\"\n                \/>\n            <\/a>\n        <\/div>\n\t\t\t\t\t\t\t<\/div> \n\t\t\t\n\t\t\t\t<div id=\"ngg-image-3\" class=\"ngg-gallery-thumbnail-box \" >\n\t\t\t\t        <div class=\"ngg-gallery-thumbnail\">\n            <a href=\"https:\/\/www.camperonline.it\/magazine\/wp-content\/gallery\/sdc-2012-agora\/04.jpg\"\n               title=\"\"\n               data-src=\"https:\/\/www.camperonline.it\/magazine\/wp-content\/gallery\/sdc-2012-agora\/04.jpg\"\n               data-thumbnail=\"https:\/\/www.camperonline.it\/magazine\/wp-content\/gallery\/sdc-2012-agora\/thumbs\/thumbs_04.jpg\"\n               data-image-id=\"27907\"\n               data-title=\"04\"\n               data-description=\"\"\n               data-image-slug=\"04-48\"\n               class=\"ngg-fancybox\" rel=\"a8e513380d04fa0cc5dbdbf0a88e7a7e\">\n                <img\n                    title=\"04\"\n                    alt=\"04\"\n                    src=\"https:\/\/www.camperonline.it\/magazine\/wp-content\/gallery\/sdc-2012-agora\/thumbs\/thumbs_04.jpg\"\n                    width=\"100\"\n                    height=\"75\"\n                    style=\"max-width:100%;\"\n                \/>\n            <\/a>\n        <\/div>\n\t\t\t\t\t\t\t<\/div> \n\t\t\t\n\t\t\t\t<div id=\"ngg-image-4\" class=\"ngg-gallery-thumbnail-box \" >\n\t\t\t\t        <div class=\"ngg-gallery-thumbnail\">\n            <a href=\"https:\/\/www.camperonline.it\/magazine\/wp-content\/gallery\/sdc-2012-agora\/05.jpg\"\n               title=\"\"\n               data-src=\"https:\/\/www.camperonline.it\/magazine\/wp-content\/gallery\/sdc-2012-agora\/05.jpg\"\n               data-thumbnail=\"https:\/\/www.camperonline.it\/magazine\/wp-content\/gallery\/sdc-2012-agora\/thumbs\/thumbs_05.jpg\"\n               data-image-id=\"27908\"\n               data-title=\"05\"\n               data-description=\"\"\n               data-image-slug=\"05-48\"\n               class=\"ngg-fancybox\" rel=\"a8e513380d04fa0cc5dbdbf0a88e7a7e\">\n                <img\n                    title=\"05\"\n                    alt=\"05\"\n                    src=\"https:\/\/www.camperonline.it\/magazine\/wp-content\/gallery\/sdc-2012-agora\/thumbs\/thumbs_05.jpg\"\n                    width=\"100\"\n                    height=\"75\"\n                    style=\"max-width:100%;\"\n                \/>\n            <\/a>\n        <\/div>\n\t\t\t\t\t\t\t<\/div> \n\t\t\t\n\t\t\t\t<div id=\"ngg-image-5\" class=\"ngg-gallery-thumbnail-box \" >\n\t\t\t\t        <div class=\"ngg-gallery-thumbnail\">\n            <a href=\"https:\/\/www.camperonline.it\/magazine\/wp-content\/gallery\/sdc-2012-agora\/06.jpg\"\n               title=\"\"\n               data-src=\"https:\/\/www.camperonline.it\/magazine\/wp-content\/gallery\/sdc-2012-agora\/06.jpg\"\n               data-thumbnail=\"https:\/\/www.camperonline.it\/magazine\/wp-content\/gallery\/sdc-2012-agora\/thumbs\/thumbs_06.jpg\"\n               data-image-id=\"27909\"\n               data-title=\"06\"\n               data-description=\"\"\n               data-image-slug=\"06-48\"\n               class=\"ngg-fancybox\" rel=\"a8e513380d04fa0cc5dbdbf0a88e7a7e\">\n                <img\n                    title=\"06\"\n                    alt=\"06\"\n                    src=\"https:\/\/www.camperonline.it\/magazine\/wp-content\/gallery\/sdc-2012-agora\/thumbs\/thumbs_06.jpg\"\n                    width=\"100\"\n                    height=\"75\"\n                    style=\"max-width:100%;\"\n                \/>\n            <\/a>\n        <\/div>\n\t\t\t\t\t\t\t<\/div> \n\t\t\t\n\t\t\t\t<div id=\"ngg-image-6\" class=\"ngg-gallery-thumbnail-box \" >\n\t\t\t\t        <div class=\"ngg-gallery-thumbnail\">\n            <a href=\"https:\/\/www.camperonline.it\/magazine\/wp-content\/gallery\/sdc-2012-agora\/07.jpg\"\n               title=\"\"\n               data-src=\"https:\/\/www.camperonline.it\/magazine\/wp-content\/gallery\/sdc-2012-agora\/07.jpg\"\n               data-thumbnail=\"https:\/\/www.camperonline.it\/magazine\/wp-content\/gallery\/sdc-2012-agora\/thumbs\/thumbs_07.jpg\"\n               data-image-id=\"27910\"\n               data-title=\"07\"\n               data-description=\"\"\n               data-image-slug=\"07-46\"\n               class=\"ngg-fancybox\" rel=\"a8e513380d04fa0cc5dbdbf0a88e7a7e\">\n                <img\n                    title=\"07\"\n                    alt=\"07\"\n                    src=\"https:\/\/www.camperonline.it\/magazine\/wp-content\/gallery\/sdc-2012-agora\/thumbs\/thumbs_07.jpg\"\n                    width=\"100\"\n                    height=\"75\"\n                    style=\"max-width:100%;\"\n                \/>\n            <\/a>\n        <\/div>\n\t\t\t\t\t\t\t<\/div> \n\t\t\t\n\t\t\t\t<div id=\"ngg-image-7\" class=\"ngg-gallery-thumbnail-box \" >\n\t\t\t\t        <div class=\"ngg-gallery-thumbnail\">\n            <a href=\"https:\/\/www.camperonline.it\/magazine\/wp-content\/gallery\/sdc-2012-agora\/08.jpg\"\n               title=\"\"\n               data-src=\"https:\/\/www.camperonline.it\/magazine\/wp-content\/gallery\/sdc-2012-agora\/08.jpg\"\n               data-thumbnail=\"https:\/\/www.camperonline.it\/magazine\/wp-content\/gallery\/sdc-2012-agora\/thumbs\/thumbs_08.jpg\"\n               data-image-id=\"27911\"\n               data-title=\"08\"\n               data-description=\"\"\n               data-image-slug=\"08-43\"\n               class=\"ngg-fancybox\" rel=\"a8e513380d04fa0cc5dbdbf0a88e7a7e\">\n                <img\n                    title=\"08\"\n                    alt=\"08\"\n                    src=\"https:\/\/www.camperonline.it\/magazine\/wp-content\/gallery\/sdc-2012-agora\/thumbs\/thumbs_08.jpg\"\n                    width=\"100\"\n                    height=\"75\"\n                    style=\"max-width:100%;\"\n                \/>\n            <\/a>\n        <\/div>\n\t\t\t\t\t\t\t<\/div> \n\t\t\t\n\t\t\t\t<div id=\"ngg-image-8\" class=\"ngg-gallery-thumbnail-box \" >\n\t\t\t\t        <div class=\"ngg-gallery-thumbnail\">\n            <a href=\"https:\/\/www.camperonline.it\/magazine\/wp-content\/gallery\/sdc-2012-agora\/09.jpg\"\n               title=\"\"\n               data-src=\"https:\/\/www.camperonline.it\/magazine\/wp-content\/gallery\/sdc-2012-agora\/09.jpg\"\n               data-thumbnail=\"https:\/\/www.camperonline.it\/magazine\/wp-content\/gallery\/sdc-2012-agora\/thumbs\/thumbs_09.jpg\"\n               data-image-id=\"27912\"\n               data-title=\"09\"\n               data-description=\"\"\n               data-image-slug=\"09-44\"\n               class=\"ngg-fancybox\" rel=\"a8e513380d04fa0cc5dbdbf0a88e7a7e\">\n                <img\n                    title=\"09\"\n                    alt=\"09\"\n                    src=\"https:\/\/www.camperonline.it\/magazine\/wp-content\/gallery\/sdc-2012-agora\/thumbs\/thumbs_09.jpg\"\n                    width=\"100\"\n                    height=\"75\"\n                    style=\"max-width:100%;\"\n                \/>\n            <\/a>\n        <\/div>\n\t\t\t\t\t\t\t<\/div> \n\t\t\t\n\t\t\t\t<div id=\"ngg-image-9\" class=\"ngg-gallery-thumbnail-box \" >\n\t\t\t\t        <div class=\"ngg-gallery-thumbnail\">\n            <a href=\"https:\/\/www.camperonline.it\/magazine\/wp-content\/gallery\/sdc-2012-agora\/10.jpg\"\n               title=\"\"\n               data-src=\"https:\/\/www.camperonline.it\/magazine\/wp-content\/gallery\/sdc-2012-agora\/10.jpg\"\n               data-thumbnail=\"https:\/\/www.camperonline.it\/magazine\/wp-content\/gallery\/sdc-2012-agora\/thumbs\/thumbs_10.jpg\"\n               data-image-id=\"27913\"\n               data-title=\"10\"\n               data-description=\"\"\n               data-image-slug=\"10-46\"\n               class=\"ngg-fancybox\" rel=\"a8e513380d04fa0cc5dbdbf0a88e7a7e\">\n                <img\n                    title=\"10\"\n                    alt=\"10\"\n                    src=\"https:\/\/www.camperonline.it\/magazine\/wp-content\/gallery\/sdc-2012-agora\/thumbs\/thumbs_10.jpg\"\n                    width=\"100\"\n                    height=\"75\"\n                    style=\"max-width:100%;\"\n                \/>\n            <\/a>\n        <\/div>\n\t\t\t\t\t\t\t<\/div> \n\t\t\t\n\t\n\t<br style=\"clear: both\" \/>\n\n\t\t<div class=\"slideshowlink\">\n        <a href='https:\/\/www.camperonline.it\/magazine\/2012\/09\/24\/speciale-salone-del-camper-2012-agora-sistemi\/nggallery\/slideshow'>[Mostra slideshow]<\/a>\n\t\t\n\t<\/div>\n\t\n\t\t<!-- Pagination -->\n\t<div class='ngg-clear'><\/div>\t<\/div>\n\n","protected":false},"excerpt":{"rendered":"<p>Nata oltre 20 fa nel settore informatico, Agor\u00e0 Sistemi ha nel tempo allargato i propri orizzonti e dal 2007 si \u00e8 rivolta al settore dei veicoli ricreazionali, della nautica e dei veicoli industriali. I prodotti trattati spaziano dalle retrocamere agli antifurti, dai sensori di parcheggio alle pellicole colorate per il Car Wrapping, passando per le autoradio e i navigatori satellitari, le lampade a Led e i sistemi antincendio o i dispositivi per il carico degli scooter.<\/p>\n","protected":false},"author":14,"featured_media":0,"comment_status":"closed","ping_status":"open","sticky":false,"template":"","format":"standard","meta":{"ngg_post_thumbnail":0},"categories":[2271,484],"tags":[4822,1476],"yoast_head":"<!-- This site is optimized with the Yoast SEO plugin v18.6 - https:\/\/yoast.com\/wordpress\/plugins\/seo\/ -->\n<title>Speciale Salone del Camper 2012 - Agor\u00e0 Sistemi - CamperOnLine Magazine<\/title>\n<meta name=\"description\" content=\"Nata oltre 20 fa nel settore informatico, Agor\u00e0 Sistemi ha nel tempo allargato i propri orizzonti e dal 2007 si \u00e8 rivolta al settore dei veicoli\" \/>\n<meta name=\"robots\" content=\"index, follow, max-snippet:-1, max-image-preview:large, max-video-preview:-1\" \/>\n<link rel=\"canonical\" href=\"https:\/\/www.camperonline.it\/magazine\/2012\/09\/24\/speciale-salone-del-camper-2012-agora-sistemi\/\" \/>\n<meta property=\"og:locale\" content=\"it_IT\" \/>\n<meta property=\"og:type\" content=\"article\" \/>\n<meta property=\"og:title\" content=\"Speciale Salone del Camper 2012 - Agor\u00e0 Sistemi - CamperOnLine Magazine\" \/>\n<meta property=\"og:description\" content=\"Nata oltre 20 fa nel settore informatico, Agor\u00e0 Sistemi ha nel tempo allargato i propri orizzonti e dal 2007 si \u00e8 rivolta al settore dei veicoli\" \/>\n<meta property=\"og:url\" content=\"https:\/\/www.camperonline.it\/magazine\/2012\/09\/24\/speciale-salone-del-camper-2012-agora-sistemi\/\" \/>\n<meta property=\"og:site_name\" content=\"CamperOnLine Magazine\" \/>\n<meta property=\"article:published_time\" content=\"2012-09-24T08:00:36+00:00\" \/>\n<meta property=\"article:modified_time\" content=\"2013-09-26T11:16:21+00:00\" \/>\n<meta property=\"og:image\" content=\"https:\/\/www.camperonline.it\/magazine\/wp-content\/uploads\/2012\/09\/01139.jpg\" \/>\n<meta name=\"twitter:card\" content=\"summary_large_image\" \/>\n<script type=\"application\/ld+json\" class=\"yoast-schema-graph\">{\"@context\":\"https:\/\/schema.org\",\"@graph\":[{\"@type\":\"WebSite\",\"@id\":\"https:\/\/www.camperonline.it\/magazine\/#website\",\"url\":\"https:\/\/www.camperonline.it\/magazine\/\",\"name\":\"CamperOnLine Magazine\",\"description\":\"Viaggi in camper, test, video, destinazioni, vacanze\",\"potentialAction\":[{\"@type\":\"SearchAction\",\"target\":{\"@type\":\"EntryPoint\",\"urlTemplate\":\"https:\/\/www.camperonline.it\/magazine\/?s={search_term_string}\"},\"query-input\":\"required name=search_term_string\"}],\"inLanguage\":\"it-IT\"},{\"@type\":\"ImageObject\",\"@id\":\"https:\/\/www.camperonline.it\/magazine\/2012\/09\/24\/speciale-salone-del-camper-2012-agora-sistemi\/#primaryimage\",\"inLanguage\":\"it-IT\",\"url\":\"https:\/\/www.camperonline.it\/magazine\/wp-content\/uploads\/2012\/09\/01139.jpg\",\"contentUrl\":\"https:\/\/www.camperonline.it\/magazine\/wp-content\/uploads\/2012\/09\/01139.jpg\",\"width\":\"570\",\"height\":\"450\"},{\"@type\":\"WebPage\",\"@id\":\"https:\/\/www.camperonline.it\/magazine\/2012\/09\/24\/speciale-salone-del-camper-2012-agora-sistemi\/#webpage\",\"url\":\"https:\/\/www.camperonline.it\/magazine\/2012\/09\/24\/speciale-salone-del-camper-2012-agora-sistemi\/\",\"name\":\"Speciale Salone del Camper 2012 - Agor\u00e0 Sistemi - CamperOnLine Magazine\",\"isPartOf\":{\"@id\":\"https:\/\/www.camperonline.it\/magazine\/#website\"},\"primaryImageOfPage\":{\"@id\":\"https:\/\/www.camperonline.it\/magazine\/2012\/09\/24\/speciale-salone-del-camper-2012-agora-sistemi\/#primaryimage\"},\"datePublished\":\"2012-09-24T08:00:36+00:00\",\"dateModified\":\"2013-09-26T11:16:21+00:00\",\"author\":{\"@id\":\"https:\/\/www.camperonline.it\/magazine\/#\/schema\/person\/d68cda3e423641741040679aca865de6\"},\"description\":\"Nata oltre 20 fa nel settore informatico, Agor\u00e0 Sistemi ha nel tempo allargato i propri orizzonti e dal 2007 si \u00e8 rivolta al settore dei veicoli\",\"breadcrumb\":{\"@id\":\"https:\/\/www.camperonline.it\/magazine\/2012\/09\/24\/speciale-salone-del-camper-2012-agora-sistemi\/#breadcrumb\"},\"inLanguage\":\"it-IT\",\"potentialAction\":[{\"@type\":\"ReadAction\",\"target\":[\"https:\/\/www.camperonline.it\/magazine\/2012\/09\/24\/speciale-salone-del-camper-2012-agora-sistemi\/\"]}]},{\"@type\":\"BreadcrumbList\",\"@id\":\"https:\/\/www.camperonline.it\/magazine\/2012\/09\/24\/speciale-salone-del-camper-2012-agora-sistemi\/#breadcrumb\",\"itemListElement\":[{\"@type\":\"ListItem\",\"position\":1,\"name\":\"Home\",\"item\":\"https:\/\/www.camperonline.it\/magazine\/\"},{\"@type\":\"ListItem\",\"position\":2,\"name\":\"Speciale Salone del Camper 2012 &#8211; Agor\u00e0 Sistemi\"}]},{\"@type\":\"Person\",\"@id\":\"https:\/\/www.camperonline.it\/magazine\/#\/schema\/person\/d68cda3e423641741040679aca865de6\",\"name\":\"Andrea\",\"url\":\"https:\/\/www.camperonline.it\/magazine\/author\/andrea\/\"}]}<\/script>\n<!-- \/ Yoast SEO plugin. -->","yoast_head_json":{"title":"Speciale Salone del Camper 2012 - Agor\u00e0 Sistemi - CamperOnLine Magazine","description":"Nata oltre 20 fa nel settore informatico, Agor\u00e0 Sistemi ha nel tempo allargato i propri orizzonti e dal 2007 si \u00e8 rivolta al settore dei veicoli","robots":{"index":"index","follow":"follow","max-snippet":"max-snippet:-1","max-image-preview":"max-image-preview:large","max-video-preview":"max-video-preview:-1"},"canonical":"https:\/\/www.camperonline.it\/magazine\/2012\/09\/24\/speciale-salone-del-camper-2012-agora-sistemi\/","og_locale":"it_IT","og_type":"article","og_title":"Speciale Salone del Camper 2012 - Agor\u00e0 Sistemi - CamperOnLine Magazine","og_description":"Nata oltre 20 fa nel settore informatico, Agor\u00e0 Sistemi ha nel tempo allargato i propri orizzonti e dal 2007 si \u00e8 rivolta al settore dei veicoli","og_url":"https:\/\/www.camperonline.it\/magazine\/2012\/09\/24\/speciale-salone-del-camper-2012-agora-sistemi\/","og_site_name":"CamperOnLine Magazine","article_published_time":"2012-09-24T08:00:36+00:00","article_modified_time":"2013-09-26T11:16:21+00:00","og_image":[{"url":"https:\/\/www.camperonline.it\/magazine\/wp-content\/uploads\/2012\/09\/01139.jpg"}],"twitter_card":"summary_large_image","schema":{"@context":"https:\/\/schema.org","@graph":[{"@type":"WebSite","@id":"https:\/\/www.camperonline.it\/magazine\/#website","url":"https:\/\/www.camperonline.it\/magazine\/","name":"CamperOnLine Magazine","description":"Viaggi in camper, test, video, destinazioni, vacanze","potentialAction":[{"@type":"SearchAction","target":{"@type":"EntryPoint","urlTemplate":"https:\/\/www.camperonline.it\/magazine\/?s={search_term_string}"},"query-input":"required name=search_term_string"}],"inLanguage":"it-IT"},{"@type":"ImageObject","@id":"https:\/\/www.camperonline.it\/magazine\/2012\/09\/24\/speciale-salone-del-camper-2012-agora-sistemi\/#primaryimage","inLanguage":"it-IT","url":"https:\/\/www.camperonline.it\/magazine\/wp-content\/uploads\/2012\/09\/01139.jpg","contentUrl":"https:\/\/www.camperonline.it\/magazine\/wp-content\/uploads\/2012\/09\/01139.jpg","width":"570","height":"450"},{"@type":"WebPage","@id":"https:\/\/www.camperonline.it\/magazine\/2012\/09\/24\/speciale-salone-del-camper-2012-agora-sistemi\/#webpage","url":"https:\/\/www.camperonline.it\/magazine\/2012\/09\/24\/speciale-salone-del-camper-2012-agora-sistemi\/","name":"Speciale Salone del Camper 2012 - Agor\u00e0 Sistemi - CamperOnLine Magazine","isPartOf":{"@id":"https:\/\/www.camperonline.it\/magazine\/#website"},"primaryImageOfPage":{"@id":"https:\/\/www.camperonline.it\/magazine\/2012\/09\/24\/speciale-salone-del-camper-2012-agora-sistemi\/#primaryimage"},"datePublished":"2012-09-24T08:00:36+00:00","dateModified":"2013-09-26T11:16:21+00:00","author":{"@id":"https:\/\/www.camperonline.it\/magazine\/#\/schema\/person\/d68cda3e423641741040679aca865de6"},"description":"Nata oltre 20 fa nel settore informatico, Agor\u00e0 Sistemi ha nel tempo allargato i propri orizzonti e dal 2007 si \u00e8 rivolta al settore dei veicoli","breadcrumb":{"@id":"https:\/\/www.camperonline.it\/magazine\/2012\/09\/24\/speciale-salone-del-camper-2012-agora-sistemi\/#breadcrumb"},"inLanguage":"it-IT","potentialAction":[{"@type":"ReadAction","target":["https:\/\/www.camperonline.it\/magazine\/2012\/09\/24\/speciale-salone-del-camper-2012-agora-sistemi\/"]}]},{"@type":"BreadcrumbList","@id":"https:\/\/www.camperonline.it\/magazine\/2012\/09\/24\/speciale-salone-del-camper-2012-agora-sistemi\/#breadcrumb","itemListElement":[{"@type":"ListItem","position":1,"name":"Home","item":"https:\/\/www.camperonline.it\/magazine\/"},{"@type":"ListItem","position":2,"name":"Speciale Salone del Camper 2012 &#8211; Agor\u00e0 Sistemi"}]},{"@type":"Person","@id":"https:\/\/www.camperonline.it\/magazine\/#\/schema\/person\/d68cda3e423641741040679aca865de6","name":"Andrea","url":"https:\/\/www.camperonline.it\/magazine\/author\/andrea\/"}]}},"_links":{"self":[{"href":"https:\/\/www.camperonline.it\/magazine\/wp-json\/wp\/v2\/posts\/39127"}],"collection":[{"href":"https:\/\/www.camperonline.it\/magazine\/wp-json\/wp\/v2\/posts"}],"about":[{"href":"https:\/\/www.camperonline.it\/magazine\/wp-json\/wp\/v2\/types\/post"}],"author":[{"embeddable":true,"href":"https:\/\/www.camperonline.it\/magazine\/wp-json\/wp\/v2\/users\/14"}],"replies":[{"embeddable":true,"href":"https:\/\/www.camperonline.it\/magazine\/wp-json\/wp\/v2\/comments?post=39127"}],"version-history":[{"count":0,"href":"https:\/\/www.camperonline.it\/magazine\/wp-json\/wp\/v2\/posts\/39127\/revisions"}],"wp:attachment":[{"href":"https:\/\/www.camperonline.it\/magazine\/wp-json\/wp\/v2\/media?parent=39127"}],"wp:term":[{"taxonomy":"category","embeddable":true,"href":"https:\/\/www.camperonline.it\/magazine\/wp-json\/wp\/v2\/categories?post=39127"},{"taxonomy":"post_tag","embeddable":true,"href":"https:\/\/www.camperonline.it\/magazine\/wp-json\/wp\/v2\/tags?post=39127"}],"curies":[{"name":"wp","href":"https:\/\/api.w.org\/{rel}","templated":true}]}}