{"id":42770,"date":"2012-11-27T17:00:37","date_gmt":"2012-11-27T16:00:37","guid":{"rendered":"https:\/\/www.camperonline.it\/magazine\/?p=42770"},"modified":"2013-10-02T13:35:52","modified_gmt":"2013-10-02T12:35:52","slug":"p-l-a-in-anteprima-assoluta-i-nuovi-yes-camper","status":"publish","type":"post","link":"https:\/\/www.camperonline.it\/magazine\/2012\/11\/27\/p-l-a-in-anteprima-assoluta-i-nuovi-yes-camper\/","title":{"rendered":"P.L.A.: in anteprima assoluta, i nuovi Yes Camper"},"content":{"rendered":"<p><img loading=\"lazy\" class=\"aligncenter size-full wp-image-42876\" title=\"Anteprime 2013 - Yes Camper\" src=\"https:\/\/www.camperonline.it\/magazine\/wp-content\/uploads\/2012\/11\/yes-camper.jpg\" alt=\"\" width=\"570\" height=\"450\" srcset=\"https:\/\/www.camperonline.it\/magazine\/wp-content\/uploads\/2012\/11\/yes-camper.jpg 570w, https:\/\/www.camperonline.it\/magazine\/wp-content\/uploads\/2012\/11\/yes-camper-300x236.jpg 300w\" sizes=\"(max-width: 570px) 100vw, 570px\" \/><\/p>\n<p>Yes P.L.A. can, P.L.A. lo pu\u00f2 fare: potrebbe essere questo uno dei tanti claim utilizzabili per presentare <strong>Yes Camper<\/strong>, il nuovo brand del giovane marchio di Pier Luigi Alinari. Un nuovo brand, una nuova linea, un nuovo prodotto, diverso da quelli gi\u00e0 esistenti e pensato per rispondere alle esigenze di chi desidera un camper nuovo senza investire cifre troppo cospicue e, al contempo, senza dover rinunciare alla qualit\u00e0 di componenti e soluzioni tecniche solitamente adottate in fasce di prezzo superiori. Un prodotto economico, quindi, probabilmente tra i pi\u00f9 economici in assoluto, ma per nulla povero, capace anzi di proporsi con un proprio stile e una propria personalit\u00e0 che richiama, specie negli interni, quella delle altre gamme P.L.A., e capace di rispondere alle esigenze della coppia cos\u00ec come della famiglia grazie a un bouquet di sette proposte, tutte allestite su Fiat Ducato 33 e 35L e con lunghezze tra 590 e 695 cm. In particolare, <strong><a href=\"http:\/\/www.yescamper.com\" target=\"_blank\">Yes Camper<\/a> <\/strong>offre oggi <strong>tre mansardati<\/strong> (591, 690 e 692) <strong>due profilati<\/strong> (593 e 696) e <strong>due profilati con letto matrimoniale basculante<\/strong> anteriore (595 e 694).<\/p>\n<p><!--more--><\/p>\n<p><img loading=\"lazy\" class=\"aligncenter size-full wp-image-42783\" title=\"Yes-Camper-003\" src=\"https:\/\/www.camperonline.it\/magazine\/wp-content\/uploads\/2012\/11\/Yes-Camper-003.jpg\" alt=\"\" width=\"500\" height=\"332\" srcset=\"https:\/\/www.camperonline.it\/magazine\/wp-content\/uploads\/2012\/11\/Yes-Camper-003.jpg 500w, https:\/\/www.camperonline.it\/magazine\/wp-content\/uploads\/2012\/11\/Yes-Camper-003-300x199.jpg 300w\" sizes=\"(max-width: 500px) 100vw, 500px\" \/><\/p>\n<p>I nuovi Yes Camper, come detto, sono allestiti su Fiat Ducato: la meccanica torinese, vera e propria regina nel mercato dei veicoli ricreazionali, \u00e8 impiegata in versione 33 L con passo da 3000 mm per i pi\u00f9 compatti Yes Camper 591, 593 e 595, e in versione 35 L e passo da 3800 mm per i pi\u00f9 grandi 690, 692, 694 e 696, con masse complessive a pieno carico rispettivamente di 3300 e 3500 kg. Per tutti i veicoli, la motorizzazione base \u00e8 rappresentata dal 2.0 Multijet da 115 cv, con opzione di motorizzazioni fino a 148 cv per i modelli su Ducato 33 L e fino a 177 cv per quelli di maggiori dimensioni su Ducato 35L. Una ulteriore differenziazione riguarda i telai utilizzati: i mansardati (591, 690 e 692) e i profilati (593 e 696) utilizzano infatti lo chassis Fiat longheronato alto, mentre i profilati con basculante (595 e 694) scelgono invece il telaio Camping-Car Special ribassato. Per entrambe le soluzioni, in ogni caso, \u00e8 prevista la carreggiata posteriore allargata a 1980 mm.<\/p>\n<p>Tutti i veicoli adottano una scocca a pannelli sandwich: al pavimento, costituito da un doppio strato di multistrato fenolico coibentato con polistirolo ad alta densit\u00e0 e rivestito internamente in linoleum (spessore complessivo di 70 mm) sono infatti abbinate pareti laterali e tetto da 32 mm di spessore realizzati sfruttando una lastra esterna in vetroresina, intelaiatura interna in legno, coibentazione in polistirolo ad alta densit\u00e0 e rivestimento interno in multistrato rivestito in melaminico. L&#8217;unione tra i vari elementi pu\u00f2 inoltre contare su ampi cantonali esterni in alluminio preverniciato, mentre la parte inferiore pu\u00f2 contare su bandelle in abs bianco lucido che percorrono l&#8217;intero veicolo inglobando anche il paraurti posteriore con fanaleria circolare. Sempre in abs sono realizzati, sui mansardati, i raccordi tra cabina e abitacolo, mentre i profilati possono contare sul riuscito cupolino gi\u00e0 apprezzato sui profilati con basculante Plasy Live HL, Plasy HP e P.L.A. HS. Rispetto a questi, e al resto della produzione del marchio toscano \u00e8 completamente diversa la linea esterna, che abbandona la caratteristica centinatura del tetto e della parete posteriore a favore di un andamento pi\u00f9 classico e lineare.<\/p>\n<p>Internamente, i mobili, in essenza noce, si presentano eleganti e curati, con pensili superiori bombati con doppio rivestimento (superiore pi\u00f9 chiaro, in linea con il soffitto, inferiore con look alluminio spazzolato) e ampie maniglie di apertura in metallo satinato. La costruzione, decisamente curata a fronte della fascia in cui questi veicoli si inseriscono, offre cerniere in acciaio inox, cassetti con guide a cuscinetto, piani antigraffio per tavoli e blocco cucina (con quest&#8217;ultimo elegantemente ricurvo) mentre per ci\u00f2 che concerne la toilette, il team guidato da Filippo Ciurli, Ingegnere e capo della progettazione dei veicoli P.L.A. ha optato per due moduli, uno lineare, con doccia separata ed elegante e consistente mobile lavabo incluso in essa, e uno pi\u00f9 compatto, trapezoidale, con doccia ricavabile sfruttando il rubinetto miscelatore, estraibile, e la classica tenda a giro.<\/p>\n<p>Tutti i veicoli possono contare poi su una confortante qualit\u00e0 delle componenti adottate: se, all&#8217;esterno, le finestre e i portelli sono forniti rispettivamente da Polyplastic e Metallarte (Plastoform per il sun-roof panoramico dei profilati), all&#8217;interno i nuovi Yes Camper sfruttano lavelli e fornelli Smev (anche con accensione piezoelettrica integrata), frigoriferi Thetford (da 110 o 165 litri a seconda del modello), riscaldamento e boiler Truma Combi 4 (Combi 6 opzionale per i modelli di maggiori dimensioni), letti basculanti a movimentazione elettrica Project 2000, componentistica elettrica NordElettronica il,luminazione interna a led, serbatoio dell&#8217;acqua da 95 litri servito da pompa Fiamma, rubinetti monocomando in metallo cromato per blocco cucina (completo di sifone ispezionabile, innesti tipo John-Guest), serbatoio di recupero da 100 litri e wc Thetford C200 con tazza girevole e serbatoio asportabile da 17 litri.<\/p>\n<p><span style=\"text-decoration: underline;\"><strong>Mansardati<\/strong><\/span><\/p>\n<p><strong>Yes Camper 591<\/strong><\/p>\n<p>Lungo 590 cm e allestito su Ducato 33L con passo da 3000 mm, offre sei posti omologati (cinque quelli letto) grazie alla pianta interna con maxi living anteriore formato da dinette tradizionale (trasformabile in un matrimoniale da 180&#215;130 cm) affiancata da un divano (186&#215;65 cm). Non mancano, in coda, i servizi, mentre altri due posti letto sono disponibili in mansarda (201&#215;155 cm). Da notare la possibilit\u00e0 di ampliare sia il tavolo (con elemento affiorante), sia le sponde laterali della dinette per ospitare anche 8 o 9 commensali. Il prezzo consigliato, IVA esclusa, \u00e8 di 26.780 Euro (comprensivo di clima motore).<\/p>\n<p><img loading=\"lazy\" class=\"aligncenter size-full wp-image-42784\" title=\"Yes-Camper-070\" src=\"https:\/\/www.camperonline.it\/magazine\/wp-content\/uploads\/2012\/11\/Yes-Camper-070.jpg\" alt=\"\" width=\"500\" height=\"332\" srcset=\"https:\/\/www.camperonline.it\/magazine\/wp-content\/uploads\/2012\/11\/Yes-Camper-070.jpg 500w, https:\/\/www.camperonline.it\/magazine\/wp-content\/uploads\/2012\/11\/Yes-Camper-070-300x199.jpg 300w\" sizes=\"(max-width: 500px) 100vw, 500px\" \/><\/p>\n<p><img loading=\"lazy\" class=\"aligncenter size-full wp-image-42785\" title=\"Yes-Camper-072\" src=\"https:\/\/www.camperonline.it\/magazine\/wp-content\/uploads\/2012\/11\/Yes-Camper-072.jpg\" alt=\"\" width=\"500\" height=\"332\" srcset=\"https:\/\/www.camperonline.it\/magazine\/wp-content\/uploads\/2012\/11\/Yes-Camper-072.jpg 500w, https:\/\/www.camperonline.it\/magazine\/wp-content\/uploads\/2012\/11\/Yes-Camper-072-300x199.jpg 300w\" sizes=\"(max-width: 500px) 100vw, 500px\" \/><\/p>\n<p><img loading=\"lazy\" class=\"aligncenter size-full wp-image-42786\" title=\"Yes-Camper-075\" src=\"https:\/\/www.camperonline.it\/magazine\/wp-content\/uploads\/2012\/11\/Yes-Camper-075.jpg\" alt=\"\" width=\"500\" height=\"332\" srcset=\"https:\/\/www.camperonline.it\/magazine\/wp-content\/uploads\/2012\/11\/Yes-Camper-075.jpg 500w, https:\/\/www.camperonline.it\/magazine\/wp-content\/uploads\/2012\/11\/Yes-Camper-075-300x199.jpg 300w\" sizes=\"(max-width: 500px) 100vw, 500px\" \/><\/p>\n<p><img loading=\"lazy\" class=\"aligncenter size-full wp-image-42787\" title=\"Yes-Camper-077\" src=\"https:\/\/www.camperonline.it\/magazine\/wp-content\/uploads\/2012\/11\/Yes-Camper-077.jpg\" alt=\"\" width=\"500\" height=\"332\" srcset=\"https:\/\/www.camperonline.it\/magazine\/wp-content\/uploads\/2012\/11\/Yes-Camper-077.jpg 500w, https:\/\/www.camperonline.it\/magazine\/wp-content\/uploads\/2012\/11\/Yes-Camper-077-300x199.jpg 300w\" sizes=\"(max-width: 500px) 100vw, 500px\" \/><\/p>\n<p><img loading=\"lazy\" class=\"aligncenter size-full wp-image-42788\" title=\"Yes-Camper-080\" src=\"https:\/\/www.camperonline.it\/magazine\/wp-content\/uploads\/2012\/11\/Yes-Camper-080.jpg\" alt=\"\" width=\"500\" height=\"332\" srcset=\"https:\/\/www.camperonline.it\/magazine\/wp-content\/uploads\/2012\/11\/Yes-Camper-080.jpg 500w, https:\/\/www.camperonline.it\/magazine\/wp-content\/uploads\/2012\/11\/Yes-Camper-080-300x199.jpg 300w\" sizes=\"(max-width: 500px) 100vw, 500px\" \/><\/p>\n<p><img loading=\"lazy\" class=\"aligncenter size-full wp-image-42789\" title=\"Yes-Camper-081\" src=\"https:\/\/www.camperonline.it\/magazine\/wp-content\/uploads\/2012\/11\/Yes-Camper-081.jpg\" alt=\"\" width=\"500\" height=\"332\" srcset=\"https:\/\/www.camperonline.it\/magazine\/wp-content\/uploads\/2012\/11\/Yes-Camper-081.jpg 500w, https:\/\/www.camperonline.it\/magazine\/wp-content\/uploads\/2012\/11\/Yes-Camper-081-300x199.jpg 300w\" sizes=\"(max-width: 500px) 100vw, 500px\" \/><\/p>\n<p><img loading=\"lazy\" class=\"aligncenter size-full wp-image-42790\" title=\"Yes-Camper-082\" src=\"https:\/\/www.camperonline.it\/magazine\/wp-content\/uploads\/2012\/11\/Yes-Camper-082.jpg\" alt=\"\" width=\"500\" height=\"332\" srcset=\"https:\/\/www.camperonline.it\/magazine\/wp-content\/uploads\/2012\/11\/Yes-Camper-082.jpg 500w, https:\/\/www.camperonline.it\/magazine\/wp-content\/uploads\/2012\/11\/Yes-Camper-082-300x199.jpg 300w\" sizes=\"(max-width: 500px) 100vw, 500px\" \/><\/p>\n<p><img loading=\"lazy\" class=\"aligncenter size-full wp-image-42791\" title=\"Yes-Camper-085\" src=\"https:\/\/www.camperonline.it\/magazine\/wp-content\/uploads\/2012\/11\/Yes-Camper-085.jpg\" alt=\"\" width=\"500\" height=\"332\" srcset=\"https:\/\/www.camperonline.it\/magazine\/wp-content\/uploads\/2012\/11\/Yes-Camper-085.jpg 500w, https:\/\/www.camperonline.it\/magazine\/wp-content\/uploads\/2012\/11\/Yes-Camper-085-300x199.jpg 300w\" sizes=\"(max-width: 500px) 100vw, 500px\" \/><\/p>\n<p><img loading=\"lazy\" class=\"aligncenter size-full wp-image-42792\" title=\"Yes-Camper-083\" src=\"https:\/\/www.camperonline.it\/magazine\/wp-content\/uploads\/2012\/11\/Yes-Camper-083.jpg\" alt=\"\" width=\"500\" height=\"332\" srcset=\"https:\/\/www.camperonline.it\/magazine\/wp-content\/uploads\/2012\/11\/Yes-Camper-083.jpg 500w, https:\/\/www.camperonline.it\/magazine\/wp-content\/uploads\/2012\/11\/Yes-Camper-083-300x199.jpg 300w\" sizes=\"(max-width: 500px) 100vw, 500px\" \/><\/p>\n<p><img loading=\"lazy\" class=\"aligncenter size-full wp-image-42793\" title=\"Yes-Camper-087\" src=\"https:\/\/www.camperonline.it\/magazine\/wp-content\/uploads\/2012\/11\/Yes-Camper-087.jpg\" alt=\"\" width=\"500\" height=\"332\" srcset=\"https:\/\/www.camperonline.it\/magazine\/wp-content\/uploads\/2012\/11\/Yes-Camper-087.jpg 500w, https:\/\/www.camperonline.it\/magazine\/wp-content\/uploads\/2012\/11\/Yes-Camper-087-300x199.jpg 300w\" sizes=\"(max-width: 500px) 100vw, 500px\" \/><\/p>\n<p><img loading=\"lazy\" class=\"aligncenter size-full wp-image-42794\" title=\"Yes-Camper-086\" src=\"https:\/\/www.camperonline.it\/magazine\/wp-content\/uploads\/2012\/11\/Yes-Camper-086.jpg\" alt=\"\" width=\"500\" height=\"753\" srcset=\"https:\/\/www.camperonline.it\/magazine\/wp-content\/uploads\/2012\/11\/Yes-Camper-086.jpg 500w, https:\/\/www.camperonline.it\/magazine\/wp-content\/uploads\/2012\/11\/Yes-Camper-086-199x300.jpg 199w\" sizes=\"(max-width: 500px) 100vw, 500px\" \/><\/p>\n<p><strong>Yes Camper 690<\/strong><\/p>\n<p>Lungo 695 cm e allestito su Ducato 35 L con passo da 3800 mm, offre sei posti letto (sette in corso di omologazione per quanto riguarda il viaggio) grazie a un maxi living anteriore con dinette tradizionale opposta a un divanetto laterale, servizi centrali con blocco cucina completo di colonna frigo separata e toilette con doccia separata e lavabo integrato. In coda non mancano i letti a castello trasversali (200&#215;68 e 218&#215;67 cm) trasformabili in gavone\/garage a volume variabile. Il prezzo consigliato, IVA esclusa, \u00e8 di 28.680 Euro (comprensivo di clima motore).<\/p>\n<p><img loading=\"lazy\" class=\"aligncenter size-full wp-image-42796\" title=\"Yes-Camper-091\" src=\"https:\/\/www.camperonline.it\/magazine\/wp-content\/uploads\/2012\/11\/Yes-Camper-091.jpg\" alt=\"\" width=\"500\" height=\"332\" srcset=\"https:\/\/www.camperonline.it\/magazine\/wp-content\/uploads\/2012\/11\/Yes-Camper-091.jpg 500w, https:\/\/www.camperonline.it\/magazine\/wp-content\/uploads\/2012\/11\/Yes-Camper-091-300x199.jpg 300w\" sizes=\"(max-width: 500px) 100vw, 500px\" \/><\/p>\n<p><img loading=\"lazy\" class=\"aligncenter size-full wp-image-42797\" title=\"Yes-Camper-094\" src=\"https:\/\/www.camperonline.it\/magazine\/wp-content\/uploads\/2012\/11\/Yes-Camper-094.jpg\" alt=\"\" width=\"500\" height=\"332\" srcset=\"https:\/\/www.camperonline.it\/magazine\/wp-content\/uploads\/2012\/11\/Yes-Camper-094.jpg 500w, https:\/\/www.camperonline.it\/magazine\/wp-content\/uploads\/2012\/11\/Yes-Camper-094-300x199.jpg 300w\" sizes=\"(max-width: 500px) 100vw, 500px\" \/><\/p>\n<p><img loading=\"lazy\" class=\"aligncenter size-full wp-image-42798\" title=\"Yes-Camper-097\" src=\"https:\/\/www.camperonline.it\/magazine\/wp-content\/uploads\/2012\/11\/Yes-Camper-097.jpg\" alt=\"\" width=\"500\" height=\"332\" srcset=\"https:\/\/www.camperonline.it\/magazine\/wp-content\/uploads\/2012\/11\/Yes-Camper-097.jpg 500w, https:\/\/www.camperonline.it\/magazine\/wp-content\/uploads\/2012\/11\/Yes-Camper-097-300x199.jpg 300w\" sizes=\"(max-width: 500px) 100vw, 500px\" \/><\/p>\n<p><img loading=\"lazy\" class=\"aligncenter size-full wp-image-42799\" title=\"Yes-Camper-092\" src=\"https:\/\/www.camperonline.it\/magazine\/wp-content\/uploads\/2012\/11\/Yes-Camper-092.jpg\" alt=\"\" width=\"500\" height=\"332\" srcset=\"https:\/\/www.camperonline.it\/magazine\/wp-content\/uploads\/2012\/11\/Yes-Camper-092.jpg 500w, https:\/\/www.camperonline.it\/magazine\/wp-content\/uploads\/2012\/11\/Yes-Camper-092-300x199.jpg 300w\" sizes=\"(max-width: 500px) 100vw, 500px\" \/><\/p>\n<p><img loading=\"lazy\" class=\"aligncenter size-full wp-image-42800\" title=\"Yes-Camper-099\" src=\"https:\/\/www.camperonline.it\/magazine\/wp-content\/uploads\/2012\/11\/Yes-Camper-099.jpg\" alt=\"\" width=\"500\" height=\"332\" srcset=\"https:\/\/www.camperonline.it\/magazine\/wp-content\/uploads\/2012\/11\/Yes-Camper-099.jpg 500w, https:\/\/www.camperonline.it\/magazine\/wp-content\/uploads\/2012\/11\/Yes-Camper-099-300x199.jpg 300w\" sizes=\"(max-width: 500px) 100vw, 500px\" \/><\/p>\n<p><img loading=\"lazy\" class=\"aligncenter size-full wp-image-42801\" title=\"Yes-Camper-100\" src=\"https:\/\/www.camperonline.it\/magazine\/wp-content\/uploads\/2012\/11\/Yes-Camper-100.jpg\" alt=\"\" width=\"500\" height=\"332\" srcset=\"https:\/\/www.camperonline.it\/magazine\/wp-content\/uploads\/2012\/11\/Yes-Camper-100.jpg 500w, https:\/\/www.camperonline.it\/magazine\/wp-content\/uploads\/2012\/11\/Yes-Camper-100-300x199.jpg 300w\" sizes=\"(max-width: 500px) 100vw, 500px\" \/><\/p>\n<p><img loading=\"lazy\" class=\"aligncenter size-full wp-image-42802\" title=\"Yes-Camper-101\" src=\"https:\/\/www.camperonline.it\/magazine\/wp-content\/uploads\/2012\/11\/Yes-Camper-101.jpg\" alt=\"\" width=\"500\" height=\"332\" srcset=\"https:\/\/www.camperonline.it\/magazine\/wp-content\/uploads\/2012\/11\/Yes-Camper-101.jpg 500w, https:\/\/www.camperonline.it\/magazine\/wp-content\/uploads\/2012\/11\/Yes-Camper-101-300x199.jpg 300w\" sizes=\"(max-width: 500px) 100vw, 500px\" \/><\/p>\n<p><img loading=\"lazy\" class=\"aligncenter size-full wp-image-42803\" title=\"Yes-Camper-103\" src=\"https:\/\/www.camperonline.it\/magazine\/wp-content\/uploads\/2012\/11\/Yes-Camper-103.jpg\" alt=\"\" width=\"500\" height=\"332\" srcset=\"https:\/\/www.camperonline.it\/magazine\/wp-content\/uploads\/2012\/11\/Yes-Camper-103.jpg 500w, https:\/\/www.camperonline.it\/magazine\/wp-content\/uploads\/2012\/11\/Yes-Camper-103-300x199.jpg 300w\" sizes=\"(max-width: 500px) 100vw, 500px\" \/><\/p>\n<p><img loading=\"lazy\" class=\"aligncenter size-full wp-image-42804\" title=\"Yes-Camper-109\" src=\"https:\/\/www.camperonline.it\/magazine\/wp-content\/uploads\/2012\/11\/Yes-Camper-109.jpg\" alt=\"\" width=\"500\" height=\"753\" srcset=\"https:\/\/www.camperonline.it\/magazine\/wp-content\/uploads\/2012\/11\/Yes-Camper-109.jpg 500w, https:\/\/www.camperonline.it\/magazine\/wp-content\/uploads\/2012\/11\/Yes-Camper-109-199x300.jpg 199w\" sizes=\"(max-width: 500px) 100vw, 500px\" \/><\/p>\n<p><img loading=\"lazy\" class=\"aligncenter size-full wp-image-42805\" title=\"Yes-Camper-105\" src=\"https:\/\/www.camperonline.it\/magazine\/wp-content\/uploads\/2012\/11\/Yes-Camper-105.jpg\" alt=\"\" width=\"500\" height=\"753\" srcset=\"https:\/\/www.camperonline.it\/magazine\/wp-content\/uploads\/2012\/11\/Yes-Camper-105.jpg 500w, https:\/\/www.camperonline.it\/magazine\/wp-content\/uploads\/2012\/11\/Yes-Camper-105-199x300.jpg 199w\" sizes=\"(max-width: 500px) 100vw, 500px\" \/><\/p>\n<p><img loading=\"lazy\" class=\"aligncenter size-full wp-image-42806\" title=\"Yes-Camper-110\" src=\"https:\/\/www.camperonline.it\/magazine\/wp-content\/uploads\/2012\/11\/Yes-Camper-110.jpg\" alt=\"\" width=\"500\" height=\"332\" srcset=\"https:\/\/www.camperonline.it\/magazine\/wp-content\/uploads\/2012\/11\/Yes-Camper-110.jpg 500w, https:\/\/www.camperonline.it\/magazine\/wp-content\/uploads\/2012\/11\/Yes-Camper-110-300x199.jpg 300w\" sizes=\"(max-width: 500px) 100vw, 500px\" \/><\/p>\n<p><img loading=\"lazy\" class=\"aligncenter size-full wp-image-42807\" title=\"Yes-Camper-111\" src=\"https:\/\/www.camperonline.it\/magazine\/wp-content\/uploads\/2012\/11\/Yes-Camper-111.jpg\" alt=\"\" width=\"500\" height=\"332\" srcset=\"https:\/\/www.camperonline.it\/magazine\/wp-content\/uploads\/2012\/11\/Yes-Camper-111.jpg 500w, https:\/\/www.camperonline.it\/magazine\/wp-content\/uploads\/2012\/11\/Yes-Camper-111-300x199.jpg 300w\" sizes=\"(max-width: 500px) 100vw, 500px\" \/><\/p>\n<p><img loading=\"lazy\" class=\"aligncenter size-full wp-image-42808\" title=\"Yes-Camper-112\" src=\"https:\/\/www.camperonline.it\/magazine\/wp-content\/uploads\/2012\/11\/Yes-Camper-112.jpg\" alt=\"\" width=\"500\" height=\"753\" srcset=\"https:\/\/www.camperonline.it\/magazine\/wp-content\/uploads\/2012\/11\/Yes-Camper-112.jpg 500w, https:\/\/www.camperonline.it\/magazine\/wp-content\/uploads\/2012\/11\/Yes-Camper-112-199x300.jpg 199w\" sizes=\"(max-width: 500px) 100vw, 500px\" \/><\/p>\n<p><strong>Yes Camper 692<\/strong><\/p>\n<p>Lungo 695 cm e allestito su Ducato 35 L con passo da 3800 mm, \u00e8 il classico mansardato con letto matrimoniale posteriore (220&#215;130 cm) posizionato sopra a un maxi garage portabici\/moto servito da due portelli e completo di riscaldamento e illuminazione. Molto interessante \u00e8 poi lo sviluppo del living, con dinette classica (188&#215;130 cm) affiancata da un pratico e conviviale divanetto laterale. I servizi sono posizionati centralmente, con blocco cucina a sviluppo lineare opposto alla toilette, completa di vano doccia\/lavabo separato. Il prezzo consigliato, IVA esclusa, \u00e8 di 28.880 Euro (comprensivo di clima motore).<\/p>\n<p><img loading=\"lazy\" class=\"aligncenter size-full wp-image-42810\" title=\"Yes-Camper-004\" src=\"https:\/\/www.camperonline.it\/magazine\/wp-content\/uploads\/2012\/11\/Yes-Camper-004.jpg\" alt=\"\" width=\"500\" height=\"332\" srcset=\"https:\/\/www.camperonline.it\/magazine\/wp-content\/uploads\/2012\/11\/Yes-Camper-004.jpg 500w, https:\/\/www.camperonline.it\/magazine\/wp-content\/uploads\/2012\/11\/Yes-Camper-004-300x199.jpg 300w\" sizes=\"(max-width: 500px) 100vw, 500px\" \/><\/p>\n<p><img loading=\"lazy\" class=\"aligncenter size-full wp-image-42811\" title=\"Yes-Camper-006\" src=\"https:\/\/www.camperonline.it\/magazine\/wp-content\/uploads\/2012\/11\/Yes-Camper-006.jpg\" alt=\"\" width=\"500\" height=\"332\" srcset=\"https:\/\/www.camperonline.it\/magazine\/wp-content\/uploads\/2012\/11\/Yes-Camper-006.jpg 500w, https:\/\/www.camperonline.it\/magazine\/wp-content\/uploads\/2012\/11\/Yes-Camper-006-300x199.jpg 300w\" sizes=\"(max-width: 500px) 100vw, 500px\" \/><\/p>\n<p><img loading=\"lazy\" class=\"aligncenter size-full wp-image-42812\" title=\"Yes-Camper-009\" src=\"https:\/\/www.camperonline.it\/magazine\/wp-content\/uploads\/2012\/11\/Yes-Camper-009.jpg\" alt=\"\" width=\"500\" height=\"332\" srcset=\"https:\/\/www.camperonline.it\/magazine\/wp-content\/uploads\/2012\/11\/Yes-Camper-009.jpg 500w, https:\/\/www.camperonline.it\/magazine\/wp-content\/uploads\/2012\/11\/Yes-Camper-009-300x199.jpg 300w\" sizes=\"(max-width: 500px) 100vw, 500px\" \/><\/p>\n<p><img loading=\"lazy\" class=\"aligncenter size-full wp-image-42813\" title=\"Yes-Camper-007\" src=\"https:\/\/www.camperonline.it\/magazine\/wp-content\/uploads\/2012\/11\/Yes-Camper-007.jpg\" alt=\"\" width=\"500\" height=\"332\" srcset=\"https:\/\/www.camperonline.it\/magazine\/wp-content\/uploads\/2012\/11\/Yes-Camper-007.jpg 500w, https:\/\/www.camperonline.it\/magazine\/wp-content\/uploads\/2012\/11\/Yes-Camper-007-300x199.jpg 300w\" sizes=\"(max-width: 500px) 100vw, 500px\" \/><\/p>\n<p><img loading=\"lazy\" class=\"aligncenter size-full wp-image-42814\" title=\"Yes-Camper-011\" src=\"https:\/\/www.camperonline.it\/magazine\/wp-content\/uploads\/2012\/11\/Yes-Camper-011.jpg\" alt=\"\" width=\"500\" height=\"332\" srcset=\"https:\/\/www.camperonline.it\/magazine\/wp-content\/uploads\/2012\/11\/Yes-Camper-011.jpg 500w, https:\/\/www.camperonline.it\/magazine\/wp-content\/uploads\/2012\/11\/Yes-Camper-011-300x199.jpg 300w\" sizes=\"(max-width: 500px) 100vw, 500px\" \/><\/p>\n<p><img loading=\"lazy\" class=\"aligncenter size-full wp-image-42815\" title=\"Yes-Camper-014\" src=\"https:\/\/www.camperonline.it\/magazine\/wp-content\/uploads\/2012\/11\/Yes-Camper-014.jpg\" alt=\"\" width=\"500\" height=\"332\" srcset=\"https:\/\/www.camperonline.it\/magazine\/wp-content\/uploads\/2012\/11\/Yes-Camper-014.jpg 500w, https:\/\/www.camperonline.it\/magazine\/wp-content\/uploads\/2012\/11\/Yes-Camper-014-300x199.jpg 300w\" sizes=\"(max-width: 500px) 100vw, 500px\" \/><\/p>\n<p><img loading=\"lazy\" class=\"aligncenter size-full wp-image-42816\" title=\"Yes-Camper-015\" src=\"https:\/\/www.camperonline.it\/magazine\/wp-content\/uploads\/2012\/11\/Yes-Camper-015.jpg\" alt=\"\" width=\"500\" height=\"332\" srcset=\"https:\/\/www.camperonline.it\/magazine\/wp-content\/uploads\/2012\/11\/Yes-Camper-015.jpg 500w, https:\/\/www.camperonline.it\/magazine\/wp-content\/uploads\/2012\/11\/Yes-Camper-015-300x199.jpg 300w\" sizes=\"(max-width: 500px) 100vw, 500px\" \/><\/p>\n<p><img loading=\"lazy\" class=\"aligncenter size-full wp-image-42817\" title=\"Yes-Camper-016\" src=\"https:\/\/www.camperonline.it\/magazine\/wp-content\/uploads\/2012\/11\/Yes-Camper-016.jpg\" alt=\"\" width=\"500\" height=\"332\" srcset=\"https:\/\/www.camperonline.it\/magazine\/wp-content\/uploads\/2012\/11\/Yes-Camper-016.jpg 500w, https:\/\/www.camperonline.it\/magazine\/wp-content\/uploads\/2012\/11\/Yes-Camper-016-300x199.jpg 300w\" sizes=\"(max-width: 500px) 100vw, 500px\" \/><\/p>\n<p><img loading=\"lazy\" class=\"aligncenter size-full wp-image-42818\" title=\"Yes-Camper-019\" src=\"https:\/\/www.camperonline.it\/magazine\/wp-content\/uploads\/2012\/11\/Yes-Camper-019.jpg\" alt=\"\" width=\"500\" height=\"332\" srcset=\"https:\/\/www.camperonline.it\/magazine\/wp-content\/uploads\/2012\/11\/Yes-Camper-019.jpg 500w, https:\/\/www.camperonline.it\/magazine\/wp-content\/uploads\/2012\/11\/Yes-Camper-019-300x199.jpg 300w\" sizes=\"(max-width: 500px) 100vw, 500px\" \/><\/p>\n<p><img loading=\"lazy\" class=\"aligncenter size-full wp-image-42819\" title=\"Yes-Camper-020\" src=\"https:\/\/www.camperonline.it\/magazine\/wp-content\/uploads\/2012\/11\/Yes-Camper-020.jpg\" alt=\"\" width=\"500\" height=\"332\" srcset=\"https:\/\/www.camperonline.it\/magazine\/wp-content\/uploads\/2012\/11\/Yes-Camper-020.jpg 500w, https:\/\/www.camperonline.it\/magazine\/wp-content\/uploads\/2012\/11\/Yes-Camper-020-300x199.jpg 300w\" sizes=\"(max-width: 500px) 100vw, 500px\" \/><\/p>\n<p><img loading=\"lazy\" class=\"aligncenter size-full wp-image-42820\" title=\"Yes-Camper-018\" src=\"https:\/\/www.camperonline.it\/magazine\/wp-content\/uploads\/2012\/11\/Yes-Camper-018.jpg\" alt=\"\" width=\"500\" height=\"332\" srcset=\"https:\/\/www.camperonline.it\/magazine\/wp-content\/uploads\/2012\/11\/Yes-Camper-018.jpg 500w, https:\/\/www.camperonline.it\/magazine\/wp-content\/uploads\/2012\/11\/Yes-Camper-018-300x199.jpg 300w\" sizes=\"(max-width: 500px) 100vw, 500px\" \/><\/p>\n<p><span style=\"text-decoration: underline;\"><strong>Profilati<\/strong><\/span><\/p>\n<p><strong>Yes Camper 593<\/strong><\/p>\n<p>Lungo 590 e allestito su Ducato 33 L con passo da 3000 mm, \u00e8 il pi\u00f9 compatto profilato Yes Camper. Dedicato alla coppia, offre la classica pianta interna dei semintegrali compatti, con living anteriore formato da semidinette e poltroncina laterale collocata alle spalle dell&#8217;armadio guardaroba, servizi centrali con blocco cucina opposto alla toilette completa di doccia\/lavabo separato e, in coda, letto matrimoniale trasversale (206&#215;125 cm) posizionato su garage e armadio guardaroba. Tre i posti letto grazie alla possibilit\u00e0 di trasformare il living in un singolo trasversale da 190&#215;60 cm. Il prezzo consigliato, IVA esclusa, \u00e8 di 27.880 Euro (comprensivo di clima motore, piastre girevoli cabina e obl\u00f2 sun-roof panoramico sul cupolino).<\/p>\n<p><img loading=\"lazy\" class=\"aligncenter size-full wp-image-42821\" title=\"Yes-Camper-120\" src=\"https:\/\/www.camperonline.it\/magazine\/wp-content\/uploads\/2012\/11\/Yes-Camper-120.jpg\" alt=\"\" width=\"500\" height=\"332\" srcset=\"https:\/\/www.camperonline.it\/magazine\/wp-content\/uploads\/2012\/11\/Yes-Camper-120.jpg 500w, https:\/\/www.camperonline.it\/magazine\/wp-content\/uploads\/2012\/11\/Yes-Camper-120-300x199.jpg 300w\" sizes=\"(max-width: 500px) 100vw, 500px\" \/><\/p>\n<p><img loading=\"lazy\" class=\"aligncenter size-full wp-image-42822\" title=\"Yes-Camper-125\" src=\"https:\/\/www.camperonline.it\/magazine\/wp-content\/uploads\/2012\/11\/Yes-Camper-125.jpg\" alt=\"\" width=\"500\" height=\"332\" srcset=\"https:\/\/www.camperonline.it\/magazine\/wp-content\/uploads\/2012\/11\/Yes-Camper-125.jpg 500w, https:\/\/www.camperonline.it\/magazine\/wp-content\/uploads\/2012\/11\/Yes-Camper-125-300x199.jpg 300w\" sizes=\"(max-width: 500px) 100vw, 500px\" \/><\/p>\n<p><img loading=\"lazy\" class=\"aligncenter size-full wp-image-42823\" title=\"Yes-Camper-126\" src=\"https:\/\/www.camperonline.it\/magazine\/wp-content\/uploads\/2012\/11\/Yes-Camper-126.jpg\" alt=\"\" width=\"500\" height=\"332\" srcset=\"https:\/\/www.camperonline.it\/magazine\/wp-content\/uploads\/2012\/11\/Yes-Camper-126.jpg 500w, https:\/\/www.camperonline.it\/magazine\/wp-content\/uploads\/2012\/11\/Yes-Camper-126-300x199.jpg 300w\" sizes=\"(max-width: 500px) 100vw, 500px\" \/><\/p>\n<p><img loading=\"lazy\" class=\"aligncenter size-full wp-image-42824\" title=\"Yes-Camper-121\" src=\"https:\/\/www.camperonline.it\/magazine\/wp-content\/uploads\/2012\/11\/Yes-Camper-121.jpg\" alt=\"\" width=\"500\" height=\"332\" srcset=\"https:\/\/www.camperonline.it\/magazine\/wp-content\/uploads\/2012\/11\/Yes-Camper-121.jpg 500w, https:\/\/www.camperonline.it\/magazine\/wp-content\/uploads\/2012\/11\/Yes-Camper-121-300x199.jpg 300w\" sizes=\"(max-width: 500px) 100vw, 500px\" \/><\/p>\n<p><img loading=\"lazy\" class=\"aligncenter size-full wp-image-42825\" title=\"Yes-Camper-122\" src=\"https:\/\/www.camperonline.it\/magazine\/wp-content\/uploads\/2012\/11\/Yes-Camper-122.jpg\" alt=\"\" width=\"500\" height=\"332\" srcset=\"https:\/\/www.camperonline.it\/magazine\/wp-content\/uploads\/2012\/11\/Yes-Camper-122.jpg 500w, https:\/\/www.camperonline.it\/magazine\/wp-content\/uploads\/2012\/11\/Yes-Camper-122-300x199.jpg 300w\" sizes=\"(max-width: 500px) 100vw, 500px\" \/><\/p>\n<p><img loading=\"lazy\" class=\"aligncenter size-full wp-image-42826\" title=\"Yes-Camper-128\" src=\"https:\/\/www.camperonline.it\/magazine\/wp-content\/uploads\/2012\/11\/Yes-Camper-128.jpg\" alt=\"\" width=\"500\" height=\"332\" srcset=\"https:\/\/www.camperonline.it\/magazine\/wp-content\/uploads\/2012\/11\/Yes-Camper-128.jpg 500w, https:\/\/www.camperonline.it\/magazine\/wp-content\/uploads\/2012\/11\/Yes-Camper-128-300x199.jpg 300w\" sizes=\"(max-width: 500px) 100vw, 500px\" \/><\/p>\n<p><img loading=\"lazy\" class=\"aligncenter size-full wp-image-42827\" title=\"Yes-Camper-129\" src=\"https:\/\/www.camperonline.it\/magazine\/wp-content\/uploads\/2012\/11\/Yes-Camper-129.jpg\" alt=\"\" width=\"500\" height=\"332\" srcset=\"https:\/\/www.camperonline.it\/magazine\/wp-content\/uploads\/2012\/11\/Yes-Camper-129.jpg 500w, https:\/\/www.camperonline.it\/magazine\/wp-content\/uploads\/2012\/11\/Yes-Camper-129-300x199.jpg 300w\" sizes=\"(max-width: 500px) 100vw, 500px\" \/><\/p>\n<p><img loading=\"lazy\" class=\"aligncenter size-full wp-image-42828\" title=\"Yes-Camper-132\" src=\"https:\/\/www.camperonline.it\/magazine\/wp-content\/uploads\/2012\/11\/Yes-Camper-132.jpg\" alt=\"\" width=\"500\" height=\"332\" srcset=\"https:\/\/www.camperonline.it\/magazine\/wp-content\/uploads\/2012\/11\/Yes-Camper-132.jpg 500w, https:\/\/www.camperonline.it\/magazine\/wp-content\/uploads\/2012\/11\/Yes-Camper-132-300x199.jpg 300w\" sizes=\"(max-width: 500px) 100vw, 500px\" \/><\/p>\n<p><img loading=\"lazy\" class=\"aligncenter size-full wp-image-42832\" title=\"Yes-Camper-137\" src=\"https:\/\/www.camperonline.it\/magazine\/wp-content\/uploads\/2012\/11\/Yes-Camper-137.jpg\" alt=\"\" width=\"500\" height=\"332\" srcset=\"https:\/\/www.camperonline.it\/magazine\/wp-content\/uploads\/2012\/11\/Yes-Camper-137.jpg 500w, https:\/\/www.camperonline.it\/magazine\/wp-content\/uploads\/2012\/11\/Yes-Camper-137-300x199.jpg 300w\" sizes=\"(max-width: 500px) 100vw, 500px\" \/><\/p>\n<p><img loading=\"lazy\" class=\"aligncenter size-full wp-image-42830\" title=\"Yes-Camper-136\" src=\"https:\/\/www.camperonline.it\/magazine\/wp-content\/uploads\/2012\/11\/Yes-Camper-136.jpg\" alt=\"\" width=\"500\" height=\"332\" srcset=\"https:\/\/www.camperonline.it\/magazine\/wp-content\/uploads\/2012\/11\/Yes-Camper-136.jpg 500w, https:\/\/www.camperonline.it\/magazine\/wp-content\/uploads\/2012\/11\/Yes-Camper-136-300x199.jpg 300w\" sizes=\"(max-width: 500px) 100vw, 500px\" \/><\/p>\n<p><img loading=\"lazy\" class=\"aligncenter size-full wp-image-42831\" title=\"Yes-Camper-134\" src=\"https:\/\/www.camperonline.it\/magazine\/wp-content\/uploads\/2012\/11\/Yes-Camper-134.jpg\" alt=\"\" width=\"500\" height=\"332\" srcset=\"https:\/\/www.camperonline.it\/magazine\/wp-content\/uploads\/2012\/11\/Yes-Camper-134.jpg 500w, https:\/\/www.camperonline.it\/magazine\/wp-content\/uploads\/2012\/11\/Yes-Camper-134-300x199.jpg 300w\" sizes=\"(max-width: 500px) 100vw, 500px\" \/><\/p>\n<p><strong>Yes Camper 696<\/strong><\/p>\n<p>Profilato da 695 cm di lunghezza, \u00e8 allestito su Ducato 35L con passo da 3800 mm ed \u00e8 dedicato principalmente alla coppia offrendole una camera da letto posteriore con letti gemelli (200&#215;83 e 204&#215;70 cm) posizionati sopra al classico garage. Centralmente sono collocati i servizi, con blocco cucina opposto alla toilette completa di doccia\/lavabo separato, mentre il living anteriore, con semidinette opposta a una poltroncina laterale con armadio, pu\u00f2 trasformarsi in un letto singolo trasversale da 190&#215;60 cm. Il prezzo consigliato, IVA esclusa, \u00e8 di 30.080 Euro (comprensivo di clima motore, piastre girevoli cabina e obl\u00f2 sun-roof panoramico sul cupolino).<\/p>\n<p><img loading=\"lazy\" class=\"aligncenter size-full wp-image-42834\" title=\"Yes-Camper-025\" src=\"https:\/\/www.camperonline.it\/magazine\/wp-content\/uploads\/2012\/11\/Yes-Camper-025.jpg\" alt=\"\" width=\"500\" height=\"332\" srcset=\"https:\/\/www.camperonline.it\/magazine\/wp-content\/uploads\/2012\/11\/Yes-Camper-025.jpg 500w, https:\/\/www.camperonline.it\/magazine\/wp-content\/uploads\/2012\/11\/Yes-Camper-025-300x199.jpg 300w\" sizes=\"(max-width: 500px) 100vw, 500px\" \/><\/p>\n<p><img loading=\"lazy\" class=\"aligncenter size-full wp-image-42835\" title=\"Yes-Camper-029\" src=\"https:\/\/www.camperonline.it\/magazine\/wp-content\/uploads\/2012\/11\/Yes-Camper-029.jpg\" alt=\"\" width=\"500\" height=\"332\" srcset=\"https:\/\/www.camperonline.it\/magazine\/wp-content\/uploads\/2012\/11\/Yes-Camper-029.jpg 500w, https:\/\/www.camperonline.it\/magazine\/wp-content\/uploads\/2012\/11\/Yes-Camper-029-300x199.jpg 300w\" sizes=\"(max-width: 500px) 100vw, 500px\" \/><\/p>\n<p><img loading=\"lazy\" class=\"aligncenter size-full wp-image-42836\" title=\"Yes-Camper-030\" src=\"https:\/\/www.camperonline.it\/magazine\/wp-content\/uploads\/2012\/11\/Yes-Camper-030.jpg\" alt=\"\" width=\"500\" height=\"332\" srcset=\"https:\/\/www.camperonline.it\/magazine\/wp-content\/uploads\/2012\/11\/Yes-Camper-030.jpg 500w, https:\/\/www.camperonline.it\/magazine\/wp-content\/uploads\/2012\/11\/Yes-Camper-030-300x199.jpg 300w\" sizes=\"(max-width: 500px) 100vw, 500px\" \/><\/p>\n<p><img loading=\"lazy\" class=\"aligncenter size-full wp-image-42837\" title=\"Yes-Camper-032\" src=\"https:\/\/www.camperonline.it\/magazine\/wp-content\/uploads\/2012\/11\/Yes-Camper-032.jpg\" alt=\"\" width=\"500\" height=\"332\" srcset=\"https:\/\/www.camperonline.it\/magazine\/wp-content\/uploads\/2012\/11\/Yes-Camper-032.jpg 500w, https:\/\/www.camperonline.it\/magazine\/wp-content\/uploads\/2012\/11\/Yes-Camper-032-300x199.jpg 300w\" sizes=\"(max-width: 500px) 100vw, 500px\" \/><\/p>\n<p><img loading=\"lazy\" class=\"aligncenter size-full wp-image-42838\" title=\"Yes-Camper-034\" src=\"https:\/\/www.camperonline.it\/magazine\/wp-content\/uploads\/2012\/11\/Yes-Camper-034.jpg\" alt=\"\" width=\"500\" height=\"332\" srcset=\"https:\/\/www.camperonline.it\/magazine\/wp-content\/uploads\/2012\/11\/Yes-Camper-034.jpg 500w, https:\/\/www.camperonline.it\/magazine\/wp-content\/uploads\/2012\/11\/Yes-Camper-034-300x199.jpg 300w\" sizes=\"(max-width: 500px) 100vw, 500px\" \/><\/p>\n<p><img loading=\"lazy\" class=\"aligncenter size-full wp-image-42839\" title=\"Yes-Camper-036\" src=\"https:\/\/www.camperonline.it\/magazine\/wp-content\/uploads\/2012\/11\/Yes-Camper-036.jpg\" alt=\"\" width=\"500\" height=\"332\" srcset=\"https:\/\/www.camperonline.it\/magazine\/wp-content\/uploads\/2012\/11\/Yes-Camper-036.jpg 500w, https:\/\/www.camperonline.it\/magazine\/wp-content\/uploads\/2012\/11\/Yes-Camper-036-300x199.jpg 300w\" sizes=\"(max-width: 500px) 100vw, 500px\" \/><\/p>\n<p><img loading=\"lazy\" class=\"aligncenter size-full wp-image-42840\" title=\"Yes-Camper-040\" src=\"https:\/\/www.camperonline.it\/magazine\/wp-content\/uploads\/2012\/11\/Yes-Camper-040.jpg\" alt=\"\" width=\"500\" height=\"332\" srcset=\"https:\/\/www.camperonline.it\/magazine\/wp-content\/uploads\/2012\/11\/Yes-Camper-040.jpg 500w, https:\/\/www.camperonline.it\/magazine\/wp-content\/uploads\/2012\/11\/Yes-Camper-040-300x199.jpg 300w\" sizes=\"(max-width: 500px) 100vw, 500px\" \/><\/p>\n<p><img loading=\"lazy\" class=\"aligncenter size-full wp-image-42841\" title=\"Yes-Camper-041\" src=\"https:\/\/www.camperonline.it\/magazine\/wp-content\/uploads\/2012\/11\/Yes-Camper-041.jpg\" alt=\"\" width=\"500\" height=\"332\" srcset=\"https:\/\/www.camperonline.it\/magazine\/wp-content\/uploads\/2012\/11\/Yes-Camper-041.jpg 500w, https:\/\/www.camperonline.it\/magazine\/wp-content\/uploads\/2012\/11\/Yes-Camper-041-300x199.jpg 300w\" sizes=\"(max-width: 500px) 100vw, 500px\" \/><\/p>\n<p><img loading=\"lazy\" class=\"aligncenter size-full wp-image-42842\" title=\"Yes-Camper-037\" src=\"https:\/\/www.camperonline.it\/magazine\/wp-content\/uploads\/2012\/11\/Yes-Camper-037.jpg\" alt=\"\" width=\"500\" height=\"332\" srcset=\"https:\/\/www.camperonline.it\/magazine\/wp-content\/uploads\/2012\/11\/Yes-Camper-037.jpg 500w, https:\/\/www.camperonline.it\/magazine\/wp-content\/uploads\/2012\/11\/Yes-Camper-037-300x199.jpg 300w\" sizes=\"(max-width: 500px) 100vw, 500px\" \/><\/p>\n<p><img loading=\"lazy\" class=\"aligncenter size-full wp-image-42843\" title=\"Yes-Camper-038\" src=\"https:\/\/www.camperonline.it\/magazine\/wp-content\/uploads\/2012\/11\/Yes-Camper-038.jpg\" alt=\"\" width=\"500\" height=\"332\" srcset=\"https:\/\/www.camperonline.it\/magazine\/wp-content\/uploads\/2012\/11\/Yes-Camper-038.jpg 500w, https:\/\/www.camperonline.it\/magazine\/wp-content\/uploads\/2012\/11\/Yes-Camper-038-300x199.jpg 300w\" sizes=\"(max-width: 500px) 100vw, 500px\" \/><\/p>\n<p><img loading=\"lazy\" class=\"aligncenter size-full wp-image-42844\" title=\"Yes-Camper-039\" src=\"https:\/\/www.camperonline.it\/magazine\/wp-content\/uploads\/2012\/11\/Yes-Camper-039.jpg\" alt=\"\" width=\"500\" height=\"332\" srcset=\"https:\/\/www.camperonline.it\/magazine\/wp-content\/uploads\/2012\/11\/Yes-Camper-039.jpg 500w, https:\/\/www.camperonline.it\/magazine\/wp-content\/uploads\/2012\/11\/Yes-Camper-039-300x199.jpg 300w\" sizes=\"(max-width: 500px) 100vw, 500px\" \/><\/p>\n<p><span style=\"text-decoration: underline;\"><strong>Profilati con basculante<\/strong><\/span><\/p>\n<p><strong>Yes Camper 595<\/strong><\/p>\n<p>E&#8217; la declinazione, in versione profilata, del mansardato 591. Lungo 590 cm e allestito su Ducato 33L CCS passo 3000 mm, offre un maxi living anteriore con dinette classica ampliabile affiancata da un divano da 197&#215;65 cm. I servizi e l&#8217;ingresso sono collocati in coda, mentre la parte anteriore del veicolo ospita un letto matrimoniale basculante a movimentazione elettrica da 200&#215;135 cm. Il prezzo consigliato, IVA esclusa, \u00e8 di 28.030 Euro (comprensivo di clima motore e obl\u00f2 sun-roof panoramico sul cupolino).<\/p>\n<p><img loading=\"lazy\" class=\"aligncenter size-full wp-image-42846\" title=\"Yes-Camper-141\" src=\"https:\/\/www.camperonline.it\/magazine\/wp-content\/uploads\/2012\/11\/Yes-Camper-141.jpg\" alt=\"\" width=\"500\" height=\"332\" srcset=\"https:\/\/www.camperonline.it\/magazine\/wp-content\/uploads\/2012\/11\/Yes-Camper-141.jpg 500w, https:\/\/www.camperonline.it\/magazine\/wp-content\/uploads\/2012\/11\/Yes-Camper-141-300x199.jpg 300w\" sizes=\"(max-width: 500px) 100vw, 500px\" \/><\/p>\n<p><img loading=\"lazy\" class=\"aligncenter size-full wp-image-42847\" title=\"Yes-Camper-140\" src=\"https:\/\/www.camperonline.it\/magazine\/wp-content\/uploads\/2012\/11\/Yes-Camper-140.jpg\" alt=\"\" width=\"500\" height=\"332\" srcset=\"https:\/\/www.camperonline.it\/magazine\/wp-content\/uploads\/2012\/11\/Yes-Camper-140.jpg 500w, https:\/\/www.camperonline.it\/magazine\/wp-content\/uploads\/2012\/11\/Yes-Camper-140-300x199.jpg 300w\" sizes=\"(max-width: 500px) 100vw, 500px\" \/><\/p>\n<p><img loading=\"lazy\" class=\"aligncenter size-full wp-image-42848\" title=\"Yes-Camper-142\" src=\"https:\/\/www.camperonline.it\/magazine\/wp-content\/uploads\/2012\/11\/Yes-Camper-142.jpg\" alt=\"\" width=\"500\" height=\"332\" srcset=\"https:\/\/www.camperonline.it\/magazine\/wp-content\/uploads\/2012\/11\/Yes-Camper-142.jpg 500w, https:\/\/www.camperonline.it\/magazine\/wp-content\/uploads\/2012\/11\/Yes-Camper-142-300x199.jpg 300w\" sizes=\"(max-width: 500px) 100vw, 500px\" \/><\/p>\n<p><img loading=\"lazy\" class=\"aligncenter size-full wp-image-42849\" title=\"Yes-Camper-143\" src=\"https:\/\/www.camperonline.it\/magazine\/wp-content\/uploads\/2012\/11\/Yes-Camper-143.jpg\" alt=\"\" width=\"500\" height=\"332\" srcset=\"https:\/\/www.camperonline.it\/magazine\/wp-content\/uploads\/2012\/11\/Yes-Camper-143.jpg 500w, https:\/\/www.camperonline.it\/magazine\/wp-content\/uploads\/2012\/11\/Yes-Camper-143-300x199.jpg 300w\" sizes=\"(max-width: 500px) 100vw, 500px\" \/><\/p>\n<p><img loading=\"lazy\" class=\"aligncenter size-full wp-image-42850\" title=\"Yes-Camper-144\" src=\"https:\/\/www.camperonline.it\/magazine\/wp-content\/uploads\/2012\/11\/Yes-Camper-144.jpg\" alt=\"\" width=\"500\" height=\"332\" srcset=\"https:\/\/www.camperonline.it\/magazine\/wp-content\/uploads\/2012\/11\/Yes-Camper-144.jpg 500w, https:\/\/www.camperonline.it\/magazine\/wp-content\/uploads\/2012\/11\/Yes-Camper-144-300x199.jpg 300w\" sizes=\"(max-width: 500px) 100vw, 500px\" \/><\/p>\n<p><img loading=\"lazy\" class=\"aligncenter size-full wp-image-42851\" title=\"Yes-Camper-145\" src=\"https:\/\/www.camperonline.it\/magazine\/wp-content\/uploads\/2012\/11\/Yes-Camper-145.jpg\" alt=\"\" width=\"500\" height=\"332\" srcset=\"https:\/\/www.camperonline.it\/magazine\/wp-content\/uploads\/2012\/11\/Yes-Camper-145.jpg 500w, https:\/\/www.camperonline.it\/magazine\/wp-content\/uploads\/2012\/11\/Yes-Camper-145-300x199.jpg 300w\" sizes=\"(max-width: 500px) 100vw, 500px\" \/><\/p>\n<p><img loading=\"lazy\" class=\"aligncenter size-full wp-image-42852\" title=\"Yes-Camper-147\" src=\"https:\/\/www.camperonline.it\/magazine\/wp-content\/uploads\/2012\/11\/Yes-Camper-147.jpg\" alt=\"\" width=\"500\" height=\"753\" srcset=\"https:\/\/www.camperonline.it\/magazine\/wp-content\/uploads\/2012\/11\/Yes-Camper-147.jpg 500w, https:\/\/www.camperonline.it\/magazine\/wp-content\/uploads\/2012\/11\/Yes-Camper-147-199x300.jpg 199w\" sizes=\"(max-width: 500px) 100vw, 500px\" \/><\/p>\n<p><img loading=\"lazy\" class=\"aligncenter size-full wp-image-42853\" title=\"Yes-Camper-148\" src=\"https:\/\/www.camperonline.it\/magazine\/wp-content\/uploads\/2012\/11\/Yes-Camper-148.jpg\" alt=\"\" width=\"500\" height=\"753\" srcset=\"https:\/\/www.camperonline.it\/magazine\/wp-content\/uploads\/2012\/11\/Yes-Camper-148.jpg 500w, https:\/\/www.camperonline.it\/magazine\/wp-content\/uploads\/2012\/11\/Yes-Camper-148-199x300.jpg 199w\" sizes=\"(max-width: 500px) 100vw, 500px\" \/><\/p>\n<p><img loading=\"lazy\" class=\"aligncenter size-full wp-image-42854\" title=\"Yes-Camper-149\" src=\"https:\/\/www.camperonline.it\/magazine\/wp-content\/uploads\/2012\/11\/Yes-Camper-149.jpg\" alt=\"\" width=\"500\" height=\"332\" srcset=\"https:\/\/www.camperonline.it\/magazine\/wp-content\/uploads\/2012\/11\/Yes-Camper-149.jpg 500w, https:\/\/www.camperonline.it\/magazine\/wp-content\/uploads\/2012\/11\/Yes-Camper-149-300x199.jpg 300w\" sizes=\"(max-width: 500px) 100vw, 500px\" \/><\/p>\n<p><img loading=\"lazy\" class=\"aligncenter size-full wp-image-42855\" title=\"Yes-Camper-150\" src=\"https:\/\/www.camperonline.it\/magazine\/wp-content\/uploads\/2012\/11\/Yes-Camper-150.jpg\" alt=\"\" width=\"500\" height=\"332\" srcset=\"https:\/\/www.camperonline.it\/magazine\/wp-content\/uploads\/2012\/11\/Yes-Camper-150.jpg 500w, https:\/\/www.camperonline.it\/magazine\/wp-content\/uploads\/2012\/11\/Yes-Camper-150-300x199.jpg 300w\" sizes=\"(max-width: 500px) 100vw, 500px\" \/><\/p>\n<p><strong>Yes Camper 694<\/strong><\/p>\n<p>Profilato con basculante da 695 cm di lunghezza, \u00e8 allestito su Ducato 35 L con passo da 3800 mm e telaio CCS ribassato. Pensato per un equipaggio di quattro persone, offre un living anteriore con semidinette opposta a un divanetto laterale, ingresso centrale, blocco cucina lineare e armadio guardaroba opposti alla toilette, comprensiva di doccia e locale lavabo separati, mentre in coda trova posto il classico letto matrimoniale da 220&#215;147 cm su maxi garage servito da due portelli laterali, accesso interno, riscaldamento e illuminazione. Non manca, nella parte anteriore, un letto matrimoniale basculante a movimentazione elettrica da 200&#215;118 cm. Il prezzo consigliato, IVA esclusa, \u00e8 di 30.580 Euro (comprensivo di clima motore, piastre girevoli cabina e obl\u00f2 sun-roof panoramico sul cupolino).<\/p>\n<p><img loading=\"lazy\" class=\"aligncenter size-full wp-image-42857\" title=\"Yes-Camper-045\" src=\"https:\/\/www.camperonline.it\/magazine\/wp-content\/uploads\/2012\/11\/Yes-Camper-045.jpg\" alt=\"\" width=\"500\" height=\"332\" srcset=\"https:\/\/www.camperonline.it\/magazine\/wp-content\/uploads\/2012\/11\/Yes-Camper-045.jpg 500w, https:\/\/www.camperonline.it\/magazine\/wp-content\/uploads\/2012\/11\/Yes-Camper-045-300x199.jpg 300w\" sizes=\"(max-width: 500px) 100vw, 500px\" \/><\/p>\n<p><img loading=\"lazy\" class=\"aligncenter size-full wp-image-42858\" title=\"Yes-Camper-050\" src=\"https:\/\/www.camperonline.it\/magazine\/wp-content\/uploads\/2012\/11\/Yes-Camper-050.jpg\" alt=\"\" width=\"500\" height=\"332\" srcset=\"https:\/\/www.camperonline.it\/magazine\/wp-content\/uploads\/2012\/11\/Yes-Camper-050.jpg 500w, https:\/\/www.camperonline.it\/magazine\/wp-content\/uploads\/2012\/11\/Yes-Camper-050-300x199.jpg 300w\" sizes=\"(max-width: 500px) 100vw, 500px\" \/><\/p>\n<p><img loading=\"lazy\" class=\"aligncenter size-full wp-image-42859\" title=\"Yes-Camper-047\" src=\"https:\/\/www.camperonline.it\/magazine\/wp-content\/uploads\/2012\/11\/Yes-Camper-047.jpg\" alt=\"\" width=\"500\" height=\"332\" srcset=\"https:\/\/www.camperonline.it\/magazine\/wp-content\/uploads\/2012\/11\/Yes-Camper-047.jpg 500w, https:\/\/www.camperonline.it\/magazine\/wp-content\/uploads\/2012\/11\/Yes-Camper-047-300x199.jpg 300w\" sizes=\"(max-width: 500px) 100vw, 500px\" \/><\/p>\n<p><img loading=\"lazy\" class=\"aligncenter size-full wp-image-42860\" title=\"Yes-Camper-048\" src=\"https:\/\/www.camperonline.it\/magazine\/wp-content\/uploads\/2012\/11\/Yes-Camper-048.jpg\" alt=\"\" width=\"500\" height=\"332\" srcset=\"https:\/\/www.camperonline.it\/magazine\/wp-content\/uploads\/2012\/11\/Yes-Camper-048.jpg 500w, https:\/\/www.camperonline.it\/magazine\/wp-content\/uploads\/2012\/11\/Yes-Camper-048-300x199.jpg 300w\" sizes=\"(max-width: 500px) 100vw, 500px\" \/><\/p>\n<p><img loading=\"lazy\" class=\"aligncenter size-full wp-image-42861\" title=\"Yes-Camper-053\" src=\"https:\/\/www.camperonline.it\/magazine\/wp-content\/uploads\/2012\/11\/Yes-Camper-053.jpg\" alt=\"\" width=\"500\" height=\"332\" srcset=\"https:\/\/www.camperonline.it\/magazine\/wp-content\/uploads\/2012\/11\/Yes-Camper-053.jpg 500w, https:\/\/www.camperonline.it\/magazine\/wp-content\/uploads\/2012\/11\/Yes-Camper-053-300x199.jpg 300w\" sizes=\"(max-width: 500px) 100vw, 500px\" \/><\/p>\n<p><img loading=\"lazy\" class=\"aligncenter size-full wp-image-42862\" title=\"Yes-Camper-054\" src=\"https:\/\/www.camperonline.it\/magazine\/wp-content\/uploads\/2012\/11\/Yes-Camper-054.jpg\" alt=\"\" width=\"500\" height=\"332\" srcset=\"https:\/\/www.camperonline.it\/magazine\/wp-content\/uploads\/2012\/11\/Yes-Camper-054.jpg 500w, https:\/\/www.camperonline.it\/magazine\/wp-content\/uploads\/2012\/11\/Yes-Camper-054-300x199.jpg 300w\" sizes=\"(max-width: 500px) 100vw, 500px\" \/><\/p>\n<p><img loading=\"lazy\" class=\"aligncenter size-full wp-image-42863\" title=\"Yes-Camper-055\" src=\"https:\/\/www.camperonline.it\/magazine\/wp-content\/uploads\/2012\/11\/Yes-Camper-055.jpg\" alt=\"\" width=\"500\" height=\"332\" srcset=\"https:\/\/www.camperonline.it\/magazine\/wp-content\/uploads\/2012\/11\/Yes-Camper-055.jpg 500w, https:\/\/www.camperonline.it\/magazine\/wp-content\/uploads\/2012\/11\/Yes-Camper-055-300x199.jpg 300w\" sizes=\"(max-width: 500px) 100vw, 500px\" \/><\/p>\n<p><img loading=\"lazy\" class=\"aligncenter size-full wp-image-42864\" title=\"Yes-Camper-056\" src=\"https:\/\/www.camperonline.it\/magazine\/wp-content\/uploads\/2012\/11\/Yes-Camper-056.jpg\" alt=\"\" width=\"500\" height=\"332\" srcset=\"https:\/\/www.camperonline.it\/magazine\/wp-content\/uploads\/2012\/11\/Yes-Camper-056.jpg 500w, https:\/\/www.camperonline.it\/magazine\/wp-content\/uploads\/2012\/11\/Yes-Camper-056-300x199.jpg 300w\" sizes=\"(max-width: 500px) 100vw, 500px\" \/><\/p>\n<p><img loading=\"lazy\" class=\"aligncenter size-full wp-image-42865\" title=\"Yes-Camper-057\" src=\"https:\/\/www.camperonline.it\/magazine\/wp-content\/uploads\/2012\/11\/Yes-Camper-057.jpg\" alt=\"\" width=\"500\" height=\"332\" srcset=\"https:\/\/www.camperonline.it\/magazine\/wp-content\/uploads\/2012\/11\/Yes-Camper-057.jpg 500w, https:\/\/www.camperonline.it\/magazine\/wp-content\/uploads\/2012\/11\/Yes-Camper-057-300x199.jpg 300w\" sizes=\"(max-width: 500px) 100vw, 500px\" \/><\/p>\n<p><img loading=\"lazy\" class=\"aligncenter size-full wp-image-42866\" title=\"Yes-Camper-059\" src=\"https:\/\/www.camperonline.it\/magazine\/wp-content\/uploads\/2012\/11\/Yes-Camper-059.jpg\" alt=\"\" width=\"500\" height=\"332\" srcset=\"https:\/\/www.camperonline.it\/magazine\/wp-content\/uploads\/2012\/11\/Yes-Camper-059.jpg 500w, https:\/\/www.camperonline.it\/magazine\/wp-content\/uploads\/2012\/11\/Yes-Camper-059-300x199.jpg 300w\" sizes=\"(max-width: 500px) 100vw, 500px\" \/><\/p>\n<p><img loading=\"lazy\" class=\"aligncenter size-full wp-image-42867\" title=\"Yes-Camper-060\" src=\"https:\/\/www.camperonline.it\/magazine\/wp-content\/uploads\/2012\/11\/Yes-Camper-060.jpg\" alt=\"\" width=\"500\" height=\"753\" srcset=\"https:\/\/www.camperonline.it\/magazine\/wp-content\/uploads\/2012\/11\/Yes-Camper-060.jpg 500w, https:\/\/www.camperonline.it\/magazine\/wp-content\/uploads\/2012\/11\/Yes-Camper-060-199x300.jpg 199w\" sizes=\"(max-width: 500px) 100vw, 500px\" \/><\/p>\n<p><img loading=\"lazy\" class=\"aligncenter size-full wp-image-42868\" title=\"Yes-Camper-063\" src=\"https:\/\/www.camperonline.it\/magazine\/wp-content\/uploads\/2012\/11\/Yes-Camper-063.jpg\" alt=\"\" width=\"500\" height=\"332\" srcset=\"https:\/\/www.camperonline.it\/magazine\/wp-content\/uploads\/2012\/11\/Yes-Camper-063.jpg 500w, https:\/\/www.camperonline.it\/magazine\/wp-content\/uploads\/2012\/11\/Yes-Camper-063-300x199.jpg 300w\" sizes=\"(max-width: 500px) 100vw, 500px\" \/><\/p>\n<p><img loading=\"lazy\" class=\"aligncenter size-full wp-image-42869\" title=\"Yes-Camper-061\" src=\"https:\/\/www.camperonline.it\/magazine\/wp-content\/uploads\/2012\/11\/Yes-Camper-061.jpg\" alt=\"\" width=\"500\" height=\"332\" srcset=\"https:\/\/www.camperonline.it\/magazine\/wp-content\/uploads\/2012\/11\/Yes-Camper-061.jpg 500w, https:\/\/www.camperonline.it\/magazine\/wp-content\/uploads\/2012\/11\/Yes-Camper-061-300x199.jpg 300w\" sizes=\"(max-width: 500px) 100vw, 500px\" \/><\/p>\n<p><img loading=\"lazy\" class=\"aligncenter size-full wp-image-42870\" title=\"Yes-Camper-065\" src=\"https:\/\/www.camperonline.it\/magazine\/wp-content\/uploads\/2012\/11\/Yes-Camper-065.jpg\" alt=\"\" width=\"500\" height=\"332\" srcset=\"https:\/\/www.camperonline.it\/magazine\/wp-content\/uploads\/2012\/11\/Yes-Camper-065.jpg 500w, https:\/\/www.camperonline.it\/magazine\/wp-content\/uploads\/2012\/11\/Yes-Camper-065-300x199.jpg 300w\" sizes=\"(max-width: 500px) 100vw, 500px\" \/><\/p>\n<p><img loading=\"lazy\" class=\"aligncenter size-full wp-image-42871\" title=\"Yes-Camper-066\" src=\"https:\/\/www.camperonline.it\/magazine\/wp-content\/uploads\/2012\/11\/Yes-Camper-066.jpg\" alt=\"\" width=\"500\" height=\"332\" srcset=\"https:\/\/www.camperonline.it\/magazine\/wp-content\/uploads\/2012\/11\/Yes-Camper-066.jpg 500w, https:\/\/www.camperonline.it\/magazine\/wp-content\/uploads\/2012\/11\/Yes-Camper-066-300x199.jpg 300w\" sizes=\"(max-width: 500px) 100vw, 500px\" \/><br \/>\n<strong>Fotogallery<\/strong><\/p>\n<p><strong><!-- default-view.php -->\n<div\n\tclass=\"ngg-galleryoverview default-view  ngg-ajax-pagination-none\"\n\tid=\"ngg-gallery-c895f3dbca93f25875925724a986d171-1\">\n\n\t\t<!-- Thumbnails -->\n\t\t\t\t<div id=\"ngg-image-0\" class=\"ngg-gallery-thumbnail-box \" >\n\t\t\t\t        <div class=\"ngg-gallery-thumbnail\">\n            <a href=\"https:\/\/www.camperonline.it\/magazine\/wp-content\/gallery\/yes-camper\/Yes-Camper-095.jpg\"\n               title=\"\"\n               data-src=\"https:\/\/www.camperonline.it\/magazine\/wp-content\/gallery\/yes-camper\/Yes-Camper-095.jpg\"\n               data-thumbnail=\"https:\/\/www.camperonline.it\/magazine\/wp-content\/gallery\/yes-camper\/thumbs\/thumbs_Yes-Camper-095.jpg\"\n               data-image-id=\"30936\"\n               data-title=\"Yes-Camper-095\"\n               data-description=\"\"\n               data-image-slug=\"yes-camper-095\"\n               class=\"ngg-fancybox\" rel=\"c895f3dbca93f25875925724a986d171\">\n                <img\n                    title=\"Yes-Camper-095\"\n                    alt=\"Yes-Camper-095\"\n                    src=\"https:\/\/www.camperonline.it\/magazine\/wp-content\/gallery\/yes-camper\/thumbs\/thumbs_Yes-Camper-095.jpg\"\n                    width=\"100\"\n                    height=\"75\"\n                    style=\"max-width:100%;\"\n                \/>\n            <\/a>\n        <\/div>\n\t\t\t\t\t\t\t<\/div> \n\t\t\t\n\t\t\t\t<div id=\"ngg-image-1\" class=\"ngg-gallery-thumbnail-box \" >\n\t\t\t\t        <div class=\"ngg-gallery-thumbnail\">\n            <a href=\"https:\/\/www.camperonline.it\/magazine\/wp-content\/gallery\/yes-camper\/Yes-Camper-113.jpg\"\n               title=\"\"\n               data-src=\"https:\/\/www.camperonline.it\/magazine\/wp-content\/gallery\/yes-camper\/Yes-Camper-113.jpg\"\n               data-thumbnail=\"https:\/\/www.camperonline.it\/magazine\/wp-content\/gallery\/yes-camper\/thumbs\/thumbs_Yes-Camper-113.jpg\"\n               data-image-id=\"30954\"\n               data-title=\"Yes-Camper-113\"\n               data-description=\"\"\n               data-image-slug=\"yes-camper-113\"\n               class=\"ngg-fancybox\" rel=\"c895f3dbca93f25875925724a986d171\">\n                <img\n                    title=\"Yes-Camper-113\"\n                    alt=\"Yes-Camper-113\"\n                    src=\"https:\/\/www.camperonline.it\/magazine\/wp-content\/gallery\/yes-camper\/thumbs\/thumbs_Yes-Camper-113.jpg\"\n                    width=\"100\"\n                    height=\"75\"\n                    style=\"max-width:100%;\"\n                \/>\n            <\/a>\n        <\/div>\n\t\t\t\t\t\t\t<\/div> \n\t\t\t\n\t\t\t\t<div id=\"ngg-image-2\" class=\"ngg-gallery-thumbnail-box \" >\n\t\t\t\t        <div class=\"ngg-gallery-thumbnail\">\n            <a href=\"https:\/\/www.camperonline.it\/magazine\/wp-content\/gallery\/yes-camper\/Yes-Camper-112.jpg\"\n               title=\"\"\n               data-src=\"https:\/\/www.camperonline.it\/magazine\/wp-content\/gallery\/yes-camper\/Yes-Camper-112.jpg\"\n               data-thumbnail=\"https:\/\/www.camperonline.it\/magazine\/wp-content\/gallery\/yes-camper\/thumbs\/thumbs_Yes-Camper-112.jpg\"\n               data-image-id=\"30953\"\n               data-title=\"Yes-Camper-112\"\n               data-description=\"\"\n               data-image-slug=\"yes-camper-112\"\n               class=\"ngg-fancybox\" rel=\"c895f3dbca93f25875925724a986d171\">\n                <img\n                    title=\"Yes-Camper-112\"\n                    alt=\"Yes-Camper-112\"\n                    src=\"https:\/\/www.camperonline.it\/magazine\/wp-content\/gallery\/yes-camper\/thumbs\/thumbs_Yes-Camper-112.jpg\"\n                    width=\"100\"\n                    height=\"75\"\n                    style=\"max-width:100%;\"\n                \/>\n            <\/a>\n        <\/div>\n\t\t\t\t\t\t\t<\/div> \n\t\t\t\n\t\t\t\t<div id=\"ngg-image-3\" class=\"ngg-gallery-thumbnail-box \" >\n\t\t\t\t        <div class=\"ngg-gallery-thumbnail\">\n            <a href=\"https:\/\/www.camperonline.it\/magazine\/wp-content\/gallery\/yes-camper\/Yes-Camper-111.jpg\"\n               title=\"\"\n               data-src=\"https:\/\/www.camperonline.it\/magazine\/wp-content\/gallery\/yes-camper\/Yes-Camper-111.jpg\"\n               data-thumbnail=\"https:\/\/www.camperonline.it\/magazine\/wp-content\/gallery\/yes-camper\/thumbs\/thumbs_Yes-Camper-111.jpg\"\n               data-image-id=\"30952\"\n               data-title=\"Yes-Camper-111\"\n               data-description=\"\"\n               data-image-slug=\"yes-camper-111\"\n               class=\"ngg-fancybox\" rel=\"c895f3dbca93f25875925724a986d171\">\n                <img\n                    title=\"Yes-Camper-111\"\n                    alt=\"Yes-Camper-111\"\n                    src=\"https:\/\/www.camperonline.it\/magazine\/wp-content\/gallery\/yes-camper\/thumbs\/thumbs_Yes-Camper-111.jpg\"\n                    width=\"100\"\n                    height=\"75\"\n                    style=\"max-width:100%;\"\n                \/>\n            <\/a>\n        <\/div>\n\t\t\t\t\t\t\t<\/div> \n\t\t\t\n\t\t\t\t<div id=\"ngg-image-4\" class=\"ngg-gallery-thumbnail-box \" >\n\t\t\t\t        <div class=\"ngg-gallery-thumbnail\">\n            <a href=\"https:\/\/www.camperonline.it\/magazine\/wp-content\/gallery\/yes-camper\/Yes-Camper-110.jpg\"\n               title=\"\"\n               data-src=\"https:\/\/www.camperonline.it\/magazine\/wp-content\/gallery\/yes-camper\/Yes-Camper-110.jpg\"\n               data-thumbnail=\"https:\/\/www.camperonline.it\/magazine\/wp-content\/gallery\/yes-camper\/thumbs\/thumbs_Yes-Camper-110.jpg\"\n               data-image-id=\"30951\"\n               data-title=\"Yes-Camper-110\"\n               data-description=\"\"\n               data-image-slug=\"yes-camper-110\"\n               class=\"ngg-fancybox\" rel=\"c895f3dbca93f25875925724a986d171\">\n                <img\n                    title=\"Yes-Camper-110\"\n                    alt=\"Yes-Camper-110\"\n                    src=\"https:\/\/www.camperonline.it\/magazine\/wp-content\/gallery\/yes-camper\/thumbs\/thumbs_Yes-Camper-110.jpg\"\n                    width=\"100\"\n                    height=\"75\"\n                    style=\"max-width:100%;\"\n                \/>\n            <\/a>\n        <\/div>\n\t\t\t\t\t\t\t<\/div> \n\t\t\t\n\t\t\t\t<div id=\"ngg-image-5\" class=\"ngg-gallery-thumbnail-box \" >\n\t\t\t\t        <div class=\"ngg-gallery-thumbnail\">\n            <a href=\"https:\/\/www.camperonline.it\/magazine\/wp-content\/gallery\/yes-camper\/Yes-Camper-109.jpg\"\n               title=\"\"\n               data-src=\"https:\/\/www.camperonline.it\/magazine\/wp-content\/gallery\/yes-camper\/Yes-Camper-109.jpg\"\n               data-thumbnail=\"https:\/\/www.camperonline.it\/magazine\/wp-content\/gallery\/yes-camper\/thumbs\/thumbs_Yes-Camper-109.jpg\"\n               data-image-id=\"30950\"\n               data-title=\"Yes-Camper-109\"\n               data-description=\"\"\n               data-image-slug=\"yes-camper-109\"\n               class=\"ngg-fancybox\" rel=\"c895f3dbca93f25875925724a986d171\">\n                <img\n                    title=\"Yes-Camper-109\"\n                    alt=\"Yes-Camper-109\"\n                    src=\"https:\/\/www.camperonline.it\/magazine\/wp-content\/gallery\/yes-camper\/thumbs\/thumbs_Yes-Camper-109.jpg\"\n                    width=\"100\"\n                    height=\"75\"\n                    style=\"max-width:100%;\"\n                \/>\n            <\/a>\n        <\/div>\n\t\t\t\t\t\t\t<\/div> \n\t\t\t\n\t\t\t\t<div id=\"ngg-image-6\" class=\"ngg-gallery-thumbnail-box \" >\n\t\t\t\t        <div class=\"ngg-gallery-thumbnail\">\n            <a href=\"https:\/\/www.camperonline.it\/magazine\/wp-content\/gallery\/yes-camper\/Yes-Camper-108.jpg\"\n               title=\"\"\n               data-src=\"https:\/\/www.camperonline.it\/magazine\/wp-content\/gallery\/yes-camper\/Yes-Camper-108.jpg\"\n               data-thumbnail=\"https:\/\/www.camperonline.it\/magazine\/wp-content\/gallery\/yes-camper\/thumbs\/thumbs_Yes-Camper-108.jpg\"\n               data-image-id=\"30949\"\n               data-title=\"Yes-Camper-108\"\n               data-description=\"\"\n               data-image-slug=\"yes-camper-108\"\n               class=\"ngg-fancybox\" rel=\"c895f3dbca93f25875925724a986d171\">\n                <img\n                    title=\"Yes-Camper-108\"\n                    alt=\"Yes-Camper-108\"\n                    src=\"https:\/\/www.camperonline.it\/magazine\/wp-content\/gallery\/yes-camper\/thumbs\/thumbs_Yes-Camper-108.jpg\"\n                    width=\"100\"\n                    height=\"75\"\n                    style=\"max-width:100%;\"\n                \/>\n            <\/a>\n        <\/div>\n\t\t\t\t\t\t\t<\/div> \n\t\t\t\n\t\t\t\t<div id=\"ngg-image-7\" class=\"ngg-gallery-thumbnail-box \" >\n\t\t\t\t        <div class=\"ngg-gallery-thumbnail\">\n            <a href=\"https:\/\/www.camperonline.it\/magazine\/wp-content\/gallery\/yes-camper\/Yes-Camper-107.jpg\"\n               title=\"\"\n               data-src=\"https:\/\/www.camperonline.it\/magazine\/wp-content\/gallery\/yes-camper\/Yes-Camper-107.jpg\"\n               data-thumbnail=\"https:\/\/www.camperonline.it\/magazine\/wp-content\/gallery\/yes-camper\/thumbs\/thumbs_Yes-Camper-107.jpg\"\n               data-image-id=\"30948\"\n               data-title=\"Yes-Camper-107\"\n               data-description=\"\"\n               data-image-slug=\"yes-camper-107\"\n               class=\"ngg-fancybox\" rel=\"c895f3dbca93f25875925724a986d171\">\n                <img\n                    title=\"Yes-Camper-107\"\n                    alt=\"Yes-Camper-107\"\n                    src=\"https:\/\/www.camperonline.it\/magazine\/wp-content\/gallery\/yes-camper\/thumbs\/thumbs_Yes-Camper-107.jpg\"\n                    width=\"100\"\n                    height=\"75\"\n                    style=\"max-width:100%;\"\n                \/>\n            <\/a>\n        <\/div>\n\t\t\t\t\t\t\t<\/div> \n\t\t\t\n\t\t\t\t<div id=\"ngg-image-8\" class=\"ngg-gallery-thumbnail-box \" >\n\t\t\t\t        <div class=\"ngg-gallery-thumbnail\">\n            <a href=\"https:\/\/www.camperonline.it\/magazine\/wp-content\/gallery\/yes-camper\/Yes-Camper-106.jpg\"\n               title=\"\"\n               data-src=\"https:\/\/www.camperonline.it\/magazine\/wp-content\/gallery\/yes-camper\/Yes-Camper-106.jpg\"\n               data-thumbnail=\"https:\/\/www.camperonline.it\/magazine\/wp-content\/gallery\/yes-camper\/thumbs\/thumbs_Yes-Camper-106.jpg\"\n               data-image-id=\"30947\"\n               data-title=\"Yes-Camper-106\"\n               data-description=\"\"\n               data-image-slug=\"yes-camper-106\"\n               class=\"ngg-fancybox\" rel=\"c895f3dbca93f25875925724a986d171\">\n                <img\n                    title=\"Yes-Camper-106\"\n                    alt=\"Yes-Camper-106\"\n                    src=\"https:\/\/www.camperonline.it\/magazine\/wp-content\/gallery\/yes-camper\/thumbs\/thumbs_Yes-Camper-106.jpg\"\n                    width=\"100\"\n                    height=\"75\"\n                    style=\"max-width:100%;\"\n                \/>\n            <\/a>\n        <\/div>\n\t\t\t\t\t\t\t<\/div> \n\t\t\t\n\t\t\t\t<div id=\"ngg-image-9\" class=\"ngg-gallery-thumbnail-box \" >\n\t\t\t\t        <div class=\"ngg-gallery-thumbnail\">\n            <a href=\"https:\/\/www.camperonline.it\/magazine\/wp-content\/gallery\/yes-camper\/Yes-Camper-105.jpg\"\n               title=\"\"\n               data-src=\"https:\/\/www.camperonline.it\/magazine\/wp-content\/gallery\/yes-camper\/Yes-Camper-105.jpg\"\n               data-thumbnail=\"https:\/\/www.camperonline.it\/magazine\/wp-content\/gallery\/yes-camper\/thumbs\/thumbs_Yes-Camper-105.jpg\"\n               data-image-id=\"30946\"\n               data-title=\"Yes-Camper-105\"\n               data-description=\"\"\n               data-image-slug=\"yes-camper-105\"\n               class=\"ngg-fancybox\" rel=\"c895f3dbca93f25875925724a986d171\">\n                <img\n                    title=\"Yes-Camper-105\"\n                    alt=\"Yes-Camper-105\"\n                    src=\"https:\/\/www.camperonline.it\/magazine\/wp-content\/gallery\/yes-camper\/thumbs\/thumbs_Yes-Camper-105.jpg\"\n                    width=\"100\"\n                    height=\"75\"\n                    style=\"max-width:100%;\"\n                \/>\n            <\/a>\n        <\/div>\n\t\t\t\t\t\t\t<\/div> \n\t\t\t\n\t\t\t\t<div id=\"ngg-image-10\" class=\"ngg-gallery-thumbnail-box \" >\n\t\t\t\t        <div class=\"ngg-gallery-thumbnail\">\n            <a href=\"https:\/\/www.camperonline.it\/magazine\/wp-content\/gallery\/yes-camper\/Yes-Camper-104.jpg\"\n               title=\"\"\n               data-src=\"https:\/\/www.camperonline.it\/magazine\/wp-content\/gallery\/yes-camper\/Yes-Camper-104.jpg\"\n               data-thumbnail=\"https:\/\/www.camperonline.it\/magazine\/wp-content\/gallery\/yes-camper\/thumbs\/thumbs_Yes-Camper-104.jpg\"\n               data-image-id=\"30945\"\n               data-title=\"Yes-Camper-104\"\n               data-description=\"\"\n               data-image-slug=\"yes-camper-104\"\n               class=\"ngg-fancybox\" rel=\"c895f3dbca93f25875925724a986d171\">\n                <img\n                    title=\"Yes-Camper-104\"\n                    alt=\"Yes-Camper-104\"\n                    src=\"https:\/\/www.camperonline.it\/magazine\/wp-content\/gallery\/yes-camper\/thumbs\/thumbs_Yes-Camper-104.jpg\"\n                    width=\"100\"\n                    height=\"75\"\n                    style=\"max-width:100%;\"\n                \/>\n            <\/a>\n        <\/div>\n\t\t\t\t\t\t\t<\/div> \n\t\t\t\n\t\t\t\t<div id=\"ngg-image-11\" class=\"ngg-gallery-thumbnail-box \" >\n\t\t\t\t        <div class=\"ngg-gallery-thumbnail\">\n            <a href=\"https:\/\/www.camperonline.it\/magazine\/wp-content\/gallery\/yes-camper\/Yes-Camper-103.jpg\"\n               title=\"\"\n               data-src=\"https:\/\/www.camperonline.it\/magazine\/wp-content\/gallery\/yes-camper\/Yes-Camper-103.jpg\"\n               data-thumbnail=\"https:\/\/www.camperonline.it\/magazine\/wp-content\/gallery\/yes-camper\/thumbs\/thumbs_Yes-Camper-103.jpg\"\n               data-image-id=\"30944\"\n               data-title=\"Yes-Camper-103\"\n               data-description=\"\"\n               data-image-slug=\"yes-camper-103\"\n               class=\"ngg-fancybox\" rel=\"c895f3dbca93f25875925724a986d171\">\n                <img\n                    title=\"Yes-Camper-103\"\n                    alt=\"Yes-Camper-103\"\n                    src=\"https:\/\/www.camperonline.it\/magazine\/wp-content\/gallery\/yes-camper\/thumbs\/thumbs_Yes-Camper-103.jpg\"\n                    width=\"100\"\n                    height=\"75\"\n                    style=\"max-width:100%;\"\n                \/>\n            <\/a>\n        <\/div>\n\t\t\t\t\t\t\t<\/div> \n\t\t\t\n\t\t\t\t<div id=\"ngg-image-12\" class=\"ngg-gallery-thumbnail-box \" >\n\t\t\t\t        <div class=\"ngg-gallery-thumbnail\">\n            <a href=\"https:\/\/www.camperonline.it\/magazine\/wp-content\/gallery\/yes-camper\/Yes-Camper-102.jpg\"\n               title=\"\"\n               data-src=\"https:\/\/www.camperonline.it\/magazine\/wp-content\/gallery\/yes-camper\/Yes-Camper-102.jpg\"\n               data-thumbnail=\"https:\/\/www.camperonline.it\/magazine\/wp-content\/gallery\/yes-camper\/thumbs\/thumbs_Yes-Camper-102.jpg\"\n               data-image-id=\"30943\"\n               data-title=\"Yes-Camper-102\"\n               data-description=\"\"\n               data-image-slug=\"yes-camper-102\"\n               class=\"ngg-fancybox\" rel=\"c895f3dbca93f25875925724a986d171\">\n                <img\n                    title=\"Yes-Camper-102\"\n                    alt=\"Yes-Camper-102\"\n                    src=\"https:\/\/www.camperonline.it\/magazine\/wp-content\/gallery\/yes-camper\/thumbs\/thumbs_Yes-Camper-102.jpg\"\n                    width=\"100\"\n                    height=\"75\"\n                    style=\"max-width:100%;\"\n                \/>\n            <\/a>\n        <\/div>\n\t\t\t\t\t\t\t<\/div> \n\t\t\t\n\t\t\t\t<div id=\"ngg-image-13\" class=\"ngg-gallery-thumbnail-box \" >\n\t\t\t\t        <div class=\"ngg-gallery-thumbnail\">\n            <a href=\"https:\/\/www.camperonline.it\/magazine\/wp-content\/gallery\/yes-camper\/Yes-Camper-101.jpg\"\n               title=\"\"\n               data-src=\"https:\/\/www.camperonline.it\/magazine\/wp-content\/gallery\/yes-camper\/Yes-Camper-101.jpg\"\n               data-thumbnail=\"https:\/\/www.camperonline.it\/magazine\/wp-content\/gallery\/yes-camper\/thumbs\/thumbs_Yes-Camper-101.jpg\"\n               data-image-id=\"30942\"\n               data-title=\"Yes-Camper-101\"\n               data-description=\"\"\n               data-image-slug=\"yes-camper-101\"\n               class=\"ngg-fancybox\" rel=\"c895f3dbca93f25875925724a986d171\">\n                <img\n                    title=\"Yes-Camper-101\"\n                    alt=\"Yes-Camper-101\"\n                    src=\"https:\/\/www.camperonline.it\/magazine\/wp-content\/gallery\/yes-camper\/thumbs\/thumbs_Yes-Camper-101.jpg\"\n                    width=\"100\"\n                    height=\"75\"\n                    style=\"max-width:100%;\"\n                \/>\n            <\/a>\n        <\/div>\n\t\t\t\t\t\t\t<\/div> \n\t\t\t\n\t\t\t\t<div id=\"ngg-image-14\" class=\"ngg-gallery-thumbnail-box \" >\n\t\t\t\t        <div class=\"ngg-gallery-thumbnail\">\n            <a href=\"https:\/\/www.camperonline.it\/magazine\/wp-content\/gallery\/yes-camper\/Yes-Camper-100.jpg\"\n               title=\"\"\n               data-src=\"https:\/\/www.camperonline.it\/magazine\/wp-content\/gallery\/yes-camper\/Yes-Camper-100.jpg\"\n               data-thumbnail=\"https:\/\/www.camperonline.it\/magazine\/wp-content\/gallery\/yes-camper\/thumbs\/thumbs_Yes-Camper-100.jpg\"\n               data-image-id=\"30941\"\n               data-title=\"Yes-Camper-100\"\n               data-description=\"\"\n               data-image-slug=\"yes-camper-100\"\n               class=\"ngg-fancybox\" rel=\"c895f3dbca93f25875925724a986d171\">\n                <img\n                    title=\"Yes-Camper-100\"\n                    alt=\"Yes-Camper-100\"\n                    src=\"https:\/\/www.camperonline.it\/magazine\/wp-content\/gallery\/yes-camper\/thumbs\/thumbs_Yes-Camper-100.jpg\"\n                    width=\"100\"\n                    height=\"75\"\n                    style=\"max-width:100%;\"\n                \/>\n            <\/a>\n        <\/div>\n\t\t\t\t\t\t\t<\/div> \n\t\t\t\n\t\t\t\t<div id=\"ngg-image-15\" class=\"ngg-gallery-thumbnail-box \" >\n\t\t\t\t        <div class=\"ngg-gallery-thumbnail\">\n            <a href=\"https:\/\/www.camperonline.it\/magazine\/wp-content\/gallery\/yes-camper\/Yes-Camper-099.jpg\"\n               title=\"\"\n               data-src=\"https:\/\/www.camperonline.it\/magazine\/wp-content\/gallery\/yes-camper\/Yes-Camper-099.jpg\"\n               data-thumbnail=\"https:\/\/www.camperonline.it\/magazine\/wp-content\/gallery\/yes-camper\/thumbs\/thumbs_Yes-Camper-099.jpg\"\n               data-image-id=\"30940\"\n               data-title=\"Yes-Camper-099\"\n               data-description=\"\"\n               data-image-slug=\"yes-camper-099\"\n               class=\"ngg-fancybox\" rel=\"c895f3dbca93f25875925724a986d171\">\n                <img\n                    title=\"Yes-Camper-099\"\n                    alt=\"Yes-Camper-099\"\n                    src=\"https:\/\/www.camperonline.it\/magazine\/wp-content\/gallery\/yes-camper\/thumbs\/thumbs_Yes-Camper-099.jpg\"\n                    width=\"100\"\n                    height=\"75\"\n                    style=\"max-width:100%;\"\n                \/>\n            <\/a>\n        <\/div>\n\t\t\t\t\t\t\t<\/div> \n\t\t\t\n\t\t\t\t<div id=\"ngg-image-16\" class=\"ngg-gallery-thumbnail-box \" >\n\t\t\t\t        <div class=\"ngg-gallery-thumbnail\">\n            <a href=\"https:\/\/www.camperonline.it\/magazine\/wp-content\/gallery\/yes-camper\/Yes-Camper-098.jpg\"\n               title=\"\"\n               data-src=\"https:\/\/www.camperonline.it\/magazine\/wp-content\/gallery\/yes-camper\/Yes-Camper-098.jpg\"\n               data-thumbnail=\"https:\/\/www.camperonline.it\/magazine\/wp-content\/gallery\/yes-camper\/thumbs\/thumbs_Yes-Camper-098.jpg\"\n               data-image-id=\"30939\"\n               data-title=\"Yes-Camper-098\"\n               data-description=\"\"\n               data-image-slug=\"yes-camper-098\"\n               class=\"ngg-fancybox\" rel=\"c895f3dbca93f25875925724a986d171\">\n                <img\n                    title=\"Yes-Camper-098\"\n                    alt=\"Yes-Camper-098\"\n                    src=\"https:\/\/www.camperonline.it\/magazine\/wp-content\/gallery\/yes-camper\/thumbs\/thumbs_Yes-Camper-098.jpg\"\n                    width=\"100\"\n                    height=\"75\"\n                    style=\"max-width:100%;\"\n                \/>\n            <\/a>\n        <\/div>\n\t\t\t\t\t\t\t<\/div> \n\t\t\t\n\t\t\t\t<div id=\"ngg-image-17\" class=\"ngg-gallery-thumbnail-box \" >\n\t\t\t\t        <div class=\"ngg-gallery-thumbnail\">\n            <a href=\"https:\/\/www.camperonline.it\/magazine\/wp-content\/gallery\/yes-camper\/Yes-Camper-097.jpg\"\n               title=\"\"\n               data-src=\"https:\/\/www.camperonline.it\/magazine\/wp-content\/gallery\/yes-camper\/Yes-Camper-097.jpg\"\n               data-thumbnail=\"https:\/\/www.camperonline.it\/magazine\/wp-content\/gallery\/yes-camper\/thumbs\/thumbs_Yes-Camper-097.jpg\"\n               data-image-id=\"30938\"\n               data-title=\"Yes-Camper-097\"\n               data-description=\"\"\n               data-image-slug=\"yes-camper-097\"\n               class=\"ngg-fancybox\" rel=\"c895f3dbca93f25875925724a986d171\">\n                <img\n                    title=\"Yes-Camper-097\"\n                    alt=\"Yes-Camper-097\"\n                    src=\"https:\/\/www.camperonline.it\/magazine\/wp-content\/gallery\/yes-camper\/thumbs\/thumbs_Yes-Camper-097.jpg\"\n                    width=\"100\"\n                    height=\"75\"\n                    style=\"max-width:100%;\"\n                \/>\n            <\/a>\n        <\/div>\n\t\t\t\t\t\t\t<\/div> \n\t\t\t\n\t\t\t\t<div id=\"ngg-image-18\" class=\"ngg-gallery-thumbnail-box \" >\n\t\t\t\t        <div class=\"ngg-gallery-thumbnail\">\n            <a href=\"https:\/\/www.camperonline.it\/magazine\/wp-content\/gallery\/yes-camper\/Yes-Camper-096.jpg\"\n               title=\"\"\n               data-src=\"https:\/\/www.camperonline.it\/magazine\/wp-content\/gallery\/yes-camper\/Yes-Camper-096.jpg\"\n               data-thumbnail=\"https:\/\/www.camperonline.it\/magazine\/wp-content\/gallery\/yes-camper\/thumbs\/thumbs_Yes-Camper-096.jpg\"\n               data-image-id=\"30937\"\n               data-title=\"Yes-Camper-096\"\n               data-description=\"\"\n               data-image-slug=\"yes-camper-096\"\n               class=\"ngg-fancybox\" rel=\"c895f3dbca93f25875925724a986d171\">\n                <img\n                    title=\"Yes-Camper-096\"\n                    alt=\"Yes-Camper-096\"\n                    src=\"https:\/\/www.camperonline.it\/magazine\/wp-content\/gallery\/yes-camper\/thumbs\/thumbs_Yes-Camper-096.jpg\"\n                    width=\"100\"\n                    height=\"75\"\n                    style=\"max-width:100%;\"\n                \/>\n            <\/a>\n        <\/div>\n\t\t\t\t\t\t\t<\/div> \n\t\t\t\n\t\t\t\t<div id=\"ngg-image-19\" class=\"ngg-gallery-thumbnail-box \" >\n\t\t\t\t        <div class=\"ngg-gallery-thumbnail\">\n            <a href=\"https:\/\/www.camperonline.it\/magazine\/wp-content\/gallery\/yes-camper\/Yes-Camper-084.jpg\"\n               title=\"\"\n               data-src=\"https:\/\/www.camperonline.it\/magazine\/wp-content\/gallery\/yes-camper\/Yes-Camper-084.jpg\"\n               data-thumbnail=\"https:\/\/www.camperonline.it\/magazine\/wp-content\/gallery\/yes-camper\/thumbs\/thumbs_Yes-Camper-084.jpg\"\n               data-image-id=\"30925\"\n               data-title=\"Yes-Camper-084\"\n               data-description=\"\"\n               data-image-slug=\"yes-camper-084\"\n               class=\"ngg-fancybox\" rel=\"c895f3dbca93f25875925724a986d171\">\n                <img\n                    title=\"Yes-Camper-084\"\n                    alt=\"Yes-Camper-084\"\n                    src=\"https:\/\/www.camperonline.it\/magazine\/wp-content\/gallery\/yes-camper\/thumbs\/thumbs_Yes-Camper-084.jpg\"\n                    width=\"100\"\n                    height=\"75\"\n                    style=\"max-width:100%;\"\n                \/>\n            <\/a>\n        <\/div>\n\t\t\t\t\t\t\t<\/div> \n\t\t\t\n\t\n\t<br style=\"clear: both\" \/>\n\n\t\t<div class=\"slideshowlink\">\n        <a href='https:\/\/www.camperonline.it\/magazine\/2012\/11\/27\/p-l-a-in-anteprima-assoluta-i-nuovi-yes-camper\/nggallery\/slideshow'>[Mostra slideshow]<\/a>\n\t\t\n\t<\/div>\n\t\n\t\t<!-- Pagination -->\n\t<div class='ngg-navigation'><span class='current'>1<\/span>\n<a class='page-numbers' data-pageid='2' href='https:\/\/www.camperonline.it\/magazine\/2012\/11\/27\/p-l-a-in-anteprima-assoluta-i-nuovi-yes-camper\/nggallery\/page\/2'>2<\/a>\n<span class='ellipsis'>...<\/span>\n<a class='page-numbers' data-pageid='8' href='https:\/\/www.camperonline.it\/magazine\/2012\/11\/27\/p-l-a-in-anteprima-assoluta-i-nuovi-yes-camper\/nggallery\/page\/8'>8<\/a>\n<a class='prev' href='https:\/\/www.camperonline.it\/magazine\/2012\/11\/27\/p-l-a-in-anteprima-assoluta-i-nuovi-yes-camper\/nggallery\/page\/2' data-pageid=2>&#9658;<\/a><\/div>\t<\/div>\n<\/strong><\/p>\n","protected":false},"excerpt":{"rendered":"<p>Yes P.L.A. can, P.L.A. lo pu\u00f2 fare: potrebbe essere questo uno dei tanti claim utilizzabili per presentare Yes Camper, il nuovo brand del giovane marchio di Pier Luigi Alinari. Un nuovo brand, una nuova linea, un nuovo prodotto, diverso da quelli gi\u00e0 esistenti e pensato per rispondere alle esigenze di chi desidera un camper nuovo senza investire cifre troppo cospicue e, al contempo, senza dover rinunciare alla qualit\u00e0 di componenti e soluzioni tecniche solitamente adottate in fasce di prezzo superiori. Un prodotto economico, quindi, probabilmente tra i pi\u00f9 economici in assoluto, ma per nulla povero, capace anzi di proporsi con un proprio stile e una propria personalit\u00e0 che richiama, specie negli interni, quella delle altre gamme P.L.A., e capace di rispondere alle esigenze della coppia cos\u00ec come della famiglia grazie a un bouquet di sette proposte, tutte allestite su Fiat Ducato 33 e 35L e con lunghezze tra 590 e 695 cm. In particolare, Yes Camper offre oggi tre mansardati (591, 690 e 692) due profilati (593 e 696) e&#8230;<\/p>\n","protected":false},"author":3,"featured_media":42876,"comment_status":"closed","ping_status":"open","sticky":false,"template":"","format":"standard","meta":{"ngg_post_thumbnail":0},"categories":[217,2448],"tags":[4762,4828],"yoast_head":"<!-- This site is optimized with the Yoast SEO plugin v18.6 - https:\/\/yoast.com\/wordpress\/plugins\/seo\/ -->\n<title>P.L.A.: in anteprima assoluta, i nuovi Yes Camper - CamperOnLine Magazine<\/title>\n<meta name=\"description\" content=\"Yes P.L.A. can, P.L.A. lo pu\u00f2 fare: potrebbe essere questo uno dei tanti claim utilizzabili per presentare Yes Camper, il nuovo brand del giovane marchio\" \/>\n<meta name=\"robots\" content=\"index, follow, max-snippet:-1, max-image-preview:large, max-video-preview:-1\" \/>\n<link rel=\"canonical\" href=\"https:\/\/www.camperonline.it\/magazine\/2012\/11\/27\/p-l-a-in-anteprima-assoluta-i-nuovi-yes-camper\/\" \/>\n<meta property=\"og:locale\" content=\"it_IT\" \/>\n<meta property=\"og:type\" content=\"article\" \/>\n<meta property=\"og:title\" content=\"P.L.A.: in anteprima assoluta, i nuovi Yes Camper - CamperOnLine Magazine\" \/>\n<meta property=\"og:description\" content=\"Yes P.L.A. can, P.L.A. lo pu\u00f2 fare: potrebbe essere questo uno dei tanti claim utilizzabili per presentare Yes Camper, il nuovo brand del giovane marchio\" \/>\n<meta property=\"og:url\" content=\"https:\/\/www.camperonline.it\/magazine\/2012\/11\/27\/p-l-a-in-anteprima-assoluta-i-nuovi-yes-camper\/\" \/>\n<meta property=\"og:site_name\" content=\"CamperOnLine Magazine\" \/>\n<meta property=\"article:published_time\" content=\"2012-11-27T16:00:37+00:00\" \/>\n<meta property=\"article:modified_time\" content=\"2013-10-02T12:35:52+00:00\" \/>\n<meta property=\"og:image\" content=\"https:\/\/www.camperonline.it\/magazine\/wp-content\/uploads\/2012\/11\/yes-camper.jpg\" \/>\n\t<meta property=\"og:image:width\" content=\"570\" \/>\n\t<meta property=\"og:image:height\" content=\"450\" \/>\n\t<meta property=\"og:image:type\" content=\"image\/jpeg\" \/>\n<meta name=\"twitter:card\" content=\"summary_large_image\" \/>\n<script type=\"application\/ld+json\" class=\"yoast-schema-graph\">{\"@context\":\"https:\/\/schema.org\",\"@graph\":[{\"@type\":\"WebSite\",\"@id\":\"https:\/\/www.camperonline.it\/magazine\/#website\",\"url\":\"https:\/\/www.camperonline.it\/magazine\/\",\"name\":\"CamperOnLine Magazine\",\"description\":\"Viaggi in camper, test, video, destinazioni, vacanze\",\"potentialAction\":[{\"@type\":\"SearchAction\",\"target\":{\"@type\":\"EntryPoint\",\"urlTemplate\":\"https:\/\/www.camperonline.it\/magazine\/?s={search_term_string}\"},\"query-input\":\"required name=search_term_string\"}],\"inLanguage\":\"it-IT\"},{\"@type\":\"ImageObject\",\"@id\":\"https:\/\/www.camperonline.it\/magazine\/2012\/11\/27\/p-l-a-in-anteprima-assoluta-i-nuovi-yes-camper\/#primaryimage\",\"inLanguage\":\"it-IT\",\"url\":\"https:\/\/www.camperonline.it\/magazine\/wp-content\/uploads\/2012\/11\/yes-camper.jpg\",\"contentUrl\":\"https:\/\/www.camperonline.it\/magazine\/wp-content\/uploads\/2012\/11\/yes-camper.jpg\",\"width\":\"570\",\"height\":\"450\"},{\"@type\":\"WebPage\",\"@id\":\"https:\/\/www.camperonline.it\/magazine\/2012\/11\/27\/p-l-a-in-anteprima-assoluta-i-nuovi-yes-camper\/#webpage\",\"url\":\"https:\/\/www.camperonline.it\/magazine\/2012\/11\/27\/p-l-a-in-anteprima-assoluta-i-nuovi-yes-camper\/\",\"name\":\"P.L.A.: in anteprima assoluta, i nuovi Yes Camper - CamperOnLine Magazine\",\"isPartOf\":{\"@id\":\"https:\/\/www.camperonline.it\/magazine\/#website\"},\"primaryImageOfPage\":{\"@id\":\"https:\/\/www.camperonline.it\/magazine\/2012\/11\/27\/p-l-a-in-anteprima-assoluta-i-nuovi-yes-camper\/#primaryimage\"},\"datePublished\":\"2012-11-27T16:00:37+00:00\",\"dateModified\":\"2013-10-02T12:35:52+00:00\",\"author\":{\"@id\":\"https:\/\/www.camperonline.it\/magazine\/#\/schema\/person\/cb66c317d76fe5112e3846547de4a508\"},\"description\":\"Yes P.L.A. can, P.L.A. lo pu\u00f2 fare: potrebbe essere questo uno dei tanti claim utilizzabili per presentare Yes Camper, il nuovo brand del giovane marchio\",\"breadcrumb\":{\"@id\":\"https:\/\/www.camperonline.it\/magazine\/2012\/11\/27\/p-l-a-in-anteprima-assoluta-i-nuovi-yes-camper\/#breadcrumb\"},\"inLanguage\":\"it-IT\",\"potentialAction\":[{\"@type\":\"ReadAction\",\"target\":[\"https:\/\/www.camperonline.it\/magazine\/2012\/11\/27\/p-l-a-in-anteprima-assoluta-i-nuovi-yes-camper\/\"]}]},{\"@type\":\"BreadcrumbList\",\"@id\":\"https:\/\/www.camperonline.it\/magazine\/2012\/11\/27\/p-l-a-in-anteprima-assoluta-i-nuovi-yes-camper\/#breadcrumb\",\"itemListElement\":[{\"@type\":\"ListItem\",\"position\":1,\"name\":\"Home\",\"item\":\"https:\/\/www.camperonline.it\/magazine\/\"},{\"@type\":\"ListItem\",\"position\":2,\"name\":\"P.L.A.: in anteprima assoluta, i nuovi Yes Camper\"}]},{\"@type\":\"Person\",\"@id\":\"https:\/\/www.camperonline.it\/magazine\/#\/schema\/person\/cb66c317d76fe5112e3846547de4a508\",\"name\":\"Michel\",\"sameAs\":[\"http:\/\/www.winterexperience.com\/\"],\"url\":\"https:\/\/www.camperonline.it\/magazine\/author\/michel\/\"}]}<\/script>\n<!-- \/ Yoast SEO plugin. -->","yoast_head_json":{"title":"P.L.A.: in anteprima assoluta, i nuovi Yes Camper - CamperOnLine Magazine","description":"Yes P.L.A. can, P.L.A. lo pu\u00f2 fare: potrebbe essere questo uno dei tanti claim utilizzabili per presentare Yes Camper, il nuovo brand del giovane marchio","robots":{"index":"index","follow":"follow","max-snippet":"max-snippet:-1","max-image-preview":"max-image-preview:large","max-video-preview":"max-video-preview:-1"},"canonical":"https:\/\/www.camperonline.it\/magazine\/2012\/11\/27\/p-l-a-in-anteprima-assoluta-i-nuovi-yes-camper\/","og_locale":"it_IT","og_type":"article","og_title":"P.L.A.: in anteprima assoluta, i nuovi Yes Camper - CamperOnLine Magazine","og_description":"Yes P.L.A. can, P.L.A. lo pu\u00f2 fare: potrebbe essere questo uno dei tanti claim utilizzabili per presentare Yes Camper, il nuovo brand del giovane marchio","og_url":"https:\/\/www.camperonline.it\/magazine\/2012\/11\/27\/p-l-a-in-anteprima-assoluta-i-nuovi-yes-camper\/","og_site_name":"CamperOnLine Magazine","article_published_time":"2012-11-27T16:00:37+00:00","article_modified_time":"2013-10-02T12:35:52+00:00","og_image":[{"width":"570","height":"450","url":"https:\/\/www.camperonline.it\/magazine\/wp-content\/uploads\/2012\/11\/yes-camper.jpg","type":"image\/jpeg"}],"twitter_card":"summary_large_image","schema":{"@context":"https:\/\/schema.org","@graph":[{"@type":"WebSite","@id":"https:\/\/www.camperonline.it\/magazine\/#website","url":"https:\/\/www.camperonline.it\/magazine\/","name":"CamperOnLine Magazine","description":"Viaggi in camper, test, video, destinazioni, vacanze","potentialAction":[{"@type":"SearchAction","target":{"@type":"EntryPoint","urlTemplate":"https:\/\/www.camperonline.it\/magazine\/?s={search_term_string}"},"query-input":"required name=search_term_string"}],"inLanguage":"it-IT"},{"@type":"ImageObject","@id":"https:\/\/www.camperonline.it\/magazine\/2012\/11\/27\/p-l-a-in-anteprima-assoluta-i-nuovi-yes-camper\/#primaryimage","inLanguage":"it-IT","url":"https:\/\/www.camperonline.it\/magazine\/wp-content\/uploads\/2012\/11\/yes-camper.jpg","contentUrl":"https:\/\/www.camperonline.it\/magazine\/wp-content\/uploads\/2012\/11\/yes-camper.jpg","width":"570","height":"450"},{"@type":"WebPage","@id":"https:\/\/www.camperonline.it\/magazine\/2012\/11\/27\/p-l-a-in-anteprima-assoluta-i-nuovi-yes-camper\/#webpage","url":"https:\/\/www.camperonline.it\/magazine\/2012\/11\/27\/p-l-a-in-anteprima-assoluta-i-nuovi-yes-camper\/","name":"P.L.A.: in anteprima assoluta, i nuovi Yes Camper - CamperOnLine Magazine","isPartOf":{"@id":"https:\/\/www.camperonline.it\/magazine\/#website"},"primaryImageOfPage":{"@id":"https:\/\/www.camperonline.it\/magazine\/2012\/11\/27\/p-l-a-in-anteprima-assoluta-i-nuovi-yes-camper\/#primaryimage"},"datePublished":"2012-11-27T16:00:37+00:00","dateModified":"2013-10-02T12:35:52+00:00","author":{"@id":"https:\/\/www.camperonline.it\/magazine\/#\/schema\/person\/cb66c317d76fe5112e3846547de4a508"},"description":"Yes P.L.A. can, P.L.A. lo pu\u00f2 fare: potrebbe essere questo uno dei tanti claim utilizzabili per presentare Yes Camper, il nuovo brand del giovane marchio","breadcrumb":{"@id":"https:\/\/www.camperonline.it\/magazine\/2012\/11\/27\/p-l-a-in-anteprima-assoluta-i-nuovi-yes-camper\/#breadcrumb"},"inLanguage":"it-IT","potentialAction":[{"@type":"ReadAction","target":["https:\/\/www.camperonline.it\/magazine\/2012\/11\/27\/p-l-a-in-anteprima-assoluta-i-nuovi-yes-camper\/"]}]},{"@type":"BreadcrumbList","@id":"https:\/\/www.camperonline.it\/magazine\/2012\/11\/27\/p-l-a-in-anteprima-assoluta-i-nuovi-yes-camper\/#breadcrumb","itemListElement":[{"@type":"ListItem","position":1,"name":"Home","item":"https:\/\/www.camperonline.it\/magazine\/"},{"@type":"ListItem","position":2,"name":"P.L.A.: in anteprima assoluta, i nuovi Yes Camper"}]},{"@type":"Person","@id":"https:\/\/www.camperonline.it\/magazine\/#\/schema\/person\/cb66c317d76fe5112e3846547de4a508","name":"Michel","sameAs":["http:\/\/www.winterexperience.com\/"],"url":"https:\/\/www.camperonline.it\/magazine\/author\/michel\/"}]}},"_links":{"self":[{"href":"https:\/\/www.camperonline.it\/magazine\/wp-json\/wp\/v2\/posts\/42770"}],"collection":[{"href":"https:\/\/www.camperonline.it\/magazine\/wp-json\/wp\/v2\/posts"}],"about":[{"href":"https:\/\/www.camperonline.it\/magazine\/wp-json\/wp\/v2\/types\/post"}],"author":[{"embeddable":true,"href":"https:\/\/www.camperonline.it\/magazine\/wp-json\/wp\/v2\/users\/3"}],"replies":[{"embeddable":true,"href":"https:\/\/www.camperonline.it\/magazine\/wp-json\/wp\/v2\/comments?post=42770"}],"version-history":[{"count":0,"href":"https:\/\/www.camperonline.it\/magazine\/wp-json\/wp\/v2\/posts\/42770\/revisions"}],"wp:featuredmedia":[{"embeddable":true,"href":"https:\/\/www.camperonline.it\/magazine\/wp-json\/wp\/v2\/media\/42876"}],"wp:attachment":[{"href":"https:\/\/www.camperonline.it\/magazine\/wp-json\/wp\/v2\/media?parent=42770"}],"wp:term":[{"taxonomy":"category","embeddable":true,"href":"https:\/\/www.camperonline.it\/magazine\/wp-json\/wp\/v2\/categories?post=42770"},{"taxonomy":"post_tag","embeddable":true,"href":"https:\/\/www.camperonline.it\/magazine\/wp-json\/wp\/v2\/tags?post=42770"}],"curies":[{"name":"wp","href":"https:\/\/api.w.org\/{rel}","templated":true}]}}