{"id":8643,"date":"2010-09-15T14:00:46","date_gmt":"2010-09-15T12:00:46","guid":{"rendered":"https:\/\/www.camperonline.it\/magazine\/?p=8643"},"modified":"2015-03-27T22:49:51","modified_gmt":"2015-03-27T21:49:51","slug":"salone-del-camper-hymer","status":"publish","type":"post","link":"https:\/\/www.camperonline.it\/magazine\/2010\/09\/15\/salone-del-camper-hymer\/","title":{"rendered":"Salone del Camper: Hymer"},"content":{"rendered":"<p style=\"text-align: left;\">Marchio storico nel mondo dei veicoli ricreazionali,\u00a0<strong> Hymer<\/strong> espone al Salone del Camper diversi modelli rappresentativi della propria produzione.<\/p>\n<p style=\"text-align: center;\"><img loading=\"lazy\" class=\"size-full wp-image-8650  aligncenter\" title=\"Il nuovo Hymer B-Klasse\" src=\"https:\/\/www.camperonline.it\/magazine\/wp-content\/uploads\/2010\/09\/DSC_01783.jpg\" alt=\"\" width=\"500\" height=\"335\" srcset=\"https:\/\/www.camperonline.it\/magazine\/wp-content\/uploads\/2010\/09\/DSC_01783.jpg 500w, https:\/\/www.camperonline.it\/magazine\/wp-content\/uploads\/2010\/09\/DSC_01783-300x201.jpg 300w\" sizes=\"(max-width: 500px) 100vw, 500px\" \/><\/p>\n<p><!--more-->Primo tra tutti, i nuovo integrale <strong>B-Klasse<\/strong>, allestito su Fiat Ducato con telaio ribassato CCS, carreggiata posteriore allargata e doppio pavimento, si propone in diverse versioni con lunghezze comprese tra 6 e 7,5 metri per rispondere alle esigenze di diverse tipologie di clientela.<\/p>\n<p style=\"text-align: center;\"><img loading=\"lazy\" class=\"size-full wp-image-8653  aligncenter\" title=\"Hymer B504\" src=\"https:\/\/www.camperonline.it\/magazine\/wp-content\/uploads\/2010\/09\/DSC_00035.jpg\" alt=\"\" width=\"500\" height=\"335\" srcset=\"https:\/\/www.camperonline.it\/magazine\/wp-content\/uploads\/2010\/09\/DSC_00035.jpg 500w, https:\/\/www.camperonline.it\/magazine\/wp-content\/uploads\/2010\/09\/DSC_00035-300x201.jpg 300w\" sizes=\"(max-width: 500px) 100vw, 500px\" \/><\/p>\n<p>Dedicato alla famiglia di tre persone alla ricerca di un motorhome agile ma spazioso, il <strong>B 504<\/strong> misura meno di sei metri: la lunghezza, infatti, \u00e8 si soli 594 cm. Dotato della ormai celebre scocca Hymer Pual, con rivestimento esterno in alluminio liscio e coibentazione poliuretanica iniettata, offre un living anteriore con divano a L\u00a0 e tavolo centrale, blocco cucina lineare e armadio guardaroba opposti alla toilette con doccia cilindrica integrata e, in coda, un letto singolo da 204&#215;90 cm posizionato sopra al garage. Tre, quindi, i posti letto, grazie alla presenza, nella zona anteriore, del classico matrimoniale basculante da 195&#215;150 cm. Da notare come la zona posteriore possa essere ordinata con il solo letto superiore su garage (come nell&#8217;esemplare esposto) oppure con due letti a castello di cui l&#8217;inferiore ribaltabile per realizzare un gavone a volume variabile. Il prezzo parte da 70.990\u20ac.<\/p>\n<p style=\"text-align: center;\"><img loading=\"lazy\" class=\"size-full wp-image-8654  aligncenter\" title=\"Il living anteriore\" src=\"https:\/\/www.camperonline.it\/magazine\/wp-content\/uploads\/2010\/09\/DSC_00072.jpg\" alt=\"\" width=\"500\" height=\"335\" srcset=\"https:\/\/www.camperonline.it\/magazine\/wp-content\/uploads\/2010\/09\/DSC_00072.jpg 500w, https:\/\/www.camperonline.it\/magazine\/wp-content\/uploads\/2010\/09\/DSC_00072-300x201.jpg 300w\" sizes=\"(max-width: 500px) 100vw, 500px\" \/><\/p>\n<p style=\"text-align: center;\"><img loading=\"lazy\" class=\"size-full wp-image-8655  aligncenter\" title=\"Il living anteriore\" src=\"https:\/\/www.camperonline.it\/magazine\/wp-content\/uploads\/2010\/09\/DSC_00064.jpg\" alt=\"\" width=\"500\" height=\"335\" srcset=\"https:\/\/www.camperonline.it\/magazine\/wp-content\/uploads\/2010\/09\/DSC_00064.jpg 500w, https:\/\/www.camperonline.it\/magazine\/wp-content\/uploads\/2010\/09\/DSC_00064-300x201.jpg 300w\" sizes=\"(max-width: 500px) 100vw, 500px\" \/><\/p>\n<p style=\"text-align: center;\"><img loading=\"lazy\" class=\"size-full wp-image-8656  aligncenter\" title=\"L'interno\" src=\"https:\/\/www.camperonline.it\/magazine\/wp-content\/uploads\/2010\/09\/DSC_00103.jpg\" alt=\"\" width=\"500\" height=\"335\" srcset=\"https:\/\/www.camperonline.it\/magazine\/wp-content\/uploads\/2010\/09\/DSC_00103.jpg 500w, https:\/\/www.camperonline.it\/magazine\/wp-content\/uploads\/2010\/09\/DSC_00103-300x201.jpg 300w\" sizes=\"(max-width: 500px) 100vw, 500px\" \/><\/p>\n<p style=\"text-align: center;\"><img loading=\"lazy\" class=\"size-full wp-image-8657  aligncenter\" title=\"Il letto posteriore\" src=\"https:\/\/www.camperonline.it\/magazine\/wp-content\/uploads\/2010\/09\/DSC_00135.jpg\" alt=\"\" width=\"500\" height=\"335\" srcset=\"https:\/\/www.camperonline.it\/magazine\/wp-content\/uploads\/2010\/09\/DSC_00135.jpg 500w, https:\/\/www.camperonline.it\/magazine\/wp-content\/uploads\/2010\/09\/DSC_00135-300x201.jpg 300w\" sizes=\"(max-width: 500px) 100vw, 500px\" \/><\/p>\n<p style=\"text-align: center;\"><img loading=\"lazy\" class=\"size-full wp-image-8658  aligncenter\" title=\"La toilette\" src=\"https:\/\/www.camperonline.it\/magazine\/wp-content\/uploads\/2010\/09\/DSC_00164.jpg\" alt=\"\" width=\"500\" height=\"335\" srcset=\"https:\/\/www.camperonline.it\/magazine\/wp-content\/uploads\/2010\/09\/DSC_00164.jpg 500w, https:\/\/www.camperonline.it\/magazine\/wp-content\/uploads\/2010\/09\/DSC_00164-300x201.jpg 300w\" sizes=\"(max-width: 500px) 100vw, 500px\" \/><\/p>\n<p>All&#8217;opposto, il <strong>B 698<\/strong> \u00e8, con i suoi 745 cm di lunghezza, uno dei modelli maggiori della gamma. Dotato di living anteriore con semidinette a L, tavolo centrale e divanetto contrapposto, vanta una zona centrale dedicata ai servizi con blocco cucina a L opposto alla colonna frigo, toilette passante con doccia indipendente e, in coda, letto matrimoniale centrale nautico, si rivolge alla coppia matura alla ricerca di un veicolo comodo in grado di annullare le trasformazioni giorno\/notte. E&#8217; proposto a partire da 81.880\u20ac.<\/p>\n<p style=\"text-align: center;\"><img loading=\"lazy\" class=\"size-full wp-image-8660  aligncenter\" title=\"Hymer B698\" src=\"https:\/\/www.camperonline.it\/magazine\/wp-content\/uploads\/2010\/09\/DSC_00233.jpg\" alt=\"\" width=\"500\" height=\"335\" srcset=\"https:\/\/www.camperonline.it\/magazine\/wp-content\/uploads\/2010\/09\/DSC_00233.jpg 500w, https:\/\/www.camperonline.it\/magazine\/wp-content\/uploads\/2010\/09\/DSC_00233-300x201.jpg 300w\" sizes=\"(max-width: 500px) 100vw, 500px\" \/><\/p>\n<p style=\"text-align: center;\"><img loading=\"lazy\" class=\"size-full wp-image-8661  aligncenter\" title=\"Il living anteriore\" src=\"https:\/\/www.camperonline.it\/magazine\/wp-content\/uploads\/2010\/09\/DSC_00316.jpg\" alt=\"\" width=\"500\" height=\"335\" srcset=\"https:\/\/www.camperonline.it\/magazine\/wp-content\/uploads\/2010\/09\/DSC_00316.jpg 500w, https:\/\/www.camperonline.it\/magazine\/wp-content\/uploads\/2010\/09\/DSC_00316-300x201.jpg 300w\" sizes=\"(max-width: 500px) 100vw, 500px\" \/><\/p>\n<p style=\"text-align: center;\"><img loading=\"lazy\" class=\"size-full wp-image-8662  aligncenter\" title=\"L'interno\" src=\"https:\/\/www.camperonline.it\/magazine\/wp-content\/uploads\/2010\/09\/DSC_00383.jpg\" alt=\"\" width=\"500\" height=\"335\" srcset=\"https:\/\/www.camperonline.it\/magazine\/wp-content\/uploads\/2010\/09\/DSC_00383.jpg 500w, https:\/\/www.camperonline.it\/magazine\/wp-content\/uploads\/2010\/09\/DSC_00383-300x201.jpg 300w\" sizes=\"(max-width: 500px) 100vw, 500px\" \/><\/p>\n<p style=\"text-align: center;\"><img loading=\"lazy\" class=\"size-full wp-image-8664  aligncenter\" title=\"Il matrimoniale nautico posteriore\" src=\"https:\/\/www.camperonline.it\/magazine\/wp-content\/uploads\/2010\/09\/DSC_00333.jpg\" alt=\"\" width=\"500\" height=\"335\" srcset=\"https:\/\/www.camperonline.it\/magazine\/wp-content\/uploads\/2010\/09\/DSC_00333.jpg 500w, https:\/\/www.camperonline.it\/magazine\/wp-content\/uploads\/2010\/09\/DSC_00333-300x201.jpg 300w\" sizes=\"(max-width: 500px) 100vw, 500px\" \/><\/p>\n<p style=\"text-align: center;\"><img loading=\"lazy\" class=\"size-full wp-image-8665  aligncenter\" title=\"Il blocco cucina a L\" src=\"https:\/\/www.camperonline.it\/magazine\/wp-content\/uploads\/2010\/09\/DSC_00344.jpg\" alt=\"\" width=\"500\" height=\"335\" srcset=\"https:\/\/www.camperonline.it\/magazine\/wp-content\/uploads\/2010\/09\/DSC_00344.jpg 500w, https:\/\/www.camperonline.it\/magazine\/wp-content\/uploads\/2010\/09\/DSC_00344-300x201.jpg 300w\" sizes=\"(max-width: 500px) 100vw, 500px\" \/><\/p>\n<p style=\"text-align: center;\"><img loading=\"lazy\" class=\"size-full wp-image-8666  aligncenter\" title=\"La toilette\" src=\"https:\/\/www.camperonline.it\/magazine\/wp-content\/uploads\/2010\/09\/DSC_0042.jpg\" alt=\"\" width=\"500\" height=\"335\" srcset=\"https:\/\/www.camperonline.it\/magazine\/wp-content\/uploads\/2010\/09\/DSC_0042.jpg 500w, https:\/\/www.camperonline.it\/magazine\/wp-content\/uploads\/2010\/09\/DSC_0042-300x201.jpg 300w\" sizes=\"(max-width: 500px) 100vw, 500px\" \/><\/p>\n<p style=\"text-align: center;\"><img loading=\"lazy\" class=\"size-full wp-image-8667  aligncenter\" title=\"La doccia indipendente\" src=\"https:\/\/www.camperonline.it\/magazine\/wp-content\/uploads\/2010\/09\/DSC_00431.jpg\" alt=\"\" width=\"500\" height=\"335\" srcset=\"https:\/\/www.camperonline.it\/magazine\/wp-content\/uploads\/2010\/09\/DSC_00431.jpg 500w, https:\/\/www.camperonline.it\/magazine\/wp-content\/uploads\/2010\/09\/DSC_00431-300x201.jpg 300w\" sizes=\"(max-width: 500px) 100vw, 500px\" \/><\/p>\n<p>A fianco ai nuovi modelli, ecco gli affermati integrali <strong>B-SL<\/strong>, ora proposti nella serie speciale <strong>Star Edition<\/strong>, e i profilati Tramp-SL. Allestiti, da quest&#8217;anno, su Fiat Ducato CCS con carreggiata posteriore allargata, si segnalano per il design elegante e raffinato. Classico della produzione Hymer, il <strong>T-SL 654<\/strong> \u00e8 pensato per la coppia che, in un veicolo non eccessivamente lungo (690cm) desidera il massimo della comodit\u00e0. La pianta, studiata su misura per le esigenze di due persone, \u00e8 quella classica dei profilati alla francese, con living anteriore con semidinette a L e divanetto contrapposto, blocco cucina centrale a L e, in coda, letto matrimoniale longitudinale affiancato dalla toilette.<\/p>\n<p style=\"text-align: center;\"><img loading=\"lazy\" class=\"size-full wp-image-8669  aligncenter\" title=\"Hymer Tramp-SL 654 Star Edition\" src=\"https:\/\/www.camperonline.it\/magazine\/wp-content\/uploads\/2010\/09\/DSC_00952.jpg\" alt=\"\" width=\"500\" height=\"335\" srcset=\"https:\/\/www.camperonline.it\/magazine\/wp-content\/uploads\/2010\/09\/DSC_00952.jpg 500w, https:\/\/www.camperonline.it\/magazine\/wp-content\/uploads\/2010\/09\/DSC_00952-300x201.jpg 300w\" sizes=\"(max-width: 500px) 100vw, 500px\" \/><\/p>\n<p style=\"text-align: center;\"><img loading=\"lazy\" class=\"size-full wp-image-8670  aligncenter\" title=\"Il living anteriore\" src=\"https:\/\/www.camperonline.it\/magazine\/wp-content\/uploads\/2010\/09\/DSC_00812.jpg\" alt=\"\" width=\"500\" height=\"335\" srcset=\"https:\/\/www.camperonline.it\/magazine\/wp-content\/uploads\/2010\/09\/DSC_00812.jpg 500w, https:\/\/www.camperonline.it\/magazine\/wp-content\/uploads\/2010\/09\/DSC_00812-300x201.jpg 300w\" sizes=\"(max-width: 500px) 100vw, 500px\" \/><\/p>\n<p style=\"text-align: center;\"><img loading=\"lazy\" class=\"size-full wp-image-8671  aligncenter\" title=\"L'interno\" src=\"https:\/\/www.camperonline.it\/magazine\/wp-content\/uploads\/2010\/09\/DSC_00801.jpg\" alt=\"\" width=\"500\" height=\"335\" srcset=\"https:\/\/www.camperonline.it\/magazine\/wp-content\/uploads\/2010\/09\/DSC_00801.jpg 500w, https:\/\/www.camperonline.it\/magazine\/wp-content\/uploads\/2010\/09\/DSC_00801-300x201.jpg 300w\" sizes=\"(max-width: 500px) 100vw, 500px\" \/><\/p>\n","protected":false},"excerpt":{"rendered":"<p>Marchio storico nel mondo dei veicoli ricreazionali,\u00a0 Hymer espone al Salone del Camper diversi modelli rappresentativi della propria produzione.<\/p>\n","protected":false},"author":3,"featured_media":8650,"comment_status":"open","ping_status":"closed","sticky":false,"template":"","format":"standard","meta":{"ngg_post_thumbnail":0},"categories":[213,484],"tags":[547,548,4678,486,550,549],"yoast_head":"<!-- This site is optimized with the Yoast SEO plugin v18.6 - https:\/\/yoast.com\/wordpress\/plugins\/seo\/ -->\n<title>Salone del Camper: Hymer - CamperOnLine Magazine<\/title>\n<meta name=\"description\" content=\"Marchio storico nel mondo dei veicoli ricreazionali,\u00a0 Hymer espone al Salone del Camper diversi modelli rappresentativi della propria produzione. Primo\" \/>\n<meta name=\"robots\" content=\"index, follow, max-snippet:-1, max-image-preview:large, max-video-preview:-1\" \/>\n<link rel=\"canonical\" href=\"https:\/\/www.camperonline.it\/magazine\/2010\/09\/15\/salone-del-camper-hymer\/\" \/>\n<meta property=\"og:locale\" content=\"it_IT\" \/>\n<meta property=\"og:type\" content=\"article\" \/>\n<meta property=\"og:title\" content=\"Salone del Camper: Hymer - CamperOnLine Magazine\" \/>\n<meta property=\"og:description\" content=\"Marchio storico nel mondo dei veicoli ricreazionali,\u00a0 Hymer espone al Salone del Camper diversi modelli rappresentativi della propria produzione. Primo\" \/>\n<meta property=\"og:url\" content=\"https:\/\/www.camperonline.it\/magazine\/2010\/09\/15\/salone-del-camper-hymer\/\" \/>\n<meta property=\"og:site_name\" content=\"CamperOnLine Magazine\" \/>\n<meta property=\"article:published_time\" content=\"2010-09-15T12:00:46+00:00\" \/>\n<meta property=\"article:modified_time\" content=\"2015-03-27T21:49:51+00:00\" \/>\n<meta property=\"og:image\" content=\"https:\/\/www.camperonline.it\/magazine\/wp-content\/uploads\/2010\/09\/DSC_01783.jpg\" \/>\n\t<meta property=\"og:image:width\" content=\"500\" \/>\n\t<meta property=\"og:image:height\" content=\"335\" \/>\n\t<meta property=\"og:image:type\" content=\"image\/jpeg\" \/>\n<meta name=\"twitter:card\" content=\"summary_large_image\" \/>\n<script type=\"application\/ld+json\" class=\"yoast-schema-graph\">{\"@context\":\"https:\/\/schema.org\",\"@graph\":[{\"@type\":\"WebSite\",\"@id\":\"https:\/\/www.camperonline.it\/magazine\/#website\",\"url\":\"https:\/\/www.camperonline.it\/magazine\/\",\"name\":\"CamperOnLine Magazine\",\"description\":\"Viaggi in camper, test, video, destinazioni, vacanze\",\"potentialAction\":[{\"@type\":\"SearchAction\",\"target\":{\"@type\":\"EntryPoint\",\"urlTemplate\":\"https:\/\/www.camperonline.it\/magazine\/?s={search_term_string}\"},\"query-input\":\"required name=search_term_string\"}],\"inLanguage\":\"it-IT\"},{\"@type\":\"ImageObject\",\"@id\":\"https:\/\/www.camperonline.it\/magazine\/2010\/09\/15\/salone-del-camper-hymer\/#primaryimage\",\"inLanguage\":\"it-IT\",\"url\":\"https:\/\/www.camperonline.it\/magazine\/wp-content\/uploads\/2010\/09\/DSC_01783.jpg\",\"contentUrl\":\"https:\/\/www.camperonline.it\/magazine\/wp-content\/uploads\/2010\/09\/DSC_01783.jpg\",\"width\":\"500\",\"height\":\"335\"},{\"@type\":\"WebPage\",\"@id\":\"https:\/\/www.camperonline.it\/magazine\/2010\/09\/15\/salone-del-camper-hymer\/#webpage\",\"url\":\"https:\/\/www.camperonline.it\/magazine\/2010\/09\/15\/salone-del-camper-hymer\/\",\"name\":\"Salone del Camper: Hymer - CamperOnLine Magazine\",\"isPartOf\":{\"@id\":\"https:\/\/www.camperonline.it\/magazine\/#website\"},\"primaryImageOfPage\":{\"@id\":\"https:\/\/www.camperonline.it\/magazine\/2010\/09\/15\/salone-del-camper-hymer\/#primaryimage\"},\"datePublished\":\"2010-09-15T12:00:46+00:00\",\"dateModified\":\"2015-03-27T21:49:51+00:00\",\"author\":{\"@id\":\"https:\/\/www.camperonline.it\/magazine\/#\/schema\/person\/cb66c317d76fe5112e3846547de4a508\"},\"description\":\"Marchio storico nel mondo dei veicoli ricreazionali,\u00a0 Hymer espone al Salone del Camper diversi modelli rappresentativi della propria produzione. Primo\",\"breadcrumb\":{\"@id\":\"https:\/\/www.camperonline.it\/magazine\/2010\/09\/15\/salone-del-camper-hymer\/#breadcrumb\"},\"inLanguage\":\"it-IT\",\"potentialAction\":[{\"@type\":\"ReadAction\",\"target\":[\"https:\/\/www.camperonline.it\/magazine\/2010\/09\/15\/salone-del-camper-hymer\/\"]}]},{\"@type\":\"BreadcrumbList\",\"@id\":\"https:\/\/www.camperonline.it\/magazine\/2010\/09\/15\/salone-del-camper-hymer\/#breadcrumb\",\"itemListElement\":[{\"@type\":\"ListItem\",\"position\":1,\"name\":\"Home\",\"item\":\"https:\/\/www.camperonline.it\/magazine\/\"},{\"@type\":\"ListItem\",\"position\":2,\"name\":\"Salone del Camper: Hymer\"}]},{\"@type\":\"Person\",\"@id\":\"https:\/\/www.camperonline.it\/magazine\/#\/schema\/person\/cb66c317d76fe5112e3846547de4a508\",\"name\":\"Michel\",\"sameAs\":[\"http:\/\/www.winterexperience.com\/\"],\"url\":\"https:\/\/www.camperonline.it\/magazine\/author\/michel\/\"}]}<\/script>\n<!-- \/ Yoast SEO plugin. -->","yoast_head_json":{"title":"Salone del Camper: Hymer - CamperOnLine Magazine","description":"Marchio storico nel mondo dei veicoli ricreazionali,\u00a0 Hymer espone al Salone del Camper diversi modelli rappresentativi della propria produzione. Primo","robots":{"index":"index","follow":"follow","max-snippet":"max-snippet:-1","max-image-preview":"max-image-preview:large","max-video-preview":"max-video-preview:-1"},"canonical":"https:\/\/www.camperonline.it\/magazine\/2010\/09\/15\/salone-del-camper-hymer\/","og_locale":"it_IT","og_type":"article","og_title":"Salone del Camper: Hymer - CamperOnLine Magazine","og_description":"Marchio storico nel mondo dei veicoli ricreazionali,\u00a0 Hymer espone al Salone del Camper diversi modelli rappresentativi della propria produzione. Primo","og_url":"https:\/\/www.camperonline.it\/magazine\/2010\/09\/15\/salone-del-camper-hymer\/","og_site_name":"CamperOnLine Magazine","article_published_time":"2010-09-15T12:00:46+00:00","article_modified_time":"2015-03-27T21:49:51+00:00","og_image":[{"width":"500","height":"335","url":"https:\/\/www.camperonline.it\/magazine\/wp-content\/uploads\/2010\/09\/DSC_01783.jpg","type":"image\/jpeg"}],"twitter_card":"summary_large_image","schema":{"@context":"https:\/\/schema.org","@graph":[{"@type":"WebSite","@id":"https:\/\/www.camperonline.it\/magazine\/#website","url":"https:\/\/www.camperonline.it\/magazine\/","name":"CamperOnLine Magazine","description":"Viaggi in camper, test, video, destinazioni, vacanze","potentialAction":[{"@type":"SearchAction","target":{"@type":"EntryPoint","urlTemplate":"https:\/\/www.camperonline.it\/magazine\/?s={search_term_string}"},"query-input":"required name=search_term_string"}],"inLanguage":"it-IT"},{"@type":"ImageObject","@id":"https:\/\/www.camperonline.it\/magazine\/2010\/09\/15\/salone-del-camper-hymer\/#primaryimage","inLanguage":"it-IT","url":"https:\/\/www.camperonline.it\/magazine\/wp-content\/uploads\/2010\/09\/DSC_01783.jpg","contentUrl":"https:\/\/www.camperonline.it\/magazine\/wp-content\/uploads\/2010\/09\/DSC_01783.jpg","width":"500","height":"335"},{"@type":"WebPage","@id":"https:\/\/www.camperonline.it\/magazine\/2010\/09\/15\/salone-del-camper-hymer\/#webpage","url":"https:\/\/www.camperonline.it\/magazine\/2010\/09\/15\/salone-del-camper-hymer\/","name":"Salone del Camper: Hymer - CamperOnLine Magazine","isPartOf":{"@id":"https:\/\/www.camperonline.it\/magazine\/#website"},"primaryImageOfPage":{"@id":"https:\/\/www.camperonline.it\/magazine\/2010\/09\/15\/salone-del-camper-hymer\/#primaryimage"},"datePublished":"2010-09-15T12:00:46+00:00","dateModified":"2015-03-27T21:49:51+00:00","author":{"@id":"https:\/\/www.camperonline.it\/magazine\/#\/schema\/person\/cb66c317d76fe5112e3846547de4a508"},"description":"Marchio storico nel mondo dei veicoli ricreazionali,\u00a0 Hymer espone al Salone del Camper diversi modelli rappresentativi della propria produzione. Primo","breadcrumb":{"@id":"https:\/\/www.camperonline.it\/magazine\/2010\/09\/15\/salone-del-camper-hymer\/#breadcrumb"},"inLanguage":"it-IT","potentialAction":[{"@type":"ReadAction","target":["https:\/\/www.camperonline.it\/magazine\/2010\/09\/15\/salone-del-camper-hymer\/"]}]},{"@type":"BreadcrumbList","@id":"https:\/\/www.camperonline.it\/magazine\/2010\/09\/15\/salone-del-camper-hymer\/#breadcrumb","itemListElement":[{"@type":"ListItem","position":1,"name":"Home","item":"https:\/\/www.camperonline.it\/magazine\/"},{"@type":"ListItem","position":2,"name":"Salone del Camper: Hymer"}]},{"@type":"Person","@id":"https:\/\/www.camperonline.it\/magazine\/#\/schema\/person\/cb66c317d76fe5112e3846547de4a508","name":"Michel","sameAs":["http:\/\/www.winterexperience.com\/"],"url":"https:\/\/www.camperonline.it\/magazine\/author\/michel\/"}]}},"_links":{"self":[{"href":"https:\/\/www.camperonline.it\/magazine\/wp-json\/wp\/v2\/posts\/8643"}],"collection":[{"href":"https:\/\/www.camperonline.it\/magazine\/wp-json\/wp\/v2\/posts"}],"about":[{"href":"https:\/\/www.camperonline.it\/magazine\/wp-json\/wp\/v2\/types\/post"}],"author":[{"embeddable":true,"href":"https:\/\/www.camperonline.it\/magazine\/wp-json\/wp\/v2\/users\/3"}],"replies":[{"embeddable":true,"href":"https:\/\/www.camperonline.it\/magazine\/wp-json\/wp\/v2\/comments?post=8643"}],"version-history":[{"count":0,"href":"https:\/\/www.camperonline.it\/magazine\/wp-json\/wp\/v2\/posts\/8643\/revisions"}],"wp:featuredmedia":[{"embeddable":true,"href":"https:\/\/www.camperonline.it\/magazine\/wp-json\/wp\/v2\/media\/8650"}],"wp:attachment":[{"href":"https:\/\/www.camperonline.it\/magazine\/wp-json\/wp\/v2\/media?parent=8643"}],"wp:term":[{"taxonomy":"category","embeddable":true,"href":"https:\/\/www.camperonline.it\/magazine\/wp-json\/wp\/v2\/categories?post=8643"},{"taxonomy":"post_tag","embeddable":true,"href":"https:\/\/www.camperonline.it\/magazine\/wp-json\/wp\/v2\/tags?post=8643"}],"curies":[{"name":"wp","href":"https:\/\/api.w.org\/{rel}","templated":true}]}}