{"id":8840,"date":"2010-09-16T17:00:49","date_gmt":"2010-09-16T15:00:49","guid":{"rendered":"https:\/\/www.camperonline.it\/magazine\/?p=8840"},"modified":"2016-02-12T14:23:23","modified_gmt":"2016-02-12T13:23:23","slug":"salone-del-camper-pilote","status":"publish","type":"post","link":"https:\/\/www.camperonline.it\/magazine\/2010\/09\/16\/salone-del-camper-pilote\/","title":{"rendered":"Salone del Camper: Pilote"},"content":{"rendered":"<p>Marchio francese ben radicato anche in Italia, <strong>Pilote<\/strong> propone al Salone del Camper diversi modelli rappresentativi delle gamme Aventura, R\u00e9f\u00e9rence e Explorateur.<\/p>\n<p style=\"text-align: center;\"><img loading=\"lazy\" class=\"size-full wp-image-8849  aligncenter\" title=\"Pilote Aventura P716LPA\" src=\"https:\/\/www.camperonline.it\/magazine\/wp-content\/uploads\/2010\/09\/DSC_02182.jpg\" alt=\"\" width=\"500\" height=\"335\" srcset=\"https:\/\/www.camperonline.it\/magazine\/wp-content\/uploads\/2010\/09\/DSC_02182.jpg 500w, https:\/\/www.camperonline.it\/magazine\/wp-content\/uploads\/2010\/09\/DSC_02182-300x201.jpg 300w\" sizes=\"(max-width: 500px) 100vw, 500px\" \/><!--more--><\/p>\n<p><strong>Aventura P716LPA<\/strong> rappresenta il profilato con letto basculante secondo Pilote. Lungo 717 cm e allestito su Fiat Ducato 35 L con telaio CCS e passo da 4035 mm, propone un grande living anteriore con divano a L, tavolo centrale ampliabile e divanetto contrapposto, ingresso centrale opposto alla cucina a L e a fianco alla colonna con frigo da 145 litri e, in coda, matrimoniale longitudinale sulla destra e toilette con doccia separata sull&#8217;altro lato.<\/p>\n<p style=\"text-align: center;\"><img loading=\"lazy\" class=\"size-full wp-image-8851  aligncenter\" title=\"Il living anteriore\" src=\"https:\/\/www.camperonline.it\/magazine\/wp-content\/uploads\/2010\/09\/DSC_01981.jpg\" alt=\"\" width=\"500\" height=\"335\" srcset=\"https:\/\/www.camperonline.it\/magazine\/wp-content\/uploads\/2010\/09\/DSC_01981.jpg 500w, https:\/\/www.camperonline.it\/magazine\/wp-content\/uploads\/2010\/09\/DSC_01981-300x201.jpg 300w\" sizes=\"(max-width: 500px) 100vw, 500px\" \/><\/p>\n<p style=\"text-align: center;\"><img loading=\"lazy\" class=\"size-full wp-image-8854  aligncenter\" title=\"L'interno\" src=\"https:\/\/www.camperonline.it\/magazine\/wp-content\/uploads\/2010\/09\/DSC_02021.jpg\" alt=\"\" width=\"500\" height=\"335\" srcset=\"https:\/\/www.camperonline.it\/magazine\/wp-content\/uploads\/2010\/09\/DSC_02021.jpg 500w, https:\/\/www.camperonline.it\/magazine\/wp-content\/uploads\/2010\/09\/DSC_02021-300x201.jpg 300w\" sizes=\"(max-width: 500px) 100vw, 500px\" \/><\/p>\n<p style=\"text-align: center;\"><img loading=\"lazy\" class=\"size-full wp-image-8856  aligncenter\" title=\"Il matrimoniale basculante anteriore\" src=\"https:\/\/www.camperonline.it\/magazine\/wp-content\/uploads\/2010\/09\/DSC_0211.jpg\" alt=\"\" width=\"500\" height=\"335\" srcset=\"https:\/\/www.camperonline.it\/magazine\/wp-content\/uploads\/2010\/09\/DSC_0211.jpg 500w, https:\/\/www.camperonline.it\/magazine\/wp-content\/uploads\/2010\/09\/DSC_0211-300x201.jpg 300w\" sizes=\"(max-width: 500px) 100vw, 500px\" \/><\/p>\n<p style=\"text-align: center;\"><img loading=\"lazy\" class=\"size-full wp-image-8858  aligncenter\" title=\"Il matrimoniale posteriore\" src=\"https:\/\/www.camperonline.it\/magazine\/wp-content\/uploads\/2010\/09\/DSC_02141.jpg\" alt=\"\" width=\"500\" height=\"335\" srcset=\"https:\/\/www.camperonline.it\/magazine\/wp-content\/uploads\/2010\/09\/DSC_02141.jpg 500w, https:\/\/www.camperonline.it\/magazine\/wp-content\/uploads\/2010\/09\/DSC_02141-300x201.jpg 300w\" sizes=\"(max-width: 500px) 100vw, 500px\" \/><\/p>\n<p style=\"text-align: center;\"><img loading=\"lazy\" class=\"size-full wp-image-8860  aligncenter\" title=\"Il blocco cucina\" src=\"https:\/\/www.camperonline.it\/magazine\/wp-content\/uploads\/2010\/09\/DSC_02072.jpg\" alt=\"\" width=\"500\" height=\"747\" srcset=\"https:\/\/www.camperonline.it\/magazine\/wp-content\/uploads\/2010\/09\/DSC_02072.jpg 500w, https:\/\/www.camperonline.it\/magazine\/wp-content\/uploads\/2010\/09\/DSC_02072-200x300.jpg 200w\" sizes=\"(max-width: 500px) 100vw, 500px\" \/><\/p>\n<p style=\"text-align: center;\"><img loading=\"lazy\" class=\"aligncenter size-full wp-image-8864\" title=\"La colonna frigo\" src=\"https:\/\/www.camperonline.it\/magazine\/wp-content\/uploads\/2010\/09\/DSC_02122.jpg\" alt=\"\" width=\"240\" height=\"359\" srcset=\"https:\/\/www.camperonline.it\/magazine\/wp-content\/uploads\/2010\/09\/DSC_02122.jpg 240w, https:\/\/www.camperonline.it\/magazine\/wp-content\/uploads\/2010\/09\/DSC_02122-200x300.jpg 200w\" sizes=\"(max-width: 240px) 100vw, 240px\" \/><img loading=\"lazy\" class=\"size-full wp-image-8863  aligncenter\" title=\"La toilette con doccia separata\" src=\"https:\/\/www.camperonline.it\/magazine\/wp-content\/uploads\/2010\/09\/DSC_02031.jpg\" alt=\"\" width=\"240\" height=\"359\" srcset=\"https:\/\/www.camperonline.it\/magazine\/wp-content\/uploads\/2010\/09\/DSC_02031.jpg 240w, https:\/\/www.camperonline.it\/magazine\/wp-content\/uploads\/2010\/09\/DSC_02031-200x300.jpg 200w\" sizes=\"(max-width: 240px) 100vw, 240px\" \/><\/p>\n<p>Capace di sei posti letto, grazie alla presenza del matrimoniale anteriore basculante da 190&#215;135 cm dotato di movimentazione elettrica, al living trasformabile (210&#215;120 cm) e al matrimoniale posteriore alla francese da 200&#215;138 cm, questo profilato pu\u00f2 ospitare durante la marcia 5 passeggeri. A tal fine, la parte centrale del divanetto a L pu\u00f2 essere composta e realizzare, cos\u00ec, lo spazio per il quinto passeggero, dotato di cinture di sicurezza addominali.<\/p>\n<p style=\"text-align: center;\"><img loading=\"lazy\" class=\"size-full wp-image-8867  aligncenter\" title=\"Aventura P716LPA\" src=\"https:\/\/www.camperonline.it\/magazine\/wp-content\/uploads\/2010\/09\/DSC_02153.jpg\" alt=\"\" width=\"500\" height=\"335\" srcset=\"https:\/\/www.camperonline.it\/magazine\/wp-content\/uploads\/2010\/09\/DSC_02153.jpg 500w, https:\/\/www.camperonline.it\/magazine\/wp-content\/uploads\/2010\/09\/DSC_02153-300x201.jpg 300w\" sizes=\"(max-width: 500px) 100vw, 500px\" \/><\/p>\n<p>Dotato di finestre Polyvision Aero, riscaldamento Truma Combi 4, climatizzatore cabina, letto basculante a movimentazione elettrica e batteria supplementrare da 105Ah, \u00e8 proposto a partire da 52.890\u20ac.<\/p>\n<p>Salendo di gamma, il <strong>R\u00e9f\u00e9rence G740LCR<\/strong> \u00e8 un integrale da 744 cm di lunghezza allestito su Fiat Ducato CCS e disponibile anche con telaio Al-Ko AMC (G741LCR).<\/p>\n<p style=\"text-align: center;\"><img loading=\"lazy\" class=\"size-full wp-image-8869  aligncenter\" title=\"R\u00e9f\u00e9rence G740LCR\" src=\"https:\/\/www.camperonline.it\/magazine\/wp-content\/uploads\/2010\/09\/DSC_00662.jpg\" alt=\"\" width=\"500\" height=\"335\" srcset=\"https:\/\/www.camperonline.it\/magazine\/wp-content\/uploads\/2010\/09\/DSC_00662.jpg 500w, https:\/\/www.camperonline.it\/magazine\/wp-content\/uploads\/2010\/09\/DSC_00662-300x201.jpg 300w\" sizes=\"(max-width: 500px) 100vw, 500px\" \/><\/p>\n<p>Dotato di doppio pavimento DPS, alto 20 cm e realizzato sfruttando il telaio ribassato, ha scocca a pannelli sandwich con coibentazione in styrofoam ad alta densit\u00e0 e rivestimento in alluminio liscio mentre il tetto \u00e8 realizzato in vetroresina monoblocco a conchiglia. L&#8217;interno, classico ed elegante, propone la sempre pi\u00f9 diffusa disposizione con living anteriore formato da semidinette a L, tavolo centrale su monogamba traslabile e divanetto contrapposto, ingresso centrale opposto alla cucina a L e a fianco alla colonna frigo, toilette passante separata da una porta a battente che pu\u00f2 chiudere, se desiderato, il solo vano o l&#8217;intera area posteriore, doccia indipendente e, in coda, letto matrimoniale nautico centrale affiancato da doppio armadio guardaroba.<\/p>\n<p style=\"text-align: center;\"><img loading=\"lazy\" class=\"size-full wp-image-8871  aligncenter\" title=\"Il living anteriore\" src=\"https:\/\/www.camperonline.it\/magazine\/wp-content\/uploads\/2010\/09\/DSC_00695.jpg\" alt=\"\" width=\"500\" height=\"335\" srcset=\"https:\/\/www.camperonline.it\/magazine\/wp-content\/uploads\/2010\/09\/DSC_00695.jpg 500w, https:\/\/www.camperonline.it\/magazine\/wp-content\/uploads\/2010\/09\/DSC_00695-300x201.jpg 300w\" sizes=\"(max-width: 500px) 100vw, 500px\" \/><\/p>\n<p style=\"text-align: center;\"><img loading=\"lazy\" class=\"size-full wp-image-8873  aligncenter\" title=\"Il living anteriore\" src=\"https:\/\/www.camperonline.it\/magazine\/wp-content\/uploads\/2010\/09\/DSC_00732.jpg\" alt=\"\" width=\"500\" height=\"335\" srcset=\"https:\/\/www.camperonline.it\/magazine\/wp-content\/uploads\/2010\/09\/DSC_00732.jpg 500w, https:\/\/www.camperonline.it\/magazine\/wp-content\/uploads\/2010\/09\/DSC_00732-300x201.jpg 300w\" sizes=\"(max-width: 500px) 100vw, 500px\" \/><\/p>\n<p style=\"text-align: center;\"><img loading=\"lazy\" class=\"size-full wp-image-8874  aligncenter\" title=\"L'interno\" src=\"https:\/\/www.camperonline.it\/magazine\/wp-content\/uploads\/2010\/09\/DSC_00813.jpg\" alt=\"\" width=\"500\" height=\"335\" srcset=\"https:\/\/www.camperonline.it\/magazine\/wp-content\/uploads\/2010\/09\/DSC_00813.jpg 500w, https:\/\/www.camperonline.it\/magazine\/wp-content\/uploads\/2010\/09\/DSC_00813-300x201.jpg 300w\" sizes=\"(max-width: 500px) 100vw, 500px\" \/><\/p>\n<p style=\"text-align: center;\"><img loading=\"lazy\" class=\"size-full wp-image-8876  aligncenter\" title=\"Il matrimoniale nautico posteriore\" src=\"https:\/\/www.camperonline.it\/magazine\/wp-content\/uploads\/2010\/09\/DSC_00765.jpg\" alt=\"\" width=\"500\" height=\"335\" srcset=\"https:\/\/www.camperonline.it\/magazine\/wp-content\/uploads\/2010\/09\/DSC_00765.jpg 500w, https:\/\/www.camperonline.it\/magazine\/wp-content\/uploads\/2010\/09\/DSC_00765-300x201.jpg 300w\" sizes=\"(max-width: 500px) 100vw, 500px\" \/><\/p>\n<p style=\"text-align: center;\"><img loading=\"lazy\" class=\"size-full wp-image-8877  aligncenter\" title=\"L'interno\" src=\"https:\/\/www.camperonline.it\/magazine\/wp-content\/uploads\/2010\/09\/DSC_00773.jpg\" alt=\"\" width=\"500\" height=\"335\" srcset=\"https:\/\/www.camperonline.it\/magazine\/wp-content\/uploads\/2010\/09\/DSC_00773.jpg 500w, https:\/\/www.camperonline.it\/magazine\/wp-content\/uploads\/2010\/09\/DSC_00773-300x201.jpg 300w\" sizes=\"(max-width: 500px) 100vw, 500px\" \/><\/p>\n<p style=\"text-align: center;\"><img loading=\"lazy\" class=\"size-full wp-image-8878  aligncenter\" title=\"La toilette\" src=\"https:\/\/www.camperonline.it\/magazine\/wp-content\/uploads\/2010\/09\/DSC_00832.jpg\" alt=\"\" width=\"500\" height=\"335\" srcset=\"https:\/\/www.camperonline.it\/magazine\/wp-content\/uploads\/2010\/09\/DSC_00832.jpg 500w, https:\/\/www.camperonline.it\/magazine\/wp-content\/uploads\/2010\/09\/DSC_00832-300x201.jpg 300w\" sizes=\"(max-width: 500px) 100vw, 500px\" \/><\/p>\n<p>Dotato di 5 posti letto (4 omologati), offre di serie riscaldamento Truma Combi 6, frigo da 149 litri, clima cabina, nuovo rivestimento del cruscotto in materiale Silent-Plastic, portelli Mekuwa con doppia guarnizione, specchi retrovisori elettrici ed \u00e8 proposto, su Ducato 35L 130Multijet, a partire da 65.950 \u20ac.<\/p>\n<p>Non mancano, poi, i prestigiosi integrali Explorateur, allestiti su Mercedes-Benz Sprinter e dotati di riscaldamento Alde a convettori e pavimento riscaldato, e le proposte fuori dal coro, come il piccolo <strong>Aventura G600TGA<\/strong>, motorhome compatto con larghezza contenuta a 205 cm.<\/p>\n<p style=\"text-align: center;\"><img loading=\"lazy\" class=\"size-full wp-image-8879  aligncenter\" title=\"Aventura G600TGA\" src=\"https:\/\/www.camperonline.it\/magazine\/wp-content\/uploads\/2010\/09\/DSC_00883.jpg\" alt=\"\" width=\"500\" height=\"335\" srcset=\"https:\/\/www.camperonline.it\/magazine\/wp-content\/uploads\/2010\/09\/DSC_00883.jpg 500w, https:\/\/www.camperonline.it\/magazine\/wp-content\/uploads\/2010\/09\/DSC_00883-300x201.jpg 300w\" sizes=\"(max-width: 500px) 100vw, 500px\" \/><\/p>\n","protected":false},"excerpt":{"rendered":"<p>Marchio francese ben radicato anche in Italia, Pilote propone al Salone del Camper diversi modelli rappresentativi delle gamme Aventura, R\u00e9f\u00e9rence e Explorateur.<\/p>\n","protected":false},"author":3,"featured_media":8869,"comment_status":"open","ping_status":"closed","sticky":false,"template":"","format":"standard","meta":{"ngg_post_thumbnail":0},"categories":[484,236],"tags":[238,239,568,567,4681,240,486],"yoast_head":"<!-- This site is optimized with the Yoast SEO plugin v18.6 - https:\/\/yoast.com\/wordpress\/plugins\/seo\/ -->\n<title>Salone del Camper: Pilote - CamperOnLine Magazine<\/title>\n<meta name=\"description\" content=\"Marchio francese ben radicato anche in Italia, Pilote propone al Salone del Camper diversi modelli rappresentativi delle gamme Aventura, R\u00e9f\u00e9rence e\" \/>\n<meta name=\"robots\" content=\"index, follow, max-snippet:-1, max-image-preview:large, max-video-preview:-1\" \/>\n<link rel=\"canonical\" href=\"https:\/\/www.camperonline.it\/magazine\/2010\/09\/16\/salone-del-camper-pilote\/\" \/>\n<meta property=\"og:locale\" content=\"it_IT\" \/>\n<meta property=\"og:type\" content=\"article\" \/>\n<meta property=\"og:title\" content=\"Salone del Camper: Pilote - CamperOnLine Magazine\" \/>\n<meta property=\"og:description\" content=\"Marchio francese ben radicato anche in Italia, Pilote propone al Salone del Camper diversi modelli rappresentativi delle gamme Aventura, R\u00e9f\u00e9rence e\" \/>\n<meta property=\"og:url\" content=\"https:\/\/www.camperonline.it\/magazine\/2010\/09\/16\/salone-del-camper-pilote\/\" \/>\n<meta property=\"og:site_name\" content=\"CamperOnLine Magazine\" \/>\n<meta property=\"article:published_time\" content=\"2010-09-16T15:00:49+00:00\" \/>\n<meta property=\"article:modified_time\" content=\"2016-02-12T13:23:23+00:00\" \/>\n<meta property=\"og:image\" content=\"https:\/\/www.camperonline.it\/magazine\/wp-content\/uploads\/2010\/09\/DSC_00662.jpg\" \/>\n\t<meta property=\"og:image:width\" content=\"500\" \/>\n\t<meta property=\"og:image:height\" content=\"335\" \/>\n\t<meta property=\"og:image:type\" content=\"image\/jpeg\" \/>\n<meta name=\"twitter:card\" content=\"summary_large_image\" \/>\n<script type=\"application\/ld+json\" class=\"yoast-schema-graph\">{\"@context\":\"https:\/\/schema.org\",\"@graph\":[{\"@type\":\"WebSite\",\"@id\":\"https:\/\/www.camperonline.it\/magazine\/#website\",\"url\":\"https:\/\/www.camperonline.it\/magazine\/\",\"name\":\"CamperOnLine Magazine\",\"description\":\"Viaggi in camper, test, video, destinazioni, vacanze\",\"potentialAction\":[{\"@type\":\"SearchAction\",\"target\":{\"@type\":\"EntryPoint\",\"urlTemplate\":\"https:\/\/www.camperonline.it\/magazine\/?s={search_term_string}\"},\"query-input\":\"required name=search_term_string\"}],\"inLanguage\":\"it-IT\"},{\"@type\":\"ImageObject\",\"@id\":\"https:\/\/www.camperonline.it\/magazine\/2010\/09\/16\/salone-del-camper-pilote\/#primaryimage\",\"inLanguage\":\"it-IT\",\"url\":\"https:\/\/www.camperonline.it\/magazine\/wp-content\/uploads\/2010\/09\/DSC_00662.jpg\",\"contentUrl\":\"https:\/\/www.camperonline.it\/magazine\/wp-content\/uploads\/2010\/09\/DSC_00662.jpg\",\"width\":\"500\",\"height\":\"335\"},{\"@type\":\"WebPage\",\"@id\":\"https:\/\/www.camperonline.it\/magazine\/2010\/09\/16\/salone-del-camper-pilote\/#webpage\",\"url\":\"https:\/\/www.camperonline.it\/magazine\/2010\/09\/16\/salone-del-camper-pilote\/\",\"name\":\"Salone del Camper: Pilote - CamperOnLine Magazine\",\"isPartOf\":{\"@id\":\"https:\/\/www.camperonline.it\/magazine\/#website\"},\"primaryImageOfPage\":{\"@id\":\"https:\/\/www.camperonline.it\/magazine\/2010\/09\/16\/salone-del-camper-pilote\/#primaryimage\"},\"datePublished\":\"2010-09-16T15:00:49+00:00\",\"dateModified\":\"2016-02-12T13:23:23+00:00\",\"author\":{\"@id\":\"https:\/\/www.camperonline.it\/magazine\/#\/schema\/person\/cb66c317d76fe5112e3846547de4a508\"},\"description\":\"Marchio francese ben radicato anche in Italia, Pilote propone al Salone del Camper diversi modelli rappresentativi delle gamme Aventura, R\u00e9f\u00e9rence e\",\"breadcrumb\":{\"@id\":\"https:\/\/www.camperonline.it\/magazine\/2010\/09\/16\/salone-del-camper-pilote\/#breadcrumb\"},\"inLanguage\":\"it-IT\",\"potentialAction\":[{\"@type\":\"ReadAction\",\"target\":[\"https:\/\/www.camperonline.it\/magazine\/2010\/09\/16\/salone-del-camper-pilote\/\"]}]},{\"@type\":\"BreadcrumbList\",\"@id\":\"https:\/\/www.camperonline.it\/magazine\/2010\/09\/16\/salone-del-camper-pilote\/#breadcrumb\",\"itemListElement\":[{\"@type\":\"ListItem\",\"position\":1,\"name\":\"Home\",\"item\":\"https:\/\/www.camperonline.it\/magazine\/\"},{\"@type\":\"ListItem\",\"position\":2,\"name\":\"Salone del Camper: Pilote\"}]},{\"@type\":\"Person\",\"@id\":\"https:\/\/www.camperonline.it\/magazine\/#\/schema\/person\/cb66c317d76fe5112e3846547de4a508\",\"name\":\"Michel\",\"sameAs\":[\"http:\/\/www.winterexperience.com\/\"],\"url\":\"https:\/\/www.camperonline.it\/magazine\/author\/michel\/\"}]}<\/script>\n<!-- \/ Yoast SEO plugin. -->","yoast_head_json":{"title":"Salone del Camper: Pilote - CamperOnLine Magazine","description":"Marchio francese ben radicato anche in Italia, Pilote propone al Salone del Camper diversi modelli rappresentativi delle gamme Aventura, R\u00e9f\u00e9rence e","robots":{"index":"index","follow":"follow","max-snippet":"max-snippet:-1","max-image-preview":"max-image-preview:large","max-video-preview":"max-video-preview:-1"},"canonical":"https:\/\/www.camperonline.it\/magazine\/2010\/09\/16\/salone-del-camper-pilote\/","og_locale":"it_IT","og_type":"article","og_title":"Salone del Camper: Pilote - CamperOnLine Magazine","og_description":"Marchio francese ben radicato anche in Italia, Pilote propone al Salone del Camper diversi modelli rappresentativi delle gamme Aventura, R\u00e9f\u00e9rence e","og_url":"https:\/\/www.camperonline.it\/magazine\/2010\/09\/16\/salone-del-camper-pilote\/","og_site_name":"CamperOnLine Magazine","article_published_time":"2010-09-16T15:00:49+00:00","article_modified_time":"2016-02-12T13:23:23+00:00","og_image":[{"width":"500","height":"335","url":"https:\/\/www.camperonline.it\/magazine\/wp-content\/uploads\/2010\/09\/DSC_00662.jpg","type":"image\/jpeg"}],"twitter_card":"summary_large_image","schema":{"@context":"https:\/\/schema.org","@graph":[{"@type":"WebSite","@id":"https:\/\/www.camperonline.it\/magazine\/#website","url":"https:\/\/www.camperonline.it\/magazine\/","name":"CamperOnLine Magazine","description":"Viaggi in camper, test, video, destinazioni, vacanze","potentialAction":[{"@type":"SearchAction","target":{"@type":"EntryPoint","urlTemplate":"https:\/\/www.camperonline.it\/magazine\/?s={search_term_string}"},"query-input":"required name=search_term_string"}],"inLanguage":"it-IT"},{"@type":"ImageObject","@id":"https:\/\/www.camperonline.it\/magazine\/2010\/09\/16\/salone-del-camper-pilote\/#primaryimage","inLanguage":"it-IT","url":"https:\/\/www.camperonline.it\/magazine\/wp-content\/uploads\/2010\/09\/DSC_00662.jpg","contentUrl":"https:\/\/www.camperonline.it\/magazine\/wp-content\/uploads\/2010\/09\/DSC_00662.jpg","width":"500","height":"335"},{"@type":"WebPage","@id":"https:\/\/www.camperonline.it\/magazine\/2010\/09\/16\/salone-del-camper-pilote\/#webpage","url":"https:\/\/www.camperonline.it\/magazine\/2010\/09\/16\/salone-del-camper-pilote\/","name":"Salone del Camper: Pilote - CamperOnLine Magazine","isPartOf":{"@id":"https:\/\/www.camperonline.it\/magazine\/#website"},"primaryImageOfPage":{"@id":"https:\/\/www.camperonline.it\/magazine\/2010\/09\/16\/salone-del-camper-pilote\/#primaryimage"},"datePublished":"2010-09-16T15:00:49+00:00","dateModified":"2016-02-12T13:23:23+00:00","author":{"@id":"https:\/\/www.camperonline.it\/magazine\/#\/schema\/person\/cb66c317d76fe5112e3846547de4a508"},"description":"Marchio francese ben radicato anche in Italia, Pilote propone al Salone del Camper diversi modelli rappresentativi delle gamme Aventura, R\u00e9f\u00e9rence e","breadcrumb":{"@id":"https:\/\/www.camperonline.it\/magazine\/2010\/09\/16\/salone-del-camper-pilote\/#breadcrumb"},"inLanguage":"it-IT","potentialAction":[{"@type":"ReadAction","target":["https:\/\/www.camperonline.it\/magazine\/2010\/09\/16\/salone-del-camper-pilote\/"]}]},{"@type":"BreadcrumbList","@id":"https:\/\/www.camperonline.it\/magazine\/2010\/09\/16\/salone-del-camper-pilote\/#breadcrumb","itemListElement":[{"@type":"ListItem","position":1,"name":"Home","item":"https:\/\/www.camperonline.it\/magazine\/"},{"@type":"ListItem","position":2,"name":"Salone del Camper: Pilote"}]},{"@type":"Person","@id":"https:\/\/www.camperonline.it\/magazine\/#\/schema\/person\/cb66c317d76fe5112e3846547de4a508","name":"Michel","sameAs":["http:\/\/www.winterexperience.com\/"],"url":"https:\/\/www.camperonline.it\/magazine\/author\/michel\/"}]}},"_links":{"self":[{"href":"https:\/\/www.camperonline.it\/magazine\/wp-json\/wp\/v2\/posts\/8840"}],"collection":[{"href":"https:\/\/www.camperonline.it\/magazine\/wp-json\/wp\/v2\/posts"}],"about":[{"href":"https:\/\/www.camperonline.it\/magazine\/wp-json\/wp\/v2\/types\/post"}],"author":[{"embeddable":true,"href":"https:\/\/www.camperonline.it\/magazine\/wp-json\/wp\/v2\/users\/3"}],"replies":[{"embeddable":true,"href":"https:\/\/www.camperonline.it\/magazine\/wp-json\/wp\/v2\/comments?post=8840"}],"version-history":[{"count":0,"href":"https:\/\/www.camperonline.it\/magazine\/wp-json\/wp\/v2\/posts\/8840\/revisions"}],"wp:featuredmedia":[{"embeddable":true,"href":"https:\/\/www.camperonline.it\/magazine\/wp-json\/wp\/v2\/media\/8869"}],"wp:attachment":[{"href":"https:\/\/www.camperonline.it\/magazine\/wp-json\/wp\/v2\/media?parent=8840"}],"wp:term":[{"taxonomy":"category","embeddable":true,"href":"https:\/\/www.camperonline.it\/magazine\/wp-json\/wp\/v2\/categories?post=8840"},{"taxonomy":"post_tag","embeddable":true,"href":"https:\/\/www.camperonline.it\/magazine\/wp-json\/wp\/v2\/tags?post=8840"}],"curies":[{"name":"wp","href":"https:\/\/api.w.org\/{rel}","templated":true}]}}